{"id":13658,"date":"2017-10-08T18:00:54","date_gmt":"2017-10-08T16:00:54","guid":{"rendered":"https:\/\/www.jazzzeitung.de\/cms\/?p=13658"},"modified":"2017-10-09T17:13:35","modified_gmt":"2017-10-09T15:13:35","slug":"die-jazz-radio-woche-vom-10-10-bis-15-10-2017","status":"publish","type":"post","link":"https:\/\/www.jazzzeitung.de\/cms\/2017\/10\/die-jazz-radio-woche-vom-10-10-bis-15-10-2017\/","title":{"rendered":"Die Jazz-Radio-Woche vom 10.10. bis 15.10.2017"},"content":{"rendered":"<p>Ein subjektiver Blick in die Jazzwoche im Radio. Schwerpunkt ist selbstverst\u00e4ndlich Thelonious Monks 100. Geburtstag. Weiters gibt es zum Beispiel: Michel Camilo &amp; Tomatito, Babette Michel, Portr\u00e4t der Saxofonistin und Komponistin Angelika Niescier, Emile Parisien Quartet und das Trio Idioma, John Patitucci, Pianoduo Iana mit Christine Wodrascka und Betty Hovette, Christian Sands, Deutsches Jazzfestival Frankfurt 2016, Die Kunst des Trompeters Lester Bowie, Nik B\u00e4rtsch&#8217;s Ronin &amp; hr-Bigband, cond. &amp; arr. by Jim McNeely, Jazzfest Berlin 2016. Alle Angaben ohne Gew\u00e4hr.<!--more--><\/p>\n<h3>Jazz im Radio (Fernsehen)<\/h3>\n<ul>\n<li><strong>SR2<\/strong> \u2013 <a href=\"http:\/\/www.sr.de\/sr\/sr2\/sendungen_a-z\/uebersicht\/jazznow\/index.html\">JazzNow<\/a> \u2013 Sonntags von 20.04 bis 22.30 Uhr<\/li>\n<li><strong>BR-KLASSIK \u2013 <a href=\"https:\/\/www.br-klassik.de\/themen\/jazz-und-weltmusik\/jazztime-die-ganze-welt-des-jazz-100.html\">Jazztime<\/a> \u2013 <\/strong>Von Montag bis Freitag t\u00e4glich um 23.05 Uhr<\/li>\n<li><strong>rbb-kulturradio<\/strong> \u2013 <a href=\"https:\/\/www.kulturradio.de\/programm\/schema\/sendungen\/late_night_jazz.html\">Late Night Jazz<\/a> &#8211; Sa und So 23:04 &#8211; 24:00 Uhr<\/li>\n<li><strong>hr2-kultur<\/strong> \u2013 <a href=\"http:\/\/www.hr2.de\/musik\/jazz\/index.html\">Jazz in hr2-kultur<\/a> \u2013 t\u00e4glich<\/li>\n<li><strong>SWR2<\/strong> \u2013 <a href=\"https:\/\/www.swr.de\/swr2\/programm\/sendungen\/jazz\/startseite-mit-vorschau\/-\/id=659242\/did=13778140\/nid=659242\/13ttn4d\/index.html\">Jazz<\/a> \u2013 t\u00e4glich<\/li>\n<li><strong>WDR3<\/strong> &#8211; <a href=\"http:\/\/www1.wdr.de\/radio\/wdr3\/programm\/sendungen\/wdr3-jazz-world\/index.html\">JAZZ &amp; WORLD<\/a> &#8211; Improvisiertes zum Tagesausklang &#8211; Montag bis Freitag, 22.04 &#8211; 0:00 Uhr<\/li>\n<li><strong>Deutschlandfunk<\/strong> \u2013 <a href=\"http:\/\/www.deutschlandfunk.de\/jazz.747.de.html\">Jazz (\u00dcberblick)<\/a> \u2013 <a href=\"http:\/\/www.deutschlandfunk.de\/jazz-live.822.de.html\">Jazz Live<\/a>, <a href=\"http:\/\/www.deutschlandfunk.de\/jazzfacts.824.de.html\">JazzFacts<\/a>und <a href=\"http:\/\/www.deutschlandfunk.de\/milestones.1805.de.html\">Milestones<\/a><\/li>\n<li><strong>Deutschlandfunk Kultur<\/strong> \u2013 <a href=\"http:\/\/www.deutschlandfunkkultur.de\/jazz.1142.de.html\">Jazz<\/a> \u2013 diverse Sendetermine<\/li>\n<li><strong>ARTE TV<\/strong> &#8211; <a href=\"https:\/\/www.arte.tv\/de\/videos\/arte-concert\/jazz\/?xtor=AD-6-[MV_CFR_ARTE_DE_Google_GEN_GDN]-[GDN_GEN_Arte_Concerts_Jazz]-C-[jazz%20musik]\">Jazz<\/a><\/li>\n<\/ul>\n<hr \/>\n<h2>10.10.2017<\/h2>\n<hr \/>\n<p>20:03 bis 00:00 | SWR 2<br \/>\n<strong>SWR2 Spezial (bis 2.00 Uhr) &#8211; Round About Monk<br \/>\n<\/strong>Zum 100. Geburtstag des Jazz-Genies Thelonious Monk. Am Mikrofon: G\u00fcnther Huesmann<\/p>\n<p style=\"padding-left: 30px;\">Thelonious Monk gilt neben Duke Ellington als der bedeutendste und einflussreichste Komponist der improvisierten Musik. Er war Jazz-Revolution\u00e4r, Piano-Innovator und Mitbegr\u00fcnder des Modern Jazz in einem. Das Besondere an Monks Werk: die ungeheure Breite seiner Wirkung.<\/p>\n<p style=\"padding-left: 30px;\">Am Tag seines 100. Geburtstages feiern wir Thelonious Monk mit seinen gr\u00f6\u00dften Aufnahmen, darunter Diamanten aus dem SWR-Archiv wie das seltene Konzert in Essen 1961 und die erst k\u00fcrzlich wiederentdeckten Aufnahmen zum Nouvelle-Vague-Film &#8222;Les Liaisons Dangereuses&#8220;von Roger Vadim. Wir erfahren wie Monks unsterbliche Ballade &#8222;Round Midnight&#8220; zu einem Klassiker wurde. In einer Lesung h\u00f6ren wir Julio Cort\u00e1zars k\u00f6stliche Schilderung eines Konzertabends von Thelonious Monk. Au\u00dferdem zeigen wir, wie fundamental Monks Musik in den Sounds von Improvisatoren des 21. Jahrhunderts nachwirkt. &#8222;Obwohl Monks Musik als Jazz kategorisiert wird, transzendiert sie die Begrenzungen von Kategorien.&#8220;, meint der Produzent Hal Willner.<\/p>\n<p>21:05 bis 22:00 | Deutschlandfunk<br \/>\n<strong>Jazz Live: Michel Camilo &amp; Tomatito<\/strong><\/p>\n<p style=\"padding-left: 30px;\">Michel Camilo, Piano &#8211; Tomatito, Gitarre. Aufnahme vom 9.5.2017 beim Klavier-Festival Ruhr aus der Philharmonie in Essen. Am Mikrofon: Karsten M\u00fctzelfeldt<\/p>\n<p style=\"padding-left: 30px;\">Michel Camilo ist einer der popul\u00e4rsten Pianisten des Latin Jazz, Tomatito der zur Zeit gefragteste Gitarrist des Flamenco. Gemeinsam erkunden sie in hitzigen Dialogen die musikalischen Landschaften der Karibik und Andalusiens. Das Spiel des in der Dominikanischen Republik geborenen Camilo vermittelt Feuer, Leidenschaft und einen ansteckenden Optimismus. Eine ungemein rhythmische Spielweise erkl\u00e4rt sein Selbstverst\u00e4ndnis, ein &#8222;Klavier spielender Perkussionist&#8220; zu sein. Camilos langj\u00e4hriger spanischer Duo-Partner hei\u00dft eigentlich Jose Fernandez Torres, genannt wird er aber &#8222;Tomatito&#8220;, &#8222;kleine Tomate&#8220;; und die ist &#8211; wie k\u00f6nnte es anders sein &#8211; der Sohn von &#8222;El Tomate&#8220;, ebenfalls Flamenco-Gitarrist: eine Familie, die den Ruf der andalusischen Hafenstadt Almer\u00eda als eine der Flamenco-Hochburgen mitgepr\u00e4gt hat. Beim Klavier-Festival Ruhr boten Michel Camilo und Tomatito virtuose Instrumentaldialoge, aber auch Balladen, die die romantische Seele der Beiden spiegeln.<\/p>\n<p>22:04 bis 00:00 | WDR 3<br \/>\n<strong>WDR 3 Jazz &amp; World: Misterioso. Zum 100. Geburtstag von Thelonious Monk<\/strong><\/p>\n<p style=\"padding-left: 30px;\">Karsten M\u00fctzelfeldt<\/p>\n<p>23:05 bis 00:00 | BR-KLASSIK<br \/>\n<strong>Jazztime: Piano and straight &#8211; Zum 100. Geburtstag des Pianisten Thelonious Monk<\/strong><\/p>\n<p style=\"padding-left: 30px;\">Monk-St\u00fccke in spannenden Versionen anderer Jazzk\u00fcnstler. Moderation und Auswahl: Henning Sieverts<\/p>\n<figure id=\"attachment_13661\" aria-describedby=\"caption-attachment-13661\" style=\"width: 695px\" class=\"wp-caption aligncenter\"><a href=\"https:\/\/i0.wp.com\/www.jazzzeitung.de\/cms\/wp-content\/uploads\/2017\/10\/radio-jazz-neu.jpg?ssl=1\"><img data-recalc-dims=\"1\" loading=\"lazy\" decoding=\"async\" data-attachment-id=\"13661\" data-permalink=\"https:\/\/www.jazzzeitung.de\/cms\/2017\/10\/die-jazz-radio-woche-vom-10-10-bis-15-10-2017\/radio-jazz-neu\/\" data-orig-file=\"https:\/\/i0.wp.com\/www.jazzzeitung.de\/cms\/wp-content\/uploads\/2017\/10\/radio-jazz-neu.jpg?fit=2048%2C1536&amp;ssl=1\" data-orig-size=\"2048,1536\" data-comments-opened=\"1\" data-image-meta=\"{&quot;aperture&quot;:&quot;0&quot;,&quot;credit&quot;:&quot;&quot;,&quot;camera&quot;:&quot;&quot;,&quot;caption&quot;:&quot;&quot;,&quot;created_timestamp&quot;:&quot;0&quot;,&quot;copyright&quot;:&quot;&quot;,&quot;focal_length&quot;:&quot;0&quot;,&quot;iso&quot;:&quot;0&quot;,&quot;shutter_speed&quot;:&quot;0&quot;,&quot;title&quot;:&quot;&quot;,&quot;orientation&quot;:&quot;0&quot;}\" data-image-title=\"Jazz im Radio\" data-image-description=\"&lt;p&gt;Jazz im Radio&lt;\/p&gt;\n\" data-image-caption=\"&lt;p&gt;Jazz im Radio&lt;\/p&gt;\n\" data-large-file=\"https:\/\/i0.wp.com\/www.jazzzeitung.de\/cms\/wp-content\/uploads\/2017\/10\/radio-jazz-neu.jpg?fit=800%2C600&amp;ssl=1\" class=\"size-large wp-image-13661\" src=\"https:\/\/i0.wp.com\/www.jazzzeitung.de\/cms\/wp-content\/uploads\/2017\/10\/radio-jazz-neu.jpg?resize=695%2C521&#038;ssl=1\" alt=\"Jazz im Radio\" width=\"695\" height=\"521\" srcset=\"https:\/\/i0.wp.com\/www.jazzzeitung.de\/cms\/wp-content\/uploads\/2017\/10\/radio-jazz-neu.jpg?resize=800%2C600&amp;ssl=1 800w, https:\/\/i0.wp.com\/www.jazzzeitung.de\/cms\/wp-content\/uploads\/2017\/10\/radio-jazz-neu.jpg?resize=300%2C225&amp;ssl=1 300w, https:\/\/i0.wp.com\/www.jazzzeitung.de\/cms\/wp-content\/uploads\/2017\/10\/radio-jazz-neu.jpg?resize=768%2C576&amp;ssl=1 768w, https:\/\/i0.wp.com\/www.jazzzeitung.de\/cms\/wp-content\/uploads\/2017\/10\/radio-jazz-neu.jpg?w=2048&amp;ssl=1 2048w, https:\/\/i0.wp.com\/www.jazzzeitung.de\/cms\/wp-content\/uploads\/2017\/10\/radio-jazz-neu.jpg?w=1680&amp;ssl=1 1680w\" sizes=\"auto, (max-width: 695px) 100vw, 695px\" \/><\/a><figcaption id=\"caption-attachment-13661\" class=\"wp-caption-text\">Jazz im Radio<\/figcaption><\/figure>\n<hr \/>\n<h2>11.10.2017<\/h2>\n<hr \/>\n<p>00:05 bis 02:00 | SWR 2<br \/>\n<strong>SWR2 Spezial: Round About Monk &#8211; Zum 100. Geburtstag des Jazz-Genies Thelonious Monk<\/strong><\/p>\n<p style=\"padding-left: 30px;\">seit 20.03 Uhr. Am Mikrofon: G\u00fcnther Huesmann<\/p>\n<p>19:05 bis 20:00 | BR-KLASSIK<br \/>\n<strong>Classic Sounds in Jazz: Profound blue<\/strong><\/p>\n<p style=\"padding-left: 30px;\">Mit Musik von Thelonious Monk, June Tabor, Wolfgang Muthspiel und anderen. Moderation und Auswahl: Roland Spiegel<\/p>\n<p>22:04 bis 00:00 | WDR 3<br \/>\n<strong>WDR 3 Jazz &amp; World: Babette Michel<\/strong><\/p>\n<p style=\"padding-left: 30px;\">Polnische Klangwelten. Folk und Kammerjazz mit den Bands Kroke, Sutari und Trebunie Tutki<\/p>\n<hr \/>\n<h2>12.10.2017<\/h2>\n<hr \/>\n<p>21:05 bis 22:00 | Deutschlandfunk<br \/>\n<strong>JazzFacts: Risikospiel &#8211; Ein Portr\u00e4t der Saxofonistin und Komponistin Angelika Niescier<\/strong><\/p>\n<p style=\"padding-left: 30px;\">Von Odilo Clausnitzer. &#8222;Das Wichtigste in der Musik ist es, immer auf der Suche zu bleiben&#8220;, sagt Angelika Niescier. Die Altsaxofonistin ist eine der profiliertesten Stimmen der deutschen Jazzszene. Mit ihrem festen Quartett ,sublim&#8216; hat Niescier seit 2002 drei vielbeachtete CDs vorgelegt. Inzwischen sind zahlreiche andere ihrer Projekte auf Tontr\u00e4ger dokumentiert, darunter ein Trio mit dem italienischen Akkordeonisten Simone Zanchini und eines mit dem isl\u00e4ndischen Gitarristen Hilmar Jensson. Zuletzt erhielt Niescier f\u00fcr ihre mit dem Pianisten Florian Weber realisierte deutsch-amerikanische Produktion ,NYC 5&#8242; euphorische Kritiken. 2012 rief sie nach New Yorker Vorbild das erfolgreiche K\u00f6lner Winterjazz-Festival ins Leben. Als Komponistin schrieb sie auch gro\u00dfangelegte Werke f\u00fcr Chor und Orchester. Ihr quirliges Saxofonspiel geh\u00f6rt zu den Sounds im deutschen Jazz, die beim H\u00f6ren sofort pers\u00f6nlich zuzuordnen sind. Ihre vielen Projekte geht sie mit dem unbedingten Ethos an, nie einfach in der k\u00fcnstlerischen Wohlf\u00fchlzone zu verharren.<\/p>\n<p>23:03 bis 00:00 | SWR 2<br \/>\n<strong>SWR2 NOWJazz Session: Formenreichtum Das Emile Parisien Quartet und das Trio Idioma beim 5. Mainzer Jazzgespr\u00e4ch<\/strong><\/p>\n<p style=\"padding-left: 30px;\">Am Mikrofon: Thomas Loewner. &#8222;Die Mainzer Jazzgespr\u00e4che sollen die Theorie im Dialog mit der Praxis f\u00f6rdern&#8220;, meinte Sebastian Sternal, Leiter der Abteilung Jazz und Popul\u00e4re Musik an der Mainzer Hochschule f\u00fcr Musik, anl\u00e4sslich der Gr\u00fcndung dieser Gespr\u00e4chs- und Konzertreihe im Jahr 2015. In den Gespr\u00e4chsrunden ging es seither um Themen wie Jazzforschung, Genderfragen oder die Bedeutung von Raum und K\u00f6rperlichkeit im Jazz, jeweils abgerundet durch Konzerte ausgew\u00e4hlter Bands und Solisten. Beim 5. Mainzer Jazzgespr\u00e4ch am 16. Mai 2017 diskutierten Hans-J\u00fcrgen Linke, freier Autor und Kurator aus Gie\u00dfen, sowie Claudius Valk, Saxofonist und gerade als Professor an die Uni Mainz berufen, \u00fcber die aktuelle Situation und Zukunft des Jazz. F\u00fcr den musikalischen Rahmen des Gespr\u00e4chs sorgte das Mainzer Klaviertrio Idioma. Im Anschluss folgte ein Auftritt des \u00c9mile Parisien Quartetts. Der Saxofonist aus Paris geh\u00f6rt zu den f\u00fchrenden Vertretern der aktuellen franz\u00f6sischen Jazz-Szene. Sein variantenreiches Spiel und die intuitive Interaktion mit seiner Band zogen das Mainzer Publikum in ihren Bann.<\/p>\n<hr \/>\n<h2>13.10.2017<\/h2>\n<hr \/>\n<p>22:30 bis 00:00 | WDR 3<br \/>\n<strong>WDR 3 Jazz &amp; World: Oh, Mr. Bassman! (2) &#8211; Das riesige Spektrum des John Patitucci<\/strong><\/p>\n<p style=\"padding-left: 30px;\">Michael R\u00fcsenberg<\/p>\n<p>23:03 bis 00:00 | SWR 2<br \/>\n<strong>SWR2 NOWJazz: Polychromatisch: Das Pianoduo Iana mit Christine Wodrascka und Betty Hovette<\/strong><\/p>\n<p style=\"padding-left: 30px;\">Von Anne Montaron. In der Sph\u00e4re der klassischen Kammermusik ist das Klavierduo eine etablierte Ensembleform. Aber im Jazz? In der improvisierten Musik? Eher die Ausnahme. Das franz\u00f6sische &#8222;Duo Iana&#8220; mit den Pianistinnen Christine Wodrascka und Betty Hovette ist so eine Ausnahme. Mit unterschiedlichen Einfl\u00fcssen, aber einem gemeinsamen Interesse an dem Zusammenf\u00fchren verschiedener Klangwelten, wollen sie im Duo an der organischen Verschmelzung ihrer Instrumente und musikalischen Identit\u00e4ten arbeiten. Bevor sie am kommenden Wochenende bei den diesj\u00e4hrigen Donaueschinger Musiktagen erstmals in Deutschland auftreten werden, gibt diese Sendung einen Einblick in das Schaffen der beiden K\u00fcnstlerinnen.<\/p>\n<p>23:05 bis 00:00 | BR-KLASSIK<br \/>\n<strong>Jazztime: BR Jazzclub &#8211; Der 28-j\u00e4hrige Shooting-Star des Jazzpiano Christian Sands live in der &#8222;Unterfahrt&#8220;<\/strong><\/p>\n<p style=\"padding-left: 30px;\">Christian Sands, Klavier; Yasushi Nakamura; Kontrabass; Marcus Baylor, Schlagzeug. Moderation: Ulrich Habersetzer<\/p>\n<hr \/>\n<h2>14.10.2017<\/h2>\n<hr \/>\n<p>19:04 bis 20:00 | hr2-kultur<br \/>\n<strong>Live Jazz: AZIZA: Holland \/ Potter \/ Loueke \/ Harland | 47. Deutsches Jazzfestival Frankfurt 2016<\/strong><\/p>\n<p style=\"padding-left: 30px;\">AZIZA: Holland \/ Potter \/ Loueke \/ Harland || Dave Holland, b | Chris Potter, ts, ss | Lionel Loueke, g | Eric Harland, dr | 47. Deutsches Jazzfestival Frankfurt 2016, hr-Sendesaal Frankfurt, Oktober 2016 | Am Mikrofon: Claus Gnichwitz<\/p>\n<p>22:03 bis 23:00 | SWR 2<br \/>\n<strong>SWR2 Jazztime: High Spirit &#8211; Die Kunst des Trompeters Lester Bowie<\/strong><\/p>\n<p style=\"padding-left: 30px;\">Von Gerd Filtgen. Wenn er die B\u00fchne betrat, war ein wei\u00dfer Kittel sein bevorzugtes Outfit. Sobald Lester Bowie (1941 &#8211; 1999) zur Trompete oder dem Fl\u00fcgelhorn griff und darauf die ersten T\u00f6ne erklangen, konnte man sicher sein, dass darin Verweise auf die Jazzgeschichte mitschwangen, ebenso wie mitunter auch die Musik anderer Kulturen. Der Mitinitiator des Art Of Ensemble Of Chicago verstand sich ausgezeichnet darauf, seine abenteuerlichen Improvisationen mit besonderen Effekten anzureichern. Dazu geh\u00f6rten die in hoher Trompetenlage kreierten Motivfolgen mit \u00fcberraschenden Wendungen, oder eing\u00e4ngige Phrasen mit rauen Kl\u00e4ngen zu verfremden. Au\u00dfer den zahlreichen Aufnahmen mit dem Art Ensemble Of Chicago realisierte Lester Bowie spannende Sideman-Aktivit\u00e4ten und hatte mit eigenen Bands wie Brass Fantasy und New York Organ Ensemble beachtlichen Erfolg.<\/p>\n<hr \/>\n<h2>15.10.2017<\/h2>\n<hr \/>\n<p>19:04 bis 20:00 | hr2-kultur<br \/>\n<strong>hr-Bigband: Konzerte und Produktionen u.a. mit: Nik B\u00e4rtsch&#8217;s Ronin &amp; hr-Bigband, cond. &amp; arr. by Jim McNeely, Jazzfest Berlin 2016<\/strong><\/p>\n<p style=\"padding-left: 30px;\">Konzerte und Produktionen u.a. mit: Nik B\u00e4rtsch&#8217;s Ronin &amp; hr-Bigband, cond. &amp; arr. by Jim McNeely, Jazzfest Berlin 2016, Haus der Berliner Festspiele, Gro\u00dfe B\u00fchne, November 2016, Teil 1<\/p>\n","protected":false},"excerpt":{"rendered":"<p>Ein subjektiver Blick in die Jazzwoche im Radio. Schwerpunkt ist selbstverst\u00e4ndlich Thelonious Monks 100. Geburtstag. Weiters gibt es zum Beispiel: Michel Camilo &amp; Tomatito, Babette Michel, Portr\u00e4t der Saxofonistin und Komponistin Angelika Niescier, Emile Parisien Quartet und das Trio Idioma, John Patitucci, Pianoduo Iana mit Christine Wodrascka und Betty Hovette, Christian Sands, Deutsches Jazzfestival Frankfurt 2016, Die Kunst des Trompeters Lester Bowie, Nik B\u00e4rtsch&#8217;s Ronin &amp; hr-Bigband, cond. &amp; arr. by Jim McNeely, Jazzfest Berlin 2016. Alle Angaben ohne Gew\u00e4hr.<\/p>\n","protected":false},"author":2,"featured_media":13661,"comment_status":"open","ping_status":"closed","sticky":false,"template":"","format":"standard","meta":{"_jetpack_memberships_contains_paid_content":false,"footnotes":"","jetpack_publicize_message":"","jetpack_publicize_feature_enabled":true,"jetpack_social_post_already_shared":false,"jetpack_social_options":{"image_generator_settings":{"template":"highway","default_image_id":0,"font":"","enabled":false},"version":2}},"categories":[452],"tags":[42,48,66,772,73,94,112,127,681,137,1406,691,3,1351,1337,184,790,221,1025,271,751,272,918,1173,1058,283,290,316,322,323,327,991,904,1338,431,442,1193,473,1339,496,510,1398,542,1356,562,573,589,590,761],"coauthors":[680],"class_list":["post-13658","post","type-post","status-publish","format-standard","has-post-thumbnail","hentry","category-radio","tag-angelika-niescier","tag-arte","tag-berlin","tag-betty","tag-bigband","tag-br-klassik","tag-chicago","tag-dave-holland","tag-deutsches-jazzfestival-frankfurt","tag-deutschland","tag-duo","tag-essen","tag-festival","tag-film","tag-florian-weber","tag-frankfurt","tag-geburtstag","tag-henning-sieverts","tag-hr-bigband","tag-jazzclub","tag-jazzfest","tag-jazzfest-berlin","tag-jazzfestival","tag-jazzforschung","tag-jazzgeschichte","tag-jazzpiano","tag-jazztime","tag-klassik","tag-konzert-2","tag-konzerte","tag-kultur","tag-muthspiel","tag-new-york","tag-nik-baertsch","tag-paris","tag-piano","tag-radio","tag-roland-spiegel","tag-ronin","tag-sendung","tag-spiegel","tag-swr","tag-thelonious-monk","tag-trio","tag-tv","tag-unterfahrt","tag-wdr","tag-wdr-3","tag-winterjazz"],"yoast_head":"<!-- This site is optimized with the Yoast SEO plugin v27.5 - https:\/\/yoast.com\/product\/yoast-seo-wordpress\/ -->\n<title>Die Jazz-Radio-Woche vom 10.10. bis 15.10.2017 - JazzZeitung<\/title>\n<meta name=\"robots\" content=\"index, follow, max-snippet:-1, max-image-preview:large, max-video-preview:-1\" \/>\n<link rel=\"canonical\" href=\"https:\/\/www.jazzzeitung.de\/cms\/2017\/10\/die-jazz-radio-woche-vom-10-10-bis-15-10-2017\/\" \/>\n<meta property=\"og:locale\" content=\"de_DE\" \/>\n<meta property=\"og:type\" content=\"article\" \/>\n<meta property=\"og:title\" content=\"Die Jazz-Radio-Woche vom 10.10. bis 15.10.2017 - JazzZeitung\" \/>\n<meta property=\"og:description\" content=\"Ein subjektiver Blick in die Jazzwoche im Radio. Schwerpunkt ist selbstverst\u00e4ndlich Thelonious Monks 100. Geburtstag. Weiters gibt es zum Beispiel: Michel Camilo &amp; Tomatito, Babette Michel, Portr\u00e4t der Saxofonistin und Komponistin Angelika Niescier, Emile Parisien Quartet und das Trio Idioma, John Patitucci, Pianoduo Iana mit Christine Wodrascka und Betty Hovette, Christian Sands, Deutsches Jazzfestival Frankfurt 2016, Die Kunst des Trompeters Lester Bowie, Nik B\u00e4rtsch&#8217;s Ronin &amp; hr-Bigband, cond. &amp; arr. by Jim McNeely, Jazzfest Berlin 2016. Alle Angaben ohne Gew\u00e4hr.\" \/>\n<meta property=\"og:url\" content=\"https:\/\/www.jazzzeitung.de\/cms\/2017\/10\/die-jazz-radio-woche-vom-10-10-bis-15-10-2017\/\" \/>\n<meta property=\"og:site_name\" content=\"JazzZeitung\" \/>\n<meta property=\"article:publisher\" content=\"https:\/\/www.facebook.com\/JazzZeitung\/\" \/>\n<meta property=\"article:author\" content=\"https:\/\/www.facebook.com\/hufner\" \/>\n<meta property=\"article:published_time\" content=\"2017-10-08T16:00:54+00:00\" \/>\n<meta property=\"article:modified_time\" content=\"2017-10-09T15:13:35+00:00\" \/>\n<meta property=\"og:image\" content=\"https:\/\/i0.wp.com\/www.jazzzeitung.de\/cms\/wp-content\/uploads\/2017\/10\/radio-jazz-neu.jpg?fit=2048%2C1536&ssl=1\" \/>\n\t<meta property=\"og:image:width\" content=\"2048\" \/>\n\t<meta property=\"og:image:height\" content=\"1536\" \/>\n\t<meta property=\"og:image:type\" content=\"image\/jpeg\" \/>\n<meta name=\"author\" content=\"Huflaikhan\" \/>\n<script type=\"application\/ld+json\" class=\"yoast-schema-graph\">{\"@context\":\"https:\\\/\\\/schema.org\",\"@graph\":[{\"@type\":\"Article\",\"@id\":\"https:\\\/\\\/www.jazzzeitung.de\\\/cms\\\/2017\\\/10\\\/die-jazz-radio-woche-vom-10-10-bis-15-10-2017\\\/#article\",\"isPartOf\":{\"@id\":\"https:\\\/\\\/www.jazzzeitung.de\\\/cms\\\/2017\\\/10\\\/die-jazz-radio-woche-vom-10-10-bis-15-10-2017\\\/\"},\"author\":{\"name\":\"Huflaikhan\",\"@id\":\"https:\\\/\\\/www.jazzzeitung.de\\\/cms\\\/#\\\/schema\\\/person\\\/1ba404714b9455401502bc409a7df45e\"},\"headline\":\"Die Jazz-Radio-Woche vom 10.10. bis 15.10.2017\",\"datePublished\":\"2017-10-08T16:00:54+00:00\",\"dateModified\":\"2017-10-09T15:13:35+00:00\",\"mainEntityOfPage\":{\"@id\":\"https:\\\/\\\/www.jazzzeitung.de\\\/cms\\\/2017\\\/10\\\/die-jazz-radio-woche-vom-10-10-bis-15-10-2017\\\/\"},\"wordCount\":1358,\"commentCount\":0,\"publisher\":{\"@id\":\"https:\\\/\\\/www.jazzzeitung.de\\\/cms\\\/#organization\"},\"image\":{\"@id\":\"https:\\\/\\\/www.jazzzeitung.de\\\/cms\\\/2017\\\/10\\\/die-jazz-radio-woche-vom-10-10-bis-15-10-2017\\\/#primaryimage\"},\"thumbnailUrl\":\"https:\\\/\\\/i0.wp.com\\\/www.jazzzeitung.de\\\/cms\\\/wp-content\\\/uploads\\\/2017\\\/10\\\/radio-jazz-neu.jpg?fit=2048%2C1536&ssl=1\",\"keywords\":[\"Angelika Niescier\",\"Arte\",\"Berlin\",\"betty\",\"Bigband\",\"Br-Klassik\",\"Chicago\",\"dave holland\",\"Deutsches Jazzfestival Frankfurt\",\"Deutschland\",\"duo\",\"Essen\",\"Festival\",\"Film\",\"Florian Weber\",\"Frankfurt\",\"Geburtstag\",\"Henning Sieverts\",\"hr-Bigband\",\"Jazzclub\",\"Jazzfest\",\"Jazzfest Berlin\",\"Jazzfestival\",\"Jazzforschung\",\"Jazzgeschichte\",\"Jazzpiano\",\"jazztime\",\"Klassik\",\"Konzert\",\"Konzerte\",\"Kultur\",\"Muthspiel\",\"New York\",\"Nik B\u00e4rtsch\",\"Paris\",\"Piano\",\"Radio\",\"Roland Spiegel\",\"Ronin\",\"Sendung\",\"Spiegel\",\"SWR\",\"Thelonious Monk\",\"trio\",\"TV\",\"Unterfahrt\",\"WDR\",\"WDR 3\",\"Winterjazz\"],\"articleSection\":[\"Radio\"],\"inLanguage\":\"de\",\"potentialAction\":[{\"@type\":\"CommentAction\",\"name\":\"Comment\",\"target\":[\"https:\\\/\\\/www.jazzzeitung.de\\\/cms\\\/2017\\\/10\\\/die-jazz-radio-woche-vom-10-10-bis-15-10-2017\\\/#respond\"]}]},{\"@type\":\"WebPage\",\"@id\":\"https:\\\/\\\/www.jazzzeitung.de\\\/cms\\\/2017\\\/10\\\/die-jazz-radio-woche-vom-10-10-bis-15-10-2017\\\/\",\"url\":\"https:\\\/\\\/www.jazzzeitung.de\\\/cms\\\/2017\\\/10\\\/die-jazz-radio-woche-vom-10-10-bis-15-10-2017\\\/\",\"name\":\"Die Jazz-Radio-Woche vom 10.10. bis 15.10.2017 - JazzZeitung\",\"isPartOf\":{\"@id\":\"https:\\\/\\\/www.jazzzeitung.de\\\/cms\\\/#website\"},\"primaryImageOfPage\":{\"@id\":\"https:\\\/\\\/www.jazzzeitung.de\\\/cms\\\/2017\\\/10\\\/die-jazz-radio-woche-vom-10-10-bis-15-10-2017\\\/#primaryimage\"},\"image\":{\"@id\":\"https:\\\/\\\/www.jazzzeitung.de\\\/cms\\\/2017\\\/10\\\/die-jazz-radio-woche-vom-10-10-bis-15-10-2017\\\/#primaryimage\"},\"thumbnailUrl\":\"https:\\\/\\\/i0.wp.com\\\/www.jazzzeitung.de\\\/cms\\\/wp-content\\\/uploads\\\/2017\\\/10\\\/radio-jazz-neu.jpg?fit=2048%2C1536&ssl=1\",\"datePublished\":\"2017-10-08T16:00:54+00:00\",\"dateModified\":\"2017-10-09T15:13:35+00:00\",\"breadcrumb\":{\"@id\":\"https:\\\/\\\/www.jazzzeitung.de\\\/cms\\\/2017\\\/10\\\/die-jazz-radio-woche-vom-10-10-bis-15-10-2017\\\/#breadcrumb\"},\"inLanguage\":\"de\",\"potentialAction\":[{\"@type\":\"ReadAction\",\"target\":[\"https:\\\/\\\/www.jazzzeitung.de\\\/cms\\\/2017\\\/10\\\/die-jazz-radio-woche-vom-10-10-bis-15-10-2017\\\/\"]}]},{\"@type\":\"ImageObject\",\"inLanguage\":\"de\",\"@id\":\"https:\\\/\\\/www.jazzzeitung.de\\\/cms\\\/2017\\\/10\\\/die-jazz-radio-woche-vom-10-10-bis-15-10-2017\\\/#primaryimage\",\"url\":\"https:\\\/\\\/i0.wp.com\\\/www.jazzzeitung.de\\\/cms\\\/wp-content\\\/uploads\\\/2017\\\/10\\\/radio-jazz-neu.jpg?fit=2048%2C1536&ssl=1\",\"contentUrl\":\"https:\\\/\\\/i0.wp.com\\\/www.jazzzeitung.de\\\/cms\\\/wp-content\\\/uploads\\\/2017\\\/10\\\/radio-jazz-neu.jpg?fit=2048%2C1536&ssl=1\",\"width\":2048,\"height\":1536,\"caption\":\"Jazz im Radio\"},{\"@type\":\"BreadcrumbList\",\"@id\":\"https:\\\/\\\/www.jazzzeitung.de\\\/cms\\\/2017\\\/10\\\/die-jazz-radio-woche-vom-10-10-bis-15-10-2017\\\/#breadcrumb\",\"itemListElement\":[{\"@type\":\"ListItem\",\"position\":1,\"name\":\"Startseite\",\"item\":\"https:\\\/\\\/www.jazzzeitung.de\\\/cms\\\/\"},{\"@type\":\"ListItem\",\"position\":2,\"name\":\"Die Jazz-Radio-Woche vom 10.10. bis 15.10.2017\"}]},{\"@type\":\"WebSite\",\"@id\":\"https:\\\/\\\/www.jazzzeitung.de\\\/cms\\\/#website\",\"url\":\"https:\\\/\\\/www.jazzzeitung.de\\\/cms\\\/\",\"name\":\"JazzZeitung\",\"description\":\"Jazz-News und Jazz-Kontroverses\",\"publisher\":{\"@id\":\"https:\\\/\\\/www.jazzzeitung.de\\\/cms\\\/#organization\"},\"potentialAction\":[{\"@type\":\"SearchAction\",\"target\":{\"@type\":\"EntryPoint\",\"urlTemplate\":\"https:\\\/\\\/www.jazzzeitung.de\\\/cms\\\/?s={search_term_string}\"},\"query-input\":{\"@type\":\"PropertyValueSpecification\",\"valueRequired\":true,\"valueName\":\"search_term_string\"}}],\"inLanguage\":\"de\"},{\"@type\":\"Organization\",\"@id\":\"https:\\\/\\\/www.jazzzeitung.de\\\/cms\\\/#organization\",\"name\":\"JazzZeitung online\",\"url\":\"https:\\\/\\\/www.jazzzeitung.de\\\/cms\\\/\",\"logo\":{\"@type\":\"ImageObject\",\"inLanguage\":\"de\",\"@id\":\"https:\\\/\\\/www.jazzzeitung.de\\\/cms\\\/#\\\/schema\\\/logo\\\/image\\\/\",\"url\":\"https:\\\/\\\/i0.wp.com\\\/www.jazzzeitung.de\\\/cms\\\/wp-content\\\/uploads\\\/2015\\\/08\\\/JAZZZEITUNGDE_Logo_Neu.png?fit=499%2C200&ssl=1\",\"contentUrl\":\"https:\\\/\\\/i0.wp.com\\\/www.jazzzeitung.de\\\/cms\\\/wp-content\\\/uploads\\\/2015\\\/08\\\/JAZZZEITUNGDE_Logo_Neu.png?fit=499%2C200&ssl=1\",\"width\":499,\"height\":200,\"caption\":\"JazzZeitung online\"},\"image\":{\"@id\":\"https:\\\/\\\/www.jazzzeitung.de\\\/cms\\\/#\\\/schema\\\/logo\\\/image\\\/\"},\"sameAs\":[\"https:\\\/\\\/www.facebook.com\\\/JazzZeitung\\\/\"]},{\"@type\":\"Person\",\"@id\":\"https:\\\/\\\/www.jazzzeitung.de\\\/cms\\\/#\\\/schema\\\/person\\\/1ba404714b9455401502bc409a7df45e\",\"name\":\"Huflaikhan\",\"image\":{\"@type\":\"ImageObject\",\"inLanguage\":\"de\",\"@id\":\"https:\\\/\\\/i0.wp.com\\\/www.jazzzeitung.de\\\/cms\\\/wp-content\\\/uploads\\\/2013\\\/11\\\/huf-06.jpg?resize=96%2C96&ssl=18afacd5aa7627f2840c013425f5a4164\",\"url\":\"https:\\\/\\\/i0.wp.com\\\/www.jazzzeitung.de\\\/cms\\\/wp-content\\\/uploads\\\/2013\\\/11\\\/huf-06.jpg?resize=96%2C96&ssl=1\",\"contentUrl\":\"https:\\\/\\\/i0.wp.com\\\/www.jazzzeitung.de\\\/cms\\\/wp-content\\\/uploads\\\/2013\\\/11\\\/huf-06.jpg?resize=96%2C96&ssl=1\",\"caption\":\"Huflaikhan\"},\"description\":\"Huflaikhan (aka Martin Hufner) hat Musikwissenschaft, Philosophie und Psychologie in Gie\u00dfen studiert und mit einer Arbeit \u00fcber Adorno und die Zw\u00f6lftontechnik promoviert. Seit 1995 ist er freiberuflich als Autor, Fotograf und Netzmacher unterwegs.\",\"sameAs\":[\"https:\\\/\\\/www.kritische-masse.de\\\/logbuch\",\"https:\\\/\\\/www.facebook.com\\\/hufner\"],\"url\":\"https:\\\/\\\/www.jazzzeitung.de\\\/cms\\\/author\\\/hufi\\\/\"}]}<\/script>\n<!-- \/ Yoast SEO plugin. -->","yoast_head_json":{"title":"Die Jazz-Radio-Woche vom 10.10. bis 15.10.2017 - JazzZeitung","robots":{"index":"index","follow":"follow","max-snippet":"max-snippet:-1","max-image-preview":"max-image-preview:large","max-video-preview":"max-video-preview:-1"},"canonical":"https:\/\/www.jazzzeitung.de\/cms\/2017\/10\/die-jazz-radio-woche-vom-10-10-bis-15-10-2017\/","og_locale":"de_DE","og_type":"article","og_title":"Die Jazz-Radio-Woche vom 10.10. bis 15.10.2017 - JazzZeitung","og_description":"Ein subjektiver Blick in die Jazzwoche im Radio. Schwerpunkt ist selbstverst\u00e4ndlich Thelonious Monks 100. Geburtstag. Weiters gibt es zum Beispiel: Michel Camilo &amp; Tomatito, Babette Michel, Portr\u00e4t der Saxofonistin und Komponistin Angelika Niescier, Emile Parisien Quartet und das Trio Idioma, John Patitucci, Pianoduo Iana mit Christine Wodrascka und Betty Hovette, Christian Sands, Deutsches Jazzfestival Frankfurt 2016, Die Kunst des Trompeters Lester Bowie, Nik B\u00e4rtsch&#8217;s Ronin &amp; hr-Bigband, cond. &amp; arr. by Jim McNeely, Jazzfest Berlin 2016. Alle Angaben ohne Gew\u00e4hr.","og_url":"https:\/\/www.jazzzeitung.de\/cms\/2017\/10\/die-jazz-radio-woche-vom-10-10-bis-15-10-2017\/","og_site_name":"JazzZeitung","article_publisher":"https:\/\/www.facebook.com\/JazzZeitung\/","article_author":"https:\/\/www.facebook.com\/hufner","article_published_time":"2017-10-08T16:00:54+00:00","article_modified_time":"2017-10-09T15:13:35+00:00","og_image":[{"width":2048,"height":1536,"url":"https:\/\/i0.wp.com\/www.jazzzeitung.de\/cms\/wp-content\/uploads\/2017\/10\/radio-jazz-neu.jpg?fit=2048%2C1536&ssl=1","type":"image\/jpeg"}],"author":"Huflaikhan","schema":{"@context":"https:\/\/schema.org","@graph":[{"@type":"Article","@id":"https:\/\/www.jazzzeitung.de\/cms\/2017\/10\/die-jazz-radio-woche-vom-10-10-bis-15-10-2017\/#article","isPartOf":{"@id":"https:\/\/www.jazzzeitung.de\/cms\/2017\/10\/die-jazz-radio-woche-vom-10-10-bis-15-10-2017\/"},"author":{"name":"Huflaikhan","@id":"https:\/\/www.jazzzeitung.de\/cms\/#\/schema\/person\/1ba404714b9455401502bc409a7df45e"},"headline":"Die Jazz-Radio-Woche vom 10.10. bis 15.10.2017","datePublished":"2017-10-08T16:00:54+00:00","dateModified":"2017-10-09T15:13:35+00:00","mainEntityOfPage":{"@id":"https:\/\/www.jazzzeitung.de\/cms\/2017\/10\/die-jazz-radio-woche-vom-10-10-bis-15-10-2017\/"},"wordCount":1358,"commentCount":0,"publisher":{"@id":"https:\/\/www.jazzzeitung.de\/cms\/#organization"},"image":{"@id":"https:\/\/www.jazzzeitung.de\/cms\/2017\/10\/die-jazz-radio-woche-vom-10-10-bis-15-10-2017\/#primaryimage"},"thumbnailUrl":"https:\/\/i0.wp.com\/www.jazzzeitung.de\/cms\/wp-content\/uploads\/2017\/10\/radio-jazz-neu.jpg?fit=2048%2C1536&ssl=1","keywords":["Angelika Niescier","Arte","Berlin","betty","Bigband","Br-Klassik","Chicago","dave holland","Deutsches Jazzfestival Frankfurt","Deutschland","duo","Essen","Festival","Film","Florian Weber","Frankfurt","Geburtstag","Henning Sieverts","hr-Bigband","Jazzclub","Jazzfest","Jazzfest Berlin","Jazzfestival","Jazzforschung","Jazzgeschichte","Jazzpiano","jazztime","Klassik","Konzert","Konzerte","Kultur","Muthspiel","New York","Nik B\u00e4rtsch","Paris","Piano","Radio","Roland Spiegel","Ronin","Sendung","Spiegel","SWR","Thelonious Monk","trio","TV","Unterfahrt","WDR","WDR 3","Winterjazz"],"articleSection":["Radio"],"inLanguage":"de","potentialAction":[{"@type":"CommentAction","name":"Comment","target":["https:\/\/www.jazzzeitung.de\/cms\/2017\/10\/die-jazz-radio-woche-vom-10-10-bis-15-10-2017\/#respond"]}]},{"@type":"WebPage","@id":"https:\/\/www.jazzzeitung.de\/cms\/2017\/10\/die-jazz-radio-woche-vom-10-10-bis-15-10-2017\/","url":"https:\/\/www.jazzzeitung.de\/cms\/2017\/10\/die-jazz-radio-woche-vom-10-10-bis-15-10-2017\/","name":"Die Jazz-Radio-Woche vom 10.10. bis 15.10.2017 - JazzZeitung","isPartOf":{"@id":"https:\/\/www.jazzzeitung.de\/cms\/#website"},"primaryImageOfPage":{"@id":"https:\/\/www.jazzzeitung.de\/cms\/2017\/10\/die-jazz-radio-woche-vom-10-10-bis-15-10-2017\/#primaryimage"},"image":{"@id":"https:\/\/www.jazzzeitung.de\/cms\/2017\/10\/die-jazz-radio-woche-vom-10-10-bis-15-10-2017\/#primaryimage"},"thumbnailUrl":"https:\/\/i0.wp.com\/www.jazzzeitung.de\/cms\/wp-content\/uploads\/2017\/10\/radio-jazz-neu.jpg?fit=2048%2C1536&ssl=1","datePublished":"2017-10-08T16:00:54+00:00","dateModified":"2017-10-09T15:13:35+00:00","breadcrumb":{"@id":"https:\/\/www.jazzzeitung.de\/cms\/2017\/10\/die-jazz-radio-woche-vom-10-10-bis-15-10-2017\/#breadcrumb"},"inLanguage":"de","potentialAction":[{"@type":"ReadAction","target":["https:\/\/www.jazzzeitung.de\/cms\/2017\/10\/die-jazz-radio-woche-vom-10-10-bis-15-10-2017\/"]}]},{"@type":"ImageObject","inLanguage":"de","@id":"https:\/\/www.jazzzeitung.de\/cms\/2017\/10\/die-jazz-radio-woche-vom-10-10-bis-15-10-2017\/#primaryimage","url":"https:\/\/i0.wp.com\/www.jazzzeitung.de\/cms\/wp-content\/uploads\/2017\/10\/radio-jazz-neu.jpg?fit=2048%2C1536&ssl=1","contentUrl":"https:\/\/i0.wp.com\/www.jazzzeitung.de\/cms\/wp-content\/uploads\/2017\/10\/radio-jazz-neu.jpg?fit=2048%2C1536&ssl=1","width":2048,"height":1536,"caption":"Jazz im Radio"},{"@type":"BreadcrumbList","@id":"https:\/\/www.jazzzeitung.de\/cms\/2017\/10\/die-jazz-radio-woche-vom-10-10-bis-15-10-2017\/#breadcrumb","itemListElement":[{"@type":"ListItem","position":1,"name":"Startseite","item":"https:\/\/www.jazzzeitung.de\/cms\/"},{"@type":"ListItem","position":2,"name":"Die Jazz-Radio-Woche vom 10.10. bis 15.10.2017"}]},{"@type":"WebSite","@id":"https:\/\/www.jazzzeitung.de\/cms\/#website","url":"https:\/\/www.jazzzeitung.de\/cms\/","name":"JazzZeitung","description":"Jazz-News und Jazz-Kontroverses","publisher":{"@id":"https:\/\/www.jazzzeitung.de\/cms\/#organization"},"potentialAction":[{"@type":"SearchAction","target":{"@type":"EntryPoint","urlTemplate":"https:\/\/www.jazzzeitung.de\/cms\/?s={search_term_string}"},"query-input":{"@type":"PropertyValueSpecification","valueRequired":true,"valueName":"search_term_string"}}],"inLanguage":"de"},{"@type":"Organization","@id":"https:\/\/www.jazzzeitung.de\/cms\/#organization","name":"JazzZeitung online","url":"https:\/\/www.jazzzeitung.de\/cms\/","logo":{"@type":"ImageObject","inLanguage":"de","@id":"https:\/\/www.jazzzeitung.de\/cms\/#\/schema\/logo\/image\/","url":"https:\/\/i0.wp.com\/www.jazzzeitung.de\/cms\/wp-content\/uploads\/2015\/08\/JAZZZEITUNGDE_Logo_Neu.png?fit=499%2C200&ssl=1","contentUrl":"https:\/\/i0.wp.com\/www.jazzzeitung.de\/cms\/wp-content\/uploads\/2015\/08\/JAZZZEITUNGDE_Logo_Neu.png?fit=499%2C200&ssl=1","width":499,"height":200,"caption":"JazzZeitung online"},"image":{"@id":"https:\/\/www.jazzzeitung.de\/cms\/#\/schema\/logo\/image\/"},"sameAs":["https:\/\/www.facebook.com\/JazzZeitung\/"]},{"@type":"Person","@id":"https:\/\/www.jazzzeitung.de\/cms\/#\/schema\/person\/1ba404714b9455401502bc409a7df45e","name":"Huflaikhan","image":{"@type":"ImageObject","inLanguage":"de","@id":"https:\/\/i0.wp.com\/www.jazzzeitung.de\/cms\/wp-content\/uploads\/2013\/11\/huf-06.jpg?resize=96%2C96&ssl=18afacd5aa7627f2840c013425f5a4164","url":"https:\/\/i0.wp.com\/www.jazzzeitung.de\/cms\/wp-content\/uploads\/2013\/11\/huf-06.jpg?resize=96%2C96&ssl=1","contentUrl":"https:\/\/i0.wp.com\/www.jazzzeitung.de\/cms\/wp-content\/uploads\/2013\/11\/huf-06.jpg?resize=96%2C96&ssl=1","caption":"Huflaikhan"},"description":"Huflaikhan (aka Martin Hufner) hat Musikwissenschaft, Philosophie und Psychologie in Gie\u00dfen studiert und mit einer Arbeit \u00fcber Adorno und die Zw\u00f6lftontechnik promoviert. Seit 1995 ist er freiberuflich als Autor, Fotograf und Netzmacher unterwegs.","sameAs":["https:\/\/www.kritische-masse.de\/logbuch","https:\/\/www.facebook.com\/hufner"],"url":"https:\/\/www.jazzzeitung.de\/cms\/author\/hufi\/"}]}},"wp-worthy-pixel":{"ignored":true,"public":null,"server":null,"url":null},"wp-worthy-type":"normal","jetpack_publicize_connections":[],"cc_featured_image_caption":{"caption_text":false,"source_text":false,"source_url":false},"jetpack_featured_media_url":"https:\/\/i0.wp.com\/www.jazzzeitung.de\/cms\/wp-content\/uploads\/2017\/10\/radio-jazz-neu.jpg?fit=2048%2C1536&ssl=1","jetpack_shortlink":"https:\/\/wp.me\/p3KEcT-3yi","jetpack-related-posts":[{"id":13901,"url":"https:\/\/www.jazzzeitung.de\/cms\/2017\/10\/die-jazz-radio-woche-vom-23-10-bis-29-10-2017\/","url_meta":{"origin":13658,"position":0},"title":"Die Jazz-Radio-Woche vom 23.10. bis 29.10.2017","author":"Martin Hufner","date":"22. Oktober 2017","format":false,"excerpt":"Ein subjektiver Blick in die Jazzwoche im Radio (KW 43). 48. Deutsches Jazzfestival Frankfurt 2017 - Live-\u00dcbertragung aus der Alten Oper Frankfurt. Dazu: Dizzy Gillespie zum 100. Geburtstag, Angelika Niescier \/ Florian Weber Quintet, Viktoria Tolstoy & Band, Bud Powell, Julian und Roman Wasserfuhr, Ketil Bj\u00f8rnstadt, Stephan Micus, Jean-Philippe Viret,\u2026","rel":"","context":"In &quot;Radio&quot;","block_context":{"text":"Radio","link":"https:\/\/www.jazzzeitung.de\/cms\/thema\/radio\/"},"img":{"alt_text":"Jazz im Radio","src":"https:\/\/i0.wp.com\/www.jazzzeitung.de\/cms\/wp-content\/uploads\/2017\/10\/radio-jazz-neu.jpg?fit=1200%2C900&ssl=1&resize=350%2C200","width":350,"height":200,"srcset":"https:\/\/i0.wp.com\/www.jazzzeitung.de\/cms\/wp-content\/uploads\/2017\/10\/radio-jazz-neu.jpg?fit=1200%2C900&ssl=1&resize=350%2C200 1x, https:\/\/i0.wp.com\/www.jazzzeitung.de\/cms\/wp-content\/uploads\/2017\/10\/radio-jazz-neu.jpg?fit=1200%2C900&ssl=1&resize=525%2C300 1.5x, https:\/\/i0.wp.com\/www.jazzzeitung.de\/cms\/wp-content\/uploads\/2017\/10\/radio-jazz-neu.jpg?fit=1200%2C900&ssl=1&resize=700%2C400 2x, https:\/\/i0.wp.com\/www.jazzzeitung.de\/cms\/wp-content\/uploads\/2017\/10\/radio-jazz-neu.jpg?fit=1200%2C900&ssl=1&resize=1050%2C600 3x"},"classes":[]},{"id":15775,"url":"https:\/\/www.jazzzeitung.de\/cms\/2018\/04\/radio-tipp-jazzfest-berlin-2017-albert-mangelsdorff-preis-fuer-angelika-niescier\/","url_meta":{"origin":13658,"position":1},"title":"Radio-Tipp: Jazzfest Berlin 2017 \u2013 Albert Mangelsdorff-Preis f\u00fcr Angelika Niescier","author":"Martin Hufner","date":"27. April 2018","format":false,"excerpt":"Im Zweijahres-Turnus vergibt die Union Deutscher Jazzmusiker (UDJ) seit 1994 den Deutschen Jazzpreis, benannt nach dem Posaunisten Albert Mangelsdorff. Gestiftet wird der mit 15.000 \u20ac dotierte Preis von der GEMA-Stiftung, der GVL, dem F\u00f6rderungs- und Hilfsfonds des Deutschen Komponistenverbands und dem F\u00f6rderkreis Jazz. Im Rahmen des Jazzfestes Berlin erhielt ihn\u2026","rel":"","context":"In &quot;Radio&quot;","block_context":{"text":"Radio","link":"https:\/\/www.jazzzeitung.de\/cms\/thema\/radio\/"},"img":{"alt_text":"Angelika Niescier im Trio und Albert Mangelsdorff Preis der UdJ. Foto: Petra Basche","src":"https:\/\/i0.wp.com\/www.jazzzeitung.de\/cms\/wp-content\/uploads\/2017\/11\/Jazzfest-Berlin-2017_Niescier_Mangelsdorff-Preis_0001-12.jpg?fit=1200%2C900&ssl=1&resize=350%2C200","width":350,"height":200,"srcset":"https:\/\/i0.wp.com\/www.jazzzeitung.de\/cms\/wp-content\/uploads\/2017\/11\/Jazzfest-Berlin-2017_Niescier_Mangelsdorff-Preis_0001-12.jpg?fit=1200%2C900&ssl=1&resize=350%2C200 1x, https:\/\/i0.wp.com\/www.jazzzeitung.de\/cms\/wp-content\/uploads\/2017\/11\/Jazzfest-Berlin-2017_Niescier_Mangelsdorff-Preis_0001-12.jpg?fit=1200%2C900&ssl=1&resize=525%2C300 1.5x, https:\/\/i0.wp.com\/www.jazzzeitung.de\/cms\/wp-content\/uploads\/2017\/11\/Jazzfest-Berlin-2017_Niescier_Mangelsdorff-Preis_0001-12.jpg?fit=1200%2C900&ssl=1&resize=700%2C400 2x, https:\/\/i0.wp.com\/www.jazzzeitung.de\/cms\/wp-content\/uploads\/2017\/11\/Jazzfest-Berlin-2017_Niescier_Mangelsdorff-Preis_0001-12.jpg?fit=1200%2C900&ssl=1&resize=1050%2C600 3x"},"classes":[]},{"id":10815,"url":"https:\/\/www.jazzzeitung.de\/cms\/2016\/11\/jazzfest-berlin-2016-3-unter-groovekillern-spielen-und-kaputtspielen\/","url_meta":{"origin":13658,"position":2},"title":"Jazzfest Berlin 2016 (3) \u2013 Unter Groovekillern: Spielen und kaputtspielen","author":"Huflaikhan","date":"6. November 2016","format":false,"excerpt":"Eigentlich eine Dom\u00e4ne des europ\u00e4ischen Jazz, das Kaputtspielen \u2013 ganz aus den sp\u00e4ten 68ern heraus. So wie vorgestern beim Globe Unity Orchestra. Man kann die Dinge aber auch anders kaputtspielen: entweder wegen \u00dcberforderung oder durch ein aneinander vorbeispielen. Wird ja schon keiner merken \u2013 bei Profis oder gar Superstars der\u2026","rel":"","context":"In &quot;Bericht&quot;","block_context":{"text":"Bericht","link":"https:\/\/www.jazzzeitung.de\/cms\/thema\/bericht\/"},"img":{"alt_text":"Angelika Niescier \u2013 Florian Weber Quintet. Angelika Niescier. Foto: Petra Basche","src":"https:\/\/i0.wp.com\/www.jazzzeitung.de\/cms\/wp-content\/uploads\/2016\/11\/jazzfest_2016_Niescier_0030t2016.jpg?fit=1200%2C800&ssl=1&resize=350%2C200","width":350,"height":200,"srcset":"https:\/\/i0.wp.com\/www.jazzzeitung.de\/cms\/wp-content\/uploads\/2016\/11\/jazzfest_2016_Niescier_0030t2016.jpg?fit=1200%2C800&ssl=1&resize=350%2C200 1x, https:\/\/i0.wp.com\/www.jazzzeitung.de\/cms\/wp-content\/uploads\/2016\/11\/jazzfest_2016_Niescier_0030t2016.jpg?fit=1200%2C800&ssl=1&resize=525%2C300 1.5x, https:\/\/i0.wp.com\/www.jazzzeitung.de\/cms\/wp-content\/uploads\/2016\/11\/jazzfest_2016_Niescier_0030t2016.jpg?fit=1200%2C800&ssl=1&resize=700%2C400 2x, https:\/\/i0.wp.com\/www.jazzzeitung.de\/cms\/wp-content\/uploads\/2016\/11\/jazzfest_2016_Niescier_0030t2016.jpg?fit=1200%2C800&ssl=1&resize=1050%2C600 3x"},"classes":[]},{"id":6963,"url":"https:\/\/www.jazzzeitung.de\/cms\/2015\/10\/jazz-im-radio\/","url_meta":{"origin":13658,"position":3},"title":"Jazz im Radio","author":"Redaktion JazzZeitung","date":"10. Oktober 2015","format":false,"excerpt":"Die Herbstmonate sind Hochsaison, was Live-Acts angeht. Wer dennoch nicht sein Zuhause verlassen will \u2013 denn mit dem Verlassen der eigenen vier W\u00e4nde beginnt ja bekanntlich das gesamte Ungl\u00fcck der Menschheit, f\u00fcr den hat die Jazzzeitung.de -Redaktion ein paar Radio-Empfehlungen ausgesucht. \u00a0 hr2 Live-Jazz SA. 24.1 OKT\/19.05-20.00h HENRY THREADGILL SEXTET\u2026","rel":"","context":"In &quot;News&quot;","block_context":{"text":"News","link":"https:\/\/www.jazzzeitung.de\/cms\/thema\/nachrichten\/"},"img":{"alt_text":"hr-Bigband. Foto: Band","src":"https:\/\/i0.wp.com\/www.jazzzeitung.de\/cms\/wp-content\/uploads\/2015\/10\/hr-Bigband.-Foto-150x150.jpg?resize=350%2C200","width":350,"height":200},"classes":[]},{"id":14101,"url":"https:\/\/www.jazzzeitung.de\/cms\/2017\/11\/nebensonnen-sonnenschein-jazzfest-berlin-2017-freitag\/","url_meta":{"origin":13658,"position":4},"title":"Nebensonnen, Sonnenschein \u2013 Jazzfest Berlin 2017 (Freitag)","author":"Huflaikhan","date":"4. November 2017","format":false,"excerpt":"\u2026 und es gibt Tage, da ist man gerne als Kritiker unterwegs. Denn es gibt viel Sch\u00f6nes zu berichten. Von einer Preistr\u00e4gerin und von einem grandiosen Klaviersolo. Angelika Niescier auf der einen Seite im Trio mit Tyshawn Sorey (dm) und Chris Tordini (b). Ja, den beiden aus dem gestrigen Trio.\u2026","rel":"","context":"In &quot;Blog&quot;","block_context":{"text":"Blog","link":"https:\/\/www.jazzzeitung.de\/cms\/thema\/blog\/"},"img":{"alt_text":"Angelika Niescier im Trio und Albert Mangelsdorff Preis der UdJ. Foto: Petra Basche","src":"https:\/\/i0.wp.com\/www.jazzzeitung.de\/cms\/wp-content\/uploads\/2017\/11\/Jazzfest-Berlin-2017_Niescier_Mangelsdorff-Preis_0001-12.jpg?fit=1200%2C900&ssl=1&resize=350%2C200","width":350,"height":200,"srcset":"https:\/\/i0.wp.com\/www.jazzzeitung.de\/cms\/wp-content\/uploads\/2017\/11\/Jazzfest-Berlin-2017_Niescier_Mangelsdorff-Preis_0001-12.jpg?fit=1200%2C900&ssl=1&resize=350%2C200 1x, https:\/\/i0.wp.com\/www.jazzzeitung.de\/cms\/wp-content\/uploads\/2017\/11\/Jazzfest-Berlin-2017_Niescier_Mangelsdorff-Preis_0001-12.jpg?fit=1200%2C900&ssl=1&resize=525%2C300 1.5x, https:\/\/i0.wp.com\/www.jazzzeitung.de\/cms\/wp-content\/uploads\/2017\/11\/Jazzfest-Berlin-2017_Niescier_Mangelsdorff-Preis_0001-12.jpg?fit=1200%2C900&ssl=1&resize=700%2C400 2x, https:\/\/i0.wp.com\/www.jazzzeitung.de\/cms\/wp-content\/uploads\/2017\/11\/Jazzfest-Berlin-2017_Niescier_Mangelsdorff-Preis_0001-12.jpg?fit=1200%2C900&ssl=1&resize=1050%2C600 3x"},"classes":[]},{"id":16189,"url":"https:\/\/www.jazzzeitung.de\/cms\/2018\/06\/die-jazz-radiowoche-vom-04-06-bis-10-06-2018\/","url_meta":{"origin":13658,"position":5},"title":"Die Jazz-Radiowoche vom 04.06. bis 10.06.2018","author":"Huflaikhan","date":"3. Juni 2018","format":false,"excerpt":"Ein kleiner Blick in die Jazzwoche 23 im Radio. Mit unserem besonderen Service: Frauen im Jazz \u2013 in dieser Woche einen Hauch besser. Knapp vier Eintr\u00e4ge! 06.18 | 22:04 bis 00:00 | WDR 3 WDR 3 Jazz & World: Sarah Vaughan at Mister Kelly\u00b4s, Chicago 06.28 | 19:35 bis 20:00\u2026","rel":"","context":"In &quot;News&quot;","block_context":{"text":"News","link":"https:\/\/www.jazzzeitung.de\/cms\/thema\/nachrichten\/"},"img":{"alt_text":"Jazz im Radio. Foto\/Montage: Hufner","src":"https:\/\/i0.wp.com\/www.jazzzeitung.de\/cms\/wp-content\/uploads\/2018\/05\/radio-jazz_journalisten.jpg?fit=1200%2C900&ssl=1&resize=350%2C200","width":350,"height":200,"srcset":"https:\/\/i0.wp.com\/www.jazzzeitung.de\/cms\/wp-content\/uploads\/2018\/05\/radio-jazz_journalisten.jpg?fit=1200%2C900&ssl=1&resize=350%2C200 1x, https:\/\/i0.wp.com\/www.jazzzeitung.de\/cms\/wp-content\/uploads\/2018\/05\/radio-jazz_journalisten.jpg?fit=1200%2C900&ssl=1&resize=525%2C300 1.5x, https:\/\/i0.wp.com\/www.jazzzeitung.de\/cms\/wp-content\/uploads\/2018\/05\/radio-jazz_journalisten.jpg?fit=1200%2C900&ssl=1&resize=700%2C400 2x, https:\/\/i0.wp.com\/www.jazzzeitung.de\/cms\/wp-content\/uploads\/2018\/05\/radio-jazz_journalisten.jpg?fit=1200%2C900&ssl=1&resize=1050%2C600 3x"},"classes":[]}],"jetpack_sharing_enabled":true,"_links":{"self":[{"href":"https:\/\/www.jazzzeitung.de\/cms\/wp-json\/wp\/v2\/posts\/13658","targetHints":{"allow":["GET"]}}],"collection":[{"href":"https:\/\/www.jazzzeitung.de\/cms\/wp-json\/wp\/v2\/posts"}],"about":[{"href":"https:\/\/www.jazzzeitung.de\/cms\/wp-json\/wp\/v2\/types\/post"}],"author":[{"embeddable":true,"href":"https:\/\/www.jazzzeitung.de\/cms\/wp-json\/wp\/v2\/users\/2"}],"replies":[{"embeddable":true,"href":"https:\/\/www.jazzzeitung.de\/cms\/wp-json\/wp\/v2\/comments?post=13658"}],"version-history":[{"count":8,"href":"https:\/\/www.jazzzeitung.de\/cms\/wp-json\/wp\/v2\/posts\/13658\/revisions"}],"predecessor-version":[{"id":13681,"href":"https:\/\/www.jazzzeitung.de\/cms\/wp-json\/wp\/v2\/posts\/13658\/revisions\/13681"}],"wp:featuredmedia":[{"embeddable":true,"href":"https:\/\/www.jazzzeitung.de\/cms\/wp-json\/wp\/v2\/media\/13661"}],"wp:attachment":[{"href":"https:\/\/www.jazzzeitung.de\/cms\/wp-json\/wp\/v2\/media?parent=13658"}],"wp:term":[{"taxonomy":"category","embeddable":true,"href":"https:\/\/www.jazzzeitung.de\/cms\/wp-json\/wp\/v2\/categories?post=13658"},{"taxonomy":"post_tag","embeddable":true,"href":"https:\/\/www.jazzzeitung.de\/cms\/wp-json\/wp\/v2\/tags?post=13658"},{"taxonomy":"author","embeddable":true,"href":"https:\/\/www.jazzzeitung.de\/cms\/wp-json\/wp\/v2\/coauthors?post=13658"}],"curies":[{"name":"wp","href":"https:\/\/api.w.org\/{rel}","templated":true}]}}