{"id":13586,"date":"2017-09-22T10:40:23","date_gmt":"2017-09-22T08:40:23","guid":{"rendered":"https:\/\/www.jazzzeitung.de\/cms\/?p=13586"},"modified":"2017-10-15T12:43:51","modified_gmt":"2017-10-15T10:43:51","slug":"helmut-nieberle-und-milorad-romic-gitarren-duo-mit-anarchischer-note","status":"publish","type":"post","link":"https:\/\/www.jazzzeitung.de\/cms\/2017\/09\/helmut-nieberle-und-milorad-romic-gitarren-duo-mit-anarchischer-note\/","title":{"rendered":"Helmut Nieberle und Milorad Romic: Gitarren-Duo mit anarchischer Note"},"content":{"rendered":"<p><strong><a href=\"https:\/\/i0.wp.com\/www.jazzzeitung.de\/cms\/wp-content\/uploads\/2017\/09\/Romic-Nieberle.jpg?ssl=1\"><img data-recalc-dims=\"1\" loading=\"lazy\" decoding=\"async\" data-attachment-id=\"13588\" data-permalink=\"https:\/\/www.jazzzeitung.de\/cms\/2017\/09\/helmut-nieberle-und-milorad-romic-gitarren-duo-mit-anarchischer-note\/romic-nieberle\/\" data-orig-file=\"https:\/\/i0.wp.com\/www.jazzzeitung.de\/cms\/wp-content\/uploads\/2017\/09\/Romic-Nieberle.jpg?fit=1535%2C1405&amp;ssl=1\" data-orig-size=\"1535,1405\" data-comments-opened=\"1\" data-image-meta=\"{&quot;aperture&quot;:&quot;0&quot;,&quot;credit&quot;:&quot;&quot;,&quot;camera&quot;:&quot;&quot;,&quot;caption&quot;:&quot;&quot;,&quot;created_timestamp&quot;:&quot;0&quot;,&quot;copyright&quot;:&quot;&quot;,&quot;focal_length&quot;:&quot;0&quot;,&quot;iso&quot;:&quot;0&quot;,&quot;shutter_speed&quot;:&quot;0&quot;,&quot;title&quot;:&quot;&quot;,&quot;orientation&quot;:&quot;1&quot;}\" data-image-title=\"Romic-Nieberle\" data-image-description=\"\" data-image-caption=\"\" data-large-file=\"https:\/\/i0.wp.com\/www.jazzzeitung.de\/cms\/wp-content\/uploads\/2017\/09\/Romic-Nieberle.jpg?fit=656%2C600&amp;ssl=1\" class=\"alignright size-thumbnail wp-image-13588\" src=\"https:\/\/i0.wp.com\/www.jazzzeitung.de\/cms\/wp-content\/uploads\/2017\/09\/Romic-Nieberle.jpg?resize=150%2C150&#038;ssl=1\" alt=\"\" width=\"150\" height=\"150\" srcset=\"https:\/\/i0.wp.com\/www.jazzzeitung.de\/cms\/wp-content\/uploads\/2017\/09\/Romic-Nieberle.jpg?resize=150%2C150&amp;ssl=1 150w, https:\/\/i0.wp.com\/www.jazzzeitung.de\/cms\/wp-content\/uploads\/2017\/09\/Romic-Nieberle.jpg?resize=144%2C144&amp;ssl=1 144w, https:\/\/i0.wp.com\/www.jazzzeitung.de\/cms\/wp-content\/uploads\/2017\/09\/Romic-Nieberle.jpg?resize=96%2C96&amp;ssl=1 96w, https:\/\/i0.wp.com\/www.jazzzeitung.de\/cms\/wp-content\/uploads\/2017\/09\/Romic-Nieberle.jpg?resize=24%2C24&amp;ssl=1 24w, https:\/\/i0.wp.com\/www.jazzzeitung.de\/cms\/wp-content\/uploads\/2017\/09\/Romic-Nieberle.jpg?resize=36%2C36&amp;ssl=1 36w, https:\/\/i0.wp.com\/www.jazzzeitung.de\/cms\/wp-content\/uploads\/2017\/09\/Romic-Nieberle.jpg?resize=48%2C48&amp;ssl=1 48w, https:\/\/i0.wp.com\/www.jazzzeitung.de\/cms\/wp-content\/uploads\/2017\/09\/Romic-Nieberle.jpg?resize=64%2C64&amp;ssl=1 64w, https:\/\/i0.wp.com\/www.jazzzeitung.de\/cms\/wp-content\/uploads\/2017\/09\/Romic-Nieberle.jpg?resize=32%2C32&amp;ssl=1 32w, https:\/\/i0.wp.com\/www.jazzzeitung.de\/cms\/wp-content\/uploads\/2017\/09\/Romic-Nieberle.jpg?resize=50%2C50&amp;ssl=1 50w, https:\/\/i0.wp.com\/www.jazzzeitung.de\/cms\/wp-content\/uploads\/2017\/09\/Romic-Nieberle.jpg?resize=128%2C128&amp;ssl=1 128w, https:\/\/i0.wp.com\/www.jazzzeitung.de\/cms\/wp-content\/uploads\/2017\/09\/Romic-Nieberle.jpg?zoom=2&amp;resize=150%2C150&amp;ssl=1 300w, https:\/\/i0.wp.com\/www.jazzzeitung.de\/cms\/wp-content\/uploads\/2017\/09\/Romic-Nieberle.jpg?zoom=3&amp;resize=150%2C150&amp;ssl=1 450w\" sizes=\"auto, (max-width: 150px) 100vw, 150px\" \/><\/a>F\u00fcr viele Regensburger geh\u00f6ren die Serenadenkonzerte von Milorad Romic seit Jahren fest zum sommerlichen Ritual. Heuer gestaltete er das Programm zusammen mit Helmut Nieberle, einem langj\u00e4hrigen Partner, mit dem er aktuell ein Doppelalbum ver\u00f6ffentlicht hat. Im lauschigen Herzogspark bekam die Musik der beiden seelenverwandten und dabei ungleichen Gitarristen eine ganz eigene poetische Note voller Leichtigkeit und Grazie, aber auch Tiefe und gelegentlicher Dramatik. Diese und noch viele andere Eindr\u00fccke vermittelt auch das Album \u201eSolo Due\u201c. Es ist bei Bobtale Records erschienen, dem vom Abensberger Bob R\u00fcckerl gegr\u00fcndeten Label, das die damalige Partnerin des mit gerade mal 52 Jahren 2009 verstorbenen Musikers weiterf\u00fchrt.<\/strong><\/p>\n<p>Neu an der Doppel-CD, welche die sch\u00f6nsten von Romic und Nieberle eingespielten Werke von 1994 bis 2017 enth\u00e4lt, ist eigentlich nur der zweite Teil. Der erste ist eine Wiederauflage eines 1994, nicht \u00a0lange nach Romic` Flucht aus Kroatien und \u00dcbersiedlung nach Deutschland vom Bayerischen Rundfunk im Studio N\u00fcrnberg aufgenommenen Album. Es enth\u00e4lt von Nieberle arrangierte Musik von Bach bis Angel Villoldo, Lothar Br\u00fchne bis zu Michael Jarys politisch ambivalentem Evergreen \u201eIch wei\u00df, es wird einmal ein Wunder geschehen\u201c. Nicht ganz so bunt und anarchisch, was die stilistische Quer-Beet-Zusammenstellung angeht, ist das zweite, neue Album. Aufgenommen im Herbst 2016 und im Fr\u00fchjahr diesen Jahres, enth\u00e4lt \u201eSolo Due 2\u201c Werke von Domenico Scarlatti und Johann Strauss, von Mozart, Vivaldi und von Camille Saint-Sa\u00ebns. Neben dem gitarristischen Flug vom Barock \u00fcber die Wiener Klassik bis zur Romantik weisen jeweils mehrere St\u00fccke der beiden Instrumentalisten, die jeder auch selbst komponieren, stilistisch in andere Richtungen. Wehmut und Erinnerungen spielen eine Rolle bei drei \u201eBalkan\u201c betitelten t\u00e4nzerischen Kompositionen, die Milorad Romic durchnummeriert hat und in denen er Folkloristisches seiner alten Heimat aufgreift. Helmut Nieberle dagegen wendet sich im ruhigen \u201eClose The Door\u201c musikalisch einer ganz anderen Region, Lateinamerika zu. In Walzerrhythmus von \u201ePetit Moustique\u201c indes nimmt er Bezug auf den franz\u00f6sischen Swing des letzten Jahrhunderts, wie er von Django Reinhardt kreiert und zur Perfektion gebracht wurde.<\/p>\n<p>Die beiden Gitarristen, jeder ein erstklassiger Meister seines Faches, Jazz bei Nieberle, Klassik bei Romic, harmonieren auf h\u00f6chst erstaunliche Weise ganz hervorragend miteinander. Das hat nat\u00fcrlich mit den ausgepr\u00e4gten F\u00e4higkeiten der beiden zu tun, ganz viel aber auch, dass sich beide ihre jeweiligen Eigenheiten zugestehen und mit ph\u00e4nomenalen Einf\u00fchlungsverm\u00f6gen darauf eingehen. Zudem haben es beide gelernt, \u00fcber den jeweils eigenen Tellerrand hinauszugucken und ausgestattet mit einer guten Portion Neugier sich mit anderen Genres und anderer Musik auseinanderzusetzen. Das l\u00e4sst die so unterschiedlichen St\u00fccke und Stimmungen durch die Bank lebendig, ausdrucksvoll und bewegend klingen.<\/p>\n<p><em>Michael Scheiner<\/em><\/p>\n<p><em>Infos: <\/em><a href=\"http:\/\/www.helmutnieberle.de\/\">www.helmutnieberle.de<\/a><em> und\u00a0 <\/em><a href=\"http:\/\/www.milorad-romic.de\/\"><em>www.milorad-romic.de<\/em><\/a><\/p>\n<p><strong>Helmut Nieberle &amp; Milorad Romic: Solo Due 1+: <\/strong><strong>Complete Works 1994-2017<br \/>\n<\/strong><strong>bobtale records<\/strong><\/p>\n","protected":false},"excerpt":{"rendered":"<p>F\u00fcr viele Regensburger geh\u00f6ren die Serenadenkonzerte von Milorad Romic seit Jahren fest zum sommerlichen Ritual. Heuer gestaltete er das Programm zusammen mit Helmut Nieberle, einem langj\u00e4hrigen Partner, mit dem er aktuell ein Doppelalbum ver\u00f6ffentlicht hat. Im lauschigen Herzogspark bekam die Musik der beiden seelenverwandten und dabei ungleichen Gitarristen eine ganz eigene poetische Note voller Leichtigkeit und Grazie, aber auch Tiefe und gelegentlicher Dramatik. Diese und noch viele andere Eindr\u00fccke vermittelt auch das Album \u201eSolo Due\u201c. Es ist bei Bobtale Records erschienen, dem vom Abensberger Bob R\u00fcckerl gegr\u00fcndeten Label, das die damalige Partnerin des mit gerade mal 52 Jahren 2009 verstorbenen Musikers weiterf\u00fchrt. Neu an der Doppel-CD, welche die sch\u00f6nsten von Romic und Nieberle eingespielten Werke von 1994 bis 2017 enth\u00e4lt, ist eigentlich nur der zweite Teil. Der erste ist eine Wiederauflage eines 1994, nicht \u00a0lange nach Romic` Flucht aus Kroatien und \u00dcbersiedlung nach Deutschland vom Bayerischen Rundfunk im Studio N\u00fcrnberg aufgenommenen Album. Es enth\u00e4lt von Nieberle arrangierte Musik von Bach bis Angel Villoldo, Lothar Br\u00fchne bis zu Michael Jarys politisch ambivalentem Evergreen \u201eIch wei\u00df, es wird einmal ein Wunder geschehen\u201c. Nicht ganz so bunt und &hellip;<\/p>\n","protected":false},"author":18,"featured_media":13588,"comment_status":"open","ping_status":"closed","sticky":false,"template":"","format":"standard","meta":{"_jetpack_memberships_contains_paid_content":false,"footnotes":"","jetpack_publicize_message":"","jetpack_publicize_feature_enabled":true,"jetpack_social_post_already_shared":false,"jetpack_social_options":{"image_generator_settings":{"template":"highway","default_image_id":0,"font":"","enabled":false},"version":2}},"categories":[1152],"tags":[34,109,137,1406,714,316,339,387,423,462,15,535],"coauthors":[695],"class_list":["post-13586","post","type-post","status-publish","format-standard","has-post-thumbnail","hentry","category-rezension","tag-album","tag-cd","tag-deutschland","tag-duo","tag-helmut-nieberle","tag-klassik","tag-label","tag-michael-scheiner","tag-nuernberg","tag-reinhardt","tag-rundfunk","tag-swing"],"yoast_head":"<!-- This site is optimized with the Yoast SEO plugin v27.5 - https:\/\/yoast.com\/product\/yoast-seo-wordpress\/ -->\n<title>Helmut Nieberle und Milorad Romic: Gitarren-Duo mit anarchischer Note - JazzZeitung<\/title>\n<meta name=\"robots\" content=\"index, follow, max-snippet:-1, max-image-preview:large, max-video-preview:-1\" \/>\n<link rel=\"canonical\" href=\"https:\/\/www.jazzzeitung.de\/cms\/2017\/09\/helmut-nieberle-und-milorad-romic-gitarren-duo-mit-anarchischer-note\/\" \/>\n<meta property=\"og:locale\" content=\"de_DE\" \/>\n<meta property=\"og:type\" content=\"article\" \/>\n<meta property=\"og:title\" content=\"Helmut Nieberle und Milorad Romic: Gitarren-Duo mit anarchischer Note - JazzZeitung\" \/>\n<meta property=\"og:description\" content=\"F\u00fcr viele Regensburger geh\u00f6ren die Serenadenkonzerte von Milorad Romic seit Jahren fest zum sommerlichen Ritual. Heuer gestaltete er das Programm zusammen mit Helmut Nieberle, einem langj\u00e4hrigen Partner, mit dem er aktuell ein Doppelalbum ver\u00f6ffentlicht hat. Im lauschigen Herzogspark bekam die Musik der beiden seelenverwandten und dabei ungleichen Gitarristen eine ganz eigene poetische Note voller Leichtigkeit und Grazie, aber auch Tiefe und gelegentlicher Dramatik. Diese und noch viele andere Eindr\u00fccke vermittelt auch das Album \u201eSolo Due\u201c. Es ist bei Bobtale Records erschienen, dem vom Abensberger Bob R\u00fcckerl gegr\u00fcndeten Label, das die damalige Partnerin des mit gerade mal 52 Jahren 2009 verstorbenen Musikers weiterf\u00fchrt. Neu an der Doppel-CD, welche die sch\u00f6nsten von Romic und Nieberle eingespielten Werke von 1994 bis 2017 enth\u00e4lt, ist eigentlich nur der zweite Teil. Der erste ist eine Wiederauflage eines 1994, nicht \u00a0lange nach Romic` Flucht aus Kroatien und \u00dcbersiedlung nach Deutschland vom Bayerischen Rundfunk im Studio N\u00fcrnberg aufgenommenen Album. Es enth\u00e4lt von Nieberle arrangierte Musik von Bach bis Angel Villoldo, Lothar Br\u00fchne bis zu Michael Jarys politisch ambivalentem Evergreen \u201eIch wei\u00df, es wird einmal ein Wunder geschehen\u201c. Nicht ganz so bunt und &hellip;\" \/>\n<meta property=\"og:url\" content=\"https:\/\/www.jazzzeitung.de\/cms\/2017\/09\/helmut-nieberle-und-milorad-romic-gitarren-duo-mit-anarchischer-note\/\" \/>\n<meta property=\"og:site_name\" content=\"JazzZeitung\" \/>\n<meta property=\"article:publisher\" content=\"https:\/\/www.facebook.com\/JazzZeitung\/\" \/>\n<meta property=\"article:published_time\" content=\"2017-09-22T08:40:23+00:00\" \/>\n<meta property=\"article:modified_time\" content=\"2017-10-15T10:43:51+00:00\" \/>\n<meta property=\"og:image\" content=\"https:\/\/www.jazzzeitung.de\/cms\/wp-content\/uploads\/2017\/09\/Romic-Nieberle-656x600.jpg\" \/>\n\t<meta property=\"og:image:width\" content=\"656\" \/>\n\t<meta property=\"og:image:height\" content=\"600\" \/>\n\t<meta property=\"og:image:type\" content=\"image\/jpeg\" \/>\n<meta name=\"author\" content=\"Redaktion JazzZeitung\" \/>\n<script type=\"application\/ld+json\" class=\"yoast-schema-graph\">{\"@context\":\"https:\\\/\\\/schema.org\",\"@graph\":[{\"@type\":\"Article\",\"@id\":\"https:\\\/\\\/www.jazzzeitung.de\\\/cms\\\/2017\\\/09\\\/helmut-nieberle-und-milorad-romic-gitarren-duo-mit-anarchischer-note\\\/#article\",\"isPartOf\":{\"@id\":\"https:\\\/\\\/www.jazzzeitung.de\\\/cms\\\/2017\\\/09\\\/helmut-nieberle-und-milorad-romic-gitarren-duo-mit-anarchischer-note\\\/\"},\"author\":{\"name\":\"Redaktion JazzZeitung\",\"@id\":\"https:\\\/\\\/www.jazzzeitung.de\\\/cms\\\/#\\\/schema\\\/person\\\/2245b36b9cd1d24cea10f01c031fb92b\"},\"headline\":\"Helmut Nieberle und Milorad Romic: Gitarren-Duo mit anarchischer Note\",\"datePublished\":\"2017-09-22T08:40:23+00:00\",\"dateModified\":\"2017-10-15T10:43:51+00:00\",\"mainEntityOfPage\":{\"@id\":\"https:\\\/\\\/www.jazzzeitung.de\\\/cms\\\/2017\\\/09\\\/helmut-nieberle-und-milorad-romic-gitarren-duo-mit-anarchischer-note\\\/\"},\"wordCount\":467,\"commentCount\":0,\"publisher\":{\"@id\":\"https:\\\/\\\/www.jazzzeitung.de\\\/cms\\\/#organization\"},\"image\":{\"@id\":\"https:\\\/\\\/www.jazzzeitung.de\\\/cms\\\/2017\\\/09\\\/helmut-nieberle-und-milorad-romic-gitarren-duo-mit-anarchischer-note\\\/#primaryimage\"},\"thumbnailUrl\":\"https:\\\/\\\/i0.wp.com\\\/www.jazzzeitung.de\\\/cms\\\/wp-content\\\/uploads\\\/2017\\\/09\\\/Romic-Nieberle.jpg?fit=1535%2C1405&ssl=1\",\"keywords\":[\"Album\",\"CD\",\"Deutschland\",\"duo\",\"Helmut Nieberle\",\"Klassik\",\"Label\",\"Michael Scheiner\",\"N\u00fcrnberg\",\"reinhardt\",\"Rundfunk\",\"Swing\"],\"articleSection\":[\"Rezension\"],\"inLanguage\":\"de\",\"potentialAction\":[{\"@type\":\"CommentAction\",\"name\":\"Comment\",\"target\":[\"https:\\\/\\\/www.jazzzeitung.de\\\/cms\\\/2017\\\/09\\\/helmut-nieberle-und-milorad-romic-gitarren-duo-mit-anarchischer-note\\\/#respond\"]}]},{\"@type\":\"WebPage\",\"@id\":\"https:\\\/\\\/www.jazzzeitung.de\\\/cms\\\/2017\\\/09\\\/helmut-nieberle-und-milorad-romic-gitarren-duo-mit-anarchischer-note\\\/\",\"url\":\"https:\\\/\\\/www.jazzzeitung.de\\\/cms\\\/2017\\\/09\\\/helmut-nieberle-und-milorad-romic-gitarren-duo-mit-anarchischer-note\\\/\",\"name\":\"Helmut Nieberle und Milorad Romic: Gitarren-Duo mit anarchischer Note - JazzZeitung\",\"isPartOf\":{\"@id\":\"https:\\\/\\\/www.jazzzeitung.de\\\/cms\\\/#website\"},\"primaryImageOfPage\":{\"@id\":\"https:\\\/\\\/www.jazzzeitung.de\\\/cms\\\/2017\\\/09\\\/helmut-nieberle-und-milorad-romic-gitarren-duo-mit-anarchischer-note\\\/#primaryimage\"},\"image\":{\"@id\":\"https:\\\/\\\/www.jazzzeitung.de\\\/cms\\\/2017\\\/09\\\/helmut-nieberle-und-milorad-romic-gitarren-duo-mit-anarchischer-note\\\/#primaryimage\"},\"thumbnailUrl\":\"https:\\\/\\\/i0.wp.com\\\/www.jazzzeitung.de\\\/cms\\\/wp-content\\\/uploads\\\/2017\\\/09\\\/Romic-Nieberle.jpg?fit=1535%2C1405&ssl=1\",\"datePublished\":\"2017-09-22T08:40:23+00:00\",\"dateModified\":\"2017-10-15T10:43:51+00:00\",\"breadcrumb\":{\"@id\":\"https:\\\/\\\/www.jazzzeitung.de\\\/cms\\\/2017\\\/09\\\/helmut-nieberle-und-milorad-romic-gitarren-duo-mit-anarchischer-note\\\/#breadcrumb\"},\"inLanguage\":\"de\",\"potentialAction\":[{\"@type\":\"ReadAction\",\"target\":[\"https:\\\/\\\/www.jazzzeitung.de\\\/cms\\\/2017\\\/09\\\/helmut-nieberle-und-milorad-romic-gitarren-duo-mit-anarchischer-note\\\/\"]}]},{\"@type\":\"ImageObject\",\"inLanguage\":\"de\",\"@id\":\"https:\\\/\\\/www.jazzzeitung.de\\\/cms\\\/2017\\\/09\\\/helmut-nieberle-und-milorad-romic-gitarren-duo-mit-anarchischer-note\\\/#primaryimage\",\"url\":\"https:\\\/\\\/i0.wp.com\\\/www.jazzzeitung.de\\\/cms\\\/wp-content\\\/uploads\\\/2017\\\/09\\\/Romic-Nieberle.jpg?fit=1535%2C1405&ssl=1\",\"contentUrl\":\"https:\\\/\\\/i0.wp.com\\\/www.jazzzeitung.de\\\/cms\\\/wp-content\\\/uploads\\\/2017\\\/09\\\/Romic-Nieberle.jpg?fit=1535%2C1405&ssl=1\",\"width\":1535,\"height\":1405},{\"@type\":\"BreadcrumbList\",\"@id\":\"https:\\\/\\\/www.jazzzeitung.de\\\/cms\\\/2017\\\/09\\\/helmut-nieberle-und-milorad-romic-gitarren-duo-mit-anarchischer-note\\\/#breadcrumb\",\"itemListElement\":[{\"@type\":\"ListItem\",\"position\":1,\"name\":\"Startseite\",\"item\":\"https:\\\/\\\/www.jazzzeitung.de\\\/cms\\\/\"},{\"@type\":\"ListItem\",\"position\":2,\"name\":\"Helmut Nieberle und Milorad Romic: Gitarren-Duo mit anarchischer Note\"}]},{\"@type\":\"WebSite\",\"@id\":\"https:\\\/\\\/www.jazzzeitung.de\\\/cms\\\/#website\",\"url\":\"https:\\\/\\\/www.jazzzeitung.de\\\/cms\\\/\",\"name\":\"JazzZeitung\",\"description\":\"Jazz-News und Jazz-Kontroverses\",\"publisher\":{\"@id\":\"https:\\\/\\\/www.jazzzeitung.de\\\/cms\\\/#organization\"},\"potentialAction\":[{\"@type\":\"SearchAction\",\"target\":{\"@type\":\"EntryPoint\",\"urlTemplate\":\"https:\\\/\\\/www.jazzzeitung.de\\\/cms\\\/?s={search_term_string}\"},\"query-input\":{\"@type\":\"PropertyValueSpecification\",\"valueRequired\":true,\"valueName\":\"search_term_string\"}}],\"inLanguage\":\"de\"},{\"@type\":\"Organization\",\"@id\":\"https:\\\/\\\/www.jazzzeitung.de\\\/cms\\\/#organization\",\"name\":\"JazzZeitung online\",\"url\":\"https:\\\/\\\/www.jazzzeitung.de\\\/cms\\\/\",\"logo\":{\"@type\":\"ImageObject\",\"inLanguage\":\"de\",\"@id\":\"https:\\\/\\\/www.jazzzeitung.de\\\/cms\\\/#\\\/schema\\\/logo\\\/image\\\/\",\"url\":\"https:\\\/\\\/i0.wp.com\\\/www.jazzzeitung.de\\\/cms\\\/wp-content\\\/uploads\\\/2015\\\/08\\\/JAZZZEITUNGDE_Logo_Neu.png?fit=499%2C200&ssl=1\",\"contentUrl\":\"https:\\\/\\\/i0.wp.com\\\/www.jazzzeitung.de\\\/cms\\\/wp-content\\\/uploads\\\/2015\\\/08\\\/JAZZZEITUNGDE_Logo_Neu.png?fit=499%2C200&ssl=1\",\"width\":499,\"height\":200,\"caption\":\"JazzZeitung online\"},\"image\":{\"@id\":\"https:\\\/\\\/www.jazzzeitung.de\\\/cms\\\/#\\\/schema\\\/logo\\\/image\\\/\"},\"sameAs\":[\"https:\\\/\\\/www.facebook.com\\\/JazzZeitung\\\/\"]},{\"@type\":\"Person\",\"@id\":\"https:\\\/\\\/www.jazzzeitung.de\\\/cms\\\/#\\\/schema\\\/person\\\/2245b36b9cd1d24cea10f01c031fb92b\",\"name\":\"Redaktion JazzZeitung\",\"image\":{\"@type\":\"ImageObject\",\"inLanguage\":\"de\",\"@id\":\"https:\\\/\\\/i0.wp.com\\\/www.jazzzeitung.de\\\/cms\\\/wp-content\\\/uploads\\\/2015\\\/08\\\/JAZZZEITUNGDE_Logo_Neu.png?resize=96%2C96&ssl=159975dcacb611b5700bd619b5daf0a7a\",\"url\":\"https:\\\/\\\/i0.wp.com\\\/www.jazzzeitung.de\\\/cms\\\/wp-content\\\/uploads\\\/2015\\\/08\\\/JAZZZEITUNGDE_Logo_Neu.png?resize=96%2C96&ssl=1\",\"contentUrl\":\"https:\\\/\\\/i0.wp.com\\\/www.jazzzeitung.de\\\/cms\\\/wp-content\\\/uploads\\\/2015\\\/08\\\/JAZZZEITUNGDE_Logo_Neu.png?resize=96%2C96&ssl=1\",\"caption\":\"Redaktion JazzZeitung\"},\"description\":\"Artikel der Redaktion der JazzZeitung.\",\"sameAs\":[\"http:\\\/\\\/www.jazzzeitung.de\\\/cms\\\/\"],\"url\":\"https:\\\/\\\/www.jazzzeitung.de\\\/cms\\\/author\\\/redaktion\\\/\"}]}<\/script>\n<!-- \/ Yoast SEO plugin. -->","yoast_head_json":{"title":"Helmut Nieberle und Milorad Romic: Gitarren-Duo mit anarchischer Note - JazzZeitung","robots":{"index":"index","follow":"follow","max-snippet":"max-snippet:-1","max-image-preview":"max-image-preview:large","max-video-preview":"max-video-preview:-1"},"canonical":"https:\/\/www.jazzzeitung.de\/cms\/2017\/09\/helmut-nieberle-und-milorad-romic-gitarren-duo-mit-anarchischer-note\/","og_locale":"de_DE","og_type":"article","og_title":"Helmut Nieberle und Milorad Romic: Gitarren-Duo mit anarchischer Note - JazzZeitung","og_description":"F\u00fcr viele Regensburger geh\u00f6ren die Serenadenkonzerte von Milorad Romic seit Jahren fest zum sommerlichen Ritual. Heuer gestaltete er das Programm zusammen mit Helmut Nieberle, einem langj\u00e4hrigen Partner, mit dem er aktuell ein Doppelalbum ver\u00f6ffentlicht hat. Im lauschigen Herzogspark bekam die Musik der beiden seelenverwandten und dabei ungleichen Gitarristen eine ganz eigene poetische Note voller Leichtigkeit und Grazie, aber auch Tiefe und gelegentlicher Dramatik. Diese und noch viele andere Eindr\u00fccke vermittelt auch das Album \u201eSolo Due\u201c. Es ist bei Bobtale Records erschienen, dem vom Abensberger Bob R\u00fcckerl gegr\u00fcndeten Label, das die damalige Partnerin des mit gerade mal 52 Jahren 2009 verstorbenen Musikers weiterf\u00fchrt. Neu an der Doppel-CD, welche die sch\u00f6nsten von Romic und Nieberle eingespielten Werke von 1994 bis 2017 enth\u00e4lt, ist eigentlich nur der zweite Teil. Der erste ist eine Wiederauflage eines 1994, nicht \u00a0lange nach Romic` Flucht aus Kroatien und \u00dcbersiedlung nach Deutschland vom Bayerischen Rundfunk im Studio N\u00fcrnberg aufgenommenen Album. Es enth\u00e4lt von Nieberle arrangierte Musik von Bach bis Angel Villoldo, Lothar Br\u00fchne bis zu Michael Jarys politisch ambivalentem Evergreen \u201eIch wei\u00df, es wird einmal ein Wunder geschehen\u201c. Nicht ganz so bunt und &hellip;","og_url":"https:\/\/www.jazzzeitung.de\/cms\/2017\/09\/helmut-nieberle-und-milorad-romic-gitarren-duo-mit-anarchischer-note\/","og_site_name":"JazzZeitung","article_publisher":"https:\/\/www.facebook.com\/JazzZeitung\/","article_published_time":"2017-09-22T08:40:23+00:00","article_modified_time":"2017-10-15T10:43:51+00:00","og_image":[{"width":656,"height":600,"url":"https:\/\/www.jazzzeitung.de\/cms\/wp-content\/uploads\/2017\/09\/Romic-Nieberle-656x600.jpg","type":"image\/jpeg"}],"author":"Redaktion JazzZeitung","schema":{"@context":"https:\/\/schema.org","@graph":[{"@type":"Article","@id":"https:\/\/www.jazzzeitung.de\/cms\/2017\/09\/helmut-nieberle-und-milorad-romic-gitarren-duo-mit-anarchischer-note\/#article","isPartOf":{"@id":"https:\/\/www.jazzzeitung.de\/cms\/2017\/09\/helmut-nieberle-und-milorad-romic-gitarren-duo-mit-anarchischer-note\/"},"author":{"name":"Redaktion JazzZeitung","@id":"https:\/\/www.jazzzeitung.de\/cms\/#\/schema\/person\/2245b36b9cd1d24cea10f01c031fb92b"},"headline":"Helmut Nieberle und Milorad Romic: Gitarren-Duo mit anarchischer Note","datePublished":"2017-09-22T08:40:23+00:00","dateModified":"2017-10-15T10:43:51+00:00","mainEntityOfPage":{"@id":"https:\/\/www.jazzzeitung.de\/cms\/2017\/09\/helmut-nieberle-und-milorad-romic-gitarren-duo-mit-anarchischer-note\/"},"wordCount":467,"commentCount":0,"publisher":{"@id":"https:\/\/www.jazzzeitung.de\/cms\/#organization"},"image":{"@id":"https:\/\/www.jazzzeitung.de\/cms\/2017\/09\/helmut-nieberle-und-milorad-romic-gitarren-duo-mit-anarchischer-note\/#primaryimage"},"thumbnailUrl":"https:\/\/i0.wp.com\/www.jazzzeitung.de\/cms\/wp-content\/uploads\/2017\/09\/Romic-Nieberle.jpg?fit=1535%2C1405&ssl=1","keywords":["Album","CD","Deutschland","duo","Helmut Nieberle","Klassik","Label","Michael Scheiner","N\u00fcrnberg","reinhardt","Rundfunk","Swing"],"articleSection":["Rezension"],"inLanguage":"de","potentialAction":[{"@type":"CommentAction","name":"Comment","target":["https:\/\/www.jazzzeitung.de\/cms\/2017\/09\/helmut-nieberle-und-milorad-romic-gitarren-duo-mit-anarchischer-note\/#respond"]}]},{"@type":"WebPage","@id":"https:\/\/www.jazzzeitung.de\/cms\/2017\/09\/helmut-nieberle-und-milorad-romic-gitarren-duo-mit-anarchischer-note\/","url":"https:\/\/www.jazzzeitung.de\/cms\/2017\/09\/helmut-nieberle-und-milorad-romic-gitarren-duo-mit-anarchischer-note\/","name":"Helmut Nieberle und Milorad Romic: Gitarren-Duo mit anarchischer Note - JazzZeitung","isPartOf":{"@id":"https:\/\/www.jazzzeitung.de\/cms\/#website"},"primaryImageOfPage":{"@id":"https:\/\/www.jazzzeitung.de\/cms\/2017\/09\/helmut-nieberle-und-milorad-romic-gitarren-duo-mit-anarchischer-note\/#primaryimage"},"image":{"@id":"https:\/\/www.jazzzeitung.de\/cms\/2017\/09\/helmut-nieberle-und-milorad-romic-gitarren-duo-mit-anarchischer-note\/#primaryimage"},"thumbnailUrl":"https:\/\/i0.wp.com\/www.jazzzeitung.de\/cms\/wp-content\/uploads\/2017\/09\/Romic-Nieberle.jpg?fit=1535%2C1405&ssl=1","datePublished":"2017-09-22T08:40:23+00:00","dateModified":"2017-10-15T10:43:51+00:00","breadcrumb":{"@id":"https:\/\/www.jazzzeitung.de\/cms\/2017\/09\/helmut-nieberle-und-milorad-romic-gitarren-duo-mit-anarchischer-note\/#breadcrumb"},"inLanguage":"de","potentialAction":[{"@type":"ReadAction","target":["https:\/\/www.jazzzeitung.de\/cms\/2017\/09\/helmut-nieberle-und-milorad-romic-gitarren-duo-mit-anarchischer-note\/"]}]},{"@type":"ImageObject","inLanguage":"de","@id":"https:\/\/www.jazzzeitung.de\/cms\/2017\/09\/helmut-nieberle-und-milorad-romic-gitarren-duo-mit-anarchischer-note\/#primaryimage","url":"https:\/\/i0.wp.com\/www.jazzzeitung.de\/cms\/wp-content\/uploads\/2017\/09\/Romic-Nieberle.jpg?fit=1535%2C1405&ssl=1","contentUrl":"https:\/\/i0.wp.com\/www.jazzzeitung.de\/cms\/wp-content\/uploads\/2017\/09\/Romic-Nieberle.jpg?fit=1535%2C1405&ssl=1","width":1535,"height":1405},{"@type":"BreadcrumbList","@id":"https:\/\/www.jazzzeitung.de\/cms\/2017\/09\/helmut-nieberle-und-milorad-romic-gitarren-duo-mit-anarchischer-note\/#breadcrumb","itemListElement":[{"@type":"ListItem","position":1,"name":"Startseite","item":"https:\/\/www.jazzzeitung.de\/cms\/"},{"@type":"ListItem","position":2,"name":"Helmut Nieberle und Milorad Romic: Gitarren-Duo mit anarchischer Note"}]},{"@type":"WebSite","@id":"https:\/\/www.jazzzeitung.de\/cms\/#website","url":"https:\/\/www.jazzzeitung.de\/cms\/","name":"JazzZeitung","description":"Jazz-News und Jazz-Kontroverses","publisher":{"@id":"https:\/\/www.jazzzeitung.de\/cms\/#organization"},"potentialAction":[{"@type":"SearchAction","target":{"@type":"EntryPoint","urlTemplate":"https:\/\/www.jazzzeitung.de\/cms\/?s={search_term_string}"},"query-input":{"@type":"PropertyValueSpecification","valueRequired":true,"valueName":"search_term_string"}}],"inLanguage":"de"},{"@type":"Organization","@id":"https:\/\/www.jazzzeitung.de\/cms\/#organization","name":"JazzZeitung online","url":"https:\/\/www.jazzzeitung.de\/cms\/","logo":{"@type":"ImageObject","inLanguage":"de","@id":"https:\/\/www.jazzzeitung.de\/cms\/#\/schema\/logo\/image\/","url":"https:\/\/i0.wp.com\/www.jazzzeitung.de\/cms\/wp-content\/uploads\/2015\/08\/JAZZZEITUNGDE_Logo_Neu.png?fit=499%2C200&ssl=1","contentUrl":"https:\/\/i0.wp.com\/www.jazzzeitung.de\/cms\/wp-content\/uploads\/2015\/08\/JAZZZEITUNGDE_Logo_Neu.png?fit=499%2C200&ssl=1","width":499,"height":200,"caption":"JazzZeitung online"},"image":{"@id":"https:\/\/www.jazzzeitung.de\/cms\/#\/schema\/logo\/image\/"},"sameAs":["https:\/\/www.facebook.com\/JazzZeitung\/"]},{"@type":"Person","@id":"https:\/\/www.jazzzeitung.de\/cms\/#\/schema\/person\/2245b36b9cd1d24cea10f01c031fb92b","name":"Redaktion JazzZeitung","image":{"@type":"ImageObject","inLanguage":"de","@id":"https:\/\/i0.wp.com\/www.jazzzeitung.de\/cms\/wp-content\/uploads\/2015\/08\/JAZZZEITUNGDE_Logo_Neu.png?resize=96%2C96&ssl=159975dcacb611b5700bd619b5daf0a7a","url":"https:\/\/i0.wp.com\/www.jazzzeitung.de\/cms\/wp-content\/uploads\/2015\/08\/JAZZZEITUNGDE_Logo_Neu.png?resize=96%2C96&ssl=1","contentUrl":"https:\/\/i0.wp.com\/www.jazzzeitung.de\/cms\/wp-content\/uploads\/2015\/08\/JAZZZEITUNGDE_Logo_Neu.png?resize=96%2C96&ssl=1","caption":"Redaktion JazzZeitung"},"description":"Artikel der Redaktion der JazzZeitung.","sameAs":["http:\/\/www.jazzzeitung.de\/cms\/"],"url":"https:\/\/www.jazzzeitung.de\/cms\/author\/redaktion\/"}]}},"wp-worthy-pixel":{"ignored":false,"public":null,"server":null,"url":null},"wp-worthy-type":"normal","jetpack_publicize_connections":[],"cc_featured_image_caption":{"caption_text":false,"source_text":false,"source_url":false},"jetpack_featured_media_url":"https:\/\/i0.wp.com\/www.jazzzeitung.de\/cms\/wp-content\/uploads\/2017\/09\/Romic-Nieberle.jpg?fit=1535%2C1405&ssl=1","jetpack_shortlink":"https:\/\/wp.me\/p3KEcT-3x8","jetpack-related-posts":[{"id":2375,"url":"https:\/\/www.jazzzeitung.de\/cms\/2013\/10\/helmut-nieberle-und-howard-alden-beim-weidener-jazzherbst\/","url_meta":{"origin":13586,"position":0},"title":"Helmut Nieberle und Howard Alden beim Weidener Jazzherbst","author":"Redaktion JazzZeitung","date":"2. Oktober 2013","format":false,"excerpt":"Zwei Gitarristen, die zu den besten der Welt geh\u00f6ren stehen am Samstag, dem 12. Oktober, ab 20.00 Uhr im Bistrot Paris in Weiden (am Schl\u00f6rplatz, Sebastianstr. 2) auf der B\u00fchne und werden eine ganz besondere Klangwelt des Jazz abbilden: Howard Alden und Helmut Nieberle. Howard Alden geh\u00f6rt zu den weltweit\u2026","rel":"","context":"In &quot;News&quot;","block_context":{"text":"News","link":"https:\/\/www.jazzzeitung.de\/cms\/thema\/nachrichten\/"},"img":{"alt_text":"","src":"","width":0,"height":0},"classes":[]},{"id":20467,"url":"https:\/\/www.jazzzeitung.de\/cms\/2019\/08\/zwei-neue-alben-von-helmut-nieberle\/","url_meta":{"origin":13586,"position":1},"title":"Auf zwei neuen CDs brilliert Helmut Nieberle als Komponist und Begleiter","author":"Juan Martin Koch","date":"22. August 2019","format":false,"excerpt":"\u201eDen \u201aMagic Moment\u2018 kenne ich eher nicht, ich muss mich bewusst hinsetzen.\u201c Wenn man den Gitarristen Helmut Nieberle danach fragt, wie er neue St\u00fccke schreibt, klingt die Antwort recht lapidar: \u201eEin melodischer Gedanke kann schon mal ein Einfall sein, aber der Rest ist einfach Arbeit.\u201c Dass er das Handwerk des\u2026","rel":"","context":"In &quot;Rezension&quot;","block_context":{"text":"Rezension","link":"https:\/\/www.jazzzeitung.de\/cms\/thema\/rezension\/"},"img":{"alt_text":"","src":"https:\/\/i0.wp.com\/www.jazzzeitung.de\/cms\/wp-content\/uploads\/2019\/08\/Helmut-Nieberle-c-JM-Koch.jpg?fit=1200%2C900&ssl=1&resize=350%2C200","width":350,"height":200,"srcset":"https:\/\/i0.wp.com\/www.jazzzeitung.de\/cms\/wp-content\/uploads\/2019\/08\/Helmut-Nieberle-c-JM-Koch.jpg?fit=1200%2C900&ssl=1&resize=350%2C200 1x, https:\/\/i0.wp.com\/www.jazzzeitung.de\/cms\/wp-content\/uploads\/2019\/08\/Helmut-Nieberle-c-JM-Koch.jpg?fit=1200%2C900&ssl=1&resize=525%2C300 1.5x, https:\/\/i0.wp.com\/www.jazzzeitung.de\/cms\/wp-content\/uploads\/2019\/08\/Helmut-Nieberle-c-JM-Koch.jpg?fit=1200%2C900&ssl=1&resize=700%2C400 2x, https:\/\/i0.wp.com\/www.jazzzeitung.de\/cms\/wp-content\/uploads\/2019\/08\/Helmut-Nieberle-c-JM-Koch.jpg?fit=1200%2C900&ssl=1&resize=1050%2C600 3x"},"classes":[]},{"id":21878,"url":"https:\/\/www.jazzzeitung.de\/cms\/2020\/02\/tod_helmut_nieberle\/","url_meta":{"origin":13586,"position":2},"title":"Der \u00fcbers Griffbrett tanzt \u2013 zum Tod Helmut Nieberles","author":"Juan Martin Koch","date":"11. Februar 2020","format":false,"excerpt":"Das kann einem als jungem Jazz-Novizen schon mal passieren: Da lauscht man einer Swing-Combo und ordnet das aberwitzige Speed-Solo jenem Instrumentalisten zu, der mit vollem K\u00f6rpereinsatz in die Saiten greift. Erst sp\u00e4ter wird einem klar, dass es sich hierbei um den Rhythmus-Gitarristen handelt\u2026 Der Solist ist jener, der da ganz\u2026","rel":"","context":"In &quot;Bericht&quot;","block_context":{"text":"Bericht","link":"https:\/\/www.jazzzeitung.de\/cms\/thema\/bericht\/"},"img":{"alt_text":"Helmut Nieberle","src":"https:\/\/i0.wp.com\/www.jazzzeitung.de\/cms\/wp-content\/uploads\/2020\/02\/Helmut-Nieberle-4-SW-c-JM-Koch1.jpg?fit=1200%2C900&ssl=1&resize=350%2C200","width":350,"height":200,"srcset":"https:\/\/i0.wp.com\/www.jazzzeitung.de\/cms\/wp-content\/uploads\/2020\/02\/Helmut-Nieberle-4-SW-c-JM-Koch1.jpg?fit=1200%2C900&ssl=1&resize=350%2C200 1x, https:\/\/i0.wp.com\/www.jazzzeitung.de\/cms\/wp-content\/uploads\/2020\/02\/Helmut-Nieberle-4-SW-c-JM-Koch1.jpg?fit=1200%2C900&ssl=1&resize=525%2C300 1.5x, https:\/\/i0.wp.com\/www.jazzzeitung.de\/cms\/wp-content\/uploads\/2020\/02\/Helmut-Nieberle-4-SW-c-JM-Koch1.jpg?fit=1200%2C900&ssl=1&resize=700%2C400 2x, https:\/\/i0.wp.com\/www.jazzzeitung.de\/cms\/wp-content\/uploads\/2020\/02\/Helmut-Nieberle-4-SW-c-JM-Koch1.jpg?fit=1200%2C900&ssl=1&resize=1050%2C600 3x"},"classes":[]},{"id":13319,"url":"https:\/\/www.jazzzeitung.de\/cms\/2017\/08\/feuriger-gypsy-swing-im-prasselnden-regen\/","url_meta":{"origin":13586,"position":3},"title":"Feuriger Gypsy-Swing im prasselnden Regen","author":"Redaktion JazzZeitung","date":"12. August 2017","format":false,"excerpt":"Au\u00dfergew\u00f6hnliche Band um den Gitarristen Helmut Nieberle l\u00e4sst beim Konzert im Regensburger Thon-Dittmer-Palais die Musik Django Reinhardts und Stephane Grappellis aufleben\u00a0 Es ist eines der ungew\u00f6hnlichsten Konzerte des Jahres gewesen \u2013 musikalisch, aber auch von den Umst\u00e4nden her. Soviel kann man schon jetzt \u00fcber das Tribute-Konzert f\u00fcr\u00a0 Django Reinhardt und\u2026","rel":"","context":"In &quot;Galerie&quot;","block_context":{"text":"Galerie","link":"https:\/\/www.jazzzeitung.de\/cms\/thema\/galerie\/"},"img":{"alt_text":"","src":"https:\/\/i0.wp.com\/www.jazzzeitung.de\/cms\/wp-content\/uploads\/2017\/08\/image001.jpg?resize=350%2C200","width":350,"height":200,"srcset":"https:\/\/i0.wp.com\/www.jazzzeitung.de\/cms\/wp-content\/uploads\/2017\/08\/image001.jpg?resize=350%2C200 1x, https:\/\/i0.wp.com\/www.jazzzeitung.de\/cms\/wp-content\/uploads\/2017\/08\/image001.jpg?resize=525%2C300 1.5x, https:\/\/i0.wp.com\/www.jazzzeitung.de\/cms\/wp-content\/uploads\/2017\/08\/image001.jpg?resize=700%2C400 2x, https:\/\/i0.wp.com\/www.jazzzeitung.de\/cms\/wp-content\/uploads\/2017\/08\/image001.jpg?resize=1050%2C600 3x"},"classes":[]},{"id":28170,"url":"https:\/\/www.jazzzeitung.de\/cms\/2022\/08\/wilden-saiten-taete-auffrischung-gut-cordes-sauvages-tribute-fuer-django-reinhardt\/","url_meta":{"origin":13586,"position":4},"title":"\u201eWilden Saiten\u201c t\u00e4te Auffrischung gut: Cordes Sauvages&#8216; Tribute f\u00fcr Django Reinhardt","author":"Michael Scheiner","date":"18. August 2022","format":false,"excerpt":"Regensburg. Die \u201ewilden Saiten\u201c, als Cordes Sauvages seit langem ein fester Begriff der hiesigen Musikszene, sind in letzter Zeit schwer gebeutelt worden. Vor \u00fcber zwei Jahren ist ihr musikalischer Mastermind, der Gitarrist, Arrangeur und Komponist Helmut Nieberle, mit gerade mal 63 Jahren verstorben. Beim diesj\u00e4hrigen Palazzo-Auftritt fehlte unerwartet Gitarrist Ferry\u2026","rel":"","context":"In &quot;Bericht&quot;","block_context":{"text":"Bericht","link":"https:\/\/www.jazzzeitung.de\/cms\/thema\/bericht\/"},"img":{"alt_text":"","src":"https:\/\/i0.wp.com\/www.jazzzeitung.de\/cms\/wp-content\/uploads\/2022\/08\/sauvage-cordes_38.jpg?fit=1200%2C828&ssl=1&resize=350%2C200","width":350,"height":200,"srcset":"https:\/\/i0.wp.com\/www.jazzzeitung.de\/cms\/wp-content\/uploads\/2022\/08\/sauvage-cordes_38.jpg?fit=1200%2C828&ssl=1&resize=350%2C200 1x, https:\/\/i0.wp.com\/www.jazzzeitung.de\/cms\/wp-content\/uploads\/2022\/08\/sauvage-cordes_38.jpg?fit=1200%2C828&ssl=1&resize=525%2C300 1.5x, https:\/\/i0.wp.com\/www.jazzzeitung.de\/cms\/wp-content\/uploads\/2022\/08\/sauvage-cordes_38.jpg?fit=1200%2C828&ssl=1&resize=700%2C400 2x, https:\/\/i0.wp.com\/www.jazzzeitung.de\/cms\/wp-content\/uploads\/2022\/08\/sauvage-cordes_38.jpg?fit=1200%2C828&ssl=1&resize=1050%2C600 3x"},"classes":[]},{"id":17307,"url":"https:\/\/www.jazzzeitung.de\/cms\/2018\/09\/mehr-frauen-mehr-europa-der-jazzclub-regensburg-meldet-sich-mit-einem-stilistisch-vielseitigen-und-regional-gepraegten-programm-zurueck\/","url_meta":{"origin":13586,"position":5},"title":"Mehr Frauen, mehr Europa: Der Jazzclub Regensburg meldet sich mit einem stilistisch vielseitigen und regional gepr\u00e4gten Programm zur\u00fcck","author":"Redaktion JazzZeitung","date":"25. September 2018","format":false,"excerpt":"Weiblich, europ\u00e4isch, jung. Es sind Merkmale, die wie ein gesellschaftliches oder politisches Statement erscheinen. Tats\u00e4chlich vermitteln sie einen ersten Eindruck vom Herbstprogramm des Jazzclub Regensburg. Von den bislang rund 15 Konzerten, die bis Dezember den Leeren Beutel mit cool swingenden und soulig hei\u00dfen Kl\u00e4ngen f\u00fcllen, wird fast die H\u00e4lfte von\u2026","rel":"","context":"In &quot;Bericht&quot;","block_context":{"text":"Bericht","link":"https:\/\/www.jazzzeitung.de\/cms\/thema\/bericht\/"},"img":{"alt_text":"","src":"https:\/\/i0.wp.com\/www.jazzzeitung.de\/cms\/wp-content\/uploads\/2018\/02\/Stephanie-Lottermoser-Foto-TJ-Krebs-jazzphotoagency%40web.de_.jpg?fit=1200%2C807&ssl=1&resize=350%2C200","width":350,"height":200,"srcset":"https:\/\/i0.wp.com\/www.jazzzeitung.de\/cms\/wp-content\/uploads\/2018\/02\/Stephanie-Lottermoser-Foto-TJ-Krebs-jazzphotoagency%40web.de_.jpg?fit=1200%2C807&ssl=1&resize=350%2C200 1x, https:\/\/i0.wp.com\/www.jazzzeitung.de\/cms\/wp-content\/uploads\/2018\/02\/Stephanie-Lottermoser-Foto-TJ-Krebs-jazzphotoagency%40web.de_.jpg?fit=1200%2C807&ssl=1&resize=525%2C300 1.5x, https:\/\/i0.wp.com\/www.jazzzeitung.de\/cms\/wp-content\/uploads\/2018\/02\/Stephanie-Lottermoser-Foto-TJ-Krebs-jazzphotoagency%40web.de_.jpg?fit=1200%2C807&ssl=1&resize=700%2C400 2x, https:\/\/i0.wp.com\/www.jazzzeitung.de\/cms\/wp-content\/uploads\/2018\/02\/Stephanie-Lottermoser-Foto-TJ-Krebs-jazzphotoagency%40web.de_.jpg?fit=1200%2C807&ssl=1&resize=1050%2C600 3x"},"classes":[]}],"jetpack_sharing_enabled":true,"_links":{"self":[{"href":"https:\/\/www.jazzzeitung.de\/cms\/wp-json\/wp\/v2\/posts\/13586","targetHints":{"allow":["GET"]}}],"collection":[{"href":"https:\/\/www.jazzzeitung.de\/cms\/wp-json\/wp\/v2\/posts"}],"about":[{"href":"https:\/\/www.jazzzeitung.de\/cms\/wp-json\/wp\/v2\/types\/post"}],"author":[{"embeddable":true,"href":"https:\/\/www.jazzzeitung.de\/cms\/wp-json\/wp\/v2\/users\/18"}],"replies":[{"embeddable":true,"href":"https:\/\/www.jazzzeitung.de\/cms\/wp-json\/wp\/v2\/comments?post=13586"}],"version-history":[{"count":5,"href":"https:\/\/www.jazzzeitung.de\/cms\/wp-json\/wp\/v2\/posts\/13586\/revisions"}],"predecessor-version":[{"id":13840,"href":"https:\/\/www.jazzzeitung.de\/cms\/wp-json\/wp\/v2\/posts\/13586\/revisions\/13840"}],"wp:featuredmedia":[{"embeddable":true,"href":"https:\/\/www.jazzzeitung.de\/cms\/wp-json\/wp\/v2\/media\/13588"}],"wp:attachment":[{"href":"https:\/\/www.jazzzeitung.de\/cms\/wp-json\/wp\/v2\/media?parent=13586"}],"wp:term":[{"taxonomy":"category","embeddable":true,"href":"https:\/\/www.jazzzeitung.de\/cms\/wp-json\/wp\/v2\/categories?post=13586"},{"taxonomy":"post_tag","embeddable":true,"href":"https:\/\/www.jazzzeitung.de\/cms\/wp-json\/wp\/v2\/tags?post=13586"},{"taxonomy":"author","embeddable":true,"href":"https:\/\/www.jazzzeitung.de\/cms\/wp-json\/wp\/v2\/coauthors?post=13586"}],"curies":[{"name":"wp","href":"https:\/\/api.w.org\/{rel}","templated":true}]}}