{"id":13532,"date":"2017-09-14T12:12:55","date_gmt":"2017-09-14T10:12:55","guid":{"rendered":"https:\/\/www.jazzzeitung.de\/cms\/?p=13532"},"modified":"2017-09-14T12:12:55","modified_gmt":"2017-09-14T10:12:55","slug":"news-bayreuther-jazz-november-jazzwoche-hannover-goettinger-jazzfestival","status":"publish","type":"post","link":"https:\/\/www.jazzzeitung.de\/cms\/2017\/09\/news-bayreuther-jazz-november-jazzwoche-hannover-goettinger-jazzfestival\/","title":{"rendered":"+++ news +++ Bayreuther Jazz-November +++ Jazzwoche Hannover +++ G\u00f6ttinger Jazzfestival +++"},"content":{"rendered":"<h3><strong>+++ Bayreuther Jazz-November +++<br \/>\n<\/strong><\/h3>\n<p><a href=\"https:\/\/i0.wp.com\/www.jazzzeitung.de\/cms\/wp-content\/uploads\/2017\/09\/Jazzrausch-Bigband.jpg?ssl=1\"><img data-recalc-dims=\"1\" loading=\"lazy\" decoding=\"async\" data-attachment-id=\"13533\" data-permalink=\"https:\/\/www.jazzzeitung.de\/cms\/2017\/09\/news-bayreuther-jazz-november-jazzwoche-hannover-goettinger-jazzfestival\/jazzrausch-bigband\/\" data-orig-file=\"https:\/\/i0.wp.com\/www.jazzzeitung.de\/cms\/wp-content\/uploads\/2017\/09\/Jazzrausch-Bigband.jpg?fit=2400%2C1600&amp;ssl=1\" data-orig-size=\"2400,1600\" data-comments-opened=\"1\" data-image-meta=\"{&quot;aperture&quot;:&quot;0&quot;,&quot;credit&quot;:&quot;&quot;,&quot;camera&quot;:&quot;&quot;,&quot;caption&quot;:&quot;&quot;,&quot;created_timestamp&quot;:&quot;0&quot;,&quot;copyright&quot;:&quot;&quot;,&quot;focal_length&quot;:&quot;0&quot;,&quot;iso&quot;:&quot;0&quot;,&quot;shutter_speed&quot;:&quot;0&quot;,&quot;title&quot;:&quot;&quot;,&quot;orientation&quot;:&quot;0&quot;}\" data-image-title=\"Jazzrausch-Bigband\" data-image-description=\"\" data-image-caption=\"\" data-large-file=\"https:\/\/i0.wp.com\/www.jazzzeitung.de\/cms\/wp-content\/uploads\/2017\/09\/Jazzrausch-Bigband.jpg?fit=840%2C560&amp;ssl=1\" class=\"alignright size-thumbnail wp-image-13533\" src=\"https:\/\/i0.wp.com\/www.jazzzeitung.de\/cms\/wp-content\/uploads\/2017\/09\/Jazzrausch-Bigband.jpg?resize=150%2C150&#038;ssl=1\" alt=\"\" width=\"150\" height=\"150\" srcset=\"https:\/\/i0.wp.com\/www.jazzzeitung.de\/cms\/wp-content\/uploads\/2017\/09\/Jazzrausch-Bigband.jpg?resize=150%2C150&amp;ssl=1 150w, https:\/\/i0.wp.com\/www.jazzzeitung.de\/cms\/wp-content\/uploads\/2017\/09\/Jazzrausch-Bigband.jpg?resize=144%2C144&amp;ssl=1 144w, https:\/\/i0.wp.com\/www.jazzzeitung.de\/cms\/wp-content\/uploads\/2017\/09\/Jazzrausch-Bigband.jpg?resize=96%2C96&amp;ssl=1 96w, https:\/\/i0.wp.com\/www.jazzzeitung.de\/cms\/wp-content\/uploads\/2017\/09\/Jazzrausch-Bigband.jpg?resize=24%2C24&amp;ssl=1 24w, https:\/\/i0.wp.com\/www.jazzzeitung.de\/cms\/wp-content\/uploads\/2017\/09\/Jazzrausch-Bigband.jpg?resize=36%2C36&amp;ssl=1 36w, https:\/\/i0.wp.com\/www.jazzzeitung.de\/cms\/wp-content\/uploads\/2017\/09\/Jazzrausch-Bigband.jpg?resize=48%2C48&amp;ssl=1 48w, https:\/\/i0.wp.com\/www.jazzzeitung.de\/cms\/wp-content\/uploads\/2017\/09\/Jazzrausch-Bigband.jpg?resize=64%2C64&amp;ssl=1 64w, https:\/\/i0.wp.com\/www.jazzzeitung.de\/cms\/wp-content\/uploads\/2017\/09\/Jazzrausch-Bigband.jpg?resize=32%2C32&amp;ssl=1 32w, https:\/\/i0.wp.com\/www.jazzzeitung.de\/cms\/wp-content\/uploads\/2017\/09\/Jazzrausch-Bigband.jpg?resize=50%2C50&amp;ssl=1 50w, https:\/\/i0.wp.com\/www.jazzzeitung.de\/cms\/wp-content\/uploads\/2017\/09\/Jazzrausch-Bigband.jpg?resize=128%2C128&amp;ssl=1 128w, https:\/\/i0.wp.com\/www.jazzzeitung.de\/cms\/wp-content\/uploads\/2017\/09\/Jazzrausch-Bigband.jpg?zoom=2&amp;resize=150%2C150&amp;ssl=1 300w, https:\/\/i0.wp.com\/www.jazzzeitung.de\/cms\/wp-content\/uploads\/2017\/09\/Jazzrausch-Bigband.jpg?zoom=3&amp;resize=150%2C150&amp;ssl=1 450w\" sizes=\"auto, (max-width: 150px) 100vw, 150px\" \/><\/a>Der Bayreuther Jazz-November pr\u00e4sentiert sich in seinem elften Jahr vom 9. bis 12. November musikalisch noch breiter aufgestellt. Das mehrfach ausgezeichnete Jazzforum (Kulturpreis 2017 der Stadt Bayreuth, Spielst\u00e4ttenprogrammpreis bzw. APPLAUS 2013, 2014 und 2016) z\u00fcndet als Veranstalter die n\u00e4chste Stufe f\u00fcr das Herzensprojekt Bayreuther Jazz-November. Beinahe k\u00f6nnte man ihn \u201eAllstar-Jazz-November\u201c nennen, wenn da nicht die Sp\u00e4tkonzerte w\u00e4ren mit spannenden jungen Projekten. Wenn an den Festivaltagen um 20 Uhr die Jazzgr\u00f6\u00dfen Makiko Hirabayashi, Marilyn Mazur, Rolf K\u00fchn, Jasper van\u2018t Hof, Tony Lakatos, Wolfgang Haffner oder Christopher Dell auf der B\u00fchne im Becher stehen, machen sich die jungen Wilden schon mal warm: Mario Rom im Glashaus oder die fulminante Jazzrausch Bigband und die meistgeh\u00f6rte deutsche Jazz-Soul-Stimme Pat Appleton im Lamperium.<\/p>\n<p>In Kooperation mit den Kulturfreunden Bayreuth kommt sogar ein ganzes Orchester auf die B\u00fchne des Zentrum, um mit dem David Gazarov Trio und der S\u00e4ngerin Fola Dada den Sonntag Nachmittag mit dem Great American Songbook zu vers\u00fc\u00dfen. In den Werkst\u00e4tten der Klaviermanufaktur Steingraeber &amp; S\u00f6hne gibt es einen Workshop f\u00fcr Kinder mit Percussion am halbfertigen Fl\u00fcgel. Und zusammen mit Kino ist Programm e.V. bringt das Jazzforum an zwei Abenden Jazz auf die Leinwand.<\/p>\n<p>Doch nicht nur die Zahl der Konzerte ist in diesem Jahr ungew\u00f6hnlich hoch: Mit dem Becher-Saal, der Klaviermanfaktur Steingraeber &amp; S\u00f6hne, dem Glashaus, dem Lamperium, dem Iwalewahaus und dem Zentrum sind auch so viele Bayreuther Orte beteiligt wie nie zuvor. So werden aus sechs Festival-Events ganze elf \u2013 der bisher gr\u00f6\u00dfte Jazz-November also. Doch die wichtigsten Bausteine sind \u2013 wie immer \u2013 die hohe Qualit\u00e4t der Musiker und die musikalische Vielfalt.<\/p>\n<p><strong>Neu in diesem Jahr: Vorverkauf \u00fcber okticket<\/strong><\/p>\n<p>Ganz neu in diesem Jahr ist unser Partner f\u00fcr den Ticket-Vorverkauf: okticket. Damit sind Karten f\u00fcr den Jazz-November k\u00fcnftig an fast allen Vorverkaufsstellen in Nordbayern verf\u00fcgbar. Und f\u00fcr alle, die ihre Jazz-November Tickets online erwerben m\u00f6chten, gibt es von Kreditkartenzahlung bis zur \u00dcberweisung ein sehr breites Spektrum der Zahlungsm\u00f6glichkeiten. Reservieren Sie Ihre Jazz-November Tickets jetzt ganz bequem:<\/p>\n<p>Mit <strong>Makiko <\/strong>starten wir in den Jazz-November: Makiko Hirabayashi aus Japan, die Amerikanerin Marilyn Mazur und der D\u00e4ne Klavs Hovman sind eine wahre Weltb\u00fcrgertruppe. Das Trio schafft es, spielerisch die Musiktraditionen Japans und Skandinaviens in puren Modern Jazz zu weben \u2013 und so etwas ganz Eigenes, Einzigartiges entstehen zu lassen. Diese sanften, filigranen Klangwelten sind etwas f\u00fcr den Genie\u00dfer \u2013 und sicherlich ein Highlight im diesj\u00e4hrigen Jazz-November. Dieses feine Jazz-Trio von internationalem Rang nimmt seine Alben in M\u00fcnchen auf, lebt in Kopenhagen und bezaubert die ganze Welt.<\/p>\n<p><strong>Mario Rom\u2019s Interzone <\/strong>sind das aufstrebende Trompeten-Trio \u00d6sterreichs. Ihr Motto? Alles ist erlaubt! Was kommt dabei heraus? <em>Die Zeit <\/em>formuliert es so: \u201eUngest\u00fcm fr\u00e4sen sie ihre Bahn, r\u00e4umen alle stilistischen Wegweiser zur Seite, swingen, grooven, nehmen abrupt Tempo aus der Bewegung, kurz: Spielen, wie es ihnen die Energie gerade einfl\u00fcstert.\u201c Und wirklich: Die drei lassen sich in aller Brillanz vom Chaos leiten. Oder sind sie am Ende Herren dar\u00fcber? Friedrich Nietzsche \u2013 ein gro\u00dfer Freund Bayreuths \u2013 lie\u00df einst seinen Zarathustra sagen: \u201eMan muss noch Chaos in sich haben, um einen tanzenden Stern geb\u00e4ren zu k\u00f6nnen.\u201c Selten hat dieser Satz so sch\u00f6n gepasst, wie bei Mario Rom\u2019s Interzone, die ja selbst Stars sind, die gerade geboren werden: Vor unseren Augen. Darum spielen sie auch an jenem Ort in Bayreuth, der schon so viele kommende Stars gesehen hat: Dem Glashaus. Unser Sp\u00e4tkonzert am Donnerstagabend.<\/p>\n<p>Man sollte mit Etiketten wie \u201elebende Legende\u201c ja vorsichtig sein. Was aber, wenn die Bezeichnung nun einmal zutrifft? Unter den Jazz-Klarinettisten gibt es wohl kaum einen zweiten wie ihn: <strong>Rolf K\u00fchn<\/strong>. F\u00fcr <em>Die Welt <\/em>ist er noch mit \u00fcber Achtzig \u201eder coolste Jazzmusiker Deutschlands\u201c. F\u00fcr seinen \u2013 ebenfalls ber\u00fchmten \u2013 Bruder Joachim K\u00fchn ist sein neues Album \u201eSpotlights\u201c das \u201ebeste Album, das er bisher aufgenommen hat\u201c. Was kann bei diesem Konzert also noch schiefgehen? So d\u00fcrfen wir dieses Jahr im Jazz-November einen der gr\u00f6\u00dften deutschen Jazzer aller Zeiten begr\u00fc\u00dfen. Einen, der uns beweisen wird, dass man auch in fortgeschrittenem Alter noch Ideen, Einfallsreichtum und Jugend in sich tragen kann.<\/p>\n<p>Wann haben Sie das letzte Mal zu Jazz getanzt? So richtig getanzt, als ob es kein Morgen g\u00e4be? Die Zeit verfliegt, l\u00f6st sich auf. Man vergisst alles um sich herum, vergisst sich selbst und existiert nur noch in diesem elektrisierenden Moment, im Tanz. Wie? Das soll Jazz k\u00f6nnen? Oh ja! Aus M\u00fcnchen kommt die <strong>Jazzrausch Bigband<\/strong>, die angetreten ist, genau das zu beweisen. Dabei werden die Genres gern gleich ganz durcheinandergeworfen. So zermangeln sie schon mal Bruckners Sinfonien zwischen Techno und Jazz. Dahinter die Frage: Was w\u00e4re, wenn Anton Bruckner 1985 geboren w\u00e4re, nicht hundert Jahre fr\u00fcher? Welche Musik w\u00fcrde er wohl schreiben zwischen Klassik, Jazz und Dubstep? Statt einem klassischen Konzert kommt es im Lamperium zu einer musikalischen Kernschmelze imperialen Ausma\u00dfes. Zu einer Klangwucht, die so wohl einzigartig ist im europ\u00e4ischen Jazz. Hier soll, nein, muss getanzt werden.<\/p>\n<p>Nat\u00fcrlich gibt es auch in diesem Jahr eine <strong>Veranstaltung f\u00fcr Jugendliche<\/strong>. Das Haus Steingraeber scheut keine Kosten und M\u00fchen, um zusammen mit dem Bayreuther Jazzforum etwas f\u00fcr die Kleinen anzubieten: Zuerst gibt es eine F\u00fchrung durch die Klaviermanufaktur mit Imbiss. Pianist Victor Alc\u00e1ntara und Multiinstrumentalist Georg Alkofer unternehmen anschlie\u00dfend einen musikalischen Streifzug durch die Jazzgeschichte. Adventures in Jazz \u2013 Abenteuer im Jazz hei\u00dft diese musikalische Entdeckungsreise inklusive Mitmachteil.<\/p>\n<p>Es geht die M\u00e4r, der Bandname sei auf eine besonders scharfe Chili namens <strong>Pili-Pili<\/strong> zur\u00fcckzuf\u00fchren. An der brannte sich nach eigener Aussage Bandleader <strong>Jasper van\u2019t Hof<\/strong> auf einer Reise in Kinshasa so sehr, dass es ihm den Bandnamen wohl gleich mit eingebrannt hat. Als einer der ersten Europ\u00e4er holte er afrikanische Kl\u00e4nge in die westliche Jazz- und Club-Musik. Mit Synthesizern, afrikanischen Trommeln und warmen Frauenstimmen schuf Jasper van\u2019t Hof einen ganz eigenen Sound. Etwas, dass zu Beginn der Achtziger als hei\u00dfer galt als die N\u00e4chte Afrikas. Ein besonderer, afrikanischer Disko-Funk, der in den sch\u00e4rfsten Clubs Europas und Afrikas lief und dort die Nacht zum Gl\u00fchen brachte. Jasper van\u2019t Hof\u2019s Pili-Pili schlagen sozusagen die Br\u00fccke zum Jazz-November 2016 als es unter dem Motto Jaffrika um Jazz aus Afrika ging: Kaum jemand verbindet seit nun bald 35 Jahren so gekonnt die Musikwelt Afrikas mit der Mitteleuropas, wie <strong>Jasper Van\u2019t Hof Pili-Pili<\/strong>.<\/p>\n<p>Was f\u00fcr eine Stimme hat diese <strong>Pat Appleton<\/strong>! Nicht umsonst bezeichnete 3sat sie als eine der \u201ewichtigsten Stimmen des zeitgen\u00f6ssischen, deutschen Jazz\u201c. Eine Einsch\u00e4tzung, der man sich sofort anschlie\u00dft, h\u00f6rt man dieses leicht raue, kehlige in ihrer ansonsten so weichen Stimme. Als wolle uns Pat Appleton mit ihrem Soul ein Angebot machen, dass wir nicht ablehnen k\u00f6nnen \u2013 und wollen. Es ist Musik, die der Jazz-Liebhaber genie\u00dfen kann, die aber auch ins Ohr geht. Eine Einstiegsdroge in die Jazz-Sucht. Zu diesem Konzert k\u00f6nnen Sie getrost die Freunde und Familienmitglieder mitnehmen, die sonst nicht so auf Jazz stehen: Sie werden es Ihnen danken. Nat\u00fcrlich kommt Pat Appleton nicht alleine, insgesamt steht ein Quintett auf der B\u00fchne im Lamperium. Es verspricht ein feines Konzert zu werden mit fantastischen Musikern. Eines, das einen weiteren Aspekt der mitteleurop\u00e4ischen Jazz-Szene beleuchtet: Dass sich Jazz und Pop nicht ausschlie\u00dfen m\u00fcssen, sondern sich durchaus wohltuend erg\u00e4nzen k\u00f6nnen.<\/p>\n<p>Der Pianist <strong>David Gazarov<\/strong> ist ein weiteres gro\u00dfartiges Beispiel daf\u00fcr, welche Vielfalt und Internationalit\u00e4t im mitteleurop\u00e4ischen Jazz steckt. Geboren in Baku als Sohn einer Malerin und eines Musikers malt er heute mit T\u00f6nen \u2013 ist also zum komponierenden Jazz-Musiker geworden. Zusammen mit dem <strong>Stuttgarter Kammerorchester<\/strong> gibt es das \u201eGreat American Songbook\u201c zu h\u00f6ren. Eine Art \u201eBest of\u201c der gro\u00dfen Swing-St\u00fccke der 30er bis 60er Jahre. Genau auf diese Art Musik hat sich die geb\u00fcrtige Stuttgarterin <strong>Fola Dada<\/strong> spezialisiert. Sie bringt uns die Stimme und die Stimmung dieser Zeit n\u00e4her, deren Songs Klassiker f\u00fcr die Ewigkeit wurden. Ein Konzert, mit dem sich die Kulturfreunde Bayreuth auf besonders edle Weise in den Bayreuther Jazz-November 2017 einbringen. Die Br\u00fccke unseres Mitteleuropa-Jazz-Novembers zum \u201every American way of Jazz\u201c, unsere Br\u00fccke zur Klassik, unser \u201eGrand Concert\u201c. Wo k\u00f6nnte das passender stattfinden, als im Europasaal im Zentrum?<\/p>\n<p>Mit Rolf K\u00fchn haben wir bereits den \u201ecoolsten Jazzmusiker Deutschlands\u201c (Die Welt) beim Jazz-November zu Gast. <strong>Wolfgang Haffner<\/strong> wiederum nennen \u201emanche gerne den coolsten Schlagzeuger Deutschlands\u201c (ARDalpha). Der Oberfranke ist als Junge zum Jazz gekommen, wie die Jungfrau zum Kinde. Sein Vater war immerhin Kirchenmusiker \u2013 aber auch der erste, der mit ihm zusammen eine Platte von Dave Brubeck h\u00f6rte. \u201eIch habe eigentlich immer nur gemacht, worauf ich Lust hatte. Wenn sich etwas wie Arbeit anf\u00fchlt, dann l\u00e4uft etwas falsch\u201c, sagt Haffner selbst. Das merkt man auch seinem gerade erschienenen Album \u201eKind of Spain\u201c an, das er uns sozusagen frisch von der Presse mit in seine oberfr\u00e4nkische Heimat bringt. Zusammen mit Hip Hop-Jazzer Roberto di Gioia, Ringsgwandl-Bassisten Christian Diener und dem Vibraphonisten und Chef des Instituts f\u00fcr Improvisationstechnologie Christopher Dell ergibt das mit Sicherheit einen einzigartigen Abend voller Improvisationen, spontaner Genialit\u00e4t und Spannung. Eben echten, kreativen Jazz.<\/p>\n<p>&nbsp;<\/p>\n<h3>+++ Jazzwoche Hannover +++<\/h3>\n<p>Vom<strong>\u00a020. bis 29. Oktober 2017\u00a0<\/strong>findet die\u00a0<strong>Jazzwoche Hannover<\/strong>\u00a0statt, das Festival f\u00fcr zeitgen\u00f6ssischen Jazz in Niedersachsen. Damit zelebriert die\u00a0<strong>Jazzmusiker Initiative Hannover <\/strong>in diesem Jahr<strong>\u00a0<\/strong>ihr<strong> 40-j\u00e4hriges Jubil\u00e4um.\u00a0<\/strong>Erneut zeigen wir ein vielf\u00e4ltiges\u00a0und wegweisendes Programm des zeitgen\u00f6ssischen Jazz, das die regionale Szene mit in- und ausl\u00e4ndischen K\u00fcnstlerInnen verbindet. An 10 Tagen und 13 verschiedenen Orten der Stadt veranstaltet die JMI<strong>\u00a0<\/strong>ein Jazzfestival mit mehr als 15 Ensembles und Solok\u00fcnstlern. Dar\u00fcber hinaus gibt es ein vielseitiges Rahmenprogramm mit Jazz-Kino Abend und Late-Night Sessions.<\/p>\n<p>&nbsp;<\/p>\n<p><a href=\"http:\/\/www.jmi-hannover.de\">www.jmi-hannover.de<\/a><\/p>\n<h5><\/h5>\n<h3>+++ 40. G\u00f6ttinger Jazzfestival +++<\/h3>\n<p>Das Programm des diesj\u00e4hrigen G\u00f6ttinger Jazzfestivals ist jetzt online und einsehbar. Es findet vom 2. bis 11. November 2017 statt. Mit dabei:<\/p>\n<p><strong>TONY ALLEN SEXTETT | GOURMET | A NOVEL OF ANOMALY<\/strong><\/p>\n<p><strong>ROLF K\u00dcHN UNIT ft. PHILIPP GROPPER | SHALOSH | SUN RA ARKESTRA<\/strong><\/p>\n<p><strong>TH\u00c4RICHENS HENDRIXPERIENCE | GUNTER HAMPEL | JULIA H\u00dcLSMANN TRIO \u00a0<\/strong>u.v.a.m.<\/p>\n<p><u><a href=\"http:\/\/www.jazzfestival-goettingen.de\/\"><strong><em>www.jazzfestival-goettingen.de<\/em><\/strong><\/a><\/u><\/p>\n","protected":false},"excerpt":{"rendered":"<p>+++ Bayreuther Jazz-November +++ Der Bayreuther Jazz-November pr\u00e4sentiert sich in seinem elften Jahr vom 9. bis 12. November musikalisch noch breiter aufgestellt. Das mehrfach ausgezeichnete Jazzforum (Kulturpreis 2017 der Stadt Bayreuth, Spielst\u00e4ttenprogrammpreis bzw. APPLAUS 2013, 2014 und 2016) z\u00fcndet als Veranstalter die n\u00e4chste Stufe f\u00fcr das Herzensprojekt Bayreuther Jazz-November. Beinahe k\u00f6nnte man ihn \u201eAllstar-Jazz-November\u201c nennen, wenn da nicht die Sp\u00e4tkonzerte w\u00e4ren mit spannenden jungen Projekten. Wenn an den Festivaltagen um 20 Uhr die Jazzgr\u00f6\u00dfen Makiko Hirabayashi, Marilyn Mazur, Rolf K\u00fchn, Jasper van\u2018t Hof, Tony Lakatos, Wolfgang Haffner oder Christopher Dell auf der B\u00fchne im Becher stehen, machen sich die jungen Wilden schon mal warm: Mario Rom im Glashaus oder die fulminante Jazzrausch Bigband und die meistgeh\u00f6rte deutsche Jazz-Soul-Stimme Pat Appleton im Lamperium. In Kooperation mit den Kulturfreunden Bayreuth kommt sogar ein ganzes Orchester auf die B\u00fchne des Zentrum, um mit dem David Gazarov Trio und der S\u00e4ngerin Fola Dada den Sonntag Nachmittag mit dem Great American Songbook zu vers\u00fc\u00dfen. In den Werkst\u00e4tten der Klaviermanufaktur Steingraeber &amp; S\u00f6hne gibt es einen Workshop f\u00fcr Kinder mit Percussion am halbfertigen Fl\u00fcgel. Und zusammen mit Kino ist Programm e.V. &hellip;<\/p>\n","protected":false},"author":18,"featured_media":0,"comment_status":"open","ping_status":"closed","sticky":false,"template":"","format":"standard","meta":{"_jetpack_memberships_contains_paid_content":false,"footnotes":"","jetpack_publicize_message":"","jetpack_publicize_feature_enabled":true,"jetpack_social_post_already_shared":false,"jetpack_social_options":{"image_generator_settings":{"template":"highway","default_image_id":0,"font":"","enabled":false},"version":2}},"categories":[633],"tags":[1400,34,1315,69,73,120,1192,1292,126,140,3,251,918,1262,1058,281,1542,753,10,314,316,322,323,401,447,474,1483,708,535,548,557,1356,599,20],"coauthors":[695],"class_list":["post-13532","post","type-post","status-publish","format-standard","hentry","category-nachrichten","tag-afrika","tag-album","tag-applaus","tag-best-of","tag-bigband","tag-club","tag-clubs","tag-das-haus","tag-dave-brubeck","tag-die-zeit","tag-festival","tag-japan","tag-jazzfestival","tag-jazzforum","tag-jazzgeschichte","tag-jazzmusiker","tag-jazzrausch-bigband","tag-joachim-kuehn","tag-jubilaeum","tag-kinder","tag-klassik","tag-konzert-2","tag-konzerte","tag-muenchen","tag-pop","tag-rolf-kuehn","tag-shalosh","tag-spielstaettenprogrammpreis","tag-swing","tag-tickets","tag-tony-lakatos","tag-trio","tag-wolfgang-haffner","tag-workshop"],"yoast_head":"<!-- This site is optimized with the Yoast SEO plugin v27.5 - https:\/\/yoast.com\/product\/yoast-seo-wordpress\/ -->\n<title>+++ news +++ Bayreuther Jazz-November +++ Jazzwoche Hannover +++ G\u00f6ttinger Jazzfestival +++ - JazzZeitung<\/title>\n<meta name=\"robots\" content=\"index, follow, max-snippet:-1, max-image-preview:large, max-video-preview:-1\" \/>\n<link rel=\"canonical\" href=\"https:\/\/www.jazzzeitung.de\/cms\/2017\/09\/news-bayreuther-jazz-november-jazzwoche-hannover-goettinger-jazzfestival\/\" \/>\n<meta property=\"og:locale\" content=\"de_DE\" \/>\n<meta property=\"og:type\" content=\"article\" \/>\n<meta property=\"og:title\" content=\"+++ news +++ Bayreuther Jazz-November +++ Jazzwoche Hannover +++ G\u00f6ttinger Jazzfestival +++ - JazzZeitung\" \/>\n<meta property=\"og:description\" content=\"+++ Bayreuther Jazz-November +++ Der Bayreuther Jazz-November pr\u00e4sentiert sich in seinem elften Jahr vom 9. bis 12. November musikalisch noch breiter aufgestellt. Das mehrfach ausgezeichnete Jazzforum (Kulturpreis 2017 der Stadt Bayreuth, Spielst\u00e4ttenprogrammpreis bzw. APPLAUS 2013, 2014 und 2016) z\u00fcndet als Veranstalter die n\u00e4chste Stufe f\u00fcr das Herzensprojekt Bayreuther Jazz-November. Beinahe k\u00f6nnte man ihn \u201eAllstar-Jazz-November\u201c nennen, wenn da nicht die Sp\u00e4tkonzerte w\u00e4ren mit spannenden jungen Projekten. Wenn an den Festivaltagen um 20 Uhr die Jazzgr\u00f6\u00dfen Makiko Hirabayashi, Marilyn Mazur, Rolf K\u00fchn, Jasper van\u2018t Hof, Tony Lakatos, Wolfgang Haffner oder Christopher Dell auf der B\u00fchne im Becher stehen, machen sich die jungen Wilden schon mal warm: Mario Rom im Glashaus oder die fulminante Jazzrausch Bigband und die meistgeh\u00f6rte deutsche Jazz-Soul-Stimme Pat Appleton im Lamperium. In Kooperation mit den Kulturfreunden Bayreuth kommt sogar ein ganzes Orchester auf die B\u00fchne des Zentrum, um mit dem David Gazarov Trio und der S\u00e4ngerin Fola Dada den Sonntag Nachmittag mit dem Great American Songbook zu vers\u00fc\u00dfen. In den Werkst\u00e4tten der Klaviermanufaktur Steingraeber &amp; S\u00f6hne gibt es einen Workshop f\u00fcr Kinder mit Percussion am halbfertigen Fl\u00fcgel. Und zusammen mit Kino ist Programm e.V. &hellip;\" \/>\n<meta property=\"og:url\" content=\"https:\/\/www.jazzzeitung.de\/cms\/2017\/09\/news-bayreuther-jazz-november-jazzwoche-hannover-goettinger-jazzfestival\/\" \/>\n<meta property=\"og:site_name\" content=\"JazzZeitung\" \/>\n<meta property=\"article:publisher\" content=\"https:\/\/www.facebook.com\/JazzZeitung\/\" \/>\n<meta property=\"article:published_time\" content=\"2017-09-14T10:12:55+00:00\" \/>\n<meta property=\"og:image\" content=\"https:\/\/www.jazzzeitung.de\/cms\/wp-content\/uploads\/2017\/09\/Jazzrausch-Bigband-150x150.jpg\" \/>\n<meta name=\"author\" content=\"Redaktion JazzZeitung\" \/>\n<script type=\"application\/ld+json\" class=\"yoast-schema-graph\">{\"@context\":\"https:\\\/\\\/schema.org\",\"@graph\":[{\"@type\":\"Article\",\"@id\":\"https:\\\/\\\/www.jazzzeitung.de\\\/cms\\\/2017\\\/09\\\/news-bayreuther-jazz-november-jazzwoche-hannover-goettinger-jazzfestival\\\/#article\",\"isPartOf\":{\"@id\":\"https:\\\/\\\/www.jazzzeitung.de\\\/cms\\\/2017\\\/09\\\/news-bayreuther-jazz-november-jazzwoche-hannover-goettinger-jazzfestival\\\/\"},\"author\":{\"name\":\"Redaktion JazzZeitung\",\"@id\":\"https:\\\/\\\/www.jazzzeitung.de\\\/cms\\\/#\\\/schema\\\/person\\\/2245b36b9cd1d24cea10f01c031fb92b\"},\"headline\":\"+++ news +++ Bayreuther Jazz-November +++ Jazzwoche Hannover +++ G\u00f6ttinger Jazzfestival +++\",\"datePublished\":\"2017-09-14T10:12:55+00:00\",\"mainEntityOfPage\":{\"@id\":\"https:\\\/\\\/www.jazzzeitung.de\\\/cms\\\/2017\\\/09\\\/news-bayreuther-jazz-november-jazzwoche-hannover-goettinger-jazzfestival\\\/\"},\"wordCount\":1727,\"commentCount\":0,\"publisher\":{\"@id\":\"https:\\\/\\\/www.jazzzeitung.de\\\/cms\\\/#organization\"},\"image\":{\"@id\":\"https:\\\/\\\/www.jazzzeitung.de\\\/cms\\\/2017\\\/09\\\/news-bayreuther-jazz-november-jazzwoche-hannover-goettinger-jazzfestival\\\/#primaryimage\"},\"thumbnailUrl\":\"https:\\\/\\\/www.jazzzeitung.de\\\/cms\\\/wp-content\\\/uploads\\\/2017\\\/09\\\/Jazzrausch-Bigband-150x150.jpg\",\"keywords\":[\"Afrika\",\"Album\",\"APPLAUS\",\"Best of\",\"Bigband\",\"Club\",\"Clubs\",\"das Haus\",\"Dave Brubeck\",\"die ZEIT\",\"Festival\",\"Japan\",\"Jazzfestival\",\"Jazzforum\",\"Jazzgeschichte\",\"Jazzmusiker\",\"Jazzrausch Bigband\",\"Joachim K\u00fchn\",\"Jubil\u00e4um\",\"Kinder\",\"Klassik\",\"Konzert\",\"Konzerte\",\"M\u00fcnchen\",\"Pop\",\"Rolf K\u00fchn\",\"Shalosh\",\"Spielst\u00e4ttenprogrammpreis\",\"Swing\",\"Tickets\",\"Tony Lakatos\",\"trio\",\"Wolfgang Haffner\",\"Workshop\"],\"articleSection\":[\"News\"],\"inLanguage\":\"de\",\"potentialAction\":[{\"@type\":\"CommentAction\",\"name\":\"Comment\",\"target\":[\"https:\\\/\\\/www.jazzzeitung.de\\\/cms\\\/2017\\\/09\\\/news-bayreuther-jazz-november-jazzwoche-hannover-goettinger-jazzfestival\\\/#respond\"]}]},{\"@type\":\"WebPage\",\"@id\":\"https:\\\/\\\/www.jazzzeitung.de\\\/cms\\\/2017\\\/09\\\/news-bayreuther-jazz-november-jazzwoche-hannover-goettinger-jazzfestival\\\/\",\"url\":\"https:\\\/\\\/www.jazzzeitung.de\\\/cms\\\/2017\\\/09\\\/news-bayreuther-jazz-november-jazzwoche-hannover-goettinger-jazzfestival\\\/\",\"name\":\"+++ news +++ Bayreuther Jazz-November +++ Jazzwoche Hannover +++ G\u00f6ttinger Jazzfestival +++ - JazzZeitung\",\"isPartOf\":{\"@id\":\"https:\\\/\\\/www.jazzzeitung.de\\\/cms\\\/#website\"},\"primaryImageOfPage\":{\"@id\":\"https:\\\/\\\/www.jazzzeitung.de\\\/cms\\\/2017\\\/09\\\/news-bayreuther-jazz-november-jazzwoche-hannover-goettinger-jazzfestival\\\/#primaryimage\"},\"image\":{\"@id\":\"https:\\\/\\\/www.jazzzeitung.de\\\/cms\\\/2017\\\/09\\\/news-bayreuther-jazz-november-jazzwoche-hannover-goettinger-jazzfestival\\\/#primaryimage\"},\"thumbnailUrl\":\"https:\\\/\\\/www.jazzzeitung.de\\\/cms\\\/wp-content\\\/uploads\\\/2017\\\/09\\\/Jazzrausch-Bigband-150x150.jpg\",\"datePublished\":\"2017-09-14T10:12:55+00:00\",\"breadcrumb\":{\"@id\":\"https:\\\/\\\/www.jazzzeitung.de\\\/cms\\\/2017\\\/09\\\/news-bayreuther-jazz-november-jazzwoche-hannover-goettinger-jazzfestival\\\/#breadcrumb\"},\"inLanguage\":\"de\",\"potentialAction\":[{\"@type\":\"ReadAction\",\"target\":[\"https:\\\/\\\/www.jazzzeitung.de\\\/cms\\\/2017\\\/09\\\/news-bayreuther-jazz-november-jazzwoche-hannover-goettinger-jazzfestival\\\/\"]}]},{\"@type\":\"ImageObject\",\"inLanguage\":\"de\",\"@id\":\"https:\\\/\\\/www.jazzzeitung.de\\\/cms\\\/2017\\\/09\\\/news-bayreuther-jazz-november-jazzwoche-hannover-goettinger-jazzfestival\\\/#primaryimage\",\"url\":\"https:\\\/\\\/i0.wp.com\\\/www.jazzzeitung.de\\\/cms\\\/wp-content\\\/uploads\\\/2017\\\/09\\\/Jazzrausch-Bigband.jpg?fit=2400%2C1600&ssl=1\",\"contentUrl\":\"https:\\\/\\\/i0.wp.com\\\/www.jazzzeitung.de\\\/cms\\\/wp-content\\\/uploads\\\/2017\\\/09\\\/Jazzrausch-Bigband.jpg?fit=2400%2C1600&ssl=1\",\"width\":2400,\"height\":1600},{\"@type\":\"BreadcrumbList\",\"@id\":\"https:\\\/\\\/www.jazzzeitung.de\\\/cms\\\/2017\\\/09\\\/news-bayreuther-jazz-november-jazzwoche-hannover-goettinger-jazzfestival\\\/#breadcrumb\",\"itemListElement\":[{\"@type\":\"ListItem\",\"position\":1,\"name\":\"Startseite\",\"item\":\"https:\\\/\\\/www.jazzzeitung.de\\\/cms\\\/\"},{\"@type\":\"ListItem\",\"position\":2,\"name\":\"+++ news +++ Bayreuther Jazz-November +++ Jazzwoche Hannover +++ G\u00f6ttinger Jazzfestival +++\"}]},{\"@type\":\"WebSite\",\"@id\":\"https:\\\/\\\/www.jazzzeitung.de\\\/cms\\\/#website\",\"url\":\"https:\\\/\\\/www.jazzzeitung.de\\\/cms\\\/\",\"name\":\"JazzZeitung\",\"description\":\"Jazz-News und Jazz-Kontroverses\",\"publisher\":{\"@id\":\"https:\\\/\\\/www.jazzzeitung.de\\\/cms\\\/#organization\"},\"potentialAction\":[{\"@type\":\"SearchAction\",\"target\":{\"@type\":\"EntryPoint\",\"urlTemplate\":\"https:\\\/\\\/www.jazzzeitung.de\\\/cms\\\/?s={search_term_string}\"},\"query-input\":{\"@type\":\"PropertyValueSpecification\",\"valueRequired\":true,\"valueName\":\"search_term_string\"}}],\"inLanguage\":\"de\"},{\"@type\":\"Organization\",\"@id\":\"https:\\\/\\\/www.jazzzeitung.de\\\/cms\\\/#organization\",\"name\":\"JazzZeitung online\",\"url\":\"https:\\\/\\\/www.jazzzeitung.de\\\/cms\\\/\",\"logo\":{\"@type\":\"ImageObject\",\"inLanguage\":\"de\",\"@id\":\"https:\\\/\\\/www.jazzzeitung.de\\\/cms\\\/#\\\/schema\\\/logo\\\/image\\\/\",\"url\":\"https:\\\/\\\/i0.wp.com\\\/www.jazzzeitung.de\\\/cms\\\/wp-content\\\/uploads\\\/2015\\\/08\\\/JAZZZEITUNGDE_Logo_Neu.png?fit=499%2C200&ssl=1\",\"contentUrl\":\"https:\\\/\\\/i0.wp.com\\\/www.jazzzeitung.de\\\/cms\\\/wp-content\\\/uploads\\\/2015\\\/08\\\/JAZZZEITUNGDE_Logo_Neu.png?fit=499%2C200&ssl=1\",\"width\":499,\"height\":200,\"caption\":\"JazzZeitung online\"},\"image\":{\"@id\":\"https:\\\/\\\/www.jazzzeitung.de\\\/cms\\\/#\\\/schema\\\/logo\\\/image\\\/\"},\"sameAs\":[\"https:\\\/\\\/www.facebook.com\\\/JazzZeitung\\\/\"]},{\"@type\":\"Person\",\"@id\":\"https:\\\/\\\/www.jazzzeitung.de\\\/cms\\\/#\\\/schema\\\/person\\\/2245b36b9cd1d24cea10f01c031fb92b\",\"name\":\"Redaktion JazzZeitung\",\"image\":{\"@type\":\"ImageObject\",\"inLanguage\":\"de\",\"@id\":\"https:\\\/\\\/i0.wp.com\\\/www.jazzzeitung.de\\\/cms\\\/wp-content\\\/uploads\\\/2015\\\/08\\\/JAZZZEITUNGDE_Logo_Neu.png?resize=96%2C96&ssl=159975dcacb611b5700bd619b5daf0a7a\",\"url\":\"https:\\\/\\\/i0.wp.com\\\/www.jazzzeitung.de\\\/cms\\\/wp-content\\\/uploads\\\/2015\\\/08\\\/JAZZZEITUNGDE_Logo_Neu.png?resize=96%2C96&ssl=1\",\"contentUrl\":\"https:\\\/\\\/i0.wp.com\\\/www.jazzzeitung.de\\\/cms\\\/wp-content\\\/uploads\\\/2015\\\/08\\\/JAZZZEITUNGDE_Logo_Neu.png?resize=96%2C96&ssl=1\",\"caption\":\"Redaktion JazzZeitung\"},\"description\":\"Artikel der Redaktion der JazzZeitung.\",\"sameAs\":[\"http:\\\/\\\/www.jazzzeitung.de\\\/cms\\\/\"],\"url\":\"https:\\\/\\\/www.jazzzeitung.de\\\/cms\\\/author\\\/redaktion\\\/\"}]}<\/script>\n<!-- \/ Yoast SEO plugin. -->","yoast_head_json":{"title":"+++ news +++ Bayreuther Jazz-November +++ Jazzwoche Hannover +++ G\u00f6ttinger Jazzfestival +++ - JazzZeitung","robots":{"index":"index","follow":"follow","max-snippet":"max-snippet:-1","max-image-preview":"max-image-preview:large","max-video-preview":"max-video-preview:-1"},"canonical":"https:\/\/www.jazzzeitung.de\/cms\/2017\/09\/news-bayreuther-jazz-november-jazzwoche-hannover-goettinger-jazzfestival\/","og_locale":"de_DE","og_type":"article","og_title":"+++ news +++ Bayreuther Jazz-November +++ Jazzwoche Hannover +++ G\u00f6ttinger Jazzfestival +++ - JazzZeitung","og_description":"+++ Bayreuther Jazz-November +++ Der Bayreuther Jazz-November pr\u00e4sentiert sich in seinem elften Jahr vom 9. bis 12. November musikalisch noch breiter aufgestellt. Das mehrfach ausgezeichnete Jazzforum (Kulturpreis 2017 der Stadt Bayreuth, Spielst\u00e4ttenprogrammpreis bzw. APPLAUS 2013, 2014 und 2016) z\u00fcndet als Veranstalter die n\u00e4chste Stufe f\u00fcr das Herzensprojekt Bayreuther Jazz-November. Beinahe k\u00f6nnte man ihn \u201eAllstar-Jazz-November\u201c nennen, wenn da nicht die Sp\u00e4tkonzerte w\u00e4ren mit spannenden jungen Projekten. Wenn an den Festivaltagen um 20 Uhr die Jazzgr\u00f6\u00dfen Makiko Hirabayashi, Marilyn Mazur, Rolf K\u00fchn, Jasper van\u2018t Hof, Tony Lakatos, Wolfgang Haffner oder Christopher Dell auf der B\u00fchne im Becher stehen, machen sich die jungen Wilden schon mal warm: Mario Rom im Glashaus oder die fulminante Jazzrausch Bigband und die meistgeh\u00f6rte deutsche Jazz-Soul-Stimme Pat Appleton im Lamperium. In Kooperation mit den Kulturfreunden Bayreuth kommt sogar ein ganzes Orchester auf die B\u00fchne des Zentrum, um mit dem David Gazarov Trio und der S\u00e4ngerin Fola Dada den Sonntag Nachmittag mit dem Great American Songbook zu vers\u00fc\u00dfen. In den Werkst\u00e4tten der Klaviermanufaktur Steingraeber &amp; S\u00f6hne gibt es einen Workshop f\u00fcr Kinder mit Percussion am halbfertigen Fl\u00fcgel. Und zusammen mit Kino ist Programm e.V. &hellip;","og_url":"https:\/\/www.jazzzeitung.de\/cms\/2017\/09\/news-bayreuther-jazz-november-jazzwoche-hannover-goettinger-jazzfestival\/","og_site_name":"JazzZeitung","article_publisher":"https:\/\/www.facebook.com\/JazzZeitung\/","article_published_time":"2017-09-14T10:12:55+00:00","og_image":[{"url":"https:\/\/www.jazzzeitung.de\/cms\/wp-content\/uploads\/2017\/09\/Jazzrausch-Bigband-150x150.jpg","type":"","width":"","height":""}],"author":"Redaktion JazzZeitung","schema":{"@context":"https:\/\/schema.org","@graph":[{"@type":"Article","@id":"https:\/\/www.jazzzeitung.de\/cms\/2017\/09\/news-bayreuther-jazz-november-jazzwoche-hannover-goettinger-jazzfestival\/#article","isPartOf":{"@id":"https:\/\/www.jazzzeitung.de\/cms\/2017\/09\/news-bayreuther-jazz-november-jazzwoche-hannover-goettinger-jazzfestival\/"},"author":{"name":"Redaktion JazzZeitung","@id":"https:\/\/www.jazzzeitung.de\/cms\/#\/schema\/person\/2245b36b9cd1d24cea10f01c031fb92b"},"headline":"+++ news +++ Bayreuther Jazz-November +++ Jazzwoche Hannover +++ G\u00f6ttinger Jazzfestival +++","datePublished":"2017-09-14T10:12:55+00:00","mainEntityOfPage":{"@id":"https:\/\/www.jazzzeitung.de\/cms\/2017\/09\/news-bayreuther-jazz-november-jazzwoche-hannover-goettinger-jazzfestival\/"},"wordCount":1727,"commentCount":0,"publisher":{"@id":"https:\/\/www.jazzzeitung.de\/cms\/#organization"},"image":{"@id":"https:\/\/www.jazzzeitung.de\/cms\/2017\/09\/news-bayreuther-jazz-november-jazzwoche-hannover-goettinger-jazzfestival\/#primaryimage"},"thumbnailUrl":"https:\/\/www.jazzzeitung.de\/cms\/wp-content\/uploads\/2017\/09\/Jazzrausch-Bigband-150x150.jpg","keywords":["Afrika","Album","APPLAUS","Best of","Bigband","Club","Clubs","das Haus","Dave Brubeck","die ZEIT","Festival","Japan","Jazzfestival","Jazzforum","Jazzgeschichte","Jazzmusiker","Jazzrausch Bigband","Joachim K\u00fchn","Jubil\u00e4um","Kinder","Klassik","Konzert","Konzerte","M\u00fcnchen","Pop","Rolf K\u00fchn","Shalosh","Spielst\u00e4ttenprogrammpreis","Swing","Tickets","Tony Lakatos","trio","Wolfgang Haffner","Workshop"],"articleSection":["News"],"inLanguage":"de","potentialAction":[{"@type":"CommentAction","name":"Comment","target":["https:\/\/www.jazzzeitung.de\/cms\/2017\/09\/news-bayreuther-jazz-november-jazzwoche-hannover-goettinger-jazzfestival\/#respond"]}]},{"@type":"WebPage","@id":"https:\/\/www.jazzzeitung.de\/cms\/2017\/09\/news-bayreuther-jazz-november-jazzwoche-hannover-goettinger-jazzfestival\/","url":"https:\/\/www.jazzzeitung.de\/cms\/2017\/09\/news-bayreuther-jazz-november-jazzwoche-hannover-goettinger-jazzfestival\/","name":"+++ news +++ Bayreuther Jazz-November +++ Jazzwoche Hannover +++ G\u00f6ttinger Jazzfestival +++ - JazzZeitung","isPartOf":{"@id":"https:\/\/www.jazzzeitung.de\/cms\/#website"},"primaryImageOfPage":{"@id":"https:\/\/www.jazzzeitung.de\/cms\/2017\/09\/news-bayreuther-jazz-november-jazzwoche-hannover-goettinger-jazzfestival\/#primaryimage"},"image":{"@id":"https:\/\/www.jazzzeitung.de\/cms\/2017\/09\/news-bayreuther-jazz-november-jazzwoche-hannover-goettinger-jazzfestival\/#primaryimage"},"thumbnailUrl":"https:\/\/www.jazzzeitung.de\/cms\/wp-content\/uploads\/2017\/09\/Jazzrausch-Bigband-150x150.jpg","datePublished":"2017-09-14T10:12:55+00:00","breadcrumb":{"@id":"https:\/\/www.jazzzeitung.de\/cms\/2017\/09\/news-bayreuther-jazz-november-jazzwoche-hannover-goettinger-jazzfestival\/#breadcrumb"},"inLanguage":"de","potentialAction":[{"@type":"ReadAction","target":["https:\/\/www.jazzzeitung.de\/cms\/2017\/09\/news-bayreuther-jazz-november-jazzwoche-hannover-goettinger-jazzfestival\/"]}]},{"@type":"ImageObject","inLanguage":"de","@id":"https:\/\/www.jazzzeitung.de\/cms\/2017\/09\/news-bayreuther-jazz-november-jazzwoche-hannover-goettinger-jazzfestival\/#primaryimage","url":"https:\/\/i0.wp.com\/www.jazzzeitung.de\/cms\/wp-content\/uploads\/2017\/09\/Jazzrausch-Bigband.jpg?fit=2400%2C1600&ssl=1","contentUrl":"https:\/\/i0.wp.com\/www.jazzzeitung.de\/cms\/wp-content\/uploads\/2017\/09\/Jazzrausch-Bigband.jpg?fit=2400%2C1600&ssl=1","width":2400,"height":1600},{"@type":"BreadcrumbList","@id":"https:\/\/www.jazzzeitung.de\/cms\/2017\/09\/news-bayreuther-jazz-november-jazzwoche-hannover-goettinger-jazzfestival\/#breadcrumb","itemListElement":[{"@type":"ListItem","position":1,"name":"Startseite","item":"https:\/\/www.jazzzeitung.de\/cms\/"},{"@type":"ListItem","position":2,"name":"+++ news +++ Bayreuther Jazz-November +++ Jazzwoche Hannover +++ G\u00f6ttinger Jazzfestival +++"}]},{"@type":"WebSite","@id":"https:\/\/www.jazzzeitung.de\/cms\/#website","url":"https:\/\/www.jazzzeitung.de\/cms\/","name":"JazzZeitung","description":"Jazz-News und Jazz-Kontroverses","publisher":{"@id":"https:\/\/www.jazzzeitung.de\/cms\/#organization"},"potentialAction":[{"@type":"SearchAction","target":{"@type":"EntryPoint","urlTemplate":"https:\/\/www.jazzzeitung.de\/cms\/?s={search_term_string}"},"query-input":{"@type":"PropertyValueSpecification","valueRequired":true,"valueName":"search_term_string"}}],"inLanguage":"de"},{"@type":"Organization","@id":"https:\/\/www.jazzzeitung.de\/cms\/#organization","name":"JazzZeitung online","url":"https:\/\/www.jazzzeitung.de\/cms\/","logo":{"@type":"ImageObject","inLanguage":"de","@id":"https:\/\/www.jazzzeitung.de\/cms\/#\/schema\/logo\/image\/","url":"https:\/\/i0.wp.com\/www.jazzzeitung.de\/cms\/wp-content\/uploads\/2015\/08\/JAZZZEITUNGDE_Logo_Neu.png?fit=499%2C200&ssl=1","contentUrl":"https:\/\/i0.wp.com\/www.jazzzeitung.de\/cms\/wp-content\/uploads\/2015\/08\/JAZZZEITUNGDE_Logo_Neu.png?fit=499%2C200&ssl=1","width":499,"height":200,"caption":"JazzZeitung online"},"image":{"@id":"https:\/\/www.jazzzeitung.de\/cms\/#\/schema\/logo\/image\/"},"sameAs":["https:\/\/www.facebook.com\/JazzZeitung\/"]},{"@type":"Person","@id":"https:\/\/www.jazzzeitung.de\/cms\/#\/schema\/person\/2245b36b9cd1d24cea10f01c031fb92b","name":"Redaktion JazzZeitung","image":{"@type":"ImageObject","inLanguage":"de","@id":"https:\/\/i0.wp.com\/www.jazzzeitung.de\/cms\/wp-content\/uploads\/2015\/08\/JAZZZEITUNGDE_Logo_Neu.png?resize=96%2C96&ssl=159975dcacb611b5700bd619b5daf0a7a","url":"https:\/\/i0.wp.com\/www.jazzzeitung.de\/cms\/wp-content\/uploads\/2015\/08\/JAZZZEITUNGDE_Logo_Neu.png?resize=96%2C96&ssl=1","contentUrl":"https:\/\/i0.wp.com\/www.jazzzeitung.de\/cms\/wp-content\/uploads\/2015\/08\/JAZZZEITUNGDE_Logo_Neu.png?resize=96%2C96&ssl=1","caption":"Redaktion JazzZeitung"},"description":"Artikel der Redaktion der JazzZeitung.","sameAs":["http:\/\/www.jazzzeitung.de\/cms\/"],"url":"https:\/\/www.jazzzeitung.de\/cms\/author\/redaktion\/"}]}},"wp-worthy-pixel":{"ignored":false,"public":null,"server":null,"url":null},"wp-worthy-type":"normal","jetpack_publicize_connections":[],"cc_featured_image_caption":{"caption_text":false,"source_text":false,"source_url":false},"jetpack_featured_media_url":"","jetpack_shortlink":"https:\/\/wp.me\/p3KEcT-3wg","jetpack-related-posts":[{"id":25048,"url":"https:\/\/www.jazzzeitung.de\/cms\/2021\/06\/news-axel-zwingenberger-in-oberthulba-jazzforum-bayreuth-feiert-applaus\/","url_meta":{"origin":13532,"position":0},"title":"news +++ Konzertfinale junger M\u00fcnchner Jazzpreis +++ Axel Zwingenberger in Oberthulba +++ Jazzforum Bayreuth feiert APPLAUS +++","author":"Redaktion JazzZeitung","date":"29. Juni 2021","format":false,"excerpt":"+++ Konzertfinale junger M\u00fcnchner Jazzpreis +++ Der Junge M\u00fcnchner Jazzpreis (JMJP) wird 2020 zum achten Mal vergeben. Er ist ein F\u00f6rderpreis von \u201amucjazz \u2013 M\u00fcnchner Verein zur F\u00f6rderung von Jazz e.V.\u2018 und ist ausgeschrieben f\u00fcr Jazzmusiker(innen) bis 28 Jahre. Der JMJP lebt von der Unterst\u00fctzung von Mitgliedern und Spendern, seit\u2026","rel":"","context":"In &quot;News&quot;","block_context":{"text":"News","link":"https:\/\/www.jazzzeitung.de\/cms\/thema\/nachrichten\/"},"img":{"alt_text":"","src":"https:\/\/i0.wp.com\/www.jazzzeitung.de\/cms\/wp-content\/uploads\/2021\/06\/mangold_kulturzentrumewerk.jpg?fit=1200%2C800&ssl=1&resize=350%2C200","width":350,"height":200,"srcset":"https:\/\/i0.wp.com\/www.jazzzeitung.de\/cms\/wp-content\/uploads\/2021\/06\/mangold_kulturzentrumewerk.jpg?fit=1200%2C800&ssl=1&resize=350%2C200 1x, https:\/\/i0.wp.com\/www.jazzzeitung.de\/cms\/wp-content\/uploads\/2021\/06\/mangold_kulturzentrumewerk.jpg?fit=1200%2C800&ssl=1&resize=525%2C300 1.5x, https:\/\/i0.wp.com\/www.jazzzeitung.de\/cms\/wp-content\/uploads\/2021\/06\/mangold_kulturzentrumewerk.jpg?fit=1200%2C800&ssl=1&resize=700%2C400 2x, https:\/\/i0.wp.com\/www.jazzzeitung.de\/cms\/wp-content\/uploads\/2021\/06\/mangold_kulturzentrumewerk.jpg?fit=1200%2C800&ssl=1&resize=1050%2C600 3x"},"classes":[]},{"id":25772,"url":"https:\/\/www.jazzzeitung.de\/cms\/2021\/09\/news-hoemma-21-krawall-de-cologne-bayreuther-jazz-november\/","url_meta":{"origin":13532,"position":1},"title":"+++ news +++ H\u00d6MMA 21 +++ Krawall de Cologne +++ Bayreuther Jazz-November +++","author":"Redaktion JazzZeitung","date":"15. September 2021","format":false,"excerpt":"H\u00d6MMA 21 \u2013 Das Jazzfestival in Oberhausen Der Ruhrpott swingt wieder: Zum f\u00fcnften Mal pr\u00e4sentiert das Oberhausener Jazzfestival H\u00d6MMA (hochdeutsch: \u201eh\u00f6r mal zu!\") im Herbst drei Tage lang Live-Acts an verschiedenen Locations im Stadtgebiet. Von Freitag, dem 8. Oktober 2021, bis Sonntag, dem 10. Oktober 2021, d\u00fcrfen sich Musikfans auf\u2026","rel":"","context":"In &quot;News&quot;","block_context":{"text":"News","link":"https:\/\/www.jazzzeitung.de\/cms\/thema\/nachrichten\/"},"img":{"alt_text":"","src":"https:\/\/i0.wp.com\/www.jazzzeitung.de\/cms\/wp-content\/uploads\/2021\/09\/P-JazzNov-2021-12-Huntertones-feat-Shayna-Steele-by-Shervin-Lainez.jpg?fit=1200%2C866&ssl=1&resize=350%2C200","width":350,"height":200,"srcset":"https:\/\/i0.wp.com\/www.jazzzeitung.de\/cms\/wp-content\/uploads\/2021\/09\/P-JazzNov-2021-12-Huntertones-feat-Shayna-Steele-by-Shervin-Lainez.jpg?fit=1200%2C866&ssl=1&resize=350%2C200 1x, https:\/\/i0.wp.com\/www.jazzzeitung.de\/cms\/wp-content\/uploads\/2021\/09\/P-JazzNov-2021-12-Huntertones-feat-Shayna-Steele-by-Shervin-Lainez.jpg?fit=1200%2C866&ssl=1&resize=525%2C300 1.5x, https:\/\/i0.wp.com\/www.jazzzeitung.de\/cms\/wp-content\/uploads\/2021\/09\/P-JazzNov-2021-12-Huntertones-feat-Shayna-Steele-by-Shervin-Lainez.jpg?fit=1200%2C866&ssl=1&resize=700%2C400 2x, https:\/\/i0.wp.com\/www.jazzzeitung.de\/cms\/wp-content\/uploads\/2021\/09\/P-JazzNov-2021-12-Huntertones-feat-Shayna-Steele-by-Shervin-Lainez.jpg?fit=1200%2C866&ssl=1&resize=1050%2C600 3x"},"classes":[]},{"id":20685,"url":"https:\/\/www.jazzzeitung.de\/cms\/2019\/09\/news-13-bayreuther-jazz-november-2019-das-essen-jazz-orchestra-erhaelt-den-jazz-pott-2019\/","url_meta":{"origin":13532,"position":2},"title":"+++ News +++ 13. Bayreuther Jazz-November 2019 +++ Das Essen Jazz Orchestra erh\u00e4lt den \u201eJazz Pott\u201c 2019 +++","author":"Redaktion JazzZeitung","date":"16. September 2019","format":false,"excerpt":"+++ 13. Bayreuther Jazz-November 2019 +++ Der 13. Bayreuther Jazznovember zeigt vom 7. bis zum 10. November viele Facetten: Die Spannweite reicht vom Pianoabend im gro\u00dfen Konzertsaal \u00fcber die Tanzparty im Frisco bis zum experimentellen Crossover auf der Kellerb\u00fchne. Die auftretenden K\u00fcnstler sehen aus ganz unterschiedlichen Blickwinkeln aufs Leben, und\u2026","rel":"","context":"In &quot;News&quot;","block_context":{"text":"News","link":"https:\/\/www.jazzzeitung.de\/cms\/thema\/nachrichten\/"},"img":{"alt_text":"","src":"https:\/\/i0.wp.com\/www.jazzzeitung.de\/cms\/wp-content\/uploads\/2019\/09\/Wallace-Roney-by-H-J-Maquet.jpg?fit=1200%2C866&ssl=1&resize=350%2C200","width":350,"height":200,"srcset":"https:\/\/i0.wp.com\/www.jazzzeitung.de\/cms\/wp-content\/uploads\/2019\/09\/Wallace-Roney-by-H-J-Maquet.jpg?fit=1200%2C866&ssl=1&resize=350%2C200 1x, https:\/\/i0.wp.com\/www.jazzzeitung.de\/cms\/wp-content\/uploads\/2019\/09\/Wallace-Roney-by-H-J-Maquet.jpg?fit=1200%2C866&ssl=1&resize=525%2C300 1.5x, https:\/\/i0.wp.com\/www.jazzzeitung.de\/cms\/wp-content\/uploads\/2019\/09\/Wallace-Roney-by-H-J-Maquet.jpg?fit=1200%2C866&ssl=1&resize=700%2C400 2x, https:\/\/i0.wp.com\/www.jazzzeitung.de\/cms\/wp-content\/uploads\/2019\/09\/Wallace-Roney-by-H-J-Maquet.jpg?fit=1200%2C866&ssl=1&resize=1050%2C600 3x"},"classes":[]},{"id":9965,"url":"https:\/\/www.jazzzeitung.de\/cms\/2016\/09\/newscharles-gayle-trio-der-manufakturjaffrika-der-bayreuther-jazz-november\/","url_meta":{"origin":13532,"position":3},"title":"+++News+++Charles Gayle Trio in der Manufaktur+++Jaffrika &#8211; Der Bayreuther Jazz-November","author":"Redaktion JazzZeitung","date":"5. September 2016","format":false,"excerpt":"Charles Gayle Trio in der Manufaktur Schorndorf Am 21.10.16 um 20:30 gibt das Charles Gayle Trio ein Konzert in der Manufaktur Schorndorf. F\u00fcr den einstigen Stra\u00dfenk\u00fcnstler Charles Gayle w\u00e4hrte der von permanenter sozialer Not gepr\u00e4gte Zustand fast ein halbes Leben. Geboren 1939 in Buffalo im US-Bundesstaat New York, bekommt Gayle\u2026","rel":"","context":"In &quot;News&quot;","block_context":{"text":"News","link":"https:\/\/www.jazzzeitung.de\/cms\/thema\/nachrichten\/"},"img":{"alt_text":"","src":"https:\/\/i0.wp.com\/www.jazzzeitung.de\/cms\/wp-content\/uploads\/2016\/09\/collage_5316-150x150.jpeg?resize=350%2C200","width":350,"height":200},"classes":[]},{"id":10223,"url":"https:\/\/www.jazzzeitung.de\/cms\/2016\/10\/23-udj-jazzforum-17-18-november-2016-im-stadtgarten-koeln\/","url_meta":{"origin":13532,"position":4},"title":"23. UDJ-Jazzforum am 17.\/18. November 2016 im Stadtgarten K\u00f6ln","author":"Redaktion JazzZeitung","date":"14. Oktober 2016","format":false,"excerpt":"Am 17. und 18. November 2016 wird das 23. UDJ-Jazzforum MusikerInnen, Kulturschaffende und JazzliebhaberInnen aus ganz Deutschland in den Stadtgarten K\u00f6ln locken. Die Union Deutscher Jazzmusiker ist das Sprachrohr der Jazzmusikerinnen und -musiker in Deutschland. Im Alltag tritt die UDJ als Interessenvereinigung seit \u00fcber 40 Jahren vorrangig bundespolitisch in Erscheinung\u2026","rel":"","context":"In &quot;News&quot;","block_context":{"text":"News","link":"https:\/\/www.jazzzeitung.de\/cms\/thema\/nachrichten\/"},"img":{"alt_text":"","src":"https:\/\/i0.wp.com\/www.jazzzeitung.de\/cms\/wp-content\/uploads\/2016\/10\/JAZZFORUM-WEB_765x1082.jpg?fit=765%2C1082&ssl=1&resize=350%2C200","width":350,"height":200,"srcset":"https:\/\/i0.wp.com\/www.jazzzeitung.de\/cms\/wp-content\/uploads\/2016\/10\/JAZZFORUM-WEB_765x1082.jpg?fit=765%2C1082&ssl=1&resize=350%2C200 1x, https:\/\/i0.wp.com\/www.jazzzeitung.de\/cms\/wp-content\/uploads\/2016\/10\/JAZZFORUM-WEB_765x1082.jpg?fit=765%2C1082&ssl=1&resize=525%2C300 1.5x, https:\/\/i0.wp.com\/www.jazzzeitung.de\/cms\/wp-content\/uploads\/2016\/10\/JAZZFORUM-WEB_765x1082.jpg?fit=765%2C1082&ssl=1&resize=700%2C400 2x"},"classes":[]},{"id":31881,"url":"https:\/\/www.jazzzeitung.de\/cms\/2024\/11\/passionsspiele-in-bayreuth-jazz-und-sauerkraut\/","url_meta":{"origin":13532,"position":5},"title":"Passionsspiele in Bayreuth: Jazz und Sauerkraut?","author":"Redaktion JazzZeitung","date":"18. November 2024","format":false,"excerpt":"(Text und Fotos: Robert Fischer)\u00a0Irgendjemand sollte mal eine Geschichte all der freien Veranstaltungen und Initiativen schreiben, die sich mit bewunderungsw\u00fcrdigem Engagement einer gemeinsamen Passion widmen: dem Jazz in all seinen Spielformen und Varianten. In Bayreuth zum Beispiel gibt es das Jazzforum, einen eingetragenen Verein mit rund 220 Mitgliedern, der das\u2026","rel":"","context":"In &quot;News&quot;","block_context":{"text":"News","link":"https:\/\/www.jazzzeitung.de\/cms\/thema\/nachrichten\/"},"img":{"alt_text":"","src":"https:\/\/i0.wp.com\/www.jazzzeitung.de\/cms\/wp-content\/uploads\/2024\/11\/00_Aufmacher_Maximilian-Hirning_Bayreuth_09112024_001-scaled.jpg?fit=1200%2C800&ssl=1&resize=350%2C200","width":350,"height":200,"srcset":"https:\/\/i0.wp.com\/www.jazzzeitung.de\/cms\/wp-content\/uploads\/2024\/11\/00_Aufmacher_Maximilian-Hirning_Bayreuth_09112024_001-scaled.jpg?fit=1200%2C800&ssl=1&resize=350%2C200 1x, https:\/\/i0.wp.com\/www.jazzzeitung.de\/cms\/wp-content\/uploads\/2024\/11\/00_Aufmacher_Maximilian-Hirning_Bayreuth_09112024_001-scaled.jpg?fit=1200%2C800&ssl=1&resize=525%2C300 1.5x, https:\/\/i0.wp.com\/www.jazzzeitung.de\/cms\/wp-content\/uploads\/2024\/11\/00_Aufmacher_Maximilian-Hirning_Bayreuth_09112024_001-scaled.jpg?fit=1200%2C800&ssl=1&resize=700%2C400 2x, https:\/\/i0.wp.com\/www.jazzzeitung.de\/cms\/wp-content\/uploads\/2024\/11\/00_Aufmacher_Maximilian-Hirning_Bayreuth_09112024_001-scaled.jpg?fit=1200%2C800&ssl=1&resize=1050%2C600 3x"},"classes":[]}],"jetpack_sharing_enabled":true,"_links":{"self":[{"href":"https:\/\/www.jazzzeitung.de\/cms\/wp-json\/wp\/v2\/posts\/13532","targetHints":{"allow":["GET"]}}],"collection":[{"href":"https:\/\/www.jazzzeitung.de\/cms\/wp-json\/wp\/v2\/posts"}],"about":[{"href":"https:\/\/www.jazzzeitung.de\/cms\/wp-json\/wp\/v2\/types\/post"}],"author":[{"embeddable":true,"href":"https:\/\/www.jazzzeitung.de\/cms\/wp-json\/wp\/v2\/users\/18"}],"replies":[{"embeddable":true,"href":"https:\/\/www.jazzzeitung.de\/cms\/wp-json\/wp\/v2\/comments?post=13532"}],"version-history":[{"count":2,"href":"https:\/\/www.jazzzeitung.de\/cms\/wp-json\/wp\/v2\/posts\/13532\/revisions"}],"predecessor-version":[{"id":13535,"href":"https:\/\/www.jazzzeitung.de\/cms\/wp-json\/wp\/v2\/posts\/13532\/revisions\/13535"}],"wp:attachment":[{"href":"https:\/\/www.jazzzeitung.de\/cms\/wp-json\/wp\/v2\/media?parent=13532"}],"wp:term":[{"taxonomy":"category","embeddable":true,"href":"https:\/\/www.jazzzeitung.de\/cms\/wp-json\/wp\/v2\/categories?post=13532"},{"taxonomy":"post_tag","embeddable":true,"href":"https:\/\/www.jazzzeitung.de\/cms\/wp-json\/wp\/v2\/tags?post=13532"},{"taxonomy":"author","embeddable":true,"href":"https:\/\/www.jazzzeitung.de\/cms\/wp-json\/wp\/v2\/coauthors?post=13532"}],"curies":[{"name":"wp","href":"https:\/\/api.w.org\/{rel}","templated":true}]}}