{"id":13495,"date":"2017-09-11T13:17:44","date_gmt":"2017-09-11T11:17:44","guid":{"rendered":"https:\/\/www.jazzzeitung.de\/cms\/?p=13495"},"modified":"2017-10-17T11:26:32","modified_gmt":"2017-10-17T09:26:32","slug":"bildergalerie-1-achava-jazz-award-verliehen","status":"publish","type":"post","link":"https:\/\/www.jazzzeitung.de\/cms\/2017\/09\/bildergalerie-1-achava-jazz-award-verliehen\/","title":{"rendered":"Bildergalerie: 1. Achava Jazz Award verliehen"},"content":{"rendered":"<p><strong><a href=\"https:\/\/i0.wp.com\/www.jazzzeitung.de\/cms\/wp-content\/uploads\/2017\/09\/Achava-2017-09-09-Jazz-Award-Fotograf-Elena-Kaufmann-4096px-15.jpeg?ssl=1\"><img data-recalc-dims=\"1\" loading=\"lazy\" decoding=\"async\" data-attachment-id=\"13496\" data-permalink=\"https:\/\/www.jazzzeitung.de\/cms\/2017\/09\/bildergalerie-1-achava-jazz-award-verliehen\/achava-2017-09-09-jazz-award-fotograf-elena-kaufmann-4096px-15\/\" data-orig-file=\"https:\/\/i0.wp.com\/www.jazzzeitung.de\/cms\/wp-content\/uploads\/2017\/09\/Achava-2017-09-09-Jazz-Award-Fotograf-Elena-Kaufmann-4096px-15.jpeg?fit=1280%2C853&amp;ssl=1\" data-orig-size=\"1280,853\" data-comments-opened=\"1\" data-image-meta=\"{&quot;aperture&quot;:&quot;0&quot;,&quot;credit&quot;:&quot;&quot;,&quot;camera&quot;:&quot;&quot;,&quot;caption&quot;:&quot;&quot;,&quot;created_timestamp&quot;:&quot;0&quot;,&quot;copyright&quot;:&quot;Elena Kaufmann&quot;,&quot;focal_length&quot;:&quot;0&quot;,&quot;iso&quot;:&quot;0&quot;,&quot;shutter_speed&quot;:&quot;0&quot;,&quot;title&quot;:&quot;&quot;,&quot;orientation&quot;:&quot;0&quot;}\" data-image-title=\"Achava-2017-09-09-Jazz-Award-Fotograf-Elena-Kaufmann-4096px-15\" data-image-description=\"\" data-image-caption=\"\" data-large-file=\"https:\/\/i0.wp.com\/www.jazzzeitung.de\/cms\/wp-content\/uploads\/2017\/09\/Achava-2017-09-09-Jazz-Award-Fotograf-Elena-Kaufmann-4096px-15.jpeg?fit=840%2C560&amp;ssl=1\" class=\"alignright size-thumbnail wp-image-13496\" src=\"https:\/\/i0.wp.com\/www.jazzzeitung.de\/cms\/wp-content\/uploads\/2017\/09\/Achava-2017-09-09-Jazz-Award-Fotograf-Elena-Kaufmann-4096px-15.jpeg?resize=150%2C150&#038;ssl=1\" alt=\"\" width=\"150\" height=\"150\" srcset=\"https:\/\/i0.wp.com\/www.jazzzeitung.de\/cms\/wp-content\/uploads\/2017\/09\/Achava-2017-09-09-Jazz-Award-Fotograf-Elena-Kaufmann-4096px-15.jpeg?resize=150%2C150&amp;ssl=1 150w, https:\/\/i0.wp.com\/www.jazzzeitung.de\/cms\/wp-content\/uploads\/2017\/09\/Achava-2017-09-09-Jazz-Award-Fotograf-Elena-Kaufmann-4096px-15.jpeg?resize=144%2C144&amp;ssl=1 144w, https:\/\/i0.wp.com\/www.jazzzeitung.de\/cms\/wp-content\/uploads\/2017\/09\/Achava-2017-09-09-Jazz-Award-Fotograf-Elena-Kaufmann-4096px-15.jpeg?resize=96%2C96&amp;ssl=1 96w, https:\/\/i0.wp.com\/www.jazzzeitung.de\/cms\/wp-content\/uploads\/2017\/09\/Achava-2017-09-09-Jazz-Award-Fotograf-Elena-Kaufmann-4096px-15.jpeg?resize=24%2C24&amp;ssl=1 24w, https:\/\/i0.wp.com\/www.jazzzeitung.de\/cms\/wp-content\/uploads\/2017\/09\/Achava-2017-09-09-Jazz-Award-Fotograf-Elena-Kaufmann-4096px-15.jpeg?resize=36%2C36&amp;ssl=1 36w, https:\/\/i0.wp.com\/www.jazzzeitung.de\/cms\/wp-content\/uploads\/2017\/09\/Achava-2017-09-09-Jazz-Award-Fotograf-Elena-Kaufmann-4096px-15.jpeg?resize=48%2C48&amp;ssl=1 48w, https:\/\/i0.wp.com\/www.jazzzeitung.de\/cms\/wp-content\/uploads\/2017\/09\/Achava-2017-09-09-Jazz-Award-Fotograf-Elena-Kaufmann-4096px-15.jpeg?resize=64%2C64&amp;ssl=1 64w, https:\/\/i0.wp.com\/www.jazzzeitung.de\/cms\/wp-content\/uploads\/2017\/09\/Achava-2017-09-09-Jazz-Award-Fotograf-Elena-Kaufmann-4096px-15.jpeg?resize=32%2C32&amp;ssl=1 32w, https:\/\/i0.wp.com\/www.jazzzeitung.de\/cms\/wp-content\/uploads\/2017\/09\/Achava-2017-09-09-Jazz-Award-Fotograf-Elena-Kaufmann-4096px-15.jpeg?resize=50%2C50&amp;ssl=1 50w, https:\/\/i0.wp.com\/www.jazzzeitung.de\/cms\/wp-content\/uploads\/2017\/09\/Achava-2017-09-09-Jazz-Award-Fotograf-Elena-Kaufmann-4096px-15.jpeg?resize=128%2C128&amp;ssl=1 128w, https:\/\/i0.wp.com\/www.jazzzeitung.de\/cms\/wp-content\/uploads\/2017\/09\/Achava-2017-09-09-Jazz-Award-Fotograf-Elena-Kaufmann-4096px-15.jpeg?zoom=2&amp;resize=150%2C150&amp;ssl=1 300w, https:\/\/i0.wp.com\/www.jazzzeitung.de\/cms\/wp-content\/uploads\/2017\/09\/Achava-2017-09-09-Jazz-Award-Fotograf-Elena-Kaufmann-4096px-15.jpeg?zoom=3&amp;resize=150%2C150&amp;ssl=1 450w\" sizes=\"auto, (max-width: 150px) 100vw, 150px\" \/><\/a>ACHAVA ist mehr als ein Festival \u2013 es ist ein Lebensgef\u00fchl! Der Kern\u00a0der Botschaft der ACHAVA Festspiele \u2013 Br\u00fcderlichkeit, Verst\u00e4ndnis, Respekt\u00a0f\u00fcr\u00a0den Anderen \u2013 gewinnt immer mehr an Gestalt. Es fand ein reger und vor allem\u00a0direkter Austausch auf vielen Ebenen statt: Konzerte, Diskussionsrunden, wie\u00a0die \u201eErfurter\u00a0Religionsgespr\u00e4che\u201c, Sch\u00fclertreffen, eine Filmreihe und\u00a0Ausstellungen boten Raum f\u00fcr einen intensiveren oder sogar neuen Blick auf die\u00a0Welt.<\/strong><\/p>\n<p>Am Abend des 9. Septembers 2017 endeten die ACHAVA Festspiele\u00a0Th\u00fcringen mit einem packenden Abschlusskonzert des\u00a0<strong>Omer Klein Trios<\/strong>.\u00a0Von romantisch-vertr\u00e4umten Kl\u00e4ngen bis hin zu\u00a0aufr\u00fcttelnd-energetischem Jazz riss er das Publikum mit. Als besondere\u00a0\u00dcberraschung pr\u00e4sentierte er ein selbstgeschriebenes Lied auf hebr\u00e4isch, von\u00a0ihm pers\u00f6nlich gesungen. Die\u00a0diesj\u00e4hrigen ACHAVA Festspiele Th\u00fcringen erreichten einen neuen Besucherrekord. Trotz einer etwas\u00a0geringeren Anzahl an Veranstaltungen wurden ca. 18.800 Besucher\u00a0gez\u00e4hlt. Dazu\u00a0trug insbesondere das gro\u00dfe\u00a0ACHAVA\u00a0Stra\u00dfenfestival\u00a0um die Kr\u00e4merbr\u00fccke bei, das etwa 12.000 interessierte\u00a0G\u00e4ste verbuchen konnte. F\u00fcr Stimmung sorgten die\u00a0jungen Akteure des Romano\u00a0Glaszo Projects \u2013 eine ungarische Initiative zur Integration von Sinti &amp;\u00a0Roma &#8211; gemeinsam mit Helmut Eisel und dem Gitarristen Joscho Stephan sowie der\u00a0String Company. Der Weimarer Drum Circle animierte Zuschauen zum rhythmischen\u00a0\u201eDraufhauen\u201c, bis Wenigemarkt und Lutherstieg bebten. Der Kinderzirkus Tasifan\u00a0verzauberte\u00a0besonders die kleinen G\u00e4ste. H\u00e4ndler und Besucher zeigten sich\u00a0begeistert von diesem neuen interkulturellen Format.<\/p>\n<p>Wie geplant, wurde das\u00a0<strong>Sch\u00fclerprogramm<\/strong>\u00a0gemeinsam\u00a0mit der Evangelischen Schulstiftung\u00a0ausgebaut. Beim Sch\u00fclerforum im\u00a0Th\u00fcringer Landtag nahmen \u00fcber 300 Sch\u00fcler teil,\u00a0lernten, wie Demokratie\u00a0funktionierte und Minderheiten in Deutschland leben und (an)gesehen werden. In\u00a0den folgenden vier Tagen fanden Sch\u00fclerpanels in vier Th\u00fcringer Schulen statt.\u00a0Auch hier stand die pers\u00f6nliche Begegnung im Vordergrund. Gut vorbereitet und\u00a0diskutierfreudig sprachen die Sch\u00fcler und Sch\u00fclerinnen mit dem Vorsitzenden\u00a0des\u00a0\u00a0Zentralrats der Sinti\u00a0und Roma in\u00a0Deutschland, einer angehenden jesidischen Lehrerin, die vor vielen Jahren aus\u00a0dem Irak fl\u00fcchtete, u.a. Musikalische Workshops mit dem Romano Glaszo Project\u00a0luden\u00a0zum Mitmachen ein. Dieses durch und durch erfolgreiche Format soll auch\u00a0in Zukunft viele Sch\u00fcler und Lehrer erreichen, um den Blick zu weiten.<\/p>\n<p><em>\u201eUm\u00a0Mitmenschlichkeit, Verst\u00e4ndnis und Respekt f\u00fcr anderen Menschen, Kulturen und\u00a0Religionen zu f\u00f6rdern, ist Bildung eine enorm wichtige Grundlage. Aus diesem\u00a0Grund legen die\u00a0ACHAVA Festspiele Th\u00fcringen gro\u00dfen Wert darauf, aktuelle Themen\u00a0auch f\u00fcr Kinder und Jugendlich so aufzubereiten, dass ein konstruktiver\u00a0Austausch und Lernen mit Praxisbezug\u00a0m\u00f6glich gemacht werden Beim Stra\u00dfenfest zeigte\u00a0sich, dass ein respektvolles und interessiertes Miteinander gew\u00fcnscht und\u00a0machbar ist. Wir wollen auch in Zukunft das \u201eLebensgef\u00fchl\u00a0ACHAVA\u201c vermitteln\u00a0und ausbauen.\u201c<\/em>\u00a0erkl\u00e4rt Martin Kranz, Intendant der ACHAVA Festspiele Th\u00fcringen.<\/p>\n<p>Die \u201eUniversalsprache\u201c Musik riss die G\u00e4ste beim\u00a0Konzert mit<strong>\u00a0&#8222;MoZulu Art \u2013 Mozart meets\u00a0Zulu\u201c<\/strong>\u00a0von den St\u00fchlen. Die B\u00fchne bebte bei \u201eGypsy Soul &amp; Jewish Heart\u201c\u00a0und rief St\u00fcrme\u00a0der Begeisterung\u00a0hervor.<\/p>\n<p>Erstmalig wurde der\u00a0<strong>ACHAVA Jazz Award\u00a0<\/strong>verliehen \u2013 ein Pilotprojekt in Kooperation mit\u00a0der Hochschule f\u00fcr Musik FRANZ LISZT \u2013 federf\u00fchrend Prof. Manfred Br\u00fcndl \u2013 und\u00a0der\u00a0Sparkassen Mittelth\u00fcringen, die den interkulturellen Preis mit 10.000 Euro\u00a0dotierte.\u00a0Peter Schulze\u00a0(K\u00fcnstlerischer Leiter der Jazz-Fachmeese\u00a0\u00bbjazzahead\u00ab sowie Sendesaal Bremen)\u00a0bezeichnete die ACHAVA Festspiele gar als\u00a0eines der profiliertesten und spannendsten Festivals Deutschland. Gewonnen hat das Duo \u201eFractal Limit\u201c mit Vardan Ovsepian (Armenien) und Tatiana Parra (Brasilien). Unsere Bilder stammen von Ralf Dombrowski:<\/p>\n<div class=\"tiled-gallery type-rectangular tiled-gallery-unresized\" data-original-width=\"840\" data-carousel-extra='{&quot;blog_id&quot;:1,&quot;permalink&quot;:&quot;https:\\\/\\\/www.jazzzeitung.de\\\/cms\\\/2017\\\/09\\\/bildergalerie-1-achava-jazz-award-verliehen\\\/&quot;,&quot;likes_blog_id&quot;:55446655}' itemscope itemtype=\"http:\/\/schema.org\/ImageGallery\" > <div class=\"gallery-row\" style=\"width: 840px; height: 375px;\" data-original-width=\"840\" data-original-height=\"375\" > <div class=\"gallery-group images-1\" style=\"width: 561px; height: 375px;\" data-original-width=\"561\" data-original-height=\"375\" > <div class=\"tiled-gallery-item tiled-gallery-item-large\" itemprop=\"associatedMedia\" itemscope itemtype=\"http:\/\/schema.org\/ImageObject\"> <a href=\"https:\/\/www.jazzzeitung.de\/cms\/2017\/09\/bildergalerie-1-achava-jazz-award-verliehen\/dsc03784-tatjana-parra-dombr\/\" border=\"0\" itemprop=\"url\"> <meta itemprop=\"width\" content=\"557\"> <meta itemprop=\"height\" content=\"371\"> <img decoding=\"async\" class=\"\" data-attachment-id=\"13497\" data-orig-file=\"https:\/\/www.jazzzeitung.de\/cms\/wp-content\/uploads\/2017\/09\/DSC03784-Tatjana-Parra-dombr.jpg\" data-orig-size=\"1280,853\" data-comments-opened=\"1\" data-image-meta=\"{&quot;aperture&quot;:&quot;4.5&quot;,&quot;credit&quot;:&quot;&quot;,&quot;camera&quot;:&quot;ILCE-6000&quot;,&quot;caption&quot;:&quot;Fractal Limits, Vardan Ovsepian (p), Tatjiana Parra (voc), Heizwerk, Erfurt, Achava Jazz Award 2017, Foto Ralf Dombrowski&quot;,&quot;created_timestamp&quot;:&quot;1504993884&quot;,&quot;copyright&quot;:&quot;&quot;,&quot;focal_length&quot;:&quot;58&quot;,&quot;iso&quot;:&quot;3200&quot;,&quot;shutter_speed&quot;:&quot;0.00625&quot;,&quot;title&quot;:&quot;&quot;,&quot;orientation&quot;:&quot;1&quot;}\" data-image-title=\"DSC03784, Tatjana Parra (dombr)\" data-image-description=\"&lt;p&gt;Fractal Limits, Vardan Ovsepian (p), Tatjiana Parra (voc), Heizwerk, Erfurt, Achava Jazz Award 2017, Foto Ralf Dombrowski&lt;\/p&gt; \" data-medium-file=\"https:\/\/i0.wp.com\/www.jazzzeitung.de\/cms\/wp-content\/uploads\/2017\/09\/DSC03784-Tatjana-Parra-dombr.jpg?fit=300%2C200&#038;ssl=1\" data-large-file=\"https:\/\/i0.wp.com\/www.jazzzeitung.de\/cms\/wp-content\/uploads\/2017\/09\/DSC03784-Tatjana-Parra-dombr.jpg?fit=840%2C560&#038;ssl=1\" src=\"https:\/\/i0.wp.com\/www.jazzzeitung.de\/cms\/wp-content\/uploads\/2017\/09\/DSC03784-Tatjana-Parra-dombr.jpg?w=557&#038;h=371&#038;ssl=1\" srcset=\"https:\/\/i0.wp.com\/www.jazzzeitung.de\/cms\/wp-content\/uploads\/2017\/09\/DSC03784-Tatjana-Parra-dombr.jpg?w=1280&amp;ssl=1 1280w, https:\/\/i0.wp.com\/www.jazzzeitung.de\/cms\/wp-content\/uploads\/2017\/09\/DSC03784-Tatjana-Parra-dombr.jpg?resize=300%2C200&amp;ssl=1 300w, https:\/\/i0.wp.com\/www.jazzzeitung.de\/cms\/wp-content\/uploads\/2017\/09\/DSC03784-Tatjana-Parra-dombr.jpg?resize=768%2C512&amp;ssl=1 768w, https:\/\/i0.wp.com\/www.jazzzeitung.de\/cms\/wp-content\/uploads\/2017\/09\/DSC03784-Tatjana-Parra-dombr.jpg?resize=900%2C600&amp;ssl=1 900w\" width=\"557\" height=\"371\" loading=\"lazy\" data-original-width=\"557\" data-original-height=\"371\" itemprop=\"http:\/\/schema.org\/image\" title=\"DSC03784, Tatjana Parra (dombr)\" alt=\"Fractal Limits, Vardan Ovsepian (p), Tatjiana Parra (voc), Heizwerk, Erfurt, Achava Jazz Award 2017, Foto Ralf Dombrowski\" style=\"width: 557px; height: 371px;\" \/> <\/a> <div class=\"tiled-gallery-caption\" itemprop=\"caption description\"> Fractal Limits, Vardan Ovsepian (p), Tatjiana Parra (voc), Heizwerk, Erfurt, Achava Jazz Award 2017, Foto Ralf Dombrowski <\/div> <\/div> <\/div> <!-- close group --> <div class=\"gallery-group images-2\" style=\"width: 279px; height: 375px;\" data-original-width=\"279\" data-original-height=\"375\" > <div class=\"tiled-gallery-item tiled-gallery-item-large\" itemprop=\"associatedMedia\" itemscope itemtype=\"http:\/\/schema.org\/ImageObject\"> <a href=\"https:\/\/www.jazzzeitung.de\/cms\/2017\/09\/bildergalerie-1-achava-jazz-award-verliehen\/dsc03785-tatjana-parra-dombr\/\" border=\"0\" itemprop=\"url\"> <meta itemprop=\"width\" content=\"275\"> <meta itemprop=\"height\" content=\"184\"> <img decoding=\"async\" class=\"\" data-attachment-id=\"13498\" data-orig-file=\"https:\/\/www.jazzzeitung.de\/cms\/wp-content\/uploads\/2017\/09\/DSC03785-Tatjana-Parra-dombr.jpg\" data-orig-size=\"1280,853\" data-comments-opened=\"1\" data-image-meta=\"{&quot;aperture&quot;:&quot;4.5&quot;,&quot;credit&quot;:&quot;&quot;,&quot;camera&quot;:&quot;ILCE-6000&quot;,&quot;caption&quot;:&quot;Fractal Limits, Vardan Ovsepian (p), Tatjiana Parra (voc), Heizwerk, Erfurt, Achava Jazz Award 2017, Foto Ralf Dombrowski&quot;,&quot;created_timestamp&quot;:&quot;1504993912&quot;,&quot;copyright&quot;:&quot;&quot;,&quot;focal_length&quot;:&quot;58&quot;,&quot;iso&quot;:&quot;3200&quot;,&quot;shutter_speed&quot;:&quot;0.00625&quot;,&quot;title&quot;:&quot;&quot;,&quot;orientation&quot;:&quot;1&quot;}\" data-image-title=\"DSC03785, Tatjana Parra (dombr)\" data-image-description=\"\" data-medium-file=\"https:\/\/i0.wp.com\/www.jazzzeitung.de\/cms\/wp-content\/uploads\/2017\/09\/DSC03785-Tatjana-Parra-dombr.jpg?fit=300%2C200&#038;ssl=1\" data-large-file=\"https:\/\/i0.wp.com\/www.jazzzeitung.de\/cms\/wp-content\/uploads\/2017\/09\/DSC03785-Tatjana-Parra-dombr.jpg?fit=840%2C560&#038;ssl=1\" src=\"https:\/\/i0.wp.com\/www.jazzzeitung.de\/cms\/wp-content\/uploads\/2017\/09\/DSC03785-Tatjana-Parra-dombr.jpg?w=275&#038;h=184&#038;ssl=1\" srcset=\"https:\/\/i0.wp.com\/www.jazzzeitung.de\/cms\/wp-content\/uploads\/2017\/09\/DSC03785-Tatjana-Parra-dombr.jpg?w=1280&amp;ssl=1 1280w, https:\/\/i0.wp.com\/www.jazzzeitung.de\/cms\/wp-content\/uploads\/2017\/09\/DSC03785-Tatjana-Parra-dombr.jpg?resize=300%2C200&amp;ssl=1 300w, https:\/\/i0.wp.com\/www.jazzzeitung.de\/cms\/wp-content\/uploads\/2017\/09\/DSC03785-Tatjana-Parra-dombr.jpg?resize=768%2C512&amp;ssl=1 768w, https:\/\/i0.wp.com\/www.jazzzeitung.de\/cms\/wp-content\/uploads\/2017\/09\/DSC03785-Tatjana-Parra-dombr.jpg?resize=900%2C600&amp;ssl=1 900w\" width=\"275\" height=\"184\" loading=\"lazy\" data-original-width=\"275\" data-original-height=\"184\" itemprop=\"http:\/\/schema.org\/image\" title=\"DSC03785, Tatjana Parra (dombr)\" alt=\"Fractal Limits, Vardan Ovsepian (p), Tatjiana Parra (voc), Heizwerk, Erfurt, Achava Jazz Award 2017, Foto Ralf Dombrowski\" style=\"width: 275px; height: 184px;\" \/> <\/a> <div class=\"tiled-gallery-caption\" itemprop=\"caption description\"> Fractal Limits, Vardan Ovsepian (p), Tatjiana Parra (voc), Heizwerk, Erfurt, Achava Jazz Award 2017, Foto Ralf Dombrowski <\/div> <\/div> <div class=\"tiled-gallery-item tiled-gallery-item-large\" itemprop=\"associatedMedia\" itemscope itemtype=\"http:\/\/schema.org\/ImageObject\"> <a href=\"https:\/\/www.jazzzeitung.de\/cms\/2017\/09\/bildergalerie-1-achava-jazz-award-verliehen\/dsc03791-vardan-ovsepian-tatjana-parra-dombr\/\" border=\"0\" itemprop=\"url\"> <meta itemprop=\"width\" content=\"275\"> <meta itemprop=\"height\" content=\"183\"> <img decoding=\"async\" class=\"\" data-attachment-id=\"13499\" data-orig-file=\"https:\/\/www.jazzzeitung.de\/cms\/wp-content\/uploads\/2017\/09\/DSC03791-Vardan-Ovsepian-Tatjana-Parra-dombr.jpg\" data-orig-size=\"1280,853\" data-comments-opened=\"1\" data-image-meta=\"{&quot;aperture&quot;:&quot;5&quot;,&quot;credit&quot;:&quot;&quot;,&quot;camera&quot;:&quot;ILCE-6000&quot;,&quot;caption&quot;:&quot;Fractal Limits, Vardan Ovsepian (p), Tatjiana Parra (voc), Heizwerk, Erfurt, Achava Jazz Award 2017, Foto Ralf Dombrowski&quot;,&quot;created_timestamp&quot;:&quot;1504994031&quot;,&quot;copyright&quot;:&quot;&quot;,&quot;focal_length&quot;:&quot;77&quot;,&quot;iso&quot;:&quot;3200&quot;,&quot;shutter_speed&quot;:&quot;0.00625&quot;,&quot;title&quot;:&quot;&quot;,&quot;orientation&quot;:&quot;1&quot;}\" data-image-title=\"DSC03791, Vardan Ovsepian, Tatjana Parra (dombr)\" data-image-description=\"\" data-medium-file=\"https:\/\/i0.wp.com\/www.jazzzeitung.de\/cms\/wp-content\/uploads\/2017\/09\/DSC03791-Vardan-Ovsepian-Tatjana-Parra-dombr.jpg?fit=300%2C200&#038;ssl=1\" data-large-file=\"https:\/\/i0.wp.com\/www.jazzzeitung.de\/cms\/wp-content\/uploads\/2017\/09\/DSC03791-Vardan-Ovsepian-Tatjana-Parra-dombr.jpg?fit=840%2C560&#038;ssl=1\" src=\"https:\/\/i0.wp.com\/www.jazzzeitung.de\/cms\/wp-content\/uploads\/2017\/09\/DSC03791-Vardan-Ovsepian-Tatjana-Parra-dombr.jpg?w=275&#038;h=183&#038;ssl=1\" srcset=\"https:\/\/i0.wp.com\/www.jazzzeitung.de\/cms\/wp-content\/uploads\/2017\/09\/DSC03791-Vardan-Ovsepian-Tatjana-Parra-dombr.jpg?w=1280&amp;ssl=1 1280w, https:\/\/i0.wp.com\/www.jazzzeitung.de\/cms\/wp-content\/uploads\/2017\/09\/DSC03791-Vardan-Ovsepian-Tatjana-Parra-dombr.jpg?resize=300%2C200&amp;ssl=1 300w, https:\/\/i0.wp.com\/www.jazzzeitung.de\/cms\/wp-content\/uploads\/2017\/09\/DSC03791-Vardan-Ovsepian-Tatjana-Parra-dombr.jpg?resize=768%2C512&amp;ssl=1 768w, https:\/\/i0.wp.com\/www.jazzzeitung.de\/cms\/wp-content\/uploads\/2017\/09\/DSC03791-Vardan-Ovsepian-Tatjana-Parra-dombr.jpg?resize=900%2C600&amp;ssl=1 900w\" width=\"275\" height=\"183\" loading=\"lazy\" data-original-width=\"275\" data-original-height=\"183\" itemprop=\"http:\/\/schema.org\/image\" title=\"DSC03791, Vardan Ovsepian, Tatjana Parra (dombr)\" alt=\"Fractal Limits, Vardan Ovsepian (p), Tatjiana Parra (voc), Heizwerk, Erfurt, Achava Jazz Award 2017, Foto Ralf Dombrowski\" style=\"width: 275px; height: 183px;\" \/> <\/a> <div class=\"tiled-gallery-caption\" itemprop=\"caption description\"> Fractal Limits, Vardan Ovsepian (p), Tatjiana Parra (voc), Heizwerk, Erfurt, Achava Jazz Award 2017, Foto Ralf Dombrowski <\/div> <\/div> <\/div> <!-- close group --> <\/div> <!-- close row --> <div class=\"gallery-row\" style=\"width: 840px; height: 374px;\" data-original-width=\"840\" data-original-height=\"374\" > <div class=\"gallery-group images-2\" style=\"width: 280px; height: 374px;\" data-original-width=\"280\" data-original-height=\"374\" > <div class=\"tiled-gallery-item tiled-gallery-item-large\" itemprop=\"associatedMedia\" itemscope itemtype=\"http:\/\/schema.org\/ImageObject\"> <a href=\"https:\/\/www.jazzzeitung.de\/cms\/2017\/09\/bildergalerie-1-achava-jazz-award-verliehen\/dsc03817-vardan-ovsepian-tatjana-parra-dombr\/\" border=\"0\" itemprop=\"url\"> <meta itemprop=\"width\" content=\"276\"> <meta itemprop=\"height\" content=\"182\"> <img decoding=\"async\" class=\"\" data-attachment-id=\"13500\" data-orig-file=\"https:\/\/www.jazzzeitung.de\/cms\/wp-content\/uploads\/2017\/09\/DSC03817-Vardan-Ovsepian-Tatjana-Parra-dombr.jpg\" data-orig-size=\"1280,846\" data-comments-opened=\"1\" data-image-meta=\"{&quot;aperture&quot;:&quot;5.6&quot;,&quot;credit&quot;:&quot;&quot;,&quot;camera&quot;:&quot;ILCE-6000&quot;,&quot;caption&quot;:&quot;Fractal Limits, Vardan Ovsepian (p), Tatjiana Parra (voc), Heizwerk, Erfurt, Achava Jazz Award 2017, Foto Ralf Dombrowski&quot;,&quot;created_timestamp&quot;:&quot;1504995480&quot;,&quot;copyright&quot;:&quot;&quot;,&quot;focal_length&quot;:&quot;93&quot;,&quot;iso&quot;:&quot;3200&quot;,&quot;shutter_speed&quot;:&quot;0.008&quot;,&quot;title&quot;:&quot;&quot;,&quot;orientation&quot;:&quot;1&quot;}\" data-image-title=\"DSC03817, Vardan Ovsepian, Tatjana Parra (dombr)\" data-image-description=\"\" data-medium-file=\"https:\/\/i0.wp.com\/www.jazzzeitung.de\/cms\/wp-content\/uploads\/2017\/09\/DSC03817-Vardan-Ovsepian-Tatjana-Parra-dombr.jpg?fit=300%2C198&#038;ssl=1\" data-large-file=\"https:\/\/i0.wp.com\/www.jazzzeitung.de\/cms\/wp-content\/uploads\/2017\/09\/DSC03817-Vardan-Ovsepian-Tatjana-Parra-dombr.jpg?fit=840%2C555&#038;ssl=1\" src=\"https:\/\/i0.wp.com\/www.jazzzeitung.de\/cms\/wp-content\/uploads\/2017\/09\/DSC03817-Vardan-Ovsepian-Tatjana-Parra-dombr.jpg?w=276&#038;h=182&#038;ssl=1\" srcset=\"https:\/\/i0.wp.com\/www.jazzzeitung.de\/cms\/wp-content\/uploads\/2017\/09\/DSC03817-Vardan-Ovsepian-Tatjana-Parra-dombr.jpg?w=1280&amp;ssl=1 1280w, https:\/\/i0.wp.com\/www.jazzzeitung.de\/cms\/wp-content\/uploads\/2017\/09\/DSC03817-Vardan-Ovsepian-Tatjana-Parra-dombr.jpg?resize=300%2C198&amp;ssl=1 300w, https:\/\/i0.wp.com\/www.jazzzeitung.de\/cms\/wp-content\/uploads\/2017\/09\/DSC03817-Vardan-Ovsepian-Tatjana-Parra-dombr.jpg?resize=768%2C508&amp;ssl=1 768w, https:\/\/i0.wp.com\/www.jazzzeitung.de\/cms\/wp-content\/uploads\/2017\/09\/DSC03817-Vardan-Ovsepian-Tatjana-Parra-dombr.jpg?resize=900%2C595&amp;ssl=1 900w\" width=\"276\" height=\"182\" loading=\"lazy\" data-original-width=\"276\" data-original-height=\"182\" itemprop=\"http:\/\/schema.org\/image\" title=\"DSC03817, Vardan Ovsepian, Tatjana Parra (dombr)\" alt=\"Fractal Limits, Vardan Ovsepian (p), Tatjiana Parra (voc), Heizwerk, Erfurt, Achava Jazz Award 2017, Foto Ralf Dombrowski\" style=\"width: 276px; height: 182px;\" \/> <\/a> <div class=\"tiled-gallery-caption\" itemprop=\"caption description\"> Fractal Limits, Vardan Ovsepian (p), Tatjiana Parra (voc), Heizwerk, Erfurt, Achava Jazz Award 2017, Foto Ralf Dombrowski <\/div> <\/div> <div class=\"tiled-gallery-item tiled-gallery-item-large\" itemprop=\"associatedMedia\" itemscope itemtype=\"http:\/\/schema.org\/ImageObject\"> <a href=\"https:\/\/www.jazzzeitung.de\/cms\/2017\/09\/bildergalerie-1-achava-jazz-award-verliehen\/dsc03823-vardan-ovsepian-tatjana-parra-dombr\/\" border=\"0\" itemprop=\"url\"> <meta itemprop=\"width\" content=\"276\"> <meta itemprop=\"height\" content=\"184\"> <img decoding=\"async\" class=\"\" data-attachment-id=\"13501\" data-orig-file=\"https:\/\/www.jazzzeitung.de\/cms\/wp-content\/uploads\/2017\/09\/DSC03823-Vardan-Ovsepian-Tatjana-Parra-dombr.jpg\" data-orig-size=\"1280,853\" data-comments-opened=\"1\" data-image-meta=\"{&quot;aperture&quot;:&quot;5&quot;,&quot;credit&quot;:&quot;&quot;,&quot;camera&quot;:&quot;ILCE-6000&quot;,&quot;caption&quot;:&quot;Fractal Limits, Vardan Ovsepian (p), Tatjiana Parra (voc), Heizwerk, Erfurt, Achava Jazz Award 2017, Foto Ralf Dombrowski&quot;,&quot;created_timestamp&quot;:&quot;1504995649&quot;,&quot;copyright&quot;:&quot;&quot;,&quot;focal_length&quot;:&quot;84&quot;,&quot;iso&quot;:&quot;3200&quot;,&quot;shutter_speed&quot;:&quot;0.008&quot;,&quot;title&quot;:&quot;&quot;,&quot;orientation&quot;:&quot;1&quot;}\" data-image-title=\"DSC03823, Vardan Ovsepian, Tatjana Parra (dombr)\" data-image-description=\"\" data-medium-file=\"https:\/\/i0.wp.com\/www.jazzzeitung.de\/cms\/wp-content\/uploads\/2017\/09\/DSC03823-Vardan-Ovsepian-Tatjana-Parra-dombr.jpg?fit=300%2C200&#038;ssl=1\" data-large-file=\"https:\/\/i0.wp.com\/www.jazzzeitung.de\/cms\/wp-content\/uploads\/2017\/09\/DSC03823-Vardan-Ovsepian-Tatjana-Parra-dombr.jpg?fit=840%2C560&#038;ssl=1\" src=\"https:\/\/i0.wp.com\/www.jazzzeitung.de\/cms\/wp-content\/uploads\/2017\/09\/DSC03823-Vardan-Ovsepian-Tatjana-Parra-dombr.jpg?w=276&#038;h=184&#038;ssl=1\" srcset=\"https:\/\/i0.wp.com\/www.jazzzeitung.de\/cms\/wp-content\/uploads\/2017\/09\/DSC03823-Vardan-Ovsepian-Tatjana-Parra-dombr.jpg?w=1280&amp;ssl=1 1280w, https:\/\/i0.wp.com\/www.jazzzeitung.de\/cms\/wp-content\/uploads\/2017\/09\/DSC03823-Vardan-Ovsepian-Tatjana-Parra-dombr.jpg?resize=300%2C200&amp;ssl=1 300w, https:\/\/i0.wp.com\/www.jazzzeitung.de\/cms\/wp-content\/uploads\/2017\/09\/DSC03823-Vardan-Ovsepian-Tatjana-Parra-dombr.jpg?resize=768%2C512&amp;ssl=1 768w, https:\/\/i0.wp.com\/www.jazzzeitung.de\/cms\/wp-content\/uploads\/2017\/09\/DSC03823-Vardan-Ovsepian-Tatjana-Parra-dombr.jpg?resize=900%2C600&amp;ssl=1 900w\" width=\"276\" height=\"184\" loading=\"lazy\" data-original-width=\"276\" data-original-height=\"184\" itemprop=\"http:\/\/schema.org\/image\" title=\"DSC03823, Vardan Ovsepian, Tatjana Parra (dombr)\" alt=\"Fractal Limits, Vardan Ovsepian (p), Tatjiana Parra (voc), Heizwerk, Erfurt, Achava Jazz Award 2017, Foto Ralf Dombrowski\" style=\"width: 276px; height: 184px;\" \/> <\/a> <div class=\"tiled-gallery-caption\" itemprop=\"caption description\"> Fractal Limits, Vardan Ovsepian (p), Tatjiana Parra (voc), Heizwerk, Erfurt, Achava Jazz Award 2017, Foto Ralf Dombrowski <\/div> <\/div> <\/div> <!-- close group --> <div class=\"gallery-group images-1\" style=\"width: 560px; height: 374px;\" data-original-width=\"560\" data-original-height=\"374\" > <div class=\"tiled-gallery-item tiled-gallery-item-large\" itemprop=\"associatedMedia\" itemscope itemtype=\"http:\/\/schema.org\/ImageObject\"> <a href=\"https:\/\/www.jazzzeitung.de\/cms\/2017\/09\/bildergalerie-1-achava-jazz-award-verliehen\/dsc03828-vardan-ovsepian-tatjana-parra-dombr\/\" border=\"0\" itemprop=\"url\"> <meta itemprop=\"width\" content=\"556\"> <meta itemprop=\"height\" content=\"370\"> <img decoding=\"async\" class=\"\" data-attachment-id=\"13502\" data-orig-file=\"https:\/\/www.jazzzeitung.de\/cms\/wp-content\/uploads\/2017\/09\/DSC03828-Vardan-Ovsepian-Tatjana-Parra-dombr.jpg\" data-orig-size=\"1280,853\" data-comments-opened=\"1\" data-image-meta=\"{&quot;aperture&quot;:&quot;5&quot;,&quot;credit&quot;:&quot;&quot;,&quot;camera&quot;:&quot;ILCE-6000&quot;,&quot;caption&quot;:&quot;Fractal Limits, Vardan Ovsepian (p), Tatjiana Parra (voc), Heizwerk, Erfurt, Achava Jazz Award 2017, Foto Ralf Dombrowski&quot;,&quot;created_timestamp&quot;:&quot;1504995664&quot;,&quot;copyright&quot;:&quot;&quot;,&quot;focal_length&quot;:&quot;71&quot;,&quot;iso&quot;:&quot;3200&quot;,&quot;shutter_speed&quot;:&quot;0.008&quot;,&quot;title&quot;:&quot;&quot;,&quot;orientation&quot;:&quot;1&quot;}\" data-image-title=\"DSC03828, Vardan Ovsepian, Tatjana Parra (dombr)\" data-image-description=\"\" data-medium-file=\"https:\/\/i0.wp.com\/www.jazzzeitung.de\/cms\/wp-content\/uploads\/2017\/09\/DSC03828-Vardan-Ovsepian-Tatjana-Parra-dombr.jpg?fit=300%2C200&#038;ssl=1\" data-large-file=\"https:\/\/i0.wp.com\/www.jazzzeitung.de\/cms\/wp-content\/uploads\/2017\/09\/DSC03828-Vardan-Ovsepian-Tatjana-Parra-dombr.jpg?fit=840%2C560&#038;ssl=1\" src=\"https:\/\/i0.wp.com\/www.jazzzeitung.de\/cms\/wp-content\/uploads\/2017\/09\/DSC03828-Vardan-Ovsepian-Tatjana-Parra-dombr.jpg?w=556&#038;h=370&#038;ssl=1\" srcset=\"https:\/\/i0.wp.com\/www.jazzzeitung.de\/cms\/wp-content\/uploads\/2017\/09\/DSC03828-Vardan-Ovsepian-Tatjana-Parra-dombr.jpg?w=1280&amp;ssl=1 1280w, https:\/\/i0.wp.com\/www.jazzzeitung.de\/cms\/wp-content\/uploads\/2017\/09\/DSC03828-Vardan-Ovsepian-Tatjana-Parra-dombr.jpg?resize=300%2C200&amp;ssl=1 300w, https:\/\/i0.wp.com\/www.jazzzeitung.de\/cms\/wp-content\/uploads\/2017\/09\/DSC03828-Vardan-Ovsepian-Tatjana-Parra-dombr.jpg?resize=768%2C512&amp;ssl=1 768w, https:\/\/i0.wp.com\/www.jazzzeitung.de\/cms\/wp-content\/uploads\/2017\/09\/DSC03828-Vardan-Ovsepian-Tatjana-Parra-dombr.jpg?resize=900%2C600&amp;ssl=1 900w\" width=\"556\" height=\"370\" loading=\"lazy\" data-original-width=\"556\" data-original-height=\"370\" itemprop=\"http:\/\/schema.org\/image\" title=\"DSC03828, Vardan Ovsepian, Tatjana Parra (dombr)\" alt=\"Fractal Limits, Vardan Ovsepian (p), Tatjiana Parra (voc), Heizwerk, Erfurt, Achava Jazz Award 2017, Foto Ralf Dombrowski\" style=\"width: 556px; height: 370px;\" \/> <\/a> <div class=\"tiled-gallery-caption\" itemprop=\"caption description\"> Fractal Limits, Vardan Ovsepian (p), Tatjiana Parra (voc), Heizwerk, Erfurt, Achava Jazz Award 2017, Foto Ralf Dombrowski <\/div> <\/div> <\/div> <!-- close group --> <\/div> <!-- close row --> <div class=\"gallery-row\" style=\"width: 840px; height: 225px;\" data-original-width=\"840\" data-original-height=\"225\" > <div class=\"gallery-group images-1\" style=\"width: 335px; height: 225px;\" data-original-width=\"335\" data-original-height=\"225\" > <div class=\"tiled-gallery-item tiled-gallery-item-large\" itemprop=\"associatedMedia\" itemscope itemtype=\"http:\/\/schema.org\/ImageObject\"> <a href=\"https:\/\/www.jazzzeitung.de\/cms\/2017\/09\/bildergalerie-1-achava-jazz-award-verliehen\/dsc03838-vardan-ovsepian-dombr\/\" border=\"0\" itemprop=\"url\"> <meta itemprop=\"width\" content=\"331\"> <meta itemprop=\"height\" content=\"221\"> <img decoding=\"async\" class=\"\" data-attachment-id=\"13503\" data-orig-file=\"https:\/\/www.jazzzeitung.de\/cms\/wp-content\/uploads\/2017\/09\/DSC03838-Vardan-Ovsepian-dombr.jpg\" data-orig-size=\"1280,853\" data-comments-opened=\"1\" data-image-meta=\"{&quot;aperture&quot;:&quot;5.6&quot;,&quot;credit&quot;:&quot;&quot;,&quot;camera&quot;:&quot;ILCE-6000&quot;,&quot;caption&quot;:&quot;Fractal Limits, Vardan Ovsepian (p), Tatjiana Parra (voc), Heizwerk, Erfurt, Achava Jazz Award 2017, Foto Ralf Dombrowski&quot;,&quot;created_timestamp&quot;:&quot;1504996167&quot;,&quot;copyright&quot;:&quot;&quot;,&quot;focal_length&quot;:&quot;111&quot;,&quot;iso&quot;:&quot;3200&quot;,&quot;shutter_speed&quot;:&quot;0.008&quot;,&quot;title&quot;:&quot;&quot;,&quot;orientation&quot;:&quot;1&quot;}\" data-image-title=\"DSC03838, Vardan Ovsepian (dombr)\" data-image-description=\"\" data-medium-file=\"https:\/\/i0.wp.com\/www.jazzzeitung.de\/cms\/wp-content\/uploads\/2017\/09\/DSC03838-Vardan-Ovsepian-dombr.jpg?fit=300%2C200&#038;ssl=1\" data-large-file=\"https:\/\/i0.wp.com\/www.jazzzeitung.de\/cms\/wp-content\/uploads\/2017\/09\/DSC03838-Vardan-Ovsepian-dombr.jpg?fit=840%2C560&#038;ssl=1\" src=\"https:\/\/i0.wp.com\/www.jazzzeitung.de\/cms\/wp-content\/uploads\/2017\/09\/DSC03838-Vardan-Ovsepian-dombr.jpg?w=331&#038;h=221&#038;ssl=1\" srcset=\"https:\/\/i0.wp.com\/www.jazzzeitung.de\/cms\/wp-content\/uploads\/2017\/09\/DSC03838-Vardan-Ovsepian-dombr.jpg?w=1280&amp;ssl=1 1280w, https:\/\/i0.wp.com\/www.jazzzeitung.de\/cms\/wp-content\/uploads\/2017\/09\/DSC03838-Vardan-Ovsepian-dombr.jpg?resize=300%2C200&amp;ssl=1 300w, https:\/\/i0.wp.com\/www.jazzzeitung.de\/cms\/wp-content\/uploads\/2017\/09\/DSC03838-Vardan-Ovsepian-dombr.jpg?resize=768%2C512&amp;ssl=1 768w, https:\/\/i0.wp.com\/www.jazzzeitung.de\/cms\/wp-content\/uploads\/2017\/09\/DSC03838-Vardan-Ovsepian-dombr.jpg?resize=900%2C600&amp;ssl=1 900w\" width=\"331\" height=\"221\" loading=\"lazy\" data-original-width=\"331\" data-original-height=\"221\" itemprop=\"http:\/\/schema.org\/image\" title=\"DSC03838, Vardan Ovsepian (dombr)\" alt=\"Fractal Limits, Vardan Ovsepian (p), Tatjiana Parra (voc), Heizwerk, Erfurt, Achava Jazz Award 2017, Foto Ralf Dombrowski\" style=\"width: 331px; height: 221px;\" \/> <\/a> <div class=\"tiled-gallery-caption\" itemprop=\"caption description\"> Fractal Limits, Vardan Ovsepian (p), Tatjiana Parra (voc), Heizwerk, Erfurt, Achava Jazz Award 2017, Foto Ralf Dombrowski <\/div> <\/div> <\/div> <!-- close group --> <div class=\"gallery-group images-1\" style=\"width: 170px; height: 225px;\" data-original-width=\"170\" data-original-height=\"225\" > <div class=\"tiled-gallery-item tiled-gallery-item-small\" itemprop=\"associatedMedia\" itemscope itemtype=\"http:\/\/schema.org\/ImageObject\"> <a href=\"https:\/\/www.jazzzeitung.de\/cms\/2017\/09\/bildergalerie-1-achava-jazz-award-verliehen\/dsc03844-tatjana-parra-dombr\/\" border=\"0\" itemprop=\"url\"> <meta itemprop=\"width\" content=\"166\"> <meta itemprop=\"height\" content=\"221\"> <img decoding=\"async\" class=\"\" data-attachment-id=\"13504\" data-orig-file=\"https:\/\/www.jazzzeitung.de\/cms\/wp-content\/uploads\/2017\/09\/DSC03844-Tatjana-Parra-dombr.jpg\" data-orig-size=\"960,1280\" data-comments-opened=\"1\" data-image-meta=\"{&quot;aperture&quot;:&quot;5&quot;,&quot;credit&quot;:&quot;&quot;,&quot;camera&quot;:&quot;ILCE-6000&quot;,&quot;caption&quot;:&quot;Fractal Limits, Vardan Ovsepian (p), Tatjiana Parra (voc), Heizwerk, Erfurt, Achava Jazz Award 2017, Foto Ralf Dombrowski&quot;,&quot;created_timestamp&quot;:&quot;1504996261&quot;,&quot;copyright&quot;:&quot;&quot;,&quot;focal_length&quot;:&quot;86&quot;,&quot;iso&quot;:&quot;3200&quot;,&quot;shutter_speed&quot;:&quot;0.008&quot;,&quot;title&quot;:&quot;&quot;,&quot;orientation&quot;:&quot;1&quot;}\" data-image-title=\"DSC03844, Tatjana Parra (dombr)\" data-image-description=\"\" data-medium-file=\"https:\/\/i0.wp.com\/www.jazzzeitung.de\/cms\/wp-content\/uploads\/2017\/09\/DSC03844-Tatjana-Parra-dombr.jpg?fit=225%2C300&#038;ssl=1\" data-large-file=\"https:\/\/i0.wp.com\/www.jazzzeitung.de\/cms\/wp-content\/uploads\/2017\/09\/DSC03844-Tatjana-Parra-dombr.jpg?fit=450%2C600&#038;ssl=1\" src=\"https:\/\/i0.wp.com\/www.jazzzeitung.de\/cms\/wp-content\/uploads\/2017\/09\/DSC03844-Tatjana-Parra-dombr.jpg?w=166&#038;h=221&#038;ssl=1\" srcset=\"https:\/\/i0.wp.com\/www.jazzzeitung.de\/cms\/wp-content\/uploads\/2017\/09\/DSC03844-Tatjana-Parra-dombr.jpg?w=960&amp;ssl=1 960w, https:\/\/i0.wp.com\/www.jazzzeitung.de\/cms\/wp-content\/uploads\/2017\/09\/DSC03844-Tatjana-Parra-dombr.jpg?resize=225%2C300&amp;ssl=1 225w, https:\/\/i0.wp.com\/www.jazzzeitung.de\/cms\/wp-content\/uploads\/2017\/09\/DSC03844-Tatjana-Parra-dombr.jpg?resize=768%2C1024&amp;ssl=1 768w, https:\/\/i0.wp.com\/www.jazzzeitung.de\/cms\/wp-content\/uploads\/2017\/09\/DSC03844-Tatjana-Parra-dombr.jpg?resize=450%2C600&amp;ssl=1 450w\" width=\"166\" height=\"221\" loading=\"lazy\" data-original-width=\"166\" data-original-height=\"221\" itemprop=\"http:\/\/schema.org\/image\" title=\"DSC03844, Tatjana Parra (dombr)\" alt=\"Fractal Limits, Vardan Ovsepian (p), Tatjiana Parra (voc), Heizwerk, Erfurt, Achava Jazz Award 2017, Foto Ralf Dombrowski\" style=\"width: 166px; height: 221px;\" \/> <\/a> <div class=\"tiled-gallery-caption\" itemprop=\"caption description\"> Fractal Limits, Vardan Ovsepian (p), Tatjiana Parra (voc), Heizwerk, Erfurt, Achava Jazz Award 2017, Foto Ralf Dombrowski <\/div> <\/div> <\/div> <!-- close group --> <div class=\"gallery-group images-1\" style=\"width: 335px; height: 225px;\" data-original-width=\"335\" data-original-height=\"225\" > <div class=\"tiled-gallery-item tiled-gallery-item-large\" itemprop=\"associatedMedia\" itemscope itemtype=\"http:\/\/schema.org\/ImageObject\"> <a href=\"https:\/\/www.jazzzeitung.de\/cms\/2017\/09\/bildergalerie-1-achava-jazz-award-verliehen\/dsc03849-vardan-ovsepian-tatjana-parra-dombr\/\" border=\"0\" itemprop=\"url\"> <meta itemprop=\"width\" content=\"331\"> <meta itemprop=\"height\" content=\"221\"> <img decoding=\"async\" class=\"\" data-attachment-id=\"13505\" data-orig-file=\"https:\/\/www.jazzzeitung.de\/cms\/wp-content\/uploads\/2017\/09\/DSC03849-Vardan-Ovsepian-Tatjana-Parra-dombr.jpg\" data-orig-size=\"1280,853\" data-comments-opened=\"1\" data-image-meta=\"{&quot;aperture&quot;:&quot;4.5&quot;,&quot;credit&quot;:&quot;&quot;,&quot;camera&quot;:&quot;ILCE-6000&quot;,&quot;caption&quot;:&quot;Fractal Limits, Vardan Ovsepian (p), Tatjiana Parra (voc), Heizwerk, Erfurt, Achava Jazz Award 2017, Foto Ralf Dombrowski&quot;,&quot;created_timestamp&quot;:&quot;1504996339&quot;,&quot;copyright&quot;:&quot;&quot;,&quot;focal_length&quot;:&quot;55&quot;,&quot;iso&quot;:&quot;3200&quot;,&quot;shutter_speed&quot;:&quot;0.008&quot;,&quot;title&quot;:&quot;&quot;,&quot;orientation&quot;:&quot;1&quot;}\" data-image-title=\"DSC03849, Vardan Ovsepian, Tatjana Parra (dombr)\" data-image-description=\"\" data-medium-file=\"https:\/\/i0.wp.com\/www.jazzzeitung.de\/cms\/wp-content\/uploads\/2017\/09\/DSC03849-Vardan-Ovsepian-Tatjana-Parra-dombr.jpg?fit=300%2C200&#038;ssl=1\" data-large-file=\"https:\/\/i0.wp.com\/www.jazzzeitung.de\/cms\/wp-content\/uploads\/2017\/09\/DSC03849-Vardan-Ovsepian-Tatjana-Parra-dombr.jpg?fit=840%2C560&#038;ssl=1\" src=\"https:\/\/i0.wp.com\/www.jazzzeitung.de\/cms\/wp-content\/uploads\/2017\/09\/DSC03849-Vardan-Ovsepian-Tatjana-Parra-dombr.jpg?w=331&#038;h=221&#038;ssl=1\" srcset=\"https:\/\/i0.wp.com\/www.jazzzeitung.de\/cms\/wp-content\/uploads\/2017\/09\/DSC03849-Vardan-Ovsepian-Tatjana-Parra-dombr.jpg?w=1280&amp;ssl=1 1280w, https:\/\/i0.wp.com\/www.jazzzeitung.de\/cms\/wp-content\/uploads\/2017\/09\/DSC03849-Vardan-Ovsepian-Tatjana-Parra-dombr.jpg?resize=300%2C200&amp;ssl=1 300w, https:\/\/i0.wp.com\/www.jazzzeitung.de\/cms\/wp-content\/uploads\/2017\/09\/DSC03849-Vardan-Ovsepian-Tatjana-Parra-dombr.jpg?resize=768%2C512&amp;ssl=1 768w, https:\/\/i0.wp.com\/www.jazzzeitung.de\/cms\/wp-content\/uploads\/2017\/09\/DSC03849-Vardan-Ovsepian-Tatjana-Parra-dombr.jpg?resize=900%2C600&amp;ssl=1 900w\" width=\"331\" height=\"221\" loading=\"lazy\" data-original-width=\"331\" data-original-height=\"221\" itemprop=\"http:\/\/schema.org\/image\" title=\"DSC03849, Vardan Ovsepian, Tatjana Parra (dombr)\" alt=\"Fractal Limits, Vardan Ovsepian (p), Tatjiana Parra (voc), Heizwerk, Erfurt, Achava Jazz Award 2017, Foto Ralf Dombrowski\" style=\"width: 331px; height: 221px;\" \/> <\/a> <div class=\"tiled-gallery-caption\" itemprop=\"caption description\"> Fractal Limits, Vardan Ovsepian (p), Tatjiana Parra (voc), Heizwerk, Erfurt, Achava Jazz Award 2017, Foto Ralf Dombrowski <\/div> <\/div> <\/div> <!-- close group --> <\/div> <!-- close row --> <\/div>\n<p><strong>Das\u00a0Verdi\u00a0Requiem im Erfurter Dom\u00a0erinnerte feierlich an die Ermordeten des KZ Theresienstadt.\u00a0Die Staatskapelle Weimar mit seinem Dirigenten Kirill Karabits, der MDR\u00a0Rundfunkchor und vier wunderbare Solisten boten eine ergreifende Vorstellung.<\/strong><\/p>\n<p>Unter dem Titel\u00a0<strong>\u201eSea Lavender \u2013 die Euphorie des Seins\u201c\u00a0<\/strong>tanzte die Holocaust \u00dcberlebende\u00a0\u00c9va Fahidi-Pusztai ihr Leben mit und im Vergleich mit der jungen ungarischen\u00a0T\u00e4nzerin\u00a0Emese Curhoka in der SCHOTTE. Die G\u00e4ste im ausverkauften Theater\u00a0hielten buchst\u00e4blich den Atem an und dankten mit \u201eStanding Ovations\u201c f\u00fcr diese unvergessliche\u00a0Darbietung.<\/p>\n<p>Nach 72 Jahren erklang erstmalig wieder <strong>\u201eDie Geige von Buchenwald\u201c <\/strong>&#8211; sie geh\u00f6rte dem Schriftsteller Bruno Apitz (Nackt unter W\u00f6lfen) und wurde der Gedenkst\u00e4tte Buchenwald von seiner Witwe Marlis Apitz \u00fcbergeben. Ein Gespr\u00e4chskonzert mit Matthias Wollong, Susanne Hantke, Marlis Apitz und Daniel Schmidt f\u00f6rderte Bekanntes und Neues \u00fcber den ber\u00fchmten Autoren zutage. Matthias Wollong spielte auf der gut erhaltenen Geige St\u00fccke von Bach aber auch Lieder, die im Lager Buchenwald entstanden und aufgef\u00fchrt wurden.<\/p>\n<p>Die in der Galerie Bilder Bethge gezeigte\u00a0Ausstellung <strong>\u201eBeladene B\u00fccher\u201c der israelischen\u00a0K\u00fcnstlerin Nechama Levendel\u00a0<\/strong>war ein poetischer Blick auf den Umgang mit B\u00fcchern.\u00a0Ihre\u00a0Umgestaltung, Neuverwertung und schlichte, wie wirkungsvolle Pr\u00e4sentation\u00a0beeindruckte viele der G\u00e4ste so, dass einige Objekte bereits verkauft wurden.<\/p>\n<p><strong>ACHAVA\u00a0Festspiele Th\u00fcringen im n\u00e4chsten Jahr:<br \/>\n20. \u2013 30.\u00a0September 2018<br \/>\n<a href=\"http:\/\/www.achava-festspiele.de\/\">www.achava-festspiele.de<\/a><\/strong><\/p>\n","protected":false},"excerpt":{"rendered":"<p>ACHAVA ist mehr als ein Festival \u2013 es ist ein Lebensgef\u00fchl! Der Kern\u00a0der Botschaft der ACHAVA Festspiele \u2013 Br\u00fcderlichkeit, Verst\u00e4ndnis, Respekt\u00a0f\u00fcr\u00a0den Anderen \u2013 gewinnt immer mehr an Gestalt. Es fand ein reger und vor allem\u00a0direkter Austausch auf vielen Ebenen statt: Konzerte, Diskussionsrunden, wie\u00a0die \u201eErfurter\u00a0Religionsgespr\u00e4che\u201c, Sch\u00fclertreffen, eine Filmreihe und\u00a0Ausstellungen boten Raum f\u00fcr einen intensiveren oder sogar neuen Blick auf die\u00a0Welt. Am Abend des 9. Septembers 2017 endeten die ACHAVA Festspiele\u00a0Th\u00fcringen mit einem packenden Abschlusskonzert des\u00a0Omer Klein Trios.\u00a0Von romantisch-vertr\u00e4umten Kl\u00e4ngen bis hin zu\u00a0aufr\u00fcttelnd-energetischem Jazz riss er das Publikum mit. Als besondere\u00a0\u00dcberraschung pr\u00e4sentierte er ein selbstgeschriebenes Lied auf hebr\u00e4isch, von\u00a0ihm pers\u00f6nlich gesungen. Die\u00a0diesj\u00e4hrigen ACHAVA Festspiele Th\u00fcringen erreichten einen neuen Besucherrekord. Trotz einer etwas\u00a0geringeren Anzahl an Veranstaltungen wurden ca. 18.800 Besucher\u00a0gez\u00e4hlt. Dazu\u00a0trug insbesondere das gro\u00dfe\u00a0ACHAVA\u00a0Stra\u00dfenfestival\u00a0um die Kr\u00e4merbr\u00fccke bei, das etwa 12.000 interessierte\u00a0G\u00e4ste verbuchen konnte. F\u00fcr Stimmung sorgten die\u00a0jungen Akteure des Romano\u00a0Glaszo Projects \u2013 eine ungarische Initiative zur Integration von Sinti &amp;\u00a0Roma &#8211; gemeinsam mit Helmut Eisel und dem Gitarristen Joscho Stephan sowie der\u00a0String Company. Der Weimarer Drum Circle animierte Zuschauen zum rhythmischen\u00a0\u201eDraufhauen\u201c, bis Wenigemarkt und Lutherstieg bebten. Der Kinderzirkus Tasifan\u00a0verzauberte\u00a0besonders die kleinen G\u00e4ste. H\u00e4ndler und Besucher zeigten sich\u00a0begeistert von &hellip;<\/p>\n","protected":false},"author":18,"featured_media":13497,"comment_status":"open","ping_status":"closed","sticky":false,"template":"","format":"standard","meta":{"_jetpack_memberships_contains_paid_content":false,"footnotes":"","jetpack_publicize_message":"","jetpack_publicize_feature_enabled":true,"jetpack_social_post_already_shared":false,"jetpack_social_options":{"image_generator_settings":{"template":"highway","default_image_id":0,"font":"","enabled":false},"version":2}},"categories":[652],"tags":[1592,1591,1587,1590,254,268,314,384,1502,146,1589,1588],"coauthors":[695],"class_list":["post-13495","post","type-post","status-publish","format-standard","has-post-thumbnail","hentry","category-galerie","tag-achava-jazz-award","tag-erfurt","tag-fractal-limits","tag-heizwerk","tag-jazz-award","tag-jazzahead","tag-kinder","tag-mdr","tag-preis","tag-dombrowski","tag-tatjiana-parra","tag-vardan-ovsepian"],"yoast_head":"<!-- This site is optimized with the Yoast SEO plugin v27.5 - https:\/\/yoast.com\/product\/yoast-seo-wordpress\/ -->\n<title>Bildergalerie: 1. Achava Jazz Award verliehen - JazzZeitung<\/title>\n<meta name=\"robots\" content=\"index, follow, max-snippet:-1, max-image-preview:large, max-video-preview:-1\" \/>\n<link rel=\"canonical\" href=\"https:\/\/www.jazzzeitung.de\/cms\/2017\/09\/bildergalerie-1-achava-jazz-award-verliehen\/\" \/>\n<meta property=\"og:locale\" content=\"de_DE\" \/>\n<meta property=\"og:type\" content=\"article\" \/>\n<meta property=\"og:title\" content=\"Bildergalerie: 1. Achava Jazz Award verliehen - JazzZeitung\" \/>\n<meta property=\"og:description\" content=\"ACHAVA ist mehr als ein Festival \u2013 es ist ein Lebensgef\u00fchl! Der Kern\u00a0der Botschaft der ACHAVA Festspiele \u2013 Br\u00fcderlichkeit, Verst\u00e4ndnis, Respekt\u00a0f\u00fcr\u00a0den Anderen \u2013 gewinnt immer mehr an Gestalt. Es fand ein reger und vor allem\u00a0direkter Austausch auf vielen Ebenen statt: Konzerte, Diskussionsrunden, wie\u00a0die \u201eErfurter\u00a0Religionsgespr\u00e4che\u201c, Sch\u00fclertreffen, eine Filmreihe und\u00a0Ausstellungen boten Raum f\u00fcr einen intensiveren oder sogar neuen Blick auf die\u00a0Welt. Am Abend des 9. Septembers 2017 endeten die ACHAVA Festspiele\u00a0Th\u00fcringen mit einem packenden Abschlusskonzert des\u00a0Omer Klein Trios.\u00a0Von romantisch-vertr\u00e4umten Kl\u00e4ngen bis hin zu\u00a0aufr\u00fcttelnd-energetischem Jazz riss er das Publikum mit. Als besondere\u00a0\u00dcberraschung pr\u00e4sentierte er ein selbstgeschriebenes Lied auf hebr\u00e4isch, von\u00a0ihm pers\u00f6nlich gesungen. Die\u00a0diesj\u00e4hrigen ACHAVA Festspiele Th\u00fcringen erreichten einen neuen Besucherrekord. Trotz einer etwas\u00a0geringeren Anzahl an Veranstaltungen wurden ca. 18.800 Besucher\u00a0gez\u00e4hlt. Dazu\u00a0trug insbesondere das gro\u00dfe\u00a0ACHAVA\u00a0Stra\u00dfenfestival\u00a0um die Kr\u00e4merbr\u00fccke bei, das etwa 12.000 interessierte\u00a0G\u00e4ste verbuchen konnte. F\u00fcr Stimmung sorgten die\u00a0jungen Akteure des Romano\u00a0Glaszo Projects \u2013 eine ungarische Initiative zur Integration von Sinti &amp;\u00a0Roma &#8211; gemeinsam mit Helmut Eisel und dem Gitarristen Joscho Stephan sowie der\u00a0String Company. Der Weimarer Drum Circle animierte Zuschauen zum rhythmischen\u00a0\u201eDraufhauen\u201c, bis Wenigemarkt und Lutherstieg bebten. Der Kinderzirkus Tasifan\u00a0verzauberte\u00a0besonders die kleinen G\u00e4ste. H\u00e4ndler und Besucher zeigten sich\u00a0begeistert von &hellip;\" \/>\n<meta property=\"og:url\" content=\"https:\/\/www.jazzzeitung.de\/cms\/2017\/09\/bildergalerie-1-achava-jazz-award-verliehen\/\" \/>\n<meta property=\"og:site_name\" content=\"JazzZeitung\" \/>\n<meta property=\"article:publisher\" content=\"https:\/\/www.facebook.com\/JazzZeitung\/\" \/>\n<meta property=\"article:published_time\" content=\"2017-09-11T11:17:44+00:00\" \/>\n<meta property=\"article:modified_time\" content=\"2017-10-17T09:26:32+00:00\" \/>\n<meta property=\"og:image\" content=\"https:\/\/i0.wp.com\/www.jazzzeitung.de\/cms\/wp-content\/uploads\/2017\/09\/DSC03784-Tatjana-Parra-dombr.jpg?fit=1280%2C853&ssl=1\" \/>\n\t<meta property=\"og:image:width\" content=\"1280\" \/>\n\t<meta property=\"og:image:height\" content=\"853\" \/>\n\t<meta property=\"og:image:type\" content=\"image\/jpeg\" \/>\n<meta name=\"author\" content=\"Redaktion JazzZeitung\" \/>\n<script type=\"application\/ld+json\" class=\"yoast-schema-graph\">{\"@context\":\"https:\\\/\\\/schema.org\",\"@graph\":[{\"@type\":\"Article\",\"@id\":\"https:\\\/\\\/www.jazzzeitung.de\\\/cms\\\/2017\\\/09\\\/bildergalerie-1-achava-jazz-award-verliehen\\\/#article\",\"isPartOf\":{\"@id\":\"https:\\\/\\\/www.jazzzeitung.de\\\/cms\\\/2017\\\/09\\\/bildergalerie-1-achava-jazz-award-verliehen\\\/\"},\"author\":{\"name\":\"Redaktion JazzZeitung\",\"@id\":\"https:\\\/\\\/www.jazzzeitung.de\\\/cms\\\/#\\\/schema\\\/person\\\/2245b36b9cd1d24cea10f01c031fb92b\"},\"headline\":\"Bildergalerie: 1. Achava Jazz Award verliehen\",\"datePublished\":\"2017-09-11T11:17:44+00:00\",\"dateModified\":\"2017-10-17T09:26:32+00:00\",\"mainEntityOfPage\":{\"@id\":\"https:\\\/\\\/www.jazzzeitung.de\\\/cms\\\/2017\\\/09\\\/bildergalerie-1-achava-jazz-award-verliehen\\\/\"},\"wordCount\":814,\"commentCount\":0,\"publisher\":{\"@id\":\"https:\\\/\\\/www.jazzzeitung.de\\\/cms\\\/#organization\"},\"image\":{\"@id\":\"https:\\\/\\\/www.jazzzeitung.de\\\/cms\\\/2017\\\/09\\\/bildergalerie-1-achava-jazz-award-verliehen\\\/#primaryimage\"},\"thumbnailUrl\":\"https:\\\/\\\/i0.wp.com\\\/www.jazzzeitung.de\\\/cms\\\/wp-content\\\/uploads\\\/2017\\\/09\\\/DSC03784-Tatjana-Parra-dombr.jpg?fit=1280%2C853&ssl=1\",\"keywords\":[\"Achava Jazz Award\",\"Erfurt\",\"Fractal Limits\",\"Heizwerk\",\"Jazz Award\",\"Jazzahead\",\"Kinder\",\"MDR\",\"Preis\",\"Ralf Dombrowski\",\"Tatjiana Parra\",\"Vardan Ovsepian\"],\"articleSection\":[\"Galerie\"],\"inLanguage\":\"de\",\"potentialAction\":[{\"@type\":\"CommentAction\",\"name\":\"Comment\",\"target\":[\"https:\\\/\\\/www.jazzzeitung.de\\\/cms\\\/2017\\\/09\\\/bildergalerie-1-achava-jazz-award-verliehen\\\/#respond\"]}]},{\"@type\":\"WebPage\",\"@id\":\"https:\\\/\\\/www.jazzzeitung.de\\\/cms\\\/2017\\\/09\\\/bildergalerie-1-achava-jazz-award-verliehen\\\/\",\"url\":\"https:\\\/\\\/www.jazzzeitung.de\\\/cms\\\/2017\\\/09\\\/bildergalerie-1-achava-jazz-award-verliehen\\\/\",\"name\":\"Bildergalerie: 1. Achava Jazz Award verliehen - JazzZeitung\",\"isPartOf\":{\"@id\":\"https:\\\/\\\/www.jazzzeitung.de\\\/cms\\\/#website\"},\"primaryImageOfPage\":{\"@id\":\"https:\\\/\\\/www.jazzzeitung.de\\\/cms\\\/2017\\\/09\\\/bildergalerie-1-achava-jazz-award-verliehen\\\/#primaryimage\"},\"image\":{\"@id\":\"https:\\\/\\\/www.jazzzeitung.de\\\/cms\\\/2017\\\/09\\\/bildergalerie-1-achava-jazz-award-verliehen\\\/#primaryimage\"},\"thumbnailUrl\":\"https:\\\/\\\/i0.wp.com\\\/www.jazzzeitung.de\\\/cms\\\/wp-content\\\/uploads\\\/2017\\\/09\\\/DSC03784-Tatjana-Parra-dombr.jpg?fit=1280%2C853&ssl=1\",\"datePublished\":\"2017-09-11T11:17:44+00:00\",\"dateModified\":\"2017-10-17T09:26:32+00:00\",\"breadcrumb\":{\"@id\":\"https:\\\/\\\/www.jazzzeitung.de\\\/cms\\\/2017\\\/09\\\/bildergalerie-1-achava-jazz-award-verliehen\\\/#breadcrumb\"},\"inLanguage\":\"de\",\"potentialAction\":[{\"@type\":\"ReadAction\",\"target\":[\"https:\\\/\\\/www.jazzzeitung.de\\\/cms\\\/2017\\\/09\\\/bildergalerie-1-achava-jazz-award-verliehen\\\/\"]}]},{\"@type\":\"ImageObject\",\"inLanguage\":\"de\",\"@id\":\"https:\\\/\\\/www.jazzzeitung.de\\\/cms\\\/2017\\\/09\\\/bildergalerie-1-achava-jazz-award-verliehen\\\/#primaryimage\",\"url\":\"https:\\\/\\\/i0.wp.com\\\/www.jazzzeitung.de\\\/cms\\\/wp-content\\\/uploads\\\/2017\\\/09\\\/DSC03784-Tatjana-Parra-dombr.jpg?fit=1280%2C853&ssl=1\",\"contentUrl\":\"https:\\\/\\\/i0.wp.com\\\/www.jazzzeitung.de\\\/cms\\\/wp-content\\\/uploads\\\/2017\\\/09\\\/DSC03784-Tatjana-Parra-dombr.jpg?fit=1280%2C853&ssl=1\",\"width\":1280,\"height\":853,\"caption\":\"Fractal Limits, Vardan Ovsepian (p), Tatjiana Parra (voc), Heizwerk, Erfurt, Achava Jazz Award 2017, Foto Ralf Dombrowski\"},{\"@type\":\"BreadcrumbList\",\"@id\":\"https:\\\/\\\/www.jazzzeitung.de\\\/cms\\\/2017\\\/09\\\/bildergalerie-1-achava-jazz-award-verliehen\\\/#breadcrumb\",\"itemListElement\":[{\"@type\":\"ListItem\",\"position\":1,\"name\":\"Startseite\",\"item\":\"https:\\\/\\\/www.jazzzeitung.de\\\/cms\\\/\"},{\"@type\":\"ListItem\",\"position\":2,\"name\":\"Bildergalerie: 1. Achava Jazz Award verliehen\"}]},{\"@type\":\"WebSite\",\"@id\":\"https:\\\/\\\/www.jazzzeitung.de\\\/cms\\\/#website\",\"url\":\"https:\\\/\\\/www.jazzzeitung.de\\\/cms\\\/\",\"name\":\"JazzZeitung\",\"description\":\"Jazz-News und Jazz-Kontroverses\",\"publisher\":{\"@id\":\"https:\\\/\\\/www.jazzzeitung.de\\\/cms\\\/#organization\"},\"potentialAction\":[{\"@type\":\"SearchAction\",\"target\":{\"@type\":\"EntryPoint\",\"urlTemplate\":\"https:\\\/\\\/www.jazzzeitung.de\\\/cms\\\/?s={search_term_string}\"},\"query-input\":{\"@type\":\"PropertyValueSpecification\",\"valueRequired\":true,\"valueName\":\"search_term_string\"}}],\"inLanguage\":\"de\"},{\"@type\":\"Organization\",\"@id\":\"https:\\\/\\\/www.jazzzeitung.de\\\/cms\\\/#organization\",\"name\":\"JazzZeitung online\",\"url\":\"https:\\\/\\\/www.jazzzeitung.de\\\/cms\\\/\",\"logo\":{\"@type\":\"ImageObject\",\"inLanguage\":\"de\",\"@id\":\"https:\\\/\\\/www.jazzzeitung.de\\\/cms\\\/#\\\/schema\\\/logo\\\/image\\\/\",\"url\":\"https:\\\/\\\/i0.wp.com\\\/www.jazzzeitung.de\\\/cms\\\/wp-content\\\/uploads\\\/2015\\\/08\\\/JAZZZEITUNGDE_Logo_Neu.png?fit=499%2C200&ssl=1\",\"contentUrl\":\"https:\\\/\\\/i0.wp.com\\\/www.jazzzeitung.de\\\/cms\\\/wp-content\\\/uploads\\\/2015\\\/08\\\/JAZZZEITUNGDE_Logo_Neu.png?fit=499%2C200&ssl=1\",\"width\":499,\"height\":200,\"caption\":\"JazzZeitung online\"},\"image\":{\"@id\":\"https:\\\/\\\/www.jazzzeitung.de\\\/cms\\\/#\\\/schema\\\/logo\\\/image\\\/\"},\"sameAs\":[\"https:\\\/\\\/www.facebook.com\\\/JazzZeitung\\\/\"]},{\"@type\":\"Person\",\"@id\":\"https:\\\/\\\/www.jazzzeitung.de\\\/cms\\\/#\\\/schema\\\/person\\\/2245b36b9cd1d24cea10f01c031fb92b\",\"name\":\"Redaktion JazzZeitung\",\"image\":{\"@type\":\"ImageObject\",\"inLanguage\":\"de\",\"@id\":\"https:\\\/\\\/i0.wp.com\\\/www.jazzzeitung.de\\\/cms\\\/wp-content\\\/uploads\\\/2015\\\/08\\\/JAZZZEITUNGDE_Logo_Neu.png?resize=96%2C96&ssl=159975dcacb611b5700bd619b5daf0a7a\",\"url\":\"https:\\\/\\\/i0.wp.com\\\/www.jazzzeitung.de\\\/cms\\\/wp-content\\\/uploads\\\/2015\\\/08\\\/JAZZZEITUNGDE_Logo_Neu.png?resize=96%2C96&ssl=1\",\"contentUrl\":\"https:\\\/\\\/i0.wp.com\\\/www.jazzzeitung.de\\\/cms\\\/wp-content\\\/uploads\\\/2015\\\/08\\\/JAZZZEITUNGDE_Logo_Neu.png?resize=96%2C96&ssl=1\",\"caption\":\"Redaktion JazzZeitung\"},\"description\":\"Artikel der Redaktion der JazzZeitung.\",\"sameAs\":[\"http:\\\/\\\/www.jazzzeitung.de\\\/cms\\\/\"],\"url\":\"https:\\\/\\\/www.jazzzeitung.de\\\/cms\\\/author\\\/redaktion\\\/\"}]}<\/script>\n<!-- \/ Yoast SEO plugin. -->","yoast_head_json":{"title":"Bildergalerie: 1. Achava Jazz Award verliehen - JazzZeitung","robots":{"index":"index","follow":"follow","max-snippet":"max-snippet:-1","max-image-preview":"max-image-preview:large","max-video-preview":"max-video-preview:-1"},"canonical":"https:\/\/www.jazzzeitung.de\/cms\/2017\/09\/bildergalerie-1-achava-jazz-award-verliehen\/","og_locale":"de_DE","og_type":"article","og_title":"Bildergalerie: 1. Achava Jazz Award verliehen - JazzZeitung","og_description":"ACHAVA ist mehr als ein Festival \u2013 es ist ein Lebensgef\u00fchl! Der Kern\u00a0der Botschaft der ACHAVA Festspiele \u2013 Br\u00fcderlichkeit, Verst\u00e4ndnis, Respekt\u00a0f\u00fcr\u00a0den Anderen \u2013 gewinnt immer mehr an Gestalt. Es fand ein reger und vor allem\u00a0direkter Austausch auf vielen Ebenen statt: Konzerte, Diskussionsrunden, wie\u00a0die \u201eErfurter\u00a0Religionsgespr\u00e4che\u201c, Sch\u00fclertreffen, eine Filmreihe und\u00a0Ausstellungen boten Raum f\u00fcr einen intensiveren oder sogar neuen Blick auf die\u00a0Welt. Am Abend des 9. Septembers 2017 endeten die ACHAVA Festspiele\u00a0Th\u00fcringen mit einem packenden Abschlusskonzert des\u00a0Omer Klein Trios.\u00a0Von romantisch-vertr\u00e4umten Kl\u00e4ngen bis hin zu\u00a0aufr\u00fcttelnd-energetischem Jazz riss er das Publikum mit. Als besondere\u00a0\u00dcberraschung pr\u00e4sentierte er ein selbstgeschriebenes Lied auf hebr\u00e4isch, von\u00a0ihm pers\u00f6nlich gesungen. Die\u00a0diesj\u00e4hrigen ACHAVA Festspiele Th\u00fcringen erreichten einen neuen Besucherrekord. Trotz einer etwas\u00a0geringeren Anzahl an Veranstaltungen wurden ca. 18.800 Besucher\u00a0gez\u00e4hlt. Dazu\u00a0trug insbesondere das gro\u00dfe\u00a0ACHAVA\u00a0Stra\u00dfenfestival\u00a0um die Kr\u00e4merbr\u00fccke bei, das etwa 12.000 interessierte\u00a0G\u00e4ste verbuchen konnte. F\u00fcr Stimmung sorgten die\u00a0jungen Akteure des Romano\u00a0Glaszo Projects \u2013 eine ungarische Initiative zur Integration von Sinti &amp;\u00a0Roma &#8211; gemeinsam mit Helmut Eisel und dem Gitarristen Joscho Stephan sowie der\u00a0String Company. Der Weimarer Drum Circle animierte Zuschauen zum rhythmischen\u00a0\u201eDraufhauen\u201c, bis Wenigemarkt und Lutherstieg bebten. Der Kinderzirkus Tasifan\u00a0verzauberte\u00a0besonders die kleinen G\u00e4ste. H\u00e4ndler und Besucher zeigten sich\u00a0begeistert von &hellip;","og_url":"https:\/\/www.jazzzeitung.de\/cms\/2017\/09\/bildergalerie-1-achava-jazz-award-verliehen\/","og_site_name":"JazzZeitung","article_publisher":"https:\/\/www.facebook.com\/JazzZeitung\/","article_published_time":"2017-09-11T11:17:44+00:00","article_modified_time":"2017-10-17T09:26:32+00:00","og_image":[{"width":1280,"height":853,"url":"https:\/\/i0.wp.com\/www.jazzzeitung.de\/cms\/wp-content\/uploads\/2017\/09\/DSC03784-Tatjana-Parra-dombr.jpg?fit=1280%2C853&ssl=1","type":"image\/jpeg"}],"author":"Redaktion JazzZeitung","schema":{"@context":"https:\/\/schema.org","@graph":[{"@type":"Article","@id":"https:\/\/www.jazzzeitung.de\/cms\/2017\/09\/bildergalerie-1-achava-jazz-award-verliehen\/#article","isPartOf":{"@id":"https:\/\/www.jazzzeitung.de\/cms\/2017\/09\/bildergalerie-1-achava-jazz-award-verliehen\/"},"author":{"name":"Redaktion JazzZeitung","@id":"https:\/\/www.jazzzeitung.de\/cms\/#\/schema\/person\/2245b36b9cd1d24cea10f01c031fb92b"},"headline":"Bildergalerie: 1. Achava Jazz Award verliehen","datePublished":"2017-09-11T11:17:44+00:00","dateModified":"2017-10-17T09:26:32+00:00","mainEntityOfPage":{"@id":"https:\/\/www.jazzzeitung.de\/cms\/2017\/09\/bildergalerie-1-achava-jazz-award-verliehen\/"},"wordCount":814,"commentCount":0,"publisher":{"@id":"https:\/\/www.jazzzeitung.de\/cms\/#organization"},"image":{"@id":"https:\/\/www.jazzzeitung.de\/cms\/2017\/09\/bildergalerie-1-achava-jazz-award-verliehen\/#primaryimage"},"thumbnailUrl":"https:\/\/i0.wp.com\/www.jazzzeitung.de\/cms\/wp-content\/uploads\/2017\/09\/DSC03784-Tatjana-Parra-dombr.jpg?fit=1280%2C853&ssl=1","keywords":["Achava Jazz Award","Erfurt","Fractal Limits","Heizwerk","Jazz Award","Jazzahead","Kinder","MDR","Preis","Ralf Dombrowski","Tatjiana Parra","Vardan Ovsepian"],"articleSection":["Galerie"],"inLanguage":"de","potentialAction":[{"@type":"CommentAction","name":"Comment","target":["https:\/\/www.jazzzeitung.de\/cms\/2017\/09\/bildergalerie-1-achava-jazz-award-verliehen\/#respond"]}]},{"@type":"WebPage","@id":"https:\/\/www.jazzzeitung.de\/cms\/2017\/09\/bildergalerie-1-achava-jazz-award-verliehen\/","url":"https:\/\/www.jazzzeitung.de\/cms\/2017\/09\/bildergalerie-1-achava-jazz-award-verliehen\/","name":"Bildergalerie: 1. Achava Jazz Award verliehen - JazzZeitung","isPartOf":{"@id":"https:\/\/www.jazzzeitung.de\/cms\/#website"},"primaryImageOfPage":{"@id":"https:\/\/www.jazzzeitung.de\/cms\/2017\/09\/bildergalerie-1-achava-jazz-award-verliehen\/#primaryimage"},"image":{"@id":"https:\/\/www.jazzzeitung.de\/cms\/2017\/09\/bildergalerie-1-achava-jazz-award-verliehen\/#primaryimage"},"thumbnailUrl":"https:\/\/i0.wp.com\/www.jazzzeitung.de\/cms\/wp-content\/uploads\/2017\/09\/DSC03784-Tatjana-Parra-dombr.jpg?fit=1280%2C853&ssl=1","datePublished":"2017-09-11T11:17:44+00:00","dateModified":"2017-10-17T09:26:32+00:00","breadcrumb":{"@id":"https:\/\/www.jazzzeitung.de\/cms\/2017\/09\/bildergalerie-1-achava-jazz-award-verliehen\/#breadcrumb"},"inLanguage":"de","potentialAction":[{"@type":"ReadAction","target":["https:\/\/www.jazzzeitung.de\/cms\/2017\/09\/bildergalerie-1-achava-jazz-award-verliehen\/"]}]},{"@type":"ImageObject","inLanguage":"de","@id":"https:\/\/www.jazzzeitung.de\/cms\/2017\/09\/bildergalerie-1-achava-jazz-award-verliehen\/#primaryimage","url":"https:\/\/i0.wp.com\/www.jazzzeitung.de\/cms\/wp-content\/uploads\/2017\/09\/DSC03784-Tatjana-Parra-dombr.jpg?fit=1280%2C853&ssl=1","contentUrl":"https:\/\/i0.wp.com\/www.jazzzeitung.de\/cms\/wp-content\/uploads\/2017\/09\/DSC03784-Tatjana-Parra-dombr.jpg?fit=1280%2C853&ssl=1","width":1280,"height":853,"caption":"Fractal Limits, Vardan Ovsepian (p), Tatjiana Parra (voc), Heizwerk, Erfurt, Achava Jazz Award 2017, Foto Ralf Dombrowski"},{"@type":"BreadcrumbList","@id":"https:\/\/www.jazzzeitung.de\/cms\/2017\/09\/bildergalerie-1-achava-jazz-award-verliehen\/#breadcrumb","itemListElement":[{"@type":"ListItem","position":1,"name":"Startseite","item":"https:\/\/www.jazzzeitung.de\/cms\/"},{"@type":"ListItem","position":2,"name":"Bildergalerie: 1. Achava Jazz Award verliehen"}]},{"@type":"WebSite","@id":"https:\/\/www.jazzzeitung.de\/cms\/#website","url":"https:\/\/www.jazzzeitung.de\/cms\/","name":"JazzZeitung","description":"Jazz-News und Jazz-Kontroverses","publisher":{"@id":"https:\/\/www.jazzzeitung.de\/cms\/#organization"},"potentialAction":[{"@type":"SearchAction","target":{"@type":"EntryPoint","urlTemplate":"https:\/\/www.jazzzeitung.de\/cms\/?s={search_term_string}"},"query-input":{"@type":"PropertyValueSpecification","valueRequired":true,"valueName":"search_term_string"}}],"inLanguage":"de"},{"@type":"Organization","@id":"https:\/\/www.jazzzeitung.de\/cms\/#organization","name":"JazzZeitung online","url":"https:\/\/www.jazzzeitung.de\/cms\/","logo":{"@type":"ImageObject","inLanguage":"de","@id":"https:\/\/www.jazzzeitung.de\/cms\/#\/schema\/logo\/image\/","url":"https:\/\/i0.wp.com\/www.jazzzeitung.de\/cms\/wp-content\/uploads\/2015\/08\/JAZZZEITUNGDE_Logo_Neu.png?fit=499%2C200&ssl=1","contentUrl":"https:\/\/i0.wp.com\/www.jazzzeitung.de\/cms\/wp-content\/uploads\/2015\/08\/JAZZZEITUNGDE_Logo_Neu.png?fit=499%2C200&ssl=1","width":499,"height":200,"caption":"JazzZeitung online"},"image":{"@id":"https:\/\/www.jazzzeitung.de\/cms\/#\/schema\/logo\/image\/"},"sameAs":["https:\/\/www.facebook.com\/JazzZeitung\/"]},{"@type":"Person","@id":"https:\/\/www.jazzzeitung.de\/cms\/#\/schema\/person\/2245b36b9cd1d24cea10f01c031fb92b","name":"Redaktion JazzZeitung","image":{"@type":"ImageObject","inLanguage":"de","@id":"https:\/\/i0.wp.com\/www.jazzzeitung.de\/cms\/wp-content\/uploads\/2015\/08\/JAZZZEITUNGDE_Logo_Neu.png?resize=96%2C96&ssl=159975dcacb611b5700bd619b5daf0a7a","url":"https:\/\/i0.wp.com\/www.jazzzeitung.de\/cms\/wp-content\/uploads\/2015\/08\/JAZZZEITUNGDE_Logo_Neu.png?resize=96%2C96&ssl=1","contentUrl":"https:\/\/i0.wp.com\/www.jazzzeitung.de\/cms\/wp-content\/uploads\/2015\/08\/JAZZZEITUNGDE_Logo_Neu.png?resize=96%2C96&ssl=1","caption":"Redaktion JazzZeitung"},"description":"Artikel der Redaktion der JazzZeitung.","sameAs":["http:\/\/www.jazzzeitung.de\/cms\/"],"url":"https:\/\/www.jazzzeitung.de\/cms\/author\/redaktion\/"}]}},"wp-worthy-pixel":{"ignored":false,"public":null,"server":null,"url":null},"wp-worthy-type":"normal","jetpack_publicize_connections":[],"cc_featured_image_caption":{"caption_text":false,"source_text":false,"source_url":false},"jetpack_featured_media_url":"https:\/\/i0.wp.com\/www.jazzzeitung.de\/cms\/wp-content\/uploads\/2017\/09\/DSC03784-Tatjana-Parra-dombr.jpg?fit=1280%2C853&ssl=1","jetpack_shortlink":"https:\/\/wp.me\/p3KEcT-3vF","jetpack-related-posts":[{"id":13365,"url":"https:\/\/www.jazzzeitung.de\/cms\/2017\/08\/1-achava-jazz-award-fuer-das-duo-fractal-limit\/","url_meta":{"origin":13495,"position":0},"title":"1. ACHAVA Jazz Award f\u00fcr das Duo \u201eFRACTAL LIMIT\u201c","author":"Redaktion JazzZeitung","date":"19. August 2017","format":false,"excerpt":"August 2017; Der 1. ACHAVA Jazz Award ist weltweit einzigartig. Er zeichnet ein herausragendes Band-Projekt aus, das den transkulturellen Charakter des Jazz ins Zentrum seines Schaffens stellt und dies auf h\u00f6chstem k\u00fcnstlerischen Niveau umsetzt, indem es die improvisatorischen oder kompositorischen Ausdrucksmittel des Jazz beispielsweise mit Volksmusik, popul\u00e4rer Musik oder europ\u00e4ischer\u2026","rel":"","context":"In &quot;News&quot;","block_context":{"text":"News","link":"https:\/\/www.jazzzeitung.de\/cms\/thema\/nachrichten\/"},"img":{"alt_text":"","src":"","width":0,"height":0},"classes":[]},{"id":19007,"url":"https:\/\/www.jazzzeitung.de\/cms\/2019\/03\/news-preistraeger-des-2-achava-jazz-award-in-weimar-das-miguel-zenon-quartett-14-caprichos-musicales-gitarrenworkshop-auf-teneriffa\/","url_meta":{"origin":13495,"position":1},"title":"+++ News: +++ Preistr\u00e4ger des 2. ACHAVA Jazz Award in Weimar: das Miguel Zen\u00f3n Quartett +++14. Caprichos Musicales \u2013 Gitarrenworkshop auf Teneriffa +++","author":"Redaktion JazzZeitung","date":"29. M\u00e4rz 2019","format":false,"excerpt":"Weimar: Das Miguel Zen\u00f3n Quartett gewinnt den ACHAVA Jazz Award 2019 \u00a0 Der ACHAVA Jazz Award\u00a0 ist eine Koproduktion der ACHAVA Festspiele Th\u00fcringen und der Hochschule f\u00fcr Musik Franz Liszt Weimar. Er zeichnet ein k\u00fcnstlerisch herausragendes Band-Projekt aus, das den transkulturellen Charakter des Jazz ins Zentrum seines Schaffens stellt und\u2026","rel":"","context":"In &quot;News&quot;","block_context":{"text":"News","link":"https:\/\/www.jazzzeitung.de\/cms\/thema\/nachrichten\/"},"img":{"alt_text":"","src":"https:\/\/i0.wp.com\/www.jazzzeitung.de\/cms\/wp-content\/uploads\/2019\/03\/Miguel-Zen%C3%B3n-Quartett_Foto_Jimmy_Katz.jpg?fit=1200%2C882&ssl=1&resize=350%2C200","width":350,"height":200,"srcset":"https:\/\/i0.wp.com\/www.jazzzeitung.de\/cms\/wp-content\/uploads\/2019\/03\/Miguel-Zen%C3%B3n-Quartett_Foto_Jimmy_Katz.jpg?fit=1200%2C882&ssl=1&resize=350%2C200 1x, https:\/\/i0.wp.com\/www.jazzzeitung.de\/cms\/wp-content\/uploads\/2019\/03\/Miguel-Zen%C3%B3n-Quartett_Foto_Jimmy_Katz.jpg?fit=1200%2C882&ssl=1&resize=525%2C300 1.5x, https:\/\/i0.wp.com\/www.jazzzeitung.de\/cms\/wp-content\/uploads\/2019\/03\/Miguel-Zen%C3%B3n-Quartett_Foto_Jimmy_Katz.jpg?fit=1200%2C882&ssl=1&resize=700%2C400 2x, https:\/\/i0.wp.com\/www.jazzzeitung.de\/cms\/wp-content\/uploads\/2019\/03\/Miguel-Zen%C3%B3n-Quartett_Foto_Jimmy_Katz.jpg?fit=1200%2C882&ssl=1&resize=1050%2C600 3x"},"classes":[]},{"id":12308,"url":"https:\/\/www.jazzzeitung.de\/cms\/2017\/05\/das-duo-fractal-limit-ist-preistraeger-des-1-achava-jazz-award\/","url_meta":{"origin":13495,"position":2},"title":"Das Duo \u201eFRACTAL LIMIT&#8220; ist Preistr\u00e4ger des 1. ACHAVA Jazz Award","author":"Redaktion JazzZeitung","date":"9. Mai 2017","format":false,"excerpt":"Weimar\/Erfurt, \u00a05.\u00a0 Mai \u00a02017. Der\u00a0 mit 10.000 Euro dotierte\u00a0 ACHAVA \u00a0Jazz \u00a0Award ging an das Duo \u201eFRACTAL LIMIT\". Der neue Preis zeichnet \u00a0ein \u00a0k\u00fcnstlerisch herausragendes \u00a0Band-Projekt \u00a0aus, \u00a0das \u00a0den \u00a0transkulturellen \u00a0Charakter \u00a0des \u00a0Jazz \u00a0ins \u00a0Zentrum seines Schaffens stellt und dies auf h\u00f6chstem k\u00fcnstlerischen Niveau umsetzt, indem es die improvisatorischen\u00a0 \u00a0oder\u00a0\u2026","rel":"","context":"In &quot;News&quot;","block_context":{"text":"News","link":"https:\/\/www.jazzzeitung.de\/cms\/thema\/nachrichten\/"},"img":{"alt_text":"","src":"https:\/\/i0.wp.com\/www.jazzzeitung.de\/cms\/wp-content\/uploads\/2017\/05\/Foto_ACHAVA_Jazz_Award_2017_c-ACHAVA-e.V.-300x200.jpeg?resize=350%2C200","width":350,"height":200},"classes":[]},{"id":20433,"url":"https:\/\/www.jazzzeitung.de\/cms\/2019\/08\/news-2-achava-jazz-award-verleihung\/","url_meta":{"origin":13495,"position":3},"title":"+++ News +++ 2. ACHAVA Jazz Award-Verleihung +++ Don Menza meets Max Greger Junior  +++","author":"Redaktion JazzZeitung","date":"23. August 2019","format":false,"excerpt":"+++ Verleihung des 2. ACHAVA Jazz Award an das Miguel Zen\u00f3n Quartett +++ Ein H\u00f6hepunkt des Jazzjahres f\u00fchrt die Cr\u00e8me de la cr\u00e8me nach Weimar: Der mit 11.000 Euro dotierte transkulturelle 2. ACHAVA Jazz Award wird im Rahmen eines Sonderkonzerts beim \"White City Jazz\"-Treffen in Weimar offiziell am Samstag, 28.\u2026","rel":"","context":"In &quot;News&quot;","block_context":{"text":"News","link":"https:\/\/www.jazzzeitung.de\/cms\/thema\/nachrichten\/"},"img":{"alt_text":"","src":"https:\/\/i0.wp.com\/www.jazzzeitung.de\/cms\/wp-content\/uploads\/2019\/08\/Miguel_Zenon_Quartet_Foto_Noah-Shaye.jpg?fit=1200%2C926&ssl=1&resize=350%2C200","width":350,"height":200,"srcset":"https:\/\/i0.wp.com\/www.jazzzeitung.de\/cms\/wp-content\/uploads\/2019\/08\/Miguel_Zenon_Quartet_Foto_Noah-Shaye.jpg?fit=1200%2C926&ssl=1&resize=350%2C200 1x, https:\/\/i0.wp.com\/www.jazzzeitung.de\/cms\/wp-content\/uploads\/2019\/08\/Miguel_Zenon_Quartet_Foto_Noah-Shaye.jpg?fit=1200%2C926&ssl=1&resize=525%2C300 1.5x, https:\/\/i0.wp.com\/www.jazzzeitung.de\/cms\/wp-content\/uploads\/2019\/08\/Miguel_Zenon_Quartet_Foto_Noah-Shaye.jpg?fit=1200%2C926&ssl=1&resize=700%2C400 2x, https:\/\/i0.wp.com\/www.jazzzeitung.de\/cms\/wp-content\/uploads\/2019\/08\/Miguel_Zenon_Quartet_Foto_Noah-Shaye.jpg?fit=1200%2C926&ssl=1&resize=1050%2C600 3x"},"classes":[]},{"id":17256,"url":"https:\/\/www.jazzzeitung.de\/cms\/2018\/09\/news-burghausen-groovt-sich-auf-jubilaeumswoche-ein-jazz-bei-den-thueringer-achava-festspielen\/","url_meta":{"origin":13495,"position":4},"title":"+++ News +++ Burghausen groovt sich auf Jubil\u00e4umswoche ein +++ Jazz bei den Th\u00fcringer ACHAVA-Festspielen +++","author":"Redaktion JazzZeitung","date":"18. September 2018","format":false,"excerpt":"+++ Burghausen groovt sich auf Jubil\u00e4umswoche ein +++ Der Countdown zur 50. Jazzwoche in Burghausen Ende M\u00e4rz 2019 l\u00e4uft - zur Einstimmung l\u00e4dt die Interessensgemeinschaft Jazz e.V. bereits an den Wochenenden vom 6. Oktober 2018 bis zum 13. Januar 2019 zu zahlreichen Konzerten in die oberbayerische Gemeinde. Dabei setzen die\u2026","rel":"","context":"In &quot;News&quot;","block_context":{"text":"News","link":"https:\/\/www.jazzzeitung.de\/cms\/thema\/nachrichten\/"},"img":{"alt_text":"","src":"https:\/\/i0.wp.com\/www.jazzzeitung.de\/cms\/wp-content\/uploads\/2018\/09\/Hugh-Coltman-11-copie_kl.jpg?fit=1200%2C800&ssl=1&resize=350%2C200","width":350,"height":200,"srcset":"https:\/\/i0.wp.com\/www.jazzzeitung.de\/cms\/wp-content\/uploads\/2018\/09\/Hugh-Coltman-11-copie_kl.jpg?fit=1200%2C800&ssl=1&resize=350%2C200 1x, https:\/\/i0.wp.com\/www.jazzzeitung.de\/cms\/wp-content\/uploads\/2018\/09\/Hugh-Coltman-11-copie_kl.jpg?fit=1200%2C800&ssl=1&resize=525%2C300 1.5x, https:\/\/i0.wp.com\/www.jazzzeitung.de\/cms\/wp-content\/uploads\/2018\/09\/Hugh-Coltman-11-copie_kl.jpg?fit=1200%2C800&ssl=1&resize=700%2C400 2x, https:\/\/i0.wp.com\/www.jazzzeitung.de\/cms\/wp-content\/uploads\/2018\/09\/Hugh-Coltman-11-copie_kl.jpg?fit=1200%2C800&ssl=1&resize=1050%2C600 3x"},"classes":[]},{"id":33658,"url":"https:\/\/www.jazzzeitung.de\/cms\/2026\/02\/manfred-bruendl-basstalk-zum-abschied-als-kontrabass-professor\/","url_meta":{"origin":13495,"position":5},"title":"Manfred Br\u00fcndl: \u201eBasstalk\u201c zum Abschied als Kontrabass-Professor","author":"Redaktion JazzZeitung","date":"10. Februar 2026","format":false,"excerpt":"(PM) Nach 30 Jahren Lehrt\u00e4tigkeit an der Hochschule f\u00fcr Musik Franz Liszt Weimar verabschiedet sich Manfred Br\u00fcndl als Professor f\u00fcr Jazz-Kontrabass und E-Bass in den wohl verdienten Ruhestand. Zum Ausklang h\u00e4lt der SWR-Jazzpreistr\u00e4ger noch einmal einen \u00f6ffentlichen Vortrag am Donnerstag, 12. Februar um 18:00 Uhr im Jazzensemble-Raum 304 im Hochschulzentrum\u2026","rel":"","context":"In &quot;News&quot;","block_context":{"text":"News","link":"https:\/\/www.jazzzeitung.de\/cms\/thema\/nachrichten\/"},"img":{"alt_text":"","src":"https:\/\/i0.wp.com\/www.jazzzeitung.de\/cms\/wp-content\/uploads\/2026\/02\/Bruendl_Manfred_Foto_Maik_Schuck-scaled.jpg?fit=1200%2C797&ssl=1&resize=350%2C200","width":350,"height":200,"srcset":"https:\/\/i0.wp.com\/www.jazzzeitung.de\/cms\/wp-content\/uploads\/2026\/02\/Bruendl_Manfred_Foto_Maik_Schuck-scaled.jpg?fit=1200%2C797&ssl=1&resize=350%2C200 1x, https:\/\/i0.wp.com\/www.jazzzeitung.de\/cms\/wp-content\/uploads\/2026\/02\/Bruendl_Manfred_Foto_Maik_Schuck-scaled.jpg?fit=1200%2C797&ssl=1&resize=525%2C300 1.5x, https:\/\/i0.wp.com\/www.jazzzeitung.de\/cms\/wp-content\/uploads\/2026\/02\/Bruendl_Manfred_Foto_Maik_Schuck-scaled.jpg?fit=1200%2C797&ssl=1&resize=700%2C400 2x, https:\/\/i0.wp.com\/www.jazzzeitung.de\/cms\/wp-content\/uploads\/2026\/02\/Bruendl_Manfred_Foto_Maik_Schuck-scaled.jpg?fit=1200%2C797&ssl=1&resize=1050%2C600 3x"},"classes":[]}],"jetpack_sharing_enabled":true,"_links":{"self":[{"href":"https:\/\/www.jazzzeitung.de\/cms\/wp-json\/wp\/v2\/posts\/13495","targetHints":{"allow":["GET"]}}],"collection":[{"href":"https:\/\/www.jazzzeitung.de\/cms\/wp-json\/wp\/v2\/posts"}],"about":[{"href":"https:\/\/www.jazzzeitung.de\/cms\/wp-json\/wp\/v2\/types\/post"}],"author":[{"embeddable":true,"href":"https:\/\/www.jazzzeitung.de\/cms\/wp-json\/wp\/v2\/users\/18"}],"replies":[{"embeddable":true,"href":"https:\/\/www.jazzzeitung.de\/cms\/wp-json\/wp\/v2\/comments?post=13495"}],"version-history":[{"count":2,"href":"https:\/\/www.jazzzeitung.de\/cms\/wp-json\/wp\/v2\/posts\/13495\/revisions"}],"predecessor-version":[{"id":13907,"href":"https:\/\/www.jazzzeitung.de\/cms\/wp-json\/wp\/v2\/posts\/13495\/revisions\/13907"}],"wp:featuredmedia":[{"embeddable":true,"href":"https:\/\/www.jazzzeitung.de\/cms\/wp-json\/wp\/v2\/media\/13497"}],"wp:attachment":[{"href":"https:\/\/www.jazzzeitung.de\/cms\/wp-json\/wp\/v2\/media?parent=13495"}],"wp:term":[{"taxonomy":"category","embeddable":true,"href":"https:\/\/www.jazzzeitung.de\/cms\/wp-json\/wp\/v2\/categories?post=13495"},{"taxonomy":"post_tag","embeddable":true,"href":"https:\/\/www.jazzzeitung.de\/cms\/wp-json\/wp\/v2\/tags?post=13495"},{"taxonomy":"author","embeddable":true,"href":"https:\/\/www.jazzzeitung.de\/cms\/wp-json\/wp\/v2\/coauthors?post=13495"}],"curies":[{"name":"wp","href":"https:\/\/api.w.org\/{rel}","templated":true}]}}