{"id":13488,"date":"2017-09-10T15:27:02","date_gmt":"2017-09-10T13:27:02","guid":{"rendered":"https:\/\/www.jazzzeitung.de\/cms\/?p=13488"},"modified":"2017-09-06T15:46:39","modified_gmt":"2017-09-06T13:46:39","slug":"maria-baptist-stellt-ihr-neues-album-poems-without-words-im-kulturkaufhaus-dussmann-in-berlin","status":"publish","type":"post","link":"https:\/\/www.jazzzeitung.de\/cms\/2017\/09\/maria-baptist-stellt-ihr-neues-album-poems-without-words-im-kulturkaufhaus-dussmann-in-berlin\/","title":{"rendered":"Maria Baptist stellt ihr neues Album \u201ePoems without Words\u201c im Kulturkaufhaus Dussmann in Berlin"},"content":{"rendered":"<figure id=\"attachment_13491\" aria-describedby=\"caption-attachment-13491\" style=\"width: 150px\" class=\"wp-caption alignright\"><a href=\"https:\/\/i0.wp.com\/www.jazzzeitung.de\/cms\/wp-content\/uploads\/2017\/09\/BAPTIST_Maria_IMGP3411-e1504705031301.jpg?ssl=1\"><img data-recalc-dims=\"1\" loading=\"lazy\" decoding=\"async\" data-attachment-id=\"13491\" data-permalink=\"https:\/\/www.jazzzeitung.de\/cms\/2017\/09\/maria-baptist-stellt-ihr-neues-album-poems-without-words-im-kulturkaufhaus-dussmann-in-berlin\/baptist_maria_imgp3411\/\" data-orig-file=\"https:\/\/i0.wp.com\/www.jazzzeitung.de\/cms\/wp-content\/uploads\/2017\/09\/BAPTIST_Maria_IMGP3411-e1504705031301.jpg?fit=3040%2C2024&amp;ssl=1\" data-orig-size=\"3040,2024\" data-comments-opened=\"1\" data-image-meta=\"{&quot;aperture&quot;:&quot;2.8&quot;,&quot;credit&quot;:&quot;&quot;,&quot;camera&quot;:&quot;PENTAX *ist DL&quot;,&quot;caption&quot;:&quot;&quot;,&quot;created_timestamp&quot;:&quot;1320261343&quot;,&quot;copyright&quot;:&quot;&quot;,&quot;focal_length&quot;:&quot;200&quot;,&quot;iso&quot;:&quot;3200&quot;,&quot;shutter_speed&quot;:&quot;0.01&quot;,&quot;title&quot;:&quot;&quot;,&quot;orientation&quot;:&quot;1&quot;}\" data-image-title=\"BAPTIST_Maria_IMGP3411\" data-image-description=\"\" data-image-caption=\"\" data-large-file=\"https:\/\/i0.wp.com\/www.jazzzeitung.de\/cms\/wp-content\/uploads\/2017\/09\/BAPTIST_Maria_IMGP3411-e1504705031301.jpg?fit=840%2C560&amp;ssl=1\" class=\"wp-image-13491 size-thumbnail\" src=\"https:\/\/i0.wp.com\/www.jazzzeitung.de\/cms\/wp-content\/uploads\/2017\/09\/BAPTIST_Maria_IMGP3411-e1504705031301-150x150.jpg?resize=150%2C150&#038;ssl=1\" alt=\"\" width=\"150\" height=\"150\" srcset=\"https:\/\/i0.wp.com\/www.jazzzeitung.de\/cms\/wp-content\/uploads\/2017\/09\/BAPTIST_Maria_IMGP3411-e1504705031301.jpg?resize=150%2C150&amp;ssl=1 150w, https:\/\/i0.wp.com\/www.jazzzeitung.de\/cms\/wp-content\/uploads\/2017\/09\/BAPTIST_Maria_IMGP3411-e1504705031301.jpg?resize=144%2C144&amp;ssl=1 144w, https:\/\/i0.wp.com\/www.jazzzeitung.de\/cms\/wp-content\/uploads\/2017\/09\/BAPTIST_Maria_IMGP3411-e1504705031301.jpg?resize=96%2C96&amp;ssl=1 96w, https:\/\/i0.wp.com\/www.jazzzeitung.de\/cms\/wp-content\/uploads\/2017\/09\/BAPTIST_Maria_IMGP3411-e1504705031301.jpg?resize=24%2C24&amp;ssl=1 24w, https:\/\/i0.wp.com\/www.jazzzeitung.de\/cms\/wp-content\/uploads\/2017\/09\/BAPTIST_Maria_IMGP3411-e1504705031301.jpg?resize=36%2C36&amp;ssl=1 36w, https:\/\/i0.wp.com\/www.jazzzeitung.de\/cms\/wp-content\/uploads\/2017\/09\/BAPTIST_Maria_IMGP3411-e1504705031301.jpg?resize=48%2C48&amp;ssl=1 48w, https:\/\/i0.wp.com\/www.jazzzeitung.de\/cms\/wp-content\/uploads\/2017\/09\/BAPTIST_Maria_IMGP3411-e1504705031301.jpg?resize=64%2C64&amp;ssl=1 64w, https:\/\/i0.wp.com\/www.jazzzeitung.de\/cms\/wp-content\/uploads\/2017\/09\/BAPTIST_Maria_IMGP3411-e1504705031301.jpg?resize=32%2C32&amp;ssl=1 32w, https:\/\/i0.wp.com\/www.jazzzeitung.de\/cms\/wp-content\/uploads\/2017\/09\/BAPTIST_Maria_IMGP3411-e1504705031301.jpg?resize=50%2C50&amp;ssl=1 50w, https:\/\/i0.wp.com\/www.jazzzeitung.de\/cms\/wp-content\/uploads\/2017\/09\/BAPTIST_Maria_IMGP3411-e1504705031301.jpg?resize=128%2C128&amp;ssl=1 128w, https:\/\/i0.wp.com\/www.jazzzeitung.de\/cms\/wp-content\/uploads\/2017\/09\/BAPTIST_Maria_IMGP3411-e1504705031301.jpg?zoom=2&amp;resize=150%2C150&amp;ssl=1 300w, https:\/\/i0.wp.com\/www.jazzzeitung.de\/cms\/wp-content\/uploads\/2017\/09\/BAPTIST_Maria_IMGP3411-e1504705031301.jpg?zoom=3&amp;resize=150%2C150&amp;ssl=1 450w\" sizes=\"auto, (max-width: 150px) 100vw, 150px\" \/><\/a><figcaption id=\"caption-attachment-13491\" class=\"wp-caption-text\">Maria Baptist<\/figcaption><\/figure>\n<p>Maria Baptist \u201eTrio plus One\u201c modifiziert zum Trio minus One. Einfacher gesagt: die Pianistin spielte im Duo mit Jan von Klewitz und stellt ihr neues Album \u201ePoems without Words\u201c im Kulturkaufhaus Dussmann vor.<\/p>\n<p>Das Konzert wurde als Kurzkonzert angek\u00fcndigt. Gute 50 Minuten erstklassische Musik verrinnen wie im Flug. Ein nicht allzu gro\u00dfer, daf\u00fcr die intime Atmosph\u00e4re eines Klubs schaffender Raum \u2013 mehr als gut besucht &#8211; und eine ungew\u00f6hnlich gute Akustik geben ein nahezu perfektes Ambiente f\u00fcr die erste \u00f6ffentliche Vorstellung der CD und bilden den Auftakt zu einer Tournee durch die Landen.<\/p>\n<p>Duo bedeutet f\u00fcr die Klangstimme des Pianos ein permanentes Spielen. So ist das ganze Spektrum pianistischer Stilistik \u2013 von Jazz und Klassik -zu h\u00f6ren: Mal lyrisch dezent, stets Melodie- und Harmonielinien dynamisch vorantreibend, aber immer kraftvoll zupackend. Besonders die linke Hand setzt mit warmen Tieflagen die Akzente, w\u00e4hrend die rechte Hand sich gelegentlich von den selbst aufgelegten melodischen und harmonischen \u201eFesseln\u201c der \u201ePoems\u201c freispielt.<\/p>\n<p>F\u00fcr den kongenialen Jan von Klewitz sind bessere \u201eSteilvorlagen\u201c wohl nicht zu haben. Der nutzt dies, wo immer es musikalisch sinnvoll erscheint, durch die klare Stimme und die unb\u00e4ndigen Schleifen seines Alts. Auch hier ert\u00f6nen Kostproben seiner breiten Stilistik: jazzklassischer und zeitgen\u00f6ssischer Sound des Altsaxofons.<\/p>\n<p>Im plaudernden Tonfall stellt Maria Baptist die Musiker ihres Projekts (CD und Tournee) vor und erz\u00e4hlt einige pers\u00f6nliche Details aus ihrem Zusammentreffen mit den Musikern. Das kurze Konzert wollte Lust auf mehr machen. Dies ist sehr gelungen, das Publikum ist verzaubert. Duo plus Two hei\u00dft dann \u201eTrio plus One\u201e oder einfach Quartett. Fabian Tim am Bass mit seinem runden Ton und der federnd trommelnde \u00a0Altmeister John Betsch werden ihre Klangfarben hinzuf\u00fcgen und die Poems \u201esprechen lassen\u201c.<\/p>\n<p>Text von Cosmo Scharmer 01-Sep-2017<\/p>\n<p>Die Konzertdaten<\/p>\n<p><strong>16. Dezember\u00a0\u201917\u00a0<\/strong>\u23e4 Trio\u00a0\u23e4\u00a0<strong>Berlin<\/strong>\u00a0\u23e4 Batik Live <strong><br \/>\n11.\u00a0Dezember\u00a0\u201917<\/strong>\u00a0\u23e4 Trio\u00a0\u23e4\u00a0<strong>Berlin<\/strong>\u00a0\u23e4 b-flat <strong><br \/>\n08. Dezember\u00a0\u201917<\/strong>\u00a0\u23e4 Orchestra \u23e4\u00a0<strong>Berlin<\/strong>\u00a0\u23e4 Kunstfabrik Schlot<br \/>\n<strong>21. November \u201917<\/strong>\u00a0\u23e4\u00a0Trio \u23e4 <strong>Berlin<\/strong>\u00a0\u23e4 Pianosalon Christophori<br \/>\n<strong>17. November \u201917<\/strong>\u00a0\u23e4 Piano Solo\u00a0\u23e4\u00a0<strong>Neum\u00fcnster<\/strong>\u00a0\u23e4 B\u00fccherei<br \/>\n<strong>12. November \u201917<\/strong>\u00a0\u23e4 Trio plus One \u23e4<strong>\u00a0Leverkusen\u00a0<\/strong>\u23e4 Erholungshaus<br \/>\n<strong>10. November \u201917<\/strong>\u00a0\u23e4\u00a0Trio \u23e4\u00a0<strong>B\u00fchl<\/strong>\u00a0\u23e4 Jazzfestival<br \/>\n<strong>03. November\u00a0\u201917<\/strong> \u23e4 Orchestra \u23e4\u00a0<strong>Berlin<\/strong>\u00a0\u23e4 Kunstfabrik Schlot <a href=\"http:\/\/kunstfabrik-schlot.de\"><br \/>\n<\/a><strong>21. Oktober\u00a0\u201917\u00a0<\/strong>\u23e4\u00a0Trio plus One\u00a0\u23e4\u00a0<strong>Berlin<\/strong>\u00a0\u23e4 Badenscher Hof <strong><br \/>\n20. Oktober\u00a0\u201917<\/strong>\u00a0\u23e4\u00a0Trio plus One\u00a0\u00a0\u23e4\u00a0<strong>Berlin<\/strong>\u00a0\u23e4 Kunstfabrik Schlot <strong><br \/>\n16. Oktober\u00a0\u201917\u00a0<\/strong>\u23e4 Trio\u00a0\u23e4\u00a0<strong>Magdeburg<\/strong>\u00a0\u23e4 Forum Gestaltung<strong><br \/>\n12. Oktober\u00a0\u201917\u00a0<\/strong>\u23e4 Trio\u00a0\u23e4\u00a0<strong>Warschau<\/strong>\u00a0\u23e4 12on14 Jazzclub <strong><br \/>\n30.\u00a0September\u00a0\u201917<\/strong>\u00a0\u23e4 Trio plus One\u00a0 \u23e4\u00a0<strong>M\u00fcnchen<\/strong>\u00a0\u23e4 Unterfahrt<br \/>\n<strong>29.\u00a0<\/strong><strong>September\u00a0\u201917\u00a0<\/strong>\u23e4\u00a0Trio plus One\u00a0\u23e4\u00a0<strong>Neuburg\u00a0<\/strong>\u23e4 Birdland<br \/>\n<strong>28.\u00a0September\u00a0\u201917\u00a0<\/strong>\u23e4 Piano Solo\u00a0\u23e4\u00a0<strong>Frankfurt am Main<\/strong>\u00a0\u23e4 Jazzkeller<br \/>\n<strong>22. September\u00a0\u201917<\/strong>\u00a0\u23e4 Orchestra \u23e4\u00a0<strong>Berlin<\/strong>\u00a0\u23e4 Kunstfabrik Schlot<br \/>\n<strong>14. September \u201917\u00a0<\/strong>\u23e4 Trio plus One \u23e4\u00a0<strong>L\u00fcbeck<\/strong>\u00a0\u23e4 CVJM<br \/>\n<strong>13. September\u00a0\u201917<\/strong>\u00a0\u23e4 Trio plus One \u23e4\u00a0<strong>Kiel<\/strong>\u00a0\u23e4 Kulturforum<\/p>\n","protected":false},"excerpt":{"rendered":"<p>Maria Baptist \u201eTrio plus One\u201c modifiziert zum Trio minus One. Einfacher gesagt: die Pianistin spielte im Duo mit Jan von Klewitz und stellt ihr neues Album \u201ePoems without Words\u201c im Kulturkaufhaus Dussmann vor. Das Konzert wurde als Kurzkonzert angek\u00fcndigt. Gute 50 Minuten erstklassische Musik verrinnen wie im Flug. Ein nicht allzu gro\u00dfer, daf\u00fcr die intime Atmosph\u00e4re eines Klubs schaffender Raum \u2013 mehr als gut besucht &#8211; und eine ungew\u00f6hnlich gute Akustik geben ein nahezu perfektes Ambiente f\u00fcr die erste \u00f6ffentliche Vorstellung der CD und bilden den Auftakt zu einer Tournee durch die Landen. Duo bedeutet f\u00fcr die Klangstimme des Pianos ein permanentes Spielen. So ist das ganze Spektrum pianistischer Stilistik \u2013 von Jazz und Klassik -zu h\u00f6ren: Mal lyrisch dezent, stets Melodie- und Harmonielinien dynamisch vorantreibend, aber immer kraftvoll zupackend. Besonders die linke Hand setzt mit warmen Tieflagen die Akzente, w\u00e4hrend die rechte Hand sich gelegentlich von den selbst aufgelegten melodischen und harmonischen \u201eFesseln\u201c der \u201ePoems\u201c freispielt. F\u00fcr den kongenialen Jan von Klewitz sind bessere \u201eSteilvorlagen\u201c wohl nicht zu haben. Der nutzt dies, wo immer es musikalisch sinnvoll erscheint, durch die klare Stimme und die &hellip;<\/p>\n","protected":false},"author":18,"featured_media":0,"comment_status":"open","ping_status":"closed","sticky":false,"template":"","format":"standard","meta":{"_jetpack_memberships_contains_paid_content":false,"footnotes":"","jetpack_publicize_message":"","jetpack_publicize_feature_enabled":true,"jetpack_social_post_already_shared":false,"jetpack_social_options":{"image_generator_settings":{"template":"highway","default_image_id":0,"font":"","enabled":false},"version":2}},"categories":[1053],"tags":[34,66,667,109,1406,184,271,918,313,316,322,377,401,666,442,1095,1356,573],"coauthors":[695],"class_list":["post-13488","post","type-post","status-publish","format-standard","hentry","category-bericht","tag-album","tag-berlin","tag-birdland","tag-cd","tag-duo","tag-frankfurt","tag-jazzclub","tag-jazzfestival","tag-kiel","tag-klassik","tag-konzert-2","tag-maria-baptist","tag-muenchen","tag-neuburg","tag-piano","tag-tournee","tag-trio","tag-unterfahrt"],"yoast_head":"<!-- This site is optimized with the Yoast SEO plugin v27.5 - https:\/\/yoast.com\/product\/yoast-seo-wordpress\/ -->\n<title>Maria Baptist stellt ihr neues Album \u201ePoems without Words\u201c im Kulturkaufhaus Dussmann in Berlin - JazzZeitung<\/title>\n<meta name=\"robots\" content=\"index, follow, max-snippet:-1, max-image-preview:large, max-video-preview:-1\" \/>\n<link rel=\"canonical\" href=\"https:\/\/www.jazzzeitung.de\/cms\/2017\/09\/maria-baptist-stellt-ihr-neues-album-poems-without-words-im-kulturkaufhaus-dussmann-in-berlin\/\" \/>\n<meta property=\"og:locale\" content=\"de_DE\" \/>\n<meta property=\"og:type\" content=\"article\" \/>\n<meta property=\"og:title\" content=\"Maria Baptist stellt ihr neues Album \u201ePoems without Words\u201c im Kulturkaufhaus Dussmann in Berlin - JazzZeitung\" \/>\n<meta property=\"og:description\" content=\"Maria Baptist \u201eTrio plus One\u201c modifiziert zum Trio minus One. Einfacher gesagt: die Pianistin spielte im Duo mit Jan von Klewitz und stellt ihr neues Album \u201ePoems without Words\u201c im Kulturkaufhaus Dussmann vor. Das Konzert wurde als Kurzkonzert angek\u00fcndigt. Gute 50 Minuten erstklassische Musik verrinnen wie im Flug. Ein nicht allzu gro\u00dfer, daf\u00fcr die intime Atmosph\u00e4re eines Klubs schaffender Raum \u2013 mehr als gut besucht &#8211; und eine ungew\u00f6hnlich gute Akustik geben ein nahezu perfektes Ambiente f\u00fcr die erste \u00f6ffentliche Vorstellung der CD und bilden den Auftakt zu einer Tournee durch die Landen. Duo bedeutet f\u00fcr die Klangstimme des Pianos ein permanentes Spielen. So ist das ganze Spektrum pianistischer Stilistik \u2013 von Jazz und Klassik -zu h\u00f6ren: Mal lyrisch dezent, stets Melodie- und Harmonielinien dynamisch vorantreibend, aber immer kraftvoll zupackend. Besonders die linke Hand setzt mit warmen Tieflagen die Akzente, w\u00e4hrend die rechte Hand sich gelegentlich von den selbst aufgelegten melodischen und harmonischen \u201eFesseln\u201c der \u201ePoems\u201c freispielt. F\u00fcr den kongenialen Jan von Klewitz sind bessere \u201eSteilvorlagen\u201c wohl nicht zu haben. Der nutzt dies, wo immer es musikalisch sinnvoll erscheint, durch die klare Stimme und die &hellip;\" \/>\n<meta property=\"og:url\" content=\"https:\/\/www.jazzzeitung.de\/cms\/2017\/09\/maria-baptist-stellt-ihr-neues-album-poems-without-words-im-kulturkaufhaus-dussmann-in-berlin\/\" \/>\n<meta property=\"og:site_name\" content=\"JazzZeitung\" \/>\n<meta property=\"article:publisher\" content=\"https:\/\/www.facebook.com\/JazzZeitung\/\" \/>\n<meta property=\"article:published_time\" content=\"2017-09-10T13:27:02+00:00\" \/>\n<meta property=\"og:image\" content=\"https:\/\/www.jazzzeitung.de\/cms\/wp-content\/uploads\/2017\/09\/BAPTIST_Maria_IMGP3411-e1504705031301-150x150.jpg\" \/>\n<meta name=\"author\" content=\"Redaktion JazzZeitung\" \/>\n<script type=\"application\/ld+json\" class=\"yoast-schema-graph\">{\"@context\":\"https:\\\/\\\/schema.org\",\"@graph\":[{\"@type\":\"Article\",\"@id\":\"https:\\\/\\\/www.jazzzeitung.de\\\/cms\\\/2017\\\/09\\\/maria-baptist-stellt-ihr-neues-album-poems-without-words-im-kulturkaufhaus-dussmann-in-berlin\\\/#article\",\"isPartOf\":{\"@id\":\"https:\\\/\\\/www.jazzzeitung.de\\\/cms\\\/2017\\\/09\\\/maria-baptist-stellt-ihr-neues-album-poems-without-words-im-kulturkaufhaus-dussmann-in-berlin\\\/\"},\"author\":{\"name\":\"Redaktion JazzZeitung\",\"@id\":\"https:\\\/\\\/www.jazzzeitung.de\\\/cms\\\/#\\\/schema\\\/person\\\/2245b36b9cd1d24cea10f01c031fb92b\"},\"headline\":\"Maria Baptist stellt ihr neues Album \u201ePoems without Words\u201c im Kulturkaufhaus Dussmann in Berlin\",\"datePublished\":\"2017-09-10T13:27:02+00:00\",\"mainEntityOfPage\":{\"@id\":\"https:\\\/\\\/www.jazzzeitung.de\\\/cms\\\/2017\\\/09\\\/maria-baptist-stellt-ihr-neues-album-poems-without-words-im-kulturkaufhaus-dussmann-in-berlin\\\/\"},\"wordCount\":426,\"commentCount\":0,\"publisher\":{\"@id\":\"https:\\\/\\\/www.jazzzeitung.de\\\/cms\\\/#organization\"},\"image\":{\"@id\":\"https:\\\/\\\/www.jazzzeitung.de\\\/cms\\\/2017\\\/09\\\/maria-baptist-stellt-ihr-neues-album-poems-without-words-im-kulturkaufhaus-dussmann-in-berlin\\\/#primaryimage\"},\"thumbnailUrl\":\"https:\\\/\\\/www.jazzzeitung.de\\\/cms\\\/wp-content\\\/uploads\\\/2017\\\/09\\\/BAPTIST_Maria_IMGP3411-e1504705031301-150x150.jpg\",\"keywords\":[\"Album\",\"Berlin\",\"Birdland\",\"CD\",\"duo\",\"Frankfurt\",\"Jazzclub\",\"Jazzfestival\",\"kiel\",\"Klassik\",\"Konzert\",\"maria baptist\",\"M\u00fcnchen\",\"Neuburg\",\"Piano\",\"Tournee\",\"trio\",\"Unterfahrt\"],\"articleSection\":[\"Bericht\"],\"inLanguage\":\"de\",\"potentialAction\":[{\"@type\":\"CommentAction\",\"name\":\"Comment\",\"target\":[\"https:\\\/\\\/www.jazzzeitung.de\\\/cms\\\/2017\\\/09\\\/maria-baptist-stellt-ihr-neues-album-poems-without-words-im-kulturkaufhaus-dussmann-in-berlin\\\/#respond\"]}]},{\"@type\":\"WebPage\",\"@id\":\"https:\\\/\\\/www.jazzzeitung.de\\\/cms\\\/2017\\\/09\\\/maria-baptist-stellt-ihr-neues-album-poems-without-words-im-kulturkaufhaus-dussmann-in-berlin\\\/\",\"url\":\"https:\\\/\\\/www.jazzzeitung.de\\\/cms\\\/2017\\\/09\\\/maria-baptist-stellt-ihr-neues-album-poems-without-words-im-kulturkaufhaus-dussmann-in-berlin\\\/\",\"name\":\"Maria Baptist stellt ihr neues Album \u201ePoems without Words\u201c im Kulturkaufhaus Dussmann in Berlin - JazzZeitung\",\"isPartOf\":{\"@id\":\"https:\\\/\\\/www.jazzzeitung.de\\\/cms\\\/#website\"},\"primaryImageOfPage\":{\"@id\":\"https:\\\/\\\/www.jazzzeitung.de\\\/cms\\\/2017\\\/09\\\/maria-baptist-stellt-ihr-neues-album-poems-without-words-im-kulturkaufhaus-dussmann-in-berlin\\\/#primaryimage\"},\"image\":{\"@id\":\"https:\\\/\\\/www.jazzzeitung.de\\\/cms\\\/2017\\\/09\\\/maria-baptist-stellt-ihr-neues-album-poems-without-words-im-kulturkaufhaus-dussmann-in-berlin\\\/#primaryimage\"},\"thumbnailUrl\":\"https:\\\/\\\/www.jazzzeitung.de\\\/cms\\\/wp-content\\\/uploads\\\/2017\\\/09\\\/BAPTIST_Maria_IMGP3411-e1504705031301-150x150.jpg\",\"datePublished\":\"2017-09-10T13:27:02+00:00\",\"breadcrumb\":{\"@id\":\"https:\\\/\\\/www.jazzzeitung.de\\\/cms\\\/2017\\\/09\\\/maria-baptist-stellt-ihr-neues-album-poems-without-words-im-kulturkaufhaus-dussmann-in-berlin\\\/#breadcrumb\"},\"inLanguage\":\"de\",\"potentialAction\":[{\"@type\":\"ReadAction\",\"target\":[\"https:\\\/\\\/www.jazzzeitung.de\\\/cms\\\/2017\\\/09\\\/maria-baptist-stellt-ihr-neues-album-poems-without-words-im-kulturkaufhaus-dussmann-in-berlin\\\/\"]}]},{\"@type\":\"ImageObject\",\"inLanguage\":\"de\",\"@id\":\"https:\\\/\\\/www.jazzzeitung.de\\\/cms\\\/2017\\\/09\\\/maria-baptist-stellt-ihr-neues-album-poems-without-words-im-kulturkaufhaus-dussmann-in-berlin\\\/#primaryimage\",\"url\":\"https:\\\/\\\/i0.wp.com\\\/www.jazzzeitung.de\\\/cms\\\/wp-content\\\/uploads\\\/2017\\\/09\\\/BAPTIST_Maria_IMGP3411-e1504705031301.jpg?fit=3040%2C2024&ssl=1\",\"contentUrl\":\"https:\\\/\\\/i0.wp.com\\\/www.jazzzeitung.de\\\/cms\\\/wp-content\\\/uploads\\\/2017\\\/09\\\/BAPTIST_Maria_IMGP3411-e1504705031301.jpg?fit=3040%2C2024&ssl=1\",\"width\":3040,\"height\":2024},{\"@type\":\"BreadcrumbList\",\"@id\":\"https:\\\/\\\/www.jazzzeitung.de\\\/cms\\\/2017\\\/09\\\/maria-baptist-stellt-ihr-neues-album-poems-without-words-im-kulturkaufhaus-dussmann-in-berlin\\\/#breadcrumb\",\"itemListElement\":[{\"@type\":\"ListItem\",\"position\":1,\"name\":\"Startseite\",\"item\":\"https:\\\/\\\/www.jazzzeitung.de\\\/cms\\\/\"},{\"@type\":\"ListItem\",\"position\":2,\"name\":\"Maria Baptist stellt ihr neues Album \u201ePoems without Words\u201c im Kulturkaufhaus Dussmann in Berlin\"}]},{\"@type\":\"WebSite\",\"@id\":\"https:\\\/\\\/www.jazzzeitung.de\\\/cms\\\/#website\",\"url\":\"https:\\\/\\\/www.jazzzeitung.de\\\/cms\\\/\",\"name\":\"JazzZeitung\",\"description\":\"Jazz-News und Jazz-Kontroverses\",\"publisher\":{\"@id\":\"https:\\\/\\\/www.jazzzeitung.de\\\/cms\\\/#organization\"},\"potentialAction\":[{\"@type\":\"SearchAction\",\"target\":{\"@type\":\"EntryPoint\",\"urlTemplate\":\"https:\\\/\\\/www.jazzzeitung.de\\\/cms\\\/?s={search_term_string}\"},\"query-input\":{\"@type\":\"PropertyValueSpecification\",\"valueRequired\":true,\"valueName\":\"search_term_string\"}}],\"inLanguage\":\"de\"},{\"@type\":\"Organization\",\"@id\":\"https:\\\/\\\/www.jazzzeitung.de\\\/cms\\\/#organization\",\"name\":\"JazzZeitung online\",\"url\":\"https:\\\/\\\/www.jazzzeitung.de\\\/cms\\\/\",\"logo\":{\"@type\":\"ImageObject\",\"inLanguage\":\"de\",\"@id\":\"https:\\\/\\\/www.jazzzeitung.de\\\/cms\\\/#\\\/schema\\\/logo\\\/image\\\/\",\"url\":\"https:\\\/\\\/i0.wp.com\\\/www.jazzzeitung.de\\\/cms\\\/wp-content\\\/uploads\\\/2015\\\/08\\\/JAZZZEITUNGDE_Logo_Neu.png?fit=499%2C200&ssl=1\",\"contentUrl\":\"https:\\\/\\\/i0.wp.com\\\/www.jazzzeitung.de\\\/cms\\\/wp-content\\\/uploads\\\/2015\\\/08\\\/JAZZZEITUNGDE_Logo_Neu.png?fit=499%2C200&ssl=1\",\"width\":499,\"height\":200,\"caption\":\"JazzZeitung online\"},\"image\":{\"@id\":\"https:\\\/\\\/www.jazzzeitung.de\\\/cms\\\/#\\\/schema\\\/logo\\\/image\\\/\"},\"sameAs\":[\"https:\\\/\\\/www.facebook.com\\\/JazzZeitung\\\/\"]},{\"@type\":\"Person\",\"@id\":\"https:\\\/\\\/www.jazzzeitung.de\\\/cms\\\/#\\\/schema\\\/person\\\/2245b36b9cd1d24cea10f01c031fb92b\",\"name\":\"Redaktion JazzZeitung\",\"image\":{\"@type\":\"ImageObject\",\"inLanguage\":\"de\",\"@id\":\"https:\\\/\\\/i0.wp.com\\\/www.jazzzeitung.de\\\/cms\\\/wp-content\\\/uploads\\\/2015\\\/08\\\/JAZZZEITUNGDE_Logo_Neu.png?resize=96%2C96&ssl=159975dcacb611b5700bd619b5daf0a7a\",\"url\":\"https:\\\/\\\/i0.wp.com\\\/www.jazzzeitung.de\\\/cms\\\/wp-content\\\/uploads\\\/2015\\\/08\\\/JAZZZEITUNGDE_Logo_Neu.png?resize=96%2C96&ssl=1\",\"contentUrl\":\"https:\\\/\\\/i0.wp.com\\\/www.jazzzeitung.de\\\/cms\\\/wp-content\\\/uploads\\\/2015\\\/08\\\/JAZZZEITUNGDE_Logo_Neu.png?resize=96%2C96&ssl=1\",\"caption\":\"Redaktion JazzZeitung\"},\"description\":\"Artikel der Redaktion der JazzZeitung.\",\"sameAs\":[\"http:\\\/\\\/www.jazzzeitung.de\\\/cms\\\/\"],\"url\":\"https:\\\/\\\/www.jazzzeitung.de\\\/cms\\\/author\\\/redaktion\\\/\"}]}<\/script>\n<!-- \/ Yoast SEO plugin. -->","yoast_head_json":{"title":"Maria Baptist stellt ihr neues Album \u201ePoems without Words\u201c im Kulturkaufhaus Dussmann in Berlin - JazzZeitung","robots":{"index":"index","follow":"follow","max-snippet":"max-snippet:-1","max-image-preview":"max-image-preview:large","max-video-preview":"max-video-preview:-1"},"canonical":"https:\/\/www.jazzzeitung.de\/cms\/2017\/09\/maria-baptist-stellt-ihr-neues-album-poems-without-words-im-kulturkaufhaus-dussmann-in-berlin\/","og_locale":"de_DE","og_type":"article","og_title":"Maria Baptist stellt ihr neues Album \u201ePoems without Words\u201c im Kulturkaufhaus Dussmann in Berlin - JazzZeitung","og_description":"Maria Baptist \u201eTrio plus One\u201c modifiziert zum Trio minus One. Einfacher gesagt: die Pianistin spielte im Duo mit Jan von Klewitz und stellt ihr neues Album \u201ePoems without Words\u201c im Kulturkaufhaus Dussmann vor. Das Konzert wurde als Kurzkonzert angek\u00fcndigt. Gute 50 Minuten erstklassische Musik verrinnen wie im Flug. Ein nicht allzu gro\u00dfer, daf\u00fcr die intime Atmosph\u00e4re eines Klubs schaffender Raum \u2013 mehr als gut besucht &#8211; und eine ungew\u00f6hnlich gute Akustik geben ein nahezu perfektes Ambiente f\u00fcr die erste \u00f6ffentliche Vorstellung der CD und bilden den Auftakt zu einer Tournee durch die Landen. Duo bedeutet f\u00fcr die Klangstimme des Pianos ein permanentes Spielen. So ist das ganze Spektrum pianistischer Stilistik \u2013 von Jazz und Klassik -zu h\u00f6ren: Mal lyrisch dezent, stets Melodie- und Harmonielinien dynamisch vorantreibend, aber immer kraftvoll zupackend. Besonders die linke Hand setzt mit warmen Tieflagen die Akzente, w\u00e4hrend die rechte Hand sich gelegentlich von den selbst aufgelegten melodischen und harmonischen \u201eFesseln\u201c der \u201ePoems\u201c freispielt. F\u00fcr den kongenialen Jan von Klewitz sind bessere \u201eSteilvorlagen\u201c wohl nicht zu haben. Der nutzt dies, wo immer es musikalisch sinnvoll erscheint, durch die klare Stimme und die &hellip;","og_url":"https:\/\/www.jazzzeitung.de\/cms\/2017\/09\/maria-baptist-stellt-ihr-neues-album-poems-without-words-im-kulturkaufhaus-dussmann-in-berlin\/","og_site_name":"JazzZeitung","article_publisher":"https:\/\/www.facebook.com\/JazzZeitung\/","article_published_time":"2017-09-10T13:27:02+00:00","og_image":[{"url":"https:\/\/www.jazzzeitung.de\/cms\/wp-content\/uploads\/2017\/09\/BAPTIST_Maria_IMGP3411-e1504705031301-150x150.jpg","type":"","width":"","height":""}],"author":"Redaktion JazzZeitung","schema":{"@context":"https:\/\/schema.org","@graph":[{"@type":"Article","@id":"https:\/\/www.jazzzeitung.de\/cms\/2017\/09\/maria-baptist-stellt-ihr-neues-album-poems-without-words-im-kulturkaufhaus-dussmann-in-berlin\/#article","isPartOf":{"@id":"https:\/\/www.jazzzeitung.de\/cms\/2017\/09\/maria-baptist-stellt-ihr-neues-album-poems-without-words-im-kulturkaufhaus-dussmann-in-berlin\/"},"author":{"name":"Redaktion JazzZeitung","@id":"https:\/\/www.jazzzeitung.de\/cms\/#\/schema\/person\/2245b36b9cd1d24cea10f01c031fb92b"},"headline":"Maria Baptist stellt ihr neues Album \u201ePoems without Words\u201c im Kulturkaufhaus Dussmann in Berlin","datePublished":"2017-09-10T13:27:02+00:00","mainEntityOfPage":{"@id":"https:\/\/www.jazzzeitung.de\/cms\/2017\/09\/maria-baptist-stellt-ihr-neues-album-poems-without-words-im-kulturkaufhaus-dussmann-in-berlin\/"},"wordCount":426,"commentCount":0,"publisher":{"@id":"https:\/\/www.jazzzeitung.de\/cms\/#organization"},"image":{"@id":"https:\/\/www.jazzzeitung.de\/cms\/2017\/09\/maria-baptist-stellt-ihr-neues-album-poems-without-words-im-kulturkaufhaus-dussmann-in-berlin\/#primaryimage"},"thumbnailUrl":"https:\/\/www.jazzzeitung.de\/cms\/wp-content\/uploads\/2017\/09\/BAPTIST_Maria_IMGP3411-e1504705031301-150x150.jpg","keywords":["Album","Berlin","Birdland","CD","duo","Frankfurt","Jazzclub","Jazzfestival","kiel","Klassik","Konzert","maria baptist","M\u00fcnchen","Neuburg","Piano","Tournee","trio","Unterfahrt"],"articleSection":["Bericht"],"inLanguage":"de","potentialAction":[{"@type":"CommentAction","name":"Comment","target":["https:\/\/www.jazzzeitung.de\/cms\/2017\/09\/maria-baptist-stellt-ihr-neues-album-poems-without-words-im-kulturkaufhaus-dussmann-in-berlin\/#respond"]}]},{"@type":"WebPage","@id":"https:\/\/www.jazzzeitung.de\/cms\/2017\/09\/maria-baptist-stellt-ihr-neues-album-poems-without-words-im-kulturkaufhaus-dussmann-in-berlin\/","url":"https:\/\/www.jazzzeitung.de\/cms\/2017\/09\/maria-baptist-stellt-ihr-neues-album-poems-without-words-im-kulturkaufhaus-dussmann-in-berlin\/","name":"Maria Baptist stellt ihr neues Album \u201ePoems without Words\u201c im Kulturkaufhaus Dussmann in Berlin - JazzZeitung","isPartOf":{"@id":"https:\/\/www.jazzzeitung.de\/cms\/#website"},"primaryImageOfPage":{"@id":"https:\/\/www.jazzzeitung.de\/cms\/2017\/09\/maria-baptist-stellt-ihr-neues-album-poems-without-words-im-kulturkaufhaus-dussmann-in-berlin\/#primaryimage"},"image":{"@id":"https:\/\/www.jazzzeitung.de\/cms\/2017\/09\/maria-baptist-stellt-ihr-neues-album-poems-without-words-im-kulturkaufhaus-dussmann-in-berlin\/#primaryimage"},"thumbnailUrl":"https:\/\/www.jazzzeitung.de\/cms\/wp-content\/uploads\/2017\/09\/BAPTIST_Maria_IMGP3411-e1504705031301-150x150.jpg","datePublished":"2017-09-10T13:27:02+00:00","breadcrumb":{"@id":"https:\/\/www.jazzzeitung.de\/cms\/2017\/09\/maria-baptist-stellt-ihr-neues-album-poems-without-words-im-kulturkaufhaus-dussmann-in-berlin\/#breadcrumb"},"inLanguage":"de","potentialAction":[{"@type":"ReadAction","target":["https:\/\/www.jazzzeitung.de\/cms\/2017\/09\/maria-baptist-stellt-ihr-neues-album-poems-without-words-im-kulturkaufhaus-dussmann-in-berlin\/"]}]},{"@type":"ImageObject","inLanguage":"de","@id":"https:\/\/www.jazzzeitung.de\/cms\/2017\/09\/maria-baptist-stellt-ihr-neues-album-poems-without-words-im-kulturkaufhaus-dussmann-in-berlin\/#primaryimage","url":"https:\/\/i0.wp.com\/www.jazzzeitung.de\/cms\/wp-content\/uploads\/2017\/09\/BAPTIST_Maria_IMGP3411-e1504705031301.jpg?fit=3040%2C2024&ssl=1","contentUrl":"https:\/\/i0.wp.com\/www.jazzzeitung.de\/cms\/wp-content\/uploads\/2017\/09\/BAPTIST_Maria_IMGP3411-e1504705031301.jpg?fit=3040%2C2024&ssl=1","width":3040,"height":2024},{"@type":"BreadcrumbList","@id":"https:\/\/www.jazzzeitung.de\/cms\/2017\/09\/maria-baptist-stellt-ihr-neues-album-poems-without-words-im-kulturkaufhaus-dussmann-in-berlin\/#breadcrumb","itemListElement":[{"@type":"ListItem","position":1,"name":"Startseite","item":"https:\/\/www.jazzzeitung.de\/cms\/"},{"@type":"ListItem","position":2,"name":"Maria Baptist stellt ihr neues Album \u201ePoems without Words\u201c im Kulturkaufhaus Dussmann in Berlin"}]},{"@type":"WebSite","@id":"https:\/\/www.jazzzeitung.de\/cms\/#website","url":"https:\/\/www.jazzzeitung.de\/cms\/","name":"JazzZeitung","description":"Jazz-News und Jazz-Kontroverses","publisher":{"@id":"https:\/\/www.jazzzeitung.de\/cms\/#organization"},"potentialAction":[{"@type":"SearchAction","target":{"@type":"EntryPoint","urlTemplate":"https:\/\/www.jazzzeitung.de\/cms\/?s={search_term_string}"},"query-input":{"@type":"PropertyValueSpecification","valueRequired":true,"valueName":"search_term_string"}}],"inLanguage":"de"},{"@type":"Organization","@id":"https:\/\/www.jazzzeitung.de\/cms\/#organization","name":"JazzZeitung online","url":"https:\/\/www.jazzzeitung.de\/cms\/","logo":{"@type":"ImageObject","inLanguage":"de","@id":"https:\/\/www.jazzzeitung.de\/cms\/#\/schema\/logo\/image\/","url":"https:\/\/i0.wp.com\/www.jazzzeitung.de\/cms\/wp-content\/uploads\/2015\/08\/JAZZZEITUNGDE_Logo_Neu.png?fit=499%2C200&ssl=1","contentUrl":"https:\/\/i0.wp.com\/www.jazzzeitung.de\/cms\/wp-content\/uploads\/2015\/08\/JAZZZEITUNGDE_Logo_Neu.png?fit=499%2C200&ssl=1","width":499,"height":200,"caption":"JazzZeitung online"},"image":{"@id":"https:\/\/www.jazzzeitung.de\/cms\/#\/schema\/logo\/image\/"},"sameAs":["https:\/\/www.facebook.com\/JazzZeitung\/"]},{"@type":"Person","@id":"https:\/\/www.jazzzeitung.de\/cms\/#\/schema\/person\/2245b36b9cd1d24cea10f01c031fb92b","name":"Redaktion JazzZeitung","image":{"@type":"ImageObject","inLanguage":"de","@id":"https:\/\/i0.wp.com\/www.jazzzeitung.de\/cms\/wp-content\/uploads\/2015\/08\/JAZZZEITUNGDE_Logo_Neu.png?resize=96%2C96&ssl=159975dcacb611b5700bd619b5daf0a7a","url":"https:\/\/i0.wp.com\/www.jazzzeitung.de\/cms\/wp-content\/uploads\/2015\/08\/JAZZZEITUNGDE_Logo_Neu.png?resize=96%2C96&ssl=1","contentUrl":"https:\/\/i0.wp.com\/www.jazzzeitung.de\/cms\/wp-content\/uploads\/2015\/08\/JAZZZEITUNGDE_Logo_Neu.png?resize=96%2C96&ssl=1","caption":"Redaktion JazzZeitung"},"description":"Artikel der Redaktion der JazzZeitung.","sameAs":["http:\/\/www.jazzzeitung.de\/cms\/"],"url":"https:\/\/www.jazzzeitung.de\/cms\/author\/redaktion\/"}]}},"wp-worthy-pixel":{"ignored":false,"public":null,"server":null,"url":null},"wp-worthy-type":"normal","jetpack_publicize_connections":[],"cc_featured_image_caption":{"caption_text":false,"source_text":false,"source_url":false},"jetpack_featured_media_url":"","jetpack_shortlink":"https:\/\/wp.me\/p3KEcT-3vy","jetpack-related-posts":[{"id":12314,"url":"https:\/\/www.jazzzeitung.de\/cms\/2017\/05\/news-konzertreihe-das-maria-baptist-orchestra-in-berlin-bundesjazzorchester-auf-konzerttournee-in-ecuador\/","url_meta":{"origin":13488,"position":0},"title":"+++ News +++ Bundesjazzorchester auf Konzerttournee in Ecuador +++ Jasmin Tabatabai er\u00f6ffnet Jazzfest Bonn +++","author":"Redaktion JazzZeitung","date":"10. Mai 2017","format":false,"excerpt":"+++ Bundesjazzorchester auf Konzerttournee in Ecuador +++ Bundesjazzorchester zu Gast in Ecuador \u2013 Neun Konzerte unter der Leitung von Jiggs Whigham Das Bundesjazzorchester ist vom Deutschen Kulturverbund in Ecuador (\u201ekultura\u201c) zu einer Konzertreise nach Ecuador eingeladen. Im Zentrum der Reise stehen die beiden\u00a0 Jubil\u00e4en \u201e100 Jahre Colegio Alem\u00e1n Quito\u201c und\u2026","rel":"","context":"In &quot;News&quot;","block_context":{"text":"News","link":"https:\/\/www.jazzzeitung.de\/cms\/thema\/nachrichten\/"},"img":{"alt_text":"","src":"https:\/\/i0.wp.com\/www.jazzzeitung.de\/cms\/wp-content\/uploads\/2017\/05\/BuJazzO_Sommer_2016_%40DMR_Christian_Debus-1.jpg?fit=1200%2C800&ssl=1&resize=350%2C200","width":350,"height":200,"srcset":"https:\/\/i0.wp.com\/www.jazzzeitung.de\/cms\/wp-content\/uploads\/2017\/05\/BuJazzO_Sommer_2016_%40DMR_Christian_Debus-1.jpg?fit=1200%2C800&ssl=1&resize=350%2C200 1x, https:\/\/i0.wp.com\/www.jazzzeitung.de\/cms\/wp-content\/uploads\/2017\/05\/BuJazzO_Sommer_2016_%40DMR_Christian_Debus-1.jpg?fit=1200%2C800&ssl=1&resize=525%2C300 1.5x, https:\/\/i0.wp.com\/www.jazzzeitung.de\/cms\/wp-content\/uploads\/2017\/05\/BuJazzO_Sommer_2016_%40DMR_Christian_Debus-1.jpg?fit=1200%2C800&ssl=1&resize=700%2C400 2x, https:\/\/i0.wp.com\/www.jazzzeitung.de\/cms\/wp-content\/uploads\/2017\/05\/BuJazzO_Sommer_2016_%40DMR_Christian_Debus-1.jpg?fit=1200%2C800&ssl=1&resize=1050%2C600 3x"},"classes":[]},{"id":5103,"url":"https:\/\/www.jazzzeitung.de\/cms\/2014\/12\/jazz-im-musikinstrumenten-museum-berlin-die-konzertreihe-2015-steht-fest\/","url_meta":{"origin":13488,"position":1},"title":"Jazz im Musikinstrumenten-Museum Berlin \u2013 die Konzertreihe 2015 steht fest","author":"Redaktion JazzZeitung","date":"10. Dezember 2014","format":false,"excerpt":"Seit 2006 gibt es in Berlin in Kooperation mit dem Komponistenverband Berlin eine Konzertreihe f\u00fcr modernen Jazz im Musikinstrumenten-Museum, kurz JAZZ IM MIM. Jeden letzten Donnerstag eines Monats findet ein kostenloses Konzert statt. Die Programmgestaltung liegt in den H\u00e4nden Hannes Zerbe. JAZZ IM MIM m\u00f6chte dem steigenden Bedarf an Auftrittsm\u00f6glichkeiten\u2026","rel":"","context":"In &quot;News&quot;","block_context":{"text":"News","link":"https:\/\/www.jazzzeitung.de\/cms\/thema\/nachrichten\/"},"img":{"alt_text":"jazzfuerweb_small","src":"https:\/\/i0.wp.com\/www.jazzzeitung.de\/cms\/wp-content\/uploads\/2014\/12\/jazzfuerweb_small-150x150.jpg?resize=350%2C200","width":350,"height":200},"classes":[]},{"id":12326,"url":"https:\/\/www.jazzzeitung.de\/cms\/2017\/05\/konzertreihe-das-maria-baptist-orchestra-in-berlin\/","url_meta":{"origin":13488,"position":2},"title":"Konzertreihe: das Maria Baptist Orchestra in Berlin","author":"Redaktion JazzZeitung","date":"12. Mai 2017","format":false,"excerpt":"\u00bbIch hab\u00b4 noch (k)einen Koffer in Berlin\u00ab oder Big Band Jazz vom Feinsten Es gibt Gr\u00fcnde, diese Stadt zu besuchen. Ein Konzerterlebnis dieser Big Band ist ein guter Grund. F\u00fcllt diese Erlebnisse in Euren (Jazz-)Koffer. Wenn Ihr keinen habt, so legt Euch einen zu \u2013 vollgepackt mit T\u00f6nen, Kl\u00e4ngen und\u2026","rel":"","context":"In &quot;Bericht&quot;","block_context":{"text":"Bericht","link":"https:\/\/www.jazzzeitung.de\/cms\/thema\/bericht\/"},"img":{"alt_text":"","src":"https:\/\/i0.wp.com\/www.jazzzeitung.de\/cms\/wp-content\/uploads\/2017\/05\/Maria-Baptist-Orchestra_a_Copyright-Anna-Stark-Photography-1-900x600.jpg?resize=350%2C200","width":350,"height":200,"srcset":"https:\/\/i0.wp.com\/www.jazzzeitung.de\/cms\/wp-content\/uploads\/2017\/05\/Maria-Baptist-Orchestra_a_Copyright-Anna-Stark-Photography-1-900x600.jpg?resize=350%2C200 1x, https:\/\/i0.wp.com\/www.jazzzeitung.de\/cms\/wp-content\/uploads\/2017\/05\/Maria-Baptist-Orchestra_a_Copyright-Anna-Stark-Photography-1-900x600.jpg?resize=525%2C300 1.5x"},"classes":[]},{"id":4011,"url":"https:\/\/www.jazzzeitung.de\/cms\/2014\/06\/newcomer-des-monats-donauwellenreiter\/","url_meta":{"origin":13488,"position":3},"title":"Newcomer des Monats: Donauwellenreiter","author":"Redaktion JazzZeitung","date":"4. Juni 2014","format":false,"excerpt":"Passend zum Fr\u00fchsommer schauen wir ins nachbarliche \u00d6sterreich und stellen den perfekten Soundtrack f\u00fcr die Jahreszeit vor: die Donauwellenreiter. Das sind der Pianist Thomas Castaneda, der auch die meisten der Songs komponiert, Akkordeonist Nikola Zaric und die S\u00e4ngerin und Violinistin Maria Craffonara. Formiert hat sich das Trio 2010, und nach\u2026","rel":"","context":"In &quot;Newcomer des Monats&quot;","block_context":{"text":"Newcomer des Monats","link":"https:\/\/www.jazzzeitung.de\/cms\/thema\/newcomer\/"},"img":{"alt_text":"Messei_CD_Cover","src":"https:\/\/i0.wp.com\/www.jazzzeitung.de\/cms\/wp-content\/uploads\/2014\/06\/Messei_CD_Cover-150x150.jpg?resize=350%2C200","width":350,"height":200},"classes":[]},{"id":10096,"url":"https:\/\/www.jazzzeitung.de\/cms\/2016\/09\/newsbass-nightjazzwoche-hannover24-jazzfest-kassel\/","url_meta":{"origin":13488,"position":4},"title":"+++News+++Bass Night+++Jazzwoche Hannover+++24. Jazzfest Kassel","author":"Redaktion JazzZeitung","date":"21. September 2016","format":false,"excerpt":"\u201eBass Night\u201c: Vier Bassisten gastieren bei Jazzparty II am 5. November in Ingolstadt Mit den Gastspielen der Stanley Clarke Band, der Richard Bona Group, dem Renaud Garc\u00eda-Fons und dem Dieter Ilg Trio ist die Jazzparty II im Rahmen der Ingolst\u00e4dter Jazztage in diesem Jahr als \u201eBass Night\u201c \u00fcberschrieben und findet\u2026","rel":"","context":"In &quot;News&quot;","block_context":{"text":"News","link":"https:\/\/www.jazzzeitung.de\/cms\/thema\/nachrichten\/"},"img":{"alt_text":"","src":"","width":0,"height":0},"classes":[]},{"id":12098,"url":"https:\/\/www.jazzzeitung.de\/cms\/2017\/04\/julia-huelsmann-im-konzert\/","url_meta":{"origin":13488,"position":5},"title":"&#8222;Sooner And Later&#8220;: Julia H\u00fclsmann stellt neue Trio-CD vor","author":"Redaktion JazzZeitung","date":"15. April 2017","format":false,"excerpt":"Julia H\u00fclsmann (p), Marc Muellbauer (b), Heinrich K\u00f6bberling (dr) Seit 18 Jahren gibt es das Julia H\u00fclsmann Trio mit dem Bassisten Marc Muellbauer und dem Schlagzeuger Heinrich K\u00f6bberling. Auf einer aktuellen Tour durch Deutschland stellte das Trio sein sechstes ECM-Album vor. Die Platte 'Sooner And Later' wurde im September 2016\u2026","rel":"","context":"In &quot;Bericht&quot;","block_context":{"text":"Bericht","link":"https:\/\/www.jazzzeitung.de\/cms\/thema\/bericht\/"},"img":{"alt_text":"","src":"https:\/\/i0.wp.com\/www.jazzzeitung.de\/cms\/wp-content\/uploads\/2017\/04\/P1300389-H%C3%BClsmann-Foto-TJ-Krebs.jpg?resize=350%2C200","width":350,"height":200,"srcset":"https:\/\/i0.wp.com\/www.jazzzeitung.de\/cms\/wp-content\/uploads\/2017\/04\/P1300389-H%C3%BClsmann-Foto-TJ-Krebs.jpg?resize=350%2C200 1x, https:\/\/i0.wp.com\/www.jazzzeitung.de\/cms\/wp-content\/uploads\/2017\/04\/P1300389-H%C3%BClsmann-Foto-TJ-Krebs.jpg?resize=525%2C300 1.5x, https:\/\/i0.wp.com\/www.jazzzeitung.de\/cms\/wp-content\/uploads\/2017\/04\/P1300389-H%C3%BClsmann-Foto-TJ-Krebs.jpg?resize=700%2C400 2x, https:\/\/i0.wp.com\/www.jazzzeitung.de\/cms\/wp-content\/uploads\/2017\/04\/P1300389-H%C3%BClsmann-Foto-TJ-Krebs.jpg?resize=1050%2C600 3x, https:\/\/i0.wp.com\/www.jazzzeitung.de\/cms\/wp-content\/uploads\/2017\/04\/P1300389-H%C3%BClsmann-Foto-TJ-Krebs.jpg?resize=1400%2C800 4x"},"classes":[]}],"jetpack_sharing_enabled":true,"_links":{"self":[{"href":"https:\/\/www.jazzzeitung.de\/cms\/wp-json\/wp\/v2\/posts\/13488","targetHints":{"allow":["GET"]}}],"collection":[{"href":"https:\/\/www.jazzzeitung.de\/cms\/wp-json\/wp\/v2\/posts"}],"about":[{"href":"https:\/\/www.jazzzeitung.de\/cms\/wp-json\/wp\/v2\/types\/post"}],"author":[{"embeddable":true,"href":"https:\/\/www.jazzzeitung.de\/cms\/wp-json\/wp\/v2\/users\/18"}],"replies":[{"embeddable":true,"href":"https:\/\/www.jazzzeitung.de\/cms\/wp-json\/wp\/v2\/comments?post=13488"}],"version-history":[{"count":4,"href":"https:\/\/www.jazzzeitung.de\/cms\/wp-json\/wp\/v2\/posts\/13488\/revisions"}],"predecessor-version":[{"id":13493,"href":"https:\/\/www.jazzzeitung.de\/cms\/wp-json\/wp\/v2\/posts\/13488\/revisions\/13493"}],"wp:attachment":[{"href":"https:\/\/www.jazzzeitung.de\/cms\/wp-json\/wp\/v2\/media?parent=13488"}],"wp:term":[{"taxonomy":"category","embeddable":true,"href":"https:\/\/www.jazzzeitung.de\/cms\/wp-json\/wp\/v2\/categories?post=13488"},{"taxonomy":"post_tag","embeddable":true,"href":"https:\/\/www.jazzzeitung.de\/cms\/wp-json\/wp\/v2\/tags?post=13488"},{"taxonomy":"author","embeddable":true,"href":"https:\/\/www.jazzzeitung.de\/cms\/wp-json\/wp\/v2\/coauthors?post=13488"}],"curies":[{"name":"wp","href":"https:\/\/api.w.org\/{rel}","templated":true}]}}