{"id":13483,"date":"2017-09-05T09:25:31","date_gmt":"2017-09-05T07:25:31","guid":{"rendered":"https:\/\/www.jazzzeitung.de\/cms\/?p=13483"},"modified":"2017-09-13T09:10:48","modified_gmt":"2017-09-13T07:10:48","slug":"der-einfache-weg-zum-jazz","status":"publish","type":"post","link":"https:\/\/www.jazzzeitung.de\/cms\/2017\/09\/der-einfache-weg-zum-jazz\/","title":{"rendered":"Der einfache Weg zum Jazz"},"content":{"rendered":"<figure id=\"attachment_13485\" aria-describedby=\"caption-attachment-13485\" style=\"width: 150px\" class=\"wp-caption alignright\"><a href=\"https:\/\/i0.wp.com\/www.jazzzeitung.de\/cms\/wp-content\/uploads\/2017\/09\/2016_08_21_folder_Bergin-Delius-Borghini1.jpg?ssl=1\"><img data-recalc-dims=\"1\" loading=\"lazy\" decoding=\"async\" data-attachment-id=\"13485\" data-permalink=\"https:\/\/www.jazzzeitung.de\/cms\/2017\/09\/der-einfache-weg-zum-jazz\/2016_08_21_folder_bergin-delius-borghini1\/\" data-orig-file=\"https:\/\/i0.wp.com\/www.jazzzeitung.de\/cms\/wp-content\/uploads\/2017\/09\/2016_08_21_folder_Bergin-Delius-Borghini1.jpg?fit=200%2C150&amp;ssl=1\" data-orig-size=\"200,150\" data-comments-opened=\"1\" data-image-meta=\"{&quot;aperture&quot;:&quot;0&quot;,&quot;credit&quot;:&quot;&quot;,&quot;camera&quot;:&quot;&quot;,&quot;caption&quot;:&quot;&quot;,&quot;created_timestamp&quot;:&quot;0&quot;,&quot;copyright&quot;:&quot;&quot;,&quot;focal_length&quot;:&quot;0&quot;,&quot;iso&quot;:&quot;0&quot;,&quot;shutter_speed&quot;:&quot;0&quot;,&quot;title&quot;:&quot;&quot;,&quot;orientation&quot;:&quot;0&quot;}\" data-image-title=\"2016_08_21_folder_Bergin-Delius-Borghini1\" data-image-description=\"\" data-image-caption=\"\" data-large-file=\"https:\/\/i0.wp.com\/www.jazzzeitung.de\/cms\/wp-content\/uploads\/2017\/09\/2016_08_21_folder_Bergin-Delius-Borghini1.jpg?fit=200%2C150&amp;ssl=1\" class=\"wp-image-13485 size-thumbnail\" src=\"https:\/\/i0.wp.com\/www.jazzzeitung.de\/cms\/wp-content\/uploads\/2017\/09\/2016_08_21_folder_Bergin-Delius-Borghini1.jpg?resize=150%2C150&#038;ssl=1\" alt=\"\" width=\"150\" height=\"150\" srcset=\"https:\/\/i0.wp.com\/www.jazzzeitung.de\/cms\/wp-content\/uploads\/2017\/09\/2016_08_21_folder_Bergin-Delius-Borghini1.jpg?resize=150%2C150&amp;ssl=1 150w, https:\/\/i0.wp.com\/www.jazzzeitung.de\/cms\/wp-content\/uploads\/2017\/09\/2016_08_21_folder_Bergin-Delius-Borghini1.jpg?resize=144%2C144&amp;ssl=1 144w, https:\/\/i0.wp.com\/www.jazzzeitung.de\/cms\/wp-content\/uploads\/2017\/09\/2016_08_21_folder_Bergin-Delius-Borghini1.jpg?resize=96%2C96&amp;ssl=1 96w, https:\/\/i0.wp.com\/www.jazzzeitung.de\/cms\/wp-content\/uploads\/2017\/09\/2016_08_21_folder_Bergin-Delius-Borghini1.jpg?resize=24%2C24&amp;ssl=1 24w, https:\/\/i0.wp.com\/www.jazzzeitung.de\/cms\/wp-content\/uploads\/2017\/09\/2016_08_21_folder_Bergin-Delius-Borghini1.jpg?resize=36%2C36&amp;ssl=1 36w, https:\/\/i0.wp.com\/www.jazzzeitung.de\/cms\/wp-content\/uploads\/2017\/09\/2016_08_21_folder_Bergin-Delius-Borghini1.jpg?resize=48%2C48&amp;ssl=1 48w, https:\/\/i0.wp.com\/www.jazzzeitung.de\/cms\/wp-content\/uploads\/2017\/09\/2016_08_21_folder_Bergin-Delius-Borghini1.jpg?resize=64%2C64&amp;ssl=1 64w, https:\/\/i0.wp.com\/www.jazzzeitung.de\/cms\/wp-content\/uploads\/2017\/09\/2016_08_21_folder_Bergin-Delius-Borghini1.jpg?resize=32%2C32&amp;ssl=1 32w, https:\/\/i0.wp.com\/www.jazzzeitung.de\/cms\/wp-content\/uploads\/2017\/09\/2016_08_21_folder_Bergin-Delius-Borghini1.jpg?resize=50%2C50&amp;ssl=1 50w, https:\/\/i0.wp.com\/www.jazzzeitung.de\/cms\/wp-content\/uploads\/2017\/09\/2016_08_21_folder_Bergin-Delius-Borghini1.jpg?resize=128%2C128&amp;ssl=1 128w\" sizes=\"auto, (max-width: 150px) 100vw, 150px\" \/><\/a><figcaption id=\"caption-attachment-13485\" class=\"wp-caption-text\">Quartett Umfundisi<\/figcaption><\/figure>\n<p><strong>LEER<\/strong> \u2013 Mit \u201ezehn Schritten zum Jazz\u201c versuchte Anfang August das \u201eZeit-Magazin\u201c seinen Leserinnen und Lesern jenes Musikgenre schmackhaft zu machen, das gerne klischeebeladen und missverstanden in Schubladen gepackt wird. Mal ein Konzert des US-Trios BassDrumBone besuchen, h\u00e4tte als Hinweis allerdings auch gereicht. Mit einem bunten Reigen zwischen packendem Swing auf der einen und freier Improvisation auf der anderen Seite er\u00f6ffnete es das Jubil\u00e4umsprogramm der Konzertreihe \u201eJazz live im Speicher\u201c und zeigte bei seinem Gastspiel in Leer, dass der Weg zum Jazz eigentlich sehr einfach sein kann.<\/p>\n<p>W\u00e4hrend die Leeraner Reihe noch bis Ende November ihr 25-j\u00e4hriges Bestehen feiert, bringen BassDrumBone es bereits auf 40 Jahre. 1977 gegr\u00fcndet, sind Bassist Mark Helias, Schlagzeuger Gerry Hemingway und Posaunist Ray Anderson in der Welt des modernen Jazz heute bekannte Namen. Jeder f\u00fcr sich hat in all den Jahren zig andere Ensembles und Projekte initiiert oder begleitet. Am l\u00e4ngsten \u00fcberdauert hat ihr kongeniales, nach den Namen ihrer Instrumente benanntes Trio.<\/p>\n<p>Leer stand gar nicht auf der Agenda der vielbesch\u00e4ftigten Musiker. Gefeiert werden sollte das Bandjubil\u00e4um auf Festivals, etwa im schweizerischen Willisau, in Chicago und in und um Groningen auf der diesj\u00e4hrigen \u201eZomerJazzFietsTour\u201c. Groningen-Leer ist f\u00fcr Amerikaner keine Entfernung, und so konnten sich in Leerr zwei Jubilare die Hand geben: 40 Jahre BassDrumBone trafen auf 25 Jahre \u201eJazz live im Speicher\u201c.<\/p>\n<p>\u201eTechnisch sind die meisten Jazzer besser als Popmusiker\u201c, hie\u00df es im \u201eZeit-Magazin\u201c. Hemingway, Anderson und Helias bewiesen jedoch noch mehr: Moderner Jazz macht Spa\u00df, \u00fcberrascht und \u00f6ffnet die Ohren! Das gut gelaunt angereiste Trio sch\u00f6pfte aus seinem gro\u00dfen Repertoire und spielte Eigenkompositionen aus vier Jahrzehnten. Der Auftritt geriet damit auch zu einem reizvollen Streifzug durch die Jazzgeschichte. Demonstrierte die Band im ersten Set, wie sehr sie swingen kann und den Blues und die Marching-Bands aus New Orleans liebt, war der zweite Teil des Abends der freien Seite der Triomusik gewidmet: Gerry Hemingway gl\u00e4nzte dabei mal mit harten Beats, mal mit leisesten, kaum h\u00f6rbaren perkussiven Feinheiten. Ray Anderson zeigte einmal mehr, warum er zu den wichtigsten Posaunisten im Gegenwartsjazz z\u00e4hlt. Mark Helias hielt mit klaren Bassmotiven alles zusammen oder brachte die frei driftenden Musikerkollegen wieder auf Kurs. Das Einfache und Schwierige im Jazz wurden eins.<\/p>\n<p>Fortgesetzt wird das Leeraner Jazzjubil\u00e4um bereits am 8. September, Erwartet wird dann das Quartett Umfundisi, bestehend aus Tobias Delius (Tenorsaxofon), Matthias Schubert (Tenorsaxofon), Antonio Borghini (Kontrabass) und Christian Lillinger (Schlagzeug). Die Band hat sich der Musik des 2012 verstorbenen Saxofonisten Sean Bergin verschrieben.<\/p>\n<p>Von Fietje Ausl\u00e4nder<\/p>\n<p><span style=\"border-radius: 2px; text-indent: 20px; width: auto; padding: 0px 4px 0px 0px; text-align: center; font: bold 11px\/20px 'Helvetica Neue',Helvetica,sans-serif; color: #ffffff; background: #bd081c  no-repeat scroll 3px 50% \/ 14px 14px; position: absolute; opacity: 1; z-index: 8675309; display: none; cursor: pointer;\">Merken<\/span><\/p>\n","protected":false},"excerpt":{"rendered":"<p>LEER \u2013 Mit \u201ezehn Schritten zum Jazz\u201c versuchte Anfang August das \u201eZeit-Magazin\u201c seinen Leserinnen und Lesern jenes Musikgenre schmackhaft zu machen, das gerne klischeebeladen und missverstanden in Schubladen gepackt wird. Mal ein Konzert des US-Trios BassDrumBone besuchen, h\u00e4tte als Hinweis allerdings auch gereicht. Mit einem bunten Reigen zwischen packendem Swing auf der einen und freier Improvisation auf der anderen Seite er\u00f6ffnete es das Jubil\u00e4umsprogramm der Konzertreihe \u201eJazz live im Speicher\u201c und zeigte bei seinem Gastspiel in Leer, dass der Weg zum Jazz eigentlich sehr einfach sein kann. W\u00e4hrend die Leeraner Reihe noch bis Ende November ihr 25-j\u00e4hriges Bestehen feiert, bringen BassDrumBone es bereits auf 40 Jahre. 1977 gegr\u00fcndet, sind Bassist Mark Helias, Schlagzeuger Gerry Hemingway und Posaunist Ray Anderson in der Welt des modernen Jazz heute bekannte Namen. Jeder f\u00fcr sich hat in all den Jahren zig andere Ensembles und Projekte initiiert oder begleitet. Am l\u00e4ngsten \u00fcberdauert hat ihr kongeniales, nach den Namen ihrer Instrumente benanntes Trio. Leer stand gar nicht auf der Agenda der vielbesch\u00e4ftigten Musiker. Gefeiert werden sollte das Bandjubil\u00e4um auf Festivals, etwa im schweizerischen Willisau, in Chicago und in und um Groningen &hellip;<\/p>\n","protected":false},"author":18,"featured_media":0,"comment_status":"open","ping_status":"closed","sticky":false,"template":"","format":"standard","meta":{"_jetpack_memberships_contains_paid_content":false,"footnotes":"","jetpack_publicize_message":"","jetpack_publicize_feature_enabled":true,"jetpack_social_post_already_shared":false,"jetpack_social_options":{"image_generator_settings":{"template":"highway","default_image_id":0,"font":"","enabled":false},"version":2}},"categories":[1053],"tags":[83,112,1050,682,1007,1058,322,535,1356],"coauthors":[695],"class_list":["post-13483","post","type-post","status-publish","format-standard","hentry","category-bericht","tag-blues","tag-chicago","tag-christian-lillinger","tag-festivals","tag-improvisation","tag-jazzgeschichte","tag-konzert-2","tag-swing","tag-trio"],"yoast_head":"<!-- This site is optimized with the Yoast SEO plugin v27.5 - https:\/\/yoast.com\/product\/yoast-seo-wordpress\/ -->\n<title>Der einfache Weg zum Jazz - JazzZeitung<\/title>\n<meta name=\"robots\" content=\"index, follow, max-snippet:-1, max-image-preview:large, max-video-preview:-1\" \/>\n<link rel=\"canonical\" href=\"https:\/\/www.jazzzeitung.de\/cms\/2017\/09\/der-einfache-weg-zum-jazz\/\" \/>\n<meta property=\"og:locale\" content=\"de_DE\" \/>\n<meta property=\"og:type\" content=\"article\" \/>\n<meta property=\"og:title\" content=\"Der einfache Weg zum Jazz - JazzZeitung\" \/>\n<meta property=\"og:description\" content=\"LEER \u2013 Mit \u201ezehn Schritten zum Jazz\u201c versuchte Anfang August das \u201eZeit-Magazin\u201c seinen Leserinnen und Lesern jenes Musikgenre schmackhaft zu machen, das gerne klischeebeladen und missverstanden in Schubladen gepackt wird. Mal ein Konzert des US-Trios BassDrumBone besuchen, h\u00e4tte als Hinweis allerdings auch gereicht. Mit einem bunten Reigen zwischen packendem Swing auf der einen und freier Improvisation auf der anderen Seite er\u00f6ffnete es das Jubil\u00e4umsprogramm der Konzertreihe \u201eJazz live im Speicher\u201c und zeigte bei seinem Gastspiel in Leer, dass der Weg zum Jazz eigentlich sehr einfach sein kann. W\u00e4hrend die Leeraner Reihe noch bis Ende November ihr 25-j\u00e4hriges Bestehen feiert, bringen BassDrumBone es bereits auf 40 Jahre. 1977 gegr\u00fcndet, sind Bassist Mark Helias, Schlagzeuger Gerry Hemingway und Posaunist Ray Anderson in der Welt des modernen Jazz heute bekannte Namen. Jeder f\u00fcr sich hat in all den Jahren zig andere Ensembles und Projekte initiiert oder begleitet. Am l\u00e4ngsten \u00fcberdauert hat ihr kongeniales, nach den Namen ihrer Instrumente benanntes Trio. Leer stand gar nicht auf der Agenda der vielbesch\u00e4ftigten Musiker. Gefeiert werden sollte das Bandjubil\u00e4um auf Festivals, etwa im schweizerischen Willisau, in Chicago und in und um Groningen &hellip;\" \/>\n<meta property=\"og:url\" content=\"https:\/\/www.jazzzeitung.de\/cms\/2017\/09\/der-einfache-weg-zum-jazz\/\" \/>\n<meta property=\"og:site_name\" content=\"JazzZeitung\" \/>\n<meta property=\"article:publisher\" content=\"https:\/\/www.facebook.com\/JazzZeitung\/\" \/>\n<meta property=\"article:published_time\" content=\"2017-09-05T07:25:31+00:00\" \/>\n<meta property=\"article:modified_time\" content=\"2017-09-13T07:10:48+00:00\" \/>\n<meta property=\"og:image\" content=\"https:\/\/www.jazzzeitung.de\/cms\/wp-content\/uploads\/2017\/09\/2016_08_21_folder_Bergin-Delius-Borghini1-150x150.jpg\" \/>\n<meta name=\"author\" content=\"Redaktion JazzZeitung\" \/>\n<script type=\"application\/ld+json\" class=\"yoast-schema-graph\">{\"@context\":\"https:\\\/\\\/schema.org\",\"@graph\":[{\"@type\":\"Article\",\"@id\":\"https:\\\/\\\/www.jazzzeitung.de\\\/cms\\\/2017\\\/09\\\/der-einfache-weg-zum-jazz\\\/#article\",\"isPartOf\":{\"@id\":\"https:\\\/\\\/www.jazzzeitung.de\\\/cms\\\/2017\\\/09\\\/der-einfache-weg-zum-jazz\\\/\"},\"author\":{\"name\":\"Redaktion JazzZeitung\",\"@id\":\"https:\\\/\\\/www.jazzzeitung.de\\\/cms\\\/#\\\/schema\\\/person\\\/2245b36b9cd1d24cea10f01c031fb92b\"},\"headline\":\"Der einfache Weg zum Jazz\",\"datePublished\":\"2017-09-05T07:25:31+00:00\",\"dateModified\":\"2017-09-13T07:10:48+00:00\",\"mainEntityOfPage\":{\"@id\":\"https:\\\/\\\/www.jazzzeitung.de\\\/cms\\\/2017\\\/09\\\/der-einfache-weg-zum-jazz\\\/\"},\"wordCount\":434,\"commentCount\":0,\"publisher\":{\"@id\":\"https:\\\/\\\/www.jazzzeitung.de\\\/cms\\\/#organization\"},\"image\":{\"@id\":\"https:\\\/\\\/www.jazzzeitung.de\\\/cms\\\/2017\\\/09\\\/der-einfache-weg-zum-jazz\\\/#primaryimage\"},\"thumbnailUrl\":\"https:\\\/\\\/www.jazzzeitung.de\\\/cms\\\/wp-content\\\/uploads\\\/2017\\\/09\\\/2016_08_21_folder_Bergin-Delius-Borghini1-150x150.jpg\",\"keywords\":[\"Blues\",\"Chicago\",\"Christian Lillinger\",\"Festivals\",\"Improvisation\",\"Jazzgeschichte\",\"Konzert\",\"Swing\",\"trio\"],\"articleSection\":[\"Bericht\"],\"inLanguage\":\"de\",\"potentialAction\":[{\"@type\":\"CommentAction\",\"name\":\"Comment\",\"target\":[\"https:\\\/\\\/www.jazzzeitung.de\\\/cms\\\/2017\\\/09\\\/der-einfache-weg-zum-jazz\\\/#respond\"]}]},{\"@type\":\"WebPage\",\"@id\":\"https:\\\/\\\/www.jazzzeitung.de\\\/cms\\\/2017\\\/09\\\/der-einfache-weg-zum-jazz\\\/\",\"url\":\"https:\\\/\\\/www.jazzzeitung.de\\\/cms\\\/2017\\\/09\\\/der-einfache-weg-zum-jazz\\\/\",\"name\":\"Der einfache Weg zum Jazz - JazzZeitung\",\"isPartOf\":{\"@id\":\"https:\\\/\\\/www.jazzzeitung.de\\\/cms\\\/#website\"},\"primaryImageOfPage\":{\"@id\":\"https:\\\/\\\/www.jazzzeitung.de\\\/cms\\\/2017\\\/09\\\/der-einfache-weg-zum-jazz\\\/#primaryimage\"},\"image\":{\"@id\":\"https:\\\/\\\/www.jazzzeitung.de\\\/cms\\\/2017\\\/09\\\/der-einfache-weg-zum-jazz\\\/#primaryimage\"},\"thumbnailUrl\":\"https:\\\/\\\/www.jazzzeitung.de\\\/cms\\\/wp-content\\\/uploads\\\/2017\\\/09\\\/2016_08_21_folder_Bergin-Delius-Borghini1-150x150.jpg\",\"datePublished\":\"2017-09-05T07:25:31+00:00\",\"dateModified\":\"2017-09-13T07:10:48+00:00\",\"breadcrumb\":{\"@id\":\"https:\\\/\\\/www.jazzzeitung.de\\\/cms\\\/2017\\\/09\\\/der-einfache-weg-zum-jazz\\\/#breadcrumb\"},\"inLanguage\":\"de\",\"potentialAction\":[{\"@type\":\"ReadAction\",\"target\":[\"https:\\\/\\\/www.jazzzeitung.de\\\/cms\\\/2017\\\/09\\\/der-einfache-weg-zum-jazz\\\/\"]}]},{\"@type\":\"ImageObject\",\"inLanguage\":\"de\",\"@id\":\"https:\\\/\\\/www.jazzzeitung.de\\\/cms\\\/2017\\\/09\\\/der-einfache-weg-zum-jazz\\\/#primaryimage\",\"url\":\"https:\\\/\\\/i0.wp.com\\\/www.jazzzeitung.de\\\/cms\\\/wp-content\\\/uploads\\\/2017\\\/09\\\/2016_08_21_folder_Bergin-Delius-Borghini1.jpg?fit=200%2C150&ssl=1\",\"contentUrl\":\"https:\\\/\\\/i0.wp.com\\\/www.jazzzeitung.de\\\/cms\\\/wp-content\\\/uploads\\\/2017\\\/09\\\/2016_08_21_folder_Bergin-Delius-Borghini1.jpg?fit=200%2C150&ssl=1\",\"width\":200,\"height\":150},{\"@type\":\"BreadcrumbList\",\"@id\":\"https:\\\/\\\/www.jazzzeitung.de\\\/cms\\\/2017\\\/09\\\/der-einfache-weg-zum-jazz\\\/#breadcrumb\",\"itemListElement\":[{\"@type\":\"ListItem\",\"position\":1,\"name\":\"Startseite\",\"item\":\"https:\\\/\\\/www.jazzzeitung.de\\\/cms\\\/\"},{\"@type\":\"ListItem\",\"position\":2,\"name\":\"Der einfache Weg zum Jazz\"}]},{\"@type\":\"WebSite\",\"@id\":\"https:\\\/\\\/www.jazzzeitung.de\\\/cms\\\/#website\",\"url\":\"https:\\\/\\\/www.jazzzeitung.de\\\/cms\\\/\",\"name\":\"JazzZeitung\",\"description\":\"Jazz-News und Jazz-Kontroverses\",\"publisher\":{\"@id\":\"https:\\\/\\\/www.jazzzeitung.de\\\/cms\\\/#organization\"},\"potentialAction\":[{\"@type\":\"SearchAction\",\"target\":{\"@type\":\"EntryPoint\",\"urlTemplate\":\"https:\\\/\\\/www.jazzzeitung.de\\\/cms\\\/?s={search_term_string}\"},\"query-input\":{\"@type\":\"PropertyValueSpecification\",\"valueRequired\":true,\"valueName\":\"search_term_string\"}}],\"inLanguage\":\"de\"},{\"@type\":\"Organization\",\"@id\":\"https:\\\/\\\/www.jazzzeitung.de\\\/cms\\\/#organization\",\"name\":\"JazzZeitung online\",\"url\":\"https:\\\/\\\/www.jazzzeitung.de\\\/cms\\\/\",\"logo\":{\"@type\":\"ImageObject\",\"inLanguage\":\"de\",\"@id\":\"https:\\\/\\\/www.jazzzeitung.de\\\/cms\\\/#\\\/schema\\\/logo\\\/image\\\/\",\"url\":\"https:\\\/\\\/i0.wp.com\\\/www.jazzzeitung.de\\\/cms\\\/wp-content\\\/uploads\\\/2015\\\/08\\\/JAZZZEITUNGDE_Logo_Neu.png?fit=499%2C200&ssl=1\",\"contentUrl\":\"https:\\\/\\\/i0.wp.com\\\/www.jazzzeitung.de\\\/cms\\\/wp-content\\\/uploads\\\/2015\\\/08\\\/JAZZZEITUNGDE_Logo_Neu.png?fit=499%2C200&ssl=1\",\"width\":499,\"height\":200,\"caption\":\"JazzZeitung online\"},\"image\":{\"@id\":\"https:\\\/\\\/www.jazzzeitung.de\\\/cms\\\/#\\\/schema\\\/logo\\\/image\\\/\"},\"sameAs\":[\"https:\\\/\\\/www.facebook.com\\\/JazzZeitung\\\/\"]},{\"@type\":\"Person\",\"@id\":\"https:\\\/\\\/www.jazzzeitung.de\\\/cms\\\/#\\\/schema\\\/person\\\/2245b36b9cd1d24cea10f01c031fb92b\",\"name\":\"Redaktion JazzZeitung\",\"image\":{\"@type\":\"ImageObject\",\"inLanguage\":\"de\",\"@id\":\"https:\\\/\\\/i0.wp.com\\\/www.jazzzeitung.de\\\/cms\\\/wp-content\\\/uploads\\\/2015\\\/08\\\/JAZZZEITUNGDE_Logo_Neu.png?resize=96%2C96&ssl=159975dcacb611b5700bd619b5daf0a7a\",\"url\":\"https:\\\/\\\/i0.wp.com\\\/www.jazzzeitung.de\\\/cms\\\/wp-content\\\/uploads\\\/2015\\\/08\\\/JAZZZEITUNGDE_Logo_Neu.png?resize=96%2C96&ssl=1\",\"contentUrl\":\"https:\\\/\\\/i0.wp.com\\\/www.jazzzeitung.de\\\/cms\\\/wp-content\\\/uploads\\\/2015\\\/08\\\/JAZZZEITUNGDE_Logo_Neu.png?resize=96%2C96&ssl=1\",\"caption\":\"Redaktion JazzZeitung\"},\"description\":\"Artikel der Redaktion der JazzZeitung.\",\"sameAs\":[\"http:\\\/\\\/www.jazzzeitung.de\\\/cms\\\/\"],\"url\":\"https:\\\/\\\/www.jazzzeitung.de\\\/cms\\\/author\\\/redaktion\\\/\"}]}<\/script>\n<!-- \/ Yoast SEO plugin. -->","yoast_head_json":{"title":"Der einfache Weg zum Jazz - JazzZeitung","robots":{"index":"index","follow":"follow","max-snippet":"max-snippet:-1","max-image-preview":"max-image-preview:large","max-video-preview":"max-video-preview:-1"},"canonical":"https:\/\/www.jazzzeitung.de\/cms\/2017\/09\/der-einfache-weg-zum-jazz\/","og_locale":"de_DE","og_type":"article","og_title":"Der einfache Weg zum Jazz - JazzZeitung","og_description":"LEER \u2013 Mit \u201ezehn Schritten zum Jazz\u201c versuchte Anfang August das \u201eZeit-Magazin\u201c seinen Leserinnen und Lesern jenes Musikgenre schmackhaft zu machen, das gerne klischeebeladen und missverstanden in Schubladen gepackt wird. Mal ein Konzert des US-Trios BassDrumBone besuchen, h\u00e4tte als Hinweis allerdings auch gereicht. Mit einem bunten Reigen zwischen packendem Swing auf der einen und freier Improvisation auf der anderen Seite er\u00f6ffnete es das Jubil\u00e4umsprogramm der Konzertreihe \u201eJazz live im Speicher\u201c und zeigte bei seinem Gastspiel in Leer, dass der Weg zum Jazz eigentlich sehr einfach sein kann. W\u00e4hrend die Leeraner Reihe noch bis Ende November ihr 25-j\u00e4hriges Bestehen feiert, bringen BassDrumBone es bereits auf 40 Jahre. 1977 gegr\u00fcndet, sind Bassist Mark Helias, Schlagzeuger Gerry Hemingway und Posaunist Ray Anderson in der Welt des modernen Jazz heute bekannte Namen. Jeder f\u00fcr sich hat in all den Jahren zig andere Ensembles und Projekte initiiert oder begleitet. Am l\u00e4ngsten \u00fcberdauert hat ihr kongeniales, nach den Namen ihrer Instrumente benanntes Trio. Leer stand gar nicht auf der Agenda der vielbesch\u00e4ftigten Musiker. Gefeiert werden sollte das Bandjubil\u00e4um auf Festivals, etwa im schweizerischen Willisau, in Chicago und in und um Groningen &hellip;","og_url":"https:\/\/www.jazzzeitung.de\/cms\/2017\/09\/der-einfache-weg-zum-jazz\/","og_site_name":"JazzZeitung","article_publisher":"https:\/\/www.facebook.com\/JazzZeitung\/","article_published_time":"2017-09-05T07:25:31+00:00","article_modified_time":"2017-09-13T07:10:48+00:00","og_image":[{"url":"https:\/\/www.jazzzeitung.de\/cms\/wp-content\/uploads\/2017\/09\/2016_08_21_folder_Bergin-Delius-Borghini1-150x150.jpg","type":"","width":"","height":""}],"author":"Redaktion JazzZeitung","schema":{"@context":"https:\/\/schema.org","@graph":[{"@type":"Article","@id":"https:\/\/www.jazzzeitung.de\/cms\/2017\/09\/der-einfache-weg-zum-jazz\/#article","isPartOf":{"@id":"https:\/\/www.jazzzeitung.de\/cms\/2017\/09\/der-einfache-weg-zum-jazz\/"},"author":{"name":"Redaktion JazzZeitung","@id":"https:\/\/www.jazzzeitung.de\/cms\/#\/schema\/person\/2245b36b9cd1d24cea10f01c031fb92b"},"headline":"Der einfache Weg zum Jazz","datePublished":"2017-09-05T07:25:31+00:00","dateModified":"2017-09-13T07:10:48+00:00","mainEntityOfPage":{"@id":"https:\/\/www.jazzzeitung.de\/cms\/2017\/09\/der-einfache-weg-zum-jazz\/"},"wordCount":434,"commentCount":0,"publisher":{"@id":"https:\/\/www.jazzzeitung.de\/cms\/#organization"},"image":{"@id":"https:\/\/www.jazzzeitung.de\/cms\/2017\/09\/der-einfache-weg-zum-jazz\/#primaryimage"},"thumbnailUrl":"https:\/\/www.jazzzeitung.de\/cms\/wp-content\/uploads\/2017\/09\/2016_08_21_folder_Bergin-Delius-Borghini1-150x150.jpg","keywords":["Blues","Chicago","Christian Lillinger","Festivals","Improvisation","Jazzgeschichte","Konzert","Swing","trio"],"articleSection":["Bericht"],"inLanguage":"de","potentialAction":[{"@type":"CommentAction","name":"Comment","target":["https:\/\/www.jazzzeitung.de\/cms\/2017\/09\/der-einfache-weg-zum-jazz\/#respond"]}]},{"@type":"WebPage","@id":"https:\/\/www.jazzzeitung.de\/cms\/2017\/09\/der-einfache-weg-zum-jazz\/","url":"https:\/\/www.jazzzeitung.de\/cms\/2017\/09\/der-einfache-weg-zum-jazz\/","name":"Der einfache Weg zum Jazz - JazzZeitung","isPartOf":{"@id":"https:\/\/www.jazzzeitung.de\/cms\/#website"},"primaryImageOfPage":{"@id":"https:\/\/www.jazzzeitung.de\/cms\/2017\/09\/der-einfache-weg-zum-jazz\/#primaryimage"},"image":{"@id":"https:\/\/www.jazzzeitung.de\/cms\/2017\/09\/der-einfache-weg-zum-jazz\/#primaryimage"},"thumbnailUrl":"https:\/\/www.jazzzeitung.de\/cms\/wp-content\/uploads\/2017\/09\/2016_08_21_folder_Bergin-Delius-Borghini1-150x150.jpg","datePublished":"2017-09-05T07:25:31+00:00","dateModified":"2017-09-13T07:10:48+00:00","breadcrumb":{"@id":"https:\/\/www.jazzzeitung.de\/cms\/2017\/09\/der-einfache-weg-zum-jazz\/#breadcrumb"},"inLanguage":"de","potentialAction":[{"@type":"ReadAction","target":["https:\/\/www.jazzzeitung.de\/cms\/2017\/09\/der-einfache-weg-zum-jazz\/"]}]},{"@type":"ImageObject","inLanguage":"de","@id":"https:\/\/www.jazzzeitung.de\/cms\/2017\/09\/der-einfache-weg-zum-jazz\/#primaryimage","url":"https:\/\/i0.wp.com\/www.jazzzeitung.de\/cms\/wp-content\/uploads\/2017\/09\/2016_08_21_folder_Bergin-Delius-Borghini1.jpg?fit=200%2C150&ssl=1","contentUrl":"https:\/\/i0.wp.com\/www.jazzzeitung.de\/cms\/wp-content\/uploads\/2017\/09\/2016_08_21_folder_Bergin-Delius-Borghini1.jpg?fit=200%2C150&ssl=1","width":200,"height":150},{"@type":"BreadcrumbList","@id":"https:\/\/www.jazzzeitung.de\/cms\/2017\/09\/der-einfache-weg-zum-jazz\/#breadcrumb","itemListElement":[{"@type":"ListItem","position":1,"name":"Startseite","item":"https:\/\/www.jazzzeitung.de\/cms\/"},{"@type":"ListItem","position":2,"name":"Der einfache Weg zum Jazz"}]},{"@type":"WebSite","@id":"https:\/\/www.jazzzeitung.de\/cms\/#website","url":"https:\/\/www.jazzzeitung.de\/cms\/","name":"JazzZeitung","description":"Jazz-News und Jazz-Kontroverses","publisher":{"@id":"https:\/\/www.jazzzeitung.de\/cms\/#organization"},"potentialAction":[{"@type":"SearchAction","target":{"@type":"EntryPoint","urlTemplate":"https:\/\/www.jazzzeitung.de\/cms\/?s={search_term_string}"},"query-input":{"@type":"PropertyValueSpecification","valueRequired":true,"valueName":"search_term_string"}}],"inLanguage":"de"},{"@type":"Organization","@id":"https:\/\/www.jazzzeitung.de\/cms\/#organization","name":"JazzZeitung online","url":"https:\/\/www.jazzzeitung.de\/cms\/","logo":{"@type":"ImageObject","inLanguage":"de","@id":"https:\/\/www.jazzzeitung.de\/cms\/#\/schema\/logo\/image\/","url":"https:\/\/i0.wp.com\/www.jazzzeitung.de\/cms\/wp-content\/uploads\/2015\/08\/JAZZZEITUNGDE_Logo_Neu.png?fit=499%2C200&ssl=1","contentUrl":"https:\/\/i0.wp.com\/www.jazzzeitung.de\/cms\/wp-content\/uploads\/2015\/08\/JAZZZEITUNGDE_Logo_Neu.png?fit=499%2C200&ssl=1","width":499,"height":200,"caption":"JazzZeitung online"},"image":{"@id":"https:\/\/www.jazzzeitung.de\/cms\/#\/schema\/logo\/image\/"},"sameAs":["https:\/\/www.facebook.com\/JazzZeitung\/"]},{"@type":"Person","@id":"https:\/\/www.jazzzeitung.de\/cms\/#\/schema\/person\/2245b36b9cd1d24cea10f01c031fb92b","name":"Redaktion JazzZeitung","image":{"@type":"ImageObject","inLanguage":"de","@id":"https:\/\/i0.wp.com\/www.jazzzeitung.de\/cms\/wp-content\/uploads\/2015\/08\/JAZZZEITUNGDE_Logo_Neu.png?resize=96%2C96&ssl=159975dcacb611b5700bd619b5daf0a7a","url":"https:\/\/i0.wp.com\/www.jazzzeitung.de\/cms\/wp-content\/uploads\/2015\/08\/JAZZZEITUNGDE_Logo_Neu.png?resize=96%2C96&ssl=1","contentUrl":"https:\/\/i0.wp.com\/www.jazzzeitung.de\/cms\/wp-content\/uploads\/2015\/08\/JAZZZEITUNGDE_Logo_Neu.png?resize=96%2C96&ssl=1","caption":"Redaktion JazzZeitung"},"description":"Artikel der Redaktion der JazzZeitung.","sameAs":["http:\/\/www.jazzzeitung.de\/cms\/"],"url":"https:\/\/www.jazzzeitung.de\/cms\/author\/redaktion\/"}]}},"wp-worthy-pixel":{"ignored":false,"public":null,"server":null,"url":null},"wp-worthy-type":"normal","jetpack_publicize_connections":[],"cc_featured_image_caption":{"caption_text":false,"source_text":false,"source_url":false},"jetpack_featured_media_url":"","jetpack_shortlink":"https:\/\/wp.me\/p3KEcT-3vt","jetpack-related-posts":[{"id":15562,"url":"https:\/\/www.jazzzeitung.de\/cms\/2018\/04\/newsjazzahead-2018-ganztaegige-fachtagung-improvisation-jazz-fuer-kinder\/","url_meta":{"origin":13483,"position":0},"title":"+++News+++jazzahead! 2018: Ganzt\u00e4gige Fachtagung \u201eImprovisation &#038; Jazz f\u00fcr Kinder&#8220;+++","author":"Redaktion JazzZeitung","date":"5. April 2018","format":false,"excerpt":"Im Rahmen der diesj\u00e4hrigen jazzahead! in Bremen findet am 19. April eine ganzt\u00e4ge Fachtagung zum Thema \u201eImprovisation & Jazz f\u00fcr Kinder\u201c statt. Hierzu kann man sich noch bis zum 12.04.2018 anmelden. Im Fokus stehen Improvisation und Jazz als an Kinder zu vermittelnde Praxis \u2013 ob im Schulensemble, im Musikunterricht, in\u2026","rel":"","context":"In &quot;News&quot;","block_context":{"text":"News","link":"https:\/\/www.jazzzeitung.de\/cms\/thema\/nachrichten\/"},"img":{"alt_text":"","src":"https:\/\/i0.wp.com\/www.jazzzeitung.de\/cms\/wp-content\/uploads\/2018\/04\/jazzahead2of3YXzJanRathke_MesseBremen.jpg?fit=1200%2C604&ssl=1&resize=350%2C200","width":350,"height":200,"srcset":"https:\/\/i0.wp.com\/www.jazzzeitung.de\/cms\/wp-content\/uploads\/2018\/04\/jazzahead2of3YXzJanRathke_MesseBremen.jpg?fit=1200%2C604&ssl=1&resize=350%2C200 1x, https:\/\/i0.wp.com\/www.jazzzeitung.de\/cms\/wp-content\/uploads\/2018\/04\/jazzahead2of3YXzJanRathke_MesseBremen.jpg?fit=1200%2C604&ssl=1&resize=525%2C300 1.5x, https:\/\/i0.wp.com\/www.jazzzeitung.de\/cms\/wp-content\/uploads\/2018\/04\/jazzahead2of3YXzJanRathke_MesseBremen.jpg?fit=1200%2C604&ssl=1&resize=700%2C400 2x, https:\/\/i0.wp.com\/www.jazzzeitung.de\/cms\/wp-content\/uploads\/2018\/04\/jazzahead2of3YXzJanRathke_MesseBremen.jpg?fit=1200%2C604&ssl=1&resize=1050%2C600 3x"},"classes":[]},{"id":17403,"url":"https:\/\/www.jazzzeitung.de\/cms\/2018\/10\/news-3-landesjazzfestival-bayern-in-wuerzburg-sebastian-gille-stoesst-zum-klaeng-jazzkollektiv-koeln-jazzclub-minden-gibt-konzertreihe-zum-jahresende-bekannt\/","url_meta":{"origin":13483,"position":1},"title":"+++ News +++ 3. Landesjazzfestival Bayern in W\u00fcrzburg  +++ Sebastian Gille st\u00f6\u00dft zum Klaeng Jazzkollektiv K\u00f6ln +++ Jazzclub Minden gibt Konzertreihe zum Jahresende bekannt +++","author":"Redaktion JazzZeitung","date":"13. Oktober 2018","format":false,"excerpt":"+++ 3. Landesjazzfestival Bayern in W\u00fcrzburg +++ Zum 34. Mal findet am 27. und 28. Oktober 2018 das W\u00fcrzburger Jazzfestival statt, das in diesem Jahr gleichzeitig als 3. bayerisches Landesjazzfestival des Bayerischen Jazzverbands fungiert. Unter dem Motto \"Jazz made in Germany\" l\u00e4dt die Jazz-Initiative W\u00fcrzburg ins Felix-Fechenbach-Haus, um regionale wie\u2026","rel":"","context":"In &quot;News&quot;","block_context":{"text":"News","link":"https:\/\/www.jazzzeitung.de\/cms\/thema\/nachrichten\/"},"img":{"alt_text":"","src":"https:\/\/i0.wp.com\/www.jazzzeitung.de\/cms\/wp-content\/uploads\/2018\/10\/Jazzfestival2018_siffling_1054x630-Laura_Carbone.jpg?fit=1054%2C630&ssl=1&resize=350%2C200","width":350,"height":200,"srcset":"https:\/\/i0.wp.com\/www.jazzzeitung.de\/cms\/wp-content\/uploads\/2018\/10\/Jazzfestival2018_siffling_1054x630-Laura_Carbone.jpg?fit=1054%2C630&ssl=1&resize=350%2C200 1x, https:\/\/i0.wp.com\/www.jazzzeitung.de\/cms\/wp-content\/uploads\/2018\/10\/Jazzfestival2018_siffling_1054x630-Laura_Carbone.jpg?fit=1054%2C630&ssl=1&resize=525%2C300 1.5x, https:\/\/i0.wp.com\/www.jazzzeitung.de\/cms\/wp-content\/uploads\/2018\/10\/Jazzfestival2018_siffling_1054x630-Laura_Carbone.jpg?fit=1054%2C630&ssl=1&resize=700%2C400 2x, https:\/\/i0.wp.com\/www.jazzzeitung.de\/cms\/wp-content\/uploads\/2018\/10\/Jazzfestival2018_siffling_1054x630-Laura_Carbone.jpg?fit=1054%2C630&ssl=1&resize=1050%2C600 3x"},"classes":[]},{"id":8643,"url":"https:\/\/www.jazzzeitung.de\/cms\/2016\/03\/news-zum-9-mal-jazzfestival-steyr-freiberger-jazztage-gehen-die-42-runde-konzert-im-zeichen-des-jazzmusikers-miles-davis-konzert-zum-internationalen-tag-des-jazz\/","url_meta":{"origin":13483,"position":2},"title":"+++ News +++ Jazzfestival Steyr startet zum 9. Mal +++ Freiberger Jazztage gehen in die 42. Runde +++ Konzert im Zeichen von Miles Davis +++ Konzert zum Internationalen Tag des Jazz +++","author":"Redaktion JazzZeitung","date":"8. M\u00e4rz 2016","format":false,"excerpt":"Jazz in \u00d6sterreich \u2013 zum 9. Mal startet das Jazzfestival Steyr Zum neunten Mal pr\u00e4sentieren sich zahlreiche internationale K\u00fcnstler auf den Festivalb\u00fchnen im \u00f6sterreichischen Steyr: Vom 17. bis zum 20. M\u00e4rz 2016 bietet das viert\u00e4gige Jazzfestival Steyr seinem Publikum jeden Tag drei unterschiedliche, spannende Acts, so unter anderem das John\u2026","rel":"","context":"In &quot;News&quot;","block_context":{"text":"News","link":"https:\/\/www.jazzzeitung.de\/cms\/thema\/nachrichten\/"},"img":{"alt_text":"","src":"https:\/\/i0.wp.com\/www.jazzzeitung.de\/cms\/wp-content\/uploads\/2016\/03\/image003.jpg?resize=350%2C200","width":350,"height":200,"srcset":"https:\/\/i0.wp.com\/www.jazzzeitung.de\/cms\/wp-content\/uploads\/2016\/03\/image003.jpg?resize=350%2C200 1x, https:\/\/i0.wp.com\/www.jazzzeitung.de\/cms\/wp-content\/uploads\/2016\/03\/image003.jpg?resize=525%2C300 1.5x, https:\/\/i0.wp.com\/www.jazzzeitung.de\/cms\/wp-content\/uploads\/2016\/03\/image003.jpg?resize=700%2C400 2x, https:\/\/i0.wp.com\/www.jazzzeitung.de\/cms\/wp-content\/uploads\/2016\/03\/image003.jpg?resize=1050%2C600 3x"},"classes":[]},{"id":11589,"url":"https:\/\/www.jazzzeitung.de\/cms\/2017\/01\/so-war-das-3-tage-jazz-in-saalfelden\/","url_meta":{"origin":13483,"position":3},"title":"So war das \u201e3 Tage Jazz\u201c in Saalfelden","author":"Redaktion JazzZeitung","date":"25. Januar 2017","format":false,"excerpt":"Fast 40 Jahre ist es her, als das heutige Jazzfestival Saalfelden unter dem Namen \"3 Tage Jazz\" 1978 seine Tore \u00f6ffnete. Nun im Jahr 2017 konnte man schon zum zweiten Mal den unkonventionellen Jazzt\u00f6nen auch im Winter lauschen und so pr\u00e4sentierten wir beim \u201e3 Tage Jazz\u201c von 20.\u00a0 bis 22.\u2026","rel":"","context":"In &quot;Bericht&quot;","block_context":{"text":"Bericht","link":"https:\/\/www.jazzzeitung.de\/cms\/thema\/bericht\/"},"img":{"alt_text":"","src":"https:\/\/i0.wp.com\/www.jazzzeitung.de\/cms\/wp-content\/uploads\/2017\/01\/Gianluigi-Trovesi-%C2%A9-Michael-Gei%C3%9Fler-150x150.jpg?resize=350%2C200","width":350,"height":200},"classes":[]},{"id":8591,"url":"https:\/\/www.jazzzeitung.de\/cms\/2016\/03\/das-festival-jazz-city-salzburg-hat-eine-neue-intendantin\/","url_meta":{"origin":13483,"position":4},"title":"+++ News +++ Neue Intendantin des Festival Jazz &#038; The City Salzburg +++ Julia H\u00fclsmann gewinnt SWR-Jazzpreis +++ Der Flamenco erobert Ottobrunn +++ Wochenendkurse f\u00fcr Jazz-Violine +++","author":"Redaktion JazzZeitung","date":"3. M\u00e4rz 2016","format":false,"excerpt":"Das Festival Jazz & The City Salzburg hat eine neue Intendantin Das Jazz, World & Electronic Music Festival Jazz & The City Salzburg hat eine neue k\u00fcnstlerische Leiterin: Tina Heine aus Hamburg tritt die Nachfolge von Gerhard Eder an. Die Mitbegr\u00fcnderin des Elbjazz Festivals wird in diesem Jahr von 19.\u2026","rel":"","context":"In &quot;News&quot;","block_context":{"text":"News","link":"https:\/\/www.jazzzeitung.de\/cms\/thema\/nachrichten\/"},"img":{"alt_text":"Tina Heine, Intendantin, Jazz & the City Salzburg. (c)wildbild","src":"https:\/\/i0.wp.com\/www.jazzzeitung.de\/cms\/wp-content\/uploads\/2016\/03\/image8606-150x150.jpg?resize=350%2C200","width":350,"height":200},"classes":[]},{"id":6451,"url":"https:\/\/www.jazzzeitung.de\/cms\/2015\/06\/eher-selten-philosophisches-nachdenken-ueber-jazz\/","url_meta":{"origin":13483,"position":5},"title":"Eher selten: Philosophisches Nachdenken \u00fcber Jazz","author":"Peter Ortmann","date":"23. Juni 2015","format":false,"excerpt":"Daniel Martin Feige versucht es in seiner \u201ePhilosophie des Jazz\u201c \u2013 ein spannendes Unterfangen \u2013 nicht ganz ohne Risiko. Feige kontrastiert die Europ\u00e4ische Kunstmusik mit dem Jazz, mit improvisierter Musik, aber auch mit der so genannten Neuen Musik, allerdings von vornherein unter der Voraussetzung der Zugeh\u00f6rigkeit des Jazz zur Europ\u00e4ischen\u2026","rel":"","context":"In &quot;Blog&quot;","block_context":{"text":"Blog","link":"https:\/\/www.jazzzeitung.de\/cms\/thema\/blog\/"},"img":{"alt_text":"cover_feige_quadrat","src":"https:\/\/i0.wp.com\/www.jazzzeitung.de\/cms\/wp-content\/uploads\/2015\/06\/cover_feige_quadrat-150x150.jpg?resize=350%2C200","width":350,"height":200},"classes":[]}],"jetpack_sharing_enabled":true,"_links":{"self":[{"href":"https:\/\/www.jazzzeitung.de\/cms\/wp-json\/wp\/v2\/posts\/13483","targetHints":{"allow":["GET"]}}],"collection":[{"href":"https:\/\/www.jazzzeitung.de\/cms\/wp-json\/wp\/v2\/posts"}],"about":[{"href":"https:\/\/www.jazzzeitung.de\/cms\/wp-json\/wp\/v2\/types\/post"}],"author":[{"embeddable":true,"href":"https:\/\/www.jazzzeitung.de\/cms\/wp-json\/wp\/v2\/users\/18"}],"replies":[{"embeddable":true,"href":"https:\/\/www.jazzzeitung.de\/cms\/wp-json\/wp\/v2\/comments?post=13483"}],"version-history":[{"count":4,"href":"https:\/\/www.jazzzeitung.de\/cms\/wp-json\/wp\/v2\/posts\/13483\/revisions"}],"predecessor-version":[{"id":13512,"href":"https:\/\/www.jazzzeitung.de\/cms\/wp-json\/wp\/v2\/posts\/13483\/revisions\/13512"}],"wp:attachment":[{"href":"https:\/\/www.jazzzeitung.de\/cms\/wp-json\/wp\/v2\/media?parent=13483"}],"wp:term":[{"taxonomy":"category","embeddable":true,"href":"https:\/\/www.jazzzeitung.de\/cms\/wp-json\/wp\/v2\/categories?post=13483"},{"taxonomy":"post_tag","embeddable":true,"href":"https:\/\/www.jazzzeitung.de\/cms\/wp-json\/wp\/v2\/tags?post=13483"},{"taxonomy":"author","embeddable":true,"href":"https:\/\/www.jazzzeitung.de\/cms\/wp-json\/wp\/v2\/coauthors?post=13483"}],"curies":[{"name":"wp","href":"https:\/\/api.w.org\/{rel}","templated":true}]}}