{"id":13480,"date":"2017-09-08T09:20:34","date_gmt":"2017-09-08T07:20:34","guid":{"rendered":"https:\/\/www.jazzzeitung.de\/cms\/?p=13480"},"modified":"2017-09-04T16:29:44","modified_gmt":"2017-09-04T14:29:44","slug":"vorsingen-2017-bei-den-young-voices-brandenburg","status":"publish","type":"post","link":"https:\/\/www.jazzzeitung.de\/cms\/2017\/09\/vorsingen-2017-bei-den-young-voices-brandenburg\/","title":{"rendered":"Vorsingen 2017 bei den Young Voices Brandenburg"},"content":{"rendered":"<figure id=\"attachment_13481\" aria-describedby=\"caption-attachment-13481\" style=\"width: 150px\" class=\"wp-caption alignright\"><a href=\"https:\/\/i0.wp.com\/www.jazzzeitung.de\/cms\/wp-content\/uploads\/2017\/09\/YVB2015_03-300x200.jpg?ssl=1\"><img data-recalc-dims=\"1\" loading=\"lazy\" decoding=\"async\" data-attachment-id=\"13481\" data-permalink=\"https:\/\/www.jazzzeitung.de\/cms\/2017\/09\/vorsingen-2017-bei-den-young-voices-brandenburg\/yvb2015_03-300x200\/\" data-orig-file=\"https:\/\/i0.wp.com\/www.jazzzeitung.de\/cms\/wp-content\/uploads\/2017\/09\/YVB2015_03-300x200.jpg?fit=300%2C200&amp;ssl=1\" data-orig-size=\"300,200\" data-comments-opened=\"1\" data-image-meta=\"{&quot;aperture&quot;:&quot;0&quot;,&quot;credit&quot;:&quot;&quot;,&quot;camera&quot;:&quot;&quot;,&quot;caption&quot;:&quot;&quot;,&quot;created_timestamp&quot;:&quot;0&quot;,&quot;copyright&quot;:&quot;&quot;,&quot;focal_length&quot;:&quot;0&quot;,&quot;iso&quot;:&quot;0&quot;,&quot;shutter_speed&quot;:&quot;0&quot;,&quot;title&quot;:&quot;&quot;,&quot;orientation&quot;:&quot;0&quot;}\" data-image-title=\"YVB2015_03-300&amp;#215;200\" data-image-description=\"\" data-image-caption=\"\" data-large-file=\"https:\/\/i0.wp.com\/www.jazzzeitung.de\/cms\/wp-content\/uploads\/2017\/09\/YVB2015_03-300x200.jpg?fit=300%2C200&amp;ssl=1\" class=\"wp-image-13481 size-thumbnail\" src=\"https:\/\/i0.wp.com\/www.jazzzeitung.de\/cms\/wp-content\/uploads\/2017\/09\/YVB2015_03-300x200.jpg?resize=150%2C150&#038;ssl=1\" alt=\"\" width=\"150\" height=\"150\" srcset=\"https:\/\/i0.wp.com\/www.jazzzeitung.de\/cms\/wp-content\/uploads\/2017\/09\/YVB2015_03-300x200.jpg?resize=150%2C150&amp;ssl=1 150w, https:\/\/i0.wp.com\/www.jazzzeitung.de\/cms\/wp-content\/uploads\/2017\/09\/YVB2015_03-300x200.jpg?resize=144%2C144&amp;ssl=1 144w, https:\/\/i0.wp.com\/www.jazzzeitung.de\/cms\/wp-content\/uploads\/2017\/09\/YVB2015_03-300x200.jpg?resize=96%2C96&amp;ssl=1 96w, https:\/\/i0.wp.com\/www.jazzzeitung.de\/cms\/wp-content\/uploads\/2017\/09\/YVB2015_03-300x200.jpg?resize=24%2C24&amp;ssl=1 24w, https:\/\/i0.wp.com\/www.jazzzeitung.de\/cms\/wp-content\/uploads\/2017\/09\/YVB2015_03-300x200.jpg?resize=36%2C36&amp;ssl=1 36w, https:\/\/i0.wp.com\/www.jazzzeitung.de\/cms\/wp-content\/uploads\/2017\/09\/YVB2015_03-300x200.jpg?resize=48%2C48&amp;ssl=1 48w, https:\/\/i0.wp.com\/www.jazzzeitung.de\/cms\/wp-content\/uploads\/2017\/09\/YVB2015_03-300x200.jpg?resize=64%2C64&amp;ssl=1 64w, https:\/\/i0.wp.com\/www.jazzzeitung.de\/cms\/wp-content\/uploads\/2017\/09\/YVB2015_03-300x200.jpg?resize=32%2C32&amp;ssl=1 32w, https:\/\/i0.wp.com\/www.jazzzeitung.de\/cms\/wp-content\/uploads\/2017\/09\/YVB2015_03-300x200.jpg?resize=50%2C50&amp;ssl=1 50w, https:\/\/i0.wp.com\/www.jazzzeitung.de\/cms\/wp-content\/uploads\/2017\/09\/YVB2015_03-300x200.jpg?resize=128%2C128&amp;ssl=1 128w, https:\/\/i0.wp.com\/www.jazzzeitung.de\/cms\/wp-content\/uploads\/2017\/09\/YVB2015_03-300x200.jpg?zoom=2&amp;resize=150%2C150&amp;ssl=1 300w\" sizes=\"auto, (max-width: 150px) 100vw, 150px\" \/><\/a><figcaption id=\"caption-attachment-13481\" class=\"wp-caption-text\">Young Voices Brandenburg<\/figcaption><\/figure>\n<p>Die 20 besten jungen S\u00e4nger*innen Brandenburgs treffen bei den\u00a0 YOUNG VOICES BRANDENBURG aufeinander. Sie erlernen unter der Leitung des Berliner Jazz- und Pops\u00e4ngers Prof. Marc Secara anspruchsvolle Chors\u00e4tze und arbeiten in einem professionellen Umfeld an ihrer Stimme und ihrem k\u00fcnstlerischen Auftritt.<\/p>\n<p>Nun ist es wieder soweit:\u00a0Im Oktober finden die landesweiten Vorsingen statt und junge Nachwuchss\u00e4nger*innen k\u00f6nnen sich wieder bewerben, um in dem Landesjugendjazz- und popchor \u2013 den YOUNG VOICES BRANDENBURG aufgenommen zu werden. Interessierte Teilnehmer*innen zwischen 14 und 22 Jahren k\u00f6nnen sich zu dem Vorsingen anmelden. Der Aufruf richtet sich an alle jungen S\u00e4nger*innen, die auf hohem Niveau ihr Talent ausbauen m\u00f6chten. Diejenigen, die es in das herausragende Nachwuchsensemble schaffen, erwartet eine CD-Produktion, Konzerte und Auslandstourneen. N\u00e4here Informationen zu den Anforderungen und Anmeldung unter www.youngvoicesbrandenburg.de oder per E-Mail an garke@vdmkbrandenburg.de<\/p>\n<p>Die aktuelle CD \u201eSound of home\u201c ist bereits die siebte CD-Produktion der YOUNG VOICES BRANDENBURG (zu bestellen beim Verband der Musik- und Kunstschulen Brandenburg e. V., Schiffbauergasse 4b, 14467 Potsdam, Kosten 10 Eur zzgl. Versand) oder bei I-Tunes. Termine Vorsingen 2017: 14. Oktober F\u00fcrstenwalde, 15. Oktober Falkensee, 20. Oktober Rheinsberg<\/p>\n<p><a href=\"http:\/\/www.youngvoicesbrandenburg.de\">www.youngvoicesbrandenburg.de <\/a><\/p>\n","protected":false},"excerpt":{"rendered":"<p>Die 20 besten jungen S\u00e4nger*innen Brandenburgs treffen bei den\u00a0 YOUNG VOICES BRANDENBURG aufeinander. Sie erlernen unter der Leitung des Berliner Jazz- und Pops\u00e4ngers Prof. Marc Secara anspruchsvolle Chors\u00e4tze und arbeiten in einem professionellen Umfeld an ihrer Stimme und ihrem k\u00fcnstlerischen Auftritt. Nun ist es wieder soweit:\u00a0Im Oktober finden die landesweiten Vorsingen statt und junge Nachwuchss\u00e4nger*innen k\u00f6nnen sich wieder bewerben, um in dem Landesjugendjazz- und popchor \u2013 den YOUNG VOICES BRANDENBURG aufgenommen zu werden. Interessierte Teilnehmer*innen zwischen 14 und 22 Jahren k\u00f6nnen sich zu dem Vorsingen anmelden. Der Aufruf richtet sich an alle jungen S\u00e4nger*innen, die auf hohem Niveau ihr Talent ausbauen m\u00f6chten. Diejenigen, die es in das herausragende Nachwuchsensemble schaffen, erwartet eine CD-Produktion, Konzerte und Auslandstourneen. N\u00e4here Informationen zu den Anforderungen und Anmeldung unter www.youngvoicesbrandenburg.de oder per E-Mail an garke@vdmkbrandenburg.de Die aktuelle CD \u201eSound of home\u201c ist bereits die siebte CD-Produktion der YOUNG VOICES BRANDENBURG (zu bestellen beim Verband der Musik- und Kunstschulen Brandenburg e. V., Schiffbauergasse 4b, 14467 Potsdam, Kosten 10 Eur zzgl. Versand) oder bei I-Tunes. Termine Vorsingen 2017: 14. Oktober F\u00fcrstenwalde, 15. Oktober Falkensee, 20. Oktober Rheinsberg www.youngvoicesbrandenburg.de<\/p>\n","protected":false},"author":18,"featured_media":0,"comment_status":"open","ping_status":"closed","sticky":false,"template":"","format":"standard","meta":{"_jetpack_memberships_contains_paid_content":false,"footnotes":"","jetpack_publicize_message":"","jetpack_publicize_feature_enabled":true,"jetpack_social_post_already_shared":false,"jetpack_social_options":{"image_generator_settings":{"template":"highway","default_image_id":0,"font":"","enabled":false},"version":2}},"categories":[633],"tags":[109,323,773,971],"coauthors":[695],"class_list":["post-13480","post","type-post","status-publish","format-standard","hentry","category-nachrichten","tag-cd","tag-konzerte","tag-mail","tag-potsdam"],"yoast_head":"<!-- This site is optimized with the Yoast SEO plugin v27.5 - https:\/\/yoast.com\/product\/yoast-seo-wordpress\/ -->\n<title>Vorsingen 2017 bei den Young Voices Brandenburg - JazzZeitung<\/title>\n<meta name=\"robots\" content=\"index, follow, max-snippet:-1, max-image-preview:large, max-video-preview:-1\" \/>\n<link rel=\"canonical\" href=\"https:\/\/www.jazzzeitung.de\/cms\/2017\/09\/vorsingen-2017-bei-den-young-voices-brandenburg\/\" \/>\n<meta property=\"og:locale\" content=\"de_DE\" \/>\n<meta property=\"og:type\" content=\"article\" \/>\n<meta property=\"og:title\" content=\"Vorsingen 2017 bei den Young Voices Brandenburg - JazzZeitung\" \/>\n<meta property=\"og:description\" content=\"Die 20 besten jungen S\u00e4nger*innen Brandenburgs treffen bei den\u00a0 YOUNG VOICES BRANDENBURG aufeinander. Sie erlernen unter der Leitung des Berliner Jazz- und Pops\u00e4ngers Prof. Marc Secara anspruchsvolle Chors\u00e4tze und arbeiten in einem professionellen Umfeld an ihrer Stimme und ihrem k\u00fcnstlerischen Auftritt. Nun ist es wieder soweit:\u00a0Im Oktober finden die landesweiten Vorsingen statt und junge Nachwuchss\u00e4nger*innen k\u00f6nnen sich wieder bewerben, um in dem Landesjugendjazz- und popchor \u2013 den YOUNG VOICES BRANDENBURG aufgenommen zu werden. Interessierte Teilnehmer*innen zwischen 14 und 22 Jahren k\u00f6nnen sich zu dem Vorsingen anmelden. Der Aufruf richtet sich an alle jungen S\u00e4nger*innen, die auf hohem Niveau ihr Talent ausbauen m\u00f6chten. Diejenigen, die es in das herausragende Nachwuchsensemble schaffen, erwartet eine CD-Produktion, Konzerte und Auslandstourneen. N\u00e4here Informationen zu den Anforderungen und Anmeldung unter www.youngvoicesbrandenburg.de oder per E-Mail an garke@vdmkbrandenburg.de Die aktuelle CD \u201eSound of home\u201c ist bereits die siebte CD-Produktion der YOUNG VOICES BRANDENBURG (zu bestellen beim Verband der Musik- und Kunstschulen Brandenburg e. V., Schiffbauergasse 4b, 14467 Potsdam, Kosten 10 Eur zzgl. Versand) oder bei I-Tunes. Termine Vorsingen 2017: 14. Oktober F\u00fcrstenwalde, 15. Oktober Falkensee, 20. Oktober Rheinsberg www.youngvoicesbrandenburg.de\" \/>\n<meta property=\"og:url\" content=\"https:\/\/www.jazzzeitung.de\/cms\/2017\/09\/vorsingen-2017-bei-den-young-voices-brandenburg\/\" \/>\n<meta property=\"og:site_name\" content=\"JazzZeitung\" \/>\n<meta property=\"article:publisher\" content=\"https:\/\/www.facebook.com\/JazzZeitung\/\" \/>\n<meta property=\"article:published_time\" content=\"2017-09-08T07:20:34+00:00\" \/>\n<meta property=\"og:image\" content=\"https:\/\/www.jazzzeitung.de\/cms\/wp-content\/uploads\/2017\/09\/YVB2015_03-300x200-150x150.jpg\" \/>\n<meta name=\"author\" content=\"Redaktion JazzZeitung\" \/>\n<script type=\"application\/ld+json\" class=\"yoast-schema-graph\">{\"@context\":\"https:\\\/\\\/schema.org\",\"@graph\":[{\"@type\":\"Article\",\"@id\":\"https:\\\/\\\/www.jazzzeitung.de\\\/cms\\\/2017\\\/09\\\/vorsingen-2017-bei-den-young-voices-brandenburg\\\/#article\",\"isPartOf\":{\"@id\":\"https:\\\/\\\/www.jazzzeitung.de\\\/cms\\\/2017\\\/09\\\/vorsingen-2017-bei-den-young-voices-brandenburg\\\/\"},\"author\":{\"name\":\"Redaktion JazzZeitung\",\"@id\":\"https:\\\/\\\/www.jazzzeitung.de\\\/cms\\\/#\\\/schema\\\/person\\\/2245b36b9cd1d24cea10f01c031fb92b\"},\"headline\":\"Vorsingen 2017 bei den Young Voices Brandenburg\",\"datePublished\":\"2017-09-08T07:20:34+00:00\",\"mainEntityOfPage\":{\"@id\":\"https:\\\/\\\/www.jazzzeitung.de\\\/cms\\\/2017\\\/09\\\/vorsingen-2017-bei-den-young-voices-brandenburg\\\/\"},\"wordCount\":209,\"commentCount\":0,\"publisher\":{\"@id\":\"https:\\\/\\\/www.jazzzeitung.de\\\/cms\\\/#organization\"},\"image\":{\"@id\":\"https:\\\/\\\/www.jazzzeitung.de\\\/cms\\\/2017\\\/09\\\/vorsingen-2017-bei-den-young-voices-brandenburg\\\/#primaryimage\"},\"thumbnailUrl\":\"https:\\\/\\\/www.jazzzeitung.de\\\/cms\\\/wp-content\\\/uploads\\\/2017\\\/09\\\/YVB2015_03-300x200-150x150.jpg\",\"keywords\":[\"CD\",\"Konzerte\",\"mail\",\"Potsdam\"],\"articleSection\":[\"News\"],\"inLanguage\":\"de\",\"potentialAction\":[{\"@type\":\"CommentAction\",\"name\":\"Comment\",\"target\":[\"https:\\\/\\\/www.jazzzeitung.de\\\/cms\\\/2017\\\/09\\\/vorsingen-2017-bei-den-young-voices-brandenburg\\\/#respond\"]}]},{\"@type\":\"WebPage\",\"@id\":\"https:\\\/\\\/www.jazzzeitung.de\\\/cms\\\/2017\\\/09\\\/vorsingen-2017-bei-den-young-voices-brandenburg\\\/\",\"url\":\"https:\\\/\\\/www.jazzzeitung.de\\\/cms\\\/2017\\\/09\\\/vorsingen-2017-bei-den-young-voices-brandenburg\\\/\",\"name\":\"Vorsingen 2017 bei den Young Voices Brandenburg - JazzZeitung\",\"isPartOf\":{\"@id\":\"https:\\\/\\\/www.jazzzeitung.de\\\/cms\\\/#website\"},\"primaryImageOfPage\":{\"@id\":\"https:\\\/\\\/www.jazzzeitung.de\\\/cms\\\/2017\\\/09\\\/vorsingen-2017-bei-den-young-voices-brandenburg\\\/#primaryimage\"},\"image\":{\"@id\":\"https:\\\/\\\/www.jazzzeitung.de\\\/cms\\\/2017\\\/09\\\/vorsingen-2017-bei-den-young-voices-brandenburg\\\/#primaryimage\"},\"thumbnailUrl\":\"https:\\\/\\\/www.jazzzeitung.de\\\/cms\\\/wp-content\\\/uploads\\\/2017\\\/09\\\/YVB2015_03-300x200-150x150.jpg\",\"datePublished\":\"2017-09-08T07:20:34+00:00\",\"breadcrumb\":{\"@id\":\"https:\\\/\\\/www.jazzzeitung.de\\\/cms\\\/2017\\\/09\\\/vorsingen-2017-bei-den-young-voices-brandenburg\\\/#breadcrumb\"},\"inLanguage\":\"de\",\"potentialAction\":[{\"@type\":\"ReadAction\",\"target\":[\"https:\\\/\\\/www.jazzzeitung.de\\\/cms\\\/2017\\\/09\\\/vorsingen-2017-bei-den-young-voices-brandenburg\\\/\"]}]},{\"@type\":\"ImageObject\",\"inLanguage\":\"de\",\"@id\":\"https:\\\/\\\/www.jazzzeitung.de\\\/cms\\\/2017\\\/09\\\/vorsingen-2017-bei-den-young-voices-brandenburg\\\/#primaryimage\",\"url\":\"https:\\\/\\\/i0.wp.com\\\/www.jazzzeitung.de\\\/cms\\\/wp-content\\\/uploads\\\/2017\\\/09\\\/YVB2015_03-300x200.jpg?fit=300%2C200&ssl=1\",\"contentUrl\":\"https:\\\/\\\/i0.wp.com\\\/www.jazzzeitung.de\\\/cms\\\/wp-content\\\/uploads\\\/2017\\\/09\\\/YVB2015_03-300x200.jpg?fit=300%2C200&ssl=1\",\"width\":300,\"height\":200},{\"@type\":\"BreadcrumbList\",\"@id\":\"https:\\\/\\\/www.jazzzeitung.de\\\/cms\\\/2017\\\/09\\\/vorsingen-2017-bei-den-young-voices-brandenburg\\\/#breadcrumb\",\"itemListElement\":[{\"@type\":\"ListItem\",\"position\":1,\"name\":\"Startseite\",\"item\":\"https:\\\/\\\/www.jazzzeitung.de\\\/cms\\\/\"},{\"@type\":\"ListItem\",\"position\":2,\"name\":\"Vorsingen 2017 bei den Young Voices Brandenburg\"}]},{\"@type\":\"WebSite\",\"@id\":\"https:\\\/\\\/www.jazzzeitung.de\\\/cms\\\/#website\",\"url\":\"https:\\\/\\\/www.jazzzeitung.de\\\/cms\\\/\",\"name\":\"JazzZeitung\",\"description\":\"Jazz-News und Jazz-Kontroverses\",\"publisher\":{\"@id\":\"https:\\\/\\\/www.jazzzeitung.de\\\/cms\\\/#organization\"},\"potentialAction\":[{\"@type\":\"SearchAction\",\"target\":{\"@type\":\"EntryPoint\",\"urlTemplate\":\"https:\\\/\\\/www.jazzzeitung.de\\\/cms\\\/?s={search_term_string}\"},\"query-input\":{\"@type\":\"PropertyValueSpecification\",\"valueRequired\":true,\"valueName\":\"search_term_string\"}}],\"inLanguage\":\"de\"},{\"@type\":\"Organization\",\"@id\":\"https:\\\/\\\/www.jazzzeitung.de\\\/cms\\\/#organization\",\"name\":\"JazzZeitung online\",\"url\":\"https:\\\/\\\/www.jazzzeitung.de\\\/cms\\\/\",\"logo\":{\"@type\":\"ImageObject\",\"inLanguage\":\"de\",\"@id\":\"https:\\\/\\\/www.jazzzeitung.de\\\/cms\\\/#\\\/schema\\\/logo\\\/image\\\/\",\"url\":\"https:\\\/\\\/i0.wp.com\\\/www.jazzzeitung.de\\\/cms\\\/wp-content\\\/uploads\\\/2015\\\/08\\\/JAZZZEITUNGDE_Logo_Neu.png?fit=499%2C200&ssl=1\",\"contentUrl\":\"https:\\\/\\\/i0.wp.com\\\/www.jazzzeitung.de\\\/cms\\\/wp-content\\\/uploads\\\/2015\\\/08\\\/JAZZZEITUNGDE_Logo_Neu.png?fit=499%2C200&ssl=1\",\"width\":499,\"height\":200,\"caption\":\"JazzZeitung online\"},\"image\":{\"@id\":\"https:\\\/\\\/www.jazzzeitung.de\\\/cms\\\/#\\\/schema\\\/logo\\\/image\\\/\"},\"sameAs\":[\"https:\\\/\\\/www.facebook.com\\\/JazzZeitung\\\/\"]},{\"@type\":\"Person\",\"@id\":\"https:\\\/\\\/www.jazzzeitung.de\\\/cms\\\/#\\\/schema\\\/person\\\/2245b36b9cd1d24cea10f01c031fb92b\",\"name\":\"Redaktion JazzZeitung\",\"image\":{\"@type\":\"ImageObject\",\"inLanguage\":\"de\",\"@id\":\"https:\\\/\\\/i0.wp.com\\\/www.jazzzeitung.de\\\/cms\\\/wp-content\\\/uploads\\\/2015\\\/08\\\/JAZZZEITUNGDE_Logo_Neu.png?resize=96%2C96&ssl=159975dcacb611b5700bd619b5daf0a7a\",\"url\":\"https:\\\/\\\/i0.wp.com\\\/www.jazzzeitung.de\\\/cms\\\/wp-content\\\/uploads\\\/2015\\\/08\\\/JAZZZEITUNGDE_Logo_Neu.png?resize=96%2C96&ssl=1\",\"contentUrl\":\"https:\\\/\\\/i0.wp.com\\\/www.jazzzeitung.de\\\/cms\\\/wp-content\\\/uploads\\\/2015\\\/08\\\/JAZZZEITUNGDE_Logo_Neu.png?resize=96%2C96&ssl=1\",\"caption\":\"Redaktion JazzZeitung\"},\"description\":\"Artikel der Redaktion der JazzZeitung.\",\"sameAs\":[\"http:\\\/\\\/www.jazzzeitung.de\\\/cms\\\/\"],\"url\":\"https:\\\/\\\/www.jazzzeitung.de\\\/cms\\\/author\\\/redaktion\\\/\"}]}<\/script>\n<!-- \/ Yoast SEO plugin. -->","yoast_head_json":{"title":"Vorsingen 2017 bei den Young Voices Brandenburg - JazzZeitung","robots":{"index":"index","follow":"follow","max-snippet":"max-snippet:-1","max-image-preview":"max-image-preview:large","max-video-preview":"max-video-preview:-1"},"canonical":"https:\/\/www.jazzzeitung.de\/cms\/2017\/09\/vorsingen-2017-bei-den-young-voices-brandenburg\/","og_locale":"de_DE","og_type":"article","og_title":"Vorsingen 2017 bei den Young Voices Brandenburg - JazzZeitung","og_description":"Die 20 besten jungen S\u00e4nger*innen Brandenburgs treffen bei den\u00a0 YOUNG VOICES BRANDENBURG aufeinander. Sie erlernen unter der Leitung des Berliner Jazz- und Pops\u00e4ngers Prof. Marc Secara anspruchsvolle Chors\u00e4tze und arbeiten in einem professionellen Umfeld an ihrer Stimme und ihrem k\u00fcnstlerischen Auftritt. Nun ist es wieder soweit:\u00a0Im Oktober finden die landesweiten Vorsingen statt und junge Nachwuchss\u00e4nger*innen k\u00f6nnen sich wieder bewerben, um in dem Landesjugendjazz- und popchor \u2013 den YOUNG VOICES BRANDENBURG aufgenommen zu werden. Interessierte Teilnehmer*innen zwischen 14 und 22 Jahren k\u00f6nnen sich zu dem Vorsingen anmelden. Der Aufruf richtet sich an alle jungen S\u00e4nger*innen, die auf hohem Niveau ihr Talent ausbauen m\u00f6chten. Diejenigen, die es in das herausragende Nachwuchsensemble schaffen, erwartet eine CD-Produktion, Konzerte und Auslandstourneen. N\u00e4here Informationen zu den Anforderungen und Anmeldung unter www.youngvoicesbrandenburg.de oder per E-Mail an garke@vdmkbrandenburg.de Die aktuelle CD \u201eSound of home\u201c ist bereits die siebte CD-Produktion der YOUNG VOICES BRANDENBURG (zu bestellen beim Verband der Musik- und Kunstschulen Brandenburg e. V., Schiffbauergasse 4b, 14467 Potsdam, Kosten 10 Eur zzgl. Versand) oder bei I-Tunes. Termine Vorsingen 2017: 14. Oktober F\u00fcrstenwalde, 15. Oktober Falkensee, 20. Oktober Rheinsberg www.youngvoicesbrandenburg.de","og_url":"https:\/\/www.jazzzeitung.de\/cms\/2017\/09\/vorsingen-2017-bei-den-young-voices-brandenburg\/","og_site_name":"JazzZeitung","article_publisher":"https:\/\/www.facebook.com\/JazzZeitung\/","article_published_time":"2017-09-08T07:20:34+00:00","og_image":[{"url":"https:\/\/www.jazzzeitung.de\/cms\/wp-content\/uploads\/2017\/09\/YVB2015_03-300x200-150x150.jpg","type":"","width":"","height":""}],"author":"Redaktion JazzZeitung","schema":{"@context":"https:\/\/schema.org","@graph":[{"@type":"Article","@id":"https:\/\/www.jazzzeitung.de\/cms\/2017\/09\/vorsingen-2017-bei-den-young-voices-brandenburg\/#article","isPartOf":{"@id":"https:\/\/www.jazzzeitung.de\/cms\/2017\/09\/vorsingen-2017-bei-den-young-voices-brandenburg\/"},"author":{"name":"Redaktion JazzZeitung","@id":"https:\/\/www.jazzzeitung.de\/cms\/#\/schema\/person\/2245b36b9cd1d24cea10f01c031fb92b"},"headline":"Vorsingen 2017 bei den Young Voices Brandenburg","datePublished":"2017-09-08T07:20:34+00:00","mainEntityOfPage":{"@id":"https:\/\/www.jazzzeitung.de\/cms\/2017\/09\/vorsingen-2017-bei-den-young-voices-brandenburg\/"},"wordCount":209,"commentCount":0,"publisher":{"@id":"https:\/\/www.jazzzeitung.de\/cms\/#organization"},"image":{"@id":"https:\/\/www.jazzzeitung.de\/cms\/2017\/09\/vorsingen-2017-bei-den-young-voices-brandenburg\/#primaryimage"},"thumbnailUrl":"https:\/\/www.jazzzeitung.de\/cms\/wp-content\/uploads\/2017\/09\/YVB2015_03-300x200-150x150.jpg","keywords":["CD","Konzerte","mail","Potsdam"],"articleSection":["News"],"inLanguage":"de","potentialAction":[{"@type":"CommentAction","name":"Comment","target":["https:\/\/www.jazzzeitung.de\/cms\/2017\/09\/vorsingen-2017-bei-den-young-voices-brandenburg\/#respond"]}]},{"@type":"WebPage","@id":"https:\/\/www.jazzzeitung.de\/cms\/2017\/09\/vorsingen-2017-bei-den-young-voices-brandenburg\/","url":"https:\/\/www.jazzzeitung.de\/cms\/2017\/09\/vorsingen-2017-bei-den-young-voices-brandenburg\/","name":"Vorsingen 2017 bei den Young Voices Brandenburg - JazzZeitung","isPartOf":{"@id":"https:\/\/www.jazzzeitung.de\/cms\/#website"},"primaryImageOfPage":{"@id":"https:\/\/www.jazzzeitung.de\/cms\/2017\/09\/vorsingen-2017-bei-den-young-voices-brandenburg\/#primaryimage"},"image":{"@id":"https:\/\/www.jazzzeitung.de\/cms\/2017\/09\/vorsingen-2017-bei-den-young-voices-brandenburg\/#primaryimage"},"thumbnailUrl":"https:\/\/www.jazzzeitung.de\/cms\/wp-content\/uploads\/2017\/09\/YVB2015_03-300x200-150x150.jpg","datePublished":"2017-09-08T07:20:34+00:00","breadcrumb":{"@id":"https:\/\/www.jazzzeitung.de\/cms\/2017\/09\/vorsingen-2017-bei-den-young-voices-brandenburg\/#breadcrumb"},"inLanguage":"de","potentialAction":[{"@type":"ReadAction","target":["https:\/\/www.jazzzeitung.de\/cms\/2017\/09\/vorsingen-2017-bei-den-young-voices-brandenburg\/"]}]},{"@type":"ImageObject","inLanguage":"de","@id":"https:\/\/www.jazzzeitung.de\/cms\/2017\/09\/vorsingen-2017-bei-den-young-voices-brandenburg\/#primaryimage","url":"https:\/\/i0.wp.com\/www.jazzzeitung.de\/cms\/wp-content\/uploads\/2017\/09\/YVB2015_03-300x200.jpg?fit=300%2C200&ssl=1","contentUrl":"https:\/\/i0.wp.com\/www.jazzzeitung.de\/cms\/wp-content\/uploads\/2017\/09\/YVB2015_03-300x200.jpg?fit=300%2C200&ssl=1","width":300,"height":200},{"@type":"BreadcrumbList","@id":"https:\/\/www.jazzzeitung.de\/cms\/2017\/09\/vorsingen-2017-bei-den-young-voices-brandenburg\/#breadcrumb","itemListElement":[{"@type":"ListItem","position":1,"name":"Startseite","item":"https:\/\/www.jazzzeitung.de\/cms\/"},{"@type":"ListItem","position":2,"name":"Vorsingen 2017 bei den Young Voices Brandenburg"}]},{"@type":"WebSite","@id":"https:\/\/www.jazzzeitung.de\/cms\/#website","url":"https:\/\/www.jazzzeitung.de\/cms\/","name":"JazzZeitung","description":"Jazz-News und Jazz-Kontroverses","publisher":{"@id":"https:\/\/www.jazzzeitung.de\/cms\/#organization"},"potentialAction":[{"@type":"SearchAction","target":{"@type":"EntryPoint","urlTemplate":"https:\/\/www.jazzzeitung.de\/cms\/?s={search_term_string}"},"query-input":{"@type":"PropertyValueSpecification","valueRequired":true,"valueName":"search_term_string"}}],"inLanguage":"de"},{"@type":"Organization","@id":"https:\/\/www.jazzzeitung.de\/cms\/#organization","name":"JazzZeitung online","url":"https:\/\/www.jazzzeitung.de\/cms\/","logo":{"@type":"ImageObject","inLanguage":"de","@id":"https:\/\/www.jazzzeitung.de\/cms\/#\/schema\/logo\/image\/","url":"https:\/\/i0.wp.com\/www.jazzzeitung.de\/cms\/wp-content\/uploads\/2015\/08\/JAZZZEITUNGDE_Logo_Neu.png?fit=499%2C200&ssl=1","contentUrl":"https:\/\/i0.wp.com\/www.jazzzeitung.de\/cms\/wp-content\/uploads\/2015\/08\/JAZZZEITUNGDE_Logo_Neu.png?fit=499%2C200&ssl=1","width":499,"height":200,"caption":"JazzZeitung online"},"image":{"@id":"https:\/\/www.jazzzeitung.de\/cms\/#\/schema\/logo\/image\/"},"sameAs":["https:\/\/www.facebook.com\/JazzZeitung\/"]},{"@type":"Person","@id":"https:\/\/www.jazzzeitung.de\/cms\/#\/schema\/person\/2245b36b9cd1d24cea10f01c031fb92b","name":"Redaktion JazzZeitung","image":{"@type":"ImageObject","inLanguage":"de","@id":"https:\/\/i0.wp.com\/www.jazzzeitung.de\/cms\/wp-content\/uploads\/2015\/08\/JAZZZEITUNGDE_Logo_Neu.png?resize=96%2C96&ssl=159975dcacb611b5700bd619b5daf0a7a","url":"https:\/\/i0.wp.com\/www.jazzzeitung.de\/cms\/wp-content\/uploads\/2015\/08\/JAZZZEITUNGDE_Logo_Neu.png?resize=96%2C96&ssl=1","contentUrl":"https:\/\/i0.wp.com\/www.jazzzeitung.de\/cms\/wp-content\/uploads\/2015\/08\/JAZZZEITUNGDE_Logo_Neu.png?resize=96%2C96&ssl=1","caption":"Redaktion JazzZeitung"},"description":"Artikel der Redaktion der JazzZeitung.","sameAs":["http:\/\/www.jazzzeitung.de\/cms\/"],"url":"https:\/\/www.jazzzeitung.de\/cms\/author\/redaktion\/"}]}},"wp-worthy-pixel":{"ignored":false,"public":null,"server":null,"url":null},"wp-worthy-type":"normal","jetpack_publicize_connections":[],"cc_featured_image_caption":{"caption_text":false,"source_text":false,"source_url":false},"jetpack_featured_media_url":"","jetpack_shortlink":"https:\/\/wp.me\/p3KEcT-3vq","jetpack-related-posts":[{"id":23519,"url":"https:\/\/www.jazzzeitung.de\/cms\/2020\/10\/newsspielstaettenprogrammpraemie-nrw-202021brandenburg-vergibt-mikrostipendien-an-freie-kuenstler\/","url_meta":{"origin":13480,"position":0},"title":"+++News:+++Spielst\u00e4ttenprogrammpr\u00e4mie NRW 2020\/21+++Brandenburg vergibt Mikrostipendien an freie K\u00fcnstler+++","author":"Redaktion JazzZeitung","date":"7. Oktober 2020","format":false,"excerpt":"+++Spielst\u00e4ttenprogrammpr\u00e4mie NRW 2020\/21+++ Das Ministerium f\u00fcr Kultur und Wissenschaft NRW und der Landesmusikrat NRW vergeben in der Saison 2020\/2021 Pr\u00e4mien f\u00fcr herausragende Programme von Spielst\u00e4tten des Jazz und des avancierten Pop\/Rock, um deren herausragende Rolle als Foren der musikalischen Innovation f\u00fcr das Musikleben in NRW zu w\u00fcrdigen. Kreative alternative Pr\u00e4sentationskonzepte,\u2026","rel":"","context":"In &quot;News&quot;","block_context":{"text":"News","link":"https:\/\/www.jazzzeitung.de\/cms\/thema\/nachrichten\/"},"img":{"alt_text":"","src":"https:\/\/i0.wp.com\/www.jazzzeitung.de\/cms\/wp-content\/uploads\/2017\/07\/020_TromboneShorty_Foto-van-Loon-e1601901848868.jpg?fit=1200%2C735&ssl=1&resize=350%2C200","width":350,"height":200,"srcset":"https:\/\/i0.wp.com\/www.jazzzeitung.de\/cms\/wp-content\/uploads\/2017\/07\/020_TromboneShorty_Foto-van-Loon-e1601901848868.jpg?fit=1200%2C735&ssl=1&resize=350%2C200 1x, https:\/\/i0.wp.com\/www.jazzzeitung.de\/cms\/wp-content\/uploads\/2017\/07\/020_TromboneShorty_Foto-van-Loon-e1601901848868.jpg?fit=1200%2C735&ssl=1&resize=525%2C300 1.5x, https:\/\/i0.wp.com\/www.jazzzeitung.de\/cms\/wp-content\/uploads\/2017\/07\/020_TromboneShorty_Foto-van-Loon-e1601901848868.jpg?fit=1200%2C735&ssl=1&resize=700%2C400 2x, https:\/\/i0.wp.com\/www.jazzzeitung.de\/cms\/wp-content\/uploads\/2017\/07\/020_TromboneShorty_Foto-van-Loon-e1601901848868.jpg?fit=1200%2C735&ssl=1&resize=1050%2C600 3x"},"classes":[]},{"id":23396,"url":"https:\/\/www.jazzzeitung.de\/cms\/2020\/09\/newslandesjugendjazzorchester-brandenburg-und-lajjazzo-junior-live28-jazzfest-kasselneuigkeiten-zum-herbst-programm-in-bayreuth\/","url_meta":{"origin":13480,"position":1},"title":"+++News:+++Landesjugendjazzorchester Brandenburg und LaJJazzO Junior live+++28. Jazzfest Kassel+++Neuigkeiten zum Herbst-Programm in Bayreuth+++","author":"Redaktion JazzZeitung","date":"17. September 2020","format":false,"excerpt":"Landesjugendjazzorchester Brandenburg und LaJJazzO Junior live Das Landesjugendjazzorchester Brandenburg bringt die Popularmusik der vergangenen 60 Jahre im Oktober live auf die B\u00fchne. Unter dem Motto \u201eFunk It Up!\u201c wird das von Jiggs Whigham geleitete Programm durch zwei S\u00e4nger und ehemalige Mitglieder der Young Voices Brandenburg erg\u00e4nzt. Das LaJJazzO Junior bringt\u2026","rel":"","context":"In &quot;News&quot;","block_context":{"text":"News","link":"https:\/\/www.jazzzeitung.de\/cms\/thema\/nachrichten\/"},"img":{"alt_text":"","src":"https:\/\/i0.wp.com\/www.jazzzeitung.de\/cms\/wp-content\/uploads\/2020\/09\/02-Johanna_Summer_-c-ACT-Gregor-Hohenberg-scaled.jpg?fit=1200%2C800&ssl=1&resize=350%2C200","width":350,"height":200,"srcset":"https:\/\/i0.wp.com\/www.jazzzeitung.de\/cms\/wp-content\/uploads\/2020\/09\/02-Johanna_Summer_-c-ACT-Gregor-Hohenberg-scaled.jpg?fit=1200%2C800&ssl=1&resize=350%2C200 1x, https:\/\/i0.wp.com\/www.jazzzeitung.de\/cms\/wp-content\/uploads\/2020\/09\/02-Johanna_Summer_-c-ACT-Gregor-Hohenberg-scaled.jpg?fit=1200%2C800&ssl=1&resize=525%2C300 1.5x, https:\/\/i0.wp.com\/www.jazzzeitung.de\/cms\/wp-content\/uploads\/2020\/09\/02-Johanna_Summer_-c-ACT-Gregor-Hohenberg-scaled.jpg?fit=1200%2C800&ssl=1&resize=700%2C400 2x, https:\/\/i0.wp.com\/www.jazzzeitung.de\/cms\/wp-content\/uploads\/2020\/09\/02-Johanna_Summer_-c-ACT-Gregor-Hohenberg-scaled.jpg?fit=1200%2C800&ssl=1&resize=1050%2C600 3x"},"classes":[]},{"id":23734,"url":"https:\/\/www.jazzzeitung.de\/cms\/2020\/11\/casting-fuer-das-landesjugendjazzorchester-brandenburg-2021\/","url_meta":{"origin":13480,"position":2},"title":"Casting f\u00fcr das Landesjugendjazzorchester Brandenburg 2021","author":"Redaktion JazzZeitung","date":"2. November 2020","format":false,"excerpt":"Am 14. Februar 2021 sind wieder junge Jazzmusikerinnen und Jazzmusiker im Land Brandenburg eingeladen, beim Casting f\u00fcr das Landesjugendjazzorchester Brandenburg \u2013 kurz LaJJazzO \u2013 in der Regenbogen Musik- und Kunstschule Blankenfelde ihr K\u00f6nnen zu zeigen. Gesucht werden Instrumentalisten an Saxofon, Trompete, Posaune, Klavier, Gitarre, Bass und Schlagzeug. Im LaJJazzO k\u00f6nnen\u2026","rel":"","context":"In &quot;News&quot;","block_context":{"text":"News","link":"https:\/\/www.jazzzeitung.de\/cms\/thema\/nachrichten\/"},"img":{"alt_text":"","src":"https:\/\/i0.wp.com\/www.jazzzeitung.de\/cms\/wp-content\/uploads\/2020\/10\/785A6773%C2%AEUWEHAUTH-scaled.jpg?fit=1200%2C800&ssl=1&resize=350%2C200","width":350,"height":200,"srcset":"https:\/\/i0.wp.com\/www.jazzzeitung.de\/cms\/wp-content\/uploads\/2020\/10\/785A6773%C2%AEUWEHAUTH-scaled.jpg?fit=1200%2C800&ssl=1&resize=350%2C200 1x, https:\/\/i0.wp.com\/www.jazzzeitung.de\/cms\/wp-content\/uploads\/2020\/10\/785A6773%C2%AEUWEHAUTH-scaled.jpg?fit=1200%2C800&ssl=1&resize=525%2C300 1.5x, https:\/\/i0.wp.com\/www.jazzzeitung.de\/cms\/wp-content\/uploads\/2020\/10\/785A6773%C2%AEUWEHAUTH-scaled.jpg?fit=1200%2C800&ssl=1&resize=700%2C400 2x, https:\/\/i0.wp.com\/www.jazzzeitung.de\/cms\/wp-content\/uploads\/2020\/10\/785A6773%C2%AEUWEHAUTH-scaled.jpg?fit=1200%2C800&ssl=1&resize=1050%2C600 3x"},"classes":[]},{"id":15273,"url":"https:\/\/www.jazzzeitung.de\/cms\/2018\/03\/newsneue-reihe-in-swr2-meine-erste-jazzplattedas-lajjazzo-und-das-lajjazzo-junior-brandenburg-praesentieren-best-of-britain-mit-werken-von-steve-gray-sowie-musik-count-basies\/","url_meta":{"origin":13480,"position":3},"title":"+++News+++Neue Reihe in SWR2: Meine erste Jazzplatte+++Das LaJJazzO und das LaJJazzO Junior Brandenburg pr\u00e4sentieren &#8222;Best of Britain&#8220; mit Werken von Steve Gray sowie Musik Count Basies+++","author":"Redaktion JazzZeitung","date":"12. M\u00e4rz 2018","format":false,"excerpt":"+++Neue Reihe in SWR2: Meine erste Jazzplatte+++ Wie findet man zu improvisierter Musik? \u201eSWR2 Jazztime\u201c hat nachgefragt und l\u00e4sst ab 17. M\u00e4rz 2018 um 22:03 Uhr Pers\u00f6nlichkeiten der Jazz-Szene, aber auch Schriftsteller und Philosophen zu Wort kommen. In der ersten Folge erz\u00e4hlen unter anderem der S\u00e4nger Theo Bleckmann, Arrangeur Mike\u2026","rel":"","context":"In &quot;News&quot;","block_context":{"text":"News","link":"https:\/\/www.jazzzeitung.de\/cms\/thema\/nachrichten\/"},"img":{"alt_text":"","src":"https:\/\/i0.wp.com\/www.jazzzeitung.de\/cms\/wp-content\/uploads\/2018\/03\/785A3336%C2%A9uwehauth_neu.jpg?fit=1200%2C920&ssl=1&resize=350%2C200","width":350,"height":200,"srcset":"https:\/\/i0.wp.com\/www.jazzzeitung.de\/cms\/wp-content\/uploads\/2018\/03\/785A3336%C2%A9uwehauth_neu.jpg?fit=1200%2C920&ssl=1&resize=350%2C200 1x, https:\/\/i0.wp.com\/www.jazzzeitung.de\/cms\/wp-content\/uploads\/2018\/03\/785A3336%C2%A9uwehauth_neu.jpg?fit=1200%2C920&ssl=1&resize=525%2C300 1.5x, https:\/\/i0.wp.com\/www.jazzzeitung.de\/cms\/wp-content\/uploads\/2018\/03\/785A3336%C2%A9uwehauth_neu.jpg?fit=1200%2C920&ssl=1&resize=700%2C400 2x, https:\/\/i0.wp.com\/www.jazzzeitung.de\/cms\/wp-content\/uploads\/2018\/03\/785A3336%C2%A9uwehauth_neu.jpg?fit=1200%2C920&ssl=1&resize=1050%2C600 3x"},"classes":[]},{"id":14754,"url":"https:\/\/www.jazzzeitung.de\/cms\/2018\/01\/jubilaeumsjahr-des-bujazzo-startet-mit-38-neuen-musikerinnen-und-musikern\/","url_meta":{"origin":13480,"position":4},"title":"Jubil\u00e4umsjahr des BuJazzO startet mit 38 neuen Musikerinnen und Musikern","author":"Redaktion JazzZeitung","date":"11. Januar 2018","format":false,"excerpt":"Vom 3. bis 6. Januar fanden in Bonn Probespiele des Bundesjazzorchesters (BuJazzO) statt. 211 junge Musikerinnen und Musiker aus ganz Deutschland hatten sich beworben. S\u00e4mtliche Bigband-Positionen sowie das BuJazzO-Vokalensemble wurden neu besetzt. Insgesamt haben 38 Bewerber das Probespiel bestanden, die zu gro\u00dfen Teilen alle an Musikhochschulen studieren und eine Vergangenheit\u2026","rel":"","context":"In &quot;News&quot;","block_context":{"text":"News","link":"https:\/\/www.jazzzeitung.de\/cms\/thema\/nachrichten\/"},"img":{"alt_text":"Jiggs Whigham f\u00fcr das BuJazzO. Foto: Hufner","src":"https:\/\/i0.wp.com\/www.jazzzeitung.de\/cms\/wp-content\/uploads\/2018\/01\/whigham_faust_c_hufner.jpg?fit=1200%2C900&ssl=1&resize=350%2C200","width":350,"height":200,"srcset":"https:\/\/i0.wp.com\/www.jazzzeitung.de\/cms\/wp-content\/uploads\/2018\/01\/whigham_faust_c_hufner.jpg?fit=1200%2C900&ssl=1&resize=350%2C200 1x, https:\/\/i0.wp.com\/www.jazzzeitung.de\/cms\/wp-content\/uploads\/2018\/01\/whigham_faust_c_hufner.jpg?fit=1200%2C900&ssl=1&resize=525%2C300 1.5x, https:\/\/i0.wp.com\/www.jazzzeitung.de\/cms\/wp-content\/uploads\/2018\/01\/whigham_faust_c_hufner.jpg?fit=1200%2C900&ssl=1&resize=700%2C400 2x, https:\/\/i0.wp.com\/www.jazzzeitung.de\/cms\/wp-content\/uploads\/2018\/01\/whigham_faust_c_hufner.jpg?fit=1200%2C900&ssl=1&resize=1050%2C600 3x"},"classes":[]},{"id":18257,"url":"https:\/\/www.jazzzeitung.de\/cms\/2019\/01\/news-landesjugendjazzorchester-brandenburg-casting-2019-startschuss-fuer-audi-konzertreihe-2019-in-ingolstadt\/","url_meta":{"origin":13480,"position":5},"title":"+++ News: +++ Landesjugendjazzorchester Brandenburg Casting 2019 +++ Startschuss f\u00fcr Audi-Konzertreihe 2019 in Ingolstadt +++","author":"Redaktion JazzZeitung","date":"11. Januar 2019","format":false,"excerpt":"Brandenburgs Nachwuchsk\u00fcnstler stellen sich vor Das Landesjugendjazzorchester Brandenburg \u2013 kurz: LaJJazzO \u2013 r\u00fcstet auf, und l\u00e4dt den jungen Jazz-Nachwuchs im Land Brandenburg ein, sich am 10.03.2019 in der \u201eRegenbogen Musik- und Kunstschule\u201c in Blankenfelde zu bewerben. Gesucht werden Instrumentalisten f\u00fcr Saxophon, Posaune, Trompete, Klavier, Bass, Gitarre und Schlagzeug. Das LaJJazzO\u2026","rel":"","context":"In &quot;News&quot;","block_context":{"text":"News","link":"https:\/\/www.jazzzeitung.de\/cms\/thema\/nachrichten\/"},"img":{"alt_text":"","src":"https:\/\/i0.wp.com\/www.jazzzeitung.de\/cms\/wp-content\/uploads\/2019\/01\/Lajazzo_Potsdam1.jpg?fit=576%2C384&ssl=1&resize=350%2C200","width":350,"height":200,"srcset":"https:\/\/i0.wp.com\/www.jazzzeitung.de\/cms\/wp-content\/uploads\/2019\/01\/Lajazzo_Potsdam1.jpg?fit=576%2C384&ssl=1&resize=350%2C200 1x, https:\/\/i0.wp.com\/www.jazzzeitung.de\/cms\/wp-content\/uploads\/2019\/01\/Lajazzo_Potsdam1.jpg?fit=576%2C384&ssl=1&resize=525%2C300 1.5x"},"classes":[]}],"jetpack_sharing_enabled":true,"_links":{"self":[{"href":"https:\/\/www.jazzzeitung.de\/cms\/wp-json\/wp\/v2\/posts\/13480","targetHints":{"allow":["GET"]}}],"collection":[{"href":"https:\/\/www.jazzzeitung.de\/cms\/wp-json\/wp\/v2\/posts"}],"about":[{"href":"https:\/\/www.jazzzeitung.de\/cms\/wp-json\/wp\/v2\/types\/post"}],"author":[{"embeddable":true,"href":"https:\/\/www.jazzzeitung.de\/cms\/wp-json\/wp\/v2\/users\/18"}],"replies":[{"embeddable":true,"href":"https:\/\/www.jazzzeitung.de\/cms\/wp-json\/wp\/v2\/comments?post=13480"}],"version-history":[{"count":1,"href":"https:\/\/www.jazzzeitung.de\/cms\/wp-json\/wp\/v2\/posts\/13480\/revisions"}],"predecessor-version":[{"id":13482,"href":"https:\/\/www.jazzzeitung.de\/cms\/wp-json\/wp\/v2\/posts\/13480\/revisions\/13482"}],"wp:attachment":[{"href":"https:\/\/www.jazzzeitung.de\/cms\/wp-json\/wp\/v2\/media?parent=13480"}],"wp:term":[{"taxonomy":"category","embeddable":true,"href":"https:\/\/www.jazzzeitung.de\/cms\/wp-json\/wp\/v2\/categories?post=13480"},{"taxonomy":"post_tag","embeddable":true,"href":"https:\/\/www.jazzzeitung.de\/cms\/wp-json\/wp\/v2\/tags?post=13480"},{"taxonomy":"author","embeddable":true,"href":"https:\/\/www.jazzzeitung.de\/cms\/wp-json\/wp\/v2\/coauthors?post=13480"}],"curies":[{"name":"wp","href":"https:\/\/api.w.org\/{rel}","templated":true}]}}