{"id":13459,"date":"2017-09-07T12:45:37","date_gmt":"2017-09-07T10:45:37","guid":{"rendered":"https:\/\/www.jazzzeitung.de\/cms\/?p=13459"},"modified":"2017-09-04T16:32:28","modified_gmt":"2017-09-04T14:32:28","slug":"29-ehinger-jazztage","status":"publish","type":"post","link":"https:\/\/www.jazzzeitung.de\/cms\/2017\/09\/29-ehinger-jazztage\/","title":{"rendered":"29. Ehinger Jazztage"},"content":{"rendered":"<p>Immer am zweiten Oktoberwochenende finden in Ehingen an der Donau die Ehinger Jazztage statt. Die Gemeinschafts-veranstaltung von Jazzclub Ehingen e.V. und dem Kulturamt der Stadt Ehingen startet am Freitag, 6. Oktober, 19.00 Uhr mit einem Konzert der ECHOES OF SWING und der SAZERAC SWINGERS in der Ehinger Lindenhalle.<\/p>\n<figure id=\"attachment_13461\" aria-describedby=\"caption-attachment-13461\" style=\"width: 150px\" class=\"wp-caption alignright\"><a href=\"https:\/\/i0.wp.com\/www.jazzzeitung.de\/cms\/wp-content\/uploads\/2017\/09\/EchoesOfSwingPortrait20Foto20Sascha20Kletzsch20v_l_20Dawson20Hopkins20Mewes20Lhotzky.jpg?ssl=1\"><img data-recalc-dims=\"1\" loading=\"lazy\" decoding=\"async\" data-attachment-id=\"13461\" data-permalink=\"https:\/\/www.jazzzeitung.de\/cms\/2017\/09\/29-ehinger-jazztage\/echoesofswingportraitfotosaschakletzschv_l_dawsonhopkinsmeweslhotzky\/\" data-orig-file=\"https:\/\/i0.wp.com\/www.jazzzeitung.de\/cms\/wp-content\/uploads\/2017\/09\/EchoesOfSwingPortrait20Foto20Sascha20Kletzsch20v_l_20Dawson20Hopkins20Mewes20Lhotzky.jpg?fit=4648%2C4724&amp;ssl=1\" data-orig-size=\"4648,4724\" data-comments-opened=\"1\" data-image-meta=\"{&quot;aperture&quot;:&quot;6.3&quot;,&quot;credit&quot;:&quot;Sascha Kletzsch&quot;,&quot;camera&quot;:&quot;Canon EOS 5D Mark II&quot;,&quot;caption&quot;:&quot;&quot;,&quot;created_timestamp&quot;:&quot;1370529946&quot;,&quot;copyright&quot;:&quot;\\u00a9 Sascha Kletzsch, M\\u00fcnchen 2013&quot;,&quot;focal_length&quot;:&quot;70&quot;,&quot;iso&quot;:&quot;100&quot;,&quot;shutter_speed&quot;:&quot;0.00625&quot;,&quot;title&quot;:&quot;&quot;,&quot;orientation&quot;:&quot;1&quot;}\" data-image-title=\"EchoesOfSwingPortrait(FotoSaschaKletzsch,v_l_Dawson,Hopkins,Mewes,Lhotzky)\" data-image-description=\"\" data-image-caption=\"\" data-large-file=\"https:\/\/i0.wp.com\/www.jazzzeitung.de\/cms\/wp-content\/uploads\/2017\/09\/EchoesOfSwingPortrait20Foto20Sascha20Kletzsch20v_l_20Dawson20Hopkins20Mewes20Lhotzky.jpg?fit=590%2C600&amp;ssl=1\" class=\"wp-image-13461 size-thumbnail\" src=\"https:\/\/i0.wp.com\/www.jazzzeitung.de\/cms\/wp-content\/uploads\/2017\/09\/EchoesOfSwingPortrait20Foto20Sascha20Kletzsch20v_l_20Dawson20Hopkins20Mewes20Lhotzky.jpg?resize=150%2C150&#038;ssl=1\" alt=\"\" width=\"150\" height=\"150\" srcset=\"https:\/\/i0.wp.com\/www.jazzzeitung.de\/cms\/wp-content\/uploads\/2017\/09\/EchoesOfSwingPortrait20Foto20Sascha20Kletzsch20v_l_20Dawson20Hopkins20Mewes20Lhotzky.jpg?resize=150%2C150&amp;ssl=1 150w, https:\/\/i0.wp.com\/www.jazzzeitung.de\/cms\/wp-content\/uploads\/2017\/09\/EchoesOfSwingPortrait20Foto20Sascha20Kletzsch20v_l_20Dawson20Hopkins20Mewes20Lhotzky.jpg?resize=144%2C144&amp;ssl=1 144w, https:\/\/i0.wp.com\/www.jazzzeitung.de\/cms\/wp-content\/uploads\/2017\/09\/EchoesOfSwingPortrait20Foto20Sascha20Kletzsch20v_l_20Dawson20Hopkins20Mewes20Lhotzky.jpg?resize=96%2C96&amp;ssl=1 96w, https:\/\/i0.wp.com\/www.jazzzeitung.de\/cms\/wp-content\/uploads\/2017\/09\/EchoesOfSwingPortrait20Foto20Sascha20Kletzsch20v_l_20Dawson20Hopkins20Mewes20Lhotzky.jpg?resize=24%2C24&amp;ssl=1 24w, https:\/\/i0.wp.com\/www.jazzzeitung.de\/cms\/wp-content\/uploads\/2017\/09\/EchoesOfSwingPortrait20Foto20Sascha20Kletzsch20v_l_20Dawson20Hopkins20Mewes20Lhotzky.jpg?resize=36%2C36&amp;ssl=1 36w, https:\/\/i0.wp.com\/www.jazzzeitung.de\/cms\/wp-content\/uploads\/2017\/09\/EchoesOfSwingPortrait20Foto20Sascha20Kletzsch20v_l_20Dawson20Hopkins20Mewes20Lhotzky.jpg?resize=48%2C48&amp;ssl=1 48w, https:\/\/i0.wp.com\/www.jazzzeitung.de\/cms\/wp-content\/uploads\/2017\/09\/EchoesOfSwingPortrait20Foto20Sascha20Kletzsch20v_l_20Dawson20Hopkins20Mewes20Lhotzky.jpg?resize=64%2C64&amp;ssl=1 64w, https:\/\/i0.wp.com\/www.jazzzeitung.de\/cms\/wp-content\/uploads\/2017\/09\/EchoesOfSwingPortrait20Foto20Sascha20Kletzsch20v_l_20Dawson20Hopkins20Mewes20Lhotzky.jpg?resize=32%2C32&amp;ssl=1 32w, https:\/\/i0.wp.com\/www.jazzzeitung.de\/cms\/wp-content\/uploads\/2017\/09\/EchoesOfSwingPortrait20Foto20Sascha20Kletzsch20v_l_20Dawson20Hopkins20Mewes20Lhotzky.jpg?resize=50%2C50&amp;ssl=1 50w, https:\/\/i0.wp.com\/www.jazzzeitung.de\/cms\/wp-content\/uploads\/2017\/09\/EchoesOfSwingPortrait20Foto20Sascha20Kletzsch20v_l_20Dawson20Hopkins20Mewes20Lhotzky.jpg?resize=128%2C128&amp;ssl=1 128w, https:\/\/i0.wp.com\/www.jazzzeitung.de\/cms\/wp-content\/uploads\/2017\/09\/EchoesOfSwingPortrait20Foto20Sascha20Kletzsch20v_l_20Dawson20Hopkins20Mewes20Lhotzky.jpg?zoom=2&amp;resize=150%2C150&amp;ssl=1 300w, https:\/\/i0.wp.com\/www.jazzzeitung.de\/cms\/wp-content\/uploads\/2017\/09\/EchoesOfSwingPortrait20Foto20Sascha20Kletzsch20v_l_20Dawson20Hopkins20Mewes20Lhotzky.jpg?zoom=3&amp;resize=150%2C150&amp;ssl=1 450w\" sizes=\"auto, (max-width: 150px) 100vw, 150px\" \/><\/a><figcaption id=\"caption-attachment-13461\" class=\"wp-caption-text\">Echoes of Swing. Foto: www.sascha-kletzsch.de Sascha Kletzsch<\/figcaption><\/figure>\n<figure id=\"attachment_13460\" aria-describedby=\"caption-attachment-13460\" style=\"width: 150px\" class=\"wp-caption alignright\"><a href=\"https:\/\/i0.wp.com\/www.jazzzeitung.de\/cms\/wp-content\/uploads\/2017\/09\/candy_20160823_together-5911-B_def.jpg?ssl=1\"><img data-recalc-dims=\"1\" loading=\"lazy\" decoding=\"async\" data-attachment-id=\"13460\" data-permalink=\"https:\/\/www.jazzzeitung.de\/cms\/2017\/09\/29-ehinger-jazztage\/candy_20160823_together-5911-b_def\/\" data-orig-file=\"https:\/\/i0.wp.com\/www.jazzzeitung.de\/cms\/wp-content\/uploads\/2017\/09\/candy_20160823_together-5911-B_def.jpg?fit=1950%2C1950&amp;ssl=1\" data-orig-size=\"1950,1950\" data-comments-opened=\"1\" data-image-meta=\"{&quot;aperture&quot;:&quot;10&quot;,&quot;credit&quot;:&quot;&quot;,&quot;camera&quot;:&quot;NIKON D3X&quot;,&quot;caption&quot;:&quot;&quot;,&quot;created_timestamp&quot;:&quot;1471969273&quot;,&quot;copyright&quot;:&quot;carin verbruggen \\u0026amp; ferry drenthem soesman&quot;,&quot;focal_length&quot;:&quot;55&quot;,&quot;iso&quot;:&quot;400&quot;,&quot;shutter_speed&quot;:&quot;0.004&quot;,&quot;title&quot;:&quot;&quot;,&quot;orientation&quot;:&quot;1&quot;}\" data-image-title=\"candy_20160823_together 5911 B_def\" data-image-description=\"\" data-image-caption=\"\" data-large-file=\"https:\/\/i0.wp.com\/www.jazzzeitung.de\/cms\/wp-content\/uploads\/2017\/09\/candy_20160823_together-5911-B_def.jpg?fit=600%2C600&amp;ssl=1\" class=\"wp-image-13460 size-thumbnail\" src=\"https:\/\/i0.wp.com\/www.jazzzeitung.de\/cms\/wp-content\/uploads\/2017\/09\/candy_20160823_together-5911-B_def.jpg?resize=150%2C150&#038;ssl=1\" alt=\"\" width=\"150\" height=\"150\" srcset=\"https:\/\/i0.wp.com\/www.jazzzeitung.de\/cms\/wp-content\/uploads\/2017\/09\/candy_20160823_together-5911-B_def.jpg?resize=150%2C150&amp;ssl=1 150w, https:\/\/i0.wp.com\/www.jazzzeitung.de\/cms\/wp-content\/uploads\/2017\/09\/candy_20160823_together-5911-B_def.jpg?resize=300%2C300&amp;ssl=1 300w, https:\/\/i0.wp.com\/www.jazzzeitung.de\/cms\/wp-content\/uploads\/2017\/09\/candy_20160823_together-5911-B_def.jpg?resize=768%2C768&amp;ssl=1 768w, https:\/\/i0.wp.com\/www.jazzzeitung.de\/cms\/wp-content\/uploads\/2017\/09\/candy_20160823_together-5911-B_def.jpg?resize=600%2C600&amp;ssl=1 600w, https:\/\/i0.wp.com\/www.jazzzeitung.de\/cms\/wp-content\/uploads\/2017\/09\/candy_20160823_together-5911-B_def.jpg?resize=144%2C144&amp;ssl=1 144w, https:\/\/i0.wp.com\/www.jazzzeitung.de\/cms\/wp-content\/uploads\/2017\/09\/candy_20160823_together-5911-B_def.jpg?resize=96%2C96&amp;ssl=1 96w, https:\/\/i0.wp.com\/www.jazzzeitung.de\/cms\/wp-content\/uploads\/2017\/09\/candy_20160823_together-5911-B_def.jpg?resize=24%2C24&amp;ssl=1 24w, https:\/\/i0.wp.com\/www.jazzzeitung.de\/cms\/wp-content\/uploads\/2017\/09\/candy_20160823_together-5911-B_def.jpg?resize=36%2C36&amp;ssl=1 36w, https:\/\/i0.wp.com\/www.jazzzeitung.de\/cms\/wp-content\/uploads\/2017\/09\/candy_20160823_together-5911-B_def.jpg?resize=48%2C48&amp;ssl=1 48w, https:\/\/i0.wp.com\/www.jazzzeitung.de\/cms\/wp-content\/uploads\/2017\/09\/candy_20160823_together-5911-B_def.jpg?resize=64%2C64&amp;ssl=1 64w, https:\/\/i0.wp.com\/www.jazzzeitung.de\/cms\/wp-content\/uploads\/2017\/09\/candy_20160823_together-5911-B_def.jpg?resize=32%2C32&amp;ssl=1 32w, https:\/\/i0.wp.com\/www.jazzzeitung.de\/cms\/wp-content\/uploads\/2017\/09\/candy_20160823_together-5911-B_def.jpg?resize=50%2C50&amp;ssl=1 50w, https:\/\/i0.wp.com\/www.jazzzeitung.de\/cms\/wp-content\/uploads\/2017\/09\/candy_20160823_together-5911-B_def.jpg?resize=128%2C128&amp;ssl=1 128w, https:\/\/i0.wp.com\/www.jazzzeitung.de\/cms\/wp-content\/uploads\/2017\/09\/candy_20160823_together-5911-B_def.jpg?w=1950&amp;ssl=1 1950w, https:\/\/i0.wp.com\/www.jazzzeitung.de\/cms\/wp-content\/uploads\/2017\/09\/candy_20160823_together-5911-B_def.jpg?w=1680&amp;ssl=1 1680w\" sizes=\"auto, (max-width: 150px) 100vw, 150px\" \/><\/a><figcaption id=\"caption-attachment-13460\" class=\"wp-caption-text\">Candy Dulfer. Foto: Carin Verbruggen<\/figcaption><\/figure>\n<figure id=\"attachment_13462\" aria-describedby=\"caption-attachment-13462\" style=\"width: 150px\" class=\"wp-caption alignright\"><a href=\"https:\/\/i0.wp.com\/www.jazzzeitung.de\/cms\/wp-content\/uploads\/2017\/09\/sazerac20swingers20presse202.jpg?ssl=1\"><img data-recalc-dims=\"1\" loading=\"lazy\" decoding=\"async\" data-attachment-id=\"13462\" data-permalink=\"https:\/\/www.jazzzeitung.de\/cms\/2017\/09\/29-ehinger-jazztage\/sazeracswingerspresse2\/\" data-orig-file=\"https:\/\/i0.wp.com\/www.jazzzeitung.de\/cms\/wp-content\/uploads\/2017\/09\/sazerac20swingers20presse202.jpg?fit=2126%2C1421&amp;ssl=1\" data-orig-size=\"2126,1421\" data-comments-opened=\"1\" data-image-meta=\"{&quot;aperture&quot;:&quot;9&quot;,&quot;credit&quot;:&quot;&quot;,&quot;camera&quot;:&quot;NIKON D200&quot;,&quot;caption&quot;:&quot;&quot;,&quot;created_timestamp&quot;:&quot;1334412984&quot;,&quot;copyright&quot;:&quot;&quot;,&quot;focal_length&quot;:&quot;17&quot;,&quot;iso&quot;:&quot;100&quot;,&quot;shutter_speed&quot;:&quot;0.008&quot;,&quot;title&quot;:&quot;&quot;,&quot;orientation&quot;:&quot;1&quot;}\" data-image-title=\"sazeracswingerspresse2\" data-image-description=\"\" data-image-caption=\"\" data-large-file=\"https:\/\/i0.wp.com\/www.jazzzeitung.de\/cms\/wp-content\/uploads\/2017\/09\/sazerac20swingers20presse202.jpg?fit=840%2C561&amp;ssl=1\" class=\"wp-image-13462 size-thumbnail\" src=\"https:\/\/i0.wp.com\/www.jazzzeitung.de\/cms\/wp-content\/uploads\/2017\/09\/sazerac20swingers20presse202.jpg?resize=150%2C150&#038;ssl=1\" alt=\"\" width=\"150\" height=\"150\" srcset=\"https:\/\/i0.wp.com\/www.jazzzeitung.de\/cms\/wp-content\/uploads\/2017\/09\/sazerac20swingers20presse202.jpg?resize=150%2C150&amp;ssl=1 150w, https:\/\/i0.wp.com\/www.jazzzeitung.de\/cms\/wp-content\/uploads\/2017\/09\/sazerac20swingers20presse202.jpg?resize=144%2C144&amp;ssl=1 144w, https:\/\/i0.wp.com\/www.jazzzeitung.de\/cms\/wp-content\/uploads\/2017\/09\/sazerac20swingers20presse202.jpg?resize=96%2C96&amp;ssl=1 96w, https:\/\/i0.wp.com\/www.jazzzeitung.de\/cms\/wp-content\/uploads\/2017\/09\/sazerac20swingers20presse202.jpg?resize=24%2C24&amp;ssl=1 24w, https:\/\/i0.wp.com\/www.jazzzeitung.de\/cms\/wp-content\/uploads\/2017\/09\/sazerac20swingers20presse202.jpg?resize=36%2C36&amp;ssl=1 36w, https:\/\/i0.wp.com\/www.jazzzeitung.de\/cms\/wp-content\/uploads\/2017\/09\/sazerac20swingers20presse202.jpg?resize=48%2C48&amp;ssl=1 48w, https:\/\/i0.wp.com\/www.jazzzeitung.de\/cms\/wp-content\/uploads\/2017\/09\/sazerac20swingers20presse202.jpg?resize=64%2C64&amp;ssl=1 64w, https:\/\/i0.wp.com\/www.jazzzeitung.de\/cms\/wp-content\/uploads\/2017\/09\/sazerac20swingers20presse202.jpg?resize=32%2C32&amp;ssl=1 32w, https:\/\/i0.wp.com\/www.jazzzeitung.de\/cms\/wp-content\/uploads\/2017\/09\/sazerac20swingers20presse202.jpg?resize=50%2C50&amp;ssl=1 50w, https:\/\/i0.wp.com\/www.jazzzeitung.de\/cms\/wp-content\/uploads\/2017\/09\/sazerac20swingers20presse202.jpg?resize=128%2C128&amp;ssl=1 128w, https:\/\/i0.wp.com\/www.jazzzeitung.de\/cms\/wp-content\/uploads\/2017\/09\/sazerac20swingers20presse202.jpg?zoom=2&amp;resize=150%2C150&amp;ssl=1 300w, https:\/\/i0.wp.com\/www.jazzzeitung.de\/cms\/wp-content\/uploads\/2017\/09\/sazerac20swingers20presse202.jpg?zoom=3&amp;resize=150%2C150&amp;ssl=1 450w\" sizes=\"auto, (max-width: 150px) 100vw, 150px\" \/><\/a><figcaption id=\"caption-attachment-13462\" class=\"wp-caption-text\">The Sazerac Swingers. Foto: Concert B\u00fcro Rolf Schubert<\/figcaption><\/figure>\n<p>Die ECHOES OF SWING konzertieren seit nunmehr fast 20 Jahren in unver\u00e4nderter Besetzung &#8211; ein in der Jazzgeschichte beinah beispielloses Teamwork. Die zeitgem\u00e4\u00dfe Aufbereitung eines enorm abwechslungsreichen Repertoires und nicht zuletzt die humorvolle Moderation und spontane B\u00fchnenpr\u00e4sentation machten das Ensemble schon bald nach der Gr\u00fcndung zur gefeierten Attraktion vieler namhafter Festivals und etablierten ECHOES OF SWING an der Spitze der internationalen klassischen Jazzszene.<\/p>\n<p>THE SAZERAC SWINGERS z\u00e4hlen zu den derzeit besten europ\u00e4ischen Bands, die den aktuellen, jungen New Orleans Jazz so spielen, wie er tats\u00e4chlich heutzutage in seiner Geburtsstadt zu erleben ist. Kein Retro, kein Vintage, kein Revival. Sie haben einen eigenen Sound, eine beeindruckende Energie und Pr\u00e4senz, elektrisieren die Massen auf Festivals und Clubkonzerten und liefern eine Show, die ihresgleichen sucht.<\/p>\n<p>Ein besonderes Highlight ist der Auftritt der holl\u00e4ndischen Saxophonistin CANDY DULFER mit ihrer Band am<br \/>\nSamstag, 7. Oktober, 20.00 Uhr ebenfalls in der Ehinger Lindenhalle. Seit \u00fcber 26 Jahren begeistert Candy ihr Publikum. Sie hat mit zahlreichen namhaften Musikern zusammengespielt:<br \/>\nu.a. Van Morrison, Maceo Parker, Lionel Richie, Pink Floyd, Aretha Franklin und vielen anderen. Ihre Fans wissen, dass ihr Konzert stets \u201ethe hottest ticket in town\u201c ist.<\/p>\n<p>Wie immer gibt es am Freitag und Samstag ein Nachtprogramm in 4 Ehinger Lokalen: Achim Bohlender Swingtett im Brauereigasthof zum Schwanen, Al Jovo und Lea in der Weinstube Denkinger, Fabro im Gasthof zum Ochsen und Lee Mayall \u201ethe saxmachine\u201c und Band in der Brasserie Amadeus.<\/p>\n<p>Die 29. Ehinger Jazztage enden am Sonntagmorgen, 8. Oktober, 11.00 Uhr mit einem Jazzgottesdienst in der Evangelischen Stadtkirche gestaltet von der Gospels\u00e4ngerin Siyou Isabelle Ngnoubamdjum, begleitet von Joe Fessele am Klavier.<\/p>\n<p>Den Ausklang der Jazztage bietet die Matinee am 8. Oktober, 12.30 Uhr im Restaurant zur Linde mit Dieter Mertel an der Gitarre und Fred Brunner am Piano.<\/p>\n<p>Karten gibt\u2019s bei Reservix oder bei <a href=\"http:\/\/www.jazzclub-ehingen.de\">www.jazzclub-ehingen.de<\/a> .<\/p>\n","protected":false},"excerpt":{"rendered":"<p>Immer am zweiten Oktoberwochenende finden in Ehingen an der Donau die Ehinger Jazztage statt. Die Gemeinschafts-veranstaltung von Jazzclub Ehingen e.V. und dem Kulturamt der Stadt Ehingen startet am Freitag, 6. Oktober, 19.00 Uhr mit einem Konzert der ECHOES OF SWING und der SAZERAC SWINGERS in der Ehinger Lindenhalle. Die ECHOES OF SWING konzertieren seit nunmehr fast 20 Jahren in unver\u00e4nderter Besetzung &#8211; ein in der Jazzgeschichte beinah beispielloses Teamwork. Die zeitgem\u00e4\u00dfe Aufbereitung eines enorm abwechslungsreichen Repertoires und nicht zuletzt die humorvolle Moderation und spontane B\u00fchnenpr\u00e4sentation machten das Ensemble schon bald nach der Gr\u00fcndung zur gefeierten Attraktion vieler namhafter Festivals und etablierten ECHOES OF SWING an der Spitze der internationalen klassischen Jazzszene. THE SAZERAC SWINGERS z\u00e4hlen zu den derzeit besten europ\u00e4ischen Bands, die den aktuellen, jungen New Orleans Jazz so spielen, wie er tats\u00e4chlich heutzutage in seiner Geburtsstadt zu erleben ist. Kein Retro, kein Vintage, kein Revival. Sie haben einen eigenen Sound, eine beeindruckende Energie und Pr\u00e4senz, elektrisieren die Massen auf Festivals und Clubkonzerten und liefern eine Show, die ihresgleichen sucht. Ein besonderes Highlight ist der Auftritt der holl\u00e4ndischen Saxophonistin CANDY DULFER mit ihrer Band am &hellip;<\/p>\n","protected":false},"author":18,"featured_media":0,"comment_status":"open","ping_status":"closed","sticky":false,"template":"","format":"standard","meta":{"_jetpack_memberships_contains_paid_content":false,"footnotes":"","jetpack_publicize_message":"","jetpack_publicize_feature_enabled":true,"jetpack_social_post_already_shared":false,"jetpack_social_options":{"image_generator_settings":{"template":"highway","default_image_id":0,"font":"","enabled":false},"version":2}},"categories":[633],"tags":[1083,682,271,1058,1264,322,442,443,535],"coauthors":[695],"class_list":["post-13459","post","type-post","status-publish","format-standard","hentry","category-nachrichten","tag-candy-dulfer","tag-festivals","tag-jazzclub","tag-jazzgeschichte","tag-jazztage","tag-konzert-2","tag-piano","tag-pink","tag-swing"],"yoast_head":"<!-- This site is optimized with the Yoast SEO plugin v27.5 - https:\/\/yoast.com\/product\/yoast-seo-wordpress\/ -->\n<title>29. Ehinger Jazztage - JazzZeitung<\/title>\n<meta name=\"robots\" content=\"index, follow, max-snippet:-1, max-image-preview:large, max-video-preview:-1\" \/>\n<link rel=\"canonical\" href=\"https:\/\/www.jazzzeitung.de\/cms\/2017\/09\/29-ehinger-jazztage\/\" \/>\n<meta property=\"og:locale\" content=\"de_DE\" \/>\n<meta property=\"og:type\" content=\"article\" \/>\n<meta property=\"og:title\" content=\"29. Ehinger Jazztage - JazzZeitung\" \/>\n<meta property=\"og:description\" content=\"Immer am zweiten Oktoberwochenende finden in Ehingen an der Donau die Ehinger Jazztage statt. Die Gemeinschafts-veranstaltung von Jazzclub Ehingen e.V. und dem Kulturamt der Stadt Ehingen startet am Freitag, 6. Oktober, 19.00 Uhr mit einem Konzert der ECHOES OF SWING und der SAZERAC SWINGERS in der Ehinger Lindenhalle. Die ECHOES OF SWING konzertieren seit nunmehr fast 20 Jahren in unver\u00e4nderter Besetzung &#8211; ein in der Jazzgeschichte beinah beispielloses Teamwork. Die zeitgem\u00e4\u00dfe Aufbereitung eines enorm abwechslungsreichen Repertoires und nicht zuletzt die humorvolle Moderation und spontane B\u00fchnenpr\u00e4sentation machten das Ensemble schon bald nach der Gr\u00fcndung zur gefeierten Attraktion vieler namhafter Festivals und etablierten ECHOES OF SWING an der Spitze der internationalen klassischen Jazzszene. THE SAZERAC SWINGERS z\u00e4hlen zu den derzeit besten europ\u00e4ischen Bands, die den aktuellen, jungen New Orleans Jazz so spielen, wie er tats\u00e4chlich heutzutage in seiner Geburtsstadt zu erleben ist. Kein Retro, kein Vintage, kein Revival. Sie haben einen eigenen Sound, eine beeindruckende Energie und Pr\u00e4senz, elektrisieren die Massen auf Festivals und Clubkonzerten und liefern eine Show, die ihresgleichen sucht. Ein besonderes Highlight ist der Auftritt der holl\u00e4ndischen Saxophonistin CANDY DULFER mit ihrer Band am &hellip;\" \/>\n<meta property=\"og:url\" content=\"https:\/\/www.jazzzeitung.de\/cms\/2017\/09\/29-ehinger-jazztage\/\" \/>\n<meta property=\"og:site_name\" content=\"JazzZeitung\" \/>\n<meta property=\"article:publisher\" content=\"https:\/\/www.facebook.com\/JazzZeitung\/\" \/>\n<meta property=\"article:published_time\" content=\"2017-09-07T10:45:37+00:00\" \/>\n<meta property=\"og:image\" content=\"https:\/\/www.jazzzeitung.de\/cms\/wp-content\/uploads\/2017\/09\/EchoesOfSwingPortrait20Foto20Sascha20Kletzsch20v_l_20Dawson20Hopkins20Mewes20Lhotzky-150x150.jpg\" \/>\n<meta name=\"author\" content=\"Redaktion JazzZeitung\" \/>\n<script type=\"application\/ld+json\" class=\"yoast-schema-graph\">{\"@context\":\"https:\\\/\\\/schema.org\",\"@graph\":[{\"@type\":\"Article\",\"@id\":\"https:\\\/\\\/www.jazzzeitung.de\\\/cms\\\/2017\\\/09\\\/29-ehinger-jazztage\\\/#article\",\"isPartOf\":{\"@id\":\"https:\\\/\\\/www.jazzzeitung.de\\\/cms\\\/2017\\\/09\\\/29-ehinger-jazztage\\\/\"},\"author\":{\"name\":\"Redaktion JazzZeitung\",\"@id\":\"https:\\\/\\\/www.jazzzeitung.de\\\/cms\\\/#\\\/schema\\\/person\\\/2245b36b9cd1d24cea10f01c031fb92b\"},\"headline\":\"29. Ehinger Jazztage\",\"datePublished\":\"2017-09-07T10:45:37+00:00\",\"mainEntityOfPage\":{\"@id\":\"https:\\\/\\\/www.jazzzeitung.de\\\/cms\\\/2017\\\/09\\\/29-ehinger-jazztage\\\/\"},\"wordCount\":397,\"commentCount\":0,\"publisher\":{\"@id\":\"https:\\\/\\\/www.jazzzeitung.de\\\/cms\\\/#organization\"},\"image\":{\"@id\":\"https:\\\/\\\/www.jazzzeitung.de\\\/cms\\\/2017\\\/09\\\/29-ehinger-jazztage\\\/#primaryimage\"},\"thumbnailUrl\":\"https:\\\/\\\/www.jazzzeitung.de\\\/cms\\\/wp-content\\\/uploads\\\/2017\\\/09\\\/EchoesOfSwingPortrait20Foto20Sascha20Kletzsch20v_l_20Dawson20Hopkins20Mewes20Lhotzky-150x150.jpg\",\"keywords\":[\"Candy Dulfer\",\"Festivals\",\"Jazzclub\",\"Jazzgeschichte\",\"Jazztage\",\"Konzert\",\"Piano\",\"Pink\",\"Swing\"],\"articleSection\":[\"News\"],\"inLanguage\":\"de\",\"potentialAction\":[{\"@type\":\"CommentAction\",\"name\":\"Comment\",\"target\":[\"https:\\\/\\\/www.jazzzeitung.de\\\/cms\\\/2017\\\/09\\\/29-ehinger-jazztage\\\/#respond\"]}]},{\"@type\":\"WebPage\",\"@id\":\"https:\\\/\\\/www.jazzzeitung.de\\\/cms\\\/2017\\\/09\\\/29-ehinger-jazztage\\\/\",\"url\":\"https:\\\/\\\/www.jazzzeitung.de\\\/cms\\\/2017\\\/09\\\/29-ehinger-jazztage\\\/\",\"name\":\"29. Ehinger Jazztage - JazzZeitung\",\"isPartOf\":{\"@id\":\"https:\\\/\\\/www.jazzzeitung.de\\\/cms\\\/#website\"},\"primaryImageOfPage\":{\"@id\":\"https:\\\/\\\/www.jazzzeitung.de\\\/cms\\\/2017\\\/09\\\/29-ehinger-jazztage\\\/#primaryimage\"},\"image\":{\"@id\":\"https:\\\/\\\/www.jazzzeitung.de\\\/cms\\\/2017\\\/09\\\/29-ehinger-jazztage\\\/#primaryimage\"},\"thumbnailUrl\":\"https:\\\/\\\/www.jazzzeitung.de\\\/cms\\\/wp-content\\\/uploads\\\/2017\\\/09\\\/EchoesOfSwingPortrait20Foto20Sascha20Kletzsch20v_l_20Dawson20Hopkins20Mewes20Lhotzky-150x150.jpg\",\"datePublished\":\"2017-09-07T10:45:37+00:00\",\"breadcrumb\":{\"@id\":\"https:\\\/\\\/www.jazzzeitung.de\\\/cms\\\/2017\\\/09\\\/29-ehinger-jazztage\\\/#breadcrumb\"},\"inLanguage\":\"de\",\"potentialAction\":[{\"@type\":\"ReadAction\",\"target\":[\"https:\\\/\\\/www.jazzzeitung.de\\\/cms\\\/2017\\\/09\\\/29-ehinger-jazztage\\\/\"]}]},{\"@type\":\"ImageObject\",\"inLanguage\":\"de\",\"@id\":\"https:\\\/\\\/www.jazzzeitung.de\\\/cms\\\/2017\\\/09\\\/29-ehinger-jazztage\\\/#primaryimage\",\"url\":\"https:\\\/\\\/i0.wp.com\\\/www.jazzzeitung.de\\\/cms\\\/wp-content\\\/uploads\\\/2017\\\/09\\\/EchoesOfSwingPortrait20Foto20Sascha20Kletzsch20v_l_20Dawson20Hopkins20Mewes20Lhotzky.jpg?fit=4648%2C4724&ssl=1\",\"contentUrl\":\"https:\\\/\\\/i0.wp.com\\\/www.jazzzeitung.de\\\/cms\\\/wp-content\\\/uploads\\\/2017\\\/09\\\/EchoesOfSwingPortrait20Foto20Sascha20Kletzsch20v_l_20Dawson20Hopkins20Mewes20Lhotzky.jpg?fit=4648%2C4724&ssl=1\",\"width\":4648,\"height\":4724},{\"@type\":\"BreadcrumbList\",\"@id\":\"https:\\\/\\\/www.jazzzeitung.de\\\/cms\\\/2017\\\/09\\\/29-ehinger-jazztage\\\/#breadcrumb\",\"itemListElement\":[{\"@type\":\"ListItem\",\"position\":1,\"name\":\"Startseite\",\"item\":\"https:\\\/\\\/www.jazzzeitung.de\\\/cms\\\/\"},{\"@type\":\"ListItem\",\"position\":2,\"name\":\"29. Ehinger Jazztage\"}]},{\"@type\":\"WebSite\",\"@id\":\"https:\\\/\\\/www.jazzzeitung.de\\\/cms\\\/#website\",\"url\":\"https:\\\/\\\/www.jazzzeitung.de\\\/cms\\\/\",\"name\":\"JazzZeitung\",\"description\":\"Jazz-News und Jazz-Kontroverses\",\"publisher\":{\"@id\":\"https:\\\/\\\/www.jazzzeitung.de\\\/cms\\\/#organization\"},\"potentialAction\":[{\"@type\":\"SearchAction\",\"target\":{\"@type\":\"EntryPoint\",\"urlTemplate\":\"https:\\\/\\\/www.jazzzeitung.de\\\/cms\\\/?s={search_term_string}\"},\"query-input\":{\"@type\":\"PropertyValueSpecification\",\"valueRequired\":true,\"valueName\":\"search_term_string\"}}],\"inLanguage\":\"de\"},{\"@type\":\"Organization\",\"@id\":\"https:\\\/\\\/www.jazzzeitung.de\\\/cms\\\/#organization\",\"name\":\"JazzZeitung online\",\"url\":\"https:\\\/\\\/www.jazzzeitung.de\\\/cms\\\/\",\"logo\":{\"@type\":\"ImageObject\",\"inLanguage\":\"de\",\"@id\":\"https:\\\/\\\/www.jazzzeitung.de\\\/cms\\\/#\\\/schema\\\/logo\\\/image\\\/\",\"url\":\"https:\\\/\\\/i0.wp.com\\\/www.jazzzeitung.de\\\/cms\\\/wp-content\\\/uploads\\\/2015\\\/08\\\/JAZZZEITUNGDE_Logo_Neu.png?fit=499%2C200&ssl=1\",\"contentUrl\":\"https:\\\/\\\/i0.wp.com\\\/www.jazzzeitung.de\\\/cms\\\/wp-content\\\/uploads\\\/2015\\\/08\\\/JAZZZEITUNGDE_Logo_Neu.png?fit=499%2C200&ssl=1\",\"width\":499,\"height\":200,\"caption\":\"JazzZeitung online\"},\"image\":{\"@id\":\"https:\\\/\\\/www.jazzzeitung.de\\\/cms\\\/#\\\/schema\\\/logo\\\/image\\\/\"},\"sameAs\":[\"https:\\\/\\\/www.facebook.com\\\/JazzZeitung\\\/\"]},{\"@type\":\"Person\",\"@id\":\"https:\\\/\\\/www.jazzzeitung.de\\\/cms\\\/#\\\/schema\\\/person\\\/2245b36b9cd1d24cea10f01c031fb92b\",\"name\":\"Redaktion JazzZeitung\",\"image\":{\"@type\":\"ImageObject\",\"inLanguage\":\"de\",\"@id\":\"https:\\\/\\\/i0.wp.com\\\/www.jazzzeitung.de\\\/cms\\\/wp-content\\\/uploads\\\/2015\\\/08\\\/JAZZZEITUNGDE_Logo_Neu.png?resize=96%2C96&ssl=159975dcacb611b5700bd619b5daf0a7a\",\"url\":\"https:\\\/\\\/i0.wp.com\\\/www.jazzzeitung.de\\\/cms\\\/wp-content\\\/uploads\\\/2015\\\/08\\\/JAZZZEITUNGDE_Logo_Neu.png?resize=96%2C96&ssl=1\",\"contentUrl\":\"https:\\\/\\\/i0.wp.com\\\/www.jazzzeitung.de\\\/cms\\\/wp-content\\\/uploads\\\/2015\\\/08\\\/JAZZZEITUNGDE_Logo_Neu.png?resize=96%2C96&ssl=1\",\"caption\":\"Redaktion JazzZeitung\"},\"description\":\"Artikel der Redaktion der JazzZeitung.\",\"sameAs\":[\"http:\\\/\\\/www.jazzzeitung.de\\\/cms\\\/\"],\"url\":\"https:\\\/\\\/www.jazzzeitung.de\\\/cms\\\/author\\\/redaktion\\\/\"}]}<\/script>\n<!-- \/ Yoast SEO plugin. -->","yoast_head_json":{"title":"29. Ehinger Jazztage - JazzZeitung","robots":{"index":"index","follow":"follow","max-snippet":"max-snippet:-1","max-image-preview":"max-image-preview:large","max-video-preview":"max-video-preview:-1"},"canonical":"https:\/\/www.jazzzeitung.de\/cms\/2017\/09\/29-ehinger-jazztage\/","og_locale":"de_DE","og_type":"article","og_title":"29. Ehinger Jazztage - JazzZeitung","og_description":"Immer am zweiten Oktoberwochenende finden in Ehingen an der Donau die Ehinger Jazztage statt. Die Gemeinschafts-veranstaltung von Jazzclub Ehingen e.V. und dem Kulturamt der Stadt Ehingen startet am Freitag, 6. Oktober, 19.00 Uhr mit einem Konzert der ECHOES OF SWING und der SAZERAC SWINGERS in der Ehinger Lindenhalle. Die ECHOES OF SWING konzertieren seit nunmehr fast 20 Jahren in unver\u00e4nderter Besetzung &#8211; ein in der Jazzgeschichte beinah beispielloses Teamwork. Die zeitgem\u00e4\u00dfe Aufbereitung eines enorm abwechslungsreichen Repertoires und nicht zuletzt die humorvolle Moderation und spontane B\u00fchnenpr\u00e4sentation machten das Ensemble schon bald nach der Gr\u00fcndung zur gefeierten Attraktion vieler namhafter Festivals und etablierten ECHOES OF SWING an der Spitze der internationalen klassischen Jazzszene. THE SAZERAC SWINGERS z\u00e4hlen zu den derzeit besten europ\u00e4ischen Bands, die den aktuellen, jungen New Orleans Jazz so spielen, wie er tats\u00e4chlich heutzutage in seiner Geburtsstadt zu erleben ist. Kein Retro, kein Vintage, kein Revival. Sie haben einen eigenen Sound, eine beeindruckende Energie und Pr\u00e4senz, elektrisieren die Massen auf Festivals und Clubkonzerten und liefern eine Show, die ihresgleichen sucht. Ein besonderes Highlight ist der Auftritt der holl\u00e4ndischen Saxophonistin CANDY DULFER mit ihrer Band am &hellip;","og_url":"https:\/\/www.jazzzeitung.de\/cms\/2017\/09\/29-ehinger-jazztage\/","og_site_name":"JazzZeitung","article_publisher":"https:\/\/www.facebook.com\/JazzZeitung\/","article_published_time":"2017-09-07T10:45:37+00:00","og_image":[{"url":"https:\/\/www.jazzzeitung.de\/cms\/wp-content\/uploads\/2017\/09\/EchoesOfSwingPortrait20Foto20Sascha20Kletzsch20v_l_20Dawson20Hopkins20Mewes20Lhotzky-150x150.jpg","type":"","width":"","height":""}],"author":"Redaktion JazzZeitung","schema":{"@context":"https:\/\/schema.org","@graph":[{"@type":"Article","@id":"https:\/\/www.jazzzeitung.de\/cms\/2017\/09\/29-ehinger-jazztage\/#article","isPartOf":{"@id":"https:\/\/www.jazzzeitung.de\/cms\/2017\/09\/29-ehinger-jazztage\/"},"author":{"name":"Redaktion JazzZeitung","@id":"https:\/\/www.jazzzeitung.de\/cms\/#\/schema\/person\/2245b36b9cd1d24cea10f01c031fb92b"},"headline":"29. Ehinger Jazztage","datePublished":"2017-09-07T10:45:37+00:00","mainEntityOfPage":{"@id":"https:\/\/www.jazzzeitung.de\/cms\/2017\/09\/29-ehinger-jazztage\/"},"wordCount":397,"commentCount":0,"publisher":{"@id":"https:\/\/www.jazzzeitung.de\/cms\/#organization"},"image":{"@id":"https:\/\/www.jazzzeitung.de\/cms\/2017\/09\/29-ehinger-jazztage\/#primaryimage"},"thumbnailUrl":"https:\/\/www.jazzzeitung.de\/cms\/wp-content\/uploads\/2017\/09\/EchoesOfSwingPortrait20Foto20Sascha20Kletzsch20v_l_20Dawson20Hopkins20Mewes20Lhotzky-150x150.jpg","keywords":["Candy Dulfer","Festivals","Jazzclub","Jazzgeschichte","Jazztage","Konzert","Piano","Pink","Swing"],"articleSection":["News"],"inLanguage":"de","potentialAction":[{"@type":"CommentAction","name":"Comment","target":["https:\/\/www.jazzzeitung.de\/cms\/2017\/09\/29-ehinger-jazztage\/#respond"]}]},{"@type":"WebPage","@id":"https:\/\/www.jazzzeitung.de\/cms\/2017\/09\/29-ehinger-jazztage\/","url":"https:\/\/www.jazzzeitung.de\/cms\/2017\/09\/29-ehinger-jazztage\/","name":"29. Ehinger Jazztage - JazzZeitung","isPartOf":{"@id":"https:\/\/www.jazzzeitung.de\/cms\/#website"},"primaryImageOfPage":{"@id":"https:\/\/www.jazzzeitung.de\/cms\/2017\/09\/29-ehinger-jazztage\/#primaryimage"},"image":{"@id":"https:\/\/www.jazzzeitung.de\/cms\/2017\/09\/29-ehinger-jazztage\/#primaryimage"},"thumbnailUrl":"https:\/\/www.jazzzeitung.de\/cms\/wp-content\/uploads\/2017\/09\/EchoesOfSwingPortrait20Foto20Sascha20Kletzsch20v_l_20Dawson20Hopkins20Mewes20Lhotzky-150x150.jpg","datePublished":"2017-09-07T10:45:37+00:00","breadcrumb":{"@id":"https:\/\/www.jazzzeitung.de\/cms\/2017\/09\/29-ehinger-jazztage\/#breadcrumb"},"inLanguage":"de","potentialAction":[{"@type":"ReadAction","target":["https:\/\/www.jazzzeitung.de\/cms\/2017\/09\/29-ehinger-jazztage\/"]}]},{"@type":"ImageObject","inLanguage":"de","@id":"https:\/\/www.jazzzeitung.de\/cms\/2017\/09\/29-ehinger-jazztage\/#primaryimage","url":"https:\/\/i0.wp.com\/www.jazzzeitung.de\/cms\/wp-content\/uploads\/2017\/09\/EchoesOfSwingPortrait20Foto20Sascha20Kletzsch20v_l_20Dawson20Hopkins20Mewes20Lhotzky.jpg?fit=4648%2C4724&ssl=1","contentUrl":"https:\/\/i0.wp.com\/www.jazzzeitung.de\/cms\/wp-content\/uploads\/2017\/09\/EchoesOfSwingPortrait20Foto20Sascha20Kletzsch20v_l_20Dawson20Hopkins20Mewes20Lhotzky.jpg?fit=4648%2C4724&ssl=1","width":4648,"height":4724},{"@type":"BreadcrumbList","@id":"https:\/\/www.jazzzeitung.de\/cms\/2017\/09\/29-ehinger-jazztage\/#breadcrumb","itemListElement":[{"@type":"ListItem","position":1,"name":"Startseite","item":"https:\/\/www.jazzzeitung.de\/cms\/"},{"@type":"ListItem","position":2,"name":"29. Ehinger Jazztage"}]},{"@type":"WebSite","@id":"https:\/\/www.jazzzeitung.de\/cms\/#website","url":"https:\/\/www.jazzzeitung.de\/cms\/","name":"JazzZeitung","description":"Jazz-News und Jazz-Kontroverses","publisher":{"@id":"https:\/\/www.jazzzeitung.de\/cms\/#organization"},"potentialAction":[{"@type":"SearchAction","target":{"@type":"EntryPoint","urlTemplate":"https:\/\/www.jazzzeitung.de\/cms\/?s={search_term_string}"},"query-input":{"@type":"PropertyValueSpecification","valueRequired":true,"valueName":"search_term_string"}}],"inLanguage":"de"},{"@type":"Organization","@id":"https:\/\/www.jazzzeitung.de\/cms\/#organization","name":"JazzZeitung online","url":"https:\/\/www.jazzzeitung.de\/cms\/","logo":{"@type":"ImageObject","inLanguage":"de","@id":"https:\/\/www.jazzzeitung.de\/cms\/#\/schema\/logo\/image\/","url":"https:\/\/i0.wp.com\/www.jazzzeitung.de\/cms\/wp-content\/uploads\/2015\/08\/JAZZZEITUNGDE_Logo_Neu.png?fit=499%2C200&ssl=1","contentUrl":"https:\/\/i0.wp.com\/www.jazzzeitung.de\/cms\/wp-content\/uploads\/2015\/08\/JAZZZEITUNGDE_Logo_Neu.png?fit=499%2C200&ssl=1","width":499,"height":200,"caption":"JazzZeitung online"},"image":{"@id":"https:\/\/www.jazzzeitung.de\/cms\/#\/schema\/logo\/image\/"},"sameAs":["https:\/\/www.facebook.com\/JazzZeitung\/"]},{"@type":"Person","@id":"https:\/\/www.jazzzeitung.de\/cms\/#\/schema\/person\/2245b36b9cd1d24cea10f01c031fb92b","name":"Redaktion JazzZeitung","image":{"@type":"ImageObject","inLanguage":"de","@id":"https:\/\/i0.wp.com\/www.jazzzeitung.de\/cms\/wp-content\/uploads\/2015\/08\/JAZZZEITUNGDE_Logo_Neu.png?resize=96%2C96&ssl=159975dcacb611b5700bd619b5daf0a7a","url":"https:\/\/i0.wp.com\/www.jazzzeitung.de\/cms\/wp-content\/uploads\/2015\/08\/JAZZZEITUNGDE_Logo_Neu.png?resize=96%2C96&ssl=1","contentUrl":"https:\/\/i0.wp.com\/www.jazzzeitung.de\/cms\/wp-content\/uploads\/2015\/08\/JAZZZEITUNGDE_Logo_Neu.png?resize=96%2C96&ssl=1","caption":"Redaktion JazzZeitung"},"description":"Artikel der Redaktion der JazzZeitung.","sameAs":["http:\/\/www.jazzzeitung.de\/cms\/"],"url":"https:\/\/www.jazzzeitung.de\/cms\/author\/redaktion\/"}]}},"wp-worthy-pixel":{"ignored":false,"public":null,"server":null,"url":null},"wp-worthy-type":"normal","jetpack_publicize_connections":[],"cc_featured_image_caption":{"caption_text":false,"source_text":false,"source_url":false},"jetpack_featured_media_url":"","jetpack_shortlink":"https:\/\/wp.me\/p3KEcT-3v5","jetpack-related-posts":[{"id":17135,"url":"https:\/\/www.jazzzeitung.de\/cms\/2018\/09\/news-will-jacobs-blues-band-spielen-auf-der-piano-buehne-kleinhenz\/","url_meta":{"origin":13459,"position":0},"title":"+++ News +++ Will Jacobs &#038; Blues-Band spielen auf der Piano-B\u00fchne Kleinhenz +++ 12. Deidesheimer Jazz-Wanderung +++ SWR Big Band mit Joo Kraus bei den Ehinger Jazztagen +++","author":"Redaktion JazzZeitung","date":"6. September 2018","format":false,"excerpt":"+++ Will Jacobs & Blues-Band spielen aufder Piano-B\u00fchne Kleinhenz +++ Immer wieder l\u00e4dt das Piano-Center Kleinhenz in Bad Kissingen\/Oberthulba zu Jazz-Konzerten auf der eigenen Piano-B\u00fchne ein. So spielten im aktuellen Jahr bereits unter anderen Adriano Prestel, Garry Wiggins und Will Jacobs inmitten des Fl\u00fcgelsortiments. Letzterer will es am 19. Oktober\u2026","rel":"","context":"In &quot;News&quot;","block_context":{"text":"News","link":"https:\/\/www.jazzzeitung.de\/cms\/thema\/nachrichten\/"},"img":{"alt_text":"","src":"https:\/\/i0.wp.com\/www.jazzzeitung.de\/cms\/wp-content\/uploads\/2018\/09\/36755002-1310726789059841-4253428575631310848-o.jpg?fit=1024%2C683&ssl=1&resize=350%2C200","width":350,"height":200,"srcset":"https:\/\/i0.wp.com\/www.jazzzeitung.de\/cms\/wp-content\/uploads\/2018\/09\/36755002-1310726789059841-4253428575631310848-o.jpg?fit=1024%2C683&ssl=1&resize=350%2C200 1x, https:\/\/i0.wp.com\/www.jazzzeitung.de\/cms\/wp-content\/uploads\/2018\/09\/36755002-1310726789059841-4253428575631310848-o.jpg?fit=1024%2C683&ssl=1&resize=525%2C300 1.5x, https:\/\/i0.wp.com\/www.jazzzeitung.de\/cms\/wp-content\/uploads\/2018\/09\/36755002-1310726789059841-4253428575631310848-o.jpg?fit=1024%2C683&ssl=1&resize=700%2C400 2x"},"classes":[]},{"id":23317,"url":"https:\/\/www.jazzzeitung.de\/cms\/2020\/09\/newseroeffnung-des-jazzclub-erfurt44-leipziger-jazztage\/","url_meta":{"origin":13459,"position":1},"title":"+++News:+++Er\u00f6ffnung des Jazzclub Erfurt+++44. Leipziger Jazztage+++","author":"Redaktion JazzZeitung","date":"3. September 2020","format":false,"excerpt":"Er\u00f6ffnungswochenende des Jazzclub Erfurt Der Jazzclub Erfurt musste nach fast 39-j\u00e4hriger Geschichte Ende des Jahres 2019 seine R\u00e4umlichkeiten unter dem Gildehaus am Fischmarkt aufgeben. Der seit 1998 verwendete Jazzkeller wurde durch die Handwerkskammer Th\u00fcringen gek\u00fcndigt. Mit Hilfe der Stadt Erfurt wurde nun eine neue Spielst\u00e4tte in den R\u00e4umen des Th\u00fcringer\u2026","rel":"","context":"In &quot;Galerie&quot;","block_context":{"text":"Galerie","link":"https:\/\/www.jazzzeitung.de\/cms\/thema\/galerie\/"},"img":{"alt_text":"","src":"https:\/\/i0.wp.com\/www.jazzzeitung.de\/cms\/wp-content\/uploads\/2020\/09\/Sachse-Reinhardt_22-e1599126813279.jpg?fit=782%2C656&ssl=1&resize=350%2C200","width":350,"height":200,"srcset":"https:\/\/i0.wp.com\/www.jazzzeitung.de\/cms\/wp-content\/uploads\/2020\/09\/Sachse-Reinhardt_22-e1599126813279.jpg?fit=782%2C656&ssl=1&resize=350%2C200 1x, https:\/\/i0.wp.com\/www.jazzzeitung.de\/cms\/wp-content\/uploads\/2020\/09\/Sachse-Reinhardt_22-e1599126813279.jpg?fit=782%2C656&ssl=1&resize=525%2C300 1.5x, https:\/\/i0.wp.com\/www.jazzzeitung.de\/cms\/wp-content\/uploads\/2020\/09\/Sachse-Reinhardt_22-e1599126813279.jpg?fit=782%2C656&ssl=1&resize=700%2C400 2x"},"classes":[]},{"id":2575,"url":"https:\/\/www.jazzzeitung.de\/cms\/2013\/10\/jazztage-dresden\/","url_meta":{"origin":13459,"position":2},"title":"Jazztage Dresden","author":"Redaktion JazzZeitung","date":"30. Oktober 2013","format":false,"excerpt":"Die Jazztage in Dresden stehen wieder vor der T\u00fcr: Am 8. November 2013 startet das l\u00e4ngste Jazzfestival Mitteldeutschlands. Es hat im 13. Jahr seines Bestehens noch mehr zu bieten \u2013 noch mehr Bands, noch mehr Konzerte, noch mehr Spielst\u00e4tten, noch mehr Jazz \u2013 als je zuvor. Unter dem Motto international\u2026","rel":"","context":"In &quot;News&quot;","block_context":{"text":"News","link":"https:\/\/www.jazzzeitung.de\/cms\/thema\/nachrichten\/"},"img":{"alt_text":"Jazztage Dresden","src":"http:\/\/www.jazzzeitung.de\/cms\/wp-content\/uploads\/2013\/10\/Jazztage-Dresden.bmp","width":350,"height":200},"classes":[]},{"id":2268,"url":"https:\/\/www.jazzzeitung.de\/cms\/2013\/09\/einer-woche-gehts-los-37-leipziger-jazztage\/","url_meta":{"origin":13459,"position":3},"title":"In einer Woche geht&#8217;s los: 37. Leipziger Jazztage","author":"Redaktion JazzZeitung","date":"23. September 2013","format":false,"excerpt":"Die 37. Leipziger Jazztage blicken vom 27. September bis 6. Oktober 2013 mit einem musikalischen Augenzwinkern auf Richard Wagner. Anlass daf\u00fcr geben der 200. Geburtstag Wagners und der 20. Todestag Zappas, dessen parodistischer Umgang mit Wagner Ausgangspunkt f\u00fcr die Programmgestaltung war. So tritt hier der gr\u00f6\u00dfte Held der deutschen Sp\u00e4tromantik,\u2026","rel":"","context":"In &quot;News&quot;","block_context":{"text":"News","link":"https:\/\/www.jazzzeitung.de\/cms\/thema\/nachrichten\/"},"img":{"alt_text":"hai'leipzig","src":"https:\/\/i0.wp.com\/www.jazzzeitung.de\/cms\/wp-content\/uploads\/2013\/09\/haileipzig-150x150.jpg?resize=350%2C200","width":350,"height":200},"classes":[]},{"id":5391,"url":"https:\/\/www.jazzzeitung.de\/cms\/2015\/02\/news-cd-release-von-esther-kaiser-nominierungen-fuer-den-swizz-jazz-award-2015-39-leipziger-jazztage-eroeffnungskonzert-40-jahre-jazz-zirkel-weiden-hfm-nuernberg-programmh\/","url_meta":{"origin":13459,"position":4},"title":"CD von Esther Kaiser +++ Swiss Jazz Award +++ Leipziger Jazztage +++ Jazz Zirkel Weiden +++ HfM N\u00fcrnberg aktuell","author":"Redaktion JazzZeitung","date":"3. Februar 2015","format":false,"excerpt":"CD-Release von Esther Kaiser Mit einer erlesenen Band um den Pianisten Tino Derado und den Kontrabassisten Marc Muellbauer stellt Esther Kaiser ihr neues Herzensprojekt vor: \u201eLearning How to Listen \u2013 The Music of Abbey Lincoln\u201c (GLM\/Soulfood). Damit gibt sich eine der aufregendsten Stimmen im deutschen Vokaljazz am 6. Februar (21\u2026","rel":"","context":"In &quot;News&quot;","block_context":{"text":"News","link":"https:\/\/www.jazzzeitung.de\/cms\/thema\/nachrichten\/"},"img":{"alt_text":"Esther Kaiser stellt in Hamburg ihre neue CD vor","src":"https:\/\/i0.wp.com\/www.jazzzeitung.de\/cms\/wp-content\/uploads\/2015\/02\/esther_kaiser_-150x150.jpg?resize=350%2C200","width":350,"height":200},"classes":[]},{"id":9361,"url":"https:\/\/www.jazzzeitung.de\/cms\/2016\/05\/news-mehrere-jazzevents-klopfen-der-tuer-erdingen-goerlitz-und-im-spaetherbst-dresden\/","url_meta":{"origin":13459,"position":5},"title":"+++ News: +++ Mehrere Jazzevents klopfen an der T\u00fcr: Erding, G\u00f6rlitz und im Sp\u00e4therbst: Dresden +++","author":"Redaktion JazzZeitung","date":"20. Mai 2016","format":false,"excerpt":"Einige Jazzevents klopfen nun an die T\u00fcr \u2013 beginnend am 25. Mai in Erding \u00fcber G\u00f6rlitz am 26. Mai bis nach Dresden, wo am 2. Juni der Kartenvorverkauf f\u00fcr die Dresdener Jazztage startet. Am Mittwoch geht es wieder los mit den Konzerten des Jazz Project Erding im renovierten und neu\u2026","rel":"","context":"In &quot;News&quot;","block_context":{"text":"News","link":"https:\/\/www.jazzzeitung.de\/cms\/thema\/nachrichten\/"},"img":{"alt_text":"","src":"https:\/\/i0.wp.com\/www.jazzzeitung.de\/cms\/wp-content\/uploads\/2016\/05\/JazzLegends-feat-Julia-Schroeter_800x367_4w3.jpg?resize=350%2C200","width":350,"height":200},"classes":[]}],"jetpack_sharing_enabled":true,"_links":{"self":[{"href":"https:\/\/www.jazzzeitung.de\/cms\/wp-json\/wp\/v2\/posts\/13459","targetHints":{"allow":["GET"]}}],"collection":[{"href":"https:\/\/www.jazzzeitung.de\/cms\/wp-json\/wp\/v2\/posts"}],"about":[{"href":"https:\/\/www.jazzzeitung.de\/cms\/wp-json\/wp\/v2\/types\/post"}],"author":[{"embeddable":true,"href":"https:\/\/www.jazzzeitung.de\/cms\/wp-json\/wp\/v2\/users\/18"}],"replies":[{"embeddable":true,"href":"https:\/\/www.jazzzeitung.de\/cms\/wp-json\/wp\/v2\/comments?post=13459"}],"version-history":[{"count":3,"href":"https:\/\/www.jazzzeitung.de\/cms\/wp-json\/wp\/v2\/posts\/13459\/revisions"}],"predecessor-version":[{"id":13465,"href":"https:\/\/www.jazzzeitung.de\/cms\/wp-json\/wp\/v2\/posts\/13459\/revisions\/13465"}],"wp:attachment":[{"href":"https:\/\/www.jazzzeitung.de\/cms\/wp-json\/wp\/v2\/media?parent=13459"}],"wp:term":[{"taxonomy":"category","embeddable":true,"href":"https:\/\/www.jazzzeitung.de\/cms\/wp-json\/wp\/v2\/categories?post=13459"},{"taxonomy":"post_tag","embeddable":true,"href":"https:\/\/www.jazzzeitung.de\/cms\/wp-json\/wp\/v2\/tags?post=13459"},{"taxonomy":"author","embeddable":true,"href":"https:\/\/www.jazzzeitung.de\/cms\/wp-json\/wp\/v2\/coauthors?post=13459"}],"curies":[{"name":"wp","href":"https:\/\/api.w.org\/{rel}","templated":true}]}}