{"id":13437,"date":"2017-08-29T12:00:23","date_gmt":"2017-08-29T10:00:23","guid":{"rendered":"https:\/\/www.jazzzeitung.de\/cms\/?p=13437"},"modified":"2017-10-17T11:13:03","modified_gmt":"2017-10-17T09:13:03","slug":"hamburger-jazz-sommerprogramm-in-der-elbphilharmonie","status":"publish","type":"post","link":"https:\/\/www.jazzzeitung.de\/cms\/2017\/08\/hamburger-jazz-sommerprogramm-in-der-elbphilharmonie\/","title":{"rendered":"Hamburger \u201eJazz\u201c- Sommerprogramm in der Elbphilharmonie"},"content":{"rendered":"<p>Die Hamburger Elbphilharmonie veranstaltete in den vier Augustwochen einen vielseitigen Konzertsommer: Klassik, World-, Filmmusik &amp; Jazz wechselten sich ab und boten dem Publikum ein spannendes Programm. Im Jazz mit von der Partie u.a. Omar Sosa, die Monika Roscher Big Band und das Andromeda Mega Express Orchestra. Alles im gro\u00dfen Konzertsaal und nat\u00fcrlich vor ausverkauftem Haus.<\/p>\n<div class=\"tiled-gallery type-rectangular tiled-gallery-unresized\" data-original-width=\"840\" data-carousel-extra='{&quot;blog_id&quot;:1,&quot;permalink&quot;:&quot;https:\\\/\\\/www.jazzzeitung.de\\\/cms\\\/2017\\\/08\\\/hamburger-jazz-sommerprogramm-in-der-elbphilharmonie\\\/&quot;,&quot;likes_blog_id&quot;:55446655}' itemscope itemtype=\"http:\/\/schema.org\/ImageGallery\" > <div class=\"gallery-row\" style=\"width: 840px; height: 375px;\" data-original-width=\"840\" data-original-height=\"375\" > <div class=\"gallery-group images-1\" style=\"width: 561px; height: 375px;\" data-original-width=\"561\" data-original-height=\"375\" > <div class=\"tiled-gallery-item tiled-gallery-item-large\" itemprop=\"associatedMedia\" itemscope itemtype=\"http:\/\/schema.org\/ImageObject\"> <a href=\"https:\/\/www.jazzzeitung.de\/cms\/2017\/08\/hamburger-jazz-sommerprogramm-in-der-elbphilharmonie\/p1530252-omar-sosa-quarteto-afrocubano-foto-tj-krebs-jazzphotoagencyweb-de\/\" border=\"0\" itemprop=\"url\"> <meta itemprop=\"width\" content=\"557\"> <meta itemprop=\"height\" content=\"371\"> <img decoding=\"async\" class=\"\" data-attachment-id=\"13439\" data-orig-file=\"https:\/\/www.jazzzeitung.de\/cms\/wp-content\/uploads\/2017\/08\/P1530252-Omar-Sosa-Quarteto-AfroCubano-Foto-TJ-Krebs-jazzphotoagency@web.de_.jpg\" data-orig-size=\"1800,1200\" data-comments-opened=\"1\" data-image-meta=\"{&quot;aperture&quot;:&quot;0&quot;,&quot;credit&quot;:&quot;&quot;,&quot;camera&quot;:&quot;&quot;,&quot;caption&quot;:&quot;&quot;,&quot;created_timestamp&quot;:&quot;0&quot;,&quot;copyright&quot;:&quot;&quot;,&quot;focal_length&quot;:&quot;0&quot;,&quot;iso&quot;:&quot;0&quot;,&quot;shutter_speed&quot;:&quot;0&quot;,&quot;title&quot;:&quot;&quot;,&quot;orientation&quot;:&quot;0&quot;}\" data-image-title=\"P1530252 Omar Sosa Quarteto AfroCubano &amp;#8211; Foto TJ Krebs jazzphotoagency@web.de\" data-image-description=\"\" data-medium-file=\"https:\/\/i0.wp.com\/www.jazzzeitung.de\/cms\/wp-content\/uploads\/2017\/08\/P1530252-Omar-Sosa-Quarteto-AfroCubano-Foto-TJ-Krebs-jazzphotoagency%40web.de_.jpg?fit=300%2C200&#038;ssl=1\" data-large-file=\"https:\/\/i0.wp.com\/www.jazzzeitung.de\/cms\/wp-content\/uploads\/2017\/08\/P1530252-Omar-Sosa-Quarteto-AfroCubano-Foto-TJ-Krebs-jazzphotoagency%40web.de_.jpg?fit=840%2C560&#038;ssl=1\" src=\"https:\/\/i0.wp.com\/www.jazzzeitung.de\/cms\/wp-content\/uploads\/2017\/08\/P1530252-Omar-Sosa-Quarteto-AfroCubano-Foto-TJ-Krebs-jazzphotoagency%40web.de_.jpg?w=557&#038;h=371&#038;ssl=1\" width=\"557\" height=\"371\" loading=\"lazy\" data-original-width=\"557\" data-original-height=\"371\" itemprop=\"http:\/\/schema.org\/image\" title=\"P1530252 Omar Sosa Quarteto AfroCubano - Foto TJ Krebs jazzphotoagency@web.de\" alt=\"Omar Sosa Quarteto AfroCubano. Foto: Thomas J. Krebs\" style=\"width: 557px; height: 371px;\" \/> <\/a> <div class=\"tiled-gallery-caption\" itemprop=\"caption description\"> Omar Sosa Quarteto AfroCubano. Foto: Thomas J. Krebs <\/div> <\/div> <\/div> <!-- close group --> <div class=\"gallery-group images-2\" style=\"width: 279px; height: 375px;\" data-original-width=\"279\" data-original-height=\"375\" > <div class=\"tiled-gallery-item tiled-gallery-item-large\" itemprop=\"associatedMedia\" itemscope itemtype=\"http:\/\/schema.org\/ImageObject\"> <a href=\"https:\/\/www.jazzzeitung.de\/cms\/2017\/08\/hamburger-jazz-sommerprogramm-in-der-elbphilharmonie\/p1530341-omar-sosa-foto-tj-krebs-jazzphotoagencyweb-de\/\" border=\"0\" itemprop=\"url\"> <meta itemprop=\"width\" content=\"275\"> <meta itemprop=\"height\" content=\"184\"> <img decoding=\"async\" class=\"\" data-attachment-id=\"13440\" data-orig-file=\"https:\/\/www.jazzzeitung.de\/cms\/wp-content\/uploads\/2017\/08\/P1530341-Omar-Sosa-Foto-TJ-Krebs-jazzphotoagency@web.de_.jpg\" data-orig-size=\"1800,1200\" data-comments-opened=\"1\" data-image-meta=\"{&quot;aperture&quot;:&quot;0&quot;,&quot;credit&quot;:&quot;&quot;,&quot;camera&quot;:&quot;&quot;,&quot;caption&quot;:&quot;&quot;,&quot;created_timestamp&quot;:&quot;0&quot;,&quot;copyright&quot;:&quot;&quot;,&quot;focal_length&quot;:&quot;0&quot;,&quot;iso&quot;:&quot;0&quot;,&quot;shutter_speed&quot;:&quot;0&quot;,&quot;title&quot;:&quot;&quot;,&quot;orientation&quot;:&quot;0&quot;}\" data-image-title=\"P1530341 Omar Sosa &amp;#8211; Foto TJ Krebs jazzphotoagency@web.de\" data-image-description=\"&lt;p&gt;Omar Sosa. Foto: Thomas J. Krebs&lt;\/p&gt; \" data-medium-file=\"https:\/\/i0.wp.com\/www.jazzzeitung.de\/cms\/wp-content\/uploads\/2017\/08\/P1530341-Omar-Sosa-Foto-TJ-Krebs-jazzphotoagency%40web.de_.jpg?fit=300%2C200&#038;ssl=1\" data-large-file=\"https:\/\/i0.wp.com\/www.jazzzeitung.de\/cms\/wp-content\/uploads\/2017\/08\/P1530341-Omar-Sosa-Foto-TJ-Krebs-jazzphotoagency%40web.de_.jpg?fit=840%2C560&#038;ssl=1\" src=\"https:\/\/i0.wp.com\/www.jazzzeitung.de\/cms\/wp-content\/uploads\/2017\/08\/P1530341-Omar-Sosa-Foto-TJ-Krebs-jazzphotoagency%40web.de_.jpg?w=275&#038;h=184&#038;ssl=1\" width=\"275\" height=\"184\" loading=\"lazy\" data-original-width=\"275\" data-original-height=\"184\" itemprop=\"http:\/\/schema.org\/image\" title=\"P1530341 Omar Sosa - Foto TJ Krebs jazzphotoagency@web.de\" alt=\"Omar Sosa. Foto: Thomas J. Krebs\" style=\"width: 275px; height: 184px;\" \/> <\/a> <div class=\"tiled-gallery-caption\" itemprop=\"caption description\"> Omar Sosa. Foto: Thomas J. Krebs <\/div> <\/div> <div class=\"tiled-gallery-item tiled-gallery-item-large\" itemprop=\"associatedMedia\" itemscope itemtype=\"http:\/\/schema.org\/ImageObject\"> <a href=\"https:\/\/www.jazzzeitung.de\/cms\/2017\/08\/hamburger-jazz-sommerprogramm-in-der-elbphilharmonie\/p1530358-childo-tomas-foto-tj-krebs-jazzphotoagencyweb-de\/\" border=\"0\" itemprop=\"url\"> <meta itemprop=\"width\" content=\"275\"> <meta itemprop=\"height\" content=\"183\"> <img decoding=\"async\" class=\"\" data-attachment-id=\"13441\" data-orig-file=\"https:\/\/www.jazzzeitung.de\/cms\/wp-content\/uploads\/2017\/08\/P1530358-Childo-Tomas-Foto-TJ-Krebs-jazzphotoagency@web.de_.jpg\" data-orig-size=\"1800,1200\" data-comments-opened=\"1\" data-image-meta=\"{&quot;aperture&quot;:&quot;0&quot;,&quot;credit&quot;:&quot;&quot;,&quot;camera&quot;:&quot;&quot;,&quot;caption&quot;:&quot;&quot;,&quot;created_timestamp&quot;:&quot;0&quot;,&quot;copyright&quot;:&quot;&quot;,&quot;focal_length&quot;:&quot;0&quot;,&quot;iso&quot;:&quot;0&quot;,&quot;shutter_speed&quot;:&quot;0&quot;,&quot;title&quot;:&quot;&quot;,&quot;orientation&quot;:&quot;0&quot;}\" data-image-title=\"P1530358 Childo Tomas &amp;#8211; Foto TJ Krebs jazzphotoagency@web.de\" data-image-description=\"\" data-medium-file=\"https:\/\/i0.wp.com\/www.jazzzeitung.de\/cms\/wp-content\/uploads\/2017\/08\/P1530358-Childo-Tomas-Foto-TJ-Krebs-jazzphotoagency%40web.de_.jpg?fit=300%2C200&#038;ssl=1\" data-large-file=\"https:\/\/i0.wp.com\/www.jazzzeitung.de\/cms\/wp-content\/uploads\/2017\/08\/P1530358-Childo-Tomas-Foto-TJ-Krebs-jazzphotoagency%40web.de_.jpg?fit=840%2C560&#038;ssl=1\" src=\"https:\/\/i0.wp.com\/www.jazzzeitung.de\/cms\/wp-content\/uploads\/2017\/08\/P1530358-Childo-Tomas-Foto-TJ-Krebs-jazzphotoagency%40web.de_.jpg?w=275&#038;h=183&#038;ssl=1\" width=\"275\" height=\"183\" loading=\"lazy\" data-original-width=\"275\" data-original-height=\"183\" itemprop=\"http:\/\/schema.org\/image\" title=\"P1530358 Childo Tomas - Foto TJ Krebs jazzphotoagency@web.de\" alt=\"Childo Tomas. Foto: Thomas J. Krebs\" style=\"width: 275px; height: 183px;\" \/> <\/a> <div class=\"tiled-gallery-caption\" itemprop=\"caption description\"> Childo Tomas. Foto: Thomas J. Krebs <\/div> <\/div> <\/div> <!-- close group --> <\/div> <!-- close row --> <div class=\"gallery-row\" style=\"width: 840px; height: 188px;\" data-original-width=\"840\" data-original-height=\"188\" > <div class=\"gallery-group images-1\" style=\"width: 280px; height: 188px;\" data-original-width=\"280\" data-original-height=\"188\" > <div class=\"tiled-gallery-item tiled-gallery-item-large\" itemprop=\"associatedMedia\" itemscope itemtype=\"http:\/\/schema.org\/ImageObject\"> <a href=\"https:\/\/www.jazzzeitung.de\/cms\/2017\/08\/hamburger-jazz-sommerprogramm-in-der-elbphilharmonie\/p1530374-ernesto-simpson-foto-tj-krebs-jazzphotoagencyweb-de\/\" border=\"0\" itemprop=\"url\"> <meta itemprop=\"width\" content=\"276\"> <meta itemprop=\"height\" content=\"184\"> <img decoding=\"async\" class=\"\" data-attachment-id=\"13442\" data-orig-file=\"https:\/\/www.jazzzeitung.de\/cms\/wp-content\/uploads\/2017\/08\/P1530374-Ernesto-Simpson-Foto-TJ-Krebs-jazzphotoagency@web.de_.jpg\" data-orig-size=\"1800,1200\" data-comments-opened=\"1\" data-image-meta=\"{&quot;aperture&quot;:&quot;0&quot;,&quot;credit&quot;:&quot;&quot;,&quot;camera&quot;:&quot;&quot;,&quot;caption&quot;:&quot;&quot;,&quot;created_timestamp&quot;:&quot;0&quot;,&quot;copyright&quot;:&quot;&quot;,&quot;focal_length&quot;:&quot;0&quot;,&quot;iso&quot;:&quot;0&quot;,&quot;shutter_speed&quot;:&quot;0&quot;,&quot;title&quot;:&quot;&quot;,&quot;orientation&quot;:&quot;0&quot;}\" data-image-title=\"P1530374 Ernesto Simpson &amp;#8211; Foto TJ Krebs jazzphotoagency@web.de\" data-image-description=\"\" data-medium-file=\"https:\/\/i0.wp.com\/www.jazzzeitung.de\/cms\/wp-content\/uploads\/2017\/08\/P1530374-Ernesto-Simpson-Foto-TJ-Krebs-jazzphotoagency%40web.de_.jpg?fit=300%2C200&#038;ssl=1\" data-large-file=\"https:\/\/i0.wp.com\/www.jazzzeitung.de\/cms\/wp-content\/uploads\/2017\/08\/P1530374-Ernesto-Simpson-Foto-TJ-Krebs-jazzphotoagency%40web.de_.jpg?fit=840%2C560&#038;ssl=1\" src=\"https:\/\/i0.wp.com\/www.jazzzeitung.de\/cms\/wp-content\/uploads\/2017\/08\/P1530374-Ernesto-Simpson-Foto-TJ-Krebs-jazzphotoagency%40web.de_.jpg?w=276&#038;h=184&#038;ssl=1\" width=\"276\" height=\"184\" loading=\"lazy\" data-original-width=\"276\" data-original-height=\"184\" itemprop=\"http:\/\/schema.org\/image\" title=\"P1530374 Ernesto Simpson - Foto TJ Krebs jazzphotoagency@web.de\" alt=\"Ernesto Simpson. Foto: Thomas J. Krebs\" style=\"width: 276px; height: 184px;\" \/> <\/a> <div class=\"tiled-gallery-caption\" itemprop=\"caption description\"> Ernesto Simpson. Foto: Thomas J. Krebs <\/div> <\/div> <\/div> <!-- close group --> <div class=\"gallery-group images-1\" style=\"width: 280px; height: 188px;\" data-original-width=\"280\" data-original-height=\"188\" > <div class=\"tiled-gallery-item tiled-gallery-item-large\" itemprop=\"associatedMedia\" itemscope itemtype=\"http:\/\/schema.org\/ImageObject\"> <a href=\"https:\/\/www.jazzzeitung.de\/cms\/2017\/08\/hamburger-jazz-sommerprogramm-in-der-elbphilharmonie\/p1530414-leandro-saint-hill-foto-tj-krebs-jazzphotoagencyweb-de\/\" border=\"0\" itemprop=\"url\"> <meta itemprop=\"width\" content=\"276\"> <meta itemprop=\"height\" content=\"184\"> <img decoding=\"async\" class=\"\" data-attachment-id=\"13443\" data-orig-file=\"https:\/\/www.jazzzeitung.de\/cms\/wp-content\/uploads\/2017\/08\/P1530414-Leandro-Saint-Hill-Foto-TJ-Krebs-jazzphotoagency@web.de_.jpg\" data-orig-size=\"1800,1200\" data-comments-opened=\"1\" data-image-meta=\"{&quot;aperture&quot;:&quot;0&quot;,&quot;credit&quot;:&quot;&quot;,&quot;camera&quot;:&quot;&quot;,&quot;caption&quot;:&quot;&quot;,&quot;created_timestamp&quot;:&quot;0&quot;,&quot;copyright&quot;:&quot;&quot;,&quot;focal_length&quot;:&quot;0&quot;,&quot;iso&quot;:&quot;0&quot;,&quot;shutter_speed&quot;:&quot;0&quot;,&quot;title&quot;:&quot;&quot;,&quot;orientation&quot;:&quot;0&quot;}\" data-image-title=\"P1530414 Leandro Saint-Hill &amp;#8211; Foto TJ Krebs jazzphotoagency@web.de\" data-image-description=\"\" data-medium-file=\"https:\/\/i0.wp.com\/www.jazzzeitung.de\/cms\/wp-content\/uploads\/2017\/08\/P1530414-Leandro-Saint-Hill-Foto-TJ-Krebs-jazzphotoagency%40web.de_.jpg?fit=300%2C200&#038;ssl=1\" data-large-file=\"https:\/\/i0.wp.com\/www.jazzzeitung.de\/cms\/wp-content\/uploads\/2017\/08\/P1530414-Leandro-Saint-Hill-Foto-TJ-Krebs-jazzphotoagency%40web.de_.jpg?fit=840%2C560&#038;ssl=1\" src=\"https:\/\/i0.wp.com\/www.jazzzeitung.de\/cms\/wp-content\/uploads\/2017\/08\/P1530414-Leandro-Saint-Hill-Foto-TJ-Krebs-jazzphotoagency%40web.de_.jpg?w=276&#038;h=184&#038;ssl=1\" width=\"276\" height=\"184\" loading=\"lazy\" data-original-width=\"276\" data-original-height=\"184\" itemprop=\"http:\/\/schema.org\/image\" title=\"P1530414 Leandro Saint-Hill - Foto TJ Krebs jazzphotoagency@web.de\" alt=\"Leandro Saint-Hill. Foto: Thomas J. Krebs\" style=\"width: 276px; height: 184px;\" \/> <\/a> <div class=\"tiled-gallery-caption\" itemprop=\"caption description\"> Leandro Saint-Hill. Foto: Thomas J. Krebs <\/div> <\/div> <\/div> <!-- close group --> <div class=\"gallery-group images-1\" style=\"width: 280px; height: 188px;\" data-original-width=\"280\" data-original-height=\"188\" > <div class=\"tiled-gallery-item tiled-gallery-item-large\" itemprop=\"associatedMedia\" itemscope itemtype=\"http:\/\/schema.org\/ImageObject\"> <a href=\"https:\/\/www.jazzzeitung.de\/cms\/2017\/08\/hamburger-jazz-sommerprogramm-in-der-elbphilharmonie\/p1530495-elbphilharmonie-foto-tj-krebs-jazzphotoagencyweb-de\/\" border=\"0\" itemprop=\"url\"> <meta itemprop=\"width\" content=\"276\"> <meta itemprop=\"height\" content=\"184\"> <img decoding=\"async\" class=\"\" data-attachment-id=\"13444\" data-orig-file=\"https:\/\/www.jazzzeitung.de\/cms\/wp-content\/uploads\/2017\/08\/P1530495-Elbphilharmonie-Foto-TJ-Krebs-jazzphotoagency@web.de_.jpg\" data-orig-size=\"1800,1200\" data-comments-opened=\"1\" data-image-meta=\"{&quot;aperture&quot;:&quot;0&quot;,&quot;credit&quot;:&quot;&quot;,&quot;camera&quot;:&quot;&quot;,&quot;caption&quot;:&quot;&quot;,&quot;created_timestamp&quot;:&quot;0&quot;,&quot;copyright&quot;:&quot;&quot;,&quot;focal_length&quot;:&quot;0&quot;,&quot;iso&quot;:&quot;0&quot;,&quot;shutter_speed&quot;:&quot;0&quot;,&quot;title&quot;:&quot;&quot;,&quot;orientation&quot;:&quot;0&quot;}\" data-image-title=\"P1530495 Elbphilharmonie &amp;#8211; Foto TJ Krebs jazzphotoagency@web.de\" data-image-description=\"\" data-medium-file=\"https:\/\/i0.wp.com\/www.jazzzeitung.de\/cms\/wp-content\/uploads\/2017\/08\/P1530495-Elbphilharmonie-Foto-TJ-Krebs-jazzphotoagency%40web.de_.jpg?fit=300%2C200&#038;ssl=1\" data-large-file=\"https:\/\/i0.wp.com\/www.jazzzeitung.de\/cms\/wp-content\/uploads\/2017\/08\/P1530495-Elbphilharmonie-Foto-TJ-Krebs-jazzphotoagency%40web.de_.jpg?fit=840%2C560&#038;ssl=1\" src=\"https:\/\/i0.wp.com\/www.jazzzeitung.de\/cms\/wp-content\/uploads\/2017\/08\/P1530495-Elbphilharmonie-Foto-TJ-Krebs-jazzphotoagency%40web.de_.jpg?w=276&#038;h=184&#038;ssl=1\" width=\"276\" height=\"184\" loading=\"lazy\" data-original-width=\"276\" data-original-height=\"184\" itemprop=\"http:\/\/schema.org\/image\" title=\"P1530495 Elbphilharmonie - Foto TJ Krebs jazzphotoagency@web.de\" alt=\"Architektur und Akustik exzeptionell - nur das Hamburger Wetter macht mies an. Foto: Thomas J. Krebs\" style=\"width: 276px; height: 184px;\" \/> <\/a> <div class=\"tiled-gallery-caption\" itemprop=\"caption description\"> Architektur und Akustik exzeptionell &#8211; nur das Hamburger Wetter macht mies an. Foto: Thomas J. Krebs <\/div> <\/div> <\/div> <!-- close group --> <\/div> <!-- close row --> <div class=\"gallery-row\" style=\"width: 840px; height: 388px;\" data-original-width=\"840\" data-original-height=\"388\" > <div class=\"gallery-group images-1\" style=\"width: 580px; height: 388px;\" data-original-width=\"580\" data-original-height=\"388\" > <div class=\"tiled-gallery-item tiled-gallery-item-large\" itemprop=\"associatedMedia\" itemscope itemtype=\"http:\/\/schema.org\/ImageObject\"> <a href=\"https:\/\/www.jazzzeitung.de\/cms\/2017\/08\/hamburger-jazz-sommerprogramm-in-der-elbphilharmonie\/p1530563-monika-roscher-big-band-foto-tj-krebs-jazzphotoagencyweb-de\/\" border=\"0\" itemprop=\"url\"> <meta itemprop=\"width\" content=\"576\"> <meta itemprop=\"height\" content=\"384\"> <img decoding=\"async\" class=\"\" data-attachment-id=\"13445\" data-orig-file=\"https:\/\/www.jazzzeitung.de\/cms\/wp-content\/uploads\/2017\/08\/P1530563-Monika-Roscher-Big-Band-Foto-TJ-Krebs-jazzphotoagency@web.de_.jpg\" data-orig-size=\"1800,1200\" data-comments-opened=\"1\" data-image-meta=\"{&quot;aperture&quot;:&quot;0&quot;,&quot;credit&quot;:&quot;&quot;,&quot;camera&quot;:&quot;&quot;,&quot;caption&quot;:&quot;&quot;,&quot;created_timestamp&quot;:&quot;0&quot;,&quot;copyright&quot;:&quot;&quot;,&quot;focal_length&quot;:&quot;0&quot;,&quot;iso&quot;:&quot;0&quot;,&quot;shutter_speed&quot;:&quot;0&quot;,&quot;title&quot;:&quot;&quot;,&quot;orientation&quot;:&quot;0&quot;}\" data-image-title=\"P1530563 Monika Roscher Big Band &amp;#8211; Foto TJ Krebs jazzphotoagency@web.de\" data-image-description=\"\" data-medium-file=\"https:\/\/i0.wp.com\/www.jazzzeitung.de\/cms\/wp-content\/uploads\/2017\/08\/P1530563-Monika-Roscher-Big-Band-Foto-TJ-Krebs-jazzphotoagency%40web.de_.jpg?fit=300%2C200&#038;ssl=1\" data-large-file=\"https:\/\/i0.wp.com\/www.jazzzeitung.de\/cms\/wp-content\/uploads\/2017\/08\/P1530563-Monika-Roscher-Big-Band-Foto-TJ-Krebs-jazzphotoagency%40web.de_.jpg?fit=840%2C560&#038;ssl=1\" src=\"https:\/\/i0.wp.com\/www.jazzzeitung.de\/cms\/wp-content\/uploads\/2017\/08\/P1530563-Monika-Roscher-Big-Band-Foto-TJ-Krebs-jazzphotoagency%40web.de_.jpg?w=576&#038;h=384&#038;ssl=1\" width=\"576\" height=\"384\" loading=\"lazy\" data-original-width=\"576\" data-original-height=\"384\" itemprop=\"http:\/\/schema.org\/image\" title=\"P1530563 Monika Roscher Big Band - Foto TJ Krebs jazzphotoagency@web.de\" alt=\"Monika Roscher liebt die gro\u00dfe Besetzung. Foto: Thomas J. Krebs\" style=\"width: 576px; height: 384px;\" \/> <\/a> <div class=\"tiled-gallery-caption\" itemprop=\"caption description\"> Monika Roscher liebt die gro\u00dfe Besetzung. Foto: Thomas J. Krebs <\/div> <\/div> <\/div> <!-- close group --> <div class=\"gallery-group images-1\" style=\"width: 260px; height: 388px;\" data-original-width=\"260\" data-original-height=\"388\" > <div class=\"tiled-gallery-item tiled-gallery-item-large\" itemprop=\"associatedMedia\" itemscope itemtype=\"http:\/\/schema.org\/ImageObject\"> <a href=\"https:\/\/www.jazzzeitung.de\/cms\/2017\/08\/hamburger-jazz-sommerprogramm-in-der-elbphilharmonie\/p1530588-monika-roscher-foto-tj-krebs-jazzphotoagencyweb-de\/\" border=\"0\" itemprop=\"url\"> <meta itemprop=\"width\" content=\"256\"> <meta itemprop=\"height\" content=\"384\"> <img decoding=\"async\" class=\"\" data-attachment-id=\"13446\" data-orig-file=\"https:\/\/www.jazzzeitung.de\/cms\/wp-content\/uploads\/2017\/08\/P1530588-Monika-Roscher-Foto-TJ-Krebs-jazzphotoagency@web.de_.jpg\" data-orig-size=\"1200,1800\" data-comments-opened=\"1\" data-image-meta=\"{&quot;aperture&quot;:&quot;0&quot;,&quot;credit&quot;:&quot;&quot;,&quot;camera&quot;:&quot;&quot;,&quot;caption&quot;:&quot;&quot;,&quot;created_timestamp&quot;:&quot;0&quot;,&quot;copyright&quot;:&quot;&quot;,&quot;focal_length&quot;:&quot;0&quot;,&quot;iso&quot;:&quot;0&quot;,&quot;shutter_speed&quot;:&quot;0&quot;,&quot;title&quot;:&quot;&quot;,&quot;orientation&quot;:&quot;0&quot;}\" data-image-title=\"P1530588 Monika Roscher &amp;#8211; Foto TJ Krebs jazzphotoagency@web.de\" data-image-description=\"\" data-medium-file=\"https:\/\/i0.wp.com\/www.jazzzeitung.de\/cms\/wp-content\/uploads\/2017\/08\/P1530588-Monika-Roscher-Foto-TJ-Krebs-jazzphotoagency%40web.de_.jpg?fit=200%2C300&#038;ssl=1\" data-large-file=\"https:\/\/i0.wp.com\/www.jazzzeitung.de\/cms\/wp-content\/uploads\/2017\/08\/P1530588-Monika-Roscher-Foto-TJ-Krebs-jazzphotoagency%40web.de_.jpg?fit=400%2C600&#038;ssl=1\" src=\"https:\/\/i0.wp.com\/www.jazzzeitung.de\/cms\/wp-content\/uploads\/2017\/08\/P1530588-Monika-Roscher-Foto-TJ-Krebs-jazzphotoagency%40web.de_.jpg?w=256&#038;h=384&#038;ssl=1\" width=\"256\" height=\"384\" loading=\"lazy\" data-original-width=\"256\" data-original-height=\"384\" itemprop=\"http:\/\/schema.org\/image\" title=\"P1530588 Monika Roscher - Foto TJ Krebs jazzphotoagency@web.de\" alt=\"Jazz goes Pop goes Jazz: Bandleaderin und Komponistin Monika Roscher in der Elphie. Foto: Thomas J. Krebs\" style=\"width: 256px; height: 384px;\" \/> <\/a> <div class=\"tiled-gallery-caption\" itemprop=\"caption description\"> Jazz goes Pop goes Jazz: Bandleaderin und Komponistin Monika Roscher in der Elphie. Foto: Thomas J. Krebs <\/div> <\/div> <\/div> <!-- close group --> <\/div> <!-- close row --> <div class=\"gallery-row\" style=\"width: 840px; height: 721px;\" data-original-width=\"840\" data-original-height=\"721\" > <div class=\"gallery-group images-3\" style=\"width: 358px; height: 721px;\" data-original-width=\"358\" data-original-height=\"721\" > <div class=\"tiled-gallery-item tiled-gallery-item-large\" itemprop=\"associatedMedia\" itemscope itemtype=\"http:\/\/schema.org\/ImageObject\"> <a href=\"https:\/\/www.jazzzeitung.de\/cms\/2017\/08\/hamburger-jazz-sommerprogramm-in-der-elbphilharmonie\/p1530597-monika-ferdinand-roscher-foto-tj-krebs-jazzphotoagencyweb-de\/\" border=\"0\" itemprop=\"url\"> <meta itemprop=\"width\" content=\"354\"> <meta itemprop=\"height\" content=\"237\"> <img decoding=\"async\" class=\"\" data-attachment-id=\"13447\" data-orig-file=\"https:\/\/www.jazzzeitung.de\/cms\/wp-content\/uploads\/2017\/08\/P1530597-Monika-Ferdinand-Roscher-Foto-TJ-Krebs-jazzphotoagency@web.de_.jpg\" data-orig-size=\"1800,1200\" data-comments-opened=\"1\" data-image-meta=\"{&quot;aperture&quot;:&quot;0&quot;,&quot;credit&quot;:&quot;&quot;,&quot;camera&quot;:&quot;&quot;,&quot;caption&quot;:&quot;&quot;,&quot;created_timestamp&quot;:&quot;0&quot;,&quot;copyright&quot;:&quot;&quot;,&quot;focal_length&quot;:&quot;0&quot;,&quot;iso&quot;:&quot;0&quot;,&quot;shutter_speed&quot;:&quot;0&quot;,&quot;title&quot;:&quot;&quot;,&quot;orientation&quot;:&quot;0&quot;}\" data-image-title=\"P1530597 Monika &amp;#038; Ferdinand Roscher &amp;#8211; Foto TJ Krebs jazzphotoagency@web.de\" data-image-description=\"\" data-medium-file=\"https:\/\/i0.wp.com\/www.jazzzeitung.de\/cms\/wp-content\/uploads\/2017\/08\/P1530597-Monika-Ferdinand-Roscher-Foto-TJ-Krebs-jazzphotoagency%40web.de_.jpg?fit=300%2C200&#038;ssl=1\" data-large-file=\"https:\/\/i0.wp.com\/www.jazzzeitung.de\/cms\/wp-content\/uploads\/2017\/08\/P1530597-Monika-Ferdinand-Roscher-Foto-TJ-Krebs-jazzphotoagency%40web.de_.jpg?fit=840%2C560&#038;ssl=1\" src=\"https:\/\/i0.wp.com\/www.jazzzeitung.de\/cms\/wp-content\/uploads\/2017\/08\/P1530597-Monika-Ferdinand-Roscher-Foto-TJ-Krebs-jazzphotoagency%40web.de_.jpg?w=354&#038;h=237&#038;ssl=1\" width=\"354\" height=\"237\" loading=\"lazy\" data-original-width=\"354\" data-original-height=\"237\" itemprop=\"http:\/\/schema.org\/image\" title=\"P1530597 Monika &amp; Ferdinand Roscher - Foto TJ Krebs jazzphotoagency@web.de\" alt=\"Monika Roscher. Foto: Thomas J. Krebs\" style=\"width: 354px; height: 237px;\" \/> <\/a> <div class=\"tiled-gallery-caption\" itemprop=\"caption description\"> Monika Roscher. Foto: Thomas J. Krebs <\/div> <\/div> <div class=\"tiled-gallery-item tiled-gallery-item-large\" itemprop=\"associatedMedia\" itemscope itemtype=\"http:\/\/schema.org\/ImageObject\"> <a href=\"https:\/\/www.jazzzeitung.de\/cms\/2017\/08\/hamburger-jazz-sommerprogramm-in-der-elbphilharmonie\/p1530637-monika-roscher-foto-tj-krebs-jazzphotoagencyweb-de\/\" border=\"0\" itemprop=\"url\"> <meta itemprop=\"width\" content=\"354\"> <meta itemprop=\"height\" content=\"236\"> <img decoding=\"async\" class=\"\" data-attachment-id=\"13448\" data-orig-file=\"https:\/\/www.jazzzeitung.de\/cms\/wp-content\/uploads\/2017\/08\/P1530637-Monika-Roscher-Foto-TJ-Krebs-jazzphotoagency@web.de_.jpg\" data-orig-size=\"1800,1200\" data-comments-opened=\"1\" data-image-meta=\"{&quot;aperture&quot;:&quot;0&quot;,&quot;credit&quot;:&quot;&quot;,&quot;camera&quot;:&quot;&quot;,&quot;caption&quot;:&quot;&quot;,&quot;created_timestamp&quot;:&quot;0&quot;,&quot;copyright&quot;:&quot;&quot;,&quot;focal_length&quot;:&quot;0&quot;,&quot;iso&quot;:&quot;0&quot;,&quot;shutter_speed&quot;:&quot;0&quot;,&quot;title&quot;:&quot;&quot;,&quot;orientation&quot;:&quot;0&quot;}\" data-image-title=\"P1530637 Monika Roscher &amp;#8211; Foto TJ Krebs jazzphotoagency@web.de\" data-image-description=\"\" data-medium-file=\"https:\/\/i0.wp.com\/www.jazzzeitung.de\/cms\/wp-content\/uploads\/2017\/08\/P1530637-Monika-Roscher-Foto-TJ-Krebs-jazzphotoagency%40web.de_.jpg?fit=300%2C200&#038;ssl=1\" data-large-file=\"https:\/\/i0.wp.com\/www.jazzzeitung.de\/cms\/wp-content\/uploads\/2017\/08\/P1530637-Monika-Roscher-Foto-TJ-Krebs-jazzphotoagency%40web.de_.jpg?fit=840%2C560&#038;ssl=1\" src=\"https:\/\/i0.wp.com\/www.jazzzeitung.de\/cms\/wp-content\/uploads\/2017\/08\/P1530637-Monika-Roscher-Foto-TJ-Krebs-jazzphotoagency%40web.de_.jpg?w=354&#038;h=236&#038;ssl=1\" width=\"354\" height=\"236\" loading=\"lazy\" data-original-width=\"354\" data-original-height=\"236\" itemprop=\"http:\/\/schema.org\/image\" title=\"P1530637 Monika Roscher - Foto TJ Krebs jazzphotoagency@web.de\" alt=\"Das Auge h\u00f6rt mit: Monika Roscher inszeniert ihre Musik gekonnt. Foto: Thomas J. Krebs\" style=\"width: 354px; height: 236px;\" \/> <\/a> <div class=\"tiled-gallery-caption\" itemprop=\"caption description\"> Das Auge h\u00f6rt mit: Monika Roscher inszeniert ihre Musik gekonnt. Foto: Thomas J. Krebs <\/div> <\/div> <div class=\"tiled-gallery-item tiled-gallery-item-large\" itemprop=\"associatedMedia\" itemscope itemtype=\"http:\/\/schema.org\/ImageObject\"> <a href=\"https:\/\/www.jazzzeitung.de\/cms\/2017\/08\/hamburger-jazz-sommerprogramm-in-der-elbphilharmonie\/p1530704-andromeda-mega-express-orchestra-foto-tj-krebs-jazzphotoagencyweb-de\/\" border=\"0\" itemprop=\"url\"> <meta itemprop=\"width\" content=\"354\"> <meta itemprop=\"height\" content=\"236\"> <img decoding=\"async\" class=\"\" data-attachment-id=\"13449\" data-orig-file=\"https:\/\/www.jazzzeitung.de\/cms\/wp-content\/uploads\/2017\/08\/P1530704-Andromeda-Mega-Express-Orchestra-Foto-TJ-Krebs-jazzphotoagency@web.de_.jpg\" data-orig-size=\"1800,1200\" data-comments-opened=\"1\" data-image-meta=\"{&quot;aperture&quot;:&quot;0&quot;,&quot;credit&quot;:&quot;&quot;,&quot;camera&quot;:&quot;&quot;,&quot;caption&quot;:&quot;&quot;,&quot;created_timestamp&quot;:&quot;0&quot;,&quot;copyright&quot;:&quot;&quot;,&quot;focal_length&quot;:&quot;0&quot;,&quot;iso&quot;:&quot;0&quot;,&quot;shutter_speed&quot;:&quot;0&quot;,&quot;title&quot;:&quot;&quot;,&quot;orientation&quot;:&quot;0&quot;}\" data-image-title=\"P1530704 Andromeda Mega Express Orchestra &amp;#8211; Foto TJ Krebs jazzphotoagency@web.de\" data-image-description=\"\" data-medium-file=\"https:\/\/i0.wp.com\/www.jazzzeitung.de\/cms\/wp-content\/uploads\/2017\/08\/P1530704-Andromeda-Mega-Express-Orchestra-Foto-TJ-Krebs-jazzphotoagency%40web.de_.jpg?fit=300%2C200&#038;ssl=1\" data-large-file=\"https:\/\/i0.wp.com\/www.jazzzeitung.de\/cms\/wp-content\/uploads\/2017\/08\/P1530704-Andromeda-Mega-Express-Orchestra-Foto-TJ-Krebs-jazzphotoagency%40web.de_.jpg?fit=840%2C560&#038;ssl=1\" src=\"https:\/\/i0.wp.com\/www.jazzzeitung.de\/cms\/wp-content\/uploads\/2017\/08\/P1530704-Andromeda-Mega-Express-Orchestra-Foto-TJ-Krebs-jazzphotoagency%40web.de_.jpg?w=354&#038;h=236&#038;ssl=1\" width=\"354\" height=\"236\" loading=\"lazy\" data-original-width=\"354\" data-original-height=\"236\" itemprop=\"http:\/\/schema.org\/image\" title=\"P1530704 Andromeda Mega Express Orchestra - Foto TJ Krebs jazzphotoagency@web.de\" alt=\"Andromeda Mega Express Orchestra in der Elbphilharmonie. Foto: Thomas J. Krebs\" style=\"width: 354px; height: 236px;\" \/> <\/a> <div class=\"tiled-gallery-caption\" itemprop=\"caption description\"> Andromeda Mega Express Orchestra in der Elbphilharmonie. Foto: Thomas J. Krebs <\/div> <\/div> <\/div> <!-- close group --> <div class=\"gallery-group images-1\" style=\"width: 482px; height: 721px;\" data-original-width=\"482\" data-original-height=\"721\" > <div class=\"tiled-gallery-item tiled-gallery-item-large\" itemprop=\"associatedMedia\" itemscope itemtype=\"http:\/\/schema.org\/ImageObject\"> <a href=\"https:\/\/www.jazzzeitung.de\/cms\/2017\/08\/hamburger-jazz-sommerprogramm-in-der-elbphilharmonie\/p1530709-andromeda-mega-express-orchestra-foto-tj-krebs-jazzphotoagencyweb-de\/\" border=\"0\" itemprop=\"url\"> <meta itemprop=\"width\" content=\"478\"> <meta itemprop=\"height\" content=\"717\"> <img decoding=\"async\" class=\"\" data-attachment-id=\"13450\" data-orig-file=\"https:\/\/www.jazzzeitung.de\/cms\/wp-content\/uploads\/2017\/08\/P1530709-Andromeda-Mega-Express-Orchestra-Foto-TJ-Krebs-jazzphotoagency@web.de_.jpg\" data-orig-size=\"1200,1800\" data-comments-opened=\"1\" data-image-meta=\"{&quot;aperture&quot;:&quot;0&quot;,&quot;credit&quot;:&quot;&quot;,&quot;camera&quot;:&quot;&quot;,&quot;caption&quot;:&quot;&quot;,&quot;created_timestamp&quot;:&quot;0&quot;,&quot;copyright&quot;:&quot;&quot;,&quot;focal_length&quot;:&quot;0&quot;,&quot;iso&quot;:&quot;0&quot;,&quot;shutter_speed&quot;:&quot;0&quot;,&quot;title&quot;:&quot;&quot;,&quot;orientation&quot;:&quot;0&quot;}\" data-image-title=\"P1530709 Andromeda Mega Express Orchestra &amp;#8211; Foto TJ Krebs jazzphotoagency@web.de\" data-image-description=\"\" data-medium-file=\"https:\/\/i0.wp.com\/www.jazzzeitung.de\/cms\/wp-content\/uploads\/2017\/08\/P1530709-Andromeda-Mega-Express-Orchestra-Foto-TJ-Krebs-jazzphotoagency%40web.de_.jpg?fit=200%2C300&#038;ssl=1\" data-large-file=\"https:\/\/i0.wp.com\/www.jazzzeitung.de\/cms\/wp-content\/uploads\/2017\/08\/P1530709-Andromeda-Mega-Express-Orchestra-Foto-TJ-Krebs-jazzphotoagency%40web.de_.jpg?fit=400%2C600&#038;ssl=1\" src=\"https:\/\/i0.wp.com\/www.jazzzeitung.de\/cms\/wp-content\/uploads\/2017\/08\/P1530709-Andromeda-Mega-Express-Orchestra-Foto-TJ-Krebs-jazzphotoagency%40web.de_.jpg?w=478&#038;h=717&#038;ssl=1\" width=\"478\" height=\"717\" loading=\"lazy\" data-original-width=\"478\" data-original-height=\"717\" itemprop=\"http:\/\/schema.org\/image\" title=\"P1530709 Andromeda Mega Express Orchestra - Foto TJ Krebs jazzphotoagency@web.de\" alt=\"Andromeda Mega Express Orchestra.Foto: Thomas J. Krebs\" style=\"width: 478px; height: 717px;\" \/> <\/a> <div class=\"tiled-gallery-caption\" itemprop=\"caption description\"> Andromeda Mega Express Orchestra.Foto: Thomas J. Krebs <\/div> <\/div> <\/div> <!-- close group --> <\/div> <!-- close row --> <\/div>\n<p>Omar Sosa\u2018s einziges Deutschlandkonzert am 23. August mit seinem Quarteto AfroCubano pr\u00e4sentierte dem Publikum eine gelungene Mischung aus Latin Jazz, Funk, afrikanischen und kubanischen Rhythmen. Eine ganz eigene \u201eSosa\u201c-Fusion mit hochkomplexen, inspirierten Kompositionen, die sich mit jazzigen Balladen abwechselten. Der Saxophonist Leandro Saint-Hill kommunizierte von Beginn an aktiv mit dem Publikum, und so gelang der Band eine nicht nur musikalische, sondern vor allem ganz pers\u00f6nliche N\u00e4he zum Publikum. Omar Sosa schaffte es mit seiner Formation binnen k\u00fcrzester Zeit in der Elbphilharmonie ein Havanna-Feeling zu zaubern und das ca. 2000-k\u00f6pfige Publikum, Fans wie neugierige Besucher, restlos zu begeistern. Ein musikalisches Feuerwerk!<\/p>\n<p>Kontrastprogramm dann am 26. August: Im ersten Teil des Abends gab sich die Monika Roscher Big Band bei ihrem zweiten Konzert in der Hansestadt die Ehre (2014 fand ihr erster Hamburg-Auftritt im Mojo Club statt) und stellte sich erfolgreich (nach fast 2-st\u00fcndigem Soundcheck) der akustischen Herausforderung in der Elbphilharmonie. Die Gitarristin und S\u00e4ngerin Monika Roscher spielte mit ihrer grandiosen Crew einen unkonventionellen \u201eBigband\u201c-Sound mit schneidendem Bl\u00e4sersatz und Leonard Kuhns pr\u00e4gnant elektronisch erzeugten Sounds; ein rundum gelungenes Klangexperiment aus Indie-Pop, Rock und Improvisation. Nach kraftvollem Intro, Vogelzwitschern f\u00fcr Big Band, einem schr\u00e4gen Tango und einer Ballade folgte schlie\u00dflich ein Masterpiece: &#8222;Starlight Nightcrash&#8220;, mit Roschers optischer Performance im LED- und Lichtschlauch-Anzug. Das Publikum applaudierte dem Ensemble am Ende des Konzerts mit Standing Ovations.<\/p>\n<p>Danach folgte das Andromeda Mega Express Orchestra, das, in der Besetzung eines klassischen Kammerorchesters, im zweiten Teil des Abends die Elbphilharmonie klangtechnisch gleich von Beginn an kompromisslos aufmischte, ungez\u00fcgelt und avantgardistisch. Kompositionen und Arrangements von Mastermind Daniel Glatzel sind keine leichte Kost, und so waren Teile des Publikums offensichtlich \u00fcberfordert und verlie\u00dfen im Laufe der Auff\u00fchrung leicht verst\u00f6rt den Saal &#8211; \u201eErika, wollen wir gehen \u2026 unser Bus f\u00e4hrt\u2026.\u201c. Die aufgeschlossenen und interessierten Zuh\u00f6rer dagegen wurden klanglich wie musikalisch belohnt mit einer Mischung aus Jazz und neuer Musik, einem homogenen Klangk\u00f6rper, der sich unerschrocken verschiedenster Genres bediente und eine \u00fcberzeugend kraftvolle Performance bot.<\/p>\n<p>Im Gegensatz zum Konzert von Omar Sosa, das leider komplett \u00fcber die PA-Anlage verst\u00e4rkt wurde, lieferten die Soundtechniker der Monika Roscher Big Band und des Andromeda Mega Express Orchestra einen halbakustisch abgemischten Sound ab, der der fantastischen Akustik der Elbphilharmonie absolut gerecht wurde. Selbst feinste Klangnuancen der beiden Klangk\u00f6rper kamen \u00fcberzeugend und deutlich differenziert zu Geh\u00f6r. So geht Klang!<\/p>\n<p>Text &amp; Fotos: Thomas J. Krebs<\/p>\n","protected":false},"excerpt":{"rendered":"<p>Die Hamburger Elbphilharmonie veranstaltete in den vier Augustwochen einen vielseitigen Konzertsommer: Klassik, World-, Filmmusik &amp; Jazz wechselten sich ab und boten dem Publikum ein spannendes Programm. Im Jazz mit von der Partie u.a. Omar Sosa, die Monika Roscher Big Band und das Andromeda Mega Express Orchestra. Alles im gro\u00dfen Konzertsaal und nat\u00fcrlich vor ausverkauftem Haus. Omar Sosa\u2018s einziges Deutschlandkonzert am 23. August mit seinem Quarteto AfroCubano pr\u00e4sentierte dem Publikum eine gelungene Mischung aus Latin Jazz, Funk, afrikanischen und kubanischen Rhythmen. Eine ganz eigene \u201eSosa\u201c-Fusion mit hochkomplexen, inspirierten Kompositionen, die sich mit jazzigen Balladen abwechselten. Der Saxophonist Leandro Saint-Hill kommunizierte von Beginn an aktiv mit dem Publikum, und so gelang der Band eine nicht nur musikalische, sondern vor allem ganz pers\u00f6nliche N\u00e4he zum Publikum. Omar Sosa schaffte es mit seiner Formation binnen k\u00fcrzester Zeit in der Elbphilharmonie ein Havanna-Feeling zu zaubern und das ca. 2000-k\u00f6pfige Publikum, Fans wie neugierige Besucher, restlos zu begeistern. Ein musikalisches Feuerwerk! Kontrastprogramm dann am 26. August: Im ersten Teil des Abends gab sich die Monika Roscher Big Band bei ihrem zweiten Konzert in der Hansestadt die Ehre (2014 fand ihr erster &hellip;<\/p>\n","protected":false},"author":18,"featured_media":13440,"comment_status":"open","ping_status":"closed","sticky":false,"template":"","format":"standard","meta":{"_jetpack_memberships_contains_paid_content":false,"footnotes":"","jetpack_publicize_message":"","jetpack_publicize_feature_enabled":true,"jetpack_social_post_already_shared":false,"jetpack_social_options":{"image_generator_settings":{"template":"highway","default_image_id":0,"font":"","enabled":false},"version":2}},"categories":[1053,652],"tags":[73,120,1584,1510,215,1007,760,1583,447,1250,1260],"coauthors":[695],"class_list":["post-13437","post","type-post","status-publish","format-standard","has-post-thumbnail","hentry","category-bericht","category-galerie","tag-bigband","tag-club","tag-daniel-glatzel","tag-elbphilharmonie","tag-hamburg","tag-improvisation","tag-monika-roscher","tag-omar-sosa","tag-pop","tag-rock","tag-thomas-j-krebs"],"yoast_head":"<!-- This site is optimized with the Yoast SEO plugin v27.4 - https:\/\/yoast.com\/product\/yoast-seo-wordpress\/ -->\n<title>Hamburger \u201eJazz\u201c- Sommerprogramm in der Elbphilharmonie - JazzZeitung<\/title>\n<meta name=\"robots\" content=\"index, follow, max-snippet:-1, max-image-preview:large, max-video-preview:-1\" \/>\n<link rel=\"canonical\" href=\"https:\/\/www.jazzzeitung.de\/cms\/2017\/08\/hamburger-jazz-sommerprogramm-in-der-elbphilharmonie\/\" \/>\n<meta property=\"og:locale\" content=\"de_DE\" \/>\n<meta property=\"og:type\" content=\"article\" \/>\n<meta property=\"og:title\" content=\"Hamburger \u201eJazz\u201c- Sommerprogramm in der Elbphilharmonie - JazzZeitung\" \/>\n<meta property=\"og:description\" content=\"Die Hamburger Elbphilharmonie veranstaltete in den vier Augustwochen einen vielseitigen Konzertsommer: Klassik, World-, Filmmusik &amp; Jazz wechselten sich ab und boten dem Publikum ein spannendes Programm. Im Jazz mit von der Partie u.a. Omar Sosa, die Monika Roscher Big Band und das Andromeda Mega Express Orchestra. Alles im gro\u00dfen Konzertsaal und nat\u00fcrlich vor ausverkauftem Haus. Omar Sosa\u2018s einziges Deutschlandkonzert am 23. August mit seinem Quarteto AfroCubano pr\u00e4sentierte dem Publikum eine gelungene Mischung aus Latin Jazz, Funk, afrikanischen und kubanischen Rhythmen. Eine ganz eigene \u201eSosa\u201c-Fusion mit hochkomplexen, inspirierten Kompositionen, die sich mit jazzigen Balladen abwechselten. Der Saxophonist Leandro Saint-Hill kommunizierte von Beginn an aktiv mit dem Publikum, und so gelang der Band eine nicht nur musikalische, sondern vor allem ganz pers\u00f6nliche N\u00e4he zum Publikum. Omar Sosa schaffte es mit seiner Formation binnen k\u00fcrzester Zeit in der Elbphilharmonie ein Havanna-Feeling zu zaubern und das ca. 2000-k\u00f6pfige Publikum, Fans wie neugierige Besucher, restlos zu begeistern. Ein musikalisches Feuerwerk! Kontrastprogramm dann am 26. August: Im ersten Teil des Abends gab sich die Monika Roscher Big Band bei ihrem zweiten Konzert in der Hansestadt die Ehre (2014 fand ihr erster &hellip;\" \/>\n<meta property=\"og:url\" content=\"https:\/\/www.jazzzeitung.de\/cms\/2017\/08\/hamburger-jazz-sommerprogramm-in-der-elbphilharmonie\/\" \/>\n<meta property=\"og:site_name\" content=\"JazzZeitung\" \/>\n<meta property=\"article:publisher\" content=\"https:\/\/www.facebook.com\/JazzZeitung\/\" \/>\n<meta property=\"article:published_time\" content=\"2017-08-29T10:00:23+00:00\" \/>\n<meta property=\"article:modified_time\" content=\"2017-10-17T09:13:03+00:00\" \/>\n<meta property=\"og:image\" content=\"https:\/\/i0.wp.com\/www.jazzzeitung.de\/cms\/wp-content\/uploads\/2017\/08\/P1530341-Omar-Sosa-Foto-TJ-Krebs-jazzphotoagency@web.de_.jpg?fit=1800%2C1200&ssl=1\" \/>\n\t<meta property=\"og:image:width\" content=\"1800\" \/>\n\t<meta property=\"og:image:height\" content=\"1200\" \/>\n\t<meta property=\"og:image:type\" content=\"image\/jpeg\" \/>\n<meta name=\"author\" content=\"Redaktion JazzZeitung\" \/>\n<script type=\"application\/ld+json\" class=\"yoast-schema-graph\">{\"@context\":\"https:\\\/\\\/schema.org\",\"@graph\":[{\"@type\":\"Article\",\"@id\":\"https:\\\/\\\/www.jazzzeitung.de\\\/cms\\\/2017\\\/08\\\/hamburger-jazz-sommerprogramm-in-der-elbphilharmonie\\\/#article\",\"isPartOf\":{\"@id\":\"https:\\\/\\\/www.jazzzeitung.de\\\/cms\\\/2017\\\/08\\\/hamburger-jazz-sommerprogramm-in-der-elbphilharmonie\\\/\"},\"author\":{\"name\":\"Redaktion JazzZeitung\",\"@id\":\"https:\\\/\\\/www.jazzzeitung.de\\\/cms\\\/#\\\/schema\\\/person\\\/2245b36b9cd1d24cea10f01c031fb92b\"},\"headline\":\"Hamburger \u201eJazz\u201c- Sommerprogramm in der Elbphilharmonie\",\"datePublished\":\"2017-08-29T10:00:23+00:00\",\"dateModified\":\"2017-10-17T09:13:03+00:00\",\"mainEntityOfPage\":{\"@id\":\"https:\\\/\\\/www.jazzzeitung.de\\\/cms\\\/2017\\\/08\\\/hamburger-jazz-sommerprogramm-in-der-elbphilharmonie\\\/\"},\"wordCount\":479,\"commentCount\":0,\"publisher\":{\"@id\":\"https:\\\/\\\/www.jazzzeitung.de\\\/cms\\\/#organization\"},\"image\":{\"@id\":\"https:\\\/\\\/www.jazzzeitung.de\\\/cms\\\/2017\\\/08\\\/hamburger-jazz-sommerprogramm-in-der-elbphilharmonie\\\/#primaryimage\"},\"thumbnailUrl\":\"https:\\\/\\\/i0.wp.com\\\/www.jazzzeitung.de\\\/cms\\\/wp-content\\\/uploads\\\/2017\\\/08\\\/P1530341-Omar-Sosa-Foto-TJ-Krebs-jazzphotoagency%40web.de_.jpg?fit=1800%2C1200&ssl=1\",\"keywords\":[\"Bigband\",\"Club\",\"Daniel Glatzel\",\"Elbphilharmonie\",\"Hamburg\",\"Improvisation\",\"Monika Roscher\",\"Omar Sosa\",\"Pop\",\"Rock\",\"Thomas J. Krebs\"],\"articleSection\":[\"Bericht\",\"Galerie\"],\"inLanguage\":\"de\",\"potentialAction\":[{\"@type\":\"CommentAction\",\"name\":\"Comment\",\"target\":[\"https:\\\/\\\/www.jazzzeitung.de\\\/cms\\\/2017\\\/08\\\/hamburger-jazz-sommerprogramm-in-der-elbphilharmonie\\\/#respond\"]}]},{\"@type\":\"WebPage\",\"@id\":\"https:\\\/\\\/www.jazzzeitung.de\\\/cms\\\/2017\\\/08\\\/hamburger-jazz-sommerprogramm-in-der-elbphilharmonie\\\/\",\"url\":\"https:\\\/\\\/www.jazzzeitung.de\\\/cms\\\/2017\\\/08\\\/hamburger-jazz-sommerprogramm-in-der-elbphilharmonie\\\/\",\"name\":\"Hamburger \u201eJazz\u201c- Sommerprogramm in der Elbphilharmonie - JazzZeitung\",\"isPartOf\":{\"@id\":\"https:\\\/\\\/www.jazzzeitung.de\\\/cms\\\/#website\"},\"primaryImageOfPage\":{\"@id\":\"https:\\\/\\\/www.jazzzeitung.de\\\/cms\\\/2017\\\/08\\\/hamburger-jazz-sommerprogramm-in-der-elbphilharmonie\\\/#primaryimage\"},\"image\":{\"@id\":\"https:\\\/\\\/www.jazzzeitung.de\\\/cms\\\/2017\\\/08\\\/hamburger-jazz-sommerprogramm-in-der-elbphilharmonie\\\/#primaryimage\"},\"thumbnailUrl\":\"https:\\\/\\\/i0.wp.com\\\/www.jazzzeitung.de\\\/cms\\\/wp-content\\\/uploads\\\/2017\\\/08\\\/P1530341-Omar-Sosa-Foto-TJ-Krebs-jazzphotoagency%40web.de_.jpg?fit=1800%2C1200&ssl=1\",\"datePublished\":\"2017-08-29T10:00:23+00:00\",\"dateModified\":\"2017-10-17T09:13:03+00:00\",\"breadcrumb\":{\"@id\":\"https:\\\/\\\/www.jazzzeitung.de\\\/cms\\\/2017\\\/08\\\/hamburger-jazz-sommerprogramm-in-der-elbphilharmonie\\\/#breadcrumb\"},\"inLanguage\":\"de\",\"potentialAction\":[{\"@type\":\"ReadAction\",\"target\":[\"https:\\\/\\\/www.jazzzeitung.de\\\/cms\\\/2017\\\/08\\\/hamburger-jazz-sommerprogramm-in-der-elbphilharmonie\\\/\"]}]},{\"@type\":\"ImageObject\",\"inLanguage\":\"de\",\"@id\":\"https:\\\/\\\/www.jazzzeitung.de\\\/cms\\\/2017\\\/08\\\/hamburger-jazz-sommerprogramm-in-der-elbphilharmonie\\\/#primaryimage\",\"url\":\"https:\\\/\\\/i0.wp.com\\\/www.jazzzeitung.de\\\/cms\\\/wp-content\\\/uploads\\\/2017\\\/08\\\/P1530341-Omar-Sosa-Foto-TJ-Krebs-jazzphotoagency%40web.de_.jpg?fit=1800%2C1200&ssl=1\",\"contentUrl\":\"https:\\\/\\\/i0.wp.com\\\/www.jazzzeitung.de\\\/cms\\\/wp-content\\\/uploads\\\/2017\\\/08\\\/P1530341-Omar-Sosa-Foto-TJ-Krebs-jazzphotoagency%40web.de_.jpg?fit=1800%2C1200&ssl=1\",\"width\":1800,\"height\":1200,\"caption\":\"Omar Sosa. Foto: Thomas J. Krebs\"},{\"@type\":\"BreadcrumbList\",\"@id\":\"https:\\\/\\\/www.jazzzeitung.de\\\/cms\\\/2017\\\/08\\\/hamburger-jazz-sommerprogramm-in-der-elbphilharmonie\\\/#breadcrumb\",\"itemListElement\":[{\"@type\":\"ListItem\",\"position\":1,\"name\":\"Startseite\",\"item\":\"https:\\\/\\\/www.jazzzeitung.de\\\/cms\\\/\"},{\"@type\":\"ListItem\",\"position\":2,\"name\":\"Hamburger \u201eJazz\u201c- Sommerprogramm in der Elbphilharmonie\"}]},{\"@type\":\"WebSite\",\"@id\":\"https:\\\/\\\/www.jazzzeitung.de\\\/cms\\\/#website\",\"url\":\"https:\\\/\\\/www.jazzzeitung.de\\\/cms\\\/\",\"name\":\"JazzZeitung\",\"description\":\"Jazz-News und Jazz-Kontroverses\",\"publisher\":{\"@id\":\"https:\\\/\\\/www.jazzzeitung.de\\\/cms\\\/#organization\"},\"potentialAction\":[{\"@type\":\"SearchAction\",\"target\":{\"@type\":\"EntryPoint\",\"urlTemplate\":\"https:\\\/\\\/www.jazzzeitung.de\\\/cms\\\/?s={search_term_string}\"},\"query-input\":{\"@type\":\"PropertyValueSpecification\",\"valueRequired\":true,\"valueName\":\"search_term_string\"}}],\"inLanguage\":\"de\"},{\"@type\":\"Organization\",\"@id\":\"https:\\\/\\\/www.jazzzeitung.de\\\/cms\\\/#organization\",\"name\":\"JazzZeitung online\",\"url\":\"https:\\\/\\\/www.jazzzeitung.de\\\/cms\\\/\",\"logo\":{\"@type\":\"ImageObject\",\"inLanguage\":\"de\",\"@id\":\"https:\\\/\\\/www.jazzzeitung.de\\\/cms\\\/#\\\/schema\\\/logo\\\/image\\\/\",\"url\":\"https:\\\/\\\/i0.wp.com\\\/www.jazzzeitung.de\\\/cms\\\/wp-content\\\/uploads\\\/2015\\\/08\\\/JAZZZEITUNGDE_Logo_Neu.png?fit=499%2C200&ssl=1\",\"contentUrl\":\"https:\\\/\\\/i0.wp.com\\\/www.jazzzeitung.de\\\/cms\\\/wp-content\\\/uploads\\\/2015\\\/08\\\/JAZZZEITUNGDE_Logo_Neu.png?fit=499%2C200&ssl=1\",\"width\":499,\"height\":200,\"caption\":\"JazzZeitung online\"},\"image\":{\"@id\":\"https:\\\/\\\/www.jazzzeitung.de\\\/cms\\\/#\\\/schema\\\/logo\\\/image\\\/\"},\"sameAs\":[\"https:\\\/\\\/www.facebook.com\\\/JazzZeitung\\\/\"]},{\"@type\":\"Person\",\"@id\":\"https:\\\/\\\/www.jazzzeitung.de\\\/cms\\\/#\\\/schema\\\/person\\\/2245b36b9cd1d24cea10f01c031fb92b\",\"name\":\"Redaktion JazzZeitung\",\"image\":{\"@type\":\"ImageObject\",\"inLanguage\":\"de\",\"@id\":\"https:\\\/\\\/i0.wp.com\\\/www.jazzzeitung.de\\\/cms\\\/wp-content\\\/uploads\\\/2015\\\/08\\\/JAZZZEITUNGDE_Logo_Neu.png?resize=96%2C96&ssl=159975dcacb611b5700bd619b5daf0a7a\",\"url\":\"https:\\\/\\\/i0.wp.com\\\/www.jazzzeitung.de\\\/cms\\\/wp-content\\\/uploads\\\/2015\\\/08\\\/JAZZZEITUNGDE_Logo_Neu.png?resize=96%2C96&ssl=1\",\"contentUrl\":\"https:\\\/\\\/i0.wp.com\\\/www.jazzzeitung.de\\\/cms\\\/wp-content\\\/uploads\\\/2015\\\/08\\\/JAZZZEITUNGDE_Logo_Neu.png?resize=96%2C96&ssl=1\",\"caption\":\"Redaktion JazzZeitung\"},\"description\":\"Artikel der Redaktion der JazzZeitung.\",\"sameAs\":[\"http:\\\/\\\/www.jazzzeitung.de\\\/cms\\\/\"],\"url\":\"https:\\\/\\\/www.jazzzeitung.de\\\/cms\\\/author\\\/redaktion\\\/\"}]}<\/script>\n<!-- \/ Yoast SEO plugin. -->","yoast_head_json":{"title":"Hamburger \u201eJazz\u201c- Sommerprogramm in der Elbphilharmonie - JazzZeitung","robots":{"index":"index","follow":"follow","max-snippet":"max-snippet:-1","max-image-preview":"max-image-preview:large","max-video-preview":"max-video-preview:-1"},"canonical":"https:\/\/www.jazzzeitung.de\/cms\/2017\/08\/hamburger-jazz-sommerprogramm-in-der-elbphilharmonie\/","og_locale":"de_DE","og_type":"article","og_title":"Hamburger \u201eJazz\u201c- Sommerprogramm in der Elbphilharmonie - JazzZeitung","og_description":"Die Hamburger Elbphilharmonie veranstaltete in den vier Augustwochen einen vielseitigen Konzertsommer: Klassik, World-, Filmmusik &amp; Jazz wechselten sich ab und boten dem Publikum ein spannendes Programm. Im Jazz mit von der Partie u.a. Omar Sosa, die Monika Roscher Big Band und das Andromeda Mega Express Orchestra. Alles im gro\u00dfen Konzertsaal und nat\u00fcrlich vor ausverkauftem Haus. Omar Sosa\u2018s einziges Deutschlandkonzert am 23. August mit seinem Quarteto AfroCubano pr\u00e4sentierte dem Publikum eine gelungene Mischung aus Latin Jazz, Funk, afrikanischen und kubanischen Rhythmen. Eine ganz eigene \u201eSosa\u201c-Fusion mit hochkomplexen, inspirierten Kompositionen, die sich mit jazzigen Balladen abwechselten. Der Saxophonist Leandro Saint-Hill kommunizierte von Beginn an aktiv mit dem Publikum, und so gelang der Band eine nicht nur musikalische, sondern vor allem ganz pers\u00f6nliche N\u00e4he zum Publikum. Omar Sosa schaffte es mit seiner Formation binnen k\u00fcrzester Zeit in der Elbphilharmonie ein Havanna-Feeling zu zaubern und das ca. 2000-k\u00f6pfige Publikum, Fans wie neugierige Besucher, restlos zu begeistern. Ein musikalisches Feuerwerk! Kontrastprogramm dann am 26. August: Im ersten Teil des Abends gab sich die Monika Roscher Big Band bei ihrem zweiten Konzert in der Hansestadt die Ehre (2014 fand ihr erster &hellip;","og_url":"https:\/\/www.jazzzeitung.de\/cms\/2017\/08\/hamburger-jazz-sommerprogramm-in-der-elbphilharmonie\/","og_site_name":"JazzZeitung","article_publisher":"https:\/\/www.facebook.com\/JazzZeitung\/","article_published_time":"2017-08-29T10:00:23+00:00","article_modified_time":"2017-10-17T09:13:03+00:00","og_image":[{"width":1800,"height":1200,"url":"https:\/\/i0.wp.com\/www.jazzzeitung.de\/cms\/wp-content\/uploads\/2017\/08\/P1530341-Omar-Sosa-Foto-TJ-Krebs-jazzphotoagency@web.de_.jpg?fit=1800%2C1200&ssl=1","type":"image\/jpeg"}],"author":"Redaktion JazzZeitung","schema":{"@context":"https:\/\/schema.org","@graph":[{"@type":"Article","@id":"https:\/\/www.jazzzeitung.de\/cms\/2017\/08\/hamburger-jazz-sommerprogramm-in-der-elbphilharmonie\/#article","isPartOf":{"@id":"https:\/\/www.jazzzeitung.de\/cms\/2017\/08\/hamburger-jazz-sommerprogramm-in-der-elbphilharmonie\/"},"author":{"name":"Redaktion JazzZeitung","@id":"https:\/\/www.jazzzeitung.de\/cms\/#\/schema\/person\/2245b36b9cd1d24cea10f01c031fb92b"},"headline":"Hamburger \u201eJazz\u201c- Sommerprogramm in der Elbphilharmonie","datePublished":"2017-08-29T10:00:23+00:00","dateModified":"2017-10-17T09:13:03+00:00","mainEntityOfPage":{"@id":"https:\/\/www.jazzzeitung.de\/cms\/2017\/08\/hamburger-jazz-sommerprogramm-in-der-elbphilharmonie\/"},"wordCount":479,"commentCount":0,"publisher":{"@id":"https:\/\/www.jazzzeitung.de\/cms\/#organization"},"image":{"@id":"https:\/\/www.jazzzeitung.de\/cms\/2017\/08\/hamburger-jazz-sommerprogramm-in-der-elbphilharmonie\/#primaryimage"},"thumbnailUrl":"https:\/\/i0.wp.com\/www.jazzzeitung.de\/cms\/wp-content\/uploads\/2017\/08\/P1530341-Omar-Sosa-Foto-TJ-Krebs-jazzphotoagency%40web.de_.jpg?fit=1800%2C1200&ssl=1","keywords":["Bigband","Club","Daniel Glatzel","Elbphilharmonie","Hamburg","Improvisation","Monika Roscher","Omar Sosa","Pop","Rock","Thomas J. Krebs"],"articleSection":["Bericht","Galerie"],"inLanguage":"de","potentialAction":[{"@type":"CommentAction","name":"Comment","target":["https:\/\/www.jazzzeitung.de\/cms\/2017\/08\/hamburger-jazz-sommerprogramm-in-der-elbphilharmonie\/#respond"]}]},{"@type":"WebPage","@id":"https:\/\/www.jazzzeitung.de\/cms\/2017\/08\/hamburger-jazz-sommerprogramm-in-der-elbphilharmonie\/","url":"https:\/\/www.jazzzeitung.de\/cms\/2017\/08\/hamburger-jazz-sommerprogramm-in-der-elbphilharmonie\/","name":"Hamburger \u201eJazz\u201c- Sommerprogramm in der Elbphilharmonie - JazzZeitung","isPartOf":{"@id":"https:\/\/www.jazzzeitung.de\/cms\/#website"},"primaryImageOfPage":{"@id":"https:\/\/www.jazzzeitung.de\/cms\/2017\/08\/hamburger-jazz-sommerprogramm-in-der-elbphilharmonie\/#primaryimage"},"image":{"@id":"https:\/\/www.jazzzeitung.de\/cms\/2017\/08\/hamburger-jazz-sommerprogramm-in-der-elbphilharmonie\/#primaryimage"},"thumbnailUrl":"https:\/\/i0.wp.com\/www.jazzzeitung.de\/cms\/wp-content\/uploads\/2017\/08\/P1530341-Omar-Sosa-Foto-TJ-Krebs-jazzphotoagency%40web.de_.jpg?fit=1800%2C1200&ssl=1","datePublished":"2017-08-29T10:00:23+00:00","dateModified":"2017-10-17T09:13:03+00:00","breadcrumb":{"@id":"https:\/\/www.jazzzeitung.de\/cms\/2017\/08\/hamburger-jazz-sommerprogramm-in-der-elbphilharmonie\/#breadcrumb"},"inLanguage":"de","potentialAction":[{"@type":"ReadAction","target":["https:\/\/www.jazzzeitung.de\/cms\/2017\/08\/hamburger-jazz-sommerprogramm-in-der-elbphilharmonie\/"]}]},{"@type":"ImageObject","inLanguage":"de","@id":"https:\/\/www.jazzzeitung.de\/cms\/2017\/08\/hamburger-jazz-sommerprogramm-in-der-elbphilharmonie\/#primaryimage","url":"https:\/\/i0.wp.com\/www.jazzzeitung.de\/cms\/wp-content\/uploads\/2017\/08\/P1530341-Omar-Sosa-Foto-TJ-Krebs-jazzphotoagency%40web.de_.jpg?fit=1800%2C1200&ssl=1","contentUrl":"https:\/\/i0.wp.com\/www.jazzzeitung.de\/cms\/wp-content\/uploads\/2017\/08\/P1530341-Omar-Sosa-Foto-TJ-Krebs-jazzphotoagency%40web.de_.jpg?fit=1800%2C1200&ssl=1","width":1800,"height":1200,"caption":"Omar Sosa. Foto: Thomas J. Krebs"},{"@type":"BreadcrumbList","@id":"https:\/\/www.jazzzeitung.de\/cms\/2017\/08\/hamburger-jazz-sommerprogramm-in-der-elbphilharmonie\/#breadcrumb","itemListElement":[{"@type":"ListItem","position":1,"name":"Startseite","item":"https:\/\/www.jazzzeitung.de\/cms\/"},{"@type":"ListItem","position":2,"name":"Hamburger \u201eJazz\u201c- Sommerprogramm in der Elbphilharmonie"}]},{"@type":"WebSite","@id":"https:\/\/www.jazzzeitung.de\/cms\/#website","url":"https:\/\/www.jazzzeitung.de\/cms\/","name":"JazzZeitung","description":"Jazz-News und Jazz-Kontroverses","publisher":{"@id":"https:\/\/www.jazzzeitung.de\/cms\/#organization"},"potentialAction":[{"@type":"SearchAction","target":{"@type":"EntryPoint","urlTemplate":"https:\/\/www.jazzzeitung.de\/cms\/?s={search_term_string}"},"query-input":{"@type":"PropertyValueSpecification","valueRequired":true,"valueName":"search_term_string"}}],"inLanguage":"de"},{"@type":"Organization","@id":"https:\/\/www.jazzzeitung.de\/cms\/#organization","name":"JazzZeitung online","url":"https:\/\/www.jazzzeitung.de\/cms\/","logo":{"@type":"ImageObject","inLanguage":"de","@id":"https:\/\/www.jazzzeitung.de\/cms\/#\/schema\/logo\/image\/","url":"https:\/\/i0.wp.com\/www.jazzzeitung.de\/cms\/wp-content\/uploads\/2015\/08\/JAZZZEITUNGDE_Logo_Neu.png?fit=499%2C200&ssl=1","contentUrl":"https:\/\/i0.wp.com\/www.jazzzeitung.de\/cms\/wp-content\/uploads\/2015\/08\/JAZZZEITUNGDE_Logo_Neu.png?fit=499%2C200&ssl=1","width":499,"height":200,"caption":"JazzZeitung online"},"image":{"@id":"https:\/\/www.jazzzeitung.de\/cms\/#\/schema\/logo\/image\/"},"sameAs":["https:\/\/www.facebook.com\/JazzZeitung\/"]},{"@type":"Person","@id":"https:\/\/www.jazzzeitung.de\/cms\/#\/schema\/person\/2245b36b9cd1d24cea10f01c031fb92b","name":"Redaktion JazzZeitung","image":{"@type":"ImageObject","inLanguage":"de","@id":"https:\/\/i0.wp.com\/www.jazzzeitung.de\/cms\/wp-content\/uploads\/2015\/08\/JAZZZEITUNGDE_Logo_Neu.png?resize=96%2C96&ssl=159975dcacb611b5700bd619b5daf0a7a","url":"https:\/\/i0.wp.com\/www.jazzzeitung.de\/cms\/wp-content\/uploads\/2015\/08\/JAZZZEITUNGDE_Logo_Neu.png?resize=96%2C96&ssl=1","contentUrl":"https:\/\/i0.wp.com\/www.jazzzeitung.de\/cms\/wp-content\/uploads\/2015\/08\/JAZZZEITUNGDE_Logo_Neu.png?resize=96%2C96&ssl=1","caption":"Redaktion JazzZeitung"},"description":"Artikel der Redaktion der JazzZeitung.","sameAs":["http:\/\/www.jazzzeitung.de\/cms\/"],"url":"https:\/\/www.jazzzeitung.de\/cms\/author\/redaktion\/"}]}},"wp-worthy-pixel":{"ignored":false,"public":null,"server":null,"url":null},"wp-worthy-type":"normal","jetpack_publicize_connections":[],"cc_featured_image_caption":{"caption_text":false,"source_text":false,"source_url":false},"jetpack_featured_media_url":"https:\/\/i0.wp.com\/www.jazzzeitung.de\/cms\/wp-content\/uploads\/2017\/08\/P1530341-Omar-Sosa-Foto-TJ-Krebs-jazzphotoagency%40web.de_.jpg?fit=1800%2C1200&ssl=1","jetpack_shortlink":"https:\/\/wp.me\/p3KEcT-3uJ","jetpack-related-posts":[{"id":14667,"url":"https:\/\/www.jazzzeitung.de\/cms\/2018\/01\/monika-roscher-steigt-in-leuchtdiodenanzug-und-tanzt-die-starlight-night\/","url_meta":{"origin":13437,"position":0},"title":"Monika Roscher steigt in Leuchtdiodenanzug und tanzt die \u201eStarlight Night\u201c","author":"Michael Scheiner","date":"8. Januar 2018","format":false,"excerpt":"\u201eEchte Lieder aus dem Leben\u201c: Monika Roscher mit ihrer 17-k\u00f6pfigen Band im Regensburger Jazzclub Leerer Beutel Das knapp zehnj\u00e4hrige M\u00e4del in der ersten Reihe konnte kaum seinen Blick von der lebhaften Musikerin auf der dicht besetzten B\u00fchne im Leeren Beutel wenden. Weit vorn auf dem Stuhl sitzend, schlenkerte sie mit\u2026","rel":"","context":"In &quot;Bericht&quot;","block_context":{"text":"Bericht","link":"https:\/\/www.jazzzeitung.de\/cms\/thema\/bericht\/"},"img":{"alt_text":"","src":"https:\/\/i0.wp.com\/www.jazzzeitung.de\/cms\/wp-content\/uploads\/2018\/01\/Roscher-band_1431.jpg?fit=1200%2C832&ssl=1&resize=350%2C200","width":350,"height":200,"srcset":"https:\/\/i0.wp.com\/www.jazzzeitung.de\/cms\/wp-content\/uploads\/2018\/01\/Roscher-band_1431.jpg?fit=1200%2C832&ssl=1&resize=350%2C200 1x, https:\/\/i0.wp.com\/www.jazzzeitung.de\/cms\/wp-content\/uploads\/2018\/01\/Roscher-band_1431.jpg?fit=1200%2C832&ssl=1&resize=525%2C300 1.5x, https:\/\/i0.wp.com\/www.jazzzeitung.de\/cms\/wp-content\/uploads\/2018\/01\/Roscher-band_1431.jpg?fit=1200%2C832&ssl=1&resize=700%2C400 2x, https:\/\/i0.wp.com\/www.jazzzeitung.de\/cms\/wp-content\/uploads\/2018\/01\/Roscher-band_1431.jpg?fit=1200%2C832&ssl=1&resize=1050%2C600 3x"},"classes":[]},{"id":29593,"url":"https:\/\/www.jazzzeitung.de\/cms\/2023\/06\/elbjazz-2023-jazz-dance-unter-der-diskokugel\/","url_meta":{"origin":13437,"position":1},"title":"Elbjazz 2023: Jazz &#038; Dance unter der Diskokugel","author":"Thomas J. Krebs","date":"16. Juni 2023","format":false,"excerpt":"Gleich vorweg: Auch das diesj\u00e4hrige Hamburger Elbjazz war wieder ein voller Erfolg. Bei Temperaturen bis zu 28 Grad und herrlichem Sonnenschein am 10. und 11. Juni waren die wettertechnischen Voraussetzungen optimal, vorausgesetzt man hatte Sonnencreme und Kopfbedeckung dabei. Als vorausschauende Ma\u00dfnahme des Veranstalters wurden kostenlose Trinkwasserstellen aufgestellt, die angesichts der\u2026","rel":"","context":"In &quot;Bericht&quot;","block_context":{"text":"Bericht","link":"https:\/\/www.jazzzeitung.de\/cms\/thema\/bericht\/"},"img":{"alt_text":"","src":"https:\/\/i0.wp.com\/www.jazzzeitung.de\/cms\/wp-content\/uploads\/2023\/06\/P2491318-Tingvall-Trio-Foto-TJ-Krebs.jpg?fit=1200%2C800&ssl=1&resize=350%2C200","width":350,"height":200,"srcset":"https:\/\/i0.wp.com\/www.jazzzeitung.de\/cms\/wp-content\/uploads\/2023\/06\/P2491318-Tingvall-Trio-Foto-TJ-Krebs.jpg?fit=1200%2C800&ssl=1&resize=350%2C200 1x, https:\/\/i0.wp.com\/www.jazzzeitung.de\/cms\/wp-content\/uploads\/2023\/06\/P2491318-Tingvall-Trio-Foto-TJ-Krebs.jpg?fit=1200%2C800&ssl=1&resize=525%2C300 1.5x, https:\/\/i0.wp.com\/www.jazzzeitung.de\/cms\/wp-content\/uploads\/2023\/06\/P2491318-Tingvall-Trio-Foto-TJ-Krebs.jpg?fit=1200%2C800&ssl=1&resize=700%2C400 2x, https:\/\/i0.wp.com\/www.jazzzeitung.de\/cms\/wp-content\/uploads\/2023\/06\/P2491318-Tingvall-Trio-Foto-TJ-Krebs.jpg?fit=1200%2C800&ssl=1&resize=1050%2C600 3x"},"classes":[]},{"id":32053,"url":"https:\/\/www.jazzzeitung.de\/cms\/2025\/01\/performance-jazz-pop-gitarrensound-und-big-band-power-monika-roscher-spielt-auf\/","url_meta":{"origin":13437,"position":2},"title":"Performance, Jazz, Pop, Gitarrensound und Big Band Power: Monika Roscher spielt auf","author":"Redaktion JazzZeitung","date":"8. Januar 2025","format":false,"excerpt":"Gitarristin und S\u00e4ngerin Monika Roscher gastiert\u00a0 mit ihrer Bigband im Regensburger Jazzclub im Leeren Beutel\u00a0 und wird st\u00fcrmisch gefeiert. In Monika Roscher steckt von vielen etwas. Vom extraterrestrischen Bigband-Leader Sun Ra etwa mit seinen spacigen Auftritten. Von Bj\u00f6rk mit ihrer eigenwilligen elfenhaften Stimme. Von den Royals mit ihren extravaganten Kopfbedeckungen.\u2026","rel":"","context":"In &quot;Bericht&quot;","block_context":{"text":"Bericht","link":"https:\/\/www.jazzzeitung.de\/cms\/thema\/bericht\/"},"img":{"alt_text":"","src":"https:\/\/i0.wp.com\/www.jazzzeitung.de\/cms\/wp-content\/uploads\/2025\/01\/roscher-monika-bb_325-scaled.jpg?fit=1200%2C799&ssl=1&resize=350%2C200","width":350,"height":200,"srcset":"https:\/\/i0.wp.com\/www.jazzzeitung.de\/cms\/wp-content\/uploads\/2025\/01\/roscher-monika-bb_325-scaled.jpg?fit=1200%2C799&ssl=1&resize=350%2C200 1x, https:\/\/i0.wp.com\/www.jazzzeitung.de\/cms\/wp-content\/uploads\/2025\/01\/roscher-monika-bb_325-scaled.jpg?fit=1200%2C799&ssl=1&resize=525%2C300 1.5x, https:\/\/i0.wp.com\/www.jazzzeitung.de\/cms\/wp-content\/uploads\/2025\/01\/roscher-monika-bb_325-scaled.jpg?fit=1200%2C799&ssl=1&resize=700%2C400 2x, https:\/\/i0.wp.com\/www.jazzzeitung.de\/cms\/wp-content\/uploads\/2025\/01\/roscher-monika-bb_325-scaled.jpg?fit=1200%2C799&ssl=1&resize=1050%2C600 3x"},"classes":[]},{"id":17113,"url":"https:\/\/www.jazzzeitung.de\/cms\/2018\/08\/stefano-bollanis-napolis-trip-in-der-hamburger-elbphilharmonie\/","url_meta":{"origin":13437,"position":3},"title":"Stefano Bollanis &#8222;Napolis Trip&#8220; in der Hamburger Elbphilharmonie","author":"Redaktion JazzZeitung","date":"31. August 2018","format":false,"excerpt":"Vergangenen Mittwoch gastierte das Stefano Bollani Quartett mit dem Programm \u201eNapoli Trip\u201c in der Hamburger Elbphilharmonie und pr\u00e4sentierte den Zuh\u00f6rern ein abwechslungsreiches, spannungsgeladenes Konzert. Ob Bollani solo am Steinway, im Duo mit dem Klarinettisten Nico Gori, im Quartett am Piano und teilweise parallel am Fender Rhodes, dann wieder im Duo\u2026","rel":"","context":"In &quot;Bericht&quot;","block_context":{"text":"Bericht","link":"https:\/\/www.jazzzeitung.de\/cms\/thema\/bericht\/"},"img":{"alt_text":"","src":"https:\/\/i0.wp.com\/www.jazzzeitung.de\/cms\/wp-content\/uploads\/2018\/08\/P1000141-Stefano-Bollani-Quartett-Foto-TJ-Krebs-jazzphotoagency%40web.de_.jpg?fit=1200%2C800&ssl=1&resize=350%2C200","width":350,"height":200,"srcset":"https:\/\/i0.wp.com\/www.jazzzeitung.de\/cms\/wp-content\/uploads\/2018\/08\/P1000141-Stefano-Bollani-Quartett-Foto-TJ-Krebs-jazzphotoagency%40web.de_.jpg?fit=1200%2C800&ssl=1&resize=350%2C200 1x, https:\/\/i0.wp.com\/www.jazzzeitung.de\/cms\/wp-content\/uploads\/2018\/08\/P1000141-Stefano-Bollani-Quartett-Foto-TJ-Krebs-jazzphotoagency%40web.de_.jpg?fit=1200%2C800&ssl=1&resize=525%2C300 1.5x, https:\/\/i0.wp.com\/www.jazzzeitung.de\/cms\/wp-content\/uploads\/2018\/08\/P1000141-Stefano-Bollani-Quartett-Foto-TJ-Krebs-jazzphotoagency%40web.de_.jpg?fit=1200%2C800&ssl=1&resize=700%2C400 2x, https:\/\/i0.wp.com\/www.jazzzeitung.de\/cms\/wp-content\/uploads\/2018\/08\/P1000141-Stefano-Bollani-Quartett-Foto-TJ-Krebs-jazzphotoagency%40web.de_.jpg?fit=1200%2C800&ssl=1&resize=1050%2C600 3x"},"classes":[]},{"id":2869,"url":"https:\/\/www.jazzzeitung.de\/cms\/2013\/11\/jazzfest-2013-monika-roscher-bigband-john-scofield-ueberjam-deux-gelb-und-gruenschnaebel\/","url_meta":{"origin":13437,"position":4},"title":"Jazzfest 2013 \u2013 Monika Roscher BigBand \/ John Scofield \u201e\u00dcberjam Band Deux\u201c \u2013 Gelb- und Gr\u00fcnschn\u00e4bel","author":"Huflaikhan","date":"4. November 2013","format":false,"excerpt":"Eine letzte \u00dcberraschung f\u00fcr den Jazzfan konnte das letzte gro\u00dfe Konzert beim Jazzfest Berlin 2013 eigentlich nicht sein. Gewiss mochte manchem altgedienten Jazzfest-G\u00e4nger der Auftritt ein jungen deutschen BigBand, zumal geleitet von einer Frau, den Magen und seine eingerosteten Hirnareale verdrehen, aber das sind Kollateralsch\u00e4den, die man allzu gerne in\u2026","rel":"","context":"In &quot;Blog&quot;","block_context":{"text":"Blog","link":"https:\/\/www.jazzzeitung.de\/cms\/thema\/blog\/"},"img":{"alt_text":"Monika Roscher BigBand. Foto: P. Basche","src":"https:\/\/i0.wp.com\/www.jazzzeitung.de\/cms\/wp-content\/uploads\/2013\/11\/jf13-04-1923.jpg?resize=350%2C200","width":350,"height":200,"srcset":"https:\/\/i0.wp.com\/www.jazzzeitung.de\/cms\/wp-content\/uploads\/2013\/11\/jf13-04-1923.jpg?resize=350%2C200 1x, https:\/\/i0.wp.com\/www.jazzzeitung.de\/cms\/wp-content\/uploads\/2013\/11\/jf13-04-1923.jpg?resize=525%2C300 1.5x, https:\/\/i0.wp.com\/www.jazzzeitung.de\/cms\/wp-content\/uploads\/2013\/11\/jf13-04-1923.jpg?resize=700%2C400 2x, https:\/\/i0.wp.com\/www.jazzzeitung.de\/cms\/wp-content\/uploads\/2013\/11\/jf13-04-1923.jpg?resize=1050%2C600 3x"},"classes":[]},{"id":31073,"url":"https:\/\/www.jazzzeitung.de\/cms\/2024\/05\/der-nicht-gemuetliche-joachim-kuehns-80th-birthday-konzert-in-der-elbphilharmonie-hamburg\/","url_meta":{"origin":13437,"position":5},"title":"Der Nicht-Gem\u00fctliche:  Joachim K\u00fchns \u201e80th Birthday\u201c-Konzert in der Elbphilharmonie Hamburg","author":"Redaktion JazzZeitung","date":"17. Mai 2024","format":false,"excerpt":"Was f\u00fcr ein Applaus! Rauschender Jubel von einem Publikum, das in weiten Teilen stehend applaudiert. Und auf der B\u00fchne ein erfreut strahlender Lockenkopf, der nach allen Seiten zum Abschied winkt \u2013 und dann schwungvoll zum seitlichen B\u00fchnenausgang strebt. So erlebte man jetzt den Pianisten Joachim K\u00fchn \u2013 den vermutlich weltweit\u2026","rel":"","context":"In &quot;Bericht&quot;","block_context":{"text":"Bericht","link":"https:\/\/www.jazzzeitung.de\/cms\/thema\/bericht\/"},"img":{"alt_text":"","src":"https:\/\/i0.wp.com\/www.jazzzeitung.de\/cms\/wp-content\/uploads\/2024\/05\/240515_J-Kuehn_HH_02%40Walter_Schmitz-scaled.jpg?fit=1200%2C787&ssl=1&resize=350%2C200","width":350,"height":200,"srcset":"https:\/\/i0.wp.com\/www.jazzzeitung.de\/cms\/wp-content\/uploads\/2024\/05\/240515_J-Kuehn_HH_02%40Walter_Schmitz-scaled.jpg?fit=1200%2C787&ssl=1&resize=350%2C200 1x, https:\/\/i0.wp.com\/www.jazzzeitung.de\/cms\/wp-content\/uploads\/2024\/05\/240515_J-Kuehn_HH_02%40Walter_Schmitz-scaled.jpg?fit=1200%2C787&ssl=1&resize=525%2C300 1.5x, https:\/\/i0.wp.com\/www.jazzzeitung.de\/cms\/wp-content\/uploads\/2024\/05\/240515_J-Kuehn_HH_02%40Walter_Schmitz-scaled.jpg?fit=1200%2C787&ssl=1&resize=700%2C400 2x, https:\/\/i0.wp.com\/www.jazzzeitung.de\/cms\/wp-content\/uploads\/2024\/05\/240515_J-Kuehn_HH_02%40Walter_Schmitz-scaled.jpg?fit=1200%2C787&ssl=1&resize=1050%2C600 3x"},"classes":[]}],"jetpack_sharing_enabled":true,"_links":{"self":[{"href":"https:\/\/www.jazzzeitung.de\/cms\/wp-json\/wp\/v2\/posts\/13437","targetHints":{"allow":["GET"]}}],"collection":[{"href":"https:\/\/www.jazzzeitung.de\/cms\/wp-json\/wp\/v2\/posts"}],"about":[{"href":"https:\/\/www.jazzzeitung.de\/cms\/wp-json\/wp\/v2\/types\/post"}],"author":[{"embeddable":true,"href":"https:\/\/www.jazzzeitung.de\/cms\/wp-json\/wp\/v2\/users\/18"}],"replies":[{"embeddable":true,"href":"https:\/\/www.jazzzeitung.de\/cms\/wp-json\/wp\/v2\/comments?post=13437"}],"version-history":[{"count":4,"href":"https:\/\/www.jazzzeitung.de\/cms\/wp-json\/wp\/v2\/posts\/13437\/revisions"}],"predecessor-version":[{"id":13466,"href":"https:\/\/www.jazzzeitung.de\/cms\/wp-json\/wp\/v2\/posts\/13437\/revisions\/13466"}],"wp:featuredmedia":[{"embeddable":true,"href":"https:\/\/www.jazzzeitung.de\/cms\/wp-json\/wp\/v2\/media\/13440"}],"wp:attachment":[{"href":"https:\/\/www.jazzzeitung.de\/cms\/wp-json\/wp\/v2\/media?parent=13437"}],"wp:term":[{"taxonomy":"category","embeddable":true,"href":"https:\/\/www.jazzzeitung.de\/cms\/wp-json\/wp\/v2\/categories?post=13437"},{"taxonomy":"post_tag","embeddable":true,"href":"https:\/\/www.jazzzeitung.de\/cms\/wp-json\/wp\/v2\/tags?post=13437"},{"taxonomy":"author","embeddable":true,"href":"https:\/\/www.jazzzeitung.de\/cms\/wp-json\/wp\/v2\/coauthors?post=13437"}],"curies":[{"name":"wp","href":"https:\/\/api.w.org\/{rel}","templated":true}]}}