{"id":13319,"date":"2017-08-12T10:00:12","date_gmt":"2017-08-12T08:00:12","guid":{"rendered":"https:\/\/www.jazzzeitung.de\/cms\/?p=13319"},"modified":"2017-08-14T09:43:27","modified_gmt":"2017-08-14T07:43:27","slug":"feuriger-gypsy-swing-im-prasselnden-regen","status":"publish","type":"post","link":"https:\/\/www.jazzzeitung.de\/cms\/2017\/08\/feuriger-gypsy-swing-im-prasselnden-regen\/","title":{"rendered":"Feuriger Gypsy-Swing im prasselnden Regen"},"content":{"rendered":"<div class=\"tiled-gallery type-rectangular tiled-gallery-unresized\" data-original-width=\"840\" data-carousel-extra='{&quot;blog_id&quot;:1,&quot;permalink&quot;:&quot;https:\\\/\\\/www.jazzzeitung.de\\\/cms\\\/2017\\\/08\\\/feuriger-gypsy-swing-im-prasselnden-regen\\\/&quot;,&quot;likes_blog_id&quot;:55446655}' itemscope itemtype=\"http:\/\/schema.org\/ImageGallery\" > <div class=\"gallery-row\" style=\"width: 840px; height: 372px;\" data-original-width=\"840\" data-original-height=\"372\" > <div class=\"gallery-group images-1\" style=\"width: 560px; height: 372px;\" data-original-width=\"560\" data-original-height=\"372\" > <div class=\"tiled-gallery-item tiled-gallery-item-large\" itemprop=\"associatedMedia\" itemscope itemtype=\"http:\/\/schema.org\/ImageObject\"> <a href=\"https:\/\/www.jazzzeitung.de\/cms\/2017\/08\/feuriger-gypsy-swing-im-prasselnden-regen\/image001-4\/\" border=\"0\" itemprop=\"url\"> <meta itemprop=\"width\" content=\"556\"> <meta itemprop=\"height\" content=\"368\"> <img decoding=\"async\" class=\"\" data-attachment-id=\"13322\" data-orig-file=\"https:\/\/www.jazzzeitung.de\/cms\/wp-content\/uploads\/2017\/08\/image001.jpg\" data-orig-size=\"1088,719\" data-comments-opened=\"1\" data-image-meta=\"{&quot;aperture&quot;:&quot;0&quot;,&quot;credit&quot;:&quot;&quot;,&quot;camera&quot;:&quot;&quot;,&quot;caption&quot;:&quot;&quot;,&quot;created_timestamp&quot;:&quot;0&quot;,&quot;copyright&quot;:&quot;&quot;,&quot;focal_length&quot;:&quot;0&quot;,&quot;iso&quot;:&quot;0&quot;,&quot;shutter_speed&quot;:&quot;0&quot;,&quot;title&quot;:&quot;&quot;,&quot;orientation&quot;:&quot;0&quot;}\" data-image-title=\"\" data-image-description=\"\" data-medium-file=\"https:\/\/i0.wp.com\/www.jazzzeitung.de\/cms\/wp-content\/uploads\/2017\/08\/image001.jpg?fit=300%2C198&#038;ssl=1\" data-large-file=\"https:\/\/i0.wp.com\/www.jazzzeitung.de\/cms\/wp-content\/uploads\/2017\/08\/image001.jpg?fit=840%2C555&#038;ssl=1\" src=\"https:\/\/i0.wp.com\/www.jazzzeitung.de\/cms\/wp-content\/uploads\/2017\/08\/image001.jpg?w=556&#038;h=368&#038;ssl=1\" srcset=\"https:\/\/i0.wp.com\/www.jazzzeitung.de\/cms\/wp-content\/uploads\/2017\/08\/image001.jpg?w=1088&amp;ssl=1 1088w, https:\/\/i0.wp.com\/www.jazzzeitung.de\/cms\/wp-content\/uploads\/2017\/08\/image001.jpg?resize=300%2C198&amp;ssl=1 300w, https:\/\/i0.wp.com\/www.jazzzeitung.de\/cms\/wp-content\/uploads\/2017\/08\/image001.jpg?resize=768%2C508&amp;ssl=1 768w, https:\/\/i0.wp.com\/www.jazzzeitung.de\/cms\/wp-content\/uploads\/2017\/08\/image001.jpg?resize=900%2C595&amp;ssl=1 900w\" width=\"556\" height=\"368\" loading=\"lazy\" data-original-width=\"556\" data-original-height=\"368\" itemprop=\"http:\/\/schema.org\/image\" title=\"\" alt=\"Helmut Nieberle. Foto: Michael Scheiner\" style=\"width: 556px; height: 368px;\" \/> <\/a> <div class=\"tiled-gallery-caption\" itemprop=\"caption description\"> Helmut Nieberle. Foto: Michael Scheiner <\/div> <\/div> <\/div> <!-- close group --> <div class=\"gallery-group images-2\" style=\"width: 280px; height: 372px;\" data-original-width=\"280\" data-original-height=\"372\" > <div class=\"tiled-gallery-item tiled-gallery-item-large\" itemprop=\"associatedMedia\" itemscope itemtype=\"http:\/\/schema.org\/ImageObject\"> <a href=\"https:\/\/www.jazzzeitung.de\/cms\/2017\/08\/feuriger-gypsy-swing-im-prasselnden-regen\/holstein-stephan_369\/\" border=\"0\" itemprop=\"url\"> <meta itemprop=\"width\" content=\"276\"> <meta itemprop=\"height\" content=\"180\"> <img decoding=\"async\" class=\"\" data-attachment-id=\"13320\" data-orig-file=\"https:\/\/www.jazzzeitung.de\/cms\/wp-content\/uploads\/2017\/08\/Holstein-stephan_369.jpg\" data-orig-size=\"2398,1565\" data-comments-opened=\"1\" data-image-meta=\"{&quot;aperture&quot;:&quot;5.3&quot;,&quot;credit&quot;:&quot;&quot;,&quot;camera&quot;:&quot;NIKON D7000&quot;,&quot;caption&quot;:&quot;&quot;,&quot;created_timestamp&quot;:&quot;1502225271&quot;,&quot;copyright&quot;:&quot;&quot;,&quot;focal_length&quot;:&quot;70&quot;,&quot;iso&quot;:&quot;1600&quot;,&quot;shutter_speed&quot;:&quot;0.008&quot;,&quot;title&quot;:&quot;&quot;,&quot;orientation&quot;:&quot;1&quot;}\" data-image-title=\"Holstein-stephan_369\" data-image-description=\"\" data-medium-file=\"https:\/\/i0.wp.com\/www.jazzzeitung.de\/cms\/wp-content\/uploads\/2017\/08\/Holstein-stephan_369.jpg?fit=300%2C196&#038;ssl=1\" data-large-file=\"https:\/\/i0.wp.com\/www.jazzzeitung.de\/cms\/wp-content\/uploads\/2017\/08\/Holstein-stephan_369.jpg?fit=840%2C548&#038;ssl=1\" src=\"https:\/\/i0.wp.com\/www.jazzzeitung.de\/cms\/wp-content\/uploads\/2017\/08\/Holstein-stephan_369.jpg?w=276&#038;h=180&#038;ssl=1\" srcset=\"https:\/\/i0.wp.com\/www.jazzzeitung.de\/cms\/wp-content\/uploads\/2017\/08\/Holstein-stephan_369.jpg?w=2398&amp;ssl=1 2398w, https:\/\/i0.wp.com\/www.jazzzeitung.de\/cms\/wp-content\/uploads\/2017\/08\/Holstein-stephan_369.jpg?resize=300%2C196&amp;ssl=1 300w, https:\/\/i0.wp.com\/www.jazzzeitung.de\/cms\/wp-content\/uploads\/2017\/08\/Holstein-stephan_369.jpg?resize=768%2C501&amp;ssl=1 768w, https:\/\/i0.wp.com\/www.jazzzeitung.de\/cms\/wp-content\/uploads\/2017\/08\/Holstein-stephan_369.jpg?resize=900%2C587&amp;ssl=1 900w, https:\/\/i0.wp.com\/www.jazzzeitung.de\/cms\/wp-content\/uploads\/2017\/08\/Holstein-stephan_369.jpg?w=1680&amp;ssl=1 1680w\" width=\"276\" height=\"180\" loading=\"lazy\" data-original-width=\"276\" data-original-height=\"180\" itemprop=\"http:\/\/schema.org\/image\" title=\"Holstein-stephan_369\" alt=\"Stephan Holstein. Foto: Michael Scheiner\" style=\"width: 276px; height: 180px;\" \/> <\/a> <div class=\"tiled-gallery-caption\" itemprop=\"caption description\"> Stephan Holstein. Foto: Michael Scheiner <\/div> <\/div> <div class=\"tiled-gallery-item tiled-gallery-item-large\" itemprop=\"associatedMedia\" itemscope itemtype=\"http:\/\/schema.org\/ImageObject\"> <a href=\"https:\/\/www.jazzzeitung.de\/cms\/2017\/08\/feuriger-gypsy-swing-im-prasselnden-regen\/image005-2\/\" border=\"0\" itemprop=\"url\"> <meta itemprop=\"width\" content=\"276\"> <meta itemprop=\"height\" content=\"184\"> <img decoding=\"async\" class=\"\" data-attachment-id=\"13326\" data-orig-file=\"https:\/\/www.jazzzeitung.de\/cms\/wp-content\/uploads\/2017\/08\/image005.jpg\" data-orig-size=\"1088,726\" data-comments-opened=\"1\" data-image-meta=\"{&quot;aperture&quot;:&quot;0&quot;,&quot;credit&quot;:&quot;&quot;,&quot;camera&quot;:&quot;&quot;,&quot;caption&quot;:&quot;&quot;,&quot;created_timestamp&quot;:&quot;0&quot;,&quot;copyright&quot;:&quot;&quot;,&quot;focal_length&quot;:&quot;0&quot;,&quot;iso&quot;:&quot;0&quot;,&quot;shutter_speed&quot;:&quot;0&quot;,&quot;title&quot;:&quot;&quot;,&quot;orientation&quot;:&quot;0&quot;}\" data-image-title=\"image005\" data-image-description=\"\" data-medium-file=\"https:\/\/i0.wp.com\/www.jazzzeitung.de\/cms\/wp-content\/uploads\/2017\/08\/image005.jpg?fit=300%2C200&#038;ssl=1\" data-large-file=\"https:\/\/i0.wp.com\/www.jazzzeitung.de\/cms\/wp-content\/uploads\/2017\/08\/image005.jpg?fit=840%2C560&#038;ssl=1\" src=\"https:\/\/i0.wp.com\/www.jazzzeitung.de\/cms\/wp-content\/uploads\/2017\/08\/image005.jpg?w=276&#038;h=184&#038;ssl=1\" srcset=\"https:\/\/i0.wp.com\/www.jazzzeitung.de\/cms\/wp-content\/uploads\/2017\/08\/image005.jpg?w=1088&amp;ssl=1 1088w, https:\/\/i0.wp.com\/www.jazzzeitung.de\/cms\/wp-content\/uploads\/2017\/08\/image005.jpg?resize=300%2C200&amp;ssl=1 300w, https:\/\/i0.wp.com\/www.jazzzeitung.de\/cms\/wp-content\/uploads\/2017\/08\/image005.jpg?resize=768%2C512&amp;ssl=1 768w, https:\/\/i0.wp.com\/www.jazzzeitung.de\/cms\/wp-content\/uploads\/2017\/08\/image005.jpg?resize=900%2C600&amp;ssl=1 900w\" width=\"276\" height=\"184\" loading=\"lazy\" data-original-width=\"276\" data-original-height=\"184\" itemprop=\"http:\/\/schema.org\/image\" title=\"image005\" alt=\"Ensemble mit Helmut Nieberle (von Links), Stephan Holstein, Sandro Roy, Diknu Schneeberger, Ferry Baier (verdeckt) und Wolfgang Kriener. Foto: Michael Scheiner\" style=\"width: 276px; height: 184px;\" \/> <\/a> <div class=\"tiled-gallery-caption\" itemprop=\"caption description\"> Ensemble mit Helmut Nieberle (von Links), Stephan Holstein, Sandro Roy, Diknu Schneeberger, Ferry Baier (verdeckt) und Wolfgang Kriener. Foto: Michael Scheiner <\/div> <\/div> <\/div> <!-- close group --> <\/div> <!-- close row --> <div class=\"gallery-row\" style=\"width: 840px; height: 141px;\" data-original-width=\"840\" data-original-height=\"141\" > <div class=\"gallery-group images-1\" style=\"width: 210px; height: 141px;\" data-original-width=\"210\" data-original-height=\"141\" > <div class=\"tiled-gallery-item tiled-gallery-item-small\" itemprop=\"associatedMedia\" itemscope itemtype=\"http:\/\/schema.org\/ImageObject\"> <a href=\"https:\/\/www.jazzzeitung.de\/cms\/2017\/08\/feuriger-gypsy-swing-im-prasselnden-regen\/image007-2\/\" border=\"0\" itemprop=\"url\"> <meta itemprop=\"width\" content=\"206\"> <meta itemprop=\"height\" content=\"137\"> <img decoding=\"async\" class=\"\" data-attachment-id=\"13328\" data-orig-file=\"https:\/\/www.jazzzeitung.de\/cms\/wp-content\/uploads\/2017\/08\/image007.jpg\" data-orig-size=\"1088,721\" data-comments-opened=\"1\" data-image-meta=\"{&quot;aperture&quot;:&quot;0&quot;,&quot;credit&quot;:&quot;&quot;,&quot;camera&quot;:&quot;&quot;,&quot;caption&quot;:&quot;&quot;,&quot;created_timestamp&quot;:&quot;0&quot;,&quot;copyright&quot;:&quot;&quot;,&quot;focal_length&quot;:&quot;0&quot;,&quot;iso&quot;:&quot;0&quot;,&quot;shutter_speed&quot;:&quot;0&quot;,&quot;title&quot;:&quot;&quot;,&quot;orientation&quot;:&quot;0&quot;}\" data-image-title=\"image007\" data-image-description=\"\" data-medium-file=\"https:\/\/i0.wp.com\/www.jazzzeitung.de\/cms\/wp-content\/uploads\/2017\/08\/image007.jpg?fit=300%2C199&#038;ssl=1\" data-large-file=\"https:\/\/i0.wp.com\/www.jazzzeitung.de\/cms\/wp-content\/uploads\/2017\/08\/image007.jpg?fit=840%2C556&#038;ssl=1\" src=\"https:\/\/i0.wp.com\/www.jazzzeitung.de\/cms\/wp-content\/uploads\/2017\/08\/image007.jpg?w=206&#038;h=137&#038;ssl=1\" srcset=\"https:\/\/i0.wp.com\/www.jazzzeitung.de\/cms\/wp-content\/uploads\/2017\/08\/image007.jpg?w=1088&amp;ssl=1 1088w, https:\/\/i0.wp.com\/www.jazzzeitung.de\/cms\/wp-content\/uploads\/2017\/08\/image007.jpg?resize=300%2C199&amp;ssl=1 300w, https:\/\/i0.wp.com\/www.jazzzeitung.de\/cms\/wp-content\/uploads\/2017\/08\/image007.jpg?resize=768%2C509&amp;ssl=1 768w, https:\/\/i0.wp.com\/www.jazzzeitung.de\/cms\/wp-content\/uploads\/2017\/08\/image007.jpg?resize=900%2C596&amp;ssl=1 900w\" width=\"206\" height=\"137\" loading=\"lazy\" data-original-width=\"206\" data-original-height=\"137\" itemprop=\"http:\/\/schema.org\/image\" title=\"image007\" alt=\"Diknu Schneeberger. Foto: Michael Scheiner\" style=\"width: 206px; height: 137px;\" \/> <\/a> <div class=\"tiled-gallery-caption\" itemprop=\"caption description\"> Diknu Schneeberger. Foto: Michael Scheiner <\/div> <\/div> <\/div> <!-- close group --> <div class=\"gallery-group images-1\" style=\"width: 210px; height: 141px;\" data-original-width=\"210\" data-original-height=\"141\" > <div class=\"tiled-gallery-item tiled-gallery-item-small\" itemprop=\"associatedMedia\" itemscope itemtype=\"http:\/\/schema.org\/ImageObject\"> <a href=\"https:\/\/www.jazzzeitung.de\/cms\/2017\/08\/feuriger-gypsy-swing-im-prasselnden-regen\/image006-3\/\" border=\"0\" itemprop=\"url\"> <meta itemprop=\"width\" content=\"206\"> <meta itemprop=\"height\" content=\"137\"> <img decoding=\"async\" class=\"\" data-attachment-id=\"13327\" data-orig-file=\"https:\/\/www.jazzzeitung.de\/cms\/wp-content\/uploads\/2017\/08\/image006.jpg\" data-orig-size=\"1088,721\" data-comments-opened=\"1\" data-image-meta=\"{&quot;aperture&quot;:&quot;0&quot;,&quot;credit&quot;:&quot;&quot;,&quot;camera&quot;:&quot;&quot;,&quot;caption&quot;:&quot;&quot;,&quot;created_timestamp&quot;:&quot;0&quot;,&quot;copyright&quot;:&quot;&quot;,&quot;focal_length&quot;:&quot;0&quot;,&quot;iso&quot;:&quot;0&quot;,&quot;shutter_speed&quot;:&quot;0&quot;,&quot;title&quot;:&quot;&quot;,&quot;orientation&quot;:&quot;0&quot;}\" data-image-title=\"image006\" data-image-description=\"\" data-medium-file=\"https:\/\/i0.wp.com\/www.jazzzeitung.de\/cms\/wp-content\/uploads\/2017\/08\/image006.jpg?fit=300%2C199&#038;ssl=1\" data-large-file=\"https:\/\/i0.wp.com\/www.jazzzeitung.de\/cms\/wp-content\/uploads\/2017\/08\/image006.jpg?fit=840%2C556&#038;ssl=1\" src=\"https:\/\/i0.wp.com\/www.jazzzeitung.de\/cms\/wp-content\/uploads\/2017\/08\/image006.jpg?w=206&#038;h=137&#038;ssl=1\" srcset=\"https:\/\/i0.wp.com\/www.jazzzeitung.de\/cms\/wp-content\/uploads\/2017\/08\/image006.jpg?w=1088&amp;ssl=1 1088w, https:\/\/i0.wp.com\/www.jazzzeitung.de\/cms\/wp-content\/uploads\/2017\/08\/image006.jpg?resize=300%2C199&amp;ssl=1 300w, https:\/\/i0.wp.com\/www.jazzzeitung.de\/cms\/wp-content\/uploads\/2017\/08\/image006.jpg?resize=768%2C509&amp;ssl=1 768w, https:\/\/i0.wp.com\/www.jazzzeitung.de\/cms\/wp-content\/uploads\/2017\/08\/image006.jpg?resize=900%2C596&amp;ssl=1 900w\" width=\"206\" height=\"137\" loading=\"lazy\" data-original-width=\"206\" data-original-height=\"137\" itemprop=\"http:\/\/schema.org\/image\" title=\"image006\" alt=\"Die beiden Jungstars Sandro Roy und Diknu Schneeberger. Foto: Michael Scheiner\" style=\"width: 206px; height: 137px;\" \/> <\/a> <div class=\"tiled-gallery-caption\" itemprop=\"caption description\"> Die beiden Jungstars Sandro Roy und Diknu Schneeberger. Foto: Michael Scheiner <\/div> <\/div> <\/div> <!-- close group --> <div class=\"gallery-group images-1\" style=\"width: 210px; height: 141px;\" data-original-width=\"210\" data-original-height=\"141\" > <div class=\"tiled-gallery-item tiled-gallery-item-small\" itemprop=\"associatedMedia\" itemscope itemtype=\"http:\/\/schema.org\/ImageObject\"> <a href=\"https:\/\/www.jazzzeitung.de\/cms\/2017\/08\/feuriger-gypsy-swing-im-prasselnden-regen\/image002-4\/\" border=\"0\" itemprop=\"url\"> <meta itemprop=\"width\" content=\"206\"> <meta itemprop=\"height\" content=\"137\"> <img decoding=\"async\" class=\"\" data-attachment-id=\"13323\" data-orig-file=\"https:\/\/www.jazzzeitung.de\/cms\/wp-content\/uploads\/2017\/08\/image002.jpg\" data-orig-size=\"1088,721\" data-comments-opened=\"1\" data-image-meta=\"{&quot;aperture&quot;:&quot;0&quot;,&quot;credit&quot;:&quot;&quot;,&quot;camera&quot;:&quot;&quot;,&quot;caption&quot;:&quot;&quot;,&quot;created_timestamp&quot;:&quot;0&quot;,&quot;copyright&quot;:&quot;&quot;,&quot;focal_length&quot;:&quot;0&quot;,&quot;iso&quot;:&quot;0&quot;,&quot;shutter_speed&quot;:&quot;0&quot;,&quot;title&quot;:&quot;&quot;,&quot;orientation&quot;:&quot;0&quot;}\" data-image-title=\"image002\" data-image-description=\"\" data-medium-file=\"https:\/\/i0.wp.com\/www.jazzzeitung.de\/cms\/wp-content\/uploads\/2017\/08\/image002.jpg?fit=300%2C199&#038;ssl=1\" data-large-file=\"https:\/\/i0.wp.com\/www.jazzzeitung.de\/cms\/wp-content\/uploads\/2017\/08\/image002.jpg?fit=840%2C556&#038;ssl=1\" src=\"https:\/\/i0.wp.com\/www.jazzzeitung.de\/cms\/wp-content\/uploads\/2017\/08\/image002.jpg?w=206&#038;h=137&#038;ssl=1\" srcset=\"https:\/\/i0.wp.com\/www.jazzzeitung.de\/cms\/wp-content\/uploads\/2017\/08\/image002.jpg?w=1088&amp;ssl=1 1088w, https:\/\/i0.wp.com\/www.jazzzeitung.de\/cms\/wp-content\/uploads\/2017\/08\/image002.jpg?resize=300%2C199&amp;ssl=1 300w, https:\/\/i0.wp.com\/www.jazzzeitung.de\/cms\/wp-content\/uploads\/2017\/08\/image002.jpg?resize=768%2C509&amp;ssl=1 768w, https:\/\/i0.wp.com\/www.jazzzeitung.de\/cms\/wp-content\/uploads\/2017\/08\/image002.jpg?resize=900%2C596&amp;ssl=1 900w\" width=\"206\" height=\"137\" loading=\"lazy\" data-original-width=\"206\" data-original-height=\"137\" itemprop=\"http:\/\/schema.org\/image\" title=\"image002\" alt=\"Helmut Nieberle. Foto: Michael Scheiner\" style=\"width: 206px; height: 137px;\" \/> <\/a> <div class=\"tiled-gallery-caption\" itemprop=\"caption description\"> Helmut Nieberle. Foto: Michael Scheiner <\/div> <\/div> <\/div> <!-- close group --> <div class=\"gallery-group images-1\" style=\"width: 210px; height: 141px;\" data-original-width=\"210\" data-original-height=\"141\" > <div class=\"tiled-gallery-item tiled-gallery-item-small\" itemprop=\"associatedMedia\" itemscope itemtype=\"http:\/\/schema.org\/ImageObject\"> <a href=\"https:\/\/www.jazzzeitung.de\/cms\/2017\/08\/feuriger-gypsy-swing-im-prasselnden-regen\/image009\/\" border=\"0\" itemprop=\"url\"> <meta itemprop=\"width\" content=\"206\"> <meta itemprop=\"height\" content=\"137\"> <img decoding=\"async\" class=\"\" data-attachment-id=\"13330\" data-orig-file=\"https:\/\/www.jazzzeitung.de\/cms\/wp-content\/uploads\/2017\/08\/image009.jpg\" data-orig-size=\"1088,721\" data-comments-opened=\"1\" data-image-meta=\"{&quot;aperture&quot;:&quot;0&quot;,&quot;credit&quot;:&quot;&quot;,&quot;camera&quot;:&quot;&quot;,&quot;caption&quot;:&quot;&quot;,&quot;created_timestamp&quot;:&quot;0&quot;,&quot;copyright&quot;:&quot;&quot;,&quot;focal_length&quot;:&quot;0&quot;,&quot;iso&quot;:&quot;0&quot;,&quot;shutter_speed&quot;:&quot;0&quot;,&quot;title&quot;:&quot;&quot;,&quot;orientation&quot;:&quot;0&quot;}\" data-image-title=\"image009\" data-image-description=\"\" data-medium-file=\"https:\/\/i0.wp.com\/www.jazzzeitung.de\/cms\/wp-content\/uploads\/2017\/08\/image009.jpg?fit=300%2C199&#038;ssl=1\" data-large-file=\"https:\/\/i0.wp.com\/www.jazzzeitung.de\/cms\/wp-content\/uploads\/2017\/08\/image009.jpg?fit=840%2C556&#038;ssl=1\" src=\"https:\/\/i0.wp.com\/www.jazzzeitung.de\/cms\/wp-content\/uploads\/2017\/08\/image009.jpg?w=206&#038;h=137&#038;ssl=1\" srcset=\"https:\/\/i0.wp.com\/www.jazzzeitung.de\/cms\/wp-content\/uploads\/2017\/08\/image009.jpg?w=1088&amp;ssl=1 1088w, https:\/\/i0.wp.com\/www.jazzzeitung.de\/cms\/wp-content\/uploads\/2017\/08\/image009.jpg?resize=300%2C199&amp;ssl=1 300w, https:\/\/i0.wp.com\/www.jazzzeitung.de\/cms\/wp-content\/uploads\/2017\/08\/image009.jpg?resize=768%2C509&amp;ssl=1 768w, https:\/\/i0.wp.com\/www.jazzzeitung.de\/cms\/wp-content\/uploads\/2017\/08\/image009.jpg?resize=900%2C596&amp;ssl=1 900w\" width=\"206\" height=\"137\" loading=\"lazy\" data-original-width=\"206\" data-original-height=\"137\" itemprop=\"http:\/\/schema.org\/image\" title=\"image009\" alt=\"Diknu Schneeberger, Ferry Baier und Wolfgang Kriener. Foto: Michael Scheiner\" style=\"width: 206px; height: 137px;\" \/> <\/a> <div class=\"tiled-gallery-caption\" itemprop=\"caption description\"> Diknu Schneeberger, Ferry Baier und Wolfgang Kriener. Foto: Michael Scheiner <\/div> <\/div> <\/div> <!-- close group --> <\/div> <!-- close row --> <\/div>\n<p><strong>Au\u00dfergew\u00f6hnliche Band um den Gitarristen Helmut Nieberle l\u00e4sst beim Konzert im Regensburger Thon-Dittmer-Palais die Musik Django Reinhardts und Stephane Grappellis aufleben\u00a0<\/strong><\/p>\n<p>Es ist eines der ungew\u00f6hnlichsten Konzerte des Jahres gewesen \u2013 musikalisch, aber auch von den Umst\u00e4nden her. Soviel kann man schon jetzt \u00fcber das Tribute-Konzert f\u00fcr\u00a0 Django Reinhardt und Stephane Grappelli im Hof des Thon-Dittmer-Palais beim Palazzo-Festival sagen. P\u00fcnktlich zur Pause meldete sich eine Regenfront mit dem ersten Schauer, der mit ein paar Unterbrechungen gegen Ende in einen ordentlichen Dauerregen \u00fcbergegangen war. Eingeh\u00fcllt in blaue und transparente Plastikfolien, harrte das Publikum bis zur Zugabe und \u201eeiner weiteren \u00dcberraschung\u201c unverdrossen auf den l\u00e4ngst feuchtnassen St\u00fchlen aus.<\/p>\n<p>W\u00e4hrend str\u00f6mender Regen auf die Regencapes und Zeltd\u00e4cher prasselte und damit ein zus\u00e4tzliches Klangspektrum er\u00f6ffnete, nahmen hinter der sechsk\u00f6pfigen Band auf der B\u00fchne sechs weitere junge Gitarristen auf bereitstehenden St\u00fchlen Platz. Allesamt Sch\u00fcler Helmut Nieberles, der das fantastische Konzert in dieser au\u00dfergew\u00f6hnlichen Besetzung auf die Beine gestellt hat, spielten sie eine beschwingte Version von Reinhardts \u201eMinor Swing\u201c in A-Moll, das dieser 1937 mit Grappelli geschrieben und mit dem \u201eQuintet of the Hot Club of France\u201c ver\u00f6ffentlicht hat. Bei der improvisierten Solostimme wechselten sich die jungen Musiker nacheinander solistisch ab, begleitet vom Applaus der begeisterten Zuh\u00f6rer. Erst nach diesem zus\u00e4tzlichen musikalischen Happening verlie\u00dfen sie fluchtartig die ungem\u00fctlich gewordene St\u00e4tte, w\u00e4hrend sich auf der B\u00fchne immer mehr breite Rinnsale um die Mikrost\u00e4nder und St\u00fchle der Musiker bildeten.<\/p>\n<p>Schon w\u00e4hrend der zweiten Konzerth\u00e4lfte beobachtete Nieberle misstrauisch, wie sich das Wasser langsam den Weg zu ihm bahnte, w\u00e4hrend er mit der Band eine eigene Version des russischen Klassikers \u201eSchwarze Augen\u201c anstimmte. \u00dcber einen langsamen, sehr unsentimentalen Einstieg begann der Augsburger Geiger Sandro Roy sein herzerw\u00e4rmendes Solospiel, das er bis zru virtuoser Ekstase steigerte. Hier durfte es dann auch ein wenig schmalzig werden. Ein Paradest\u00fcck f\u00fcr den meisterlichen Violinisten, der bei jedem seiner Eins\u00e4tze von den \u201eDonauwellen\u201c bis zu \u201eJ.L. Swing\u201c, einer antreibenden Komposition die er f\u00fcr Jermaine Landsberger geschrieben hat, mit dem ganzen K\u00f6rper mitging. Neben dem atemberaubenden jungen Geiger hatte Nieberle anfangs einen weiteren Jungstar vorgestellt, den aus Wien kommenden Gitarristen Diknu Schneeberger. Beide betonten, dass sie schon l\u00e4nger \u201eetwas miteinander machen wollten\u201c und sich sehr auf ihre erste gemeinsame Begegnung freuen w\u00fcrden. Komplettiert wurde die einmalige Besetzung durch die Cordes-Sauvage-Mitglieder\u00a0 Stephan Holstein (cl), Wolfgang Kriener am Bass und Ferry Baierl. Der \u201esitzt seit 35 Jahren an der Rhythmusgitarre\u201c, stellte Nieberle seinen Partner vor, \u201eund geh\u00f6rt l\u00e4ngst zum Weltkulturerbe des Jazz\u201c.<\/p>\n<p>Zum immateriellen Teil des Welterbes m\u00fcsste auch der von Django Reinhardt kreierte spezielle Swing aus franz\u00f6sischer Musette, expressivem New-Orleans-Jazz und der traditionellen Musik der Roma l\u00e4ngst gez\u00e4hlt werden. F\u00fcr den Tribute-Abend hatte Nieberle, von dem auch viele der Arrangements stammen, heitere Nummern wie das schnelle \u201eSwing 42\u201c, geschrieben 1941, das flotte \u201eShine\u201c und Titel von Sidney Bechet und Victor Young ausgesucht. Das unumg\u00e4ngliche \u201eNuages\u201c, von vielen Musikern schon bis zur Unkenntlichkeit verst\u00fcmpert, spielte der Regensburger Gitarrencrack in einer wunderbar bewegenden Version im Duo mit dem 27-j\u00e4hrigen Schneeberger. Der, wie Sandro Roy selbst ein Rom mit starken musikalisch-famili\u00e4ren Wurzeln, begeisterte mit seinen kunstfertigen Soli eins ums andere Mal.\u00a0 Mit dem Musette-Walzer \u201eIndifference\u201c von Tony Murena lie\u00df er sichtlich Tr\u00e4ume bei vielen Zuh\u00f6rer keimen, die sich vermutlich nur vom Regen davon abhalten lie\u00dfen, einige Runden zu tanzen. Es waren fantastische Unisonopassagen, packende und zarte Improvisationen vor allem von Holstein, Schneeberger und Roy, virtuoses Spiel und gef\u00fchlvolle Balladen mit welchen die sechs Instrumentalisten die Musik des franz\u00f6sischen Giganten und den von ihm geschaffenen Gypsy-Swing auf erregende Weise lebendig haben werden lassen. Ein bemerkenswerter Abend, der nicht nur wegen der \u00e4u\u00dferen Umst\u00e4nde im Ged\u00e4chtnis bleibt.<\/p>\n<p>Von Michael Scheiner<\/p>\n<p>&nbsp;<\/p>\n","protected":false},"excerpt":{"rendered":"<p>Au\u00dfergew\u00f6hnliche Band um den Gitarristen Helmut Nieberle l\u00e4sst beim Konzert im Regensburger Thon-Dittmer-Palais die Musik Django Reinhardts und Stephane Grappellis aufleben\u00a0 Es ist eines der ungew\u00f6hnlichsten Konzerte des Jahres gewesen \u2013 musikalisch, aber auch von den Umst\u00e4nden her. Soviel kann man schon jetzt \u00fcber das Tribute-Konzert f\u00fcr\u00a0 Django Reinhardt und Stephane Grappelli im Hof des Thon-Dittmer-Palais beim Palazzo-Festival sagen. P\u00fcnktlich zur Pause meldete sich eine Regenfront mit dem ersten Schauer, der mit ein paar Unterbrechungen gegen Ende in einen ordentlichen Dauerregen \u00fcbergegangen war. Eingeh\u00fcllt in blaue und transparente Plastikfolien, harrte das Publikum bis zur Zugabe und \u201eeiner weiteren \u00dcberraschung\u201c unverdrossen auf den l\u00e4ngst feuchtnassen St\u00fchlen aus. W\u00e4hrend str\u00f6mender Regen auf die Regencapes und Zeltd\u00e4cher prasselte und damit ein zus\u00e4tzliches Klangspektrum er\u00f6ffnete, nahmen hinter der sechsk\u00f6pfigen Band auf der B\u00fchne sechs weitere junge Gitarristen auf bereitstehenden St\u00fchlen Platz. Allesamt Sch\u00fcler Helmut Nieberles, der das fantastische Konzert in dieser au\u00dfergew\u00f6hnlichen Besetzung auf die Beine gestellt hat, spielten sie eine beschwingte Version von Reinhardts \u201eMinor Swing\u201c in A-Moll, das dieser 1937 mit Grappelli geschrieben und mit dem \u201eQuintet of the Hot Club of France\u201c ver\u00f6ffentlicht hat. Bei der &hellip;<\/p>\n","protected":false},"author":18,"featured_media":0,"comment_status":"open","ping_status":"closed","sticky":false,"template":"","format":"standard","meta":{"_jetpack_memberships_contains_paid_content":false,"footnotes":"","jetpack_publicize_message":"","jetpack_publicize_feature_enabled":true,"jetpack_social_post_already_shared":false,"jetpack_social_options":{"image_generator_settings":{"template":"highway","default_image_id":0,"font":"","enabled":false},"version":2}},"categories":[652],"tags":[1315,120,1406,3,714,322,323,387,462,1176,535],"coauthors":[695],"class_list":["post-13319","post","type-post","status-publish","format-standard","hentry","category-galerie","tag-applaus","tag-club","tag-duo","tag-festival","tag-helmut-nieberle","tag-konzert-2","tag-konzerte","tag-michael-scheiner","tag-reinhardt","tag-soli","tag-swing"],"yoast_head":"<!-- This site is optimized with the Yoast SEO plugin v27.5 - https:\/\/yoast.com\/product\/yoast-seo-wordpress\/ -->\n<title>Feuriger Gypsy-Swing im prasselnden Regen - JazzZeitung<\/title>\n<meta name=\"robots\" content=\"index, follow, max-snippet:-1, max-image-preview:large, max-video-preview:-1\" \/>\n<link rel=\"canonical\" href=\"https:\/\/www.jazzzeitung.de\/cms\/2017\/08\/feuriger-gypsy-swing-im-prasselnden-regen\/\" \/>\n<meta property=\"og:locale\" content=\"de_DE\" \/>\n<meta property=\"og:type\" content=\"article\" \/>\n<meta property=\"og:title\" content=\"Feuriger Gypsy-Swing im prasselnden Regen - JazzZeitung\" \/>\n<meta property=\"og:description\" content=\"Au\u00dfergew\u00f6hnliche Band um den Gitarristen Helmut Nieberle l\u00e4sst beim Konzert im Regensburger Thon-Dittmer-Palais die Musik Django Reinhardts und Stephane Grappellis aufleben\u00a0 Es ist eines der ungew\u00f6hnlichsten Konzerte des Jahres gewesen \u2013 musikalisch, aber auch von den Umst\u00e4nden her. Soviel kann man schon jetzt \u00fcber das Tribute-Konzert f\u00fcr\u00a0 Django Reinhardt und Stephane Grappelli im Hof des Thon-Dittmer-Palais beim Palazzo-Festival sagen. P\u00fcnktlich zur Pause meldete sich eine Regenfront mit dem ersten Schauer, der mit ein paar Unterbrechungen gegen Ende in einen ordentlichen Dauerregen \u00fcbergegangen war. Eingeh\u00fcllt in blaue und transparente Plastikfolien, harrte das Publikum bis zur Zugabe und \u201eeiner weiteren \u00dcberraschung\u201c unverdrossen auf den l\u00e4ngst feuchtnassen St\u00fchlen aus. W\u00e4hrend str\u00f6mender Regen auf die Regencapes und Zeltd\u00e4cher prasselte und damit ein zus\u00e4tzliches Klangspektrum er\u00f6ffnete, nahmen hinter der sechsk\u00f6pfigen Band auf der B\u00fchne sechs weitere junge Gitarristen auf bereitstehenden St\u00fchlen Platz. Allesamt Sch\u00fcler Helmut Nieberles, der das fantastische Konzert in dieser au\u00dfergew\u00f6hnlichen Besetzung auf die Beine gestellt hat, spielten sie eine beschwingte Version von Reinhardts \u201eMinor Swing\u201c in A-Moll, das dieser 1937 mit Grappelli geschrieben und mit dem \u201eQuintet of the Hot Club of France\u201c ver\u00f6ffentlicht hat. Bei der &hellip;\" \/>\n<meta property=\"og:url\" content=\"https:\/\/www.jazzzeitung.de\/cms\/2017\/08\/feuriger-gypsy-swing-im-prasselnden-regen\/\" \/>\n<meta property=\"og:site_name\" content=\"JazzZeitung\" \/>\n<meta property=\"article:publisher\" content=\"https:\/\/www.facebook.com\/JazzZeitung\/\" \/>\n<meta property=\"article:published_time\" content=\"2017-08-12T08:00:12+00:00\" \/>\n<meta property=\"article:modified_time\" content=\"2017-08-14T07:43:27+00:00\" \/>\n<meta property=\"og:image\" content=\"https:\/\/i0.wp.com\/www.jazzzeitung.de\/cms\/wp-content\/uploads\/2017\/08\/image001.jpg?w=556&#038;h=368&#038;ssl=1\" \/>\n<meta name=\"author\" content=\"Redaktion JazzZeitung\" \/>\n<script type=\"application\/ld+json\" class=\"yoast-schema-graph\">{\"@context\":\"https:\\\/\\\/schema.org\",\"@graph\":[{\"@type\":\"Article\",\"@id\":\"https:\\\/\\\/www.jazzzeitung.de\\\/cms\\\/2017\\\/08\\\/feuriger-gypsy-swing-im-prasselnden-regen\\\/#article\",\"isPartOf\":{\"@id\":\"https:\\\/\\\/www.jazzzeitung.de\\\/cms\\\/2017\\\/08\\\/feuriger-gypsy-swing-im-prasselnden-regen\\\/\"},\"author\":{\"name\":\"Redaktion JazzZeitung\",\"@id\":\"https:\\\/\\\/www.jazzzeitung.de\\\/cms\\\/#\\\/schema\\\/person\\\/2245b36b9cd1d24cea10f01c031fb92b\"},\"headline\":\"Feuriger Gypsy-Swing im prasselnden Regen\",\"datePublished\":\"2017-08-12T08:00:12+00:00\",\"dateModified\":\"2017-08-14T07:43:27+00:00\",\"mainEntityOfPage\":{\"@id\":\"https:\\\/\\\/www.jazzzeitung.de\\\/cms\\\/2017\\\/08\\\/feuriger-gypsy-swing-im-prasselnden-regen\\\/\"},\"wordCount\":665,\"commentCount\":0,\"publisher\":{\"@id\":\"https:\\\/\\\/www.jazzzeitung.de\\\/cms\\\/#organization\"},\"keywords\":[\"APPLAUS\",\"Club\",\"duo\",\"Festival\",\"Helmut Nieberle\",\"Konzert\",\"Konzerte\",\"Michael Scheiner\",\"reinhardt\",\"Soli\",\"Swing\"],\"articleSection\":[\"Galerie\"],\"inLanguage\":\"de\",\"potentialAction\":[{\"@type\":\"CommentAction\",\"name\":\"Comment\",\"target\":[\"https:\\\/\\\/www.jazzzeitung.de\\\/cms\\\/2017\\\/08\\\/feuriger-gypsy-swing-im-prasselnden-regen\\\/#respond\"]}]},{\"@type\":\"WebPage\",\"@id\":\"https:\\\/\\\/www.jazzzeitung.de\\\/cms\\\/2017\\\/08\\\/feuriger-gypsy-swing-im-prasselnden-regen\\\/\",\"url\":\"https:\\\/\\\/www.jazzzeitung.de\\\/cms\\\/2017\\\/08\\\/feuriger-gypsy-swing-im-prasselnden-regen\\\/\",\"name\":\"Feuriger Gypsy-Swing im prasselnden Regen - JazzZeitung\",\"isPartOf\":{\"@id\":\"https:\\\/\\\/www.jazzzeitung.de\\\/cms\\\/#website\"},\"datePublished\":\"2017-08-12T08:00:12+00:00\",\"dateModified\":\"2017-08-14T07:43:27+00:00\",\"breadcrumb\":{\"@id\":\"https:\\\/\\\/www.jazzzeitung.de\\\/cms\\\/2017\\\/08\\\/feuriger-gypsy-swing-im-prasselnden-regen\\\/#breadcrumb\"},\"inLanguage\":\"de\",\"potentialAction\":[{\"@type\":\"ReadAction\",\"target\":[\"https:\\\/\\\/www.jazzzeitung.de\\\/cms\\\/2017\\\/08\\\/feuriger-gypsy-swing-im-prasselnden-regen\\\/\"]}]},{\"@type\":\"BreadcrumbList\",\"@id\":\"https:\\\/\\\/www.jazzzeitung.de\\\/cms\\\/2017\\\/08\\\/feuriger-gypsy-swing-im-prasselnden-regen\\\/#breadcrumb\",\"itemListElement\":[{\"@type\":\"ListItem\",\"position\":1,\"name\":\"Startseite\",\"item\":\"https:\\\/\\\/www.jazzzeitung.de\\\/cms\\\/\"},{\"@type\":\"ListItem\",\"position\":2,\"name\":\"Feuriger Gypsy-Swing im prasselnden Regen\"}]},{\"@type\":\"WebSite\",\"@id\":\"https:\\\/\\\/www.jazzzeitung.de\\\/cms\\\/#website\",\"url\":\"https:\\\/\\\/www.jazzzeitung.de\\\/cms\\\/\",\"name\":\"JazzZeitung\",\"description\":\"Jazz-News und Jazz-Kontroverses\",\"publisher\":{\"@id\":\"https:\\\/\\\/www.jazzzeitung.de\\\/cms\\\/#organization\"},\"potentialAction\":[{\"@type\":\"SearchAction\",\"target\":{\"@type\":\"EntryPoint\",\"urlTemplate\":\"https:\\\/\\\/www.jazzzeitung.de\\\/cms\\\/?s={search_term_string}\"},\"query-input\":{\"@type\":\"PropertyValueSpecification\",\"valueRequired\":true,\"valueName\":\"search_term_string\"}}],\"inLanguage\":\"de\"},{\"@type\":\"Organization\",\"@id\":\"https:\\\/\\\/www.jazzzeitung.de\\\/cms\\\/#organization\",\"name\":\"JazzZeitung online\",\"url\":\"https:\\\/\\\/www.jazzzeitung.de\\\/cms\\\/\",\"logo\":{\"@type\":\"ImageObject\",\"inLanguage\":\"de\",\"@id\":\"https:\\\/\\\/www.jazzzeitung.de\\\/cms\\\/#\\\/schema\\\/logo\\\/image\\\/\",\"url\":\"https:\\\/\\\/i0.wp.com\\\/www.jazzzeitung.de\\\/cms\\\/wp-content\\\/uploads\\\/2015\\\/08\\\/JAZZZEITUNGDE_Logo_Neu.png?fit=499%2C200&ssl=1\",\"contentUrl\":\"https:\\\/\\\/i0.wp.com\\\/www.jazzzeitung.de\\\/cms\\\/wp-content\\\/uploads\\\/2015\\\/08\\\/JAZZZEITUNGDE_Logo_Neu.png?fit=499%2C200&ssl=1\",\"width\":499,\"height\":200,\"caption\":\"JazzZeitung online\"},\"image\":{\"@id\":\"https:\\\/\\\/www.jazzzeitung.de\\\/cms\\\/#\\\/schema\\\/logo\\\/image\\\/\"},\"sameAs\":[\"https:\\\/\\\/www.facebook.com\\\/JazzZeitung\\\/\"]},{\"@type\":\"Person\",\"@id\":\"https:\\\/\\\/www.jazzzeitung.de\\\/cms\\\/#\\\/schema\\\/person\\\/2245b36b9cd1d24cea10f01c031fb92b\",\"name\":\"Redaktion JazzZeitung\",\"image\":{\"@type\":\"ImageObject\",\"inLanguage\":\"de\",\"@id\":\"https:\\\/\\\/i0.wp.com\\\/www.jazzzeitung.de\\\/cms\\\/wp-content\\\/uploads\\\/2015\\\/08\\\/JAZZZEITUNGDE_Logo_Neu.png?resize=96%2C96&ssl=159975dcacb611b5700bd619b5daf0a7a\",\"url\":\"https:\\\/\\\/i0.wp.com\\\/www.jazzzeitung.de\\\/cms\\\/wp-content\\\/uploads\\\/2015\\\/08\\\/JAZZZEITUNGDE_Logo_Neu.png?resize=96%2C96&ssl=1\",\"contentUrl\":\"https:\\\/\\\/i0.wp.com\\\/www.jazzzeitung.de\\\/cms\\\/wp-content\\\/uploads\\\/2015\\\/08\\\/JAZZZEITUNGDE_Logo_Neu.png?resize=96%2C96&ssl=1\",\"caption\":\"Redaktion JazzZeitung\"},\"description\":\"Artikel der Redaktion der JazzZeitung.\",\"sameAs\":[\"http:\\\/\\\/www.jazzzeitung.de\\\/cms\\\/\"],\"url\":\"https:\\\/\\\/www.jazzzeitung.de\\\/cms\\\/author\\\/redaktion\\\/\"}]}<\/script>\n<!-- \/ Yoast SEO plugin. -->","yoast_head_json":{"title":"Feuriger Gypsy-Swing im prasselnden Regen - JazzZeitung","robots":{"index":"index","follow":"follow","max-snippet":"max-snippet:-1","max-image-preview":"max-image-preview:large","max-video-preview":"max-video-preview:-1"},"canonical":"https:\/\/www.jazzzeitung.de\/cms\/2017\/08\/feuriger-gypsy-swing-im-prasselnden-regen\/","og_locale":"de_DE","og_type":"article","og_title":"Feuriger Gypsy-Swing im prasselnden Regen - JazzZeitung","og_description":"Au\u00dfergew\u00f6hnliche Band um den Gitarristen Helmut Nieberle l\u00e4sst beim Konzert im Regensburger Thon-Dittmer-Palais die Musik Django Reinhardts und Stephane Grappellis aufleben\u00a0 Es ist eines der ungew\u00f6hnlichsten Konzerte des Jahres gewesen \u2013 musikalisch, aber auch von den Umst\u00e4nden her. Soviel kann man schon jetzt \u00fcber das Tribute-Konzert f\u00fcr\u00a0 Django Reinhardt und Stephane Grappelli im Hof des Thon-Dittmer-Palais beim Palazzo-Festival sagen. P\u00fcnktlich zur Pause meldete sich eine Regenfront mit dem ersten Schauer, der mit ein paar Unterbrechungen gegen Ende in einen ordentlichen Dauerregen \u00fcbergegangen war. Eingeh\u00fcllt in blaue und transparente Plastikfolien, harrte das Publikum bis zur Zugabe und \u201eeiner weiteren \u00dcberraschung\u201c unverdrossen auf den l\u00e4ngst feuchtnassen St\u00fchlen aus. W\u00e4hrend str\u00f6mender Regen auf die Regencapes und Zeltd\u00e4cher prasselte und damit ein zus\u00e4tzliches Klangspektrum er\u00f6ffnete, nahmen hinter der sechsk\u00f6pfigen Band auf der B\u00fchne sechs weitere junge Gitarristen auf bereitstehenden St\u00fchlen Platz. Allesamt Sch\u00fcler Helmut Nieberles, der das fantastische Konzert in dieser au\u00dfergew\u00f6hnlichen Besetzung auf die Beine gestellt hat, spielten sie eine beschwingte Version von Reinhardts \u201eMinor Swing\u201c in A-Moll, das dieser 1937 mit Grappelli geschrieben und mit dem \u201eQuintet of the Hot Club of France\u201c ver\u00f6ffentlicht hat. Bei der &hellip;","og_url":"https:\/\/www.jazzzeitung.de\/cms\/2017\/08\/feuriger-gypsy-swing-im-prasselnden-regen\/","og_site_name":"JazzZeitung","article_publisher":"https:\/\/www.facebook.com\/JazzZeitung\/","article_published_time":"2017-08-12T08:00:12+00:00","article_modified_time":"2017-08-14T07:43:27+00:00","og_image":[{"url":"https:\/\/i0.wp.com\/www.jazzzeitung.de\/cms\/wp-content\/uploads\/2017\/08\/image001.jpg?w=556&#038;h=368&#038;ssl=1","type":"","width":"","height":""}],"author":"Redaktion JazzZeitung","schema":{"@context":"https:\/\/schema.org","@graph":[{"@type":"Article","@id":"https:\/\/www.jazzzeitung.de\/cms\/2017\/08\/feuriger-gypsy-swing-im-prasselnden-regen\/#article","isPartOf":{"@id":"https:\/\/www.jazzzeitung.de\/cms\/2017\/08\/feuriger-gypsy-swing-im-prasselnden-regen\/"},"author":{"name":"Redaktion JazzZeitung","@id":"https:\/\/www.jazzzeitung.de\/cms\/#\/schema\/person\/2245b36b9cd1d24cea10f01c031fb92b"},"headline":"Feuriger Gypsy-Swing im prasselnden Regen","datePublished":"2017-08-12T08:00:12+00:00","dateModified":"2017-08-14T07:43:27+00:00","mainEntityOfPage":{"@id":"https:\/\/www.jazzzeitung.de\/cms\/2017\/08\/feuriger-gypsy-swing-im-prasselnden-regen\/"},"wordCount":665,"commentCount":0,"publisher":{"@id":"https:\/\/www.jazzzeitung.de\/cms\/#organization"},"keywords":["APPLAUS","Club","duo","Festival","Helmut Nieberle","Konzert","Konzerte","Michael Scheiner","reinhardt","Soli","Swing"],"articleSection":["Galerie"],"inLanguage":"de","potentialAction":[{"@type":"CommentAction","name":"Comment","target":["https:\/\/www.jazzzeitung.de\/cms\/2017\/08\/feuriger-gypsy-swing-im-prasselnden-regen\/#respond"]}]},{"@type":"WebPage","@id":"https:\/\/www.jazzzeitung.de\/cms\/2017\/08\/feuriger-gypsy-swing-im-prasselnden-regen\/","url":"https:\/\/www.jazzzeitung.de\/cms\/2017\/08\/feuriger-gypsy-swing-im-prasselnden-regen\/","name":"Feuriger Gypsy-Swing im prasselnden Regen - JazzZeitung","isPartOf":{"@id":"https:\/\/www.jazzzeitung.de\/cms\/#website"},"datePublished":"2017-08-12T08:00:12+00:00","dateModified":"2017-08-14T07:43:27+00:00","breadcrumb":{"@id":"https:\/\/www.jazzzeitung.de\/cms\/2017\/08\/feuriger-gypsy-swing-im-prasselnden-regen\/#breadcrumb"},"inLanguage":"de","potentialAction":[{"@type":"ReadAction","target":["https:\/\/www.jazzzeitung.de\/cms\/2017\/08\/feuriger-gypsy-swing-im-prasselnden-regen\/"]}]},{"@type":"BreadcrumbList","@id":"https:\/\/www.jazzzeitung.de\/cms\/2017\/08\/feuriger-gypsy-swing-im-prasselnden-regen\/#breadcrumb","itemListElement":[{"@type":"ListItem","position":1,"name":"Startseite","item":"https:\/\/www.jazzzeitung.de\/cms\/"},{"@type":"ListItem","position":2,"name":"Feuriger Gypsy-Swing im prasselnden Regen"}]},{"@type":"WebSite","@id":"https:\/\/www.jazzzeitung.de\/cms\/#website","url":"https:\/\/www.jazzzeitung.de\/cms\/","name":"JazzZeitung","description":"Jazz-News und Jazz-Kontroverses","publisher":{"@id":"https:\/\/www.jazzzeitung.de\/cms\/#organization"},"potentialAction":[{"@type":"SearchAction","target":{"@type":"EntryPoint","urlTemplate":"https:\/\/www.jazzzeitung.de\/cms\/?s={search_term_string}"},"query-input":{"@type":"PropertyValueSpecification","valueRequired":true,"valueName":"search_term_string"}}],"inLanguage":"de"},{"@type":"Organization","@id":"https:\/\/www.jazzzeitung.de\/cms\/#organization","name":"JazzZeitung online","url":"https:\/\/www.jazzzeitung.de\/cms\/","logo":{"@type":"ImageObject","inLanguage":"de","@id":"https:\/\/www.jazzzeitung.de\/cms\/#\/schema\/logo\/image\/","url":"https:\/\/i0.wp.com\/www.jazzzeitung.de\/cms\/wp-content\/uploads\/2015\/08\/JAZZZEITUNGDE_Logo_Neu.png?fit=499%2C200&ssl=1","contentUrl":"https:\/\/i0.wp.com\/www.jazzzeitung.de\/cms\/wp-content\/uploads\/2015\/08\/JAZZZEITUNGDE_Logo_Neu.png?fit=499%2C200&ssl=1","width":499,"height":200,"caption":"JazzZeitung online"},"image":{"@id":"https:\/\/www.jazzzeitung.de\/cms\/#\/schema\/logo\/image\/"},"sameAs":["https:\/\/www.facebook.com\/JazzZeitung\/"]},{"@type":"Person","@id":"https:\/\/www.jazzzeitung.de\/cms\/#\/schema\/person\/2245b36b9cd1d24cea10f01c031fb92b","name":"Redaktion JazzZeitung","image":{"@type":"ImageObject","inLanguage":"de","@id":"https:\/\/i0.wp.com\/www.jazzzeitung.de\/cms\/wp-content\/uploads\/2015\/08\/JAZZZEITUNGDE_Logo_Neu.png?resize=96%2C96&ssl=159975dcacb611b5700bd619b5daf0a7a","url":"https:\/\/i0.wp.com\/www.jazzzeitung.de\/cms\/wp-content\/uploads\/2015\/08\/JAZZZEITUNGDE_Logo_Neu.png?resize=96%2C96&ssl=1","contentUrl":"https:\/\/i0.wp.com\/www.jazzzeitung.de\/cms\/wp-content\/uploads\/2015\/08\/JAZZZEITUNGDE_Logo_Neu.png?resize=96%2C96&ssl=1","caption":"Redaktion JazzZeitung"},"description":"Artikel der Redaktion der JazzZeitung.","sameAs":["http:\/\/www.jazzzeitung.de\/cms\/"],"url":"https:\/\/www.jazzzeitung.de\/cms\/author\/redaktion\/"}]}},"wp-worthy-pixel":{"ignored":false,"public":null,"server":null,"url":null},"wp-worthy-type":"normal","jetpack_publicize_connections":[],"cc_featured_image_caption":{"caption_text":false,"source_text":false,"source_url":false},"jetpack_featured_media_url":"","jetpack_shortlink":"https:\/\/wp.me\/p3KEcT-3sP","jetpack-related-posts":[{"id":28170,"url":"https:\/\/www.jazzzeitung.de\/cms\/2022\/08\/wilden-saiten-taete-auffrischung-gut-cordes-sauvages-tribute-fuer-django-reinhardt\/","url_meta":{"origin":13319,"position":0},"title":"\u201eWilden Saiten\u201c t\u00e4te Auffrischung gut: Cordes Sauvages&#8216; Tribute f\u00fcr Django Reinhardt","author":"Michael Scheiner","date":"18. August 2022","format":false,"excerpt":"Regensburg. Die \u201ewilden Saiten\u201c, als Cordes Sauvages seit langem ein fester Begriff der hiesigen Musikszene, sind in letzter Zeit schwer gebeutelt worden. Vor \u00fcber zwei Jahren ist ihr musikalischer Mastermind, der Gitarrist, Arrangeur und Komponist Helmut Nieberle, mit gerade mal 63 Jahren verstorben. Beim diesj\u00e4hrigen Palazzo-Auftritt fehlte unerwartet Gitarrist Ferry\u2026","rel":"","context":"In &quot;Bericht&quot;","block_context":{"text":"Bericht","link":"https:\/\/www.jazzzeitung.de\/cms\/thema\/bericht\/"},"img":{"alt_text":"","src":"https:\/\/i0.wp.com\/www.jazzzeitung.de\/cms\/wp-content\/uploads\/2022\/08\/sauvage-cordes_38.jpg?fit=1200%2C828&ssl=1&resize=350%2C200","width":350,"height":200,"srcset":"https:\/\/i0.wp.com\/www.jazzzeitung.de\/cms\/wp-content\/uploads\/2022\/08\/sauvage-cordes_38.jpg?fit=1200%2C828&ssl=1&resize=350%2C200 1x, https:\/\/i0.wp.com\/www.jazzzeitung.de\/cms\/wp-content\/uploads\/2022\/08\/sauvage-cordes_38.jpg?fit=1200%2C828&ssl=1&resize=525%2C300 1.5x, https:\/\/i0.wp.com\/www.jazzzeitung.de\/cms\/wp-content\/uploads\/2022\/08\/sauvage-cordes_38.jpg?fit=1200%2C828&ssl=1&resize=700%2C400 2x, https:\/\/i0.wp.com\/www.jazzzeitung.de\/cms\/wp-content\/uploads\/2022\/08\/sauvage-cordes_38.jpg?fit=1200%2C828&ssl=1&resize=1050%2C600 3x"},"classes":[]},{"id":5784,"url":"https:\/\/www.jazzzeitung.de\/cms\/2015\/03\/news-django-reinhardt-memorial-lichter-filmfest-jazzweekend-unterfoehring\/","url_meta":{"origin":13319,"position":1},"title":"News: Django Reinhardt Memorial +++ LICHTER Filmfest +++ Jazzweekend Unterf\u00f6hring","author":"Redaktion JazzZeitung","date":"25. M\u00e4rz 2015","format":false,"excerpt":"Django Reinhardt Memorial in Augsburg geht in die 23. Runde Er ist eine Legende. Er hat den europ\u00e4ischen Jazz miterfunden und seine Spielweise hat einen ganzen Jazzstil gepr\u00e4gt. Die Rede ist von Django Reinhardt. Bereits zum 23. Mal findet nun ihm und dem Gypsy-Jazz zu Ehren das Django Reinhardt-Memorial in\u2026","rel":"","context":"In &quot;News&quot;","block_context":{"text":"News","link":"https:\/\/www.jazzzeitung.de\/cms\/thema\/nachrichten\/"},"img":{"alt_text":"Django Reinhardt","src":"https:\/\/i0.wp.com\/www.jazzzeitung.de\/cms\/wp-content\/uploads\/2015\/03\/Django-Reinhardt-150x150.jpg?resize=350%2C200","width":350,"height":200},"classes":[]},{"id":13586,"url":"https:\/\/www.jazzzeitung.de\/cms\/2017\/09\/helmut-nieberle-und-milorad-romic-gitarren-duo-mit-anarchischer-note\/","url_meta":{"origin":13319,"position":2},"title":"Helmut Nieberle und Milorad Romic: Gitarren-Duo mit anarchischer Note","author":"Redaktion JazzZeitung","date":"22. September 2017","format":false,"excerpt":"F\u00fcr viele Regensburger geh\u00f6ren die Serenadenkonzerte von Milorad Romic seit Jahren fest zum sommerlichen Ritual. Heuer gestaltete er das Programm zusammen mit Helmut Nieberle, einem langj\u00e4hrigen Partner, mit dem er aktuell ein Doppelalbum ver\u00f6ffentlicht hat. Im lauschigen Herzogspark bekam die Musik der beiden seelenverwandten und dabei ungleichen Gitarristen eine ganz\u2026","rel":"","context":"In &quot;Rezension&quot;","block_context":{"text":"Rezension","link":"https:\/\/www.jazzzeitung.de\/cms\/thema\/rezension\/"},"img":{"alt_text":"","src":"https:\/\/i0.wp.com\/www.jazzzeitung.de\/cms\/wp-content\/uploads\/2017\/09\/Romic-Nieberle.jpg?fit=1200%2C1098&ssl=1&resize=350%2C200","width":350,"height":200,"srcset":"https:\/\/i0.wp.com\/www.jazzzeitung.de\/cms\/wp-content\/uploads\/2017\/09\/Romic-Nieberle.jpg?fit=1200%2C1098&ssl=1&resize=350%2C200 1x, https:\/\/i0.wp.com\/www.jazzzeitung.de\/cms\/wp-content\/uploads\/2017\/09\/Romic-Nieberle.jpg?fit=1200%2C1098&ssl=1&resize=525%2C300 1.5x, https:\/\/i0.wp.com\/www.jazzzeitung.de\/cms\/wp-content\/uploads\/2017\/09\/Romic-Nieberle.jpg?fit=1200%2C1098&ssl=1&resize=700%2C400 2x, https:\/\/i0.wp.com\/www.jazzzeitung.de\/cms\/wp-content\/uploads\/2017\/09\/Romic-Nieberle.jpg?fit=1200%2C1098&ssl=1&resize=1050%2C600 3x"},"classes":[]},{"id":21878,"url":"https:\/\/www.jazzzeitung.de\/cms\/2020\/02\/tod_helmut_nieberle\/","url_meta":{"origin":13319,"position":3},"title":"Der \u00fcbers Griffbrett tanzt \u2013 zum Tod Helmut Nieberles","author":"Juan Martin Koch","date":"11. Februar 2020","format":false,"excerpt":"Das kann einem als jungem Jazz-Novizen schon mal passieren: Da lauscht man einer Swing-Combo und ordnet das aberwitzige Speed-Solo jenem Instrumentalisten zu, der mit vollem K\u00f6rpereinsatz in die Saiten greift. Erst sp\u00e4ter wird einem klar, dass es sich hierbei um den Rhythmus-Gitarristen handelt\u2026 Der Solist ist jener, der da ganz\u2026","rel":"","context":"In &quot;Bericht&quot;","block_context":{"text":"Bericht","link":"https:\/\/www.jazzzeitung.de\/cms\/thema\/bericht\/"},"img":{"alt_text":"Helmut Nieberle","src":"https:\/\/i0.wp.com\/www.jazzzeitung.de\/cms\/wp-content\/uploads\/2020\/02\/Helmut-Nieberle-4-SW-c-JM-Koch1.jpg?fit=1200%2C900&ssl=1&resize=350%2C200","width":350,"height":200,"srcset":"https:\/\/i0.wp.com\/www.jazzzeitung.de\/cms\/wp-content\/uploads\/2020\/02\/Helmut-Nieberle-4-SW-c-JM-Koch1.jpg?fit=1200%2C900&ssl=1&resize=350%2C200 1x, https:\/\/i0.wp.com\/www.jazzzeitung.de\/cms\/wp-content\/uploads\/2020\/02\/Helmut-Nieberle-4-SW-c-JM-Koch1.jpg?fit=1200%2C900&ssl=1&resize=525%2C300 1.5x, https:\/\/i0.wp.com\/www.jazzzeitung.de\/cms\/wp-content\/uploads\/2020\/02\/Helmut-Nieberle-4-SW-c-JM-Koch1.jpg?fit=1200%2C900&ssl=1&resize=700%2C400 2x, https:\/\/i0.wp.com\/www.jazzzeitung.de\/cms\/wp-content\/uploads\/2020\/02\/Helmut-Nieberle-4-SW-c-JM-Koch1.jpg?fit=1200%2C900&ssl=1&resize=1050%2C600 3x"},"classes":[]},{"id":11218,"url":"https:\/\/www.jazzzeitung.de\/cms\/2016\/12\/news-vorverkauf-jazzfest-bonn-startet-worms-jazz-joy-2017-tickets-erhaeltlich-jazzgitarren-gesang-workshop-in-suedtirol\/","url_meta":{"origin":13319,"position":4},"title":"NEWS +++ Vorverkauf Jazzfest Bonn startet +++ Worms: Jazz &#038; Joy 2017 Tickets erh\u00e4ltlich +++ Jazzgitarren\/-gesang Workshop in S\u00fcdtirol +++","author":"Redaktion JazzZeitung","date":"1. Dezember 2016","format":false,"excerpt":"+++ Vorverkauf f\u00fcr das Jazzfest Bonn hat begonnen +++ Aufgepasst! Heute (am 1. Dezember) beginnt der Vorverkauf zur achten Ausgabe des Jazzfest Bonn. Das renommierte Festival pr\u00e4sentiert im Mai 2017 23 Konzerte an 12 Abenden in 3 Wochen. Besonders stolz ist Peter Materna, k\u00fcnstlerischer Leiter und Saxophonist, auf das \u201eausgewogene\u2026","rel":"","context":"In &quot;News&quot;","block_context":{"text":"News","link":"https:\/\/www.jazzzeitung.de\/cms\/thema\/nachrichten\/"},"img":{"alt_text":"","src":"","width":0,"height":0},"classes":[]},{"id":30894,"url":"https:\/\/www.jazzzeitung.de\/cms\/2024\/04\/standing-ovations-fuer-swingenden-hoehenflug-das-schneeberger-quartett-in-regensburg\/","url_meta":{"origin":13319,"position":5},"title":"Standing ovations f\u00fcr swingenden H\u00f6henflug: Das Schneeberger Quartett in Regensburg","author":"Redaktion JazzZeitung","date":"23. April 2024","format":false,"excerpt":"Das Quartett von Diknu Schneeberger und Christian Bakanic stellt sein gefeiertes Deb\u00fctalbum beim Jazzclub vor Fast sieben Jahre ist es her, dass Helmut Nieberle den damals 27-j\u00e4hrigen Diknu Schneeberger zu einem Konzert in den Thon-Dittmer-Hof eingeladen hatte. Der verstorbene Regensburger Musiker und P\u00e4dagoge f\u00f6rderte h\u00e4ufig andere Gitarristen und liebte es,\u2026","rel":"","context":"In &quot;Bericht&quot;","block_context":{"text":"Bericht","link":"https:\/\/www.jazzzeitung.de\/cms\/thema\/bericht\/"},"img":{"alt_text":"","src":"https:\/\/i0.wp.com\/www.jazzzeitung.de\/cms\/wp-content\/uploads\/2024\/04\/quartet-Schneeberger-bakanic_62.jpg?fit=1200%2C781&ssl=1&resize=350%2C200","width":350,"height":200,"srcset":"https:\/\/i0.wp.com\/www.jazzzeitung.de\/cms\/wp-content\/uploads\/2024\/04\/quartet-Schneeberger-bakanic_62.jpg?fit=1200%2C781&ssl=1&resize=350%2C200 1x, https:\/\/i0.wp.com\/www.jazzzeitung.de\/cms\/wp-content\/uploads\/2024\/04\/quartet-Schneeberger-bakanic_62.jpg?fit=1200%2C781&ssl=1&resize=525%2C300 1.5x, https:\/\/i0.wp.com\/www.jazzzeitung.de\/cms\/wp-content\/uploads\/2024\/04\/quartet-Schneeberger-bakanic_62.jpg?fit=1200%2C781&ssl=1&resize=700%2C400 2x, https:\/\/i0.wp.com\/www.jazzzeitung.de\/cms\/wp-content\/uploads\/2024\/04\/quartet-Schneeberger-bakanic_62.jpg?fit=1200%2C781&ssl=1&resize=1050%2C600 3x"},"classes":[]}],"jetpack_sharing_enabled":true,"_links":{"self":[{"href":"https:\/\/www.jazzzeitung.de\/cms\/wp-json\/wp\/v2\/posts\/13319","targetHints":{"allow":["GET"]}}],"collection":[{"href":"https:\/\/www.jazzzeitung.de\/cms\/wp-json\/wp\/v2\/posts"}],"about":[{"href":"https:\/\/www.jazzzeitung.de\/cms\/wp-json\/wp\/v2\/types\/post"}],"author":[{"embeddable":true,"href":"https:\/\/www.jazzzeitung.de\/cms\/wp-json\/wp\/v2\/users\/18"}],"replies":[{"embeddable":true,"href":"https:\/\/www.jazzzeitung.de\/cms\/wp-json\/wp\/v2\/comments?post=13319"}],"version-history":[{"count":5,"href":"https:\/\/www.jazzzeitung.de\/cms\/wp-json\/wp\/v2\/posts\/13319\/revisions"}],"predecessor-version":[{"id":13341,"href":"https:\/\/www.jazzzeitung.de\/cms\/wp-json\/wp\/v2\/posts\/13319\/revisions\/13341"}],"wp:attachment":[{"href":"https:\/\/www.jazzzeitung.de\/cms\/wp-json\/wp\/v2\/media?parent=13319"}],"wp:term":[{"taxonomy":"category","embeddable":true,"href":"https:\/\/www.jazzzeitung.de\/cms\/wp-json\/wp\/v2\/categories?post=13319"},{"taxonomy":"post_tag","embeddable":true,"href":"https:\/\/www.jazzzeitung.de\/cms\/wp-json\/wp\/v2\/tags?post=13319"},{"taxonomy":"author","embeddable":true,"href":"https:\/\/www.jazzzeitung.de\/cms\/wp-json\/wp\/v2\/coauthors?post=13319"}],"curies":[{"name":"wp","href":"https:\/\/api.w.org\/{rel}","templated":true}]}}