{"id":13305,"date":"2017-08-13T10:00:52","date_gmt":"2017-08-13T08:00:52","guid":{"rendered":"https:\/\/www.jazzzeitung.de\/cms\/?p=13305"},"modified":"2017-08-11T12:07:42","modified_gmt":"2017-08-11T10:07:42","slug":"yaron-herman-trio-beim-internationalen-jazzsommer-in-augsburg","status":"publish","type":"post","link":"https:\/\/www.jazzzeitung.de\/cms\/2017\/08\/yaron-herman-trio-beim-internationalen-jazzsommer-in-augsburg\/","title":{"rendered":"Yaron Herman Trio beim internationalen Jazzsommer in Augsburg"},"content":{"rendered":"<div class=\"tiled-gallery type-rectangular tiled-gallery-unresized\" data-original-width=\"840\" data-carousel-extra='{&quot;blog_id&quot;:1,&quot;permalink&quot;:&quot;https:\\\/\\\/www.jazzzeitung.de\\\/cms\\\/2017\\\/08\\\/yaron-herman-trio-beim-internationalen-jazzsommer-in-augsburg\\\/&quot;,&quot;likes_blog_id&quot;:55446655}' itemscope itemtype=\"http:\/\/schema.org\/ImageGallery\" > <div class=\"gallery-row\" style=\"width: 840px; height: 593px;\" data-original-width=\"840\" data-original-height=\"593\" > <div class=\"gallery-group images-2\" style=\"width: 443px; height: 593px;\" data-original-width=\"443\" data-original-height=\"593\" > <div class=\"tiled-gallery-item tiled-gallery-item-large\" itemprop=\"associatedMedia\" itemscope itemtype=\"http:\/\/schema.org\/ImageObject\"> <a href=\"https:\/\/www.jazzzeitung.de\/cms\/2017\/08\/yaron-herman-trio-beim-internationalen-jazzsommer-in-augsburg\/p1510240-herman-hands-foto-tj-krebs-jazzphotoagencyweb-de\/\" border=\"0\" itemprop=\"url\"> <meta itemprop=\"width\" content=\"439\"> <meta itemprop=\"height\" content=\"293\"> <img decoding=\"async\" class=\"\" data-attachment-id=\"13306\" data-orig-file=\"https:\/\/www.jazzzeitung.de\/cms\/wp-content\/uploads\/2017\/08\/P1510240-Herman-Hands-Foto-TJ-Krebs-jazzphotoagency@web.de_.jpg\" data-orig-size=\"1200,800\" data-comments-opened=\"1\" data-image-meta=\"{&quot;aperture&quot;:&quot;0&quot;,&quot;credit&quot;:&quot;&quot;,&quot;camera&quot;:&quot;&quot;,&quot;caption&quot;:&quot;&quot;,&quot;created_timestamp&quot;:&quot;0&quot;,&quot;copyright&quot;:&quot;&quot;,&quot;focal_length&quot;:&quot;0&quot;,&quot;iso&quot;:&quot;0&quot;,&quot;shutter_speed&quot;:&quot;0&quot;,&quot;title&quot;:&quot;&quot;,&quot;orientation&quot;:&quot;0&quot;}\" data-image-title=\"P1510240 Herman Hands &amp;#8211; Foto TJ Krebs jazzphotoagency@web.de\" data-image-description=\"\" data-medium-file=\"https:\/\/i0.wp.com\/www.jazzzeitung.de\/cms\/wp-content\/uploads\/2017\/08\/P1510240-Herman-Hands-Foto-TJ-Krebs-jazzphotoagency%40web.de_.jpg?fit=300%2C200&#038;ssl=1\" data-large-file=\"https:\/\/i0.wp.com\/www.jazzzeitung.de\/cms\/wp-content\/uploads\/2017\/08\/P1510240-Herman-Hands-Foto-TJ-Krebs-jazzphotoagency%40web.de_.jpg?fit=840%2C560&#038;ssl=1\" src=\"https:\/\/i0.wp.com\/www.jazzzeitung.de\/cms\/wp-content\/uploads\/2017\/08\/P1510240-Herman-Hands-Foto-TJ-Krebs-jazzphotoagency%40web.de_.jpg?w=439&#038;h=293&#038;ssl=1\" width=\"439\" height=\"293\" loading=\"lazy\" data-original-width=\"439\" data-original-height=\"293\" itemprop=\"http:\/\/schema.org\/image\" title=\"P1510240 Herman Hands - Foto TJ Krebs jazzphotoagency@web.de\" alt=\"Herman. Foto: Thomas J. Krebs\" style=\"width: 439px; height: 293px;\" \/> <\/a> <div class=\"tiled-gallery-caption\" itemprop=\"caption description\"> Herman. Foto: Thomas J. Krebs <\/div> <\/div> <div class=\"tiled-gallery-item tiled-gallery-item-large\" itemprop=\"associatedMedia\" itemscope itemtype=\"http:\/\/schema.org\/ImageObject\"> <a href=\"https:\/\/www.jazzzeitung.de\/cms\/2017\/08\/yaron-herman-trio-beim-internationalen-jazzsommer-in-augsburg\/p1510271-ravitz-foto-tj-krebs-jazzphotoagencyweb-de\/\" border=\"0\" itemprop=\"url\"> <meta itemprop=\"width\" content=\"439\"> <meta itemprop=\"height\" content=\"292\"> <img decoding=\"async\" class=\"\" data-attachment-id=\"13307\" data-orig-file=\"https:\/\/www.jazzzeitung.de\/cms\/wp-content\/uploads\/2017\/08\/P1510271-Ravitz-Foto-TJ-Krebs-jazzphotoagency@web.de_.jpg\" data-orig-size=\"1200,800\" data-comments-opened=\"1\" data-image-meta=\"{&quot;aperture&quot;:&quot;0&quot;,&quot;credit&quot;:&quot;&quot;,&quot;camera&quot;:&quot;&quot;,&quot;caption&quot;:&quot;&quot;,&quot;created_timestamp&quot;:&quot;0&quot;,&quot;copyright&quot;:&quot;&quot;,&quot;focal_length&quot;:&quot;0&quot;,&quot;iso&quot;:&quot;0&quot;,&quot;shutter_speed&quot;:&quot;0&quot;,&quot;title&quot;:&quot;&quot;,&quot;orientation&quot;:&quot;0&quot;}\" data-image-title=\"P1510271 Ravitz &amp;#8211; Foto TJ Krebs jazzphotoagency@web.de\" data-image-description=\"\" data-medium-file=\"https:\/\/i0.wp.com\/www.jazzzeitung.de\/cms\/wp-content\/uploads\/2017\/08\/P1510271-Ravitz-Foto-TJ-Krebs-jazzphotoagency%40web.de_.jpg?fit=300%2C200&#038;ssl=1\" data-large-file=\"https:\/\/i0.wp.com\/www.jazzzeitung.de\/cms\/wp-content\/uploads\/2017\/08\/P1510271-Ravitz-Foto-TJ-Krebs-jazzphotoagency%40web.de_.jpg?fit=840%2C560&#038;ssl=1\" src=\"https:\/\/i0.wp.com\/www.jazzzeitung.de\/cms\/wp-content\/uploads\/2017\/08\/P1510271-Ravitz-Foto-TJ-Krebs-jazzphotoagency%40web.de_.jpg?w=439&#038;h=292&#038;ssl=1\" width=\"439\" height=\"292\" loading=\"lazy\" data-original-width=\"439\" data-original-height=\"292\" itemprop=\"http:\/\/schema.org\/image\" title=\"P1510271 Ravitz - Foto TJ Krebs jazzphotoagency@web.de\" alt=\"Ravitz. Foto: Thomas J. Krebs\" style=\"width: 439px; height: 292px;\" \/> <\/a> <div class=\"tiled-gallery-caption\" itemprop=\"caption description\"> Ravitz. Foto: Thomas J. Krebs <\/div> <\/div> <\/div> <!-- close group --> <div class=\"gallery-group images-1\" style=\"width: 397px; height: 593px;\" data-original-width=\"397\" data-original-height=\"593\" > <div class=\"tiled-gallery-item tiled-gallery-item-large\" itemprop=\"associatedMedia\" itemscope itemtype=\"http:\/\/schema.org\/ImageObject\"> <a href=\"https:\/\/www.jazzzeitung.de\/cms\/2017\/08\/yaron-herman-trio-beim-internationalen-jazzsommer-in-augsburg\/p1510381-herman-foto-tj-krebs-jazzphotoagencyweb-de\/\" border=\"0\" itemprop=\"url\"> <meta itemprop=\"width\" content=\"393\"> <meta itemprop=\"height\" content=\"589\"> <img decoding=\"async\" class=\"\" data-attachment-id=\"13308\" data-orig-file=\"https:\/\/www.jazzzeitung.de\/cms\/wp-content\/uploads\/2017\/08\/P1510381-Herman-Foto-TJ-Krebs-jazzphotoagency@web.de_.jpg\" data-orig-size=\"800,1200\" data-comments-opened=\"1\" data-image-meta=\"{&quot;aperture&quot;:&quot;0&quot;,&quot;credit&quot;:&quot;&quot;,&quot;camera&quot;:&quot;&quot;,&quot;caption&quot;:&quot;&quot;,&quot;created_timestamp&quot;:&quot;0&quot;,&quot;copyright&quot;:&quot;&quot;,&quot;focal_length&quot;:&quot;0&quot;,&quot;iso&quot;:&quot;0&quot;,&quot;shutter_speed&quot;:&quot;0&quot;,&quot;title&quot;:&quot;&quot;,&quot;orientation&quot;:&quot;0&quot;}\" data-image-title=\"P1510381 Herman &amp;#8211; Foto TJ Krebs jazzphotoagency@web.de\" data-image-description=\"\" data-medium-file=\"https:\/\/i0.wp.com\/www.jazzzeitung.de\/cms\/wp-content\/uploads\/2017\/08\/P1510381-Herman-Foto-TJ-Krebs-jazzphotoagency%40web.de_.jpg?fit=200%2C300&#038;ssl=1\" data-large-file=\"https:\/\/i0.wp.com\/www.jazzzeitung.de\/cms\/wp-content\/uploads\/2017\/08\/P1510381-Herman-Foto-TJ-Krebs-jazzphotoagency%40web.de_.jpg?fit=400%2C600&#038;ssl=1\" src=\"https:\/\/i0.wp.com\/www.jazzzeitung.de\/cms\/wp-content\/uploads\/2017\/08\/P1510381-Herman-Foto-TJ-Krebs-jazzphotoagency%40web.de_.jpg?w=393&#038;h=589&#038;ssl=1\" width=\"393\" height=\"589\" loading=\"lazy\" data-original-width=\"393\" data-original-height=\"589\" itemprop=\"http:\/\/schema.org\/image\" title=\"P1510381 Herman - Foto TJ Krebs jazzphotoagency@web.de\" alt=\"Herman. Foto: Thomas J. Krebs\" style=\"width: 393px; height: 589px;\" \/> <\/a> <div class=\"tiled-gallery-caption\" itemprop=\"caption description\"> Herman. Foto: Thomas J. Krebs <\/div> <\/div> <\/div> <!-- close group --> <\/div> <!-- close row --> <div class=\"gallery-row\" style=\"width: 840px; height: 281px;\" data-original-width=\"840\" data-original-height=\"281\" > <div class=\"gallery-group images-1\" style=\"width: 420px; height: 281px;\" data-original-width=\"420\" data-original-height=\"281\" > <div class=\"tiled-gallery-item tiled-gallery-item-large\" itemprop=\"associatedMedia\" itemscope itemtype=\"http:\/\/schema.org\/ImageObject\"> <a href=\"https:\/\/www.jazzzeitung.de\/cms\/2017\/08\/yaron-herman-trio-beim-internationalen-jazzsommer-in-augsburg\/p1510541-herman-foto-tj-krebs-jazzphotoagencyweb-de\/\" border=\"0\" itemprop=\"url\"> <meta itemprop=\"width\" content=\"416\"> <meta itemprop=\"height\" content=\"277\"> <img decoding=\"async\" class=\"\" data-attachment-id=\"13309\" data-orig-file=\"https:\/\/www.jazzzeitung.de\/cms\/wp-content\/uploads\/2017\/08\/P1510541-Herman-Foto-TJ-Krebs-jazzphotoagency@web.de_.jpg\" data-orig-size=\"1200,800\" data-comments-opened=\"1\" data-image-meta=\"{&quot;aperture&quot;:&quot;0&quot;,&quot;credit&quot;:&quot;&quot;,&quot;camera&quot;:&quot;&quot;,&quot;caption&quot;:&quot;&quot;,&quot;created_timestamp&quot;:&quot;0&quot;,&quot;copyright&quot;:&quot;&quot;,&quot;focal_length&quot;:&quot;0&quot;,&quot;iso&quot;:&quot;0&quot;,&quot;shutter_speed&quot;:&quot;0&quot;,&quot;title&quot;:&quot;&quot;,&quot;orientation&quot;:&quot;0&quot;}\" data-image-title=\"P1510541 Herman &amp;#8211; Foto TJ Krebs jazzphotoagency@web.de\" data-image-description=\"\" data-medium-file=\"https:\/\/i0.wp.com\/www.jazzzeitung.de\/cms\/wp-content\/uploads\/2017\/08\/P1510541-Herman-Foto-TJ-Krebs-jazzphotoagency%40web.de_.jpg?fit=300%2C200&#038;ssl=1\" data-large-file=\"https:\/\/i0.wp.com\/www.jazzzeitung.de\/cms\/wp-content\/uploads\/2017\/08\/P1510541-Herman-Foto-TJ-Krebs-jazzphotoagency%40web.de_.jpg?fit=840%2C560&#038;ssl=1\" src=\"https:\/\/i0.wp.com\/www.jazzzeitung.de\/cms\/wp-content\/uploads\/2017\/08\/P1510541-Herman-Foto-TJ-Krebs-jazzphotoagency%40web.de_.jpg?w=416&#038;h=277&#038;ssl=1\" width=\"416\" height=\"277\" loading=\"lazy\" data-original-width=\"416\" data-original-height=\"277\" itemprop=\"http:\/\/schema.org\/image\" title=\"P1510541 Herman - Foto TJ Krebs jazzphotoagency@web.de\" alt=\"Herman. Foto: Thomas J. Krebs\" style=\"width: 416px; height: 277px;\" \/> <\/a> <div class=\"tiled-gallery-caption\" itemprop=\"caption description\"> Herman. Foto: Thomas J. Krebs <\/div> <\/div> <\/div> <!-- close group --> <div class=\"gallery-group images-1\" style=\"width: 420px; height: 281px;\" data-original-width=\"420\" data-original-height=\"281\" > <div class=\"tiled-gallery-item tiled-gallery-item-large\" itemprop=\"associatedMedia\" itemscope itemtype=\"http:\/\/schema.org\/ImageObject\"> <a href=\"https:\/\/www.jazzzeitung.de\/cms\/2017\/08\/yaron-herman-trio-beim-internationalen-jazzsommer-in-augsburg\/p1510609-ravitz-foto-tj-krebs-jazzphotoagencyweb-de\/\" border=\"0\" itemprop=\"url\"> <meta itemprop=\"width\" content=\"416\"> <meta itemprop=\"height\" content=\"277\"> <img decoding=\"async\" class=\"\" data-attachment-id=\"13310\" data-orig-file=\"https:\/\/www.jazzzeitung.de\/cms\/wp-content\/uploads\/2017\/08\/P1510609-Ravitz-Foto-TJ-Krebs-jazzphotoagency@web.de_.jpg\" data-orig-size=\"1200,800\" data-comments-opened=\"1\" data-image-meta=\"{&quot;aperture&quot;:&quot;0&quot;,&quot;credit&quot;:&quot;&quot;,&quot;camera&quot;:&quot;&quot;,&quot;caption&quot;:&quot;&quot;,&quot;created_timestamp&quot;:&quot;0&quot;,&quot;copyright&quot;:&quot;&quot;,&quot;focal_length&quot;:&quot;0&quot;,&quot;iso&quot;:&quot;0&quot;,&quot;shutter_speed&quot;:&quot;0&quot;,&quot;title&quot;:&quot;&quot;,&quot;orientation&quot;:&quot;0&quot;}\" data-image-title=\"P1510609 Ravitz &amp;#8211; Foto TJ Krebs jazzphotoagency@web.de\" data-image-description=\"\" data-medium-file=\"https:\/\/i0.wp.com\/www.jazzzeitung.de\/cms\/wp-content\/uploads\/2017\/08\/P1510609-Ravitz-Foto-TJ-Krebs-jazzphotoagency%40web.de_.jpg?fit=300%2C200&#038;ssl=1\" data-large-file=\"https:\/\/i0.wp.com\/www.jazzzeitung.de\/cms\/wp-content\/uploads\/2017\/08\/P1510609-Ravitz-Foto-TJ-Krebs-jazzphotoagency%40web.de_.jpg?fit=840%2C560&#038;ssl=1\" src=\"https:\/\/i0.wp.com\/www.jazzzeitung.de\/cms\/wp-content\/uploads\/2017\/08\/P1510609-Ravitz-Foto-TJ-Krebs-jazzphotoagency%40web.de_.jpg?w=416&#038;h=277&#038;ssl=1\" width=\"416\" height=\"277\" loading=\"lazy\" data-original-width=\"416\" data-original-height=\"277\" itemprop=\"http:\/\/schema.org\/image\" title=\"P1510609 Ravitz - Foto TJ Krebs jazzphotoagency@web.de\" alt=\"Ravitz. Foto: Thomas J. Krebs\" style=\"width: 416px; height: 277px;\" \/> <\/a> <div class=\"tiled-gallery-caption\" itemprop=\"caption description\"> Ravitz. Foto: Thomas J. Krebs <\/div> <\/div> <\/div> <!-- close group --> <\/div> <!-- close row --> <div class=\"gallery-row\" style=\"width: 840px; height: 723px;\" data-original-width=\"840\" data-original-height=\"723\" > <div class=\"gallery-group images-1\" style=\"width: 483px; height: 723px;\" data-original-width=\"483\" data-original-height=\"723\" > <div class=\"tiled-gallery-item tiled-gallery-item-large\" itemprop=\"associatedMedia\" itemscope itemtype=\"http:\/\/schema.org\/ImageObject\"> <a href=\"https:\/\/www.jazzzeitung.de\/cms\/2017\/08\/yaron-herman-trio-beim-internationalen-jazzsommer-in-augsburg\/p1510612-herman-foto-tj-krebs-jazzphotoagencyweb-de\/\" border=\"0\" itemprop=\"url\"> <meta itemprop=\"width\" content=\"479\"> <meta itemprop=\"height\" content=\"719\"> <img decoding=\"async\" class=\"\" data-attachment-id=\"13311\" data-orig-file=\"https:\/\/www.jazzzeitung.de\/cms\/wp-content\/uploads\/2017\/08\/P1510612-Herman-Foto-TJ-Krebs-jazzphotoagency@web.de_.jpg\" data-orig-size=\"800,1200\" data-comments-opened=\"1\" data-image-meta=\"{&quot;aperture&quot;:&quot;0&quot;,&quot;credit&quot;:&quot;&quot;,&quot;camera&quot;:&quot;&quot;,&quot;caption&quot;:&quot;&quot;,&quot;created_timestamp&quot;:&quot;0&quot;,&quot;copyright&quot;:&quot;&quot;,&quot;focal_length&quot;:&quot;0&quot;,&quot;iso&quot;:&quot;0&quot;,&quot;shutter_speed&quot;:&quot;0&quot;,&quot;title&quot;:&quot;&quot;,&quot;orientation&quot;:&quot;0&quot;}\" data-image-title=\"P1510612 Herman &amp;#8211; Foto TJ Krebs jazzphotoagency@web.de\" data-image-description=\"\" data-medium-file=\"https:\/\/i0.wp.com\/www.jazzzeitung.de\/cms\/wp-content\/uploads\/2017\/08\/P1510612-Herman-Foto-TJ-Krebs-jazzphotoagency%40web.de_.jpg?fit=200%2C300&#038;ssl=1\" data-large-file=\"https:\/\/i0.wp.com\/www.jazzzeitung.de\/cms\/wp-content\/uploads\/2017\/08\/P1510612-Herman-Foto-TJ-Krebs-jazzphotoagency%40web.de_.jpg?fit=400%2C600&#038;ssl=1\" src=\"https:\/\/i0.wp.com\/www.jazzzeitung.de\/cms\/wp-content\/uploads\/2017\/08\/P1510612-Herman-Foto-TJ-Krebs-jazzphotoagency%40web.de_.jpg?w=479&#038;h=719&#038;ssl=1\" width=\"479\" height=\"719\" loading=\"lazy\" data-original-width=\"479\" data-original-height=\"719\" itemprop=\"http:\/\/schema.org\/image\" title=\"P1510612 Herman - Foto TJ Krebs jazzphotoagency@web.de\" alt=\"Herman. Foto: Thomas J. Krebs\" style=\"width: 479px; height: 719px;\" \/> <\/a> <div class=\"tiled-gallery-caption\" itemprop=\"caption description\"> Herman. Foto: Thomas J. Krebs <\/div> <\/div> <\/div> <!-- close group --> <div class=\"gallery-group images-3\" style=\"width: 357px; height: 723px;\" data-original-width=\"357\" data-original-height=\"723\" > <div class=\"tiled-gallery-item tiled-gallery-item-large\" itemprop=\"associatedMedia\" itemscope itemtype=\"http:\/\/schema.org\/ImageObject\"> <a href=\"https:\/\/www.jazzzeitung.de\/cms\/2017\/08\/yaron-herman-trio-beim-internationalen-jazzsommer-in-augsburg\/p1510647-burger-hand-foto-tj-krebs-jazzphotoagencyweb-de\/\" border=\"0\" itemprop=\"url\"> <meta itemprop=\"width\" content=\"353\"> <meta itemprop=\"height\" content=\"236\"> <img decoding=\"async\" class=\"\" data-attachment-id=\"13312\" data-orig-file=\"https:\/\/www.jazzzeitung.de\/cms\/wp-content\/uploads\/2017\/08\/P1510647-Burger-Hand-Foto-TJ-Krebs-jazzphotoagency@web.de_.jpg\" data-orig-size=\"1200,800\" data-comments-opened=\"1\" data-image-meta=\"{&quot;aperture&quot;:&quot;0&quot;,&quot;credit&quot;:&quot;&quot;,&quot;camera&quot;:&quot;&quot;,&quot;caption&quot;:&quot;&quot;,&quot;created_timestamp&quot;:&quot;0&quot;,&quot;copyright&quot;:&quot;&quot;,&quot;focal_length&quot;:&quot;0&quot;,&quot;iso&quot;:&quot;0&quot;,&quot;shutter_speed&quot;:&quot;0&quot;,&quot;title&quot;:&quot;&quot;,&quot;orientation&quot;:&quot;0&quot;}\" data-image-title=\"P1510647 Burger Hand &amp;#8211; Foto TJ Krebs jazzphotoagency@web.de\" data-image-description=\"\" data-medium-file=\"https:\/\/i0.wp.com\/www.jazzzeitung.de\/cms\/wp-content\/uploads\/2017\/08\/P1510647-Burger-Hand-Foto-TJ-Krebs-jazzphotoagency%40web.de_.jpg?fit=300%2C200&#038;ssl=1\" data-large-file=\"https:\/\/i0.wp.com\/www.jazzzeitung.de\/cms\/wp-content\/uploads\/2017\/08\/P1510647-Burger-Hand-Foto-TJ-Krebs-jazzphotoagency%40web.de_.jpg?fit=840%2C560&#038;ssl=1\" src=\"https:\/\/i0.wp.com\/www.jazzzeitung.de\/cms\/wp-content\/uploads\/2017\/08\/P1510647-Burger-Hand-Foto-TJ-Krebs-jazzphotoagency%40web.de_.jpg?w=353&#038;h=236&#038;ssl=1\" width=\"353\" height=\"236\" loading=\"lazy\" data-original-width=\"353\" data-original-height=\"236\" itemprop=\"http:\/\/schema.org\/image\" title=\"P1510647 Burger Hand - Foto TJ Krebs jazzphotoagency@web.de\" alt=\"Burger. Foto: Thomas J. Krebs\" style=\"width: 353px; height: 236px;\" \/> <\/a> <div class=\"tiled-gallery-caption\" itemprop=\"caption description\"> Burger. Foto: Thomas J. Krebs <\/div> <\/div> <div class=\"tiled-gallery-item tiled-gallery-item-large\" itemprop=\"associatedMedia\" itemscope itemtype=\"http:\/\/schema.org\/ImageObject\"> <a href=\"https:\/\/www.jazzzeitung.de\/cms\/2017\/08\/yaron-herman-trio-beim-internationalen-jazzsommer-in-augsburg\/p1510688-herman-foto-tj-krebs-jazzphotoagencyweb-de\/\" border=\"0\" itemprop=\"url\"> <meta itemprop=\"width\" content=\"353\"> <meta itemprop=\"height\" content=\"240\"> <img decoding=\"async\" class=\"\" data-attachment-id=\"13313\" data-orig-file=\"https:\/\/www.jazzzeitung.de\/cms\/wp-content\/uploads\/2017\/08\/P1510688-Herman-Foto-TJ-Krebs-jazzphotoagency@web.de_.jpg\" data-orig-size=\"1200,817\" data-comments-opened=\"1\" data-image-meta=\"{&quot;aperture&quot;:&quot;0&quot;,&quot;credit&quot;:&quot;&quot;,&quot;camera&quot;:&quot;&quot;,&quot;caption&quot;:&quot;&quot;,&quot;created_timestamp&quot;:&quot;0&quot;,&quot;copyright&quot;:&quot;&quot;,&quot;focal_length&quot;:&quot;0&quot;,&quot;iso&quot;:&quot;0&quot;,&quot;shutter_speed&quot;:&quot;0&quot;,&quot;title&quot;:&quot;&quot;,&quot;orientation&quot;:&quot;0&quot;}\" data-image-title=\"P1510688 Herman &amp;#8211; Foto TJ Krebs jazzphotoagency@web.de\" data-image-description=\"\" data-medium-file=\"https:\/\/i0.wp.com\/www.jazzzeitung.de\/cms\/wp-content\/uploads\/2017\/08\/P1510688-Herman-Foto-TJ-Krebs-jazzphotoagency%40web.de_.jpg?fit=300%2C204&#038;ssl=1\" data-large-file=\"https:\/\/i0.wp.com\/www.jazzzeitung.de\/cms\/wp-content\/uploads\/2017\/08\/P1510688-Herman-Foto-TJ-Krebs-jazzphotoagency%40web.de_.jpg?fit=840%2C572&#038;ssl=1\" src=\"https:\/\/i0.wp.com\/www.jazzzeitung.de\/cms\/wp-content\/uploads\/2017\/08\/P1510688-Herman-Foto-TJ-Krebs-jazzphotoagency%40web.de_.jpg?w=353&#038;h=240&#038;ssl=1\" width=\"353\" height=\"240\" loading=\"lazy\" data-original-width=\"353\" data-original-height=\"240\" itemprop=\"http:\/\/schema.org\/image\" title=\"P1510688 Herman - Foto TJ Krebs jazzphotoagency@web.de\" alt=\"Herman. Foto: Thomas J. Krebs\" style=\"width: 353px; height: 240px;\" \/> <\/a> <div class=\"tiled-gallery-caption\" itemprop=\"caption description\"> Herman. Foto: Thomas J. Krebs <\/div> <\/div> <div class=\"tiled-gallery-item tiled-gallery-item-large\" itemprop=\"associatedMedia\" itemscope itemtype=\"http:\/\/schema.org\/ImageObject\"> <a href=\"https:\/\/www.jazzzeitung.de\/cms\/2017\/08\/yaron-herman-trio-beim-internationalen-jazzsommer-in-augsburg\/p1510710-yaron-herman-trio-foto-tj-krebs-jazzphotoagencyweb-de\/\" border=\"0\" itemprop=\"url\"> <meta itemprop=\"width\" content=\"353\"> <meta itemprop=\"height\" content=\"235\"> <img decoding=\"async\" class=\"\" data-attachment-id=\"13314\" data-orig-file=\"https:\/\/www.jazzzeitung.de\/cms\/wp-content\/uploads\/2017\/08\/P1510710-Yaron-Herman-Trio-Foto-TJ-Krebs-jazzphotoagency@web.de_.jpg\" data-orig-size=\"1200,800\" data-comments-opened=\"1\" data-image-meta=\"{&quot;aperture&quot;:&quot;0&quot;,&quot;credit&quot;:&quot;&quot;,&quot;camera&quot;:&quot;&quot;,&quot;caption&quot;:&quot;&quot;,&quot;created_timestamp&quot;:&quot;0&quot;,&quot;copyright&quot;:&quot;&quot;,&quot;focal_length&quot;:&quot;0&quot;,&quot;iso&quot;:&quot;0&quot;,&quot;shutter_speed&quot;:&quot;0&quot;,&quot;title&quot;:&quot;&quot;,&quot;orientation&quot;:&quot;0&quot;}\" data-image-title=\"P1510710 Yaron Herman Trio &amp;#8211; Foto TJ Krebs jazzphotoagency@web.de\" data-image-description=\"\" data-medium-file=\"https:\/\/i0.wp.com\/www.jazzzeitung.de\/cms\/wp-content\/uploads\/2017\/08\/P1510710-Yaron-Herman-Trio-Foto-TJ-Krebs-jazzphotoagency%40web.de_.jpg?fit=300%2C200&#038;ssl=1\" data-large-file=\"https:\/\/i0.wp.com\/www.jazzzeitung.de\/cms\/wp-content\/uploads\/2017\/08\/P1510710-Yaron-Herman-Trio-Foto-TJ-Krebs-jazzphotoagency%40web.de_.jpg?fit=840%2C560&#038;ssl=1\" src=\"https:\/\/i0.wp.com\/www.jazzzeitung.de\/cms\/wp-content\/uploads\/2017\/08\/P1510710-Yaron-Herman-Trio-Foto-TJ-Krebs-jazzphotoagency%40web.de_.jpg?w=353&#038;h=235&#038;ssl=1\" width=\"353\" height=\"235\" loading=\"lazy\" data-original-width=\"353\" data-original-height=\"235\" itemprop=\"http:\/\/schema.org\/image\" title=\"P1510710 Yaron Herman Trio - Foto TJ Krebs jazzphotoagency@web.de\" alt=\"Yaron Herman Trio. Foto: Thomas J. Krebs\" style=\"width: 353px; height: 235px;\" \/> <\/a> <div class=\"tiled-gallery-caption\" itemprop=\"caption description\"> Yaron Herman Trio. Foto: Thomas J. Krebs <\/div> <\/div> <\/div> <!-- close group --> <\/div> <!-- close row --> <div class=\"gallery-row\" style=\"width: 840px; height: 597px;\" data-original-width=\"840\" data-original-height=\"597\" > <div class=\"gallery-group images-1\" style=\"width: 399px; height: 597px;\" data-original-width=\"399\" data-original-height=\"597\" > <div class=\"tiled-gallery-item tiled-gallery-item-large\" itemprop=\"associatedMedia\" itemscope itemtype=\"http:\/\/schema.org\/ImageObject\"> <a href=\"https:\/\/www.jazzzeitung.de\/cms\/2017\/08\/yaron-herman-trio-beim-internationalen-jazzsommer-in-augsburg\/p1510732-burger-foto-tj-krebs-jazzphotoagencyweb-de\/\" border=\"0\" itemprop=\"url\"> <meta itemprop=\"width\" content=\"395\"> <meta itemprop=\"height\" content=\"593\"> <img decoding=\"async\" class=\"\" data-attachment-id=\"13315\" data-orig-file=\"https:\/\/www.jazzzeitung.de\/cms\/wp-content\/uploads\/2017\/08\/P1510732-Burger-Foto-TJ-Krebs-jazzphotoagency@web.de_.jpg\" data-orig-size=\"800,1200\" data-comments-opened=\"1\" data-image-meta=\"{&quot;aperture&quot;:&quot;0&quot;,&quot;credit&quot;:&quot;&quot;,&quot;camera&quot;:&quot;&quot;,&quot;caption&quot;:&quot;&quot;,&quot;created_timestamp&quot;:&quot;0&quot;,&quot;copyright&quot;:&quot;&quot;,&quot;focal_length&quot;:&quot;0&quot;,&quot;iso&quot;:&quot;0&quot;,&quot;shutter_speed&quot;:&quot;0&quot;,&quot;title&quot;:&quot;&quot;,&quot;orientation&quot;:&quot;0&quot;}\" data-image-title=\"P1510732 Burger &amp;#8211; Foto TJ Krebs jazzphotoagency@web.de\" data-image-description=\"\" data-medium-file=\"https:\/\/i0.wp.com\/www.jazzzeitung.de\/cms\/wp-content\/uploads\/2017\/08\/P1510732-Burger-Foto-TJ-Krebs-jazzphotoagency%40web.de_.jpg?fit=200%2C300&#038;ssl=1\" data-large-file=\"https:\/\/i0.wp.com\/www.jazzzeitung.de\/cms\/wp-content\/uploads\/2017\/08\/P1510732-Burger-Foto-TJ-Krebs-jazzphotoagency%40web.de_.jpg?fit=400%2C600&#038;ssl=1\" src=\"https:\/\/i0.wp.com\/www.jazzzeitung.de\/cms\/wp-content\/uploads\/2017\/08\/P1510732-Burger-Foto-TJ-Krebs-jazzphotoagency%40web.de_.jpg?w=395&#038;h=593&#038;ssl=1\" width=\"395\" height=\"593\" loading=\"lazy\" data-original-width=\"395\" data-original-height=\"593\" itemprop=\"http:\/\/schema.org\/image\" title=\"P1510732 Burger - Foto TJ Krebs jazzphotoagency@web.de\" alt=\"Burger. Foto: Thomas J. Krebs\" style=\"width: 395px; height: 593px;\" \/> <\/a> <div class=\"tiled-gallery-caption\" itemprop=\"caption description\"> Burger. Foto: Thomas J. Krebs <\/div> <\/div> <\/div> <!-- close group --> <div class=\"gallery-group images-2\" style=\"width: 441px; height: 597px;\" data-original-width=\"441\" data-original-height=\"597\" > <div class=\"tiled-gallery-item tiled-gallery-item-large\" itemprop=\"associatedMedia\" itemscope itemtype=\"http:\/\/schema.org\/ImageObject\"> <a href=\"https:\/\/www.jazzzeitung.de\/cms\/2017\/08\/yaron-herman-trio-beim-internationalen-jazzsommer-in-augsburg\/p1510794-yaron-herman-trio-foto-tj-krebs-jazzphotoagencyweb-de\/\" border=\"0\" itemprop=\"url\"> <meta itemprop=\"width\" content=\"437\"> <meta itemprop=\"height\" content=\"291\"> <img decoding=\"async\" class=\"\" data-attachment-id=\"13316\" data-orig-file=\"https:\/\/www.jazzzeitung.de\/cms\/wp-content\/uploads\/2017\/08\/P1510794-Yaron-Herman-Trio-Foto-TJ-Krebs-jazzphotoagency@web.de_.jpg\" data-orig-size=\"1200,800\" data-comments-opened=\"1\" data-image-meta=\"{&quot;aperture&quot;:&quot;0&quot;,&quot;credit&quot;:&quot;&quot;,&quot;camera&quot;:&quot;&quot;,&quot;caption&quot;:&quot;&quot;,&quot;created_timestamp&quot;:&quot;0&quot;,&quot;copyright&quot;:&quot;&quot;,&quot;focal_length&quot;:&quot;0&quot;,&quot;iso&quot;:&quot;0&quot;,&quot;shutter_speed&quot;:&quot;0&quot;,&quot;title&quot;:&quot;&quot;,&quot;orientation&quot;:&quot;0&quot;}\" data-image-title=\"P1510794 Yaron Herman Trio &amp;#8211; Foto TJ Krebs jazzphotoagency@web.de\" data-image-description=\"\" data-medium-file=\"https:\/\/i0.wp.com\/www.jazzzeitung.de\/cms\/wp-content\/uploads\/2017\/08\/P1510794-Yaron-Herman-Trio-Foto-TJ-Krebs-jazzphotoagency%40web.de_.jpg?fit=300%2C200&#038;ssl=1\" data-large-file=\"https:\/\/i0.wp.com\/www.jazzzeitung.de\/cms\/wp-content\/uploads\/2017\/08\/P1510794-Yaron-Herman-Trio-Foto-TJ-Krebs-jazzphotoagency%40web.de_.jpg?fit=840%2C560&#038;ssl=1\" src=\"https:\/\/i0.wp.com\/www.jazzzeitung.de\/cms\/wp-content\/uploads\/2017\/08\/P1510794-Yaron-Herman-Trio-Foto-TJ-Krebs-jazzphotoagency%40web.de_.jpg?w=437&#038;h=291&#038;ssl=1\" width=\"437\" height=\"291\" loading=\"lazy\" data-original-width=\"437\" data-original-height=\"291\" itemprop=\"http:\/\/schema.org\/image\" title=\"P1510794 Yaron Herman Trio - Foto TJ Krebs jazzphotoagency@web.de\" alt=\"Yaron Herman Trio. Foto: Thomas J. Krebs\" style=\"width: 437px; height: 291px;\" \/> <\/a> <div class=\"tiled-gallery-caption\" itemprop=\"caption description\"> Yaron Herman Trio. Foto: Thomas J. Krebs <\/div> <\/div> <div class=\"tiled-gallery-item tiled-gallery-item-large\" itemprop=\"associatedMedia\" itemscope itemtype=\"http:\/\/schema.org\/ImageObject\"> <a href=\"https:\/\/www.jazzzeitung.de\/cms\/2017\/08\/yaron-herman-trio-beim-internationalen-jazzsommer-in-augsburg\/p1510851-herman-ravitz-foto-tj-krebs-jazzphotoagencyweb-de\/\" border=\"0\" itemprop=\"url\"> <meta itemprop=\"width\" content=\"437\"> <meta itemprop=\"height\" content=\"298\"> <img decoding=\"async\" class=\"\" data-attachment-id=\"13317\" data-orig-file=\"https:\/\/www.jazzzeitung.de\/cms\/wp-content\/uploads\/2017\/08\/P1510851-Herman-Ravitz-Foto-TJ-Krebs-jazzphotoagency@web.de_.jpg\" data-orig-size=\"1200,817\" data-comments-opened=\"1\" data-image-meta=\"{&quot;aperture&quot;:&quot;0&quot;,&quot;credit&quot;:&quot;&quot;,&quot;camera&quot;:&quot;&quot;,&quot;caption&quot;:&quot;&quot;,&quot;created_timestamp&quot;:&quot;0&quot;,&quot;copyright&quot;:&quot;&quot;,&quot;focal_length&quot;:&quot;0&quot;,&quot;iso&quot;:&quot;0&quot;,&quot;shutter_speed&quot;:&quot;0&quot;,&quot;title&quot;:&quot;&quot;,&quot;orientation&quot;:&quot;0&quot;}\" data-image-title=\"P1510851 Herman &amp;#8211; Ravitz &amp;#8211; Foto TJ Krebs jazzphotoagency@web.de\" data-image-description=\"\" data-medium-file=\"https:\/\/i0.wp.com\/www.jazzzeitung.de\/cms\/wp-content\/uploads\/2017\/08\/P1510851-Herman-Ravitz-Foto-TJ-Krebs-jazzphotoagency%40web.de_.jpg?fit=300%2C204&#038;ssl=1\" data-large-file=\"https:\/\/i0.wp.com\/www.jazzzeitung.de\/cms\/wp-content\/uploads\/2017\/08\/P1510851-Herman-Ravitz-Foto-TJ-Krebs-jazzphotoagency%40web.de_.jpg?fit=840%2C572&#038;ssl=1\" src=\"https:\/\/i0.wp.com\/www.jazzzeitung.de\/cms\/wp-content\/uploads\/2017\/08\/P1510851-Herman-Ravitz-Foto-TJ-Krebs-jazzphotoagency%40web.de_.jpg?w=437&#038;h=298&#038;ssl=1\" width=\"437\" height=\"298\" loading=\"lazy\" data-original-width=\"437\" data-original-height=\"298\" itemprop=\"http:\/\/schema.org\/image\" title=\"P1510851 Herman - Ravitz - Foto TJ Krebs jazzphotoagency@web.de\" alt=\"Herman, Ravitz. Foto: Thomas J. Krebs\" style=\"width: 437px; height: 298px;\" \/> <\/a> <div class=\"tiled-gallery-caption\" itemprop=\"caption description\"> Herman, Ravitz. Foto: Thomas J. Krebs <\/div> <\/div> <\/div> <!-- close group --> <\/div> <!-- close row --> <\/div>\n<p>Der erfolgreich etablierte, mittlerweile seit 25 Jahren bestehende Augsburger Jazzsommer, veranstaltet vom Kulturamt der Stadt Augsburg und unter der k\u00fcnstlerischen Leitung des Bassisten Christian Stock (&#8230;auch im n\u00e4chsten Jahr wird er wieder mit an Bord sein), endete dieses Jahr mit einem spannendem Konzert des Yaron Herman Trios. Aufgrund der Wettervorhersage diesmal leider nicht Open Air im Musikpavillon, sondern im Glashaus des botanischen Gartens. Yaron Herman, gemeinsam mit Bastien Burger am Bass und dem Schlagzeuger Ziv Ravitz \u00fcberzeugte das Publikum vom ersten Ton und bot einen abwechslungsreichen Triosound der perfekt ausbalanciert war. Feinste Nuancen wurden ausgespielt, um im n\u00e4chsten Moment mit intensiven Rhythmen und Soundclustern in entlegene musikalische Sph\u00e4ren abzutauchen. Das begeisterte Publikum gab Standing Ovations und entlockte der Band schlie\u00dflich drei Zugaben. Ein rundherum gelungener Abschluss des diesj\u00e4hrigen Jazzsommers. Gespannt freuen wir uns schon auf das Programm im n\u00e4chsten Jahr!<\/p>\n<p>&nbsp;<\/p>\n<p>Fotos: Thomas J. Krebs<\/p>\n","protected":false},"excerpt":{"rendered":"<p>Der erfolgreich etablierte, mittlerweile seit 25 Jahren bestehende Augsburger Jazzsommer, veranstaltet vom Kulturamt der Stadt Augsburg und unter der k\u00fcnstlerischen Leitung des Bassisten Christian Stock (&#8230;auch im n\u00e4chsten Jahr wird er wieder mit an Bord sein), endete dieses Jahr mit einem spannendem Konzert des Yaron Herman Trios. Aufgrund der Wettervorhersage diesmal leider nicht Open Air im Musikpavillon, sondern im Glashaus des botanischen Gartens. Yaron Herman, gemeinsam mit Bastien Burger am Bass und dem Schlagzeuger Ziv Ravitz \u00fcberzeugte das Publikum vom ersten Ton und bot einen abwechslungsreichen Triosound der perfekt ausbalanciert war. Feinste Nuancen wurden ausgespielt, um im n\u00e4chsten Moment mit intensiven Rhythmen und Soundclustern in entlegene musikalische Sph\u00e4ren abzutauchen. Das begeisterte Publikum gab Standing Ovations und entlockte der Band schlie\u00dflich drei Zugaben. Ein rundherum gelungener Abschluss des diesj\u00e4hrigen Jazzsommers. Gespannt freuen wir uns schon auf das Programm im n\u00e4chsten Jahr! &nbsp; Fotos: Thomas J. Krebs<\/p>\n","protected":false},"author":18,"featured_media":0,"comment_status":"open","ping_status":"closed","sticky":false,"template":"","format":"standard","meta":{"_jetpack_memberships_contains_paid_content":false,"footnotes":"","jetpack_publicize_message":"","jetpack_publicize_feature_enabled":true,"jetpack_social_post_already_shared":false,"jetpack_social_options":{"image_generator_settings":{"template":"highway","default_image_id":0,"font":"","enabled":false},"version":2}},"categories":[1053,652],"tags":[1203,285,322,1418,775,1260,1356],"coauthors":[695],"class_list":["post-13305","post","type-post","status-publish","format-standard","hentry","category-bericht","category-galerie","tag-augsburg","tag-jazzsommer","tag-konzert-2","tag-krebs","tag-open","tag-thomas-j-krebs","tag-trio"],"yoast_head":"<!-- This site is optimized with the Yoast SEO plugin v27.5 - https:\/\/yoast.com\/product\/yoast-seo-wordpress\/ -->\n<title>Yaron Herman Trio beim internationalen Jazzsommer in Augsburg - JazzZeitung<\/title>\n<meta name=\"robots\" content=\"index, follow, max-snippet:-1, max-image-preview:large, max-video-preview:-1\" \/>\n<link rel=\"canonical\" href=\"https:\/\/www.jazzzeitung.de\/cms\/2017\/08\/yaron-herman-trio-beim-internationalen-jazzsommer-in-augsburg\/\" \/>\n<meta property=\"og:locale\" content=\"de_DE\" \/>\n<meta property=\"og:type\" content=\"article\" \/>\n<meta property=\"og:title\" content=\"Yaron Herman Trio beim internationalen Jazzsommer in Augsburg - JazzZeitung\" \/>\n<meta property=\"og:description\" content=\"Der erfolgreich etablierte, mittlerweile seit 25 Jahren bestehende Augsburger Jazzsommer, veranstaltet vom Kulturamt der Stadt Augsburg und unter der k\u00fcnstlerischen Leitung des Bassisten Christian Stock (&#8230;auch im n\u00e4chsten Jahr wird er wieder mit an Bord sein), endete dieses Jahr mit einem spannendem Konzert des Yaron Herman Trios. Aufgrund der Wettervorhersage diesmal leider nicht Open Air im Musikpavillon, sondern im Glashaus des botanischen Gartens. Yaron Herman, gemeinsam mit Bastien Burger am Bass und dem Schlagzeuger Ziv Ravitz \u00fcberzeugte das Publikum vom ersten Ton und bot einen abwechslungsreichen Triosound der perfekt ausbalanciert war. Feinste Nuancen wurden ausgespielt, um im n\u00e4chsten Moment mit intensiven Rhythmen und Soundclustern in entlegene musikalische Sph\u00e4ren abzutauchen. Das begeisterte Publikum gab Standing Ovations und entlockte der Band schlie\u00dflich drei Zugaben. Ein rundherum gelungener Abschluss des diesj\u00e4hrigen Jazzsommers. Gespannt freuen wir uns schon auf das Programm im n\u00e4chsten Jahr! &nbsp; Fotos: Thomas J. Krebs\" \/>\n<meta property=\"og:url\" content=\"https:\/\/www.jazzzeitung.de\/cms\/2017\/08\/yaron-herman-trio-beim-internationalen-jazzsommer-in-augsburg\/\" \/>\n<meta property=\"og:site_name\" content=\"JazzZeitung\" \/>\n<meta property=\"article:publisher\" content=\"https:\/\/www.facebook.com\/JazzZeitung\/\" \/>\n<meta property=\"article:published_time\" content=\"2017-08-13T08:00:52+00:00\" \/>\n<meta property=\"og:image\" content=\"https:\/\/i0.wp.com\/www.jazzzeitung.de\/cms\/wp-content\/uploads\/2017\/08\/P1510240-Herman-Hands-Foto-TJ-Krebs-jazzphotoagency@web.de_.jpg?w=439&#038;h=293&#038;ssl=1\" \/>\n<meta name=\"author\" content=\"Redaktion JazzZeitung\" \/>\n<script type=\"application\/ld+json\" class=\"yoast-schema-graph\">{\"@context\":\"https:\\\/\\\/schema.org\",\"@graph\":[{\"@type\":\"Article\",\"@id\":\"https:\\\/\\\/www.jazzzeitung.de\\\/cms\\\/2017\\\/08\\\/yaron-herman-trio-beim-internationalen-jazzsommer-in-augsburg\\\/#article\",\"isPartOf\":{\"@id\":\"https:\\\/\\\/www.jazzzeitung.de\\\/cms\\\/2017\\\/08\\\/yaron-herman-trio-beim-internationalen-jazzsommer-in-augsburg\\\/\"},\"author\":{\"name\":\"Redaktion JazzZeitung\",\"@id\":\"https:\\\/\\\/www.jazzzeitung.de\\\/cms\\\/#\\\/schema\\\/person\\\/2245b36b9cd1d24cea10f01c031fb92b\"},\"headline\":\"Yaron Herman Trio beim internationalen Jazzsommer in Augsburg\",\"datePublished\":\"2017-08-13T08:00:52+00:00\",\"mainEntityOfPage\":{\"@id\":\"https:\\\/\\\/www.jazzzeitung.de\\\/cms\\\/2017\\\/08\\\/yaron-herman-trio-beim-internationalen-jazzsommer-in-augsburg\\\/\"},\"wordCount\":163,\"commentCount\":0,\"publisher\":{\"@id\":\"https:\\\/\\\/www.jazzzeitung.de\\\/cms\\\/#organization\"},\"keywords\":[\"Augsburg\",\"Jazzsommer\",\"Konzert\",\"krebs\",\"open\",\"Thomas J. Krebs\",\"trio\"],\"articleSection\":[\"Bericht\",\"Galerie\"],\"inLanguage\":\"de\",\"potentialAction\":[{\"@type\":\"CommentAction\",\"name\":\"Comment\",\"target\":[\"https:\\\/\\\/www.jazzzeitung.de\\\/cms\\\/2017\\\/08\\\/yaron-herman-trio-beim-internationalen-jazzsommer-in-augsburg\\\/#respond\"]}]},{\"@type\":\"WebPage\",\"@id\":\"https:\\\/\\\/www.jazzzeitung.de\\\/cms\\\/2017\\\/08\\\/yaron-herman-trio-beim-internationalen-jazzsommer-in-augsburg\\\/\",\"url\":\"https:\\\/\\\/www.jazzzeitung.de\\\/cms\\\/2017\\\/08\\\/yaron-herman-trio-beim-internationalen-jazzsommer-in-augsburg\\\/\",\"name\":\"Yaron Herman Trio beim internationalen Jazzsommer in Augsburg - JazzZeitung\",\"isPartOf\":{\"@id\":\"https:\\\/\\\/www.jazzzeitung.de\\\/cms\\\/#website\"},\"datePublished\":\"2017-08-13T08:00:52+00:00\",\"breadcrumb\":{\"@id\":\"https:\\\/\\\/www.jazzzeitung.de\\\/cms\\\/2017\\\/08\\\/yaron-herman-trio-beim-internationalen-jazzsommer-in-augsburg\\\/#breadcrumb\"},\"inLanguage\":\"de\",\"potentialAction\":[{\"@type\":\"ReadAction\",\"target\":[\"https:\\\/\\\/www.jazzzeitung.de\\\/cms\\\/2017\\\/08\\\/yaron-herman-trio-beim-internationalen-jazzsommer-in-augsburg\\\/\"]}]},{\"@type\":\"BreadcrumbList\",\"@id\":\"https:\\\/\\\/www.jazzzeitung.de\\\/cms\\\/2017\\\/08\\\/yaron-herman-trio-beim-internationalen-jazzsommer-in-augsburg\\\/#breadcrumb\",\"itemListElement\":[{\"@type\":\"ListItem\",\"position\":1,\"name\":\"Startseite\",\"item\":\"https:\\\/\\\/www.jazzzeitung.de\\\/cms\\\/\"},{\"@type\":\"ListItem\",\"position\":2,\"name\":\"Yaron Herman Trio beim internationalen Jazzsommer in Augsburg\"}]},{\"@type\":\"WebSite\",\"@id\":\"https:\\\/\\\/www.jazzzeitung.de\\\/cms\\\/#website\",\"url\":\"https:\\\/\\\/www.jazzzeitung.de\\\/cms\\\/\",\"name\":\"JazzZeitung\",\"description\":\"Jazz-News und Jazz-Kontroverses\",\"publisher\":{\"@id\":\"https:\\\/\\\/www.jazzzeitung.de\\\/cms\\\/#organization\"},\"potentialAction\":[{\"@type\":\"SearchAction\",\"target\":{\"@type\":\"EntryPoint\",\"urlTemplate\":\"https:\\\/\\\/www.jazzzeitung.de\\\/cms\\\/?s={search_term_string}\"},\"query-input\":{\"@type\":\"PropertyValueSpecification\",\"valueRequired\":true,\"valueName\":\"search_term_string\"}}],\"inLanguage\":\"de\"},{\"@type\":\"Organization\",\"@id\":\"https:\\\/\\\/www.jazzzeitung.de\\\/cms\\\/#organization\",\"name\":\"JazzZeitung online\",\"url\":\"https:\\\/\\\/www.jazzzeitung.de\\\/cms\\\/\",\"logo\":{\"@type\":\"ImageObject\",\"inLanguage\":\"de\",\"@id\":\"https:\\\/\\\/www.jazzzeitung.de\\\/cms\\\/#\\\/schema\\\/logo\\\/image\\\/\",\"url\":\"https:\\\/\\\/i0.wp.com\\\/www.jazzzeitung.de\\\/cms\\\/wp-content\\\/uploads\\\/2015\\\/08\\\/JAZZZEITUNGDE_Logo_Neu.png?fit=499%2C200&ssl=1\",\"contentUrl\":\"https:\\\/\\\/i0.wp.com\\\/www.jazzzeitung.de\\\/cms\\\/wp-content\\\/uploads\\\/2015\\\/08\\\/JAZZZEITUNGDE_Logo_Neu.png?fit=499%2C200&ssl=1\",\"width\":499,\"height\":200,\"caption\":\"JazzZeitung online\"},\"image\":{\"@id\":\"https:\\\/\\\/www.jazzzeitung.de\\\/cms\\\/#\\\/schema\\\/logo\\\/image\\\/\"},\"sameAs\":[\"https:\\\/\\\/www.facebook.com\\\/JazzZeitung\\\/\"]},{\"@type\":\"Person\",\"@id\":\"https:\\\/\\\/www.jazzzeitung.de\\\/cms\\\/#\\\/schema\\\/person\\\/2245b36b9cd1d24cea10f01c031fb92b\",\"name\":\"Redaktion JazzZeitung\",\"image\":{\"@type\":\"ImageObject\",\"inLanguage\":\"de\",\"@id\":\"https:\\\/\\\/i0.wp.com\\\/www.jazzzeitung.de\\\/cms\\\/wp-content\\\/uploads\\\/2015\\\/08\\\/JAZZZEITUNGDE_Logo_Neu.png?resize=96%2C96&ssl=159975dcacb611b5700bd619b5daf0a7a\",\"url\":\"https:\\\/\\\/i0.wp.com\\\/www.jazzzeitung.de\\\/cms\\\/wp-content\\\/uploads\\\/2015\\\/08\\\/JAZZZEITUNGDE_Logo_Neu.png?resize=96%2C96&ssl=1\",\"contentUrl\":\"https:\\\/\\\/i0.wp.com\\\/www.jazzzeitung.de\\\/cms\\\/wp-content\\\/uploads\\\/2015\\\/08\\\/JAZZZEITUNGDE_Logo_Neu.png?resize=96%2C96&ssl=1\",\"caption\":\"Redaktion JazzZeitung\"},\"description\":\"Artikel der Redaktion der JazzZeitung.\",\"sameAs\":[\"http:\\\/\\\/www.jazzzeitung.de\\\/cms\\\/\"],\"url\":\"https:\\\/\\\/www.jazzzeitung.de\\\/cms\\\/author\\\/redaktion\\\/\"}]}<\/script>\n<!-- \/ Yoast SEO plugin. -->","yoast_head_json":{"title":"Yaron Herman Trio beim internationalen Jazzsommer in Augsburg - JazzZeitung","robots":{"index":"index","follow":"follow","max-snippet":"max-snippet:-1","max-image-preview":"max-image-preview:large","max-video-preview":"max-video-preview:-1"},"canonical":"https:\/\/www.jazzzeitung.de\/cms\/2017\/08\/yaron-herman-trio-beim-internationalen-jazzsommer-in-augsburg\/","og_locale":"de_DE","og_type":"article","og_title":"Yaron Herman Trio beim internationalen Jazzsommer in Augsburg - JazzZeitung","og_description":"Der erfolgreich etablierte, mittlerweile seit 25 Jahren bestehende Augsburger Jazzsommer, veranstaltet vom Kulturamt der Stadt Augsburg und unter der k\u00fcnstlerischen Leitung des Bassisten Christian Stock (&#8230;auch im n\u00e4chsten Jahr wird er wieder mit an Bord sein), endete dieses Jahr mit einem spannendem Konzert des Yaron Herman Trios. Aufgrund der Wettervorhersage diesmal leider nicht Open Air im Musikpavillon, sondern im Glashaus des botanischen Gartens. Yaron Herman, gemeinsam mit Bastien Burger am Bass und dem Schlagzeuger Ziv Ravitz \u00fcberzeugte das Publikum vom ersten Ton und bot einen abwechslungsreichen Triosound der perfekt ausbalanciert war. Feinste Nuancen wurden ausgespielt, um im n\u00e4chsten Moment mit intensiven Rhythmen und Soundclustern in entlegene musikalische Sph\u00e4ren abzutauchen. Das begeisterte Publikum gab Standing Ovations und entlockte der Band schlie\u00dflich drei Zugaben. Ein rundherum gelungener Abschluss des diesj\u00e4hrigen Jazzsommers. Gespannt freuen wir uns schon auf das Programm im n\u00e4chsten Jahr! &nbsp; Fotos: Thomas J. Krebs","og_url":"https:\/\/www.jazzzeitung.de\/cms\/2017\/08\/yaron-herman-trio-beim-internationalen-jazzsommer-in-augsburg\/","og_site_name":"JazzZeitung","article_publisher":"https:\/\/www.facebook.com\/JazzZeitung\/","article_published_time":"2017-08-13T08:00:52+00:00","og_image":[{"url":"https:\/\/i0.wp.com\/www.jazzzeitung.de\/cms\/wp-content\/uploads\/2017\/08\/P1510240-Herman-Hands-Foto-TJ-Krebs-jazzphotoagency@web.de_.jpg?w=439&#038;h=293&#038;ssl=1","type":"","width":"","height":""}],"author":"Redaktion JazzZeitung","schema":{"@context":"https:\/\/schema.org","@graph":[{"@type":"Article","@id":"https:\/\/www.jazzzeitung.de\/cms\/2017\/08\/yaron-herman-trio-beim-internationalen-jazzsommer-in-augsburg\/#article","isPartOf":{"@id":"https:\/\/www.jazzzeitung.de\/cms\/2017\/08\/yaron-herman-trio-beim-internationalen-jazzsommer-in-augsburg\/"},"author":{"name":"Redaktion JazzZeitung","@id":"https:\/\/www.jazzzeitung.de\/cms\/#\/schema\/person\/2245b36b9cd1d24cea10f01c031fb92b"},"headline":"Yaron Herman Trio beim internationalen Jazzsommer in Augsburg","datePublished":"2017-08-13T08:00:52+00:00","mainEntityOfPage":{"@id":"https:\/\/www.jazzzeitung.de\/cms\/2017\/08\/yaron-herman-trio-beim-internationalen-jazzsommer-in-augsburg\/"},"wordCount":163,"commentCount":0,"publisher":{"@id":"https:\/\/www.jazzzeitung.de\/cms\/#organization"},"keywords":["Augsburg","Jazzsommer","Konzert","krebs","open","Thomas J. Krebs","trio"],"articleSection":["Bericht","Galerie"],"inLanguage":"de","potentialAction":[{"@type":"CommentAction","name":"Comment","target":["https:\/\/www.jazzzeitung.de\/cms\/2017\/08\/yaron-herman-trio-beim-internationalen-jazzsommer-in-augsburg\/#respond"]}]},{"@type":"WebPage","@id":"https:\/\/www.jazzzeitung.de\/cms\/2017\/08\/yaron-herman-trio-beim-internationalen-jazzsommer-in-augsburg\/","url":"https:\/\/www.jazzzeitung.de\/cms\/2017\/08\/yaron-herman-trio-beim-internationalen-jazzsommer-in-augsburg\/","name":"Yaron Herman Trio beim internationalen Jazzsommer in Augsburg - JazzZeitung","isPartOf":{"@id":"https:\/\/www.jazzzeitung.de\/cms\/#website"},"datePublished":"2017-08-13T08:00:52+00:00","breadcrumb":{"@id":"https:\/\/www.jazzzeitung.de\/cms\/2017\/08\/yaron-herman-trio-beim-internationalen-jazzsommer-in-augsburg\/#breadcrumb"},"inLanguage":"de","potentialAction":[{"@type":"ReadAction","target":["https:\/\/www.jazzzeitung.de\/cms\/2017\/08\/yaron-herman-trio-beim-internationalen-jazzsommer-in-augsburg\/"]}]},{"@type":"BreadcrumbList","@id":"https:\/\/www.jazzzeitung.de\/cms\/2017\/08\/yaron-herman-trio-beim-internationalen-jazzsommer-in-augsburg\/#breadcrumb","itemListElement":[{"@type":"ListItem","position":1,"name":"Startseite","item":"https:\/\/www.jazzzeitung.de\/cms\/"},{"@type":"ListItem","position":2,"name":"Yaron Herman Trio beim internationalen Jazzsommer in Augsburg"}]},{"@type":"WebSite","@id":"https:\/\/www.jazzzeitung.de\/cms\/#website","url":"https:\/\/www.jazzzeitung.de\/cms\/","name":"JazzZeitung","description":"Jazz-News und Jazz-Kontroverses","publisher":{"@id":"https:\/\/www.jazzzeitung.de\/cms\/#organization"},"potentialAction":[{"@type":"SearchAction","target":{"@type":"EntryPoint","urlTemplate":"https:\/\/www.jazzzeitung.de\/cms\/?s={search_term_string}"},"query-input":{"@type":"PropertyValueSpecification","valueRequired":true,"valueName":"search_term_string"}}],"inLanguage":"de"},{"@type":"Organization","@id":"https:\/\/www.jazzzeitung.de\/cms\/#organization","name":"JazzZeitung online","url":"https:\/\/www.jazzzeitung.de\/cms\/","logo":{"@type":"ImageObject","inLanguage":"de","@id":"https:\/\/www.jazzzeitung.de\/cms\/#\/schema\/logo\/image\/","url":"https:\/\/i0.wp.com\/www.jazzzeitung.de\/cms\/wp-content\/uploads\/2015\/08\/JAZZZEITUNGDE_Logo_Neu.png?fit=499%2C200&ssl=1","contentUrl":"https:\/\/i0.wp.com\/www.jazzzeitung.de\/cms\/wp-content\/uploads\/2015\/08\/JAZZZEITUNGDE_Logo_Neu.png?fit=499%2C200&ssl=1","width":499,"height":200,"caption":"JazzZeitung online"},"image":{"@id":"https:\/\/www.jazzzeitung.de\/cms\/#\/schema\/logo\/image\/"},"sameAs":["https:\/\/www.facebook.com\/JazzZeitung\/"]},{"@type":"Person","@id":"https:\/\/www.jazzzeitung.de\/cms\/#\/schema\/person\/2245b36b9cd1d24cea10f01c031fb92b","name":"Redaktion JazzZeitung","image":{"@type":"ImageObject","inLanguage":"de","@id":"https:\/\/i0.wp.com\/www.jazzzeitung.de\/cms\/wp-content\/uploads\/2015\/08\/JAZZZEITUNGDE_Logo_Neu.png?resize=96%2C96&ssl=159975dcacb611b5700bd619b5daf0a7a","url":"https:\/\/i0.wp.com\/www.jazzzeitung.de\/cms\/wp-content\/uploads\/2015\/08\/JAZZZEITUNGDE_Logo_Neu.png?resize=96%2C96&ssl=1","contentUrl":"https:\/\/i0.wp.com\/www.jazzzeitung.de\/cms\/wp-content\/uploads\/2015\/08\/JAZZZEITUNGDE_Logo_Neu.png?resize=96%2C96&ssl=1","caption":"Redaktion JazzZeitung"},"description":"Artikel der Redaktion der JazzZeitung.","sameAs":["http:\/\/www.jazzzeitung.de\/cms\/"],"url":"https:\/\/www.jazzzeitung.de\/cms\/author\/redaktion\/"}]}},"wp-worthy-pixel":{"ignored":false,"public":null,"server":null,"url":null},"wp-worthy-type":"normal","jetpack_publicize_connections":[],"cc_featured_image_caption":{"caption_text":false,"source_text":false,"source_url":false},"jetpack_featured_media_url":"","jetpack_shortlink":"https:\/\/wp.me\/p3KEcT-3sB","jetpack-related-posts":[{"id":20335,"url":"https:\/\/www.jazzzeitung.de\/cms\/2019\/08\/das-miteinander-bestimmt-auch-dieses-jahr-den-augsburger-jazzsommer\/","url_meta":{"origin":13305,"position":0},"title":"Das Miteinander bestimmt auch dieses Jahr den Augsburger Jazzsommer","author":"Thomas J. Krebs","date":"10. August 2019","format":false,"excerpt":"Seit 27 Jahren findet der internationale Jazzsommer in Augsburg statt. Und auch dieses Jahr war das Programm wieder erlesen und f\u00fcr jeden Geschmack etwas mit dabei. Einziger Wermutstropfen: Christian Stock legt nach nunmehr 27 Ausgaben des Festivals sein Amt als k\u00fcnstlerischer Leiter nieder, um nach all den erf\u00fcllten aber auch\u2026","rel":"","context":"In &quot;Bericht&quot;","block_context":{"text":"Bericht","link":"https:\/\/www.jazzzeitung.de\/cms\/thema\/bericht\/"},"img":{"alt_text":"","src":"https:\/\/i0.wp.com\/www.jazzzeitung.de\/cms\/wp-content\/uploads\/2019\/08\/P1415391-Potter-Cohen-Impression-Foto-TJ-Krebs.jpg?fit=1200%2C800&ssl=1&resize=350%2C200","width":350,"height":200,"srcset":"https:\/\/i0.wp.com\/www.jazzzeitung.de\/cms\/wp-content\/uploads\/2019\/08\/P1415391-Potter-Cohen-Impression-Foto-TJ-Krebs.jpg?fit=1200%2C800&ssl=1&resize=350%2C200 1x, https:\/\/i0.wp.com\/www.jazzzeitung.de\/cms\/wp-content\/uploads\/2019\/08\/P1415391-Potter-Cohen-Impression-Foto-TJ-Krebs.jpg?fit=1200%2C800&ssl=1&resize=525%2C300 1.5x, https:\/\/i0.wp.com\/www.jazzzeitung.de\/cms\/wp-content\/uploads\/2019\/08\/P1415391-Potter-Cohen-Impression-Foto-TJ-Krebs.jpg?fit=1200%2C800&ssl=1&resize=700%2C400 2x, https:\/\/i0.wp.com\/www.jazzzeitung.de\/cms\/wp-content\/uploads\/2019\/08\/P1415391-Potter-Cohen-Impression-Foto-TJ-Krebs.jpg?fit=1200%2C800&ssl=1&resize=1050%2C600 3x"},"classes":[]},{"id":25475,"url":"https:\/\/www.jazzzeitung.de\/cms\/2021\/08\/entspannte-stimmung-trotz-regen-beim-29-ausburger-jazzsommer\/","url_meta":{"origin":13305,"position":1},"title":"Entspannte Stimmung trotz Regen beim 29. Ausburger Jazzsommer","author":"Thomas J. Krebs","date":"20. August 2021","format":false,"excerpt":"Der Augsburger Jazzsommer ging dieses Jahr in die 29. Runde. Nachdem letztes Jahr Corona bedingt nur ein schmales Programm stattfinden konnte, ging es dieses Jahr endlich wieder in die Vollen! Als Kurator des Augsburger Jazzsommers ist Tilman Herpichb\u00f6hm nun seit zwei Jahren in der Verantwortung. Was nach 2019 mit Elan\u2026","rel":"","context":"In &quot;Bericht&quot;","block_context":{"text":"Bericht","link":"https:\/\/www.jazzzeitung.de\/cms\/thema\/bericht\/"},"img":{"alt_text":"","src":"https:\/\/i0.wp.com\/www.jazzzeitung.de\/cms\/wp-content\/uploads\/2021\/08\/P1178031-Blaser-Humair-Kaenzig-Foto-TJ-Krebs.jpg?fit=1200%2C800&ssl=1&resize=350%2C200","width":350,"height":200,"srcset":"https:\/\/i0.wp.com\/www.jazzzeitung.de\/cms\/wp-content\/uploads\/2021\/08\/P1178031-Blaser-Humair-Kaenzig-Foto-TJ-Krebs.jpg?fit=1200%2C800&ssl=1&resize=350%2C200 1x, https:\/\/i0.wp.com\/www.jazzzeitung.de\/cms\/wp-content\/uploads\/2021\/08\/P1178031-Blaser-Humair-Kaenzig-Foto-TJ-Krebs.jpg?fit=1200%2C800&ssl=1&resize=525%2C300 1.5x, https:\/\/i0.wp.com\/www.jazzzeitung.de\/cms\/wp-content\/uploads\/2021\/08\/P1178031-Blaser-Humair-Kaenzig-Foto-TJ-Krebs.jpg?fit=1200%2C800&ssl=1&resize=700%2C400 2x, https:\/\/i0.wp.com\/www.jazzzeitung.de\/cms\/wp-content\/uploads\/2021\/08\/P1178031-Blaser-Humair-Kaenzig-Foto-TJ-Krebs.jpg?fit=1200%2C800&ssl=1&resize=1050%2C600 3x"},"classes":[]},{"id":28140,"url":"https:\/\/www.jazzzeitung.de\/cms\/2022\/08\/jazz-im-garten-der-30-internationale-augsburger-jazzsommer-2022\/","url_meta":{"origin":13305,"position":2},"title":"Jazz im Garten: Der 30. Internationale Augsburger Jazzsommer 2022","author":"Thomas J. Krebs","date":"17. August 2022","format":false,"excerpt":"1993 aus der Taufe gehoben, wurde aus den Sommernachtskonzerten im Botanischen Garten der Stadt Augsburg zwei Jahre sp\u00e4ter der Augsburger Jazzsommer und schlie\u00dflich der Internationale Augsburger Jazzsommer. Beeindruckend, wer unter dem Dach des Pavillons des Botanischen Gartens bereits aufgetreten ist: angefangen von Michel Petrucciani, \u00fcber McCoy Tyner, Charles Lloyd, Steve\u2026","rel":"","context":"In &quot;Bericht&quot;","block_context":{"text":"Bericht","link":"https:\/\/www.jazzzeitung.de\/cms\/thema\/bericht\/"},"img":{"alt_text":"","src":"https:\/\/i0.wp.com\/www.jazzzeitung.de\/cms\/wp-content\/uploads\/2022\/08\/AUFMACHER-P1957628-McLaughlin-4th-Dimension-Foto-TJ-Krebs.jpg?fit=1200%2C800&ssl=1&resize=350%2C200","width":350,"height":200,"srcset":"https:\/\/i0.wp.com\/www.jazzzeitung.de\/cms\/wp-content\/uploads\/2022\/08\/AUFMACHER-P1957628-McLaughlin-4th-Dimension-Foto-TJ-Krebs.jpg?fit=1200%2C800&ssl=1&resize=350%2C200 1x, https:\/\/i0.wp.com\/www.jazzzeitung.de\/cms\/wp-content\/uploads\/2022\/08\/AUFMACHER-P1957628-McLaughlin-4th-Dimension-Foto-TJ-Krebs.jpg?fit=1200%2C800&ssl=1&resize=525%2C300 1.5x, https:\/\/i0.wp.com\/www.jazzzeitung.de\/cms\/wp-content\/uploads\/2022\/08\/AUFMACHER-P1957628-McLaughlin-4th-Dimension-Foto-TJ-Krebs.jpg?fit=1200%2C800&ssl=1&resize=700%2C400 2x, https:\/\/i0.wp.com\/www.jazzzeitung.de\/cms\/wp-content\/uploads\/2022\/08\/AUFMACHER-P1957628-McLaughlin-4th-Dimension-Foto-TJ-Krebs.jpg?fit=1200%2C800&ssl=1&resize=1050%2C600 3x"},"classes":[]},{"id":29638,"url":"https:\/\/www.jazzzeitung.de\/cms\/2023\/06\/der-kommende-jazzfestivalsommer-in-augsburg-unterfoehring-und-im-bayerischen-hof\/","url_meta":{"origin":13305,"position":3},"title":"Der kommende Jazzfestivalsommer in Augsburg, Unterf\u00f6hring und im Bayerischen Hof","author":"Thomas J. Krebs","date":"19. Juni 2023","format":false,"excerpt":"Im Sommer hat man oft Entscheidungsn\u00f6te was Festivals betrifft. Auch der Jazz hat im Juli und August im s\u00fcddeutschen Raum einiges an Festivals zu bieten, und dieses Jahr gibt es beim Internationalen Augsburger Jazzsommer, dem Internationalen Jazzweekend Unterf\u00f6hring, sowie dem Jazzsommer im Bayerischen Hof so gut wie kaum \u00dcberschneidungen. Offensichtlich\u2026","rel":"","context":"In &quot;News&quot;","block_context":{"text":"News","link":"https:\/\/www.jazzzeitung.de\/cms\/thema\/nachrichten\/"},"img":{"alt_text":"","src":"https:\/\/i0.wp.com\/www.jazzzeitung.de\/cms\/wp-content\/uploads\/2023\/06\/BO1_2022_LakeciaBenjamin_EL_003-copyright-Elizabeth-Leitzell-scaled.jpg?fit=1186%2C1200&ssl=1&resize=350%2C200","width":350,"height":200,"srcset":"https:\/\/i0.wp.com\/www.jazzzeitung.de\/cms\/wp-content\/uploads\/2023\/06\/BO1_2022_LakeciaBenjamin_EL_003-copyright-Elizabeth-Leitzell-scaled.jpg?fit=1186%2C1200&ssl=1&resize=350%2C200 1x, https:\/\/i0.wp.com\/www.jazzzeitung.de\/cms\/wp-content\/uploads\/2023\/06\/BO1_2022_LakeciaBenjamin_EL_003-copyright-Elizabeth-Leitzell-scaled.jpg?fit=1186%2C1200&ssl=1&resize=525%2C300 1.5x, https:\/\/i0.wp.com\/www.jazzzeitung.de\/cms\/wp-content\/uploads\/2023\/06\/BO1_2022_LakeciaBenjamin_EL_003-copyright-Elizabeth-Leitzell-scaled.jpg?fit=1186%2C1200&ssl=1&resize=700%2C400 2x, https:\/\/i0.wp.com\/www.jazzzeitung.de\/cms\/wp-content\/uploads\/2023\/06\/BO1_2022_LakeciaBenjamin_EL_003-copyright-Elizabeth-Leitzell-scaled.jpg?fit=1186%2C1200&ssl=1&resize=1050%2C600 3x"},"classes":[]},{"id":16412,"url":"https:\/\/www.jazzzeitung.de\/cms\/2018\/06\/fotografien-von-thomas-j-krebs-jazz-live-keys-sticks\/","url_meta":{"origin":13305,"position":4},"title":"Fotovernissage &#8222;JAZZ &#8211; live, keys &#038; sticks&#8220; in Augsburg","author":"Redaktion JazzZeitung","date":"19. Juni 2018","format":false,"excerpt":"W\u00e4hrend des 26. Augsburger Jazzsommer 2018 findet eine Ausstellung des Fotografen Thomas J. Krebs in den R\u00e4umlichkeiten der Deutschen Rentenversicherung Schwaben in der Dieselstra\u00dfe 9 in Augsburg statt. Unter dem Titel \u201eJAZZ \u0336\u00a0 live, keys & sticks\u201c l\u00e4dt Krebs am Montag, den 9. Juli 2018, um 18 Uhr, zur Vernissage\u2026","rel":"","context":"In &quot;News&quot;","block_context":{"text":"News","link":"https:\/\/www.jazzzeitung.de\/cms\/thema\/nachrichten\/"},"img":{"alt_text":"","src":"https:\/\/i0.wp.com\/www.jazzzeitung.de\/cms\/wp-content\/uploads\/2018\/06\/Plakat-Augsburg.jpg?fit=1200%2C852&ssl=1&resize=350%2C200","width":350,"height":200,"srcset":"https:\/\/i0.wp.com\/www.jazzzeitung.de\/cms\/wp-content\/uploads\/2018\/06\/Plakat-Augsburg.jpg?fit=1200%2C852&ssl=1&resize=350%2C200 1x, https:\/\/i0.wp.com\/www.jazzzeitung.de\/cms\/wp-content\/uploads\/2018\/06\/Plakat-Augsburg.jpg?fit=1200%2C852&ssl=1&resize=525%2C300 1.5x, https:\/\/i0.wp.com\/www.jazzzeitung.de\/cms\/wp-content\/uploads\/2018\/06\/Plakat-Augsburg.jpg?fit=1200%2C852&ssl=1&resize=700%2C400 2x, https:\/\/i0.wp.com\/www.jazzzeitung.de\/cms\/wp-content\/uploads\/2018\/06\/Plakat-Augsburg.jpg?fit=1200%2C852&ssl=1&resize=1050%2C600 3x"},"classes":[]},{"id":27347,"url":"https:\/\/www.jazzzeitung.de\/cms\/2022\/05\/augsburger-jazzsommer-jazz-beim-dulkhaeusle-konzerte-auf-schloss-hoefling\/","url_meta":{"origin":13305,"position":5},"title":"+++ Augsburger Jazzsommer +++ Jazz beim Dulkh\u00e4usle +++ Konzerte auf Schloss H\u00f6fling +++","author":"Redaktion JazzZeitung","date":"18. Mai 2022","format":false,"excerpt":"+++ 30. Internationaler Augsburger Jazzsommer +++ Der Internationale Augsburger Jazzsommer wird 30 und feiert vom 6. Juli bis 10. August 2022 mit einem Live-Jazz-Programm im Botanischen Garten und im Brunnenhof Jubil\u00e4um. US-Saxofonist Kenny Garrett (6.7.), der legend\u00e4re britische Jazz-Gitarrist John McLaughlin (13.7.), die in Brooklyn lebende franz\u00f6sische S\u00e4ngerin Cyrille Aim\u00e9e\u2026","rel":"","context":"In &quot;News&quot;","block_context":{"text":"News","link":"https:\/\/www.jazzzeitung.de\/cms\/thema\/nachrichten\/"},"img":{"alt_text":"","src":"https:\/\/i0.wp.com\/www.jazzzeitung.de\/cms\/wp-content\/uploads\/2022\/05\/Hermeto-Pascoal-Grupo-by-Gabriel-Quintao-scaled.jpg?fit=1200%2C679&ssl=1&resize=350%2C200","width":350,"height":200,"srcset":"https:\/\/i0.wp.com\/www.jazzzeitung.de\/cms\/wp-content\/uploads\/2022\/05\/Hermeto-Pascoal-Grupo-by-Gabriel-Quintao-scaled.jpg?fit=1200%2C679&ssl=1&resize=350%2C200 1x, https:\/\/i0.wp.com\/www.jazzzeitung.de\/cms\/wp-content\/uploads\/2022\/05\/Hermeto-Pascoal-Grupo-by-Gabriel-Quintao-scaled.jpg?fit=1200%2C679&ssl=1&resize=525%2C300 1.5x, https:\/\/i0.wp.com\/www.jazzzeitung.de\/cms\/wp-content\/uploads\/2022\/05\/Hermeto-Pascoal-Grupo-by-Gabriel-Quintao-scaled.jpg?fit=1200%2C679&ssl=1&resize=700%2C400 2x, https:\/\/i0.wp.com\/www.jazzzeitung.de\/cms\/wp-content\/uploads\/2022\/05\/Hermeto-Pascoal-Grupo-by-Gabriel-Quintao-scaled.jpg?fit=1200%2C679&ssl=1&resize=1050%2C600 3x"},"classes":[]}],"jetpack_sharing_enabled":true,"_links":{"self":[{"href":"https:\/\/www.jazzzeitung.de\/cms\/wp-json\/wp\/v2\/posts\/13305","targetHints":{"allow":["GET"]}}],"collection":[{"href":"https:\/\/www.jazzzeitung.de\/cms\/wp-json\/wp\/v2\/posts"}],"about":[{"href":"https:\/\/www.jazzzeitung.de\/cms\/wp-json\/wp\/v2\/types\/post"}],"author":[{"embeddable":true,"href":"https:\/\/www.jazzzeitung.de\/cms\/wp-json\/wp\/v2\/users\/18"}],"replies":[{"embeddable":true,"href":"https:\/\/www.jazzzeitung.de\/cms\/wp-json\/wp\/v2\/comments?post=13305"}],"version-history":[{"count":1,"href":"https:\/\/www.jazzzeitung.de\/cms\/wp-json\/wp\/v2\/posts\/13305\/revisions"}],"predecessor-version":[{"id":13318,"href":"https:\/\/www.jazzzeitung.de\/cms\/wp-json\/wp\/v2\/posts\/13305\/revisions\/13318"}],"wp:attachment":[{"href":"https:\/\/www.jazzzeitung.de\/cms\/wp-json\/wp\/v2\/media?parent=13305"}],"wp:term":[{"taxonomy":"category","embeddable":true,"href":"https:\/\/www.jazzzeitung.de\/cms\/wp-json\/wp\/v2\/categories?post=13305"},{"taxonomy":"post_tag","embeddable":true,"href":"https:\/\/www.jazzzeitung.de\/cms\/wp-json\/wp\/v2\/tags?post=13305"},{"taxonomy":"author","embeddable":true,"href":"https:\/\/www.jazzzeitung.de\/cms\/wp-json\/wp\/v2\/coauthors?post=13305"}],"curies":[{"name":"wp","href":"https:\/\/api.w.org\/{rel}","templated":true}]}}