{"id":13235,"date":"2017-08-09T10:00:51","date_gmt":"2017-08-09T08:00:51","guid":{"rendered":"https:\/\/www.jazzzeitung.de\/cms\/?p=13235"},"modified":"2017-08-09T09:44:39","modified_gmt":"2017-08-09T07:44:39","slug":"bmw-welt-young-artist-jazz-award-bringt-roman-sladek-zweimal-auf-die-buehnen-des-landes","status":"publish","type":"post","link":"https:\/\/www.jazzzeitung.de\/cms\/2017\/08\/bmw-welt-young-artist-jazz-award-bringt-roman-sladek-zweimal-auf-die-buehnen-des-landes\/","title":{"rendered":"BMW Welt Young Artist Jazz Award bringt Roman Sladek zweimal auf die B\u00fchnen des Landes"},"content":{"rendered":"<figure id=\"attachment_12818\" aria-describedby=\"caption-attachment-12818\" style=\"width: 150px\" class=\"wp-caption alignright\"><a href=\"https:\/\/i0.wp.com\/www.jazzzeitung.de\/cms\/wp-content\/uploads\/2017\/06\/Sladek-Roman_52.jpg?ssl=1\"><img data-recalc-dims=\"1\" loading=\"lazy\" decoding=\"async\" data-attachment-id=\"12818\" data-permalink=\"https:\/\/www.jazzzeitung.de\/cms\/2017\/06\/musikalisches-elmsfeuer-auf-dem-technobeat\/sladek-roman_52\/\" data-orig-file=\"https:\/\/i0.wp.com\/www.jazzzeitung.de\/cms\/wp-content\/uploads\/2017\/06\/Sladek-Roman_52.jpg?fit=2362%2C1581&amp;ssl=1\" data-orig-size=\"2362,1581\" data-comments-opened=\"1\" data-image-meta=\"{&quot;aperture&quot;:&quot;5.3&quot;,&quot;credit&quot;:&quot;&quot;,&quot;camera&quot;:&quot;NIKON D80&quot;,&quot;caption&quot;:&quot;&quot;,&quot;created_timestamp&quot;:&quot;1498082301&quot;,&quot;copyright&quot;:&quot;&quot;,&quot;focal_length&quot;:&quot;65&quot;,&quot;iso&quot;:&quot;1600&quot;,&quot;shutter_speed&quot;:&quot;0.016666666666667&quot;,&quot;title&quot;:&quot;&quot;,&quot;orientation&quot;:&quot;1&quot;}\" data-image-title=\"Sladek-Roman_52\" data-image-description=\"&lt;p&gt;Sladek Roman, Foto: Scheiner&lt;\/p&gt;\n\" data-image-caption=\"\" data-large-file=\"https:\/\/i0.wp.com\/www.jazzzeitung.de\/cms\/wp-content\/uploads\/2017\/06\/Sladek-Roman_52.jpg?fit=840%2C563&amp;ssl=1\" class=\"wp-image-12818 size-thumbnail\" src=\"https:\/\/i0.wp.com\/www.jazzzeitung.de\/cms\/wp-content\/uploads\/2017\/06\/Sladek-Roman_52.jpg?resize=150%2C150&#038;ssl=1\" alt=\"\" width=\"150\" height=\"150\" srcset=\"https:\/\/i0.wp.com\/www.jazzzeitung.de\/cms\/wp-content\/uploads\/2017\/06\/Sladek-Roman_52.jpg?resize=150%2C150&amp;ssl=1 150w, https:\/\/i0.wp.com\/www.jazzzeitung.de\/cms\/wp-content\/uploads\/2017\/06\/Sladek-Roman_52.jpg?resize=144%2C144&amp;ssl=1 144w, https:\/\/i0.wp.com\/www.jazzzeitung.de\/cms\/wp-content\/uploads\/2017\/06\/Sladek-Roman_52.jpg?resize=96%2C96&amp;ssl=1 96w, https:\/\/i0.wp.com\/www.jazzzeitung.de\/cms\/wp-content\/uploads\/2017\/06\/Sladek-Roman_52.jpg?resize=24%2C24&amp;ssl=1 24w, https:\/\/i0.wp.com\/www.jazzzeitung.de\/cms\/wp-content\/uploads\/2017\/06\/Sladek-Roman_52.jpg?resize=36%2C36&amp;ssl=1 36w, https:\/\/i0.wp.com\/www.jazzzeitung.de\/cms\/wp-content\/uploads\/2017\/06\/Sladek-Roman_52.jpg?resize=48%2C48&amp;ssl=1 48w, https:\/\/i0.wp.com\/www.jazzzeitung.de\/cms\/wp-content\/uploads\/2017\/06\/Sladek-Roman_52.jpg?resize=64%2C64&amp;ssl=1 64w, https:\/\/i0.wp.com\/www.jazzzeitung.de\/cms\/wp-content\/uploads\/2017\/06\/Sladek-Roman_52.jpg?resize=32%2C32&amp;ssl=1 32w, https:\/\/i0.wp.com\/www.jazzzeitung.de\/cms\/wp-content\/uploads\/2017\/06\/Sladek-Roman_52.jpg?resize=50%2C50&amp;ssl=1 50w, https:\/\/i0.wp.com\/www.jazzzeitung.de\/cms\/wp-content\/uploads\/2017\/06\/Sladek-Roman_52.jpg?resize=128%2C128&amp;ssl=1 128w, https:\/\/i0.wp.com\/www.jazzzeitung.de\/cms\/wp-content\/uploads\/2017\/06\/Sladek-Roman_52.jpg?zoom=2&amp;resize=150%2C150&amp;ssl=1 300w, https:\/\/i0.wp.com\/www.jazzzeitung.de\/cms\/wp-content\/uploads\/2017\/06\/Sladek-Roman_52.jpg?zoom=3&amp;resize=150%2C150&amp;ssl=1 450w\" sizes=\"auto, (max-width: 150px) 100vw, 150px\" \/><\/a><figcaption id=\"caption-attachment-12818\" class=\"wp-caption-text\">Treibende Kraft des &#8222;Jazzrausch&#8220;-Orchesters: Roman Sladek. Foto: R. Sladek<\/figcaption><\/figure>\n<p><strong>Leipzig\/M\u00fcnchen. Roman Sladek, Preistr\u00e4ger des BMW Welt Young Artist Jazz Award 2017, wird als Teil des Preises am 14. Oktober im Werk 2 w\u00e4hrend der Leipziger Jazztage und am 23. Oktober im M\u00fcnchner Jazzclub Unterfahrt mit der Jazzrausch Bigband auftreten. Dar\u00fcber hinaus erh\u00e4lt das Nachwuchstalent 3.000 Euro als Preisgeld. Ausgew\u00e4hlt wurde der Jazzposaunist von der BMW Welt Jazz Award Jury f\u00fcr den gemeinsam von der BMW Group und der Landeshauptstadt M\u00fcnchen gestifteten Preis.<\/strong><\/p>\n<p>\u201eIch freue mich sehr \u00fcber den BMW Welt Young Artist Jazz Award und empfinde es als gro\u00dfe Ehre, diese ermutigende Anerkennung stellvertretend f\u00fcr die vielen gro\u00dfartigen Musikerinnen und Musiker der Jazzrausch Bigband entgegennehmen zu d\u00fcrfen\u201c, so Roman Sladek.<\/p>\n<p>Dirk Reinicke, Leiter BMW Niederlassung Leipzig, dazu: \u201eKulturengagement bedeutet f\u00fcr uns nicht nur, Kultur f\u00fcr alle verf\u00fcgbar zu machen, sondern auch Nachwuchsf\u00f6rderung. Der BMW Welt Young Artist Jazz Award verbindet dies hervorragend, daher freuen wir uns sehr, als langj\u00e4hriger Partner der Leipziger Jazztage unserem jungen Preistr\u00e4ger Roman Sladek dort eine B\u00fchne zu bieten.\u201c<\/p>\n<p>Dr. Hans-Georg K\u00fcppers, Kulturreferent der Stadt M\u00fcnchen, erg\u00e4nzt: \u201eMit Roman Sladek erh\u00e4lt ein gro\u00dfartiger M\u00fcnchner Nachwuchsmusiker den BMW Welt Young Artist Jazz Award. Er und seine Jazzrausch Bigband stehen f\u00fcr eine weltoffene junge Generation, die &#8211; mit hervorragendem spieltechnischem K\u00f6nnen &#8211; frei von jeglichem Spartendenken eine eigene faszinierende Klangsprache entwickelt.\u201c<\/p>\n<p>Der vielfach studierte Sladek unterrichtet, produziert und veranstaltet, zudem arbeitete er unter anderem mit dem Christian Els\u00e4sser Jazzorchestra, der Monika Roscher Bigband, dem Staatstheater N\u00fcrnberg und den M\u00fcnchner Symphonikern. Seine Jazzrausch Bigband ist daf\u00fcr bekannt geworden, Technokl\u00e4nge in einem zwanzigk\u00f6pfigen Orchester zu interpretieren.<\/p>\n<p>Rebekka Paas, Konzertmanagement des Jazzclubs Unterfahrt, meint: \u201eRoman Sladek und seine Jazzrausch Bigband entstauben mit ihrem jungen und energiegeladenen Sound den Ruf der Bigband und heben ihn gleichzeitig auf ein ganz neues Level. Die Jazzrausch Bigband hat es geschafft, dass Jazz sogar in Techno-Clubs und bei Indie-Festivals Einzug erh\u00e4lt. Andersrum bringt die Bigband ein neues und junges Publikum in die Jazzclubs.\u201c<\/p>\n<p>Karten sind \u00fcber <a href=\"http:\/\/www.unterfahrt.de\">www.unterfahrt.de<\/a> und <a href=\"http:\/\/www.jazzclub-leipzig.de\/jazztage\/\">www.jazzclub-leipzig.de\/jazztage\/<\/a> erh\u00e4ltlich.<\/p>\n<p><span style=\"border-radius: 2px; text-indent: 20px; width: auto; padding: 0px 4px 0px 0px; text-align: center; font: bold 11px\/20px 'Helvetica Neue',Helvetica,sans-serif; color: #ffffff; background: #bd081c no-repeat scroll 3px 50% \/ 14px 14px; position: absolute; opacity: 1; z-index: 8675309; display: none; cursor: pointer;\">Merken<\/span><\/p>\n<p><span style=\"border-radius: 2px; text-indent: 20px; width: auto; padding: 0px 4px 0px 0px; text-align: center; font: bold 11px\/20px 'Helvetica Neue',Helvetica,sans-serif; color: #ffffff; background: #bd081c no-repeat scroll 3px 50% \/ 14px 14px; position: absolute; opacity: 1; z-index: 8675309; display: none; cursor: pointer;\">Merken<\/span><\/p>\n<p><span style=\"border-radius: 2px; text-indent: 20px; width: auto; padding: 0px 4px 0px 0px; text-align: center; font: bold 11px\/20px 'Helvetica Neue',Helvetica,sans-serif; color: #ffffff; background: #bd081c  no-repeat scroll 3px 50% \/ 14px 14px; position: absolute; opacity: 1; z-index: 8675309; display: none; cursor: pointer;\">Merken<\/span><\/p>\n","protected":false},"excerpt":{"rendered":"<p>Leipzig\/M\u00fcnchen. Roman Sladek, Preistr\u00e4ger des BMW Welt Young Artist Jazz Award 2017, wird als Teil des Preises am 14. Oktober im Werk 2 w\u00e4hrend der Leipziger Jazztage und am 23. Oktober im M\u00fcnchner Jazzclub Unterfahrt mit der Jazzrausch Bigband auftreten. Dar\u00fcber hinaus erh\u00e4lt das Nachwuchstalent 3.000 Euro als Preisgeld. Ausgew\u00e4hlt wurde der Jazzposaunist von der BMW Welt Jazz Award Jury f\u00fcr den gemeinsam von der BMW Group und der Landeshauptstadt M\u00fcnchen gestifteten Preis. \u201eIch freue mich sehr \u00fcber den BMW Welt Young Artist Jazz Award und empfinde es als gro\u00dfe Ehre, diese ermutigende Anerkennung stellvertretend f\u00fcr die vielen gro\u00dfartigen Musikerinnen und Musiker der Jazzrausch Bigband entgegennehmen zu d\u00fcrfen\u201c, so Roman Sladek. Dirk Reinicke, Leiter BMW Niederlassung Leipzig, dazu: \u201eKulturengagement bedeutet f\u00fcr uns nicht nur, Kultur f\u00fcr alle verf\u00fcgbar zu machen, sondern auch Nachwuchsf\u00f6rderung. Der BMW Welt Young Artist Jazz Award verbindet dies hervorragend, daher freuen wir uns sehr, als langj\u00e4hriger Partner der Leipziger Jazztage unserem jungen Preistr\u00e4ger Roman Sladek dort eine B\u00fchne zu bieten.\u201c Dr. Hans-Georg K\u00fcppers, Kulturreferent der Stadt M\u00fcnchen, erg\u00e4nzt: \u201eMit Roman Sladek erh\u00e4lt ein gro\u00dfartiger M\u00fcnchner Nachwuchsmusiker den BMW Welt Young Artist &hellip;<\/p>\n","protected":false},"author":18,"featured_media":0,"comment_status":"open","ping_status":"closed","sticky":false,"template":"","format":"standard","meta":{"_jetpack_memberships_contains_paid_content":false,"footnotes":"","jetpack_publicize_message":"","jetpack_publicize_feature_enabled":true,"jetpack_social_post_already_shared":false,"jetpack_social_options":{"image_generator_settings":{"template":"highway","default_image_id":0,"font":"","enabled":false},"version":2}},"categories":[633],"tags":[73,85,86,1539,1192,1543,1544,682,254,271,809,928,1542,1264,327,349,350,760,401,1541,423,1502,1170,1545,1538,573,1540],"coauthors":[695],"class_list":["post-13235","post","type-post","status-publish","format-standard","hentry","category-nachrichten","tag-bigband","tag-bmw-welt","tag-bmw-welt-jazz-award","tag-bmw-welt-young-artist-jazz-award-2017","tag-clubs","tag-dirk-reinicke","tag-dr-hans-georg-kueppers","tag-festivals","tag-jazz-award","tag-jazzclub","tag-jazzclub-unterfahrt","tag-jazzclubs","tag-jazzrausch-bigband","tag-jazztage","tag-kultur","tag-leipzig","tag-leipziger-jazztage","tag-monika-roscher","tag-muenchen","tag-muenchner-jazzclub-unterfahrt","tag-nuernberg","tag-preis","tag-preistraeger","tag-rebekka-paas","tag-roman-sladek","tag-unterfahrt","tag-werk-2"],"yoast_head":"<!-- This site is optimized with the Yoast SEO plugin v27.5 - https:\/\/yoast.com\/product\/yoast-seo-wordpress\/ -->\n<title>BMW Welt Young Artist Jazz Award bringt Roman Sladek zweimal auf die B\u00fchnen des Landes - JazzZeitung<\/title>\n<meta name=\"robots\" content=\"index, follow, max-snippet:-1, max-image-preview:large, max-video-preview:-1\" \/>\n<link rel=\"canonical\" href=\"https:\/\/www.jazzzeitung.de\/cms\/2017\/08\/bmw-welt-young-artist-jazz-award-bringt-roman-sladek-zweimal-auf-die-buehnen-des-landes\/\" \/>\n<meta property=\"og:locale\" content=\"de_DE\" \/>\n<meta property=\"og:type\" content=\"article\" \/>\n<meta property=\"og:title\" content=\"BMW Welt Young Artist Jazz Award bringt Roman Sladek zweimal auf die B\u00fchnen des Landes - JazzZeitung\" \/>\n<meta property=\"og:description\" content=\"Leipzig\/M\u00fcnchen. Roman Sladek, Preistr\u00e4ger des BMW Welt Young Artist Jazz Award 2017, wird als Teil des Preises am 14. Oktober im Werk 2 w\u00e4hrend der Leipziger Jazztage und am 23. Oktober im M\u00fcnchner Jazzclub Unterfahrt mit der Jazzrausch Bigband auftreten. Dar\u00fcber hinaus erh\u00e4lt das Nachwuchstalent 3.000 Euro als Preisgeld. Ausgew\u00e4hlt wurde der Jazzposaunist von der BMW Welt Jazz Award Jury f\u00fcr den gemeinsam von der BMW Group und der Landeshauptstadt M\u00fcnchen gestifteten Preis. \u201eIch freue mich sehr \u00fcber den BMW Welt Young Artist Jazz Award und empfinde es als gro\u00dfe Ehre, diese ermutigende Anerkennung stellvertretend f\u00fcr die vielen gro\u00dfartigen Musikerinnen und Musiker der Jazzrausch Bigband entgegennehmen zu d\u00fcrfen\u201c, so Roman Sladek. Dirk Reinicke, Leiter BMW Niederlassung Leipzig, dazu: \u201eKulturengagement bedeutet f\u00fcr uns nicht nur, Kultur f\u00fcr alle verf\u00fcgbar zu machen, sondern auch Nachwuchsf\u00f6rderung. Der BMW Welt Young Artist Jazz Award verbindet dies hervorragend, daher freuen wir uns sehr, als langj\u00e4hriger Partner der Leipziger Jazztage unserem jungen Preistr\u00e4ger Roman Sladek dort eine B\u00fchne zu bieten.\u201c Dr. Hans-Georg K\u00fcppers, Kulturreferent der Stadt M\u00fcnchen, erg\u00e4nzt: \u201eMit Roman Sladek erh\u00e4lt ein gro\u00dfartiger M\u00fcnchner Nachwuchsmusiker den BMW Welt Young Artist &hellip;\" \/>\n<meta property=\"og:url\" content=\"https:\/\/www.jazzzeitung.de\/cms\/2017\/08\/bmw-welt-young-artist-jazz-award-bringt-roman-sladek-zweimal-auf-die-buehnen-des-landes\/\" \/>\n<meta property=\"og:site_name\" content=\"JazzZeitung\" \/>\n<meta property=\"article:publisher\" content=\"https:\/\/www.facebook.com\/JazzZeitung\/\" \/>\n<meta property=\"article:published_time\" content=\"2017-08-09T08:00:51+00:00\" \/>\n<meta property=\"og:image\" content=\"https:\/\/www.jazzzeitung.de\/cms\/wp-content\/uploads\/2017\/06\/Sladek-Roman_52-150x150.jpg\" \/>\n<meta name=\"author\" content=\"Redaktion JazzZeitung\" \/>\n<script type=\"application\/ld+json\" class=\"yoast-schema-graph\">{\"@context\":\"https:\\\/\\\/schema.org\",\"@graph\":[{\"@type\":\"Article\",\"@id\":\"https:\\\/\\\/www.jazzzeitung.de\\\/cms\\\/2017\\\/08\\\/bmw-welt-young-artist-jazz-award-bringt-roman-sladek-zweimal-auf-die-buehnen-des-landes\\\/#article\",\"isPartOf\":{\"@id\":\"https:\\\/\\\/www.jazzzeitung.de\\\/cms\\\/2017\\\/08\\\/bmw-welt-young-artist-jazz-award-bringt-roman-sladek-zweimal-auf-die-buehnen-des-landes\\\/\"},\"author\":{\"name\":\"Redaktion JazzZeitung\",\"@id\":\"https:\\\/\\\/www.jazzzeitung.de\\\/cms\\\/#\\\/schema\\\/person\\\/2245b36b9cd1d24cea10f01c031fb92b\"},\"headline\":\"BMW Welt Young Artist Jazz Award bringt Roman Sladek zweimal auf die B\u00fchnen des Landes\",\"datePublished\":\"2017-08-09T08:00:51+00:00\",\"mainEntityOfPage\":{\"@id\":\"https:\\\/\\\/www.jazzzeitung.de\\\/cms\\\/2017\\\/08\\\/bmw-welt-young-artist-jazz-award-bringt-roman-sladek-zweimal-auf-die-buehnen-des-landes\\\/\"},\"wordCount\":398,\"commentCount\":0,\"publisher\":{\"@id\":\"https:\\\/\\\/www.jazzzeitung.de\\\/cms\\\/#organization\"},\"image\":{\"@id\":\"https:\\\/\\\/www.jazzzeitung.de\\\/cms\\\/2017\\\/08\\\/bmw-welt-young-artist-jazz-award-bringt-roman-sladek-zweimal-auf-die-buehnen-des-landes\\\/#primaryimage\"},\"thumbnailUrl\":\"https:\\\/\\\/www.jazzzeitung.de\\\/cms\\\/wp-content\\\/uploads\\\/2017\\\/06\\\/Sladek-Roman_52-150x150.jpg\",\"keywords\":[\"Bigband\",\"bmw welt\",\"bmw welt jazz award\",\"BMW Welt Young Artist Jazz Award 2017\",\"Clubs\",\"Dirk Reinicke\",\"Dr. Hans-Georg K\u00fcppers\",\"Festivals\",\"Jazz Award\",\"Jazzclub\",\"Jazzclub Unterfahrt\",\"Jazzclubs\",\"Jazzrausch Bigband\",\"Jazztage\",\"Kultur\",\"Leipzig\",\"Leipziger Jazztage\",\"Monika Roscher\",\"M\u00fcnchen\",\"M\u00fcnchner Jazzclub Unterfahrt\",\"N\u00fcrnberg\",\"Preis\",\"Preistr\u00e4ger\",\"Rebekka Paas\",\"Roman Sladek\",\"Unterfahrt\",\"Werk 2\"],\"articleSection\":[\"News\"],\"inLanguage\":\"de\",\"potentialAction\":[{\"@type\":\"CommentAction\",\"name\":\"Comment\",\"target\":[\"https:\\\/\\\/www.jazzzeitung.de\\\/cms\\\/2017\\\/08\\\/bmw-welt-young-artist-jazz-award-bringt-roman-sladek-zweimal-auf-die-buehnen-des-landes\\\/#respond\"]}]},{\"@type\":\"WebPage\",\"@id\":\"https:\\\/\\\/www.jazzzeitung.de\\\/cms\\\/2017\\\/08\\\/bmw-welt-young-artist-jazz-award-bringt-roman-sladek-zweimal-auf-die-buehnen-des-landes\\\/\",\"url\":\"https:\\\/\\\/www.jazzzeitung.de\\\/cms\\\/2017\\\/08\\\/bmw-welt-young-artist-jazz-award-bringt-roman-sladek-zweimal-auf-die-buehnen-des-landes\\\/\",\"name\":\"BMW Welt Young Artist Jazz Award bringt Roman Sladek zweimal auf die B\u00fchnen des Landes - JazzZeitung\",\"isPartOf\":{\"@id\":\"https:\\\/\\\/www.jazzzeitung.de\\\/cms\\\/#website\"},\"primaryImageOfPage\":{\"@id\":\"https:\\\/\\\/www.jazzzeitung.de\\\/cms\\\/2017\\\/08\\\/bmw-welt-young-artist-jazz-award-bringt-roman-sladek-zweimal-auf-die-buehnen-des-landes\\\/#primaryimage\"},\"image\":{\"@id\":\"https:\\\/\\\/www.jazzzeitung.de\\\/cms\\\/2017\\\/08\\\/bmw-welt-young-artist-jazz-award-bringt-roman-sladek-zweimal-auf-die-buehnen-des-landes\\\/#primaryimage\"},\"thumbnailUrl\":\"https:\\\/\\\/www.jazzzeitung.de\\\/cms\\\/wp-content\\\/uploads\\\/2017\\\/06\\\/Sladek-Roman_52-150x150.jpg\",\"datePublished\":\"2017-08-09T08:00:51+00:00\",\"breadcrumb\":{\"@id\":\"https:\\\/\\\/www.jazzzeitung.de\\\/cms\\\/2017\\\/08\\\/bmw-welt-young-artist-jazz-award-bringt-roman-sladek-zweimal-auf-die-buehnen-des-landes\\\/#breadcrumb\"},\"inLanguage\":\"de\",\"potentialAction\":[{\"@type\":\"ReadAction\",\"target\":[\"https:\\\/\\\/www.jazzzeitung.de\\\/cms\\\/2017\\\/08\\\/bmw-welt-young-artist-jazz-award-bringt-roman-sladek-zweimal-auf-die-buehnen-des-landes\\\/\"]}]},{\"@type\":\"ImageObject\",\"inLanguage\":\"de\",\"@id\":\"https:\\\/\\\/www.jazzzeitung.de\\\/cms\\\/2017\\\/08\\\/bmw-welt-young-artist-jazz-award-bringt-roman-sladek-zweimal-auf-die-buehnen-des-landes\\\/#primaryimage\",\"url\":\"https:\\\/\\\/i0.wp.com\\\/www.jazzzeitung.de\\\/cms\\\/wp-content\\\/uploads\\\/2017\\\/06\\\/Sladek-Roman_52.jpg?fit=2362%2C1581&ssl=1\",\"contentUrl\":\"https:\\\/\\\/i0.wp.com\\\/www.jazzzeitung.de\\\/cms\\\/wp-content\\\/uploads\\\/2017\\\/06\\\/Sladek-Roman_52.jpg?fit=2362%2C1581&ssl=1\",\"width\":2362,\"height\":1581},{\"@type\":\"BreadcrumbList\",\"@id\":\"https:\\\/\\\/www.jazzzeitung.de\\\/cms\\\/2017\\\/08\\\/bmw-welt-young-artist-jazz-award-bringt-roman-sladek-zweimal-auf-die-buehnen-des-landes\\\/#breadcrumb\",\"itemListElement\":[{\"@type\":\"ListItem\",\"position\":1,\"name\":\"Startseite\",\"item\":\"https:\\\/\\\/www.jazzzeitung.de\\\/cms\\\/\"},{\"@type\":\"ListItem\",\"position\":2,\"name\":\"BMW Welt Young Artist Jazz Award bringt Roman Sladek zweimal auf die B\u00fchnen des Landes\"}]},{\"@type\":\"WebSite\",\"@id\":\"https:\\\/\\\/www.jazzzeitung.de\\\/cms\\\/#website\",\"url\":\"https:\\\/\\\/www.jazzzeitung.de\\\/cms\\\/\",\"name\":\"JazzZeitung\",\"description\":\"Jazz-News und Jazz-Kontroverses\",\"publisher\":{\"@id\":\"https:\\\/\\\/www.jazzzeitung.de\\\/cms\\\/#organization\"},\"potentialAction\":[{\"@type\":\"SearchAction\",\"target\":{\"@type\":\"EntryPoint\",\"urlTemplate\":\"https:\\\/\\\/www.jazzzeitung.de\\\/cms\\\/?s={search_term_string}\"},\"query-input\":{\"@type\":\"PropertyValueSpecification\",\"valueRequired\":true,\"valueName\":\"search_term_string\"}}],\"inLanguage\":\"de\"},{\"@type\":\"Organization\",\"@id\":\"https:\\\/\\\/www.jazzzeitung.de\\\/cms\\\/#organization\",\"name\":\"JazzZeitung online\",\"url\":\"https:\\\/\\\/www.jazzzeitung.de\\\/cms\\\/\",\"logo\":{\"@type\":\"ImageObject\",\"inLanguage\":\"de\",\"@id\":\"https:\\\/\\\/www.jazzzeitung.de\\\/cms\\\/#\\\/schema\\\/logo\\\/image\\\/\",\"url\":\"https:\\\/\\\/i0.wp.com\\\/www.jazzzeitung.de\\\/cms\\\/wp-content\\\/uploads\\\/2015\\\/08\\\/JAZZZEITUNGDE_Logo_Neu.png?fit=499%2C200&ssl=1\",\"contentUrl\":\"https:\\\/\\\/i0.wp.com\\\/www.jazzzeitung.de\\\/cms\\\/wp-content\\\/uploads\\\/2015\\\/08\\\/JAZZZEITUNGDE_Logo_Neu.png?fit=499%2C200&ssl=1\",\"width\":499,\"height\":200,\"caption\":\"JazzZeitung online\"},\"image\":{\"@id\":\"https:\\\/\\\/www.jazzzeitung.de\\\/cms\\\/#\\\/schema\\\/logo\\\/image\\\/\"},\"sameAs\":[\"https:\\\/\\\/www.facebook.com\\\/JazzZeitung\\\/\"]},{\"@type\":\"Person\",\"@id\":\"https:\\\/\\\/www.jazzzeitung.de\\\/cms\\\/#\\\/schema\\\/person\\\/2245b36b9cd1d24cea10f01c031fb92b\",\"name\":\"Redaktion JazzZeitung\",\"image\":{\"@type\":\"ImageObject\",\"inLanguage\":\"de\",\"@id\":\"https:\\\/\\\/i0.wp.com\\\/www.jazzzeitung.de\\\/cms\\\/wp-content\\\/uploads\\\/2015\\\/08\\\/JAZZZEITUNGDE_Logo_Neu.png?resize=96%2C96&ssl=159975dcacb611b5700bd619b5daf0a7a\",\"url\":\"https:\\\/\\\/i0.wp.com\\\/www.jazzzeitung.de\\\/cms\\\/wp-content\\\/uploads\\\/2015\\\/08\\\/JAZZZEITUNGDE_Logo_Neu.png?resize=96%2C96&ssl=1\",\"contentUrl\":\"https:\\\/\\\/i0.wp.com\\\/www.jazzzeitung.de\\\/cms\\\/wp-content\\\/uploads\\\/2015\\\/08\\\/JAZZZEITUNGDE_Logo_Neu.png?resize=96%2C96&ssl=1\",\"caption\":\"Redaktion JazzZeitung\"},\"description\":\"Artikel der Redaktion der JazzZeitung.\",\"sameAs\":[\"http:\\\/\\\/www.jazzzeitung.de\\\/cms\\\/\"],\"url\":\"https:\\\/\\\/www.jazzzeitung.de\\\/cms\\\/author\\\/redaktion\\\/\"}]}<\/script>\n<!-- \/ Yoast SEO plugin. -->","yoast_head_json":{"title":"BMW Welt Young Artist Jazz Award bringt Roman Sladek zweimal auf die B\u00fchnen des Landes - JazzZeitung","robots":{"index":"index","follow":"follow","max-snippet":"max-snippet:-1","max-image-preview":"max-image-preview:large","max-video-preview":"max-video-preview:-1"},"canonical":"https:\/\/www.jazzzeitung.de\/cms\/2017\/08\/bmw-welt-young-artist-jazz-award-bringt-roman-sladek-zweimal-auf-die-buehnen-des-landes\/","og_locale":"de_DE","og_type":"article","og_title":"BMW Welt Young Artist Jazz Award bringt Roman Sladek zweimal auf die B\u00fchnen des Landes - JazzZeitung","og_description":"Leipzig\/M\u00fcnchen. Roman Sladek, Preistr\u00e4ger des BMW Welt Young Artist Jazz Award 2017, wird als Teil des Preises am 14. Oktober im Werk 2 w\u00e4hrend der Leipziger Jazztage und am 23. Oktober im M\u00fcnchner Jazzclub Unterfahrt mit der Jazzrausch Bigband auftreten. Dar\u00fcber hinaus erh\u00e4lt das Nachwuchstalent 3.000 Euro als Preisgeld. Ausgew\u00e4hlt wurde der Jazzposaunist von der BMW Welt Jazz Award Jury f\u00fcr den gemeinsam von der BMW Group und der Landeshauptstadt M\u00fcnchen gestifteten Preis. \u201eIch freue mich sehr \u00fcber den BMW Welt Young Artist Jazz Award und empfinde es als gro\u00dfe Ehre, diese ermutigende Anerkennung stellvertretend f\u00fcr die vielen gro\u00dfartigen Musikerinnen und Musiker der Jazzrausch Bigband entgegennehmen zu d\u00fcrfen\u201c, so Roman Sladek. Dirk Reinicke, Leiter BMW Niederlassung Leipzig, dazu: \u201eKulturengagement bedeutet f\u00fcr uns nicht nur, Kultur f\u00fcr alle verf\u00fcgbar zu machen, sondern auch Nachwuchsf\u00f6rderung. Der BMW Welt Young Artist Jazz Award verbindet dies hervorragend, daher freuen wir uns sehr, als langj\u00e4hriger Partner der Leipziger Jazztage unserem jungen Preistr\u00e4ger Roman Sladek dort eine B\u00fchne zu bieten.\u201c Dr. Hans-Georg K\u00fcppers, Kulturreferent der Stadt M\u00fcnchen, erg\u00e4nzt: \u201eMit Roman Sladek erh\u00e4lt ein gro\u00dfartiger M\u00fcnchner Nachwuchsmusiker den BMW Welt Young Artist &hellip;","og_url":"https:\/\/www.jazzzeitung.de\/cms\/2017\/08\/bmw-welt-young-artist-jazz-award-bringt-roman-sladek-zweimal-auf-die-buehnen-des-landes\/","og_site_name":"JazzZeitung","article_publisher":"https:\/\/www.facebook.com\/JazzZeitung\/","article_published_time":"2017-08-09T08:00:51+00:00","og_image":[{"url":"https:\/\/www.jazzzeitung.de\/cms\/wp-content\/uploads\/2017\/06\/Sladek-Roman_52-150x150.jpg","type":"","width":"","height":""}],"author":"Redaktion JazzZeitung","schema":{"@context":"https:\/\/schema.org","@graph":[{"@type":"Article","@id":"https:\/\/www.jazzzeitung.de\/cms\/2017\/08\/bmw-welt-young-artist-jazz-award-bringt-roman-sladek-zweimal-auf-die-buehnen-des-landes\/#article","isPartOf":{"@id":"https:\/\/www.jazzzeitung.de\/cms\/2017\/08\/bmw-welt-young-artist-jazz-award-bringt-roman-sladek-zweimal-auf-die-buehnen-des-landes\/"},"author":{"name":"Redaktion JazzZeitung","@id":"https:\/\/www.jazzzeitung.de\/cms\/#\/schema\/person\/2245b36b9cd1d24cea10f01c031fb92b"},"headline":"BMW Welt Young Artist Jazz Award bringt Roman Sladek zweimal auf die B\u00fchnen des Landes","datePublished":"2017-08-09T08:00:51+00:00","mainEntityOfPage":{"@id":"https:\/\/www.jazzzeitung.de\/cms\/2017\/08\/bmw-welt-young-artist-jazz-award-bringt-roman-sladek-zweimal-auf-die-buehnen-des-landes\/"},"wordCount":398,"commentCount":0,"publisher":{"@id":"https:\/\/www.jazzzeitung.de\/cms\/#organization"},"image":{"@id":"https:\/\/www.jazzzeitung.de\/cms\/2017\/08\/bmw-welt-young-artist-jazz-award-bringt-roman-sladek-zweimal-auf-die-buehnen-des-landes\/#primaryimage"},"thumbnailUrl":"https:\/\/www.jazzzeitung.de\/cms\/wp-content\/uploads\/2017\/06\/Sladek-Roman_52-150x150.jpg","keywords":["Bigband","bmw welt","bmw welt jazz award","BMW Welt Young Artist Jazz Award 2017","Clubs","Dirk Reinicke","Dr. Hans-Georg K\u00fcppers","Festivals","Jazz Award","Jazzclub","Jazzclub Unterfahrt","Jazzclubs","Jazzrausch Bigband","Jazztage","Kultur","Leipzig","Leipziger Jazztage","Monika Roscher","M\u00fcnchen","M\u00fcnchner Jazzclub Unterfahrt","N\u00fcrnberg","Preis","Preistr\u00e4ger","Rebekka Paas","Roman Sladek","Unterfahrt","Werk 2"],"articleSection":["News"],"inLanguage":"de","potentialAction":[{"@type":"CommentAction","name":"Comment","target":["https:\/\/www.jazzzeitung.de\/cms\/2017\/08\/bmw-welt-young-artist-jazz-award-bringt-roman-sladek-zweimal-auf-die-buehnen-des-landes\/#respond"]}]},{"@type":"WebPage","@id":"https:\/\/www.jazzzeitung.de\/cms\/2017\/08\/bmw-welt-young-artist-jazz-award-bringt-roman-sladek-zweimal-auf-die-buehnen-des-landes\/","url":"https:\/\/www.jazzzeitung.de\/cms\/2017\/08\/bmw-welt-young-artist-jazz-award-bringt-roman-sladek-zweimal-auf-die-buehnen-des-landes\/","name":"BMW Welt Young Artist Jazz Award bringt Roman Sladek zweimal auf die B\u00fchnen des Landes - JazzZeitung","isPartOf":{"@id":"https:\/\/www.jazzzeitung.de\/cms\/#website"},"primaryImageOfPage":{"@id":"https:\/\/www.jazzzeitung.de\/cms\/2017\/08\/bmw-welt-young-artist-jazz-award-bringt-roman-sladek-zweimal-auf-die-buehnen-des-landes\/#primaryimage"},"image":{"@id":"https:\/\/www.jazzzeitung.de\/cms\/2017\/08\/bmw-welt-young-artist-jazz-award-bringt-roman-sladek-zweimal-auf-die-buehnen-des-landes\/#primaryimage"},"thumbnailUrl":"https:\/\/www.jazzzeitung.de\/cms\/wp-content\/uploads\/2017\/06\/Sladek-Roman_52-150x150.jpg","datePublished":"2017-08-09T08:00:51+00:00","breadcrumb":{"@id":"https:\/\/www.jazzzeitung.de\/cms\/2017\/08\/bmw-welt-young-artist-jazz-award-bringt-roman-sladek-zweimal-auf-die-buehnen-des-landes\/#breadcrumb"},"inLanguage":"de","potentialAction":[{"@type":"ReadAction","target":["https:\/\/www.jazzzeitung.de\/cms\/2017\/08\/bmw-welt-young-artist-jazz-award-bringt-roman-sladek-zweimal-auf-die-buehnen-des-landes\/"]}]},{"@type":"ImageObject","inLanguage":"de","@id":"https:\/\/www.jazzzeitung.de\/cms\/2017\/08\/bmw-welt-young-artist-jazz-award-bringt-roman-sladek-zweimal-auf-die-buehnen-des-landes\/#primaryimage","url":"https:\/\/i0.wp.com\/www.jazzzeitung.de\/cms\/wp-content\/uploads\/2017\/06\/Sladek-Roman_52.jpg?fit=2362%2C1581&ssl=1","contentUrl":"https:\/\/i0.wp.com\/www.jazzzeitung.de\/cms\/wp-content\/uploads\/2017\/06\/Sladek-Roman_52.jpg?fit=2362%2C1581&ssl=1","width":2362,"height":1581},{"@type":"BreadcrumbList","@id":"https:\/\/www.jazzzeitung.de\/cms\/2017\/08\/bmw-welt-young-artist-jazz-award-bringt-roman-sladek-zweimal-auf-die-buehnen-des-landes\/#breadcrumb","itemListElement":[{"@type":"ListItem","position":1,"name":"Startseite","item":"https:\/\/www.jazzzeitung.de\/cms\/"},{"@type":"ListItem","position":2,"name":"BMW Welt Young Artist Jazz Award bringt Roman Sladek zweimal auf die B\u00fchnen des Landes"}]},{"@type":"WebSite","@id":"https:\/\/www.jazzzeitung.de\/cms\/#website","url":"https:\/\/www.jazzzeitung.de\/cms\/","name":"JazzZeitung","description":"Jazz-News und Jazz-Kontroverses","publisher":{"@id":"https:\/\/www.jazzzeitung.de\/cms\/#organization"},"potentialAction":[{"@type":"SearchAction","target":{"@type":"EntryPoint","urlTemplate":"https:\/\/www.jazzzeitung.de\/cms\/?s={search_term_string}"},"query-input":{"@type":"PropertyValueSpecification","valueRequired":true,"valueName":"search_term_string"}}],"inLanguage":"de"},{"@type":"Organization","@id":"https:\/\/www.jazzzeitung.de\/cms\/#organization","name":"JazzZeitung online","url":"https:\/\/www.jazzzeitung.de\/cms\/","logo":{"@type":"ImageObject","inLanguage":"de","@id":"https:\/\/www.jazzzeitung.de\/cms\/#\/schema\/logo\/image\/","url":"https:\/\/i0.wp.com\/www.jazzzeitung.de\/cms\/wp-content\/uploads\/2015\/08\/JAZZZEITUNGDE_Logo_Neu.png?fit=499%2C200&ssl=1","contentUrl":"https:\/\/i0.wp.com\/www.jazzzeitung.de\/cms\/wp-content\/uploads\/2015\/08\/JAZZZEITUNGDE_Logo_Neu.png?fit=499%2C200&ssl=1","width":499,"height":200,"caption":"JazzZeitung online"},"image":{"@id":"https:\/\/www.jazzzeitung.de\/cms\/#\/schema\/logo\/image\/"},"sameAs":["https:\/\/www.facebook.com\/JazzZeitung\/"]},{"@type":"Person","@id":"https:\/\/www.jazzzeitung.de\/cms\/#\/schema\/person\/2245b36b9cd1d24cea10f01c031fb92b","name":"Redaktion JazzZeitung","image":{"@type":"ImageObject","inLanguage":"de","@id":"https:\/\/i0.wp.com\/www.jazzzeitung.de\/cms\/wp-content\/uploads\/2015\/08\/JAZZZEITUNGDE_Logo_Neu.png?resize=96%2C96&ssl=159975dcacb611b5700bd619b5daf0a7a","url":"https:\/\/i0.wp.com\/www.jazzzeitung.de\/cms\/wp-content\/uploads\/2015\/08\/JAZZZEITUNGDE_Logo_Neu.png?resize=96%2C96&ssl=1","contentUrl":"https:\/\/i0.wp.com\/www.jazzzeitung.de\/cms\/wp-content\/uploads\/2015\/08\/JAZZZEITUNGDE_Logo_Neu.png?resize=96%2C96&ssl=1","caption":"Redaktion JazzZeitung"},"description":"Artikel der Redaktion der JazzZeitung.","sameAs":["http:\/\/www.jazzzeitung.de\/cms\/"],"url":"https:\/\/www.jazzzeitung.de\/cms\/author\/redaktion\/"}]}},"wp-worthy-pixel":{"ignored":false,"public":null,"server":null,"url":null},"wp-worthy-type":"normal","jetpack_publicize_connections":[],"cc_featured_image_caption":{"caption_text":false,"source_text":false,"source_url":false},"jetpack_featured_media_url":"","jetpack_shortlink":"https:\/\/wp.me\/p3KEcT-3rt","jetpack-related-posts":[{"id":12667,"url":"https:\/\/www.jazzzeitung.de\/cms\/2017\/06\/roman-sladek-ist-preistraeger-des-bmw-welt-young-artist-jazz-award\/","url_meta":{"origin":13235,"position":0},"title":"Roman Sladek ist Preistr\u00e4ger des BMW Welt Young Artist Jazz Award","author":"Redaktion JazzZeitung","date":"14. Juni 2017","format":false,"excerpt":"In seinem zweiten Jahr ehrt der BMW Welt Young Artist Jazz Award den Posaunisten Roman Sladek. Seit 2016 k\u00fcrt die renommierte Jury des BMW Welt Jazz Award gezielt einmal im Jahr Nachwuchstalente aus dem Raum M\u00fcnchen. Die BMW AG und die Stadt M\u00fcnchen stiften neben den Konzerten im M\u00fcnchner Jazzclub\u2026","rel":"","context":"In &quot;News&quot;","block_context":{"text":"News","link":"https:\/\/www.jazzzeitung.de\/cms\/thema\/nachrichten\/"},"img":{"alt_text":"","src":"https:\/\/i0.wp.com\/www.jazzzeitung.de\/cms\/wp-content\/uploads\/2017\/06\/roman-150x150.jpg?resize=350%2C200&ssl=1","width":350,"height":200},"classes":[]},{"id":27882,"url":"https:\/\/www.jazzzeitung.de\/cms\/2022\/07\/bmw-young-artist-jazz-award-2022-geht-an-shuteen-erdenebaatar-nils-kugelmann-und-moritz-stahl\/","url_meta":{"origin":13235,"position":1},"title":"+++ BMW Young Artist Jazz Award 2022 geht an\u00a0Shuteen Erdenebaatar, Nils Kugelmann und Moritz Stahl\u00a0+++","author":"Redaktion JazzZeitung","date":"19. Juli 2022","format":false,"excerpt":"Als Zeichen der anhaltenden Unterst\u00fctzung der jungen Jazzszene\u00a0 verleiht die BMW Group zusammen mit der Landeshauptstadt M\u00fcnchen den BMW Young Artist Jazz Award in diesem Jahr wiederholt an drei junge Musikerinnen und Musiker aus dem Gro\u00dfraum M\u00fcnchen. Neben einem Preisgeld von je 3.000 Euro, werden die drei Preistr\u00e4ger Shuteen Erdenebaatar,\u2026","rel":"","context":"In &quot;News&quot;","block_context":{"text":"News","link":"https:\/\/www.jazzzeitung.de\/cms\/thema\/nachrichten\/"},"img":{"alt_text":"","src":"https:\/\/i0.wp.com\/www.jazzzeitung.de\/cms\/wp-content\/uploads\/2022\/07\/P90472358_highRes_bmw-young-artist-jaz-scaled.jpg?fit=1200%2C675&ssl=1&resize=350%2C200","width":350,"height":200,"srcset":"https:\/\/i0.wp.com\/www.jazzzeitung.de\/cms\/wp-content\/uploads\/2022\/07\/P90472358_highRes_bmw-young-artist-jaz-scaled.jpg?fit=1200%2C675&ssl=1&resize=350%2C200 1x, https:\/\/i0.wp.com\/www.jazzzeitung.de\/cms\/wp-content\/uploads\/2022\/07\/P90472358_highRes_bmw-young-artist-jaz-scaled.jpg?fit=1200%2C675&ssl=1&resize=525%2C300 1.5x, https:\/\/i0.wp.com\/www.jazzzeitung.de\/cms\/wp-content\/uploads\/2022\/07\/P90472358_highRes_bmw-young-artist-jaz-scaled.jpg?fit=1200%2C675&ssl=1&resize=700%2C400 2x, https:\/\/i0.wp.com\/www.jazzzeitung.de\/cms\/wp-content\/uploads\/2022\/07\/P90472358_highRes_bmw-young-artist-jaz-scaled.jpg?fit=1200%2C675&ssl=1&resize=1050%2C600 3x"},"classes":[]},{"id":20265,"url":"https:\/\/www.jazzzeitung.de\/cms\/2019\/08\/hannah-weiss-mit-bmw-welt-young-artist-jazz-award-2019-ausgezeichnet\/","url_meta":{"origin":13235,"position":2},"title":"Hannah Weiss mit BMW Welt Young Artist Jazz Award 2019 ausgezeichnet","author":"Redaktion JazzZeitung","date":"6. August 2019","format":false,"excerpt":"Bei der vierten Auflage des BMW Welt Young Artist Jazz Awards, den die BMW Group in Kooperation mit der Stadt M\u00fcnchen verleiht, darf sich Hannah Weiss \u00fcber die Auszeichnung freuen. Die Ehrung der Schweizer S\u00e4ngerin, die an der M\u00fcnchner Hochschule f\u00fcr Musik und Theater studiert hat, ist ein weiterer Schritt\u2026","rel":"","context":"In &quot;News&quot;","block_context":{"text":"News","link":"https:\/\/www.jazzzeitung.de\/cms\/thema\/nachrichten\/"},"img":{"alt_text":"","src":"https:\/\/i0.wp.com\/www.jazzzeitung.de\/cms\/wp-content\/uploads\/2019\/08\/P90361867-highRes.jpg?fit=1200%2C800&ssl=1&resize=350%2C200","width":350,"height":200,"srcset":"https:\/\/i0.wp.com\/www.jazzzeitung.de\/cms\/wp-content\/uploads\/2019\/08\/P90361867-highRes.jpg?fit=1200%2C800&ssl=1&resize=350%2C200 1x, https:\/\/i0.wp.com\/www.jazzzeitung.de\/cms\/wp-content\/uploads\/2019\/08\/P90361867-highRes.jpg?fit=1200%2C800&ssl=1&resize=525%2C300 1.5x, https:\/\/i0.wp.com\/www.jazzzeitung.de\/cms\/wp-content\/uploads\/2019\/08\/P90361867-highRes.jpg?fit=1200%2C800&ssl=1&resize=700%2C400 2x, https:\/\/i0.wp.com\/www.jazzzeitung.de\/cms\/wp-content\/uploads\/2019\/08\/P90361867-highRes.jpg?fit=1200%2C800&ssl=1&resize=1050%2C600 3x"},"classes":[]},{"id":17377,"url":"https:\/\/www.jazzzeitung.de\/cms\/2018\/10\/bmw-welt-young-artist-jazz-award-2018-preistraeger-martin-brugger-feiert-mit-seinem-quintett-fazer-in-der-unterfahrt\/","url_meta":{"origin":13235,"position":3},"title":"BMW Welt Young Artist Jazz Award 2018: Preistr\u00e4ger Martin Brugger feiert mit seinem Quintett &#8222;Fazer&#8220; in der Unterfahrt","author":"Redaktion JazzZeitung","date":"8. Oktober 2018","format":false,"excerpt":"Jung, tanzversessen und dennoch auch neugierig auf guten alten Jazz \u2013 im Falle des Quintetts Fazer von Bassist Martin Brugger nat\u00fcrlich guten modernen Jazz: So kann man das Publikum in der Unterfahrt charakterisieren, das die ehrw\u00fcrdige M\u00fcnchener Jazz-Spielst\u00e4tte vergangenen Freitag bis auf den letzten Platz f\u00fcllte. Martin Brugger, der Bassist\u2026","rel":"","context":"In &quot;Galerie&quot;","block_context":{"text":"Galerie","link":"https:\/\/www.jazzzeitung.de\/cms\/thema\/galerie\/"},"img":{"alt_text":"","src":"https:\/\/i0.wp.com\/www.jazzzeitung.de\/cms\/wp-content\/uploads\/2018\/10\/001-_Paul-Br%C3%A4ndle-g-Martin-Brugger-e-b-Matthias-Lindermayr-tp-Simon-Popp-dr-Sebastian-Wolfgruber-dr_Foto-vanLoon.jpg?fit=1200%2C801&ssl=1&resize=350%2C200","width":350,"height":200,"srcset":"https:\/\/i0.wp.com\/www.jazzzeitung.de\/cms\/wp-content\/uploads\/2018\/10\/001-_Paul-Br%C3%A4ndle-g-Martin-Brugger-e-b-Matthias-Lindermayr-tp-Simon-Popp-dr-Sebastian-Wolfgruber-dr_Foto-vanLoon.jpg?fit=1200%2C801&ssl=1&resize=350%2C200 1x, https:\/\/i0.wp.com\/www.jazzzeitung.de\/cms\/wp-content\/uploads\/2018\/10\/001-_Paul-Br%C3%A4ndle-g-Martin-Brugger-e-b-Matthias-Lindermayr-tp-Simon-Popp-dr-Sebastian-Wolfgruber-dr_Foto-vanLoon.jpg?fit=1200%2C801&ssl=1&resize=525%2C300 1.5x, https:\/\/i0.wp.com\/www.jazzzeitung.de\/cms\/wp-content\/uploads\/2018\/10\/001-_Paul-Br%C3%A4ndle-g-Martin-Brugger-e-b-Matthias-Lindermayr-tp-Simon-Popp-dr-Sebastian-Wolfgruber-dr_Foto-vanLoon.jpg?fit=1200%2C801&ssl=1&resize=700%2C400 2x, https:\/\/i0.wp.com\/www.jazzzeitung.de\/cms\/wp-content\/uploads\/2018\/10\/001-_Paul-Br%C3%A4ndle-g-Martin-Brugger-e-b-Matthias-Lindermayr-tp-Simon-Popp-dr-Sebastian-Wolfgruber-dr_Foto-vanLoon.jpg?fit=1200%2C801&ssl=1&resize=1050%2C600 3x"},"classes":[]},{"id":18374,"url":"https:\/\/www.jazzzeitung.de\/cms\/2019\/01\/news-auftakt-des-bmw-welt-jazz-award-2019-in-muenchen\/","url_meta":{"origin":13235,"position":4},"title":"Auftakt des BMW Welt Jazz Award 2019 mit Jazzrausch-Techno","author":"Redaktion JazzZeitung","date":"18. Januar 2019","format":false,"excerpt":"M\u00fcnchen im Jazzrausch Mit einer ausgelassenen Tanzparty angefeuert von der Jazzrausch Bigband wurde am Donnerstag der Auftakt des BMW Welt Jazz Award 2019 gefeiert. Durch den Abend f\u00fchrten BR-Moderatorin Beate Sampson und Roman Sladek, Gewinner des BMW Welt Young Artist Jazz Award 2017. Jazzrausch begeisterte mit dem Programm \u201eDancing Wittgenstein\u201c,\u2026","rel":"","context":"In &quot;News&quot;","block_context":{"text":"News","link":"https:\/\/www.jazzzeitung.de\/cms\/thema\/nachrichten\/"},"img":{"alt_text":"","src":"https:\/\/i0.wp.com\/www.jazzzeitung.de\/cms\/wp-content\/uploads\/2019\/01\/JRBB-%40-BMW-Foto-TJ-Krebs-jazzphotoagency%40web.de_.jpg?fit=1200%2C800&ssl=1&resize=350%2C200","width":350,"height":200,"srcset":"https:\/\/i0.wp.com\/www.jazzzeitung.de\/cms\/wp-content\/uploads\/2019\/01\/JRBB-%40-BMW-Foto-TJ-Krebs-jazzphotoagency%40web.de_.jpg?fit=1200%2C800&ssl=1&resize=350%2C200 1x, https:\/\/i0.wp.com\/www.jazzzeitung.de\/cms\/wp-content\/uploads\/2019\/01\/JRBB-%40-BMW-Foto-TJ-Krebs-jazzphotoagency%40web.de_.jpg?fit=1200%2C800&ssl=1&resize=525%2C300 1.5x, https:\/\/i0.wp.com\/www.jazzzeitung.de\/cms\/wp-content\/uploads\/2019\/01\/JRBB-%40-BMW-Foto-TJ-Krebs-jazzphotoagency%40web.de_.jpg?fit=1200%2C800&ssl=1&resize=700%2C400 2x, https:\/\/i0.wp.com\/www.jazzzeitung.de\/cms\/wp-content\/uploads\/2019\/01\/JRBB-%40-BMW-Foto-TJ-Krebs-jazzphotoagency%40web.de_.jpg?fit=1200%2C800&ssl=1&resize=1050%2C600 3x"},"classes":[]},{"id":23858,"url":"https:\/\/www.jazzzeitung.de\/cms\/2020\/11\/bmw-welt-young-artist-jazz-award-2020preistraegerkonzert-mit-philipp-schiepek-im-jazzclub-unterfahrt\/","url_meta":{"origin":13235,"position":5},"title":"BMW Welt Young Artist Jazz Award 2020:\u00a0Preistr\u00e4gerkonzert mit Philipp Schiepek im Jazzclub Unterfahrt","author":"Thomas J. Krebs","date":"23. November 2020","format":false,"excerpt":"Vor f\u00fcnf Jahren wurde der seit 2009 stattfindende BMW Welt Jazz Award um einen j\u00e4hrlichen Nachwuchspreis erweitert. Mit dem BMW Welt Young Artist Jazz Award f\u00f6rdern die BMW AG und die Stadt M\u00fcnchen gezielt junge, regionale Talente aus dem Jazzbereich und stiften neben zwei Konzerten bei den Leipziger Jazztagen und\u2026","rel":"","context":"In &quot;Bericht&quot;","block_context":{"text":"Bericht","link":"https:\/\/www.jazzzeitung.de\/cms\/thema\/bericht\/"},"img":{"alt_text":"","src":"https:\/\/i0.wp.com\/www.jazzzeitung.de\/cms\/wp-content\/uploads\/2020\/11\/P1929683-Schiepek-Quartett-Foto-TJ-Krebs.jpg?fit=1200%2C800&ssl=1&resize=350%2C200","width":350,"height":200,"srcset":"https:\/\/i0.wp.com\/www.jazzzeitung.de\/cms\/wp-content\/uploads\/2020\/11\/P1929683-Schiepek-Quartett-Foto-TJ-Krebs.jpg?fit=1200%2C800&ssl=1&resize=350%2C200 1x, https:\/\/i0.wp.com\/www.jazzzeitung.de\/cms\/wp-content\/uploads\/2020\/11\/P1929683-Schiepek-Quartett-Foto-TJ-Krebs.jpg?fit=1200%2C800&ssl=1&resize=525%2C300 1.5x, https:\/\/i0.wp.com\/www.jazzzeitung.de\/cms\/wp-content\/uploads\/2020\/11\/P1929683-Schiepek-Quartett-Foto-TJ-Krebs.jpg?fit=1200%2C800&ssl=1&resize=700%2C400 2x, https:\/\/i0.wp.com\/www.jazzzeitung.de\/cms\/wp-content\/uploads\/2020\/11\/P1929683-Schiepek-Quartett-Foto-TJ-Krebs.jpg?fit=1200%2C800&ssl=1&resize=1050%2C600 3x"},"classes":[]}],"jetpack_sharing_enabled":true,"_links":{"self":[{"href":"https:\/\/www.jazzzeitung.de\/cms\/wp-json\/wp\/v2\/posts\/13235","targetHints":{"allow":["GET"]}}],"collection":[{"href":"https:\/\/www.jazzzeitung.de\/cms\/wp-json\/wp\/v2\/posts"}],"about":[{"href":"https:\/\/www.jazzzeitung.de\/cms\/wp-json\/wp\/v2\/types\/post"}],"author":[{"embeddable":true,"href":"https:\/\/www.jazzzeitung.de\/cms\/wp-json\/wp\/v2\/users\/18"}],"replies":[{"embeddable":true,"href":"https:\/\/www.jazzzeitung.de\/cms\/wp-json\/wp\/v2\/comments?post=13235"}],"version-history":[{"count":9,"href":"https:\/\/www.jazzzeitung.de\/cms\/wp-json\/wp\/v2\/posts\/13235\/revisions"}],"predecessor-version":[{"id":13246,"href":"https:\/\/www.jazzzeitung.de\/cms\/wp-json\/wp\/v2\/posts\/13235\/revisions\/13246"}],"wp:attachment":[{"href":"https:\/\/www.jazzzeitung.de\/cms\/wp-json\/wp\/v2\/media?parent=13235"}],"wp:term":[{"taxonomy":"category","embeddable":true,"href":"https:\/\/www.jazzzeitung.de\/cms\/wp-json\/wp\/v2\/categories?post=13235"},{"taxonomy":"post_tag","embeddable":true,"href":"https:\/\/www.jazzzeitung.de\/cms\/wp-json\/wp\/v2\/tags?post=13235"},{"taxonomy":"author","embeddable":true,"href":"https:\/\/www.jazzzeitung.de\/cms\/wp-json\/wp\/v2\/coauthors?post=13235"}],"curies":[{"name":"wp","href":"https:\/\/api.w.org\/{rel}","templated":true}]}}