{"id":13209,"date":"2017-08-05T13:00:23","date_gmt":"2017-08-05T11:00:23","guid":{"rendered":"https:\/\/www.jazzzeitung.de\/cms\/?p=13209"},"modified":"2017-08-03T09:48:38","modified_gmt":"2017-08-03T07:48:38","slug":"ingolstaedter-jazzfoerderpreis-2017-geht-an-benedikt-streicher","status":"publish","type":"post","link":"https:\/\/www.jazzzeitung.de\/cms\/2017\/08\/ingolstaedter-jazzfoerderpreis-2017-geht-an-benedikt-streicher\/","title":{"rendered":"Ingolst\u00e4dter Jazzf\u00f6rderpreis 2017 geht an Benedikt Streicher"},"content":{"rendered":"<figure id=\"attachment_13210\" aria-describedby=\"caption-attachment-13210\" style=\"width: 150px\" class=\"wp-caption alignright\"><a href=\"https:\/\/i0.wp.com\/www.jazzzeitung.de\/cms\/wp-content\/uploads\/2017\/08\/Benedikt_Streicher_1.jpg?ssl=1\"><img data-recalc-dims=\"1\" loading=\"lazy\" decoding=\"async\" data-attachment-id=\"13210\" data-permalink=\"https:\/\/www.jazzzeitung.de\/cms\/2017\/08\/ingolstaedter-jazzfoerderpreis-2017-geht-an-benedikt-streicher\/benedikt_streicher_1\/\" data-orig-file=\"https:\/\/i0.wp.com\/www.jazzzeitung.de\/cms\/wp-content\/uploads\/2017\/08\/Benedikt_Streicher_1.jpg?fit=1417%2C1772&amp;ssl=1\" data-orig-size=\"1417,1772\" data-comments-opened=\"1\" data-image-meta=\"{&quot;aperture&quot;:&quot;2.8&quot;,&quot;credit&quot;:&quot;Zoltan Jokay&quot;,&quot;camera&quot;:&quot;NIKON D800&quot;,&quot;caption&quot;:&quot;&quot;,&quot;created_timestamp&quot;:&quot;1496148035&quot;,&quot;copyright&quot;:&quot;Zoltan Jokay&quot;,&quot;focal_length&quot;:&quot;50&quot;,&quot;iso&quot;:&quot;2200&quot;,&quot;shutter_speed&quot;:&quot;0.002&quot;,&quot;title&quot;:&quot;&quot;,&quot;orientation&quot;:&quot;1&quot;}\" data-image-title=\"Benedikt_Streicher_1\" data-image-description=\"\" data-image-caption=\"&lt;p&gt;Der Ingolst\u00e4dter Jazzf\u00f6rderpreis geht in diesem Jahr an den Pianisten Benedikt Streicher&lt;\/p&gt;\n\" data-large-file=\"https:\/\/i0.wp.com\/www.jazzzeitung.de\/cms\/wp-content\/uploads\/2017\/08\/Benedikt_Streicher_1.jpg?fit=480%2C600&amp;ssl=1\" class=\"size-thumbnail wp-image-13210\" src=\"https:\/\/i0.wp.com\/www.jazzzeitung.de\/cms\/wp-content\/uploads\/2017\/08\/Benedikt_Streicher_1.jpg?resize=150%2C150&#038;ssl=1\" alt=\"\" width=\"150\" height=\"150\" srcset=\"https:\/\/i0.wp.com\/www.jazzzeitung.de\/cms\/wp-content\/uploads\/2017\/08\/Benedikt_Streicher_1.jpg?resize=150%2C150&amp;ssl=1 150w, https:\/\/i0.wp.com\/www.jazzzeitung.de\/cms\/wp-content\/uploads\/2017\/08\/Benedikt_Streicher_1.jpg?resize=144%2C144&amp;ssl=1 144w, https:\/\/i0.wp.com\/www.jazzzeitung.de\/cms\/wp-content\/uploads\/2017\/08\/Benedikt_Streicher_1.jpg?resize=96%2C96&amp;ssl=1 96w, https:\/\/i0.wp.com\/www.jazzzeitung.de\/cms\/wp-content\/uploads\/2017\/08\/Benedikt_Streicher_1.jpg?resize=24%2C24&amp;ssl=1 24w, https:\/\/i0.wp.com\/www.jazzzeitung.de\/cms\/wp-content\/uploads\/2017\/08\/Benedikt_Streicher_1.jpg?resize=36%2C36&amp;ssl=1 36w, https:\/\/i0.wp.com\/www.jazzzeitung.de\/cms\/wp-content\/uploads\/2017\/08\/Benedikt_Streicher_1.jpg?resize=48%2C48&amp;ssl=1 48w, https:\/\/i0.wp.com\/www.jazzzeitung.de\/cms\/wp-content\/uploads\/2017\/08\/Benedikt_Streicher_1.jpg?resize=64%2C64&amp;ssl=1 64w, https:\/\/i0.wp.com\/www.jazzzeitung.de\/cms\/wp-content\/uploads\/2017\/08\/Benedikt_Streicher_1.jpg?resize=32%2C32&amp;ssl=1 32w, https:\/\/i0.wp.com\/www.jazzzeitung.de\/cms\/wp-content\/uploads\/2017\/08\/Benedikt_Streicher_1.jpg?resize=50%2C50&amp;ssl=1 50w, https:\/\/i0.wp.com\/www.jazzzeitung.de\/cms\/wp-content\/uploads\/2017\/08\/Benedikt_Streicher_1.jpg?resize=128%2C128&amp;ssl=1 128w, https:\/\/i0.wp.com\/www.jazzzeitung.de\/cms\/wp-content\/uploads\/2017\/08\/Benedikt_Streicher_1.jpg?zoom=2&amp;resize=150%2C150&amp;ssl=1 300w, https:\/\/i0.wp.com\/www.jazzzeitung.de\/cms\/wp-content\/uploads\/2017\/08\/Benedikt_Streicher_1.jpg?zoom=3&amp;resize=150%2C150&amp;ssl=1 450w\" sizes=\"auto, (max-width: 150px) 100vw, 150px\" \/><\/a><figcaption id=\"caption-attachment-13210\" class=\"wp-caption-text\">Der Ingolst\u00e4dter Jazzf\u00f6rderpreis geht in diesem Jahr an den Pianisten Benedikt Streicher<\/figcaption><\/figure>\n<p><strong>Mit dem Jazzf\u00f6rderpreis w\u00fcrdigt die Stadt Ingolstadt seit \u00fcber zwanzig Jahren herausragende Talente der Region. In diesem Jahr geht die renommierte Auszeichnung an den jungen Ingolst\u00e4dter Komponisten und Pianisten Benedikt Streicher.<\/strong><\/p>\n<p>Die Verleihung des mit 5.000 Euro dotierten Ingolst\u00e4dter Jazzf\u00f6rderpreises findet am Samstag, 21. Oktober, um 20 Uhr im Kulturzentrum neun durch Oberb\u00fcrgermeister Christian L\u00f6sel und Vertreter der Sponsoren Media-Saturn-Holding und Sparkasse Ingolstadt Eichst\u00e4tt statt. Anschlie\u00dfend wird Benedikt Streicher zusammen mit der zehnk\u00f6pfigen jazzmanufaktur einen Einblick in seine Jazz-Kompositionen geben. Der Auftritt ist zugleich der Auftakt der 34. Ingolst\u00e4dter Jazztage. Der Eintritt ist frei.<\/p>\n<p>Die Ingolst\u00e4dter Jazztage verbinden auch in diesem Jahr (21. Oktober bis 12. November) Konzerte von Weltstars mit aktiver Nachwuchsf\u00f6rderung. Um der n\u00e4chsten Generation heimischer Musiker den Weg zu einer gro\u00dfen Karriere etwas zu ebnen, verleiht die Stadt in jedem Jahr den Jazzf\u00f6rderpreis der Stadt Ingolstadt an ein Musiktalent der Region. Die vom Stadtrat festgelegte, aus 15 Mitgliedern bestehende Jury, hat sich einstimmig f\u00fcr Benedikt Streicher ausgesprochen.<\/p>\n<p>Der 1989 geborene Benedikt Streicher ist Pianist, Komponist und Arrangeur. Seine f\u00fcr einen Jazzmusiker recht ungew\u00f6hnliche Ausbildung besteht aus einem Studium der klassischen Komposition an der Musikhochschule M\u00fcnchen, langj\u00e4hrigem Jazzpiano-Unterricht und einem Elektrotechnik-Studium an der TU M\u00fcnchen. Diese Vielfalt spiegelt sich auch in seinen Jazz-Kompositionen wider: Er kombiniert dabei abstrakte, eher mathematische Strukturen und Kompositionstechniken der Klassik mit der farbenreichen Klangsprache des Jazz. Benedikt Streicher spielt bei verschiedenen Projekten mit, so ist er beispielsweise Arrangeur und Pianist f\u00fcr das SchutterNEUN Jazzorchester und f\u00fcr die Kleinkunstshow \u201eWer dablost\u2019s?\u201c. Er wirkt aber auch als musikalischer Leiter und Musiker in verschiedenen Theaterproduktionen mit, wie zum Bespiel am Stadttheater Ingolstadt.<\/p>\n<p>Preistr\u00e4gerkonzert: Benedikt Streichers jazzmanufaktur &#8211; Samstag, 21. Oktober, 20 Uhr, Kulturzentrum neun, Eintritt frei<\/p>\n<p>jazzmanufaktur:<\/p>\n<p>Christof Zoelch (Altsax), Daniel Schmidt (Tenorsax), Verena Gutsche (Querfl\u00f6te, Baritonsax), Oliver Kollmannsberger (Trompete), Josef Finger (Trompete), Andreas Krieglmeier (Posaune), Wolfgang K\u00fcbler (Bassposaune), Benedikt Streicher (Klavier), Gabriel Streicher (Bass), Matthias Hetzer (Schlagzeug)<\/p>\n<p>Alle Informationen \u00fcber die Ingolst\u00e4dter Jazztage finden sich unter: <a href=\"http:\/\/www.ingolstaedter-jazztage.de\/\"><strong>www.ingolstaedter-jazztage.de<\/strong><\/a><\/p>\n<p>&nbsp;<\/p>\n<p>&nbsp;<\/p>\n","protected":false},"excerpt":{"rendered":"<p>Mit dem Jazzf\u00f6rderpreis w\u00fcrdigt die Stadt Ingolstadt seit \u00fcber zwanzig Jahren herausragende Talente der Region. In diesem Jahr geht die renommierte Auszeichnung an den jungen Ingolst\u00e4dter Komponisten und Pianisten Benedikt Streicher. Die Verleihung des mit 5.000 Euro dotierten Ingolst\u00e4dter Jazzf\u00f6rderpreises findet am Samstag, 21. Oktober, um 20 Uhr im Kulturzentrum neun durch Oberb\u00fcrgermeister Christian L\u00f6sel und Vertreter der Sponsoren Media-Saturn-Holding und Sparkasse Ingolstadt Eichst\u00e4tt statt. Anschlie\u00dfend wird Benedikt Streicher zusammen mit der zehnk\u00f6pfigen jazzmanufaktur einen Einblick in seine Jazz-Kompositionen geben. Der Auftritt ist zugleich der Auftakt der 34. Ingolst\u00e4dter Jazztage. Der Eintritt ist frei. Die Ingolst\u00e4dter Jazztage verbinden auch in diesem Jahr (21. Oktober bis 12. November) Konzerte von Weltstars mit aktiver Nachwuchsf\u00f6rderung. Um der n\u00e4chsten Generation heimischer Musiker den Weg zu einer gro\u00dfen Karriere etwas zu ebnen, verleiht die Stadt in jedem Jahr den Jazzf\u00f6rderpreis der Stadt Ingolstadt an ein Musiktalent der Region. Die vom Stadtrat festgelegte, aus 15 Mitgliedern bestehende Jury, hat sich einstimmig f\u00fcr Benedikt Streicher ausgesprochen. Der 1989 geborene Benedikt Streicher ist Pianist, Komponist und Arrangeur. Seine f\u00fcr einen Jazzmusiker recht ungew\u00f6hnliche Ausbildung besteht aus einem Studium der klassischen Komposition an &hellip;<\/p>\n","protected":false},"author":18,"featured_media":0,"comment_status":"open","ping_status":"closed","sticky":false,"template":"","format":"standard","meta":{"_jetpack_memberships_contains_paid_content":false,"footnotes":"","jetpack_publicize_message":"","jetpack_publicize_feature_enabled":true,"jetpack_social_post_already_shared":false,"jetpack_social_options":{"image_generator_settings":{"template":"highway","default_image_id":0,"font":"","enabled":false},"version":2}},"categories":[633],"tags":[281,282,283,1264,316,323,401],"coauthors":[695],"class_list":["post-13209","post","type-post","status-publish","format-standard","hentry","category-nachrichten","tag-jazzmusiker","tag-jazzorchester","tag-jazzpiano","tag-jazztage","tag-klassik","tag-konzerte","tag-muenchen"],"yoast_head":"<!-- This site is optimized with the Yoast SEO plugin v27.5 - https:\/\/yoast.com\/product\/yoast-seo-wordpress\/ -->\n<title>Ingolst\u00e4dter Jazzf\u00f6rderpreis 2017 geht an Benedikt Streicher - JazzZeitung<\/title>\n<meta name=\"robots\" content=\"index, follow, max-snippet:-1, max-image-preview:large, max-video-preview:-1\" \/>\n<link rel=\"canonical\" href=\"https:\/\/www.jazzzeitung.de\/cms\/2017\/08\/ingolstaedter-jazzfoerderpreis-2017-geht-an-benedikt-streicher\/\" \/>\n<meta property=\"og:locale\" content=\"de_DE\" \/>\n<meta property=\"og:type\" content=\"article\" \/>\n<meta property=\"og:title\" content=\"Ingolst\u00e4dter Jazzf\u00f6rderpreis 2017 geht an Benedikt Streicher - JazzZeitung\" \/>\n<meta property=\"og:description\" content=\"Mit dem Jazzf\u00f6rderpreis w\u00fcrdigt die Stadt Ingolstadt seit \u00fcber zwanzig Jahren herausragende Talente der Region. In diesem Jahr geht die renommierte Auszeichnung an den jungen Ingolst\u00e4dter Komponisten und Pianisten Benedikt Streicher. Die Verleihung des mit 5.000 Euro dotierten Ingolst\u00e4dter Jazzf\u00f6rderpreises findet am Samstag, 21. Oktober, um 20 Uhr im Kulturzentrum neun durch Oberb\u00fcrgermeister Christian L\u00f6sel und Vertreter der Sponsoren Media-Saturn-Holding und Sparkasse Ingolstadt Eichst\u00e4tt statt. Anschlie\u00dfend wird Benedikt Streicher zusammen mit der zehnk\u00f6pfigen jazzmanufaktur einen Einblick in seine Jazz-Kompositionen geben. Der Auftritt ist zugleich der Auftakt der 34. Ingolst\u00e4dter Jazztage. Der Eintritt ist frei. Die Ingolst\u00e4dter Jazztage verbinden auch in diesem Jahr (21. Oktober bis 12. November) Konzerte von Weltstars mit aktiver Nachwuchsf\u00f6rderung. Um der n\u00e4chsten Generation heimischer Musiker den Weg zu einer gro\u00dfen Karriere etwas zu ebnen, verleiht die Stadt in jedem Jahr den Jazzf\u00f6rderpreis der Stadt Ingolstadt an ein Musiktalent der Region. Die vom Stadtrat festgelegte, aus 15 Mitgliedern bestehende Jury, hat sich einstimmig f\u00fcr Benedikt Streicher ausgesprochen. Der 1989 geborene Benedikt Streicher ist Pianist, Komponist und Arrangeur. Seine f\u00fcr einen Jazzmusiker recht ungew\u00f6hnliche Ausbildung besteht aus einem Studium der klassischen Komposition an &hellip;\" \/>\n<meta property=\"og:url\" content=\"https:\/\/www.jazzzeitung.de\/cms\/2017\/08\/ingolstaedter-jazzfoerderpreis-2017-geht-an-benedikt-streicher\/\" \/>\n<meta property=\"og:site_name\" content=\"JazzZeitung\" \/>\n<meta property=\"article:publisher\" content=\"https:\/\/www.facebook.com\/JazzZeitung\/\" \/>\n<meta property=\"article:published_time\" content=\"2017-08-05T11:00:23+00:00\" \/>\n<meta property=\"og:image\" content=\"https:\/\/www.jazzzeitung.de\/cms\/wp-content\/uploads\/2017\/08\/Benedikt_Streicher_1-150x150.jpg\" \/>\n<meta name=\"author\" content=\"Redaktion JazzZeitung\" \/>\n<script type=\"application\/ld+json\" class=\"yoast-schema-graph\">{\"@context\":\"https:\\\/\\\/schema.org\",\"@graph\":[{\"@type\":\"Article\",\"@id\":\"https:\\\/\\\/www.jazzzeitung.de\\\/cms\\\/2017\\\/08\\\/ingolstaedter-jazzfoerderpreis-2017-geht-an-benedikt-streicher\\\/#article\",\"isPartOf\":{\"@id\":\"https:\\\/\\\/www.jazzzeitung.de\\\/cms\\\/2017\\\/08\\\/ingolstaedter-jazzfoerderpreis-2017-geht-an-benedikt-streicher\\\/\"},\"author\":{\"name\":\"Redaktion JazzZeitung\",\"@id\":\"https:\\\/\\\/www.jazzzeitung.de\\\/cms\\\/#\\\/schema\\\/person\\\/2245b36b9cd1d24cea10f01c031fb92b\"},\"headline\":\"Ingolst\u00e4dter Jazzf\u00f6rderpreis 2017 geht an Benedikt Streicher\",\"datePublished\":\"2017-08-05T11:00:23+00:00\",\"mainEntityOfPage\":{\"@id\":\"https:\\\/\\\/www.jazzzeitung.de\\\/cms\\\/2017\\\/08\\\/ingolstaedter-jazzfoerderpreis-2017-geht-an-benedikt-streicher\\\/\"},\"wordCount\":374,\"commentCount\":0,\"publisher\":{\"@id\":\"https:\\\/\\\/www.jazzzeitung.de\\\/cms\\\/#organization\"},\"image\":{\"@id\":\"https:\\\/\\\/www.jazzzeitung.de\\\/cms\\\/2017\\\/08\\\/ingolstaedter-jazzfoerderpreis-2017-geht-an-benedikt-streicher\\\/#primaryimage\"},\"thumbnailUrl\":\"https:\\\/\\\/www.jazzzeitung.de\\\/cms\\\/wp-content\\\/uploads\\\/2017\\\/08\\\/Benedikt_Streicher_1-150x150.jpg\",\"keywords\":[\"Jazzmusiker\",\"Jazzorchester\",\"Jazzpiano\",\"Jazztage\",\"Klassik\",\"Konzerte\",\"M\u00fcnchen\"],\"articleSection\":[\"News\"],\"inLanguage\":\"de\",\"potentialAction\":[{\"@type\":\"CommentAction\",\"name\":\"Comment\",\"target\":[\"https:\\\/\\\/www.jazzzeitung.de\\\/cms\\\/2017\\\/08\\\/ingolstaedter-jazzfoerderpreis-2017-geht-an-benedikt-streicher\\\/#respond\"]}]},{\"@type\":\"WebPage\",\"@id\":\"https:\\\/\\\/www.jazzzeitung.de\\\/cms\\\/2017\\\/08\\\/ingolstaedter-jazzfoerderpreis-2017-geht-an-benedikt-streicher\\\/\",\"url\":\"https:\\\/\\\/www.jazzzeitung.de\\\/cms\\\/2017\\\/08\\\/ingolstaedter-jazzfoerderpreis-2017-geht-an-benedikt-streicher\\\/\",\"name\":\"Ingolst\u00e4dter Jazzf\u00f6rderpreis 2017 geht an Benedikt Streicher - JazzZeitung\",\"isPartOf\":{\"@id\":\"https:\\\/\\\/www.jazzzeitung.de\\\/cms\\\/#website\"},\"primaryImageOfPage\":{\"@id\":\"https:\\\/\\\/www.jazzzeitung.de\\\/cms\\\/2017\\\/08\\\/ingolstaedter-jazzfoerderpreis-2017-geht-an-benedikt-streicher\\\/#primaryimage\"},\"image\":{\"@id\":\"https:\\\/\\\/www.jazzzeitung.de\\\/cms\\\/2017\\\/08\\\/ingolstaedter-jazzfoerderpreis-2017-geht-an-benedikt-streicher\\\/#primaryimage\"},\"thumbnailUrl\":\"https:\\\/\\\/www.jazzzeitung.de\\\/cms\\\/wp-content\\\/uploads\\\/2017\\\/08\\\/Benedikt_Streicher_1-150x150.jpg\",\"datePublished\":\"2017-08-05T11:00:23+00:00\",\"breadcrumb\":{\"@id\":\"https:\\\/\\\/www.jazzzeitung.de\\\/cms\\\/2017\\\/08\\\/ingolstaedter-jazzfoerderpreis-2017-geht-an-benedikt-streicher\\\/#breadcrumb\"},\"inLanguage\":\"de\",\"potentialAction\":[{\"@type\":\"ReadAction\",\"target\":[\"https:\\\/\\\/www.jazzzeitung.de\\\/cms\\\/2017\\\/08\\\/ingolstaedter-jazzfoerderpreis-2017-geht-an-benedikt-streicher\\\/\"]}]},{\"@type\":\"ImageObject\",\"inLanguage\":\"de\",\"@id\":\"https:\\\/\\\/www.jazzzeitung.de\\\/cms\\\/2017\\\/08\\\/ingolstaedter-jazzfoerderpreis-2017-geht-an-benedikt-streicher\\\/#primaryimage\",\"url\":\"https:\\\/\\\/i0.wp.com\\\/www.jazzzeitung.de\\\/cms\\\/wp-content\\\/uploads\\\/2017\\\/08\\\/Benedikt_Streicher_1.jpg?fit=1417%2C1772&ssl=1\",\"contentUrl\":\"https:\\\/\\\/i0.wp.com\\\/www.jazzzeitung.de\\\/cms\\\/wp-content\\\/uploads\\\/2017\\\/08\\\/Benedikt_Streicher_1.jpg?fit=1417%2C1772&ssl=1\",\"width\":1417,\"height\":1772,\"caption\":\"Der Ingolst\u00e4dter Jazzf\u00f6rderpreis geht in diesem Jahr an den Pianisten Benedikt Streicher\"},{\"@type\":\"BreadcrumbList\",\"@id\":\"https:\\\/\\\/www.jazzzeitung.de\\\/cms\\\/2017\\\/08\\\/ingolstaedter-jazzfoerderpreis-2017-geht-an-benedikt-streicher\\\/#breadcrumb\",\"itemListElement\":[{\"@type\":\"ListItem\",\"position\":1,\"name\":\"Startseite\",\"item\":\"https:\\\/\\\/www.jazzzeitung.de\\\/cms\\\/\"},{\"@type\":\"ListItem\",\"position\":2,\"name\":\"Ingolst\u00e4dter Jazzf\u00f6rderpreis 2017 geht an Benedikt Streicher\"}]},{\"@type\":\"WebSite\",\"@id\":\"https:\\\/\\\/www.jazzzeitung.de\\\/cms\\\/#website\",\"url\":\"https:\\\/\\\/www.jazzzeitung.de\\\/cms\\\/\",\"name\":\"JazzZeitung\",\"description\":\"Jazz-News und Jazz-Kontroverses\",\"publisher\":{\"@id\":\"https:\\\/\\\/www.jazzzeitung.de\\\/cms\\\/#organization\"},\"potentialAction\":[{\"@type\":\"SearchAction\",\"target\":{\"@type\":\"EntryPoint\",\"urlTemplate\":\"https:\\\/\\\/www.jazzzeitung.de\\\/cms\\\/?s={search_term_string}\"},\"query-input\":{\"@type\":\"PropertyValueSpecification\",\"valueRequired\":true,\"valueName\":\"search_term_string\"}}],\"inLanguage\":\"de\"},{\"@type\":\"Organization\",\"@id\":\"https:\\\/\\\/www.jazzzeitung.de\\\/cms\\\/#organization\",\"name\":\"JazzZeitung online\",\"url\":\"https:\\\/\\\/www.jazzzeitung.de\\\/cms\\\/\",\"logo\":{\"@type\":\"ImageObject\",\"inLanguage\":\"de\",\"@id\":\"https:\\\/\\\/www.jazzzeitung.de\\\/cms\\\/#\\\/schema\\\/logo\\\/image\\\/\",\"url\":\"https:\\\/\\\/i0.wp.com\\\/www.jazzzeitung.de\\\/cms\\\/wp-content\\\/uploads\\\/2015\\\/08\\\/JAZZZEITUNGDE_Logo_Neu.png?fit=499%2C200&ssl=1\",\"contentUrl\":\"https:\\\/\\\/i0.wp.com\\\/www.jazzzeitung.de\\\/cms\\\/wp-content\\\/uploads\\\/2015\\\/08\\\/JAZZZEITUNGDE_Logo_Neu.png?fit=499%2C200&ssl=1\",\"width\":499,\"height\":200,\"caption\":\"JazzZeitung online\"},\"image\":{\"@id\":\"https:\\\/\\\/www.jazzzeitung.de\\\/cms\\\/#\\\/schema\\\/logo\\\/image\\\/\"},\"sameAs\":[\"https:\\\/\\\/www.facebook.com\\\/JazzZeitung\\\/\"]},{\"@type\":\"Person\",\"@id\":\"https:\\\/\\\/www.jazzzeitung.de\\\/cms\\\/#\\\/schema\\\/person\\\/2245b36b9cd1d24cea10f01c031fb92b\",\"name\":\"Redaktion JazzZeitung\",\"image\":{\"@type\":\"ImageObject\",\"inLanguage\":\"de\",\"@id\":\"https:\\\/\\\/i0.wp.com\\\/www.jazzzeitung.de\\\/cms\\\/wp-content\\\/uploads\\\/2015\\\/08\\\/JAZZZEITUNGDE_Logo_Neu.png?resize=96%2C96&ssl=159975dcacb611b5700bd619b5daf0a7a\",\"url\":\"https:\\\/\\\/i0.wp.com\\\/www.jazzzeitung.de\\\/cms\\\/wp-content\\\/uploads\\\/2015\\\/08\\\/JAZZZEITUNGDE_Logo_Neu.png?resize=96%2C96&ssl=1\",\"contentUrl\":\"https:\\\/\\\/i0.wp.com\\\/www.jazzzeitung.de\\\/cms\\\/wp-content\\\/uploads\\\/2015\\\/08\\\/JAZZZEITUNGDE_Logo_Neu.png?resize=96%2C96&ssl=1\",\"caption\":\"Redaktion JazzZeitung\"},\"description\":\"Artikel der Redaktion der JazzZeitung.\",\"sameAs\":[\"http:\\\/\\\/www.jazzzeitung.de\\\/cms\\\/\"],\"url\":\"https:\\\/\\\/www.jazzzeitung.de\\\/cms\\\/author\\\/redaktion\\\/\"}]}<\/script>\n<!-- \/ Yoast SEO plugin. -->","yoast_head_json":{"title":"Ingolst\u00e4dter Jazzf\u00f6rderpreis 2017 geht an Benedikt Streicher - JazzZeitung","robots":{"index":"index","follow":"follow","max-snippet":"max-snippet:-1","max-image-preview":"max-image-preview:large","max-video-preview":"max-video-preview:-1"},"canonical":"https:\/\/www.jazzzeitung.de\/cms\/2017\/08\/ingolstaedter-jazzfoerderpreis-2017-geht-an-benedikt-streicher\/","og_locale":"de_DE","og_type":"article","og_title":"Ingolst\u00e4dter Jazzf\u00f6rderpreis 2017 geht an Benedikt Streicher - JazzZeitung","og_description":"Mit dem Jazzf\u00f6rderpreis w\u00fcrdigt die Stadt Ingolstadt seit \u00fcber zwanzig Jahren herausragende Talente der Region. In diesem Jahr geht die renommierte Auszeichnung an den jungen Ingolst\u00e4dter Komponisten und Pianisten Benedikt Streicher. Die Verleihung des mit 5.000 Euro dotierten Ingolst\u00e4dter Jazzf\u00f6rderpreises findet am Samstag, 21. Oktober, um 20 Uhr im Kulturzentrum neun durch Oberb\u00fcrgermeister Christian L\u00f6sel und Vertreter der Sponsoren Media-Saturn-Holding und Sparkasse Ingolstadt Eichst\u00e4tt statt. Anschlie\u00dfend wird Benedikt Streicher zusammen mit der zehnk\u00f6pfigen jazzmanufaktur einen Einblick in seine Jazz-Kompositionen geben. Der Auftritt ist zugleich der Auftakt der 34. Ingolst\u00e4dter Jazztage. Der Eintritt ist frei. Die Ingolst\u00e4dter Jazztage verbinden auch in diesem Jahr (21. Oktober bis 12. November) Konzerte von Weltstars mit aktiver Nachwuchsf\u00f6rderung. Um der n\u00e4chsten Generation heimischer Musiker den Weg zu einer gro\u00dfen Karriere etwas zu ebnen, verleiht die Stadt in jedem Jahr den Jazzf\u00f6rderpreis der Stadt Ingolstadt an ein Musiktalent der Region. Die vom Stadtrat festgelegte, aus 15 Mitgliedern bestehende Jury, hat sich einstimmig f\u00fcr Benedikt Streicher ausgesprochen. Der 1989 geborene Benedikt Streicher ist Pianist, Komponist und Arrangeur. Seine f\u00fcr einen Jazzmusiker recht ungew\u00f6hnliche Ausbildung besteht aus einem Studium der klassischen Komposition an &hellip;","og_url":"https:\/\/www.jazzzeitung.de\/cms\/2017\/08\/ingolstaedter-jazzfoerderpreis-2017-geht-an-benedikt-streicher\/","og_site_name":"JazzZeitung","article_publisher":"https:\/\/www.facebook.com\/JazzZeitung\/","article_published_time":"2017-08-05T11:00:23+00:00","og_image":[{"url":"https:\/\/www.jazzzeitung.de\/cms\/wp-content\/uploads\/2017\/08\/Benedikt_Streicher_1-150x150.jpg","type":"","width":"","height":""}],"author":"Redaktion JazzZeitung","schema":{"@context":"https:\/\/schema.org","@graph":[{"@type":"Article","@id":"https:\/\/www.jazzzeitung.de\/cms\/2017\/08\/ingolstaedter-jazzfoerderpreis-2017-geht-an-benedikt-streicher\/#article","isPartOf":{"@id":"https:\/\/www.jazzzeitung.de\/cms\/2017\/08\/ingolstaedter-jazzfoerderpreis-2017-geht-an-benedikt-streicher\/"},"author":{"name":"Redaktion JazzZeitung","@id":"https:\/\/www.jazzzeitung.de\/cms\/#\/schema\/person\/2245b36b9cd1d24cea10f01c031fb92b"},"headline":"Ingolst\u00e4dter Jazzf\u00f6rderpreis 2017 geht an Benedikt Streicher","datePublished":"2017-08-05T11:00:23+00:00","mainEntityOfPage":{"@id":"https:\/\/www.jazzzeitung.de\/cms\/2017\/08\/ingolstaedter-jazzfoerderpreis-2017-geht-an-benedikt-streicher\/"},"wordCount":374,"commentCount":0,"publisher":{"@id":"https:\/\/www.jazzzeitung.de\/cms\/#organization"},"image":{"@id":"https:\/\/www.jazzzeitung.de\/cms\/2017\/08\/ingolstaedter-jazzfoerderpreis-2017-geht-an-benedikt-streicher\/#primaryimage"},"thumbnailUrl":"https:\/\/www.jazzzeitung.de\/cms\/wp-content\/uploads\/2017\/08\/Benedikt_Streicher_1-150x150.jpg","keywords":["Jazzmusiker","Jazzorchester","Jazzpiano","Jazztage","Klassik","Konzerte","M\u00fcnchen"],"articleSection":["News"],"inLanguage":"de","potentialAction":[{"@type":"CommentAction","name":"Comment","target":["https:\/\/www.jazzzeitung.de\/cms\/2017\/08\/ingolstaedter-jazzfoerderpreis-2017-geht-an-benedikt-streicher\/#respond"]}]},{"@type":"WebPage","@id":"https:\/\/www.jazzzeitung.de\/cms\/2017\/08\/ingolstaedter-jazzfoerderpreis-2017-geht-an-benedikt-streicher\/","url":"https:\/\/www.jazzzeitung.de\/cms\/2017\/08\/ingolstaedter-jazzfoerderpreis-2017-geht-an-benedikt-streicher\/","name":"Ingolst\u00e4dter Jazzf\u00f6rderpreis 2017 geht an Benedikt Streicher - JazzZeitung","isPartOf":{"@id":"https:\/\/www.jazzzeitung.de\/cms\/#website"},"primaryImageOfPage":{"@id":"https:\/\/www.jazzzeitung.de\/cms\/2017\/08\/ingolstaedter-jazzfoerderpreis-2017-geht-an-benedikt-streicher\/#primaryimage"},"image":{"@id":"https:\/\/www.jazzzeitung.de\/cms\/2017\/08\/ingolstaedter-jazzfoerderpreis-2017-geht-an-benedikt-streicher\/#primaryimage"},"thumbnailUrl":"https:\/\/www.jazzzeitung.de\/cms\/wp-content\/uploads\/2017\/08\/Benedikt_Streicher_1-150x150.jpg","datePublished":"2017-08-05T11:00:23+00:00","breadcrumb":{"@id":"https:\/\/www.jazzzeitung.de\/cms\/2017\/08\/ingolstaedter-jazzfoerderpreis-2017-geht-an-benedikt-streicher\/#breadcrumb"},"inLanguage":"de","potentialAction":[{"@type":"ReadAction","target":["https:\/\/www.jazzzeitung.de\/cms\/2017\/08\/ingolstaedter-jazzfoerderpreis-2017-geht-an-benedikt-streicher\/"]}]},{"@type":"ImageObject","inLanguage":"de","@id":"https:\/\/www.jazzzeitung.de\/cms\/2017\/08\/ingolstaedter-jazzfoerderpreis-2017-geht-an-benedikt-streicher\/#primaryimage","url":"https:\/\/i0.wp.com\/www.jazzzeitung.de\/cms\/wp-content\/uploads\/2017\/08\/Benedikt_Streicher_1.jpg?fit=1417%2C1772&ssl=1","contentUrl":"https:\/\/i0.wp.com\/www.jazzzeitung.de\/cms\/wp-content\/uploads\/2017\/08\/Benedikt_Streicher_1.jpg?fit=1417%2C1772&ssl=1","width":1417,"height":1772,"caption":"Der Ingolst\u00e4dter Jazzf\u00f6rderpreis geht in diesem Jahr an den Pianisten Benedikt Streicher"},{"@type":"BreadcrumbList","@id":"https:\/\/www.jazzzeitung.de\/cms\/2017\/08\/ingolstaedter-jazzfoerderpreis-2017-geht-an-benedikt-streicher\/#breadcrumb","itemListElement":[{"@type":"ListItem","position":1,"name":"Startseite","item":"https:\/\/www.jazzzeitung.de\/cms\/"},{"@type":"ListItem","position":2,"name":"Ingolst\u00e4dter Jazzf\u00f6rderpreis 2017 geht an Benedikt Streicher"}]},{"@type":"WebSite","@id":"https:\/\/www.jazzzeitung.de\/cms\/#website","url":"https:\/\/www.jazzzeitung.de\/cms\/","name":"JazzZeitung","description":"Jazz-News und Jazz-Kontroverses","publisher":{"@id":"https:\/\/www.jazzzeitung.de\/cms\/#organization"},"potentialAction":[{"@type":"SearchAction","target":{"@type":"EntryPoint","urlTemplate":"https:\/\/www.jazzzeitung.de\/cms\/?s={search_term_string}"},"query-input":{"@type":"PropertyValueSpecification","valueRequired":true,"valueName":"search_term_string"}}],"inLanguage":"de"},{"@type":"Organization","@id":"https:\/\/www.jazzzeitung.de\/cms\/#organization","name":"JazzZeitung online","url":"https:\/\/www.jazzzeitung.de\/cms\/","logo":{"@type":"ImageObject","inLanguage":"de","@id":"https:\/\/www.jazzzeitung.de\/cms\/#\/schema\/logo\/image\/","url":"https:\/\/i0.wp.com\/www.jazzzeitung.de\/cms\/wp-content\/uploads\/2015\/08\/JAZZZEITUNGDE_Logo_Neu.png?fit=499%2C200&ssl=1","contentUrl":"https:\/\/i0.wp.com\/www.jazzzeitung.de\/cms\/wp-content\/uploads\/2015\/08\/JAZZZEITUNGDE_Logo_Neu.png?fit=499%2C200&ssl=1","width":499,"height":200,"caption":"JazzZeitung online"},"image":{"@id":"https:\/\/www.jazzzeitung.de\/cms\/#\/schema\/logo\/image\/"},"sameAs":["https:\/\/www.facebook.com\/JazzZeitung\/"]},{"@type":"Person","@id":"https:\/\/www.jazzzeitung.de\/cms\/#\/schema\/person\/2245b36b9cd1d24cea10f01c031fb92b","name":"Redaktion JazzZeitung","image":{"@type":"ImageObject","inLanguage":"de","@id":"https:\/\/i0.wp.com\/www.jazzzeitung.de\/cms\/wp-content\/uploads\/2015\/08\/JAZZZEITUNGDE_Logo_Neu.png?resize=96%2C96&ssl=159975dcacb611b5700bd619b5daf0a7a","url":"https:\/\/i0.wp.com\/www.jazzzeitung.de\/cms\/wp-content\/uploads\/2015\/08\/JAZZZEITUNGDE_Logo_Neu.png?resize=96%2C96&ssl=1","contentUrl":"https:\/\/i0.wp.com\/www.jazzzeitung.de\/cms\/wp-content\/uploads\/2015\/08\/JAZZZEITUNGDE_Logo_Neu.png?resize=96%2C96&ssl=1","caption":"Redaktion JazzZeitung"},"description":"Artikel der Redaktion der JazzZeitung.","sameAs":["http:\/\/www.jazzzeitung.de\/cms\/"],"url":"https:\/\/www.jazzzeitung.de\/cms\/author\/redaktion\/"}]}},"wp-worthy-pixel":{"ignored":false,"public":null,"server":null,"url":null},"wp-worthy-type":"normal","jetpack_publicize_connections":[],"cc_featured_image_caption":{"caption_text":false,"source_text":false,"source_url":false},"jetpack_featured_media_url":"","jetpack_shortlink":"https:\/\/wp.me\/p3KEcT-3r3","jetpack-related-posts":[{"id":9741,"url":"https:\/\/www.jazzzeitung.de\/cms\/2016\/08\/ingolstaedter-jazzfoerderpreis-2016-geht-simon-mack\/","url_meta":{"origin":13209,"position":0},"title":"Ingolst\u00e4dter Jazzf\u00f6rderpreis 2016 geht an Simon Mack","author":"Redaktion JazzZeitung","date":"1. August 2016","format":false,"excerpt":"Mit dem Jazzf\u00f6rderpreis w\u00fcrdigt die Stadt Ingolstadt seit \u00fcber 20 Jahren herausragende Talente der Region. In diesem Jahr geht die renommierte Auszeichnung an den Pianisten Simon Mack. Die offizielle Preisverleihung findet am 15. Oktober im Kulturzentrum neun statt \u2013 das anschlie\u00dfende Konzert markiert den Startschuss f\u00fcr die 33. Ingolst\u00e4dter Jazztage.\u2026","rel":"","context":"In &quot;News&quot;","block_context":{"text":"News","link":"https:\/\/www.jazzzeitung.de\/cms\/thema\/nachrichten\/"},"img":{"alt_text":"SimonMack_2","src":"https:\/\/i0.wp.com\/www.jazzzeitung.de\/cms\/wp-content\/uploads\/2016\/08\/SimonMack_2-150x150.jpg?resize=350%2C200","width":350,"height":200},"classes":[]},{"id":6738,"url":"https:\/\/www.jazzzeitung.de\/cms\/2015\/07\/ingolstaedter-jazzfoerderpreis-2015-geht-matthias-hetzer\/","url_meta":{"origin":13209,"position":1},"title":"Ingolst\u00e4dter Jazzf\u00f6rderpreis 2015 geht an Matthias Hetzer","author":"Redaktion JazzZeitung","date":"29. Juli 2015","format":false,"excerpt":"Die Ingolst\u00e4dter Jazztage stehen nicht nur f\u00fcr Konzerterlebnisse mit internationalen Jazzstars, sondern auch f\u00fcr aktive Nachwuchs-F\u00f6rderung. Aus diesem Grunde verleihen die Veranstalter in jedem Jahr den Jazzf\u00f6rderpreis der Stadt Ingolstadt \u2013 gef\u00f6rdert von der Sparkasse Ingolstadt und Media-Saturn. In diesem Jahr w\u00fcrdigt die hochkar\u00e4tig besetzte Jury den 21-j\u00e4hrigen Schlagzeuger Matthias\u2026","rel":"","context":"In &quot;News&quot;","block_context":{"text":"News","link":"https:\/\/www.jazzzeitung.de\/cms\/thema\/nachrichten\/"},"img":{"alt_text":"Matthias Hetzer. Foto: Ingolst\u00e4dter Jazztage\/Tob","src":"https:\/\/i0.wp.com\/www.jazzzeitung.de\/cms\/wp-content\/uploads\/2015\/07\/MatthiasHetzer_by_Tob52EA5-150x150.jpg?resize=350%2C200","width":350,"height":200},"classes":[]},{"id":33155,"url":"https:\/\/www.jazzzeitung.de\/cms\/2025\/10\/tradition-innovation-vorbericht-zu-den-ingolstaedter-jazztagen-2025\/","url_meta":{"origin":13209,"position":2},"title":"Tradition &#038; Innovation: Vorbericht zu den Ingolst\u00e4dter Jazztagen 2025","author":"Thomas J. Krebs","date":"9. Oktober 2025","format":false,"excerpt":"Alle Jahre wieder wenn es Herbst wird, k\u00fchl und grau, stehen die Ingolst\u00e4dter Jazztage ins Haus. So auch dieses Jahr zum 42. mal vom 04. bis 15. November, unter der k\u00fcnstlerischen Leitung von Wolfgang Haffner, mit einem abwechslungsreichen Programm das spannenden Jazz, die Grenzbereiche Soul,\u00a0 Latin, Pop oder Weltmusik auslotet\u2026","rel":"","context":"In &quot;News&quot;","block_context":{"text":"News","link":"https:\/\/www.jazzzeitung.de\/cms\/thema\/nachrichten\/"},"img":{"alt_text":"","src":"https:\/\/i0.wp.com\/www.jazzzeitung.de\/cms\/wp-content\/uploads\/2025\/10\/P2536832-Wright-Foto-TJ-Krebs.jpg?fit=1200%2C800&ssl=1&resize=350%2C200","width":350,"height":200,"srcset":"https:\/\/i0.wp.com\/www.jazzzeitung.de\/cms\/wp-content\/uploads\/2025\/10\/P2536832-Wright-Foto-TJ-Krebs.jpg?fit=1200%2C800&ssl=1&resize=350%2C200 1x, https:\/\/i0.wp.com\/www.jazzzeitung.de\/cms\/wp-content\/uploads\/2025\/10\/P2536832-Wright-Foto-TJ-Krebs.jpg?fit=1200%2C800&ssl=1&resize=525%2C300 1.5x, https:\/\/i0.wp.com\/www.jazzzeitung.de\/cms\/wp-content\/uploads\/2025\/10\/P2536832-Wright-Foto-TJ-Krebs.jpg?fit=1200%2C800&ssl=1&resize=700%2C400 2x, https:\/\/i0.wp.com\/www.jazzzeitung.de\/cms\/wp-content\/uploads\/2025\/10\/P2536832-Wright-Foto-TJ-Krebs.jpg?fit=1200%2C800&ssl=1&resize=1050%2C600 3x"},"classes":[]},{"id":31835,"url":"https:\/\/www.jazzzeitung.de\/cms\/2024\/11\/jan-garbarek-group-bei-den-ingolstaedter-jazztagen\/","url_meta":{"origin":13209,"position":3},"title":"Jan Garbarek Group bei den Ingolst\u00e4dter Jazztagen","author":"Redaktion JazzZeitung","date":"8. November 2024","format":false,"excerpt":"(Von Thomas J. Krebs) Die Ingolst\u00e4dter Jazztage sind eine \u00fcber die Jahre gewachsene, feste Institution und nicht zuletzt das musikalische Aush\u00e4ngeschild der Stadt. Seit 41 Jahren findet dieses vielseitige und abwechslungsreiche Jazzfest mit nationalen Acts, Geheimtipps, Newcomern, vor allem aber auch den gro\u00dfen Namen des Jazz statt. Nachdem der bisherige\u2026","rel":"","context":"In &quot;Bericht&quot;","block_context":{"text":"Bericht","link":"https:\/\/www.jazzzeitung.de\/cms\/thema\/bericht\/"},"img":{"alt_text":"","src":"https:\/\/i0.wp.com\/www.jazzzeitung.de\/cms\/wp-content\/uploads\/2024\/11\/P1378356-Jan-Garbarek-Group-Foto-TJ-Krebs.jpg?fit=1200%2C799&ssl=1&resize=350%2C200","width":350,"height":200,"srcset":"https:\/\/i0.wp.com\/www.jazzzeitung.de\/cms\/wp-content\/uploads\/2024\/11\/P1378356-Jan-Garbarek-Group-Foto-TJ-Krebs.jpg?fit=1200%2C799&ssl=1&resize=350%2C200 1x, https:\/\/i0.wp.com\/www.jazzzeitung.de\/cms\/wp-content\/uploads\/2024\/11\/P1378356-Jan-Garbarek-Group-Foto-TJ-Krebs.jpg?fit=1200%2C799&ssl=1&resize=525%2C300 1.5x, https:\/\/i0.wp.com\/www.jazzzeitung.de\/cms\/wp-content\/uploads\/2024\/11\/P1378356-Jan-Garbarek-Group-Foto-TJ-Krebs.jpg?fit=1200%2C799&ssl=1&resize=700%2C400 2x, https:\/\/i0.wp.com\/www.jazzzeitung.de\/cms\/wp-content\/uploads\/2024\/11\/P1378356-Jan-Garbarek-Group-Foto-TJ-Krebs.jpg?fit=1200%2C799&ssl=1&resize=1050%2C600 3x"},"classes":[]},{"id":28463,"url":"https:\/\/www.jazzzeitung.de\/cms\/2022\/10\/offene-ohren-e-v-muenchen-jubilaeen-novemberprogramm-christian-sands-beim-nuejazz-2022\/","url_meta":{"origin":13209,"position":4},"title":"+++ Offene Ohren e.V. M\u00fcnchen \u2013 Jubil\u00e4en \u2013 Novemberprogramm +++ 39. Ingolst\u00e4dter Jazztage und Jazzf\u00f6rderpreis 2022 +++ Christian Sands beim NUEJAZZ 2022 +++","author":"Redaktion JazzZeitung","date":"13. Oktober 2022","format":false,"excerpt":"+++ Offene Ohren e.V. M\u00fcnchen \u2013 Jubil\u00e4en \u2013 Novemberprogramm +++ \u00a0 Der Verein Offene Ohren e.V. in M\u00fcnchen gibt seit 2004 improvisierter Musik eine B\u00fchne. Anl\u00e4sslich des zehnj\u00e4hrigen Jubil\u00e4ums der Kulturinstitution Einstein Kultur, sind einige Konzerte im M\u00fcnchner Untergrund geplant. So gibt die Freejazz-Gruppe XPACT II, eine in seinen Wurzel\u2026","rel":"","context":"In &quot;News&quot;","block_context":{"text":"News","link":"https:\/\/www.jazzzeitung.de\/cms\/thema\/nachrichten\/"},"img":{"alt_text":"","src":"https:\/\/i0.wp.com\/www.jazzzeitung.de\/cms\/wp-content\/uploads\/2022\/10\/Gramss-Bassquartett-von-oben-nach-unten-links-nach-rechts-Foto-Peter-Tuemmers.jpg?fit=400%2C383&ssl=1&resize=350%2C200","width":350,"height":200},"classes":[]},{"id":30129,"url":"https:\/\/www.jazzzeitung.de\/cms\/2023\/10\/news40-jahre-ingolstaedter-jazztage-das-jubilaeumsprogramm\/","url_meta":{"origin":13209,"position":5},"title":"+++News:+++40 Jahre Ingolst\u00e4dter Jazztage &#8211; das Jubil\u00e4umsprogramm+++","author":"Redaktion JazzZeitung","date":"11. Oktober 2023","format":false,"excerpt":"Die Ingolst\u00e4dter Jazztage feiern dieses Jahr ihr 40-j\u00e4hriges Jubil\u00e4um. Unabh\u00e4ngig von dieser Kontinuit\u00e4t, sind die Jazztage mittlerweile das musikalische Aush\u00e4ngeschild der Stadt. Die ganze Stadt swingt in den Wochen w\u00e4hrend des Festivals. In mehr als f\u00fcnfundzwanzig Locations wird Ingolstadt ab dem 21. Oktober, jazzen, rocken, es wird gedanced und schwei\u00dftreibender\u2026","rel":"","context":"In &quot;News&quot;","block_context":{"text":"News","link":"https:\/\/www.jazzzeitung.de\/cms\/thema\/nachrichten\/"},"img":{"alt_text":"","src":"https:\/\/i0.wp.com\/www.jazzzeitung.de\/cms\/wp-content\/uploads\/2023\/10\/Jazztage_Josef-Heinl_02-%C2%A9-Alexander-Schuktuew-scaled-1.jpg?fit=1200%2C800&ssl=1&resize=350%2C200","width":350,"height":200,"srcset":"https:\/\/i0.wp.com\/www.jazzzeitung.de\/cms\/wp-content\/uploads\/2023\/10\/Jazztage_Josef-Heinl_02-%C2%A9-Alexander-Schuktuew-scaled-1.jpg?fit=1200%2C800&ssl=1&resize=350%2C200 1x, https:\/\/i0.wp.com\/www.jazzzeitung.de\/cms\/wp-content\/uploads\/2023\/10\/Jazztage_Josef-Heinl_02-%C2%A9-Alexander-Schuktuew-scaled-1.jpg?fit=1200%2C800&ssl=1&resize=525%2C300 1.5x, https:\/\/i0.wp.com\/www.jazzzeitung.de\/cms\/wp-content\/uploads\/2023\/10\/Jazztage_Josef-Heinl_02-%C2%A9-Alexander-Schuktuew-scaled-1.jpg?fit=1200%2C800&ssl=1&resize=700%2C400 2x, https:\/\/i0.wp.com\/www.jazzzeitung.de\/cms\/wp-content\/uploads\/2023\/10\/Jazztage_Josef-Heinl_02-%C2%A9-Alexander-Schuktuew-scaled-1.jpg?fit=1200%2C800&ssl=1&resize=1050%2C600 3x"},"classes":[]}],"jetpack_sharing_enabled":true,"_links":{"self":[{"href":"https:\/\/www.jazzzeitung.de\/cms\/wp-json\/wp\/v2\/posts\/13209","targetHints":{"allow":["GET"]}}],"collection":[{"href":"https:\/\/www.jazzzeitung.de\/cms\/wp-json\/wp\/v2\/posts"}],"about":[{"href":"https:\/\/www.jazzzeitung.de\/cms\/wp-json\/wp\/v2\/types\/post"}],"author":[{"embeddable":true,"href":"https:\/\/www.jazzzeitung.de\/cms\/wp-json\/wp\/v2\/users\/18"}],"replies":[{"embeddable":true,"href":"https:\/\/www.jazzzeitung.de\/cms\/wp-json\/wp\/v2\/comments?post=13209"}],"version-history":[{"count":1,"href":"https:\/\/www.jazzzeitung.de\/cms\/wp-json\/wp\/v2\/posts\/13209\/revisions"}],"predecessor-version":[{"id":13211,"href":"https:\/\/www.jazzzeitung.de\/cms\/wp-json\/wp\/v2\/posts\/13209\/revisions\/13211"}],"wp:attachment":[{"href":"https:\/\/www.jazzzeitung.de\/cms\/wp-json\/wp\/v2\/media?parent=13209"}],"wp:term":[{"taxonomy":"category","embeddable":true,"href":"https:\/\/www.jazzzeitung.de\/cms\/wp-json\/wp\/v2\/categories?post=13209"},{"taxonomy":"post_tag","embeddable":true,"href":"https:\/\/www.jazzzeitung.de\/cms\/wp-json\/wp\/v2\/tags?post=13209"},{"taxonomy":"author","embeddable":true,"href":"https:\/\/www.jazzzeitung.de\/cms\/wp-json\/wp\/v2\/coauthors?post=13209"}],"curies":[{"name":"wp","href":"https:\/\/api.w.org\/{rel}","templated":true}]}}