{"id":13192,"date":"2017-08-02T10:14:27","date_gmt":"2017-08-02T08:14:27","guid":{"rendered":"https:\/\/www.jazzzeitung.de\/cms\/?p=13192"},"modified":"2017-08-02T10:14:27","modified_gmt":"2017-08-02T08:14:27","slug":"das-38-internationale-jazzfestival-geht-von-24-bis-27-august-ueber-die-saalfeldener-buehnen","status":"publish","type":"post","link":"https:\/\/www.jazzzeitung.de\/cms\/2017\/08\/das-38-internationale-jazzfestival-geht-von-24-bis-27-august-ueber-die-saalfeldener-buehnen\/","title":{"rendered":"Das 38. Internationale Jazzfestival geht von 24. bis 27. August \u00fcber die Saalfeldener B\u00fchnen"},"content":{"rendered":"<p><strong><a href=\"https:\/\/i0.wp.com\/www.jazzzeitung.de\/cms\/wp-content\/uploads\/2017\/08\/Mainstage_by_Koppensteiner_Photography.jpg?ssl=1\"><img data-recalc-dims=\"1\" loading=\"lazy\" decoding=\"async\" data-attachment-id=\"13193\" data-permalink=\"https:\/\/www.jazzzeitung.de\/cms\/2017\/08\/das-38-internationale-jazzfestival-geht-von-24-bis-27-august-ueber-die-saalfeldener-buehnen\/mainstage_by_koppensteiner_photography\/\" data-orig-file=\"https:\/\/i0.wp.com\/www.jazzzeitung.de\/cms\/wp-content\/uploads\/2017\/08\/Mainstage_by_Koppensteiner_Photography.jpg?fit=5000%2C3337&amp;ssl=1\" data-orig-size=\"5000,3337\" data-comments-opened=\"1\" data-image-meta=\"{&quot;aperture&quot;:&quot;4&quot;,&quot;credit&quot;:&quot;Manfred Koppensteiner&quot;,&quot;camera&quot;:&quot;NIKON D800E&quot;,&quot;caption&quot;:&quot;&quot;,&quot;created_timestamp&quot;:&quot;1472418817&quot;,&quot;copyright&quot;:&quot;Manfred Koppensteiner&quot;,&quot;focal_length&quot;:&quot;14&quot;,&quot;iso&quot;:&quot;2000&quot;,&quot;shutter_speed&quot;:&quot;0.02&quot;,&quot;title&quot;:&quot;&quot;,&quot;orientation&quot;:&quot;0&quot;}\" data-image-title=\"Mainstage_by_Koppensteiner_Photography\" data-image-description=\"\" data-image-caption=\"\" data-large-file=\"https:\/\/i0.wp.com\/www.jazzzeitung.de\/cms\/wp-content\/uploads\/2017\/08\/Mainstage_by_Koppensteiner_Photography.jpg?fit=840%2C560&amp;ssl=1\" class=\"alignright size-thumbnail wp-image-13193\" src=\"https:\/\/i0.wp.com\/www.jazzzeitung.de\/cms\/wp-content\/uploads\/2017\/08\/Mainstage_by_Koppensteiner_Photography.jpg?resize=150%2C150&#038;ssl=1\" alt=\"\" width=\"150\" height=\"150\" srcset=\"https:\/\/i0.wp.com\/www.jazzzeitung.de\/cms\/wp-content\/uploads\/2017\/08\/Mainstage_by_Koppensteiner_Photography.jpg?resize=150%2C150&amp;ssl=1 150w, https:\/\/i0.wp.com\/www.jazzzeitung.de\/cms\/wp-content\/uploads\/2017\/08\/Mainstage_by_Koppensteiner_Photography.jpg?resize=144%2C144&amp;ssl=1 144w, https:\/\/i0.wp.com\/www.jazzzeitung.de\/cms\/wp-content\/uploads\/2017\/08\/Mainstage_by_Koppensteiner_Photography.jpg?resize=96%2C96&amp;ssl=1 96w, https:\/\/i0.wp.com\/www.jazzzeitung.de\/cms\/wp-content\/uploads\/2017\/08\/Mainstage_by_Koppensteiner_Photography.jpg?resize=24%2C24&amp;ssl=1 24w, https:\/\/i0.wp.com\/www.jazzzeitung.de\/cms\/wp-content\/uploads\/2017\/08\/Mainstage_by_Koppensteiner_Photography.jpg?resize=36%2C36&amp;ssl=1 36w, https:\/\/i0.wp.com\/www.jazzzeitung.de\/cms\/wp-content\/uploads\/2017\/08\/Mainstage_by_Koppensteiner_Photography.jpg?resize=48%2C48&amp;ssl=1 48w, https:\/\/i0.wp.com\/www.jazzzeitung.de\/cms\/wp-content\/uploads\/2017\/08\/Mainstage_by_Koppensteiner_Photography.jpg?resize=64%2C64&amp;ssl=1 64w, https:\/\/i0.wp.com\/www.jazzzeitung.de\/cms\/wp-content\/uploads\/2017\/08\/Mainstage_by_Koppensteiner_Photography.jpg?resize=32%2C32&amp;ssl=1 32w, https:\/\/i0.wp.com\/www.jazzzeitung.de\/cms\/wp-content\/uploads\/2017\/08\/Mainstage_by_Koppensteiner_Photography.jpg?resize=50%2C50&amp;ssl=1 50w, https:\/\/i0.wp.com\/www.jazzzeitung.de\/cms\/wp-content\/uploads\/2017\/08\/Mainstage_by_Koppensteiner_Photography.jpg?resize=128%2C128&amp;ssl=1 128w, https:\/\/i0.wp.com\/www.jazzzeitung.de\/cms\/wp-content\/uploads\/2017\/08\/Mainstage_by_Koppensteiner_Photography.jpg?zoom=2&amp;resize=150%2C150&amp;ssl=1 300w, https:\/\/i0.wp.com\/www.jazzzeitung.de\/cms\/wp-content\/uploads\/2017\/08\/Mainstage_by_Koppensteiner_Photography.jpg?zoom=3&amp;resize=150%2C150&amp;ssl=1 450w\" sizes=\"auto, (max-width: 150px) 100vw, 150px\" \/><\/a>Das Internationale Jazzfestival Saalfelden j\u00e4hrt sich 2017 bereits zum 38. Mal. Mit 37 Konzerten an vier Tagen gelingt es den Veranstaltern immer wieder, die Herzen von Musikliebhabern h\u00f6her schlagen zu lassen. 16 der 37 Konzerte k\u00f6nnen die G\u00e4ste bei freiem Eintritt besuchen. <\/strong><\/p>\n<p>Das Jazzfestival Saalfelden beginnt bereits am Donnerstagabend mit den sogenannten City Stage Konzerten auf dem Rathausplatz, welche kostenlos zug\u00e4nglich sind.<br \/>\nOffiziell er\u00f6ffnet wird das Event dann am Freitagabend auf der Main Stage des Congress: Die Intendanten Michaela Mayer und Mario Steidl vergeben jedes Jahr das Er\u00f6ffnungsprojekt an einen \u00f6sterreichischen Musiker oder eine \u00f6sterreichische Musikerin. Dieses Jahr wird der Saxophonist Gerald Preinfalk ein international besetztes Projekt als Weltpremiere pr\u00e4sentieren.<\/p>\n<p>Das Ziel dieses Festivals ist es, die Grenzen des Jazz auszuloten und zu verschieben. Musikerinnen und Musiker wie etwa Kjetil Moster, Steve Lehman, Michael Riessler, Eve Risser, Sinikka Langeland oder Mats Gustafsson tun das auf ihre ganz individuelle Art und Weise und werden so auch heuer bei den Jazzfans f\u00fcr Neuentdeckungen sorgen \u2013 ein Markenzeichen des Festivals in Saalfelden Leogang.<\/p>\n<p>Die bereits ausverkauften \u201eShortcuts\u201c im Kunsthaus Nexus bieten noch mehr Raum f\u00fcr experimentelle Kl\u00e4nge. Am Abend bietet das \u201eNexus+\u201c \u00f6sterreichischen K\u00fcnstlern wie 5\/8erl in Ehr\u2019n, Yasmo &amp; die Klangkantine, Expressway Sketches sowie einem hochkar\u00e4tig besetzten Impro Poetry Slam eine B\u00fchne \u2013 und das bei freiem Eintritt. Dar\u00fcber hinaus findet dort am Sonntag ein \u201eKinderkonzert\u201c statt, das M\u00e4dchen und Jungen ab vier Jahren auf eine musikalische Reise mitnimmt.<\/p>\n<p>Ganz besondere B\u00fchnen bietet das Festival mit den so genannten Almkonzerten, die vor der eindrucksvollen Kulisse der Pinzgauer Bergwelt stattfinden: am\u00a0 Biberg, am K\u00fchb\u00fchel, am Asitz in Leogang sowie auf der Einsiedelei in Saalfelden \u2013\u00a0 eine der letzten Eremitagen Europas.<\/p>\n<p>Zum ersten Mal wird dieses Jahr auch eine Jugend-Pauschale angeboten. Studenten bis zur Vollendung des 26. Lebensjahres k\u00f6nnen bereits ab 55 Euro einen 3-Tages-Pass in der Kategorie D erwerben \u2013 das Campen ist f\u00fcr alle drei Tage kostenlos. Einen Standard 3-Tages-Pass inklusive N\u00e4chtigung im Hostel gibt es bereits um\u00a0 142 Euro und Tagestickets ab 57 Euro.<\/p>\n<p><strong>Tickets und Programm unter:<\/strong> <a href=\"http:\/\/www.jazzsaalfelden.com\">www.jazzsaalfelden.com <\/a><\/p>\n","protected":false},"excerpt":{"rendered":"<p>Das Internationale Jazzfestival Saalfelden j\u00e4hrt sich 2017 bereits zum 38. Mal. Mit 37 Konzerten an vier Tagen gelingt es den Veranstaltern immer wieder, die Herzen von Musikliebhabern h\u00f6her schlagen zu lassen. 16 der 37 Konzerte k\u00f6nnen die G\u00e4ste bei freiem Eintritt besuchen. Das Jazzfestival Saalfelden beginnt bereits am Donnerstagabend mit den sogenannten City Stage Konzerten auf dem Rathausplatz, welche kostenlos zug\u00e4nglich sind. Offiziell er\u00f6ffnet wird das Event dann am Freitagabend auf der Main Stage des Congress: Die Intendanten Michaela Mayer und Mario Steidl vergeben jedes Jahr das Er\u00f6ffnungsprojekt an einen \u00f6sterreichischen Musiker oder eine \u00f6sterreichische Musikerin. Dieses Jahr wird der Saxophonist Gerald Preinfalk ein international besetztes Projekt als Weltpremiere pr\u00e4sentieren. Das Ziel dieses Festivals ist es, die Grenzen des Jazz auszuloten und zu verschieben. Musikerinnen und Musiker wie etwa Kjetil Moster, Steve Lehman, Michael Riessler, Eve Risser, Sinikka Langeland oder Mats Gustafsson tun das auf ihre ganz individuelle Art und Weise und werden so auch heuer bei den Jazzfans f\u00fcr Neuentdeckungen sorgen \u2013 ein Markenzeichen des Festivals in Saalfelden Leogang. Die bereits ausverkauften \u201eShortcuts\u201c im Kunsthaus Nexus bieten noch mehr Raum f\u00fcr experimentelle Kl\u00e4nge. Am &hellip;<\/p>\n","protected":false},"author":18,"featured_media":0,"comment_status":"open","ping_status":"closed","sticky":false,"template":"","format":"standard","meta":{"_jetpack_memberships_contains_paid_content":false,"footnotes":"","jetpack_publicize_message":"","jetpack_publicize_feature_enabled":true,"jetpack_social_post_already_shared":false,"jetpack_social_options":{"image_generator_settings":{"template":"highway","default_image_id":0,"font":"","enabled":false},"version":2}},"categories":[633],"tags":[1309,3,682,918,1124,323,757,820,1459,1342,525,548],"coauthors":[695],"class_list":["post-13192","post","type-post","status-publish","format-standard","hentry","category-nachrichten","tag-eve-risser","tag-festival","tag-festivals","tag-jazzfestival","tag-jazzfestival-saalfelden","tag-konzerte","tag-michael-riessler","tag-poetry-slam","tag-saalfelden","tag-steve-lehman","tag-studenten","tag-tickets"],"yoast_head":"<!-- This site is optimized with the Yoast SEO plugin v27.5 - https:\/\/yoast.com\/product\/yoast-seo-wordpress\/ -->\n<title>Das 38. Internationale Jazzfestival geht von 24. bis 27. August \u00fcber die Saalfeldener B\u00fchnen - JazzZeitung<\/title>\n<meta name=\"robots\" content=\"index, follow, max-snippet:-1, max-image-preview:large, max-video-preview:-1\" \/>\n<link rel=\"canonical\" href=\"https:\/\/www.jazzzeitung.de\/cms\/2017\/08\/das-38-internationale-jazzfestival-geht-von-24-bis-27-august-ueber-die-saalfeldener-buehnen\/\" \/>\n<meta property=\"og:locale\" content=\"de_DE\" \/>\n<meta property=\"og:type\" content=\"article\" \/>\n<meta property=\"og:title\" content=\"Das 38. Internationale Jazzfestival geht von 24. bis 27. August \u00fcber die Saalfeldener B\u00fchnen - JazzZeitung\" \/>\n<meta property=\"og:description\" content=\"Das Internationale Jazzfestival Saalfelden j\u00e4hrt sich 2017 bereits zum 38. Mal. Mit 37 Konzerten an vier Tagen gelingt es den Veranstaltern immer wieder, die Herzen von Musikliebhabern h\u00f6her schlagen zu lassen. 16 der 37 Konzerte k\u00f6nnen die G\u00e4ste bei freiem Eintritt besuchen. Das Jazzfestival Saalfelden beginnt bereits am Donnerstagabend mit den sogenannten City Stage Konzerten auf dem Rathausplatz, welche kostenlos zug\u00e4nglich sind. Offiziell er\u00f6ffnet wird das Event dann am Freitagabend auf der Main Stage des Congress: Die Intendanten Michaela Mayer und Mario Steidl vergeben jedes Jahr das Er\u00f6ffnungsprojekt an einen \u00f6sterreichischen Musiker oder eine \u00f6sterreichische Musikerin. Dieses Jahr wird der Saxophonist Gerald Preinfalk ein international besetztes Projekt als Weltpremiere pr\u00e4sentieren. Das Ziel dieses Festivals ist es, die Grenzen des Jazz auszuloten und zu verschieben. Musikerinnen und Musiker wie etwa Kjetil Moster, Steve Lehman, Michael Riessler, Eve Risser, Sinikka Langeland oder Mats Gustafsson tun das auf ihre ganz individuelle Art und Weise und werden so auch heuer bei den Jazzfans f\u00fcr Neuentdeckungen sorgen \u2013 ein Markenzeichen des Festivals in Saalfelden Leogang. Die bereits ausverkauften \u201eShortcuts\u201c im Kunsthaus Nexus bieten noch mehr Raum f\u00fcr experimentelle Kl\u00e4nge. Am &hellip;\" \/>\n<meta property=\"og:url\" content=\"https:\/\/www.jazzzeitung.de\/cms\/2017\/08\/das-38-internationale-jazzfestival-geht-von-24-bis-27-august-ueber-die-saalfeldener-buehnen\/\" \/>\n<meta property=\"og:site_name\" content=\"JazzZeitung\" \/>\n<meta property=\"article:publisher\" content=\"https:\/\/www.facebook.com\/JazzZeitung\/\" \/>\n<meta property=\"article:published_time\" content=\"2017-08-02T08:14:27+00:00\" \/>\n<meta property=\"og:image\" content=\"https:\/\/www.jazzzeitung.de\/cms\/wp-content\/uploads\/2017\/08\/Mainstage_by_Koppensteiner_Photography-150x150.jpg\" \/>\n<meta name=\"author\" content=\"Redaktion JazzZeitung\" \/>\n<script type=\"application\/ld+json\" class=\"yoast-schema-graph\">{\"@context\":\"https:\\\/\\\/schema.org\",\"@graph\":[{\"@type\":\"Article\",\"@id\":\"https:\\\/\\\/www.jazzzeitung.de\\\/cms\\\/2017\\\/08\\\/das-38-internationale-jazzfestival-geht-von-24-bis-27-august-ueber-die-saalfeldener-buehnen\\\/#article\",\"isPartOf\":{\"@id\":\"https:\\\/\\\/www.jazzzeitung.de\\\/cms\\\/2017\\\/08\\\/das-38-internationale-jazzfestival-geht-von-24-bis-27-august-ueber-die-saalfeldener-buehnen\\\/\"},\"author\":{\"name\":\"Redaktion JazzZeitung\",\"@id\":\"https:\\\/\\\/www.jazzzeitung.de\\\/cms\\\/#\\\/schema\\\/person\\\/2245b36b9cd1d24cea10f01c031fb92b\"},\"headline\":\"Das 38. Internationale Jazzfestival geht von 24. bis 27. August \u00fcber die Saalfeldener B\u00fchnen\",\"datePublished\":\"2017-08-02T08:14:27+00:00\",\"mainEntityOfPage\":{\"@id\":\"https:\\\/\\\/www.jazzzeitung.de\\\/cms\\\/2017\\\/08\\\/das-38-internationale-jazzfestival-geht-von-24-bis-27-august-ueber-die-saalfeldener-buehnen\\\/\"},\"wordCount\":362,\"commentCount\":0,\"publisher\":{\"@id\":\"https:\\\/\\\/www.jazzzeitung.de\\\/cms\\\/#organization\"},\"image\":{\"@id\":\"https:\\\/\\\/www.jazzzeitung.de\\\/cms\\\/2017\\\/08\\\/das-38-internationale-jazzfestival-geht-von-24-bis-27-august-ueber-die-saalfeldener-buehnen\\\/#primaryimage\"},\"thumbnailUrl\":\"https:\\\/\\\/www.jazzzeitung.de\\\/cms\\\/wp-content\\\/uploads\\\/2017\\\/08\\\/Mainstage_by_Koppensteiner_Photography-150x150.jpg\",\"keywords\":[\"Eve Risser\",\"Festival\",\"Festivals\",\"Jazzfestival\",\"Jazzfestival Saalfelden\",\"Konzerte\",\"Michael Riessler\",\"Poetry Slam\",\"Saalfelden\",\"Steve Lehman\",\"Studenten\",\"Tickets\"],\"articleSection\":[\"News\"],\"inLanguage\":\"de\",\"potentialAction\":[{\"@type\":\"CommentAction\",\"name\":\"Comment\",\"target\":[\"https:\\\/\\\/www.jazzzeitung.de\\\/cms\\\/2017\\\/08\\\/das-38-internationale-jazzfestival-geht-von-24-bis-27-august-ueber-die-saalfeldener-buehnen\\\/#respond\"]}]},{\"@type\":\"WebPage\",\"@id\":\"https:\\\/\\\/www.jazzzeitung.de\\\/cms\\\/2017\\\/08\\\/das-38-internationale-jazzfestival-geht-von-24-bis-27-august-ueber-die-saalfeldener-buehnen\\\/\",\"url\":\"https:\\\/\\\/www.jazzzeitung.de\\\/cms\\\/2017\\\/08\\\/das-38-internationale-jazzfestival-geht-von-24-bis-27-august-ueber-die-saalfeldener-buehnen\\\/\",\"name\":\"Das 38. Internationale Jazzfestival geht von 24. bis 27. August \u00fcber die Saalfeldener B\u00fchnen - JazzZeitung\",\"isPartOf\":{\"@id\":\"https:\\\/\\\/www.jazzzeitung.de\\\/cms\\\/#website\"},\"primaryImageOfPage\":{\"@id\":\"https:\\\/\\\/www.jazzzeitung.de\\\/cms\\\/2017\\\/08\\\/das-38-internationale-jazzfestival-geht-von-24-bis-27-august-ueber-die-saalfeldener-buehnen\\\/#primaryimage\"},\"image\":{\"@id\":\"https:\\\/\\\/www.jazzzeitung.de\\\/cms\\\/2017\\\/08\\\/das-38-internationale-jazzfestival-geht-von-24-bis-27-august-ueber-die-saalfeldener-buehnen\\\/#primaryimage\"},\"thumbnailUrl\":\"https:\\\/\\\/www.jazzzeitung.de\\\/cms\\\/wp-content\\\/uploads\\\/2017\\\/08\\\/Mainstage_by_Koppensteiner_Photography-150x150.jpg\",\"datePublished\":\"2017-08-02T08:14:27+00:00\",\"breadcrumb\":{\"@id\":\"https:\\\/\\\/www.jazzzeitung.de\\\/cms\\\/2017\\\/08\\\/das-38-internationale-jazzfestival-geht-von-24-bis-27-august-ueber-die-saalfeldener-buehnen\\\/#breadcrumb\"},\"inLanguage\":\"de\",\"potentialAction\":[{\"@type\":\"ReadAction\",\"target\":[\"https:\\\/\\\/www.jazzzeitung.de\\\/cms\\\/2017\\\/08\\\/das-38-internationale-jazzfestival-geht-von-24-bis-27-august-ueber-die-saalfeldener-buehnen\\\/\"]}]},{\"@type\":\"ImageObject\",\"inLanguage\":\"de\",\"@id\":\"https:\\\/\\\/www.jazzzeitung.de\\\/cms\\\/2017\\\/08\\\/das-38-internationale-jazzfestival-geht-von-24-bis-27-august-ueber-die-saalfeldener-buehnen\\\/#primaryimage\",\"url\":\"https:\\\/\\\/i0.wp.com\\\/www.jazzzeitung.de\\\/cms\\\/wp-content\\\/uploads\\\/2017\\\/08\\\/Mainstage_by_Koppensteiner_Photography.jpg?fit=5000%2C3337&ssl=1\",\"contentUrl\":\"https:\\\/\\\/i0.wp.com\\\/www.jazzzeitung.de\\\/cms\\\/wp-content\\\/uploads\\\/2017\\\/08\\\/Mainstage_by_Koppensteiner_Photography.jpg?fit=5000%2C3337&ssl=1\",\"width\":5000,\"height\":3337},{\"@type\":\"BreadcrumbList\",\"@id\":\"https:\\\/\\\/www.jazzzeitung.de\\\/cms\\\/2017\\\/08\\\/das-38-internationale-jazzfestival-geht-von-24-bis-27-august-ueber-die-saalfeldener-buehnen\\\/#breadcrumb\",\"itemListElement\":[{\"@type\":\"ListItem\",\"position\":1,\"name\":\"Startseite\",\"item\":\"https:\\\/\\\/www.jazzzeitung.de\\\/cms\\\/\"},{\"@type\":\"ListItem\",\"position\":2,\"name\":\"Das 38. Internationale Jazzfestival geht von 24. bis 27. August \u00fcber die Saalfeldener B\u00fchnen\"}]},{\"@type\":\"WebSite\",\"@id\":\"https:\\\/\\\/www.jazzzeitung.de\\\/cms\\\/#website\",\"url\":\"https:\\\/\\\/www.jazzzeitung.de\\\/cms\\\/\",\"name\":\"JazzZeitung\",\"description\":\"Jazz-News und Jazz-Kontroverses\",\"publisher\":{\"@id\":\"https:\\\/\\\/www.jazzzeitung.de\\\/cms\\\/#organization\"},\"potentialAction\":[{\"@type\":\"SearchAction\",\"target\":{\"@type\":\"EntryPoint\",\"urlTemplate\":\"https:\\\/\\\/www.jazzzeitung.de\\\/cms\\\/?s={search_term_string}\"},\"query-input\":{\"@type\":\"PropertyValueSpecification\",\"valueRequired\":true,\"valueName\":\"search_term_string\"}}],\"inLanguage\":\"de\"},{\"@type\":\"Organization\",\"@id\":\"https:\\\/\\\/www.jazzzeitung.de\\\/cms\\\/#organization\",\"name\":\"JazzZeitung online\",\"url\":\"https:\\\/\\\/www.jazzzeitung.de\\\/cms\\\/\",\"logo\":{\"@type\":\"ImageObject\",\"inLanguage\":\"de\",\"@id\":\"https:\\\/\\\/www.jazzzeitung.de\\\/cms\\\/#\\\/schema\\\/logo\\\/image\\\/\",\"url\":\"https:\\\/\\\/i0.wp.com\\\/www.jazzzeitung.de\\\/cms\\\/wp-content\\\/uploads\\\/2015\\\/08\\\/JAZZZEITUNGDE_Logo_Neu.png?fit=499%2C200&ssl=1\",\"contentUrl\":\"https:\\\/\\\/i0.wp.com\\\/www.jazzzeitung.de\\\/cms\\\/wp-content\\\/uploads\\\/2015\\\/08\\\/JAZZZEITUNGDE_Logo_Neu.png?fit=499%2C200&ssl=1\",\"width\":499,\"height\":200,\"caption\":\"JazzZeitung online\"},\"image\":{\"@id\":\"https:\\\/\\\/www.jazzzeitung.de\\\/cms\\\/#\\\/schema\\\/logo\\\/image\\\/\"},\"sameAs\":[\"https:\\\/\\\/www.facebook.com\\\/JazzZeitung\\\/\"]},{\"@type\":\"Person\",\"@id\":\"https:\\\/\\\/www.jazzzeitung.de\\\/cms\\\/#\\\/schema\\\/person\\\/2245b36b9cd1d24cea10f01c031fb92b\",\"name\":\"Redaktion JazzZeitung\",\"image\":{\"@type\":\"ImageObject\",\"inLanguage\":\"de\",\"@id\":\"https:\\\/\\\/i0.wp.com\\\/www.jazzzeitung.de\\\/cms\\\/wp-content\\\/uploads\\\/2015\\\/08\\\/JAZZZEITUNGDE_Logo_Neu.png?resize=96%2C96&ssl=159975dcacb611b5700bd619b5daf0a7a\",\"url\":\"https:\\\/\\\/i0.wp.com\\\/www.jazzzeitung.de\\\/cms\\\/wp-content\\\/uploads\\\/2015\\\/08\\\/JAZZZEITUNGDE_Logo_Neu.png?resize=96%2C96&ssl=1\",\"contentUrl\":\"https:\\\/\\\/i0.wp.com\\\/www.jazzzeitung.de\\\/cms\\\/wp-content\\\/uploads\\\/2015\\\/08\\\/JAZZZEITUNGDE_Logo_Neu.png?resize=96%2C96&ssl=1\",\"caption\":\"Redaktion JazzZeitung\"},\"description\":\"Artikel der Redaktion der JazzZeitung.\",\"sameAs\":[\"http:\\\/\\\/www.jazzzeitung.de\\\/cms\\\/\"],\"url\":\"https:\\\/\\\/www.jazzzeitung.de\\\/cms\\\/author\\\/redaktion\\\/\"}]}<\/script>\n<!-- \/ Yoast SEO plugin. -->","yoast_head_json":{"title":"Das 38. Internationale Jazzfestival geht von 24. bis 27. August \u00fcber die Saalfeldener B\u00fchnen - JazzZeitung","robots":{"index":"index","follow":"follow","max-snippet":"max-snippet:-1","max-image-preview":"max-image-preview:large","max-video-preview":"max-video-preview:-1"},"canonical":"https:\/\/www.jazzzeitung.de\/cms\/2017\/08\/das-38-internationale-jazzfestival-geht-von-24-bis-27-august-ueber-die-saalfeldener-buehnen\/","og_locale":"de_DE","og_type":"article","og_title":"Das 38. Internationale Jazzfestival geht von 24. bis 27. August \u00fcber die Saalfeldener B\u00fchnen - JazzZeitung","og_description":"Das Internationale Jazzfestival Saalfelden j\u00e4hrt sich 2017 bereits zum 38. Mal. Mit 37 Konzerten an vier Tagen gelingt es den Veranstaltern immer wieder, die Herzen von Musikliebhabern h\u00f6her schlagen zu lassen. 16 der 37 Konzerte k\u00f6nnen die G\u00e4ste bei freiem Eintritt besuchen. Das Jazzfestival Saalfelden beginnt bereits am Donnerstagabend mit den sogenannten City Stage Konzerten auf dem Rathausplatz, welche kostenlos zug\u00e4nglich sind. Offiziell er\u00f6ffnet wird das Event dann am Freitagabend auf der Main Stage des Congress: Die Intendanten Michaela Mayer und Mario Steidl vergeben jedes Jahr das Er\u00f6ffnungsprojekt an einen \u00f6sterreichischen Musiker oder eine \u00f6sterreichische Musikerin. Dieses Jahr wird der Saxophonist Gerald Preinfalk ein international besetztes Projekt als Weltpremiere pr\u00e4sentieren. Das Ziel dieses Festivals ist es, die Grenzen des Jazz auszuloten und zu verschieben. Musikerinnen und Musiker wie etwa Kjetil Moster, Steve Lehman, Michael Riessler, Eve Risser, Sinikka Langeland oder Mats Gustafsson tun das auf ihre ganz individuelle Art und Weise und werden so auch heuer bei den Jazzfans f\u00fcr Neuentdeckungen sorgen \u2013 ein Markenzeichen des Festivals in Saalfelden Leogang. Die bereits ausverkauften \u201eShortcuts\u201c im Kunsthaus Nexus bieten noch mehr Raum f\u00fcr experimentelle Kl\u00e4nge. Am &hellip;","og_url":"https:\/\/www.jazzzeitung.de\/cms\/2017\/08\/das-38-internationale-jazzfestival-geht-von-24-bis-27-august-ueber-die-saalfeldener-buehnen\/","og_site_name":"JazzZeitung","article_publisher":"https:\/\/www.facebook.com\/JazzZeitung\/","article_published_time":"2017-08-02T08:14:27+00:00","og_image":[{"url":"https:\/\/www.jazzzeitung.de\/cms\/wp-content\/uploads\/2017\/08\/Mainstage_by_Koppensteiner_Photography-150x150.jpg","type":"","width":"","height":""}],"author":"Redaktion JazzZeitung","schema":{"@context":"https:\/\/schema.org","@graph":[{"@type":"Article","@id":"https:\/\/www.jazzzeitung.de\/cms\/2017\/08\/das-38-internationale-jazzfestival-geht-von-24-bis-27-august-ueber-die-saalfeldener-buehnen\/#article","isPartOf":{"@id":"https:\/\/www.jazzzeitung.de\/cms\/2017\/08\/das-38-internationale-jazzfestival-geht-von-24-bis-27-august-ueber-die-saalfeldener-buehnen\/"},"author":{"name":"Redaktion JazzZeitung","@id":"https:\/\/www.jazzzeitung.de\/cms\/#\/schema\/person\/2245b36b9cd1d24cea10f01c031fb92b"},"headline":"Das 38. Internationale Jazzfestival geht von 24. bis 27. August \u00fcber die Saalfeldener B\u00fchnen","datePublished":"2017-08-02T08:14:27+00:00","mainEntityOfPage":{"@id":"https:\/\/www.jazzzeitung.de\/cms\/2017\/08\/das-38-internationale-jazzfestival-geht-von-24-bis-27-august-ueber-die-saalfeldener-buehnen\/"},"wordCount":362,"commentCount":0,"publisher":{"@id":"https:\/\/www.jazzzeitung.de\/cms\/#organization"},"image":{"@id":"https:\/\/www.jazzzeitung.de\/cms\/2017\/08\/das-38-internationale-jazzfestival-geht-von-24-bis-27-august-ueber-die-saalfeldener-buehnen\/#primaryimage"},"thumbnailUrl":"https:\/\/www.jazzzeitung.de\/cms\/wp-content\/uploads\/2017\/08\/Mainstage_by_Koppensteiner_Photography-150x150.jpg","keywords":["Eve Risser","Festival","Festivals","Jazzfestival","Jazzfestival Saalfelden","Konzerte","Michael Riessler","Poetry Slam","Saalfelden","Steve Lehman","Studenten","Tickets"],"articleSection":["News"],"inLanguage":"de","potentialAction":[{"@type":"CommentAction","name":"Comment","target":["https:\/\/www.jazzzeitung.de\/cms\/2017\/08\/das-38-internationale-jazzfestival-geht-von-24-bis-27-august-ueber-die-saalfeldener-buehnen\/#respond"]}]},{"@type":"WebPage","@id":"https:\/\/www.jazzzeitung.de\/cms\/2017\/08\/das-38-internationale-jazzfestival-geht-von-24-bis-27-august-ueber-die-saalfeldener-buehnen\/","url":"https:\/\/www.jazzzeitung.de\/cms\/2017\/08\/das-38-internationale-jazzfestival-geht-von-24-bis-27-august-ueber-die-saalfeldener-buehnen\/","name":"Das 38. Internationale Jazzfestival geht von 24. bis 27. August \u00fcber die Saalfeldener B\u00fchnen - JazzZeitung","isPartOf":{"@id":"https:\/\/www.jazzzeitung.de\/cms\/#website"},"primaryImageOfPage":{"@id":"https:\/\/www.jazzzeitung.de\/cms\/2017\/08\/das-38-internationale-jazzfestival-geht-von-24-bis-27-august-ueber-die-saalfeldener-buehnen\/#primaryimage"},"image":{"@id":"https:\/\/www.jazzzeitung.de\/cms\/2017\/08\/das-38-internationale-jazzfestival-geht-von-24-bis-27-august-ueber-die-saalfeldener-buehnen\/#primaryimage"},"thumbnailUrl":"https:\/\/www.jazzzeitung.de\/cms\/wp-content\/uploads\/2017\/08\/Mainstage_by_Koppensteiner_Photography-150x150.jpg","datePublished":"2017-08-02T08:14:27+00:00","breadcrumb":{"@id":"https:\/\/www.jazzzeitung.de\/cms\/2017\/08\/das-38-internationale-jazzfestival-geht-von-24-bis-27-august-ueber-die-saalfeldener-buehnen\/#breadcrumb"},"inLanguage":"de","potentialAction":[{"@type":"ReadAction","target":["https:\/\/www.jazzzeitung.de\/cms\/2017\/08\/das-38-internationale-jazzfestival-geht-von-24-bis-27-august-ueber-die-saalfeldener-buehnen\/"]}]},{"@type":"ImageObject","inLanguage":"de","@id":"https:\/\/www.jazzzeitung.de\/cms\/2017\/08\/das-38-internationale-jazzfestival-geht-von-24-bis-27-august-ueber-die-saalfeldener-buehnen\/#primaryimage","url":"https:\/\/i0.wp.com\/www.jazzzeitung.de\/cms\/wp-content\/uploads\/2017\/08\/Mainstage_by_Koppensteiner_Photography.jpg?fit=5000%2C3337&ssl=1","contentUrl":"https:\/\/i0.wp.com\/www.jazzzeitung.de\/cms\/wp-content\/uploads\/2017\/08\/Mainstage_by_Koppensteiner_Photography.jpg?fit=5000%2C3337&ssl=1","width":5000,"height":3337},{"@type":"BreadcrumbList","@id":"https:\/\/www.jazzzeitung.de\/cms\/2017\/08\/das-38-internationale-jazzfestival-geht-von-24-bis-27-august-ueber-die-saalfeldener-buehnen\/#breadcrumb","itemListElement":[{"@type":"ListItem","position":1,"name":"Startseite","item":"https:\/\/www.jazzzeitung.de\/cms\/"},{"@type":"ListItem","position":2,"name":"Das 38. Internationale Jazzfestival geht von 24. bis 27. August \u00fcber die Saalfeldener B\u00fchnen"}]},{"@type":"WebSite","@id":"https:\/\/www.jazzzeitung.de\/cms\/#website","url":"https:\/\/www.jazzzeitung.de\/cms\/","name":"JazzZeitung","description":"Jazz-News und Jazz-Kontroverses","publisher":{"@id":"https:\/\/www.jazzzeitung.de\/cms\/#organization"},"potentialAction":[{"@type":"SearchAction","target":{"@type":"EntryPoint","urlTemplate":"https:\/\/www.jazzzeitung.de\/cms\/?s={search_term_string}"},"query-input":{"@type":"PropertyValueSpecification","valueRequired":true,"valueName":"search_term_string"}}],"inLanguage":"de"},{"@type":"Organization","@id":"https:\/\/www.jazzzeitung.de\/cms\/#organization","name":"JazzZeitung online","url":"https:\/\/www.jazzzeitung.de\/cms\/","logo":{"@type":"ImageObject","inLanguage":"de","@id":"https:\/\/www.jazzzeitung.de\/cms\/#\/schema\/logo\/image\/","url":"https:\/\/i0.wp.com\/www.jazzzeitung.de\/cms\/wp-content\/uploads\/2015\/08\/JAZZZEITUNGDE_Logo_Neu.png?fit=499%2C200&ssl=1","contentUrl":"https:\/\/i0.wp.com\/www.jazzzeitung.de\/cms\/wp-content\/uploads\/2015\/08\/JAZZZEITUNGDE_Logo_Neu.png?fit=499%2C200&ssl=1","width":499,"height":200,"caption":"JazzZeitung online"},"image":{"@id":"https:\/\/www.jazzzeitung.de\/cms\/#\/schema\/logo\/image\/"},"sameAs":["https:\/\/www.facebook.com\/JazzZeitung\/"]},{"@type":"Person","@id":"https:\/\/www.jazzzeitung.de\/cms\/#\/schema\/person\/2245b36b9cd1d24cea10f01c031fb92b","name":"Redaktion JazzZeitung","image":{"@type":"ImageObject","inLanguage":"de","@id":"https:\/\/i0.wp.com\/www.jazzzeitung.de\/cms\/wp-content\/uploads\/2015\/08\/JAZZZEITUNGDE_Logo_Neu.png?resize=96%2C96&ssl=159975dcacb611b5700bd619b5daf0a7a","url":"https:\/\/i0.wp.com\/www.jazzzeitung.de\/cms\/wp-content\/uploads\/2015\/08\/JAZZZEITUNGDE_Logo_Neu.png?resize=96%2C96&ssl=1","contentUrl":"https:\/\/i0.wp.com\/www.jazzzeitung.de\/cms\/wp-content\/uploads\/2015\/08\/JAZZZEITUNGDE_Logo_Neu.png?resize=96%2C96&ssl=1","caption":"Redaktion JazzZeitung"},"description":"Artikel der Redaktion der JazzZeitung.","sameAs":["http:\/\/www.jazzzeitung.de\/cms\/"],"url":"https:\/\/www.jazzzeitung.de\/cms\/author\/redaktion\/"}]}},"wp-worthy-pixel":{"ignored":false,"public":null,"server":null,"url":null},"wp-worthy-type":"normal","jetpack_publicize_connections":[],"cc_featured_image_caption":{"caption_text":false,"source_text":false,"source_url":false},"jetpack_featured_media_url":"","jetpack_shortlink":"https:\/\/wp.me\/p3KEcT-3qM","jetpack-related-posts":[{"id":13375,"url":"https:\/\/www.jazzzeitung.de\/cms\/2017\/08\/news-38-internationales-jazzfestival-saalfelden\/","url_meta":{"origin":13192,"position":0},"title":"+++ news +++ 38. Internationales Jazzfestival Saalfelden +++ Meier-Budjana Group Europe Tour 2017 +++ Programm f\u00fcr den Jazz Club Minden +++","author":"Redaktion JazzZeitung","date":"22. August 2017","format":false,"excerpt":"+++ 38. Internationales Jazzfestival Saalfelden vom 24. bis 27. August +++ Das Internationale Jazzfestival j\u00e4hrt sich 2017 bereits zum 38. Mal. Das Festival Saalfelden beginnt bereits am Donnerstagabend mit den sogenannten City Stage Konzerten auf dem Rathausplatz, welche kostenlos zug\u00e4nglich sind. Offiziell er\u00f6ffnet wird das Event dann am Freitagabend auf\u2026","rel":"","context":"In &quot;News&quot;","block_context":{"text":"News","link":"https:\/\/www.jazzzeitung.de\/cms\/thema\/nachrichten\/"},"img":{"alt_text":"","src":"https:\/\/i0.wp.com\/www.jazzzeitung.de\/cms\/wp-content\/uploads\/2017\/08\/image001-1-150x150.jpg?resize=350%2C200&ssl=1","width":350,"height":200},"classes":[]},{"id":11589,"url":"https:\/\/www.jazzzeitung.de\/cms\/2017\/01\/so-war-das-3-tage-jazz-in-saalfelden\/","url_meta":{"origin":13192,"position":1},"title":"So war das \u201e3 Tage Jazz\u201c in Saalfelden","author":"Redaktion JazzZeitung","date":"25. Januar 2017","format":false,"excerpt":"Fast 40 Jahre ist es her, als das heutige Jazzfestival Saalfelden unter dem Namen \"3 Tage Jazz\" 1978 seine Tore \u00f6ffnete. Nun im Jahr 2017 konnte man schon zum zweiten Mal den unkonventionellen Jazzt\u00f6nen auch im Winter lauschen und so pr\u00e4sentierten wir beim \u201e3 Tage Jazz\u201c von 20.\u00a0 bis 22.\u2026","rel":"","context":"In &quot;Bericht&quot;","block_context":{"text":"Bericht","link":"https:\/\/www.jazzzeitung.de\/cms\/thema\/bericht\/"},"img":{"alt_text":"","src":"https:\/\/i0.wp.com\/www.jazzzeitung.de\/cms\/wp-content\/uploads\/2017\/01\/Gianluigi-Trovesi-%C2%A9-Michael-Gei%C3%9Fler-150x150.jpg?resize=350%2C200","width":350,"height":200},"classes":[]},{"id":12583,"url":"https:\/\/www.jazzzeitung.de\/cms\/2017\/06\/news-38-internationales-jazzfestival-saalfelden-24-27-08-2017\/","url_meta":{"origin":13192,"position":2},"title":"+++ News +++ Jazz im Hamburger Hafen: Elbjazz-Festival startet heute! +++  Stefan Frank Band ft. Michel Kneule 7.06.2017 in der AalenerJamSession +++ 38. Internationales Jazzfestival Saalfelden 24.-27.08.2017 +++","author":"Redaktion JazzZeitung","date":"2. Juni 2017","format":false,"excerpt":"+++ Jazz im Hamburger Hafen: Elbjazz-Festival startet heute! +++ Nach einj\u00e4hriger Pause kehrt am Freitag, den 2.06.2017 das Elbjazz-Festival in den Hamburger Hafen zur\u00fcck. In diesem Jahr werden auf acht B\u00fchnen\u00a0neben zahlreichen\u00a0Newcomern auch diverse Stars der Szene spielen, teilte der Veranstalter mit.\u00a0Zu den diesj\u00e4hrigen Highlights z\u00e4hlen Auftritte des\u00a0Joshua Redman Trios,\u2026","rel":"","context":"In &quot;News&quot;","block_context":{"text":"News","link":"https:\/\/www.jazzzeitung.de\/cms\/thema\/nachrichten\/"},"img":{"alt_text":"","src":"https:\/\/i0.wp.com\/www.jazzzeitung.de\/cms\/wp-content\/uploads\/2017\/06\/ELBJAZZ_Logo_schw-300x239.jpg?resize=350%2C200&ssl=1","width":350,"height":200},"classes":[]},{"id":30569,"url":"https:\/\/www.jazzzeitung.de\/cms\/2024\/02\/news-camille-buscot-zur-dju-martin-schmitt-in-oberthulba-jazzfestival-saalfelden-2024\/","url_meta":{"origin":13192,"position":3},"title":"+++ news +++ Camille Buscot zur DJU +++ Martin Schmitt in Oberthulba +++ Jazzfestival Saalfelden 2024 +++","author":"Redaktion JazzZeitung","date":"8. Februar 2024","format":false,"excerpt":"+++ Camille Buscot wird neue Gesch\u00e4ftsf\u00fchrerin der Deutschen Jazzunion +++ (PM Deutsche Jazzunion) Stabs\u00fcbergabe beim Sprachrohr der Jazzmusiker*innen in Deutschland: Die erfahrene Kulturmanagerin und Mitstreiterin der Jazz- und Improvisationsszene Camille Buscot \u00fcbernimmt ab dem 1. Mai die Gesch\u00e4ftsf\u00fchrung der Deutschen Jazzunion. Ihr Vorg\u00e4nger Urs Johnen wird nach achtj\u00e4hriger Amtszeit im\u2026","rel":"","context":"In &quot;News&quot;","block_context":{"text":"News","link":"https:\/\/www.jazzzeitung.de\/cms\/thema\/nachrichten\/"},"img":{"alt_text":"","src":"https:\/\/i0.wp.com\/www.jazzzeitung.de\/cms\/wp-content\/uploads\/2024\/02\/Camille-BuscoBen-Gross.jpeg?fit=850%2C567&ssl=1&resize=350%2C200","width":350,"height":200,"srcset":"https:\/\/i0.wp.com\/www.jazzzeitung.de\/cms\/wp-content\/uploads\/2024\/02\/Camille-BuscoBen-Gross.jpeg?fit=850%2C567&ssl=1&resize=350%2C200 1x, https:\/\/i0.wp.com\/www.jazzzeitung.de\/cms\/wp-content\/uploads\/2024\/02\/Camille-BuscoBen-Gross.jpeg?fit=850%2C567&ssl=1&resize=525%2C300 1.5x, https:\/\/i0.wp.com\/www.jazzzeitung.de\/cms\/wp-content\/uploads\/2024\/02\/Camille-BuscoBen-Gross.jpeg?fit=850%2C567&ssl=1&resize=700%2C400 2x"},"classes":[]},{"id":18436,"url":"https:\/\/www.jazzzeitung.de\/cms\/2019\/01\/news-saalfelden-leogang-feierte-3-tage-jazz-jazzfest-in-rottweil-programm-nahezu-komplett-das-suedtirol-jazzfestival-2019-bespielt-neue-locations\/","url_meta":{"origin":13192,"position":4},"title":"+++ News: +++ Saalfelden Leogang feierte \u201e3 Tage Jazz&#8220; +++ Jazzfest in Rottweil &#8211; Programm nahezu komplett! +++ Das S\u00fcdtirol Jazzfestival 2019 bespielt neue Locations +++","author":"Redaktion JazzZeitung","date":"28. Januar 2019","format":false,"excerpt":"Die ersten \"Drei Tage Jazz\" in der Saalfelden Leogang 2019 Vom 18.-20. Januar 2019 ging das vierte \u201e3 Tage Jazz\" Festival in der Region Saalfelden Leogang\u00a0 inmitten des Salzburger Innergebirgs \u00fcber die B\u00fchne. Das Appetith\u00e4ppchen aufs gro\u00dfe Saalfeldener Sommerfestival ist aber auch schonaus den Kinderschuhen raus und wurde zum neuen\u2026","rel":"","context":"In &quot;News&quot;","block_context":{"text":"News","link":"https:\/\/www.jazzzeitung.de\/cms\/thema\/nachrichten\/"},"img":{"alt_text":"","src":"https:\/\/i0.wp.com\/www.jazzzeitung.de\/cms\/wp-content\/uploads\/2019\/01\/Veranstalter-JazzfestivalcJohannesRadlwimmer.jpg?fit=1200%2C800&ssl=1&resize=350%2C200","width":350,"height":200,"srcset":"https:\/\/i0.wp.com\/www.jazzzeitung.de\/cms\/wp-content\/uploads\/2019\/01\/Veranstalter-JazzfestivalcJohannesRadlwimmer.jpg?fit=1200%2C800&ssl=1&resize=350%2C200 1x, https:\/\/i0.wp.com\/www.jazzzeitung.de\/cms\/wp-content\/uploads\/2019\/01\/Veranstalter-JazzfestivalcJohannesRadlwimmer.jpg?fit=1200%2C800&ssl=1&resize=525%2C300 1.5x, https:\/\/i0.wp.com\/www.jazzzeitung.de\/cms\/wp-content\/uploads\/2019\/01\/Veranstalter-JazzfestivalcJohannesRadlwimmer.jpg?fit=1200%2C800&ssl=1&resize=700%2C400 2x, https:\/\/i0.wp.com\/www.jazzzeitung.de\/cms\/wp-content\/uploads\/2019\/01\/Veranstalter-JazzfestivalcJohannesRadlwimmer.jpg?fit=1200%2C800&ssl=1&resize=1050%2C600 3x"},"classes":[]},{"id":26695,"url":"https:\/\/www.jazzzeitung.de\/cms\/2022\/02\/news-4\/","url_meta":{"origin":13192,"position":5},"title":"+++ news +++ Jazzfestival Saalfelden +++ Bigband-Konzert Weimar +++ Absage H\u00fcrth +++ Bazzooka in Straubing +++","author":"Redaktion JazzZeitung","date":"3. Februar 2022","format":false,"excerpt":"+++ Jazzfestival Saalfelden - Start des Ticketverkaufs +++ Vom 18.-21. August wird das Jazzfestivals Saalfelden in seiner 42. Ausgabe stattfinden. Mehr als 60 Konzerte an unterschiedlichen Spielorten sind geplant. Mit dabei sind u.a. Isaiah Collier & The Chosen Few, Alba Careta Group, Christoph Cech Jazz Orchestra Project, Trondheim Jazz Orchestra\u2026","rel":"","context":"In &quot;News&quot;","block_context":{"text":"News","link":"https:\/\/www.jazzzeitung.de\/cms\/thema\/nachrichten\/"},"img":{"alt_text":"","src":"https:\/\/i0.wp.com\/www.jazzzeitung.de\/cms\/wp-content\/uploads\/2022\/02\/Isaiah-Collier-1.jpeg?fit=1200%2C800&ssl=1&resize=350%2C200","width":350,"height":200,"srcset":"https:\/\/i0.wp.com\/www.jazzzeitung.de\/cms\/wp-content\/uploads\/2022\/02\/Isaiah-Collier-1.jpeg?fit=1200%2C800&ssl=1&resize=350%2C200 1x, https:\/\/i0.wp.com\/www.jazzzeitung.de\/cms\/wp-content\/uploads\/2022\/02\/Isaiah-Collier-1.jpeg?fit=1200%2C800&ssl=1&resize=525%2C300 1.5x, https:\/\/i0.wp.com\/www.jazzzeitung.de\/cms\/wp-content\/uploads\/2022\/02\/Isaiah-Collier-1.jpeg?fit=1200%2C800&ssl=1&resize=700%2C400 2x, https:\/\/i0.wp.com\/www.jazzzeitung.de\/cms\/wp-content\/uploads\/2022\/02\/Isaiah-Collier-1.jpeg?fit=1200%2C800&ssl=1&resize=1050%2C600 3x"},"classes":[]}],"jetpack_sharing_enabled":true,"_links":{"self":[{"href":"https:\/\/www.jazzzeitung.de\/cms\/wp-json\/wp\/v2\/posts\/13192","targetHints":{"allow":["GET"]}}],"collection":[{"href":"https:\/\/www.jazzzeitung.de\/cms\/wp-json\/wp\/v2\/posts"}],"about":[{"href":"https:\/\/www.jazzzeitung.de\/cms\/wp-json\/wp\/v2\/types\/post"}],"author":[{"embeddable":true,"href":"https:\/\/www.jazzzeitung.de\/cms\/wp-json\/wp\/v2\/users\/18"}],"replies":[{"embeddable":true,"href":"https:\/\/www.jazzzeitung.de\/cms\/wp-json\/wp\/v2\/comments?post=13192"}],"version-history":[{"count":1,"href":"https:\/\/www.jazzzeitung.de\/cms\/wp-json\/wp\/v2\/posts\/13192\/revisions"}],"predecessor-version":[{"id":13194,"href":"https:\/\/www.jazzzeitung.de\/cms\/wp-json\/wp\/v2\/posts\/13192\/revisions\/13194"}],"wp:attachment":[{"href":"https:\/\/www.jazzzeitung.de\/cms\/wp-json\/wp\/v2\/media?parent=13192"}],"wp:term":[{"taxonomy":"category","embeddable":true,"href":"https:\/\/www.jazzzeitung.de\/cms\/wp-json\/wp\/v2\/categories?post=13192"},{"taxonomy":"post_tag","embeddable":true,"href":"https:\/\/www.jazzzeitung.de\/cms\/wp-json\/wp\/v2\/tags?post=13192"},{"taxonomy":"author","embeddable":true,"href":"https:\/\/www.jazzzeitung.de\/cms\/wp-json\/wp\/v2\/coauthors?post=13192"}],"curies":[{"name":"wp","href":"https:\/\/api.w.org\/{rel}","templated":true}]}}