{"id":13189,"date":"2017-08-01T09:28:04","date_gmt":"2017-08-01T07:28:04","guid":{"rendered":"https:\/\/www.jazzzeitung.de\/cms\/?p=13189"},"modified":"2017-10-15T12:52:36","modified_gmt":"2017-10-15T10:52:36","slug":"cd-rezension-michael-naura-quintett-european-jazz-sounds","status":"publish","type":"post","link":"https:\/\/www.jazzzeitung.de\/cms\/2017\/08\/cd-rezension-michael-naura-quintett-european-jazz-sounds\/","title":{"rendered":"CD-Rezension &#8211; Michael Naura Quintett:  European Jazz Sounds"},"content":{"rendered":"<p><strong><a href=\"https:\/\/i0.wp.com\/www.jazzzeitung.de\/cms\/wp-content\/uploads\/2017\/08\/Cover-Michael-Naura-Quintett.jpg?ssl=1\"><img data-recalc-dims=\"1\" loading=\"lazy\" decoding=\"async\" data-attachment-id=\"13190\" data-permalink=\"https:\/\/www.jazzzeitung.de\/cms\/2017\/08\/cd-rezension-michael-naura-quintett-european-jazz-sounds\/cover-michael-naura-quintett\/\" data-orig-file=\"https:\/\/i0.wp.com\/www.jazzzeitung.de\/cms\/wp-content\/uploads\/2017\/08\/Cover-Michael-Naura-Quintett.jpg?fit=1500%2C1500&amp;ssl=1\" data-orig-size=\"1500,1500\" data-comments-opened=\"1\" data-image-meta=\"{&quot;aperture&quot;:&quot;0&quot;,&quot;credit&quot;:&quot;&quot;,&quot;camera&quot;:&quot;&quot;,&quot;caption&quot;:&quot;&quot;,&quot;created_timestamp&quot;:&quot;0&quot;,&quot;copyright&quot;:&quot;&quot;,&quot;focal_length&quot;:&quot;0&quot;,&quot;iso&quot;:&quot;0&quot;,&quot;shutter_speed&quot;:&quot;0&quot;,&quot;title&quot;:&quot;&quot;,&quot;orientation&quot;:&quot;0&quot;}\" data-image-title=\"Cover Michael Naura Quintett\" data-image-description=\"\" data-image-caption=\"\" data-large-file=\"https:\/\/i0.wp.com\/www.jazzzeitung.de\/cms\/wp-content\/uploads\/2017\/08\/Cover-Michael-Naura-Quintett.jpg?fit=600%2C600&amp;ssl=1\" class=\"alignright size-thumbnail wp-image-13190\" src=\"https:\/\/i0.wp.com\/www.jazzzeitung.de\/cms\/wp-content\/uploads\/2017\/08\/Cover-Michael-Naura-Quintett.jpg?resize=150%2C150&#038;ssl=1\" alt=\"\" width=\"150\" height=\"150\" srcset=\"https:\/\/i0.wp.com\/www.jazzzeitung.de\/cms\/wp-content\/uploads\/2017\/08\/Cover-Michael-Naura-Quintett.jpg?resize=150%2C150&amp;ssl=1 150w, https:\/\/i0.wp.com\/www.jazzzeitung.de\/cms\/wp-content\/uploads\/2017\/08\/Cover-Michael-Naura-Quintett.jpg?resize=300%2C300&amp;ssl=1 300w, https:\/\/i0.wp.com\/www.jazzzeitung.de\/cms\/wp-content\/uploads\/2017\/08\/Cover-Michael-Naura-Quintett.jpg?resize=768%2C768&amp;ssl=1 768w, https:\/\/i0.wp.com\/www.jazzzeitung.de\/cms\/wp-content\/uploads\/2017\/08\/Cover-Michael-Naura-Quintett.jpg?resize=600%2C600&amp;ssl=1 600w, https:\/\/i0.wp.com\/www.jazzzeitung.de\/cms\/wp-content\/uploads\/2017\/08\/Cover-Michael-Naura-Quintett.jpg?resize=144%2C144&amp;ssl=1 144w, https:\/\/i0.wp.com\/www.jazzzeitung.de\/cms\/wp-content\/uploads\/2017\/08\/Cover-Michael-Naura-Quintett.jpg?resize=96%2C96&amp;ssl=1 96w, https:\/\/i0.wp.com\/www.jazzzeitung.de\/cms\/wp-content\/uploads\/2017\/08\/Cover-Michael-Naura-Quintett.jpg?resize=24%2C24&amp;ssl=1 24w, https:\/\/i0.wp.com\/www.jazzzeitung.de\/cms\/wp-content\/uploads\/2017\/08\/Cover-Michael-Naura-Quintett.jpg?resize=36%2C36&amp;ssl=1 36w, https:\/\/i0.wp.com\/www.jazzzeitung.de\/cms\/wp-content\/uploads\/2017\/08\/Cover-Michael-Naura-Quintett.jpg?resize=48%2C48&amp;ssl=1 48w, https:\/\/i0.wp.com\/www.jazzzeitung.de\/cms\/wp-content\/uploads\/2017\/08\/Cover-Michael-Naura-Quintett.jpg?resize=64%2C64&amp;ssl=1 64w, https:\/\/i0.wp.com\/www.jazzzeitung.de\/cms\/wp-content\/uploads\/2017\/08\/Cover-Michael-Naura-Quintett.jpg?resize=32%2C32&amp;ssl=1 32w, https:\/\/i0.wp.com\/www.jazzzeitung.de\/cms\/wp-content\/uploads\/2017\/08\/Cover-Michael-Naura-Quintett.jpg?resize=50%2C50&amp;ssl=1 50w, https:\/\/i0.wp.com\/www.jazzzeitung.de\/cms\/wp-content\/uploads\/2017\/08\/Cover-Michael-Naura-Quintett.jpg?resize=128%2C128&amp;ssl=1 128w, https:\/\/i0.wp.com\/www.jazzzeitung.de\/cms\/wp-content\/uploads\/2017\/08\/Cover-Michael-Naura-Quintett.jpg?w=1500&amp;ssl=1 1500w\" sizes=\"auto, (max-width: 150px) 100vw, 150px\" \/><\/a>Manchmal gibt es noch echte musikalische \u00dcberraschungen, die man partout nicht erwartet h\u00e4tte! So die bei dem engagierten, umtriebigen be-bop Label gerade erschienene DoCD des Michael Naura Quintetts \u201eEuropean Jazz Sounds\u201c (<em>nicht<\/em> identisch mit der gleichnamigen, 1963 auf Brunswick erschienenen LP!) mit seltenen, sowie bis dato unver\u00f6ffentlichten Live-Aufnahmen.<\/strong><\/p>\n<p>Das Michael Naura Quintett \u00a0war Anfang der f\u00fcnfziger- und sechziger Jahre eine der erfolgreichsten deutschen Jazzcombos, die Einfl\u00fcsse von George Shearing \u00fcber Horace Silver bis hin zu Dave Brubeck oder dem Modern Jazz Quartett verinnerlichten und musikalisch selbstst\u00e4ndig weiter entwickelten. Absolut stilpr\u00e4gend war hierbei die fruchtbare Zusammenarbeit des Pianisten Michael Naura mit Wolfgang Schl\u00fcter am Vibraphon. Frisch, unverbraucht, auf zu neuen musikalischen Ufern \u2013 so muss es damals wohl gewesen sein. Der Klang dieser Musik jedenfalls hat bis heute nichts von seinem Reiz verloren!<\/p>\n<p>Auf der ersten CD sind Live Aufnahmen vom Dezember 1961 aus der legend\u00e4ren Hamburger Kellerbar Barett zu h\u00f6ren, in dem das Naura Quintett \u00fcber sieben Jahre kontinuierlich ein festes Engagement mit unz\u00e4hligen Auftritten hatte. Hinter den im CD-Booklet als Session 1-7 gekennzeichneten Tracks verbergen sich Perlen wie \u201eI Remember Clifford\u201c (CD 1 #2), \u201ePolka Dots And Moon Beams\u201c (CD #5), \u201eTwo Bass Hit\u201c (CD #6), \u201eNica\u2018s Dream\u201c (CD #7) oder \u201eI Can\u2019t Get Started\u201c (CD #8), die der NDR seinerzeit gl\u00fccklicherweise mitgeschnitten hat. Lediglich zwei St\u00fccke aus dieser Session \u2013 \u201eNica\u2019s Dream\u201c sowie \u201eI Can\u2019t Get Started\u201c wurden vor Jahren einmal im Rahmen einer NDR Sendung \u00fcbertragen (Info f\u00fcr Naura-Connoisseurs: gesendet wurde eine Aufnahme vom 15.12.1961 &#8211; Titelfolge: \u201eFreddy Freeloader\u201c, \u201eFlamingo\u201c, \u201eWork Song\u201c, \u201eNica\u2019s Dream\u201c, \u201eI Can\u2019t Get Started\u201c, \u201eMilestones\u201c, \u201eWei\u00dfboard\u201c, \u201eParty with John\u201c &amp; \u201eSensibility\u201c). Danach folgen auf der CD noch zwei St\u00fccke \u201eRainy Clouds\u201c und \u201eRhythm-A-Ning\u201c, aufgenommen beim 9. Deutschen Jazzfestival Frankfurt 1964.<\/p>\n<p>Auf der zweiten CD befinden sich dann, neben den St\u00fccken \u201eTopsy\u201c und \u201eTickle Toe\u201c, aufgenommen im NDR 1957 und 1958, die offiziellen, vom Michael Naura Quintett bis dato lediglich auf Vinyl erschienenen, 4-track 7\u2018\u2018 EP\u2018s der Label Telefunken und Metronome: \u00a0\u201eDas Michael Naura Quintett\u201c, \u201eDown to Earth\u201c &amp; \u201eJazz from Berlin\u201c. Au\u00dferdem noch der Track \u201eWhere are you\u201c, 1956 eingespielt vom Michael Naura Quartett und seinerzeit \u00a0ebenfalls als 7\u2018\u2018 erschienen auf Brunswick unter dem Titel \u201eBerlin Jazz\u201c.<\/p>\n<p>Erlaubt sei noch eine kleine diskografische Korrektur zum liebevoll gestalteten und ausf\u00fchrlich bebilderten Booklet: auf der zweiten CD #12-15 (also der Single \u201eJazz from Berlin\u201c) trommelt Tom \u201eEminenz\u201c Roberts und nicht wie angegeben Heinz von Moisy. Der Teufel steckt bekanntlich im Detail. Alles in allem ist diese Ver\u00f6ffentlichung eine erstklassige und soundtechnisch hervorragend aufgearbeitete Erg\u00e4nzung zum \u0152uvre Nauras, die sowohl diskografische L\u00fccken schlie\u00dft und gleichzeitig seltene Aufnahmen wieder zug\u00e4nglich macht. Michael \u2013 \u201eyou\u2019ll be always on our mind\u201c!<\/p>\n<p><em>Von Thomas J. Krebs<\/em><\/p>\n<ul>\n<li><strong>Michael Naura Quintett:\u00a0 European Jazz Sounds<br \/>\n<\/strong><strong>be-bop 6196-97 CD<\/strong><\/li>\n<\/ul>\n","protected":false},"excerpt":{"rendered":"<p>Manchmal gibt es noch echte musikalische \u00dcberraschungen, die man partout nicht erwartet h\u00e4tte! So die bei dem engagierten, umtriebigen be-bop Label gerade erschienene DoCD des Michael Naura Quintetts \u201eEuropean Jazz Sounds\u201c (nicht identisch mit der gleichnamigen, 1963 auf Brunswick erschienenen LP!) mit seltenen, sowie bis dato unver\u00f6ffentlichten Live-Aufnahmen. Das Michael Naura Quintett \u00a0war Anfang der f\u00fcnfziger- und sechziger Jahre eine der erfolgreichsten deutschen Jazzcombos, die Einfl\u00fcsse von George Shearing \u00fcber Horace Silver bis hin zu Dave Brubeck oder dem Modern Jazz Quartett verinnerlichten und musikalisch selbstst\u00e4ndig weiter entwickelten. Absolut stilpr\u00e4gend war hierbei die fruchtbare Zusammenarbeit des Pianisten Michael Naura mit Wolfgang Schl\u00fcter am Vibraphon. Frisch, unverbraucht, auf zu neuen musikalischen Ufern \u2013 so muss es damals wohl gewesen sein. Der Klang dieser Musik jedenfalls hat bis heute nichts von seinem Reiz verloren! Auf der ersten CD sind Live Aufnahmen vom Dezember 1961 aus der legend\u00e4ren Hamburger Kellerbar Barett zu h\u00f6ren, in dem das Naura Quintett \u00fcber sieben Jahre kontinuierlich ein festes Engagement mit unz\u00e4hligen Auftritten hatte. Hinter den im CD-Booklet als Session 1-7 gekennzeichneten Tracks verbergen sich Perlen wie \u201eI Remember Clifford\u201c (CD 1 #2), &hellip;<\/p>\n","protected":false},"author":18,"featured_media":13190,"comment_status":"open","ping_status":"closed","sticky":false,"template":"","format":"standard","meta":{"_jetpack_memberships_contains_paid_content":false,"footnotes":"","jetpack_publicize_message":"","jetpack_publicize_feature_enabled":true,"jetpack_social_post_already_shared":false,"jetpack_social_options":{"image_generator_settings":{"template":"highway","default_image_id":0,"font":"","enabled":false},"version":2}},"categories":[1152],"tags":[66,109,1485,126,184,918,1418,339,908,410,1186,496,1260,1015],"coauthors":[695],"class_list":["post-13189","post","type-post","status-publish","format-standard","has-post-thumbnail","hentry","category-rezension","tag-berlin","tag-cd","tag-cd-rezension","tag-dave-brubeck","tag-frankfurt","tag-jazzfestival","tag-krebs","tag-label","tag-lp","tag-ndr","tag-rezension","tag-sendung","tag-thomas-j-krebs","tag-vinyl"],"yoast_head":"<!-- This site is optimized with the Yoast SEO plugin v27.5 - https:\/\/yoast.com\/product\/yoast-seo-wordpress\/ -->\n<title>CD-Rezension - Michael Naura Quintett: European Jazz Sounds - JazzZeitung<\/title>\n<meta name=\"robots\" content=\"index, follow, max-snippet:-1, max-image-preview:large, max-video-preview:-1\" \/>\n<link rel=\"canonical\" href=\"https:\/\/www.jazzzeitung.de\/cms\/2017\/08\/cd-rezension-michael-naura-quintett-european-jazz-sounds\/\" \/>\n<meta property=\"og:locale\" content=\"de_DE\" \/>\n<meta property=\"og:type\" content=\"article\" \/>\n<meta property=\"og:title\" content=\"CD-Rezension - Michael Naura Quintett: European Jazz Sounds - JazzZeitung\" \/>\n<meta property=\"og:description\" content=\"Manchmal gibt es noch echte musikalische \u00dcberraschungen, die man partout nicht erwartet h\u00e4tte! So die bei dem engagierten, umtriebigen be-bop Label gerade erschienene DoCD des Michael Naura Quintetts \u201eEuropean Jazz Sounds\u201c (nicht identisch mit der gleichnamigen, 1963 auf Brunswick erschienenen LP!) mit seltenen, sowie bis dato unver\u00f6ffentlichten Live-Aufnahmen. Das Michael Naura Quintett \u00a0war Anfang der f\u00fcnfziger- und sechziger Jahre eine der erfolgreichsten deutschen Jazzcombos, die Einfl\u00fcsse von George Shearing \u00fcber Horace Silver bis hin zu Dave Brubeck oder dem Modern Jazz Quartett verinnerlichten und musikalisch selbstst\u00e4ndig weiter entwickelten. Absolut stilpr\u00e4gend war hierbei die fruchtbare Zusammenarbeit des Pianisten Michael Naura mit Wolfgang Schl\u00fcter am Vibraphon. Frisch, unverbraucht, auf zu neuen musikalischen Ufern \u2013 so muss es damals wohl gewesen sein. Der Klang dieser Musik jedenfalls hat bis heute nichts von seinem Reiz verloren! Auf der ersten CD sind Live Aufnahmen vom Dezember 1961 aus der legend\u00e4ren Hamburger Kellerbar Barett zu h\u00f6ren, in dem das Naura Quintett \u00fcber sieben Jahre kontinuierlich ein festes Engagement mit unz\u00e4hligen Auftritten hatte. Hinter den im CD-Booklet als Session 1-7 gekennzeichneten Tracks verbergen sich Perlen wie \u201eI Remember Clifford\u201c (CD 1 #2), &hellip;\" \/>\n<meta property=\"og:url\" content=\"https:\/\/www.jazzzeitung.de\/cms\/2017\/08\/cd-rezension-michael-naura-quintett-european-jazz-sounds\/\" \/>\n<meta property=\"og:site_name\" content=\"JazzZeitung\" \/>\n<meta property=\"article:publisher\" content=\"https:\/\/www.facebook.com\/JazzZeitung\/\" \/>\n<meta property=\"article:published_time\" content=\"2017-08-01T07:28:04+00:00\" \/>\n<meta property=\"article:modified_time\" content=\"2017-10-15T10:52:36+00:00\" \/>\n<meta property=\"og:image\" content=\"https:\/\/i0.wp.com\/www.jazzzeitung.de\/cms\/wp-content\/uploads\/2017\/08\/Cover-Michael-Naura-Quintett.jpg?fit=1500%2C1500&ssl=1\" \/>\n\t<meta property=\"og:image:width\" content=\"1500\" \/>\n\t<meta property=\"og:image:height\" content=\"1500\" \/>\n\t<meta property=\"og:image:type\" content=\"image\/jpeg\" \/>\n<meta name=\"author\" content=\"Redaktion JazzZeitung\" \/>\n<script type=\"application\/ld+json\" class=\"yoast-schema-graph\">{\"@context\":\"https:\\\/\\\/schema.org\",\"@graph\":[{\"@type\":\"Article\",\"@id\":\"https:\\\/\\\/www.jazzzeitung.de\\\/cms\\\/2017\\\/08\\\/cd-rezension-michael-naura-quintett-european-jazz-sounds\\\/#article\",\"isPartOf\":{\"@id\":\"https:\\\/\\\/www.jazzzeitung.de\\\/cms\\\/2017\\\/08\\\/cd-rezension-michael-naura-quintett-european-jazz-sounds\\\/\"},\"author\":{\"name\":\"Redaktion JazzZeitung\",\"@id\":\"https:\\\/\\\/www.jazzzeitung.de\\\/cms\\\/#\\\/schema\\\/person\\\/2245b36b9cd1d24cea10f01c031fb92b\"},\"headline\":\"CD-Rezension &#8211; Michael Naura Quintett: European Jazz Sounds\",\"datePublished\":\"2017-08-01T07:28:04+00:00\",\"dateModified\":\"2017-10-15T10:52:36+00:00\",\"mainEntityOfPage\":{\"@id\":\"https:\\\/\\\/www.jazzzeitung.de\\\/cms\\\/2017\\\/08\\\/cd-rezension-michael-naura-quintett-european-jazz-sounds\\\/\"},\"wordCount\":475,\"commentCount\":0,\"publisher\":{\"@id\":\"https:\\\/\\\/www.jazzzeitung.de\\\/cms\\\/#organization\"},\"image\":{\"@id\":\"https:\\\/\\\/www.jazzzeitung.de\\\/cms\\\/2017\\\/08\\\/cd-rezension-michael-naura-quintett-european-jazz-sounds\\\/#primaryimage\"},\"thumbnailUrl\":\"https:\\\/\\\/i0.wp.com\\\/www.jazzzeitung.de\\\/cms\\\/wp-content\\\/uploads\\\/2017\\\/08\\\/Cover-Michael-Naura-Quintett.jpg?fit=1500%2C1500&ssl=1\",\"keywords\":[\"Berlin\",\"CD\",\"CD-Rezension\",\"Dave Brubeck\",\"Frankfurt\",\"Jazzfestival\",\"krebs\",\"Label\",\"LP\",\"NDR\",\"Rezension\",\"Sendung\",\"Thomas J. Krebs\",\"Vinyl\"],\"articleSection\":[\"Rezension\"],\"inLanguage\":\"de\",\"potentialAction\":[{\"@type\":\"CommentAction\",\"name\":\"Comment\",\"target\":[\"https:\\\/\\\/www.jazzzeitung.de\\\/cms\\\/2017\\\/08\\\/cd-rezension-michael-naura-quintett-european-jazz-sounds\\\/#respond\"]}]},{\"@type\":\"WebPage\",\"@id\":\"https:\\\/\\\/www.jazzzeitung.de\\\/cms\\\/2017\\\/08\\\/cd-rezension-michael-naura-quintett-european-jazz-sounds\\\/\",\"url\":\"https:\\\/\\\/www.jazzzeitung.de\\\/cms\\\/2017\\\/08\\\/cd-rezension-michael-naura-quintett-european-jazz-sounds\\\/\",\"name\":\"CD-Rezension - Michael Naura Quintett: European Jazz Sounds - JazzZeitung\",\"isPartOf\":{\"@id\":\"https:\\\/\\\/www.jazzzeitung.de\\\/cms\\\/#website\"},\"primaryImageOfPage\":{\"@id\":\"https:\\\/\\\/www.jazzzeitung.de\\\/cms\\\/2017\\\/08\\\/cd-rezension-michael-naura-quintett-european-jazz-sounds\\\/#primaryimage\"},\"image\":{\"@id\":\"https:\\\/\\\/www.jazzzeitung.de\\\/cms\\\/2017\\\/08\\\/cd-rezension-michael-naura-quintett-european-jazz-sounds\\\/#primaryimage\"},\"thumbnailUrl\":\"https:\\\/\\\/i0.wp.com\\\/www.jazzzeitung.de\\\/cms\\\/wp-content\\\/uploads\\\/2017\\\/08\\\/Cover-Michael-Naura-Quintett.jpg?fit=1500%2C1500&ssl=1\",\"datePublished\":\"2017-08-01T07:28:04+00:00\",\"dateModified\":\"2017-10-15T10:52:36+00:00\",\"breadcrumb\":{\"@id\":\"https:\\\/\\\/www.jazzzeitung.de\\\/cms\\\/2017\\\/08\\\/cd-rezension-michael-naura-quintett-european-jazz-sounds\\\/#breadcrumb\"},\"inLanguage\":\"de\",\"potentialAction\":[{\"@type\":\"ReadAction\",\"target\":[\"https:\\\/\\\/www.jazzzeitung.de\\\/cms\\\/2017\\\/08\\\/cd-rezension-michael-naura-quintett-european-jazz-sounds\\\/\"]}]},{\"@type\":\"ImageObject\",\"inLanguage\":\"de\",\"@id\":\"https:\\\/\\\/www.jazzzeitung.de\\\/cms\\\/2017\\\/08\\\/cd-rezension-michael-naura-quintett-european-jazz-sounds\\\/#primaryimage\",\"url\":\"https:\\\/\\\/i0.wp.com\\\/www.jazzzeitung.de\\\/cms\\\/wp-content\\\/uploads\\\/2017\\\/08\\\/Cover-Michael-Naura-Quintett.jpg?fit=1500%2C1500&ssl=1\",\"contentUrl\":\"https:\\\/\\\/i0.wp.com\\\/www.jazzzeitung.de\\\/cms\\\/wp-content\\\/uploads\\\/2017\\\/08\\\/Cover-Michael-Naura-Quintett.jpg?fit=1500%2C1500&ssl=1\",\"width\":1500,\"height\":1500},{\"@type\":\"BreadcrumbList\",\"@id\":\"https:\\\/\\\/www.jazzzeitung.de\\\/cms\\\/2017\\\/08\\\/cd-rezension-michael-naura-quintett-european-jazz-sounds\\\/#breadcrumb\",\"itemListElement\":[{\"@type\":\"ListItem\",\"position\":1,\"name\":\"Startseite\",\"item\":\"https:\\\/\\\/www.jazzzeitung.de\\\/cms\\\/\"},{\"@type\":\"ListItem\",\"position\":2,\"name\":\"CD-Rezension &#8211; Michael Naura Quintett: European Jazz Sounds\"}]},{\"@type\":\"WebSite\",\"@id\":\"https:\\\/\\\/www.jazzzeitung.de\\\/cms\\\/#website\",\"url\":\"https:\\\/\\\/www.jazzzeitung.de\\\/cms\\\/\",\"name\":\"JazzZeitung\",\"description\":\"Jazz-News und Jazz-Kontroverses\",\"publisher\":{\"@id\":\"https:\\\/\\\/www.jazzzeitung.de\\\/cms\\\/#organization\"},\"potentialAction\":[{\"@type\":\"SearchAction\",\"target\":{\"@type\":\"EntryPoint\",\"urlTemplate\":\"https:\\\/\\\/www.jazzzeitung.de\\\/cms\\\/?s={search_term_string}\"},\"query-input\":{\"@type\":\"PropertyValueSpecification\",\"valueRequired\":true,\"valueName\":\"search_term_string\"}}],\"inLanguage\":\"de\"},{\"@type\":\"Organization\",\"@id\":\"https:\\\/\\\/www.jazzzeitung.de\\\/cms\\\/#organization\",\"name\":\"JazzZeitung online\",\"url\":\"https:\\\/\\\/www.jazzzeitung.de\\\/cms\\\/\",\"logo\":{\"@type\":\"ImageObject\",\"inLanguage\":\"de\",\"@id\":\"https:\\\/\\\/www.jazzzeitung.de\\\/cms\\\/#\\\/schema\\\/logo\\\/image\\\/\",\"url\":\"https:\\\/\\\/i0.wp.com\\\/www.jazzzeitung.de\\\/cms\\\/wp-content\\\/uploads\\\/2015\\\/08\\\/JAZZZEITUNGDE_Logo_Neu.png?fit=499%2C200&ssl=1\",\"contentUrl\":\"https:\\\/\\\/i0.wp.com\\\/www.jazzzeitung.de\\\/cms\\\/wp-content\\\/uploads\\\/2015\\\/08\\\/JAZZZEITUNGDE_Logo_Neu.png?fit=499%2C200&ssl=1\",\"width\":499,\"height\":200,\"caption\":\"JazzZeitung online\"},\"image\":{\"@id\":\"https:\\\/\\\/www.jazzzeitung.de\\\/cms\\\/#\\\/schema\\\/logo\\\/image\\\/\"},\"sameAs\":[\"https:\\\/\\\/www.facebook.com\\\/JazzZeitung\\\/\"]},{\"@type\":\"Person\",\"@id\":\"https:\\\/\\\/www.jazzzeitung.de\\\/cms\\\/#\\\/schema\\\/person\\\/2245b36b9cd1d24cea10f01c031fb92b\",\"name\":\"Redaktion JazzZeitung\",\"image\":{\"@type\":\"ImageObject\",\"inLanguage\":\"de\",\"@id\":\"https:\\\/\\\/i0.wp.com\\\/www.jazzzeitung.de\\\/cms\\\/wp-content\\\/uploads\\\/2015\\\/08\\\/JAZZZEITUNGDE_Logo_Neu.png?resize=96%2C96&ssl=159975dcacb611b5700bd619b5daf0a7a\",\"url\":\"https:\\\/\\\/i0.wp.com\\\/www.jazzzeitung.de\\\/cms\\\/wp-content\\\/uploads\\\/2015\\\/08\\\/JAZZZEITUNGDE_Logo_Neu.png?resize=96%2C96&ssl=1\",\"contentUrl\":\"https:\\\/\\\/i0.wp.com\\\/www.jazzzeitung.de\\\/cms\\\/wp-content\\\/uploads\\\/2015\\\/08\\\/JAZZZEITUNGDE_Logo_Neu.png?resize=96%2C96&ssl=1\",\"caption\":\"Redaktion JazzZeitung\"},\"description\":\"Artikel der Redaktion der JazzZeitung.\",\"sameAs\":[\"http:\\\/\\\/www.jazzzeitung.de\\\/cms\\\/\"],\"url\":\"https:\\\/\\\/www.jazzzeitung.de\\\/cms\\\/author\\\/redaktion\\\/\"}]}<\/script>\n<!-- \/ Yoast SEO plugin. -->","yoast_head_json":{"title":"CD-Rezension - Michael Naura Quintett: European Jazz Sounds - JazzZeitung","robots":{"index":"index","follow":"follow","max-snippet":"max-snippet:-1","max-image-preview":"max-image-preview:large","max-video-preview":"max-video-preview:-1"},"canonical":"https:\/\/www.jazzzeitung.de\/cms\/2017\/08\/cd-rezension-michael-naura-quintett-european-jazz-sounds\/","og_locale":"de_DE","og_type":"article","og_title":"CD-Rezension - Michael Naura Quintett: European Jazz Sounds - JazzZeitung","og_description":"Manchmal gibt es noch echte musikalische \u00dcberraschungen, die man partout nicht erwartet h\u00e4tte! So die bei dem engagierten, umtriebigen be-bop Label gerade erschienene DoCD des Michael Naura Quintetts \u201eEuropean Jazz Sounds\u201c (nicht identisch mit der gleichnamigen, 1963 auf Brunswick erschienenen LP!) mit seltenen, sowie bis dato unver\u00f6ffentlichten Live-Aufnahmen. Das Michael Naura Quintett \u00a0war Anfang der f\u00fcnfziger- und sechziger Jahre eine der erfolgreichsten deutschen Jazzcombos, die Einfl\u00fcsse von George Shearing \u00fcber Horace Silver bis hin zu Dave Brubeck oder dem Modern Jazz Quartett verinnerlichten und musikalisch selbstst\u00e4ndig weiter entwickelten. Absolut stilpr\u00e4gend war hierbei die fruchtbare Zusammenarbeit des Pianisten Michael Naura mit Wolfgang Schl\u00fcter am Vibraphon. Frisch, unverbraucht, auf zu neuen musikalischen Ufern \u2013 so muss es damals wohl gewesen sein. Der Klang dieser Musik jedenfalls hat bis heute nichts von seinem Reiz verloren! Auf der ersten CD sind Live Aufnahmen vom Dezember 1961 aus der legend\u00e4ren Hamburger Kellerbar Barett zu h\u00f6ren, in dem das Naura Quintett \u00fcber sieben Jahre kontinuierlich ein festes Engagement mit unz\u00e4hligen Auftritten hatte. Hinter den im CD-Booklet als Session 1-7 gekennzeichneten Tracks verbergen sich Perlen wie \u201eI Remember Clifford\u201c (CD 1 #2), &hellip;","og_url":"https:\/\/www.jazzzeitung.de\/cms\/2017\/08\/cd-rezension-michael-naura-quintett-european-jazz-sounds\/","og_site_name":"JazzZeitung","article_publisher":"https:\/\/www.facebook.com\/JazzZeitung\/","article_published_time":"2017-08-01T07:28:04+00:00","article_modified_time":"2017-10-15T10:52:36+00:00","og_image":[{"width":1500,"height":1500,"url":"https:\/\/i0.wp.com\/www.jazzzeitung.de\/cms\/wp-content\/uploads\/2017\/08\/Cover-Michael-Naura-Quintett.jpg?fit=1500%2C1500&ssl=1","type":"image\/jpeg"}],"author":"Redaktion JazzZeitung","schema":{"@context":"https:\/\/schema.org","@graph":[{"@type":"Article","@id":"https:\/\/www.jazzzeitung.de\/cms\/2017\/08\/cd-rezension-michael-naura-quintett-european-jazz-sounds\/#article","isPartOf":{"@id":"https:\/\/www.jazzzeitung.de\/cms\/2017\/08\/cd-rezension-michael-naura-quintett-european-jazz-sounds\/"},"author":{"name":"Redaktion JazzZeitung","@id":"https:\/\/www.jazzzeitung.de\/cms\/#\/schema\/person\/2245b36b9cd1d24cea10f01c031fb92b"},"headline":"CD-Rezension &#8211; Michael Naura Quintett: European Jazz Sounds","datePublished":"2017-08-01T07:28:04+00:00","dateModified":"2017-10-15T10:52:36+00:00","mainEntityOfPage":{"@id":"https:\/\/www.jazzzeitung.de\/cms\/2017\/08\/cd-rezension-michael-naura-quintett-european-jazz-sounds\/"},"wordCount":475,"commentCount":0,"publisher":{"@id":"https:\/\/www.jazzzeitung.de\/cms\/#organization"},"image":{"@id":"https:\/\/www.jazzzeitung.de\/cms\/2017\/08\/cd-rezension-michael-naura-quintett-european-jazz-sounds\/#primaryimage"},"thumbnailUrl":"https:\/\/i0.wp.com\/www.jazzzeitung.de\/cms\/wp-content\/uploads\/2017\/08\/Cover-Michael-Naura-Quintett.jpg?fit=1500%2C1500&ssl=1","keywords":["Berlin","CD","CD-Rezension","Dave Brubeck","Frankfurt","Jazzfestival","krebs","Label","LP","NDR","Rezension","Sendung","Thomas J. Krebs","Vinyl"],"articleSection":["Rezension"],"inLanguage":"de","potentialAction":[{"@type":"CommentAction","name":"Comment","target":["https:\/\/www.jazzzeitung.de\/cms\/2017\/08\/cd-rezension-michael-naura-quintett-european-jazz-sounds\/#respond"]}]},{"@type":"WebPage","@id":"https:\/\/www.jazzzeitung.de\/cms\/2017\/08\/cd-rezension-michael-naura-quintett-european-jazz-sounds\/","url":"https:\/\/www.jazzzeitung.de\/cms\/2017\/08\/cd-rezension-michael-naura-quintett-european-jazz-sounds\/","name":"CD-Rezension - Michael Naura Quintett: European Jazz Sounds - JazzZeitung","isPartOf":{"@id":"https:\/\/www.jazzzeitung.de\/cms\/#website"},"primaryImageOfPage":{"@id":"https:\/\/www.jazzzeitung.de\/cms\/2017\/08\/cd-rezension-michael-naura-quintett-european-jazz-sounds\/#primaryimage"},"image":{"@id":"https:\/\/www.jazzzeitung.de\/cms\/2017\/08\/cd-rezension-michael-naura-quintett-european-jazz-sounds\/#primaryimage"},"thumbnailUrl":"https:\/\/i0.wp.com\/www.jazzzeitung.de\/cms\/wp-content\/uploads\/2017\/08\/Cover-Michael-Naura-Quintett.jpg?fit=1500%2C1500&ssl=1","datePublished":"2017-08-01T07:28:04+00:00","dateModified":"2017-10-15T10:52:36+00:00","breadcrumb":{"@id":"https:\/\/www.jazzzeitung.de\/cms\/2017\/08\/cd-rezension-michael-naura-quintett-european-jazz-sounds\/#breadcrumb"},"inLanguage":"de","potentialAction":[{"@type":"ReadAction","target":["https:\/\/www.jazzzeitung.de\/cms\/2017\/08\/cd-rezension-michael-naura-quintett-european-jazz-sounds\/"]}]},{"@type":"ImageObject","inLanguage":"de","@id":"https:\/\/www.jazzzeitung.de\/cms\/2017\/08\/cd-rezension-michael-naura-quintett-european-jazz-sounds\/#primaryimage","url":"https:\/\/i0.wp.com\/www.jazzzeitung.de\/cms\/wp-content\/uploads\/2017\/08\/Cover-Michael-Naura-Quintett.jpg?fit=1500%2C1500&ssl=1","contentUrl":"https:\/\/i0.wp.com\/www.jazzzeitung.de\/cms\/wp-content\/uploads\/2017\/08\/Cover-Michael-Naura-Quintett.jpg?fit=1500%2C1500&ssl=1","width":1500,"height":1500},{"@type":"BreadcrumbList","@id":"https:\/\/www.jazzzeitung.de\/cms\/2017\/08\/cd-rezension-michael-naura-quintett-european-jazz-sounds\/#breadcrumb","itemListElement":[{"@type":"ListItem","position":1,"name":"Startseite","item":"https:\/\/www.jazzzeitung.de\/cms\/"},{"@type":"ListItem","position":2,"name":"CD-Rezension &#8211; Michael Naura Quintett: European Jazz Sounds"}]},{"@type":"WebSite","@id":"https:\/\/www.jazzzeitung.de\/cms\/#website","url":"https:\/\/www.jazzzeitung.de\/cms\/","name":"JazzZeitung","description":"Jazz-News und Jazz-Kontroverses","publisher":{"@id":"https:\/\/www.jazzzeitung.de\/cms\/#organization"},"potentialAction":[{"@type":"SearchAction","target":{"@type":"EntryPoint","urlTemplate":"https:\/\/www.jazzzeitung.de\/cms\/?s={search_term_string}"},"query-input":{"@type":"PropertyValueSpecification","valueRequired":true,"valueName":"search_term_string"}}],"inLanguage":"de"},{"@type":"Organization","@id":"https:\/\/www.jazzzeitung.de\/cms\/#organization","name":"JazzZeitung online","url":"https:\/\/www.jazzzeitung.de\/cms\/","logo":{"@type":"ImageObject","inLanguage":"de","@id":"https:\/\/www.jazzzeitung.de\/cms\/#\/schema\/logo\/image\/","url":"https:\/\/i0.wp.com\/www.jazzzeitung.de\/cms\/wp-content\/uploads\/2015\/08\/JAZZZEITUNGDE_Logo_Neu.png?fit=499%2C200&ssl=1","contentUrl":"https:\/\/i0.wp.com\/www.jazzzeitung.de\/cms\/wp-content\/uploads\/2015\/08\/JAZZZEITUNGDE_Logo_Neu.png?fit=499%2C200&ssl=1","width":499,"height":200,"caption":"JazzZeitung online"},"image":{"@id":"https:\/\/www.jazzzeitung.de\/cms\/#\/schema\/logo\/image\/"},"sameAs":["https:\/\/www.facebook.com\/JazzZeitung\/"]},{"@type":"Person","@id":"https:\/\/www.jazzzeitung.de\/cms\/#\/schema\/person\/2245b36b9cd1d24cea10f01c031fb92b","name":"Redaktion JazzZeitung","image":{"@type":"ImageObject","inLanguage":"de","@id":"https:\/\/i0.wp.com\/www.jazzzeitung.de\/cms\/wp-content\/uploads\/2015\/08\/JAZZZEITUNGDE_Logo_Neu.png?resize=96%2C96&ssl=159975dcacb611b5700bd619b5daf0a7a","url":"https:\/\/i0.wp.com\/www.jazzzeitung.de\/cms\/wp-content\/uploads\/2015\/08\/JAZZZEITUNGDE_Logo_Neu.png?resize=96%2C96&ssl=1","contentUrl":"https:\/\/i0.wp.com\/www.jazzzeitung.de\/cms\/wp-content\/uploads\/2015\/08\/JAZZZEITUNGDE_Logo_Neu.png?resize=96%2C96&ssl=1","caption":"Redaktion JazzZeitung"},"description":"Artikel der Redaktion der JazzZeitung.","sameAs":["http:\/\/www.jazzzeitung.de\/cms\/"],"url":"https:\/\/www.jazzzeitung.de\/cms\/author\/redaktion\/"}]}},"wp-worthy-pixel":{"ignored":false,"public":null,"server":null,"url":null},"wp-worthy-type":"normal","jetpack_publicize_connections":[],"cc_featured_image_caption":{"caption_text":false,"source_text":false,"source_url":false},"jetpack_featured_media_url":"https:\/\/i0.wp.com\/www.jazzzeitung.de\/cms\/wp-content\/uploads\/2017\/08\/Cover-Michael-Naura-Quintett.jpg?fit=1500%2C1500&ssl=1","jetpack_shortlink":"https:\/\/wp.me\/p3KEcT-3qJ","jetpack-related-posts":[{"id":27174,"url":"https:\/\/www.jazzzeitung.de\/cms\/2022\/04\/start-einer-grandiosen-cd-serie-live-at-fabrik\/","url_meta":{"origin":13189,"position":0},"title":"Start einer grandiosen CD Serie: Live at Fabrik","author":"Thomas J. Krebs","date":"23. April 2022","format":false,"excerpt":"(Fotos, auch Beitragsbild: Thomas J. Krebs) Vor ein paar Jahren startete das Jazzline Label bereits eine CD Reihe \u201eAt Onkel P\u00f6's Carnegie Hall \/ Hamburg\u201c mit Livemitschnitten von Chet Baker, Dizzy Gillespie, Dave Liebman oder den Brecker Brothers, die der NDR seinerzeit aufgenommen hat. Nun ist der Startschuss f\u00fcr \u201eLive\u2026","rel":"","context":"In &quot;Rezension&quot;","block_context":{"text":"Rezension","link":"https:\/\/www.jazzzeitung.de\/cms\/thema\/rezension\/"},"img":{"alt_text":"","src":"https:\/\/i0.wp.com\/www.jazzzeitung.de\/cms\/wp-content\/uploads\/2022\/04\/Hubbard-Tyner-sw-Fabrik-HH-1986-Foto-TJ-Krebs.jpg?fit=1200%2C800&ssl=1&resize=350%2C200","width":350,"height":200,"srcset":"https:\/\/i0.wp.com\/www.jazzzeitung.de\/cms\/wp-content\/uploads\/2022\/04\/Hubbard-Tyner-sw-Fabrik-HH-1986-Foto-TJ-Krebs.jpg?fit=1200%2C800&ssl=1&resize=350%2C200 1x, https:\/\/i0.wp.com\/www.jazzzeitung.de\/cms\/wp-content\/uploads\/2022\/04\/Hubbard-Tyner-sw-Fabrik-HH-1986-Foto-TJ-Krebs.jpg?fit=1200%2C800&ssl=1&resize=525%2C300 1.5x, https:\/\/i0.wp.com\/www.jazzzeitung.de\/cms\/wp-content\/uploads\/2022\/04\/Hubbard-Tyner-sw-Fabrik-HH-1986-Foto-TJ-Krebs.jpg?fit=1200%2C800&ssl=1&resize=700%2C400 2x, https:\/\/i0.wp.com\/www.jazzzeitung.de\/cms\/wp-content\/uploads\/2022\/04\/Hubbard-Tyner-sw-Fabrik-HH-1986-Foto-TJ-Krebs.jpg?fit=1200%2C800&ssl=1&resize=1050%2C600 3x"},"classes":[]},{"id":4406,"url":"https:\/\/www.jazzzeitung.de\/cms\/2014\/08\/michael-naura-wird-80-oscar-peterson-lp-kassette-rezensiert\/","url_meta":{"origin":13189,"position":1},"title":"Michael Naura wird 80 \u2013 Oscar Peterson LP-Kassette rezensiert","author":"Redaktion JazzZeitung","date":"18. August 2014","format":false,"excerpt":"In der neuen musikzeitung haben wir als \u201eAbleger der JazzZeitung\u201c gelegentlich auch Beitr\u00e4ge zum Jazz. Aktuell weisen wir auf den 80. Geburtstag von Michael Naura hin, den er morgen feiern wird. Ferner\u00a0 gibt es eine Rezension von Juan Martin Koch: \u201eSwingfutter f\u00fcr Anh\u00e4nger der reinen Analoglehre .Edel presst die Sch\u00e4tze\u2026","rel":"","context":"In &quot;Redaktionelle Nachrichten&quot;","block_context":{"text":"Redaktionelle Nachrichten","link":"https:\/\/www.jazzzeitung.de\/cms\/thema\/redaktion\/"},"img":{"alt_text":"Exquisit mikrophonierte Schwarzwaldidylle: Ed Thigpen, Ray Brown und Oscar Peterson in Hans Georg Brunner-Schwers Wohnzimmer. Anschlie\u00dfend ging\u2018s zum Abh\u00f6ren der Ergebnisse unter\u2018s Dach. Foto: Sepp Werkmeister","src":"https:\/\/i0.wp.com\/www.jazzzeitung.de\/cms\/wp-content\/uploads\/2014\/08\/2014-07-magazin-mps-150x150.jpg?resize=350%2C200","width":350,"height":200},"classes":[]},{"id":29392,"url":"https:\/\/www.jazzzeitung.de\/cms\/2023\/05\/cd-rezension-jakob-baensch-opening\/","url_meta":{"origin":13189,"position":2},"title":"CD-Rezension: Jakob B\u00e4nsch \u2013 Opening","author":"Thomas J. Krebs","date":"3. Mai 2023","format":false,"excerpt":"Ein in der Tat gelunges \"Opening\" pr\u00e4sentiert Rising Star Trompeter Jakob B\u00e4nsch mit seinem gleichnamigen Debutalbum, das gerade auf dem Label Jazzline erschienen ist. Beeindruckend, was B\u00e4nsch auf der Trompete, resp. seinem Fl\u00fcgelhorn, spielt. Neben seiner beil\u00e4ufig perfekten Technik begeistert er mit vielschichtigen Sounds und abwechslungsreichen Kompositionen. Musik begleitet ihn\u2026","rel":"","context":"In &quot;Rezension&quot;","block_context":{"text":"Rezension","link":"https:\/\/www.jazzzeitung.de\/cms\/thema\/rezension\/"},"img":{"alt_text":"","src":"https:\/\/i0.wp.com\/www.jazzzeitung.de\/cms\/wp-content\/uploads\/2023\/05\/P1984600-Baensch-HG-DE-Foto-TJ-Krebs.jpg?fit=1200%2C800&ssl=1&resize=350%2C200","width":350,"height":200,"srcset":"https:\/\/i0.wp.com\/www.jazzzeitung.de\/cms\/wp-content\/uploads\/2023\/05\/P1984600-Baensch-HG-DE-Foto-TJ-Krebs.jpg?fit=1200%2C800&ssl=1&resize=350%2C200 1x, https:\/\/i0.wp.com\/www.jazzzeitung.de\/cms\/wp-content\/uploads\/2023\/05\/P1984600-Baensch-HG-DE-Foto-TJ-Krebs.jpg?fit=1200%2C800&ssl=1&resize=525%2C300 1.5x, https:\/\/i0.wp.com\/www.jazzzeitung.de\/cms\/wp-content\/uploads\/2023\/05\/P1984600-Baensch-HG-DE-Foto-TJ-Krebs.jpg?fit=1200%2C800&ssl=1&resize=700%2C400 2x, https:\/\/i0.wp.com\/www.jazzzeitung.de\/cms\/wp-content\/uploads\/2023\/05\/P1984600-Baensch-HG-DE-Foto-TJ-Krebs.jpg?fit=1200%2C800&ssl=1&resize=1050%2C600 3x"},"classes":[]},{"id":14903,"url":"https:\/\/www.jazzzeitung.de\/cms\/2018\/01\/cd-rezension-till-broenner-dieter-ilg-nightfall\/","url_meta":{"origin":13189,"position":3},"title":"CD-Rezension: Till Br\u00f6nner &#038; Dieter Ilg: Nightfall","author":"Thomas J. Krebs","date":"27. Januar 2018","format":false,"excerpt":"Till Br\u00f6nner und Dieter Ilg im Duo, diese Konstellation konnten bis dato nur wenige Zuh\u00f6rer in sporadischen Konzerten erleben. Nun war die Zeit reif f\u00fcr einen Tontr\u00e4ger \u2013 und damit geht f\u00fcr so manchen Jazzfan ein Traum in Erf\u00fcllung. Die Rede ist von \u201eNightfall\u201c, der brandneuen, bei OKeh\/Sony Music erschienenen,\u2026","rel":"","context":"In &quot;Rezension&quot;","block_context":{"text":"Rezension","link":"https:\/\/www.jazzzeitung.de\/cms\/thema\/rezension\/"},"img":{"alt_text":"","src":"https:\/\/i0.wp.com\/www.jazzzeitung.de\/cms\/wp-content\/uploads\/2018\/01\/Br%C3%B6nner-Ilg-Nightfall-Cover.jpg?fit=1200%2C1200&ssl=1&resize=350%2C200","width":350,"height":200,"srcset":"https:\/\/i0.wp.com\/www.jazzzeitung.de\/cms\/wp-content\/uploads\/2018\/01\/Br%C3%B6nner-Ilg-Nightfall-Cover.jpg?fit=1200%2C1200&ssl=1&resize=350%2C200 1x, https:\/\/i0.wp.com\/www.jazzzeitung.de\/cms\/wp-content\/uploads\/2018\/01\/Br%C3%B6nner-Ilg-Nightfall-Cover.jpg?fit=1200%2C1200&ssl=1&resize=525%2C300 1.5x, https:\/\/i0.wp.com\/www.jazzzeitung.de\/cms\/wp-content\/uploads\/2018\/01\/Br%C3%B6nner-Ilg-Nightfall-Cover.jpg?fit=1200%2C1200&ssl=1&resize=700%2C400 2x, https:\/\/i0.wp.com\/www.jazzzeitung.de\/cms\/wp-content\/uploads\/2018\/01\/Br%C3%B6nner-Ilg-Nightfall-Cover.jpg?fit=1200%2C1200&ssl=1&resize=1050%2C600 3x"},"classes":[]},{"id":13353,"url":"https:\/\/www.jazzzeitung.de\/cms\/2017\/08\/dejohnettegrenadiermedeskiscofield-hudson\/","url_meta":{"origin":13189,"position":4},"title":"CD-Rezension: Hudson","author":"Redaktion JazzZeitung","date":"16. August 2017","format":false,"excerpt":"\u201eHudson\u201c - so der Titel des neuen, auf dem Label Mot\u00e9ma erschienen Albums, das auf den ersten Blick profan und unscheinbar wirkt, bis man auf die Besetzungsliste der Formation schaut: Eine Erntedankfestbesetzung mit Jack DeJohnette, John Scofield, John Medeski und Larry Grenadier. Was die vier dann auf dem Album soundtechnisch\u2026","rel":"","context":"In &quot;Rezension&quot;","block_context":{"text":"Rezension","link":"https:\/\/www.jazzzeitung.de\/cms\/thema\/rezension\/"},"img":{"alt_text":"","src":"https:\/\/i0.wp.com\/www.jazzzeitung.de\/cms\/wp-content\/uploads\/2017\/08\/Hudson-Cover-1.jpg?fit=1200%2C1200&ssl=1&resize=350%2C200","width":350,"height":200,"srcset":"https:\/\/i0.wp.com\/www.jazzzeitung.de\/cms\/wp-content\/uploads\/2017\/08\/Hudson-Cover-1.jpg?fit=1200%2C1200&ssl=1&resize=350%2C200 1x, https:\/\/i0.wp.com\/www.jazzzeitung.de\/cms\/wp-content\/uploads\/2017\/08\/Hudson-Cover-1.jpg?fit=1200%2C1200&ssl=1&resize=525%2C300 1.5x, https:\/\/i0.wp.com\/www.jazzzeitung.de\/cms\/wp-content\/uploads\/2017\/08\/Hudson-Cover-1.jpg?fit=1200%2C1200&ssl=1&resize=700%2C400 2x, https:\/\/i0.wp.com\/www.jazzzeitung.de\/cms\/wp-content\/uploads\/2017\/08\/Hudson-Cover-1.jpg?fit=1200%2C1200&ssl=1&resize=1050%2C600 3x"},"classes":[]},{"id":20574,"url":"https:\/\/www.jazzzeitung.de\/cms\/2019\/09\/spaeter-erfolg-fuer-eine-vergessene\/","url_meta":{"origin":13189,"position":5},"title":"Sp\u00e4ter Erfolg f\u00fcr eine Vergessene\u00a0\u00a0\u00a0","author":"Michael Scheiner","date":"3. September 2019","format":false,"excerpt":"Jazz. Bei einem Berliner Verlag ist ein Album mit 18 unver\u00f6ffentlichten Songs der 1999 verstorbenen Jazzs\u00e4ngerin Inge Brandenburg erschienen\u00a0\u00a0 \u00a0 Berlin\/M\u00fcnchen. Zwanzig Jahre ist es her, dass in M\u00fcnchen die S\u00e4ngerin Inge Brandenburg gestorben ist. Verarmt und fast vergessen. Trio-11-Pianist Walter Lang hatte sie nur wenige Jahre zuvor aufgest\u00f6bert und\u2026","rel":"","context":"In &quot;News&quot;","block_context":{"text":"News","link":"https:\/\/www.jazzzeitung.de\/cms\/thema\/nachrichten\/"},"img":{"alt_text":"","src":"https:\/\/i0.wp.com\/www.jazzzeitung.de\/cms\/wp-content\/uploads\/2019\/09\/Brandenburg-Malerei_493.jpeg?fit=567%2C373&ssl=1&resize=350%2C200","width":350,"height":200,"srcset":"https:\/\/i0.wp.com\/www.jazzzeitung.de\/cms\/wp-content\/uploads\/2019\/09\/Brandenburg-Malerei_493.jpeg?fit=567%2C373&ssl=1&resize=350%2C200 1x, https:\/\/i0.wp.com\/www.jazzzeitung.de\/cms\/wp-content\/uploads\/2019\/09\/Brandenburg-Malerei_493.jpeg?fit=567%2C373&ssl=1&resize=525%2C300 1.5x"},"classes":[]}],"jetpack_sharing_enabled":true,"_links":{"self":[{"href":"https:\/\/www.jazzzeitung.de\/cms\/wp-json\/wp\/v2\/posts\/13189","targetHints":{"allow":["GET"]}}],"collection":[{"href":"https:\/\/www.jazzzeitung.de\/cms\/wp-json\/wp\/v2\/posts"}],"about":[{"href":"https:\/\/www.jazzzeitung.de\/cms\/wp-json\/wp\/v2\/types\/post"}],"author":[{"embeddable":true,"href":"https:\/\/www.jazzzeitung.de\/cms\/wp-json\/wp\/v2\/users\/18"}],"replies":[{"embeddable":true,"href":"https:\/\/www.jazzzeitung.de\/cms\/wp-json\/wp\/v2\/comments?post=13189"}],"version-history":[{"count":2,"href":"https:\/\/www.jazzzeitung.de\/cms\/wp-json\/wp\/v2\/posts\/13189\/revisions"}],"predecessor-version":[{"id":13845,"href":"https:\/\/www.jazzzeitung.de\/cms\/wp-json\/wp\/v2\/posts\/13189\/revisions\/13845"}],"wp:featuredmedia":[{"embeddable":true,"href":"https:\/\/www.jazzzeitung.de\/cms\/wp-json\/wp\/v2\/media\/13190"}],"wp:attachment":[{"href":"https:\/\/www.jazzzeitung.de\/cms\/wp-json\/wp\/v2\/media?parent=13189"}],"wp:term":[{"taxonomy":"category","embeddable":true,"href":"https:\/\/www.jazzzeitung.de\/cms\/wp-json\/wp\/v2\/categories?post=13189"},{"taxonomy":"post_tag","embeddable":true,"href":"https:\/\/www.jazzzeitung.de\/cms\/wp-json\/wp\/v2\/tags?post=13189"},{"taxonomy":"author","embeddable":true,"href":"https:\/\/www.jazzzeitung.de\/cms\/wp-json\/wp\/v2\/coauthors?post=13189"}],"curies":[{"name":"wp","href":"https:\/\/api.w.org\/{rel}","templated":true}]}}