{"id":13141,"date":"2017-07-26T10:54:07","date_gmt":"2017-07-26T08:54:07","guid":{"rendered":"https:\/\/www.jazzzeitung.de\/cms\/?p=13141"},"modified":"2017-07-26T11:03:27","modified_gmt":"2017-07-26T09:03:27","slug":"cd-rezension-the-clarinet-trio-feat-alexey-kuglov-live-in-moscow","status":"publish","type":"post","link":"https:\/\/www.jazzzeitung.de\/cms\/2017\/07\/cd-rezension-the-clarinet-trio-feat-alexey-kuglov-live-in-moscow\/","title":{"rendered":"CD-Rezension: The Clarinet Trio feat. Alexey Kruglov &#8211; Live in Moscow"},"content":{"rendered":"<p style=\"margin-bottom: .0001pt;\"><strong><a href=\"https:\/\/i0.wp.com\/www.jazzzeitung.de\/cms\/wp-content\/uploads\/2017\/07\/cover_moskau.jpg?ssl=1\"><img data-recalc-dims=\"1\" loading=\"lazy\" decoding=\"async\" data-attachment-id=\"13142\" data-permalink=\"https:\/\/www.jazzzeitung.de\/cms\/2017\/07\/cd-rezension-the-clarinet-trio-feat-alexey-kuglov-live-in-moscow\/cover_moskau\/\" data-orig-file=\"https:\/\/i0.wp.com\/www.jazzzeitung.de\/cms\/wp-content\/uploads\/2017\/07\/cover_moskau.jpg?fit=600%2C597&amp;ssl=1\" data-orig-size=\"600,597\" data-comments-opened=\"1\" data-image-meta=\"{&quot;aperture&quot;:&quot;0&quot;,&quot;credit&quot;:&quot;&quot;,&quot;camera&quot;:&quot;&quot;,&quot;caption&quot;:&quot;&quot;,&quot;created_timestamp&quot;:&quot;0&quot;,&quot;copyright&quot;:&quot;&quot;,&quot;focal_length&quot;:&quot;0&quot;,&quot;iso&quot;:&quot;0&quot;,&quot;shutter_speed&quot;:&quot;0&quot;,&quot;title&quot;:&quot;&quot;,&quot;orientation&quot;:&quot;0&quot;}\" data-image-title=\"cover_moskau\" data-image-description=\"\" data-image-caption=\"\" data-large-file=\"https:\/\/i0.wp.com\/www.jazzzeitung.de\/cms\/wp-content\/uploads\/2017\/07\/cover_moskau.jpg?fit=600%2C597&amp;ssl=1\" class=\"alignright size-thumbnail wp-image-13142\" src=\"https:\/\/i0.wp.com\/www.jazzzeitung.de\/cms\/wp-content\/uploads\/2017\/07\/cover_moskau.jpg?resize=150%2C150&#038;ssl=1\" alt=\"\" width=\"150\" height=\"150\" srcset=\"https:\/\/i0.wp.com\/www.jazzzeitung.de\/cms\/wp-content\/uploads\/2017\/07\/cover_moskau.jpg?resize=150%2C150&amp;ssl=1 150w, https:\/\/i0.wp.com\/www.jazzzeitung.de\/cms\/wp-content\/uploads\/2017\/07\/cover_moskau.jpg?resize=300%2C300&amp;ssl=1 300w, https:\/\/i0.wp.com\/www.jazzzeitung.de\/cms\/wp-content\/uploads\/2017\/07\/cover_moskau.jpg?resize=144%2C144&amp;ssl=1 144w, https:\/\/i0.wp.com\/www.jazzzeitung.de\/cms\/wp-content\/uploads\/2017\/07\/cover_moskau.jpg?resize=96%2C96&amp;ssl=1 96w, https:\/\/i0.wp.com\/www.jazzzeitung.de\/cms\/wp-content\/uploads\/2017\/07\/cover_moskau.jpg?resize=24%2C24&amp;ssl=1 24w, https:\/\/i0.wp.com\/www.jazzzeitung.de\/cms\/wp-content\/uploads\/2017\/07\/cover_moskau.jpg?resize=36%2C36&amp;ssl=1 36w, https:\/\/i0.wp.com\/www.jazzzeitung.de\/cms\/wp-content\/uploads\/2017\/07\/cover_moskau.jpg?resize=48%2C48&amp;ssl=1 48w, https:\/\/i0.wp.com\/www.jazzzeitung.de\/cms\/wp-content\/uploads\/2017\/07\/cover_moskau.jpg?resize=64%2C64&amp;ssl=1 64w, https:\/\/i0.wp.com\/www.jazzzeitung.de\/cms\/wp-content\/uploads\/2017\/07\/cover_moskau.jpg?resize=32%2C32&amp;ssl=1 32w, https:\/\/i0.wp.com\/www.jazzzeitung.de\/cms\/wp-content\/uploads\/2017\/07\/cover_moskau.jpg?resize=50%2C50&amp;ssl=1 50w, https:\/\/i0.wp.com\/www.jazzzeitung.de\/cms\/wp-content\/uploads\/2017\/07\/cover_moskau.jpg?resize=128%2C128&amp;ssl=1 128w, https:\/\/i0.wp.com\/www.jazzzeitung.de\/cms\/wp-content\/uploads\/2017\/07\/cover_moskau.jpg?w=600&amp;ssl=1 600w\" sizes=\"auto, (max-width: 150px) 100vw, 150px\" \/><\/a>So sehr das Anh\u00f6ren ambitionierter Musik manchmal auch sportliche Herausforderung ist, so viel erfrischenden Mehrwert bekommt, wer sich mutig auf so etwas einl\u00e4sst! Also Ohren und Sinne auf f\u00fcr die hochverdichteten, manchmal schneidenden Klangstr\u00f6me, den drei furchtlose Klarinettisten und ein ebenso motivierter Gast-Saxofonist in Moskau realisierten: Gebhard Ulmann, Michael Thieke und J\u00fcrgen Kupke, auch als \u201eClarinet Trio\u201c bestens bekannt, trafen auf den Saxofonisten Alexey Kruglov. Diese \u201edrei plus eins\u201c begeben sich hier ans Eingemachte und haben erfrischend viel zu sagen dabei.<\/strong><\/p>\n<p>&nbsp;<\/p>\n<p style=\"margin-bottom: .0001pt;\">Es beginnt mit dem ber\u00fchmten Ritual: hineinh\u00f6ren, sich heran tasten und einander ann\u00e4hern. Lange brauchen dieses Trio und ihr Gast nicht, um sich auf Bewegung und Struktur einzuschw\u00f6ren. Man wei\u00df um die strukturierende Kraft von Ostinati und polyphonen Verflechtungen. Aus so etwas werden Ketten geflochten, aus denen sich melodische Muster in aberwitzigen Wendungen abspalten. Diese Spieler wissen, welche Frage- und Ausrufezeichen die kollektive Klangrede im richtigen Moment braucht. Ohnehin beweist das Clarinet Trio, wie gut drei Klarinetten mit ihrem reichen Tonumfang und klanglichem Potenzial s\u00e4mtliche Erfordernisse eines konsistenten Band-Sounds abdecken. Das funktioniert so gut, weil Ulmann, Thieke und Kupke schon seit 20 Jahren keine technischen und expressiven Grenzen auf ihren Instrumenten kennen. Improvisationskunst am Hochreck \u00fcber asiatische Pentatonik oder afrikanisch anmutende Chorusse zeugen einmal mehr von souver\u00e4ner Weltgewandtheit. Molto accelerando pflegen diese Spieler so manchen verspielten Dialog mit Formeln, Phrasen und Tonfolgen. Manche von denen k\u00f6nnte ein Olivier Messiaen direkt Vogelstimmen abgelauscht haben. Wie dadaistische Lautpoesie muten schrille Urlaute an, wenn die vier ihre H\u00f6rner einfach mal in die Ecke stellen und allein auf den Mundst\u00fccken weitermachen.<\/p>\n<p style=\"margin-bottom: .0001pt;\">Vor allem: Die gemeinsame Sache spr\u00fcht in jedem Moment vor Humor!<\/p>\n<p style=\"margin-bottom: .0001pt;\">Von Stefan Pieper<\/p>\n<p>&nbsp;<\/p>\n<p><b>The Clarinet Trio feat. Alexey Kruglov &#8211; Live in Moscow<\/b><\/p>\n<p><i>Leo Records 2017<\/i><\/p>\n<p><span style=\"border-radius: 2px; text-indent: 20px; width: auto; padding: 0px 4px 0px 0px; text-align: center; font: bold 11px\/20px 'Helvetica Neue',Helvetica,sans-serif; color: #ffffff; background: #bd081c  no-repeat scroll 3px 50% \/ 14px 14px; position: absolute; opacity: 1; z-index: 8675309; display: none; cursor: pointer;\">Merken<\/span><\/p>\n","protected":false},"excerpt":{"rendered":"<p>So sehr das Anh\u00f6ren ambitionierter Musik manchmal auch sportliche Herausforderung ist, so viel erfrischenden Mehrwert bekommt, wer sich mutig auf so etwas einl\u00e4sst! Also Ohren und Sinne auf f\u00fcr die hochverdichteten, manchmal schneidenden Klangstr\u00f6me, den drei furchtlose Klarinettisten und ein ebenso motivierter Gast-Saxofonist in Moskau realisierten: Gebhard Ulmann, Michael Thieke und J\u00fcrgen Kupke, auch als \u201eClarinet Trio\u201c bestens bekannt, trafen auf den Saxofonisten Alexey Kruglov. Diese \u201edrei plus eins\u201c begeben sich hier ans Eingemachte und haben erfrischend viel zu sagen dabei. &nbsp; Es beginnt mit dem ber\u00fchmten Ritual: hineinh\u00f6ren, sich heran tasten und einander ann\u00e4hern. Lange brauchen dieses Trio und ihr Gast nicht, um sich auf Bewegung und Struktur einzuschw\u00f6ren. Man wei\u00df um die strukturierende Kraft von Ostinati und polyphonen Verflechtungen. Aus so etwas werden Ketten geflochten, aus denen sich melodische Muster in aberwitzigen Wendungen abspalten. Diese Spieler wissen, welche Frage- und Ausrufezeichen die kollektive Klangrede im richtigen Moment braucht. Ohnehin beweist das Clarinet Trio, wie gut drei Klarinetten mit ihrem reichen Tonumfang und klanglichem Potenzial s\u00e4mtliche Erfordernisse eines konsistenten Band-Sounds abdecken. Das funktioniert so gut, weil Ulmann, Thieke und Kupke schon seit 20 Jahren &hellip;<\/p>\n","protected":false},"author":18,"featured_media":0,"comment_status":"open","ping_status":"closed","sticky":false,"template":"","format":"standard","meta":{"_jetpack_memberships_contains_paid_content":false,"footnotes":"","jetpack_publicize_message":"","jetpack_publicize_feature_enabled":true,"jetpack_social_post_already_shared":false,"jetpack_social_options":{"image_generator_settings":{"template":"highway","default_image_id":0,"font":"","enabled":false},"version":2}},"categories":[1152],"tags":[28,109,1485,1186,1129,1356],"coauthors":[695],"class_list":["post-13141","post","type-post","status-publish","format-standard","hentry","category-rezension","tag-accelerando","tag-cd","tag-cd-rezension","tag-rezension","tag-stefan-pieper","tag-trio"],"yoast_head":"<!-- This site is optimized with the Yoast SEO plugin v27.5 - https:\/\/yoast.com\/product\/yoast-seo-wordpress\/ -->\n<title>CD-Rezension: The Clarinet Trio feat. Alexey Kruglov - Live in Moscow - JazzZeitung<\/title>\n<meta name=\"robots\" content=\"index, follow, max-snippet:-1, max-image-preview:large, max-video-preview:-1\" \/>\n<link rel=\"canonical\" href=\"https:\/\/www.jazzzeitung.de\/cms\/2017\/07\/cd-rezension-the-clarinet-trio-feat-alexey-kuglov-live-in-moscow\/\" \/>\n<meta property=\"og:locale\" content=\"de_DE\" \/>\n<meta property=\"og:type\" content=\"article\" \/>\n<meta property=\"og:title\" content=\"CD-Rezension: The Clarinet Trio feat. Alexey Kruglov - Live in Moscow - JazzZeitung\" \/>\n<meta property=\"og:description\" content=\"So sehr das Anh\u00f6ren ambitionierter Musik manchmal auch sportliche Herausforderung ist, so viel erfrischenden Mehrwert bekommt, wer sich mutig auf so etwas einl\u00e4sst! Also Ohren und Sinne auf f\u00fcr die hochverdichteten, manchmal schneidenden Klangstr\u00f6me, den drei furchtlose Klarinettisten und ein ebenso motivierter Gast-Saxofonist in Moskau realisierten: Gebhard Ulmann, Michael Thieke und J\u00fcrgen Kupke, auch als \u201eClarinet Trio\u201c bestens bekannt, trafen auf den Saxofonisten Alexey Kruglov. Diese \u201edrei plus eins\u201c begeben sich hier ans Eingemachte und haben erfrischend viel zu sagen dabei. &nbsp; Es beginnt mit dem ber\u00fchmten Ritual: hineinh\u00f6ren, sich heran tasten und einander ann\u00e4hern. Lange brauchen dieses Trio und ihr Gast nicht, um sich auf Bewegung und Struktur einzuschw\u00f6ren. Man wei\u00df um die strukturierende Kraft von Ostinati und polyphonen Verflechtungen. Aus so etwas werden Ketten geflochten, aus denen sich melodische Muster in aberwitzigen Wendungen abspalten. Diese Spieler wissen, welche Frage- und Ausrufezeichen die kollektive Klangrede im richtigen Moment braucht. Ohnehin beweist das Clarinet Trio, wie gut drei Klarinetten mit ihrem reichen Tonumfang und klanglichem Potenzial s\u00e4mtliche Erfordernisse eines konsistenten Band-Sounds abdecken. Das funktioniert so gut, weil Ulmann, Thieke und Kupke schon seit 20 Jahren &hellip;\" \/>\n<meta property=\"og:url\" content=\"https:\/\/www.jazzzeitung.de\/cms\/2017\/07\/cd-rezension-the-clarinet-trio-feat-alexey-kuglov-live-in-moscow\/\" \/>\n<meta property=\"og:site_name\" content=\"JazzZeitung\" \/>\n<meta property=\"article:publisher\" content=\"https:\/\/www.facebook.com\/JazzZeitung\/\" \/>\n<meta property=\"article:published_time\" content=\"2017-07-26T08:54:07+00:00\" \/>\n<meta property=\"article:modified_time\" content=\"2017-07-26T09:03:27+00:00\" \/>\n<meta property=\"og:image\" content=\"https:\/\/www.jazzzeitung.de\/cms\/wp-content\/uploads\/2017\/07\/cover_moskau-150x150.jpg\" \/>\n<meta name=\"author\" content=\"Redaktion JazzZeitung\" \/>\n<script type=\"application\/ld+json\" class=\"yoast-schema-graph\">{\"@context\":\"https:\\\/\\\/schema.org\",\"@graph\":[{\"@type\":\"Article\",\"@id\":\"https:\\\/\\\/www.jazzzeitung.de\\\/cms\\\/2017\\\/07\\\/cd-rezension-the-clarinet-trio-feat-alexey-kuglov-live-in-moscow\\\/#article\",\"isPartOf\":{\"@id\":\"https:\\\/\\\/www.jazzzeitung.de\\\/cms\\\/2017\\\/07\\\/cd-rezension-the-clarinet-trio-feat-alexey-kuglov-live-in-moscow\\\/\"},\"author\":{\"name\":\"Redaktion JazzZeitung\",\"@id\":\"https:\\\/\\\/www.jazzzeitung.de\\\/cms\\\/#\\\/schema\\\/person\\\/2245b36b9cd1d24cea10f01c031fb92b\"},\"headline\":\"CD-Rezension: The Clarinet Trio feat. Alexey Kruglov &#8211; Live in Moscow\",\"datePublished\":\"2017-07-26T08:54:07+00:00\",\"dateModified\":\"2017-07-26T09:03:27+00:00\",\"mainEntityOfPage\":{\"@id\":\"https:\\\/\\\/www.jazzzeitung.de\\\/cms\\\/2017\\\/07\\\/cd-rezension-the-clarinet-trio-feat-alexey-kuglov-live-in-moscow\\\/\"},\"wordCount\":312,\"commentCount\":0,\"publisher\":{\"@id\":\"https:\\\/\\\/www.jazzzeitung.de\\\/cms\\\/#organization\"},\"image\":{\"@id\":\"https:\\\/\\\/www.jazzzeitung.de\\\/cms\\\/2017\\\/07\\\/cd-rezension-the-clarinet-trio-feat-alexey-kuglov-live-in-moscow\\\/#primaryimage\"},\"thumbnailUrl\":\"https:\\\/\\\/www.jazzzeitung.de\\\/cms\\\/wp-content\\\/uploads\\\/2017\\\/07\\\/cover_moskau-150x150.jpg\",\"keywords\":[\"accelerando\",\"CD\",\"CD-Rezension\",\"Rezension\",\"Stefan Pieper\",\"trio\"],\"articleSection\":[\"Rezension\"],\"inLanguage\":\"de\",\"potentialAction\":[{\"@type\":\"CommentAction\",\"name\":\"Comment\",\"target\":[\"https:\\\/\\\/www.jazzzeitung.de\\\/cms\\\/2017\\\/07\\\/cd-rezension-the-clarinet-trio-feat-alexey-kuglov-live-in-moscow\\\/#respond\"]}]},{\"@type\":\"WebPage\",\"@id\":\"https:\\\/\\\/www.jazzzeitung.de\\\/cms\\\/2017\\\/07\\\/cd-rezension-the-clarinet-trio-feat-alexey-kuglov-live-in-moscow\\\/\",\"url\":\"https:\\\/\\\/www.jazzzeitung.de\\\/cms\\\/2017\\\/07\\\/cd-rezension-the-clarinet-trio-feat-alexey-kuglov-live-in-moscow\\\/\",\"name\":\"CD-Rezension: The Clarinet Trio feat. Alexey Kruglov - Live in Moscow - JazzZeitung\",\"isPartOf\":{\"@id\":\"https:\\\/\\\/www.jazzzeitung.de\\\/cms\\\/#website\"},\"primaryImageOfPage\":{\"@id\":\"https:\\\/\\\/www.jazzzeitung.de\\\/cms\\\/2017\\\/07\\\/cd-rezension-the-clarinet-trio-feat-alexey-kuglov-live-in-moscow\\\/#primaryimage\"},\"image\":{\"@id\":\"https:\\\/\\\/www.jazzzeitung.de\\\/cms\\\/2017\\\/07\\\/cd-rezension-the-clarinet-trio-feat-alexey-kuglov-live-in-moscow\\\/#primaryimage\"},\"thumbnailUrl\":\"https:\\\/\\\/www.jazzzeitung.de\\\/cms\\\/wp-content\\\/uploads\\\/2017\\\/07\\\/cover_moskau-150x150.jpg\",\"datePublished\":\"2017-07-26T08:54:07+00:00\",\"dateModified\":\"2017-07-26T09:03:27+00:00\",\"breadcrumb\":{\"@id\":\"https:\\\/\\\/www.jazzzeitung.de\\\/cms\\\/2017\\\/07\\\/cd-rezension-the-clarinet-trio-feat-alexey-kuglov-live-in-moscow\\\/#breadcrumb\"},\"inLanguage\":\"de\",\"potentialAction\":[{\"@type\":\"ReadAction\",\"target\":[\"https:\\\/\\\/www.jazzzeitung.de\\\/cms\\\/2017\\\/07\\\/cd-rezension-the-clarinet-trio-feat-alexey-kuglov-live-in-moscow\\\/\"]}]},{\"@type\":\"ImageObject\",\"inLanguage\":\"de\",\"@id\":\"https:\\\/\\\/www.jazzzeitung.de\\\/cms\\\/2017\\\/07\\\/cd-rezension-the-clarinet-trio-feat-alexey-kuglov-live-in-moscow\\\/#primaryimage\",\"url\":\"https:\\\/\\\/i0.wp.com\\\/www.jazzzeitung.de\\\/cms\\\/wp-content\\\/uploads\\\/2017\\\/07\\\/cover_moskau.jpg?fit=600%2C597&ssl=1\",\"contentUrl\":\"https:\\\/\\\/i0.wp.com\\\/www.jazzzeitung.de\\\/cms\\\/wp-content\\\/uploads\\\/2017\\\/07\\\/cover_moskau.jpg?fit=600%2C597&ssl=1\",\"width\":600,\"height\":597},{\"@type\":\"BreadcrumbList\",\"@id\":\"https:\\\/\\\/www.jazzzeitung.de\\\/cms\\\/2017\\\/07\\\/cd-rezension-the-clarinet-trio-feat-alexey-kuglov-live-in-moscow\\\/#breadcrumb\",\"itemListElement\":[{\"@type\":\"ListItem\",\"position\":1,\"name\":\"Startseite\",\"item\":\"https:\\\/\\\/www.jazzzeitung.de\\\/cms\\\/\"},{\"@type\":\"ListItem\",\"position\":2,\"name\":\"CD-Rezension: The Clarinet Trio feat. Alexey Kruglov &#8211; Live in Moscow\"}]},{\"@type\":\"WebSite\",\"@id\":\"https:\\\/\\\/www.jazzzeitung.de\\\/cms\\\/#website\",\"url\":\"https:\\\/\\\/www.jazzzeitung.de\\\/cms\\\/\",\"name\":\"JazzZeitung\",\"description\":\"Jazz-News und Jazz-Kontroverses\",\"publisher\":{\"@id\":\"https:\\\/\\\/www.jazzzeitung.de\\\/cms\\\/#organization\"},\"potentialAction\":[{\"@type\":\"SearchAction\",\"target\":{\"@type\":\"EntryPoint\",\"urlTemplate\":\"https:\\\/\\\/www.jazzzeitung.de\\\/cms\\\/?s={search_term_string}\"},\"query-input\":{\"@type\":\"PropertyValueSpecification\",\"valueRequired\":true,\"valueName\":\"search_term_string\"}}],\"inLanguage\":\"de\"},{\"@type\":\"Organization\",\"@id\":\"https:\\\/\\\/www.jazzzeitung.de\\\/cms\\\/#organization\",\"name\":\"JazzZeitung online\",\"url\":\"https:\\\/\\\/www.jazzzeitung.de\\\/cms\\\/\",\"logo\":{\"@type\":\"ImageObject\",\"inLanguage\":\"de\",\"@id\":\"https:\\\/\\\/www.jazzzeitung.de\\\/cms\\\/#\\\/schema\\\/logo\\\/image\\\/\",\"url\":\"https:\\\/\\\/i0.wp.com\\\/www.jazzzeitung.de\\\/cms\\\/wp-content\\\/uploads\\\/2015\\\/08\\\/JAZZZEITUNGDE_Logo_Neu.png?fit=499%2C200&ssl=1\",\"contentUrl\":\"https:\\\/\\\/i0.wp.com\\\/www.jazzzeitung.de\\\/cms\\\/wp-content\\\/uploads\\\/2015\\\/08\\\/JAZZZEITUNGDE_Logo_Neu.png?fit=499%2C200&ssl=1\",\"width\":499,\"height\":200,\"caption\":\"JazzZeitung online\"},\"image\":{\"@id\":\"https:\\\/\\\/www.jazzzeitung.de\\\/cms\\\/#\\\/schema\\\/logo\\\/image\\\/\"},\"sameAs\":[\"https:\\\/\\\/www.facebook.com\\\/JazzZeitung\\\/\"]},{\"@type\":\"Person\",\"@id\":\"https:\\\/\\\/www.jazzzeitung.de\\\/cms\\\/#\\\/schema\\\/person\\\/2245b36b9cd1d24cea10f01c031fb92b\",\"name\":\"Redaktion JazzZeitung\",\"image\":{\"@type\":\"ImageObject\",\"inLanguage\":\"de\",\"@id\":\"https:\\\/\\\/i0.wp.com\\\/www.jazzzeitung.de\\\/cms\\\/wp-content\\\/uploads\\\/2015\\\/08\\\/JAZZZEITUNGDE_Logo_Neu.png?resize=96%2C96&ssl=159975dcacb611b5700bd619b5daf0a7a\",\"url\":\"https:\\\/\\\/i0.wp.com\\\/www.jazzzeitung.de\\\/cms\\\/wp-content\\\/uploads\\\/2015\\\/08\\\/JAZZZEITUNGDE_Logo_Neu.png?resize=96%2C96&ssl=1\",\"contentUrl\":\"https:\\\/\\\/i0.wp.com\\\/www.jazzzeitung.de\\\/cms\\\/wp-content\\\/uploads\\\/2015\\\/08\\\/JAZZZEITUNGDE_Logo_Neu.png?resize=96%2C96&ssl=1\",\"caption\":\"Redaktion JazzZeitung\"},\"description\":\"Artikel der Redaktion der JazzZeitung.\",\"sameAs\":[\"http:\\\/\\\/www.jazzzeitung.de\\\/cms\\\/\"],\"url\":\"https:\\\/\\\/www.jazzzeitung.de\\\/cms\\\/author\\\/redaktion\\\/\"}]}<\/script>\n<!-- \/ Yoast SEO plugin. -->","yoast_head_json":{"title":"CD-Rezension: The Clarinet Trio feat. Alexey Kruglov - Live in Moscow - JazzZeitung","robots":{"index":"index","follow":"follow","max-snippet":"max-snippet:-1","max-image-preview":"max-image-preview:large","max-video-preview":"max-video-preview:-1"},"canonical":"https:\/\/www.jazzzeitung.de\/cms\/2017\/07\/cd-rezension-the-clarinet-trio-feat-alexey-kuglov-live-in-moscow\/","og_locale":"de_DE","og_type":"article","og_title":"CD-Rezension: The Clarinet Trio feat. Alexey Kruglov - Live in Moscow - JazzZeitung","og_description":"So sehr das Anh\u00f6ren ambitionierter Musik manchmal auch sportliche Herausforderung ist, so viel erfrischenden Mehrwert bekommt, wer sich mutig auf so etwas einl\u00e4sst! Also Ohren und Sinne auf f\u00fcr die hochverdichteten, manchmal schneidenden Klangstr\u00f6me, den drei furchtlose Klarinettisten und ein ebenso motivierter Gast-Saxofonist in Moskau realisierten: Gebhard Ulmann, Michael Thieke und J\u00fcrgen Kupke, auch als \u201eClarinet Trio\u201c bestens bekannt, trafen auf den Saxofonisten Alexey Kruglov. Diese \u201edrei plus eins\u201c begeben sich hier ans Eingemachte und haben erfrischend viel zu sagen dabei. &nbsp; Es beginnt mit dem ber\u00fchmten Ritual: hineinh\u00f6ren, sich heran tasten und einander ann\u00e4hern. Lange brauchen dieses Trio und ihr Gast nicht, um sich auf Bewegung und Struktur einzuschw\u00f6ren. Man wei\u00df um die strukturierende Kraft von Ostinati und polyphonen Verflechtungen. Aus so etwas werden Ketten geflochten, aus denen sich melodische Muster in aberwitzigen Wendungen abspalten. Diese Spieler wissen, welche Frage- und Ausrufezeichen die kollektive Klangrede im richtigen Moment braucht. Ohnehin beweist das Clarinet Trio, wie gut drei Klarinetten mit ihrem reichen Tonumfang und klanglichem Potenzial s\u00e4mtliche Erfordernisse eines konsistenten Band-Sounds abdecken. Das funktioniert so gut, weil Ulmann, Thieke und Kupke schon seit 20 Jahren &hellip;","og_url":"https:\/\/www.jazzzeitung.de\/cms\/2017\/07\/cd-rezension-the-clarinet-trio-feat-alexey-kuglov-live-in-moscow\/","og_site_name":"JazzZeitung","article_publisher":"https:\/\/www.facebook.com\/JazzZeitung\/","article_published_time":"2017-07-26T08:54:07+00:00","article_modified_time":"2017-07-26T09:03:27+00:00","og_image":[{"url":"https:\/\/www.jazzzeitung.de\/cms\/wp-content\/uploads\/2017\/07\/cover_moskau-150x150.jpg","type":"","width":"","height":""}],"author":"Redaktion JazzZeitung","schema":{"@context":"https:\/\/schema.org","@graph":[{"@type":"Article","@id":"https:\/\/www.jazzzeitung.de\/cms\/2017\/07\/cd-rezension-the-clarinet-trio-feat-alexey-kuglov-live-in-moscow\/#article","isPartOf":{"@id":"https:\/\/www.jazzzeitung.de\/cms\/2017\/07\/cd-rezension-the-clarinet-trio-feat-alexey-kuglov-live-in-moscow\/"},"author":{"name":"Redaktion JazzZeitung","@id":"https:\/\/www.jazzzeitung.de\/cms\/#\/schema\/person\/2245b36b9cd1d24cea10f01c031fb92b"},"headline":"CD-Rezension: The Clarinet Trio feat. Alexey Kruglov &#8211; Live in Moscow","datePublished":"2017-07-26T08:54:07+00:00","dateModified":"2017-07-26T09:03:27+00:00","mainEntityOfPage":{"@id":"https:\/\/www.jazzzeitung.de\/cms\/2017\/07\/cd-rezension-the-clarinet-trio-feat-alexey-kuglov-live-in-moscow\/"},"wordCount":312,"commentCount":0,"publisher":{"@id":"https:\/\/www.jazzzeitung.de\/cms\/#organization"},"image":{"@id":"https:\/\/www.jazzzeitung.de\/cms\/2017\/07\/cd-rezension-the-clarinet-trio-feat-alexey-kuglov-live-in-moscow\/#primaryimage"},"thumbnailUrl":"https:\/\/www.jazzzeitung.de\/cms\/wp-content\/uploads\/2017\/07\/cover_moskau-150x150.jpg","keywords":["accelerando","CD","CD-Rezension","Rezension","Stefan Pieper","trio"],"articleSection":["Rezension"],"inLanguage":"de","potentialAction":[{"@type":"CommentAction","name":"Comment","target":["https:\/\/www.jazzzeitung.de\/cms\/2017\/07\/cd-rezension-the-clarinet-trio-feat-alexey-kuglov-live-in-moscow\/#respond"]}]},{"@type":"WebPage","@id":"https:\/\/www.jazzzeitung.de\/cms\/2017\/07\/cd-rezension-the-clarinet-trio-feat-alexey-kuglov-live-in-moscow\/","url":"https:\/\/www.jazzzeitung.de\/cms\/2017\/07\/cd-rezension-the-clarinet-trio-feat-alexey-kuglov-live-in-moscow\/","name":"CD-Rezension: The Clarinet Trio feat. Alexey Kruglov - Live in Moscow - JazzZeitung","isPartOf":{"@id":"https:\/\/www.jazzzeitung.de\/cms\/#website"},"primaryImageOfPage":{"@id":"https:\/\/www.jazzzeitung.de\/cms\/2017\/07\/cd-rezension-the-clarinet-trio-feat-alexey-kuglov-live-in-moscow\/#primaryimage"},"image":{"@id":"https:\/\/www.jazzzeitung.de\/cms\/2017\/07\/cd-rezension-the-clarinet-trio-feat-alexey-kuglov-live-in-moscow\/#primaryimage"},"thumbnailUrl":"https:\/\/www.jazzzeitung.de\/cms\/wp-content\/uploads\/2017\/07\/cover_moskau-150x150.jpg","datePublished":"2017-07-26T08:54:07+00:00","dateModified":"2017-07-26T09:03:27+00:00","breadcrumb":{"@id":"https:\/\/www.jazzzeitung.de\/cms\/2017\/07\/cd-rezension-the-clarinet-trio-feat-alexey-kuglov-live-in-moscow\/#breadcrumb"},"inLanguage":"de","potentialAction":[{"@type":"ReadAction","target":["https:\/\/www.jazzzeitung.de\/cms\/2017\/07\/cd-rezension-the-clarinet-trio-feat-alexey-kuglov-live-in-moscow\/"]}]},{"@type":"ImageObject","inLanguage":"de","@id":"https:\/\/www.jazzzeitung.de\/cms\/2017\/07\/cd-rezension-the-clarinet-trio-feat-alexey-kuglov-live-in-moscow\/#primaryimage","url":"https:\/\/i0.wp.com\/www.jazzzeitung.de\/cms\/wp-content\/uploads\/2017\/07\/cover_moskau.jpg?fit=600%2C597&ssl=1","contentUrl":"https:\/\/i0.wp.com\/www.jazzzeitung.de\/cms\/wp-content\/uploads\/2017\/07\/cover_moskau.jpg?fit=600%2C597&ssl=1","width":600,"height":597},{"@type":"BreadcrumbList","@id":"https:\/\/www.jazzzeitung.de\/cms\/2017\/07\/cd-rezension-the-clarinet-trio-feat-alexey-kuglov-live-in-moscow\/#breadcrumb","itemListElement":[{"@type":"ListItem","position":1,"name":"Startseite","item":"https:\/\/www.jazzzeitung.de\/cms\/"},{"@type":"ListItem","position":2,"name":"CD-Rezension: The Clarinet Trio feat. Alexey Kruglov &#8211; Live in Moscow"}]},{"@type":"WebSite","@id":"https:\/\/www.jazzzeitung.de\/cms\/#website","url":"https:\/\/www.jazzzeitung.de\/cms\/","name":"JazzZeitung","description":"Jazz-News und Jazz-Kontroverses","publisher":{"@id":"https:\/\/www.jazzzeitung.de\/cms\/#organization"},"potentialAction":[{"@type":"SearchAction","target":{"@type":"EntryPoint","urlTemplate":"https:\/\/www.jazzzeitung.de\/cms\/?s={search_term_string}"},"query-input":{"@type":"PropertyValueSpecification","valueRequired":true,"valueName":"search_term_string"}}],"inLanguage":"de"},{"@type":"Organization","@id":"https:\/\/www.jazzzeitung.de\/cms\/#organization","name":"JazzZeitung online","url":"https:\/\/www.jazzzeitung.de\/cms\/","logo":{"@type":"ImageObject","inLanguage":"de","@id":"https:\/\/www.jazzzeitung.de\/cms\/#\/schema\/logo\/image\/","url":"https:\/\/i0.wp.com\/www.jazzzeitung.de\/cms\/wp-content\/uploads\/2015\/08\/JAZZZEITUNGDE_Logo_Neu.png?fit=499%2C200&ssl=1","contentUrl":"https:\/\/i0.wp.com\/www.jazzzeitung.de\/cms\/wp-content\/uploads\/2015\/08\/JAZZZEITUNGDE_Logo_Neu.png?fit=499%2C200&ssl=1","width":499,"height":200,"caption":"JazzZeitung online"},"image":{"@id":"https:\/\/www.jazzzeitung.de\/cms\/#\/schema\/logo\/image\/"},"sameAs":["https:\/\/www.facebook.com\/JazzZeitung\/"]},{"@type":"Person","@id":"https:\/\/www.jazzzeitung.de\/cms\/#\/schema\/person\/2245b36b9cd1d24cea10f01c031fb92b","name":"Redaktion JazzZeitung","image":{"@type":"ImageObject","inLanguage":"de","@id":"https:\/\/i0.wp.com\/www.jazzzeitung.de\/cms\/wp-content\/uploads\/2015\/08\/JAZZZEITUNGDE_Logo_Neu.png?resize=96%2C96&ssl=159975dcacb611b5700bd619b5daf0a7a","url":"https:\/\/i0.wp.com\/www.jazzzeitung.de\/cms\/wp-content\/uploads\/2015\/08\/JAZZZEITUNGDE_Logo_Neu.png?resize=96%2C96&ssl=1","contentUrl":"https:\/\/i0.wp.com\/www.jazzzeitung.de\/cms\/wp-content\/uploads\/2015\/08\/JAZZZEITUNGDE_Logo_Neu.png?resize=96%2C96&ssl=1","caption":"Redaktion JazzZeitung"},"description":"Artikel der Redaktion der JazzZeitung.","sameAs":["http:\/\/www.jazzzeitung.de\/cms\/"],"url":"https:\/\/www.jazzzeitung.de\/cms\/author\/redaktion\/"}]}},"wp-worthy-pixel":{"ignored":false,"public":null,"server":null,"url":null},"wp-worthy-type":"normal","jetpack_publicize_connections":[],"cc_featured_image_caption":{"caption_text":false,"source_text":false,"source_url":false},"jetpack_featured_media_url":"","jetpack_shortlink":"https:\/\/wp.me\/p3KEcT-3pX","jetpack-related-posts":[{"id":15515,"url":"https:\/\/www.jazzzeitung.de\/cms\/2018\/04\/cd-rezension-pablo-held-investigations\/","url_meta":{"origin":13141,"position":0},"title":"CD-Rezension: Pablo Held \u2013 Investigations","author":"Thomas J. Krebs","date":"12. April 2018","format":false,"excerpt":"Seit dem Jahr 2005 existiert das Pablo Held Trio mit Robert Landfermann am Bass und dem Schlagzeuger Jonas Burgwinkel bereits. Bis dato erschienen offiziell neun Alben unter Helds eigenem Namen, davon f\u00fcnf reine Trioalben in dieser Besetzung (plus eine Aufnahme im Trio mit John Scofield). Nach dem bedauernswerten Ende des\u2026","rel":"","context":"In &quot;Rezension&quot;","block_context":{"text":"Rezension","link":"https:\/\/www.jazzzeitung.de\/cms\/thema\/rezension\/"},"img":{"alt_text":"","src":"https:\/\/i0.wp.com\/www.jazzzeitung.de\/cms\/wp-content\/uploads\/2018\/04\/Pablo-Held-Cover1.jpg?fit=1200%2C823&ssl=1&resize=350%2C200","width":350,"height":200,"srcset":"https:\/\/i0.wp.com\/www.jazzzeitung.de\/cms\/wp-content\/uploads\/2018\/04\/Pablo-Held-Cover1.jpg?fit=1200%2C823&ssl=1&resize=350%2C200 1x, https:\/\/i0.wp.com\/www.jazzzeitung.de\/cms\/wp-content\/uploads\/2018\/04\/Pablo-Held-Cover1.jpg?fit=1200%2C823&ssl=1&resize=525%2C300 1.5x, https:\/\/i0.wp.com\/www.jazzzeitung.de\/cms\/wp-content\/uploads\/2018\/04\/Pablo-Held-Cover1.jpg?fit=1200%2C823&ssl=1&resize=700%2C400 2x, https:\/\/i0.wp.com\/www.jazzzeitung.de\/cms\/wp-content\/uploads\/2018\/04\/Pablo-Held-Cover1.jpg?fit=1200%2C823&ssl=1&resize=1050%2C600 3x"},"classes":[]},{"id":14958,"url":"https:\/\/www.jazzzeitung.de\/cms\/2018\/02\/cd-rezension-und-konzert-tipp-chris-gall-trio-cosmic-playground\/","url_meta":{"origin":13141,"position":1},"title":"CD-Rezension und Konzert-Tipp: Chris Gall Trio &#8211; Cosmic Playground","author":"Thomas J. Krebs","date":"2. Februar 2018","format":false,"excerpt":"\u201eCosmic Playgrund\u201d, die neue Trio CD des Pianisten Chris Gall, ist auf eine besondere Weise eine \u201efamily affair\u201d, begleitet am Schlagzeug von seinem j\u00fcngeren Bruder Peter Gall (der bereits an den ersten Vorg\u00e4ngeralben mitbeteiligt war) und dem M\u00fcnchner Ausnahmebassisten Henning Sieverts. Die drei kennen sich seit Jahren, musizieren und arbeiten\u2026","rel":"","context":"In &quot;News&quot;","block_context":{"text":"News","link":"https:\/\/www.jazzzeitung.de\/cms\/thema\/nachrichten\/"},"img":{"alt_text":"","src":"https:\/\/i0.wp.com\/www.jazzzeitung.de\/cms\/wp-content\/uploads\/2018\/01\/CD-Cover-Cosmic-playground.jpg?fit=1200%2C1200&ssl=1&resize=350%2C200","width":350,"height":200,"srcset":"https:\/\/i0.wp.com\/www.jazzzeitung.de\/cms\/wp-content\/uploads\/2018\/01\/CD-Cover-Cosmic-playground.jpg?fit=1200%2C1200&ssl=1&resize=350%2C200 1x, https:\/\/i0.wp.com\/www.jazzzeitung.de\/cms\/wp-content\/uploads\/2018\/01\/CD-Cover-Cosmic-playground.jpg?fit=1200%2C1200&ssl=1&resize=525%2C300 1.5x, https:\/\/i0.wp.com\/www.jazzzeitung.de\/cms\/wp-content\/uploads\/2018\/01\/CD-Cover-Cosmic-playground.jpg?fit=1200%2C1200&ssl=1&resize=700%2C400 2x, https:\/\/i0.wp.com\/www.jazzzeitung.de\/cms\/wp-content\/uploads\/2018\/01\/CD-Cover-Cosmic-playground.jpg?fit=1200%2C1200&ssl=1&resize=1050%2C600 3x"},"classes":[]},{"id":12079,"url":"https:\/\/www.jazzzeitung.de\/cms\/2017\/04\/cd-rezension-tobias-hoffmann-trio-blues-ballads-britney\/","url_meta":{"origin":13141,"position":2},"title":"CD-Rezension: Tobias Hoffmann Trio &#8211; Blues, Ballads &#038; Britney","author":"Redaktion JazzZeitung","date":"7. April 2017","format":false,"excerpt":"Es war klar, dass da noch mehr geht \u2013 viel mehr! Tobias Hoffmann, K\u00f6lner Gitarrist und ECHO-Jazz- sowie WDR-Jazzpreistr\u00e4ger im letzten Jahr tritt mit einer eigenen starken Stimme auf den sechs elektrifizierten Saiten aufs neue ins Rampenlicht. Sein Markenzeichen: Zum einen die kompromisslose und gnadenlos subjektive Einverleibung gro\u00dfer Songs, gerne\u2026","rel":"","context":"In &quot;Rezension&quot;","block_context":{"text":"Rezension","link":"https:\/\/www.jazzzeitung.de\/cms\/thema\/rezension\/"},"img":{"alt_text":"","src":"https:\/\/i0.wp.com\/www.jazzzeitung.de\/cms\/wp-content\/uploads\/2017\/04\/th_cover-150x150.jpg?resize=350%2C200","width":350,"height":200},"classes":[]},{"id":13076,"url":"https:\/\/www.jazzzeitung.de\/cms\/2017\/07\/cd-rezension-ehwald-schultze-rainey-behind-her-eyes\/","url_meta":{"origin":13141,"position":3},"title":"CD-Rezension: Ehwald-Schultze-Rainey &#8211; Behind Her Eyes","author":"Redaktion JazzZeitung","date":"19. Juli 2017","format":false,"excerpt":"Ein Atem, der zum Ton, zum melodischen Motiv wird. Ein Klaviermotiv wie ein Echo. Eine Z\u00e4sur, die mindestens genauso viel zu sagen hat, wie der betont offene Dialog, den sich der Saxofonist Peter Ehwald und sein pianistischer Partner Stefan Schultze leisten, zeigt sich gerade zu Beginn des neuen Albums als\u2026","rel":"","context":"In &quot;Rezension&quot;","block_context":{"text":"Rezension","link":"https:\/\/www.jazzzeitung.de\/cms\/thema\/rezension\/"},"img":{"alt_text":"","src":"https:\/\/i0.wp.com\/www.jazzzeitung.de\/cms\/wp-content\/uploads\/2017\/07\/peter-ehwald-cover-150x150.jpg?resize=350%2C200&ssl=1","width":350,"height":200},"classes":[]},{"id":10011,"url":"https:\/\/www.jazzzeitung.de\/cms\/2016\/09\/pablo-held-trio-lineage-pirouet-2016\/","url_meta":{"origin":13141,"position":4},"title":"Neues vom Pablo Held Trio: CD Lineage","author":"Redaktion JazzZeitung","date":"13. September 2016","format":false,"excerpt":"Das K\u00f6lner Pablo Held Trio demonstriert seit vielen Jahren, wie eine organische Band-Chemie verl\u00e4sslich nach innen und au\u00dfen wirkt - wo sich andere gerne auch mal in zu viel Kurzlebigkeit verzetteln. Vor zehn Jahren traten der Pianist Pablo Held, Bassist Robert Landfermann sowie der Schlagzeuger Jonas Burgwinkel als Newcomer beim\u2026","rel":"","context":"In &quot;Rezension&quot;","block_context":{"text":"Rezension","link":"https:\/\/www.jazzzeitung.de\/cms\/thema\/rezension\/"},"img":{"alt_text":"","src":"https:\/\/i0.wp.com\/www.jazzzeitung.de\/cms\/wp-content\/uploads\/2016\/09\/index-150x150.jpg?resize=350%2C200","width":350,"height":200},"classes":[]},{"id":13621,"url":"https:\/\/www.jazzzeitung.de\/cms\/2017\/09\/cd-rezension-dieter-ilg-mit-b-a-c-h\/","url_meta":{"origin":13141,"position":5},"title":"CD-Rezension: Dieter Ilg mit B-A-C-H","author":"Redaktion JazzZeitung","date":"29. September 2017","format":false,"excerpt":"Dieter Ilg hat sich mittlerweile einen Platz in der ersten Riege der Bassisten gesichert - national wie international. Unabh\u00e4ngig von seiner kontinuierlichen spielerischen Vielseitigkeit, angefangen bei Marc Copland , Roberto di Gioia oder Mike Manieri, im Duo mit Charlie Mariano oder Till Br\u00f6nner, erkundet Ilg seit 2009 im Trio mit\u2026","rel":"","context":"In &quot;Rezension&quot;","block_context":{"text":"Rezension","link":"https:\/\/www.jazzzeitung.de\/cms\/thema\/rezension\/"},"img":{"alt_text":"","src":"https:\/\/i0.wp.com\/www.jazzzeitung.de\/cms\/wp-content\/uploads\/2017\/09\/Cover-Dieter-Ilg-b-a-c-h.jpg?fit=1200%2C1105&ssl=1&resize=350%2C200","width":350,"height":200,"srcset":"https:\/\/i0.wp.com\/www.jazzzeitung.de\/cms\/wp-content\/uploads\/2017\/09\/Cover-Dieter-Ilg-b-a-c-h.jpg?fit=1200%2C1105&ssl=1&resize=350%2C200 1x, https:\/\/i0.wp.com\/www.jazzzeitung.de\/cms\/wp-content\/uploads\/2017\/09\/Cover-Dieter-Ilg-b-a-c-h.jpg?fit=1200%2C1105&ssl=1&resize=525%2C300 1.5x, https:\/\/i0.wp.com\/www.jazzzeitung.de\/cms\/wp-content\/uploads\/2017\/09\/Cover-Dieter-Ilg-b-a-c-h.jpg?fit=1200%2C1105&ssl=1&resize=700%2C400 2x, https:\/\/i0.wp.com\/www.jazzzeitung.de\/cms\/wp-content\/uploads\/2017\/09\/Cover-Dieter-Ilg-b-a-c-h.jpg?fit=1200%2C1105&ssl=1&resize=1050%2C600 3x"},"classes":[]}],"jetpack_sharing_enabled":true,"_links":{"self":[{"href":"https:\/\/www.jazzzeitung.de\/cms\/wp-json\/wp\/v2\/posts\/13141","targetHints":{"allow":["GET"]}}],"collection":[{"href":"https:\/\/www.jazzzeitung.de\/cms\/wp-json\/wp\/v2\/posts"}],"about":[{"href":"https:\/\/www.jazzzeitung.de\/cms\/wp-json\/wp\/v2\/types\/post"}],"author":[{"embeddable":true,"href":"https:\/\/www.jazzzeitung.de\/cms\/wp-json\/wp\/v2\/users\/18"}],"replies":[{"embeddable":true,"href":"https:\/\/www.jazzzeitung.de\/cms\/wp-json\/wp\/v2\/comments?post=13141"}],"version-history":[{"count":2,"href":"https:\/\/www.jazzzeitung.de\/cms\/wp-json\/wp\/v2\/posts\/13141\/revisions"}],"predecessor-version":[{"id":13144,"href":"https:\/\/www.jazzzeitung.de\/cms\/wp-json\/wp\/v2\/posts\/13141\/revisions\/13144"}],"wp:attachment":[{"href":"https:\/\/www.jazzzeitung.de\/cms\/wp-json\/wp\/v2\/media?parent=13141"}],"wp:term":[{"taxonomy":"category","embeddable":true,"href":"https:\/\/www.jazzzeitung.de\/cms\/wp-json\/wp\/v2\/categories?post=13141"},{"taxonomy":"post_tag","embeddable":true,"href":"https:\/\/www.jazzzeitung.de\/cms\/wp-json\/wp\/v2\/tags?post=13141"},{"taxonomy":"author","embeddable":true,"href":"https:\/\/www.jazzzeitung.de\/cms\/wp-json\/wp\/v2\/coauthors?post=13141"}],"curies":[{"name":"wp","href":"https:\/\/api.w.org\/{rel}","templated":true}]}}