{"id":12914,"date":"2017-07-10T15:05:49","date_gmt":"2017-07-10T13:05:49","guid":{"rendered":"https:\/\/www.jazzzeitung.de\/cms\/?p=12914"},"modified":"2017-11-20T11:10:00","modified_gmt":"2017-11-20T10:10:00","slug":"bildergalerie-das-bayerische-jazzweekend-2017","status":"publish","type":"post","link":"https:\/\/www.jazzzeitung.de\/cms\/2017\/07\/bildergalerie-das-bayerische-jazzweekend-2017\/","title":{"rendered":"Bildergalerie: das Bayerische Jazzweekend 2017"},"content":{"rendered":"<p>Vergangenes Wochenende erlebte Regensburg die 36. Ausgabe seines legend\u00e4ren Festivals Bayerisches Jazzweekend. Etwa 100 Bands bespielten den historischen Kern der Stadt mit Dixieland, Blues, Swing, Modern und Free Jazz.<\/p>\n<p>Die Fotografin Petra Basche lie\u00df sich von der widrigen Witterung nicht abschrecken, sondern von dem lebendigen Treiben auf den diversen\u00a0 B\u00fchnen faszinieren. Das Ergebnis ihrer Bildrecherchen spiegelt unsere aktuelle Weekend-Galerie wider.<\/p>\n<div class=\"tiled-gallery type-rectangular tiled-gallery-unresized\" data-original-width=\"840\" data-carousel-extra='{&quot;blog_id&quot;:1,&quot;permalink&quot;:&quot;https:\\\/\\\/www.jazzzeitung.de\\\/cms\\\/2017\\\/07\\\/bildergalerie-das-bayerische-jazzweekend-2017\\\/&quot;,&quot;likes_blog_id&quot;:55446655}' itemscope itemtype=\"http:\/\/schema.org\/ImageGallery\" > <div class=\"gallery-row\" style=\"width: 840px; height: 413px;\" data-original-width=\"840\" data-original-height=\"413\" > <div class=\"gallery-group images-1\" style=\"width: 550px; height: 413px;\" data-original-width=\"550\" data-original-height=\"413\" > <div class=\"tiled-gallery-item tiled-gallery-item-large\" itemprop=\"associatedMedia\" itemscope itemtype=\"http:\/\/schema.org\/ImageObject\"> <a href=\"https:\/\/www.jazzzeitung.de\/cms\/2017\/07\/bildergalerie-das-bayerische-jazzweekend-2017\/olympus-digital-camera-121\/\" border=\"0\" itemprop=\"url\"> <meta itemprop=\"width\" content=\"546\"> <meta itemprop=\"height\" content=\"409\"> <img decoding=\"async\" class=\"\" data-attachment-id=\"12966\" data-orig-file=\"https:\/\/www.jazzzeitung.de\/cms\/wp-content\/uploads\/2017\/07\/Jazzweekend_Regensburg_2017_TSing-Inge-Sing20170001.jpg\" data-orig-size=\"1800,1350\" data-comments-opened=\"1\" data-image-meta=\"{&quot;aperture&quot;:&quot;4&quot;,&quot;credit&quot;:&quot;pepa&quot;,&quot;camera&quot;:&quot;E-M5MarkII&quot;,&quot;caption&quot;:&quot;OLYMPUS DIGITAL CAMERA&quot;,&quot;created_timestamp&quot;:&quot;1499527077&quot;,&quot;copyright&quot;:&quot;Petra Basche HuPe-Kollektiv&quot;,&quot;focal_length&quot;:&quot;75&quot;,&quot;iso&quot;:&quot;2000&quot;,&quot;shutter_speed&quot;:&quot;0.025&quot;,&quot;title&quot;:&quot;OLYMPUS DIGITAL CAMERA&quot;,&quot;orientation&quot;:&quot;0&quot;}\" data-image-title=\"OLYMPUS DIGITAL CAMERA\" data-image-description=\"\" data-medium-file=\"https:\/\/i0.wp.com\/www.jazzzeitung.de\/cms\/wp-content\/uploads\/2017\/07\/Jazzweekend_Regensburg_2017_TSing-Inge-Sing20170001.jpg?fit=300%2C225&#038;ssl=1\" data-large-file=\"https:\/\/i0.wp.com\/www.jazzzeitung.de\/cms\/wp-content\/uploads\/2017\/07\/Jazzweekend_Regensburg_2017_TSing-Inge-Sing20170001.jpg?fit=800%2C600&#038;ssl=1\" src=\"https:\/\/i0.wp.com\/www.jazzzeitung.de\/cms\/wp-content\/uploads\/2017\/07\/Jazzweekend_Regensburg_2017_TSing-Inge-Sing20170001.jpg?w=546&#038;h=409&#038;ssl=1\" srcset=\"https:\/\/i0.wp.com\/www.jazzzeitung.de\/cms\/wp-content\/uploads\/2017\/07\/Jazzweekend_Regensburg_2017_TSing-Inge-Sing20170001.jpg?w=1800&amp;ssl=1 1800w, https:\/\/i0.wp.com\/www.jazzzeitung.de\/cms\/wp-content\/uploads\/2017\/07\/Jazzweekend_Regensburg_2017_TSing-Inge-Sing20170001.jpg?resize=300%2C225&amp;ssl=1 300w, https:\/\/i0.wp.com\/www.jazzzeitung.de\/cms\/wp-content\/uploads\/2017\/07\/Jazzweekend_Regensburg_2017_TSing-Inge-Sing20170001.jpg?resize=768%2C576&amp;ssl=1 768w, https:\/\/i0.wp.com\/www.jazzzeitung.de\/cms\/wp-content\/uploads\/2017\/07\/Jazzweekend_Regensburg_2017_TSing-Inge-Sing20170001.jpg?resize=800%2C600&amp;ssl=1 800w, https:\/\/i0.wp.com\/www.jazzzeitung.de\/cms\/wp-content\/uploads\/2017\/07\/Jazzweekend_Regensburg_2017_TSing-Inge-Sing20170001.jpg?w=1680&amp;ssl=1 1680w\" width=\"546\" height=\"409\" loading=\"lazy\" data-original-width=\"546\" data-original-height=\"409\" itemprop=\"http:\/\/schema.org\/image\" title=\"OLYMPUS DIGITAL CAMERA\" alt=\"Sing! Inge Sing! Der zerbrochene Traum der Inge Brandenburg. Foto: Petra Basche\" style=\"width: 546px; height: 409px;\" \/> <\/a> <div class=\"tiled-gallery-caption\" itemprop=\"caption description\"> Sing! Inge Sing! Der zerbrochene Traum der Inge Brandenburg. Foto: Petra Basche <\/div> <\/div> <\/div> <!-- close group --> <div class=\"gallery-group images-2\" style=\"width: 290px; height: 413px;\" data-original-width=\"290\" data-original-height=\"413\" > <div class=\"tiled-gallery-item tiled-gallery-item-large\" itemprop=\"associatedMedia\" itemscope itemtype=\"http:\/\/schema.org\/ImageObject\"> <a href=\"https:\/\/www.jazzzeitung.de\/cms\/2017\/07\/bildergalerie-das-bayerische-jazzweekend-2017\/olympus-digital-camera-123\/\" border=\"0\" itemprop=\"url\"> <meta itemprop=\"width\" content=\"286\"> <meta itemprop=\"height\" content=\"214\"> <img decoding=\"async\" class=\"\" data-attachment-id=\"12968\" data-orig-file=\"https:\/\/www.jazzzeitung.de\/cms\/wp-content\/uploads\/2017\/07\/Jazzweekend_Regensburg_2017_TSing-Inge-Sing20170001-3.jpg\" data-orig-size=\"1800,1350\" data-comments-opened=\"1\" data-image-meta=\"{&quot;aperture&quot;:&quot;2.2&quot;,&quot;credit&quot;:&quot;pepa&quot;,&quot;camera&quot;:&quot;E-M5MarkII&quot;,&quot;caption&quot;:&quot;OLYMPUS DIGITAL CAMERA&quot;,&quot;created_timestamp&quot;:&quot;1499526752&quot;,&quot;copyright&quot;:&quot;Petra Basche HuPe-Kollektiv&quot;,&quot;focal_length&quot;:&quot;75&quot;,&quot;iso&quot;:&quot;2000&quot;,&quot;shutter_speed&quot;:&quot;0.005&quot;,&quot;title&quot;:&quot;OLYMPUS DIGITAL CAMERA&quot;,&quot;orientation&quot;:&quot;0&quot;}\" data-image-title=\"OLYMPUS DIGITAL CAMERA\" data-image-description=\"\" data-medium-file=\"https:\/\/i0.wp.com\/www.jazzzeitung.de\/cms\/wp-content\/uploads\/2017\/07\/Jazzweekend_Regensburg_2017_TSing-Inge-Sing20170001-3.jpg?fit=300%2C225&#038;ssl=1\" data-large-file=\"https:\/\/i0.wp.com\/www.jazzzeitung.de\/cms\/wp-content\/uploads\/2017\/07\/Jazzweekend_Regensburg_2017_TSing-Inge-Sing20170001-3.jpg?fit=800%2C600&#038;ssl=1\" src=\"https:\/\/i0.wp.com\/www.jazzzeitung.de\/cms\/wp-content\/uploads\/2017\/07\/Jazzweekend_Regensburg_2017_TSing-Inge-Sing20170001-3.jpg?w=286&#038;h=214&#038;ssl=1\" srcset=\"https:\/\/i0.wp.com\/www.jazzzeitung.de\/cms\/wp-content\/uploads\/2017\/07\/Jazzweekend_Regensburg_2017_TSing-Inge-Sing20170001-3.jpg?w=1800&amp;ssl=1 1800w, https:\/\/i0.wp.com\/www.jazzzeitung.de\/cms\/wp-content\/uploads\/2017\/07\/Jazzweekend_Regensburg_2017_TSing-Inge-Sing20170001-3.jpg?resize=300%2C225&amp;ssl=1 300w, https:\/\/i0.wp.com\/www.jazzzeitung.de\/cms\/wp-content\/uploads\/2017\/07\/Jazzweekend_Regensburg_2017_TSing-Inge-Sing20170001-3.jpg?resize=768%2C576&amp;ssl=1 768w, https:\/\/i0.wp.com\/www.jazzzeitung.de\/cms\/wp-content\/uploads\/2017\/07\/Jazzweekend_Regensburg_2017_TSing-Inge-Sing20170001-3.jpg?resize=800%2C600&amp;ssl=1 800w, https:\/\/i0.wp.com\/www.jazzzeitung.de\/cms\/wp-content\/uploads\/2017\/07\/Jazzweekend_Regensburg_2017_TSing-Inge-Sing20170001-3.jpg?w=1680&amp;ssl=1 1680w\" width=\"286\" height=\"214\" loading=\"lazy\" data-original-width=\"286\" data-original-height=\"214\" itemprop=\"http:\/\/schema.org\/image\" title=\"OLYMPUS DIGITAL CAMERA\" alt=\"Sing! Inge Sing! Der zerbrochene Traum der Inge Brandenburg. Foto: Petra Basche\" style=\"width: 286px; height: 214px;\" \/> <\/a> <div class=\"tiled-gallery-caption\" itemprop=\"caption description\"> Sing! Inge Sing! Der zerbrochene Traum der Inge Brandenburg. Foto: Petra Basche <\/div> <\/div> <div class=\"tiled-gallery-item tiled-gallery-item-large\" itemprop=\"associatedMedia\" itemscope itemtype=\"http:\/\/schema.org\/ImageObject\"> <a href=\"https:\/\/www.jazzzeitung.de\/cms\/2017\/07\/bildergalerie-das-bayerische-jazzweekend-2017\/jazzweekend_regensburg_2017_shake-stew20170010\/\" border=\"0\" itemprop=\"url\"> <meta itemprop=\"width\" content=\"286\"> <meta itemprop=\"height\" content=\"191\"> <img decoding=\"async\" class=\"\" data-attachment-id=\"12960\" data-orig-file=\"https:\/\/www.jazzzeitung.de\/cms\/wp-content\/uploads\/2017\/07\/Jazzweekend_Regensburg_2017_shake-stew20170010.jpg\" data-orig-size=\"1800,1201\" data-comments-opened=\"1\" data-image-meta=\"{&quot;aperture&quot;:&quot;3.5&quot;,&quot;credit&quot;:&quot;Petra_Basche&quot;,&quot;camera&quot;:&quot;NIKON D800&quot;,&quot;caption&quot;:&quot;&quot;,&quot;created_timestamp&quot;:&quot;1499549068&quot;,&quot;copyright&quot;:&quot;HuPe-Kollektiv&quot;,&quot;focal_length&quot;:&quot;50&quot;,&quot;iso&quot;:&quot;2000&quot;,&quot;shutter_speed&quot;:&quot;0.00625&quot;,&quot;title&quot;:&quot;&quot;,&quot;orientation&quot;:&quot;0&quot;}\" data-image-title=\"Jazzweekend_Regensburg_2017_shake stew20170010\" data-image-description=\"\" data-medium-file=\"https:\/\/i0.wp.com\/www.jazzzeitung.de\/cms\/wp-content\/uploads\/2017\/07\/Jazzweekend_Regensburg_2017_shake-stew20170010.jpg?fit=300%2C200&#038;ssl=1\" data-large-file=\"https:\/\/i0.wp.com\/www.jazzzeitung.de\/cms\/wp-content\/uploads\/2017\/07\/Jazzweekend_Regensburg_2017_shake-stew20170010.jpg?fit=840%2C560&#038;ssl=1\" src=\"https:\/\/i0.wp.com\/www.jazzzeitung.de\/cms\/wp-content\/uploads\/2017\/07\/Jazzweekend_Regensburg_2017_shake-stew20170010.jpg?w=286&#038;h=191&#038;ssl=1\" srcset=\"https:\/\/i0.wp.com\/www.jazzzeitung.de\/cms\/wp-content\/uploads\/2017\/07\/Jazzweekend_Regensburg_2017_shake-stew20170010.jpg?w=1800&amp;ssl=1 1800w, https:\/\/i0.wp.com\/www.jazzzeitung.de\/cms\/wp-content\/uploads\/2017\/07\/Jazzweekend_Regensburg_2017_shake-stew20170010.jpg?resize=300%2C200&amp;ssl=1 300w, https:\/\/i0.wp.com\/www.jazzzeitung.de\/cms\/wp-content\/uploads\/2017\/07\/Jazzweekend_Regensburg_2017_shake-stew20170010.jpg?resize=768%2C512&amp;ssl=1 768w, https:\/\/i0.wp.com\/www.jazzzeitung.de\/cms\/wp-content\/uploads\/2017\/07\/Jazzweekend_Regensburg_2017_shake-stew20170010.jpg?resize=900%2C600&amp;ssl=1 900w, https:\/\/i0.wp.com\/www.jazzzeitung.de\/cms\/wp-content\/uploads\/2017\/07\/Jazzweekend_Regensburg_2017_shake-stew20170010.jpg?w=1680&amp;ssl=1 1680w\" width=\"286\" height=\"191\" loading=\"lazy\" data-original-width=\"286\" data-original-height=\"191\" itemprop=\"http:\/\/schema.org\/image\" title=\"Jazzweekend_Regensburg_2017_shake stew20170010\" alt=\"Beste Akustik: Jazz im Thon-Dittmer-Palais. Foto: Petra Basche\" style=\"width: 286px; height: 191px;\" \/> <\/a> <div class=\"tiled-gallery-caption\" itemprop=\"caption description\"> Beste Akustik: Jazz im Thon-Dittmer-Palais. Foto: Petra Basche <\/div> <\/div> <\/div> <!-- close group --> <\/div> <!-- close row --> <div class=\"gallery-row\" style=\"width: 840px; height: 403px;\" data-original-width=\"840\" data-original-height=\"403\" > <div class=\"gallery-group images-1\" style=\"width: 536px; height: 403px;\" data-original-width=\"536\" data-original-height=\"403\" > <div class=\"tiled-gallery-item tiled-gallery-item-large\" itemprop=\"associatedMedia\" itemscope itemtype=\"http:\/\/schema.org\/ImageObject\"> <a href=\"https:\/\/www.jazzzeitung.de\/cms\/2017\/07\/bildergalerie-das-bayerische-jazzweekend-2017\/olympus-digital-camera-120\/\" border=\"0\" itemprop=\"url\"> <meta itemprop=\"width\" content=\"532\"> <meta itemprop=\"height\" content=\"399\"> <img decoding=\"async\" class=\"\" data-attachment-id=\"12965\" data-orig-file=\"https:\/\/www.jazzzeitung.de\/cms\/wp-content\/uploads\/2017\/07\/Jazzweekend_Regensburg_2017_Trio-Elf20170001-7.jpg\" data-orig-size=\"1800,1350\" data-comments-opened=\"1\" data-image-meta=\"{&quot;aperture&quot;:&quot;2.2&quot;,&quot;credit&quot;:&quot;pepa&quot;,&quot;camera&quot;:&quot;E-M5MarkII&quot;,&quot;caption&quot;:&quot;OLYMPUS DIGITAL CAMERA&quot;,&quot;created_timestamp&quot;:&quot;1499525603&quot;,&quot;copyright&quot;:&quot;Petra Basche HuPe-Kollektiv&quot;,&quot;focal_length&quot;:&quot;75&quot;,&quot;iso&quot;:&quot;800&quot;,&quot;shutter_speed&quot;:&quot;0.0025&quot;,&quot;title&quot;:&quot;OLYMPUS DIGITAL CAMERA&quot;,&quot;orientation&quot;:&quot;0&quot;}\" data-image-title=\"OLYMPUS DIGITAL CAMERA\" data-image-description=\"\" data-medium-file=\"https:\/\/i0.wp.com\/www.jazzzeitung.de\/cms\/wp-content\/uploads\/2017\/07\/Jazzweekend_Regensburg_2017_Trio-Elf20170001-7.jpg?fit=300%2C225&#038;ssl=1\" data-large-file=\"https:\/\/i0.wp.com\/www.jazzzeitung.de\/cms\/wp-content\/uploads\/2017\/07\/Jazzweekend_Regensburg_2017_Trio-Elf20170001-7.jpg?fit=800%2C600&#038;ssl=1\" src=\"https:\/\/i0.wp.com\/www.jazzzeitung.de\/cms\/wp-content\/uploads\/2017\/07\/Jazzweekend_Regensburg_2017_Trio-Elf20170001-7.jpg?w=532&#038;h=399&#038;ssl=1\" srcset=\"https:\/\/i0.wp.com\/www.jazzzeitung.de\/cms\/wp-content\/uploads\/2017\/07\/Jazzweekend_Regensburg_2017_Trio-Elf20170001-7.jpg?w=1800&amp;ssl=1 1800w, https:\/\/i0.wp.com\/www.jazzzeitung.de\/cms\/wp-content\/uploads\/2017\/07\/Jazzweekend_Regensburg_2017_Trio-Elf20170001-7.jpg?resize=300%2C225&amp;ssl=1 300w, https:\/\/i0.wp.com\/www.jazzzeitung.de\/cms\/wp-content\/uploads\/2017\/07\/Jazzweekend_Regensburg_2017_Trio-Elf20170001-7.jpg?resize=768%2C576&amp;ssl=1 768w, https:\/\/i0.wp.com\/www.jazzzeitung.de\/cms\/wp-content\/uploads\/2017\/07\/Jazzweekend_Regensburg_2017_Trio-Elf20170001-7.jpg?resize=800%2C600&amp;ssl=1 800w, https:\/\/i0.wp.com\/www.jazzzeitung.de\/cms\/wp-content\/uploads\/2017\/07\/Jazzweekend_Regensburg_2017_Trio-Elf20170001-7.jpg?w=1680&amp;ssl=1 1680w\" width=\"532\" height=\"399\" loading=\"lazy\" data-original-width=\"532\" data-original-height=\"399\" itemprop=\"http:\/\/schema.org\/image\" title=\"OLYMPUS DIGITAL CAMERA\" alt=\"Walter Lang und das Trio ELF auf dem Kohlenmarkt.Foto Petra Basche\" style=\"width: 532px; height: 399px;\" \/> <\/a> <div class=\"tiled-gallery-caption\" itemprop=\"caption description\"> Walter Lang und das Trio ELF auf dem Kohlenmarkt.Foto Petra Basche <\/div> <\/div> <\/div> <!-- close group --> <div class=\"gallery-group images-1\" style=\"width: 304px; height: 403px;\" data-original-width=\"304\" data-original-height=\"403\" > <div class=\"tiled-gallery-item tiled-gallery-item-large\" itemprop=\"associatedMedia\" itemscope itemtype=\"http:\/\/schema.org\/ImageObject\"> <a href=\"https:\/\/www.jazzzeitung.de\/cms\/2017\/07\/bildergalerie-das-bayerische-jazzweekend-2017\/olympus-digital-camera-118\/\" border=\"0\" itemprop=\"url\"> <meta itemprop=\"width\" content=\"300\"> <meta itemprop=\"height\" content=\"399\"> <img decoding=\"async\" class=\"\" data-attachment-id=\"12963\" data-orig-file=\"https:\/\/www.jazzzeitung.de\/cms\/wp-content\/uploads\/2017\/07\/Jazzweekend_Regensburg_2017_Trio-Elf20170001-5.jpg\" data-orig-size=\"1350,1800\" data-comments-opened=\"1\" data-image-meta=\"{&quot;aperture&quot;:&quot;2.2&quot;,&quot;credit&quot;:&quot;pepa&quot;,&quot;camera&quot;:&quot;E-M5MarkII&quot;,&quot;caption&quot;:&quot;OLYMPUS DIGITAL CAMERA&quot;,&quot;created_timestamp&quot;:&quot;1499525217&quot;,&quot;copyright&quot;:&quot;Petra Basche HuPe-Kollektiv&quot;,&quot;focal_length&quot;:&quot;75&quot;,&quot;iso&quot;:&quot;800&quot;,&quot;shutter_speed&quot;:&quot;0.0025&quot;,&quot;title&quot;:&quot;OLYMPUS DIGITAL CAMERA&quot;,&quot;orientation&quot;:&quot;0&quot;}\" data-image-title=\"OLYMPUS DIGITAL CAMERA\" data-image-description=\"\" data-medium-file=\"https:\/\/i0.wp.com\/www.jazzzeitung.de\/cms\/wp-content\/uploads\/2017\/07\/Jazzweekend_Regensburg_2017_Trio-Elf20170001-5.jpg?fit=225%2C300&#038;ssl=1\" data-large-file=\"https:\/\/i0.wp.com\/www.jazzzeitung.de\/cms\/wp-content\/uploads\/2017\/07\/Jazzweekend_Regensburg_2017_Trio-Elf20170001-5.jpg?fit=450%2C600&#038;ssl=1\" src=\"https:\/\/i0.wp.com\/www.jazzzeitung.de\/cms\/wp-content\/uploads\/2017\/07\/Jazzweekend_Regensburg_2017_Trio-Elf20170001-5.jpg?w=300&#038;h=399&#038;ssl=1\" srcset=\"https:\/\/i0.wp.com\/www.jazzzeitung.de\/cms\/wp-content\/uploads\/2017\/07\/Jazzweekend_Regensburg_2017_Trio-Elf20170001-5.jpg?w=1350&amp;ssl=1 1350w, https:\/\/i0.wp.com\/www.jazzzeitung.de\/cms\/wp-content\/uploads\/2017\/07\/Jazzweekend_Regensburg_2017_Trio-Elf20170001-5.jpg?resize=225%2C300&amp;ssl=1 225w, https:\/\/i0.wp.com\/www.jazzzeitung.de\/cms\/wp-content\/uploads\/2017\/07\/Jazzweekend_Regensburg_2017_Trio-Elf20170001-5.jpg?resize=768%2C1024&amp;ssl=1 768w, https:\/\/i0.wp.com\/www.jazzzeitung.de\/cms\/wp-content\/uploads\/2017\/07\/Jazzweekend_Regensburg_2017_Trio-Elf20170001-5.jpg?resize=450%2C600&amp;ssl=1 450w\" width=\"300\" height=\"399\" loading=\"lazy\" data-original-width=\"300\" data-original-height=\"399\" itemprop=\"http:\/\/schema.org\/image\" title=\"OLYMPUS DIGITAL CAMERA\" alt=\"Perkussions-Mensch-Maschine: Gerwin Eisenhauer im Zentrum von Trio ELF. Foto: Petra Basche\" style=\"width: 300px; height: 399px;\" \/> <\/a> <div class=\"tiled-gallery-caption\" itemprop=\"caption description\"> Perkussions-Mensch-Maschine: Gerwin Eisenhauer im Zentrum von Trio ELF. Foto: Petra Basche <\/div> <\/div> <\/div> <!-- close group --> <\/div> <!-- close row --> <div class=\"gallery-row\" style=\"width: 840px; height: 374px;\" data-original-width=\"840\" data-original-height=\"374\" > <div class=\"gallery-group images-1\" style=\"width: 281px; height: 374px;\" data-original-width=\"281\" data-original-height=\"374\" > <div class=\"tiled-gallery-item tiled-gallery-item-large\" itemprop=\"associatedMedia\" itemscope itemtype=\"http:\/\/schema.org\/ImageObject\"> <a href=\"https:\/\/www.jazzzeitung.de\/cms\/2017\/07\/bildergalerie-das-bayerische-jazzweekend-2017\/olympus-digital-camera-87\/\" border=\"0\" itemprop=\"url\"> <meta itemprop=\"width\" content=\"277\"> <meta itemprop=\"height\" content=\"370\"> <img decoding=\"async\" class=\"\" data-attachment-id=\"12929\" data-orig-file=\"https:\/\/www.jazzzeitung.de\/cms\/wp-content\/uploads\/2017\/07\/Jazzweekend_Regensburg_2017_lorenz_kellhuber_trio20170004.jpg\" data-orig-size=\"1350,1800\" data-comments-opened=\"1\" data-image-meta=\"{&quot;aperture&quot;:&quot;4&quot;,&quot;credit&quot;:&quot;pepa&quot;,&quot;camera&quot;:&quot;E-M5MarkII&quot;,&quot;caption&quot;:&quot;OLYMPUS DIGITAL CAMERA&quot;,&quot;created_timestamp&quot;:&quot;1499616293&quot;,&quot;copyright&quot;:&quot;Petra Basche HuPe-Kollektiv&quot;,&quot;focal_length&quot;:&quot;190&quot;,&quot;iso&quot;:&quot;500&quot;,&quot;shutter_speed&quot;:&quot;0.001&quot;,&quot;title&quot;:&quot;OLYMPUS DIGITAL CAMERA&quot;,&quot;orientation&quot;:&quot;0&quot;}\" data-image-title=\"OLYMPUS DIGITAL CAMERA\" data-image-description=\"\" data-medium-file=\"https:\/\/i0.wp.com\/www.jazzzeitung.de\/cms\/wp-content\/uploads\/2017\/07\/Jazzweekend_Regensburg_2017_lorenz_kellhuber_trio20170004.jpg?fit=225%2C300&#038;ssl=1\" data-large-file=\"https:\/\/i0.wp.com\/www.jazzzeitung.de\/cms\/wp-content\/uploads\/2017\/07\/Jazzweekend_Regensburg_2017_lorenz_kellhuber_trio20170004.jpg?fit=450%2C600&#038;ssl=1\" src=\"https:\/\/i0.wp.com\/www.jazzzeitung.de\/cms\/wp-content\/uploads\/2017\/07\/Jazzweekend_Regensburg_2017_lorenz_kellhuber_trio20170004.jpg?w=277&#038;h=370&#038;ssl=1\" srcset=\"https:\/\/i0.wp.com\/www.jazzzeitung.de\/cms\/wp-content\/uploads\/2017\/07\/Jazzweekend_Regensburg_2017_lorenz_kellhuber_trio20170004.jpg?w=1350&amp;ssl=1 1350w, https:\/\/i0.wp.com\/www.jazzzeitung.de\/cms\/wp-content\/uploads\/2017\/07\/Jazzweekend_Regensburg_2017_lorenz_kellhuber_trio20170004.jpg?resize=225%2C300&amp;ssl=1 225w, https:\/\/i0.wp.com\/www.jazzzeitung.de\/cms\/wp-content\/uploads\/2017\/07\/Jazzweekend_Regensburg_2017_lorenz_kellhuber_trio20170004.jpg?resize=768%2C1024&amp;ssl=1 768w, https:\/\/i0.wp.com\/www.jazzzeitung.de\/cms\/wp-content\/uploads\/2017\/07\/Jazzweekend_Regensburg_2017_lorenz_kellhuber_trio20170004.jpg?resize=450%2C600&amp;ssl=1 450w\" width=\"277\" height=\"370\" loading=\"lazy\" data-original-width=\"277\" data-original-height=\"370\" itemprop=\"http:\/\/schema.org\/image\" title=\"OLYMPUS DIGITAL CAMERA\" alt=\"Bestes Klaviertrio n\u00f6rdlich der Donau: Der Wahlberliner Lorenz Kellhuber zu Gast mit seinem Trio in seiner Heimatstadt Regensburg. Foto: Petra Basche\" style=\"width: 277px; height: 370px;\" \/> <\/a> <div class=\"tiled-gallery-caption\" itemprop=\"caption description\"> Bestes Klaviertrio n\u00f6rdlich der Donau: Der Wahlberliner Lorenz Kellhuber zu Gast mit seinem Trio in seiner Heimatstadt Regensburg. Foto: Petra Basche <\/div> <\/div> <\/div> <!-- close group --> <div class=\"gallery-group images-1\" style=\"width: 559px; height: 374px;\" data-original-width=\"559\" data-original-height=\"374\" > <div class=\"tiled-gallery-item tiled-gallery-item-large\" itemprop=\"associatedMedia\" itemscope itemtype=\"http:\/\/schema.org\/ImageObject\"> <a href=\"https:\/\/www.jazzzeitung.de\/cms\/2017\/07\/bildergalerie-das-bayerische-jazzweekend-2017\/olympus-digital-camera-112\/\" border=\"0\" itemprop=\"url\"> <meta itemprop=\"width\" content=\"555\"> <meta itemprop=\"height\" content=\"370\"> <img decoding=\"async\" class=\"\" data-attachment-id=\"12956\" data-orig-file=\"https:\/\/www.jazzzeitung.de\/cms\/wp-content\/uploads\/2017\/07\/Jazzweekend_Regensburg_2017_shake-stew20170006.jpg\" data-orig-size=\"1800,1200\" data-comments-opened=\"1\" data-image-meta=\"{&quot;aperture&quot;:&quot;4.5&quot;,&quot;credit&quot;:&quot;pepa&quot;,&quot;camera&quot;:&quot;E-M5MarkII&quot;,&quot;caption&quot;:&quot;OLYMPUS DIGITAL CAMERA&quot;,&quot;created_timestamp&quot;:&quot;1499546309&quot;,&quot;copyright&quot;:&quot;Petra Basche HuPe-Kollektiv&quot;,&quot;focal_length&quot;:&quot;210&quot;,&quot;iso&quot;:&quot;2000&quot;,&quot;shutter_speed&quot;:&quot;0.01&quot;,&quot;title&quot;:&quot;OLYMPUS DIGITAL CAMERA&quot;,&quot;orientation&quot;:&quot;0&quot;}\" data-image-title=\"OLYMPUS DIGITAL CAMERA\" data-image-description=\"\" data-medium-file=\"https:\/\/i0.wp.com\/www.jazzzeitung.de\/cms\/wp-content\/uploads\/2017\/07\/Jazzweekend_Regensburg_2017_shake-stew20170006.jpg?fit=300%2C200&#038;ssl=1\" data-large-file=\"https:\/\/i0.wp.com\/www.jazzzeitung.de\/cms\/wp-content\/uploads\/2017\/07\/Jazzweekend_Regensburg_2017_shake-stew20170006.jpg?fit=840%2C560&#038;ssl=1\" src=\"https:\/\/i0.wp.com\/www.jazzzeitung.de\/cms\/wp-content\/uploads\/2017\/07\/Jazzweekend_Regensburg_2017_shake-stew20170006.jpg?w=555&#038;h=370&#038;ssl=1\" srcset=\"https:\/\/i0.wp.com\/www.jazzzeitung.de\/cms\/wp-content\/uploads\/2017\/07\/Jazzweekend_Regensburg_2017_shake-stew20170006.jpg?w=1800&amp;ssl=1 1800w, https:\/\/i0.wp.com\/www.jazzzeitung.de\/cms\/wp-content\/uploads\/2017\/07\/Jazzweekend_Regensburg_2017_shake-stew20170006.jpg?resize=300%2C200&amp;ssl=1 300w, https:\/\/i0.wp.com\/www.jazzzeitung.de\/cms\/wp-content\/uploads\/2017\/07\/Jazzweekend_Regensburg_2017_shake-stew20170006.jpg?resize=768%2C512&amp;ssl=1 768w, https:\/\/i0.wp.com\/www.jazzzeitung.de\/cms\/wp-content\/uploads\/2017\/07\/Jazzweekend_Regensburg_2017_shake-stew20170006.jpg?resize=900%2C600&amp;ssl=1 900w, https:\/\/i0.wp.com\/www.jazzzeitung.de\/cms\/wp-content\/uploads\/2017\/07\/Jazzweekend_Regensburg_2017_shake-stew20170006.jpg?w=1680&amp;ssl=1 1680w\" width=\"555\" height=\"370\" loading=\"lazy\" data-original-width=\"555\" data-original-height=\"370\" itemprop=\"http:\/\/schema.org\/image\" title=\"OLYMPUS DIGITAL CAMERA\" alt=\"Trompeter Shake Stew. Foto: Petra Basche\" style=\"width: 555px; height: 370px;\" \/> <\/a> <div class=\"tiled-gallery-caption\" itemprop=\"caption description\"> Trompeter Shake Stew. Foto: Petra Basche <\/div> <\/div> <\/div> <!-- close group --> <\/div> <!-- close row --> <div class=\"gallery-row\" style=\"width: 840px; height: 767px;\" data-original-width=\"840\" data-original-height=\"767\" > <div class=\"gallery-group images-1\" style=\"width: 513px; height: 767px;\" data-original-width=\"513\" data-original-height=\"767\" > <div class=\"tiled-gallery-item tiled-gallery-item-large\" itemprop=\"associatedMedia\" itemscope itemtype=\"http:\/\/schema.org\/ImageObject\"> <a href=\"https:\/\/www.jazzzeitung.de\/cms\/2017\/07\/bildergalerie-das-bayerische-jazzweekend-2017\/olympus-digital-camera-100\/\" border=\"0\" itemprop=\"url\"> <meta itemprop=\"width\" content=\"509\"> <meta itemprop=\"height\" content=\"763\"> <img decoding=\"async\" class=\"\" data-attachment-id=\"12942\" data-orig-file=\"https:\/\/www.jazzzeitung.de\/cms\/wp-content\/uploads\/2017\/07\/Jazzweekend_Regensburg_2017_Max-Andrz.Huette20170013.jpg\" data-orig-size=\"1200,1800\" data-comments-opened=\"1\" data-image-meta=\"{&quot;aperture&quot;:&quot;4&quot;,&quot;credit&quot;:&quot;pepa&quot;,&quot;camera&quot;:&quot;E-M5MarkII&quot;,&quot;caption&quot;:&quot;OLYMPUS DIGITAL CAMERA&quot;,&quot;created_timestamp&quot;:&quot;1499536773&quot;,&quot;copyright&quot;:&quot;Petra Basche HuPe-Kollektiv&quot;,&quot;focal_length&quot;:&quot;150&quot;,&quot;iso&quot;:&quot;1000&quot;,&quot;shutter_speed&quot;:&quot;0.0025&quot;,&quot;title&quot;:&quot;OLYMPUS DIGITAL CAMERA&quot;,&quot;orientation&quot;:&quot;0&quot;}\" data-image-title=\"OLYMPUS DIGITAL CAMERA\" data-image-description=\"\" data-medium-file=\"https:\/\/i0.wp.com\/www.jazzzeitung.de\/cms\/wp-content\/uploads\/2017\/07\/Jazzweekend_Regensburg_2017_Max-Andrz.Huette20170013.jpg?fit=200%2C300&#038;ssl=1\" data-large-file=\"https:\/\/i0.wp.com\/www.jazzzeitung.de\/cms\/wp-content\/uploads\/2017\/07\/Jazzweekend_Regensburg_2017_Max-Andrz.Huette20170013.jpg?fit=400%2C600&#038;ssl=1\" src=\"https:\/\/i0.wp.com\/www.jazzzeitung.de\/cms\/wp-content\/uploads\/2017\/07\/Jazzweekend_Regensburg_2017_Max-Andrz.Huette20170013.jpg?w=509&#038;h=763&#038;ssl=1\" srcset=\"https:\/\/i0.wp.com\/www.jazzzeitung.de\/cms\/wp-content\/uploads\/2017\/07\/Jazzweekend_Regensburg_2017_Max-Andrz.Huette20170013.jpg?w=1200&amp;ssl=1 1200w, https:\/\/i0.wp.com\/www.jazzzeitung.de\/cms\/wp-content\/uploads\/2017\/07\/Jazzweekend_Regensburg_2017_Max-Andrz.Huette20170013.jpg?resize=200%2C300&amp;ssl=1 200w, https:\/\/i0.wp.com\/www.jazzzeitung.de\/cms\/wp-content\/uploads\/2017\/07\/Jazzweekend_Regensburg_2017_Max-Andrz.Huette20170013.jpg?resize=768%2C1152&amp;ssl=1 768w, https:\/\/i0.wp.com\/www.jazzzeitung.de\/cms\/wp-content\/uploads\/2017\/07\/Jazzweekend_Regensburg_2017_Max-Andrz.Huette20170013.jpg?resize=400%2C600&amp;ssl=1 400w\" width=\"509\" height=\"763\" loading=\"lazy\" data-original-width=\"509\" data-original-height=\"763\" itemprop=\"http:\/\/schema.org\/image\" title=\"OLYMPUS DIGITAL CAMERA\" alt=\"Gospelsolistin bei Max Andrzjewskis &quot;H\u00fctte&quot;. Foto: Petra Basche\" style=\"width: 509px; height: 763px;\" \/> <\/a> <div class=\"tiled-gallery-caption\" itemprop=\"caption description\"> Gospelsolistin bei Max Andrzjewskis &#8222;H\u00fctte&#8220;. Foto: Petra Basche <\/div> <\/div> <\/div> <!-- close group --> <div class=\"gallery-group images-3\" style=\"width: 327px; height: 767px;\" data-original-width=\"327\" data-original-height=\"767\" > <div class=\"tiled-gallery-item tiled-gallery-item-large\" itemprop=\"associatedMedia\" itemscope itemtype=\"http:\/\/schema.org\/ImageObject\"> <a href=\"https:\/\/www.jazzzeitung.de\/cms\/2017\/07\/bildergalerie-das-bayerische-jazzweekend-2017\/olympus-digital-camera-103\/\" border=\"0\" itemprop=\"url\"> <meta itemprop=\"width\" content=\"323\"> <meta itemprop=\"height\" content=\"216\"> <img decoding=\"async\" class=\"\" data-attachment-id=\"12946\" data-orig-file=\"https:\/\/www.jazzzeitung.de\/cms\/wp-content\/uploads\/2017\/07\/Jazzweekend_Regensburg_2017_Max-Andrz.Huette20170017.jpg\" data-orig-size=\"1800,1200\" data-comments-opened=\"1\" data-image-meta=\"{&quot;aperture&quot;:&quot;4.5&quot;,&quot;credit&quot;:&quot;pepa&quot;,&quot;camera&quot;:&quot;E-M5MarkII&quot;,&quot;caption&quot;:&quot;OLYMPUS DIGITAL CAMERA&quot;,&quot;created_timestamp&quot;:&quot;1499538974&quot;,&quot;copyright&quot;:&quot;Petra Basche HuPe-Kollektiv&quot;,&quot;focal_length&quot;:&quot;170&quot;,&quot;iso&quot;:&quot;1000&quot;,&quot;shutter_speed&quot;:&quot;0.0008&quot;,&quot;title&quot;:&quot;OLYMPUS DIGITAL CAMERA&quot;,&quot;orientation&quot;:&quot;0&quot;}\" data-image-title=\"Gourmet-Drummer Max Andrzjewski. Foto: Petra Basche\" data-image-description=\"&lt;p&gt;Gourmet-Drummer Max Andrzjewski. Foto: Petra Basche&lt;\/p&gt; \" data-medium-file=\"https:\/\/i0.wp.com\/www.jazzzeitung.de\/cms\/wp-content\/uploads\/2017\/07\/Jazzweekend_Regensburg_2017_Max-Andrz.Huette20170017.jpg?fit=300%2C200&#038;ssl=1\" data-large-file=\"https:\/\/i0.wp.com\/www.jazzzeitung.de\/cms\/wp-content\/uploads\/2017\/07\/Jazzweekend_Regensburg_2017_Max-Andrz.Huette20170017.jpg?fit=840%2C560&#038;ssl=1\" src=\"https:\/\/i0.wp.com\/www.jazzzeitung.de\/cms\/wp-content\/uploads\/2017\/07\/Jazzweekend_Regensburg_2017_Max-Andrz.Huette20170017.jpg?w=323&#038;h=216&#038;ssl=1\" srcset=\"https:\/\/i0.wp.com\/www.jazzzeitung.de\/cms\/wp-content\/uploads\/2017\/07\/Jazzweekend_Regensburg_2017_Max-Andrz.Huette20170017.jpg?w=1800&amp;ssl=1 1800w, https:\/\/i0.wp.com\/www.jazzzeitung.de\/cms\/wp-content\/uploads\/2017\/07\/Jazzweekend_Regensburg_2017_Max-Andrz.Huette20170017.jpg?resize=300%2C200&amp;ssl=1 300w, https:\/\/i0.wp.com\/www.jazzzeitung.de\/cms\/wp-content\/uploads\/2017\/07\/Jazzweekend_Regensburg_2017_Max-Andrz.Huette20170017.jpg?resize=768%2C512&amp;ssl=1 768w, https:\/\/i0.wp.com\/www.jazzzeitung.de\/cms\/wp-content\/uploads\/2017\/07\/Jazzweekend_Regensburg_2017_Max-Andrz.Huette20170017.jpg?resize=900%2C600&amp;ssl=1 900w, https:\/\/i0.wp.com\/www.jazzzeitung.de\/cms\/wp-content\/uploads\/2017\/07\/Jazzweekend_Regensburg_2017_Max-Andrz.Huette20170017.jpg?w=1680&amp;ssl=1 1680w\" width=\"323\" height=\"216\" loading=\"lazy\" data-original-width=\"323\" data-original-height=\"216\" itemprop=\"http:\/\/schema.org\/image\" title=\"Gourmet-Drummer Max Andrzjewski. Foto: Petra Basche\" alt=\"Gourmet-Drummer Max Andrzjewski. Foto: Petra Basche\" style=\"width: 323px; height: 216px;\" \/> <\/a> <div class=\"tiled-gallery-caption\" itemprop=\"caption description\"> Gourmet-Drummer Max Andrzjewski. Foto: Petra Basche <\/div> <\/div> <div class=\"tiled-gallery-item tiled-gallery-item-large\" itemprop=\"associatedMedia\" itemscope itemtype=\"http:\/\/schema.org\/ImageObject\"> <a href=\"https:\/\/www.jazzzeitung.de\/cms\/2017\/07\/bildergalerie-das-bayerische-jazzweekend-2017\/olympus-digital-camera-82\/\" border=\"0\" itemprop=\"url\"> <meta itemprop=\"width\" content=\"323\"> <meta itemprop=\"height\" content=\"216\"> <img decoding=\"async\" class=\"\" data-attachment-id=\"12924\" data-orig-file=\"https:\/\/www.jazzzeitung.de\/cms\/wp-content\/uploads\/2017\/07\/Jazzweekend_Regensburg_2017_Golmar20170001-5.jpg\" data-orig-size=\"1800,1200\" data-comments-opened=\"1\" data-image-meta=\"{&quot;aperture&quot;:&quot;4&quot;,&quot;credit&quot;:&quot;pepa&quot;,&quot;camera&quot;:&quot;E-M5MarkII&quot;,&quot;caption&quot;:&quot;OLYMPUS DIGITAL CAMERA&quot;,&quot;created_timestamp&quot;:&quot;1499458784&quot;,&quot;copyright&quot;:&quot;Petra Basche HuPe-Kollektiv&quot;,&quot;focal_length&quot;:&quot;130&quot;,&quot;iso&quot;:&quot;640&quot;,&quot;shutter_speed&quot;:&quot;0.00625&quot;,&quot;title&quot;:&quot;OLYMPUS DIGITAL CAMERA&quot;,&quot;orientation&quot;:&quot;0&quot;}\" data-image-title=\"OLYMPUS DIGITAL CAMERA\" data-image-description=\"\" data-medium-file=\"https:\/\/i0.wp.com\/www.jazzzeitung.de\/cms\/wp-content\/uploads\/2017\/07\/Jazzweekend_Regensburg_2017_Golmar20170001-5.jpg?fit=300%2C200&#038;ssl=1\" data-large-file=\"https:\/\/i0.wp.com\/www.jazzzeitung.de\/cms\/wp-content\/uploads\/2017\/07\/Jazzweekend_Regensburg_2017_Golmar20170001-5.jpg?fit=840%2C560&#038;ssl=1\" src=\"https:\/\/i0.wp.com\/www.jazzzeitung.de\/cms\/wp-content\/uploads\/2017\/07\/Jazzweekend_Regensburg_2017_Golmar20170001-5.jpg?w=323&#038;h=216&#038;ssl=1\" srcset=\"https:\/\/i0.wp.com\/www.jazzzeitung.de\/cms\/wp-content\/uploads\/2017\/07\/Jazzweekend_Regensburg_2017_Golmar20170001-5.jpg?w=1800&amp;ssl=1 1800w, https:\/\/i0.wp.com\/www.jazzzeitung.de\/cms\/wp-content\/uploads\/2017\/07\/Jazzweekend_Regensburg_2017_Golmar20170001-5.jpg?resize=300%2C200&amp;ssl=1 300w, https:\/\/i0.wp.com\/www.jazzzeitung.de\/cms\/wp-content\/uploads\/2017\/07\/Jazzweekend_Regensburg_2017_Golmar20170001-5.jpg?resize=768%2C512&amp;ssl=1 768w, https:\/\/i0.wp.com\/www.jazzzeitung.de\/cms\/wp-content\/uploads\/2017\/07\/Jazzweekend_Regensburg_2017_Golmar20170001-5.jpg?resize=900%2C600&amp;ssl=1 900w, https:\/\/i0.wp.com\/www.jazzzeitung.de\/cms\/wp-content\/uploads\/2017\/07\/Jazzweekend_Regensburg_2017_Golmar20170001-5.jpg?w=1680&amp;ssl=1 1680w\" width=\"323\" height=\"216\" loading=\"lazy\" data-original-width=\"323\" data-original-height=\"216\" itemprop=\"http:\/\/schema.org\/image\" title=\"OLYMPUS DIGITAL CAMERA\" alt=\"Nicht nur Theaterdonner: Jazzweekend 2017. Foto Petra Basche\" style=\"width: 323px; height: 216px;\" \/> <\/a> <div class=\"tiled-gallery-caption\" itemprop=\"caption description\"> Nicht nur Theaterdonner: Jazzweekend 2017. Foto Petra Basche <\/div> <\/div> <div class=\"tiled-gallery-item tiled-gallery-item-large\" itemprop=\"associatedMedia\" itemscope itemtype=\"http:\/\/schema.org\/ImageObject\"> <a href=\"https:\/\/www.jazzzeitung.de\/cms\/2017\/07\/bildergalerie-das-bayerische-jazzweekend-2017\/olympus-digital-camera-83\/\" border=\"0\" itemprop=\"url\"> <meta itemprop=\"width\" content=\"323\"> <meta itemprop=\"height\" content=\"323\"> <img decoding=\"async\" class=\"\" data-attachment-id=\"12925\" data-orig-file=\"https:\/\/www.jazzzeitung.de\/cms\/wp-content\/uploads\/2017\/07\/Jazzweekend_Regensburg_2017_Golmar20170001-6.jpg\" data-orig-size=\"1800,1800\" data-comments-opened=\"1\" data-image-meta=\"{&quot;aperture&quot;:&quot;4&quot;,&quot;credit&quot;:&quot;pepa&quot;,&quot;camera&quot;:&quot;E-M5MarkII&quot;,&quot;caption&quot;:&quot;OLYMPUS DIGITAL CAMERA&quot;,&quot;created_timestamp&quot;:&quot;1499458810&quot;,&quot;copyright&quot;:&quot;Petra Basche HuPe-Kollektiv&quot;,&quot;focal_length&quot;:&quot;56&quot;,&quot;iso&quot;:&quot;640&quot;,&quot;shutter_speed&quot;:&quot;0.033333333333333&quot;,&quot;title&quot;:&quot;OLYMPUS DIGITAL CAMERA&quot;,&quot;orientation&quot;:&quot;0&quot;}\" data-image-title=\"OLYMPUS DIGITAL CAMERA\" data-image-description=\"\" data-medium-file=\"https:\/\/i0.wp.com\/www.jazzzeitung.de\/cms\/wp-content\/uploads\/2017\/07\/Jazzweekend_Regensburg_2017_Golmar20170001-6.jpg?fit=300%2C300&#038;ssl=1\" data-large-file=\"https:\/\/i0.wp.com\/www.jazzzeitung.de\/cms\/wp-content\/uploads\/2017\/07\/Jazzweekend_Regensburg_2017_Golmar20170001-6.jpg?fit=600%2C600&#038;ssl=1\" src=\"https:\/\/i0.wp.com\/www.jazzzeitung.de\/cms\/wp-content\/uploads\/2017\/07\/Jazzweekend_Regensburg_2017_Golmar20170001-6.jpg?w=323&#038;h=323&#038;crop=1&#038;ssl=1\" srcset=\"https:\/\/i0.wp.com\/www.jazzzeitung.de\/cms\/wp-content\/uploads\/2017\/07\/Jazzweekend_Regensburg_2017_Golmar20170001-6.jpg?w=1800&amp;ssl=1 1800w, https:\/\/i0.wp.com\/www.jazzzeitung.de\/cms\/wp-content\/uploads\/2017\/07\/Jazzweekend_Regensburg_2017_Golmar20170001-6.jpg?resize=150%2C150&amp;ssl=1 150w, https:\/\/i0.wp.com\/www.jazzzeitung.de\/cms\/wp-content\/uploads\/2017\/07\/Jazzweekend_Regensburg_2017_Golmar20170001-6.jpg?resize=300%2C300&amp;ssl=1 300w, https:\/\/i0.wp.com\/www.jazzzeitung.de\/cms\/wp-content\/uploads\/2017\/07\/Jazzweekend_Regensburg_2017_Golmar20170001-6.jpg?resize=768%2C768&amp;ssl=1 768w, https:\/\/i0.wp.com\/www.jazzzeitung.de\/cms\/wp-content\/uploads\/2017\/07\/Jazzweekend_Regensburg_2017_Golmar20170001-6.jpg?resize=600%2C600&amp;ssl=1 600w, https:\/\/i0.wp.com\/www.jazzzeitung.de\/cms\/wp-content\/uploads\/2017\/07\/Jazzweekend_Regensburg_2017_Golmar20170001-6.jpg?resize=144%2C144&amp;ssl=1 144w, https:\/\/i0.wp.com\/www.jazzzeitung.de\/cms\/wp-content\/uploads\/2017\/07\/Jazzweekend_Regensburg_2017_Golmar20170001-6.jpg?resize=96%2C96&amp;ssl=1 96w, https:\/\/i0.wp.com\/www.jazzzeitung.de\/cms\/wp-content\/uploads\/2017\/07\/Jazzweekend_Regensburg_2017_Golmar20170001-6.jpg?resize=24%2C24&amp;ssl=1 24w, https:\/\/i0.wp.com\/www.jazzzeitung.de\/cms\/wp-content\/uploads\/2017\/07\/Jazzweekend_Regensburg_2017_Golmar20170001-6.jpg?resize=36%2C36&amp;ssl=1 36w, https:\/\/i0.wp.com\/www.jazzzeitung.de\/cms\/wp-content\/uploads\/2017\/07\/Jazzweekend_Regensburg_2017_Golmar20170001-6.jpg?resize=48%2C48&amp;ssl=1 48w, https:\/\/i0.wp.com\/www.jazzzeitung.de\/cms\/wp-content\/uploads\/2017\/07\/Jazzweekend_Regensburg_2017_Golmar20170001-6.jpg?resize=64%2C64&amp;ssl=1 64w, https:\/\/i0.wp.com\/www.jazzzeitung.de\/cms\/wp-content\/uploads\/2017\/07\/Jazzweekend_Regensburg_2017_Golmar20170001-6.jpg?resize=32%2C32&amp;ssl=1 32w, https:\/\/i0.wp.com\/www.jazzzeitung.de\/cms\/wp-content\/uploads\/2017\/07\/Jazzweekend_Regensburg_2017_Golmar20170001-6.jpg?resize=50%2C50&amp;ssl=1 50w, https:\/\/i0.wp.com\/www.jazzzeitung.de\/cms\/wp-content\/uploads\/2017\/07\/Jazzweekend_Regensburg_2017_Golmar20170001-6.jpg?resize=128%2C128&amp;ssl=1 128w, https:\/\/i0.wp.com\/www.jazzzeitung.de\/cms\/wp-content\/uploads\/2017\/07\/Jazzweekend_Regensburg_2017_Golmar20170001-6.jpg?w=1680&amp;ssl=1 1680w\" width=\"323\" height=\"323\" loading=\"lazy\" data-original-width=\"323\" data-original-height=\"323\" itemprop=\"http:\/\/schema.org\/image\" title=\"OLYMPUS DIGITAL CAMERA\" alt=\"Nicht nur Theaterdonner: Jazzweekend 2017. Foto Petra Basche Nicht nur Theaterdonner: Jazzweekend 2017. Foto Petra Basche\" style=\"width: 323px; height: 323px;\" \/> <\/a> <div class=\"tiled-gallery-caption\" itemprop=\"caption description\"> Nicht nur Theaterdonner: Jazzweekend 2017. Foto Petra Basche Nicht nur Theaterdonner: Jazzweekend 2017. Foto Petra Basche <\/div> <\/div> <\/div> <!-- close group --> <\/div> <!-- close row --> <div class=\"gallery-row\" style=\"width: 840px; height: 374px;\" data-original-width=\"840\" data-original-height=\"374\" > <div class=\"gallery-group images-1\" style=\"width: 559px; height: 374px;\" data-original-width=\"559\" data-original-height=\"374\" > <div class=\"tiled-gallery-item tiled-gallery-item-large\" itemprop=\"associatedMedia\" itemscope itemtype=\"http:\/\/schema.org\/ImageObject\"> <a href=\"https:\/\/www.jazzzeitung.de\/cms\/2017\/07\/bildergalerie-das-bayerische-jazzweekend-2017\/olympus-digital-camera-92\/\" border=\"0\" itemprop=\"url\"> <meta itemprop=\"width\" content=\"555\"> <meta itemprop=\"height\" content=\"370\"> <img decoding=\"async\" class=\"\" data-attachment-id=\"12934\" data-orig-file=\"https:\/\/www.jazzzeitung.de\/cms\/wp-content\/uploads\/2017\/07\/Jazzweekend_Regensburg_2017_Max-Andrz.Huette20170003.jpg\" data-orig-size=\"1800,1200\" data-comments-opened=\"1\" data-image-meta=\"{&quot;aperture&quot;:&quot;4&quot;,&quot;credit&quot;:&quot;pepa&quot;,&quot;camera&quot;:&quot;E-M5MarkII&quot;,&quot;caption&quot;:&quot;OLYMPUS DIGITAL CAMERA&quot;,&quot;created_timestamp&quot;:&quot;1499535283&quot;,&quot;copyright&quot;:&quot;Petra Basche HuPe-Kollektiv&quot;,&quot;focal_length&quot;:&quot;210&quot;,&quot;iso&quot;:&quot;1600&quot;,&quot;shutter_speed&quot;:&quot;0.003125&quot;,&quot;title&quot;:&quot;OLYMPUS DIGITAL CAMERA&quot;,&quot;orientation&quot;:&quot;0&quot;}\" data-image-title=\"OLYMPUS DIGITAL CAMERA\" data-image-description=\"\" data-medium-file=\"https:\/\/i0.wp.com\/www.jazzzeitung.de\/cms\/wp-content\/uploads\/2017\/07\/Jazzweekend_Regensburg_2017_Max-Andrz.Huette20170003.jpg?fit=300%2C200&#038;ssl=1\" data-large-file=\"https:\/\/i0.wp.com\/www.jazzzeitung.de\/cms\/wp-content\/uploads\/2017\/07\/Jazzweekend_Regensburg_2017_Max-Andrz.Huette20170003.jpg?fit=840%2C560&#038;ssl=1\" src=\"https:\/\/i0.wp.com\/www.jazzzeitung.de\/cms\/wp-content\/uploads\/2017\/07\/Jazzweekend_Regensburg_2017_Max-Andrz.Huette20170003.jpg?w=555&#038;h=370&#038;ssl=1\" srcset=\"https:\/\/i0.wp.com\/www.jazzzeitung.de\/cms\/wp-content\/uploads\/2017\/07\/Jazzweekend_Regensburg_2017_Max-Andrz.Huette20170003.jpg?w=1800&amp;ssl=1 1800w, https:\/\/i0.wp.com\/www.jazzzeitung.de\/cms\/wp-content\/uploads\/2017\/07\/Jazzweekend_Regensburg_2017_Max-Andrz.Huette20170003.jpg?resize=300%2C200&amp;ssl=1 300w, https:\/\/i0.wp.com\/www.jazzzeitung.de\/cms\/wp-content\/uploads\/2017\/07\/Jazzweekend_Regensburg_2017_Max-Andrz.Huette20170003.jpg?resize=768%2C512&amp;ssl=1 768w, https:\/\/i0.wp.com\/www.jazzzeitung.de\/cms\/wp-content\/uploads\/2017\/07\/Jazzweekend_Regensburg_2017_Max-Andrz.Huette20170003.jpg?resize=900%2C600&amp;ssl=1 900w, https:\/\/i0.wp.com\/www.jazzzeitung.de\/cms\/wp-content\/uploads\/2017\/07\/Jazzweekend_Regensburg_2017_Max-Andrz.Huette20170003.jpg?w=1680&amp;ssl=1 1680w\" width=\"555\" height=\"370\" loading=\"lazy\" data-original-width=\"555\" data-original-height=\"370\" itemprop=\"http:\/\/schema.org\/image\" title=\"OLYMPUS DIGITAL CAMERA\" alt=\"Gospelsolistin bei Max Andrzjewskis &quot;H\u00fctte&quot;. Foto: Petra Basche\" style=\"width: 555px; height: 370px;\" \/> <\/a> <div class=\"tiled-gallery-caption\" itemprop=\"caption description\"> Gospelsolistin bei Max Andrzjewskis &#8222;H\u00fctte&#8220;. Foto: Petra Basche <\/div> <\/div> <\/div> <!-- close group --> <div class=\"gallery-group images-1\" style=\"width: 281px; height: 374px;\" data-original-width=\"281\" data-original-height=\"374\" > <div class=\"tiled-gallery-item tiled-gallery-item-large\" itemprop=\"associatedMedia\" itemscope itemtype=\"http:\/\/schema.org\/ImageObject\"> <a href=\"https:\/\/www.jazzzeitung.de\/cms\/2017\/07\/bildergalerie-das-bayerische-jazzweekend-2017\/olympus-digital-camera-94\/\" border=\"0\" itemprop=\"url\"> <meta itemprop=\"width\" content=\"277\"> <meta itemprop=\"height\" content=\"370\"> <img decoding=\"async\" class=\"\" data-attachment-id=\"12936\" data-orig-file=\"https:\/\/www.jazzzeitung.de\/cms\/wp-content\/uploads\/2017\/07\/Jazzweekend_Regensburg_2017_Max-Andrz.Huette20170005.jpg\" data-orig-size=\"1350,1800\" data-comments-opened=\"1\" data-image-meta=\"{&quot;aperture&quot;:&quot;4&quot;,&quot;credit&quot;:&quot;pepa&quot;,&quot;camera&quot;:&quot;E-M5MarkII&quot;,&quot;caption&quot;:&quot;OLYMPUS DIGITAL CAMERA&quot;,&quot;created_timestamp&quot;:&quot;1499535489&quot;,&quot;copyright&quot;:&quot;Petra Basche HuPe-Kollektiv&quot;,&quot;focal_length&quot;:&quot;210&quot;,&quot;iso&quot;:&quot;1000&quot;,&quot;shutter_speed&quot;:&quot;0.002&quot;,&quot;title&quot;:&quot;OLYMPUS DIGITAL CAMERA&quot;,&quot;orientation&quot;:&quot;0&quot;}\" data-image-title=\"OLYMPUS DIGITAL CAMERA\" data-image-description=\"\" data-medium-file=\"https:\/\/i0.wp.com\/www.jazzzeitung.de\/cms\/wp-content\/uploads\/2017\/07\/Jazzweekend_Regensburg_2017_Max-Andrz.Huette20170005.jpg?fit=225%2C300&#038;ssl=1\" data-large-file=\"https:\/\/i0.wp.com\/www.jazzzeitung.de\/cms\/wp-content\/uploads\/2017\/07\/Jazzweekend_Regensburg_2017_Max-Andrz.Huette20170005.jpg?fit=450%2C600&#038;ssl=1\" src=\"https:\/\/i0.wp.com\/www.jazzzeitung.de\/cms\/wp-content\/uploads\/2017\/07\/Jazzweekend_Regensburg_2017_Max-Andrz.Huette20170005.jpg?w=277&#038;h=370&#038;ssl=1\" srcset=\"https:\/\/i0.wp.com\/www.jazzzeitung.de\/cms\/wp-content\/uploads\/2017\/07\/Jazzweekend_Regensburg_2017_Max-Andrz.Huette20170005.jpg?w=1350&amp;ssl=1 1350w, https:\/\/i0.wp.com\/www.jazzzeitung.de\/cms\/wp-content\/uploads\/2017\/07\/Jazzweekend_Regensburg_2017_Max-Andrz.Huette20170005.jpg?resize=225%2C300&amp;ssl=1 225w, https:\/\/i0.wp.com\/www.jazzzeitung.de\/cms\/wp-content\/uploads\/2017\/07\/Jazzweekend_Regensburg_2017_Max-Andrz.Huette20170005.jpg?resize=768%2C1024&amp;ssl=1 768w, https:\/\/i0.wp.com\/www.jazzzeitung.de\/cms\/wp-content\/uploads\/2017\/07\/Jazzweekend_Regensburg_2017_Max-Andrz.Huette20170005.jpg?resize=450%2C600&amp;ssl=1 450w\" width=\"277\" height=\"370\" loading=\"lazy\" data-original-width=\"277\" data-original-height=\"370\" itemprop=\"http:\/\/schema.org\/image\" title=\"OLYMPUS DIGITAL CAMERA\" alt=\"Gospelsolistin bei Max Andrzjewskis &quot;H\u00fctte&quot;. Foto: Petra Basche\" style=\"width: 277px; height: 370px;\" \/> <\/a> <div class=\"tiled-gallery-caption\" itemprop=\"caption description\"> Gospelsolistin bei Max Andrzjewskis &#8222;H\u00fctte&#8220;. Foto: Petra Basche <\/div> <\/div> <\/div> <!-- close group --> <\/div> <!-- close row --> <div class=\"gallery-row\" style=\"width: 840px; height: 403px;\" data-original-width=\"840\" data-original-height=\"403\" > <div class=\"gallery-group images-1\" style=\"width: 536px; height: 403px;\" data-original-width=\"536\" data-original-height=\"403\" > <div class=\"tiled-gallery-item tiled-gallery-item-large\" itemprop=\"associatedMedia\" itemscope itemtype=\"http:\/\/schema.org\/ImageObject\"> <a href=\"https:\/\/www.jazzzeitung.de\/cms\/2017\/07\/bildergalerie-das-bayerische-jazzweekend-2017\/olympus-digital-camera-84\/\" border=\"0\" itemprop=\"url\"> <meta itemprop=\"width\" content=\"532\"> <meta itemprop=\"height\" content=\"399\"> <img decoding=\"async\" class=\"\" data-attachment-id=\"12926\" data-orig-file=\"https:\/\/www.jazzzeitung.de\/cms\/wp-content\/uploads\/2017\/07\/Jazzweekend_Regensburg_2017_Golmar20170001-7.jpg\" data-orig-size=\"1800,1350\" data-comments-opened=\"1\" data-image-meta=\"{&quot;aperture&quot;:&quot;4&quot;,&quot;credit&quot;:&quot;pepa&quot;,&quot;camera&quot;:&quot;E-M5MarkII&quot;,&quot;caption&quot;:&quot;OLYMPUS DIGITAL CAMERA&quot;,&quot;created_timestamp&quot;:&quot;1499458821&quot;,&quot;copyright&quot;:&quot;Petra Basche HuPe-Kollektiv&quot;,&quot;focal_length&quot;:&quot;140&quot;,&quot;iso&quot;:&quot;640&quot;,&quot;shutter_speed&quot;:&quot;0.0015625&quot;,&quot;title&quot;:&quot;OLYMPUS DIGITAL CAMERA&quot;,&quot;orientation&quot;:&quot;0&quot;}\" data-image-title=\"OLYMPUS DIGITAL CAMERA\" data-image-description=\"\" data-medium-file=\"https:\/\/i0.wp.com\/www.jazzzeitung.de\/cms\/wp-content\/uploads\/2017\/07\/Jazzweekend_Regensburg_2017_Golmar20170001-7.jpg?fit=300%2C225&#038;ssl=1\" data-large-file=\"https:\/\/i0.wp.com\/www.jazzzeitung.de\/cms\/wp-content\/uploads\/2017\/07\/Jazzweekend_Regensburg_2017_Golmar20170001-7.jpg?fit=800%2C600&#038;ssl=1\" src=\"https:\/\/i0.wp.com\/www.jazzzeitung.de\/cms\/wp-content\/uploads\/2017\/07\/Jazzweekend_Regensburg_2017_Golmar20170001-7.jpg?w=532&#038;h=399&#038;ssl=1\" srcset=\"https:\/\/i0.wp.com\/www.jazzzeitung.de\/cms\/wp-content\/uploads\/2017\/07\/Jazzweekend_Regensburg_2017_Golmar20170001-7.jpg?w=1800&amp;ssl=1 1800w, https:\/\/i0.wp.com\/www.jazzzeitung.de\/cms\/wp-content\/uploads\/2017\/07\/Jazzweekend_Regensburg_2017_Golmar20170001-7.jpg?resize=300%2C225&amp;ssl=1 300w, https:\/\/i0.wp.com\/www.jazzzeitung.de\/cms\/wp-content\/uploads\/2017\/07\/Jazzweekend_Regensburg_2017_Golmar20170001-7.jpg?resize=768%2C576&amp;ssl=1 768w, https:\/\/i0.wp.com\/www.jazzzeitung.de\/cms\/wp-content\/uploads\/2017\/07\/Jazzweekend_Regensburg_2017_Golmar20170001-7.jpg?resize=800%2C600&amp;ssl=1 800w, https:\/\/i0.wp.com\/www.jazzzeitung.de\/cms\/wp-content\/uploads\/2017\/07\/Jazzweekend_Regensburg_2017_Golmar20170001-7.jpg?w=1680&amp;ssl=1 1680w\" width=\"532\" height=\"399\" loading=\"lazy\" data-original-width=\"532\" data-original-height=\"399\" itemprop=\"http:\/\/schema.org\/image\" title=\"OLYMPUS DIGITAL CAMERA\" alt=\"Nicht nur Theaterdonner: Jazzweekend 2017. Foto Petra Basche\" style=\"width: 532px; height: 399px;\" \/> <\/a> <div class=\"tiled-gallery-caption\" itemprop=\"caption description\"> Nicht nur Theaterdonner: Jazzweekend 2017. Foto Petra Basche <\/div> <\/div> <\/div> <!-- close group --> <div class=\"gallery-group images-1\" style=\"width: 304px; height: 403px;\" data-original-width=\"304\" data-original-height=\"403\" > <div class=\"tiled-gallery-item tiled-gallery-item-large\" itemprop=\"associatedMedia\" itemscope itemtype=\"http:\/\/schema.org\/ImageObject\"> <a href=\"https:\/\/www.jazzzeitung.de\/cms\/2017\/07\/bildergalerie-das-bayerische-jazzweekend-2017\/olympus-digital-camera-76\/\" border=\"0\" itemprop=\"url\"> <meta itemprop=\"width\" content=\"300\"> <meta itemprop=\"height\" content=\"399\"> <img decoding=\"async\" class=\"\" data-attachment-id=\"12918\" data-orig-file=\"https:\/\/www.jazzzeitung.de\/cms\/wp-content\/uploads\/2017\/07\/Jazzweekend_Regensburg_2017_Fl\u00fcstert\u00fcte20170001-3.jpg\" data-orig-size=\"1350,1800\" data-comments-opened=\"1\" data-image-meta=\"{&quot;aperture&quot;:&quot;4&quot;,&quot;credit&quot;:&quot;pepa&quot;,&quot;camera&quot;:&quot;E-M5MarkII&quot;,&quot;caption&quot;:&quot;OLYMPUS DIGITAL CAMERA&quot;,&quot;created_timestamp&quot;:&quot;1499464616&quot;,&quot;copyright&quot;:&quot;Petra Basche HuPe-Kollektiv&quot;,&quot;focal_length&quot;:&quot;56&quot;,&quot;iso&quot;:&quot;1600&quot;,&quot;shutter_speed&quot;:&quot;0.01&quot;,&quot;title&quot;:&quot;OLYMPUS DIGITAL CAMERA&quot;,&quot;orientation&quot;:&quot;0&quot;}\" data-image-title=\"OLYMPUS DIGITAL CAMERA\" data-image-description=\"\" data-medium-file=\"https:\/\/i0.wp.com\/www.jazzzeitung.de\/cms\/wp-content\/uploads\/2017\/07\/Jazzweekend_Regensburg_2017_Fl%C3%BCstert%C3%BCte20170001-3.jpg?fit=225%2C300&#038;ssl=1\" data-large-file=\"https:\/\/i0.wp.com\/www.jazzzeitung.de\/cms\/wp-content\/uploads\/2017\/07\/Jazzweekend_Regensburg_2017_Fl%C3%BCstert%C3%BCte20170001-3.jpg?fit=450%2C600&#038;ssl=1\" src=\"https:\/\/i0.wp.com\/www.jazzzeitung.de\/cms\/wp-content\/uploads\/2017\/07\/Jazzweekend_Regensburg_2017_Fl%C3%BCstert%C3%BCte20170001-3.jpg?w=300&#038;h=399&#038;ssl=1\" width=\"300\" height=\"399\" loading=\"lazy\" data-original-width=\"300\" data-original-height=\"399\" itemprop=\"http:\/\/schema.org\/image\" title=\"OLYMPUS DIGITAL CAMERA\" alt=\"Fl\u00fcstert\u00fcte. Foto Petra Basche\" style=\"width: 300px; height: 399px;\" \/> <\/a> <div class=\"tiled-gallery-caption\" itemprop=\"caption description\"> Fl\u00fcstert\u00fcte. Foto Petra Basche <\/div> <\/div> <\/div> <!-- close group --> <\/div> <!-- close row --> <div class=\"gallery-row\" style=\"width: 840px; height: 559px;\" data-original-width=\"840\" data-original-height=\"559\" > <div class=\"gallery-group images-1\" style=\"width: 420px; height: 559px;\" data-original-width=\"420\" data-original-height=\"559\" > <div class=\"tiled-gallery-item tiled-gallery-item-large\" itemprop=\"associatedMedia\" itemscope itemtype=\"http:\/\/schema.org\/ImageObject\"> <a href=\"https:\/\/www.jazzzeitung.de\/cms\/2017\/07\/bildergalerie-das-bayerische-jazzweekend-2017\/olympus-digital-camera-78\/\" border=\"0\" itemprop=\"url\"> <meta itemprop=\"width\" content=\"416\"> <meta itemprop=\"height\" content=\"555\"> <img decoding=\"async\" class=\"\" data-attachment-id=\"12920\" data-orig-file=\"https:\/\/www.jazzzeitung.de\/cms\/wp-content\/uploads\/2017\/07\/Jazzweekend_Regensburg_2017_Golmar20170001.jpg\" data-orig-size=\"1350,1800\" data-comments-opened=\"1\" data-image-meta=\"{&quot;aperture&quot;:&quot;4&quot;,&quot;credit&quot;:&quot;pepa&quot;,&quot;camera&quot;:&quot;E-M5MarkII&quot;,&quot;caption&quot;:&quot;OLYMPUS DIGITAL CAMERA&quot;,&quot;created_timestamp&quot;:&quot;1499457948&quot;,&quot;copyright&quot;:&quot;Petra Basche HuPe-Kollektiv&quot;,&quot;focal_length&quot;:&quot;210&quot;,&quot;iso&quot;:&quot;1000&quot;,&quot;shutter_speed&quot;:&quot;0.016666666666667&quot;,&quot;title&quot;:&quot;OLYMPUS DIGITAL CAMERA&quot;,&quot;orientation&quot;:&quot;0&quot;}\" data-image-title=\"OLYMPUS DIGITAL CAMERA\" data-image-description=\"\" data-medium-file=\"https:\/\/i0.wp.com\/www.jazzzeitung.de\/cms\/wp-content\/uploads\/2017\/07\/Jazzweekend_Regensburg_2017_Golmar20170001.jpg?fit=225%2C300&#038;ssl=1\" data-large-file=\"https:\/\/i0.wp.com\/www.jazzzeitung.de\/cms\/wp-content\/uploads\/2017\/07\/Jazzweekend_Regensburg_2017_Golmar20170001.jpg?fit=450%2C600&#038;ssl=1\" src=\"https:\/\/i0.wp.com\/www.jazzzeitung.de\/cms\/wp-content\/uploads\/2017\/07\/Jazzweekend_Regensburg_2017_Golmar20170001.jpg?w=416&#038;h=555&#038;ssl=1\" srcset=\"https:\/\/i0.wp.com\/www.jazzzeitung.de\/cms\/wp-content\/uploads\/2017\/07\/Jazzweekend_Regensburg_2017_Golmar20170001.jpg?w=1350&amp;ssl=1 1350w, https:\/\/i0.wp.com\/www.jazzzeitung.de\/cms\/wp-content\/uploads\/2017\/07\/Jazzweekend_Regensburg_2017_Golmar20170001.jpg?resize=225%2C300&amp;ssl=1 225w, https:\/\/i0.wp.com\/www.jazzzeitung.de\/cms\/wp-content\/uploads\/2017\/07\/Jazzweekend_Regensburg_2017_Golmar20170001.jpg?resize=768%2C1024&amp;ssl=1 768w, https:\/\/i0.wp.com\/www.jazzzeitung.de\/cms\/wp-content\/uploads\/2017\/07\/Jazzweekend_Regensburg_2017_Golmar20170001.jpg?resize=450%2C600&amp;ssl=1 450w\" width=\"416\" height=\"555\" loading=\"lazy\" data-original-width=\"416\" data-original-height=\"555\" itemprop=\"http:\/\/schema.org\/image\" title=\"OLYMPUS DIGITAL CAMERA\" alt=\"Golmar auf dem Jazzweekend 2017. Foto: Petra Basche\" style=\"width: 416px; height: 555px;\" \/> <\/a> <div class=\"tiled-gallery-caption\" itemprop=\"caption description\"> Golmar auf dem Jazzweekend 2017. Foto: Petra Basche <\/div> <\/div> <\/div> <!-- close group --> <div class=\"gallery-group images-1\" style=\"width: 420px; height: 559px;\" data-original-width=\"420\" data-original-height=\"559\" > <div class=\"tiled-gallery-item tiled-gallery-item-large\" itemprop=\"associatedMedia\" itemscope itemtype=\"http:\/\/schema.org\/ImageObject\"> <a href=\"https:\/\/www.jazzzeitung.de\/cms\/2017\/07\/bildergalerie-das-bayerische-jazzweekend-2017\/olympus-digital-camera-80\/\" border=\"0\" itemprop=\"url\"> <meta itemprop=\"width\" content=\"416\"> <meta itemprop=\"height\" content=\"555\"> <img decoding=\"async\" class=\"\" data-attachment-id=\"12922\" data-orig-file=\"https:\/\/www.jazzzeitung.de\/cms\/wp-content\/uploads\/2017\/07\/Jazzweekend_Regensburg_2017_Golmar20170001-3.jpg\" data-orig-size=\"1350,1800\" data-comments-opened=\"1\" data-image-meta=\"{&quot;aperture&quot;:&quot;4&quot;,&quot;credit&quot;:&quot;pepa&quot;,&quot;camera&quot;:&quot;E-M5MarkII&quot;,&quot;caption&quot;:&quot;OLYMPUS DIGITAL CAMERA&quot;,&quot;created_timestamp&quot;:&quot;1499458360&quot;,&quot;copyright&quot;:&quot;Petra Basche HuPe-Kollektiv&quot;,&quot;focal_length&quot;:&quot;210&quot;,&quot;iso&quot;:&quot;1000&quot;,&quot;shutter_speed&quot;:&quot;0.008&quot;,&quot;title&quot;:&quot;OLYMPUS DIGITAL CAMERA&quot;,&quot;orientation&quot;:&quot;0&quot;}\" data-image-title=\"OLYMPUS DIGITAL CAMERA\" data-image-description=\"\" data-medium-file=\"https:\/\/i0.wp.com\/www.jazzzeitung.de\/cms\/wp-content\/uploads\/2017\/07\/Jazzweekend_Regensburg_2017_Golmar20170001-3.jpg?fit=225%2C300&#038;ssl=1\" data-large-file=\"https:\/\/i0.wp.com\/www.jazzzeitung.de\/cms\/wp-content\/uploads\/2017\/07\/Jazzweekend_Regensburg_2017_Golmar20170001-3.jpg?fit=450%2C600&#038;ssl=1\" src=\"https:\/\/i0.wp.com\/www.jazzzeitung.de\/cms\/wp-content\/uploads\/2017\/07\/Jazzweekend_Regensburg_2017_Golmar20170001-3.jpg?w=416&#038;h=555&#038;ssl=1\" srcset=\"https:\/\/i0.wp.com\/www.jazzzeitung.de\/cms\/wp-content\/uploads\/2017\/07\/Jazzweekend_Regensburg_2017_Golmar20170001-3.jpg?w=1350&amp;ssl=1 1350w, https:\/\/i0.wp.com\/www.jazzzeitung.de\/cms\/wp-content\/uploads\/2017\/07\/Jazzweekend_Regensburg_2017_Golmar20170001-3.jpg?resize=225%2C300&amp;ssl=1 225w, https:\/\/i0.wp.com\/www.jazzzeitung.de\/cms\/wp-content\/uploads\/2017\/07\/Jazzweekend_Regensburg_2017_Golmar20170001-3.jpg?resize=768%2C1024&amp;ssl=1 768w, https:\/\/i0.wp.com\/www.jazzzeitung.de\/cms\/wp-content\/uploads\/2017\/07\/Jazzweekend_Regensburg_2017_Golmar20170001-3.jpg?resize=450%2C600&amp;ssl=1 450w\" width=\"416\" height=\"555\" loading=\"lazy\" data-original-width=\"416\" data-original-height=\"555\" itemprop=\"http:\/\/schema.org\/image\" title=\"OLYMPUS DIGITAL CAMERA\" alt=\"Eloquenter Moderator, versierter Jazzkenner: Ssirus W. Pakzad vom BR. Foto: Petra Basche\" style=\"width: 416px; height: 555px;\" \/> <\/a> <div class=\"tiled-gallery-caption\" itemprop=\"caption description\"> Eloquenter Moderator, versierter Jazzkenner: Ssirus W. Pakzad vom BR. Foto: Petra Basche <\/div> <\/div> <\/div> <!-- close group --> <\/div> <!-- close row --> <div class=\"gallery-row\" style=\"width: 840px; height: 562px;\" data-original-width=\"840\" data-original-height=\"562\" > <div class=\"gallery-group images-1\" style=\"width: 840px; height: 562px;\" data-original-width=\"840\" data-original-height=\"562\" > <div class=\"tiled-gallery-item tiled-gallery-item-large\" itemprop=\"associatedMedia\" itemscope itemtype=\"http:\/\/schema.org\/ImageObject\"> <a href=\"https:\/\/www.jazzzeitung.de\/cms\/2017\/07\/bildergalerie-das-bayerische-jazzweekend-2017\/jazzweekend_regensburg_2017_max-andrz-huette20170016\/\" border=\"0\" itemprop=\"url\"> <meta itemprop=\"width\" content=\"836\"> <meta itemprop=\"height\" content=\"558\"> <img decoding=\"async\" class=\"\" data-attachment-id=\"12945\" data-orig-file=\"https:\/\/www.jazzzeitung.de\/cms\/wp-content\/uploads\/2017\/07\/Jazzweekend_Regensburg_2017_Max-Andrz.Huette20170016.jpg\" data-orig-size=\"1800,1201\" data-comments-opened=\"1\" data-image-meta=\"{&quot;aperture&quot;:&quot;11&quot;,&quot;credit&quot;:&quot;Petra_Basche&quot;,&quot;camera&quot;:&quot;NIKON D800&quot;,&quot;caption&quot;:&quot;&quot;,&quot;created_timestamp&quot;:&quot;1499538316&quot;,&quot;copyright&quot;:&quot;HuPe-Kollektiv&quot;,&quot;focal_length&quot;:&quot;20&quot;,&quot;iso&quot;:&quot;320&quot;,&quot;shutter_speed&quot;:&quot;0.004&quot;,&quot;title&quot;:&quot;&quot;,&quot;orientation&quot;:&quot;0&quot;}\" data-image-title=\"Jazzweekend_Regensburg_2017_Max Andrz.Huette20170016\" data-image-description=\"\" data-medium-file=\"https:\/\/i0.wp.com\/www.jazzzeitung.de\/cms\/wp-content\/uploads\/2017\/07\/Jazzweekend_Regensburg_2017_Max-Andrz.Huette20170016.jpg?fit=300%2C200&#038;ssl=1\" data-large-file=\"https:\/\/i0.wp.com\/www.jazzzeitung.de\/cms\/wp-content\/uploads\/2017\/07\/Jazzweekend_Regensburg_2017_Max-Andrz.Huette20170016.jpg?fit=840%2C560&#038;ssl=1\" src=\"https:\/\/i0.wp.com\/www.jazzzeitung.de\/cms\/wp-content\/uploads\/2017\/07\/Jazzweekend_Regensburg_2017_Max-Andrz.Huette20170016.jpg?w=836&#038;h=558&#038;ssl=1\" srcset=\"https:\/\/i0.wp.com\/www.jazzzeitung.de\/cms\/wp-content\/uploads\/2017\/07\/Jazzweekend_Regensburg_2017_Max-Andrz.Huette20170016.jpg?w=1800&amp;ssl=1 1800w, https:\/\/i0.wp.com\/www.jazzzeitung.de\/cms\/wp-content\/uploads\/2017\/07\/Jazzweekend_Regensburg_2017_Max-Andrz.Huette20170016.jpg?resize=300%2C200&amp;ssl=1 300w, https:\/\/i0.wp.com\/www.jazzzeitung.de\/cms\/wp-content\/uploads\/2017\/07\/Jazzweekend_Regensburg_2017_Max-Andrz.Huette20170016.jpg?resize=768%2C512&amp;ssl=1 768w, https:\/\/i0.wp.com\/www.jazzzeitung.de\/cms\/wp-content\/uploads\/2017\/07\/Jazzweekend_Regensburg_2017_Max-Andrz.Huette20170016.jpg?resize=900%2C600&amp;ssl=1 900w, https:\/\/i0.wp.com\/www.jazzzeitung.de\/cms\/wp-content\/uploads\/2017\/07\/Jazzweekend_Regensburg_2017_Max-Andrz.Huette20170016.jpg?w=1680&amp;ssl=1 1680w\" width=\"836\" height=\"558\" loading=\"lazy\" data-original-width=\"836\" data-original-height=\"558\" itemprop=\"http:\/\/schema.org\/image\" title=\"Jazzweekend_Regensburg_2017_Max Andrz.Huette20170016\" alt=\"Der BR zeichnete die Konzerte im Thon-Dittmer-Palais auf. Foto: Petra Basche\" style=\"width: 836px; height: 558px;\" \/> <\/a> <div class=\"tiled-gallery-caption\" itemprop=\"caption description\"> Der BR zeichnete die Konzerte im Thon-Dittmer-Palais auf. Foto: Petra Basche <\/div> <\/div> <\/div> <!-- close group --> <\/div> <!-- close row --> <\/div>\n<p>Mehr Informationen zum 36. Bayerischen Jazzweekend in den Kritiken von Juan Martin Koch und Michael Scheiner in der <a href=\"http:\/\/www.mittelbayerische.de\/kultur-nachrichten\/jazzweekend-geht-in-den-letzten-tag-21853-art1538772.html\">Mittelbayerischen Zeitung<\/a>.<\/p>\n<p><span style=\"border-radius: 2px; text-indent: 20px; width: auto; padding: 0px 4px 0px 0px; text-align: center; font: bold 11px\/20px 'Helvetica Neue',Helvetica,sans-serif; color: #ffffff; background: #bd081c no-repeat scroll 3px 50% \/ 14px 14px; position: absolute; opacity: 1; z-index: 8675309; display: none; cursor: pointer;\">Merken<\/span><\/p>\n","protected":false},"excerpt":{"rendered":"<p>Vergangenes Wochenende erlebte Regensburg die 36. Ausgabe seines legend\u00e4ren Festivals Bayerisches Jazzweekend. Etwa 100 Bands bespielten den historischen Kern der Stadt mit Dixieland, Blues, Swing, Modern und Free Jazz. Die Fotografin Petra Basche lie\u00df sich von der widrigen Witterung nicht abschrecken, sondern von dem lebendigen Treiben auf den diversen\u00a0 B\u00fchnen faszinieren. Das Ergebnis ihrer Bildrecherchen spiegelt unsere aktuelle Weekend-Galerie wider. Mehr Informationen zum 36. Bayerischen Jazzweekend in den Kritiken von Juan Martin Koch und Michael Scheiner in der Mittelbayerischen Zeitung. Merken<\/p>\n","protected":false},"author":18,"featured_media":12946,"comment_status":"open","ping_status":"open","sticky":false,"template":"","format":"standard","meta":{"_jetpack_memberships_contains_paid_content":false,"footnotes":"","jetpack_publicize_message":"","jetpack_publicize_feature_enabled":true,"jetpack_social_post_already_shared":false,"jetpack_social_options":{"image_generator_settings":{"template":"highway","default_image_id":0,"font":"","enabled":false},"version":2}},"categories":[652],"tags":[1039,83,682,754,291,1552,323,1036,387,395,1797,1089,535,1356,559,586],"coauthors":[695],"class_list":["post-12914","post","type-post","status-publish","format-standard","has-post-thumbnail","hentry","category-galerie","tag-bayerisches-jazzweekend","tag-blues","tag-festivals","tag-free-jazz","tag-jazzweekend","tag-juan-martin-koch","tag-konzerte","tag-lorenz-kellhuber","tag-michael-scheiner","tag-moderator","tag-regensburg","tag-ssirus-w-pakzad","tag-swing","tag-trio","tag-trio-elf","tag-walter-lang"],"yoast_head":"<!-- This site is optimized with the Yoast SEO plugin v27.5 - https:\/\/yoast.com\/product\/yoast-seo-wordpress\/ -->\n<title>Bildergalerie: das Bayerische Jazzweekend 2017 - JazzZeitung<\/title>\n<meta name=\"robots\" content=\"index, follow, max-snippet:-1, max-image-preview:large, max-video-preview:-1\" \/>\n<link rel=\"canonical\" href=\"https:\/\/www.jazzzeitung.de\/cms\/2017\/07\/bildergalerie-das-bayerische-jazzweekend-2017\/\" \/>\n<meta property=\"og:locale\" content=\"de_DE\" \/>\n<meta property=\"og:type\" content=\"article\" \/>\n<meta property=\"og:title\" content=\"Bildergalerie: das Bayerische Jazzweekend 2017 - JazzZeitung\" \/>\n<meta property=\"og:description\" content=\"Vergangenes Wochenende erlebte Regensburg die 36. Ausgabe seines legend\u00e4ren Festivals Bayerisches Jazzweekend. Etwa 100 Bands bespielten den historischen Kern der Stadt mit Dixieland, Blues, Swing, Modern und Free Jazz. Die Fotografin Petra Basche lie\u00df sich von der widrigen Witterung nicht abschrecken, sondern von dem lebendigen Treiben auf den diversen\u00a0 B\u00fchnen faszinieren. Das Ergebnis ihrer Bildrecherchen spiegelt unsere aktuelle Weekend-Galerie wider. Mehr Informationen zum 36. Bayerischen Jazzweekend in den Kritiken von Juan Martin Koch und Michael Scheiner in der Mittelbayerischen Zeitung. Merken\" \/>\n<meta property=\"og:url\" content=\"https:\/\/www.jazzzeitung.de\/cms\/2017\/07\/bildergalerie-das-bayerische-jazzweekend-2017\/\" \/>\n<meta property=\"og:site_name\" content=\"JazzZeitung\" \/>\n<meta property=\"article:publisher\" content=\"https:\/\/www.facebook.com\/JazzZeitung\/\" \/>\n<meta property=\"article:published_time\" content=\"2017-07-10T13:05:49+00:00\" \/>\n<meta property=\"article:modified_time\" content=\"2017-11-20T10:10:00+00:00\" \/>\n<meta property=\"og:image\" content=\"https:\/\/i0.wp.com\/www.jazzzeitung.de\/cms\/wp-content\/uploads\/2017\/07\/Jazzweekend_Regensburg_2017_Max-Andrz.Huette20170017.jpg?fit=1800%2C1200&ssl=1\" \/>\n\t<meta property=\"og:image:width\" content=\"1800\" \/>\n\t<meta property=\"og:image:height\" content=\"1200\" \/>\n\t<meta property=\"og:image:type\" content=\"image\/jpeg\" \/>\n<meta name=\"author\" content=\"Redaktion JazzZeitung\" \/>\n<script type=\"application\/ld+json\" class=\"yoast-schema-graph\">{\"@context\":\"https:\\\/\\\/schema.org\",\"@graph\":[{\"@type\":\"Article\",\"@id\":\"https:\\\/\\\/www.jazzzeitung.de\\\/cms\\\/2017\\\/07\\\/bildergalerie-das-bayerische-jazzweekend-2017\\\/#article\",\"isPartOf\":{\"@id\":\"https:\\\/\\\/www.jazzzeitung.de\\\/cms\\\/2017\\\/07\\\/bildergalerie-das-bayerische-jazzweekend-2017\\\/\"},\"author\":{\"name\":\"Redaktion JazzZeitung\",\"@id\":\"https:\\\/\\\/www.jazzzeitung.de\\\/cms\\\/#\\\/schema\\\/person\\\/2245b36b9cd1d24cea10f01c031fb92b\"},\"headline\":\"Bildergalerie: das Bayerische Jazzweekend 2017\",\"datePublished\":\"2017-07-10T13:05:49+00:00\",\"dateModified\":\"2017-11-20T10:10:00+00:00\",\"mainEntityOfPage\":{\"@id\":\"https:\\\/\\\/www.jazzzeitung.de\\\/cms\\\/2017\\\/07\\\/bildergalerie-das-bayerische-jazzweekend-2017\\\/\"},\"wordCount\":88,\"commentCount\":1,\"publisher\":{\"@id\":\"https:\\\/\\\/www.jazzzeitung.de\\\/cms\\\/#organization\"},\"image\":{\"@id\":\"https:\\\/\\\/www.jazzzeitung.de\\\/cms\\\/2017\\\/07\\\/bildergalerie-das-bayerische-jazzweekend-2017\\\/#primaryimage\"},\"thumbnailUrl\":\"https:\\\/\\\/i0.wp.com\\\/www.jazzzeitung.de\\\/cms\\\/wp-content\\\/uploads\\\/2017\\\/07\\\/Jazzweekend_Regensburg_2017_Max-Andrz.Huette20170017.jpg?fit=1800%2C1200&ssl=1\",\"keywords\":[\"Bayerisches Jazzweekend\",\"Blues\",\"Festivals\",\"Free Jazz\",\"Jazzweekend\",\"Juan Martin Koch\",\"Konzerte\",\"Lorenz Kellhuber\",\"Michael Scheiner\",\"Moderator\",\"Regensburg\",\"Ssirus W. Pakzad\",\"Swing\",\"trio\",\"Trio Elf\",\"Walter Lang\"],\"articleSection\":[\"Galerie\"],\"inLanguage\":\"de\",\"potentialAction\":[{\"@type\":\"CommentAction\",\"name\":\"Comment\",\"target\":[\"https:\\\/\\\/www.jazzzeitung.de\\\/cms\\\/2017\\\/07\\\/bildergalerie-das-bayerische-jazzweekend-2017\\\/#respond\"]}]},{\"@type\":\"WebPage\",\"@id\":\"https:\\\/\\\/www.jazzzeitung.de\\\/cms\\\/2017\\\/07\\\/bildergalerie-das-bayerische-jazzweekend-2017\\\/\",\"url\":\"https:\\\/\\\/www.jazzzeitung.de\\\/cms\\\/2017\\\/07\\\/bildergalerie-das-bayerische-jazzweekend-2017\\\/\",\"name\":\"Bildergalerie: das Bayerische Jazzweekend 2017 - JazzZeitung\",\"isPartOf\":{\"@id\":\"https:\\\/\\\/www.jazzzeitung.de\\\/cms\\\/#website\"},\"primaryImageOfPage\":{\"@id\":\"https:\\\/\\\/www.jazzzeitung.de\\\/cms\\\/2017\\\/07\\\/bildergalerie-das-bayerische-jazzweekend-2017\\\/#primaryimage\"},\"image\":{\"@id\":\"https:\\\/\\\/www.jazzzeitung.de\\\/cms\\\/2017\\\/07\\\/bildergalerie-das-bayerische-jazzweekend-2017\\\/#primaryimage\"},\"thumbnailUrl\":\"https:\\\/\\\/i0.wp.com\\\/www.jazzzeitung.de\\\/cms\\\/wp-content\\\/uploads\\\/2017\\\/07\\\/Jazzweekend_Regensburg_2017_Max-Andrz.Huette20170017.jpg?fit=1800%2C1200&ssl=1\",\"datePublished\":\"2017-07-10T13:05:49+00:00\",\"dateModified\":\"2017-11-20T10:10:00+00:00\",\"breadcrumb\":{\"@id\":\"https:\\\/\\\/www.jazzzeitung.de\\\/cms\\\/2017\\\/07\\\/bildergalerie-das-bayerische-jazzweekend-2017\\\/#breadcrumb\"},\"inLanguage\":\"de\",\"potentialAction\":[{\"@type\":\"ReadAction\",\"target\":[\"https:\\\/\\\/www.jazzzeitung.de\\\/cms\\\/2017\\\/07\\\/bildergalerie-das-bayerische-jazzweekend-2017\\\/\"]}]},{\"@type\":\"ImageObject\",\"inLanguage\":\"de\",\"@id\":\"https:\\\/\\\/www.jazzzeitung.de\\\/cms\\\/2017\\\/07\\\/bildergalerie-das-bayerische-jazzweekend-2017\\\/#primaryimage\",\"url\":\"https:\\\/\\\/i0.wp.com\\\/www.jazzzeitung.de\\\/cms\\\/wp-content\\\/uploads\\\/2017\\\/07\\\/Jazzweekend_Regensburg_2017_Max-Andrz.Huette20170017.jpg?fit=1800%2C1200&ssl=1\",\"contentUrl\":\"https:\\\/\\\/i0.wp.com\\\/www.jazzzeitung.de\\\/cms\\\/wp-content\\\/uploads\\\/2017\\\/07\\\/Jazzweekend_Regensburg_2017_Max-Andrz.Huette20170017.jpg?fit=1800%2C1200&ssl=1\",\"width\":1800,\"height\":1200,\"caption\":\"Gourmet-Drummer Max Andrzjewski. Foto: Petra Basche\"},{\"@type\":\"BreadcrumbList\",\"@id\":\"https:\\\/\\\/www.jazzzeitung.de\\\/cms\\\/2017\\\/07\\\/bildergalerie-das-bayerische-jazzweekend-2017\\\/#breadcrumb\",\"itemListElement\":[{\"@type\":\"ListItem\",\"position\":1,\"name\":\"Startseite\",\"item\":\"https:\\\/\\\/www.jazzzeitung.de\\\/cms\\\/\"},{\"@type\":\"ListItem\",\"position\":2,\"name\":\"Bildergalerie: das Bayerische Jazzweekend 2017\"}]},{\"@type\":\"WebSite\",\"@id\":\"https:\\\/\\\/www.jazzzeitung.de\\\/cms\\\/#website\",\"url\":\"https:\\\/\\\/www.jazzzeitung.de\\\/cms\\\/\",\"name\":\"JazzZeitung\",\"description\":\"Jazz-News und Jazz-Kontroverses\",\"publisher\":{\"@id\":\"https:\\\/\\\/www.jazzzeitung.de\\\/cms\\\/#organization\"},\"potentialAction\":[{\"@type\":\"SearchAction\",\"target\":{\"@type\":\"EntryPoint\",\"urlTemplate\":\"https:\\\/\\\/www.jazzzeitung.de\\\/cms\\\/?s={search_term_string}\"},\"query-input\":{\"@type\":\"PropertyValueSpecification\",\"valueRequired\":true,\"valueName\":\"search_term_string\"}}],\"inLanguage\":\"de\"},{\"@type\":\"Organization\",\"@id\":\"https:\\\/\\\/www.jazzzeitung.de\\\/cms\\\/#organization\",\"name\":\"JazzZeitung online\",\"url\":\"https:\\\/\\\/www.jazzzeitung.de\\\/cms\\\/\",\"logo\":{\"@type\":\"ImageObject\",\"inLanguage\":\"de\",\"@id\":\"https:\\\/\\\/www.jazzzeitung.de\\\/cms\\\/#\\\/schema\\\/logo\\\/image\\\/\",\"url\":\"https:\\\/\\\/i0.wp.com\\\/www.jazzzeitung.de\\\/cms\\\/wp-content\\\/uploads\\\/2015\\\/08\\\/JAZZZEITUNGDE_Logo_Neu.png?fit=499%2C200&ssl=1\",\"contentUrl\":\"https:\\\/\\\/i0.wp.com\\\/www.jazzzeitung.de\\\/cms\\\/wp-content\\\/uploads\\\/2015\\\/08\\\/JAZZZEITUNGDE_Logo_Neu.png?fit=499%2C200&ssl=1\",\"width\":499,\"height\":200,\"caption\":\"JazzZeitung online\"},\"image\":{\"@id\":\"https:\\\/\\\/www.jazzzeitung.de\\\/cms\\\/#\\\/schema\\\/logo\\\/image\\\/\"},\"sameAs\":[\"https:\\\/\\\/www.facebook.com\\\/JazzZeitung\\\/\"]},{\"@type\":\"Person\",\"@id\":\"https:\\\/\\\/www.jazzzeitung.de\\\/cms\\\/#\\\/schema\\\/person\\\/2245b36b9cd1d24cea10f01c031fb92b\",\"name\":\"Redaktion JazzZeitung\",\"image\":{\"@type\":\"ImageObject\",\"inLanguage\":\"de\",\"@id\":\"https:\\\/\\\/i0.wp.com\\\/www.jazzzeitung.de\\\/cms\\\/wp-content\\\/uploads\\\/2015\\\/08\\\/JAZZZEITUNGDE_Logo_Neu.png?resize=96%2C96&ssl=159975dcacb611b5700bd619b5daf0a7a\",\"url\":\"https:\\\/\\\/i0.wp.com\\\/www.jazzzeitung.de\\\/cms\\\/wp-content\\\/uploads\\\/2015\\\/08\\\/JAZZZEITUNGDE_Logo_Neu.png?resize=96%2C96&ssl=1\",\"contentUrl\":\"https:\\\/\\\/i0.wp.com\\\/www.jazzzeitung.de\\\/cms\\\/wp-content\\\/uploads\\\/2015\\\/08\\\/JAZZZEITUNGDE_Logo_Neu.png?resize=96%2C96&ssl=1\",\"caption\":\"Redaktion JazzZeitung\"},\"description\":\"Artikel der Redaktion der JazzZeitung.\",\"sameAs\":[\"http:\\\/\\\/www.jazzzeitung.de\\\/cms\\\/\"],\"url\":\"https:\\\/\\\/www.jazzzeitung.de\\\/cms\\\/author\\\/redaktion\\\/\"}]}<\/script>\n<!-- \/ Yoast SEO plugin. -->","yoast_head_json":{"title":"Bildergalerie: das Bayerische Jazzweekend 2017 - JazzZeitung","robots":{"index":"index","follow":"follow","max-snippet":"max-snippet:-1","max-image-preview":"max-image-preview:large","max-video-preview":"max-video-preview:-1"},"canonical":"https:\/\/www.jazzzeitung.de\/cms\/2017\/07\/bildergalerie-das-bayerische-jazzweekend-2017\/","og_locale":"de_DE","og_type":"article","og_title":"Bildergalerie: das Bayerische Jazzweekend 2017 - JazzZeitung","og_description":"Vergangenes Wochenende erlebte Regensburg die 36. Ausgabe seines legend\u00e4ren Festivals Bayerisches Jazzweekend. Etwa 100 Bands bespielten den historischen Kern der Stadt mit Dixieland, Blues, Swing, Modern und Free Jazz. Die Fotografin Petra Basche lie\u00df sich von der widrigen Witterung nicht abschrecken, sondern von dem lebendigen Treiben auf den diversen\u00a0 B\u00fchnen faszinieren. Das Ergebnis ihrer Bildrecherchen spiegelt unsere aktuelle Weekend-Galerie wider. Mehr Informationen zum 36. Bayerischen Jazzweekend in den Kritiken von Juan Martin Koch und Michael Scheiner in der Mittelbayerischen Zeitung. Merken","og_url":"https:\/\/www.jazzzeitung.de\/cms\/2017\/07\/bildergalerie-das-bayerische-jazzweekend-2017\/","og_site_name":"JazzZeitung","article_publisher":"https:\/\/www.facebook.com\/JazzZeitung\/","article_published_time":"2017-07-10T13:05:49+00:00","article_modified_time":"2017-11-20T10:10:00+00:00","og_image":[{"width":1800,"height":1200,"url":"https:\/\/i0.wp.com\/www.jazzzeitung.de\/cms\/wp-content\/uploads\/2017\/07\/Jazzweekend_Regensburg_2017_Max-Andrz.Huette20170017.jpg?fit=1800%2C1200&ssl=1","type":"image\/jpeg"}],"author":"Redaktion JazzZeitung","schema":{"@context":"https:\/\/schema.org","@graph":[{"@type":"Article","@id":"https:\/\/www.jazzzeitung.de\/cms\/2017\/07\/bildergalerie-das-bayerische-jazzweekend-2017\/#article","isPartOf":{"@id":"https:\/\/www.jazzzeitung.de\/cms\/2017\/07\/bildergalerie-das-bayerische-jazzweekend-2017\/"},"author":{"name":"Redaktion JazzZeitung","@id":"https:\/\/www.jazzzeitung.de\/cms\/#\/schema\/person\/2245b36b9cd1d24cea10f01c031fb92b"},"headline":"Bildergalerie: das Bayerische Jazzweekend 2017","datePublished":"2017-07-10T13:05:49+00:00","dateModified":"2017-11-20T10:10:00+00:00","mainEntityOfPage":{"@id":"https:\/\/www.jazzzeitung.de\/cms\/2017\/07\/bildergalerie-das-bayerische-jazzweekend-2017\/"},"wordCount":88,"commentCount":1,"publisher":{"@id":"https:\/\/www.jazzzeitung.de\/cms\/#organization"},"image":{"@id":"https:\/\/www.jazzzeitung.de\/cms\/2017\/07\/bildergalerie-das-bayerische-jazzweekend-2017\/#primaryimage"},"thumbnailUrl":"https:\/\/i0.wp.com\/www.jazzzeitung.de\/cms\/wp-content\/uploads\/2017\/07\/Jazzweekend_Regensburg_2017_Max-Andrz.Huette20170017.jpg?fit=1800%2C1200&ssl=1","keywords":["Bayerisches Jazzweekend","Blues","Festivals","Free Jazz","Jazzweekend","Juan Martin Koch","Konzerte","Lorenz Kellhuber","Michael Scheiner","Moderator","Regensburg","Ssirus W. Pakzad","Swing","trio","Trio Elf","Walter Lang"],"articleSection":["Galerie"],"inLanguage":"de","potentialAction":[{"@type":"CommentAction","name":"Comment","target":["https:\/\/www.jazzzeitung.de\/cms\/2017\/07\/bildergalerie-das-bayerische-jazzweekend-2017\/#respond"]}]},{"@type":"WebPage","@id":"https:\/\/www.jazzzeitung.de\/cms\/2017\/07\/bildergalerie-das-bayerische-jazzweekend-2017\/","url":"https:\/\/www.jazzzeitung.de\/cms\/2017\/07\/bildergalerie-das-bayerische-jazzweekend-2017\/","name":"Bildergalerie: das Bayerische Jazzweekend 2017 - JazzZeitung","isPartOf":{"@id":"https:\/\/www.jazzzeitung.de\/cms\/#website"},"primaryImageOfPage":{"@id":"https:\/\/www.jazzzeitung.de\/cms\/2017\/07\/bildergalerie-das-bayerische-jazzweekend-2017\/#primaryimage"},"image":{"@id":"https:\/\/www.jazzzeitung.de\/cms\/2017\/07\/bildergalerie-das-bayerische-jazzweekend-2017\/#primaryimage"},"thumbnailUrl":"https:\/\/i0.wp.com\/www.jazzzeitung.de\/cms\/wp-content\/uploads\/2017\/07\/Jazzweekend_Regensburg_2017_Max-Andrz.Huette20170017.jpg?fit=1800%2C1200&ssl=1","datePublished":"2017-07-10T13:05:49+00:00","dateModified":"2017-11-20T10:10:00+00:00","breadcrumb":{"@id":"https:\/\/www.jazzzeitung.de\/cms\/2017\/07\/bildergalerie-das-bayerische-jazzweekend-2017\/#breadcrumb"},"inLanguage":"de","potentialAction":[{"@type":"ReadAction","target":["https:\/\/www.jazzzeitung.de\/cms\/2017\/07\/bildergalerie-das-bayerische-jazzweekend-2017\/"]}]},{"@type":"ImageObject","inLanguage":"de","@id":"https:\/\/www.jazzzeitung.de\/cms\/2017\/07\/bildergalerie-das-bayerische-jazzweekend-2017\/#primaryimage","url":"https:\/\/i0.wp.com\/www.jazzzeitung.de\/cms\/wp-content\/uploads\/2017\/07\/Jazzweekend_Regensburg_2017_Max-Andrz.Huette20170017.jpg?fit=1800%2C1200&ssl=1","contentUrl":"https:\/\/i0.wp.com\/www.jazzzeitung.de\/cms\/wp-content\/uploads\/2017\/07\/Jazzweekend_Regensburg_2017_Max-Andrz.Huette20170017.jpg?fit=1800%2C1200&ssl=1","width":1800,"height":1200,"caption":"Gourmet-Drummer Max Andrzjewski. Foto: Petra Basche"},{"@type":"BreadcrumbList","@id":"https:\/\/www.jazzzeitung.de\/cms\/2017\/07\/bildergalerie-das-bayerische-jazzweekend-2017\/#breadcrumb","itemListElement":[{"@type":"ListItem","position":1,"name":"Startseite","item":"https:\/\/www.jazzzeitung.de\/cms\/"},{"@type":"ListItem","position":2,"name":"Bildergalerie: das Bayerische Jazzweekend 2017"}]},{"@type":"WebSite","@id":"https:\/\/www.jazzzeitung.de\/cms\/#website","url":"https:\/\/www.jazzzeitung.de\/cms\/","name":"JazzZeitung","description":"Jazz-News und Jazz-Kontroverses","publisher":{"@id":"https:\/\/www.jazzzeitung.de\/cms\/#organization"},"potentialAction":[{"@type":"SearchAction","target":{"@type":"EntryPoint","urlTemplate":"https:\/\/www.jazzzeitung.de\/cms\/?s={search_term_string}"},"query-input":{"@type":"PropertyValueSpecification","valueRequired":true,"valueName":"search_term_string"}}],"inLanguage":"de"},{"@type":"Organization","@id":"https:\/\/www.jazzzeitung.de\/cms\/#organization","name":"JazzZeitung online","url":"https:\/\/www.jazzzeitung.de\/cms\/","logo":{"@type":"ImageObject","inLanguage":"de","@id":"https:\/\/www.jazzzeitung.de\/cms\/#\/schema\/logo\/image\/","url":"https:\/\/i0.wp.com\/www.jazzzeitung.de\/cms\/wp-content\/uploads\/2015\/08\/JAZZZEITUNGDE_Logo_Neu.png?fit=499%2C200&ssl=1","contentUrl":"https:\/\/i0.wp.com\/www.jazzzeitung.de\/cms\/wp-content\/uploads\/2015\/08\/JAZZZEITUNGDE_Logo_Neu.png?fit=499%2C200&ssl=1","width":499,"height":200,"caption":"JazzZeitung online"},"image":{"@id":"https:\/\/www.jazzzeitung.de\/cms\/#\/schema\/logo\/image\/"},"sameAs":["https:\/\/www.facebook.com\/JazzZeitung\/"]},{"@type":"Person","@id":"https:\/\/www.jazzzeitung.de\/cms\/#\/schema\/person\/2245b36b9cd1d24cea10f01c031fb92b","name":"Redaktion JazzZeitung","image":{"@type":"ImageObject","inLanguage":"de","@id":"https:\/\/i0.wp.com\/www.jazzzeitung.de\/cms\/wp-content\/uploads\/2015\/08\/JAZZZEITUNGDE_Logo_Neu.png?resize=96%2C96&ssl=159975dcacb611b5700bd619b5daf0a7a","url":"https:\/\/i0.wp.com\/www.jazzzeitung.de\/cms\/wp-content\/uploads\/2015\/08\/JAZZZEITUNGDE_Logo_Neu.png?resize=96%2C96&ssl=1","contentUrl":"https:\/\/i0.wp.com\/www.jazzzeitung.de\/cms\/wp-content\/uploads\/2015\/08\/JAZZZEITUNGDE_Logo_Neu.png?resize=96%2C96&ssl=1","caption":"Redaktion JazzZeitung"},"description":"Artikel der Redaktion der JazzZeitung.","sameAs":["http:\/\/www.jazzzeitung.de\/cms\/"],"url":"https:\/\/www.jazzzeitung.de\/cms\/author\/redaktion\/"}]}},"wp-worthy-pixel":{"ignored":false,"public":null,"server":null,"url":null},"wp-worthy-type":"normal","jetpack_publicize_connections":[],"cc_featured_image_caption":{"caption_text":"Gourmet-Drummer Max Andrzjewski. ","source_text":"Foto: \u00a9 Petra Basche","source_url":"https:\/\/hupe.urteilskraft.de\/start\/2017\/07\/11\/bayerisches-jazzweekend-2017\/"},"jetpack_featured_media_url":"https:\/\/i0.wp.com\/www.jazzzeitung.de\/cms\/wp-content\/uploads\/2017\/07\/Jazzweekend_Regensburg_2017_Max-Andrz.Huette20170017.jpg?fit=1800%2C1200&ssl=1","jetpack_shortlink":"https:\/\/wp.me\/p3KEcT-3mi","jetpack-related-posts":[{"id":1115,"url":"https:\/\/www.jazzzeitung.de\/cms\/2011\/07\/auf-den-spuren-von-richard-jazzweekend-regensburg-2011\/","url_meta":{"origin":12914,"position":0},"title":"Auf den Spuren von Richard: Jazzweekend Regensburg 2011","author":"J\u00f6rg Lichtinger","date":"7. Juli 2011","format":false,"excerpt":"Das heute gestartete 30. Bayerische Jazzweekend Regensburg ist die erste Ausgabe des Stadtfestivals ohne seinen Initiator Richard Wiedamann. Der am 06. Januar 2011 verstorbene Wiedamann war eine Pers\u00f6nlichkeit, der seine Region pr\u00e4gte, indem er \u00fcber Jahrzehnte hinweg Strukturen aufbaute (Bayerisches Jazzweekend, Bayerisches Jazzinstitut, Landesjugend Jazzorchester), von denen der Jazz in\u2026","rel":"","context":"In &quot;Blog&quot;","block_context":{"text":"Blog","link":"https:\/\/www.jazzzeitung.de\/cms\/thema\/blog\/"},"img":{"alt_text":"jw_logo","src":"https:\/\/i0.wp.com\/www.jazzzeitung.de\/cms\/wp-content\/uploads\/2011\/07\/jw_logo.jpg?resize=350%2C200","width":350,"height":200},"classes":[]},{"id":32827,"url":"https:\/\/www.jazzzeitung.de\/cms\/2025\/07\/ein-rundgang-ueber-das-44-bayerische-jazzweekend-in-regensburg\/","url_meta":{"origin":12914,"position":1},"title":"Ein Rundgang \u00fcber das 44. Bayerische Jazzweekend in Regensburg","author":"Redaktion JazzZeitung","date":"17. Juli 2025","format":false,"excerpt":"Rund 90.000 Musikbegeisterte lauschten vom 10. bis 13. Juli 2025 vier Tage lang den vielseitigen Spielarten des Jazz. An 14 Spielorten in Regensburg und weiteren 5 Spielorten in Kallm\u00fcnz erlebte das tanzfreudige, kritische und begeisterungsf\u00e4hige Publikum rund 110 unterschiedliche Formationen und deren Konzerte. International gefragte Gr\u00f6\u00dfen des Jazz trafen beim\u2026","rel":"","context":"In &quot;Galerie&quot;","block_context":{"text":"Galerie","link":"https:\/\/www.jazzzeitung.de\/cms\/thema\/galerie\/"},"img":{"alt_text":"","src":"https:\/\/i0.wp.com\/www.jazzzeitung.de\/cms\/wp-content\/uploads\/2025\/07\/SiEA-Antonia-Dering-c-JM-Koch.jpg?fit=1200%2C900&ssl=1&resize=350%2C200","width":350,"height":200,"srcset":"https:\/\/i0.wp.com\/www.jazzzeitung.de\/cms\/wp-content\/uploads\/2025\/07\/SiEA-Antonia-Dering-c-JM-Koch.jpg?fit=1200%2C900&ssl=1&resize=350%2C200 1x, https:\/\/i0.wp.com\/www.jazzzeitung.de\/cms\/wp-content\/uploads\/2025\/07\/SiEA-Antonia-Dering-c-JM-Koch.jpg?fit=1200%2C900&ssl=1&resize=525%2C300 1.5x, https:\/\/i0.wp.com\/www.jazzzeitung.de\/cms\/wp-content\/uploads\/2025\/07\/SiEA-Antonia-Dering-c-JM-Koch.jpg?fit=1200%2C900&ssl=1&resize=700%2C400 2x, https:\/\/i0.wp.com\/www.jazzzeitung.de\/cms\/wp-content\/uploads\/2025\/07\/SiEA-Antonia-Dering-c-JM-Koch.jpg?fit=1200%2C900&ssl=1&resize=1050%2C600 3x"},"classes":[]},{"id":1880,"url":"https:\/\/www.jazzzeitung.de\/cms\/2013\/07\/eine-fotogalerie\/","url_meta":{"origin":12914,"position":2},"title":"Bayerisches Jazzweekend 2013 &#8211; Fotos","author":"Martin Hufner","date":"18. Juli 2013","format":false,"excerpt":"Ein paar Fotoeindr\u00fccke vom Jazzweekend 2013 in Regensburg. Alle Fotos: Hufner","rel":"","context":"In &quot;Galerie&quot;","block_context":{"text":"Galerie","link":"https:\/\/www.jazzzeitung.de\/cms\/thema\/galerie\/"},"img":{"alt_text":"","src":"https:\/\/i0.wp.com\/www.jazzzeitung.de\/cms\/wp-content\/uploads\/2013\/07\/trio-elf-5058.jpg?resize=350%2C200","width":350,"height":200,"srcset":"https:\/\/i0.wp.com\/www.jazzzeitung.de\/cms\/wp-content\/uploads\/2013\/07\/trio-elf-5058.jpg?resize=350%2C200 1x, https:\/\/i0.wp.com\/www.jazzzeitung.de\/cms\/wp-content\/uploads\/2013\/07\/trio-elf-5058.jpg?resize=525%2C300 1.5x, https:\/\/i0.wp.com\/www.jazzzeitung.de\/cms\/wp-content\/uploads\/2013\/07\/trio-elf-5058.jpg?resize=700%2C400 2x"},"classes":[]},{"id":4481,"url":"https:\/\/www.jazzzeitung.de\/cms\/2014\/08\/neue-jazzzeitung-201404-im-handel\/","url_meta":{"origin":12914,"position":3},"title":"Neue JazzZeitung 2014\/04 im Handel","author":"Redaktion JazzZeitung","date":"24. August 2014","format":false,"excerpt":"Gedruckt und zug\u00e4nglich: Die neue aktuelle JazzZeitung 2014\/04. Berichte: S\u00fcdtirol Festival, Jazz Sommer im Bayerischen Hof, Bayerisches Jazzweekend, Festival Bingen swingt, Andreas Dombert \/ Chris Gall im Leeren Beutel Regensburg, Ystad Sweden Jazz Festival 2014 Portrait: Ketil Bj\u00f8rnstad, Andrea Keller (Pianistin und Komponistin aus Australien), der Harfenist Edmar Casta\u00f1eda, das\u2026","rel":"","context":"In &quot;JazzZeitung (print)&quot;","block_context":{"text":"JazzZeitung (print)","link":"https:\/\/www.jazzzeitung.de\/cms\/thema\/archiv\/jazzzeitung-print\/"},"img":{"alt_text":"JazzZeitung 2014\/04 - Titelblatt","src":"https:\/\/i0.wp.com\/www.jazzzeitung.de\/cms\/wp-content\/uploads\/2014\/08\/2014-04-jazzzeitung.jpg?fit=804%2C1200&ssl=1&resize=350%2C200","width":350,"height":200,"srcset":"https:\/\/i0.wp.com\/www.jazzzeitung.de\/cms\/wp-content\/uploads\/2014\/08\/2014-04-jazzzeitung.jpg?fit=804%2C1200&ssl=1&resize=350%2C200 1x, https:\/\/i0.wp.com\/www.jazzzeitung.de\/cms\/wp-content\/uploads\/2014\/08\/2014-04-jazzzeitung.jpg?fit=804%2C1200&ssl=1&resize=525%2C300 1.5x, https:\/\/i0.wp.com\/www.jazzzeitung.de\/cms\/wp-content\/uploads\/2014\/08\/2014-04-jazzzeitung.jpg?fit=804%2C1200&ssl=1&resize=700%2C400 2x"},"classes":[]},{"id":27812,"url":"https:\/\/www.jazzzeitung.de\/cms\/2022\/07\/das-41-jazzweekend-regensburg-ist-gestartet-ukrainische-lieder-und-neo-scat-aus-muenchen\/","url_meta":{"origin":12914,"position":4},"title":"Das 41. Jazzweekend Regensburg ist gestartet: Ukrainische Lieder und Neo-Scat aus M\u00fcnchen","author":"Redaktion JazzZeitung","date":"15. Juli 2022","format":false,"excerpt":"Rund 100 nationale sowie internationale Bands, Kombos und Einzelk\u00fcnstlerinnen und -k\u00fcnstler sind der Einladung nach Regensburg gefolgt und bespielen von heute Abend bis Sonntag 17 B\u00fchnen und Schaupl\u00e4tze auf die ganze Innenstadt verteilt. Heute um 18:00 er\u00f6ffnet die Regensburger Oberb\u00fcrgermeisterin Gertrud Maltz-Schwarzfischer das 41. Bayerische Jazzweekend am Regensburger Platz der\u2026","rel":"","context":"In &quot;Bericht&quot;","block_context":{"text":"Bericht","link":"https:\/\/www.jazzzeitung.de\/cms\/thema\/bericht\/"},"img":{"alt_text":"","src":"https:\/\/i0.wp.com\/www.jazzzeitung.de\/cms\/wp-content\/uploads\/2022\/07\/20220714_193718-scaled.jpg?fit=1200%2C900&ssl=1&resize=350%2C200","width":350,"height":200,"srcset":"https:\/\/i0.wp.com\/www.jazzzeitung.de\/cms\/wp-content\/uploads\/2022\/07\/20220714_193718-scaled.jpg?fit=1200%2C900&ssl=1&resize=350%2C200 1x, https:\/\/i0.wp.com\/www.jazzzeitung.de\/cms\/wp-content\/uploads\/2022\/07\/20220714_193718-scaled.jpg?fit=1200%2C900&ssl=1&resize=525%2C300 1.5x, https:\/\/i0.wp.com\/www.jazzzeitung.de\/cms\/wp-content\/uploads\/2022\/07\/20220714_193718-scaled.jpg?fit=1200%2C900&ssl=1&resize=700%2C400 2x, https:\/\/i0.wp.com\/www.jazzzeitung.de\/cms\/wp-content\/uploads\/2022\/07\/20220714_193718-scaled.jpg?fit=1200%2C900&ssl=1&resize=1050%2C600 3x"},"classes":[]},{"id":29554,"url":"https:\/\/www.jazzzeitung.de\/cms\/2023\/06\/regensburg-praesentiert-das-programm-fuer-das-42-bayerische-jazzweekend\/","url_meta":{"origin":12914,"position":5},"title":"Regensburg pr\u00e4sentiert das Programm f\u00fcr das 42. Bayerische Jazzweekend","author":"Redaktion JazzZeitung","date":"9. Juni 2023","format":false,"excerpt":"Das Programm des Jazzweekends 2023 steht fest. Vom 13. bis 16. Juli werden 105 kostenfreie Konzerte von 101 Bands, Combos und Einzelk\u00fcnstlerinnen und -k\u00fcnstlern \u00fcber die B\u00fchnen der Stadt gehen. Das Konzept gibt es seit 42 Jahren, dem seit 2022 wirkenden neuen k\u00fcnstlerischen Leiter, Christian Sommerer, gelingt es wie versprochen,\u2026","rel":"","context":"In &quot;Bericht&quot;","block_context":{"text":"Bericht","link":"https:\/\/www.jazzzeitung.de\/cms\/thema\/bericht\/"},"img":{"alt_text":"","src":"https:\/\/i0.wp.com\/www.jazzzeitung.de\/cms\/wp-content\/uploads\/2023\/06\/Monika-Roscher-Big-Band_Lukas-Diller-scaled.jpg?fit=1200%2C794&ssl=1&resize=350%2C200","width":350,"height":200,"srcset":"https:\/\/i0.wp.com\/www.jazzzeitung.de\/cms\/wp-content\/uploads\/2023\/06\/Monika-Roscher-Big-Band_Lukas-Diller-scaled.jpg?fit=1200%2C794&ssl=1&resize=350%2C200 1x, https:\/\/i0.wp.com\/www.jazzzeitung.de\/cms\/wp-content\/uploads\/2023\/06\/Monika-Roscher-Big-Band_Lukas-Diller-scaled.jpg?fit=1200%2C794&ssl=1&resize=525%2C300 1.5x, https:\/\/i0.wp.com\/www.jazzzeitung.de\/cms\/wp-content\/uploads\/2023\/06\/Monika-Roscher-Big-Band_Lukas-Diller-scaled.jpg?fit=1200%2C794&ssl=1&resize=700%2C400 2x, https:\/\/i0.wp.com\/www.jazzzeitung.de\/cms\/wp-content\/uploads\/2023\/06\/Monika-Roscher-Big-Band_Lukas-Diller-scaled.jpg?fit=1200%2C794&ssl=1&resize=1050%2C600 3x"},"classes":[]}],"jetpack_sharing_enabled":true,"_links":{"self":[{"href":"https:\/\/www.jazzzeitung.de\/cms\/wp-json\/wp\/v2\/posts\/12914","targetHints":{"allow":["GET"]}}],"collection":[{"href":"https:\/\/www.jazzzeitung.de\/cms\/wp-json\/wp\/v2\/posts"}],"about":[{"href":"https:\/\/www.jazzzeitung.de\/cms\/wp-json\/wp\/v2\/types\/post"}],"author":[{"embeddable":true,"href":"https:\/\/www.jazzzeitung.de\/cms\/wp-json\/wp\/v2\/users\/18"}],"replies":[{"embeddable":true,"href":"https:\/\/www.jazzzeitung.de\/cms\/wp-json\/wp\/v2\/comments?post=12914"}],"version-history":[{"count":19,"href":"https:\/\/www.jazzzeitung.de\/cms\/wp-json\/wp\/v2\/posts\/12914\/revisions"}],"predecessor-version":[{"id":13011,"href":"https:\/\/www.jazzzeitung.de\/cms\/wp-json\/wp\/v2\/posts\/12914\/revisions\/13011"}],"wp:featuredmedia":[{"embeddable":true,"href":"https:\/\/www.jazzzeitung.de\/cms\/wp-json\/wp\/v2\/media\/12946"}],"wp:attachment":[{"href":"https:\/\/www.jazzzeitung.de\/cms\/wp-json\/wp\/v2\/media?parent=12914"}],"wp:term":[{"taxonomy":"category","embeddable":true,"href":"https:\/\/www.jazzzeitung.de\/cms\/wp-json\/wp\/v2\/categories?post=12914"},{"taxonomy":"post_tag","embeddable":true,"href":"https:\/\/www.jazzzeitung.de\/cms\/wp-json\/wp\/v2\/tags?post=12914"},{"taxonomy":"author","embeddable":true,"href":"https:\/\/www.jazzzeitung.de\/cms\/wp-json\/wp\/v2\/coauthors?post=12914"}],"curies":[{"name":"wp","href":"https:\/\/api.w.org\/{rel}","templated":true}]}}