{"id":12876,"date":"2017-07-05T08:33:06","date_gmt":"2017-07-05T06:33:06","guid":{"rendered":"https:\/\/www.jazzzeitung.de\/cms\/?p=12876"},"modified":"2017-07-05T13:47:16","modified_gmt":"2017-07-05T11:47:16","slug":"leo-betzl-absolvierte-seine-master-abschlusspruefung-in-der-unterfahrt","status":"publish","type":"post","link":"https:\/\/www.jazzzeitung.de\/cms\/2017\/07\/leo-betzl-absolvierte-seine-master-abschlusspruefung-in-der-unterfahrt\/","title":{"rendered":"Leo Betzl absolvierte seine Master-Abschlusspr\u00fcfung in der Unterfahrt"},"content":{"rendered":"<p>Nicht einfach nur ein Konzert mit dem Leo Betzl Trio &#8211; an diesem Abend ging es um die Wurst: f\u00fcr Leo Betzl, der an diesem Abend im ersten Set seine Master-Abschlusspr\u00fcfung an der Hochschule f\u00fcr Musik und Theater M\u00fcnchen bestritt und f\u00fcr Maximilian Hirning, der im zweiten Set seine Master-Zwischenpr\u00fcfung absolvierte.<\/p>\n<p>Bereits der Soundcheck war tiefenentspannt und souver\u00e4n. Es wurde geprobt, letztlich noch ein wenig am Sound gefeilt \u2013 das war\u2019s. Alles Weitere passte! Was das Trio dann im Konzert ablieferte war ebenso fantastisch wie atemberaubend!<\/p>\n<div class=\"tiled-gallery type-rectangular tiled-gallery-unresized\" data-original-width=\"840\" data-carousel-extra='{&quot;blog_id&quot;:1,&quot;permalink&quot;:&quot;https:\\\/\\\/www.jazzzeitung.de\\\/cms\\\/2017\\\/07\\\/leo-betzl-absolvierte-seine-master-abschlusspruefung-in-der-unterfahrt\\\/&quot;,&quot;likes_blog_id&quot;:55446655}' itemscope itemtype=\"http:\/\/schema.org\/ImageGallery\" > <div class=\"gallery-row\" style=\"width: 840px; height: 597px;\" data-original-width=\"840\" data-original-height=\"597\" > <div class=\"gallery-group images-2\" style=\"width: 441px; height: 597px;\" data-original-width=\"441\" data-original-height=\"597\" > <div class=\"tiled-gallery-item tiled-gallery-item-large\" itemprop=\"associatedMedia\" itemscope itemtype=\"http:\/\/schema.org\/ImageObject\"> <a href=\"https:\/\/www.jazzzeitung.de\/cms\/2017\/07\/leo-betzl-absolvierte-seine-master-abschlusspruefung-in-der-unterfahrt\/p1430913-lbt-foto-tj-krebs\/\" border=\"0\" itemprop=\"url\"> <meta itemprop=\"width\" content=\"437\"> <meta itemprop=\"height\" content=\"291\"> <img decoding=\"async\" class=\"\" data-attachment-id=\"12893\" data-orig-file=\"https:\/\/www.jazzzeitung.de\/cms\/wp-content\/uploads\/2017\/07\/P1430913-LBT-Foto-TJ-Krebs.jpg\" data-orig-size=\"1800,1200\" data-comments-opened=\"1\" data-image-meta=\"{&quot;aperture&quot;:&quot;0&quot;,&quot;credit&quot;:&quot;&quot;,&quot;camera&quot;:&quot;&quot;,&quot;caption&quot;:&quot;&quot;,&quot;created_timestamp&quot;:&quot;0&quot;,&quot;copyright&quot;:&quot;&quot;,&quot;focal_length&quot;:&quot;0&quot;,&quot;iso&quot;:&quot;0&quot;,&quot;shutter_speed&quot;:&quot;0&quot;,&quot;title&quot;:&quot;&quot;,&quot;orientation&quot;:&quot;0&quot;}\" data-image-title=\"\" data-image-description=\"\" data-medium-file=\"https:\/\/i0.wp.com\/www.jazzzeitung.de\/cms\/wp-content\/uploads\/2017\/07\/P1430913-LBT-Foto-TJ-Krebs.jpg?fit=300%2C200&#038;ssl=1\" data-large-file=\"https:\/\/i0.wp.com\/www.jazzzeitung.de\/cms\/wp-content\/uploads\/2017\/07\/P1430913-LBT-Foto-TJ-Krebs.jpg?fit=840%2C560&#038;ssl=1\" src=\"https:\/\/i0.wp.com\/www.jazzzeitung.de\/cms\/wp-content\/uploads\/2017\/07\/P1430913-LBT-Foto-TJ-Krebs.jpg?w=437&#038;h=291&#038;ssl=1\" srcset=\"https:\/\/i0.wp.com\/www.jazzzeitung.de\/cms\/wp-content\/uploads\/2017\/07\/P1430913-LBT-Foto-TJ-Krebs.jpg?w=1800&amp;ssl=1 1800w, https:\/\/i0.wp.com\/www.jazzzeitung.de\/cms\/wp-content\/uploads\/2017\/07\/P1430913-LBT-Foto-TJ-Krebs.jpg?resize=300%2C200&amp;ssl=1 300w, https:\/\/i0.wp.com\/www.jazzzeitung.de\/cms\/wp-content\/uploads\/2017\/07\/P1430913-LBT-Foto-TJ-Krebs.jpg?resize=768%2C512&amp;ssl=1 768w, https:\/\/i0.wp.com\/www.jazzzeitung.de\/cms\/wp-content\/uploads\/2017\/07\/P1430913-LBT-Foto-TJ-Krebs.jpg?resize=900%2C600&amp;ssl=1 900w, https:\/\/i0.wp.com\/www.jazzzeitung.de\/cms\/wp-content\/uploads\/2017\/07\/P1430913-LBT-Foto-TJ-Krebs.jpg?w=1680&amp;ssl=1 1680w\" width=\"437\" height=\"291\" loading=\"lazy\" data-original-width=\"437\" data-original-height=\"291\" itemprop=\"http:\/\/schema.org\/image\" title=\"\" alt=\"Leo Betzl Trio. Foto: Thomas J. Krebs\" style=\"width: 437px; height: 291px;\" \/> <\/a> <div class=\"tiled-gallery-caption\" itemprop=\"caption description\"> Leo Betzl Trio. Foto: Thomas J. Krebs <\/div> <\/div> <div class=\"tiled-gallery-item tiled-gallery-item-large\" itemprop=\"associatedMedia\" itemscope itemtype=\"http:\/\/schema.org\/ImageObject\"> <a href=\"https:\/\/www.jazzzeitung.de\/cms\/2017\/07\/leo-betzl-absolvierte-seine-master-abschlusspruefung-in-der-unterfahrt\/p1430902-betzl-foto-tj-krebs\/\" border=\"0\" itemprop=\"url\"> <meta itemprop=\"width\" content=\"437\"> <meta itemprop=\"height\" content=\"298\"> <img decoding=\"async\" class=\"\" data-attachment-id=\"12892\" data-orig-file=\"https:\/\/www.jazzzeitung.de\/cms\/wp-content\/uploads\/2017\/07\/P1430902-Betzl-Foto-TJ-Krebs.jpg\" data-orig-size=\"1757,1200\" data-comments-opened=\"1\" data-image-meta=\"{&quot;aperture&quot;:&quot;0&quot;,&quot;credit&quot;:&quot;&quot;,&quot;camera&quot;:&quot;&quot;,&quot;caption&quot;:&quot;&quot;,&quot;created_timestamp&quot;:&quot;0&quot;,&quot;copyright&quot;:&quot;&quot;,&quot;focal_length&quot;:&quot;0&quot;,&quot;iso&quot;:&quot;0&quot;,&quot;shutter_speed&quot;:&quot;0&quot;,&quot;title&quot;:&quot;&quot;,&quot;orientation&quot;:&quot;0&quot;}\" data-image-title=\"P1430902 Betzl &amp;#8211; Foto TJ Krebs\" data-image-description=\"\" data-medium-file=\"https:\/\/i0.wp.com\/www.jazzzeitung.de\/cms\/wp-content\/uploads\/2017\/07\/P1430902-Betzl-Foto-TJ-Krebs.jpg?fit=300%2C205&#038;ssl=1\" data-large-file=\"https:\/\/i0.wp.com\/www.jazzzeitung.de\/cms\/wp-content\/uploads\/2017\/07\/P1430902-Betzl-Foto-TJ-Krebs.jpg?fit=840%2C573&#038;ssl=1\" src=\"https:\/\/i0.wp.com\/www.jazzzeitung.de\/cms\/wp-content\/uploads\/2017\/07\/P1430902-Betzl-Foto-TJ-Krebs.jpg?w=437&#038;h=298&#038;ssl=1\" srcset=\"https:\/\/i0.wp.com\/www.jazzzeitung.de\/cms\/wp-content\/uploads\/2017\/07\/P1430902-Betzl-Foto-TJ-Krebs.jpg?w=1757&amp;ssl=1 1757w, https:\/\/i0.wp.com\/www.jazzzeitung.de\/cms\/wp-content\/uploads\/2017\/07\/P1430902-Betzl-Foto-TJ-Krebs.jpg?resize=300%2C205&amp;ssl=1 300w, https:\/\/i0.wp.com\/www.jazzzeitung.de\/cms\/wp-content\/uploads\/2017\/07\/P1430902-Betzl-Foto-TJ-Krebs.jpg?resize=768%2C525&amp;ssl=1 768w, https:\/\/i0.wp.com\/www.jazzzeitung.de\/cms\/wp-content\/uploads\/2017\/07\/P1430902-Betzl-Foto-TJ-Krebs.jpg?resize=879%2C600&amp;ssl=1 879w, https:\/\/i0.wp.com\/www.jazzzeitung.de\/cms\/wp-content\/uploads\/2017\/07\/P1430902-Betzl-Foto-TJ-Krebs.jpg?w=1680&amp;ssl=1 1680w\" width=\"437\" height=\"298\" loading=\"lazy\" data-original-width=\"437\" data-original-height=\"298\" itemprop=\"http:\/\/schema.org\/image\" title=\"P1430902 Betzl - Foto TJ Krebs\" alt=\"Leo Betzl. Foto: Thomas J. Krebs\" style=\"width: 437px; height: 298px;\" \/> <\/a> <div class=\"tiled-gallery-caption\" itemprop=\"caption description\"> Leo Betzl. Foto: Thomas J. Krebs <\/div> <\/div> <\/div> <!-- close group --> <div class=\"gallery-group images-1\" style=\"width: 399px; height: 597px;\" data-original-width=\"399\" data-original-height=\"597\" > <div class=\"tiled-gallery-item tiled-gallery-item-large\" itemprop=\"associatedMedia\" itemscope itemtype=\"http:\/\/schema.org\/ImageObject\"> <a href=\"https:\/\/www.jazzzeitung.de\/cms\/2017\/07\/leo-betzl-absolvierte-seine-master-abschlusspruefung-in-der-unterfahrt\/p1430868-hirning-foto-tj-krebs\/\" border=\"0\" itemprop=\"url\"> <meta itemprop=\"width\" content=\"395\"> <meta itemprop=\"height\" content=\"593\"> <img decoding=\"async\" class=\"\" data-attachment-id=\"12891\" data-orig-file=\"https:\/\/www.jazzzeitung.de\/cms\/wp-content\/uploads\/2017\/07\/P1430868-Hirning-Foto-TJ-Krebs.jpg\" data-orig-size=\"1200,1800\" data-comments-opened=\"1\" data-image-meta=\"{&quot;aperture&quot;:&quot;0&quot;,&quot;credit&quot;:&quot;&quot;,&quot;camera&quot;:&quot;&quot;,&quot;caption&quot;:&quot;&quot;,&quot;created_timestamp&quot;:&quot;0&quot;,&quot;copyright&quot;:&quot;&quot;,&quot;focal_length&quot;:&quot;0&quot;,&quot;iso&quot;:&quot;0&quot;,&quot;shutter_speed&quot;:&quot;0&quot;,&quot;title&quot;:&quot;&quot;,&quot;orientation&quot;:&quot;0&quot;}\" data-image-title=\"P1430868 Hirning &amp;#8211; Foto TJ Krebs\" data-image-description=\"\" data-medium-file=\"https:\/\/i0.wp.com\/www.jazzzeitung.de\/cms\/wp-content\/uploads\/2017\/07\/P1430868-Hirning-Foto-TJ-Krebs.jpg?fit=200%2C300&#038;ssl=1\" data-large-file=\"https:\/\/i0.wp.com\/www.jazzzeitung.de\/cms\/wp-content\/uploads\/2017\/07\/P1430868-Hirning-Foto-TJ-Krebs.jpg?fit=400%2C600&#038;ssl=1\" src=\"https:\/\/i0.wp.com\/www.jazzzeitung.de\/cms\/wp-content\/uploads\/2017\/07\/P1430868-Hirning-Foto-TJ-Krebs.jpg?w=395&#038;h=593&#038;ssl=1\" srcset=\"https:\/\/i0.wp.com\/www.jazzzeitung.de\/cms\/wp-content\/uploads\/2017\/07\/P1430868-Hirning-Foto-TJ-Krebs.jpg?w=1200&amp;ssl=1 1200w, https:\/\/i0.wp.com\/www.jazzzeitung.de\/cms\/wp-content\/uploads\/2017\/07\/P1430868-Hirning-Foto-TJ-Krebs.jpg?resize=200%2C300&amp;ssl=1 200w, https:\/\/i0.wp.com\/www.jazzzeitung.de\/cms\/wp-content\/uploads\/2017\/07\/P1430868-Hirning-Foto-TJ-Krebs.jpg?resize=768%2C1152&amp;ssl=1 768w, https:\/\/i0.wp.com\/www.jazzzeitung.de\/cms\/wp-content\/uploads\/2017\/07\/P1430868-Hirning-Foto-TJ-Krebs.jpg?resize=400%2C600&amp;ssl=1 400w\" width=\"395\" height=\"593\" loading=\"lazy\" data-original-width=\"395\" data-original-height=\"593\" itemprop=\"http:\/\/schema.org\/image\" title=\"P1430868 Hirning - Foto TJ Krebs\" alt=\"Maximilian Hirning. Foto: Thomas J. Krebs\" style=\"width: 395px; height: 593px;\" \/> <\/a> <div class=\"tiled-gallery-caption\" itemprop=\"caption description\"> Maximilian Hirning. Foto: Thomas J. Krebs <\/div> <\/div> <\/div> <!-- close group --> <\/div> <!-- close row --> <div class=\"gallery-row\" style=\"width: 840px; height: 643px;\" data-original-width=\"840\" data-original-height=\"643\" > <div class=\"gallery-group images-1\" style=\"width: 430px; height: 643px;\" data-original-width=\"430\" data-original-height=\"643\" > <div class=\"tiled-gallery-item tiled-gallery-item-large\" itemprop=\"associatedMedia\" itemscope itemtype=\"http:\/\/schema.org\/ImageObject\"> <a href=\"https:\/\/www.jazzzeitung.de\/cms\/2017\/07\/leo-betzl-absolvierte-seine-master-abschlusspruefung-in-der-unterfahrt\/p1430765-wolfgruber-foto-tj-krebs\/\" border=\"0\" itemprop=\"url\"> <meta itemprop=\"width\" content=\"426\"> <meta itemprop=\"height\" content=\"639\"> <img decoding=\"async\" class=\"\" data-attachment-id=\"12889\" data-orig-file=\"https:\/\/www.jazzzeitung.de\/cms\/wp-content\/uploads\/2017\/07\/P1430765-Wolfgruber-Foto-TJ-Krebs.jpg\" data-orig-size=\"1200,1800\" data-comments-opened=\"1\" data-image-meta=\"{&quot;aperture&quot;:&quot;0&quot;,&quot;credit&quot;:&quot;&quot;,&quot;camera&quot;:&quot;&quot;,&quot;caption&quot;:&quot;&quot;,&quot;created_timestamp&quot;:&quot;0&quot;,&quot;copyright&quot;:&quot;&quot;,&quot;focal_length&quot;:&quot;0&quot;,&quot;iso&quot;:&quot;0&quot;,&quot;shutter_speed&quot;:&quot;0&quot;,&quot;title&quot;:&quot;&quot;,&quot;orientation&quot;:&quot;0&quot;}\" data-image-title=\"P1430765 Wolfgruber &amp;#8211; Foto TJ Krebs\" data-image-description=\"\" data-medium-file=\"https:\/\/i0.wp.com\/www.jazzzeitung.de\/cms\/wp-content\/uploads\/2017\/07\/P1430765-Wolfgruber-Foto-TJ-Krebs.jpg?fit=200%2C300&#038;ssl=1\" data-large-file=\"https:\/\/i0.wp.com\/www.jazzzeitung.de\/cms\/wp-content\/uploads\/2017\/07\/P1430765-Wolfgruber-Foto-TJ-Krebs.jpg?fit=400%2C600&#038;ssl=1\" src=\"https:\/\/i0.wp.com\/www.jazzzeitung.de\/cms\/wp-content\/uploads\/2017\/07\/P1430765-Wolfgruber-Foto-TJ-Krebs.jpg?w=426&#038;h=639&#038;ssl=1\" srcset=\"https:\/\/i0.wp.com\/www.jazzzeitung.de\/cms\/wp-content\/uploads\/2017\/07\/P1430765-Wolfgruber-Foto-TJ-Krebs.jpg?w=1200&amp;ssl=1 1200w, https:\/\/i0.wp.com\/www.jazzzeitung.de\/cms\/wp-content\/uploads\/2017\/07\/P1430765-Wolfgruber-Foto-TJ-Krebs.jpg?resize=200%2C300&amp;ssl=1 200w, https:\/\/i0.wp.com\/www.jazzzeitung.de\/cms\/wp-content\/uploads\/2017\/07\/P1430765-Wolfgruber-Foto-TJ-Krebs.jpg?resize=768%2C1152&amp;ssl=1 768w, https:\/\/i0.wp.com\/www.jazzzeitung.de\/cms\/wp-content\/uploads\/2017\/07\/P1430765-Wolfgruber-Foto-TJ-Krebs.jpg?resize=400%2C600&amp;ssl=1 400w\" width=\"426\" height=\"639\" loading=\"lazy\" data-original-width=\"426\" data-original-height=\"639\" itemprop=\"http:\/\/schema.org\/image\" title=\"P1430765 Wolfgruber - Foto TJ Krebs\" alt=\"Sebastian Wolfgruber. Foto: Thomas J. Krebs\" style=\"width: 426px; height: 639px;\" \/> <\/a> <div class=\"tiled-gallery-caption\" itemprop=\"caption description\"> Sebastian Wolfgruber. Foto: Thomas J. Krebs <\/div> <\/div> <\/div> <!-- close group --> <div class=\"gallery-group images-2\" style=\"width: 410px; height: 643px;\" data-original-width=\"410\" data-original-height=\"643\" > <div class=\"tiled-gallery-item tiled-gallery-item-large\" itemprop=\"associatedMedia\" itemscope itemtype=\"http:\/\/schema.org\/ImageObject\"> <a href=\"https:\/\/www.jazzzeitung.de\/cms\/2017\/07\/leo-betzl-absolvierte-seine-master-abschlusspruefung-in-der-unterfahrt\/p1430677-betzl-foto-tj-krebs\/\" border=\"0\" itemprop=\"url\"> <meta itemprop=\"width\" content=\"406\"> <meta itemprop=\"height\" content=\"364\"> <img decoding=\"async\" class=\"\" data-attachment-id=\"12885\" data-orig-file=\"https:\/\/www.jazzzeitung.de\/cms\/wp-content\/uploads\/2017\/07\/P1430677-Betzl-Foto-TJ-Krebs-e1499255215481.jpg\" data-orig-size=\"1191,1066\" data-comments-opened=\"1\" data-image-meta=\"{&quot;aperture&quot;:&quot;0&quot;,&quot;credit&quot;:&quot;&quot;,&quot;camera&quot;:&quot;&quot;,&quot;caption&quot;:&quot;&quot;,&quot;created_timestamp&quot;:&quot;0&quot;,&quot;copyright&quot;:&quot;&quot;,&quot;focal_length&quot;:&quot;0&quot;,&quot;iso&quot;:&quot;0&quot;,&quot;shutter_speed&quot;:&quot;0&quot;,&quot;title&quot;:&quot;&quot;,&quot;orientation&quot;:&quot;0&quot;}\" data-image-title=\"P1430677 Betzl &amp;#8211; Foto TJ Krebs\" data-image-description=\"\" data-medium-file=\"https:\/\/i0.wp.com\/www.jazzzeitung.de\/cms\/wp-content\/uploads\/2017\/07\/P1430677-Betzl-Foto-TJ-Krebs-e1499255215481.jpg?fit=300%2C269&#038;ssl=1\" data-large-file=\"https:\/\/i0.wp.com\/www.jazzzeitung.de\/cms\/wp-content\/uploads\/2017\/07\/P1430677-Betzl-Foto-TJ-Krebs-e1499255215481.jpg?fit=670%2C600&#038;ssl=1\" src=\"https:\/\/i0.wp.com\/www.jazzzeitung.de\/cms\/wp-content\/uploads\/2017\/07\/P1430677-Betzl-Foto-TJ-Krebs-e1499255215481.jpg?w=406&#038;h=364&#038;ssl=1\" srcset=\"https:\/\/i0.wp.com\/www.jazzzeitung.de\/cms\/wp-content\/uploads\/2017\/07\/P1430677-Betzl-Foto-TJ-Krebs-e1499255215481.jpg?w=1191&amp;ssl=1 1191w, https:\/\/i0.wp.com\/www.jazzzeitung.de\/cms\/wp-content\/uploads\/2017\/07\/P1430677-Betzl-Foto-TJ-Krebs-e1499255215481.jpg?resize=300%2C269&amp;ssl=1 300w, https:\/\/i0.wp.com\/www.jazzzeitung.de\/cms\/wp-content\/uploads\/2017\/07\/P1430677-Betzl-Foto-TJ-Krebs-e1499255215481.jpg?resize=768%2C687&amp;ssl=1 768w, https:\/\/i0.wp.com\/www.jazzzeitung.de\/cms\/wp-content\/uploads\/2017\/07\/P1430677-Betzl-Foto-TJ-Krebs-e1499255215481.jpg?resize=670%2C600&amp;ssl=1 670w\" width=\"406\" height=\"364\" loading=\"lazy\" data-original-width=\"406\" data-original-height=\"364\" itemprop=\"http:\/\/schema.org\/image\" title=\"P1430677 Betzl - Foto TJ Krebs\" alt=\"Leo Betzl. Foto: Thomas J. Krebs\" style=\"width: 406px; height: 364px;\" \/> <\/a> <div class=\"tiled-gallery-caption\" itemprop=\"caption description\"> Leo Betzl. Foto: Thomas J. Krebs <\/div> <\/div> <div class=\"tiled-gallery-item tiled-gallery-item-large\" itemprop=\"associatedMedia\" itemscope itemtype=\"http:\/\/schema.org\/ImageObject\"> <a href=\"https:\/\/www.jazzzeitung.de\/cms\/2017\/07\/leo-betzl-absolvierte-seine-master-abschlusspruefung-in-der-unterfahrt\/p1430577-betzl-haende-foto-tj-krebs\/\" border=\"0\" itemprop=\"url\"> <meta itemprop=\"width\" content=\"406\"> <meta itemprop=\"height\" content=\"271\"> <img decoding=\"async\" class=\"\" data-attachment-id=\"12883\" data-orig-file=\"https:\/\/www.jazzzeitung.de\/cms\/wp-content\/uploads\/2017\/07\/P1430577-Betzl-H\u00e4nde-Foto-TJ-Krebs.jpg\" data-orig-size=\"1800,1200\" data-comments-opened=\"1\" data-image-meta=\"{&quot;aperture&quot;:&quot;0&quot;,&quot;credit&quot;:&quot;&quot;,&quot;camera&quot;:&quot;&quot;,&quot;caption&quot;:&quot;&quot;,&quot;created_timestamp&quot;:&quot;0&quot;,&quot;copyright&quot;:&quot;&quot;,&quot;focal_length&quot;:&quot;0&quot;,&quot;iso&quot;:&quot;0&quot;,&quot;shutter_speed&quot;:&quot;0&quot;,&quot;title&quot;:&quot;&quot;,&quot;orientation&quot;:&quot;0&quot;}\" data-image-title=\"P1430577 Betzl H\u00e4nde &amp;#8211; Foto TJ Krebs\" data-image-description=\"\" data-medium-file=\"https:\/\/i0.wp.com\/www.jazzzeitung.de\/cms\/wp-content\/uploads\/2017\/07\/P1430577-Betzl-H%C3%A4nde-Foto-TJ-Krebs.jpg?fit=300%2C200&#038;ssl=1\" data-large-file=\"https:\/\/i0.wp.com\/www.jazzzeitung.de\/cms\/wp-content\/uploads\/2017\/07\/P1430577-Betzl-H%C3%A4nde-Foto-TJ-Krebs.jpg?fit=840%2C560&#038;ssl=1\" src=\"https:\/\/i0.wp.com\/www.jazzzeitung.de\/cms\/wp-content\/uploads\/2017\/07\/P1430577-Betzl-H%C3%A4nde-Foto-TJ-Krebs.jpg?w=406&#038;h=271&#038;ssl=1\" width=\"406\" height=\"271\" loading=\"lazy\" data-original-width=\"406\" data-original-height=\"271\" itemprop=\"http:\/\/schema.org\/image\" title=\"P1430577 Betzl H\u00e4nde - Foto TJ Krebs\" alt=\"Foto: Thomas J. Krebs\" style=\"width: 406px; height: 271px;\" \/> <\/a> <div class=\"tiled-gallery-caption\" itemprop=\"caption description\"> Foto: Thomas J. Krebs <\/div> <\/div> <\/div> <!-- close group --> <\/div> <!-- close row --> <\/div>\n<p>Leo Betzl ging in die pianistischen Vollen und \u00fcberzeugte auf ganzer Linie. Komplett losgel\u00f6st pr\u00e4sentierte er mit dem Trio Standards, ausgew\u00e4hlte St\u00fccke wie Eigenkompositionen, spielte die Themen an, zerlegte diese virtuos, um sie danach spielerisch geschickt wieder zusammen zu f\u00fcgen. Beeindruckende Arrangements, die er dem Publikum und der Jury darbot. Maximilian Hirning begab sich dann auf komplett anderes Terrain: er spielte das komplette zweite Set technoiden Jazz, mit erfrischender Dynamik, abwechslungsreichen Clustern und mit von Sebastian Wolfgruber verbl\u00fcffend gespielten, klar strukturierten Technorhythmen ohne elektronische Zus\u00e4tze. Hirning spannte einen energiegeladenen musikalischen Bogen mit facettenreichem, analogen Bassspiel. Zwei wunderbare, komplett unterschiedliche, begeisternde Sets\u00a0 &#8211;\u00a0 Gratulor!<\/p>\n<p>&nbsp;<\/p>\n<p>Text und Fotos: TJ Krebs<\/p>\n","protected":false},"excerpt":{"rendered":"<p>Nicht einfach nur ein Konzert mit dem Leo Betzl Trio &#8211; an diesem Abend ging es um die Wurst: f\u00fcr Leo Betzl, der an diesem Abend im ersten Set seine Master-Abschlusspr\u00fcfung an der Hochschule f\u00fcr Musik und Theater M\u00fcnchen bestritt und f\u00fcr Maximilian Hirning, der im zweiten Set seine Master-Zwischenpr\u00fcfung absolvierte. Bereits der Soundcheck war tiefenentspannt und souver\u00e4n. Es wurde geprobt, letztlich noch ein wenig am Sound gefeilt \u2013 das war\u2019s. Alles Weitere passte! Was das Trio dann im Konzert ablieferte war ebenso fantastisch wie atemberaubend! Leo Betzl ging in die pianistischen Vollen und \u00fcberzeugte auf ganzer Linie. Komplett losgel\u00f6st pr\u00e4sentierte er mit dem Trio Standards, ausgew\u00e4hlte St\u00fccke wie Eigenkompositionen, spielte die Themen an, zerlegte diese virtuos, um sie danach spielerisch geschickt wieder zusammen zu f\u00fcgen. Beeindruckende Arrangements, die er dem Publikum und der Jury darbot. Maximilian Hirning begab sich dann auf komplett anderes Terrain: er spielte das komplette zweite Set technoiden Jazz, mit erfrischender Dynamik, abwechslungsreichen Clustern und mit von Sebastian Wolfgruber verbl\u00fcffend gespielten, klar strukturierten Technorhythmen ohne elektronische Zus\u00e4tze. Hirning spannte einen energiegeladenen musikalischen Bogen mit facettenreichem, analogen Bassspiel. Zwei wunderbare, komplett unterschiedliche, &hellip;<\/p>\n","protected":false},"author":18,"featured_media":12885,"comment_status":"open","ping_status":"closed","sticky":false,"template":"","format":"gallery","meta":{"_jetpack_memberships_contains_paid_content":false,"footnotes":"","jetpack_publicize_message":"","jetpack_publicize_feature_enabled":true,"jetpack_social_post_already_shared":false,"jetpack_social_options":{"image_generator_settings":{"template":"highway","default_image_id":0,"font":"","enabled":false},"version":2}},"categories":[1053],"tags":[1319,226,322,1418,1306,401,1417,1275,1356,573],"coauthors":[695],"class_list":["post-12876","post","type-post","status-publish","format-gallery","has-post-thumbnail","hentry","category-bericht","tag-betzl","tag-hochschule-fuer-musik-und-theater","tag-konzert-2","tag-krebs","tag-leo-betzl","tag-muenchen","tag-tj","tag-tj-krebs","tag-trio","tag-unterfahrt","post_format-post-format-gallery"],"yoast_head":"<!-- This site is optimized with the Yoast SEO plugin v27.5 - https:\/\/yoast.com\/product\/yoast-seo-wordpress\/ -->\n<title>Leo Betzl absolvierte seine Master-Abschlusspr\u00fcfung in der Unterfahrt - JazzZeitung<\/title>\n<meta name=\"robots\" content=\"index, follow, max-snippet:-1, max-image-preview:large, max-video-preview:-1\" \/>\n<link rel=\"canonical\" href=\"https:\/\/www.jazzzeitung.de\/cms\/2017\/07\/leo-betzl-absolvierte-seine-master-abschlusspruefung-in-der-unterfahrt\/\" \/>\n<meta property=\"og:locale\" content=\"de_DE\" \/>\n<meta property=\"og:type\" content=\"article\" \/>\n<meta property=\"og:title\" content=\"Leo Betzl absolvierte seine Master-Abschlusspr\u00fcfung in der Unterfahrt - JazzZeitung\" \/>\n<meta property=\"og:description\" content=\"Nicht einfach nur ein Konzert mit dem Leo Betzl Trio &#8211; an diesem Abend ging es um die Wurst: f\u00fcr Leo Betzl, der an diesem Abend im ersten Set seine Master-Abschlusspr\u00fcfung an der Hochschule f\u00fcr Musik und Theater M\u00fcnchen bestritt und f\u00fcr Maximilian Hirning, der im zweiten Set seine Master-Zwischenpr\u00fcfung absolvierte. Bereits der Soundcheck war tiefenentspannt und souver\u00e4n. Es wurde geprobt, letztlich noch ein wenig am Sound gefeilt \u2013 das war\u2019s. Alles Weitere passte! Was das Trio dann im Konzert ablieferte war ebenso fantastisch wie atemberaubend! Leo Betzl ging in die pianistischen Vollen und \u00fcberzeugte auf ganzer Linie. Komplett losgel\u00f6st pr\u00e4sentierte er mit dem Trio Standards, ausgew\u00e4hlte St\u00fccke wie Eigenkompositionen, spielte die Themen an, zerlegte diese virtuos, um sie danach spielerisch geschickt wieder zusammen zu f\u00fcgen. Beeindruckende Arrangements, die er dem Publikum und der Jury darbot. Maximilian Hirning begab sich dann auf komplett anderes Terrain: er spielte das komplette zweite Set technoiden Jazz, mit erfrischender Dynamik, abwechslungsreichen Clustern und mit von Sebastian Wolfgruber verbl\u00fcffend gespielten, klar strukturierten Technorhythmen ohne elektronische Zus\u00e4tze. Hirning spannte einen energiegeladenen musikalischen Bogen mit facettenreichem, analogen Bassspiel. Zwei wunderbare, komplett unterschiedliche, &hellip;\" \/>\n<meta property=\"og:url\" content=\"https:\/\/www.jazzzeitung.de\/cms\/2017\/07\/leo-betzl-absolvierte-seine-master-abschlusspruefung-in-der-unterfahrt\/\" \/>\n<meta property=\"og:site_name\" content=\"JazzZeitung\" \/>\n<meta property=\"article:publisher\" content=\"https:\/\/www.facebook.com\/JazzZeitung\/\" \/>\n<meta property=\"article:published_time\" content=\"2017-07-05T06:33:06+00:00\" \/>\n<meta property=\"article:modified_time\" content=\"2017-07-05T11:47:16+00:00\" \/>\n<meta property=\"og:image\" content=\"https:\/\/i0.wp.com\/www.jazzzeitung.de\/cms\/wp-content\/uploads\/2017\/07\/P1430677-Betzl-Foto-TJ-Krebs-e1499255215481.jpg?fit=1191%2C1066&ssl=1\" \/>\n\t<meta property=\"og:image:width\" content=\"1191\" \/>\n\t<meta property=\"og:image:height\" content=\"1066\" \/>\n\t<meta property=\"og:image:type\" content=\"image\/jpeg\" \/>\n<meta name=\"author\" content=\"Redaktion JazzZeitung\" \/>\n<script type=\"application\/ld+json\" class=\"yoast-schema-graph\">{\"@context\":\"https:\\\/\\\/schema.org\",\"@graph\":[{\"@type\":\"Article\",\"@id\":\"https:\\\/\\\/www.jazzzeitung.de\\\/cms\\\/2017\\\/07\\\/leo-betzl-absolvierte-seine-master-abschlusspruefung-in-der-unterfahrt\\\/#article\",\"isPartOf\":{\"@id\":\"https:\\\/\\\/www.jazzzeitung.de\\\/cms\\\/2017\\\/07\\\/leo-betzl-absolvierte-seine-master-abschlusspruefung-in-der-unterfahrt\\\/\"},\"author\":{\"name\":\"Redaktion JazzZeitung\",\"@id\":\"https:\\\/\\\/www.jazzzeitung.de\\\/cms\\\/#\\\/schema\\\/person\\\/2245b36b9cd1d24cea10f01c031fb92b\"},\"headline\":\"Leo Betzl absolvierte seine Master-Abschlusspr\u00fcfung in der Unterfahrt\",\"datePublished\":\"2017-07-05T06:33:06+00:00\",\"dateModified\":\"2017-07-05T11:47:16+00:00\",\"mainEntityOfPage\":{\"@id\":\"https:\\\/\\\/www.jazzzeitung.de\\\/cms\\\/2017\\\/07\\\/leo-betzl-absolvierte-seine-master-abschlusspruefung-in-der-unterfahrt\\\/\"},\"wordCount\":222,\"commentCount\":0,\"publisher\":{\"@id\":\"https:\\\/\\\/www.jazzzeitung.de\\\/cms\\\/#organization\"},\"image\":{\"@id\":\"https:\\\/\\\/www.jazzzeitung.de\\\/cms\\\/2017\\\/07\\\/leo-betzl-absolvierte-seine-master-abschlusspruefung-in-der-unterfahrt\\\/#primaryimage\"},\"thumbnailUrl\":\"https:\\\/\\\/i0.wp.com\\\/www.jazzzeitung.de\\\/cms\\\/wp-content\\\/uploads\\\/2017\\\/07\\\/P1430677-Betzl-Foto-TJ-Krebs-e1499255215481.jpg?fit=1191%2C1066&ssl=1\",\"keywords\":[\"betzl\",\"Hochschule f\u00fcr Musik und Theater\",\"Konzert\",\"krebs\",\"Leo Betzl\",\"M\u00fcnchen\",\"tj\",\"TJ Krebs\",\"trio\",\"Unterfahrt\"],\"articleSection\":[\"Bericht\"],\"inLanguage\":\"de\",\"potentialAction\":[{\"@type\":\"CommentAction\",\"name\":\"Comment\",\"target\":[\"https:\\\/\\\/www.jazzzeitung.de\\\/cms\\\/2017\\\/07\\\/leo-betzl-absolvierte-seine-master-abschlusspruefung-in-der-unterfahrt\\\/#respond\"]}]},{\"@type\":\"WebPage\",\"@id\":\"https:\\\/\\\/www.jazzzeitung.de\\\/cms\\\/2017\\\/07\\\/leo-betzl-absolvierte-seine-master-abschlusspruefung-in-der-unterfahrt\\\/\",\"url\":\"https:\\\/\\\/www.jazzzeitung.de\\\/cms\\\/2017\\\/07\\\/leo-betzl-absolvierte-seine-master-abschlusspruefung-in-der-unterfahrt\\\/\",\"name\":\"Leo Betzl absolvierte seine Master-Abschlusspr\u00fcfung in der Unterfahrt - JazzZeitung\",\"isPartOf\":{\"@id\":\"https:\\\/\\\/www.jazzzeitung.de\\\/cms\\\/#website\"},\"primaryImageOfPage\":{\"@id\":\"https:\\\/\\\/www.jazzzeitung.de\\\/cms\\\/2017\\\/07\\\/leo-betzl-absolvierte-seine-master-abschlusspruefung-in-der-unterfahrt\\\/#primaryimage\"},\"image\":{\"@id\":\"https:\\\/\\\/www.jazzzeitung.de\\\/cms\\\/2017\\\/07\\\/leo-betzl-absolvierte-seine-master-abschlusspruefung-in-der-unterfahrt\\\/#primaryimage\"},\"thumbnailUrl\":\"https:\\\/\\\/i0.wp.com\\\/www.jazzzeitung.de\\\/cms\\\/wp-content\\\/uploads\\\/2017\\\/07\\\/P1430677-Betzl-Foto-TJ-Krebs-e1499255215481.jpg?fit=1191%2C1066&ssl=1\",\"datePublished\":\"2017-07-05T06:33:06+00:00\",\"dateModified\":\"2017-07-05T11:47:16+00:00\",\"breadcrumb\":{\"@id\":\"https:\\\/\\\/www.jazzzeitung.de\\\/cms\\\/2017\\\/07\\\/leo-betzl-absolvierte-seine-master-abschlusspruefung-in-der-unterfahrt\\\/#breadcrumb\"},\"inLanguage\":\"de\",\"potentialAction\":[{\"@type\":\"ReadAction\",\"target\":[\"https:\\\/\\\/www.jazzzeitung.de\\\/cms\\\/2017\\\/07\\\/leo-betzl-absolvierte-seine-master-abschlusspruefung-in-der-unterfahrt\\\/\"]}]},{\"@type\":\"ImageObject\",\"inLanguage\":\"de\",\"@id\":\"https:\\\/\\\/www.jazzzeitung.de\\\/cms\\\/2017\\\/07\\\/leo-betzl-absolvierte-seine-master-abschlusspruefung-in-der-unterfahrt\\\/#primaryimage\",\"url\":\"https:\\\/\\\/i0.wp.com\\\/www.jazzzeitung.de\\\/cms\\\/wp-content\\\/uploads\\\/2017\\\/07\\\/P1430677-Betzl-Foto-TJ-Krebs-e1499255215481.jpg?fit=1191%2C1066&ssl=1\",\"contentUrl\":\"https:\\\/\\\/i0.wp.com\\\/www.jazzzeitung.de\\\/cms\\\/wp-content\\\/uploads\\\/2017\\\/07\\\/P1430677-Betzl-Foto-TJ-Krebs-e1499255215481.jpg?fit=1191%2C1066&ssl=1\",\"width\":1191,\"height\":1066,\"caption\":\"Leo Betzl. Foto: Thomas J. Krebs\"},{\"@type\":\"BreadcrumbList\",\"@id\":\"https:\\\/\\\/www.jazzzeitung.de\\\/cms\\\/2017\\\/07\\\/leo-betzl-absolvierte-seine-master-abschlusspruefung-in-der-unterfahrt\\\/#breadcrumb\",\"itemListElement\":[{\"@type\":\"ListItem\",\"position\":1,\"name\":\"Startseite\",\"item\":\"https:\\\/\\\/www.jazzzeitung.de\\\/cms\\\/\"},{\"@type\":\"ListItem\",\"position\":2,\"name\":\"Leo Betzl absolvierte seine Master-Abschlusspr\u00fcfung in der Unterfahrt\"}]},{\"@type\":\"WebSite\",\"@id\":\"https:\\\/\\\/www.jazzzeitung.de\\\/cms\\\/#website\",\"url\":\"https:\\\/\\\/www.jazzzeitung.de\\\/cms\\\/\",\"name\":\"JazzZeitung\",\"description\":\"Jazz-News und Jazz-Kontroverses\",\"publisher\":{\"@id\":\"https:\\\/\\\/www.jazzzeitung.de\\\/cms\\\/#organization\"},\"potentialAction\":[{\"@type\":\"SearchAction\",\"target\":{\"@type\":\"EntryPoint\",\"urlTemplate\":\"https:\\\/\\\/www.jazzzeitung.de\\\/cms\\\/?s={search_term_string}\"},\"query-input\":{\"@type\":\"PropertyValueSpecification\",\"valueRequired\":true,\"valueName\":\"search_term_string\"}}],\"inLanguage\":\"de\"},{\"@type\":\"Organization\",\"@id\":\"https:\\\/\\\/www.jazzzeitung.de\\\/cms\\\/#organization\",\"name\":\"JazzZeitung online\",\"url\":\"https:\\\/\\\/www.jazzzeitung.de\\\/cms\\\/\",\"logo\":{\"@type\":\"ImageObject\",\"inLanguage\":\"de\",\"@id\":\"https:\\\/\\\/www.jazzzeitung.de\\\/cms\\\/#\\\/schema\\\/logo\\\/image\\\/\",\"url\":\"https:\\\/\\\/i0.wp.com\\\/www.jazzzeitung.de\\\/cms\\\/wp-content\\\/uploads\\\/2015\\\/08\\\/JAZZZEITUNGDE_Logo_Neu.png?fit=499%2C200&ssl=1\",\"contentUrl\":\"https:\\\/\\\/i0.wp.com\\\/www.jazzzeitung.de\\\/cms\\\/wp-content\\\/uploads\\\/2015\\\/08\\\/JAZZZEITUNGDE_Logo_Neu.png?fit=499%2C200&ssl=1\",\"width\":499,\"height\":200,\"caption\":\"JazzZeitung online\"},\"image\":{\"@id\":\"https:\\\/\\\/www.jazzzeitung.de\\\/cms\\\/#\\\/schema\\\/logo\\\/image\\\/\"},\"sameAs\":[\"https:\\\/\\\/www.facebook.com\\\/JazzZeitung\\\/\"]},{\"@type\":\"Person\",\"@id\":\"https:\\\/\\\/www.jazzzeitung.de\\\/cms\\\/#\\\/schema\\\/person\\\/2245b36b9cd1d24cea10f01c031fb92b\",\"name\":\"Redaktion JazzZeitung\",\"image\":{\"@type\":\"ImageObject\",\"inLanguage\":\"de\",\"@id\":\"https:\\\/\\\/i0.wp.com\\\/www.jazzzeitung.de\\\/cms\\\/wp-content\\\/uploads\\\/2015\\\/08\\\/JAZZZEITUNGDE_Logo_Neu.png?resize=96%2C96&ssl=159975dcacb611b5700bd619b5daf0a7a\",\"url\":\"https:\\\/\\\/i0.wp.com\\\/www.jazzzeitung.de\\\/cms\\\/wp-content\\\/uploads\\\/2015\\\/08\\\/JAZZZEITUNGDE_Logo_Neu.png?resize=96%2C96&ssl=1\",\"contentUrl\":\"https:\\\/\\\/i0.wp.com\\\/www.jazzzeitung.de\\\/cms\\\/wp-content\\\/uploads\\\/2015\\\/08\\\/JAZZZEITUNGDE_Logo_Neu.png?resize=96%2C96&ssl=1\",\"caption\":\"Redaktion JazzZeitung\"},\"description\":\"Artikel der Redaktion der JazzZeitung.\",\"sameAs\":[\"http:\\\/\\\/www.jazzzeitung.de\\\/cms\\\/\"],\"url\":\"https:\\\/\\\/www.jazzzeitung.de\\\/cms\\\/author\\\/redaktion\\\/\"}]}<\/script>\n<!-- \/ Yoast SEO plugin. -->","yoast_head_json":{"title":"Leo Betzl absolvierte seine Master-Abschlusspr\u00fcfung in der Unterfahrt - JazzZeitung","robots":{"index":"index","follow":"follow","max-snippet":"max-snippet:-1","max-image-preview":"max-image-preview:large","max-video-preview":"max-video-preview:-1"},"canonical":"https:\/\/www.jazzzeitung.de\/cms\/2017\/07\/leo-betzl-absolvierte-seine-master-abschlusspruefung-in-der-unterfahrt\/","og_locale":"de_DE","og_type":"article","og_title":"Leo Betzl absolvierte seine Master-Abschlusspr\u00fcfung in der Unterfahrt - JazzZeitung","og_description":"Nicht einfach nur ein Konzert mit dem Leo Betzl Trio &#8211; an diesem Abend ging es um die Wurst: f\u00fcr Leo Betzl, der an diesem Abend im ersten Set seine Master-Abschlusspr\u00fcfung an der Hochschule f\u00fcr Musik und Theater M\u00fcnchen bestritt und f\u00fcr Maximilian Hirning, der im zweiten Set seine Master-Zwischenpr\u00fcfung absolvierte. Bereits der Soundcheck war tiefenentspannt und souver\u00e4n. Es wurde geprobt, letztlich noch ein wenig am Sound gefeilt \u2013 das war\u2019s. Alles Weitere passte! Was das Trio dann im Konzert ablieferte war ebenso fantastisch wie atemberaubend! Leo Betzl ging in die pianistischen Vollen und \u00fcberzeugte auf ganzer Linie. Komplett losgel\u00f6st pr\u00e4sentierte er mit dem Trio Standards, ausgew\u00e4hlte St\u00fccke wie Eigenkompositionen, spielte die Themen an, zerlegte diese virtuos, um sie danach spielerisch geschickt wieder zusammen zu f\u00fcgen. Beeindruckende Arrangements, die er dem Publikum und der Jury darbot. Maximilian Hirning begab sich dann auf komplett anderes Terrain: er spielte das komplette zweite Set technoiden Jazz, mit erfrischender Dynamik, abwechslungsreichen Clustern und mit von Sebastian Wolfgruber verbl\u00fcffend gespielten, klar strukturierten Technorhythmen ohne elektronische Zus\u00e4tze. Hirning spannte einen energiegeladenen musikalischen Bogen mit facettenreichem, analogen Bassspiel. Zwei wunderbare, komplett unterschiedliche, &hellip;","og_url":"https:\/\/www.jazzzeitung.de\/cms\/2017\/07\/leo-betzl-absolvierte-seine-master-abschlusspruefung-in-der-unterfahrt\/","og_site_name":"JazzZeitung","article_publisher":"https:\/\/www.facebook.com\/JazzZeitung\/","article_published_time":"2017-07-05T06:33:06+00:00","article_modified_time":"2017-07-05T11:47:16+00:00","og_image":[{"width":1191,"height":1066,"url":"https:\/\/i0.wp.com\/www.jazzzeitung.de\/cms\/wp-content\/uploads\/2017\/07\/P1430677-Betzl-Foto-TJ-Krebs-e1499255215481.jpg?fit=1191%2C1066&ssl=1","type":"image\/jpeg"}],"author":"Redaktion JazzZeitung","schema":{"@context":"https:\/\/schema.org","@graph":[{"@type":"Article","@id":"https:\/\/www.jazzzeitung.de\/cms\/2017\/07\/leo-betzl-absolvierte-seine-master-abschlusspruefung-in-der-unterfahrt\/#article","isPartOf":{"@id":"https:\/\/www.jazzzeitung.de\/cms\/2017\/07\/leo-betzl-absolvierte-seine-master-abschlusspruefung-in-der-unterfahrt\/"},"author":{"name":"Redaktion JazzZeitung","@id":"https:\/\/www.jazzzeitung.de\/cms\/#\/schema\/person\/2245b36b9cd1d24cea10f01c031fb92b"},"headline":"Leo Betzl absolvierte seine Master-Abschlusspr\u00fcfung in der Unterfahrt","datePublished":"2017-07-05T06:33:06+00:00","dateModified":"2017-07-05T11:47:16+00:00","mainEntityOfPage":{"@id":"https:\/\/www.jazzzeitung.de\/cms\/2017\/07\/leo-betzl-absolvierte-seine-master-abschlusspruefung-in-der-unterfahrt\/"},"wordCount":222,"commentCount":0,"publisher":{"@id":"https:\/\/www.jazzzeitung.de\/cms\/#organization"},"image":{"@id":"https:\/\/www.jazzzeitung.de\/cms\/2017\/07\/leo-betzl-absolvierte-seine-master-abschlusspruefung-in-der-unterfahrt\/#primaryimage"},"thumbnailUrl":"https:\/\/i0.wp.com\/www.jazzzeitung.de\/cms\/wp-content\/uploads\/2017\/07\/P1430677-Betzl-Foto-TJ-Krebs-e1499255215481.jpg?fit=1191%2C1066&ssl=1","keywords":["betzl","Hochschule f\u00fcr Musik und Theater","Konzert","krebs","Leo Betzl","M\u00fcnchen","tj","TJ Krebs","trio","Unterfahrt"],"articleSection":["Bericht"],"inLanguage":"de","potentialAction":[{"@type":"CommentAction","name":"Comment","target":["https:\/\/www.jazzzeitung.de\/cms\/2017\/07\/leo-betzl-absolvierte-seine-master-abschlusspruefung-in-der-unterfahrt\/#respond"]}]},{"@type":"WebPage","@id":"https:\/\/www.jazzzeitung.de\/cms\/2017\/07\/leo-betzl-absolvierte-seine-master-abschlusspruefung-in-der-unterfahrt\/","url":"https:\/\/www.jazzzeitung.de\/cms\/2017\/07\/leo-betzl-absolvierte-seine-master-abschlusspruefung-in-der-unterfahrt\/","name":"Leo Betzl absolvierte seine Master-Abschlusspr\u00fcfung in der Unterfahrt - JazzZeitung","isPartOf":{"@id":"https:\/\/www.jazzzeitung.de\/cms\/#website"},"primaryImageOfPage":{"@id":"https:\/\/www.jazzzeitung.de\/cms\/2017\/07\/leo-betzl-absolvierte-seine-master-abschlusspruefung-in-der-unterfahrt\/#primaryimage"},"image":{"@id":"https:\/\/www.jazzzeitung.de\/cms\/2017\/07\/leo-betzl-absolvierte-seine-master-abschlusspruefung-in-der-unterfahrt\/#primaryimage"},"thumbnailUrl":"https:\/\/i0.wp.com\/www.jazzzeitung.de\/cms\/wp-content\/uploads\/2017\/07\/P1430677-Betzl-Foto-TJ-Krebs-e1499255215481.jpg?fit=1191%2C1066&ssl=1","datePublished":"2017-07-05T06:33:06+00:00","dateModified":"2017-07-05T11:47:16+00:00","breadcrumb":{"@id":"https:\/\/www.jazzzeitung.de\/cms\/2017\/07\/leo-betzl-absolvierte-seine-master-abschlusspruefung-in-der-unterfahrt\/#breadcrumb"},"inLanguage":"de","potentialAction":[{"@type":"ReadAction","target":["https:\/\/www.jazzzeitung.de\/cms\/2017\/07\/leo-betzl-absolvierte-seine-master-abschlusspruefung-in-der-unterfahrt\/"]}]},{"@type":"ImageObject","inLanguage":"de","@id":"https:\/\/www.jazzzeitung.de\/cms\/2017\/07\/leo-betzl-absolvierte-seine-master-abschlusspruefung-in-der-unterfahrt\/#primaryimage","url":"https:\/\/i0.wp.com\/www.jazzzeitung.de\/cms\/wp-content\/uploads\/2017\/07\/P1430677-Betzl-Foto-TJ-Krebs-e1499255215481.jpg?fit=1191%2C1066&ssl=1","contentUrl":"https:\/\/i0.wp.com\/www.jazzzeitung.de\/cms\/wp-content\/uploads\/2017\/07\/P1430677-Betzl-Foto-TJ-Krebs-e1499255215481.jpg?fit=1191%2C1066&ssl=1","width":1191,"height":1066,"caption":"Leo Betzl. Foto: Thomas J. Krebs"},{"@type":"BreadcrumbList","@id":"https:\/\/www.jazzzeitung.de\/cms\/2017\/07\/leo-betzl-absolvierte-seine-master-abschlusspruefung-in-der-unterfahrt\/#breadcrumb","itemListElement":[{"@type":"ListItem","position":1,"name":"Startseite","item":"https:\/\/www.jazzzeitung.de\/cms\/"},{"@type":"ListItem","position":2,"name":"Leo Betzl absolvierte seine Master-Abschlusspr\u00fcfung in der Unterfahrt"}]},{"@type":"WebSite","@id":"https:\/\/www.jazzzeitung.de\/cms\/#website","url":"https:\/\/www.jazzzeitung.de\/cms\/","name":"JazzZeitung","description":"Jazz-News und Jazz-Kontroverses","publisher":{"@id":"https:\/\/www.jazzzeitung.de\/cms\/#organization"},"potentialAction":[{"@type":"SearchAction","target":{"@type":"EntryPoint","urlTemplate":"https:\/\/www.jazzzeitung.de\/cms\/?s={search_term_string}"},"query-input":{"@type":"PropertyValueSpecification","valueRequired":true,"valueName":"search_term_string"}}],"inLanguage":"de"},{"@type":"Organization","@id":"https:\/\/www.jazzzeitung.de\/cms\/#organization","name":"JazzZeitung online","url":"https:\/\/www.jazzzeitung.de\/cms\/","logo":{"@type":"ImageObject","inLanguage":"de","@id":"https:\/\/www.jazzzeitung.de\/cms\/#\/schema\/logo\/image\/","url":"https:\/\/i0.wp.com\/www.jazzzeitung.de\/cms\/wp-content\/uploads\/2015\/08\/JAZZZEITUNGDE_Logo_Neu.png?fit=499%2C200&ssl=1","contentUrl":"https:\/\/i0.wp.com\/www.jazzzeitung.de\/cms\/wp-content\/uploads\/2015\/08\/JAZZZEITUNGDE_Logo_Neu.png?fit=499%2C200&ssl=1","width":499,"height":200,"caption":"JazzZeitung online"},"image":{"@id":"https:\/\/www.jazzzeitung.de\/cms\/#\/schema\/logo\/image\/"},"sameAs":["https:\/\/www.facebook.com\/JazzZeitung\/"]},{"@type":"Person","@id":"https:\/\/www.jazzzeitung.de\/cms\/#\/schema\/person\/2245b36b9cd1d24cea10f01c031fb92b","name":"Redaktion JazzZeitung","image":{"@type":"ImageObject","inLanguage":"de","@id":"https:\/\/i0.wp.com\/www.jazzzeitung.de\/cms\/wp-content\/uploads\/2015\/08\/JAZZZEITUNGDE_Logo_Neu.png?resize=96%2C96&ssl=159975dcacb611b5700bd619b5daf0a7a","url":"https:\/\/i0.wp.com\/www.jazzzeitung.de\/cms\/wp-content\/uploads\/2015\/08\/JAZZZEITUNGDE_Logo_Neu.png?resize=96%2C96&ssl=1","contentUrl":"https:\/\/i0.wp.com\/www.jazzzeitung.de\/cms\/wp-content\/uploads\/2015\/08\/JAZZZEITUNGDE_Logo_Neu.png?resize=96%2C96&ssl=1","caption":"Redaktion JazzZeitung"},"description":"Artikel der Redaktion der JazzZeitung.","sameAs":["http:\/\/www.jazzzeitung.de\/cms\/"],"url":"https:\/\/www.jazzzeitung.de\/cms\/author\/redaktion\/"}]}},"wp-worthy-pixel":{"ignored":false,"public":null,"server":null,"url":null},"wp-worthy-type":"normal","jetpack_publicize_connections":[],"cc_featured_image_caption":{"caption_text":false,"source_text":false,"source_url":false},"jetpack_featured_media_url":"https:\/\/i0.wp.com\/www.jazzzeitung.de\/cms\/wp-content\/uploads\/2017\/07\/P1430677-Betzl-Foto-TJ-Krebs-e1499255215481.jpg?fit=1191%2C1066&ssl=1","jetpack_shortlink":"https:\/\/wp.me\/p3KEcT-3lG","jetpack-related-posts":[{"id":21929,"url":"https:\/\/www.jazzzeitung.de\/cms\/2020\/02\/die-neue-lbt-doppel-cd-stereo\/","url_meta":{"origin":12876,"position":0},"title":"Die neue LBT Doppel-CD: Stereo","author":"Thomas J. Krebs","date":"17. Februar 2020","format":false,"excerpt":"LBT - was verbirgt sich hinter diesen Buchstaben? Eigentlich nichts anderes als ein Trio mit Klavier, Kontrabass und Schlagzeug. Aber nur auf den ersten Blick! Inhaltlich gehen die Drei komplett neue Wege. Leo Betzl am Piano, Sebastian Wolfgruber an den drums und der Bassist Maximilian Hirning brechen auf zu neuen\u2026","rel":"","context":"In &quot;Rezension&quot;","block_context":{"text":"Rezension","link":"https:\/\/www.jazzzeitung.de\/cms\/thema\/rezension\/"},"img":{"alt_text":"","src":"https:\/\/i0.wp.com\/www.jazzzeitung.de\/cms\/wp-content\/uploads\/2020\/02\/P1683978-LBT-pre-release-Foto-TJ-Krebs.jpg?fit=1200%2C671&ssl=1&resize=350%2C200","width":350,"height":200,"srcset":"https:\/\/i0.wp.com\/www.jazzzeitung.de\/cms\/wp-content\/uploads\/2020\/02\/P1683978-LBT-pre-release-Foto-TJ-Krebs.jpg?fit=1200%2C671&ssl=1&resize=350%2C200 1x, https:\/\/i0.wp.com\/www.jazzzeitung.de\/cms\/wp-content\/uploads\/2020\/02\/P1683978-LBT-pre-release-Foto-TJ-Krebs.jpg?fit=1200%2C671&ssl=1&resize=525%2C300 1.5x, https:\/\/i0.wp.com\/www.jazzzeitung.de\/cms\/wp-content\/uploads\/2020\/02\/P1683978-LBT-pre-release-Foto-TJ-Krebs.jpg?fit=1200%2C671&ssl=1&resize=700%2C400 2x, https:\/\/i0.wp.com\/www.jazzzeitung.de\/cms\/wp-content\/uploads\/2020\/02\/P1683978-LBT-pre-release-Foto-TJ-Krebs.jpg?fit=1200%2C671&ssl=1&resize=1050%2C600 3x"},"classes":[]},{"id":15908,"url":"https:\/\/www.jazzzeitung.de\/cms\/2018\/05\/die-finalisten-des-bmw-welt-jazz-award-2018-stehen-fest\/","url_meta":{"origin":12876,"position":1},"title":"BMW Welt Jazz Award: BartolomeyBittmann vs. LBT","author":"Redaktion JazzZeitung","date":"4. Mai 2018","format":false,"excerpt":"Die Finalisten des BMW Welt Jazz Award 2018 stehen fest Zum Finale des BMW Welt Jazz Awards, der in diesem Jahr sein zehnj\u00e4hriges Bestehen feiert, pr\u00e4sentieren sich LBT und BartolomeyBittmann progressive strings vienna im Auditorium der BMW Welt. Das Motto in diesem Jahr lautet \u201eJazz moves\u201c und so wird es\u2026","rel":"","context":"In &quot;News&quot;","block_context":{"text":"News","link":"https:\/\/www.jazzzeitung.de\/cms\/thema\/nachrichten\/"},"img":{"alt_text":"","src":"https:\/\/i0.wp.com\/www.jazzzeitung.de\/cms\/wp-content\/uploads\/2018\/04\/Beasdy-Belle-mit-ihrem-Sextett-im-Doppelkegel-Foto-TJ-Krebs-jazzphotoagency%40web.de_.jpg?fit=1200%2C800&ssl=1&resize=350%2C200","width":350,"height":200,"srcset":"https:\/\/i0.wp.com\/www.jazzzeitung.de\/cms\/wp-content\/uploads\/2018\/04\/Beasdy-Belle-mit-ihrem-Sextett-im-Doppelkegel-Foto-TJ-Krebs-jazzphotoagency%40web.de_.jpg?fit=1200%2C800&ssl=1&resize=350%2C200 1x, https:\/\/i0.wp.com\/www.jazzzeitung.de\/cms\/wp-content\/uploads\/2018\/04\/Beasdy-Belle-mit-ihrem-Sextett-im-Doppelkegel-Foto-TJ-Krebs-jazzphotoagency%40web.de_.jpg?fit=1200%2C800&ssl=1&resize=525%2C300 1.5x, https:\/\/i0.wp.com\/www.jazzzeitung.de\/cms\/wp-content\/uploads\/2018\/04\/Beasdy-Belle-mit-ihrem-Sextett-im-Doppelkegel-Foto-TJ-Krebs-jazzphotoagency%40web.de_.jpg?fit=1200%2C800&ssl=1&resize=700%2C400 2x, https:\/\/i0.wp.com\/www.jazzzeitung.de\/cms\/wp-content\/uploads\/2018\/04\/Beasdy-Belle-mit-ihrem-Sextett-im-Doppelkegel-Foto-TJ-Krebs-jazzphotoagency%40web.de_.jpg?fit=1200%2C800&ssl=1&resize=1050%2C600 3x"},"classes":[]},{"id":15114,"url":"https:\/\/www.jazzzeitung.de\/cms\/2018\/02\/das-leo-betzl-trio-legt-vor-der-bmw-welt-jazz-award-hat-begonnen\/","url_meta":{"origin":12876,"position":2},"title":"Das Leo Betzl Trio legt vor: der BMW Welt Jazz Award 2018 hat begonnen","author":"Redaktion JazzZeitung","date":"19. Februar 2018","format":false,"excerpt":"Gelungener\u00a0 Auftakt der neuen Competition \u201eBMW Welt Jazz Award\u201c mit dem Leo Betzl Trio. Mit akustischen Instrumenten fr\u00f6nten die drei bayerischen Spitzenmusiker ihrer gr\u00f6\u00dften Leidenschaft neben dem Jazz: dem Techno. Im wie immer vollbesetzten Doppelkegel der BMW Welt in M\u00fcnchen \u00a0schraubten sich technoide Jazzgrooves und\u00a0 verjazzter Techno in die futuristische\u2026","rel":"","context":"In &quot;News&quot;","block_context":{"text":"News","link":"https:\/\/www.jazzzeitung.de\/cms\/thema\/nachrichten\/"},"img":{"alt_text":"","src":"https:\/\/i0.wp.com\/www.jazzzeitung.de\/cms\/wp-content\/uploads\/2018\/02\/0K3A7694-Hirning-dombr.jpg?fit=1200%2C798&ssl=1&resize=350%2C200","width":350,"height":200,"srcset":"https:\/\/i0.wp.com\/www.jazzzeitung.de\/cms\/wp-content\/uploads\/2018\/02\/0K3A7694-Hirning-dombr.jpg?fit=1200%2C798&ssl=1&resize=350%2C200 1x, https:\/\/i0.wp.com\/www.jazzzeitung.de\/cms\/wp-content\/uploads\/2018\/02\/0K3A7694-Hirning-dombr.jpg?fit=1200%2C798&ssl=1&resize=525%2C300 1.5x, https:\/\/i0.wp.com\/www.jazzzeitung.de\/cms\/wp-content\/uploads\/2018\/02\/0K3A7694-Hirning-dombr.jpg?fit=1200%2C798&ssl=1&resize=700%2C400 2x, https:\/\/i0.wp.com\/www.jazzzeitung.de\/cms\/wp-content\/uploads\/2018\/02\/0K3A7694-Hirning-dombr.jpg?fit=1200%2C798&ssl=1&resize=1050%2C600 3x"},"classes":[]},{"id":16326,"url":"https:\/\/www.jazzzeitung.de\/cms\/2018\/06\/bmw-welt-jazz-award-2018-geht-an-das-leo-betzl-trio\/","url_meta":{"origin":12876,"position":3},"title":"Die Kunst der Improvisation gewinnt: Der BMW Welt Jazz Award 2018 geht an das Leo Betzl Trio","author":"Redaktion JazzZeitung","date":"11. Juni 2018","format":false,"excerpt":"\u00a0 Der zehnte BMW Welt Jazz Award fand nach einem au\u00dfergew\u00f6hnlichen Abschlusskonzert seinen Sieger: Das Trio LBT, bestehend aus Pianist Leo Betzl, Schlagzeuger Sebastian Wolfgruber und Bassist Maximilian Hirning setzte sich am Samstagabend gegen das Duo BartolomeyBittmann - progressive strings vienna durch. Den Hauptpreis \u00fcberreichte Nicolas Peter, Mitglied des Vorstands\u2026","rel":"","context":"In &quot;News&quot;","block_context":{"text":"News","link":"https:\/\/www.jazzzeitung.de\/cms\/thema\/nachrichten\/"},"img":{"alt_text":"","src":"https:\/\/i0.wp.com\/www.jazzzeitung.de\/cms\/wp-content\/uploads\/2018\/06\/0K3A1544-Award-und-LBT-dombr.jpg?fit=1200%2C800&ssl=1&resize=350%2C200","width":350,"height":200,"srcset":"https:\/\/i0.wp.com\/www.jazzzeitung.de\/cms\/wp-content\/uploads\/2018\/06\/0K3A1544-Award-und-LBT-dombr.jpg?fit=1200%2C800&ssl=1&resize=350%2C200 1x, https:\/\/i0.wp.com\/www.jazzzeitung.de\/cms\/wp-content\/uploads\/2018\/06\/0K3A1544-Award-und-LBT-dombr.jpg?fit=1200%2C800&ssl=1&resize=525%2C300 1.5x, https:\/\/i0.wp.com\/www.jazzzeitung.de\/cms\/wp-content\/uploads\/2018\/06\/0K3A1544-Award-und-LBT-dombr.jpg?fit=1200%2C800&ssl=1&resize=700%2C400 2x, https:\/\/i0.wp.com\/www.jazzzeitung.de\/cms\/wp-content\/uploads\/2018\/06\/0K3A1544-Award-und-LBT-dombr.jpg?fit=1200%2C800&ssl=1&resize=1050%2C600 3x"},"classes":[]},{"id":10657,"url":"https:\/\/www.jazzzeitung.de\/cms\/2016\/10\/veteranentreff-mit-hipnessfaktor-beim-1-landesjazzfestival-bayern-in-regensburg\/","url_meta":{"origin":12876,"position":4},"title":"Veteranentreff mit Hipnessfaktor beim 1. Landesjazzfestival Bayern in Regensburg","author":"Redaktion JazzZeitung","date":"27. Oktober 2016","format":false,"excerpt":"Ein wahres Feuerwerk, um einmal die abgegriffene Metapher zu nutzen, hat der amerikanische Gitarrist John Scofield am letzten Abend des 1. Bayerischen Landes-Jazzfestivals in Regensburg abgebrannt. Im Velodrom, einem Baudenkmal, bestritt er im Quartett mit Larry Goldings (p, org), Altmeister Steve Swallow am E-Bass und Youngster Bill Stewart (dr) ein\u2026","rel":"","context":"In &quot;Bericht&quot;","block_context":{"text":"Bericht","link":"https:\/\/www.jazzzeitung.de\/cms\/thema\/bericht\/"},"img":{"alt_text":"","src":"https:\/\/i0.wp.com\/www.jazzzeitung.de\/cms\/wp-content\/uploads\/2016\/10\/Betzl-Trio_55.jpg?resize=350%2C200","width":350,"height":200,"srcset":"https:\/\/i0.wp.com\/www.jazzzeitung.de\/cms\/wp-content\/uploads\/2016\/10\/Betzl-Trio_55.jpg?resize=350%2C200 1x, https:\/\/i0.wp.com\/www.jazzzeitung.de\/cms\/wp-content\/uploads\/2016\/10\/Betzl-Trio_55.jpg?resize=525%2C300 1.5x, https:\/\/i0.wp.com\/www.jazzzeitung.de\/cms\/wp-content\/uploads\/2016\/10\/Betzl-Trio_55.jpg?resize=700%2C400 2x, https:\/\/i0.wp.com\/www.jazzzeitung.de\/cms\/wp-content\/uploads\/2016\/10\/Betzl-Trio_55.jpg?resize=1050%2C600 3x, https:\/\/i0.wp.com\/www.jazzzeitung.de\/cms\/wp-content\/uploads\/2016\/10\/Betzl-Trio_55.jpg?resize=1400%2C800 4x"},"classes":[]},{"id":21391,"url":"https:\/\/www.jazzzeitung.de\/cms\/2019\/12\/das-gespuer-fuer-den-richtigen-moment-leo-betzls-klaviertrio-erobert-den-techno\/","url_meta":{"origin":12876,"position":5},"title":"Das Gesp\u00fcr f\u00fcr den richtigen Moment: Leo Betzls Klaviertrio erobert den Techno","author":"Redaktion JazzZeitung","date":"4. Dezember 2019","format":false,"excerpt":"Text und Fotos von Stefan Pieper. Erst war es f\u00fcr das M\u00fcnchener Leo-Betzl-Trio nur ein Experiment, mal eine \u201eTechno-Nummer\u201c ins Programm zu nehmen. Mittlerweile ist ein ganzes Abendprogramm und eine ganze CD daraus hervorgegangen. Und was im Januar beim Jazzfestival M\u00fcnster noch etwas kammermusikalisch- verhalten vonstatten ging, entfesselt ein knappes\u2026","rel":"","context":"In &quot;Bericht&quot;","block_context":{"text":"Bericht","link":"https:\/\/www.jazzzeitung.de\/cms\/thema\/bericht\/"},"img":{"alt_text":"","src":"https:\/\/i0.wp.com\/www.jazzzeitung.de\/cms\/wp-content\/uploads\/2019\/12\/DSC02259-scaled.jpg?fit=1094%2C1200&ssl=1&resize=350%2C200","width":350,"height":200,"srcset":"https:\/\/i0.wp.com\/www.jazzzeitung.de\/cms\/wp-content\/uploads\/2019\/12\/DSC02259-scaled.jpg?fit=1094%2C1200&ssl=1&resize=350%2C200 1x, https:\/\/i0.wp.com\/www.jazzzeitung.de\/cms\/wp-content\/uploads\/2019\/12\/DSC02259-scaled.jpg?fit=1094%2C1200&ssl=1&resize=525%2C300 1.5x, https:\/\/i0.wp.com\/www.jazzzeitung.de\/cms\/wp-content\/uploads\/2019\/12\/DSC02259-scaled.jpg?fit=1094%2C1200&ssl=1&resize=700%2C400 2x, https:\/\/i0.wp.com\/www.jazzzeitung.de\/cms\/wp-content\/uploads\/2019\/12\/DSC02259-scaled.jpg?fit=1094%2C1200&ssl=1&resize=1050%2C600 3x"},"classes":[]}],"jetpack_sharing_enabled":true,"_links":{"self":[{"href":"https:\/\/www.jazzzeitung.de\/cms\/wp-json\/wp\/v2\/posts\/12876","targetHints":{"allow":["GET"]}}],"collection":[{"href":"https:\/\/www.jazzzeitung.de\/cms\/wp-json\/wp\/v2\/posts"}],"about":[{"href":"https:\/\/www.jazzzeitung.de\/cms\/wp-json\/wp\/v2\/types\/post"}],"author":[{"embeddable":true,"href":"https:\/\/www.jazzzeitung.de\/cms\/wp-json\/wp\/v2\/users\/18"}],"replies":[{"embeddable":true,"href":"https:\/\/www.jazzzeitung.de\/cms\/wp-json\/wp\/v2\/comments?post=12876"}],"version-history":[{"count":3,"href":"https:\/\/www.jazzzeitung.de\/cms\/wp-json\/wp\/v2\/posts\/12876\/revisions"}],"predecessor-version":[{"id":12894,"href":"https:\/\/www.jazzzeitung.de\/cms\/wp-json\/wp\/v2\/posts\/12876\/revisions\/12894"}],"wp:featuredmedia":[{"embeddable":true,"href":"https:\/\/www.jazzzeitung.de\/cms\/wp-json\/wp\/v2\/media\/12885"}],"wp:attachment":[{"href":"https:\/\/www.jazzzeitung.de\/cms\/wp-json\/wp\/v2\/media?parent=12876"}],"wp:term":[{"taxonomy":"category","embeddable":true,"href":"https:\/\/www.jazzzeitung.de\/cms\/wp-json\/wp\/v2\/categories?post=12876"},{"taxonomy":"post_tag","embeddable":true,"href":"https:\/\/www.jazzzeitung.de\/cms\/wp-json\/wp\/v2\/tags?post=12876"},{"taxonomy":"author","embeddable":true,"href":"https:\/\/www.jazzzeitung.de\/cms\/wp-json\/wp\/v2\/coauthors?post=12876"}],"curies":[{"name":"wp","href":"https:\/\/api.w.org\/{rel}","templated":true}]}}