{"id":12841,"date":"2017-06-28T15:44:22","date_gmt":"2017-06-28T13:44:22","guid":{"rendered":"https:\/\/www.jazzzeitung.de\/cms\/?p=12841"},"modified":"2017-07-03T11:15:24","modified_gmt":"2017-07-03T09:15:24","slug":"zum-tod-von-geri-allen","status":"publish","type":"post","link":"https:\/\/www.jazzzeitung.de\/cms\/2017\/06\/zum-tod-von-geri-allen\/","title":{"rendered":"Zum Tod von Geri Allen"},"content":{"rendered":"<figure id=\"attachment_12842\" aria-describedby=\"caption-attachment-12842\" style=\"width: 150px\" class=\"wp-caption alignright\"><a href=\"https:\/\/i0.wp.com\/www.jazzzeitung.de\/cms\/wp-content\/uploads\/2017\/06\/Geri-Allen-Foto-Verve.jpg?ssl=1\"><img data-recalc-dims=\"1\" loading=\"lazy\" decoding=\"async\" data-attachment-id=\"12842\" data-permalink=\"https:\/\/www.jazzzeitung.de\/cms\/2017\/06\/zum-tod-von-geri-allen\/geri-allen-foto-verve\/\" data-orig-file=\"https:\/\/i0.wp.com\/www.jazzzeitung.de\/cms\/wp-content\/uploads\/2017\/06\/Geri-Allen-Foto-Verve.jpg?fit=1787%2C2412&amp;ssl=1\" data-orig-size=\"1787,2412\" data-comments-opened=\"1\" data-image-meta=\"{&quot;aperture&quot;:&quot;0&quot;,&quot;credit&quot;:&quot;&quot;,&quot;camera&quot;:&quot;&quot;,&quot;caption&quot;:&quot;&quot;,&quot;created_timestamp&quot;:&quot;0&quot;,&quot;copyright&quot;:&quot;&quot;,&quot;focal_length&quot;:&quot;0&quot;,&quot;iso&quot;:&quot;0&quot;,&quot;shutter_speed&quot;:&quot;0&quot;,&quot;title&quot;:&quot;&quot;,&quot;orientation&quot;:&quot;1&quot;}\" data-image-title=\"Geri Allen, Foto: Verve\" data-image-description=\"\" data-image-caption=\"&lt;p&gt;Geri Allen, Foto: Verve&lt;\/p&gt;\n\" data-large-file=\"https:\/\/i0.wp.com\/www.jazzzeitung.de\/cms\/wp-content\/uploads\/2017\/06\/Geri-Allen-Foto-Verve.jpg?fit=445%2C600&amp;ssl=1\" class=\"size-thumbnail wp-image-12842\" src=\"https:\/\/i0.wp.com\/www.jazzzeitung.de\/cms\/wp-content\/uploads\/2017\/06\/Geri-Allen-Foto-Verve.jpg?resize=150%2C150&#038;ssl=1\" alt=\"\" width=\"150\" height=\"150\" srcset=\"https:\/\/i0.wp.com\/www.jazzzeitung.de\/cms\/wp-content\/uploads\/2017\/06\/Geri-Allen-Foto-Verve.jpg?resize=150%2C150&amp;ssl=1 150w, https:\/\/i0.wp.com\/www.jazzzeitung.de\/cms\/wp-content\/uploads\/2017\/06\/Geri-Allen-Foto-Verve.jpg?resize=144%2C144&amp;ssl=1 144w, https:\/\/i0.wp.com\/www.jazzzeitung.de\/cms\/wp-content\/uploads\/2017\/06\/Geri-Allen-Foto-Verve.jpg?resize=96%2C96&amp;ssl=1 96w, https:\/\/i0.wp.com\/www.jazzzeitung.de\/cms\/wp-content\/uploads\/2017\/06\/Geri-Allen-Foto-Verve.jpg?resize=24%2C24&amp;ssl=1 24w, https:\/\/i0.wp.com\/www.jazzzeitung.de\/cms\/wp-content\/uploads\/2017\/06\/Geri-Allen-Foto-Verve.jpg?resize=36%2C36&amp;ssl=1 36w, https:\/\/i0.wp.com\/www.jazzzeitung.de\/cms\/wp-content\/uploads\/2017\/06\/Geri-Allen-Foto-Verve.jpg?resize=48%2C48&amp;ssl=1 48w, https:\/\/i0.wp.com\/www.jazzzeitung.de\/cms\/wp-content\/uploads\/2017\/06\/Geri-Allen-Foto-Verve.jpg?resize=64%2C64&amp;ssl=1 64w, https:\/\/i0.wp.com\/www.jazzzeitung.de\/cms\/wp-content\/uploads\/2017\/06\/Geri-Allen-Foto-Verve.jpg?resize=32%2C32&amp;ssl=1 32w, https:\/\/i0.wp.com\/www.jazzzeitung.de\/cms\/wp-content\/uploads\/2017\/06\/Geri-Allen-Foto-Verve.jpg?resize=50%2C50&amp;ssl=1 50w, https:\/\/i0.wp.com\/www.jazzzeitung.de\/cms\/wp-content\/uploads\/2017\/06\/Geri-Allen-Foto-Verve.jpg?resize=128%2C128&amp;ssl=1 128w, https:\/\/i0.wp.com\/www.jazzzeitung.de\/cms\/wp-content\/uploads\/2017\/06\/Geri-Allen-Foto-Verve.jpg?zoom=2&amp;resize=150%2C150&amp;ssl=1 300w, https:\/\/i0.wp.com\/www.jazzzeitung.de\/cms\/wp-content\/uploads\/2017\/06\/Geri-Allen-Foto-Verve.jpg?zoom=3&amp;resize=150%2C150&amp;ssl=1 450w\" sizes=\"auto, (max-width: 150px) 100vw, 150px\" \/><\/a><figcaption id=\"caption-attachment-12842\" class=\"wp-caption-text\">Geri Allen, Foto: Verve<\/figcaption><\/figure>\n<p class=\"story-body-text\">Wie die New York Times meldet, starb die US-amerikanische Pianistin Geri Allen am 27. Juni an den Folgen einer Krebserkrankung im Alter von 60 Jahren in einem Krankenhaus in Philadelphia. Allen wurde in den 80er-Jahren (siehe unser Foto) bekannt, als sie nach New York zog und Mitglied des M-Base Collective um den Altsaxophonisten Steve Coleman wurde. Das M-Base Collective, das bald auch in Europa starke Beachtung fand, vereinte in seiner Musik Rhythmen aus der afrikanischen Diaspora mit experimenteller zeitgen\u00f6ssischer Jazzmusik. Sp\u00e4ter arbeitete Geri Allen eng mit Jazz-Klassikern wie dem Bassisten Charlie Haden und dem Schlagzeuger Paul Motian zusammen. In ihrem Stil vereinte Allen die verschiedensten Elemente der Jazz-Piano-Geschichte, wie von Bud Powell, Thelonius Monk, Cecil Taylor und Mary Lou Williams. Als gefragte Solistin spielte sie mit Tony Williams, Ron Carter und sp\u00e4ter sogar mit dem Freejazz Pionier Ornette Coleman, der bekannterma\u00dfen sonst nicht gern mit Pianisten zusammenarbeitete, weil er das Instrument als harmonisch zu restriktiv empfand. Geri Allen unterrichtete als Gastprofessorin an der Howard University; sie bekleidete eine au\u00dferordentliche Professur f\u00fcr Jazz-Piano und Improvisation an der School of Music, Dance &amp; Theatre der University of Michigan.<\/p>\n<p><span style=\"border-radius: 2px; text-indent: 20px; width: auto; padding: 0px 4px 0px 0px; text-align: center; font: bold 11px\/20px 'Helvetica Neue',Helvetica,sans-serif; color: #ffffff; background: #bd081c no-repeat scroll 3px 50% \/ 14px 14px; position: absolute; opacity: 1; z-index: 8675309; display: none; cursor: pointer; top: 20px; left: 487px;\">Merken<\/span><\/p>\n<p><span style=\"border-radius: 2px; text-indent: 20px; width: auto; padding: 0px 4px 0px 0px; text-align: center; font: bold 11px\/20px 'Helvetica Neue',Helvetica,sans-serif; color: #ffffff; background: #bd081c no-repeat scroll 3px 50% \/ 14px 14px; position: absolute; opacity: 1; z-index: 8675309; display: none; cursor: pointer;\">Merken<\/span><\/p>\n<p><span style=\"border-radius: 2px; text-indent: 20px; width: auto; padding: 0px 4px 0px 0px; text-align: center; font: bold 11px\/20px 'Helvetica Neue',Helvetica,sans-serif; color: #ffffff; background: #bd081c  no-repeat scroll 3px 50% \/ 14px 14px; position: absolute; opacity: 1; z-index: 8675309; display: none; cursor: pointer;\">Merken<\/span><\/p>\n","protected":false},"excerpt":{"rendered":"<p>Wie die New York Times meldet, starb die US-amerikanische Pianistin Geri Allen am 27. Juni an den Folgen einer Krebserkrankung im Alter von 60 Jahren in einem Krankenhaus in Philadelphia. Allen wurde in den 80er-Jahren (siehe unser Foto) bekannt, als sie nach New York zog und Mitglied des M-Base Collective um den Altsaxophonisten Steve Coleman wurde. Das M-Base Collective, das bald auch in Europa starke Beachtung fand, vereinte in seiner Musik Rhythmen aus der afrikanischen Diaspora mit experimenteller zeitgen\u00f6ssischer Jazzmusik. Sp\u00e4ter arbeitete Geri Allen eng mit Jazz-Klassikern wie dem Bassisten Charlie Haden und dem Schlagzeuger Paul Motian zusammen. In ihrem Stil vereinte Allen die verschiedensten Elemente der Jazz-Piano-Geschichte, wie von Bud Powell, Thelonius Monk, Cecil Taylor und Mary Lou Williams. Als gefragte Solistin spielte sie mit Tony Williams, Ron Carter und sp\u00e4ter sogar mit dem Freejazz Pionier Ornette Coleman, der bekannterma\u00dfen sonst nicht gern mit Pianisten zusammenarbeitete, weil er das Instrument als harmonisch zu restriktiv empfand. Geri Allen unterrichtete als Gastprofessorin an der Howard University; sie bekleidete eine au\u00dferordentliche Professur f\u00fcr Jazz-Piano und Improvisation an der School of Music, Dance &amp; Theatre der University of &hellip;<\/p>\n","protected":false},"author":18,"featured_media":0,"comment_status":"open","ping_status":"closed","sticky":false,"template":"","format":"standard","meta":{"_jetpack_memberships_contains_paid_content":false,"footnotes":"","jetpack_publicize_message":"","jetpack_publicize_feature_enabled":true,"jetpack_social_post_already_shared":false,"jetpack_social_options":{"image_generator_settings":{"template":"highway","default_image_id":0,"font":"","enabled":false},"version":2}},"categories":[1053,633],"tags":[198,1007,904,442,1320,862],"coauthors":[695],"class_list":["post-12841","post","type-post","status-publish","format-standard","hentry","category-bericht","category-nachrichten","tag-geschichte","tag-improvisation","tag-new-york","tag-piano","tag-ron-carter","tag-tod"],"yoast_head":"<!-- This site is optimized with the Yoast SEO plugin v27.5 - https:\/\/yoast.com\/product\/yoast-seo-wordpress\/ -->\n<title>Zum Tod von Geri Allen - JazzZeitung<\/title>\n<meta name=\"robots\" content=\"index, follow, max-snippet:-1, max-image-preview:large, max-video-preview:-1\" \/>\n<link rel=\"canonical\" href=\"https:\/\/www.jazzzeitung.de\/cms\/2017\/06\/zum-tod-von-geri-allen\/\" \/>\n<meta property=\"og:locale\" content=\"de_DE\" \/>\n<meta property=\"og:type\" content=\"article\" \/>\n<meta property=\"og:title\" content=\"Zum Tod von Geri Allen - JazzZeitung\" \/>\n<meta property=\"og:description\" content=\"Wie die New York Times meldet, starb die US-amerikanische Pianistin Geri Allen am 27. Juni an den Folgen einer Krebserkrankung im Alter von 60 Jahren in einem Krankenhaus in Philadelphia. Allen wurde in den 80er-Jahren (siehe unser Foto) bekannt, als sie nach New York zog und Mitglied des M-Base Collective um den Altsaxophonisten Steve Coleman wurde. Das M-Base Collective, das bald auch in Europa starke Beachtung fand, vereinte in seiner Musik Rhythmen aus der afrikanischen Diaspora mit experimenteller zeitgen\u00f6ssischer Jazzmusik. Sp\u00e4ter arbeitete Geri Allen eng mit Jazz-Klassikern wie dem Bassisten Charlie Haden und dem Schlagzeuger Paul Motian zusammen. In ihrem Stil vereinte Allen die verschiedensten Elemente der Jazz-Piano-Geschichte, wie von Bud Powell, Thelonius Monk, Cecil Taylor und Mary Lou Williams. Als gefragte Solistin spielte sie mit Tony Williams, Ron Carter und sp\u00e4ter sogar mit dem Freejazz Pionier Ornette Coleman, der bekannterma\u00dfen sonst nicht gern mit Pianisten zusammenarbeitete, weil er das Instrument als harmonisch zu restriktiv empfand. Geri Allen unterrichtete als Gastprofessorin an der Howard University; sie bekleidete eine au\u00dferordentliche Professur f\u00fcr Jazz-Piano und Improvisation an der School of Music, Dance &amp; Theatre der University of &hellip;\" \/>\n<meta property=\"og:url\" content=\"https:\/\/www.jazzzeitung.de\/cms\/2017\/06\/zum-tod-von-geri-allen\/\" \/>\n<meta property=\"og:site_name\" content=\"JazzZeitung\" \/>\n<meta property=\"article:publisher\" content=\"https:\/\/www.facebook.com\/JazzZeitung\/\" \/>\n<meta property=\"article:published_time\" content=\"2017-06-28T13:44:22+00:00\" \/>\n<meta property=\"article:modified_time\" content=\"2017-07-03T09:15:24+00:00\" \/>\n<meta property=\"og:image\" content=\"https:\/\/www.jazzzeitung.de\/cms\/wp-content\/uploads\/2017\/06\/Geri-Allen-Foto-Verve-150x150.jpg\" \/>\n<meta name=\"author\" content=\"Redaktion JazzZeitung\" \/>\n<script type=\"application\/ld+json\" class=\"yoast-schema-graph\">{\"@context\":\"https:\\\/\\\/schema.org\",\"@graph\":[{\"@type\":\"Article\",\"@id\":\"https:\\\/\\\/www.jazzzeitung.de\\\/cms\\\/2017\\\/06\\\/zum-tod-von-geri-allen\\\/#article\",\"isPartOf\":{\"@id\":\"https:\\\/\\\/www.jazzzeitung.de\\\/cms\\\/2017\\\/06\\\/zum-tod-von-geri-allen\\\/\"},\"author\":{\"name\":\"Redaktion JazzZeitung\",\"@id\":\"https:\\\/\\\/www.jazzzeitung.de\\\/cms\\\/#\\\/schema\\\/person\\\/2245b36b9cd1d24cea10f01c031fb92b\"},\"headline\":\"Zum Tod von Geri Allen\",\"datePublished\":\"2017-06-28T13:44:22+00:00\",\"dateModified\":\"2017-07-03T09:15:24+00:00\",\"mainEntityOfPage\":{\"@id\":\"https:\\\/\\\/www.jazzzeitung.de\\\/cms\\\/2017\\\/06\\\/zum-tod-von-geri-allen\\\/\"},\"wordCount\":209,\"commentCount\":0,\"publisher\":{\"@id\":\"https:\\\/\\\/www.jazzzeitung.de\\\/cms\\\/#organization\"},\"image\":{\"@id\":\"https:\\\/\\\/www.jazzzeitung.de\\\/cms\\\/2017\\\/06\\\/zum-tod-von-geri-allen\\\/#primaryimage\"},\"thumbnailUrl\":\"https:\\\/\\\/www.jazzzeitung.de\\\/cms\\\/wp-content\\\/uploads\\\/2017\\\/06\\\/Geri-Allen-Foto-Verve-150x150.jpg\",\"keywords\":[\"Geschichte\",\"Improvisation\",\"New York\",\"Piano\",\"Ron Carter\",\"Tod\"],\"articleSection\":[\"Bericht\",\"News\"],\"inLanguage\":\"de\",\"potentialAction\":[{\"@type\":\"CommentAction\",\"name\":\"Comment\",\"target\":[\"https:\\\/\\\/www.jazzzeitung.de\\\/cms\\\/2017\\\/06\\\/zum-tod-von-geri-allen\\\/#respond\"]}]},{\"@type\":\"WebPage\",\"@id\":\"https:\\\/\\\/www.jazzzeitung.de\\\/cms\\\/2017\\\/06\\\/zum-tod-von-geri-allen\\\/\",\"url\":\"https:\\\/\\\/www.jazzzeitung.de\\\/cms\\\/2017\\\/06\\\/zum-tod-von-geri-allen\\\/\",\"name\":\"Zum Tod von Geri Allen - JazzZeitung\",\"isPartOf\":{\"@id\":\"https:\\\/\\\/www.jazzzeitung.de\\\/cms\\\/#website\"},\"primaryImageOfPage\":{\"@id\":\"https:\\\/\\\/www.jazzzeitung.de\\\/cms\\\/2017\\\/06\\\/zum-tod-von-geri-allen\\\/#primaryimage\"},\"image\":{\"@id\":\"https:\\\/\\\/www.jazzzeitung.de\\\/cms\\\/2017\\\/06\\\/zum-tod-von-geri-allen\\\/#primaryimage\"},\"thumbnailUrl\":\"https:\\\/\\\/www.jazzzeitung.de\\\/cms\\\/wp-content\\\/uploads\\\/2017\\\/06\\\/Geri-Allen-Foto-Verve-150x150.jpg\",\"datePublished\":\"2017-06-28T13:44:22+00:00\",\"dateModified\":\"2017-07-03T09:15:24+00:00\",\"breadcrumb\":{\"@id\":\"https:\\\/\\\/www.jazzzeitung.de\\\/cms\\\/2017\\\/06\\\/zum-tod-von-geri-allen\\\/#breadcrumb\"},\"inLanguage\":\"de\",\"potentialAction\":[{\"@type\":\"ReadAction\",\"target\":[\"https:\\\/\\\/www.jazzzeitung.de\\\/cms\\\/2017\\\/06\\\/zum-tod-von-geri-allen\\\/\"]}]},{\"@type\":\"ImageObject\",\"inLanguage\":\"de\",\"@id\":\"https:\\\/\\\/www.jazzzeitung.de\\\/cms\\\/2017\\\/06\\\/zum-tod-von-geri-allen\\\/#primaryimage\",\"url\":\"https:\\\/\\\/i0.wp.com\\\/www.jazzzeitung.de\\\/cms\\\/wp-content\\\/uploads\\\/2017\\\/06\\\/Geri-Allen-Foto-Verve.jpg?fit=1787%2C2412&ssl=1\",\"contentUrl\":\"https:\\\/\\\/i0.wp.com\\\/www.jazzzeitung.de\\\/cms\\\/wp-content\\\/uploads\\\/2017\\\/06\\\/Geri-Allen-Foto-Verve.jpg?fit=1787%2C2412&ssl=1\",\"width\":1787,\"height\":2412,\"caption\":\"Geri Allen, Foto: Verve\"},{\"@type\":\"BreadcrumbList\",\"@id\":\"https:\\\/\\\/www.jazzzeitung.de\\\/cms\\\/2017\\\/06\\\/zum-tod-von-geri-allen\\\/#breadcrumb\",\"itemListElement\":[{\"@type\":\"ListItem\",\"position\":1,\"name\":\"Startseite\",\"item\":\"https:\\\/\\\/www.jazzzeitung.de\\\/cms\\\/\"},{\"@type\":\"ListItem\",\"position\":2,\"name\":\"Zum Tod von Geri Allen\"}]},{\"@type\":\"WebSite\",\"@id\":\"https:\\\/\\\/www.jazzzeitung.de\\\/cms\\\/#website\",\"url\":\"https:\\\/\\\/www.jazzzeitung.de\\\/cms\\\/\",\"name\":\"JazzZeitung\",\"description\":\"Jazz-News und Jazz-Kontroverses\",\"publisher\":{\"@id\":\"https:\\\/\\\/www.jazzzeitung.de\\\/cms\\\/#organization\"},\"potentialAction\":[{\"@type\":\"SearchAction\",\"target\":{\"@type\":\"EntryPoint\",\"urlTemplate\":\"https:\\\/\\\/www.jazzzeitung.de\\\/cms\\\/?s={search_term_string}\"},\"query-input\":{\"@type\":\"PropertyValueSpecification\",\"valueRequired\":true,\"valueName\":\"search_term_string\"}}],\"inLanguage\":\"de\"},{\"@type\":\"Organization\",\"@id\":\"https:\\\/\\\/www.jazzzeitung.de\\\/cms\\\/#organization\",\"name\":\"JazzZeitung online\",\"url\":\"https:\\\/\\\/www.jazzzeitung.de\\\/cms\\\/\",\"logo\":{\"@type\":\"ImageObject\",\"inLanguage\":\"de\",\"@id\":\"https:\\\/\\\/www.jazzzeitung.de\\\/cms\\\/#\\\/schema\\\/logo\\\/image\\\/\",\"url\":\"https:\\\/\\\/i0.wp.com\\\/www.jazzzeitung.de\\\/cms\\\/wp-content\\\/uploads\\\/2015\\\/08\\\/JAZZZEITUNGDE_Logo_Neu.png?fit=499%2C200&ssl=1\",\"contentUrl\":\"https:\\\/\\\/i0.wp.com\\\/www.jazzzeitung.de\\\/cms\\\/wp-content\\\/uploads\\\/2015\\\/08\\\/JAZZZEITUNGDE_Logo_Neu.png?fit=499%2C200&ssl=1\",\"width\":499,\"height\":200,\"caption\":\"JazzZeitung online\"},\"image\":{\"@id\":\"https:\\\/\\\/www.jazzzeitung.de\\\/cms\\\/#\\\/schema\\\/logo\\\/image\\\/\"},\"sameAs\":[\"https:\\\/\\\/www.facebook.com\\\/JazzZeitung\\\/\"]},{\"@type\":\"Person\",\"@id\":\"https:\\\/\\\/www.jazzzeitung.de\\\/cms\\\/#\\\/schema\\\/person\\\/2245b36b9cd1d24cea10f01c031fb92b\",\"name\":\"Redaktion JazzZeitung\",\"image\":{\"@type\":\"ImageObject\",\"inLanguage\":\"de\",\"@id\":\"https:\\\/\\\/i0.wp.com\\\/www.jazzzeitung.de\\\/cms\\\/wp-content\\\/uploads\\\/2015\\\/08\\\/JAZZZEITUNGDE_Logo_Neu.png?resize=96%2C96&ssl=159975dcacb611b5700bd619b5daf0a7a\",\"url\":\"https:\\\/\\\/i0.wp.com\\\/www.jazzzeitung.de\\\/cms\\\/wp-content\\\/uploads\\\/2015\\\/08\\\/JAZZZEITUNGDE_Logo_Neu.png?resize=96%2C96&ssl=1\",\"contentUrl\":\"https:\\\/\\\/i0.wp.com\\\/www.jazzzeitung.de\\\/cms\\\/wp-content\\\/uploads\\\/2015\\\/08\\\/JAZZZEITUNGDE_Logo_Neu.png?resize=96%2C96&ssl=1\",\"caption\":\"Redaktion JazzZeitung\"},\"description\":\"Artikel der Redaktion der JazzZeitung.\",\"sameAs\":[\"http:\\\/\\\/www.jazzzeitung.de\\\/cms\\\/\"],\"url\":\"https:\\\/\\\/www.jazzzeitung.de\\\/cms\\\/author\\\/redaktion\\\/\"}]}<\/script>\n<!-- \/ Yoast SEO plugin. -->","yoast_head_json":{"title":"Zum Tod von Geri Allen - JazzZeitung","robots":{"index":"index","follow":"follow","max-snippet":"max-snippet:-1","max-image-preview":"max-image-preview:large","max-video-preview":"max-video-preview:-1"},"canonical":"https:\/\/www.jazzzeitung.de\/cms\/2017\/06\/zum-tod-von-geri-allen\/","og_locale":"de_DE","og_type":"article","og_title":"Zum Tod von Geri Allen - JazzZeitung","og_description":"Wie die New York Times meldet, starb die US-amerikanische Pianistin Geri Allen am 27. Juni an den Folgen einer Krebserkrankung im Alter von 60 Jahren in einem Krankenhaus in Philadelphia. Allen wurde in den 80er-Jahren (siehe unser Foto) bekannt, als sie nach New York zog und Mitglied des M-Base Collective um den Altsaxophonisten Steve Coleman wurde. Das M-Base Collective, das bald auch in Europa starke Beachtung fand, vereinte in seiner Musik Rhythmen aus der afrikanischen Diaspora mit experimenteller zeitgen\u00f6ssischer Jazzmusik. Sp\u00e4ter arbeitete Geri Allen eng mit Jazz-Klassikern wie dem Bassisten Charlie Haden und dem Schlagzeuger Paul Motian zusammen. In ihrem Stil vereinte Allen die verschiedensten Elemente der Jazz-Piano-Geschichte, wie von Bud Powell, Thelonius Monk, Cecil Taylor und Mary Lou Williams. Als gefragte Solistin spielte sie mit Tony Williams, Ron Carter und sp\u00e4ter sogar mit dem Freejazz Pionier Ornette Coleman, der bekannterma\u00dfen sonst nicht gern mit Pianisten zusammenarbeitete, weil er das Instrument als harmonisch zu restriktiv empfand. Geri Allen unterrichtete als Gastprofessorin an der Howard University; sie bekleidete eine au\u00dferordentliche Professur f\u00fcr Jazz-Piano und Improvisation an der School of Music, Dance &amp; Theatre der University of &hellip;","og_url":"https:\/\/www.jazzzeitung.de\/cms\/2017\/06\/zum-tod-von-geri-allen\/","og_site_name":"JazzZeitung","article_publisher":"https:\/\/www.facebook.com\/JazzZeitung\/","article_published_time":"2017-06-28T13:44:22+00:00","article_modified_time":"2017-07-03T09:15:24+00:00","og_image":[{"url":"https:\/\/www.jazzzeitung.de\/cms\/wp-content\/uploads\/2017\/06\/Geri-Allen-Foto-Verve-150x150.jpg","type":"","width":"","height":""}],"author":"Redaktion JazzZeitung","schema":{"@context":"https:\/\/schema.org","@graph":[{"@type":"Article","@id":"https:\/\/www.jazzzeitung.de\/cms\/2017\/06\/zum-tod-von-geri-allen\/#article","isPartOf":{"@id":"https:\/\/www.jazzzeitung.de\/cms\/2017\/06\/zum-tod-von-geri-allen\/"},"author":{"name":"Redaktion JazzZeitung","@id":"https:\/\/www.jazzzeitung.de\/cms\/#\/schema\/person\/2245b36b9cd1d24cea10f01c031fb92b"},"headline":"Zum Tod von Geri Allen","datePublished":"2017-06-28T13:44:22+00:00","dateModified":"2017-07-03T09:15:24+00:00","mainEntityOfPage":{"@id":"https:\/\/www.jazzzeitung.de\/cms\/2017\/06\/zum-tod-von-geri-allen\/"},"wordCount":209,"commentCount":0,"publisher":{"@id":"https:\/\/www.jazzzeitung.de\/cms\/#organization"},"image":{"@id":"https:\/\/www.jazzzeitung.de\/cms\/2017\/06\/zum-tod-von-geri-allen\/#primaryimage"},"thumbnailUrl":"https:\/\/www.jazzzeitung.de\/cms\/wp-content\/uploads\/2017\/06\/Geri-Allen-Foto-Verve-150x150.jpg","keywords":["Geschichte","Improvisation","New York","Piano","Ron Carter","Tod"],"articleSection":["Bericht","News"],"inLanguage":"de","potentialAction":[{"@type":"CommentAction","name":"Comment","target":["https:\/\/www.jazzzeitung.de\/cms\/2017\/06\/zum-tod-von-geri-allen\/#respond"]}]},{"@type":"WebPage","@id":"https:\/\/www.jazzzeitung.de\/cms\/2017\/06\/zum-tod-von-geri-allen\/","url":"https:\/\/www.jazzzeitung.de\/cms\/2017\/06\/zum-tod-von-geri-allen\/","name":"Zum Tod von Geri Allen - JazzZeitung","isPartOf":{"@id":"https:\/\/www.jazzzeitung.de\/cms\/#website"},"primaryImageOfPage":{"@id":"https:\/\/www.jazzzeitung.de\/cms\/2017\/06\/zum-tod-von-geri-allen\/#primaryimage"},"image":{"@id":"https:\/\/www.jazzzeitung.de\/cms\/2017\/06\/zum-tod-von-geri-allen\/#primaryimage"},"thumbnailUrl":"https:\/\/www.jazzzeitung.de\/cms\/wp-content\/uploads\/2017\/06\/Geri-Allen-Foto-Verve-150x150.jpg","datePublished":"2017-06-28T13:44:22+00:00","dateModified":"2017-07-03T09:15:24+00:00","breadcrumb":{"@id":"https:\/\/www.jazzzeitung.de\/cms\/2017\/06\/zum-tod-von-geri-allen\/#breadcrumb"},"inLanguage":"de","potentialAction":[{"@type":"ReadAction","target":["https:\/\/www.jazzzeitung.de\/cms\/2017\/06\/zum-tod-von-geri-allen\/"]}]},{"@type":"ImageObject","inLanguage":"de","@id":"https:\/\/www.jazzzeitung.de\/cms\/2017\/06\/zum-tod-von-geri-allen\/#primaryimage","url":"https:\/\/i0.wp.com\/www.jazzzeitung.de\/cms\/wp-content\/uploads\/2017\/06\/Geri-Allen-Foto-Verve.jpg?fit=1787%2C2412&ssl=1","contentUrl":"https:\/\/i0.wp.com\/www.jazzzeitung.de\/cms\/wp-content\/uploads\/2017\/06\/Geri-Allen-Foto-Verve.jpg?fit=1787%2C2412&ssl=1","width":1787,"height":2412,"caption":"Geri Allen, Foto: Verve"},{"@type":"BreadcrumbList","@id":"https:\/\/www.jazzzeitung.de\/cms\/2017\/06\/zum-tod-von-geri-allen\/#breadcrumb","itemListElement":[{"@type":"ListItem","position":1,"name":"Startseite","item":"https:\/\/www.jazzzeitung.de\/cms\/"},{"@type":"ListItem","position":2,"name":"Zum Tod von Geri Allen"}]},{"@type":"WebSite","@id":"https:\/\/www.jazzzeitung.de\/cms\/#website","url":"https:\/\/www.jazzzeitung.de\/cms\/","name":"JazzZeitung","description":"Jazz-News und Jazz-Kontroverses","publisher":{"@id":"https:\/\/www.jazzzeitung.de\/cms\/#organization"},"potentialAction":[{"@type":"SearchAction","target":{"@type":"EntryPoint","urlTemplate":"https:\/\/www.jazzzeitung.de\/cms\/?s={search_term_string}"},"query-input":{"@type":"PropertyValueSpecification","valueRequired":true,"valueName":"search_term_string"}}],"inLanguage":"de"},{"@type":"Organization","@id":"https:\/\/www.jazzzeitung.de\/cms\/#organization","name":"JazzZeitung online","url":"https:\/\/www.jazzzeitung.de\/cms\/","logo":{"@type":"ImageObject","inLanguage":"de","@id":"https:\/\/www.jazzzeitung.de\/cms\/#\/schema\/logo\/image\/","url":"https:\/\/i0.wp.com\/www.jazzzeitung.de\/cms\/wp-content\/uploads\/2015\/08\/JAZZZEITUNGDE_Logo_Neu.png?fit=499%2C200&ssl=1","contentUrl":"https:\/\/i0.wp.com\/www.jazzzeitung.de\/cms\/wp-content\/uploads\/2015\/08\/JAZZZEITUNGDE_Logo_Neu.png?fit=499%2C200&ssl=1","width":499,"height":200,"caption":"JazzZeitung online"},"image":{"@id":"https:\/\/www.jazzzeitung.de\/cms\/#\/schema\/logo\/image\/"},"sameAs":["https:\/\/www.facebook.com\/JazzZeitung\/"]},{"@type":"Person","@id":"https:\/\/www.jazzzeitung.de\/cms\/#\/schema\/person\/2245b36b9cd1d24cea10f01c031fb92b","name":"Redaktion JazzZeitung","image":{"@type":"ImageObject","inLanguage":"de","@id":"https:\/\/i0.wp.com\/www.jazzzeitung.de\/cms\/wp-content\/uploads\/2015\/08\/JAZZZEITUNGDE_Logo_Neu.png?resize=96%2C96&ssl=159975dcacb611b5700bd619b5daf0a7a","url":"https:\/\/i0.wp.com\/www.jazzzeitung.de\/cms\/wp-content\/uploads\/2015\/08\/JAZZZEITUNGDE_Logo_Neu.png?resize=96%2C96&ssl=1","contentUrl":"https:\/\/i0.wp.com\/www.jazzzeitung.de\/cms\/wp-content\/uploads\/2015\/08\/JAZZZEITUNGDE_Logo_Neu.png?resize=96%2C96&ssl=1","caption":"Redaktion JazzZeitung"},"description":"Artikel der Redaktion der JazzZeitung.","sameAs":["http:\/\/www.jazzzeitung.de\/cms\/"],"url":"https:\/\/www.jazzzeitung.de\/cms\/author\/redaktion\/"}]}},"wp-worthy-pixel":{"ignored":false,"public":null,"server":null,"url":null},"wp-worthy-type":"normal","jetpack_publicize_connections":[],"cc_featured_image_caption":{"caption_text":false,"source_text":false,"source_url":false},"jetpack_featured_media_url":"","jetpack_shortlink":"https:\/\/wp.me\/p3KEcT-3l7","jetpack-related-posts":[{"id":17775,"url":"https:\/\/www.jazzzeitung.de\/cms\/2018\/11\/sicher-zwischen-allen-stilen-zum-tod-des-trompeters-und-komponisten-roy-hargrove\/","url_meta":{"origin":12841,"position":0},"title":"Sicher zwischen allen Stilen \u2013 Zum Tod des Trompeters und Komponisten Roy Hargrove","author":"Redaktion JazzZeitung","date":"5. November 2018","format":false,"excerpt":"Krawatte w\u00e4hrend des ersten Sets, Fliege im zweiten, wei\u00dfes Hemd, taubenblaues Sacco, dunkle Sonnenbrille, die Trompete nicht in gew\u00f6hnlichem Goldmessing, sondern edelstahlpoliert \u2013 Roy Hargrove war eine Erscheinung. Und der soulige Hardbop, den er zuletzt mit seinem exquisiten Quartett mit Quincy Philipps (dr), Justin Robinson (sax) und Ameen Saleem (b),\u2026","rel":"","context":"In &quot;Bericht&quot;","block_context":{"text":"Bericht","link":"https:\/\/www.jazzzeitung.de\/cms\/thema\/bericht\/"},"img":{"alt_text":"","src":"https:\/\/i0.wp.com\/www.jazzzeitung.de\/cms\/wp-content\/uploads\/2018\/11\/013ROY-HARGROVE-QUINTET_Foto-van-Loon.jpg?fit=1200%2C801&ssl=1&resize=350%2C200","width":350,"height":200,"srcset":"https:\/\/i0.wp.com\/www.jazzzeitung.de\/cms\/wp-content\/uploads\/2018\/11\/013ROY-HARGROVE-QUINTET_Foto-van-Loon.jpg?fit=1200%2C801&ssl=1&resize=350%2C200 1x, https:\/\/i0.wp.com\/www.jazzzeitung.de\/cms\/wp-content\/uploads\/2018\/11\/013ROY-HARGROVE-QUINTET_Foto-van-Loon.jpg?fit=1200%2C801&ssl=1&resize=525%2C300 1.5x, https:\/\/i0.wp.com\/www.jazzzeitung.de\/cms\/wp-content\/uploads\/2018\/11\/013ROY-HARGROVE-QUINTET_Foto-van-Loon.jpg?fit=1200%2C801&ssl=1&resize=700%2C400 2x, https:\/\/i0.wp.com\/www.jazzzeitung.de\/cms\/wp-content\/uploads\/2018\/11\/013ROY-HARGROVE-QUINTET_Foto-van-Loon.jpg?fit=1200%2C801&ssl=1&resize=1050%2C600 3x"},"classes":[]},{"id":3345,"url":"https:\/\/www.jazzzeitung.de\/cms\/2014\/01\/kreuzritter-des-swing-zum-tod-von-al-porcino\/","url_meta":{"origin":12841,"position":1},"title":"\u201eKreuzritter des Swing\u201c: zum Tod von Al Porcino","author":"Redaktion JazzZeitung","date":"7. Januar 2014","format":false,"excerpt":"Text und Foto von Michael Scheiner - Im Mai 2010 feierten Jazzorchester Regensburg und Uni Jazz Orchester mit dem Bandleader Al Porcino dessen 85. Geburtstag im vollbesetzten Audimax. Am Silvestermorgen, nicht wie von einigen Medien berichtet am 2. Januar, ist der Musiker im Alter von 88 Jahren in seiner Wahlheimat\u2026","rel":"","context":"In &quot;Redaktionelle Nachrichten&quot;","block_context":{"text":"Redaktionelle Nachrichten","link":"https:\/\/www.jazzzeitung.de\/cms\/thema\/redaktion\/"},"img":{"alt_text":"Porcino-JOR_78_web_klein","src":"https:\/\/i0.wp.com\/www.jazzzeitung.de\/cms\/wp-content\/uploads\/2014\/01\/Porcino-JOR_78_web_klein-150x150.jpg?resize=350%2C200","width":350,"height":200},"classes":[]},{"id":14560,"url":"https:\/\/www.jazzzeitung.de\/cms\/2017\/12\/jazzzeitung-de-top-20-beitraege-in-2017\/","url_meta":{"origin":12841,"position":2},"title":"JazzZeitung.de: Top 20-Beitr\u00e4ge in 2017","author":"Huflaikhan","date":"15. Dezember 2017","format":false,"excerpt":"Ein kleiner R\u00fcckblick auf das jahr 2017. Was waren die am h\u00e4ufigsten abgerufenen Beitr\u00e4ge aus diesem Jahr. Unsere Liste: Pat Metheny 2017 auf Welttournee Born To Be Blue: ein Chet-Baker-Film im Kino TV-Tipp: Der Preis der Anna-Lena Schnabel (3sat) \u2013 und ein medienpolitisches \u00c4rgernis Konzertierte Verantwortungslosigkeit: Der NDR und der\u2026","rel":"","context":"In &quot;Blog&quot;","block_context":{"text":"Blog","link":"https:\/\/www.jazzzeitung.de\/cms\/thema\/blog\/"},"img":{"alt_text":"JazzZeitung top 20 2017","src":"https:\/\/i0.wp.com\/www.jazzzeitung.de\/cms\/wp-content\/uploads\/2017\/12\/2017_top20_jazzzeitung.jpg?fit=1200%2C725&ssl=1&resize=350%2C200","width":350,"height":200,"srcset":"https:\/\/i0.wp.com\/www.jazzzeitung.de\/cms\/wp-content\/uploads\/2017\/12\/2017_top20_jazzzeitung.jpg?fit=1200%2C725&ssl=1&resize=350%2C200 1x, https:\/\/i0.wp.com\/www.jazzzeitung.de\/cms\/wp-content\/uploads\/2017\/12\/2017_top20_jazzzeitung.jpg?fit=1200%2C725&ssl=1&resize=525%2C300 1.5x, https:\/\/i0.wp.com\/www.jazzzeitung.de\/cms\/wp-content\/uploads\/2017\/12\/2017_top20_jazzzeitung.jpg?fit=1200%2C725&ssl=1&resize=700%2C400 2x, https:\/\/i0.wp.com\/www.jazzzeitung.de\/cms\/wp-content\/uploads\/2017\/12\/2017_top20_jazzzeitung.jpg?fit=1200%2C725&ssl=1&resize=1050%2C600 3x"},"classes":[]},{"id":13720,"url":"https:\/\/www.jazzzeitung.de\/cms\/2017\/10\/die-jazz-radio-woche-vom-16-10-bis-22-10-2017\/","url_meta":{"origin":12841,"position":3},"title":"Die Jazz-Radio-Woche vom 16.10. bis 22.10.2017","author":"Martin Hufner","date":"15. Oktober 2017","format":false,"excerpt":"Ein subjektiver Blick in die Jazzkalenderwoche 42 im Radio. Unter anderem feiert Dizzy Gillespie seinen 100. Geburtstag, an Geri Allen erinnert Karl Lippegaus. Ansonsten: Jazz Meets India bei den Donaueschinger Musiktagen 1967, S\u00e4ngerin Sarah Vaughan, Anna-Lena Schnabel & Florian Weber, Orchester Kurt Edelhagen, Shirley Horn, Tony Allen, Shabaka Hutchings, Johannes\u2026","rel":"","context":"In &quot;Radio&quot;","block_context":{"text":"Radio","link":"https:\/\/www.jazzzeitung.de\/cms\/thema\/radio\/"},"img":{"alt_text":"Jazz im Radio","src":"https:\/\/i0.wp.com\/www.jazzzeitung.de\/cms\/wp-content\/uploads\/2017\/10\/radio-jazz-neu.jpg?fit=1200%2C900&ssl=1&resize=350%2C200","width":350,"height":200,"srcset":"https:\/\/i0.wp.com\/www.jazzzeitung.de\/cms\/wp-content\/uploads\/2017\/10\/radio-jazz-neu.jpg?fit=1200%2C900&ssl=1&resize=350%2C200 1x, https:\/\/i0.wp.com\/www.jazzzeitung.de\/cms\/wp-content\/uploads\/2017\/10\/radio-jazz-neu.jpg?fit=1200%2C900&ssl=1&resize=525%2C300 1.5x, https:\/\/i0.wp.com\/www.jazzzeitung.de\/cms\/wp-content\/uploads\/2017\/10\/radio-jazz-neu.jpg?fit=1200%2C900&ssl=1&resize=700%2C400 2x, https:\/\/i0.wp.com\/www.jazzzeitung.de\/cms\/wp-content\/uploads\/2017\/10\/radio-jazz-neu.jpg?fit=1200%2C900&ssl=1&resize=1050%2C600 3x"},"classes":[]},{"id":33283,"url":"https:\/\/www.jazzzeitung.de\/cms\/2025\/10\/zum-tod-des-meistertrommlers-und-komponisten-jack-dejohnette\/","url_meta":{"origin":12841,"position":4},"title":"Zum Tod des Meistertrommlers und Komponisten Jack DeJohnette","author":"Andreas Kolb","date":"29. Oktober 2025","format":false,"excerpt":"Jack DeJohnette hat als Jazzschlagzeuger Musikgeschichte geschrieben. Gr\u00f6\u00dfen wie Miles Davis, Keith Jarrett und John Coltrane geh\u00f6rten zu seinen Partnern. Nun ist der Musiker im Alter von 83 Jahren gestorben, wie sein Label ECM mitteilte. Ornette Coleman, Sonny Rollins, Sun Ra, Jackie McLean, Thelonious Monk, Bill Evans, Stan Getz, Keith\u2026","rel":"","context":"In &quot;Bericht&quot;","block_context":{"text":"Bericht","link":"https:\/\/www.jazzzeitung.de\/cms\/thema\/bericht\/"},"img":{"alt_text":"","src":"https:\/\/i0.wp.com\/www.jazzzeitung.de\/cms\/wp-content\/uploads\/2025\/10\/107-scaled.jpg?fit=1200%2C798&ssl=1&resize=350%2C200","width":350,"height":200,"srcset":"https:\/\/i0.wp.com\/www.jazzzeitung.de\/cms\/wp-content\/uploads\/2025\/10\/107-scaled.jpg?fit=1200%2C798&ssl=1&resize=350%2C200 1x, https:\/\/i0.wp.com\/www.jazzzeitung.de\/cms\/wp-content\/uploads\/2025\/10\/107-scaled.jpg?fit=1200%2C798&ssl=1&resize=525%2C300 1.5x, https:\/\/i0.wp.com\/www.jazzzeitung.de\/cms\/wp-content\/uploads\/2025\/10\/107-scaled.jpg?fit=1200%2C798&ssl=1&resize=700%2C400 2x, https:\/\/i0.wp.com\/www.jazzzeitung.de\/cms\/wp-content\/uploads\/2025\/10\/107-scaled.jpg?fit=1200%2C798&ssl=1&resize=1050%2C600 3x"},"classes":[]},{"id":26923,"url":"https:\/\/www.jazzzeitung.de\/cms\/2022\/03\/cicero-zwei-leben-eine-buehne-jetzt-im-kino\/","url_meta":{"origin":12841,"position":5},"title":"Cicero &#8211; Zwei Leben, eine B\u00fchne jetzt im Kino","author":"Ursula Gaisa","date":"24. M\u00e4rz 2022","format":false,"excerpt":"Vor ziemlich genau sechs Jahren ersch\u00fctterte die Nachricht vom fr\u00fchen Tod Roger Ciceros die Musikwelt Deutschlands und weit dar\u00fcber hinaus Fans in ganz Europa. Er hatte den Bigband-Swing mit deutschen Texten so popul\u00e4r wie nie zuvor gemacht, beim ESC in Finnland weit abgeschlagen, aber um so mehr in Deutschland verehrt.\u2026","rel":"","context":"In &quot;Portrait&quot;","block_context":{"text":"Portrait","link":"https:\/\/www.jazzzeitung.de\/cms\/thema\/portrait\/"},"img":{"alt_text":"","src":"https:\/\/i0.wp.com\/www.jazzzeitung.de\/cms\/wp-content\/uploads\/2022\/03\/4_CICERO_EugenCiceroinHollywood_LATEMARFILM-Anglika_E._Meier.jpg?fit=1200%2C675&ssl=1&resize=350%2C200","width":350,"height":200,"srcset":"https:\/\/i0.wp.com\/www.jazzzeitung.de\/cms\/wp-content\/uploads\/2022\/03\/4_CICERO_EugenCiceroinHollywood_LATEMARFILM-Anglika_E._Meier.jpg?fit=1200%2C675&ssl=1&resize=350%2C200 1x, https:\/\/i0.wp.com\/www.jazzzeitung.de\/cms\/wp-content\/uploads\/2022\/03\/4_CICERO_EugenCiceroinHollywood_LATEMARFILM-Anglika_E._Meier.jpg?fit=1200%2C675&ssl=1&resize=525%2C300 1.5x, https:\/\/i0.wp.com\/www.jazzzeitung.de\/cms\/wp-content\/uploads\/2022\/03\/4_CICERO_EugenCiceroinHollywood_LATEMARFILM-Anglika_E._Meier.jpg?fit=1200%2C675&ssl=1&resize=700%2C400 2x, https:\/\/i0.wp.com\/www.jazzzeitung.de\/cms\/wp-content\/uploads\/2022\/03\/4_CICERO_EugenCiceroinHollywood_LATEMARFILM-Anglika_E._Meier.jpg?fit=1200%2C675&ssl=1&resize=1050%2C600 3x"},"classes":[]}],"jetpack_sharing_enabled":true,"_links":{"self":[{"href":"https:\/\/www.jazzzeitung.de\/cms\/wp-json\/wp\/v2\/posts\/12841","targetHints":{"allow":["GET"]}}],"collection":[{"href":"https:\/\/www.jazzzeitung.de\/cms\/wp-json\/wp\/v2\/posts"}],"about":[{"href":"https:\/\/www.jazzzeitung.de\/cms\/wp-json\/wp\/v2\/types\/post"}],"author":[{"embeddable":true,"href":"https:\/\/www.jazzzeitung.de\/cms\/wp-json\/wp\/v2\/users\/18"}],"replies":[{"embeddable":true,"href":"https:\/\/www.jazzzeitung.de\/cms\/wp-json\/wp\/v2\/comments?post=12841"}],"version-history":[{"count":5,"href":"https:\/\/www.jazzzeitung.de\/cms\/wp-json\/wp\/v2\/posts\/12841\/revisions"}],"predecessor-version":[{"id":12847,"href":"https:\/\/www.jazzzeitung.de\/cms\/wp-json\/wp\/v2\/posts\/12841\/revisions\/12847"}],"wp:attachment":[{"href":"https:\/\/www.jazzzeitung.de\/cms\/wp-json\/wp\/v2\/media?parent=12841"}],"wp:term":[{"taxonomy":"category","embeddable":true,"href":"https:\/\/www.jazzzeitung.de\/cms\/wp-json\/wp\/v2\/categories?post=12841"},{"taxonomy":"post_tag","embeddable":true,"href":"https:\/\/www.jazzzeitung.de\/cms\/wp-json\/wp\/v2\/tags?post=12841"},{"taxonomy":"author","embeddable":true,"href":"https:\/\/www.jazzzeitung.de\/cms\/wp-json\/wp\/v2\/coauthors?post=12841"}],"curies":[{"name":"wp","href":"https:\/\/api.w.org\/{rel}","templated":true}]}}