{"id":12815,"date":"2017-06-30T11:00:44","date_gmt":"2017-06-30T09:00:44","guid":{"rendered":"https:\/\/www.jazzzeitung.de\/cms\/?p=12815"},"modified":"2017-06-28T15:26:12","modified_gmt":"2017-06-28T13:26:12","slug":"musikalisches-elmsfeuer-auf-dem-technobeat","status":"publish","type":"post","link":"https:\/\/www.jazzzeitung.de\/cms\/2017\/06\/musikalisches-elmsfeuer-auf-dem-technobeat\/","title":{"rendered":"Musikalisches Elmsfeuer auf dem Technobeat"},"content":{"rendered":"<p>Einer w\u00e4re wohl innerlich angewidert davongezogen. Mehr als hundert andere dagegen \u00fcberliessen sich lustvoll den harten Technobeats, mit denen die M\u00fcnchner Jazzrausch Bigband das Degginger in heftige Schwingungen versetzte. Der verstorbene Richard Wiedamann, eine Autorit\u00e4t in Sachen Jazz, sprach dem in den 90er Jahren aufgekommenen Techno und House jegliche Musikalit\u00e4t radikal ab. Dass heute junge Musiker, meist gut ausgebildete Profis, ausgerechnet diese maschinenhafte Musik, oft bis aufs rhythmische Ger\u00fcst skelettiert, als Grundlage f\u00fcr ihren berauschenden Bigbandsound nutzen, h\u00e4tte ihn wohl eher ver\u00e4rgert als nachhaltig verst\u00f6rt.<\/p>\n<figure id=\"attachment_12818\" aria-describedby=\"caption-attachment-12818\" style=\"width: 300px\" class=\"wp-caption alignright\"><img data-recalc-dims=\"1\" loading=\"lazy\" decoding=\"async\" data-attachment-id=\"12818\" data-permalink=\"https:\/\/www.jazzzeitung.de\/cms\/2017\/06\/musikalisches-elmsfeuer-auf-dem-technobeat\/sladek-roman_52\/\" data-orig-file=\"https:\/\/i0.wp.com\/www.jazzzeitung.de\/cms\/wp-content\/uploads\/2017\/06\/Sladek-Roman_52.jpg?fit=2362%2C1581&amp;ssl=1\" data-orig-size=\"2362,1581\" data-comments-opened=\"1\" data-image-meta=\"{&quot;aperture&quot;:&quot;5.3&quot;,&quot;credit&quot;:&quot;&quot;,&quot;camera&quot;:&quot;NIKON D80&quot;,&quot;caption&quot;:&quot;&quot;,&quot;created_timestamp&quot;:&quot;1498082301&quot;,&quot;copyright&quot;:&quot;&quot;,&quot;focal_length&quot;:&quot;65&quot;,&quot;iso&quot;:&quot;1600&quot;,&quot;shutter_speed&quot;:&quot;0.016666666666667&quot;,&quot;title&quot;:&quot;&quot;,&quot;orientation&quot;:&quot;1&quot;}\" data-image-title=\"Sladek-Roman_52\" data-image-description=\"&lt;p&gt;Sladek Roman, Foto: Scheiner&lt;\/p&gt;\n\" data-image-caption=\"\" data-large-file=\"https:\/\/i0.wp.com\/www.jazzzeitung.de\/cms\/wp-content\/uploads\/2017\/06\/Sladek-Roman_52.jpg?fit=840%2C563&amp;ssl=1\" class=\"wp-image-12818 size-medium\" src=\"https:\/\/i0.wp.com\/www.jazzzeitung.de\/cms\/wp-content\/uploads\/2017\/06\/Sladek-Roman_52.jpg?resize=300%2C201&#038;ssl=1\" alt=\"\" width=\"300\" height=\"201\" srcset=\"https:\/\/i0.wp.com\/www.jazzzeitung.de\/cms\/wp-content\/uploads\/2017\/06\/Sladek-Roman_52.jpg?resize=300%2C201&amp;ssl=1 300w, https:\/\/i0.wp.com\/www.jazzzeitung.de\/cms\/wp-content\/uploads\/2017\/06\/Sladek-Roman_52.jpg?resize=768%2C514&amp;ssl=1 768w, https:\/\/i0.wp.com\/www.jazzzeitung.de\/cms\/wp-content\/uploads\/2017\/06\/Sladek-Roman_52.jpg?resize=896%2C600&amp;ssl=1 896w, https:\/\/i0.wp.com\/www.jazzzeitung.de\/cms\/wp-content\/uploads\/2017\/06\/Sladek-Roman_52.jpg?w=1680&amp;ssl=1 1680w\" sizes=\"auto, (max-width: 300px) 100vw, 300px\" \/><figcaption id=\"caption-attachment-12818\" class=\"wp-caption-text\">Gr\u00fcnder, Bandmanager und Posaunist Roman Sladek, Foto: Michael Scheiner<\/figcaption><\/figure>\n<p>G\u00e4nzlich unbeleckt von musiktheoretischen Qualifizierungen lieferte sich das \u00fcberwiegend weibliche Publikum den pochenden Grooves aus, die DJ Kuhn mit seinem Laptop entwarf. Spannend wurde es dann, wenn die Bl\u00e4ser gruppenweise oder gemeinsam einsetzten und dem stoischen Beat musikalische Elmsfeuer abtrotzten. Tieffrequent schoben sie schwere, tempom\u00e4\u00dfig heruntergeregelte Brecher unter den Clubsound und rissen mit Tuba, Posaunen und Kontrabassklarinette L\u00f6cher in den unbarmherzigen Beat. S\u00e4ngerin Lena Geue, neu in dem nur scheinbar wilden Haufen, verbreitete zwar viel gute Laune, tat sich aber sonst etwas schwer. Meist klebte sie mit der Nase am Notenblatt. In etwas freieren Passagen, wo sie lediglich vokale Soundsilben beisteuern durfte, klang sie dann ein wenig nach \u201eHui Buh, das Schlossgespenst\u201c. Verst\u00e4rkung bekam sie hie und da durch den singenden Keyboarder, der ansonsten mehr dadurch auffiel, dass er das Publikum anzufeuern versuchte. Eine echte Show aber waren eins ums andere Mal die Bl\u00e4ser, insgesamt neun an der Zahl, die mit dem R\u00fccken am zugeh\u00e4ngten Schaufenster klebten und richtig coole musikalische Wellen durch den Raum schickten. Unter Leitung ihres musikalischen Direktors, dem gro\u00dfartigen Posaunisten Roman Sladek, sassen sie dabei manchmal auf dem Beat und feuerten munter funkige Quersch\u00fcsse ab. Manchmal legten sie sich auch quer zum Beat und setzten die Musik unter vibrierende Spannung. Und wie es sich f\u00fcr eine Jazzband geh\u00f6rt, f\u00fctterten sie das sonst eher an karge musikalische Kost gew\u00f6hnte Partyvolk mit leidenschaftlichen und packenden Soli. Neben Frontmann Sladek setzten vor allem Florian Leuschner (sax, bassklarinette), die Trompeterin Angela Avetisyan und Tenorsaxofonist Raphael Huber solistische Glanzlichter aufs brodelnde Gebr\u00e4u.<\/p>\n<figure id=\"attachment_12819\" aria-describedby=\"caption-attachment-12819\" style=\"width: 300px\" class=\"wp-caption alignleft\"><img data-recalc-dims=\"1\" loading=\"lazy\" decoding=\"async\" data-attachment-id=\"12819\" data-permalink=\"https:\/\/www.jazzzeitung.de\/cms\/2017\/06\/musikalisches-elmsfeuer-auf-dem-technobeat\/jrbb_35\/\" data-orig-file=\"https:\/\/i0.wp.com\/www.jazzzeitung.de\/cms\/wp-content\/uploads\/2017\/06\/JRBB_35.jpg?fit=2362%2C1607&amp;ssl=1\" data-orig-size=\"2362,1607\" data-comments-opened=\"1\" data-image-meta=\"{&quot;aperture&quot;:&quot;3.5&quot;,&quot;credit&quot;:&quot;&quot;,&quot;camera&quot;:&quot;NIKON D80&quot;,&quot;caption&quot;:&quot;&quot;,&quot;created_timestamp&quot;:&quot;1498082145&quot;,&quot;copyright&quot;:&quot;&quot;,&quot;focal_length&quot;:&quot;18&quot;,&quot;iso&quot;:&quot;1600&quot;,&quot;shutter_speed&quot;:&quot;0.01&quot;,&quot;title&quot;:&quot;&quot;,&quot;orientation&quot;:&quot;1&quot;}\" data-image-title=\"JRBB_35\" data-image-description=\"\" data-image-caption=\"&lt;p&gt;Jazzrausch BigBand, Foto: Scheiner&lt;\/p&gt;\n\" data-large-file=\"https:\/\/i0.wp.com\/www.jazzzeitung.de\/cms\/wp-content\/uploads\/2017\/06\/JRBB_35.jpg?fit=840%2C571&amp;ssl=1\" class=\"wp-image-12819 size-medium\" src=\"https:\/\/i0.wp.com\/www.jazzzeitung.de\/cms\/wp-content\/uploads\/2017\/06\/JRBB_35.jpg?resize=300%2C204&#038;ssl=1\" alt=\"\" width=\"300\" height=\"204\" srcset=\"https:\/\/i0.wp.com\/www.jazzzeitung.de\/cms\/wp-content\/uploads\/2017\/06\/JRBB_35.jpg?resize=300%2C204&amp;ssl=1 300w, https:\/\/i0.wp.com\/www.jazzzeitung.de\/cms\/wp-content\/uploads\/2017\/06\/JRBB_35.jpg?resize=768%2C523&amp;ssl=1 768w, https:\/\/i0.wp.com\/www.jazzzeitung.de\/cms\/wp-content\/uploads\/2017\/06\/JRBB_35.jpg?resize=882%2C600&amp;ssl=1 882w, https:\/\/i0.wp.com\/www.jazzzeitung.de\/cms\/wp-content\/uploads\/2017\/06\/JRBB_35.jpg?w=1680&amp;ssl=1 1680w\" sizes=\"auto, (max-width: 300px) 100vw, 300px\" \/><figcaption id=\"caption-attachment-12819\" class=\"wp-caption-text\">Jazzrausch BigBand, Foto: Michael Scheiner<\/figcaption><\/figure>\n<p>Gegr\u00fcndet wurde die ungew\u00f6hnliche Bigband vor drei Jahren in M\u00fcnchen als Hausband des angesagten Technoclubs Harry Klein. Sie steht damit in einer Reihe mit erfrischend undogmatischen jungen Gro\u00dfformationen wie den franz\u00f6sischen \u201eLes Lapins Superstars\u201c, \u201ePing Machine\u201c oder der \u201eElectro Deluxe Big Band\u201c. Vor kurzem hat Gr\u00fcnder Sladek den diesj\u00e4hrigen BMW Welt Young Artist Jazz Award verliehen bekommen. Das Preistr\u00e4gerkonzert wird er zusammen mit der Jazzrausch Bigband am 14. Oktober bei den 41. Leipziger Jazztagen spielen.<\/p>\n<p><a href=\"http:\/\/BMW\"><em>Info: www.facebook.com\/search\/top\/?q=jrbb%20-%20jazzrausch%20bigband<\/em><\/a><\/p>\n<p>Text: Michael Scheiner<\/p>\n<p><strong>Weitere Konzerttermine:<\/strong><\/p>\n<p><strong>6.07.<\/strong> Konzert in Ulm, 20 Uhr: Fiva x JRBB<\/p>\n<p><strong>15.07.<\/strong> Konzert in M\u00fcnchen, 19 Uhr: Cafe Cord Sommerfest w\/ Jazzrausch Bigband<\/p>\n<p><strong>28.-30.07.<\/strong> Konzerte in Crailsheim, jeweils 16 Uhr: Jungle Beat Festival 2017<\/p>\n<p><strong>3.-5.08.<\/strong> Konzerte in Eching, jeweils 18 Uhr: Brass Wiesn Festival 2017<\/p>\n<p><strong>6.\/7.08.<\/strong> Konzerte in Gersthofen, jeweils 18 Uhr: Kulturina 2017<\/p>\n","protected":false},"excerpt":{"rendered":"<p>Einer w\u00e4re wohl innerlich angewidert davongezogen. Mehr als hundert andere dagegen \u00fcberliessen sich lustvoll den harten Technobeats, mit denen die M\u00fcnchner Jazzrausch Bigband das Degginger in heftige Schwingungen versetzte. Der verstorbene Richard Wiedamann, eine Autorit\u00e4t in Sachen Jazz, sprach dem in den 90er Jahren aufgekommenen Techno und House jegliche Musikalit\u00e4t radikal ab. Dass heute junge Musiker, meist gut ausgebildete Profis, ausgerechnet diese maschinenhafte Musik, oft bis aufs rhythmische Ger\u00fcst skelettiert, als Grundlage f\u00fcr ihren berauschenden Bigbandsound nutzen, h\u00e4tte ihn wohl eher ver\u00e4rgert als nachhaltig verst\u00f6rt. G\u00e4nzlich unbeleckt von musiktheoretischen Qualifizierungen lieferte sich das \u00fcberwiegend weibliche Publikum den pochenden Grooves aus, die DJ Kuhn mit seinem Laptop entwarf. Spannend wurde es dann, wenn die Bl\u00e4ser gruppenweise oder gemeinsam einsetzten und dem stoischen Beat musikalische Elmsfeuer abtrotzten. Tieffrequent schoben sie schwere, tempom\u00e4\u00dfig heruntergeregelte Brecher unter den Clubsound und rissen mit Tuba, Posaunen und Kontrabassklarinette L\u00f6cher in den unbarmherzigen Beat. S\u00e4ngerin Lena Geue, neu in dem nur scheinbar wilden Haufen, verbreitete zwar viel gute Laune, tat sich aber sonst etwas schwer. Meist klebte sie mit der Nase am Notenblatt. In etwas freieren Passagen, wo sie lediglich vokale Soundsilben &hellip;<\/p>\n","protected":false},"author":18,"featured_media":0,"comment_status":"open","ping_status":"closed","sticky":false,"template":"","format":"standard","meta":{"_jetpack_memberships_contains_paid_content":false,"footnotes":"","jetpack_publicize_message":"","jetpack_publicize_feature_enabled":true,"jetpack_social_post_already_shared":false,"jetpack_social_options":{"image_generator_settings":{"template":"highway","default_image_id":0,"font":"","enabled":false},"version":2}},"categories":[1053],"tags":[71,73,85,171,3,254,322,323,387,401,469,1176,597],"coauthors":[695],"class_list":["post-12815","post","type-post","status-publish","format-standard","hentry","category-bericht","tag-big-band","tag-bigband","tag-bmw-welt","tag-facebook","tag-festival","tag-jazz-award","tag-konzert-2","tag-konzerte","tag-michael-scheiner","tag-muenchen","tag-richard-wiedamann","tag-soli","tag-wiedamann"],"yoast_head":"<!-- This site is optimized with the Yoast SEO plugin v27.5 - https:\/\/yoast.com\/product\/yoast-seo-wordpress\/ -->\n<title>Musikalisches Elmsfeuer auf dem Technobeat - JazzZeitung<\/title>\n<meta name=\"robots\" content=\"index, follow, max-snippet:-1, max-image-preview:large, max-video-preview:-1\" \/>\n<link rel=\"canonical\" href=\"https:\/\/www.jazzzeitung.de\/cms\/2017\/06\/musikalisches-elmsfeuer-auf-dem-technobeat\/\" \/>\n<meta property=\"og:locale\" content=\"de_DE\" \/>\n<meta property=\"og:type\" content=\"article\" \/>\n<meta property=\"og:title\" content=\"Musikalisches Elmsfeuer auf dem Technobeat - JazzZeitung\" \/>\n<meta property=\"og:description\" content=\"Einer w\u00e4re wohl innerlich angewidert davongezogen. Mehr als hundert andere dagegen \u00fcberliessen sich lustvoll den harten Technobeats, mit denen die M\u00fcnchner Jazzrausch Bigband das Degginger in heftige Schwingungen versetzte. Der verstorbene Richard Wiedamann, eine Autorit\u00e4t in Sachen Jazz, sprach dem in den 90er Jahren aufgekommenen Techno und House jegliche Musikalit\u00e4t radikal ab. Dass heute junge Musiker, meist gut ausgebildete Profis, ausgerechnet diese maschinenhafte Musik, oft bis aufs rhythmische Ger\u00fcst skelettiert, als Grundlage f\u00fcr ihren berauschenden Bigbandsound nutzen, h\u00e4tte ihn wohl eher ver\u00e4rgert als nachhaltig verst\u00f6rt. G\u00e4nzlich unbeleckt von musiktheoretischen Qualifizierungen lieferte sich das \u00fcberwiegend weibliche Publikum den pochenden Grooves aus, die DJ Kuhn mit seinem Laptop entwarf. Spannend wurde es dann, wenn die Bl\u00e4ser gruppenweise oder gemeinsam einsetzten und dem stoischen Beat musikalische Elmsfeuer abtrotzten. Tieffrequent schoben sie schwere, tempom\u00e4\u00dfig heruntergeregelte Brecher unter den Clubsound und rissen mit Tuba, Posaunen und Kontrabassklarinette L\u00f6cher in den unbarmherzigen Beat. S\u00e4ngerin Lena Geue, neu in dem nur scheinbar wilden Haufen, verbreitete zwar viel gute Laune, tat sich aber sonst etwas schwer. Meist klebte sie mit der Nase am Notenblatt. In etwas freieren Passagen, wo sie lediglich vokale Soundsilben &hellip;\" \/>\n<meta property=\"og:url\" content=\"https:\/\/www.jazzzeitung.de\/cms\/2017\/06\/musikalisches-elmsfeuer-auf-dem-technobeat\/\" \/>\n<meta property=\"og:site_name\" content=\"JazzZeitung\" \/>\n<meta property=\"article:publisher\" content=\"https:\/\/www.facebook.com\/JazzZeitung\/\" \/>\n<meta property=\"article:published_time\" content=\"2017-06-30T09:00:44+00:00\" \/>\n<meta property=\"og:image\" content=\"https:\/\/www.jazzzeitung.de\/cms\/wp-content\/uploads\/2017\/06\/Sladek-Roman_52-300x201.jpg\" \/>\n<meta name=\"author\" content=\"Redaktion JazzZeitung\" \/>\n<script type=\"application\/ld+json\" class=\"yoast-schema-graph\">{\"@context\":\"https:\\\/\\\/schema.org\",\"@graph\":[{\"@type\":\"Article\",\"@id\":\"https:\\\/\\\/www.jazzzeitung.de\\\/cms\\\/2017\\\/06\\\/musikalisches-elmsfeuer-auf-dem-technobeat\\\/#article\",\"isPartOf\":{\"@id\":\"https:\\\/\\\/www.jazzzeitung.de\\\/cms\\\/2017\\\/06\\\/musikalisches-elmsfeuer-auf-dem-technobeat\\\/\"},\"author\":{\"name\":\"Redaktion JazzZeitung\",\"@id\":\"https:\\\/\\\/www.jazzzeitung.de\\\/cms\\\/#\\\/schema\\\/person\\\/2245b36b9cd1d24cea10f01c031fb92b\"},\"headline\":\"Musikalisches Elmsfeuer auf dem Technobeat\",\"datePublished\":\"2017-06-30T09:00:44+00:00\",\"mainEntityOfPage\":{\"@id\":\"https:\\\/\\\/www.jazzzeitung.de\\\/cms\\\/2017\\\/06\\\/musikalisches-elmsfeuer-auf-dem-technobeat\\\/\"},\"wordCount\":534,\"commentCount\":0,\"publisher\":{\"@id\":\"https:\\\/\\\/www.jazzzeitung.de\\\/cms\\\/#organization\"},\"image\":{\"@id\":\"https:\\\/\\\/www.jazzzeitung.de\\\/cms\\\/2017\\\/06\\\/musikalisches-elmsfeuer-auf-dem-technobeat\\\/#primaryimage\"},\"thumbnailUrl\":\"https:\\\/\\\/www.jazzzeitung.de\\\/cms\\\/wp-content\\\/uploads\\\/2017\\\/06\\\/Sladek-Roman_52-300x201.jpg\",\"keywords\":[\"Big Band\",\"Bigband\",\"bmw welt\",\"facebook\",\"Festival\",\"Jazz Award\",\"Konzert\",\"Konzerte\",\"Michael Scheiner\",\"M\u00fcnchen\",\"Richard Wiedamann\",\"Soli\",\"wiedamann\"],\"articleSection\":[\"Bericht\"],\"inLanguage\":\"de\",\"potentialAction\":[{\"@type\":\"CommentAction\",\"name\":\"Comment\",\"target\":[\"https:\\\/\\\/www.jazzzeitung.de\\\/cms\\\/2017\\\/06\\\/musikalisches-elmsfeuer-auf-dem-technobeat\\\/#respond\"]}]},{\"@type\":\"WebPage\",\"@id\":\"https:\\\/\\\/www.jazzzeitung.de\\\/cms\\\/2017\\\/06\\\/musikalisches-elmsfeuer-auf-dem-technobeat\\\/\",\"url\":\"https:\\\/\\\/www.jazzzeitung.de\\\/cms\\\/2017\\\/06\\\/musikalisches-elmsfeuer-auf-dem-technobeat\\\/\",\"name\":\"Musikalisches Elmsfeuer auf dem Technobeat - JazzZeitung\",\"isPartOf\":{\"@id\":\"https:\\\/\\\/www.jazzzeitung.de\\\/cms\\\/#website\"},\"primaryImageOfPage\":{\"@id\":\"https:\\\/\\\/www.jazzzeitung.de\\\/cms\\\/2017\\\/06\\\/musikalisches-elmsfeuer-auf-dem-technobeat\\\/#primaryimage\"},\"image\":{\"@id\":\"https:\\\/\\\/www.jazzzeitung.de\\\/cms\\\/2017\\\/06\\\/musikalisches-elmsfeuer-auf-dem-technobeat\\\/#primaryimage\"},\"thumbnailUrl\":\"https:\\\/\\\/www.jazzzeitung.de\\\/cms\\\/wp-content\\\/uploads\\\/2017\\\/06\\\/Sladek-Roman_52-300x201.jpg\",\"datePublished\":\"2017-06-30T09:00:44+00:00\",\"breadcrumb\":{\"@id\":\"https:\\\/\\\/www.jazzzeitung.de\\\/cms\\\/2017\\\/06\\\/musikalisches-elmsfeuer-auf-dem-technobeat\\\/#breadcrumb\"},\"inLanguage\":\"de\",\"potentialAction\":[{\"@type\":\"ReadAction\",\"target\":[\"https:\\\/\\\/www.jazzzeitung.de\\\/cms\\\/2017\\\/06\\\/musikalisches-elmsfeuer-auf-dem-technobeat\\\/\"]}]},{\"@type\":\"ImageObject\",\"inLanguage\":\"de\",\"@id\":\"https:\\\/\\\/www.jazzzeitung.de\\\/cms\\\/2017\\\/06\\\/musikalisches-elmsfeuer-auf-dem-technobeat\\\/#primaryimage\",\"url\":\"https:\\\/\\\/i0.wp.com\\\/www.jazzzeitung.de\\\/cms\\\/wp-content\\\/uploads\\\/2017\\\/06\\\/Sladek-Roman_52.jpg?fit=2362%2C1581&ssl=1\",\"contentUrl\":\"https:\\\/\\\/i0.wp.com\\\/www.jazzzeitung.de\\\/cms\\\/wp-content\\\/uploads\\\/2017\\\/06\\\/Sladek-Roman_52.jpg?fit=2362%2C1581&ssl=1\",\"width\":2362,\"height\":1581},{\"@type\":\"BreadcrumbList\",\"@id\":\"https:\\\/\\\/www.jazzzeitung.de\\\/cms\\\/2017\\\/06\\\/musikalisches-elmsfeuer-auf-dem-technobeat\\\/#breadcrumb\",\"itemListElement\":[{\"@type\":\"ListItem\",\"position\":1,\"name\":\"Startseite\",\"item\":\"https:\\\/\\\/www.jazzzeitung.de\\\/cms\\\/\"},{\"@type\":\"ListItem\",\"position\":2,\"name\":\"Musikalisches Elmsfeuer auf dem Technobeat\"}]},{\"@type\":\"WebSite\",\"@id\":\"https:\\\/\\\/www.jazzzeitung.de\\\/cms\\\/#website\",\"url\":\"https:\\\/\\\/www.jazzzeitung.de\\\/cms\\\/\",\"name\":\"JazzZeitung\",\"description\":\"Jazz-News und Jazz-Kontroverses\",\"publisher\":{\"@id\":\"https:\\\/\\\/www.jazzzeitung.de\\\/cms\\\/#organization\"},\"potentialAction\":[{\"@type\":\"SearchAction\",\"target\":{\"@type\":\"EntryPoint\",\"urlTemplate\":\"https:\\\/\\\/www.jazzzeitung.de\\\/cms\\\/?s={search_term_string}\"},\"query-input\":{\"@type\":\"PropertyValueSpecification\",\"valueRequired\":true,\"valueName\":\"search_term_string\"}}],\"inLanguage\":\"de\"},{\"@type\":\"Organization\",\"@id\":\"https:\\\/\\\/www.jazzzeitung.de\\\/cms\\\/#organization\",\"name\":\"JazzZeitung online\",\"url\":\"https:\\\/\\\/www.jazzzeitung.de\\\/cms\\\/\",\"logo\":{\"@type\":\"ImageObject\",\"inLanguage\":\"de\",\"@id\":\"https:\\\/\\\/www.jazzzeitung.de\\\/cms\\\/#\\\/schema\\\/logo\\\/image\\\/\",\"url\":\"https:\\\/\\\/i0.wp.com\\\/www.jazzzeitung.de\\\/cms\\\/wp-content\\\/uploads\\\/2015\\\/08\\\/JAZZZEITUNGDE_Logo_Neu.png?fit=499%2C200&ssl=1\",\"contentUrl\":\"https:\\\/\\\/i0.wp.com\\\/www.jazzzeitung.de\\\/cms\\\/wp-content\\\/uploads\\\/2015\\\/08\\\/JAZZZEITUNGDE_Logo_Neu.png?fit=499%2C200&ssl=1\",\"width\":499,\"height\":200,\"caption\":\"JazzZeitung online\"},\"image\":{\"@id\":\"https:\\\/\\\/www.jazzzeitung.de\\\/cms\\\/#\\\/schema\\\/logo\\\/image\\\/\"},\"sameAs\":[\"https:\\\/\\\/www.facebook.com\\\/JazzZeitung\\\/\"]},{\"@type\":\"Person\",\"@id\":\"https:\\\/\\\/www.jazzzeitung.de\\\/cms\\\/#\\\/schema\\\/person\\\/2245b36b9cd1d24cea10f01c031fb92b\",\"name\":\"Redaktion JazzZeitung\",\"image\":{\"@type\":\"ImageObject\",\"inLanguage\":\"de\",\"@id\":\"https:\\\/\\\/i0.wp.com\\\/www.jazzzeitung.de\\\/cms\\\/wp-content\\\/uploads\\\/2015\\\/08\\\/JAZZZEITUNGDE_Logo_Neu.png?resize=96%2C96&ssl=159975dcacb611b5700bd619b5daf0a7a\",\"url\":\"https:\\\/\\\/i0.wp.com\\\/www.jazzzeitung.de\\\/cms\\\/wp-content\\\/uploads\\\/2015\\\/08\\\/JAZZZEITUNGDE_Logo_Neu.png?resize=96%2C96&ssl=1\",\"contentUrl\":\"https:\\\/\\\/i0.wp.com\\\/www.jazzzeitung.de\\\/cms\\\/wp-content\\\/uploads\\\/2015\\\/08\\\/JAZZZEITUNGDE_Logo_Neu.png?resize=96%2C96&ssl=1\",\"caption\":\"Redaktion JazzZeitung\"},\"description\":\"Artikel der Redaktion der JazzZeitung.\",\"sameAs\":[\"http:\\\/\\\/www.jazzzeitung.de\\\/cms\\\/\"],\"url\":\"https:\\\/\\\/www.jazzzeitung.de\\\/cms\\\/author\\\/redaktion\\\/\"}]}<\/script>\n<!-- \/ Yoast SEO plugin. -->","yoast_head_json":{"title":"Musikalisches Elmsfeuer auf dem Technobeat - JazzZeitung","robots":{"index":"index","follow":"follow","max-snippet":"max-snippet:-1","max-image-preview":"max-image-preview:large","max-video-preview":"max-video-preview:-1"},"canonical":"https:\/\/www.jazzzeitung.de\/cms\/2017\/06\/musikalisches-elmsfeuer-auf-dem-technobeat\/","og_locale":"de_DE","og_type":"article","og_title":"Musikalisches Elmsfeuer auf dem Technobeat - JazzZeitung","og_description":"Einer w\u00e4re wohl innerlich angewidert davongezogen. Mehr als hundert andere dagegen \u00fcberliessen sich lustvoll den harten Technobeats, mit denen die M\u00fcnchner Jazzrausch Bigband das Degginger in heftige Schwingungen versetzte. Der verstorbene Richard Wiedamann, eine Autorit\u00e4t in Sachen Jazz, sprach dem in den 90er Jahren aufgekommenen Techno und House jegliche Musikalit\u00e4t radikal ab. Dass heute junge Musiker, meist gut ausgebildete Profis, ausgerechnet diese maschinenhafte Musik, oft bis aufs rhythmische Ger\u00fcst skelettiert, als Grundlage f\u00fcr ihren berauschenden Bigbandsound nutzen, h\u00e4tte ihn wohl eher ver\u00e4rgert als nachhaltig verst\u00f6rt. G\u00e4nzlich unbeleckt von musiktheoretischen Qualifizierungen lieferte sich das \u00fcberwiegend weibliche Publikum den pochenden Grooves aus, die DJ Kuhn mit seinem Laptop entwarf. Spannend wurde es dann, wenn die Bl\u00e4ser gruppenweise oder gemeinsam einsetzten und dem stoischen Beat musikalische Elmsfeuer abtrotzten. Tieffrequent schoben sie schwere, tempom\u00e4\u00dfig heruntergeregelte Brecher unter den Clubsound und rissen mit Tuba, Posaunen und Kontrabassklarinette L\u00f6cher in den unbarmherzigen Beat. S\u00e4ngerin Lena Geue, neu in dem nur scheinbar wilden Haufen, verbreitete zwar viel gute Laune, tat sich aber sonst etwas schwer. Meist klebte sie mit der Nase am Notenblatt. In etwas freieren Passagen, wo sie lediglich vokale Soundsilben &hellip;","og_url":"https:\/\/www.jazzzeitung.de\/cms\/2017\/06\/musikalisches-elmsfeuer-auf-dem-technobeat\/","og_site_name":"JazzZeitung","article_publisher":"https:\/\/www.facebook.com\/JazzZeitung\/","article_published_time":"2017-06-30T09:00:44+00:00","og_image":[{"url":"https:\/\/www.jazzzeitung.de\/cms\/wp-content\/uploads\/2017\/06\/Sladek-Roman_52-300x201.jpg","type":"","width":"","height":""}],"author":"Redaktion JazzZeitung","schema":{"@context":"https:\/\/schema.org","@graph":[{"@type":"Article","@id":"https:\/\/www.jazzzeitung.de\/cms\/2017\/06\/musikalisches-elmsfeuer-auf-dem-technobeat\/#article","isPartOf":{"@id":"https:\/\/www.jazzzeitung.de\/cms\/2017\/06\/musikalisches-elmsfeuer-auf-dem-technobeat\/"},"author":{"name":"Redaktion JazzZeitung","@id":"https:\/\/www.jazzzeitung.de\/cms\/#\/schema\/person\/2245b36b9cd1d24cea10f01c031fb92b"},"headline":"Musikalisches Elmsfeuer auf dem Technobeat","datePublished":"2017-06-30T09:00:44+00:00","mainEntityOfPage":{"@id":"https:\/\/www.jazzzeitung.de\/cms\/2017\/06\/musikalisches-elmsfeuer-auf-dem-technobeat\/"},"wordCount":534,"commentCount":0,"publisher":{"@id":"https:\/\/www.jazzzeitung.de\/cms\/#organization"},"image":{"@id":"https:\/\/www.jazzzeitung.de\/cms\/2017\/06\/musikalisches-elmsfeuer-auf-dem-technobeat\/#primaryimage"},"thumbnailUrl":"https:\/\/www.jazzzeitung.de\/cms\/wp-content\/uploads\/2017\/06\/Sladek-Roman_52-300x201.jpg","keywords":["Big Band","Bigband","bmw welt","facebook","Festival","Jazz Award","Konzert","Konzerte","Michael Scheiner","M\u00fcnchen","Richard Wiedamann","Soli","wiedamann"],"articleSection":["Bericht"],"inLanguage":"de","potentialAction":[{"@type":"CommentAction","name":"Comment","target":["https:\/\/www.jazzzeitung.de\/cms\/2017\/06\/musikalisches-elmsfeuer-auf-dem-technobeat\/#respond"]}]},{"@type":"WebPage","@id":"https:\/\/www.jazzzeitung.de\/cms\/2017\/06\/musikalisches-elmsfeuer-auf-dem-technobeat\/","url":"https:\/\/www.jazzzeitung.de\/cms\/2017\/06\/musikalisches-elmsfeuer-auf-dem-technobeat\/","name":"Musikalisches Elmsfeuer auf dem Technobeat - JazzZeitung","isPartOf":{"@id":"https:\/\/www.jazzzeitung.de\/cms\/#website"},"primaryImageOfPage":{"@id":"https:\/\/www.jazzzeitung.de\/cms\/2017\/06\/musikalisches-elmsfeuer-auf-dem-technobeat\/#primaryimage"},"image":{"@id":"https:\/\/www.jazzzeitung.de\/cms\/2017\/06\/musikalisches-elmsfeuer-auf-dem-technobeat\/#primaryimage"},"thumbnailUrl":"https:\/\/www.jazzzeitung.de\/cms\/wp-content\/uploads\/2017\/06\/Sladek-Roman_52-300x201.jpg","datePublished":"2017-06-30T09:00:44+00:00","breadcrumb":{"@id":"https:\/\/www.jazzzeitung.de\/cms\/2017\/06\/musikalisches-elmsfeuer-auf-dem-technobeat\/#breadcrumb"},"inLanguage":"de","potentialAction":[{"@type":"ReadAction","target":["https:\/\/www.jazzzeitung.de\/cms\/2017\/06\/musikalisches-elmsfeuer-auf-dem-technobeat\/"]}]},{"@type":"ImageObject","inLanguage":"de","@id":"https:\/\/www.jazzzeitung.de\/cms\/2017\/06\/musikalisches-elmsfeuer-auf-dem-technobeat\/#primaryimage","url":"https:\/\/i0.wp.com\/www.jazzzeitung.de\/cms\/wp-content\/uploads\/2017\/06\/Sladek-Roman_52.jpg?fit=2362%2C1581&ssl=1","contentUrl":"https:\/\/i0.wp.com\/www.jazzzeitung.de\/cms\/wp-content\/uploads\/2017\/06\/Sladek-Roman_52.jpg?fit=2362%2C1581&ssl=1","width":2362,"height":1581},{"@type":"BreadcrumbList","@id":"https:\/\/www.jazzzeitung.de\/cms\/2017\/06\/musikalisches-elmsfeuer-auf-dem-technobeat\/#breadcrumb","itemListElement":[{"@type":"ListItem","position":1,"name":"Startseite","item":"https:\/\/www.jazzzeitung.de\/cms\/"},{"@type":"ListItem","position":2,"name":"Musikalisches Elmsfeuer auf dem Technobeat"}]},{"@type":"WebSite","@id":"https:\/\/www.jazzzeitung.de\/cms\/#website","url":"https:\/\/www.jazzzeitung.de\/cms\/","name":"JazzZeitung","description":"Jazz-News und Jazz-Kontroverses","publisher":{"@id":"https:\/\/www.jazzzeitung.de\/cms\/#organization"},"potentialAction":[{"@type":"SearchAction","target":{"@type":"EntryPoint","urlTemplate":"https:\/\/www.jazzzeitung.de\/cms\/?s={search_term_string}"},"query-input":{"@type":"PropertyValueSpecification","valueRequired":true,"valueName":"search_term_string"}}],"inLanguage":"de"},{"@type":"Organization","@id":"https:\/\/www.jazzzeitung.de\/cms\/#organization","name":"JazzZeitung online","url":"https:\/\/www.jazzzeitung.de\/cms\/","logo":{"@type":"ImageObject","inLanguage":"de","@id":"https:\/\/www.jazzzeitung.de\/cms\/#\/schema\/logo\/image\/","url":"https:\/\/i0.wp.com\/www.jazzzeitung.de\/cms\/wp-content\/uploads\/2015\/08\/JAZZZEITUNGDE_Logo_Neu.png?fit=499%2C200&ssl=1","contentUrl":"https:\/\/i0.wp.com\/www.jazzzeitung.de\/cms\/wp-content\/uploads\/2015\/08\/JAZZZEITUNGDE_Logo_Neu.png?fit=499%2C200&ssl=1","width":499,"height":200,"caption":"JazzZeitung online"},"image":{"@id":"https:\/\/www.jazzzeitung.de\/cms\/#\/schema\/logo\/image\/"},"sameAs":["https:\/\/www.facebook.com\/JazzZeitung\/"]},{"@type":"Person","@id":"https:\/\/www.jazzzeitung.de\/cms\/#\/schema\/person\/2245b36b9cd1d24cea10f01c031fb92b","name":"Redaktion JazzZeitung","image":{"@type":"ImageObject","inLanguage":"de","@id":"https:\/\/i0.wp.com\/www.jazzzeitung.de\/cms\/wp-content\/uploads\/2015\/08\/JAZZZEITUNGDE_Logo_Neu.png?resize=96%2C96&ssl=159975dcacb611b5700bd619b5daf0a7a","url":"https:\/\/i0.wp.com\/www.jazzzeitung.de\/cms\/wp-content\/uploads\/2015\/08\/JAZZZEITUNGDE_Logo_Neu.png?resize=96%2C96&ssl=1","contentUrl":"https:\/\/i0.wp.com\/www.jazzzeitung.de\/cms\/wp-content\/uploads\/2015\/08\/JAZZZEITUNGDE_Logo_Neu.png?resize=96%2C96&ssl=1","caption":"Redaktion JazzZeitung"},"description":"Artikel der Redaktion der JazzZeitung.","sameAs":["http:\/\/www.jazzzeitung.de\/cms\/"],"url":"https:\/\/www.jazzzeitung.de\/cms\/author\/redaktion\/"}]}},"wp-worthy-pixel":{"ignored":false,"public":null,"server":null,"url":null},"wp-worthy-type":"normal","jetpack_publicize_connections":[],"cc_featured_image_caption":{"caption_text":false,"source_text":false,"source_url":false},"jetpack_featured_media_url":"","jetpack_shortlink":"https:\/\/wp.me\/p3KEcT-3kH","jetpack-related-posts":[{"id":690,"url":"https:\/\/www.jazzzeitung.de\/cms\/2011\/01\/ende-einer-aera-richard-wiedamann-gestorben\/","url_meta":{"origin":12815,"position":0},"title":"Ende einer \u00c4ra: Richard Wiedamann gestorben","author":"J\u00f6rg Lichtinger","date":"7. Januar 2011","format":false,"excerpt":"Wie das Bayerische Jazzinstitut gestern auf seiner Website meldete, ist der Gr\u00fcnder und langj\u00e4hrige Leiter des Instituts Richard Wiedamann am 6. Januar 2011 verstorben. Sein Tod bedeutet das Ende einer \u00c4ra, denn vieles, was den Jazz in Regensburg und Bayern betrifft, geht auf Wiedamanns Bem\u00fchungen zur\u00fcck. Als Leiter der St\u00e4dtischen\u2026","rel":"","context":"In &quot;Blog&quot;","block_context":{"text":"Blog","link":"https:\/\/www.jazzzeitung.de\/cms\/thema\/blog\/"},"img":{"alt_text":"Wiedamann im Jahr 2001. Foto: Michael Scheiner","src":"https:\/\/i0.wp.com\/www.jazzzeitung.de\/cms\/wp-content\/uploads\/2011\/01\/WiedamannR-507-3-300x228.jpg?resize=350%2C200","width":350,"height":200},"classes":[]},{"id":1115,"url":"https:\/\/www.jazzzeitung.de\/cms\/2011\/07\/auf-den-spuren-von-richard-jazzweekend-regensburg-2011\/","url_meta":{"origin":12815,"position":1},"title":"Auf den Spuren von Richard: Jazzweekend Regensburg 2011","author":"J\u00f6rg Lichtinger","date":"7. Juli 2011","format":false,"excerpt":"Das heute gestartete 30. Bayerische Jazzweekend Regensburg ist die erste Ausgabe des Stadtfestivals ohne seinen Initiator Richard Wiedamann. Der am 06. Januar 2011 verstorbene Wiedamann war eine Pers\u00f6nlichkeit, der seine Region pr\u00e4gte, indem er \u00fcber Jahrzehnte hinweg Strukturen aufbaute (Bayerisches Jazzweekend, Bayerisches Jazzinstitut, Landesjugend Jazzorchester), von denen der Jazz in\u2026","rel":"","context":"In &quot;Blog&quot;","block_context":{"text":"Blog","link":"https:\/\/www.jazzzeitung.de\/cms\/thema\/blog\/"},"img":{"alt_text":"jw_logo","src":"https:\/\/i0.wp.com\/www.jazzzeitung.de\/cms\/wp-content\/uploads\/2011\/07\/jw_logo.jpg?resize=350%2C200","width":350,"height":200},"classes":[]},{"id":1360,"url":"https:\/\/www.jazzzeitung.de\/cms\/2011\/10\/one-for-richard-two-for-the-rest\/","url_meta":{"origin":12815,"position":2},"title":"One for Richard \u2013 Two for the Rest","author":"J\u00f6rg Lichtinger","date":"27. Oktober 2011","format":false,"excerpt":"LUX \u2013 3 Herbstkonzerte des Landes-Jugendjazzorchesters Bayern mit dem Bayerischen Jugendchor Das Herbstprojekt des Bayerischen Landes-Jugendjazzorchesters ist in diesem Jahr eine Gemeinschaftsproduktion mit dem Bayerischen Landesjugendchor unter dem Motto \u201eLux \u2013 Licht\u201c. Im ersten Teil des Programms besch\u00e4ftigt sich der Landesjugendchor unter der Leitung von Gerd Guglh\u00f6r mit der zeitlosen\u2026","rel":"","context":"In &quot;Blog&quot;","block_context":{"text":"Blog","link":"https:\/\/www.jazzzeitung.de\/cms\/thema\/blog\/"},"img":{"alt_text":"","src":"https:\/\/i0.wp.com\/www.jazzzeitung.de\/cms\/wp-content\/uploads\/2011\/01\/WiedamannR-507-3-300x228.jpg?resize=350%2C200","width":350,"height":200},"classes":[]},{"id":25652,"url":"https:\/\/www.jazzzeitung.de\/cms\/2021\/08\/covid-19-und-der-bayernjazz\/","url_meta":{"origin":12815,"position":3},"title":"COVID-19 und der Bayernjazz?","author":"Redaktion JazzZeitung","date":"31. August 2021","format":false,"excerpt":"Im S\u00fcden Deutschlands bringt die Pandemie indirekt traditionsreiche Jazz-Institutionen ins Wanken Jazz-Hot-Spot Nummer 1: Burghausen. Burghausens B\u00fcrgermeister, Florian Schneider, und die IG Jazz als Veranstalter der Sommerkurse Burghausen haben coronabedingt Joe Viera und sein Dozententeam als Leiter der Burghausener Jazzkurse abgeschafft. Nachdem Joe Viera es f\u00fcr nicht Jazz-ad\u00e4quat hielt, den\u2026","rel":"","context":"In &quot;News&quot;","block_context":{"text":"News","link":"https:\/\/www.jazzzeitung.de\/cms\/thema\/nachrichten\/"},"img":{"alt_text":"","src":"https:\/\/i0.wp.com\/www.jazzzeitung.de\/cms\/wp-content\/uploads\/2021\/08\/20210717_180948-e1630409248774.jpg?fit=1200%2C898&ssl=1&resize=350%2C200","width":350,"height":200,"srcset":"https:\/\/i0.wp.com\/www.jazzzeitung.de\/cms\/wp-content\/uploads\/2021\/08\/20210717_180948-e1630409248774.jpg?fit=1200%2C898&ssl=1&resize=350%2C200 1x, https:\/\/i0.wp.com\/www.jazzzeitung.de\/cms\/wp-content\/uploads\/2021\/08\/20210717_180948-e1630409248774.jpg?fit=1200%2C898&ssl=1&resize=525%2C300 1.5x, https:\/\/i0.wp.com\/www.jazzzeitung.de\/cms\/wp-content\/uploads\/2021\/08\/20210717_180948-e1630409248774.jpg?fit=1200%2C898&ssl=1&resize=700%2C400 2x, https:\/\/i0.wp.com\/www.jazzzeitung.de\/cms\/wp-content\/uploads\/2021\/08\/20210717_180948-e1630409248774.jpg?fit=1200%2C898&ssl=1&resize=1050%2C600 3x"},"classes":[]},{"id":3016,"url":"https:\/\/www.jazzzeitung.de\/cms\/2013\/11\/jazzclub-des-monats-november-der-jazzclub-regensburg\/","url_meta":{"origin":12815,"position":4},"title":"Jazzclub des Monats November: Der Jazzclub Regensburg","author":"Redaktion JazzZeitung","date":"14. November 2013","format":false,"excerpt":"Der Jazzclub Regensburg wurde vom Staatsminister f\u00fcr Kultur und Medien mit dem Spielst\u00e4ttenprogrammpreis 2013 ausgezeichnet. Aus 320 Einsendungen w\u00e4hlte eine Fachjury 55 Preistr\u00e4ger in drei Kategorien aus. Damit z\u00e4hlt der Jazzclub Regensburg zu insgesamt noch 12 ausgezeichneten Clubs aus Bayern. Unsere Mitarbeiterin Caro Kirsch hat sich den Club n\u00e4her angeschaut.\u2026","rel":"","context":"In &quot;Jazzclub des Monats&quot;","block_context":{"text":"Jazzclub des Monats","link":"https:\/\/www.jazzzeitung.de\/cms\/thema\/clubs\/jazzclub-des-monats\/"},"img":{"alt_text":"Winnie Freisleben nimmt den Spielst\u00e4ttenprogrammpreis aus den H\u00e4nden von Bernd Neumann entgegen","src":"https:\/\/i0.wp.com\/www.jazzzeitung.de\/cms\/wp-content\/uploads\/2013\/11\/61InitiativeMusikgGmbH2013_y-kaufmann-150x150.jpg?resize=350%2C200","width":350,"height":200},"classes":[]},{"id":20574,"url":"https:\/\/www.jazzzeitung.de\/cms\/2019\/09\/spaeter-erfolg-fuer-eine-vergessene\/","url_meta":{"origin":12815,"position":5},"title":"Sp\u00e4ter Erfolg f\u00fcr eine Vergessene\u00a0\u00a0\u00a0","author":"Michael Scheiner","date":"3. September 2019","format":false,"excerpt":"Jazz. Bei einem Berliner Verlag ist ein Album mit 18 unver\u00f6ffentlichten Songs der 1999 verstorbenen Jazzs\u00e4ngerin Inge Brandenburg erschienen\u00a0\u00a0 \u00a0 Berlin\/M\u00fcnchen. Zwanzig Jahre ist es her, dass in M\u00fcnchen die S\u00e4ngerin Inge Brandenburg gestorben ist. Verarmt und fast vergessen. Trio-11-Pianist Walter Lang hatte sie nur wenige Jahre zuvor aufgest\u00f6bert und\u2026","rel":"","context":"In &quot;News&quot;","block_context":{"text":"News","link":"https:\/\/www.jazzzeitung.de\/cms\/thema\/nachrichten\/"},"img":{"alt_text":"","src":"https:\/\/i0.wp.com\/www.jazzzeitung.de\/cms\/wp-content\/uploads\/2019\/09\/Brandenburg-Malerei_493.jpeg?fit=567%2C373&ssl=1&resize=350%2C200","width":350,"height":200,"srcset":"https:\/\/i0.wp.com\/www.jazzzeitung.de\/cms\/wp-content\/uploads\/2019\/09\/Brandenburg-Malerei_493.jpeg?fit=567%2C373&ssl=1&resize=350%2C200 1x, https:\/\/i0.wp.com\/www.jazzzeitung.de\/cms\/wp-content\/uploads\/2019\/09\/Brandenburg-Malerei_493.jpeg?fit=567%2C373&ssl=1&resize=525%2C300 1.5x"},"classes":[]}],"jetpack_sharing_enabled":true,"_links":{"self":[{"href":"https:\/\/www.jazzzeitung.de\/cms\/wp-json\/wp\/v2\/posts\/12815","targetHints":{"allow":["GET"]}}],"collection":[{"href":"https:\/\/www.jazzzeitung.de\/cms\/wp-json\/wp\/v2\/posts"}],"about":[{"href":"https:\/\/www.jazzzeitung.de\/cms\/wp-json\/wp\/v2\/types\/post"}],"author":[{"embeddable":true,"href":"https:\/\/www.jazzzeitung.de\/cms\/wp-json\/wp\/v2\/users\/18"}],"replies":[{"embeddable":true,"href":"https:\/\/www.jazzzeitung.de\/cms\/wp-json\/wp\/v2\/comments?post=12815"}],"version-history":[{"count":6,"href":"https:\/\/www.jazzzeitung.de\/cms\/wp-json\/wp\/v2\/posts\/12815\/revisions"}],"predecessor-version":[{"id":12817,"href":"https:\/\/www.jazzzeitung.de\/cms\/wp-json\/wp\/v2\/posts\/12815\/revisions\/12817"}],"wp:attachment":[{"href":"https:\/\/www.jazzzeitung.de\/cms\/wp-json\/wp\/v2\/media?parent=12815"}],"wp:term":[{"taxonomy":"category","embeddable":true,"href":"https:\/\/www.jazzzeitung.de\/cms\/wp-json\/wp\/v2\/categories?post=12815"},{"taxonomy":"post_tag","embeddable":true,"href":"https:\/\/www.jazzzeitung.de\/cms\/wp-json\/wp\/v2\/tags?post=12815"},{"taxonomy":"author","embeddable":true,"href":"https:\/\/www.jazzzeitung.de\/cms\/wp-json\/wp\/v2\/coauthors?post=12815"}],"curies":[{"name":"wp","href":"https:\/\/api.w.org\/{rel}","templated":true}]}}