{"id":1281,"date":"2011-10-01T14:52:44","date_gmt":"2011-10-01T12:52:44","guid":{"rendered":"http:\/\/blogs.nmz.de\/jazz\/?p=1281"},"modified":"2011-10-01T14:52:44","modified_gmt":"2011-10-01T12:52:44","slug":"premiere-des-jazz-orchester-bon","status":"publish","type":"post","link":"https:\/\/www.jazzzeitung.de\/cms\/2011\/10\/premiere-des-jazz-orchester-bon\/","title":{"rendered":"Premiere des Jazz Orchester Bonn"},"content":{"rendered":"<p><a href=\"https:\/\/i0.wp.com\/www.jazzzeitung.de\/cms\/wp-content\/uploads\/2011\/10\/BBBF_Logo_rgb_klein.jpg\"><img data-recalc-dims=\"1\" loading=\"lazy\" decoding=\"async\" data-attachment-id=\"1282\" data-permalink=\"https:\/\/www.jazzzeitung.de\/cms\/2011\/10\/premiere-des-jazz-orchester-bon\/bbbf_logo_rgb_klein\/\" data-orig-file=\"https:\/\/i0.wp.com\/www.jazzzeitung.de\/cms\/wp-content\/uploads\/2011\/10\/BBBF_Logo_rgb_klein.jpg?fit=280%2C450&amp;ssl=1\" data-orig-size=\"280,450\" data-comments-opened=\"1\" data-image-meta=\"{&quot;aperture&quot;:&quot;0&quot;,&quot;credit&quot;:&quot;&quot;,&quot;camera&quot;:&quot;&quot;,&quot;caption&quot;:&quot;&quot;,&quot;created_timestamp&quot;:&quot;0&quot;,&quot;copyright&quot;:&quot;&quot;,&quot;focal_length&quot;:&quot;0&quot;,&quot;iso&quot;:&quot;0&quot;,&quot;shutter_speed&quot;:&quot;0&quot;,&quot;title&quot;:&quot;&quot;}\" data-image-title=\"BBBF_Logo_rgb_klein\" data-image-description=\"\" data-image-caption=\"\" data-large-file=\"https:\/\/i0.wp.com\/www.jazzzeitung.de\/cms\/wp-content\/uploads\/2011\/10\/BBBF_Logo_rgb_klein.jpg?fit=280%2C450&amp;ssl=1\" class=\"size-medium wp-image-1282 alignright\" src=\"https:\/\/i0.wp.com\/www.jazzzeitung.de\/cms\/wp-content\/uploads\/2011\/10\/BBBF_Logo_rgb_klein-186x300.jpg?resize=186%2C300\" alt=\"\" width=\"186\" height=\"300\" srcset=\"https:\/\/i0.wp.com\/www.jazzzeitung.de\/cms\/wp-content\/uploads\/2011\/10\/BBBF_Logo_rgb_klein.jpg?resize=186%2C300&amp;ssl=1 186w, https:\/\/i0.wp.com\/www.jazzzeitung.de\/cms\/wp-content\/uploads\/2011\/10\/BBBF_Logo_rgb_klein.jpg?w=280&amp;ssl=1 280w\" sizes=\"auto, (max-width: 186px) 100vw, 186px\" \/><\/a>Heute und morgen gibt es beim 3. Bundesbigbandfestival in Bonn die Gelegenheit, eine ganze Reihe von Amateur- und Profibigbands zu h\u00f6ren. Das Bundesbigbandfestival ist noch 2009 vom inzwischen verstorbenen Peter Herbolzheimer mit auf den Weg gebracht worden. Veranstalter ist der in Bonn ans\u00e4ssige F\u00f6rderverein Jazz e.V., um Manfred Schoof, Ulrich Adomeit und Peter Ortmann. Am Samstag spielen auf dem Museumsplatz im Open-Air-Zelt verschiedene Amateurbands. Die Profis sind dann am Sonntag im &#8222;Forum&#8220; der Bundeskunsthalle dran.<\/p>\n<p>Dabei gibt es dann um 15 Uhr eine Premiere auf dem Festival, wenn das neu gegr\u00fcndete Jazz Orchester Bonn sein erstes Konzert gibt. Die Profi-Bigband setzt sich aus verschiedenen Musikern der Bonner Gegend zusammen, deren Urspr\u00fcnge ins BuJazzO sowie verschiedene Hochschulbigbands und Landesjugend-orchester zur\u00fcckreichen. Die Konzerte sind an beiden Tagen umsonst.<\/p>\n<h6><span style=\"text-decoration: underline; color: #000000;\"><span style=\"text-decoration: underline;\"><strong>Mehr Jazz aus Bonn<\/strong><\/span><\/span>:<\/h6>\n<p>Au\u00dferdem in der Nacht zum Sonntag (2. Oktober 2011) in der <strong>WDR Jazznacht<\/strong> ab 0.05 Uhr: Mitschnitte von diversen NRW-Jazzfestivals u.a. dem <strong>2. Jazzfest Bonn<\/strong>:<\/p>\n<p>Sternal Symphonic Jazz<br \/>\nRon Carter Trio &#8211; The Golden Striker<br \/>\nHelge Sunde Ensemble Denada<\/p>\n<ul>\n<li><a href=\"http:\/\/www.bundesbigbandfestival.de\/index.html\" target=\"_blank\">Mehr zum Programm des 3. Bundesbigbandfestivals<\/a><\/li>\n<li><a href=\"http:\/\/bonnjazzorchester.de\/mainFrame.htm\" target=\"_blank\">Line-Up Jazz Orchester Bonn<\/a><\/li>\n<\/ul>\n","protected":false},"excerpt":{"rendered":"<p>Heute und morgen gibt es beim 3. Bundesbigbandfestival in Bonn die Gelegenheit, eine ganze Reihe von Amateur- und Profibigbands zu h\u00f6ren. Das Bundesbigbandfestival ist noch 2009 vom inzwischen verstorbenen Peter Herbolzheimer mit auf den Weg gebracht worden. Veranstalter ist der in Bonn ans\u00e4ssige F\u00f6rderverein Jazz e.V., um Manfred Schoof, Ulrich Adomeit und Peter Ortmann. Am Samstag spielen auf dem Museumsplatz im Open-Air-Zelt verschiedene Amateurbands. Die Profis sind dann am Sonntag im &#8222;Forum&#8220; der Bundeskunsthalle dran. Dabei gibt es dann um 15 Uhr eine Premiere auf dem Festival, wenn das neu gegr\u00fcndete Jazz Orchester Bonn sein erstes Konzert gibt. Die Profi-Bigband setzt sich aus verschiedenen Musikern der Bonner Gegend zusammen, deren Urspr\u00fcnge ins BuJazzO sowie verschiedene Hochschulbigbands und Landesjugend-orchester zur\u00fcckreichen. Die Konzerte sind an beiden Tagen umsonst. Mehr Jazz aus Bonn: Au\u00dferdem in der Nacht zum Sonntag (2. Oktober 2011) in der WDR Jazznacht ab 0.05 Uhr: Mitschnitte von diversen NRW-Jazzfestivals u.a. dem 2. Jazzfest Bonn: Sternal Symphonic Jazz Ron Carter Trio &#8211; The Golden Striker Helge Sunde Ensemble Denada Mehr zum Programm des 3. Bundesbigbandfestivals Line-Up Jazz Orchester Bonn<\/p>\n","protected":false},"author":4,"featured_media":0,"comment_status":"open","ping_status":"open","sticky":false,"template":"","format":"standard","meta":{"_jetpack_memberships_contains_paid_content":false,"footnotes":"","jetpack_publicize_message":"","jetpack_publicize_feature_enabled":true,"jetpack_social_post_already_shared":false,"jetpack_social_options":{"image_generator_settings":{"template":"highway","default_image_id":0,"font":"","enabled":false},"version":2}},"categories":[82],"tags":[71,91,92,99,181,322,323,373,438,440,568,589],"coauthors":[],"class_list":["post-1281","post","type-post","status-publish","format-standard","hentry","category-blog","tag-big-band","tag-bonn","tag-bonn-jazz-orchester","tag-bujazzo","tag-forderverein-jazz-e-v","tag-konzert-2","tag-konzerte","tag-manfred-schoof","tag-peter-herbolzheimer","tag-peter-ortmann","tag-ulrich-adomeit","tag-wdr"],"yoast_head":"<!-- This site is optimized with the Yoast SEO plugin v27.5 - https:\/\/yoast.com\/product\/yoast-seo-wordpress\/ -->\n<title>Premiere des Jazz Orchester Bonn - JazzZeitung<\/title>\n<meta name=\"robots\" content=\"index, follow, max-snippet:-1, max-image-preview:large, max-video-preview:-1\" \/>\n<link rel=\"canonical\" href=\"https:\/\/www.jazzzeitung.de\/cms\/2011\/10\/premiere-des-jazz-orchester-bon\/\" \/>\n<meta property=\"og:locale\" content=\"de_DE\" \/>\n<meta property=\"og:type\" content=\"article\" \/>\n<meta property=\"og:title\" content=\"Premiere des Jazz Orchester Bonn - JazzZeitung\" \/>\n<meta property=\"og:description\" content=\"Heute und morgen gibt es beim 3. Bundesbigbandfestival in Bonn die Gelegenheit, eine ganze Reihe von Amateur- und Profibigbands zu h\u00f6ren. Das Bundesbigbandfestival ist noch 2009 vom inzwischen verstorbenen Peter Herbolzheimer mit auf den Weg gebracht worden. Veranstalter ist der in Bonn ans\u00e4ssige F\u00f6rderverein Jazz e.V., um Manfred Schoof, Ulrich Adomeit und Peter Ortmann. Am Samstag spielen auf dem Museumsplatz im Open-Air-Zelt verschiedene Amateurbands. Die Profis sind dann am Sonntag im &#8222;Forum&#8220; der Bundeskunsthalle dran. Dabei gibt es dann um 15 Uhr eine Premiere auf dem Festival, wenn das neu gegr\u00fcndete Jazz Orchester Bonn sein erstes Konzert gibt. Die Profi-Bigband setzt sich aus verschiedenen Musikern der Bonner Gegend zusammen, deren Urspr\u00fcnge ins BuJazzO sowie verschiedene Hochschulbigbands und Landesjugend-orchester zur\u00fcckreichen. Die Konzerte sind an beiden Tagen umsonst. Mehr Jazz aus Bonn: Au\u00dferdem in der Nacht zum Sonntag (2. Oktober 2011) in der WDR Jazznacht ab 0.05 Uhr: Mitschnitte von diversen NRW-Jazzfestivals u.a. dem 2. Jazzfest Bonn: Sternal Symphonic Jazz Ron Carter Trio &#8211; The Golden Striker Helge Sunde Ensemble Denada Mehr zum Programm des 3. Bundesbigbandfestivals Line-Up Jazz Orchester Bonn\" \/>\n<meta property=\"og:url\" content=\"https:\/\/www.jazzzeitung.de\/cms\/2011\/10\/premiere-des-jazz-orchester-bon\/\" \/>\n<meta property=\"og:site_name\" content=\"JazzZeitung\" \/>\n<meta property=\"article:publisher\" content=\"https:\/\/www.facebook.com\/JazzZeitung\/\" \/>\n<meta property=\"article:published_time\" content=\"2011-10-01T12:52:44+00:00\" \/>\n<meta property=\"og:image\" content=\"http:\/\/www.jazzzeitung.de\/cms\/wp-content\/uploads\/2011\/10\/BBBF_Logo_rgb_klein-186x300.jpg\" \/>\n<meta name=\"author\" content=\"J\u00f6rg Lichtinger\" \/>\n<script type=\"application\/ld+json\" class=\"yoast-schema-graph\">{\"@context\":\"https:\\\/\\\/schema.org\",\"@graph\":[{\"@type\":\"Article\",\"@id\":\"https:\\\/\\\/www.jazzzeitung.de\\\/cms\\\/2011\\\/10\\\/premiere-des-jazz-orchester-bon\\\/#article\",\"isPartOf\":{\"@id\":\"https:\\\/\\\/www.jazzzeitung.de\\\/cms\\\/2011\\\/10\\\/premiere-des-jazz-orchester-bon\\\/\"},\"author\":{\"name\":\"J\u00f6rg Lichtinger\",\"@id\":\"https:\\\/\\\/www.jazzzeitung.de\\\/cms\\\/#\\\/schema\\\/person\\\/4c5aaf486bdcd85db94b9a8b9e026bad\"},\"headline\":\"Premiere des Jazz Orchester Bonn\",\"datePublished\":\"2011-10-01T12:52:44+00:00\",\"mainEntityOfPage\":{\"@id\":\"https:\\\/\\\/www.jazzzeitung.de\\\/cms\\\/2011\\\/10\\\/premiere-des-jazz-orchester-bon\\\/\"},\"wordCount\":185,\"commentCount\":0,\"publisher\":{\"@id\":\"https:\\\/\\\/www.jazzzeitung.de\\\/cms\\\/#organization\"},\"image\":{\"@id\":\"https:\\\/\\\/www.jazzzeitung.de\\\/cms\\\/2011\\\/10\\\/premiere-des-jazz-orchester-bon\\\/#primaryimage\"},\"thumbnailUrl\":\"http:\\\/\\\/www.jazzzeitung.de\\\/cms\\\/wp-content\\\/uploads\\\/2011\\\/10\\\/BBBF_Logo_rgb_klein-186x300.jpg\",\"keywords\":[\"Big Band\",\"Bonn\",\"Bonn Jazz Orchester\",\"Bujazzo\",\"f\u00f6rderverein jazz e.v.\",\"Konzert\",\"Konzerte\",\"Manfred Schoof\",\"Peter Herbolzheimer\",\"peter ortmann\",\"Ulrich Adomeit\",\"WDR\"],\"articleSection\":[\"Blog\"],\"inLanguage\":\"de\",\"potentialAction\":[{\"@type\":\"CommentAction\",\"name\":\"Comment\",\"target\":[\"https:\\\/\\\/www.jazzzeitung.de\\\/cms\\\/2011\\\/10\\\/premiere-des-jazz-orchester-bon\\\/#respond\"]}]},{\"@type\":\"WebPage\",\"@id\":\"https:\\\/\\\/www.jazzzeitung.de\\\/cms\\\/2011\\\/10\\\/premiere-des-jazz-orchester-bon\\\/\",\"url\":\"https:\\\/\\\/www.jazzzeitung.de\\\/cms\\\/2011\\\/10\\\/premiere-des-jazz-orchester-bon\\\/\",\"name\":\"Premiere des Jazz Orchester Bonn - JazzZeitung\",\"isPartOf\":{\"@id\":\"https:\\\/\\\/www.jazzzeitung.de\\\/cms\\\/#website\"},\"primaryImageOfPage\":{\"@id\":\"https:\\\/\\\/www.jazzzeitung.de\\\/cms\\\/2011\\\/10\\\/premiere-des-jazz-orchester-bon\\\/#primaryimage\"},\"image\":{\"@id\":\"https:\\\/\\\/www.jazzzeitung.de\\\/cms\\\/2011\\\/10\\\/premiere-des-jazz-orchester-bon\\\/#primaryimage\"},\"thumbnailUrl\":\"http:\\\/\\\/www.jazzzeitung.de\\\/cms\\\/wp-content\\\/uploads\\\/2011\\\/10\\\/BBBF_Logo_rgb_klein-186x300.jpg\",\"datePublished\":\"2011-10-01T12:52:44+00:00\",\"breadcrumb\":{\"@id\":\"https:\\\/\\\/www.jazzzeitung.de\\\/cms\\\/2011\\\/10\\\/premiere-des-jazz-orchester-bon\\\/#breadcrumb\"},\"inLanguage\":\"de\",\"potentialAction\":[{\"@type\":\"ReadAction\",\"target\":[\"https:\\\/\\\/www.jazzzeitung.de\\\/cms\\\/2011\\\/10\\\/premiere-des-jazz-orchester-bon\\\/\"]}]},{\"@type\":\"ImageObject\",\"inLanguage\":\"de\",\"@id\":\"https:\\\/\\\/www.jazzzeitung.de\\\/cms\\\/2011\\\/10\\\/premiere-des-jazz-orchester-bon\\\/#primaryimage\",\"url\":\"http:\\\/\\\/www.jazzzeitung.de\\\/cms\\\/wp-content\\\/uploads\\\/2011\\\/10\\\/BBBF_Logo_rgb_klein-186x300.jpg\",\"contentUrl\":\"http:\\\/\\\/www.jazzzeitung.de\\\/cms\\\/wp-content\\\/uploads\\\/2011\\\/10\\\/BBBF_Logo_rgb_klein-186x300.jpg\"},{\"@type\":\"BreadcrumbList\",\"@id\":\"https:\\\/\\\/www.jazzzeitung.de\\\/cms\\\/2011\\\/10\\\/premiere-des-jazz-orchester-bon\\\/#breadcrumb\",\"itemListElement\":[{\"@type\":\"ListItem\",\"position\":1,\"name\":\"Startseite\",\"item\":\"https:\\\/\\\/www.jazzzeitung.de\\\/cms\\\/\"},{\"@type\":\"ListItem\",\"position\":2,\"name\":\"Premiere des Jazz Orchester Bonn\"}]},{\"@type\":\"WebSite\",\"@id\":\"https:\\\/\\\/www.jazzzeitung.de\\\/cms\\\/#website\",\"url\":\"https:\\\/\\\/www.jazzzeitung.de\\\/cms\\\/\",\"name\":\"JazzZeitung\",\"description\":\"Jazz-News und Jazz-Kontroverses\",\"publisher\":{\"@id\":\"https:\\\/\\\/www.jazzzeitung.de\\\/cms\\\/#organization\"},\"potentialAction\":[{\"@type\":\"SearchAction\",\"target\":{\"@type\":\"EntryPoint\",\"urlTemplate\":\"https:\\\/\\\/www.jazzzeitung.de\\\/cms\\\/?s={search_term_string}\"},\"query-input\":{\"@type\":\"PropertyValueSpecification\",\"valueRequired\":true,\"valueName\":\"search_term_string\"}}],\"inLanguage\":\"de\"},{\"@type\":\"Organization\",\"@id\":\"https:\\\/\\\/www.jazzzeitung.de\\\/cms\\\/#organization\",\"name\":\"JazzZeitung online\",\"url\":\"https:\\\/\\\/www.jazzzeitung.de\\\/cms\\\/\",\"logo\":{\"@type\":\"ImageObject\",\"inLanguage\":\"de\",\"@id\":\"https:\\\/\\\/www.jazzzeitung.de\\\/cms\\\/#\\\/schema\\\/logo\\\/image\\\/\",\"url\":\"https:\\\/\\\/i0.wp.com\\\/www.jazzzeitung.de\\\/cms\\\/wp-content\\\/uploads\\\/2015\\\/08\\\/JAZZZEITUNGDE_Logo_Neu.png?fit=499%2C200&ssl=1\",\"contentUrl\":\"https:\\\/\\\/i0.wp.com\\\/www.jazzzeitung.de\\\/cms\\\/wp-content\\\/uploads\\\/2015\\\/08\\\/JAZZZEITUNGDE_Logo_Neu.png?fit=499%2C200&ssl=1\",\"width\":499,\"height\":200,\"caption\":\"JazzZeitung online\"},\"image\":{\"@id\":\"https:\\\/\\\/www.jazzzeitung.de\\\/cms\\\/#\\\/schema\\\/logo\\\/image\\\/\"},\"sameAs\":[\"https:\\\/\\\/www.facebook.com\\\/JazzZeitung\\\/\"]},{\"@type\":\"Person\",\"@id\":\"https:\\\/\\\/www.jazzzeitung.de\\\/cms\\\/#\\\/schema\\\/person\\\/4c5aaf486bdcd85db94b9a8b9e026bad\",\"name\":\"J\u00f6rg Lichtinger\",\"image\":{\"@type\":\"ImageObject\",\"inLanguage\":\"de\",\"@id\":\"https:\\\/\\\/secure.gravatar.com\\\/avatar\\\/8d1d484eb77cf370a1620f9866681cdba540c9b8439ce96ea0c830dd3b59936c?s=96&d=wp_user_avatar&r=ge66dff7680db2349fb79ae0cb2d734e3\",\"url\":\"https:\\\/\\\/secure.gravatar.com\\\/avatar\\\/8d1d484eb77cf370a1620f9866681cdba540c9b8439ce96ea0c830dd3b59936c?s=96&d=wp_user_avatar&r=g\",\"contentUrl\":\"https:\\\/\\\/secure.gravatar.com\\\/avatar\\\/8d1d484eb77cf370a1620f9866681cdba540c9b8439ce96ea0c830dd3b59936c?s=96&d=wp_user_avatar&r=g\",\"caption\":\"J\u00f6rg Lichtinger\"},\"url\":\"https:\\\/\\\/www.jazzzeitung.de\\\/cms\\\/author\\\/lichtinger\\\/\"}]}<\/script>\n<!-- \/ Yoast SEO plugin. -->","yoast_head_json":{"title":"Premiere des Jazz Orchester Bonn - JazzZeitung","robots":{"index":"index","follow":"follow","max-snippet":"max-snippet:-1","max-image-preview":"max-image-preview:large","max-video-preview":"max-video-preview:-1"},"canonical":"https:\/\/www.jazzzeitung.de\/cms\/2011\/10\/premiere-des-jazz-orchester-bon\/","og_locale":"de_DE","og_type":"article","og_title":"Premiere des Jazz Orchester Bonn - JazzZeitung","og_description":"Heute und morgen gibt es beim 3. Bundesbigbandfestival in Bonn die Gelegenheit, eine ganze Reihe von Amateur- und Profibigbands zu h\u00f6ren. Das Bundesbigbandfestival ist noch 2009 vom inzwischen verstorbenen Peter Herbolzheimer mit auf den Weg gebracht worden. Veranstalter ist der in Bonn ans\u00e4ssige F\u00f6rderverein Jazz e.V., um Manfred Schoof, Ulrich Adomeit und Peter Ortmann. Am Samstag spielen auf dem Museumsplatz im Open-Air-Zelt verschiedene Amateurbands. Die Profis sind dann am Sonntag im &#8222;Forum&#8220; der Bundeskunsthalle dran. Dabei gibt es dann um 15 Uhr eine Premiere auf dem Festival, wenn das neu gegr\u00fcndete Jazz Orchester Bonn sein erstes Konzert gibt. Die Profi-Bigband setzt sich aus verschiedenen Musikern der Bonner Gegend zusammen, deren Urspr\u00fcnge ins BuJazzO sowie verschiedene Hochschulbigbands und Landesjugend-orchester zur\u00fcckreichen. Die Konzerte sind an beiden Tagen umsonst. Mehr Jazz aus Bonn: Au\u00dferdem in der Nacht zum Sonntag (2. Oktober 2011) in der WDR Jazznacht ab 0.05 Uhr: Mitschnitte von diversen NRW-Jazzfestivals u.a. dem 2. Jazzfest Bonn: Sternal Symphonic Jazz Ron Carter Trio &#8211; The Golden Striker Helge Sunde Ensemble Denada Mehr zum Programm des 3. Bundesbigbandfestivals Line-Up Jazz Orchester Bonn","og_url":"https:\/\/www.jazzzeitung.de\/cms\/2011\/10\/premiere-des-jazz-orchester-bon\/","og_site_name":"JazzZeitung","article_publisher":"https:\/\/www.facebook.com\/JazzZeitung\/","article_published_time":"2011-10-01T12:52:44+00:00","og_image":[{"url":"http:\/\/www.jazzzeitung.de\/cms\/wp-content\/uploads\/2011\/10\/BBBF_Logo_rgb_klein-186x300.jpg","type":"","width":"","height":""}],"author":"J\u00f6rg Lichtinger","schema":{"@context":"https:\/\/schema.org","@graph":[{"@type":"Article","@id":"https:\/\/www.jazzzeitung.de\/cms\/2011\/10\/premiere-des-jazz-orchester-bon\/#article","isPartOf":{"@id":"https:\/\/www.jazzzeitung.de\/cms\/2011\/10\/premiere-des-jazz-orchester-bon\/"},"author":{"name":"J\u00f6rg Lichtinger","@id":"https:\/\/www.jazzzeitung.de\/cms\/#\/schema\/person\/4c5aaf486bdcd85db94b9a8b9e026bad"},"headline":"Premiere des Jazz Orchester Bonn","datePublished":"2011-10-01T12:52:44+00:00","mainEntityOfPage":{"@id":"https:\/\/www.jazzzeitung.de\/cms\/2011\/10\/premiere-des-jazz-orchester-bon\/"},"wordCount":185,"commentCount":0,"publisher":{"@id":"https:\/\/www.jazzzeitung.de\/cms\/#organization"},"image":{"@id":"https:\/\/www.jazzzeitung.de\/cms\/2011\/10\/premiere-des-jazz-orchester-bon\/#primaryimage"},"thumbnailUrl":"http:\/\/www.jazzzeitung.de\/cms\/wp-content\/uploads\/2011\/10\/BBBF_Logo_rgb_klein-186x300.jpg","keywords":["Big Band","Bonn","Bonn Jazz Orchester","Bujazzo","f\u00f6rderverein jazz e.v.","Konzert","Konzerte","Manfred Schoof","Peter Herbolzheimer","peter ortmann","Ulrich Adomeit","WDR"],"articleSection":["Blog"],"inLanguage":"de","potentialAction":[{"@type":"CommentAction","name":"Comment","target":["https:\/\/www.jazzzeitung.de\/cms\/2011\/10\/premiere-des-jazz-orchester-bon\/#respond"]}]},{"@type":"WebPage","@id":"https:\/\/www.jazzzeitung.de\/cms\/2011\/10\/premiere-des-jazz-orchester-bon\/","url":"https:\/\/www.jazzzeitung.de\/cms\/2011\/10\/premiere-des-jazz-orchester-bon\/","name":"Premiere des Jazz Orchester Bonn - JazzZeitung","isPartOf":{"@id":"https:\/\/www.jazzzeitung.de\/cms\/#website"},"primaryImageOfPage":{"@id":"https:\/\/www.jazzzeitung.de\/cms\/2011\/10\/premiere-des-jazz-orchester-bon\/#primaryimage"},"image":{"@id":"https:\/\/www.jazzzeitung.de\/cms\/2011\/10\/premiere-des-jazz-orchester-bon\/#primaryimage"},"thumbnailUrl":"http:\/\/www.jazzzeitung.de\/cms\/wp-content\/uploads\/2011\/10\/BBBF_Logo_rgb_klein-186x300.jpg","datePublished":"2011-10-01T12:52:44+00:00","breadcrumb":{"@id":"https:\/\/www.jazzzeitung.de\/cms\/2011\/10\/premiere-des-jazz-orchester-bon\/#breadcrumb"},"inLanguage":"de","potentialAction":[{"@type":"ReadAction","target":["https:\/\/www.jazzzeitung.de\/cms\/2011\/10\/premiere-des-jazz-orchester-bon\/"]}]},{"@type":"ImageObject","inLanguage":"de","@id":"https:\/\/www.jazzzeitung.de\/cms\/2011\/10\/premiere-des-jazz-orchester-bon\/#primaryimage","url":"http:\/\/www.jazzzeitung.de\/cms\/wp-content\/uploads\/2011\/10\/BBBF_Logo_rgb_klein-186x300.jpg","contentUrl":"http:\/\/www.jazzzeitung.de\/cms\/wp-content\/uploads\/2011\/10\/BBBF_Logo_rgb_klein-186x300.jpg"},{"@type":"BreadcrumbList","@id":"https:\/\/www.jazzzeitung.de\/cms\/2011\/10\/premiere-des-jazz-orchester-bon\/#breadcrumb","itemListElement":[{"@type":"ListItem","position":1,"name":"Startseite","item":"https:\/\/www.jazzzeitung.de\/cms\/"},{"@type":"ListItem","position":2,"name":"Premiere des Jazz Orchester Bonn"}]},{"@type":"WebSite","@id":"https:\/\/www.jazzzeitung.de\/cms\/#website","url":"https:\/\/www.jazzzeitung.de\/cms\/","name":"JazzZeitung","description":"Jazz-News und Jazz-Kontroverses","publisher":{"@id":"https:\/\/www.jazzzeitung.de\/cms\/#organization"},"potentialAction":[{"@type":"SearchAction","target":{"@type":"EntryPoint","urlTemplate":"https:\/\/www.jazzzeitung.de\/cms\/?s={search_term_string}"},"query-input":{"@type":"PropertyValueSpecification","valueRequired":true,"valueName":"search_term_string"}}],"inLanguage":"de"},{"@type":"Organization","@id":"https:\/\/www.jazzzeitung.de\/cms\/#organization","name":"JazzZeitung online","url":"https:\/\/www.jazzzeitung.de\/cms\/","logo":{"@type":"ImageObject","inLanguage":"de","@id":"https:\/\/www.jazzzeitung.de\/cms\/#\/schema\/logo\/image\/","url":"https:\/\/i0.wp.com\/www.jazzzeitung.de\/cms\/wp-content\/uploads\/2015\/08\/JAZZZEITUNGDE_Logo_Neu.png?fit=499%2C200&ssl=1","contentUrl":"https:\/\/i0.wp.com\/www.jazzzeitung.de\/cms\/wp-content\/uploads\/2015\/08\/JAZZZEITUNGDE_Logo_Neu.png?fit=499%2C200&ssl=1","width":499,"height":200,"caption":"JazzZeitung online"},"image":{"@id":"https:\/\/www.jazzzeitung.de\/cms\/#\/schema\/logo\/image\/"},"sameAs":["https:\/\/www.facebook.com\/JazzZeitung\/"]},{"@type":"Person","@id":"https:\/\/www.jazzzeitung.de\/cms\/#\/schema\/person\/4c5aaf486bdcd85db94b9a8b9e026bad","name":"J\u00f6rg Lichtinger","image":{"@type":"ImageObject","inLanguage":"de","@id":"https:\/\/secure.gravatar.com\/avatar\/8d1d484eb77cf370a1620f9866681cdba540c9b8439ce96ea0c830dd3b59936c?s=96&d=wp_user_avatar&r=ge66dff7680db2349fb79ae0cb2d734e3","url":"https:\/\/secure.gravatar.com\/avatar\/8d1d484eb77cf370a1620f9866681cdba540c9b8439ce96ea0c830dd3b59936c?s=96&d=wp_user_avatar&r=g","contentUrl":"https:\/\/secure.gravatar.com\/avatar\/8d1d484eb77cf370a1620f9866681cdba540c9b8439ce96ea0c830dd3b59936c?s=96&d=wp_user_avatar&r=g","caption":"J\u00f6rg Lichtinger"},"url":"https:\/\/www.jazzzeitung.de\/cms\/author\/lichtinger\/"}]}},"wp-worthy-pixel":{"ignored":false,"public":null,"server":null,"url":null},"wp-worthy-type":"normal","jetpack_publicize_connections":[],"cc_featured_image_caption":{"caption_text":false,"source_text":false,"source_url":false},"jetpack_featured_media_url":"","jetpack_shortlink":"https:\/\/wp.me\/p3KEcT-kF","jetpack-related-posts":[{"id":12314,"url":"https:\/\/www.jazzzeitung.de\/cms\/2017\/05\/news-konzertreihe-das-maria-baptist-orchestra-in-berlin-bundesjazzorchester-auf-konzerttournee-in-ecuador\/","url_meta":{"origin":1281,"position":0},"title":"+++ News +++ Bundesjazzorchester auf Konzerttournee in Ecuador +++ Jasmin Tabatabai er\u00f6ffnet Jazzfest Bonn +++","author":"Redaktion JazzZeitung","date":"10. Mai 2017","format":false,"excerpt":"+++ Bundesjazzorchester auf Konzerttournee in Ecuador +++ Bundesjazzorchester zu Gast in Ecuador \u2013 Neun Konzerte unter der Leitung von Jiggs Whigham Das Bundesjazzorchester ist vom Deutschen Kulturverbund in Ecuador (\u201ekultura\u201c) zu einer Konzertreise nach Ecuador eingeladen. Im Zentrum der Reise stehen die beiden\u00a0 Jubil\u00e4en \u201e100 Jahre Colegio Alem\u00e1n Quito\u201c und\u2026","rel":"","context":"In &quot;News&quot;","block_context":{"text":"News","link":"https:\/\/www.jazzzeitung.de\/cms\/thema\/nachrichten\/"},"img":{"alt_text":"","src":"https:\/\/i0.wp.com\/www.jazzzeitung.de\/cms\/wp-content\/uploads\/2017\/05\/BuJazzO_Sommer_2016_%40DMR_Christian_Debus-1.jpg?fit=1200%2C800&ssl=1&resize=350%2C200","width":350,"height":200,"srcset":"https:\/\/i0.wp.com\/www.jazzzeitung.de\/cms\/wp-content\/uploads\/2017\/05\/BuJazzO_Sommer_2016_%40DMR_Christian_Debus-1.jpg?fit=1200%2C800&ssl=1&resize=350%2C200 1x, https:\/\/i0.wp.com\/www.jazzzeitung.de\/cms\/wp-content\/uploads\/2017\/05\/BuJazzO_Sommer_2016_%40DMR_Christian_Debus-1.jpg?fit=1200%2C800&ssl=1&resize=525%2C300 1.5x, https:\/\/i0.wp.com\/www.jazzzeitung.de\/cms\/wp-content\/uploads\/2017\/05\/BuJazzO_Sommer_2016_%40DMR_Christian_Debus-1.jpg?fit=1200%2C800&ssl=1&resize=700%2C400 2x, https:\/\/i0.wp.com\/www.jazzzeitung.de\/cms\/wp-content\/uploads\/2017\/05\/BuJazzO_Sommer_2016_%40DMR_Christian_Debus-1.jpg?fit=1200%2C800&ssl=1&resize=1050%2C600 3x"},"classes":[]},{"id":3117,"url":"https:\/\/www.jazzzeitung.de\/cms\/2013\/12\/auf-der-suche-nach-neuen-talenten-probespiele-des-bundesjazzorchesters-vom-6-bis-9-januar-bonn\/","url_meta":{"origin":1281,"position":1},"title":"Auf der Suche nach neuen Talenten &#8211; Probespiele des Bundesjazzorchesters vom 6. bis 9. Januar in Bonn","author":"Redaktion JazzZeitung","date":"11. Dezember 2013","format":false,"excerpt":"Das Bundesjazzorchester, das offizielle Jugendjazzorchester der Bundesrepublik Deutschland, sucht Nachwuchs. Vom 6. bis 9. Januar finden in Bonn Probespiele des Orchesters statt. Als Veranstaltungsort konnte das Ernst-Moritz-Arndt-Gymnasium in Bonn gewonnen werden, wo im Jahr 1988 das Bundesjazzorchester seinen ersten \u00f6ffentlichen Auftritt hatte. S\u00e4mtliche Bigband-Instrumente \u2013 Trompeten, Posaunen, Saxophone und Rhythmusgruppe\u2026","rel":"","context":"In &quot;News&quot;","block_context":{"text":"News","link":"https:\/\/www.jazzzeitung.de\/cms\/thema\/nachrichten\/"},"img":{"alt_text":"Foto: Jan Karow","src":"https:\/\/i0.wp.com\/www.jazzzeitung.de\/cms\/wp-content\/uploads\/2013\/12\/Bundesjazzorchester_mit_John_Ruocco_c_Jan_Karow-150x150.jpg?resize=350%2C200","width":350,"height":200},"classes":[]},{"id":2327,"url":"https:\/\/www.jazzzeitung.de\/cms\/2013\/09\/aus-den-gletschermassen-des-jazz-herausgebrochen-das-bujazzo-feierte-25jaehriges-bestehen-mit-konzert-berlin\/","url_meta":{"origin":1281,"position":2},"title":"Aus den Gletschermassen des Jazz herausgebrochen \u2013 Das BuJazzO feierte 25j\u00e4hriges Bestehen mit Konzert in Berlin","author":"Huflaikhan","date":"27. September 2013","format":false,"excerpt":"Das Orchester ist zwar erst 25 Jahre alt, aber seine Mitglieder sind nicht \u00e4lter als 24. Es handelt sich um die wahrscheinlich besten jungen Jazz-Musiker Deutschlands, die seit Jahren durch diese BigBand hindurchgeschleust worden sind. Das stellten sie auch in der aktuellen Besetzung klar. Sie spreitzten dabei das Repertoire von\u2026","rel":"","context":"In &quot;Blog&quot;","block_context":{"text":"Blog","link":"https:\/\/www.jazzzeitung.de\/cms\/thema\/blog\/"},"img":{"alt_text":"","src":"https:\/\/i0.wp.com\/www.jazzzeitung.de\/cms\/wp-content\/uploads\/2013\/09\/bujazzo_25_29.jpg?resize=350%2C200","width":350,"height":200,"srcset":"https:\/\/i0.wp.com\/www.jazzzeitung.de\/cms\/wp-content\/uploads\/2013\/09\/bujazzo_25_29.jpg?resize=350%2C200 1x, https:\/\/i0.wp.com\/www.jazzzeitung.de\/cms\/wp-content\/uploads\/2013\/09\/bujazzo_25_29.jpg?resize=525%2C300 1.5x, https:\/\/i0.wp.com\/www.jazzzeitung.de\/cms\/wp-content\/uploads\/2013\/09\/bujazzo_25_29.jpg?resize=700%2C400 2x"},"classes":[]},{"id":33655,"url":"https:\/\/www.jazzzeitung.de\/cms\/2026\/02\/news-deutsche-jazzunion-jazzfest-bonn-jazzclub-huerth-pianobuehne-oberthulba\/","url_meta":{"origin":1281,"position":3},"title":"+++ news +++ Deutsche Jazzunion +++ Jazzfest Bonn +++ Jazzclub H\u00fcrth +++ Pianob\u00fchne Oberthulba +++","author":"Redaktion JazzZeitung","date":"5. Februar 2026","format":false,"excerpt":"+++ Die Deutsche Jazzunion begr\u00fc\u00dft das Positionspapier des Deutschen Musikrats: Jazz und Improvisierte Musik brauchen verl\u00e4ssliche und flexible F\u00f6rderstrukturen +++ Der Deutsche Musikrat hat am 28. Januar 2026 das Positionspapier Freie Musikszene braucht verl\u00e4ssliche F\u00f6rderstrukturen ver\u00f6ffentlicht, dem sich die Deutsche Jazzunion ausdr\u00fccklich anschlie\u00dft und die darin formulierten Forderungen begr\u00fc\u00dft. Gerade\u2026","rel":"","context":"In &quot;News&quot;","block_context":{"text":"News","link":"https:\/\/www.jazzzeitung.de\/cms\/thema\/nachrichten\/"},"img":{"alt_text":"","src":"https:\/\/i0.wp.com\/www.jazzzeitung.de\/cms\/wp-content\/uploads\/2026\/02\/Will-Jacobs-Buehne-scaled.jpg?fit=1200%2C800&ssl=1&resize=350%2C200","width":350,"height":200,"srcset":"https:\/\/i0.wp.com\/www.jazzzeitung.de\/cms\/wp-content\/uploads\/2026\/02\/Will-Jacobs-Buehne-scaled.jpg?fit=1200%2C800&ssl=1&resize=350%2C200 1x, https:\/\/i0.wp.com\/www.jazzzeitung.de\/cms\/wp-content\/uploads\/2026\/02\/Will-Jacobs-Buehne-scaled.jpg?fit=1200%2C800&ssl=1&resize=525%2C300 1.5x, https:\/\/i0.wp.com\/www.jazzzeitung.de\/cms\/wp-content\/uploads\/2026\/02\/Will-Jacobs-Buehne-scaled.jpg?fit=1200%2C800&ssl=1&resize=700%2C400 2x, https:\/\/i0.wp.com\/www.jazzzeitung.de\/cms\/wp-content\/uploads\/2026\/02\/Will-Jacobs-Buehne-scaled.jpg?fit=1200%2C800&ssl=1&resize=1050%2C600 3x"},"classes":[]},{"id":7504,"url":"https:\/\/www.jazzzeitung.de\/cms\/2015\/10\/domberts-urban-jazz-unterwegs-mit-dem-neuen-programm\/","url_meta":{"origin":1281,"position":4},"title":"Dombert&#8217;s Urban Jazz, unterwegs mit dem neuen Programm","author":"Redaktion JazzZeitung","date":"29. Oktober 2015","format":false,"excerpt":"Gitarrist Andreas Dombert tourte in den vergangenen Jahren mit Weltstars wie Larry Coryell, Philip Catherine, Ulf Wakenius oder Airto Moreira. Mit seiner Formation \u201eNight of Jazz Guitars\u201c trat er bei hochkar\u00e4tigen internationalen Festivals auf, als Kopf der Band\u00a0\u201eDombert\u00b4s Urban Jazz\u201c experimentierte er mit Elektronik-Einfl\u00fcssen und feilte an seiner ganz eigenen\u2026","rel":"","context":"In &quot;Portrait&quot;","block_context":{"text":"Portrait","link":"https:\/\/www.jazzzeitung.de\/cms\/thema\/portrait\/"},"img":{"alt_text":"Von links: Henning Sieverts (b), Andreas Dombert (Chef), Matthias Meusel (dr), Lutz H\u00e4fner (sax) und Peter Sandner alias \"Dorsch\" (Sampler und Synth). Foto: duj","src":"https:\/\/i0.wp.com\/www.jazzzeitung.de\/cms\/wp-content\/uploads\/2015\/10\/Dombertduj-150x150.jpg?resize=350%2C200","width":350,"height":200},"classes":[]},{"id":5336,"url":"https:\/\/www.jazzzeitung.de\/cms\/2015\/02\/peter-herbolzheimer-european-jazz-academy-mit-eigenem-notenarchiv-naechste-arbeitsphase-im-dezember\/","url_meta":{"origin":1281,"position":5},"title":"Peter Herbolzheimer European Jazz Academy mit eigenem Notenarchiv &#8211; n\u00e4chste Arbeitsphase im Dezember","author":"Peter Ortmann","date":"4. Februar 2015","format":false,"excerpt":"Peter Herbolzheimer, Europas wohl bekanntester Bigbandleiter, hatte noch zu seinen Lebzeiten \u2013 er starb im M\u00e4rz 2010 \u2013 die European Jazz Academy gegr\u00fcndet. Sie besteht aus der Grey Hair Convention, der Master Class und den Master Birds und kommt mindestens einmal im Jahr zu Arbeitsphasen zusammen \u2013 zuletzt im Dezember\u2026","rel":"","context":"In &quot;Blog&quot;","block_context":{"text":"Blog","link":"https:\/\/www.jazzzeitung.de\/cms\/thema\/blog\/"},"img":{"alt_text":"2010-05-herbolzheimer","src":"https:\/\/i0.wp.com\/www.jazzzeitung.de\/cms\/wp-content\/uploads\/2015\/01\/2010-05-herbolzheimer-150x150.jpg?resize=350%2C200","width":350,"height":200},"classes":[]}],"jetpack_sharing_enabled":true,"_links":{"self":[{"href":"https:\/\/www.jazzzeitung.de\/cms\/wp-json\/wp\/v2\/posts\/1281","targetHints":{"allow":["GET"]}}],"collection":[{"href":"https:\/\/www.jazzzeitung.de\/cms\/wp-json\/wp\/v2\/posts"}],"about":[{"href":"https:\/\/www.jazzzeitung.de\/cms\/wp-json\/wp\/v2\/types\/post"}],"author":[{"embeddable":true,"href":"https:\/\/www.jazzzeitung.de\/cms\/wp-json\/wp\/v2\/users\/4"}],"replies":[{"embeddable":true,"href":"https:\/\/www.jazzzeitung.de\/cms\/wp-json\/wp\/v2\/comments?post=1281"}],"version-history":[{"count":0,"href":"https:\/\/www.jazzzeitung.de\/cms\/wp-json\/wp\/v2\/posts\/1281\/revisions"}],"wp:attachment":[{"href":"https:\/\/www.jazzzeitung.de\/cms\/wp-json\/wp\/v2\/media?parent=1281"}],"wp:term":[{"taxonomy":"category","embeddable":true,"href":"https:\/\/www.jazzzeitung.de\/cms\/wp-json\/wp\/v2\/categories?post=1281"},{"taxonomy":"post_tag","embeddable":true,"href":"https:\/\/www.jazzzeitung.de\/cms\/wp-json\/wp\/v2\/tags?post=1281"},{"taxonomy":"author","embeddable":true,"href":"https:\/\/www.jazzzeitung.de\/cms\/wp-json\/wp\/v2\/coauthors?post=1281"}],"curies":[{"name":"wp","href":"https:\/\/api.w.org\/{rel}","templated":true}]}}