{"id":12727,"date":"2017-06-19T13:42:17","date_gmt":"2017-06-19T11:42:17","guid":{"rendered":"https:\/\/www.jazzzeitung.de\/cms\/?p=12727"},"modified":"2017-06-19T13:44:09","modified_gmt":"2017-06-19T11:44:09","slug":"news-20-jahre-vorstudium-jazz-in-koeln-joe-zawinul-gedenk-konzert-in-steyrermuehl-ten-strings-duo-in-huerther","status":"publish","type":"post","link":"https:\/\/www.jazzzeitung.de\/cms\/2017\/06\/news-20-jahre-vorstudium-jazz-in-koeln-joe-zawinul-gedenk-konzert-in-steyrermuehl-ten-strings-duo-in-huerther\/","title":{"rendered":"+++news +++ 20 Jahre Vorstudium Jazz in K\u00f6ln +++ Joe Zawinul-Gedenk-Konzert in Steyrerm\u00fchl +++ &#8222;Ten Strings Duo&#8220; in H\u00fcrther +++"},"content":{"rendered":"<h3>+++ Jubil\u00e4um: 20 Jahre Vorstudium Jazz in K\u00f6ln +++<strong><br \/>\n<\/strong><\/h3>\n<p><a href=\"https:\/\/i0.wp.com\/www.jazzzeitung.de\/cms\/wp-content\/uploads\/2017\/06\/Andre-Nendza-%40BastianWerner.jpeg?ssl=1\"><img data-recalc-dims=\"1\" loading=\"lazy\" decoding=\"async\" data-attachment-id=\"12728\" data-permalink=\"https:\/\/www.jazzzeitung.de\/cms\/2017\/06\/news-20-jahre-vorstudium-jazz-in-koeln-joe-zawinul-gedenk-konzert-in-steyrermuehl-ten-strings-duo-in-huerther\/andre-nendza-bastianwerner\/\" data-orig-file=\"https:\/\/i0.wp.com\/www.jazzzeitung.de\/cms\/wp-content\/uploads\/2017\/06\/Andre-Nendza-%40BastianWerner.jpeg?fit=320%2C214&amp;ssl=1\" data-orig-size=\"320,214\" data-comments-opened=\"1\" data-image-meta=\"{&quot;aperture&quot;:&quot;0&quot;,&quot;credit&quot;:&quot;&quot;,&quot;camera&quot;:&quot;&quot;,&quot;caption&quot;:&quot;&quot;,&quot;created_timestamp&quot;:&quot;0&quot;,&quot;copyright&quot;:&quot;&quot;,&quot;focal_length&quot;:&quot;0&quot;,&quot;iso&quot;:&quot;0&quot;,&quot;shutter_speed&quot;:&quot;0&quot;,&quot;title&quot;:&quot;&quot;,&quot;orientation&quot;:&quot;0&quot;}\" data-image-title=\"Andre Nendza @BastianWerner\" data-image-description=\"\" data-image-caption=\"\" data-large-file=\"https:\/\/i0.wp.com\/www.jazzzeitung.de\/cms\/wp-content\/uploads\/2017\/06\/Andre-Nendza-%40BastianWerner.jpeg?fit=320%2C214&amp;ssl=1\" class=\"alignright size-thumbnail wp-image-12728\" src=\"https:\/\/i0.wp.com\/www.jazzzeitung.de\/cms\/wp-content\/uploads\/2017\/06\/Andre-Nendza-%40BastianWerner.jpeg?resize=150%2C150&#038;ssl=1\" alt=\"\" width=\"150\" height=\"150\" srcset=\"https:\/\/i0.wp.com\/www.jazzzeitung.de\/cms\/wp-content\/uploads\/2017\/06\/Andre-Nendza-%40BastianWerner.jpeg?resize=150%2C150&amp;ssl=1 150w, https:\/\/i0.wp.com\/www.jazzzeitung.de\/cms\/wp-content\/uploads\/2017\/06\/Andre-Nendza-%40BastianWerner.jpeg?resize=144%2C144&amp;ssl=1 144w, https:\/\/i0.wp.com\/www.jazzzeitung.de\/cms\/wp-content\/uploads\/2017\/06\/Andre-Nendza-%40BastianWerner.jpeg?resize=96%2C96&amp;ssl=1 96w, https:\/\/i0.wp.com\/www.jazzzeitung.de\/cms\/wp-content\/uploads\/2017\/06\/Andre-Nendza-%40BastianWerner.jpeg?resize=24%2C24&amp;ssl=1 24w, https:\/\/i0.wp.com\/www.jazzzeitung.de\/cms\/wp-content\/uploads\/2017\/06\/Andre-Nendza-%40BastianWerner.jpeg?resize=36%2C36&amp;ssl=1 36w, https:\/\/i0.wp.com\/www.jazzzeitung.de\/cms\/wp-content\/uploads\/2017\/06\/Andre-Nendza-%40BastianWerner.jpeg?resize=48%2C48&amp;ssl=1 48w, https:\/\/i0.wp.com\/www.jazzzeitung.de\/cms\/wp-content\/uploads\/2017\/06\/Andre-Nendza-%40BastianWerner.jpeg?resize=64%2C64&amp;ssl=1 64w, https:\/\/i0.wp.com\/www.jazzzeitung.de\/cms\/wp-content\/uploads\/2017\/06\/Andre-Nendza-%40BastianWerner.jpeg?resize=32%2C32&amp;ssl=1 32w, https:\/\/i0.wp.com\/www.jazzzeitung.de\/cms\/wp-content\/uploads\/2017\/06\/Andre-Nendza-%40BastianWerner.jpeg?resize=50%2C50&amp;ssl=1 50w, https:\/\/i0.wp.com\/www.jazzzeitung.de\/cms\/wp-content\/uploads\/2017\/06\/Andre-Nendza-%40BastianWerner.jpeg?resize=128%2C128&amp;ssl=1 128w, https:\/\/i0.wp.com\/www.jazzzeitung.de\/cms\/wp-content\/uploads\/2017\/06\/Andre-Nendza-%40BastianWerner.jpeg?zoom=2&amp;resize=150%2C150&amp;ssl=1 300w\" sizes=\"auto, (max-width: 150px) 100vw, 150px\" \/><\/a>Ab\u00a0September\u00a02017\u00a0beginnt der einj\u00e4hrige Fortbildungskurs \u201eVorstudium Jazz\u201c der Offenen Jazzhaus Schule in K\u00f6ln. Dieser Kurs wendet sich an Musiker, die an einer zielgerichteten, intensiven Ausbildung unter Anleitung profilierter Dozenten interessiert sind. Es eignet sich insbesondere zur direkten Vorbereitung auf die Aufnahmepr\u00fcfung an einer Musikhochschule. Die Teilnehmer k\u00f6nnen bereits vorhandenes Wissen vertiefen und auffrischen oder Neues in kompakter und systematischer Weise erlernen. Das &#8222;Vorstudium Jazz&#8220; dient dar\u00fcber hinaus als Kontaktb\u00f6rse, bei der sich Musiker mit \u00e4hnlichen Zielen finden. Die Kursleitung hat Andr\u00e9 Nendza.<\/p>\n<p>Weitere Informationen unter\u00a0<a href=\"http:\/\/www.jazzhausschule.de\/j3\/angebot\/vorstudium-jazz\">http:\/\/www.jazzhausschule.de\/j3\/angebot\/vorstudium-jazz<\/a>\u00a0oder telefonisch unter: 0221\/13 05 65-25<\/p>\n<p>&nbsp;<\/p>\n<h3>+++ &#8222;HEAVY WEATHER&#8220; in the spirit of Joe Zawinul &#8211; ein Abend auf der Museumshalbinsel in Steyrerm\u00fchl +++<strong><br \/>\n<\/strong><\/h3>\n<p>2017 j\u00e4hrt sich der Todestag der Jazz-Legende Joe Zawinul zum zehnten Mal. Im \u00d6sterreichischen Papiermachermuseum Laakirchen &#8211; Steyrerm\u00fchl gedenkt man dem Weltstar am 8. Juli 2017 mit einem Konzert am Tag nach seinem Geburtstag (Beginn: 19.30 Uhr). Der virtuose norwegische Bassist Per Mathisen hat daf\u00fcr eine Band der Extraklasse zusammengestellt. Gespielt werden St\u00fccke von Zawinul, Jaco Pastorius und Wayne Shorter sowie von Per Mathisen, dessen Kompositionen eine Hommage an die Giganten der legend\u00e4ren Band \u201eWeather Report\u201c sind. Das Publikum erwartet ein unvergesslicher Abend im Veranstaltungssaal auf der Museumshalbinsel \u201ein the true spirit of Zawinul\u201c!<\/p>\n<p>Per Mathisen, bass, Norway<br \/>\nGerald Preinfalk, saxophone, Austria<br \/>\nPaul Urbanek, keyboards, Austria<br \/>\nMogyor\u00f3 Korn\u00e9l, percussion, Hungary<br \/>\nHerbert Pirker, drums, Austria<\/p>\n<p><strong>Per Mathisen<\/strong>\u00a0\u2013 &#8222;The Bass Viking&#8220; \u2013 ist seit 1994 eine fixe Gr\u00f6\u00dfe in Norwegen. Er wird manchmal auch als norwegischer Jaco Pastorius am E-bass oder Niels Henning \u00d8rsted Perdersen am akustischen Bass bezeichnet. International hat er sich ebenfalls einen Namen gemacht: er spielte schon unter anderen mit Mike Stern, Bill Evans, Jojo Mayer, Ralph Peterson, Maria Jo\u00e3o und Nguy\u00ean L\u00ea. Mathisen hat jede Menge Aufnahmen ver\u00f6ffentlicht und ist an vielen Band- Projekten beteiligt, zum Beispiel an der erfolgreichen norwegischen Rock-Band \u201eDance with a stranger\u201c.<\/p>\n<p>Der aus Zulissen bei Freistadt in Ober\u00f6sterreich stammende <strong>Gerald Preinfalk<\/strong> ist ein unglaublich vielseitiger Saxophonist und Virtuose sowohl in der Klassik als auch im Jazz. Er tritt in diversen Jazzensembles auf und komponiert vorwiegend f\u00fcr eigne Bands. Seit 2012 hat er die Professur f\u00fcr klassisches Saxophon an der Kunstuniversit\u00e4t Graz inne.<\/p>\n<p><strong>Herbert Pirker<\/strong> wurde in der Steiermark geborgen und begann schon im Alter von 6 Jahren mit dem Trommeln. Heute ist er einer der gefragtesten Schlagzeuger \u00d6sterreichs. 2003 und 2004 wurde er mit dem Austrian Young Lions Award und 2007 mit dem Hans Koller Preis in der Kategorie Newcomer des Jahres ausgezeichnet. Er unterrichtet unter anderem an der Anton Bruckner Privatuniversit\u00e4t in Linz.<\/p>\n<p><strong>Paul Urbanek<\/strong>, Sohn eines Pianisten, tritt als grandioser Jazzpianist in die Fu\u00dfstapfen Joe Zawinuls. Er wirkte an zahlreichen Alben mit und unterrichtet Jazzklavier und Improvisation am JAM MUSIC LAB &#8211; Konservatorium f\u00fcr Jazz und Popularmusik und der\u00a0<a href=\"https:\/\/de.wikipedia.org\/wiki\/Universit%C3%A4t_f%C3%BCr_Musik_und_darstellende_Kunst_Wien\">Universit\u00e4t f\u00fcr Musik und darstellende Kunst Wien<\/a>.<\/p>\n<p>Der Percussionist, Drummer und Songwriter <strong>Kornel Mogyor\u00f3 <\/strong>ist einer der gefragtesten Musiker Ungarns. Er beherrscht Hand Percussion Techniken (conga, bongo, djembe, cajon, etc.), Fingertechniken (darbuka, riq, bodhran, etc.), und auch Drumstick Play. Seine Darbietungen sind eine wahre Performance!<\/p>\n<p><strong>Karten: <\/strong>VVK \u20ac 17\/19\/21 &#8211; AK \u20ac 19\/21\/23<\/p>\n<p>Erh\u00e4ltlich im Papiermachermuseum (07613\/3951; <a href=\"http:\/\/www.papiermuseum.at\">www.papiermuseum.at<\/a>), Kulturabteilung Stadtgemeinde Laakirchen, \u00d6- Ticket, Erm\u00e4\u00dfigung: AK Kultur, Mitglieder des Museumsvereins<\/p>\n<p>&nbsp;<\/p>\n<h3>+++ Ten Strings Duo&#8220; spielte im H\u00fcrther Jazzkeller im Rahmen seiner Release-Tour +++<\/h3>\n<p>Ein Konzert der Zwei-Mann-Formation \u00abTen Strings Duo\u00bb stand am Wochenende auf dem Programm des H\u00fcrther Jazzclubs. Im gem\u00fctlichen Jazzkeller auf der Herm\u00fclheimer Stra\u00dfe stellten Marius Peters (Gitarre) und Florian Herzog (Bass) ihre CD \u00abTen Strings\u00bb vor. F\u00fcr Peters war der Auftritt so etwas wie ein Heimspiel: Seit seiner Jugend wird der junge Gitarrenvirtuose vom Jazzclub gef\u00f6rdert. Inzwischen ist er l\u00e4ngst ein gefragter Musik-Profi, spielt aber immer wieder gern auf der B\u00fchne, auf der f\u00fcr ihn alles begann.<\/p>\n<p>Die Zusammenarbeit mit Florian Herzog geht auf Peters T\u00e4tigkeit f\u00fcr \u00abYEHUDI MENUHIN \u2013 Live Music Now\u00bb zur\u00fcck. Diese Stiftung engagiert sich daf\u00fcr, Musik zu Menschen zu bringen, die aufgrund ihrer Lebensumst\u00e4nde nicht in Konzerte gehen k\u00f6nnen. Das ausgesprochen breitgef\u00e4cherte Programm, das Peters und Herzog in H\u00fcrth spielten, entstand aus der Arbeit der beiden in Seniorenheimen, Kliniken, Gef\u00e4ngnissen und Hospizen, von der Peters im Laufe des Abends mehrfach anschaulich berichtete. In Jazznummern wie \u00abMr. A. Is Busy Today\u00bb (Frank Wingold) oder Bossa-Nova-Klassikern wie \u00abManh\u00e3 de carnaval\u00bb (Luiz Bomf\u00e1) zeigten die beiden Musiker sich als eingespieltes Team. Mit Chart-Hits \u00e0 la \u00abGet Lucky\u00bb von Daft Punk feat. Pharrell Williams, \u00abFireflies\u00bb von Owl City oder dem Beatles-Song \u00abBlackbird\u00bb stellten die beiden ihre musikalische Wandelbarkeit unter Beweis und setzten das Publikum unter Strom.<\/p>\n<p>Dabei agierten Peters und Herzog als vollkommen gleichberechtigte Partner, die im Dialog ihrer Instrumente eine enorme Bandbreite an Klang- und Ausdrucksm\u00f6glichkeiten aufboten. Herzog griff dazu immer wieder zum Bogen, lie\u00df die H\u00e4nde ger\u00e4uschvoll \u00fcber den Korpus seines Basses fahren oder entlockte ihm perkussive Effekte und leuchtende Flageolett-T\u00f6ne, wie man sie ausgesprochen selten in einem solchen Kontext zu h\u00f6ren bekommt. Peters fesselte das Publikum im Wechsel von Akustik- und Jazz-Gitarre mit seinen gewohnt virtuosen Zaubereien, zartf\u00fchlendem Fingerstyle, harmonischen Farbspielen und pointiertem Humor. Auf die Zusammenarbeit f\u00fcr \u00abLive Music Now\u00bb kamen die beiden auch ganz konkret zur\u00fcck, als sie Madeleine Milojcic, auf die B\u00fchne baten. Milojcic, die f\u00fcr die Stiftung Konzerte organisiert, las engagiert aus Kurztexten des russischen Autors Daniil Charms, die das Duo anschlie\u00dfend feinsinnig kommentierte. Wer davon mehr h\u00f6ren m\u00f6chte, hat dazu am 22. Juni um 19.30 Uhr\u00a0 in der K\u00f6lner Galerie Kunstraub Gelegenheit.<\/p>\n<p>\u201eIch freue mich, dass das Programm von \u00abTen Strings Duo\u00bb so gut beim H\u00fcrther Publikum angekommen ist\u201c, verriet G\u00fcnter Reiners, Vorsitzender des Jazzclubs H\u00fcrth e.V., nach dem begeisterten Schluss-Applaus. \u201eWir begleiten Marius Peters ja seit seinen ersten Schritten als Musiker. Umso mehr freuen wir uns, dass er heute als Profi bei renommierten Festivals spielt und spannende Band-Projekte gestaltet. Dass er als Musiklehrer f\u00fcr die Josef Metternich-Musikschule t\u00e4tig ist und so das kulturelle Leben unserer Stadt mit gestaltet, ist f\u00fcr den Standort H\u00fcrth ein echter Gewinn. Dass er dar\u00fcber hinaus in einem Projekt wie \u00abLive Music Now\u00bb auf Menschen zugeht, die normalerweise nicht an Kultur partizipieren k\u00f6nnen, zeigt uns, dass wir bei Marius nicht nur k\u00fcnstlerisch, sondern auch menschlich den richtigen Riecher hatten. Jenseits seines ph\u00e4nomenalen K\u00f6nnens ist diese Menschlichkeit ein wichtiger Teil der Faszination, die von Marius als K\u00fcnstler ausgeht.\u201c<\/p>\n<p><span style=\"border-radius: 2px; text-indent: 20px; width: auto; padding: 0px 4px 0px 0px; text-align: center; font: bold 11px\/20px 'Helvetica Neue',Helvetica,sans-serif; color: #ffffff; background: #bd081c  no-repeat scroll 3px 50% \/ 14px 14px; position: absolute; opacity: 1; z-index: 8675309; display: none; cursor: pointer;\">Merken<\/span><\/p>\n","protected":false},"excerpt":{"rendered":"<p>+++ Jubil\u00e4um: 20 Jahre Vorstudium Jazz in K\u00f6ln +++ Ab\u00a0September\u00a02017\u00a0beginnt der einj\u00e4hrige Fortbildungskurs \u201eVorstudium Jazz\u201c der Offenen Jazzhaus Schule in K\u00f6ln. Dieser Kurs wendet sich an Musiker, die an einer zielgerichteten, intensiven Ausbildung unter Anleitung profilierter Dozenten interessiert sind. Es eignet sich insbesondere zur direkten Vorbereitung auf die Aufnahmepr\u00fcfung an einer Musikhochschule. Die Teilnehmer k\u00f6nnen bereits vorhandenes Wissen vertiefen und auffrischen oder Neues in kompakter und systematischer Weise erlernen. Das &#8222;Vorstudium Jazz&#8220; dient dar\u00fcber hinaus als Kontaktb\u00f6rse, bei der sich Musiker mit \u00e4hnlichen Zielen finden. Die Kursleitung hat Andr\u00e9 Nendza. Weitere Informationen unter\u00a0http:\/\/www.jazzhausschule.de\/j3\/angebot\/vorstudium-jazz\u00a0oder telefonisch unter: 0221\/13 05 65-25 &nbsp; +++ &#8222;HEAVY WEATHER&#8220; in the spirit of Joe Zawinul &#8211; ein Abend auf der Museumshalbinsel in Steyrerm\u00fchl +++ 2017 j\u00e4hrt sich der Todestag der Jazz-Legende Joe Zawinul zum zehnten Mal. Im \u00d6sterreichischen Papiermachermuseum Laakirchen &#8211; Steyrerm\u00fchl gedenkt man dem Weltstar am 8. Juli 2017 mit einem Konzert am Tag nach seinem Geburtstag (Beginn: 19.30 Uhr). Der virtuose norwegische Bassist Per Mathisen hat daf\u00fcr eine Band der Extraklasse zusammengestellt. Gespielt werden St\u00fccke von Zawinul, Jaco Pastorius und Wayne Shorter sowie von Per Mathisen, dessen Kompositionen eine Hommage &hellip;<\/p>\n","protected":false},"author":18,"featured_media":0,"comment_status":"open","ping_status":"closed","sticky":false,"template":"","format":"standard","meta":{"_jetpack_memberships_contains_paid_content":false,"footnotes":"","jetpack_publicize_message":"","jetpack_publicize_feature_enabled":true,"jetpack_social_post_already_shared":false,"jetpack_social_options":{"image_generator_settings":{"template":"highway","default_image_id":0,"font":"","enabled":false},"version":2}},"categories":[633],"tags":[1315,75,109,1406,682,790,1466,1007,271,928,10,316,852,322,323,327,732,1502,1250,558],"coauthors":[695],"class_list":["post-12727","post","type-post","status-publish","format-standard","hentry","category-nachrichten","tag-applaus","tag-bill-evans","tag-cd","tag-duo","tag-festivals","tag-geburtstag","tag-huerther-jazzkeller","tag-improvisation","tag-jazzclub","tag-jazzclubs","tag-jubilaeum","tag-klassik","tag-koeln","tag-konzert-2","tag-konzerte","tag-kultur","tag-newcomer-2","tag-preis","tag-rock","tag-tour"],"yoast_head":"<!-- This site is optimized with the Yoast SEO plugin v27.5 - https:\/\/yoast.com\/product\/yoast-seo-wordpress\/ -->\n<title>+++news +++ 20 Jahre Vorstudium Jazz in K\u00f6ln +++ Joe Zawinul-Gedenk-Konzert in Steyrerm\u00fchl +++ &quot;Ten Strings Duo&quot; in H\u00fcrther +++ - JazzZeitung<\/title>\n<meta name=\"robots\" content=\"index, follow, max-snippet:-1, max-image-preview:large, max-video-preview:-1\" \/>\n<link rel=\"canonical\" href=\"https:\/\/www.jazzzeitung.de\/cms\/2017\/06\/news-20-jahre-vorstudium-jazz-in-koeln-joe-zawinul-gedenk-konzert-in-steyrermuehl-ten-strings-duo-in-huerther\/\" \/>\n<meta property=\"og:locale\" content=\"de_DE\" \/>\n<meta property=\"og:type\" content=\"article\" \/>\n<meta property=\"og:title\" content=\"+++news +++ 20 Jahre Vorstudium Jazz in K\u00f6ln +++ Joe Zawinul-Gedenk-Konzert in Steyrerm\u00fchl +++ &quot;Ten Strings Duo&quot; in H\u00fcrther +++ - JazzZeitung\" \/>\n<meta property=\"og:description\" content=\"+++ Jubil\u00e4um: 20 Jahre Vorstudium Jazz in K\u00f6ln +++ Ab\u00a0September\u00a02017\u00a0beginnt der einj\u00e4hrige Fortbildungskurs \u201eVorstudium Jazz\u201c der Offenen Jazzhaus Schule in K\u00f6ln. Dieser Kurs wendet sich an Musiker, die an einer zielgerichteten, intensiven Ausbildung unter Anleitung profilierter Dozenten interessiert sind. Es eignet sich insbesondere zur direkten Vorbereitung auf die Aufnahmepr\u00fcfung an einer Musikhochschule. Die Teilnehmer k\u00f6nnen bereits vorhandenes Wissen vertiefen und auffrischen oder Neues in kompakter und systematischer Weise erlernen. Das &#8222;Vorstudium Jazz&#8220; dient dar\u00fcber hinaus als Kontaktb\u00f6rse, bei der sich Musiker mit \u00e4hnlichen Zielen finden. Die Kursleitung hat Andr\u00e9 Nendza. Weitere Informationen unter\u00a0http:\/\/www.jazzhausschule.de\/j3\/angebot\/vorstudium-jazz\u00a0oder telefonisch unter: 0221\/13 05 65-25 &nbsp; +++ &#8222;HEAVY WEATHER&#8220; in the spirit of Joe Zawinul &#8211; ein Abend auf der Museumshalbinsel in Steyrerm\u00fchl +++ 2017 j\u00e4hrt sich der Todestag der Jazz-Legende Joe Zawinul zum zehnten Mal. Im \u00d6sterreichischen Papiermachermuseum Laakirchen &#8211; Steyrerm\u00fchl gedenkt man dem Weltstar am 8. Juli 2017 mit einem Konzert am Tag nach seinem Geburtstag (Beginn: 19.30 Uhr). Der virtuose norwegische Bassist Per Mathisen hat daf\u00fcr eine Band der Extraklasse zusammengestellt. Gespielt werden St\u00fccke von Zawinul, Jaco Pastorius und Wayne Shorter sowie von Per Mathisen, dessen Kompositionen eine Hommage &hellip;\" \/>\n<meta property=\"og:url\" content=\"https:\/\/www.jazzzeitung.de\/cms\/2017\/06\/news-20-jahre-vorstudium-jazz-in-koeln-joe-zawinul-gedenk-konzert-in-steyrermuehl-ten-strings-duo-in-huerther\/\" \/>\n<meta property=\"og:site_name\" content=\"JazzZeitung\" \/>\n<meta property=\"article:publisher\" content=\"https:\/\/www.facebook.com\/JazzZeitung\/\" \/>\n<meta property=\"article:published_time\" content=\"2017-06-19T11:42:17+00:00\" \/>\n<meta property=\"article:modified_time\" content=\"2017-06-19T11:44:09+00:00\" \/>\n<meta property=\"og:image\" content=\"https:\/\/www.jazzzeitung.de\/cms\/wp-content\/uploads\/2017\/06\/Andre-Nendza-@BastianWerner-150x150.jpeg\" \/>\n<meta name=\"author\" content=\"Redaktion JazzZeitung\" \/>\n<script type=\"application\/ld+json\" class=\"yoast-schema-graph\">{\"@context\":\"https:\\\/\\\/schema.org\",\"@graph\":[{\"@type\":\"Article\",\"@id\":\"https:\\\/\\\/www.jazzzeitung.de\\\/cms\\\/2017\\\/06\\\/news-20-jahre-vorstudium-jazz-in-koeln-joe-zawinul-gedenk-konzert-in-steyrermuehl-ten-strings-duo-in-huerther\\\/#article\",\"isPartOf\":{\"@id\":\"https:\\\/\\\/www.jazzzeitung.de\\\/cms\\\/2017\\\/06\\\/news-20-jahre-vorstudium-jazz-in-koeln-joe-zawinul-gedenk-konzert-in-steyrermuehl-ten-strings-duo-in-huerther\\\/\"},\"author\":{\"name\":\"Redaktion JazzZeitung\",\"@id\":\"https:\\\/\\\/www.jazzzeitung.de\\\/cms\\\/#\\\/schema\\\/person\\\/2245b36b9cd1d24cea10f01c031fb92b\"},\"headline\":\"+++news +++ 20 Jahre Vorstudium Jazz in K\u00f6ln +++ Joe Zawinul-Gedenk-Konzert in Steyrerm\u00fchl +++ &#8222;Ten Strings Duo&#8220; in H\u00fcrther +++\",\"datePublished\":\"2017-06-19T11:42:17+00:00\",\"dateModified\":\"2017-06-19T11:44:09+00:00\",\"mainEntityOfPage\":{\"@id\":\"https:\\\/\\\/www.jazzzeitung.de\\\/cms\\\/2017\\\/06\\\/news-20-jahre-vorstudium-jazz-in-koeln-joe-zawinul-gedenk-konzert-in-steyrermuehl-ten-strings-duo-in-huerther\\\/\"},\"wordCount\":1117,\"commentCount\":0,\"publisher\":{\"@id\":\"https:\\\/\\\/www.jazzzeitung.de\\\/cms\\\/#organization\"},\"image\":{\"@id\":\"https:\\\/\\\/www.jazzzeitung.de\\\/cms\\\/2017\\\/06\\\/news-20-jahre-vorstudium-jazz-in-koeln-joe-zawinul-gedenk-konzert-in-steyrermuehl-ten-strings-duo-in-huerther\\\/#primaryimage\"},\"thumbnailUrl\":\"https:\\\/\\\/www.jazzzeitung.de\\\/cms\\\/wp-content\\\/uploads\\\/2017\\\/06\\\/Andre-Nendza-@BastianWerner-150x150.jpeg\",\"keywords\":[\"APPLAUS\",\"Bill Evans\",\"CD\",\"duo\",\"Festivals\",\"Geburtstag\",\"H\u00fcrther Jazzkeller\",\"Improvisation\",\"Jazzclub\",\"Jazzclubs\",\"Jubil\u00e4um\",\"Klassik\",\"K\u00f6ln\",\"Konzert\",\"Konzerte\",\"Kultur\",\"Newcomer\",\"Preis\",\"Rock\",\"Tour\"],\"articleSection\":[\"News\"],\"inLanguage\":\"de\",\"potentialAction\":[{\"@type\":\"CommentAction\",\"name\":\"Comment\",\"target\":[\"https:\\\/\\\/www.jazzzeitung.de\\\/cms\\\/2017\\\/06\\\/news-20-jahre-vorstudium-jazz-in-koeln-joe-zawinul-gedenk-konzert-in-steyrermuehl-ten-strings-duo-in-huerther\\\/#respond\"]}]},{\"@type\":\"WebPage\",\"@id\":\"https:\\\/\\\/www.jazzzeitung.de\\\/cms\\\/2017\\\/06\\\/news-20-jahre-vorstudium-jazz-in-koeln-joe-zawinul-gedenk-konzert-in-steyrermuehl-ten-strings-duo-in-huerther\\\/\",\"url\":\"https:\\\/\\\/www.jazzzeitung.de\\\/cms\\\/2017\\\/06\\\/news-20-jahre-vorstudium-jazz-in-koeln-joe-zawinul-gedenk-konzert-in-steyrermuehl-ten-strings-duo-in-huerther\\\/\",\"name\":\"+++news +++ 20 Jahre Vorstudium Jazz in K\u00f6ln +++ Joe Zawinul-Gedenk-Konzert in Steyrerm\u00fchl +++ \\\"Ten Strings Duo\\\" in H\u00fcrther +++ - JazzZeitung\",\"isPartOf\":{\"@id\":\"https:\\\/\\\/www.jazzzeitung.de\\\/cms\\\/#website\"},\"primaryImageOfPage\":{\"@id\":\"https:\\\/\\\/www.jazzzeitung.de\\\/cms\\\/2017\\\/06\\\/news-20-jahre-vorstudium-jazz-in-koeln-joe-zawinul-gedenk-konzert-in-steyrermuehl-ten-strings-duo-in-huerther\\\/#primaryimage\"},\"image\":{\"@id\":\"https:\\\/\\\/www.jazzzeitung.de\\\/cms\\\/2017\\\/06\\\/news-20-jahre-vorstudium-jazz-in-koeln-joe-zawinul-gedenk-konzert-in-steyrermuehl-ten-strings-duo-in-huerther\\\/#primaryimage\"},\"thumbnailUrl\":\"https:\\\/\\\/www.jazzzeitung.de\\\/cms\\\/wp-content\\\/uploads\\\/2017\\\/06\\\/Andre-Nendza-@BastianWerner-150x150.jpeg\",\"datePublished\":\"2017-06-19T11:42:17+00:00\",\"dateModified\":\"2017-06-19T11:44:09+00:00\",\"breadcrumb\":{\"@id\":\"https:\\\/\\\/www.jazzzeitung.de\\\/cms\\\/2017\\\/06\\\/news-20-jahre-vorstudium-jazz-in-koeln-joe-zawinul-gedenk-konzert-in-steyrermuehl-ten-strings-duo-in-huerther\\\/#breadcrumb\"},\"inLanguage\":\"de\",\"potentialAction\":[{\"@type\":\"ReadAction\",\"target\":[\"https:\\\/\\\/www.jazzzeitung.de\\\/cms\\\/2017\\\/06\\\/news-20-jahre-vorstudium-jazz-in-koeln-joe-zawinul-gedenk-konzert-in-steyrermuehl-ten-strings-duo-in-huerther\\\/\"]}]},{\"@type\":\"ImageObject\",\"inLanguage\":\"de\",\"@id\":\"https:\\\/\\\/www.jazzzeitung.de\\\/cms\\\/2017\\\/06\\\/news-20-jahre-vorstudium-jazz-in-koeln-joe-zawinul-gedenk-konzert-in-steyrermuehl-ten-strings-duo-in-huerther\\\/#primaryimage\",\"url\":\"https:\\\/\\\/www.jazzzeitung.de\\\/cms\\\/wp-content\\\/uploads\\\/2017\\\/06\\\/Andre-Nendza-@BastianWerner-150x150.jpeg\",\"contentUrl\":\"https:\\\/\\\/www.jazzzeitung.de\\\/cms\\\/wp-content\\\/uploads\\\/2017\\\/06\\\/Andre-Nendza-@BastianWerner-150x150.jpeg\"},{\"@type\":\"BreadcrumbList\",\"@id\":\"https:\\\/\\\/www.jazzzeitung.de\\\/cms\\\/2017\\\/06\\\/news-20-jahre-vorstudium-jazz-in-koeln-joe-zawinul-gedenk-konzert-in-steyrermuehl-ten-strings-duo-in-huerther\\\/#breadcrumb\",\"itemListElement\":[{\"@type\":\"ListItem\",\"position\":1,\"name\":\"Startseite\",\"item\":\"https:\\\/\\\/www.jazzzeitung.de\\\/cms\\\/\"},{\"@type\":\"ListItem\",\"position\":2,\"name\":\"+++news +++ 20 Jahre Vorstudium Jazz in K\u00f6ln +++ Joe Zawinul-Gedenk-Konzert in Steyrerm\u00fchl +++ &#8222;Ten Strings Duo&#8220; in H\u00fcrther +++\"}]},{\"@type\":\"WebSite\",\"@id\":\"https:\\\/\\\/www.jazzzeitung.de\\\/cms\\\/#website\",\"url\":\"https:\\\/\\\/www.jazzzeitung.de\\\/cms\\\/\",\"name\":\"JazzZeitung\",\"description\":\"Jazz-News und Jazz-Kontroverses\",\"publisher\":{\"@id\":\"https:\\\/\\\/www.jazzzeitung.de\\\/cms\\\/#organization\"},\"potentialAction\":[{\"@type\":\"SearchAction\",\"target\":{\"@type\":\"EntryPoint\",\"urlTemplate\":\"https:\\\/\\\/www.jazzzeitung.de\\\/cms\\\/?s={search_term_string}\"},\"query-input\":{\"@type\":\"PropertyValueSpecification\",\"valueRequired\":true,\"valueName\":\"search_term_string\"}}],\"inLanguage\":\"de\"},{\"@type\":\"Organization\",\"@id\":\"https:\\\/\\\/www.jazzzeitung.de\\\/cms\\\/#organization\",\"name\":\"JazzZeitung online\",\"url\":\"https:\\\/\\\/www.jazzzeitung.de\\\/cms\\\/\",\"logo\":{\"@type\":\"ImageObject\",\"inLanguage\":\"de\",\"@id\":\"https:\\\/\\\/www.jazzzeitung.de\\\/cms\\\/#\\\/schema\\\/logo\\\/image\\\/\",\"url\":\"https:\\\/\\\/i0.wp.com\\\/www.jazzzeitung.de\\\/cms\\\/wp-content\\\/uploads\\\/2015\\\/08\\\/JAZZZEITUNGDE_Logo_Neu.png?fit=499%2C200&ssl=1\",\"contentUrl\":\"https:\\\/\\\/i0.wp.com\\\/www.jazzzeitung.de\\\/cms\\\/wp-content\\\/uploads\\\/2015\\\/08\\\/JAZZZEITUNGDE_Logo_Neu.png?fit=499%2C200&ssl=1\",\"width\":499,\"height\":200,\"caption\":\"JazzZeitung online\"},\"image\":{\"@id\":\"https:\\\/\\\/www.jazzzeitung.de\\\/cms\\\/#\\\/schema\\\/logo\\\/image\\\/\"},\"sameAs\":[\"https:\\\/\\\/www.facebook.com\\\/JazzZeitung\\\/\"]},{\"@type\":\"Person\",\"@id\":\"https:\\\/\\\/www.jazzzeitung.de\\\/cms\\\/#\\\/schema\\\/person\\\/2245b36b9cd1d24cea10f01c031fb92b\",\"name\":\"Redaktion JazzZeitung\",\"image\":{\"@type\":\"ImageObject\",\"inLanguage\":\"de\",\"@id\":\"https:\\\/\\\/i0.wp.com\\\/www.jazzzeitung.de\\\/cms\\\/wp-content\\\/uploads\\\/2015\\\/08\\\/JAZZZEITUNGDE_Logo_Neu.png?resize=96%2C96&ssl=159975dcacb611b5700bd619b5daf0a7a\",\"url\":\"https:\\\/\\\/i0.wp.com\\\/www.jazzzeitung.de\\\/cms\\\/wp-content\\\/uploads\\\/2015\\\/08\\\/JAZZZEITUNGDE_Logo_Neu.png?resize=96%2C96&ssl=1\",\"contentUrl\":\"https:\\\/\\\/i0.wp.com\\\/www.jazzzeitung.de\\\/cms\\\/wp-content\\\/uploads\\\/2015\\\/08\\\/JAZZZEITUNGDE_Logo_Neu.png?resize=96%2C96&ssl=1\",\"caption\":\"Redaktion JazzZeitung\"},\"description\":\"Artikel der Redaktion der JazzZeitung.\",\"sameAs\":[\"http:\\\/\\\/www.jazzzeitung.de\\\/cms\\\/\"],\"url\":\"https:\\\/\\\/www.jazzzeitung.de\\\/cms\\\/author\\\/redaktion\\\/\"}]}<\/script>\n<!-- \/ Yoast SEO plugin. -->","yoast_head_json":{"title":"+++news +++ 20 Jahre Vorstudium Jazz in K\u00f6ln +++ Joe Zawinul-Gedenk-Konzert in Steyrerm\u00fchl +++ \"Ten Strings Duo\" in H\u00fcrther +++ - JazzZeitung","robots":{"index":"index","follow":"follow","max-snippet":"max-snippet:-1","max-image-preview":"max-image-preview:large","max-video-preview":"max-video-preview:-1"},"canonical":"https:\/\/www.jazzzeitung.de\/cms\/2017\/06\/news-20-jahre-vorstudium-jazz-in-koeln-joe-zawinul-gedenk-konzert-in-steyrermuehl-ten-strings-duo-in-huerther\/","og_locale":"de_DE","og_type":"article","og_title":"+++news +++ 20 Jahre Vorstudium Jazz in K\u00f6ln +++ Joe Zawinul-Gedenk-Konzert in Steyrerm\u00fchl +++ \"Ten Strings Duo\" in H\u00fcrther +++ - JazzZeitung","og_description":"+++ Jubil\u00e4um: 20 Jahre Vorstudium Jazz in K\u00f6ln +++ Ab\u00a0September\u00a02017\u00a0beginnt der einj\u00e4hrige Fortbildungskurs \u201eVorstudium Jazz\u201c der Offenen Jazzhaus Schule in K\u00f6ln. Dieser Kurs wendet sich an Musiker, die an einer zielgerichteten, intensiven Ausbildung unter Anleitung profilierter Dozenten interessiert sind. Es eignet sich insbesondere zur direkten Vorbereitung auf die Aufnahmepr\u00fcfung an einer Musikhochschule. Die Teilnehmer k\u00f6nnen bereits vorhandenes Wissen vertiefen und auffrischen oder Neues in kompakter und systematischer Weise erlernen. Das &#8222;Vorstudium Jazz&#8220; dient dar\u00fcber hinaus als Kontaktb\u00f6rse, bei der sich Musiker mit \u00e4hnlichen Zielen finden. Die Kursleitung hat Andr\u00e9 Nendza. Weitere Informationen unter\u00a0http:\/\/www.jazzhausschule.de\/j3\/angebot\/vorstudium-jazz\u00a0oder telefonisch unter: 0221\/13 05 65-25 &nbsp; +++ &#8222;HEAVY WEATHER&#8220; in the spirit of Joe Zawinul &#8211; ein Abend auf der Museumshalbinsel in Steyrerm\u00fchl +++ 2017 j\u00e4hrt sich der Todestag der Jazz-Legende Joe Zawinul zum zehnten Mal. Im \u00d6sterreichischen Papiermachermuseum Laakirchen &#8211; Steyrerm\u00fchl gedenkt man dem Weltstar am 8. Juli 2017 mit einem Konzert am Tag nach seinem Geburtstag (Beginn: 19.30 Uhr). Der virtuose norwegische Bassist Per Mathisen hat daf\u00fcr eine Band der Extraklasse zusammengestellt. Gespielt werden St\u00fccke von Zawinul, Jaco Pastorius und Wayne Shorter sowie von Per Mathisen, dessen Kompositionen eine Hommage &hellip;","og_url":"https:\/\/www.jazzzeitung.de\/cms\/2017\/06\/news-20-jahre-vorstudium-jazz-in-koeln-joe-zawinul-gedenk-konzert-in-steyrermuehl-ten-strings-duo-in-huerther\/","og_site_name":"JazzZeitung","article_publisher":"https:\/\/www.facebook.com\/JazzZeitung\/","article_published_time":"2017-06-19T11:42:17+00:00","article_modified_time":"2017-06-19T11:44:09+00:00","og_image":[{"url":"https:\/\/www.jazzzeitung.de\/cms\/wp-content\/uploads\/2017\/06\/Andre-Nendza-@BastianWerner-150x150.jpeg","type":"","width":"","height":""}],"author":"Redaktion JazzZeitung","schema":{"@context":"https:\/\/schema.org","@graph":[{"@type":"Article","@id":"https:\/\/www.jazzzeitung.de\/cms\/2017\/06\/news-20-jahre-vorstudium-jazz-in-koeln-joe-zawinul-gedenk-konzert-in-steyrermuehl-ten-strings-duo-in-huerther\/#article","isPartOf":{"@id":"https:\/\/www.jazzzeitung.de\/cms\/2017\/06\/news-20-jahre-vorstudium-jazz-in-koeln-joe-zawinul-gedenk-konzert-in-steyrermuehl-ten-strings-duo-in-huerther\/"},"author":{"name":"Redaktion JazzZeitung","@id":"https:\/\/www.jazzzeitung.de\/cms\/#\/schema\/person\/2245b36b9cd1d24cea10f01c031fb92b"},"headline":"+++news +++ 20 Jahre Vorstudium Jazz in K\u00f6ln +++ Joe Zawinul-Gedenk-Konzert in Steyrerm\u00fchl +++ &#8222;Ten Strings Duo&#8220; in H\u00fcrther +++","datePublished":"2017-06-19T11:42:17+00:00","dateModified":"2017-06-19T11:44:09+00:00","mainEntityOfPage":{"@id":"https:\/\/www.jazzzeitung.de\/cms\/2017\/06\/news-20-jahre-vorstudium-jazz-in-koeln-joe-zawinul-gedenk-konzert-in-steyrermuehl-ten-strings-duo-in-huerther\/"},"wordCount":1117,"commentCount":0,"publisher":{"@id":"https:\/\/www.jazzzeitung.de\/cms\/#organization"},"image":{"@id":"https:\/\/www.jazzzeitung.de\/cms\/2017\/06\/news-20-jahre-vorstudium-jazz-in-koeln-joe-zawinul-gedenk-konzert-in-steyrermuehl-ten-strings-duo-in-huerther\/#primaryimage"},"thumbnailUrl":"https:\/\/www.jazzzeitung.de\/cms\/wp-content\/uploads\/2017\/06\/Andre-Nendza-@BastianWerner-150x150.jpeg","keywords":["APPLAUS","Bill Evans","CD","duo","Festivals","Geburtstag","H\u00fcrther Jazzkeller","Improvisation","Jazzclub","Jazzclubs","Jubil\u00e4um","Klassik","K\u00f6ln","Konzert","Konzerte","Kultur","Newcomer","Preis","Rock","Tour"],"articleSection":["News"],"inLanguage":"de","potentialAction":[{"@type":"CommentAction","name":"Comment","target":["https:\/\/www.jazzzeitung.de\/cms\/2017\/06\/news-20-jahre-vorstudium-jazz-in-koeln-joe-zawinul-gedenk-konzert-in-steyrermuehl-ten-strings-duo-in-huerther\/#respond"]}]},{"@type":"WebPage","@id":"https:\/\/www.jazzzeitung.de\/cms\/2017\/06\/news-20-jahre-vorstudium-jazz-in-koeln-joe-zawinul-gedenk-konzert-in-steyrermuehl-ten-strings-duo-in-huerther\/","url":"https:\/\/www.jazzzeitung.de\/cms\/2017\/06\/news-20-jahre-vorstudium-jazz-in-koeln-joe-zawinul-gedenk-konzert-in-steyrermuehl-ten-strings-duo-in-huerther\/","name":"+++news +++ 20 Jahre Vorstudium Jazz in K\u00f6ln +++ Joe Zawinul-Gedenk-Konzert in Steyrerm\u00fchl +++ \"Ten Strings Duo\" in H\u00fcrther +++ - JazzZeitung","isPartOf":{"@id":"https:\/\/www.jazzzeitung.de\/cms\/#website"},"primaryImageOfPage":{"@id":"https:\/\/www.jazzzeitung.de\/cms\/2017\/06\/news-20-jahre-vorstudium-jazz-in-koeln-joe-zawinul-gedenk-konzert-in-steyrermuehl-ten-strings-duo-in-huerther\/#primaryimage"},"image":{"@id":"https:\/\/www.jazzzeitung.de\/cms\/2017\/06\/news-20-jahre-vorstudium-jazz-in-koeln-joe-zawinul-gedenk-konzert-in-steyrermuehl-ten-strings-duo-in-huerther\/#primaryimage"},"thumbnailUrl":"https:\/\/www.jazzzeitung.de\/cms\/wp-content\/uploads\/2017\/06\/Andre-Nendza-@BastianWerner-150x150.jpeg","datePublished":"2017-06-19T11:42:17+00:00","dateModified":"2017-06-19T11:44:09+00:00","breadcrumb":{"@id":"https:\/\/www.jazzzeitung.de\/cms\/2017\/06\/news-20-jahre-vorstudium-jazz-in-koeln-joe-zawinul-gedenk-konzert-in-steyrermuehl-ten-strings-duo-in-huerther\/#breadcrumb"},"inLanguage":"de","potentialAction":[{"@type":"ReadAction","target":["https:\/\/www.jazzzeitung.de\/cms\/2017\/06\/news-20-jahre-vorstudium-jazz-in-koeln-joe-zawinul-gedenk-konzert-in-steyrermuehl-ten-strings-duo-in-huerther\/"]}]},{"@type":"ImageObject","inLanguage":"de","@id":"https:\/\/www.jazzzeitung.de\/cms\/2017\/06\/news-20-jahre-vorstudium-jazz-in-koeln-joe-zawinul-gedenk-konzert-in-steyrermuehl-ten-strings-duo-in-huerther\/#primaryimage","url":"https:\/\/www.jazzzeitung.de\/cms\/wp-content\/uploads\/2017\/06\/Andre-Nendza-@BastianWerner-150x150.jpeg","contentUrl":"https:\/\/www.jazzzeitung.de\/cms\/wp-content\/uploads\/2017\/06\/Andre-Nendza-@BastianWerner-150x150.jpeg"},{"@type":"BreadcrumbList","@id":"https:\/\/www.jazzzeitung.de\/cms\/2017\/06\/news-20-jahre-vorstudium-jazz-in-koeln-joe-zawinul-gedenk-konzert-in-steyrermuehl-ten-strings-duo-in-huerther\/#breadcrumb","itemListElement":[{"@type":"ListItem","position":1,"name":"Startseite","item":"https:\/\/www.jazzzeitung.de\/cms\/"},{"@type":"ListItem","position":2,"name":"+++news +++ 20 Jahre Vorstudium Jazz in K\u00f6ln +++ Joe Zawinul-Gedenk-Konzert in Steyrerm\u00fchl +++ &#8222;Ten Strings Duo&#8220; in H\u00fcrther +++"}]},{"@type":"WebSite","@id":"https:\/\/www.jazzzeitung.de\/cms\/#website","url":"https:\/\/www.jazzzeitung.de\/cms\/","name":"JazzZeitung","description":"Jazz-News und Jazz-Kontroverses","publisher":{"@id":"https:\/\/www.jazzzeitung.de\/cms\/#organization"},"potentialAction":[{"@type":"SearchAction","target":{"@type":"EntryPoint","urlTemplate":"https:\/\/www.jazzzeitung.de\/cms\/?s={search_term_string}"},"query-input":{"@type":"PropertyValueSpecification","valueRequired":true,"valueName":"search_term_string"}}],"inLanguage":"de"},{"@type":"Organization","@id":"https:\/\/www.jazzzeitung.de\/cms\/#organization","name":"JazzZeitung online","url":"https:\/\/www.jazzzeitung.de\/cms\/","logo":{"@type":"ImageObject","inLanguage":"de","@id":"https:\/\/www.jazzzeitung.de\/cms\/#\/schema\/logo\/image\/","url":"https:\/\/i0.wp.com\/www.jazzzeitung.de\/cms\/wp-content\/uploads\/2015\/08\/JAZZZEITUNGDE_Logo_Neu.png?fit=499%2C200&ssl=1","contentUrl":"https:\/\/i0.wp.com\/www.jazzzeitung.de\/cms\/wp-content\/uploads\/2015\/08\/JAZZZEITUNGDE_Logo_Neu.png?fit=499%2C200&ssl=1","width":499,"height":200,"caption":"JazzZeitung online"},"image":{"@id":"https:\/\/www.jazzzeitung.de\/cms\/#\/schema\/logo\/image\/"},"sameAs":["https:\/\/www.facebook.com\/JazzZeitung\/"]},{"@type":"Person","@id":"https:\/\/www.jazzzeitung.de\/cms\/#\/schema\/person\/2245b36b9cd1d24cea10f01c031fb92b","name":"Redaktion JazzZeitung","image":{"@type":"ImageObject","inLanguage":"de","@id":"https:\/\/i0.wp.com\/www.jazzzeitung.de\/cms\/wp-content\/uploads\/2015\/08\/JAZZZEITUNGDE_Logo_Neu.png?resize=96%2C96&ssl=159975dcacb611b5700bd619b5daf0a7a","url":"https:\/\/i0.wp.com\/www.jazzzeitung.de\/cms\/wp-content\/uploads\/2015\/08\/JAZZZEITUNGDE_Logo_Neu.png?resize=96%2C96&ssl=1","contentUrl":"https:\/\/i0.wp.com\/www.jazzzeitung.de\/cms\/wp-content\/uploads\/2015\/08\/JAZZZEITUNGDE_Logo_Neu.png?resize=96%2C96&ssl=1","caption":"Redaktion JazzZeitung"},"description":"Artikel der Redaktion der JazzZeitung.","sameAs":["http:\/\/www.jazzzeitung.de\/cms\/"],"url":"https:\/\/www.jazzzeitung.de\/cms\/author\/redaktion\/"}]}},"wp-worthy-pixel":{"ignored":false,"public":null,"server":null,"url":null},"wp-worthy-type":"normal","jetpack_publicize_connections":[],"cc_featured_image_caption":{"caption_text":false,"source_text":false,"source_url":false},"jetpack_featured_media_url":"","jetpack_shortlink":"https:\/\/wp.me\/p3KEcT-3jh","jetpack-related-posts":[{"id":9350,"url":"https:\/\/www.jazzzeitung.de\/cms\/2016\/05\/vorstudium-jazz-1617-koeln\/","url_meta":{"origin":12727,"position":0},"title":"Vorstudium Jazz 16\/17 in K\u00f6ln: Es gibt noch Pl\u00e4tze","author":"Redaktion JazzZeitung","date":"22. Mai 2016","format":false,"excerpt":"Ab August 2016 beginnt zum 19ten Mal der einj\u00e4hrige Fortbildungskurs\u00a0\u201eVorstudium Jazz\u201c der Offenen Jazzhaus Schule in K\u00f6ln. Dieser Kurs wendet sich an Musiker, die an einer zielgerichteten, intensiven Ausbildung unter Anleitung profilierter Dozenten interessiert sind. Es eignet sich insbesondere zur direkten Vorbereitung auf die Aufnahmepr\u00fcfung an einer Musikhochschule. Die Teilnehmer\u2026","rel":"","context":"In &quot;News&quot;","block_context":{"text":"News","link":"https:\/\/www.jazzzeitung.de\/cms\/thema\/nachrichten\/"},"img":{"alt_text":"","src":"https:\/\/i0.wp.com\/www.jazzzeitung.de\/cms\/wp-content\/uploads\/2016\/05\/Foto-Nendza%40Bastian-Werner-1.jpeg?resize=350%2C200","width":350,"height":200},"classes":[]},{"id":6238,"url":"https:\/\/www.jazzzeitung.de\/cms\/2015\/05\/news-einhaldenfestival-2015-jahrespreis-der-deutschen-schallplattenkritik-summer-jazznight-burghausen-2015-vorstudium-jazz-koeln\/","url_meta":{"origin":12727,"position":1},"title":"News: +++ Einhaldenfestival 2015 +++ Jahrespreis der deutschen Schallplattenkritik +++ Summer-Jazznight Burghausen 2015 +++ Vorstudium Jazz in K\u00f6ln","author":"Redaktion JazzZeitung","date":"27. Mai 2015","format":false,"excerpt":"\u00a0 SWR Big Band er\u00f6ffnet Einhaldenfestival 2015 Vom 30. Juli bis 2. August 2015 wird der \u00fcber 850 Jahre alte Bauernhof Einhalden bei Ravensburg erneut zum Festivalgel\u00e4nde. F\u00fcr das B\u00fchnenprogramm konnten die Veranstalter rund um Bauer Bernhard Rauch wieder erstklassige Musiker und Kabarettisten gewinnen. Mit dabei sind diesmal u.a. Weltklasse-Trompeter\u2026","rel":"","context":"In &quot;News&quot;","block_context":{"text":"News","link":"https:\/\/www.jazzzeitung.de\/cms\/thema\/nachrichten\/"},"img":{"alt_text":"","src":"https:\/\/i0.wp.com\/www.jazzzeitung.de\/cms\/wp-content\/uploads\/2015\/05\/festivalgelaende2.jpg?resize=350%2C200","width":350,"height":200,"srcset":"https:\/\/i0.wp.com\/www.jazzzeitung.de\/cms\/wp-content\/uploads\/2015\/05\/festivalgelaende2.jpg?resize=350%2C200 1x, https:\/\/i0.wp.com\/www.jazzzeitung.de\/cms\/wp-content\/uploads\/2015\/05\/festivalgelaende2.jpg?resize=525%2C300 1.5x, https:\/\/i0.wp.com\/www.jazzzeitung.de\/cms\/wp-content\/uploads\/2015\/05\/festivalgelaende2.jpg?resize=700%2C400 2x, https:\/\/i0.wp.com\/www.jazzzeitung.de\/cms\/wp-content\/uploads\/2015\/05\/festivalgelaende2.jpg?resize=1050%2C600 3x, https:\/\/i0.wp.com\/www.jazzzeitung.de\/cms\/wp-content\/uploads\/2015\/05\/festivalgelaende2.jpg?resize=1400%2C800 4x"},"classes":[]},{"id":29544,"url":"https:\/\/www.jazzzeitung.de\/cms\/2023\/06\/news-jutta-hipp-preis-fuer-olga-reznichenko-und-matti-oehl-deutsche-jazzunion-feiert-50-jahre-mit-forum-und-marburger-jazzsommer-vorbereitung-auf-aufnahmepruefungen-mit-andre-nendza\/","url_meta":{"origin":12727,"position":2},"title":"News: +++ Jutta Hipp Preis f\u00fcr Olga Reznichenko und Matti Oehl +++ Deutsche Jazzunion feiert 50 Jahre mit Forum und Marburger Jazzsommer +++ Vorbereitung auf Aufnahmepr\u00fcfungen mit Andr\u00e9 Nendza +++","author":"Redaktion JazzZeitung","date":"7. Juni 2023","format":false,"excerpt":"+++ Jutta Hipp Preis f\u00fcr Olga Reznichenko und Matti Oehl +++ Hipp hipp, hurra: Am 15. Juni 2023 wird der erste Jutta Hipp Preis an Olga Reznichenko und Matti Oehl vergeben. Der Jazzverband Sachsen e.\u00a0V. zeichnet damit etablierte Jazzmusiker*innen aus, die im Leben und Wirken mit dem Freistaat verbunden sind.\u2026","rel":"","context":"In &quot;News&quot;","block_context":{"text":"News","link":"https:\/\/www.jazzzeitung.de\/cms\/thema\/nachrichten\/"},"img":{"alt_text":"","src":"https:\/\/i0.wp.com\/www.jazzzeitung.de\/cms\/wp-content\/uploads\/2023\/01\/Ausschnitt-Hipp.png?fit=1058%2C790&ssl=1&resize=350%2C200","width":350,"height":200,"srcset":"https:\/\/i0.wp.com\/www.jazzzeitung.de\/cms\/wp-content\/uploads\/2023\/01\/Ausschnitt-Hipp.png?fit=1058%2C790&ssl=1&resize=350%2C200 1x, https:\/\/i0.wp.com\/www.jazzzeitung.de\/cms\/wp-content\/uploads\/2023\/01\/Ausschnitt-Hipp.png?fit=1058%2C790&ssl=1&resize=525%2C300 1.5x, https:\/\/i0.wp.com\/www.jazzzeitung.de\/cms\/wp-content\/uploads\/2023\/01\/Ausschnitt-Hipp.png?fit=1058%2C790&ssl=1&resize=700%2C400 2x, https:\/\/i0.wp.com\/www.jazzzeitung.de\/cms\/wp-content\/uploads\/2023\/01\/Ausschnitt-Hipp.png?fit=1058%2C790&ssl=1&resize=1050%2C600 3x"},"classes":[]},{"id":16508,"url":"https:\/\/www.jazzzeitung.de\/cms\/2018\/06\/news-women-im-jazz-beim-suedtiroler-jazzfestivalvorstudium-jazz-der-offenen-jazzhaus-schule-beginnt-im-septemberkartenverkauf-fuer-jazzfestival-frankfurt-hat-begonnen\/","url_meta":{"origin":12727,"position":3},"title":"+++NEWS+++&#8220;Women in Jazz&#8220; beim S\u00fcdtiroler Jazzfestival+++&#8220;Vorstudium Jazz&#8220; der Offenen Jazzhaus Schule beginnt im September+++Kartenverkauf f\u00fcr Jazzfestival Frankfurt hat begonnen+++","author":"Redaktion JazzZeitung","date":"27. Juni 2018","format":false,"excerpt":"+++\"Women in Jazz\" beim S\u00fcdtiroler Jazzfestival+++ Neben dem Schwerpunkt auf die nordischen L\u00e4nder unter dem Motto \u201eExploring the North\u201c lockt das S\u00fcdtirol Jazzfestival dieses Jahr Wert mit einer reichlich weiblichen Programmierung. Das mit Musikerinnen besetzte franz\u00f6sische Trio Ikui Doki verarbeitet den Impressionismus der Jahrhundertwende und betritt dabei ekstatische Klanglandschaften, die\u2026","rel":"","context":"In &quot;News&quot;","block_context":{"text":"News","link":"https:\/\/www.jazzzeitung.de\/cms\/thema\/nachrichten\/"},"img":{"alt_text":"","src":"https:\/\/i0.wp.com\/www.jazzzeitung.de\/cms\/wp-content\/uploads\/2018\/06\/siea_harry_klein-80.jpg?fit=1200%2C800&ssl=1&resize=350%2C200","width":350,"height":200,"srcset":"https:\/\/i0.wp.com\/www.jazzzeitung.de\/cms\/wp-content\/uploads\/2018\/06\/siea_harry_klein-80.jpg?fit=1200%2C800&ssl=1&resize=350%2C200 1x, https:\/\/i0.wp.com\/www.jazzzeitung.de\/cms\/wp-content\/uploads\/2018\/06\/siea_harry_klein-80.jpg?fit=1200%2C800&ssl=1&resize=525%2C300 1.5x, https:\/\/i0.wp.com\/www.jazzzeitung.de\/cms\/wp-content\/uploads\/2018\/06\/siea_harry_klein-80.jpg?fit=1200%2C800&ssl=1&resize=700%2C400 2x, https:\/\/i0.wp.com\/www.jazzzeitung.de\/cms\/wp-content\/uploads\/2018\/06\/siea_harry_klein-80.jpg?fit=1200%2C800&ssl=1&resize=1050%2C600 3x"},"classes":[]},{"id":24958,"url":"https:\/\/www.jazzzeitung.de\/cms\/2021\/06\/save-the-date-suedtirol-jazzfestival\/","url_meta":{"origin":12727,"position":4},"title":"+++ Save the date: S\u00fcdtirol Jazzfestival +++ Vorstudium Jazz +++ Offene Ohren Konzerte +++","author":"Redaktion JazzZeitung","date":"9. Juni 2021","format":false,"excerpt":"+++ 50 Konzerte an zehn Veranstaltungstagen: Vom 25. Juni bis zum 4. Juli erkundet das S\u00fcdtirol Jazzfestival die junge Szene im S\u00fcdosten Europas +++ Das S\u00fcdtirol Jazzfestival 2021 findet statt und durchstreift mit seinem programmatischen Herzst\u00fcck das geographische Einzugsgebiet der Donau. In diesem interkulturellen Raum, der von Deutschland \u00fcber L\u00e4nder\u2026","rel":"","context":"In &quot;News&quot;","block_context":{"text":"News","link":"https:\/\/www.jazzzeitung.de\/cms\/thema\/nachrichten\/"},"img":{"alt_text":"","src":"https:\/\/i0.wp.com\/www.jazzzeitung.de\/cms\/wp-content\/uploads\/2021\/06\/Fatima-Spar-%C2%A9-Berkay-Sit.jpg?fit=567%2C378&ssl=1&resize=350%2C200","width":350,"height":200,"srcset":"https:\/\/i0.wp.com\/www.jazzzeitung.de\/cms\/wp-content\/uploads\/2021\/06\/Fatima-Spar-%C2%A9-Berkay-Sit.jpg?fit=567%2C378&ssl=1&resize=350%2C200 1x, https:\/\/i0.wp.com\/www.jazzzeitung.de\/cms\/wp-content\/uploads\/2021\/06\/Fatima-Spar-%C2%A9-Berkay-Sit.jpg?fit=567%2C378&ssl=1&resize=525%2C300 1.5x"},"classes":[]},{"id":6360,"url":"https:\/\/www.jazzzeitung.de\/cms\/2015\/06\/news-gitarrist-al-di-meola-ottobrunn-25-jaehriges-jubilaeum-worms-jazz-joy-klaeng-workshop-koeln\/","url_meta":{"origin":12727,"position":5},"title":"News: 25-j\u00e4hriges Jubil\u00e4um &#8222;Worms: Jazz &#038; Joy&#8220; +++ Gitarrist Al Di Meola in Ottobrunn +++ KLAENG-Workshop in K\u00f6ln +++","author":"Redaktion JazzZeitung","date":"10. Juni 2015","format":false,"excerpt":"+++ 25-j\u00e4hriges Jubil\u00e4um des Musikfestivals \u201eWorms: Jazz & Joy\u201c +++ Vom 19. bis 21. Juni wird das Musikfestival \u201eWorms: Jazz & Joy\u201c dieses Jahr bereits zum 25. Mal ein gro\u00dfes Publikum begeistern. An f\u00fcnf verschiedenen Pl\u00e4tzen rund um den historischen Wormser Kaiserdom k\u00f6nnen Musikfans unter freiem Himmel nationalen und internationalen\u2026","rel":"","context":"In &quot;News&quot;","block_context":{"text":"News","link":"https:\/\/www.jazzzeitung.de\/cms\/thema\/nachrichten\/"},"img":{"alt_text":"Dieses Jahr dabei: Bob Geldof. Foto: Agentur","src":"https:\/\/i0.wp.com\/www.jazzzeitung.de\/cms\/wp-content\/uploads\/2015\/06\/Bob-Geldof-2012-150x150.jpg?resize=350%2C200","width":350,"height":200},"classes":[]}],"jetpack_sharing_enabled":true,"_links":{"self":[{"href":"https:\/\/www.jazzzeitung.de\/cms\/wp-json\/wp\/v2\/posts\/12727","targetHints":{"allow":["GET"]}}],"collection":[{"href":"https:\/\/www.jazzzeitung.de\/cms\/wp-json\/wp\/v2\/posts"}],"about":[{"href":"https:\/\/www.jazzzeitung.de\/cms\/wp-json\/wp\/v2\/types\/post"}],"author":[{"embeddable":true,"href":"https:\/\/www.jazzzeitung.de\/cms\/wp-json\/wp\/v2\/users\/18"}],"replies":[{"embeddable":true,"href":"https:\/\/www.jazzzeitung.de\/cms\/wp-json\/wp\/v2\/comments?post=12727"}],"version-history":[{"count":2,"href":"https:\/\/www.jazzzeitung.de\/cms\/wp-json\/wp\/v2\/posts\/12727\/revisions"}],"predecessor-version":[{"id":12730,"href":"https:\/\/www.jazzzeitung.de\/cms\/wp-json\/wp\/v2\/posts\/12727\/revisions\/12730"}],"wp:attachment":[{"href":"https:\/\/www.jazzzeitung.de\/cms\/wp-json\/wp\/v2\/media?parent=12727"}],"wp:term":[{"taxonomy":"category","embeddable":true,"href":"https:\/\/www.jazzzeitung.de\/cms\/wp-json\/wp\/v2\/categories?post=12727"},{"taxonomy":"post_tag","embeddable":true,"href":"https:\/\/www.jazzzeitung.de\/cms\/wp-json\/wp\/v2\/tags?post=12727"},{"taxonomy":"author","embeddable":true,"href":"https:\/\/www.jazzzeitung.de\/cms\/wp-json\/wp\/v2\/coauthors?post=12727"}],"curies":[{"name":"wp","href":"https:\/\/api.w.org\/{rel}","templated":true}]}}