{"id":12707,"date":"2017-06-17T12:56:28","date_gmt":"2017-06-17T10:56:28","guid":{"rendered":"https:\/\/www.jazzzeitung.de\/cms\/?p=12707"},"modified":"2017-06-14T14:30:43","modified_gmt":"2017-06-14T12:30:43","slug":"live-im-ndr-mats-eilertsens-rubicon","status":"publish","type":"post","link":"https:\/\/www.jazzzeitung.de\/cms\/2017\/06\/live-im-ndr-mats-eilertsens-rubicon\/","title":{"rendered":"Live im NDR &#8211; Mats Eilertsens \u201eRubicon\u201c"},"content":{"rendered":"<p>Der Bassist Mats Eilertsen bildet eine musikalische Oase im Trubel der vielf\u00e4ltigen norwegischen Musikszene. Gemeinsam mit seinem \u201eRubicon\u201c Septett, dem u.a. der Saxophonist Trygve Seim und der Vibraphonist Rob Waring angeh\u00f6ren, pr\u00e4sentierte Eilertsen im Rahmen eines NDR Jazzkonzerts mit seiner Formation eine unglaublich dichte, melodisch eindrucksvolle Einheit und lie\u00df die Musik wundervoll \u201eflie\u00dfen\u201c. Thomas J. Krebs war live dabei und begleitete das Konzert mit seiner Kamera.<\/p>\n<div class=\"tiled-gallery type-rectangular tiled-gallery-unresized\" data-original-width=\"840\" data-carousel-extra='{&quot;blog_id&quot;:1,&quot;permalink&quot;:&quot;https:\\\/\\\/www.jazzzeitung.de\\\/cms\\\/2017\\\/06\\\/live-im-ndr-mats-eilertsens-rubicon\\\/&quot;,&quot;likes_blog_id&quot;:55446655}' itemscope itemtype=\"http:\/\/schema.org\/ImageGallery\" > <div class=\"gallery-row\" style=\"width: 840px; height: 296px;\" data-original-width=\"840\" data-original-height=\"296\" > <div class=\"gallery-group images-1\" style=\"width: 199px; height: 296px;\" data-original-width=\"199\" data-original-height=\"296\" > <div class=\"tiled-gallery-item tiled-gallery-item-small\" itemprop=\"associatedMedia\" itemscope itemtype=\"http:\/\/schema.org\/ImageObject\"> <a href=\"https:\/\/www.jazzzeitung.de\/cms\/2017\/06\/live-im-ndr-mats-eilertsens-rubicon\/p1410487-eirik-hegdal-foto-tj-krebs-2\/\" border=\"0\" itemprop=\"url\"> <meta itemprop=\"width\" content=\"195\"> <meta itemprop=\"height\" content=\"292\"> <img decoding=\"async\" class=\"\" data-attachment-id=\"12709\" data-orig-file=\"https:\/\/www.jazzzeitung.de\/cms\/wp-content\/uploads\/2017\/06\/P1410487-Eirik-Hegdal-Foto-TJ-Krebs-1.jpg\" data-orig-size=\"1200,1800\" data-comments-opened=\"1\" data-image-meta=\"{&quot;aperture&quot;:&quot;0&quot;,&quot;credit&quot;:&quot;&quot;,&quot;camera&quot;:&quot;&quot;,&quot;caption&quot;:&quot;&quot;,&quot;created_timestamp&quot;:&quot;0&quot;,&quot;copyright&quot;:&quot;&quot;,&quot;focal_length&quot;:&quot;0&quot;,&quot;iso&quot;:&quot;0&quot;,&quot;shutter_speed&quot;:&quot;0&quot;,&quot;title&quot;:&quot;&quot;,&quot;orientation&quot;:&quot;0&quot;}\" data-image-title=\"Eirik Hegdal &amp;#8211; Foto TJ Krebs\" data-image-description=\"\" data-medium-file=\"https:\/\/i0.wp.com\/www.jazzzeitung.de\/cms\/wp-content\/uploads\/2017\/06\/P1410487-Eirik-Hegdal-Foto-TJ-Krebs-1.jpg?fit=200%2C300&#038;ssl=1\" data-large-file=\"https:\/\/i0.wp.com\/www.jazzzeitung.de\/cms\/wp-content\/uploads\/2017\/06\/P1410487-Eirik-Hegdal-Foto-TJ-Krebs-1.jpg?fit=400%2C600&#038;ssl=1\" src=\"https:\/\/i0.wp.com\/www.jazzzeitung.de\/cms\/wp-content\/uploads\/2017\/06\/P1410487-Eirik-Hegdal-Foto-TJ-Krebs-1.jpg?w=195&#038;h=292&#038;ssl=1\" srcset=\"https:\/\/i0.wp.com\/www.jazzzeitung.de\/cms\/wp-content\/uploads\/2017\/06\/P1410487-Eirik-Hegdal-Foto-TJ-Krebs-1.jpg?w=1200&amp;ssl=1 1200w, https:\/\/i0.wp.com\/www.jazzzeitung.de\/cms\/wp-content\/uploads\/2017\/06\/P1410487-Eirik-Hegdal-Foto-TJ-Krebs-1.jpg?resize=200%2C300&amp;ssl=1 200w, https:\/\/i0.wp.com\/www.jazzzeitung.de\/cms\/wp-content\/uploads\/2017\/06\/P1410487-Eirik-Hegdal-Foto-TJ-Krebs-1.jpg?resize=768%2C1152&amp;ssl=1 768w, https:\/\/i0.wp.com\/www.jazzzeitung.de\/cms\/wp-content\/uploads\/2017\/06\/P1410487-Eirik-Hegdal-Foto-TJ-Krebs-1.jpg?resize=400%2C600&amp;ssl=1 400w\" width=\"195\" height=\"292\" loading=\"lazy\" data-original-width=\"195\" data-original-height=\"292\" itemprop=\"http:\/\/schema.org\/image\" title=\"Eirik Hegdal - Foto TJ Krebs\" alt=\"Eirik Hegdal - Foto TJ Krebs\" style=\"width: 195px; height: 292px;\" \/> <\/a> <\/div> <\/div> <!-- close group --> <div class=\"gallery-group images-1\" style=\"width: 442px; height: 296px;\" data-original-width=\"442\" data-original-height=\"296\" > <div class=\"tiled-gallery-item tiled-gallery-item-large\" itemprop=\"associatedMedia\" itemscope itemtype=\"http:\/\/schema.org\/ImageObject\"> <a href=\"https:\/\/www.jazzzeitung.de\/cms\/2017\/06\/live-im-ndr-mats-eilertsens-rubicon\/p1410513-olavi-louhivuori-foto-tj-krebs-2\/\" border=\"0\" itemprop=\"url\"> <meta itemprop=\"width\" content=\"438\"> <meta itemprop=\"height\" content=\"292\"> <img decoding=\"async\" class=\"\" data-attachment-id=\"12710\" data-orig-file=\"https:\/\/www.jazzzeitung.de\/cms\/wp-content\/uploads\/2017\/06\/P1410513-Olavi-Louhivuori-Foto-TJ-Krebs-1.jpg\" data-orig-size=\"1800,1200\" data-comments-opened=\"1\" data-image-meta=\"{&quot;aperture&quot;:&quot;0&quot;,&quot;credit&quot;:&quot;&quot;,&quot;camera&quot;:&quot;&quot;,&quot;caption&quot;:&quot;&quot;,&quot;created_timestamp&quot;:&quot;0&quot;,&quot;copyright&quot;:&quot;&quot;,&quot;focal_length&quot;:&quot;0&quot;,&quot;iso&quot;:&quot;0&quot;,&quot;shutter_speed&quot;:&quot;0&quot;,&quot;title&quot;:&quot;&quot;,&quot;orientation&quot;:&quot;0&quot;}\" data-image-title=\"Olavi Louhivuori &amp;#8211; Foto TJ Krebs\" data-image-description=\"\" data-medium-file=\"https:\/\/i0.wp.com\/www.jazzzeitung.de\/cms\/wp-content\/uploads\/2017\/06\/P1410513-Olavi-Louhivuori-Foto-TJ-Krebs-1.jpg?fit=300%2C200&#038;ssl=1\" data-large-file=\"https:\/\/i0.wp.com\/www.jazzzeitung.de\/cms\/wp-content\/uploads\/2017\/06\/P1410513-Olavi-Louhivuori-Foto-TJ-Krebs-1.jpg?fit=840%2C560&#038;ssl=1\" src=\"https:\/\/i0.wp.com\/www.jazzzeitung.de\/cms\/wp-content\/uploads\/2017\/06\/P1410513-Olavi-Louhivuori-Foto-TJ-Krebs-1.jpg?w=438&#038;h=292&#038;ssl=1\" srcset=\"https:\/\/i0.wp.com\/www.jazzzeitung.de\/cms\/wp-content\/uploads\/2017\/06\/P1410513-Olavi-Louhivuori-Foto-TJ-Krebs-1.jpg?w=1800&amp;ssl=1 1800w, https:\/\/i0.wp.com\/www.jazzzeitung.de\/cms\/wp-content\/uploads\/2017\/06\/P1410513-Olavi-Louhivuori-Foto-TJ-Krebs-1.jpg?resize=300%2C200&amp;ssl=1 300w, https:\/\/i0.wp.com\/www.jazzzeitung.de\/cms\/wp-content\/uploads\/2017\/06\/P1410513-Olavi-Louhivuori-Foto-TJ-Krebs-1.jpg?resize=768%2C512&amp;ssl=1 768w, https:\/\/i0.wp.com\/www.jazzzeitung.de\/cms\/wp-content\/uploads\/2017\/06\/P1410513-Olavi-Louhivuori-Foto-TJ-Krebs-1.jpg?resize=900%2C600&amp;ssl=1 900w, https:\/\/i0.wp.com\/www.jazzzeitung.de\/cms\/wp-content\/uploads\/2017\/06\/P1410513-Olavi-Louhivuori-Foto-TJ-Krebs-1.jpg?w=1680&amp;ssl=1 1680w\" width=\"438\" height=\"292\" loading=\"lazy\" data-original-width=\"438\" data-original-height=\"292\" itemprop=\"http:\/\/schema.org\/image\" title=\"Olavi Louhivuori - Foto TJ Krebs\" alt=\"Olavi Louhivuori - Foto TJ Krebs\" style=\"width: 438px; height: 292px;\" \/> <\/a> <\/div> <\/div> <!-- close group --> <div class=\"gallery-group images-1\" style=\"width: 199px; height: 296px;\" data-original-width=\"199\" data-original-height=\"296\" > <div class=\"tiled-gallery-item tiled-gallery-item-small\" itemprop=\"associatedMedia\" itemscope itemtype=\"http:\/\/schema.org\/ImageObject\"> <a href=\"https:\/\/www.jazzzeitung.de\/cms\/2017\/06\/live-im-ndr-mats-eilertsens-rubicon\/p1410542-trygve-seim-foto-tj-krebs-2\/\" border=\"0\" itemprop=\"url\"> <meta itemprop=\"width\" content=\"195\"> <meta itemprop=\"height\" content=\"292\"> <img decoding=\"async\" class=\"\" data-attachment-id=\"12711\" data-orig-file=\"https:\/\/www.jazzzeitung.de\/cms\/wp-content\/uploads\/2017\/06\/P1410542-Trygve-Seim-Foto-TJ-Krebs-1.jpg\" data-orig-size=\"1200,1800\" data-comments-opened=\"1\" data-image-meta=\"{&quot;aperture&quot;:&quot;0&quot;,&quot;credit&quot;:&quot;&quot;,&quot;camera&quot;:&quot;&quot;,&quot;caption&quot;:&quot;&quot;,&quot;created_timestamp&quot;:&quot;0&quot;,&quot;copyright&quot;:&quot;&quot;,&quot;focal_length&quot;:&quot;0&quot;,&quot;iso&quot;:&quot;0&quot;,&quot;shutter_speed&quot;:&quot;0&quot;,&quot;title&quot;:&quot;&quot;,&quot;orientation&quot;:&quot;0&quot;}\" data-image-title=\"Trygve Seim &amp;#8211; Foto TJ Krebs\" data-image-description=\"\" data-medium-file=\"https:\/\/i0.wp.com\/www.jazzzeitung.de\/cms\/wp-content\/uploads\/2017\/06\/P1410542-Trygve-Seim-Foto-TJ-Krebs-1.jpg?fit=200%2C300&#038;ssl=1\" data-large-file=\"https:\/\/i0.wp.com\/www.jazzzeitung.de\/cms\/wp-content\/uploads\/2017\/06\/P1410542-Trygve-Seim-Foto-TJ-Krebs-1.jpg?fit=400%2C600&#038;ssl=1\" src=\"https:\/\/i0.wp.com\/www.jazzzeitung.de\/cms\/wp-content\/uploads\/2017\/06\/P1410542-Trygve-Seim-Foto-TJ-Krebs-1.jpg?w=195&#038;h=292&#038;ssl=1\" srcset=\"https:\/\/i0.wp.com\/www.jazzzeitung.de\/cms\/wp-content\/uploads\/2017\/06\/P1410542-Trygve-Seim-Foto-TJ-Krebs-1.jpg?w=1200&amp;ssl=1 1200w, https:\/\/i0.wp.com\/www.jazzzeitung.de\/cms\/wp-content\/uploads\/2017\/06\/P1410542-Trygve-Seim-Foto-TJ-Krebs-1.jpg?resize=200%2C300&amp;ssl=1 200w, https:\/\/i0.wp.com\/www.jazzzeitung.de\/cms\/wp-content\/uploads\/2017\/06\/P1410542-Trygve-Seim-Foto-TJ-Krebs-1.jpg?resize=768%2C1152&amp;ssl=1 768w, https:\/\/i0.wp.com\/www.jazzzeitung.de\/cms\/wp-content\/uploads\/2017\/06\/P1410542-Trygve-Seim-Foto-TJ-Krebs-1.jpg?resize=400%2C600&amp;ssl=1 400w\" width=\"195\" height=\"292\" loading=\"lazy\" data-original-width=\"195\" data-original-height=\"292\" itemprop=\"http:\/\/schema.org\/image\" title=\"Trygve Seim - Foto TJ Krebs\" alt=\"Trygve Seim - Foto TJ Krebs\" style=\"width: 195px; height: 292px;\" \/> <\/a> <\/div> <\/div> <!-- close group --> <\/div> <!-- close row --> <div class=\"gallery-row\" style=\"width: 840px; height: 721px;\" data-original-width=\"840\" data-original-height=\"721\" > <div class=\"gallery-group images-3\" style=\"width: 358px; height: 721px;\" data-original-width=\"358\" data-original-height=\"721\" > <div class=\"tiled-gallery-item tiled-gallery-item-large\" itemprop=\"associatedMedia\" itemscope itemtype=\"http:\/\/schema.org\/ImageObject\"> <a href=\"https:\/\/www.jazzzeitung.de\/cms\/2017\/06\/live-im-ndr-mats-eilertsens-rubicon\/p1410560-mats-eilertsen-foto-tj-krebs-2\/\" border=\"0\" itemprop=\"url\"> <meta itemprop=\"width\" content=\"354\"> <meta itemprop=\"height\" content=\"237\"> <img decoding=\"async\" class=\"\" data-attachment-id=\"12712\" data-orig-file=\"https:\/\/www.jazzzeitung.de\/cms\/wp-content\/uploads\/2017\/06\/P1410560-Mats-Eilertsen-Foto-TJ-Krebs-1.jpg\" data-orig-size=\"1800,1200\" data-comments-opened=\"1\" data-image-meta=\"{&quot;aperture&quot;:&quot;0&quot;,&quot;credit&quot;:&quot;&quot;,&quot;camera&quot;:&quot;&quot;,&quot;caption&quot;:&quot;&quot;,&quot;created_timestamp&quot;:&quot;0&quot;,&quot;copyright&quot;:&quot;&quot;,&quot;focal_length&quot;:&quot;0&quot;,&quot;iso&quot;:&quot;0&quot;,&quot;shutter_speed&quot;:&quot;0&quot;,&quot;title&quot;:&quot;&quot;,&quot;orientation&quot;:&quot;0&quot;}\" data-image-title=\"Mats Eilertsen &amp;#8211; Foto TJ Krebs\" data-image-description=\"\" data-medium-file=\"https:\/\/i0.wp.com\/www.jazzzeitung.de\/cms\/wp-content\/uploads\/2017\/06\/P1410560-Mats-Eilertsen-Foto-TJ-Krebs-1.jpg?fit=300%2C200&#038;ssl=1\" data-large-file=\"https:\/\/i0.wp.com\/www.jazzzeitung.de\/cms\/wp-content\/uploads\/2017\/06\/P1410560-Mats-Eilertsen-Foto-TJ-Krebs-1.jpg?fit=840%2C560&#038;ssl=1\" src=\"https:\/\/i0.wp.com\/www.jazzzeitung.de\/cms\/wp-content\/uploads\/2017\/06\/P1410560-Mats-Eilertsen-Foto-TJ-Krebs-1.jpg?w=354&#038;h=237&#038;ssl=1\" srcset=\"https:\/\/i0.wp.com\/www.jazzzeitung.de\/cms\/wp-content\/uploads\/2017\/06\/P1410560-Mats-Eilertsen-Foto-TJ-Krebs-1.jpg?w=1800&amp;ssl=1 1800w, https:\/\/i0.wp.com\/www.jazzzeitung.de\/cms\/wp-content\/uploads\/2017\/06\/P1410560-Mats-Eilertsen-Foto-TJ-Krebs-1.jpg?resize=300%2C200&amp;ssl=1 300w, https:\/\/i0.wp.com\/www.jazzzeitung.de\/cms\/wp-content\/uploads\/2017\/06\/P1410560-Mats-Eilertsen-Foto-TJ-Krebs-1.jpg?resize=768%2C512&amp;ssl=1 768w, https:\/\/i0.wp.com\/www.jazzzeitung.de\/cms\/wp-content\/uploads\/2017\/06\/P1410560-Mats-Eilertsen-Foto-TJ-Krebs-1.jpg?resize=900%2C600&amp;ssl=1 900w, https:\/\/i0.wp.com\/www.jazzzeitung.de\/cms\/wp-content\/uploads\/2017\/06\/P1410560-Mats-Eilertsen-Foto-TJ-Krebs-1.jpg?w=1680&amp;ssl=1 1680w\" width=\"354\" height=\"237\" loading=\"lazy\" data-original-width=\"354\" data-original-height=\"237\" itemprop=\"http:\/\/schema.org\/image\" title=\"Mats Eilertsen - Foto TJ Krebs\" alt=\"Mats Eilertsen - Foto TJ Krebs\" style=\"width: 354px; height: 237px;\" \/> <\/a> <\/div> <div class=\"tiled-gallery-item tiled-gallery-item-large\" itemprop=\"associatedMedia\" itemscope itemtype=\"http:\/\/schema.org\/ImageObject\"> <a href=\"https:\/\/www.jazzzeitung.de\/cms\/2017\/06\/live-im-ndr-mats-eilertsens-rubicon\/p1410628-mats-eilertsen-foto-tj-krebs-2\/\" border=\"0\" itemprop=\"url\"> <meta itemprop=\"width\" content=\"354\"> <meta itemprop=\"height\" content=\"236\"> <img decoding=\"async\" class=\"\" data-attachment-id=\"12713\" data-orig-file=\"https:\/\/www.jazzzeitung.de\/cms\/wp-content\/uploads\/2017\/06\/P1410628-Mats-Eilertsen-Foto-TJ-Krebs-1.jpg\" data-orig-size=\"1800,1200\" data-comments-opened=\"1\" data-image-meta=\"{&quot;aperture&quot;:&quot;0&quot;,&quot;credit&quot;:&quot;&quot;,&quot;camera&quot;:&quot;&quot;,&quot;caption&quot;:&quot;&quot;,&quot;created_timestamp&quot;:&quot;0&quot;,&quot;copyright&quot;:&quot;&quot;,&quot;focal_length&quot;:&quot;0&quot;,&quot;iso&quot;:&quot;0&quot;,&quot;shutter_speed&quot;:&quot;0&quot;,&quot;title&quot;:&quot;&quot;,&quot;orientation&quot;:&quot;0&quot;}\" data-image-title=\"Mats Eilertsen &amp;#8211; Foto TJ Krebs\" data-image-description=\"\" data-medium-file=\"https:\/\/i0.wp.com\/www.jazzzeitung.de\/cms\/wp-content\/uploads\/2017\/06\/P1410628-Mats-Eilertsen-Foto-TJ-Krebs-1.jpg?fit=300%2C200&#038;ssl=1\" data-large-file=\"https:\/\/i0.wp.com\/www.jazzzeitung.de\/cms\/wp-content\/uploads\/2017\/06\/P1410628-Mats-Eilertsen-Foto-TJ-Krebs-1.jpg?fit=840%2C560&#038;ssl=1\" src=\"https:\/\/i0.wp.com\/www.jazzzeitung.de\/cms\/wp-content\/uploads\/2017\/06\/P1410628-Mats-Eilertsen-Foto-TJ-Krebs-1.jpg?w=354&#038;h=236&#038;ssl=1\" srcset=\"https:\/\/i0.wp.com\/www.jazzzeitung.de\/cms\/wp-content\/uploads\/2017\/06\/P1410628-Mats-Eilertsen-Foto-TJ-Krebs-1.jpg?w=1800&amp;ssl=1 1800w, https:\/\/i0.wp.com\/www.jazzzeitung.de\/cms\/wp-content\/uploads\/2017\/06\/P1410628-Mats-Eilertsen-Foto-TJ-Krebs-1.jpg?resize=300%2C200&amp;ssl=1 300w, https:\/\/i0.wp.com\/www.jazzzeitung.de\/cms\/wp-content\/uploads\/2017\/06\/P1410628-Mats-Eilertsen-Foto-TJ-Krebs-1.jpg?resize=768%2C512&amp;ssl=1 768w, https:\/\/i0.wp.com\/www.jazzzeitung.de\/cms\/wp-content\/uploads\/2017\/06\/P1410628-Mats-Eilertsen-Foto-TJ-Krebs-1.jpg?resize=900%2C600&amp;ssl=1 900w, https:\/\/i0.wp.com\/www.jazzzeitung.de\/cms\/wp-content\/uploads\/2017\/06\/P1410628-Mats-Eilertsen-Foto-TJ-Krebs-1.jpg?w=1680&amp;ssl=1 1680w\" width=\"354\" height=\"236\" loading=\"lazy\" data-original-width=\"354\" data-original-height=\"236\" itemprop=\"http:\/\/schema.org\/image\" title=\"Mats Eilertsen - Foto TJ Krebs\" alt=\"Mats Eilertsen - Foto TJ Krebs\" style=\"width: 354px; height: 236px;\" \/> <\/a> <\/div> <div class=\"tiled-gallery-item tiled-gallery-item-large\" itemprop=\"associatedMedia\" itemscope itemtype=\"http:\/\/schema.org\/ImageObject\"> <a href=\"https:\/\/www.jazzzeitung.de\/cms\/2017\/06\/live-im-ndr-mats-eilertsens-rubicon\/p1410649-trygve-seim-foto-tj-krebs-2\/\" border=\"0\" itemprop=\"url\"> <meta itemprop=\"width\" content=\"354\"> <meta itemprop=\"height\" content=\"236\"> <img decoding=\"async\" class=\"\" data-attachment-id=\"12714\" data-orig-file=\"https:\/\/www.jazzzeitung.de\/cms\/wp-content\/uploads\/2017\/06\/P1410649-Trygve-Seim-Foto-TJ-Krebs-1.jpg\" data-orig-size=\"1200,800\" data-comments-opened=\"1\" data-image-meta=\"{&quot;aperture&quot;:&quot;0&quot;,&quot;credit&quot;:&quot;&quot;,&quot;camera&quot;:&quot;&quot;,&quot;caption&quot;:&quot;&quot;,&quot;created_timestamp&quot;:&quot;0&quot;,&quot;copyright&quot;:&quot;&quot;,&quot;focal_length&quot;:&quot;0&quot;,&quot;iso&quot;:&quot;0&quot;,&quot;shutter_speed&quot;:&quot;0&quot;,&quot;title&quot;:&quot;&quot;,&quot;orientation&quot;:&quot;0&quot;}\" data-image-title=\"Trygve Seim &amp;#8211; Foto TJ Krebs\" data-image-description=\"\" data-medium-file=\"https:\/\/i0.wp.com\/www.jazzzeitung.de\/cms\/wp-content\/uploads\/2017\/06\/P1410649-Trygve-Seim-Foto-TJ-Krebs-1.jpg?fit=300%2C200&#038;ssl=1\" data-large-file=\"https:\/\/i0.wp.com\/www.jazzzeitung.de\/cms\/wp-content\/uploads\/2017\/06\/P1410649-Trygve-Seim-Foto-TJ-Krebs-1.jpg?fit=840%2C560&#038;ssl=1\" src=\"https:\/\/i0.wp.com\/www.jazzzeitung.de\/cms\/wp-content\/uploads\/2017\/06\/P1410649-Trygve-Seim-Foto-TJ-Krebs-1.jpg?w=354&#038;h=236&#038;ssl=1\" srcset=\"https:\/\/i0.wp.com\/www.jazzzeitung.de\/cms\/wp-content\/uploads\/2017\/06\/P1410649-Trygve-Seim-Foto-TJ-Krebs-1.jpg?w=1200&amp;ssl=1 1200w, https:\/\/i0.wp.com\/www.jazzzeitung.de\/cms\/wp-content\/uploads\/2017\/06\/P1410649-Trygve-Seim-Foto-TJ-Krebs-1.jpg?resize=300%2C200&amp;ssl=1 300w, https:\/\/i0.wp.com\/www.jazzzeitung.de\/cms\/wp-content\/uploads\/2017\/06\/P1410649-Trygve-Seim-Foto-TJ-Krebs-1.jpg?resize=768%2C512&amp;ssl=1 768w, https:\/\/i0.wp.com\/www.jazzzeitung.de\/cms\/wp-content\/uploads\/2017\/06\/P1410649-Trygve-Seim-Foto-TJ-Krebs-1.jpg?resize=900%2C600&amp;ssl=1 900w\" width=\"354\" height=\"236\" loading=\"lazy\" data-original-width=\"354\" data-original-height=\"236\" itemprop=\"http:\/\/schema.org\/image\" title=\"Trygve Seim - Foto TJ Krebs\" alt=\"Trygve Seim - Foto TJ Krebs\" style=\"width: 354px; height: 236px;\" \/> <\/a> <\/div> <\/div> <!-- close group --> <div class=\"gallery-group images-1\" style=\"width: 482px; height: 721px;\" data-original-width=\"482\" data-original-height=\"721\" > <div class=\"tiled-gallery-item tiled-gallery-item-large\" itemprop=\"associatedMedia\" itemscope itemtype=\"http:\/\/schema.org\/ImageObject\"> <a href=\"https:\/\/www.jazzzeitung.de\/cms\/2017\/06\/live-im-ndr-mats-eilertsens-rubicon\/p1410686-thomas-t-dahl-foto-tj-krebs-2\/\" border=\"0\" itemprop=\"url\"> <meta itemprop=\"width\" content=\"478\"> <meta itemprop=\"height\" content=\"717\"> <img decoding=\"async\" class=\"\" data-attachment-id=\"12715\" data-orig-file=\"https:\/\/www.jazzzeitung.de\/cms\/wp-content\/uploads\/2017\/06\/P1410686-Thomas-T-Dahl-Foto-TJ-Krebs-1.jpg\" data-orig-size=\"1200,1800\" data-comments-opened=\"1\" data-image-meta=\"{&quot;aperture&quot;:&quot;0&quot;,&quot;credit&quot;:&quot;&quot;,&quot;camera&quot;:&quot;&quot;,&quot;caption&quot;:&quot;&quot;,&quot;created_timestamp&quot;:&quot;0&quot;,&quot;copyright&quot;:&quot;&quot;,&quot;focal_length&quot;:&quot;0&quot;,&quot;iso&quot;:&quot;0&quot;,&quot;shutter_speed&quot;:&quot;0&quot;,&quot;title&quot;:&quot;&quot;,&quot;orientation&quot;:&quot;0&quot;}\" data-image-title=\"Thomas T Dahl &amp;#8211; Foto TJ Krebs\" data-image-description=\"\" data-medium-file=\"https:\/\/i0.wp.com\/www.jazzzeitung.de\/cms\/wp-content\/uploads\/2017\/06\/P1410686-Thomas-T-Dahl-Foto-TJ-Krebs-1.jpg?fit=200%2C300&#038;ssl=1\" data-large-file=\"https:\/\/i0.wp.com\/www.jazzzeitung.de\/cms\/wp-content\/uploads\/2017\/06\/P1410686-Thomas-T-Dahl-Foto-TJ-Krebs-1.jpg?fit=400%2C600&#038;ssl=1\" src=\"https:\/\/i0.wp.com\/www.jazzzeitung.de\/cms\/wp-content\/uploads\/2017\/06\/P1410686-Thomas-T-Dahl-Foto-TJ-Krebs-1.jpg?w=478&#038;h=717&#038;ssl=1\" srcset=\"https:\/\/i0.wp.com\/www.jazzzeitung.de\/cms\/wp-content\/uploads\/2017\/06\/P1410686-Thomas-T-Dahl-Foto-TJ-Krebs-1.jpg?w=1200&amp;ssl=1 1200w, https:\/\/i0.wp.com\/www.jazzzeitung.de\/cms\/wp-content\/uploads\/2017\/06\/P1410686-Thomas-T-Dahl-Foto-TJ-Krebs-1.jpg?resize=200%2C300&amp;ssl=1 200w, https:\/\/i0.wp.com\/www.jazzzeitung.de\/cms\/wp-content\/uploads\/2017\/06\/P1410686-Thomas-T-Dahl-Foto-TJ-Krebs-1.jpg?resize=768%2C1152&amp;ssl=1 768w, https:\/\/i0.wp.com\/www.jazzzeitung.de\/cms\/wp-content\/uploads\/2017\/06\/P1410686-Thomas-T-Dahl-Foto-TJ-Krebs-1.jpg?resize=400%2C600&amp;ssl=1 400w\" width=\"478\" height=\"717\" loading=\"lazy\" data-original-width=\"478\" data-original-height=\"717\" itemprop=\"http:\/\/schema.org\/image\" title=\"Thomas T Dahl - Foto TJ Krebs\" alt=\"Thomas T Dahl - Foto TJ Krebs\" style=\"width: 478px; height: 717px;\" \/> <\/a> <\/div> <\/div> <!-- close group --> <\/div> <!-- close row --> <div class=\"gallery-row\" style=\"width: 840px; height: 628px;\" data-original-width=\"840\" data-original-height=\"628\" > <div class=\"gallery-group images-1\" style=\"width: 420px; height: 628px;\" data-original-width=\"420\" data-original-height=\"628\" > <div class=\"tiled-gallery-item tiled-gallery-item-large\" itemprop=\"associatedMedia\" itemscope itemtype=\"http:\/\/schema.org\/ImageObject\"> <a href=\"https:\/\/www.jazzzeitung.de\/cms\/2017\/06\/live-im-ndr-mats-eilertsens-rubicon\/p1410719-mats-eilertsen-haende-foto-tj-krebs-2\/\" border=\"0\" itemprop=\"url\"> <meta itemprop=\"width\" content=\"416\"> <meta itemprop=\"height\" content=\"624\"> <img decoding=\"async\" class=\"\" data-attachment-id=\"12716\" data-orig-file=\"https:\/\/www.jazzzeitung.de\/cms\/wp-content\/uploads\/2017\/06\/P1410719-Mats-Eilertsen-H\u00e4nde-Foto-TJ-Krebs-1.jpg\" data-orig-size=\"1200,1800\" data-comments-opened=\"1\" data-image-meta=\"{&quot;aperture&quot;:&quot;0&quot;,&quot;credit&quot;:&quot;&quot;,&quot;camera&quot;:&quot;&quot;,&quot;caption&quot;:&quot;&quot;,&quot;created_timestamp&quot;:&quot;0&quot;,&quot;copyright&quot;:&quot;&quot;,&quot;focal_length&quot;:&quot;0&quot;,&quot;iso&quot;:&quot;0&quot;,&quot;shutter_speed&quot;:&quot;0&quot;,&quot;title&quot;:&quot;&quot;,&quot;orientation&quot;:&quot;0&quot;}\" data-image-title=\"Mats Eilertsen H\u00e4nde &amp;#8211; Foto TJ Krebs\" data-image-description=\"\" data-medium-file=\"https:\/\/i0.wp.com\/www.jazzzeitung.de\/cms\/wp-content\/uploads\/2017\/06\/P1410719-Mats-Eilertsen-H%C3%A4nde-Foto-TJ-Krebs-1.jpg?fit=200%2C300&#038;ssl=1\" data-large-file=\"https:\/\/i0.wp.com\/www.jazzzeitung.de\/cms\/wp-content\/uploads\/2017\/06\/P1410719-Mats-Eilertsen-H%C3%A4nde-Foto-TJ-Krebs-1.jpg?fit=400%2C600&#038;ssl=1\" src=\"https:\/\/i0.wp.com\/www.jazzzeitung.de\/cms\/wp-content\/uploads\/2017\/06\/P1410719-Mats-Eilertsen-H%C3%A4nde-Foto-TJ-Krebs-1.jpg?w=416&#038;h=624&#038;ssl=1\" width=\"416\" height=\"624\" loading=\"lazy\" data-original-width=\"416\" data-original-height=\"624\" itemprop=\"http:\/\/schema.org\/image\" title=\"Mats Eilertsen H\u00e4nde - Foto TJ Krebs\" alt=\"Mats Eilertsen H\u00e4nde - Foto TJ Krebs\" style=\"width: 416px; height: 624px;\" \/> <\/a> <\/div> <\/div> <!-- close group --> <div class=\"gallery-group images-1\" style=\"width: 420px; height: 628px;\" data-original-width=\"420\" data-original-height=\"628\" > <div class=\"tiled-gallery-item tiled-gallery-item-large\" itemprop=\"associatedMedia\" itemscope itemtype=\"http:\/\/schema.org\/ImageObject\"> <a href=\"https:\/\/www.jazzzeitung.de\/cms\/2017\/06\/live-im-ndr-mats-eilertsens-rubicon\/p1410752-rob-waring-foto-tj-krebs-2\/\" border=\"0\" itemprop=\"url\"> <meta itemprop=\"width\" content=\"416\"> <meta itemprop=\"height\" content=\"624\"> <img decoding=\"async\" class=\"\" data-attachment-id=\"12717\" data-orig-file=\"https:\/\/www.jazzzeitung.de\/cms\/wp-content\/uploads\/2017\/06\/P1410752-Rob-Waring-Foto-TJ-Krebs-1.jpg\" data-orig-size=\"1200,1800\" data-comments-opened=\"1\" data-image-meta=\"{&quot;aperture&quot;:&quot;0&quot;,&quot;credit&quot;:&quot;&quot;,&quot;camera&quot;:&quot;&quot;,&quot;caption&quot;:&quot;&quot;,&quot;created_timestamp&quot;:&quot;0&quot;,&quot;copyright&quot;:&quot;&quot;,&quot;focal_length&quot;:&quot;0&quot;,&quot;iso&quot;:&quot;0&quot;,&quot;shutter_speed&quot;:&quot;0&quot;,&quot;title&quot;:&quot;&quot;,&quot;orientation&quot;:&quot;0&quot;}\" data-image-title=\"Rob Waring &amp;#8211; Foto TJ Krebs\" data-image-description=\"\" data-medium-file=\"https:\/\/i0.wp.com\/www.jazzzeitung.de\/cms\/wp-content\/uploads\/2017\/06\/P1410752-Rob-Waring-Foto-TJ-Krebs-1.jpg?fit=200%2C300&#038;ssl=1\" data-large-file=\"https:\/\/i0.wp.com\/www.jazzzeitung.de\/cms\/wp-content\/uploads\/2017\/06\/P1410752-Rob-Waring-Foto-TJ-Krebs-1.jpg?fit=400%2C600&#038;ssl=1\" src=\"https:\/\/i0.wp.com\/www.jazzzeitung.de\/cms\/wp-content\/uploads\/2017\/06\/P1410752-Rob-Waring-Foto-TJ-Krebs-1.jpg?w=416&#038;h=624&#038;ssl=1\" srcset=\"https:\/\/i0.wp.com\/www.jazzzeitung.de\/cms\/wp-content\/uploads\/2017\/06\/P1410752-Rob-Waring-Foto-TJ-Krebs-1.jpg?w=1200&amp;ssl=1 1200w, https:\/\/i0.wp.com\/www.jazzzeitung.de\/cms\/wp-content\/uploads\/2017\/06\/P1410752-Rob-Waring-Foto-TJ-Krebs-1.jpg?resize=200%2C300&amp;ssl=1 200w, https:\/\/i0.wp.com\/www.jazzzeitung.de\/cms\/wp-content\/uploads\/2017\/06\/P1410752-Rob-Waring-Foto-TJ-Krebs-1.jpg?resize=768%2C1152&amp;ssl=1 768w, https:\/\/i0.wp.com\/www.jazzzeitung.de\/cms\/wp-content\/uploads\/2017\/06\/P1410752-Rob-Waring-Foto-TJ-Krebs-1.jpg?resize=400%2C600&amp;ssl=1 400w\" width=\"416\" height=\"624\" loading=\"lazy\" data-original-width=\"416\" data-original-height=\"624\" itemprop=\"http:\/\/schema.org\/image\" title=\"Rob Waring - Foto TJ Krebs\" alt=\"Rob Waring - Foto TJ Krebs\" style=\"width: 416px; height: 624px;\" \/> <\/a> <\/div> <\/div> <!-- close group --> <\/div> <!-- close row --> <div class=\"gallery-row\" style=\"width: 840px; height: 375px;\" data-original-width=\"840\" data-original-height=\"375\" > <div class=\"gallery-group images-1\" style=\"width: 561px; height: 375px;\" data-original-width=\"561\" data-original-height=\"375\" > <div class=\"tiled-gallery-item tiled-gallery-item-large\" itemprop=\"associatedMedia\" itemscope itemtype=\"http:\/\/schema.org\/ImageObject\"> <a href=\"https:\/\/www.jazzzeitung.de\/cms\/2017\/06\/live-im-ndr-mats-eilertsens-rubicon\/p1410771-harmen-fraanje-foto-tj-krebs-2\/\" border=\"0\" itemprop=\"url\"> <meta itemprop=\"width\" content=\"557\"> <meta itemprop=\"height\" content=\"371\"> <img decoding=\"async\" class=\"\" data-attachment-id=\"12718\" data-orig-file=\"https:\/\/www.jazzzeitung.de\/cms\/wp-content\/uploads\/2017\/06\/P1410771-Harmen-Fraanje-Foto-TJ-Krebs-1.jpg\" data-orig-size=\"1800,1200\" data-comments-opened=\"1\" data-image-meta=\"{&quot;aperture&quot;:&quot;0&quot;,&quot;credit&quot;:&quot;&quot;,&quot;camera&quot;:&quot;&quot;,&quot;caption&quot;:&quot;&quot;,&quot;created_timestamp&quot;:&quot;0&quot;,&quot;copyright&quot;:&quot;&quot;,&quot;focal_length&quot;:&quot;0&quot;,&quot;iso&quot;:&quot;0&quot;,&quot;shutter_speed&quot;:&quot;0&quot;,&quot;title&quot;:&quot;&quot;,&quot;orientation&quot;:&quot;0&quot;}\" data-image-title=\"Harmen Fraanje &amp;#8211; Foto TJ Krebs\" data-image-description=\"\" data-medium-file=\"https:\/\/i0.wp.com\/www.jazzzeitung.de\/cms\/wp-content\/uploads\/2017\/06\/P1410771-Harmen-Fraanje-Foto-TJ-Krebs-1.jpg?fit=300%2C200&#038;ssl=1\" data-large-file=\"https:\/\/i0.wp.com\/www.jazzzeitung.de\/cms\/wp-content\/uploads\/2017\/06\/P1410771-Harmen-Fraanje-Foto-TJ-Krebs-1.jpg?fit=840%2C560&#038;ssl=1\" src=\"https:\/\/i0.wp.com\/www.jazzzeitung.de\/cms\/wp-content\/uploads\/2017\/06\/P1410771-Harmen-Fraanje-Foto-TJ-Krebs-1.jpg?w=557&#038;h=371&#038;ssl=1\" srcset=\"https:\/\/i0.wp.com\/www.jazzzeitung.de\/cms\/wp-content\/uploads\/2017\/06\/P1410771-Harmen-Fraanje-Foto-TJ-Krebs-1.jpg?w=1800&amp;ssl=1 1800w, https:\/\/i0.wp.com\/www.jazzzeitung.de\/cms\/wp-content\/uploads\/2017\/06\/P1410771-Harmen-Fraanje-Foto-TJ-Krebs-1.jpg?resize=300%2C200&amp;ssl=1 300w, https:\/\/i0.wp.com\/www.jazzzeitung.de\/cms\/wp-content\/uploads\/2017\/06\/P1410771-Harmen-Fraanje-Foto-TJ-Krebs-1.jpg?resize=768%2C512&amp;ssl=1 768w, https:\/\/i0.wp.com\/www.jazzzeitung.de\/cms\/wp-content\/uploads\/2017\/06\/P1410771-Harmen-Fraanje-Foto-TJ-Krebs-1.jpg?resize=900%2C600&amp;ssl=1 900w, https:\/\/i0.wp.com\/www.jazzzeitung.de\/cms\/wp-content\/uploads\/2017\/06\/P1410771-Harmen-Fraanje-Foto-TJ-Krebs-1.jpg?w=1680&amp;ssl=1 1680w\" width=\"557\" height=\"371\" loading=\"lazy\" data-original-width=\"557\" data-original-height=\"371\" itemprop=\"http:\/\/schema.org\/image\" title=\"Harmen Fraanje - Foto TJ Krebs\" alt=\"Harmen Fraanje - Foto TJ Krebs\" style=\"width: 557px; height: 371px;\" \/> <\/a> <\/div> <\/div> <!-- close group --> <div class=\"gallery-group images-2\" style=\"width: 279px; height: 375px;\" data-original-width=\"279\" data-original-height=\"375\" > <div class=\"tiled-gallery-item tiled-gallery-item-large\" itemprop=\"associatedMedia\" itemscope itemtype=\"http:\/\/schema.org\/ImageObject\"> <a href=\"https:\/\/www.jazzzeitung.de\/cms\/2017\/06\/live-im-ndr-mats-eilertsens-rubicon\/p1410798-mats-eilertsens-rubicon-foto-tj-krebs-2\/\" border=\"0\" itemprop=\"url\"> <meta itemprop=\"width\" content=\"275\"> <meta itemprop=\"height\" content=\"184\"> <img decoding=\"async\" class=\"\" data-attachment-id=\"12719\" data-orig-file=\"https:\/\/www.jazzzeitung.de\/cms\/wp-content\/uploads\/2017\/06\/P1410798-Mats-Eilertsens-Rubicon-Foto-TJ-Krebs-1.jpg\" data-orig-size=\"1800,1200\" data-comments-opened=\"1\" data-image-meta=\"{&quot;aperture&quot;:&quot;0&quot;,&quot;credit&quot;:&quot;&quot;,&quot;camera&quot;:&quot;&quot;,&quot;caption&quot;:&quot;&quot;,&quot;created_timestamp&quot;:&quot;0&quot;,&quot;copyright&quot;:&quot;&quot;,&quot;focal_length&quot;:&quot;0&quot;,&quot;iso&quot;:&quot;0&quot;,&quot;shutter_speed&quot;:&quot;0&quot;,&quot;title&quot;:&quot;&quot;,&quot;orientation&quot;:&quot;0&quot;}\" data-image-title=\"Mats Eilertsens Rubicon &amp;#8211; Foto TJ Krebs\" data-image-description=\"\" data-medium-file=\"https:\/\/i0.wp.com\/www.jazzzeitung.de\/cms\/wp-content\/uploads\/2017\/06\/P1410798-Mats-Eilertsens-Rubicon-Foto-TJ-Krebs-1.jpg?fit=300%2C200&#038;ssl=1\" data-large-file=\"https:\/\/i0.wp.com\/www.jazzzeitung.de\/cms\/wp-content\/uploads\/2017\/06\/P1410798-Mats-Eilertsens-Rubicon-Foto-TJ-Krebs-1.jpg?fit=840%2C560&#038;ssl=1\" src=\"https:\/\/i0.wp.com\/www.jazzzeitung.de\/cms\/wp-content\/uploads\/2017\/06\/P1410798-Mats-Eilertsens-Rubicon-Foto-TJ-Krebs-1.jpg?w=275&#038;h=184&#038;ssl=1\" srcset=\"https:\/\/i0.wp.com\/www.jazzzeitung.de\/cms\/wp-content\/uploads\/2017\/06\/P1410798-Mats-Eilertsens-Rubicon-Foto-TJ-Krebs-1.jpg?w=1800&amp;ssl=1 1800w, https:\/\/i0.wp.com\/www.jazzzeitung.de\/cms\/wp-content\/uploads\/2017\/06\/P1410798-Mats-Eilertsens-Rubicon-Foto-TJ-Krebs-1.jpg?resize=300%2C200&amp;ssl=1 300w, https:\/\/i0.wp.com\/www.jazzzeitung.de\/cms\/wp-content\/uploads\/2017\/06\/P1410798-Mats-Eilertsens-Rubicon-Foto-TJ-Krebs-1.jpg?resize=768%2C512&amp;ssl=1 768w, https:\/\/i0.wp.com\/www.jazzzeitung.de\/cms\/wp-content\/uploads\/2017\/06\/P1410798-Mats-Eilertsens-Rubicon-Foto-TJ-Krebs-1.jpg?resize=900%2C600&amp;ssl=1 900w, https:\/\/i0.wp.com\/www.jazzzeitung.de\/cms\/wp-content\/uploads\/2017\/06\/P1410798-Mats-Eilertsens-Rubicon-Foto-TJ-Krebs-1.jpg?w=1680&amp;ssl=1 1680w\" width=\"275\" height=\"184\" loading=\"lazy\" data-original-width=\"275\" data-original-height=\"184\" itemprop=\"http:\/\/schema.org\/image\" title=\"Mats Eilertsens Rubicon - Foto TJ Krebs\" alt=\"Mats Eilertsens Rubicon - Foto TJ Krebs\" style=\"width: 275px; height: 184px;\" \/> <\/a> <\/div> <div class=\"tiled-gallery-item tiled-gallery-item-large\" itemprop=\"associatedMedia\" itemscope itemtype=\"http:\/\/schema.org\/ImageObject\"> <a href=\"https:\/\/www.jazzzeitung.de\/cms\/2017\/06\/live-im-ndr-mats-eilertsens-rubicon\/p1410820-mats-eilertsens-rubicon-foto-tj-krebs-2\/\" border=\"0\" itemprop=\"url\"> <meta itemprop=\"width\" content=\"275\"> <meta itemprop=\"height\" content=\"183\"> <img decoding=\"async\" class=\"\" data-attachment-id=\"12720\" data-orig-file=\"https:\/\/www.jazzzeitung.de\/cms\/wp-content\/uploads\/2017\/06\/P1410820-Mats-Eilertsens-Rubicon-Foto-TJ-Krebs-1.jpg\" data-orig-size=\"1800,1200\" data-comments-opened=\"1\" data-image-meta=\"{&quot;aperture&quot;:&quot;0&quot;,&quot;credit&quot;:&quot;&quot;,&quot;camera&quot;:&quot;&quot;,&quot;caption&quot;:&quot;&quot;,&quot;created_timestamp&quot;:&quot;0&quot;,&quot;copyright&quot;:&quot;&quot;,&quot;focal_length&quot;:&quot;0&quot;,&quot;iso&quot;:&quot;0&quot;,&quot;shutter_speed&quot;:&quot;0&quot;,&quot;title&quot;:&quot;&quot;,&quot;orientation&quot;:&quot;0&quot;}\" data-image-title=\"Mats Eilertsens Rubicon &amp;#8211; Foto TJ Krebs\" data-image-description=\"\" data-medium-file=\"https:\/\/i0.wp.com\/www.jazzzeitung.de\/cms\/wp-content\/uploads\/2017\/06\/P1410820-Mats-Eilertsens-Rubicon-Foto-TJ-Krebs-1.jpg?fit=300%2C200&#038;ssl=1\" data-large-file=\"https:\/\/i0.wp.com\/www.jazzzeitung.de\/cms\/wp-content\/uploads\/2017\/06\/P1410820-Mats-Eilertsens-Rubicon-Foto-TJ-Krebs-1.jpg?fit=840%2C560&#038;ssl=1\" src=\"https:\/\/i0.wp.com\/www.jazzzeitung.de\/cms\/wp-content\/uploads\/2017\/06\/P1410820-Mats-Eilertsens-Rubicon-Foto-TJ-Krebs-1.jpg?w=275&#038;h=183&#038;ssl=1\" srcset=\"https:\/\/i0.wp.com\/www.jazzzeitung.de\/cms\/wp-content\/uploads\/2017\/06\/P1410820-Mats-Eilertsens-Rubicon-Foto-TJ-Krebs-1.jpg?w=1800&amp;ssl=1 1800w, https:\/\/i0.wp.com\/www.jazzzeitung.de\/cms\/wp-content\/uploads\/2017\/06\/P1410820-Mats-Eilertsens-Rubicon-Foto-TJ-Krebs-1.jpg?resize=300%2C200&amp;ssl=1 300w, https:\/\/i0.wp.com\/www.jazzzeitung.de\/cms\/wp-content\/uploads\/2017\/06\/P1410820-Mats-Eilertsens-Rubicon-Foto-TJ-Krebs-1.jpg?resize=768%2C512&amp;ssl=1 768w, https:\/\/i0.wp.com\/www.jazzzeitung.de\/cms\/wp-content\/uploads\/2017\/06\/P1410820-Mats-Eilertsens-Rubicon-Foto-TJ-Krebs-1.jpg?resize=900%2C600&amp;ssl=1 900w, https:\/\/i0.wp.com\/www.jazzzeitung.de\/cms\/wp-content\/uploads\/2017\/06\/P1410820-Mats-Eilertsens-Rubicon-Foto-TJ-Krebs-1.jpg?w=1680&amp;ssl=1 1680w\" width=\"275\" height=\"183\" loading=\"lazy\" data-original-width=\"275\" data-original-height=\"183\" itemprop=\"http:\/\/schema.org\/image\" title=\"Mats Eilertsens Rubicon - Foto TJ Krebs\" alt=\"Mats Eilertsens Rubicon - Foto TJ Krebs\" style=\"width: 275px; height: 183px;\" \/> <\/a> <\/div> <\/div> <!-- close group --> <\/div> <!-- close row --> <\/div>\n","protected":false},"excerpt":{"rendered":"<p>Der Bassist Mats Eilertsen bildet eine musikalische Oase im Trubel der vielf\u00e4ltigen norwegischen Musikszene. Gemeinsam mit seinem \u201eRubicon\u201c Septett, dem u.a. der Saxophonist Trygve Seim und der Vibraphonist Rob Waring angeh\u00f6ren, pr\u00e4sentierte Eilertsen im Rahmen eines NDR Jazzkonzerts mit seiner Formation eine unglaublich dichte, melodisch eindrucksvolle Einheit und lie\u00df die Musik wundervoll \u201eflie\u00dfen\u201c. Thomas J. Krebs war live dabei und begleitete das Konzert mit seiner Kamera.<\/p>\n","protected":false},"author":18,"featured_media":0,"comment_status":"open","ping_status":"closed","sticky":false,"template":"","format":"gallery","meta":{"_jetpack_memberships_contains_paid_content":false,"footnotes":"","jetpack_publicize_message":"","jetpack_publicize_feature_enabled":true,"jetpack_social_post_already_shared":false,"jetpack_social_options":{"image_generator_settings":{"template":"highway","default_image_id":0,"font":"","enabled":false},"version":2}},"categories":[652],"tags":[322,1418,410,1260],"coauthors":[695],"class_list":["post-12707","post","type-post","status-publish","format-gallery","hentry","category-galerie","tag-konzert-2","tag-krebs","tag-ndr","tag-thomas-j-krebs","post_format-post-format-gallery"],"yoast_head":"<!-- This site is optimized with the Yoast SEO plugin v27.5 - https:\/\/yoast.com\/product\/yoast-seo-wordpress\/ -->\n<title>Live im NDR - Mats Eilertsens \u201eRubicon\u201c - JazzZeitung<\/title>\n<meta name=\"robots\" content=\"index, follow, max-snippet:-1, max-image-preview:large, max-video-preview:-1\" \/>\n<link rel=\"canonical\" href=\"https:\/\/www.jazzzeitung.de\/cms\/2017\/06\/live-im-ndr-mats-eilertsens-rubicon\/\" \/>\n<meta property=\"og:locale\" content=\"de_DE\" \/>\n<meta property=\"og:type\" content=\"article\" \/>\n<meta property=\"og:title\" content=\"Live im NDR - Mats Eilertsens \u201eRubicon\u201c - JazzZeitung\" \/>\n<meta property=\"og:description\" content=\"Der Bassist Mats Eilertsen bildet eine musikalische Oase im Trubel der vielf\u00e4ltigen norwegischen Musikszene. Gemeinsam mit seinem \u201eRubicon\u201c Septett, dem u.a. der Saxophonist Trygve Seim und der Vibraphonist Rob Waring angeh\u00f6ren, pr\u00e4sentierte Eilertsen im Rahmen eines NDR Jazzkonzerts mit seiner Formation eine unglaublich dichte, melodisch eindrucksvolle Einheit und lie\u00df die Musik wundervoll \u201eflie\u00dfen\u201c. Thomas J. Krebs war live dabei und begleitete das Konzert mit seiner Kamera.\" \/>\n<meta property=\"og:url\" content=\"https:\/\/www.jazzzeitung.de\/cms\/2017\/06\/live-im-ndr-mats-eilertsens-rubicon\/\" \/>\n<meta property=\"og:site_name\" content=\"JazzZeitung\" \/>\n<meta property=\"article:publisher\" content=\"https:\/\/www.facebook.com\/JazzZeitung\/\" \/>\n<meta property=\"article:published_time\" content=\"2017-06-17T10:56:28+00:00\" \/>\n<meta property=\"og:image\" content=\"https:\/\/i0.wp.com\/www.jazzzeitung.de\/cms\/wp-content\/uploads\/2017\/06\/P1410487-Eirik-Hegdal-Foto-TJ-Krebs-1.jpg?w=195&#038;h=292&#038;ssl=1\" \/>\n<meta name=\"author\" content=\"Redaktion JazzZeitung\" \/>\n<script type=\"application\/ld+json\" class=\"yoast-schema-graph\">{\"@context\":\"https:\\\/\\\/schema.org\",\"@graph\":[{\"@type\":\"Article\",\"@id\":\"https:\\\/\\\/www.jazzzeitung.de\\\/cms\\\/2017\\\/06\\\/live-im-ndr-mats-eilertsens-rubicon\\\/#article\",\"isPartOf\":{\"@id\":\"https:\\\/\\\/www.jazzzeitung.de\\\/cms\\\/2017\\\/06\\\/live-im-ndr-mats-eilertsens-rubicon\\\/\"},\"author\":{\"name\":\"Redaktion JazzZeitung\",\"@id\":\"https:\\\/\\\/www.jazzzeitung.de\\\/cms\\\/#\\\/schema\\\/person\\\/2245b36b9cd1d24cea10f01c031fb92b\"},\"headline\":\"Live im NDR &#8211; Mats Eilertsens \u201eRubicon\u201c\",\"datePublished\":\"2017-06-17T10:56:28+00:00\",\"mainEntityOfPage\":{\"@id\":\"https:\\\/\\\/www.jazzzeitung.de\\\/cms\\\/2017\\\/06\\\/live-im-ndr-mats-eilertsens-rubicon\\\/\"},\"wordCount\":84,\"commentCount\":0,\"publisher\":{\"@id\":\"https:\\\/\\\/www.jazzzeitung.de\\\/cms\\\/#organization\"},\"keywords\":[\"Konzert\",\"krebs\",\"NDR\",\"Thomas J. Krebs\"],\"articleSection\":[\"Galerie\"],\"inLanguage\":\"de\",\"potentialAction\":[{\"@type\":\"CommentAction\",\"name\":\"Comment\",\"target\":[\"https:\\\/\\\/www.jazzzeitung.de\\\/cms\\\/2017\\\/06\\\/live-im-ndr-mats-eilertsens-rubicon\\\/#respond\"]}]},{\"@type\":\"WebPage\",\"@id\":\"https:\\\/\\\/www.jazzzeitung.de\\\/cms\\\/2017\\\/06\\\/live-im-ndr-mats-eilertsens-rubicon\\\/\",\"url\":\"https:\\\/\\\/www.jazzzeitung.de\\\/cms\\\/2017\\\/06\\\/live-im-ndr-mats-eilertsens-rubicon\\\/\",\"name\":\"Live im NDR - Mats Eilertsens \u201eRubicon\u201c - JazzZeitung\",\"isPartOf\":{\"@id\":\"https:\\\/\\\/www.jazzzeitung.de\\\/cms\\\/#website\"},\"datePublished\":\"2017-06-17T10:56:28+00:00\",\"breadcrumb\":{\"@id\":\"https:\\\/\\\/www.jazzzeitung.de\\\/cms\\\/2017\\\/06\\\/live-im-ndr-mats-eilertsens-rubicon\\\/#breadcrumb\"},\"inLanguage\":\"de\",\"potentialAction\":[{\"@type\":\"ReadAction\",\"target\":[\"https:\\\/\\\/www.jazzzeitung.de\\\/cms\\\/2017\\\/06\\\/live-im-ndr-mats-eilertsens-rubicon\\\/\"]}]},{\"@type\":\"BreadcrumbList\",\"@id\":\"https:\\\/\\\/www.jazzzeitung.de\\\/cms\\\/2017\\\/06\\\/live-im-ndr-mats-eilertsens-rubicon\\\/#breadcrumb\",\"itemListElement\":[{\"@type\":\"ListItem\",\"position\":1,\"name\":\"Startseite\",\"item\":\"https:\\\/\\\/www.jazzzeitung.de\\\/cms\\\/\"},{\"@type\":\"ListItem\",\"position\":2,\"name\":\"Live im NDR &#8211; Mats Eilertsens \u201eRubicon\u201c\"}]},{\"@type\":\"WebSite\",\"@id\":\"https:\\\/\\\/www.jazzzeitung.de\\\/cms\\\/#website\",\"url\":\"https:\\\/\\\/www.jazzzeitung.de\\\/cms\\\/\",\"name\":\"JazzZeitung\",\"description\":\"Jazz-News und Jazz-Kontroverses\",\"publisher\":{\"@id\":\"https:\\\/\\\/www.jazzzeitung.de\\\/cms\\\/#organization\"},\"potentialAction\":[{\"@type\":\"SearchAction\",\"target\":{\"@type\":\"EntryPoint\",\"urlTemplate\":\"https:\\\/\\\/www.jazzzeitung.de\\\/cms\\\/?s={search_term_string}\"},\"query-input\":{\"@type\":\"PropertyValueSpecification\",\"valueRequired\":true,\"valueName\":\"search_term_string\"}}],\"inLanguage\":\"de\"},{\"@type\":\"Organization\",\"@id\":\"https:\\\/\\\/www.jazzzeitung.de\\\/cms\\\/#organization\",\"name\":\"JazzZeitung online\",\"url\":\"https:\\\/\\\/www.jazzzeitung.de\\\/cms\\\/\",\"logo\":{\"@type\":\"ImageObject\",\"inLanguage\":\"de\",\"@id\":\"https:\\\/\\\/www.jazzzeitung.de\\\/cms\\\/#\\\/schema\\\/logo\\\/image\\\/\",\"url\":\"https:\\\/\\\/i0.wp.com\\\/www.jazzzeitung.de\\\/cms\\\/wp-content\\\/uploads\\\/2015\\\/08\\\/JAZZZEITUNGDE_Logo_Neu.png?fit=499%2C200&ssl=1\",\"contentUrl\":\"https:\\\/\\\/i0.wp.com\\\/www.jazzzeitung.de\\\/cms\\\/wp-content\\\/uploads\\\/2015\\\/08\\\/JAZZZEITUNGDE_Logo_Neu.png?fit=499%2C200&ssl=1\",\"width\":499,\"height\":200,\"caption\":\"JazzZeitung online\"},\"image\":{\"@id\":\"https:\\\/\\\/www.jazzzeitung.de\\\/cms\\\/#\\\/schema\\\/logo\\\/image\\\/\"},\"sameAs\":[\"https:\\\/\\\/www.facebook.com\\\/JazzZeitung\\\/\"]},{\"@type\":\"Person\",\"@id\":\"https:\\\/\\\/www.jazzzeitung.de\\\/cms\\\/#\\\/schema\\\/person\\\/2245b36b9cd1d24cea10f01c031fb92b\",\"name\":\"Redaktion JazzZeitung\",\"image\":{\"@type\":\"ImageObject\",\"inLanguage\":\"de\",\"@id\":\"https:\\\/\\\/i0.wp.com\\\/www.jazzzeitung.de\\\/cms\\\/wp-content\\\/uploads\\\/2015\\\/08\\\/JAZZZEITUNGDE_Logo_Neu.png?resize=96%2C96&ssl=159975dcacb611b5700bd619b5daf0a7a\",\"url\":\"https:\\\/\\\/i0.wp.com\\\/www.jazzzeitung.de\\\/cms\\\/wp-content\\\/uploads\\\/2015\\\/08\\\/JAZZZEITUNGDE_Logo_Neu.png?resize=96%2C96&ssl=1\",\"contentUrl\":\"https:\\\/\\\/i0.wp.com\\\/www.jazzzeitung.de\\\/cms\\\/wp-content\\\/uploads\\\/2015\\\/08\\\/JAZZZEITUNGDE_Logo_Neu.png?resize=96%2C96&ssl=1\",\"caption\":\"Redaktion JazzZeitung\"},\"description\":\"Artikel der Redaktion der JazzZeitung.\",\"sameAs\":[\"http:\\\/\\\/www.jazzzeitung.de\\\/cms\\\/\"],\"url\":\"https:\\\/\\\/www.jazzzeitung.de\\\/cms\\\/author\\\/redaktion\\\/\"}]}<\/script>\n<!-- \/ Yoast SEO plugin. -->","yoast_head_json":{"title":"Live im NDR - Mats Eilertsens \u201eRubicon\u201c - JazzZeitung","robots":{"index":"index","follow":"follow","max-snippet":"max-snippet:-1","max-image-preview":"max-image-preview:large","max-video-preview":"max-video-preview:-1"},"canonical":"https:\/\/www.jazzzeitung.de\/cms\/2017\/06\/live-im-ndr-mats-eilertsens-rubicon\/","og_locale":"de_DE","og_type":"article","og_title":"Live im NDR - Mats Eilertsens \u201eRubicon\u201c - JazzZeitung","og_description":"Der Bassist Mats Eilertsen bildet eine musikalische Oase im Trubel der vielf\u00e4ltigen norwegischen Musikszene. Gemeinsam mit seinem \u201eRubicon\u201c Septett, dem u.a. der Saxophonist Trygve Seim und der Vibraphonist Rob Waring angeh\u00f6ren, pr\u00e4sentierte Eilertsen im Rahmen eines NDR Jazzkonzerts mit seiner Formation eine unglaublich dichte, melodisch eindrucksvolle Einheit und lie\u00df die Musik wundervoll \u201eflie\u00dfen\u201c. Thomas J. Krebs war live dabei und begleitete das Konzert mit seiner Kamera.","og_url":"https:\/\/www.jazzzeitung.de\/cms\/2017\/06\/live-im-ndr-mats-eilertsens-rubicon\/","og_site_name":"JazzZeitung","article_publisher":"https:\/\/www.facebook.com\/JazzZeitung\/","article_published_time":"2017-06-17T10:56:28+00:00","og_image":[{"url":"https:\/\/i0.wp.com\/www.jazzzeitung.de\/cms\/wp-content\/uploads\/2017\/06\/P1410487-Eirik-Hegdal-Foto-TJ-Krebs-1.jpg?w=195&#038;h=292&#038;ssl=1","type":"","width":"","height":""}],"author":"Redaktion JazzZeitung","schema":{"@context":"https:\/\/schema.org","@graph":[{"@type":"Article","@id":"https:\/\/www.jazzzeitung.de\/cms\/2017\/06\/live-im-ndr-mats-eilertsens-rubicon\/#article","isPartOf":{"@id":"https:\/\/www.jazzzeitung.de\/cms\/2017\/06\/live-im-ndr-mats-eilertsens-rubicon\/"},"author":{"name":"Redaktion JazzZeitung","@id":"https:\/\/www.jazzzeitung.de\/cms\/#\/schema\/person\/2245b36b9cd1d24cea10f01c031fb92b"},"headline":"Live im NDR &#8211; Mats Eilertsens \u201eRubicon\u201c","datePublished":"2017-06-17T10:56:28+00:00","mainEntityOfPage":{"@id":"https:\/\/www.jazzzeitung.de\/cms\/2017\/06\/live-im-ndr-mats-eilertsens-rubicon\/"},"wordCount":84,"commentCount":0,"publisher":{"@id":"https:\/\/www.jazzzeitung.de\/cms\/#organization"},"keywords":["Konzert","krebs","NDR","Thomas J. Krebs"],"articleSection":["Galerie"],"inLanguage":"de","potentialAction":[{"@type":"CommentAction","name":"Comment","target":["https:\/\/www.jazzzeitung.de\/cms\/2017\/06\/live-im-ndr-mats-eilertsens-rubicon\/#respond"]}]},{"@type":"WebPage","@id":"https:\/\/www.jazzzeitung.de\/cms\/2017\/06\/live-im-ndr-mats-eilertsens-rubicon\/","url":"https:\/\/www.jazzzeitung.de\/cms\/2017\/06\/live-im-ndr-mats-eilertsens-rubicon\/","name":"Live im NDR - Mats Eilertsens \u201eRubicon\u201c - JazzZeitung","isPartOf":{"@id":"https:\/\/www.jazzzeitung.de\/cms\/#website"},"datePublished":"2017-06-17T10:56:28+00:00","breadcrumb":{"@id":"https:\/\/www.jazzzeitung.de\/cms\/2017\/06\/live-im-ndr-mats-eilertsens-rubicon\/#breadcrumb"},"inLanguage":"de","potentialAction":[{"@type":"ReadAction","target":["https:\/\/www.jazzzeitung.de\/cms\/2017\/06\/live-im-ndr-mats-eilertsens-rubicon\/"]}]},{"@type":"BreadcrumbList","@id":"https:\/\/www.jazzzeitung.de\/cms\/2017\/06\/live-im-ndr-mats-eilertsens-rubicon\/#breadcrumb","itemListElement":[{"@type":"ListItem","position":1,"name":"Startseite","item":"https:\/\/www.jazzzeitung.de\/cms\/"},{"@type":"ListItem","position":2,"name":"Live im NDR &#8211; Mats Eilertsens \u201eRubicon\u201c"}]},{"@type":"WebSite","@id":"https:\/\/www.jazzzeitung.de\/cms\/#website","url":"https:\/\/www.jazzzeitung.de\/cms\/","name":"JazzZeitung","description":"Jazz-News und Jazz-Kontroverses","publisher":{"@id":"https:\/\/www.jazzzeitung.de\/cms\/#organization"},"potentialAction":[{"@type":"SearchAction","target":{"@type":"EntryPoint","urlTemplate":"https:\/\/www.jazzzeitung.de\/cms\/?s={search_term_string}"},"query-input":{"@type":"PropertyValueSpecification","valueRequired":true,"valueName":"search_term_string"}}],"inLanguage":"de"},{"@type":"Organization","@id":"https:\/\/www.jazzzeitung.de\/cms\/#organization","name":"JazzZeitung online","url":"https:\/\/www.jazzzeitung.de\/cms\/","logo":{"@type":"ImageObject","inLanguage":"de","@id":"https:\/\/www.jazzzeitung.de\/cms\/#\/schema\/logo\/image\/","url":"https:\/\/i0.wp.com\/www.jazzzeitung.de\/cms\/wp-content\/uploads\/2015\/08\/JAZZZEITUNGDE_Logo_Neu.png?fit=499%2C200&ssl=1","contentUrl":"https:\/\/i0.wp.com\/www.jazzzeitung.de\/cms\/wp-content\/uploads\/2015\/08\/JAZZZEITUNGDE_Logo_Neu.png?fit=499%2C200&ssl=1","width":499,"height":200,"caption":"JazzZeitung online"},"image":{"@id":"https:\/\/www.jazzzeitung.de\/cms\/#\/schema\/logo\/image\/"},"sameAs":["https:\/\/www.facebook.com\/JazzZeitung\/"]},{"@type":"Person","@id":"https:\/\/www.jazzzeitung.de\/cms\/#\/schema\/person\/2245b36b9cd1d24cea10f01c031fb92b","name":"Redaktion JazzZeitung","image":{"@type":"ImageObject","inLanguage":"de","@id":"https:\/\/i0.wp.com\/www.jazzzeitung.de\/cms\/wp-content\/uploads\/2015\/08\/JAZZZEITUNGDE_Logo_Neu.png?resize=96%2C96&ssl=159975dcacb611b5700bd619b5daf0a7a","url":"https:\/\/i0.wp.com\/www.jazzzeitung.de\/cms\/wp-content\/uploads\/2015\/08\/JAZZZEITUNGDE_Logo_Neu.png?resize=96%2C96&ssl=1","contentUrl":"https:\/\/i0.wp.com\/www.jazzzeitung.de\/cms\/wp-content\/uploads\/2015\/08\/JAZZZEITUNGDE_Logo_Neu.png?resize=96%2C96&ssl=1","caption":"Redaktion JazzZeitung"},"description":"Artikel der Redaktion der JazzZeitung.","sameAs":["http:\/\/www.jazzzeitung.de\/cms\/"],"url":"https:\/\/www.jazzzeitung.de\/cms\/author\/redaktion\/"}]}},"wp-worthy-pixel":{"ignored":false,"public":null,"server":null,"url":null},"wp-worthy-type":"normal","jetpack_publicize_connections":[],"cc_featured_image_caption":{"caption_text":false,"source_text":false,"source_url":false},"jetpack_featured_media_url":"","jetpack_shortlink":"https:\/\/wp.me\/p3KEcT-3iX","jetpack-related-posts":[{"id":12675,"url":"https:\/\/www.jazzzeitung.de\/cms\/2017\/06\/fotogalerie-vom-konzert-des-mats-eilertsen-septet-rubicon-im-ndr-hh\/","url_meta":{"origin":12707,"position":0},"title":"NDR Jazz-Konzert mit dem Anat Fort Trio und Gianluigi Trovesi","author":"Redaktion JazzZeitung","date":"16. Juni 2017","format":"gallery","excerpt":"Seit mittlerweile f\u00fcnfzehn Jahren besteht das von der israelischen Pianistin Anat Fort in New York gegr\u00fcndete Trio mit dem Bassisten Gary Wang und Roland Schneider am Schlagzeug. Der Italiener Gianluigi Trovesi erg\u00e4nzt die Formation nun um weitere Klangfarben. Gemeinsam pr\u00e4sentierten sie live ihre ECM CD \u201eBirdwatching\u201c. Anbei eine Fotostrecke des\u2026","rel":"","context":"In &quot;Galerie&quot;","block_context":{"text":"Galerie","link":"https:\/\/www.jazzzeitung.de\/cms\/thema\/galerie\/"},"img":{"alt_text":"","src":"https:\/\/i0.wp.com\/www.jazzzeitung.de\/cms\/wp-content\/uploads\/2017\/06\/P1410243-Anat-Fort-Foto-TJ-Krebs.jpg?resize=350%2C200","width":350,"height":200,"srcset":"https:\/\/i0.wp.com\/www.jazzzeitung.de\/cms\/wp-content\/uploads\/2017\/06\/P1410243-Anat-Fort-Foto-TJ-Krebs.jpg?resize=350%2C200 1x, https:\/\/i0.wp.com\/www.jazzzeitung.de\/cms\/wp-content\/uploads\/2017\/06\/P1410243-Anat-Fort-Foto-TJ-Krebs.jpg?resize=525%2C300 1.5x, https:\/\/i0.wp.com\/www.jazzzeitung.de\/cms\/wp-content\/uploads\/2017\/06\/P1410243-Anat-Fort-Foto-TJ-Krebs.jpg?resize=700%2C400 2x, https:\/\/i0.wp.com\/www.jazzzeitung.de\/cms\/wp-content\/uploads\/2017\/06\/P1410243-Anat-Fort-Foto-TJ-Krebs.jpg?resize=1050%2C600 3x, https:\/\/i0.wp.com\/www.jazzzeitung.de\/cms\/wp-content\/uploads\/2017\/06\/P1410243-Anat-Fort-Foto-TJ-Krebs.jpg?resize=1400%2C800 4x"},"classes":[]},{"id":27174,"url":"https:\/\/www.jazzzeitung.de\/cms\/2022\/04\/start-einer-grandiosen-cd-serie-live-at-fabrik\/","url_meta":{"origin":12707,"position":1},"title":"Start einer grandiosen CD Serie: Live at Fabrik","author":"Thomas J. Krebs","date":"23. April 2022","format":false,"excerpt":"(Fotos, auch Beitragsbild: Thomas J. Krebs) Vor ein paar Jahren startete das Jazzline Label bereits eine CD Reihe \u201eAt Onkel P\u00f6's Carnegie Hall \/ Hamburg\u201c mit Livemitschnitten von Chet Baker, Dizzy Gillespie, Dave Liebman oder den Brecker Brothers, die der NDR seinerzeit aufgenommen hat. Nun ist der Startschuss f\u00fcr \u201eLive\u2026","rel":"","context":"In &quot;Rezension&quot;","block_context":{"text":"Rezension","link":"https:\/\/www.jazzzeitung.de\/cms\/thema\/rezension\/"},"img":{"alt_text":"","src":"https:\/\/i0.wp.com\/www.jazzzeitung.de\/cms\/wp-content\/uploads\/2022\/04\/Hubbard-Tyner-sw-Fabrik-HH-1986-Foto-TJ-Krebs.jpg?fit=1200%2C800&ssl=1&resize=350%2C200","width":350,"height":200,"srcset":"https:\/\/i0.wp.com\/www.jazzzeitung.de\/cms\/wp-content\/uploads\/2022\/04\/Hubbard-Tyner-sw-Fabrik-HH-1986-Foto-TJ-Krebs.jpg?fit=1200%2C800&ssl=1&resize=350%2C200 1x, https:\/\/i0.wp.com\/www.jazzzeitung.de\/cms\/wp-content\/uploads\/2022\/04\/Hubbard-Tyner-sw-Fabrik-HH-1986-Foto-TJ-Krebs.jpg?fit=1200%2C800&ssl=1&resize=525%2C300 1.5x, https:\/\/i0.wp.com\/www.jazzzeitung.de\/cms\/wp-content\/uploads\/2022\/04\/Hubbard-Tyner-sw-Fabrik-HH-1986-Foto-TJ-Krebs.jpg?fit=1200%2C800&ssl=1&resize=700%2C400 2x, https:\/\/i0.wp.com\/www.jazzzeitung.de\/cms\/wp-content\/uploads\/2022\/04\/Hubbard-Tyner-sw-Fabrik-HH-1986-Foto-TJ-Krebs.jpg?fit=1200%2C800&ssl=1&resize=1050%2C600 3x"},"classes":[]},{"id":16264,"url":"https:\/\/www.jazzzeitung.de\/cms\/2018\/06\/besucherrekord-beim-hamburger-elbjazz-festival-2018\/","url_meta":{"origin":12707,"position":2},"title":"Besucherrekord beim Hamburger Elbjazz Festival 2018","author":"Redaktion JazzZeitung","date":"7. Juni 2018","format":false,"excerpt":"Das Elbjazz Festival setzte auch dieses Jahr wieder Ma\u00dfst\u00e4be. Musikalisch wie wetterm\u00e4\u00dfig war in der Tat viel Abwechslung geboten. Mit fast 28.000 Karten im Vorverkauf war das Festival bereits vor Beginn fast ausverkauft, die letzten 2000 Tickets gingen an den Tageskassen weg wie warme Semmeln. Bei einem Programm mit mehr\u2026","rel":"","context":"In &quot;Bericht&quot;","block_context":{"text":"Bericht","link":"https:\/\/www.jazzzeitung.de\/cms\/thema\/bericht\/"},"img":{"alt_text":"","src":"https:\/\/i0.wp.com\/www.jazzzeitung.de\/cms\/wp-content\/uploads\/2018\/06\/Kinga-Glyk-Trio-auf-der-Hauptb%C3%BChne-FOTO-TJ-Krebs-jazzphotoagency%40web.de_.jpg?fit=1200%2C800&ssl=1&resize=350%2C200","width":350,"height":200,"srcset":"https:\/\/i0.wp.com\/www.jazzzeitung.de\/cms\/wp-content\/uploads\/2018\/06\/Kinga-Glyk-Trio-auf-der-Hauptb%C3%BChne-FOTO-TJ-Krebs-jazzphotoagency%40web.de_.jpg?fit=1200%2C800&ssl=1&resize=350%2C200 1x, https:\/\/i0.wp.com\/www.jazzzeitung.de\/cms\/wp-content\/uploads\/2018\/06\/Kinga-Glyk-Trio-auf-der-Hauptb%C3%BChne-FOTO-TJ-Krebs-jazzphotoagency%40web.de_.jpg?fit=1200%2C800&ssl=1&resize=525%2C300 1.5x, https:\/\/i0.wp.com\/www.jazzzeitung.de\/cms\/wp-content\/uploads\/2018\/06\/Kinga-Glyk-Trio-auf-der-Hauptb%C3%BChne-FOTO-TJ-Krebs-jazzphotoagency%40web.de_.jpg?fit=1200%2C800&ssl=1&resize=700%2C400 2x, https:\/\/i0.wp.com\/www.jazzzeitung.de\/cms\/wp-content\/uploads\/2018\/06\/Kinga-Glyk-Trio-auf-der-Hauptb%C3%BChne-FOTO-TJ-Krebs-jazzphotoagency%40web.de_.jpg?fit=1200%2C800&ssl=1&resize=1050%2C600 3x"},"classes":[]},{"id":15795,"url":"https:\/\/www.jazzzeitung.de\/cms\/2018\/05\/vincent-peirani-in-hamburg-birth-of-a-trio\/","url_meta":{"origin":12707,"position":3},"title":"Vincent Peirani in Hamburg &#8211; Birth of a Trio","author":"Redaktion JazzZeitung","date":"2. Mai 2018","format":false,"excerpt":"Anfang April fand im Rolf-Liebemann-Studio des NDR im Rahmen der Jazzkonzerte die Geburtsstunde eines besonderen Trios statt. Fern eines \u201eklassischen\u201c Trios mit Schlagzeug und Bass stellte sich Vincent Peirani mit dem italienischen Gitarristen Federico Casagrande und Ziv Ravitz an den Drums ein ganz besonderes Trio zusammen. Ein \u201eHerzenswunsch\u201c, den sich\u2026","rel":"","context":"In &quot;Galerie&quot;","block_context":{"text":"Galerie","link":"https:\/\/www.jazzzeitung.de\/cms\/thema\/galerie\/"},"img":{"alt_text":"","src":"https:\/\/i0.wp.com\/www.jazzzeitung.de\/cms\/wp-content\/uploads\/2018\/04\/Das-Vincent-Peirani-Trio-Foto-TJ-Krebs-jazzphotoagency%40web.de_.jpg?fit=1200%2C800&ssl=1&resize=350%2C200","width":350,"height":200,"srcset":"https:\/\/i0.wp.com\/www.jazzzeitung.de\/cms\/wp-content\/uploads\/2018\/04\/Das-Vincent-Peirani-Trio-Foto-TJ-Krebs-jazzphotoagency%40web.de_.jpg?fit=1200%2C800&ssl=1&resize=350%2C200 1x, https:\/\/i0.wp.com\/www.jazzzeitung.de\/cms\/wp-content\/uploads\/2018\/04\/Das-Vincent-Peirani-Trio-Foto-TJ-Krebs-jazzphotoagency%40web.de_.jpg?fit=1200%2C800&ssl=1&resize=525%2C300 1.5x, https:\/\/i0.wp.com\/www.jazzzeitung.de\/cms\/wp-content\/uploads\/2018\/04\/Das-Vincent-Peirani-Trio-Foto-TJ-Krebs-jazzphotoagency%40web.de_.jpg?fit=1200%2C800&ssl=1&resize=700%2C400 2x, https:\/\/i0.wp.com\/www.jazzzeitung.de\/cms\/wp-content\/uploads\/2018\/04\/Das-Vincent-Peirani-Trio-Foto-TJ-Krebs-jazzphotoagency%40web.de_.jpg?fit=1200%2C800&ssl=1&resize=1050%2C600 3x"},"classes":[]},{"id":18412,"url":"https:\/\/www.jazzzeitung.de\/cms\/2019\/02\/news-jochen-rueckert-quartett-feat-mark-turner-in-der-unterfahrt\/","url_meta":{"origin":12707,"position":4},"title":"Fotogalerie: Jochen R\u00fcckert Quartett feat. Mark Turner im Jazzclub Unterfahrt","author":"Redaktion JazzZeitung","date":"4. Februar 2019","format":false,"excerpt":"Das Jochen R\u00fcckert Quartett gastierte mit\u00a0 internationaler Besetzung im Jazzclub Unterfahrt. Der K\u00f6lner Schlagzeuger hat sich mit seinem K\u00f6nnen und Durchhalteverm\u00f6gen internationalen Ruf erarbeitet und erntet nun die Fr\u00fcchte seiner Arbeit. Was R\u00fcckert gemeinsam mit dem gro\u00dfartigen Mark Turner am Tenorsaxophon, dem Gitarristen Lage Lund und Matt Penman am Bass\u2026","rel":"","context":"In &quot;Galerie&quot;","block_context":{"text":"Galerie","link":"https:\/\/www.jazzzeitung.de\/cms\/thema\/galerie\/"},"img":{"alt_text":"","src":"https:\/\/i0.wp.com\/www.jazzzeitung.de\/cms\/wp-content\/uploads\/2019\/01\/Mark-Turner-H%C3%A4nde-Foto-TJ-Krebs.jpg?fit=1200%2C800&ssl=1&resize=350%2C200","width":350,"height":200,"srcset":"https:\/\/i0.wp.com\/www.jazzzeitung.de\/cms\/wp-content\/uploads\/2019\/01\/Mark-Turner-H%C3%A4nde-Foto-TJ-Krebs.jpg?fit=1200%2C800&ssl=1&resize=350%2C200 1x, https:\/\/i0.wp.com\/www.jazzzeitung.de\/cms\/wp-content\/uploads\/2019\/01\/Mark-Turner-H%C3%A4nde-Foto-TJ-Krebs.jpg?fit=1200%2C800&ssl=1&resize=525%2C300 1.5x, https:\/\/i0.wp.com\/www.jazzzeitung.de\/cms\/wp-content\/uploads\/2019\/01\/Mark-Turner-H%C3%A4nde-Foto-TJ-Krebs.jpg?fit=1200%2C800&ssl=1&resize=700%2C400 2x, https:\/\/i0.wp.com\/www.jazzzeitung.de\/cms\/wp-content\/uploads\/2019\/01\/Mark-Turner-H%C3%A4nde-Foto-TJ-Krebs.jpg?fit=1200%2C800&ssl=1&resize=1050%2C600 3x"},"classes":[]},{"id":12804,"url":"https:\/\/www.jazzzeitung.de\/cms\/2017\/06\/stefano-bollani-piano-solo-im-stadttheater-landsberg\/","url_meta":{"origin":12707,"position":5},"title":"Stefano Bollani Piano solo im Stadttheater Landsberg","author":"Redaktion JazzZeitung","date":"27. Juni 2017","format":false,"excerpt":"Bei Piano Solo Konzerten von Stefano Bollani sollte man auf alles gefasst sein. Nichts l\u00e4sst sich vorhersagen; es ist immer spontan, unberechenbar und voller musikalischer \u00dcberraschungen. So auch beim Konzert im Landsberger Stadttheater. Ein Parforceritt durch die Musikstile, sehr spa\u00dfig und mit Augenzwinkern, aber immer hoch konzentriert und virtuos. Die\u2026","rel":"","context":"In &quot;Galerie&quot;","block_context":{"text":"Galerie","link":"https:\/\/www.jazzzeitung.de\/cms\/thema\/galerie\/"},"img":{"alt_text":"","src":"https:\/\/i0.wp.com\/www.jazzzeitung.de\/cms\/wp-content\/uploads\/2017\/06\/P1420370-Bollani-Foto-TJ-Krebs.jpg?resize=350%2C200","width":350,"height":200,"srcset":"https:\/\/i0.wp.com\/www.jazzzeitung.de\/cms\/wp-content\/uploads\/2017\/06\/P1420370-Bollani-Foto-TJ-Krebs.jpg?resize=350%2C200 1x, https:\/\/i0.wp.com\/www.jazzzeitung.de\/cms\/wp-content\/uploads\/2017\/06\/P1420370-Bollani-Foto-TJ-Krebs.jpg?resize=525%2C300 1.5x, https:\/\/i0.wp.com\/www.jazzzeitung.de\/cms\/wp-content\/uploads\/2017\/06\/P1420370-Bollani-Foto-TJ-Krebs.jpg?resize=700%2C400 2x, https:\/\/i0.wp.com\/www.jazzzeitung.de\/cms\/wp-content\/uploads\/2017\/06\/P1420370-Bollani-Foto-TJ-Krebs.jpg?resize=1050%2C600 3x, https:\/\/i0.wp.com\/www.jazzzeitung.de\/cms\/wp-content\/uploads\/2017\/06\/P1420370-Bollani-Foto-TJ-Krebs.jpg?resize=1400%2C800 4x"},"classes":[]}],"jetpack_sharing_enabled":true,"_links":{"self":[{"href":"https:\/\/www.jazzzeitung.de\/cms\/wp-json\/wp\/v2\/posts\/12707","targetHints":{"allow":["GET"]}}],"collection":[{"href":"https:\/\/www.jazzzeitung.de\/cms\/wp-json\/wp\/v2\/posts"}],"about":[{"href":"https:\/\/www.jazzzeitung.de\/cms\/wp-json\/wp\/v2\/types\/post"}],"author":[{"embeddable":true,"href":"https:\/\/www.jazzzeitung.de\/cms\/wp-json\/wp\/v2\/users\/18"}],"replies":[{"embeddable":true,"href":"https:\/\/www.jazzzeitung.de\/cms\/wp-json\/wp\/v2\/comments?post=12707"}],"version-history":[{"count":4,"href":"https:\/\/www.jazzzeitung.de\/cms\/wp-json\/wp\/v2\/posts\/12707\/revisions"}],"predecessor-version":[{"id":12724,"href":"https:\/\/www.jazzzeitung.de\/cms\/wp-json\/wp\/v2\/posts\/12707\/revisions\/12724"}],"wp:attachment":[{"href":"https:\/\/www.jazzzeitung.de\/cms\/wp-json\/wp\/v2\/media?parent=12707"}],"wp:term":[{"taxonomy":"category","embeddable":true,"href":"https:\/\/www.jazzzeitung.de\/cms\/wp-json\/wp\/v2\/categories?post=12707"},{"taxonomy":"post_tag","embeddable":true,"href":"https:\/\/www.jazzzeitung.de\/cms\/wp-json\/wp\/v2\/tags?post=12707"},{"taxonomy":"author","embeddable":true,"href":"https:\/\/www.jazzzeitung.de\/cms\/wp-json\/wp\/v2\/coauthors?post=12707"}],"curies":[{"name":"wp","href":"https:\/\/api.w.org\/{rel}","templated":true}]}}