{"id":12598,"date":"2017-06-09T12:21:19","date_gmt":"2017-06-09T10:21:19","guid":{"rendered":"https:\/\/www.jazzzeitung.de\/cms\/?p=12598"},"modified":"2017-10-15T14:01:20","modified_gmt":"2017-10-15T12:01:20","slug":"muenchen-goes-suedtirol","status":"publish","type":"post","link":"https:\/\/www.jazzzeitung.de\/cms\/2017\/06\/muenchen-goes-suedtirol\/","title":{"rendered":"Nicht nur M\u00fcnchen spielt auf in S\u00fcdtirol"},"content":{"rendered":"<p class=\"Standard1\">Bozen als bew\u00e4hrte B\u00fchne jenseits des Brenner f\u00fcr hiesige Jazzmusiker? Zum S\u00fcdtiroler Abenteuerspielplatz wurde 2011 dort der Waltherplatz f\u00fcr Musikstudenten des U.M.P.A. Jazz Orchestra Munich. Sturmeshalber mussten sie alle W\u00e4scheklammern der Stadt aufkaufen, um ihre Notenbl\u00e4tter auf den Pulten zu halten. F\u00fcr M\u00fcnchner kaum mehr als drei Fahrstunden Richtung S\u00fcden entfernt, liegt das Zentrum eines weitr\u00e4umigen Festivals, das sich Bayerns junger Szene schon seit langem verbunden f\u00fchlt. Vom 100 Kilometer westlich von Bozen gelegenen Sulden am Ortler bis Innichen im \u00e4hnlich fernen Nordosten erstreckt sich das S\u00fcdtirol Jazzfestival mit seinen rund 80 Terminen an 50 Orten. Und diesmal ist es eine in M\u00fcnchner Clubs wie dem \u201eHarry Klein\u201c BIG gewordene BAND, deren mobiler Ableger die meisten Schaupl\u00e4tze zu absolvieren hat. Durch die Zentren von Brixen und Bruneck wird die Jazzrausch Marchingband ziehen, in Meran und Salurn auftreten \u2013 und in Bozen sowieso.<\/p>\n<figure id=\"attachment_4206\" aria-describedby=\"caption-attachment-4206\" style=\"width: 300px\" class=\"wp-caption alignright\"><a href=\"https:\/\/i0.wp.com\/www.jazzzeitung.de\/cms\/wp-content\/uploads\/2014\/07\/006.jpg?ssl=1\"><img data-recalc-dims=\"1\" loading=\"lazy\" decoding=\"async\" data-attachment-id=\"4206\" data-permalink=\"https:\/\/www.jazzzeitung.de\/cms\/2014\/07\/jazz-ist-begegnung-das-32-suedtirol-jazzfestival-zwischen-coax-kollektiv-und-chick-corea\/attachment\/006\/\" data-orig-file=\"https:\/\/i0.wp.com\/www.jazzzeitung.de\/cms\/wp-content\/uploads\/2014\/07\/006.jpg?fit=4256%2C2832&amp;ssl=1\" data-orig-size=\"4256,2832\" data-comments-opened=\"1\" data-image-meta=\"{&quot;aperture&quot;:&quot;3.2&quot;,&quot;credit&quot;:&quot;&quot;,&quot;camera&quot;:&quot;NIKON D700&quot;,&quot;caption&quot;:&quot;&quot;,&quot;created_timestamp&quot;:&quot;1404339365&quot;,&quot;copyright&quot;:&quot;&quot;,&quot;focal_length&quot;:&quot;48&quot;,&quot;iso&quot;:&quot;3200&quot;,&quot;shutter_speed&quot;:&quot;0.01&quot;,&quot;title&quot;:&quot;&quot;}\" data-image-title=\"006\" data-image-description=\"&lt;p&gt;Foto: Susanne van Loon&lt;\/p&gt;\n\" data-image-caption=\"&lt;p&gt;Foto: Susanne van Loon&lt;\/p&gt;\n\" data-large-file=\"https:\/\/i0.wp.com\/www.jazzzeitung.de\/cms\/wp-content\/uploads\/2014\/07\/006.jpg?fit=840%2C558&amp;ssl=1\" class=\"wp-image-4206 size-medium\" src=\"https:\/\/i0.wp.com\/www.jazzzeitung.de\/cms\/wp-content\/uploads\/2014\/07\/006.jpg?resize=300%2C199&#038;ssl=1\" alt=\"\" width=\"300\" height=\"199\" srcset=\"https:\/\/i0.wp.com\/www.jazzzeitung.de\/cms\/wp-content\/uploads\/2014\/07\/006.jpg?resize=300%2C200&amp;ssl=1 300w, https:\/\/i0.wp.com\/www.jazzzeitung.de\/cms\/wp-content\/uploads\/2014\/07\/006.jpg?resize=900%2C598&amp;ssl=1 900w, https:\/\/i0.wp.com\/www.jazzzeitung.de\/cms\/wp-content\/uploads\/2014\/07\/006.jpg?w=1680&amp;ssl=1 1680w, https:\/\/i0.wp.com\/www.jazzzeitung.de\/cms\/wp-content\/uploads\/2014\/07\/006.jpg?w=2520&amp;ssl=1 2520w\" sizes=\"auto, (max-width: 300px) 100vw, 300px\" \/><\/a><figcaption id=\"caption-attachment-4206\" class=\"wp-caption-text\">Foto: Susanne van Loon<\/figcaption><\/figure>\n<p class=\"Standard1\">Marching Bands geh\u00f6ren zum Konzept des Festivalmachers Klaus Widmann. Sie sollen bei Touristen und Einheimischen Neugier wecken auf neun Tage Musik, die nicht zuletzt deshalb finanziell so gro\u00dfz\u00fcgig von der Region unterst\u00fctzt werden, weil Widmann S\u00fcdtirols Image deutlich \u00fcber T\u00f6rgelen und Speckkn\u00f6del hinaus f\u00fchrt. Das erstaunlich \u201eunknappe\u201c Budget n\u00fctzt er f\u00fcr programmatische Abenteuer. Da landet Avantgarde in Dorfwirtschaften und auf Bergh\u00fctten, verirren sich Urlauber bei meist freiem Eintritt in Konzerte, deren Interpreten auf der Suche nach stilistisch schwer verortbarem Neuland sind \u2013 oft schon deswegen, weil eigens f\u00fcrs Festival geplante Projekte sie erstmalig zusammen bringen.<\/p>\n<p class=\"Standard1\">Aber zur\u00fcck zu den M\u00fcnchnern, zu denen das Trio des Pianisten Leo Betzl ebenso z\u00e4hlt wie die Brassband \u201ebuffzack\u201c und ein deutlich schr\u00e4geres Quintett der Theremin-Expertin Verena Marisa aus Starnberg. CL\u00c6NG d\u00fcrfte in der Fu\u00dfg\u00e4ngerzone von Innichen mit Titeln wie \u201eHydrolyse und Oxydation\u201c wie vom Mars angereist wirken. Bayern ist \u00fcbrigens mitnichten Schwerpunkt im 35. Jubil\u00e4umsjahr. Diesmal steht das Trio BeNeLux mit seinem Namen f\u00fcrs zentrale Thema. Neben Pascal Schumacher, der zum Abschluss mit einem Trio von Vibraphonisten (!) eine H\u00fctte in 2154 Meter H\u00f6he am Fu\u00df des Langkofels erobern wird, spielt hier der Gitarrist Reinier Baas, und der ist als \u201eArtist in Residence\u201c vom Er\u00f6ffnungskonzert mit einer surrealistischen Jazzoper bis zur \u201eMix &amp; Match\u201c-Band der holl\u00e4ndischen Freejazzlegende Han Benink vielfach vertreten.<\/p>\n<p class=\"Standard1\">Kein Festival der gro\u00dfen Namen, es geht ums Anstiften innovativer Musik an ungew\u00f6hnlichen Orten: S\u00e4ngerin Leila Martial\u00a0 im Planetarium, \u201eCarate Urio Acoustic\u201c bei den Erdpyramiden an Bozens Hausberg Ritten, das junge \u201eSketchbook Quartett\u201c im Getr\u00e4nkeladen Harpf in Bruneck. Und im Innenhof der Festivalstammkneipe \u201eBatzenh\u00e4usl\u201c ein durchgeknalltes \u201efuturistisches Experiment\u201c aus Br\u00fcssel, ein von Gehirnstr\u00f6men gesteuertes \u201eRitual in Echtzeit\u201c inklusive T\u00e4nzerin und Lichtskulptur. Beruhigend, dass gleich nebenan ein bew\u00e4hrtes dunkles Bier gebraut wird.<\/p>\n<p>Klaus von Seckendorff<\/p>\n","protected":false},"excerpt":{"rendered":"<p>Bozen als bew\u00e4hrte B\u00fchne jenseits des Brenner f\u00fcr hiesige Jazzmusiker? Zum S\u00fcdtiroler Abenteuerspielplatz wurde 2011 dort der Waltherplatz f\u00fcr Musikstudenten des U.M.P.A. Jazz Orchestra Munich. Sturmeshalber mussten sie alle W\u00e4scheklammern der Stadt aufkaufen, um ihre Notenbl\u00e4tter auf den Pulten zu halten. F\u00fcr M\u00fcnchner kaum mehr als drei Fahrstunden Richtung S\u00fcden entfernt, liegt das Zentrum eines weitr\u00e4umigen Festivals, das sich Bayerns junger Szene schon seit langem verbunden f\u00fchlt. Vom 100 Kilometer westlich von Bozen gelegenen Sulden am Ortler bis Innichen im \u00e4hnlich fernen Nordosten erstreckt sich das S\u00fcdtirol Jazzfestival mit seinen rund 80 Terminen an 50 Orten. Und diesmal ist es eine in M\u00fcnchner Clubs wie dem \u201eHarry Klein\u201c BIG gewordene BAND, deren mobiler Ableger die meisten Schaupl\u00e4tze zu absolvieren hat. Durch die Zentren von Brixen und Bruneck wird die Jazzrausch Marchingband ziehen, in Meran und Salurn auftreten \u2013 und in Bozen sowieso. Marching Bands geh\u00f6ren zum Konzept des Festivalmachers Klaus Widmann. Sie sollen bei Touristen und Einheimischen Neugier wecken auf neun Tage Musik, die nicht zuletzt deshalb finanziell so gro\u00dfz\u00fcgig von der Region unterst\u00fctzt werden, weil Widmann S\u00fcdtirols Image deutlich \u00fcber T\u00f6rgelen und Speckkn\u00f6del hinaus &hellip;<\/p>\n","protected":false},"author":18,"featured_media":4206,"comment_status":"open","ping_status":"closed","sticky":false,"template":"","format":"standard","meta":{"_jetpack_memberships_contains_paid_content":false,"footnotes":"","jetpack_publicize_message":"","jetpack_publicize_feature_enabled":true,"jetpack_social_post_already_shared":false,"jetpack_social_options":{"image_generator_settings":{"template":"highway","default_image_id":0,"font":"","enabled":false},"version":2}},"categories":[1063],"tags":[1798,1392,1319,1192,3,682,918,281,323,1306,401,435,1391,1009,1356],"coauthors":[695],"class_list":["post-12598","post","type-post","status-publish","format-standard","has-post-thumbnail","hentry","category-portrait","tag-bayern","tag-benelux","tag-betzl","tag-clubs","tag-festival","tag-festivals","tag-jazzfestival","tag-jazzmusiker","tag-konzerte","tag-leo-betzl","tag-muenchen","tag-pascal-schumacher","tag-suedtirol","tag-suedtirol-jazzfestival","tag-trio"],"yoast_head":"<!-- This site is optimized with the Yoast SEO plugin v27.5 - https:\/\/yoast.com\/product\/yoast-seo-wordpress\/ -->\n<title>Nicht nur M\u00fcnchen spielt auf in S\u00fcdtirol - JazzZeitung<\/title>\n<meta name=\"robots\" content=\"index, follow, max-snippet:-1, max-image-preview:large, max-video-preview:-1\" \/>\n<link rel=\"canonical\" href=\"https:\/\/www.jazzzeitung.de\/cms\/2017\/06\/muenchen-goes-suedtirol\/\" \/>\n<meta property=\"og:locale\" content=\"de_DE\" \/>\n<meta property=\"og:type\" content=\"article\" \/>\n<meta property=\"og:title\" content=\"Nicht nur M\u00fcnchen spielt auf in S\u00fcdtirol - JazzZeitung\" \/>\n<meta property=\"og:description\" content=\"Bozen als bew\u00e4hrte B\u00fchne jenseits des Brenner f\u00fcr hiesige Jazzmusiker? Zum S\u00fcdtiroler Abenteuerspielplatz wurde 2011 dort der Waltherplatz f\u00fcr Musikstudenten des U.M.P.A. Jazz Orchestra Munich. Sturmeshalber mussten sie alle W\u00e4scheklammern der Stadt aufkaufen, um ihre Notenbl\u00e4tter auf den Pulten zu halten. F\u00fcr M\u00fcnchner kaum mehr als drei Fahrstunden Richtung S\u00fcden entfernt, liegt das Zentrum eines weitr\u00e4umigen Festivals, das sich Bayerns junger Szene schon seit langem verbunden f\u00fchlt. Vom 100 Kilometer westlich von Bozen gelegenen Sulden am Ortler bis Innichen im \u00e4hnlich fernen Nordosten erstreckt sich das S\u00fcdtirol Jazzfestival mit seinen rund 80 Terminen an 50 Orten. Und diesmal ist es eine in M\u00fcnchner Clubs wie dem \u201eHarry Klein\u201c BIG gewordene BAND, deren mobiler Ableger die meisten Schaupl\u00e4tze zu absolvieren hat. Durch die Zentren von Brixen und Bruneck wird die Jazzrausch Marchingband ziehen, in Meran und Salurn auftreten \u2013 und in Bozen sowieso. Marching Bands geh\u00f6ren zum Konzept des Festivalmachers Klaus Widmann. Sie sollen bei Touristen und Einheimischen Neugier wecken auf neun Tage Musik, die nicht zuletzt deshalb finanziell so gro\u00dfz\u00fcgig von der Region unterst\u00fctzt werden, weil Widmann S\u00fcdtirols Image deutlich \u00fcber T\u00f6rgelen und Speckkn\u00f6del hinaus &hellip;\" \/>\n<meta property=\"og:url\" content=\"https:\/\/www.jazzzeitung.de\/cms\/2017\/06\/muenchen-goes-suedtirol\/\" \/>\n<meta property=\"og:site_name\" content=\"JazzZeitung\" \/>\n<meta property=\"article:publisher\" content=\"https:\/\/www.facebook.com\/JazzZeitung\/\" \/>\n<meta property=\"article:published_time\" content=\"2017-06-09T10:21:19+00:00\" \/>\n<meta property=\"article:modified_time\" content=\"2017-10-15T12:01:20+00:00\" \/>\n<meta property=\"og:image\" content=\"https:\/\/i0.wp.com\/www.jazzzeitung.de\/cms\/wp-content\/uploads\/2014\/07\/006.jpg?fit=4256%2C2832&ssl=1\" \/>\n\t<meta property=\"og:image:width\" content=\"4256\" \/>\n\t<meta property=\"og:image:height\" content=\"2832\" \/>\n\t<meta property=\"og:image:type\" content=\"image\/jpeg\" \/>\n<meta name=\"author\" content=\"Redaktion JazzZeitung\" \/>\n<script type=\"application\/ld+json\" class=\"yoast-schema-graph\">{\"@context\":\"https:\\\/\\\/schema.org\",\"@graph\":[{\"@type\":\"Article\",\"@id\":\"https:\\\/\\\/www.jazzzeitung.de\\\/cms\\\/2017\\\/06\\\/muenchen-goes-suedtirol\\\/#article\",\"isPartOf\":{\"@id\":\"https:\\\/\\\/www.jazzzeitung.de\\\/cms\\\/2017\\\/06\\\/muenchen-goes-suedtirol\\\/\"},\"author\":{\"name\":\"Redaktion JazzZeitung\",\"@id\":\"https:\\\/\\\/www.jazzzeitung.de\\\/cms\\\/#\\\/schema\\\/person\\\/2245b36b9cd1d24cea10f01c031fb92b\"},\"headline\":\"Nicht nur M\u00fcnchen spielt auf in S\u00fcdtirol\",\"datePublished\":\"2017-06-09T10:21:19+00:00\",\"dateModified\":\"2017-10-15T12:01:20+00:00\",\"mainEntityOfPage\":{\"@id\":\"https:\\\/\\\/www.jazzzeitung.de\\\/cms\\\/2017\\\/06\\\/muenchen-goes-suedtirol\\\/\"},\"wordCount\":498,\"commentCount\":0,\"publisher\":{\"@id\":\"https:\\\/\\\/www.jazzzeitung.de\\\/cms\\\/#organization\"},\"image\":{\"@id\":\"https:\\\/\\\/www.jazzzeitung.de\\\/cms\\\/2017\\\/06\\\/muenchen-goes-suedtirol\\\/#primaryimage\"},\"thumbnailUrl\":\"https:\\\/\\\/i0.wp.com\\\/www.jazzzeitung.de\\\/cms\\\/wp-content\\\/uploads\\\/2014\\\/07\\\/006.jpg?fit=4256%2C2832&ssl=1\",\"keywords\":[\"Bayern\",\"Benelux\",\"betzl\",\"Clubs\",\"Festival\",\"Festivals\",\"Jazzfestival\",\"Jazzmusiker\",\"Konzerte\",\"Leo Betzl\",\"M\u00fcnchen\",\"Pascal Schumacher\",\"S\u00fcdtirol\",\"S\u00fcdtirol Jazzfestival\",\"trio\"],\"articleSection\":[\"Portrait\"],\"inLanguage\":\"de\",\"potentialAction\":[{\"@type\":\"CommentAction\",\"name\":\"Comment\",\"target\":[\"https:\\\/\\\/www.jazzzeitung.de\\\/cms\\\/2017\\\/06\\\/muenchen-goes-suedtirol\\\/#respond\"]}]},{\"@type\":\"WebPage\",\"@id\":\"https:\\\/\\\/www.jazzzeitung.de\\\/cms\\\/2017\\\/06\\\/muenchen-goes-suedtirol\\\/\",\"url\":\"https:\\\/\\\/www.jazzzeitung.de\\\/cms\\\/2017\\\/06\\\/muenchen-goes-suedtirol\\\/\",\"name\":\"Nicht nur M\u00fcnchen spielt auf in S\u00fcdtirol - JazzZeitung\",\"isPartOf\":{\"@id\":\"https:\\\/\\\/www.jazzzeitung.de\\\/cms\\\/#website\"},\"primaryImageOfPage\":{\"@id\":\"https:\\\/\\\/www.jazzzeitung.de\\\/cms\\\/2017\\\/06\\\/muenchen-goes-suedtirol\\\/#primaryimage\"},\"image\":{\"@id\":\"https:\\\/\\\/www.jazzzeitung.de\\\/cms\\\/2017\\\/06\\\/muenchen-goes-suedtirol\\\/#primaryimage\"},\"thumbnailUrl\":\"https:\\\/\\\/i0.wp.com\\\/www.jazzzeitung.de\\\/cms\\\/wp-content\\\/uploads\\\/2014\\\/07\\\/006.jpg?fit=4256%2C2832&ssl=1\",\"datePublished\":\"2017-06-09T10:21:19+00:00\",\"dateModified\":\"2017-10-15T12:01:20+00:00\",\"breadcrumb\":{\"@id\":\"https:\\\/\\\/www.jazzzeitung.de\\\/cms\\\/2017\\\/06\\\/muenchen-goes-suedtirol\\\/#breadcrumb\"},\"inLanguage\":\"de\",\"potentialAction\":[{\"@type\":\"ReadAction\",\"target\":[\"https:\\\/\\\/www.jazzzeitung.de\\\/cms\\\/2017\\\/06\\\/muenchen-goes-suedtirol\\\/\"]}]},{\"@type\":\"ImageObject\",\"inLanguage\":\"de\",\"@id\":\"https:\\\/\\\/www.jazzzeitung.de\\\/cms\\\/2017\\\/06\\\/muenchen-goes-suedtirol\\\/#primaryimage\",\"url\":\"https:\\\/\\\/i0.wp.com\\\/www.jazzzeitung.de\\\/cms\\\/wp-content\\\/uploads\\\/2014\\\/07\\\/006.jpg?fit=4256%2C2832&ssl=1\",\"contentUrl\":\"https:\\\/\\\/i0.wp.com\\\/www.jazzzeitung.de\\\/cms\\\/wp-content\\\/uploads\\\/2014\\\/07\\\/006.jpg?fit=4256%2C2832&ssl=1\",\"width\":4256,\"height\":2832,\"caption\":\"Foto: Susanne van Loon\"},{\"@type\":\"BreadcrumbList\",\"@id\":\"https:\\\/\\\/www.jazzzeitung.de\\\/cms\\\/2017\\\/06\\\/muenchen-goes-suedtirol\\\/#breadcrumb\",\"itemListElement\":[{\"@type\":\"ListItem\",\"position\":1,\"name\":\"Startseite\",\"item\":\"https:\\\/\\\/www.jazzzeitung.de\\\/cms\\\/\"},{\"@type\":\"ListItem\",\"position\":2,\"name\":\"Nicht nur M\u00fcnchen spielt auf in S\u00fcdtirol\"}]},{\"@type\":\"WebSite\",\"@id\":\"https:\\\/\\\/www.jazzzeitung.de\\\/cms\\\/#website\",\"url\":\"https:\\\/\\\/www.jazzzeitung.de\\\/cms\\\/\",\"name\":\"JazzZeitung\",\"description\":\"Jazz-News und Jazz-Kontroverses\",\"publisher\":{\"@id\":\"https:\\\/\\\/www.jazzzeitung.de\\\/cms\\\/#organization\"},\"potentialAction\":[{\"@type\":\"SearchAction\",\"target\":{\"@type\":\"EntryPoint\",\"urlTemplate\":\"https:\\\/\\\/www.jazzzeitung.de\\\/cms\\\/?s={search_term_string}\"},\"query-input\":{\"@type\":\"PropertyValueSpecification\",\"valueRequired\":true,\"valueName\":\"search_term_string\"}}],\"inLanguage\":\"de\"},{\"@type\":\"Organization\",\"@id\":\"https:\\\/\\\/www.jazzzeitung.de\\\/cms\\\/#organization\",\"name\":\"JazzZeitung online\",\"url\":\"https:\\\/\\\/www.jazzzeitung.de\\\/cms\\\/\",\"logo\":{\"@type\":\"ImageObject\",\"inLanguage\":\"de\",\"@id\":\"https:\\\/\\\/www.jazzzeitung.de\\\/cms\\\/#\\\/schema\\\/logo\\\/image\\\/\",\"url\":\"https:\\\/\\\/i0.wp.com\\\/www.jazzzeitung.de\\\/cms\\\/wp-content\\\/uploads\\\/2015\\\/08\\\/JAZZZEITUNGDE_Logo_Neu.png?fit=499%2C200&ssl=1\",\"contentUrl\":\"https:\\\/\\\/i0.wp.com\\\/www.jazzzeitung.de\\\/cms\\\/wp-content\\\/uploads\\\/2015\\\/08\\\/JAZZZEITUNGDE_Logo_Neu.png?fit=499%2C200&ssl=1\",\"width\":499,\"height\":200,\"caption\":\"JazzZeitung online\"},\"image\":{\"@id\":\"https:\\\/\\\/www.jazzzeitung.de\\\/cms\\\/#\\\/schema\\\/logo\\\/image\\\/\"},\"sameAs\":[\"https:\\\/\\\/www.facebook.com\\\/JazzZeitung\\\/\"]},{\"@type\":\"Person\",\"@id\":\"https:\\\/\\\/www.jazzzeitung.de\\\/cms\\\/#\\\/schema\\\/person\\\/2245b36b9cd1d24cea10f01c031fb92b\",\"name\":\"Redaktion JazzZeitung\",\"image\":{\"@type\":\"ImageObject\",\"inLanguage\":\"de\",\"@id\":\"https:\\\/\\\/i0.wp.com\\\/www.jazzzeitung.de\\\/cms\\\/wp-content\\\/uploads\\\/2015\\\/08\\\/JAZZZEITUNGDE_Logo_Neu.png?resize=96%2C96&ssl=159975dcacb611b5700bd619b5daf0a7a\",\"url\":\"https:\\\/\\\/i0.wp.com\\\/www.jazzzeitung.de\\\/cms\\\/wp-content\\\/uploads\\\/2015\\\/08\\\/JAZZZEITUNGDE_Logo_Neu.png?resize=96%2C96&ssl=1\",\"contentUrl\":\"https:\\\/\\\/i0.wp.com\\\/www.jazzzeitung.de\\\/cms\\\/wp-content\\\/uploads\\\/2015\\\/08\\\/JAZZZEITUNGDE_Logo_Neu.png?resize=96%2C96&ssl=1\",\"caption\":\"Redaktion JazzZeitung\"},\"description\":\"Artikel der Redaktion der JazzZeitung.\",\"sameAs\":[\"http:\\\/\\\/www.jazzzeitung.de\\\/cms\\\/\"],\"url\":\"https:\\\/\\\/www.jazzzeitung.de\\\/cms\\\/author\\\/redaktion\\\/\"}]}<\/script>\n<!-- \/ Yoast SEO plugin. -->","yoast_head_json":{"title":"Nicht nur M\u00fcnchen spielt auf in S\u00fcdtirol - JazzZeitung","robots":{"index":"index","follow":"follow","max-snippet":"max-snippet:-1","max-image-preview":"max-image-preview:large","max-video-preview":"max-video-preview:-1"},"canonical":"https:\/\/www.jazzzeitung.de\/cms\/2017\/06\/muenchen-goes-suedtirol\/","og_locale":"de_DE","og_type":"article","og_title":"Nicht nur M\u00fcnchen spielt auf in S\u00fcdtirol - JazzZeitung","og_description":"Bozen als bew\u00e4hrte B\u00fchne jenseits des Brenner f\u00fcr hiesige Jazzmusiker? Zum S\u00fcdtiroler Abenteuerspielplatz wurde 2011 dort der Waltherplatz f\u00fcr Musikstudenten des U.M.P.A. Jazz Orchestra Munich. Sturmeshalber mussten sie alle W\u00e4scheklammern der Stadt aufkaufen, um ihre Notenbl\u00e4tter auf den Pulten zu halten. F\u00fcr M\u00fcnchner kaum mehr als drei Fahrstunden Richtung S\u00fcden entfernt, liegt das Zentrum eines weitr\u00e4umigen Festivals, das sich Bayerns junger Szene schon seit langem verbunden f\u00fchlt. Vom 100 Kilometer westlich von Bozen gelegenen Sulden am Ortler bis Innichen im \u00e4hnlich fernen Nordosten erstreckt sich das S\u00fcdtirol Jazzfestival mit seinen rund 80 Terminen an 50 Orten. Und diesmal ist es eine in M\u00fcnchner Clubs wie dem \u201eHarry Klein\u201c BIG gewordene BAND, deren mobiler Ableger die meisten Schaupl\u00e4tze zu absolvieren hat. Durch die Zentren von Brixen und Bruneck wird die Jazzrausch Marchingband ziehen, in Meran und Salurn auftreten \u2013 und in Bozen sowieso. Marching Bands geh\u00f6ren zum Konzept des Festivalmachers Klaus Widmann. Sie sollen bei Touristen und Einheimischen Neugier wecken auf neun Tage Musik, die nicht zuletzt deshalb finanziell so gro\u00dfz\u00fcgig von der Region unterst\u00fctzt werden, weil Widmann S\u00fcdtirols Image deutlich \u00fcber T\u00f6rgelen und Speckkn\u00f6del hinaus &hellip;","og_url":"https:\/\/www.jazzzeitung.de\/cms\/2017\/06\/muenchen-goes-suedtirol\/","og_site_name":"JazzZeitung","article_publisher":"https:\/\/www.facebook.com\/JazzZeitung\/","article_published_time":"2017-06-09T10:21:19+00:00","article_modified_time":"2017-10-15T12:01:20+00:00","og_image":[{"width":4256,"height":2832,"url":"https:\/\/i0.wp.com\/www.jazzzeitung.de\/cms\/wp-content\/uploads\/2014\/07\/006.jpg?fit=4256%2C2832&ssl=1","type":"image\/jpeg"}],"author":"Redaktion JazzZeitung","schema":{"@context":"https:\/\/schema.org","@graph":[{"@type":"Article","@id":"https:\/\/www.jazzzeitung.de\/cms\/2017\/06\/muenchen-goes-suedtirol\/#article","isPartOf":{"@id":"https:\/\/www.jazzzeitung.de\/cms\/2017\/06\/muenchen-goes-suedtirol\/"},"author":{"name":"Redaktion JazzZeitung","@id":"https:\/\/www.jazzzeitung.de\/cms\/#\/schema\/person\/2245b36b9cd1d24cea10f01c031fb92b"},"headline":"Nicht nur M\u00fcnchen spielt auf in S\u00fcdtirol","datePublished":"2017-06-09T10:21:19+00:00","dateModified":"2017-10-15T12:01:20+00:00","mainEntityOfPage":{"@id":"https:\/\/www.jazzzeitung.de\/cms\/2017\/06\/muenchen-goes-suedtirol\/"},"wordCount":498,"commentCount":0,"publisher":{"@id":"https:\/\/www.jazzzeitung.de\/cms\/#organization"},"image":{"@id":"https:\/\/www.jazzzeitung.de\/cms\/2017\/06\/muenchen-goes-suedtirol\/#primaryimage"},"thumbnailUrl":"https:\/\/i0.wp.com\/www.jazzzeitung.de\/cms\/wp-content\/uploads\/2014\/07\/006.jpg?fit=4256%2C2832&ssl=1","keywords":["Bayern","Benelux","betzl","Clubs","Festival","Festivals","Jazzfestival","Jazzmusiker","Konzerte","Leo Betzl","M\u00fcnchen","Pascal Schumacher","S\u00fcdtirol","S\u00fcdtirol Jazzfestival","trio"],"articleSection":["Portrait"],"inLanguage":"de","potentialAction":[{"@type":"CommentAction","name":"Comment","target":["https:\/\/www.jazzzeitung.de\/cms\/2017\/06\/muenchen-goes-suedtirol\/#respond"]}]},{"@type":"WebPage","@id":"https:\/\/www.jazzzeitung.de\/cms\/2017\/06\/muenchen-goes-suedtirol\/","url":"https:\/\/www.jazzzeitung.de\/cms\/2017\/06\/muenchen-goes-suedtirol\/","name":"Nicht nur M\u00fcnchen spielt auf in S\u00fcdtirol - JazzZeitung","isPartOf":{"@id":"https:\/\/www.jazzzeitung.de\/cms\/#website"},"primaryImageOfPage":{"@id":"https:\/\/www.jazzzeitung.de\/cms\/2017\/06\/muenchen-goes-suedtirol\/#primaryimage"},"image":{"@id":"https:\/\/www.jazzzeitung.de\/cms\/2017\/06\/muenchen-goes-suedtirol\/#primaryimage"},"thumbnailUrl":"https:\/\/i0.wp.com\/www.jazzzeitung.de\/cms\/wp-content\/uploads\/2014\/07\/006.jpg?fit=4256%2C2832&ssl=1","datePublished":"2017-06-09T10:21:19+00:00","dateModified":"2017-10-15T12:01:20+00:00","breadcrumb":{"@id":"https:\/\/www.jazzzeitung.de\/cms\/2017\/06\/muenchen-goes-suedtirol\/#breadcrumb"},"inLanguage":"de","potentialAction":[{"@type":"ReadAction","target":["https:\/\/www.jazzzeitung.de\/cms\/2017\/06\/muenchen-goes-suedtirol\/"]}]},{"@type":"ImageObject","inLanguage":"de","@id":"https:\/\/www.jazzzeitung.de\/cms\/2017\/06\/muenchen-goes-suedtirol\/#primaryimage","url":"https:\/\/i0.wp.com\/www.jazzzeitung.de\/cms\/wp-content\/uploads\/2014\/07\/006.jpg?fit=4256%2C2832&ssl=1","contentUrl":"https:\/\/i0.wp.com\/www.jazzzeitung.de\/cms\/wp-content\/uploads\/2014\/07\/006.jpg?fit=4256%2C2832&ssl=1","width":4256,"height":2832,"caption":"Foto: Susanne van Loon"},{"@type":"BreadcrumbList","@id":"https:\/\/www.jazzzeitung.de\/cms\/2017\/06\/muenchen-goes-suedtirol\/#breadcrumb","itemListElement":[{"@type":"ListItem","position":1,"name":"Startseite","item":"https:\/\/www.jazzzeitung.de\/cms\/"},{"@type":"ListItem","position":2,"name":"Nicht nur M\u00fcnchen spielt auf in S\u00fcdtirol"}]},{"@type":"WebSite","@id":"https:\/\/www.jazzzeitung.de\/cms\/#website","url":"https:\/\/www.jazzzeitung.de\/cms\/","name":"JazzZeitung","description":"Jazz-News und Jazz-Kontroverses","publisher":{"@id":"https:\/\/www.jazzzeitung.de\/cms\/#organization"},"potentialAction":[{"@type":"SearchAction","target":{"@type":"EntryPoint","urlTemplate":"https:\/\/www.jazzzeitung.de\/cms\/?s={search_term_string}"},"query-input":{"@type":"PropertyValueSpecification","valueRequired":true,"valueName":"search_term_string"}}],"inLanguage":"de"},{"@type":"Organization","@id":"https:\/\/www.jazzzeitung.de\/cms\/#organization","name":"JazzZeitung online","url":"https:\/\/www.jazzzeitung.de\/cms\/","logo":{"@type":"ImageObject","inLanguage":"de","@id":"https:\/\/www.jazzzeitung.de\/cms\/#\/schema\/logo\/image\/","url":"https:\/\/i0.wp.com\/www.jazzzeitung.de\/cms\/wp-content\/uploads\/2015\/08\/JAZZZEITUNGDE_Logo_Neu.png?fit=499%2C200&ssl=1","contentUrl":"https:\/\/i0.wp.com\/www.jazzzeitung.de\/cms\/wp-content\/uploads\/2015\/08\/JAZZZEITUNGDE_Logo_Neu.png?fit=499%2C200&ssl=1","width":499,"height":200,"caption":"JazzZeitung online"},"image":{"@id":"https:\/\/www.jazzzeitung.de\/cms\/#\/schema\/logo\/image\/"},"sameAs":["https:\/\/www.facebook.com\/JazzZeitung\/"]},{"@type":"Person","@id":"https:\/\/www.jazzzeitung.de\/cms\/#\/schema\/person\/2245b36b9cd1d24cea10f01c031fb92b","name":"Redaktion JazzZeitung","image":{"@type":"ImageObject","inLanguage":"de","@id":"https:\/\/i0.wp.com\/www.jazzzeitung.de\/cms\/wp-content\/uploads\/2015\/08\/JAZZZEITUNGDE_Logo_Neu.png?resize=96%2C96&ssl=159975dcacb611b5700bd619b5daf0a7a","url":"https:\/\/i0.wp.com\/www.jazzzeitung.de\/cms\/wp-content\/uploads\/2015\/08\/JAZZZEITUNGDE_Logo_Neu.png?resize=96%2C96&ssl=1","contentUrl":"https:\/\/i0.wp.com\/www.jazzzeitung.de\/cms\/wp-content\/uploads\/2015\/08\/JAZZZEITUNGDE_Logo_Neu.png?resize=96%2C96&ssl=1","caption":"Redaktion JazzZeitung"},"description":"Artikel der Redaktion der JazzZeitung.","sameAs":["http:\/\/www.jazzzeitung.de\/cms\/"],"url":"https:\/\/www.jazzzeitung.de\/cms\/author\/redaktion\/"}]}},"wp-worthy-pixel":{"ignored":false,"public":null,"server":null,"url":null},"wp-worthy-type":"normal","jetpack_publicize_connections":[],"cc_featured_image_caption":{"caption_text":false,"source_text":false,"source_url":false},"jetpack_featured_media_url":"https:\/\/i0.wp.com\/www.jazzzeitung.de\/cms\/wp-content\/uploads\/2014\/07\/006.jpg?fit=4256%2C2832&ssl=1","jetpack_shortlink":"https:\/\/wp.me\/p3KEcT-3hc","jetpack-related-posts":[{"id":11947,"url":"https:\/\/www.jazzzeitung.de\/cms\/2017\/03\/11947\/","url_meta":{"origin":12598,"position":0},"title":"35 Jahre S\u00fcdtirol Jazzfestival Alto Adige: Start in vier Monaten","author":"Redaktion JazzZeitung","date":"19. M\u00e4rz 2017","format":false,"excerpt":"Musik zu Berge und im Tal, auf sch\u00f6nen Pl\u00e4tzen und an besonderen Orten in ganz S\u00fcdtirol, und das ganze 10 Tage lang: In knapp vier Monaten, am 30. Juni, f\u00e4llt der Startschuss f\u00fcr das S\u00fcdtirol Jazzfestival Alto Adige 2017. Zum diesj\u00e4hrigen 35-j\u00e4hrigen Jubil\u00e4um f\u00fchrt der L\u00e4nderschwerpunkt in die Benelux-Staaten \u2013\u2026","rel":"","context":"In &quot;News&quot;","block_context":{"text":"News","link":"https:\/\/www.jazzzeitung.de\/cms\/thema\/nachrichten\/"},"img":{"alt_text":"","src":"https:\/\/i0.wp.com\/www.jazzzeitung.de\/cms\/wp-content\/uploads\/2017\/03\/IMG_7299-150x150.jpg?resize=350%2C200","width":350,"height":200},"classes":[]},{"id":3508,"url":"https:\/\/www.jazzzeitung.de\/cms\/2014\/02\/suedtirol-jazzfestival-alto-adige-2014-mit-chickcorea\/","url_meta":{"origin":12598,"position":1},"title":"S\u00fcdtirol Jazzfestival Alto Adige 2014 \u2013 mit ChickCorea","author":"Redaktion JazzZeitung","date":"21. Februar 2014","format":false,"excerpt":"Vom Freitag, den 27. Juni bis Sonntag, 6. Juli 2014 wird in S\u00fcdtirol wieder der Jazz dominieren. Zum 32. Mal in Folge findet in diesem Jahr das beliebte S\u00fcdtirol Jazz Festival Alto Adige statt.\u00a0 So unterschiedlich wie die Musik der auftretenden K\u00fcnstler sind auch in jedem Jahr die Austragungsorte der\u2026","rel":"","context":"In &quot;News&quot;","block_context":{"text":"News","link":"https:\/\/www.jazzzeitung.de\/cms\/thema\/nachrichten\/"},"img":{"alt_text":"S\u00fcdtiroler Jazzfestival Alto Adige","src":"https:\/\/i0.wp.com\/www.jazzzeitung.de\/cms\/wp-content\/uploads\/2014\/02\/Jazz-Design-2014-2-150x150.jpg?resize=350%2C200","width":350,"height":200},"classes":[]},{"id":29703,"url":"https:\/\/www.jazzzeitung.de\/cms\/2023\/07\/das-suedtirol-jazzfestival-alto-adige-hat-begonnen\/","url_meta":{"origin":12598,"position":2},"title":"Vielfalt pur \u2013 das S\u00fcdtirol Jazzfestival Alto Adige hat begonnen","author":"Andreas Kolb","date":"4. Juli 2023","format":false,"excerpt":"Seit Jahrhunderten gibt es viele Gr\u00fcnde f\u00fcr einen Deutschen, die Alpen zu \u00fcberqueren. Seit 2004 einen weiteren: Das Jazzfestival S\u00fcdtirol Alto Adige. In diesem Jahr hatte der praktische Arzt, Bergsteiger und Gitarrenmusik- und Jazz-Liebhaber Klaus Widmann das S\u00fcdtirol Jazzfestival von Gr\u00fcnder Nicola Ciardi \u00fcbernommen und machte es \u00fcber die Jahre\u2026","rel":"","context":"In &quot;Bericht&quot;","block_context":{"text":"Bericht","link":"https:\/\/www.jazzzeitung.de\/cms\/thema\/bericht\/"},"img":{"alt_text":"","src":"https:\/\/i0.wp.com\/www.jazzzeitung.de\/cms\/wp-content\/uploads\/2023\/07\/Altoadige-Jazz-2023La-Litanie-des-Cimes.jpg?fit=1200%2C800&ssl=1&resize=350%2C200","width":350,"height":200,"srcset":"https:\/\/i0.wp.com\/www.jazzzeitung.de\/cms\/wp-content\/uploads\/2023\/07\/Altoadige-Jazz-2023La-Litanie-des-Cimes.jpg?fit=1200%2C800&ssl=1&resize=350%2C200 1x, https:\/\/i0.wp.com\/www.jazzzeitung.de\/cms\/wp-content\/uploads\/2023\/07\/Altoadige-Jazz-2023La-Litanie-des-Cimes.jpg?fit=1200%2C800&ssl=1&resize=525%2C300 1.5x, https:\/\/i0.wp.com\/www.jazzzeitung.de\/cms\/wp-content\/uploads\/2023\/07\/Altoadige-Jazz-2023La-Litanie-des-Cimes.jpg?fit=1200%2C800&ssl=1&resize=700%2C400 2x, https:\/\/i0.wp.com\/www.jazzzeitung.de\/cms\/wp-content\/uploads\/2023\/07\/Altoadige-Jazz-2023La-Litanie-des-Cimes.jpg?fit=1200%2C800&ssl=1&resize=1050%2C600 3x"},"classes":[]},{"id":12472,"url":"https:\/\/www.jazzzeitung.de\/cms\/2017\/05\/klaus-widmann-zur-neuen-ausgabe-des-suedtirol-jazzfestival-alto-adige\/","url_meta":{"origin":12598,"position":3},"title":"Klaus Widmann zur neuen Ausgabe des S\u00fcdtirol Jazzfestival Alto Adige","author":"Redaktion JazzZeitung","date":"25. Mai 2017","format":false,"excerpt":"Das S\u00fcdtirol Jazzfestival Alto Adige steht vor der T\u00fcr. Vom 30. Juni bis 9. Juli erklingt nicht nur Bozen, sondern die gesamte Region zwischen 262 und 2.000 Meter \u00fcber dem Meerespiegel. Andreas Kolb sprach mit dem k\u00fcnstlerischen Leiter Klaus Widmann \u00fcber die Musiker, die Spielorte und die Eigenproduktionen der Ausgabe\u2026","rel":"","context":"In &quot;Bericht&quot;","block_context":{"text":"Bericht","link":"https:\/\/www.jazzzeitung.de\/cms\/thema\/bericht\/"},"img":{"alt_text":"","src":"https:\/\/i0.wp.com\/www.jazzzeitung.de\/cms\/wp-content\/uploads\/2017\/05\/Widmann-Interview-dombr.jpg?resize=350%2C200&ssl=1","width":350,"height":200,"srcset":"https:\/\/i0.wp.com\/www.jazzzeitung.de\/cms\/wp-content\/uploads\/2017\/05\/Widmann-Interview-dombr.jpg?resize=350%2C200&ssl=1 1x, https:\/\/i0.wp.com\/www.jazzzeitung.de\/cms\/wp-content\/uploads\/2017\/05\/Widmann-Interview-dombr.jpg?resize=525%2C300&ssl=1 1.5x, https:\/\/i0.wp.com\/www.jazzzeitung.de\/cms\/wp-content\/uploads\/2017\/05\/Widmann-Interview-dombr.jpg?resize=700%2C400&ssl=1 2x, https:\/\/i0.wp.com\/www.jazzzeitung.de\/cms\/wp-content\/uploads\/2017\/05\/Widmann-Interview-dombr.jpg?resize=1050%2C600&ssl=1 3x"},"classes":[]},{"id":18138,"url":"https:\/\/www.jazzzeitung.de\/cms\/2018\/12\/winterjazz-suedtirol-jazzfestival-stellt-im-dezember-junge-bands-vor\/","url_meta":{"origin":12598,"position":4},"title":"Winterjazz &#8211; S\u00fcdtirol Jazzfestival stellt im Dezember junge Bands vor","author":"Redaktion JazzZeitung","date":"14. Dezember 2018","format":false,"excerpt":"Ein \u201ekleines\u201c Jazzfestival \u2013 mitten im Winter: Am 19. und 20. Dezember l\u00e4dt das S\u00fcdtirol Jazzfestival im Sudwerk des Batzenh\u00e4usl in Bozen zum ersten Mal zu Winterjazz ein. Auf dem Gabentisch liegen \u2013 nur wenige Tage vor dem Weihnachtsfest \u2013 junge Bands, die in der EUREGIO Jazzwerkstatt entstanden sind, das\u2026","rel":"","context":"In &quot;News&quot;","block_context":{"text":"News","link":"https:\/\/www.jazzzeitung.de\/cms\/thema\/nachrichten\/"},"img":{"alt_text":"","src":"https:\/\/i0.wp.com\/www.jazzzeitung.de\/cms\/wp-content\/uploads\/2018\/12\/1-c-Reza-Khota-300x200.jpg?resize=350%2C200&ssl=1","width":350,"height":200},"classes":[]},{"id":15379,"url":"https:\/\/www.jazzzeitung.de\/cms\/2018\/03\/newssuedtirol-jazzfestival-2018junger-muenchner-jazzpreis-2018\/","url_meta":{"origin":12598,"position":5},"title":"+++News+++Axel Zwingenberger und Martin Schmitt auf der Piano-B\u00fchne+++S\u00fcdtirol Jazzfestival 2018+++Junger M\u00fcnchner Jazzpreis 2018+++","author":"Redaktion JazzZeitung","date":"24. M\u00e4rz 2018","format":false,"excerpt":"+++Axel Zwingenberger und Martin Schmitt auf der Piano-B\u00fchne+++ Am Freitag, den 4. Mai 2018 ist auf der Piano-B\u00fchne Kleinhenz ein ganz besonderes Programm geboten. Deutschlands namhaftester Blues & Boogie-Pianist, Axel Zwingenberger, zeigt zusammen mit dem bayerischen Piano-Entertainer Martin Schmitt Blues und Boogie & Woogie Piano-Unterhaltung auf zwei Konzert-Fl\u00fcgeln: ein Steinway\u2026","rel":"","context":"In &quot;News&quot;","block_context":{"text":"News","link":"https:\/\/www.jazzzeitung.de\/cms\/thema\/nachrichten\/"},"img":{"alt_text":"","src":"https:\/\/i0.wp.com\/www.jazzzeitung.de\/cms\/wp-content\/uploads\/2018\/03\/3.jpg?fit=1200%2C800&ssl=1&resize=350%2C200","width":350,"height":200,"srcset":"https:\/\/i0.wp.com\/www.jazzzeitung.de\/cms\/wp-content\/uploads\/2018\/03\/3.jpg?fit=1200%2C800&ssl=1&resize=350%2C200 1x, https:\/\/i0.wp.com\/www.jazzzeitung.de\/cms\/wp-content\/uploads\/2018\/03\/3.jpg?fit=1200%2C800&ssl=1&resize=525%2C300 1.5x, https:\/\/i0.wp.com\/www.jazzzeitung.de\/cms\/wp-content\/uploads\/2018\/03\/3.jpg?fit=1200%2C800&ssl=1&resize=700%2C400 2x, https:\/\/i0.wp.com\/www.jazzzeitung.de\/cms\/wp-content\/uploads\/2018\/03\/3.jpg?fit=1200%2C800&ssl=1&resize=1050%2C600 3x"},"classes":[]}],"jetpack_sharing_enabled":true,"_links":{"self":[{"href":"https:\/\/www.jazzzeitung.de\/cms\/wp-json\/wp\/v2\/posts\/12598","targetHints":{"allow":["GET"]}}],"collection":[{"href":"https:\/\/www.jazzzeitung.de\/cms\/wp-json\/wp\/v2\/posts"}],"about":[{"href":"https:\/\/www.jazzzeitung.de\/cms\/wp-json\/wp\/v2\/types\/post"}],"author":[{"embeddable":true,"href":"https:\/\/www.jazzzeitung.de\/cms\/wp-json\/wp\/v2\/users\/18"}],"replies":[{"embeddable":true,"href":"https:\/\/www.jazzzeitung.de\/cms\/wp-json\/wp\/v2\/comments?post=12598"}],"version-history":[{"count":4,"href":"https:\/\/www.jazzzeitung.de\/cms\/wp-json\/wp\/v2\/posts\/12598\/revisions"}],"predecessor-version":[{"id":12616,"href":"https:\/\/www.jazzzeitung.de\/cms\/wp-json\/wp\/v2\/posts\/12598\/revisions\/12616"}],"wp:featuredmedia":[{"embeddable":true,"href":"https:\/\/www.jazzzeitung.de\/cms\/wp-json\/wp\/v2\/media\/4206"}],"wp:attachment":[{"href":"https:\/\/www.jazzzeitung.de\/cms\/wp-json\/wp\/v2\/media?parent=12598"}],"wp:term":[{"taxonomy":"category","embeddable":true,"href":"https:\/\/www.jazzzeitung.de\/cms\/wp-json\/wp\/v2\/categories?post=12598"},{"taxonomy":"post_tag","embeddable":true,"href":"https:\/\/www.jazzzeitung.de\/cms\/wp-json\/wp\/v2\/tags?post=12598"},{"taxonomy":"author","embeddable":true,"href":"https:\/\/www.jazzzeitung.de\/cms\/wp-json\/wp\/v2\/coauthors?post=12598"}],"curies":[{"name":"wp","href":"https:\/\/api.w.org\/{rel}","templated":true}]}}