{"id":12583,"date":"2017-06-02T15:00:28","date_gmt":"2017-06-02T13:00:28","guid":{"rendered":"https:\/\/www.jazzzeitung.de\/cms\/?p=12583"},"modified":"2017-06-02T14:55:38","modified_gmt":"2017-06-02T12:55:38","slug":"news-38-internationales-jazzfestival-saalfelden-24-27-08-2017","status":"publish","type":"post","link":"https:\/\/www.jazzzeitung.de\/cms\/2017\/06\/news-38-internationales-jazzfestival-saalfelden-24-27-08-2017\/","title":{"rendered":"+++ News +++ Jazz im Hamburger Hafen: Elbjazz-Festival startet heute! +++  Stefan Frank Band ft. Michel Kneule 7.06.2017 in der AalenerJamSession +++ 38. Internationales Jazzfestival Saalfelden 24.-27.08.2017 +++"},"content":{"rendered":"<h5>+++ Jazz im Hamburger Hafen: Elbjazz-Festival startet heute! +++<\/h5>\n<figure id=\"attachment_12588\" aria-describedby=\"caption-attachment-12588\" style=\"width: 300px\" class=\"wp-caption alignleft\"><a href=\"https:\/\/i0.wp.com\/www.jazzzeitung.de\/cms\/wp-content\/uploads\/2017\/06\/ELBJAZZ_Logo_schw.jpg?ssl=1\"><img data-recalc-dims=\"1\" loading=\"lazy\" decoding=\"async\" data-attachment-id=\"12588\" data-permalink=\"https:\/\/www.jazzzeitung.de\/cms\/2017\/06\/news-38-internationales-jazzfestival-saalfelden-24-27-08-2017\/druck\/\" data-orig-file=\"https:\/\/i0.wp.com\/www.jazzzeitung.de\/cms\/wp-content\/uploads\/2017\/06\/ELBJAZZ_Logo_schw.jpg?fit=961%2C766&amp;ssl=1\" data-orig-size=\"961,766\" data-comments-opened=\"1\" data-image-meta=\"{&quot;aperture&quot;:&quot;0&quot;,&quot;credit&quot;:&quot;&quot;,&quot;camera&quot;:&quot;&quot;,&quot;caption&quot;:&quot;&quot;,&quot;created_timestamp&quot;:&quot;0&quot;,&quot;copyright&quot;:&quot;&quot;,&quot;focal_length&quot;:&quot;0&quot;,&quot;iso&quot;:&quot;0&quot;,&quot;shutter_speed&quot;:&quot;0&quot;,&quot;title&quot;:&quot;Druck&quot;,&quot;orientation&quot;:&quot;1&quot;}\" data-image-title=\"\" data-image-description=\"\" data-image-caption=\"&lt;p&gt;ElbJazz Hamburg&lt;\/p&gt;\n\" data-large-file=\"https:\/\/i0.wp.com\/www.jazzzeitung.de\/cms\/wp-content\/uploads\/2017\/06\/ELBJAZZ_Logo_schw.jpg?fit=753%2C600&amp;ssl=1\" class=\"wp-image-12588 size-medium\" src=\"https:\/\/i0.wp.com\/www.jazzzeitung.de\/cms\/wp-content\/uploads\/2017\/06\/ELBJAZZ_Logo_schw.jpg?resize=300%2C239&#038;ssl=1\" alt=\"\" width=\"300\" height=\"239\" srcset=\"https:\/\/i0.wp.com\/www.jazzzeitung.de\/cms\/wp-content\/uploads\/2017\/06\/ELBJAZZ_Logo_schw.jpg?resize=300%2C239&amp;ssl=1 300w, https:\/\/i0.wp.com\/www.jazzzeitung.de\/cms\/wp-content\/uploads\/2017\/06\/ELBJAZZ_Logo_schw.jpg?resize=768%2C612&amp;ssl=1 768w, https:\/\/i0.wp.com\/www.jazzzeitung.de\/cms\/wp-content\/uploads\/2017\/06\/ELBJAZZ_Logo_schw.jpg?resize=753%2C600&amp;ssl=1 753w, https:\/\/i0.wp.com\/www.jazzzeitung.de\/cms\/wp-content\/uploads\/2017\/06\/ELBJAZZ_Logo_schw.jpg?w=961&amp;ssl=1 961w\" sizes=\"auto, (max-width: 300px) 100vw, 300px\" \/><\/a><figcaption id=\"caption-attachment-12588\" class=\"wp-caption-text\">ElbJazz Hamburg<\/figcaption><\/figure>\n<p>Nach einj\u00e4hriger Pause kehrt am Freitag, den 2.06.2017 das <a href=\"http:\/\/www.elbjazz.de\/de\/elbphilharmonie\">Elbjazz-Festival<\/a> in den Hamburger Hafen zur\u00fcck. In diesem Jahr werden auf acht B\u00fchnen\u00a0neben zahlreichen\u00a0Newcomern auch diverse Stars der Szene spielen, teilte der Veranstalter mit.\u00a0Zu den diesj\u00e4hrigen Highlights z\u00e4hlen Auftritte des\u00a0Joshua Redman Trios, des Grammygewinners Gregory Porter und des Saxofonisten\u00a0Jan Garbarek, der am Freitag die Konzerte in der Elbphilharmonie er\u00f6ffnen wird.<\/p>\n<p>Das erst im Januar er\u00f6ffnete Konzerthaus feiert seine Elbjazz-Premiere und wird\u00a0Austragungsort von sechs der rund 50 Konzerte. Wegen des begrenzten Platzangebots konnten jedoch\u00a0nur 11.000 Ticketk\u00e4ufer jeweils einen Platz in einem der Konzerte reservieren.\u00a0Insgesamt sind laut Veranstalter\u00a0rund 18\u00a0500 Einzel- und Kombitickets f\u00fcr beide Veranstaltungstage verkauft worden.\u00a02016\u00a0 pausierte das Festival, um sich wirtschaftlich und strukturell neu aufzustellen.<\/p>\n<p>Der Spielplan ist hier einzusehen: <a href=\"http:\/\/www.elbjazz.de\/de\/elbphilharmonie\">http:\/\/www.elbjazz.de\/de\/elbphilharmonie<\/a><\/p>\n<h5><\/h5>\n<h5>+++ Stefan Frank Band ft. Michel Kneule 7.06.2017 in der AalenerJamSession +++<\/h5>\n<p>Wenn man in Aalen von Blues spricht, ist der Name Michel Kneule eine Hausnummer. Als fru\u0308herer S\u00e4nger von Blue Breeze war er schon oft\u00a0 zu Gast in der Stadt und als Inhaber des Cafe Swing in Heidenheim organisiert er selbst regelm\u00e4\u00dfig eine Session, die &#8222;Blue Monday Session&#8220;.<\/p>\n<p>Am 7. Juni ist er vor allem mit seiner eigenen Band &#8222;The Brenztown Blues Club&#8220; unterwegs. Die Verbindung der sch\u00f6nsten Musik der Welt, wie er den Blues bezeichnet und spontanem Entertainment gelingt ihm spielend. Seine vielseitige, kraftvolle Stimme stellt er verschiedenen musikalischen Projekten zur Verfu\u0308gung. Unter anderem der Bigband Steinheim.<\/p>\n<p><strong>Einlass: 19.30 Uhr, Beginn: 20.15 Uhr<br \/>\n<\/strong><\/p>\n<p><strong>Eintritt: &#8222;Pay what you want&#8220;<\/strong><\/p>\n<div class=\"tribe-events-meta-group tribe-events-meta-group-venue\">\n<p class=\"tribe-events-single-section-title\"><strong>Veranstaltungsort: <a href=\"http:\/\/www.frape-aalen.de\/veranstaltungsort\/frape\/\">frap\u00e9 <\/a><\/strong><span class=\"tribe-address\"><span class=\"tribe-street-address\">(Julius-Bausch-Stra\u00dfe 32, <\/span><\/span><span class=\"tribe-address\"><span class=\"tribe-locality\">Aalen<\/span><span class=\"tribe-delimiter\">,<\/span> <span class=\"tribe-postal-code\">73431)<\/span> <\/span><\/p>\n<\/div>\n<h5><\/h5>\n<h5>+++ 38. Internationales Jazzfestival Saalfelden 24.-27.08.2017 +++<\/h5>\n<figure id=\"attachment_12584\" aria-describedby=\"caption-attachment-12584\" style=\"width: 300px\" class=\"wp-caption alignright\"><a href=\"https:\/\/i0.wp.com\/www.jazzzeitung.de\/cms\/wp-content\/uploads\/2017\/06\/jazzfestival-2017.jpg?ssl=1\"><img data-recalc-dims=\"1\" loading=\"lazy\" decoding=\"async\" data-attachment-id=\"12584\" data-permalink=\"https:\/\/www.jazzzeitung.de\/cms\/2017\/06\/news-38-internationales-jazzfestival-saalfelden-24-27-08-2017\/jazzfestival-2017\/\" data-orig-file=\"https:\/\/i0.wp.com\/www.jazzzeitung.de\/cms\/wp-content\/uploads\/2017\/06\/jazzfestival-2017.jpg?fit=700%2C700&amp;ssl=1\" data-orig-size=\"700,700\" data-comments-opened=\"1\" data-image-meta=\"{&quot;aperture&quot;:&quot;0&quot;,&quot;credit&quot;:&quot;&quot;,&quot;camera&quot;:&quot;&quot;,&quot;caption&quot;:&quot;&quot;,&quot;created_timestamp&quot;:&quot;0&quot;,&quot;copyright&quot;:&quot;&quot;,&quot;focal_length&quot;:&quot;0&quot;,&quot;iso&quot;:&quot;0&quot;,&quot;shutter_speed&quot;:&quot;0&quot;,&quot;title&quot;:&quot;&quot;,&quot;orientation&quot;:&quot;1&quot;}\" data-image-title=\"jazzfestival-2017\" data-image-description=\"\" data-image-caption=\"\" data-large-file=\"https:\/\/i0.wp.com\/www.jazzzeitung.de\/cms\/wp-content\/uploads\/2017\/06\/jazzfestival-2017.jpg?fit=600%2C600&amp;ssl=1\" class=\"wp-image-12584 size-medium\" src=\"https:\/\/i0.wp.com\/www.jazzzeitung.de\/cms\/wp-content\/uploads\/2017\/06\/jazzfestival-2017.jpg?resize=300%2C300&#038;ssl=1\" alt=\"\" width=\"300\" height=\"300\" srcset=\"https:\/\/i0.wp.com\/www.jazzzeitung.de\/cms\/wp-content\/uploads\/2017\/06\/jazzfestival-2017.jpg?resize=300%2C300&amp;ssl=1 300w, https:\/\/i0.wp.com\/www.jazzzeitung.de\/cms\/wp-content\/uploads\/2017\/06\/jazzfestival-2017.jpg?resize=150%2C150&amp;ssl=1 150w, https:\/\/i0.wp.com\/www.jazzzeitung.de\/cms\/wp-content\/uploads\/2017\/06\/jazzfestival-2017.jpg?resize=600%2C600&amp;ssl=1 600w, https:\/\/i0.wp.com\/www.jazzzeitung.de\/cms\/wp-content\/uploads\/2017\/06\/jazzfestival-2017.jpg?resize=144%2C144&amp;ssl=1 144w, https:\/\/i0.wp.com\/www.jazzzeitung.de\/cms\/wp-content\/uploads\/2017\/06\/jazzfestival-2017.jpg?resize=96%2C96&amp;ssl=1 96w, https:\/\/i0.wp.com\/www.jazzzeitung.de\/cms\/wp-content\/uploads\/2017\/06\/jazzfestival-2017.jpg?resize=24%2C24&amp;ssl=1 24w, https:\/\/i0.wp.com\/www.jazzzeitung.de\/cms\/wp-content\/uploads\/2017\/06\/jazzfestival-2017.jpg?resize=36%2C36&amp;ssl=1 36w, https:\/\/i0.wp.com\/www.jazzzeitung.de\/cms\/wp-content\/uploads\/2017\/06\/jazzfestival-2017.jpg?resize=48%2C48&amp;ssl=1 48w, https:\/\/i0.wp.com\/www.jazzzeitung.de\/cms\/wp-content\/uploads\/2017\/06\/jazzfestival-2017.jpg?resize=64%2C64&amp;ssl=1 64w, https:\/\/i0.wp.com\/www.jazzzeitung.de\/cms\/wp-content\/uploads\/2017\/06\/jazzfestival-2017.jpg?resize=32%2C32&amp;ssl=1 32w, https:\/\/i0.wp.com\/www.jazzzeitung.de\/cms\/wp-content\/uploads\/2017\/06\/jazzfestival-2017.jpg?resize=50%2C50&amp;ssl=1 50w, https:\/\/i0.wp.com\/www.jazzzeitung.de\/cms\/wp-content\/uploads\/2017\/06\/jazzfestival-2017.jpg?resize=128%2C128&amp;ssl=1 128w, https:\/\/i0.wp.com\/www.jazzzeitung.de\/cms\/wp-content\/uploads\/2017\/06\/jazzfestival-2017.jpg?w=700&amp;ssl=1 700w\" sizes=\"auto, (max-width: 300px) 100vw, 300px\" \/><\/a><figcaption id=\"caption-attachment-12584\" class=\"wp-caption-text\">Logo Jazzfestival Saalfelden<\/figcaption><\/figure>\n<p>Dieses Jahr erweitern wir das Festival um zwei B\u00fchnen:\u00a0 Auf der <strong>Einsiedelei <\/strong>in Saalfelden, eine der letzten Eremitagen Europas,\u00a0 wird am Samstag um 10.00 Uhr ein kostenloses Konzert mit der Formation \u201eWoody Black 4&#8243; stattfinden.<\/p>\n<p>Weiters ist ab heuer die B\u00fchne <strong>Nexus+ <\/strong>fixer Bestandteil des Jazzfestival Programms. Diese\u00a0 Konzerte sollen besonders das junge Publikum begeistern und finden ebenfalls bei freiem Eintritt statt.<\/p>\n<p>F\u00fcr das Jazzfestival Saalfelden bieten wir zum ersten Mal eine <strong>Jugend-Pauschale<\/strong> an. Studenten bis zur Vollendung des 26. Lebensjahres k\u00f6nnen bereits ab \u20ac 55 einen 3-Tages-Pass in der Kategorie D erwerben \u2013 das Campen ist f\u00fcr alle drei Tage sogar kostenlos und einen 3-Tage-Pass inkl. N\u00e4chtigung gibt es bereits um \u20ac 142,-<\/p>\n<p>Es ist nun auch ein Teil der <strong>neuen Homepage<\/strong> des Jazzfestivals Saalfelden online. Schaut doch mal vorbei: <a href=\"http:\/\/www.jazzsaalfelden.com\/\">http:\/\/www.jazzsaalfelden.com\/<\/a><\/p>\n<p><strong>Programm\u00fcbersicht:<\/strong><\/p>\n<p>Main Stage Congress Center<\/p>\n<p><strong>Freitag, 25.08.17<\/strong><\/p>\n<p>19 Uhr Gerald Preinfalk &#8222;Prine-Zone&#8220; (Greece, Austria, Brasil, Italy)<br \/>\n20.30 Uhr M\u00f8ster! &#8222;When you cut into the Present\u201c (Norway)<br \/>\n22.30 Uhr The Necks (Australia)<br \/>\n24.00 Uhr Steve Lehman &amp; S\u00e9l\u00e9b\u00e9yone (USA, France)<\/p>\n<p><strong>Samstag, 26.08.17<\/strong><\/p>\n<p>14.30 Uhr Sinikka Langeland &#8222;The Magical Forest&#8220; (Norway)<br \/>\n16.15 Uhr Cortex &#8222;Avant-Garde Party Music\u201c (Norway)<br \/>\n18.00 Uhr Michael Riessler &#8222;Kryptografie. Notizen eines alten Mannes, der zuf\u00e4llig Charles Mingus hei\u00dft.&#8220; (Germany, Italy)<br \/>\n21.00 Uhr Brian Marsella Trio \u201eBuer: The Book of Angels Vol. 31\u201c (USA)<br \/>\n22.45 Uhr 5K HD &#8222;And To In A&#8220; (Austria)<br \/>\n00.30 Uhr Angels 9 &#8222;Disappeared behind the Sun&#8220; (Sweden, Norway)<\/p>\n<p><strong>Sonntag, 27.08.17<\/strong><\/p>\n<p>13.30 Uhr Eve Risser White Desert Orchestra (France)<br \/>\n15.15 Uhr Sax Ruins (Japan)<br \/>\n17.00 Uhr Wolfgang Puschnig &#8222;Songs with Strings&#8220; (Austria, Germany, France, Australia, Kanada)<br \/>\n19.00 Uhr Wei\u00dfe W\u00e4nde (\u00d6sterreich)<\/p>\n","protected":false},"excerpt":{"rendered":"<p>+++ Jazz im Hamburger Hafen: Elbjazz-Festival startet heute! +++ Nach einj\u00e4hriger Pause kehrt am Freitag, den 2.06.2017 das Elbjazz-Festival in den Hamburger Hafen zur\u00fcck. In diesem Jahr werden auf acht B\u00fchnen\u00a0neben zahlreichen\u00a0Newcomern auch diverse Stars der Szene spielen, teilte der Veranstalter mit.\u00a0Zu den diesj\u00e4hrigen Highlights z\u00e4hlen Auftritte des\u00a0Joshua Redman Trios, des Grammygewinners Gregory Porter und des Saxofonisten\u00a0Jan Garbarek, der am Freitag die Konzerte in der Elbphilharmonie er\u00f6ffnen wird. Das erst im Januar er\u00f6ffnete Konzerthaus feiert seine Elbjazz-Premiere und wird\u00a0Austragungsort von sechs der rund 50 Konzerte. Wegen des begrenzten Platzangebots konnten jedoch\u00a0nur 11.000 Ticketk\u00e4ufer jeweils einen Platz in einem der Konzerte reservieren.\u00a0Insgesamt sind laut Veranstalter\u00a0rund 18\u00a0500 Einzel- und Kombitickets f\u00fcr beide Veranstaltungstage verkauft worden.\u00a02016\u00a0 pausierte das Festival, um sich wirtschaftlich und strukturell neu aufzustellen. Der Spielplan ist hier einzusehen: http:\/\/www.elbjazz.de\/de\/elbphilharmonie +++ Stefan Frank Band ft. Michel Kneule 7.06.2017 in der AalenerJamSession +++ Wenn man in Aalen von Blues spricht, ist der Name Michel Kneule eine Hausnummer. Als fru\u0308herer S\u00e4nger von Blue Breeze war er schon oft\u00a0 zu Gast in der Stadt und als Inhaber des Cafe Swing in Heidenheim organisiert er selbst regelm\u00e4\u00dfig eine Session, die &hellip;<\/p>\n","protected":false},"author":18,"featured_media":0,"comment_status":"open","ping_status":"closed","sticky":false,"template":"","format":"standard","meta":{"_jetpack_memberships_contains_paid_content":false,"footnotes":"","jetpack_publicize_message":"","jetpack_publicize_feature_enabled":true,"jetpack_social_post_already_shared":false,"jetpack_social_options":{"image_generator_settings":{"template":"highway","default_image_id":0,"font":"","enabled":false},"version":2}},"categories":[633],"tags":[73,83,954,120,1510,1309,3,1142,215,683,251,918,1124,1335,322,323,757,1459,1342,525,535,1356,1343],"coauthors":[695],"class_list":["post-12583","post","type-post","status-publish","format-standard","hentry","category-nachrichten","tag-bigband","tag-blues","tag-charles-mingus","tag-club","tag-elbphilharmonie","tag-eve-risser","tag-festival","tag-gregory-porter","tag-hamburg","tag-jan-garbarek","tag-japan","tag-jazzfestival","tag-jazzfestival-saalfelden","tag-joshua-redman","tag-konzert-2","tag-konzerte","tag-michael-riessler","tag-saalfelden","tag-steve-lehman","tag-studenten","tag-swing","tag-trio","tag-white-desert-orchestra"],"yoast_head":"<!-- This site is optimized with the Yoast SEO plugin v27.5 - https:\/\/yoast.com\/product\/yoast-seo-wordpress\/ -->\n<title>+++ News +++ Jazz im Hamburger Hafen: Elbjazz-Festival startet heute! +++ Stefan Frank Band ft. Michel Kneule 7.06.2017 in der AalenerJamSession +++ 38. Internationales Jazzfestival Saalfelden 24.-27.08.2017 +++ - JazzZeitung<\/title>\n<meta name=\"robots\" content=\"index, follow, max-snippet:-1, max-image-preview:large, max-video-preview:-1\" \/>\n<link rel=\"canonical\" href=\"https:\/\/www.jazzzeitung.de\/cms\/2017\/06\/news-38-internationales-jazzfestival-saalfelden-24-27-08-2017\/\" \/>\n<meta property=\"og:locale\" content=\"de_DE\" \/>\n<meta property=\"og:type\" content=\"article\" \/>\n<meta property=\"og:title\" content=\"+++ News +++ Jazz im Hamburger Hafen: Elbjazz-Festival startet heute! +++ Stefan Frank Band ft. Michel Kneule 7.06.2017 in der AalenerJamSession +++ 38. Internationales Jazzfestival Saalfelden 24.-27.08.2017 +++ - JazzZeitung\" \/>\n<meta property=\"og:description\" content=\"+++ Jazz im Hamburger Hafen: Elbjazz-Festival startet heute! +++ Nach einj\u00e4hriger Pause kehrt am Freitag, den 2.06.2017 das Elbjazz-Festival in den Hamburger Hafen zur\u00fcck. In diesem Jahr werden auf acht B\u00fchnen\u00a0neben zahlreichen\u00a0Newcomern auch diverse Stars der Szene spielen, teilte der Veranstalter mit.\u00a0Zu den diesj\u00e4hrigen Highlights z\u00e4hlen Auftritte des\u00a0Joshua Redman Trios, des Grammygewinners Gregory Porter und des Saxofonisten\u00a0Jan Garbarek, der am Freitag die Konzerte in der Elbphilharmonie er\u00f6ffnen wird. Das erst im Januar er\u00f6ffnete Konzerthaus feiert seine Elbjazz-Premiere und wird\u00a0Austragungsort von sechs der rund 50 Konzerte. Wegen des begrenzten Platzangebots konnten jedoch\u00a0nur 11.000 Ticketk\u00e4ufer jeweils einen Platz in einem der Konzerte reservieren.\u00a0Insgesamt sind laut Veranstalter\u00a0rund 18\u00a0500 Einzel- und Kombitickets f\u00fcr beide Veranstaltungstage verkauft worden.\u00a02016\u00a0 pausierte das Festival, um sich wirtschaftlich und strukturell neu aufzustellen. Der Spielplan ist hier einzusehen: http:\/\/www.elbjazz.de\/de\/elbphilharmonie +++ Stefan Frank Band ft. Michel Kneule 7.06.2017 in der AalenerJamSession +++ Wenn man in Aalen von Blues spricht, ist der Name Michel Kneule eine Hausnummer. Als fru\u0308herer S\u00e4nger von Blue Breeze war er schon oft\u00a0 zu Gast in der Stadt und als Inhaber des Cafe Swing in Heidenheim organisiert er selbst regelm\u00e4\u00dfig eine Session, die &hellip;\" \/>\n<meta property=\"og:url\" content=\"https:\/\/www.jazzzeitung.de\/cms\/2017\/06\/news-38-internationales-jazzfestival-saalfelden-24-27-08-2017\/\" \/>\n<meta property=\"og:site_name\" content=\"JazzZeitung\" \/>\n<meta property=\"article:publisher\" content=\"https:\/\/www.facebook.com\/JazzZeitung\/\" \/>\n<meta property=\"article:published_time\" content=\"2017-06-02T13:00:28+00:00\" \/>\n<meta property=\"og:image\" content=\"https:\/\/www.jazzzeitung.de\/cms\/wp-content\/uploads\/2017\/06\/ELBJAZZ_Logo_schw-300x239.jpg\" \/>\n<meta name=\"author\" content=\"Redaktion JazzZeitung\" \/>\n<script type=\"application\/ld+json\" class=\"yoast-schema-graph\">{\"@context\":\"https:\\\/\\\/schema.org\",\"@graph\":[{\"@type\":\"Article\",\"@id\":\"https:\\\/\\\/www.jazzzeitung.de\\\/cms\\\/2017\\\/06\\\/news-38-internationales-jazzfestival-saalfelden-24-27-08-2017\\\/#article\",\"isPartOf\":{\"@id\":\"https:\\\/\\\/www.jazzzeitung.de\\\/cms\\\/2017\\\/06\\\/news-38-internationales-jazzfestival-saalfelden-24-27-08-2017\\\/\"},\"author\":{\"name\":\"Redaktion JazzZeitung\",\"@id\":\"https:\\\/\\\/www.jazzzeitung.de\\\/cms\\\/#\\\/schema\\\/person\\\/2245b36b9cd1d24cea10f01c031fb92b\"},\"headline\":\"+++ News +++ Jazz im Hamburger Hafen: Elbjazz-Festival startet heute! +++ Stefan Frank Band ft. Michel Kneule 7.06.2017 in der AalenerJamSession +++ 38. Internationales Jazzfestival Saalfelden 24.-27.08.2017 +++\",\"datePublished\":\"2017-06-02T13:00:28+00:00\",\"mainEntityOfPage\":{\"@id\":\"https:\\\/\\\/www.jazzzeitung.de\\\/cms\\\/2017\\\/06\\\/news-38-internationales-jazzfestival-saalfelden-24-27-08-2017\\\/\"},\"wordCount\":574,\"commentCount\":1,\"publisher\":{\"@id\":\"https:\\\/\\\/www.jazzzeitung.de\\\/cms\\\/#organization\"},\"image\":{\"@id\":\"https:\\\/\\\/www.jazzzeitung.de\\\/cms\\\/2017\\\/06\\\/news-38-internationales-jazzfestival-saalfelden-24-27-08-2017\\\/#primaryimage\"},\"thumbnailUrl\":\"https:\\\/\\\/www.jazzzeitung.de\\\/cms\\\/wp-content\\\/uploads\\\/2017\\\/06\\\/ELBJAZZ_Logo_schw-300x239.jpg\",\"keywords\":[\"Bigband\",\"Blues\",\"Charles Mingus\",\"Club\",\"Elbphilharmonie\",\"Eve Risser\",\"Festival\",\"Gregory Porter\",\"Hamburg\",\"Jan Garbarek\",\"Japan\",\"Jazzfestival\",\"Jazzfestival Saalfelden\",\"Joshua Redman\",\"Konzert\",\"Konzerte\",\"Michael Riessler\",\"Saalfelden\",\"Steve Lehman\",\"Studenten\",\"Swing\",\"trio\",\"White Desert Orchestra\"],\"articleSection\":[\"News\"],\"inLanguage\":\"de\",\"potentialAction\":[{\"@type\":\"CommentAction\",\"name\":\"Comment\",\"target\":[\"https:\\\/\\\/www.jazzzeitung.de\\\/cms\\\/2017\\\/06\\\/news-38-internationales-jazzfestival-saalfelden-24-27-08-2017\\\/#respond\"]}]},{\"@type\":\"WebPage\",\"@id\":\"https:\\\/\\\/www.jazzzeitung.de\\\/cms\\\/2017\\\/06\\\/news-38-internationales-jazzfestival-saalfelden-24-27-08-2017\\\/\",\"url\":\"https:\\\/\\\/www.jazzzeitung.de\\\/cms\\\/2017\\\/06\\\/news-38-internationales-jazzfestival-saalfelden-24-27-08-2017\\\/\",\"name\":\"+++ News +++ Jazz im Hamburger Hafen: Elbjazz-Festival startet heute! +++ Stefan Frank Band ft. Michel Kneule 7.06.2017 in der AalenerJamSession +++ 38. Internationales Jazzfestival Saalfelden 24.-27.08.2017 +++ - JazzZeitung\",\"isPartOf\":{\"@id\":\"https:\\\/\\\/www.jazzzeitung.de\\\/cms\\\/#website\"},\"primaryImageOfPage\":{\"@id\":\"https:\\\/\\\/www.jazzzeitung.de\\\/cms\\\/2017\\\/06\\\/news-38-internationales-jazzfestival-saalfelden-24-27-08-2017\\\/#primaryimage\"},\"image\":{\"@id\":\"https:\\\/\\\/www.jazzzeitung.de\\\/cms\\\/2017\\\/06\\\/news-38-internationales-jazzfestival-saalfelden-24-27-08-2017\\\/#primaryimage\"},\"thumbnailUrl\":\"https:\\\/\\\/www.jazzzeitung.de\\\/cms\\\/wp-content\\\/uploads\\\/2017\\\/06\\\/ELBJAZZ_Logo_schw-300x239.jpg\",\"datePublished\":\"2017-06-02T13:00:28+00:00\",\"breadcrumb\":{\"@id\":\"https:\\\/\\\/www.jazzzeitung.de\\\/cms\\\/2017\\\/06\\\/news-38-internationales-jazzfestival-saalfelden-24-27-08-2017\\\/#breadcrumb\"},\"inLanguage\":\"de\",\"potentialAction\":[{\"@type\":\"ReadAction\",\"target\":[\"https:\\\/\\\/www.jazzzeitung.de\\\/cms\\\/2017\\\/06\\\/news-38-internationales-jazzfestival-saalfelden-24-27-08-2017\\\/\"]}]},{\"@type\":\"ImageObject\",\"inLanguage\":\"de\",\"@id\":\"https:\\\/\\\/www.jazzzeitung.de\\\/cms\\\/2017\\\/06\\\/news-38-internationales-jazzfestival-saalfelden-24-27-08-2017\\\/#primaryimage\",\"url\":\"https:\\\/\\\/i0.wp.com\\\/www.jazzzeitung.de\\\/cms\\\/wp-content\\\/uploads\\\/2017\\\/06\\\/ELBJAZZ_Logo_schw.jpg?fit=961%2C766&ssl=1\",\"contentUrl\":\"https:\\\/\\\/i0.wp.com\\\/www.jazzzeitung.de\\\/cms\\\/wp-content\\\/uploads\\\/2017\\\/06\\\/ELBJAZZ_Logo_schw.jpg?fit=961%2C766&ssl=1\",\"width\":961,\"height\":766,\"caption\":\"ElbJazz Hamburg\"},{\"@type\":\"BreadcrumbList\",\"@id\":\"https:\\\/\\\/www.jazzzeitung.de\\\/cms\\\/2017\\\/06\\\/news-38-internationales-jazzfestival-saalfelden-24-27-08-2017\\\/#breadcrumb\",\"itemListElement\":[{\"@type\":\"ListItem\",\"position\":1,\"name\":\"Startseite\",\"item\":\"https:\\\/\\\/www.jazzzeitung.de\\\/cms\\\/\"},{\"@type\":\"ListItem\",\"position\":2,\"name\":\"+++ News +++ Jazz im Hamburger Hafen: Elbjazz-Festival startet heute! +++ Stefan Frank Band ft. Michel Kneule 7.06.2017 in der AalenerJamSession +++ 38. Internationales Jazzfestival Saalfelden 24.-27.08.2017 +++\"}]},{\"@type\":\"WebSite\",\"@id\":\"https:\\\/\\\/www.jazzzeitung.de\\\/cms\\\/#website\",\"url\":\"https:\\\/\\\/www.jazzzeitung.de\\\/cms\\\/\",\"name\":\"JazzZeitung\",\"description\":\"Jazz-News und Jazz-Kontroverses\",\"publisher\":{\"@id\":\"https:\\\/\\\/www.jazzzeitung.de\\\/cms\\\/#organization\"},\"potentialAction\":[{\"@type\":\"SearchAction\",\"target\":{\"@type\":\"EntryPoint\",\"urlTemplate\":\"https:\\\/\\\/www.jazzzeitung.de\\\/cms\\\/?s={search_term_string}\"},\"query-input\":{\"@type\":\"PropertyValueSpecification\",\"valueRequired\":true,\"valueName\":\"search_term_string\"}}],\"inLanguage\":\"de\"},{\"@type\":\"Organization\",\"@id\":\"https:\\\/\\\/www.jazzzeitung.de\\\/cms\\\/#organization\",\"name\":\"JazzZeitung online\",\"url\":\"https:\\\/\\\/www.jazzzeitung.de\\\/cms\\\/\",\"logo\":{\"@type\":\"ImageObject\",\"inLanguage\":\"de\",\"@id\":\"https:\\\/\\\/www.jazzzeitung.de\\\/cms\\\/#\\\/schema\\\/logo\\\/image\\\/\",\"url\":\"https:\\\/\\\/i0.wp.com\\\/www.jazzzeitung.de\\\/cms\\\/wp-content\\\/uploads\\\/2015\\\/08\\\/JAZZZEITUNGDE_Logo_Neu.png?fit=499%2C200&ssl=1\",\"contentUrl\":\"https:\\\/\\\/i0.wp.com\\\/www.jazzzeitung.de\\\/cms\\\/wp-content\\\/uploads\\\/2015\\\/08\\\/JAZZZEITUNGDE_Logo_Neu.png?fit=499%2C200&ssl=1\",\"width\":499,\"height\":200,\"caption\":\"JazzZeitung online\"},\"image\":{\"@id\":\"https:\\\/\\\/www.jazzzeitung.de\\\/cms\\\/#\\\/schema\\\/logo\\\/image\\\/\"},\"sameAs\":[\"https:\\\/\\\/www.facebook.com\\\/JazzZeitung\\\/\"]},{\"@type\":\"Person\",\"@id\":\"https:\\\/\\\/www.jazzzeitung.de\\\/cms\\\/#\\\/schema\\\/person\\\/2245b36b9cd1d24cea10f01c031fb92b\",\"name\":\"Redaktion JazzZeitung\",\"image\":{\"@type\":\"ImageObject\",\"inLanguage\":\"de\",\"@id\":\"https:\\\/\\\/i0.wp.com\\\/www.jazzzeitung.de\\\/cms\\\/wp-content\\\/uploads\\\/2015\\\/08\\\/JAZZZEITUNGDE_Logo_Neu.png?resize=96%2C96&ssl=159975dcacb611b5700bd619b5daf0a7a\",\"url\":\"https:\\\/\\\/i0.wp.com\\\/www.jazzzeitung.de\\\/cms\\\/wp-content\\\/uploads\\\/2015\\\/08\\\/JAZZZEITUNGDE_Logo_Neu.png?resize=96%2C96&ssl=1\",\"contentUrl\":\"https:\\\/\\\/i0.wp.com\\\/www.jazzzeitung.de\\\/cms\\\/wp-content\\\/uploads\\\/2015\\\/08\\\/JAZZZEITUNGDE_Logo_Neu.png?resize=96%2C96&ssl=1\",\"caption\":\"Redaktion JazzZeitung\"},\"description\":\"Artikel der Redaktion der JazzZeitung.\",\"sameAs\":[\"http:\\\/\\\/www.jazzzeitung.de\\\/cms\\\/\"],\"url\":\"https:\\\/\\\/www.jazzzeitung.de\\\/cms\\\/author\\\/redaktion\\\/\"}]}<\/script>\n<!-- \/ Yoast SEO plugin. -->","yoast_head_json":{"title":"+++ News +++ Jazz im Hamburger Hafen: Elbjazz-Festival startet heute! +++ Stefan Frank Band ft. Michel Kneule 7.06.2017 in der AalenerJamSession +++ 38. Internationales Jazzfestival Saalfelden 24.-27.08.2017 +++ - JazzZeitung","robots":{"index":"index","follow":"follow","max-snippet":"max-snippet:-1","max-image-preview":"max-image-preview:large","max-video-preview":"max-video-preview:-1"},"canonical":"https:\/\/www.jazzzeitung.de\/cms\/2017\/06\/news-38-internationales-jazzfestival-saalfelden-24-27-08-2017\/","og_locale":"de_DE","og_type":"article","og_title":"+++ News +++ Jazz im Hamburger Hafen: Elbjazz-Festival startet heute! +++ Stefan Frank Band ft. Michel Kneule 7.06.2017 in der AalenerJamSession +++ 38. Internationales Jazzfestival Saalfelden 24.-27.08.2017 +++ - JazzZeitung","og_description":"+++ Jazz im Hamburger Hafen: Elbjazz-Festival startet heute! +++ Nach einj\u00e4hriger Pause kehrt am Freitag, den 2.06.2017 das Elbjazz-Festival in den Hamburger Hafen zur\u00fcck. In diesem Jahr werden auf acht B\u00fchnen\u00a0neben zahlreichen\u00a0Newcomern auch diverse Stars der Szene spielen, teilte der Veranstalter mit.\u00a0Zu den diesj\u00e4hrigen Highlights z\u00e4hlen Auftritte des\u00a0Joshua Redman Trios, des Grammygewinners Gregory Porter und des Saxofonisten\u00a0Jan Garbarek, der am Freitag die Konzerte in der Elbphilharmonie er\u00f6ffnen wird. Das erst im Januar er\u00f6ffnete Konzerthaus feiert seine Elbjazz-Premiere und wird\u00a0Austragungsort von sechs der rund 50 Konzerte. Wegen des begrenzten Platzangebots konnten jedoch\u00a0nur 11.000 Ticketk\u00e4ufer jeweils einen Platz in einem der Konzerte reservieren.\u00a0Insgesamt sind laut Veranstalter\u00a0rund 18\u00a0500 Einzel- und Kombitickets f\u00fcr beide Veranstaltungstage verkauft worden.\u00a02016\u00a0 pausierte das Festival, um sich wirtschaftlich und strukturell neu aufzustellen. Der Spielplan ist hier einzusehen: http:\/\/www.elbjazz.de\/de\/elbphilharmonie +++ Stefan Frank Band ft. Michel Kneule 7.06.2017 in der AalenerJamSession +++ Wenn man in Aalen von Blues spricht, ist der Name Michel Kneule eine Hausnummer. Als fru\u0308herer S\u00e4nger von Blue Breeze war er schon oft\u00a0 zu Gast in der Stadt und als Inhaber des Cafe Swing in Heidenheim organisiert er selbst regelm\u00e4\u00dfig eine Session, die &hellip;","og_url":"https:\/\/www.jazzzeitung.de\/cms\/2017\/06\/news-38-internationales-jazzfestival-saalfelden-24-27-08-2017\/","og_site_name":"JazzZeitung","article_publisher":"https:\/\/www.facebook.com\/JazzZeitung\/","article_published_time":"2017-06-02T13:00:28+00:00","og_image":[{"url":"https:\/\/www.jazzzeitung.de\/cms\/wp-content\/uploads\/2017\/06\/ELBJAZZ_Logo_schw-300x239.jpg","type":"","width":"","height":""}],"author":"Redaktion JazzZeitung","schema":{"@context":"https:\/\/schema.org","@graph":[{"@type":"Article","@id":"https:\/\/www.jazzzeitung.de\/cms\/2017\/06\/news-38-internationales-jazzfestival-saalfelden-24-27-08-2017\/#article","isPartOf":{"@id":"https:\/\/www.jazzzeitung.de\/cms\/2017\/06\/news-38-internationales-jazzfestival-saalfelden-24-27-08-2017\/"},"author":{"name":"Redaktion JazzZeitung","@id":"https:\/\/www.jazzzeitung.de\/cms\/#\/schema\/person\/2245b36b9cd1d24cea10f01c031fb92b"},"headline":"+++ News +++ Jazz im Hamburger Hafen: Elbjazz-Festival startet heute! +++ Stefan Frank Band ft. Michel Kneule 7.06.2017 in der AalenerJamSession +++ 38. Internationales Jazzfestival Saalfelden 24.-27.08.2017 +++","datePublished":"2017-06-02T13:00:28+00:00","mainEntityOfPage":{"@id":"https:\/\/www.jazzzeitung.de\/cms\/2017\/06\/news-38-internationales-jazzfestival-saalfelden-24-27-08-2017\/"},"wordCount":574,"commentCount":1,"publisher":{"@id":"https:\/\/www.jazzzeitung.de\/cms\/#organization"},"image":{"@id":"https:\/\/www.jazzzeitung.de\/cms\/2017\/06\/news-38-internationales-jazzfestival-saalfelden-24-27-08-2017\/#primaryimage"},"thumbnailUrl":"https:\/\/www.jazzzeitung.de\/cms\/wp-content\/uploads\/2017\/06\/ELBJAZZ_Logo_schw-300x239.jpg","keywords":["Bigband","Blues","Charles Mingus","Club","Elbphilharmonie","Eve Risser","Festival","Gregory Porter","Hamburg","Jan Garbarek","Japan","Jazzfestival","Jazzfestival Saalfelden","Joshua Redman","Konzert","Konzerte","Michael Riessler","Saalfelden","Steve Lehman","Studenten","Swing","trio","White Desert Orchestra"],"articleSection":["News"],"inLanguage":"de","potentialAction":[{"@type":"CommentAction","name":"Comment","target":["https:\/\/www.jazzzeitung.de\/cms\/2017\/06\/news-38-internationales-jazzfestival-saalfelden-24-27-08-2017\/#respond"]}]},{"@type":"WebPage","@id":"https:\/\/www.jazzzeitung.de\/cms\/2017\/06\/news-38-internationales-jazzfestival-saalfelden-24-27-08-2017\/","url":"https:\/\/www.jazzzeitung.de\/cms\/2017\/06\/news-38-internationales-jazzfestival-saalfelden-24-27-08-2017\/","name":"+++ News +++ Jazz im Hamburger Hafen: Elbjazz-Festival startet heute! +++ Stefan Frank Band ft. Michel Kneule 7.06.2017 in der AalenerJamSession +++ 38. Internationales Jazzfestival Saalfelden 24.-27.08.2017 +++ - JazzZeitung","isPartOf":{"@id":"https:\/\/www.jazzzeitung.de\/cms\/#website"},"primaryImageOfPage":{"@id":"https:\/\/www.jazzzeitung.de\/cms\/2017\/06\/news-38-internationales-jazzfestival-saalfelden-24-27-08-2017\/#primaryimage"},"image":{"@id":"https:\/\/www.jazzzeitung.de\/cms\/2017\/06\/news-38-internationales-jazzfestival-saalfelden-24-27-08-2017\/#primaryimage"},"thumbnailUrl":"https:\/\/www.jazzzeitung.de\/cms\/wp-content\/uploads\/2017\/06\/ELBJAZZ_Logo_schw-300x239.jpg","datePublished":"2017-06-02T13:00:28+00:00","breadcrumb":{"@id":"https:\/\/www.jazzzeitung.de\/cms\/2017\/06\/news-38-internationales-jazzfestival-saalfelden-24-27-08-2017\/#breadcrumb"},"inLanguage":"de","potentialAction":[{"@type":"ReadAction","target":["https:\/\/www.jazzzeitung.de\/cms\/2017\/06\/news-38-internationales-jazzfestival-saalfelden-24-27-08-2017\/"]}]},{"@type":"ImageObject","inLanguage":"de","@id":"https:\/\/www.jazzzeitung.de\/cms\/2017\/06\/news-38-internationales-jazzfestival-saalfelden-24-27-08-2017\/#primaryimage","url":"https:\/\/i0.wp.com\/www.jazzzeitung.de\/cms\/wp-content\/uploads\/2017\/06\/ELBJAZZ_Logo_schw.jpg?fit=961%2C766&ssl=1","contentUrl":"https:\/\/i0.wp.com\/www.jazzzeitung.de\/cms\/wp-content\/uploads\/2017\/06\/ELBJAZZ_Logo_schw.jpg?fit=961%2C766&ssl=1","width":961,"height":766,"caption":"ElbJazz Hamburg"},{"@type":"BreadcrumbList","@id":"https:\/\/www.jazzzeitung.de\/cms\/2017\/06\/news-38-internationales-jazzfestival-saalfelden-24-27-08-2017\/#breadcrumb","itemListElement":[{"@type":"ListItem","position":1,"name":"Startseite","item":"https:\/\/www.jazzzeitung.de\/cms\/"},{"@type":"ListItem","position":2,"name":"+++ News +++ Jazz im Hamburger Hafen: Elbjazz-Festival startet heute! +++ Stefan Frank Band ft. Michel Kneule 7.06.2017 in der AalenerJamSession +++ 38. Internationales Jazzfestival Saalfelden 24.-27.08.2017 +++"}]},{"@type":"WebSite","@id":"https:\/\/www.jazzzeitung.de\/cms\/#website","url":"https:\/\/www.jazzzeitung.de\/cms\/","name":"JazzZeitung","description":"Jazz-News und Jazz-Kontroverses","publisher":{"@id":"https:\/\/www.jazzzeitung.de\/cms\/#organization"},"potentialAction":[{"@type":"SearchAction","target":{"@type":"EntryPoint","urlTemplate":"https:\/\/www.jazzzeitung.de\/cms\/?s={search_term_string}"},"query-input":{"@type":"PropertyValueSpecification","valueRequired":true,"valueName":"search_term_string"}}],"inLanguage":"de"},{"@type":"Organization","@id":"https:\/\/www.jazzzeitung.de\/cms\/#organization","name":"JazzZeitung online","url":"https:\/\/www.jazzzeitung.de\/cms\/","logo":{"@type":"ImageObject","inLanguage":"de","@id":"https:\/\/www.jazzzeitung.de\/cms\/#\/schema\/logo\/image\/","url":"https:\/\/i0.wp.com\/www.jazzzeitung.de\/cms\/wp-content\/uploads\/2015\/08\/JAZZZEITUNGDE_Logo_Neu.png?fit=499%2C200&ssl=1","contentUrl":"https:\/\/i0.wp.com\/www.jazzzeitung.de\/cms\/wp-content\/uploads\/2015\/08\/JAZZZEITUNGDE_Logo_Neu.png?fit=499%2C200&ssl=1","width":499,"height":200,"caption":"JazzZeitung online"},"image":{"@id":"https:\/\/www.jazzzeitung.de\/cms\/#\/schema\/logo\/image\/"},"sameAs":["https:\/\/www.facebook.com\/JazzZeitung\/"]},{"@type":"Person","@id":"https:\/\/www.jazzzeitung.de\/cms\/#\/schema\/person\/2245b36b9cd1d24cea10f01c031fb92b","name":"Redaktion JazzZeitung","image":{"@type":"ImageObject","inLanguage":"de","@id":"https:\/\/i0.wp.com\/www.jazzzeitung.de\/cms\/wp-content\/uploads\/2015\/08\/JAZZZEITUNGDE_Logo_Neu.png?resize=96%2C96&ssl=159975dcacb611b5700bd619b5daf0a7a","url":"https:\/\/i0.wp.com\/www.jazzzeitung.de\/cms\/wp-content\/uploads\/2015\/08\/JAZZZEITUNGDE_Logo_Neu.png?resize=96%2C96&ssl=1","contentUrl":"https:\/\/i0.wp.com\/www.jazzzeitung.de\/cms\/wp-content\/uploads\/2015\/08\/JAZZZEITUNGDE_Logo_Neu.png?resize=96%2C96&ssl=1","caption":"Redaktion JazzZeitung"},"description":"Artikel der Redaktion der JazzZeitung.","sameAs":["http:\/\/www.jazzzeitung.de\/cms\/"],"url":"https:\/\/www.jazzzeitung.de\/cms\/author\/redaktion\/"}]}},"wp-worthy-pixel":{"ignored":false,"public":null,"server":null,"url":null},"wp-worthy-type":"normal","jetpack_publicize_connections":[],"cc_featured_image_caption":{"caption_text":false,"source_text":false,"source_url":false},"jetpack_featured_media_url":"","jetpack_shortlink":"https:\/\/wp.me\/p3KEcT-3gX","jetpack-related-posts":[{"id":7993,"url":"https:\/\/www.jazzzeitung.de\/cms\/2015\/12\/elbjazz-2016-faellt-aus\/","url_meta":{"origin":12583,"position":0},"title":"Elbjazz 2016 f\u00e4llt aus","author":"Redaktion JazzZeitung","date":"18. Dezember 2015","format":false,"excerpt":"Gemunkelt wurde schon lange, jetzt ist es amtlich: Das Elbjazz Festival muss 2016 pausieren und k\u00fcndigt nach personeller und gesellschaftlicher Umgestaltung eine Fortsetzung in 2017 an. Das n\u00e4chste Festival inmitten der Hafenkulisse sollte eigentlich Ende Mai \u00fcber die B\u00fchne gehen. In einer Presserkl\u00e4rung der Elbjazz GmbH von heute hei\u00dft es:\u2026","rel":"","context":"In &quot;News&quot;","block_context":{"text":"News","link":"https:\/\/www.jazzzeitung.de\/cms\/thema\/nachrichten\/"},"img":{"alt_text":"Foto: J\u00f6rg Schwalfenberg\/Elbjazz","src":"https:\/\/i0.wp.com\/www.jazzzeitung.de\/cms\/wp-content\/uploads\/2015\/12\/elbjazz-2015-1615-150x150.jpg?resize=350%2C200","width":350,"height":200},"classes":[]},{"id":5327,"url":"https:\/\/www.jazzzeitung.de\/cms\/2015\/02\/noch-ein-jazz-event-trave-jazz-festival-luebeck\/","url_meta":{"origin":12583,"position":1},"title":"Noch ein Jazz-Event: Trave-Jazz-Festival L\u00fcbeck","author":"Peter Ortmann","date":"12. Februar 2015","format":false,"excerpt":"Von Peter Ortmann - Heute gen\u00fcgt es nicht mehr, mit einem Jazzkonzert oder Festival in eine quadratische Konzert- oder Mehrzweckhalle zu gehen. Das Ambiente muss stimmen! M\u00f6glichst mit Wasserfl\u00e4chen (Meer oder See), Hafen, Schiffen, Wind und Wetter, Promenaden mit einladender Infrastruktur zum Verweilen. Daher finden Festivals wie Elbjazz (Hamburger Hafen)\u2026","rel":"","context":"In &quot;Blog&quot;","block_context":{"text":"Blog","link":"https:\/\/www.jazzzeitung.de\/cms\/thema\/blog\/"},"img":{"alt_text":"","src":"","width":0,"height":0},"classes":[]},{"id":12348,"url":"https:\/\/www.jazzzeitung.de\/cms\/2017\/05\/wolfgang-schlueter-erhaelt-den-hamburger-jazzpreis-2017\/","url_meta":{"origin":12583,"position":2},"title":"+++ Wolfgang Schl\u00fcter erh\u00e4lt den Hamburger Jazzpreis 2017 +++","author":"Redaktion JazzZeitung","date":"13. Mai 2017","format":false,"excerpt":"Seit 2007 werden alle zwei Jahre Musikerinnen und Musiker mit dem Hamburger Jazzpreis ausgezeichnet, die einen besonders qualifizierten k\u00fcnstlerischen Beitrag zur Jazzmusik leisten, die ihren Arbeits- und Lebensmittelpunkt in Hamburg haben und sich f\u00fcr die Belange des Jazz in der Stadt einsetzen. Der mit 10,000 Euro dotierte Preis wurde von\u2026","rel":"","context":"In &quot;Bericht&quot;","block_context":{"text":"Bericht","link":"https:\/\/www.jazzzeitung.de\/cms\/thema\/bericht\/"},"img":{"alt_text":"","src":"https:\/\/i0.wp.com\/www.jazzzeitung.de\/cms\/wp-content\/uploads\/2017\/05\/WOLFGANG_SCHL%C3%9CTER_BILD_MANFRED_KRATZAT%C2%A9skip-records1-300x295.jpg?resize=350%2C200","width":350,"height":200},"classes":[]},{"id":6145,"url":"https:\/\/www.jazzzeitung.de\/cms\/2015\/05\/news-elbjazz-tracks-424-im-maiberlin-feiert-die-21-fete-de-la-musique-21-junijazz-open-hamburglionel-richie-bei-bluetone-straubing\/","url_meta":{"origin":12583,"position":3},"title":"News: +++\u201eelbjazz tracks 424\u201c im Mai+++Berlin feiert die 21. F\u00eate de la Musique am 21. Juni+++Jazz Open Hamburg+++Lionel Richie bei Bluetone in Straubing+++","author":"Redaktion JazzZeitung","date":"13. Mai 2015","format":false,"excerpt":"\u201eelbjazz tracks 424\u201c im Mai \u201eelbjazz tracks 424\u201c hei\u00dft die vom ELBJAZZ Festival initiierte und monatlich im Oberhafenquartier stattfindende Konzertreihe. Das n\u00e4chste Konzert mit The Fresh Dixie Project findet am kommenden Mittwoch, 13. Mai, um 20:00 Uhr statt. The Fresh Dixie Project begeisterten bereits beim vergangenen ELBJAZZ Festival das Publikum.\u2026","rel":"","context":"In &quot;News&quot;","block_context":{"text":"News","link":"https:\/\/www.jazzzeitung.de\/cms\/thema\/nachrichten\/"},"img":{"alt_text":"The Fresh Dixie Project. Foto: Elbjazz","src":"https:\/\/i0.wp.com\/www.jazzzeitung.de\/cms\/wp-content\/uploads\/2015\/05\/The-Fresh-Dixie-Project-Elbjazz-150x127.jpg?resize=350%2C200","width":350,"height":200},"classes":[]},{"id":11589,"url":"https:\/\/www.jazzzeitung.de\/cms\/2017\/01\/so-war-das-3-tage-jazz-in-saalfelden\/","url_meta":{"origin":12583,"position":4},"title":"So war das \u201e3 Tage Jazz\u201c in Saalfelden","author":"Redaktion JazzZeitung","date":"25. Januar 2017","format":false,"excerpt":"Fast 40 Jahre ist es her, als das heutige Jazzfestival Saalfelden unter dem Namen \"3 Tage Jazz\" 1978 seine Tore \u00f6ffnete. Nun im Jahr 2017 konnte man schon zum zweiten Mal den unkonventionellen Jazzt\u00f6nen auch im Winter lauschen und so pr\u00e4sentierten wir beim \u201e3 Tage Jazz\u201c von 20.\u00a0 bis 22.\u2026","rel":"","context":"In &quot;Bericht&quot;","block_context":{"text":"Bericht","link":"https:\/\/www.jazzzeitung.de\/cms\/thema\/bericht\/"},"img":{"alt_text":"","src":"https:\/\/i0.wp.com\/www.jazzzeitung.de\/cms\/wp-content\/uploads\/2017\/01\/Gianluigi-Trovesi-%C2%A9-Michael-Gei%C3%9Fler-150x150.jpg?resize=350%2C200","width":350,"height":200},"classes":[]},{"id":19405,"url":"https:\/\/www.jazzzeitung.de\/cms\/2019\/05\/bassistin-lisa-wulff-erhaelt-hamburger-jazzpreis-2019\/","url_meta":{"origin":12583,"position":5},"title":"Bassistin Lisa Wulff erh\u00e4lt Hamburger Jazzpreis 2019","author":"Redaktion JazzZeitung","date":"8. Mai 2019","format":false,"excerpt":"Die Bassistin Lisa Wulff ist Preistr\u00e4gerin des renommierten Hamburger Jazzpreises, der 2019 zum siebten Mal vergeben wird. Der mit 10.000 Euro dotierte Peis zeichnet alle zwei Jahre Musikerinnen und Musiker aus, die einen besonders qualifizierten k\u00fcnstlerischen Beitrag zur Jazzmusik in Hamburg geleistet und sich f\u00fcr die Belange des Jazz in\u2026","rel":"","context":"In &quot;News&quot;","block_context":{"text":"News","link":"https:\/\/www.jazzzeitung.de\/cms\/thema\/nachrichten\/"},"img":{"alt_text":"","src":"https:\/\/i0.wp.com\/www.jazzzeitung.de\/cms\/wp-content\/uploads\/2019\/05\/Lisa_Wulff_-HELLWAGE-Fotoigrafie-e1557236344785.jpeg?fit=1200%2C729&ssl=1&resize=350%2C200","width":350,"height":200,"srcset":"https:\/\/i0.wp.com\/www.jazzzeitung.de\/cms\/wp-content\/uploads\/2019\/05\/Lisa_Wulff_-HELLWAGE-Fotoigrafie-e1557236344785.jpeg?fit=1200%2C729&ssl=1&resize=350%2C200 1x, https:\/\/i0.wp.com\/www.jazzzeitung.de\/cms\/wp-content\/uploads\/2019\/05\/Lisa_Wulff_-HELLWAGE-Fotoigrafie-e1557236344785.jpeg?fit=1200%2C729&ssl=1&resize=525%2C300 1.5x, https:\/\/i0.wp.com\/www.jazzzeitung.de\/cms\/wp-content\/uploads\/2019\/05\/Lisa_Wulff_-HELLWAGE-Fotoigrafie-e1557236344785.jpeg?fit=1200%2C729&ssl=1&resize=700%2C400 2x, https:\/\/i0.wp.com\/www.jazzzeitung.de\/cms\/wp-content\/uploads\/2019\/05\/Lisa_Wulff_-HELLWAGE-Fotoigrafie-e1557236344785.jpeg?fit=1200%2C729&ssl=1&resize=1050%2C600 3x"},"classes":[]}],"jetpack_sharing_enabled":true,"_links":{"self":[{"href":"https:\/\/www.jazzzeitung.de\/cms\/wp-json\/wp\/v2\/posts\/12583","targetHints":{"allow":["GET"]}}],"collection":[{"href":"https:\/\/www.jazzzeitung.de\/cms\/wp-json\/wp\/v2\/posts"}],"about":[{"href":"https:\/\/www.jazzzeitung.de\/cms\/wp-json\/wp\/v2\/types\/post"}],"author":[{"embeddable":true,"href":"https:\/\/www.jazzzeitung.de\/cms\/wp-json\/wp\/v2\/users\/18"}],"replies":[{"embeddable":true,"href":"https:\/\/www.jazzzeitung.de\/cms\/wp-json\/wp\/v2\/comments?post=12583"}],"version-history":[{"count":7,"href":"https:\/\/www.jazzzeitung.de\/cms\/wp-json\/wp\/v2\/posts\/12583\/revisions"}],"predecessor-version":[{"id":12596,"href":"https:\/\/www.jazzzeitung.de\/cms\/wp-json\/wp\/v2\/posts\/12583\/revisions\/12596"}],"wp:attachment":[{"href":"https:\/\/www.jazzzeitung.de\/cms\/wp-json\/wp\/v2\/media?parent=12583"}],"wp:term":[{"taxonomy":"category","embeddable":true,"href":"https:\/\/www.jazzzeitung.de\/cms\/wp-json\/wp\/v2\/categories?post=12583"},{"taxonomy":"post_tag","embeddable":true,"href":"https:\/\/www.jazzzeitung.de\/cms\/wp-json\/wp\/v2\/tags?post=12583"},{"taxonomy":"author","embeddable":true,"href":"https:\/\/www.jazzzeitung.de\/cms\/wp-json\/wp\/v2\/coauthors?post=12583"}],"curies":[{"name":"wp","href":"https:\/\/api.w.org\/{rel}","templated":true}]}}