{"id":12474,"date":"2017-05-23T12:15:58","date_gmt":"2017-05-23T10:15:58","guid":{"rendered":"https:\/\/www.jazzzeitung.de\/cms\/?p=12474"},"modified":"2017-05-23T12:56:46","modified_gmt":"2017-05-23T10:56:46","slug":"klaus-doldinger-erhaelt-den-echo-jazz-2017-fuer-sein-lebenswerk","status":"publish","type":"post","link":"https:\/\/www.jazzzeitung.de\/cms\/2017\/05\/klaus-doldinger-erhaelt-den-echo-jazz-2017-fuer-sein-lebenswerk\/","title":{"rendered":"Klaus Doldinger erh\u00e4lt den ECHO JAZZ 2017 f\u00fcr sein Lebenswerk"},"content":{"rendered":"<figure id=\"attachment_12478\" aria-describedby=\"caption-attachment-12478\" style=\"width: 150px\" class=\"wp-caption alignleft\"><img data-recalc-dims=\"1\" loading=\"lazy\" decoding=\"async\" data-attachment-id=\"12478\" data-permalink=\"https:\/\/www.jazzzeitung.de\/cms\/2017\/05\/klaus-doldinger-erhaelt-den-echo-jazz-2017-fuer-sein-lebenswerk\/doldingerwarner-music-group_0161-2\/\" data-orig-file=\"https:\/\/i0.wp.com\/www.jazzzeitung.de\/cms\/wp-content\/uploads\/2017\/05\/DoldingerWarner-music-group_0161.jpeg?fit=161%2C240&amp;ssl=1\" data-orig-size=\"161,240\" data-comments-opened=\"1\" data-image-meta=\"{&quot;aperture&quot;:&quot;0&quot;,&quot;credit&quot;:&quot;&quot;,&quot;camera&quot;:&quot;&quot;,&quot;caption&quot;:&quot;&quot;,&quot;created_timestamp&quot;:&quot;0&quot;,&quot;copyright&quot;:&quot;&quot;,&quot;focal_length&quot;:&quot;0&quot;,&quot;iso&quot;:&quot;0&quot;,&quot;shutter_speed&quot;:&quot;0&quot;,&quot;title&quot;:&quot;&quot;,&quot;orientation&quot;:&quot;0&quot;}\" data-image-title=\"\" data-image-description=\"\" data-image-caption=\"&lt;p&gt;Klaus Doldinger. Foto: Warner Music Group&lt;\/p&gt;\n\" data-large-file=\"https:\/\/i0.wp.com\/www.jazzzeitung.de\/cms\/wp-content\/uploads\/2017\/05\/DoldingerWarner-music-group_0161.jpeg?fit=161%2C240&amp;ssl=1\" class=\"size-thumbnail wp-image-12478\" src=\"https:\/\/i0.wp.com\/www.jazzzeitung.de\/cms\/wp-content\/uploads\/2017\/05\/DoldingerWarner-music-group_0161.jpeg?resize=150%2C150&#038;ssl=1\" alt=\"\" width=\"150\" height=\"150\" srcset=\"https:\/\/i0.wp.com\/www.jazzzeitung.de\/cms\/wp-content\/uploads\/2017\/05\/DoldingerWarner-music-group_0161.jpeg?resize=150%2C150&amp;ssl=1 150w, https:\/\/i0.wp.com\/www.jazzzeitung.de\/cms\/wp-content\/uploads\/2017\/05\/DoldingerWarner-music-group_0161.jpeg?resize=144%2C144&amp;ssl=1 144w, https:\/\/i0.wp.com\/www.jazzzeitung.de\/cms\/wp-content\/uploads\/2017\/05\/DoldingerWarner-music-group_0161.jpeg?resize=96%2C96&amp;ssl=1 96w, https:\/\/i0.wp.com\/www.jazzzeitung.de\/cms\/wp-content\/uploads\/2017\/05\/DoldingerWarner-music-group_0161.jpeg?resize=24%2C24&amp;ssl=1 24w, https:\/\/i0.wp.com\/www.jazzzeitung.de\/cms\/wp-content\/uploads\/2017\/05\/DoldingerWarner-music-group_0161.jpeg?resize=36%2C36&amp;ssl=1 36w, https:\/\/i0.wp.com\/www.jazzzeitung.de\/cms\/wp-content\/uploads\/2017\/05\/DoldingerWarner-music-group_0161.jpeg?resize=48%2C48&amp;ssl=1 48w, https:\/\/i0.wp.com\/www.jazzzeitung.de\/cms\/wp-content\/uploads\/2017\/05\/DoldingerWarner-music-group_0161.jpeg?resize=64%2C64&amp;ssl=1 64w, https:\/\/i0.wp.com\/www.jazzzeitung.de\/cms\/wp-content\/uploads\/2017\/05\/DoldingerWarner-music-group_0161.jpeg?resize=32%2C32&amp;ssl=1 32w, https:\/\/i0.wp.com\/www.jazzzeitung.de\/cms\/wp-content\/uploads\/2017\/05\/DoldingerWarner-music-group_0161.jpeg?resize=50%2C50&amp;ssl=1 50w, https:\/\/i0.wp.com\/www.jazzzeitung.de\/cms\/wp-content\/uploads\/2017\/05\/DoldingerWarner-music-group_0161.jpeg?resize=128%2C128&amp;ssl=1 128w\" sizes=\"auto, (max-width: 150px) 100vw, 150px\" \/><figcaption id=\"caption-attachment-12478\" class=\"wp-caption-text\">Klaus Doldinger. Foto: Warner Music Group<\/figcaption><\/figure>\n<p>Berlin\/Hamburg, 23. Mai 2017 \u2013 Der Saxophonist und Bandleader Klaus Doldinger wird in diesem Jahr mit dem ECHO JAZZ f\u00fcr sein Lebenswerk ausgezeichnet. Vor 81 Jahren in Berlin geboren, spielte Doldinger ab 1953 in D\u00fcsseldorf in seiner ersten Band, den \u201eFeetwarmers\u201c, der auch der Kabarettist Dieter S\u00fcverkr\u00fcp sowie der sp\u00e4tere Bundesminister Manfred Lahnstein zeitweilig angeh\u00f6rten. In seiner wohl bekanntesten eigenen Formation, Passport, gegr\u00fcndet 1971, spielte zun\u00e4chst Udo Lindenberg das Schlagzeug. In den 70ern wurde Doldingers Titelmelodie zum \u201eTatort\u201c zur bis heute g\u00fcltigen Ikone, so unsterblich wie seine Musik zu Wolfgang Petersens Welterfolg \u201eDas Boot\u201c, dem Film \u201eDie unendliche Geschichte\u201c sowie den TV-Serien \u201eLiebling Kreuzberg\u201c und \u201eEin Fall f\u00fcr Zwei\u201c. 2016 wurde er f\u00fcr sein Album \u201eDoldinger\u201c, auf dem er mit G\u00e4sten wie Udo Lindenberg, Helge Schneider, Dominic Miller, Sasha, Max Mutzke und dem diesj\u00e4hrigen ECHO JAZZ-Gastgeber Nils Landgren seine Historie Revue passieren l\u00e4sst, von den Kritikern mit einhelligem Lob bedacht. Den ECHO JAZZ f\u00fcr sein Lebenswerk nimmt Doldinger bei der Verleihung am 1. Juni in Hamburg pers\u00f6nlich entgegen, er wird zudem live auftreten.<br \/>\nIn der Begr\u00fcndung der 12-k\u00f6pfigen Jury hei\u00dft es unter anderem: \u201eIm Kofferraum liegt immer ein Saxophon: Es k\u00f6nnte sich eine spannende Session oder musikalische Herausforderung bieten, und dann w\u00e4re er untr\u00f6stlich, h\u00e4tte er sein Horn nicht zur Hand. Denn Klaus Doldinger spielt f\u00fcr sein Leben gern. Geboren am 12. Mai 1936 in Berlin, aufgewachsen in Wien, kam der Knabe mit dem Swing im Marschgep\u00e4ck der amerikanischen Alliierten in Kontakt, war fasziniert und entschloss sich wenige Jahre sp\u00e4ter, in D\u00fcsseldorf Klarinette, Klavier und Komposition zu studieren. [\u2026] Im Kern ist es die Neugier, die Klaus Doldinger antreibt, das Bed\u00fcrfnis, die Welt der Musik aus stetig wechselnden Perspektiven zu durchdringen. Dazu geh\u00f6rt, dass er sich auch mit 81 Jahren energiegeladen auf die B\u00fchne stellt, komponiert, produziert. Dass er Menschen mit seinen Liedern begeistert und gro\u00dfe S\u00e4le in seinen Bann zu ziehen versteht. Und dass er sein Horn im Kofferraum hat. Man wei\u00df ja nie.\u201c<\/p>\n<p>Die Preistr\u00e4ger des ECHO JAZZ 2017 im \u00dcberblick (in alphabetischer Reihenfolge)<\/p>\n<p>Anna-Lena Schnabel \/ Joachim K\u00fchn New Trio \/ Antonio Sanchez \/ Kenny Barron \/ Arne Jansen \/ Klaus Doldinger \/ Branford Marsalis Quartet \/ Lars Danielsson \/ Charlie Hunter \/ Lucia Cadotsch \/ Cuong Vu \/ Marius Neset &amp; London Sinfonietta \/ Daniel Erdmann \/ Michael Wollny \/ Diego Pi\u00f1era \/ Norah Jones \/ \u00c9mile Parisien \/ Vincent Peirani \/ Eva Kruse \/ Arne Reimer f\u00fcr American Jazz Heroes \/ Frederik K\u00f6ster \/ E.S.T. Symphony \/ Gregory Porter<\/p>\n<p><a href=\"http:\/\/www.echojazz.de\">www.echojazz.de<\/a><\/p>\n","protected":false},"excerpt":{"rendered":"<p>Berlin\/Hamburg, 23. Mai 2017 \u2013 Der Saxophonist und Bandleader Klaus Doldinger wird in diesem Jahr mit dem ECHO JAZZ f\u00fcr sein Lebenswerk ausgezeichnet. Vor 81 Jahren in Berlin geboren, spielte Doldinger ab 1953 in D\u00fcsseldorf in seiner ersten Band, den \u201eFeetwarmers\u201c, der auch der Kabarettist Dieter S\u00fcverkr\u00fcp sowie der sp\u00e4tere Bundesminister Manfred Lahnstein zeitweilig angeh\u00f6rten. In seiner wohl bekanntesten eigenen Formation, Passport, gegr\u00fcndet 1971, spielte zun\u00e4chst Udo Lindenberg das Schlagzeug. In den 70ern wurde Doldingers Titelmelodie zum \u201eTatort\u201c zur bis heute g\u00fcltigen Ikone, so unsterblich wie seine Musik zu Wolfgang Petersens Welterfolg \u201eDas Boot\u201c, dem Film \u201eDie unendliche Geschichte\u201c sowie den TV-Serien \u201eLiebling Kreuzberg\u201c und \u201eEin Fall f\u00fcr Zwei\u201c. 2016 wurde er f\u00fcr sein Album \u201eDoldinger\u201c, auf dem er mit G\u00e4sten wie Udo Lindenberg, Helge Schneider, Dominic Miller, Sasha, Max Mutzke und dem diesj\u00e4hrigen ECHO JAZZ-Gastgeber Nils Landgren seine Historie Revue passieren l\u00e4sst, von den Kritikern mit einhelligem Lob bedacht. Den ECHO JAZZ f\u00fcr sein Lebenswerk nimmt Doldinger bei der Verleihung am 1. Juni in Hamburg pers\u00f6nlich entgegen, er wird zudem live auftreten. In der Begr\u00fcndung der 12-k\u00f6pfigen Jury hei\u00dft es unter anderem: \u201eIm Kofferraum &hellip;<\/p>\n","protected":false},"author":18,"featured_media":0,"comment_status":"open","ping_status":"closed","sticky":false,"template":"","format":"standard","meta":{"_jetpack_memberships_contains_paid_content":false,"footnotes":"","jetpack_publicize_message":"","jetpack_publicize_feature_enabled":true,"jetpack_social_post_already_shared":false,"jetpack_social_options":{"image_generator_settings":{"template":"highway","default_image_id":0,"font":"","enabled":false},"version":2}},"categories":[633],"tags":[34,1325,66,980,157,170,1351,189,198,1142,215,220,753,317,326,344,981,359,1405,1313,1158,388,417,859,1170,535,539,1356,562,1010],"coauthors":[695],"class_list":["post-12474","post","type-post","status-publish","format-standard","hentry","category-nachrichten","tag-album","tag-anna-lena-schnabel","tag-berlin","tag-echo","tag-echo-jazz","tag-eva-kruse","tag-film","tag-frederik-koester","tag-geschichte","tag-gregory-porter","tag-hamburg","tag-helge-schneider","tag-joachim-kuehn","tag-klaus-doldinger","tag-kruse","tag-lars-danielsson","tag-lebenswerk","tag-london","tag-lucia","tag-lucia-cadotsch","tag-marius-neset","tag-michael-wollny","tag-nils-landgren","tag-passport","tag-preistraeger","tag-swing","tag-tatort","tag-trio","tag-tv","tag-vincent-peirani"],"yoast_head":"<!-- This site is optimized with the Yoast SEO plugin v27.5 - https:\/\/yoast.com\/product\/yoast-seo-wordpress\/ -->\n<title>Klaus Doldinger erh\u00e4lt den ECHO JAZZ 2017 f\u00fcr sein Lebenswerk - JazzZeitung<\/title>\n<meta name=\"robots\" content=\"index, follow, max-snippet:-1, max-image-preview:large, max-video-preview:-1\" \/>\n<link rel=\"canonical\" href=\"https:\/\/www.jazzzeitung.de\/cms\/2017\/05\/klaus-doldinger-erhaelt-den-echo-jazz-2017-fuer-sein-lebenswerk\/\" \/>\n<meta property=\"og:locale\" content=\"de_DE\" \/>\n<meta property=\"og:type\" content=\"article\" \/>\n<meta property=\"og:title\" content=\"Klaus Doldinger erh\u00e4lt den ECHO JAZZ 2017 f\u00fcr sein Lebenswerk - JazzZeitung\" \/>\n<meta property=\"og:description\" content=\"Berlin\/Hamburg, 23. Mai 2017 \u2013 Der Saxophonist und Bandleader Klaus Doldinger wird in diesem Jahr mit dem ECHO JAZZ f\u00fcr sein Lebenswerk ausgezeichnet. Vor 81 Jahren in Berlin geboren, spielte Doldinger ab 1953 in D\u00fcsseldorf in seiner ersten Band, den \u201eFeetwarmers\u201c, der auch der Kabarettist Dieter S\u00fcverkr\u00fcp sowie der sp\u00e4tere Bundesminister Manfred Lahnstein zeitweilig angeh\u00f6rten. In seiner wohl bekanntesten eigenen Formation, Passport, gegr\u00fcndet 1971, spielte zun\u00e4chst Udo Lindenberg das Schlagzeug. In den 70ern wurde Doldingers Titelmelodie zum \u201eTatort\u201c zur bis heute g\u00fcltigen Ikone, so unsterblich wie seine Musik zu Wolfgang Petersens Welterfolg \u201eDas Boot\u201c, dem Film \u201eDie unendliche Geschichte\u201c sowie den TV-Serien \u201eLiebling Kreuzberg\u201c und \u201eEin Fall f\u00fcr Zwei\u201c. 2016 wurde er f\u00fcr sein Album \u201eDoldinger\u201c, auf dem er mit G\u00e4sten wie Udo Lindenberg, Helge Schneider, Dominic Miller, Sasha, Max Mutzke und dem diesj\u00e4hrigen ECHO JAZZ-Gastgeber Nils Landgren seine Historie Revue passieren l\u00e4sst, von den Kritikern mit einhelligem Lob bedacht. Den ECHO JAZZ f\u00fcr sein Lebenswerk nimmt Doldinger bei der Verleihung am 1. Juni in Hamburg pers\u00f6nlich entgegen, er wird zudem live auftreten. In der Begr\u00fcndung der 12-k\u00f6pfigen Jury hei\u00dft es unter anderem: \u201eIm Kofferraum &hellip;\" \/>\n<meta property=\"og:url\" content=\"https:\/\/www.jazzzeitung.de\/cms\/2017\/05\/klaus-doldinger-erhaelt-den-echo-jazz-2017-fuer-sein-lebenswerk\/\" \/>\n<meta property=\"og:site_name\" content=\"JazzZeitung\" \/>\n<meta property=\"article:publisher\" content=\"https:\/\/www.facebook.com\/JazzZeitung\/\" \/>\n<meta property=\"article:published_time\" content=\"2017-05-23T10:15:58+00:00\" \/>\n<meta property=\"article:modified_time\" content=\"2017-05-23T10:56:46+00:00\" \/>\n<meta property=\"og:image\" content=\"https:\/\/www.jazzzeitung.de\/cms\/wp-content\/uploads\/2017\/05\/DoldingerWarner-music-group_0161-150x150.jpeg\" \/>\n<meta name=\"author\" content=\"Redaktion JazzZeitung\" \/>\n<script type=\"application\/ld+json\" class=\"yoast-schema-graph\">{\"@context\":\"https:\\\/\\\/schema.org\",\"@graph\":[{\"@type\":\"Article\",\"@id\":\"https:\\\/\\\/www.jazzzeitung.de\\\/cms\\\/2017\\\/05\\\/klaus-doldinger-erhaelt-den-echo-jazz-2017-fuer-sein-lebenswerk\\\/#article\",\"isPartOf\":{\"@id\":\"https:\\\/\\\/www.jazzzeitung.de\\\/cms\\\/2017\\\/05\\\/klaus-doldinger-erhaelt-den-echo-jazz-2017-fuer-sein-lebenswerk\\\/\"},\"author\":{\"name\":\"Redaktion JazzZeitung\",\"@id\":\"https:\\\/\\\/www.jazzzeitung.de\\\/cms\\\/#\\\/schema\\\/person\\\/2245b36b9cd1d24cea10f01c031fb92b\"},\"headline\":\"Klaus Doldinger erh\u00e4lt den ECHO JAZZ 2017 f\u00fcr sein Lebenswerk\",\"datePublished\":\"2017-05-23T10:15:58+00:00\",\"dateModified\":\"2017-05-23T10:56:46+00:00\",\"mainEntityOfPage\":{\"@id\":\"https:\\\/\\\/www.jazzzeitung.de\\\/cms\\\/2017\\\/05\\\/klaus-doldinger-erhaelt-den-echo-jazz-2017-fuer-sein-lebenswerk\\\/\"},\"wordCount\":446,\"commentCount\":0,\"publisher\":{\"@id\":\"https:\\\/\\\/www.jazzzeitung.de\\\/cms\\\/#organization\"},\"image\":{\"@id\":\"https:\\\/\\\/www.jazzzeitung.de\\\/cms\\\/2017\\\/05\\\/klaus-doldinger-erhaelt-den-echo-jazz-2017-fuer-sein-lebenswerk\\\/#primaryimage\"},\"thumbnailUrl\":\"https:\\\/\\\/www.jazzzeitung.de\\\/cms\\\/wp-content\\\/uploads\\\/2017\\\/05\\\/DoldingerWarner-music-group_0161-150x150.jpeg\",\"keywords\":[\"Album\",\"Anna-Lena Schnabel\",\"Berlin\",\"ECHO\",\"Echo Jazz\",\"Eva Kruse\",\"Film\",\"Frederik K\u00f6ster\",\"Geschichte\",\"Gregory Porter\",\"Hamburg\",\"Helge Schneider\",\"Joachim K\u00fchn\",\"Klaus Doldinger\",\"Kruse\",\"Lars Danielsson\",\"Lebenswerk\",\"London\",\"Lucia\",\"Lucia Cadotsch\",\"Marius Neset\",\"Michael Wollny\",\"Nils Landgren\",\"Passport\",\"Preistr\u00e4ger\",\"Swing\",\"Tatort\",\"trio\",\"TV\",\"Vincent Peirani\"],\"articleSection\":[\"News\"],\"inLanguage\":\"de\",\"potentialAction\":[{\"@type\":\"CommentAction\",\"name\":\"Comment\",\"target\":[\"https:\\\/\\\/www.jazzzeitung.de\\\/cms\\\/2017\\\/05\\\/klaus-doldinger-erhaelt-den-echo-jazz-2017-fuer-sein-lebenswerk\\\/#respond\"]}]},{\"@type\":\"WebPage\",\"@id\":\"https:\\\/\\\/www.jazzzeitung.de\\\/cms\\\/2017\\\/05\\\/klaus-doldinger-erhaelt-den-echo-jazz-2017-fuer-sein-lebenswerk\\\/\",\"url\":\"https:\\\/\\\/www.jazzzeitung.de\\\/cms\\\/2017\\\/05\\\/klaus-doldinger-erhaelt-den-echo-jazz-2017-fuer-sein-lebenswerk\\\/\",\"name\":\"Klaus Doldinger erh\u00e4lt den ECHO JAZZ 2017 f\u00fcr sein Lebenswerk - JazzZeitung\",\"isPartOf\":{\"@id\":\"https:\\\/\\\/www.jazzzeitung.de\\\/cms\\\/#website\"},\"primaryImageOfPage\":{\"@id\":\"https:\\\/\\\/www.jazzzeitung.de\\\/cms\\\/2017\\\/05\\\/klaus-doldinger-erhaelt-den-echo-jazz-2017-fuer-sein-lebenswerk\\\/#primaryimage\"},\"image\":{\"@id\":\"https:\\\/\\\/www.jazzzeitung.de\\\/cms\\\/2017\\\/05\\\/klaus-doldinger-erhaelt-den-echo-jazz-2017-fuer-sein-lebenswerk\\\/#primaryimage\"},\"thumbnailUrl\":\"https:\\\/\\\/www.jazzzeitung.de\\\/cms\\\/wp-content\\\/uploads\\\/2017\\\/05\\\/DoldingerWarner-music-group_0161-150x150.jpeg\",\"datePublished\":\"2017-05-23T10:15:58+00:00\",\"dateModified\":\"2017-05-23T10:56:46+00:00\",\"breadcrumb\":{\"@id\":\"https:\\\/\\\/www.jazzzeitung.de\\\/cms\\\/2017\\\/05\\\/klaus-doldinger-erhaelt-den-echo-jazz-2017-fuer-sein-lebenswerk\\\/#breadcrumb\"},\"inLanguage\":\"de\",\"potentialAction\":[{\"@type\":\"ReadAction\",\"target\":[\"https:\\\/\\\/www.jazzzeitung.de\\\/cms\\\/2017\\\/05\\\/klaus-doldinger-erhaelt-den-echo-jazz-2017-fuer-sein-lebenswerk\\\/\"]}]},{\"@type\":\"ImageObject\",\"inLanguage\":\"de\",\"@id\":\"https:\\\/\\\/www.jazzzeitung.de\\\/cms\\\/2017\\\/05\\\/klaus-doldinger-erhaelt-den-echo-jazz-2017-fuer-sein-lebenswerk\\\/#primaryimage\",\"url\":\"https:\\\/\\\/www.jazzzeitung.de\\\/cms\\\/wp-content\\\/uploads\\\/2017\\\/05\\\/DoldingerWarner-music-group_0161-150x150.jpeg\",\"contentUrl\":\"https:\\\/\\\/www.jazzzeitung.de\\\/cms\\\/wp-content\\\/uploads\\\/2017\\\/05\\\/DoldingerWarner-music-group_0161-150x150.jpeg\"},{\"@type\":\"BreadcrumbList\",\"@id\":\"https:\\\/\\\/www.jazzzeitung.de\\\/cms\\\/2017\\\/05\\\/klaus-doldinger-erhaelt-den-echo-jazz-2017-fuer-sein-lebenswerk\\\/#breadcrumb\",\"itemListElement\":[{\"@type\":\"ListItem\",\"position\":1,\"name\":\"Startseite\",\"item\":\"https:\\\/\\\/www.jazzzeitung.de\\\/cms\\\/\"},{\"@type\":\"ListItem\",\"position\":2,\"name\":\"Klaus Doldinger erh\u00e4lt den ECHO JAZZ 2017 f\u00fcr sein Lebenswerk\"}]},{\"@type\":\"WebSite\",\"@id\":\"https:\\\/\\\/www.jazzzeitung.de\\\/cms\\\/#website\",\"url\":\"https:\\\/\\\/www.jazzzeitung.de\\\/cms\\\/\",\"name\":\"JazzZeitung\",\"description\":\"Jazz-News und Jazz-Kontroverses\",\"publisher\":{\"@id\":\"https:\\\/\\\/www.jazzzeitung.de\\\/cms\\\/#organization\"},\"potentialAction\":[{\"@type\":\"SearchAction\",\"target\":{\"@type\":\"EntryPoint\",\"urlTemplate\":\"https:\\\/\\\/www.jazzzeitung.de\\\/cms\\\/?s={search_term_string}\"},\"query-input\":{\"@type\":\"PropertyValueSpecification\",\"valueRequired\":true,\"valueName\":\"search_term_string\"}}],\"inLanguage\":\"de\"},{\"@type\":\"Organization\",\"@id\":\"https:\\\/\\\/www.jazzzeitung.de\\\/cms\\\/#organization\",\"name\":\"JazzZeitung online\",\"url\":\"https:\\\/\\\/www.jazzzeitung.de\\\/cms\\\/\",\"logo\":{\"@type\":\"ImageObject\",\"inLanguage\":\"de\",\"@id\":\"https:\\\/\\\/www.jazzzeitung.de\\\/cms\\\/#\\\/schema\\\/logo\\\/image\\\/\",\"url\":\"https:\\\/\\\/i0.wp.com\\\/www.jazzzeitung.de\\\/cms\\\/wp-content\\\/uploads\\\/2015\\\/08\\\/JAZZZEITUNGDE_Logo_Neu.png?fit=499%2C200&ssl=1\",\"contentUrl\":\"https:\\\/\\\/i0.wp.com\\\/www.jazzzeitung.de\\\/cms\\\/wp-content\\\/uploads\\\/2015\\\/08\\\/JAZZZEITUNGDE_Logo_Neu.png?fit=499%2C200&ssl=1\",\"width\":499,\"height\":200,\"caption\":\"JazzZeitung online\"},\"image\":{\"@id\":\"https:\\\/\\\/www.jazzzeitung.de\\\/cms\\\/#\\\/schema\\\/logo\\\/image\\\/\"},\"sameAs\":[\"https:\\\/\\\/www.facebook.com\\\/JazzZeitung\\\/\"]},{\"@type\":\"Person\",\"@id\":\"https:\\\/\\\/www.jazzzeitung.de\\\/cms\\\/#\\\/schema\\\/person\\\/2245b36b9cd1d24cea10f01c031fb92b\",\"name\":\"Redaktion JazzZeitung\",\"image\":{\"@type\":\"ImageObject\",\"inLanguage\":\"de\",\"@id\":\"https:\\\/\\\/i0.wp.com\\\/www.jazzzeitung.de\\\/cms\\\/wp-content\\\/uploads\\\/2015\\\/08\\\/JAZZZEITUNGDE_Logo_Neu.png?resize=96%2C96&ssl=159975dcacb611b5700bd619b5daf0a7a\",\"url\":\"https:\\\/\\\/i0.wp.com\\\/www.jazzzeitung.de\\\/cms\\\/wp-content\\\/uploads\\\/2015\\\/08\\\/JAZZZEITUNGDE_Logo_Neu.png?resize=96%2C96&ssl=1\",\"contentUrl\":\"https:\\\/\\\/i0.wp.com\\\/www.jazzzeitung.de\\\/cms\\\/wp-content\\\/uploads\\\/2015\\\/08\\\/JAZZZEITUNGDE_Logo_Neu.png?resize=96%2C96&ssl=1\",\"caption\":\"Redaktion JazzZeitung\"},\"description\":\"Artikel der Redaktion der JazzZeitung.\",\"sameAs\":[\"http:\\\/\\\/www.jazzzeitung.de\\\/cms\\\/\"],\"url\":\"https:\\\/\\\/www.jazzzeitung.de\\\/cms\\\/author\\\/redaktion\\\/\"}]}<\/script>\n<!-- \/ Yoast SEO plugin. -->","yoast_head_json":{"title":"Klaus Doldinger erh\u00e4lt den ECHO JAZZ 2017 f\u00fcr sein Lebenswerk - JazzZeitung","robots":{"index":"index","follow":"follow","max-snippet":"max-snippet:-1","max-image-preview":"max-image-preview:large","max-video-preview":"max-video-preview:-1"},"canonical":"https:\/\/www.jazzzeitung.de\/cms\/2017\/05\/klaus-doldinger-erhaelt-den-echo-jazz-2017-fuer-sein-lebenswerk\/","og_locale":"de_DE","og_type":"article","og_title":"Klaus Doldinger erh\u00e4lt den ECHO JAZZ 2017 f\u00fcr sein Lebenswerk - JazzZeitung","og_description":"Berlin\/Hamburg, 23. Mai 2017 \u2013 Der Saxophonist und Bandleader Klaus Doldinger wird in diesem Jahr mit dem ECHO JAZZ f\u00fcr sein Lebenswerk ausgezeichnet. Vor 81 Jahren in Berlin geboren, spielte Doldinger ab 1953 in D\u00fcsseldorf in seiner ersten Band, den \u201eFeetwarmers\u201c, der auch der Kabarettist Dieter S\u00fcverkr\u00fcp sowie der sp\u00e4tere Bundesminister Manfred Lahnstein zeitweilig angeh\u00f6rten. In seiner wohl bekanntesten eigenen Formation, Passport, gegr\u00fcndet 1971, spielte zun\u00e4chst Udo Lindenberg das Schlagzeug. In den 70ern wurde Doldingers Titelmelodie zum \u201eTatort\u201c zur bis heute g\u00fcltigen Ikone, so unsterblich wie seine Musik zu Wolfgang Petersens Welterfolg \u201eDas Boot\u201c, dem Film \u201eDie unendliche Geschichte\u201c sowie den TV-Serien \u201eLiebling Kreuzberg\u201c und \u201eEin Fall f\u00fcr Zwei\u201c. 2016 wurde er f\u00fcr sein Album \u201eDoldinger\u201c, auf dem er mit G\u00e4sten wie Udo Lindenberg, Helge Schneider, Dominic Miller, Sasha, Max Mutzke und dem diesj\u00e4hrigen ECHO JAZZ-Gastgeber Nils Landgren seine Historie Revue passieren l\u00e4sst, von den Kritikern mit einhelligem Lob bedacht. Den ECHO JAZZ f\u00fcr sein Lebenswerk nimmt Doldinger bei der Verleihung am 1. Juni in Hamburg pers\u00f6nlich entgegen, er wird zudem live auftreten. In der Begr\u00fcndung der 12-k\u00f6pfigen Jury hei\u00dft es unter anderem: \u201eIm Kofferraum &hellip;","og_url":"https:\/\/www.jazzzeitung.de\/cms\/2017\/05\/klaus-doldinger-erhaelt-den-echo-jazz-2017-fuer-sein-lebenswerk\/","og_site_name":"JazzZeitung","article_publisher":"https:\/\/www.facebook.com\/JazzZeitung\/","article_published_time":"2017-05-23T10:15:58+00:00","article_modified_time":"2017-05-23T10:56:46+00:00","og_image":[{"url":"https:\/\/www.jazzzeitung.de\/cms\/wp-content\/uploads\/2017\/05\/DoldingerWarner-music-group_0161-150x150.jpeg","type":"","width":"","height":""}],"author":"Redaktion JazzZeitung","schema":{"@context":"https:\/\/schema.org","@graph":[{"@type":"Article","@id":"https:\/\/www.jazzzeitung.de\/cms\/2017\/05\/klaus-doldinger-erhaelt-den-echo-jazz-2017-fuer-sein-lebenswerk\/#article","isPartOf":{"@id":"https:\/\/www.jazzzeitung.de\/cms\/2017\/05\/klaus-doldinger-erhaelt-den-echo-jazz-2017-fuer-sein-lebenswerk\/"},"author":{"name":"Redaktion JazzZeitung","@id":"https:\/\/www.jazzzeitung.de\/cms\/#\/schema\/person\/2245b36b9cd1d24cea10f01c031fb92b"},"headline":"Klaus Doldinger erh\u00e4lt den ECHO JAZZ 2017 f\u00fcr sein Lebenswerk","datePublished":"2017-05-23T10:15:58+00:00","dateModified":"2017-05-23T10:56:46+00:00","mainEntityOfPage":{"@id":"https:\/\/www.jazzzeitung.de\/cms\/2017\/05\/klaus-doldinger-erhaelt-den-echo-jazz-2017-fuer-sein-lebenswerk\/"},"wordCount":446,"commentCount":0,"publisher":{"@id":"https:\/\/www.jazzzeitung.de\/cms\/#organization"},"image":{"@id":"https:\/\/www.jazzzeitung.de\/cms\/2017\/05\/klaus-doldinger-erhaelt-den-echo-jazz-2017-fuer-sein-lebenswerk\/#primaryimage"},"thumbnailUrl":"https:\/\/www.jazzzeitung.de\/cms\/wp-content\/uploads\/2017\/05\/DoldingerWarner-music-group_0161-150x150.jpeg","keywords":["Album","Anna-Lena Schnabel","Berlin","ECHO","Echo Jazz","Eva Kruse","Film","Frederik K\u00f6ster","Geschichte","Gregory Porter","Hamburg","Helge Schneider","Joachim K\u00fchn","Klaus Doldinger","Kruse","Lars Danielsson","Lebenswerk","London","Lucia","Lucia Cadotsch","Marius Neset","Michael Wollny","Nils Landgren","Passport","Preistr\u00e4ger","Swing","Tatort","trio","TV","Vincent Peirani"],"articleSection":["News"],"inLanguage":"de","potentialAction":[{"@type":"CommentAction","name":"Comment","target":["https:\/\/www.jazzzeitung.de\/cms\/2017\/05\/klaus-doldinger-erhaelt-den-echo-jazz-2017-fuer-sein-lebenswerk\/#respond"]}]},{"@type":"WebPage","@id":"https:\/\/www.jazzzeitung.de\/cms\/2017\/05\/klaus-doldinger-erhaelt-den-echo-jazz-2017-fuer-sein-lebenswerk\/","url":"https:\/\/www.jazzzeitung.de\/cms\/2017\/05\/klaus-doldinger-erhaelt-den-echo-jazz-2017-fuer-sein-lebenswerk\/","name":"Klaus Doldinger erh\u00e4lt den ECHO JAZZ 2017 f\u00fcr sein Lebenswerk - JazzZeitung","isPartOf":{"@id":"https:\/\/www.jazzzeitung.de\/cms\/#website"},"primaryImageOfPage":{"@id":"https:\/\/www.jazzzeitung.de\/cms\/2017\/05\/klaus-doldinger-erhaelt-den-echo-jazz-2017-fuer-sein-lebenswerk\/#primaryimage"},"image":{"@id":"https:\/\/www.jazzzeitung.de\/cms\/2017\/05\/klaus-doldinger-erhaelt-den-echo-jazz-2017-fuer-sein-lebenswerk\/#primaryimage"},"thumbnailUrl":"https:\/\/www.jazzzeitung.de\/cms\/wp-content\/uploads\/2017\/05\/DoldingerWarner-music-group_0161-150x150.jpeg","datePublished":"2017-05-23T10:15:58+00:00","dateModified":"2017-05-23T10:56:46+00:00","breadcrumb":{"@id":"https:\/\/www.jazzzeitung.de\/cms\/2017\/05\/klaus-doldinger-erhaelt-den-echo-jazz-2017-fuer-sein-lebenswerk\/#breadcrumb"},"inLanguage":"de","potentialAction":[{"@type":"ReadAction","target":["https:\/\/www.jazzzeitung.de\/cms\/2017\/05\/klaus-doldinger-erhaelt-den-echo-jazz-2017-fuer-sein-lebenswerk\/"]}]},{"@type":"ImageObject","inLanguage":"de","@id":"https:\/\/www.jazzzeitung.de\/cms\/2017\/05\/klaus-doldinger-erhaelt-den-echo-jazz-2017-fuer-sein-lebenswerk\/#primaryimage","url":"https:\/\/www.jazzzeitung.de\/cms\/wp-content\/uploads\/2017\/05\/DoldingerWarner-music-group_0161-150x150.jpeg","contentUrl":"https:\/\/www.jazzzeitung.de\/cms\/wp-content\/uploads\/2017\/05\/DoldingerWarner-music-group_0161-150x150.jpeg"},{"@type":"BreadcrumbList","@id":"https:\/\/www.jazzzeitung.de\/cms\/2017\/05\/klaus-doldinger-erhaelt-den-echo-jazz-2017-fuer-sein-lebenswerk\/#breadcrumb","itemListElement":[{"@type":"ListItem","position":1,"name":"Startseite","item":"https:\/\/www.jazzzeitung.de\/cms\/"},{"@type":"ListItem","position":2,"name":"Klaus Doldinger erh\u00e4lt den ECHO JAZZ 2017 f\u00fcr sein Lebenswerk"}]},{"@type":"WebSite","@id":"https:\/\/www.jazzzeitung.de\/cms\/#website","url":"https:\/\/www.jazzzeitung.de\/cms\/","name":"JazzZeitung","description":"Jazz-News und Jazz-Kontroverses","publisher":{"@id":"https:\/\/www.jazzzeitung.de\/cms\/#organization"},"potentialAction":[{"@type":"SearchAction","target":{"@type":"EntryPoint","urlTemplate":"https:\/\/www.jazzzeitung.de\/cms\/?s={search_term_string}"},"query-input":{"@type":"PropertyValueSpecification","valueRequired":true,"valueName":"search_term_string"}}],"inLanguage":"de"},{"@type":"Organization","@id":"https:\/\/www.jazzzeitung.de\/cms\/#organization","name":"JazzZeitung online","url":"https:\/\/www.jazzzeitung.de\/cms\/","logo":{"@type":"ImageObject","inLanguage":"de","@id":"https:\/\/www.jazzzeitung.de\/cms\/#\/schema\/logo\/image\/","url":"https:\/\/i0.wp.com\/www.jazzzeitung.de\/cms\/wp-content\/uploads\/2015\/08\/JAZZZEITUNGDE_Logo_Neu.png?fit=499%2C200&ssl=1","contentUrl":"https:\/\/i0.wp.com\/www.jazzzeitung.de\/cms\/wp-content\/uploads\/2015\/08\/JAZZZEITUNGDE_Logo_Neu.png?fit=499%2C200&ssl=1","width":499,"height":200,"caption":"JazzZeitung online"},"image":{"@id":"https:\/\/www.jazzzeitung.de\/cms\/#\/schema\/logo\/image\/"},"sameAs":["https:\/\/www.facebook.com\/JazzZeitung\/"]},{"@type":"Person","@id":"https:\/\/www.jazzzeitung.de\/cms\/#\/schema\/person\/2245b36b9cd1d24cea10f01c031fb92b","name":"Redaktion JazzZeitung","image":{"@type":"ImageObject","inLanguage":"de","@id":"https:\/\/i0.wp.com\/www.jazzzeitung.de\/cms\/wp-content\/uploads\/2015\/08\/JAZZZEITUNGDE_Logo_Neu.png?resize=96%2C96&ssl=159975dcacb611b5700bd619b5daf0a7a","url":"https:\/\/i0.wp.com\/www.jazzzeitung.de\/cms\/wp-content\/uploads\/2015\/08\/JAZZZEITUNGDE_Logo_Neu.png?resize=96%2C96&ssl=1","contentUrl":"https:\/\/i0.wp.com\/www.jazzzeitung.de\/cms\/wp-content\/uploads\/2015\/08\/JAZZZEITUNGDE_Logo_Neu.png?resize=96%2C96&ssl=1","caption":"Redaktion JazzZeitung"},"description":"Artikel der Redaktion der JazzZeitung.","sameAs":["http:\/\/www.jazzzeitung.de\/cms\/"],"url":"https:\/\/www.jazzzeitung.de\/cms\/author\/redaktion\/"}]}},"wp-worthy-pixel":{"ignored":false,"public":null,"server":null,"url":null},"wp-worthy-type":"normal","jetpack_publicize_connections":[],"cc_featured_image_caption":{"caption_text":false,"source_text":false,"source_url":false},"jetpack_featured_media_url":"","jetpack_shortlink":"https:\/\/wp.me\/p3KEcT-3fc","jetpack-related-posts":[{"id":15177,"url":"https:\/\/www.jazzzeitung.de\/cms\/2018\/02\/gema-musikautorinnenpreis-klaus-doldinger-wird-fuer-sein-lebenswerk-ausgezeichnet\/","url_meta":{"origin":12474,"position":0},"title":"GEMA-Musikautorinnenpreis: Klaus Doldinger wird f\u00fcr sein Lebenswerk ausgezeichnet","author":"Martin Hufner","date":"28. Februar 2018","format":false,"excerpt":"Pressemitteilung: Filmmusik-Komponist und Jazzlegende Klaus Doldinger wird bei der Jubil\u00e4umsgala des zehnten Deutschen Musikautorenpreises am 15. M\u00e4rz 2018 von der GEMA f\u00fcr sein Lebenswerk geehrt. Aus Doldingers Feder stammen unter anderem die ber\u00fchmte \u201eTatort\u201c- Titelmelodie sowie Musik zum legend\u00e4ren Film \u201eDas Boot\u201c. \u201eEr hat ein ph\u00e4nomenales Gesp\u00fcr f\u00fcr jene Motive\u2026","rel":"","context":"In &quot;News&quot;","block_context":{"text":"News","link":"https:\/\/www.jazzzeitung.de\/cms\/thema\/nachrichten\/"},"img":{"alt_text":"Klaus Doldinger. Foto: \u00a9 Peter Honnemann.","src":"https:\/\/i0.wp.com\/www.jazzzeitung.de\/cms\/wp-content\/uploads\/2018\/02\/DMAP2018_Klaus_Doldinger_c_Peter_Ho__nnemann.jpg?fit=1200%2C1105&ssl=1&resize=350%2C200","width":350,"height":200,"srcset":"https:\/\/i0.wp.com\/www.jazzzeitung.de\/cms\/wp-content\/uploads\/2018\/02\/DMAP2018_Klaus_Doldinger_c_Peter_Ho__nnemann.jpg?fit=1200%2C1105&ssl=1&resize=350%2C200 1x, https:\/\/i0.wp.com\/www.jazzzeitung.de\/cms\/wp-content\/uploads\/2018\/02\/DMAP2018_Klaus_Doldinger_c_Peter_Ho__nnemann.jpg?fit=1200%2C1105&ssl=1&resize=525%2C300 1.5x, https:\/\/i0.wp.com\/www.jazzzeitung.de\/cms\/wp-content\/uploads\/2018\/02\/DMAP2018_Klaus_Doldinger_c_Peter_Ho__nnemann.jpg?fit=1200%2C1105&ssl=1&resize=700%2C400 2x, https:\/\/i0.wp.com\/www.jazzzeitung.de\/cms\/wp-content\/uploads\/2018\/02\/DMAP2018_Klaus_Doldinger_c_Peter_Ho__nnemann.jpg?fit=1200%2C1105&ssl=1&resize=1050%2C600 3x"},"classes":[]},{"id":8255,"url":"https:\/\/www.jazzzeitung.de\/cms\/2016\/02\/german-jazz-trophy-2016-geht-klaus-doldinger\/","url_meta":{"origin":12474,"position":1},"title":"German Jazz Trophy 2016 geht an Klaus Doldinger","author":"Redaktion JazzZeitung","date":"1. Februar 2016","format":false,"excerpt":"Der Saxophonist und Komponist Klaus Doldinger (12. Mai 1936 in Berlin) wird mit der German Jazz Trophy ausgezeichnet. Dies wurde heute auf der Pressekonferenz zurm Festival jazzopen in Stuttgart bekanntgegeben. Der Preis ist mit 15.000 Euro sowie mit einer Statue des Stuttgarter Bildhauers Otto Herbert Hajek dotiert und wird von\u2026","rel":"","context":"In &quot;Redaktionelle Nachrichten&quot;","block_context":{"text":"Redaktionelle Nachrichten","link":"https:\/\/www.jazzzeitung.de\/cms\/thema\/redaktion\/"},"img":{"alt_text":"Der Preistr\u00e4ger Klaus Doldinger. Foto: Warner music group","src":"https:\/\/i0.wp.com\/www.jazzzeitung.de\/cms\/wp-content\/uploads\/2016\/02\/DoldingerWarner-music-groupX_2939-e1454316881588-150x150.jpeg?resize=350%2C200","width":350,"height":200},"classes":[]},{"id":11803,"url":"https:\/\/www.jazzzeitung.de\/cms\/2017\/02\/je-preiser-gekroent-jazzpreise-im-monat-februar\/","url_meta":{"origin":12474,"position":2},"title":"Preistr\u00e4gerkonzerte: Klaus Doldinger spielte f\u00fcr Moritz Stahl","author":"Redaktion JazzZeitung","date":"28. Februar 2017","format":false,"excerpt":"Bereits im November 2016 war der Komponist und Saxophonist Klaus Doldinger mit dem Kulturellen Ehrenpreis der Landeshauptstadt M\u00fcnchen ausgezeichnet worden. Am Dienstag, den 14. Februar, wurde der Preis\u00a0 im Festsaal des Alten Rathauses durch Oberb\u00fcrgermeister Dieter Reiter verliehen.\u00a0Die Laudatio hielt G\u00fcnter Rohrbach, f\u00fcr die musikalische Umrahmung sorgten Roberto Di Gioia,\u2026","rel":"","context":"In &quot;Bericht&quot;","block_context":{"text":"Bericht","link":"https:\/\/www.jazzzeitung.de\/cms\/thema\/bericht\/"},"img":{"alt_text":"","src":"https:\/\/i0.wp.com\/www.jazzzeitung.de\/cms\/wp-content\/uploads\/2017\/02\/Doldinger-Sopran-dombr-150x150.jpg?resize=350%2C200","width":350,"height":200},"classes":[]},{"id":12,"url":"https:\/\/www.jazzzeitung.de\/cms\/2010\/04\/klaus-doldinger-im-gespraech-mt-ursula-gaisa\/","url_meta":{"origin":12474,"position":3},"title":"Klaus Doldinger im Gespr\u00e4ch mt Ursula Gaisa","author":"Redaktion JazzZeitung","date":"9. April 2010","format":false,"excerpt":"Am 5. Mai erh\u00e4lt Klaus Doldinger den ECHO, der erstmals in der Kategorie Jazz verliehen wird. Aus diesem Anlass spricht der Komponist und Musiker auf der nmz-B\u00fchne mit Ursula Gaisa (Jazzzeitung) \u00fcber die Rolle des Jazz in Deutschland und seine Karriere als Filmkomponist. http:\/\/www.nmz.de\/files\/videos\/Doldinger_nmzMedia720.flv","rel":"","context":"In &quot;Redaktionelle Nachrichten&quot;","block_context":{"text":"Redaktionelle Nachrichten","link":"https:\/\/www.jazzzeitung.de\/cms\/thema\/redaktion\/"},"img":{"alt_text":"","src":"","width":0,"height":0},"classes":[]},{"id":33225,"url":"https:\/\/www.jazzzeitung.de\/cms\/2025\/10\/klaus-doldinger-meister-der-melodie-ein-nachruf\/","url_meta":{"origin":12474,"position":4},"title":"Klaus Doldinger &#8211; Meister der Melodie, ein Nachruf","author":"Redaktion JazzZeitung","date":"20. Oktober 2025","format":false,"excerpt":"(Von Oliver Hochkeppel)\u00a0Passport, Tatort und Das Boot \u2013 mit Klaus Doldinger ist eine pr\u00e4gende Gestalt der deutschen Nachkriegskultur gestorben. Ein richtiger B\u00fchnenabschied blieb Klaus Doldinger verwehrt. Die wohl letzte gro\u00dfe Tour zum 85. Geburtstag fiel Corona zum Opfer, den Nachholtermin im Prinzregententheater im Jahr darauf machte ein kleiner Sturz des\u2026","rel":"","context":"In &quot;Portrait&quot;","block_context":{"text":"Portrait","link":"https:\/\/www.jazzzeitung.de\/cms\/thema\/portrait\/"},"img":{"alt_text":"","src":"https:\/\/i0.wp.com\/www.jazzzeitung.de\/cms\/wp-content\/uploads\/2025\/10\/P1111405-sw-Doldinger-Unterfarht-Foto-TJ-Krebs-scaled.jpg?fit=1200%2C800&ssl=1&resize=350%2C200","width":350,"height":200,"srcset":"https:\/\/i0.wp.com\/www.jazzzeitung.de\/cms\/wp-content\/uploads\/2025\/10\/P1111405-sw-Doldinger-Unterfarht-Foto-TJ-Krebs-scaled.jpg?fit=1200%2C800&ssl=1&resize=350%2C200 1x, https:\/\/i0.wp.com\/www.jazzzeitung.de\/cms\/wp-content\/uploads\/2025\/10\/P1111405-sw-Doldinger-Unterfarht-Foto-TJ-Krebs-scaled.jpg?fit=1200%2C800&ssl=1&resize=525%2C300 1.5x, https:\/\/i0.wp.com\/www.jazzzeitung.de\/cms\/wp-content\/uploads\/2025\/10\/P1111405-sw-Doldinger-Unterfarht-Foto-TJ-Krebs-scaled.jpg?fit=1200%2C800&ssl=1&resize=700%2C400 2x, https:\/\/i0.wp.com\/www.jazzzeitung.de\/cms\/wp-content\/uploads\/2025\/10\/P1111405-sw-Doldinger-Unterfarht-Foto-TJ-Krebs-scaled.jpg?fit=1200%2C800&ssl=1&resize=1050%2C600 3x"},"classes":[]},{"id":45,"url":"https:\/\/www.jazzzeitung.de\/cms\/2010\/04\/echo-jazz-raus-aus-dem-kellermief\/","url_meta":{"origin":12474,"position":5},"title":"Echo Jazz \u2013 Raus aus dem Kellermief?","author":"J\u00f6rg Lichtinger","date":"27. April 2010","format":false,"excerpt":"So wirklich will sich im ernsthaft verbissenen Deutschland keiner \u00fcber den neuen Wurf der hiesigen Musikindustrie, den ECHO JAZZ, freuen. Warum eigentlich nicht? Liegt wohl am bereits redlich verdienten kommerziellen Image seiner \u00e4lteren Br\u00fcder ECHO und ECHO KLASSIK, bei denen man vermuten darf, dass die Champagnermarken f\u00fcr\u2019s Catering schon getestet\u2026","rel":"","context":"In &quot;Blog&quot;","block_context":{"text":"Blog","link":"https:\/\/www.jazzzeitung.de\/cms\/thema\/blog\/"},"img":{"alt_text":"","src":"","width":0,"height":0},"classes":[]}],"jetpack_sharing_enabled":true,"_links":{"self":[{"href":"https:\/\/www.jazzzeitung.de\/cms\/wp-json\/wp\/v2\/posts\/12474","targetHints":{"allow":["GET"]}}],"collection":[{"href":"https:\/\/www.jazzzeitung.de\/cms\/wp-json\/wp\/v2\/posts"}],"about":[{"href":"https:\/\/www.jazzzeitung.de\/cms\/wp-json\/wp\/v2\/types\/post"}],"author":[{"embeddable":true,"href":"https:\/\/www.jazzzeitung.de\/cms\/wp-json\/wp\/v2\/users\/18"}],"replies":[{"embeddable":true,"href":"https:\/\/www.jazzzeitung.de\/cms\/wp-json\/wp\/v2\/comments?post=12474"}],"version-history":[{"count":2,"href":"https:\/\/www.jazzzeitung.de\/cms\/wp-json\/wp\/v2\/posts\/12474\/revisions"}],"predecessor-version":[{"id":12480,"href":"https:\/\/www.jazzzeitung.de\/cms\/wp-json\/wp\/v2\/posts\/12474\/revisions\/12480"}],"wp:attachment":[{"href":"https:\/\/www.jazzzeitung.de\/cms\/wp-json\/wp\/v2\/media?parent=12474"}],"wp:term":[{"taxonomy":"category","embeddable":true,"href":"https:\/\/www.jazzzeitung.de\/cms\/wp-json\/wp\/v2\/categories?post=12474"},{"taxonomy":"post_tag","embeddable":true,"href":"https:\/\/www.jazzzeitung.de\/cms\/wp-json\/wp\/v2\/tags?post=12474"},{"taxonomy":"author","embeddable":true,"href":"https:\/\/www.jazzzeitung.de\/cms\/wp-json\/wp\/v2\/coauthors?post=12474"}],"curies":[{"name":"wp","href":"https:\/\/api.w.org\/{rel}","templated":true}]}}