{"id":12458,"date":"2017-05-20T09:18:43","date_gmt":"2017-05-20T07:18:43","guid":{"rendered":"https:\/\/www.jazzzeitung.de\/cms\/?p=12458"},"modified":"2017-05-18T16:45:42","modified_gmt":"2017-05-18T14:45:42","slug":"schoenberg-zyklus-als-skelettierter-blues","status":"publish","type":"post","link":"https:\/\/www.jazzzeitung.de\/cms\/2017\/05\/schoenberg-zyklus-als-skelettierter-blues\/","title":{"rendered":"Sch\u00f6nberg-Zyklus als skelettierter Blues"},"content":{"rendered":"<p><strong>Mit dem Regensburger Deb\u00fct des David Helbock Trios setzte der Jazzclub Regensburg seine Reihe hochkar\u00e4tiger Konzerte im Jahresprogramm fort<\/strong><\/p>\n<p>\u201eVoll und ganz\u201c habe das Konzert ihren Erwartungen entsprochen, strahlte eine Konzertbesucherin nach der letzten Zugabe des David Helbock Trios. \u201eEs hat sie sogar\u00a0 \u00fcbertroffen, w\u00fcrd` ich sagen\u201c, erg\u00e4nzt sie noch sichtlich eingenommen von dem mitrei\u00dfenden Auftritt. Die Vorschusslorbeeren, die dem \u00f6sterreichischen Trio des Voralbergers Pianisten nahezu \u00fcberall vorauseilen, haben bei den zahlreichen Zuh\u00f6rern im Leeren Beutel offensichtlich voll ins Schwarze getroffen. Selten, dass die eher kritisch-zur\u00fcckhaltenden Jazzfans mehr als eine Zugabe einfordern, sich gar zu \u201eStanding Ovations\u201c hinrei\u00dfen lassen. Beim Deb\u00fct des Trios beim Jazzclub Regensburg gab es keine Zur\u00fcckhaltung und wenn der hochgewachsene Musiker nicht unmissverst\u00e4ndlich auf dem letzten St\u00fcck bestanden h\u00e4tte, wer wei\u00df, wann das Jazzclub-Team dann das Licht ausknipsen und zusperren h\u00e4tte k\u00f6nnen.<\/p>\n<p><img data-recalc-dims=\"1\" loading=\"lazy\" decoding=\"async\" data-attachment-id=\"12462\" data-permalink=\"https:\/\/www.jazzzeitung.de\/cms\/2017\/05\/schoenberg-zyklus-als-skelettierter-blues\/helbock-david_80\/\" data-orig-file=\"https:\/\/i0.wp.com\/www.jazzzeitung.de\/cms\/wp-content\/uploads\/2017\/05\/Helbock-David_80.jpg?fit=2070%2C1574&amp;ssl=1\" data-orig-size=\"2070,1574\" data-comments-opened=\"1\" data-image-meta=\"{&quot;aperture&quot;:&quot;3.9&quot;,&quot;credit&quot;:&quot;&quot;,&quot;camera&quot;:&quot;DMC-FZ1000&quot;,&quot;caption&quot;:&quot;&quot;,&quot;created_timestamp&quot;:&quot;1494789222&quot;,&quot;copyright&quot;:&quot;&quot;,&quot;focal_length&quot;:&quot;56.08&quot;,&quot;iso&quot;:&quot;3200&quot;,&quot;shutter_speed&quot;:&quot;0.04&quot;,&quot;title&quot;:&quot;&quot;,&quot;orientation&quot;:&quot;1&quot;}\" data-image-title=\"David Helbock am Klavier, Foto: shine &amp;#8211; Kultur Konzepte \u00d6ffentlichkeitsarbeit Michael Scheiner\" data-image-description=\"\" data-image-caption=\"\" data-large-file=\"https:\/\/i0.wp.com\/www.jazzzeitung.de\/cms\/wp-content\/uploads\/2017\/05\/Helbock-David_80.jpg?fit=789%2C600&amp;ssl=1\" class=\"alignleft size-thumbnail wp-image-12462\" src=\"https:\/\/i0.wp.com\/www.jazzzeitung.de\/cms\/wp-content\/uploads\/2017\/05\/Helbock-David_80.jpg?resize=150%2C150&#038;ssl=1\" alt=\"\" width=\"150\" height=\"150\" srcset=\"https:\/\/i0.wp.com\/www.jazzzeitung.de\/cms\/wp-content\/uploads\/2017\/05\/Helbock-David_80.jpg?resize=150%2C150&amp;ssl=1 150w, https:\/\/i0.wp.com\/www.jazzzeitung.de\/cms\/wp-content\/uploads\/2017\/05\/Helbock-David_80.jpg?resize=144%2C144&amp;ssl=1 144w, https:\/\/i0.wp.com\/www.jazzzeitung.de\/cms\/wp-content\/uploads\/2017\/05\/Helbock-David_80.jpg?resize=96%2C96&amp;ssl=1 96w, https:\/\/i0.wp.com\/www.jazzzeitung.de\/cms\/wp-content\/uploads\/2017\/05\/Helbock-David_80.jpg?resize=24%2C24&amp;ssl=1 24w, https:\/\/i0.wp.com\/www.jazzzeitung.de\/cms\/wp-content\/uploads\/2017\/05\/Helbock-David_80.jpg?resize=36%2C36&amp;ssl=1 36w, https:\/\/i0.wp.com\/www.jazzzeitung.de\/cms\/wp-content\/uploads\/2017\/05\/Helbock-David_80.jpg?resize=48%2C48&amp;ssl=1 48w, https:\/\/i0.wp.com\/www.jazzzeitung.de\/cms\/wp-content\/uploads\/2017\/05\/Helbock-David_80.jpg?resize=64%2C64&amp;ssl=1 64w, https:\/\/i0.wp.com\/www.jazzzeitung.de\/cms\/wp-content\/uploads\/2017\/05\/Helbock-David_80.jpg?resize=32%2C32&amp;ssl=1 32w, https:\/\/i0.wp.com\/www.jazzzeitung.de\/cms\/wp-content\/uploads\/2017\/05\/Helbock-David_80.jpg?resize=50%2C50&amp;ssl=1 50w, https:\/\/i0.wp.com\/www.jazzzeitung.de\/cms\/wp-content\/uploads\/2017\/05\/Helbock-David_80.jpg?resize=128%2C128&amp;ssl=1 128w, https:\/\/i0.wp.com\/www.jazzzeitung.de\/cms\/wp-content\/uploads\/2017\/05\/Helbock-David_80.jpg?zoom=2&amp;resize=150%2C150&amp;ssl=1 300w, https:\/\/i0.wp.com\/www.jazzzeitung.de\/cms\/wp-content\/uploads\/2017\/05\/Helbock-David_80.jpg?zoom=3&amp;resize=150%2C150&amp;ssl=1 450w\" sizes=\"auto, (max-width: 150px) 100vw, 150px\" \/>Mit den drei \u00f6sterreichischen Musikern, neben Helbock geh\u00f6ren Reinhold Schm\u00f6lzer und Raphael Preuschl dem Trio an, setzte der Jazzclub die Reihe hochklassiger Konzerte fort, die schon jetzt ein herausragendes Jazzjahr erwarten lassen. Der Wiener Preuschl spielte neben einer f\u00fcnfsaitigen Bassgitarre bei einigen St\u00fccken auch eine elektrisch verst\u00e4rkte Bass-Ukulele. Wegen der kurzen Saiten und des kleinen Korpus` w\u00e4re das ungew\u00f6hnliche Instrument unverst\u00e4rkt zu leise. Unter Strom und mittels Echo- und anderer Filter entwickelte Preuschl auf dem bundlosen Viersaiter, der \u00e4u\u00dferlich einem Kinderinstrument \u00e4hnelt, aber einen kraftvollen, etwas h\u00f6lzern-trockenen Klang, der einem gro\u00dfen Kontrabass durchaus nahekommt. Elektronische Sounds setzte auch Helbock bei einigen St\u00fccken ein und weckte gerade dann verst\u00e4rkt Erinnerungen an den fr\u00fch verstorbenen schwedischen Pianisten Esbj\u00f6rn Svensson. Der hat mit vergleichbaren Sounds und Effekten, verbunden mit stilistischen Neuerungen, dem Jazz aufgemischt und ihn m\u00e4chtig in Bewegung versetzt. Bei Helbock ist es eine Referenz an den herausragenden Neuerer, w\u00e4hrend er damit vorrangig seine eigene Herangehensweise an die Elektronik \u2013 wie an die Musik \u00fcberhaupt \u2013 verbindet. Gleich im ersten St\u00fcck, einer eigenwilligen Interpretation des zweiten Satzes aus Beethovens 7. Sinfonie mit abged\u00e4mpften Saiten, die den feierlichen Charakter des Themas noch einmal mystisch \u00fcberh\u00f6ht, verwebt er kunstvoll akustische und elektronische Kl\u00e4nge. Fast \u00fcbergangslos schwenkte er ins fr\u00f6hlich-abgedrehte \u201eMask\u201c, einer latinbetonten Komposition aus dem Album \u201eInto the Mystic\u201c, die seine Verbundenheit mit brasilianischer Musik durchscheinen lie\u00df.<\/p>\n<p><img data-recalc-dims=\"1\" loading=\"lazy\" decoding=\"async\" data-attachment-id=\"12463\" data-permalink=\"https:\/\/www.jazzzeitung.de\/cms\/2017\/05\/schoenberg-zyklus-als-skelettierter-blues\/preuschl-raphael_12\/\" data-orig-file=\"https:\/\/i0.wp.com\/www.jazzzeitung.de\/cms\/wp-content\/uploads\/2017\/05\/Preuschl-Raphael_12.jpg?fit=1574%2C1829&amp;ssl=1\" data-orig-size=\"1574,1829\" data-comments-opened=\"1\" data-image-meta=\"{&quot;aperture&quot;:&quot;4&quot;,&quot;credit&quot;:&quot;&quot;,&quot;camera&quot;:&quot;DMC-FZ1000&quot;,&quot;caption&quot;:&quot;&quot;,&quot;created_timestamp&quot;:&quot;1494791994&quot;,&quot;copyright&quot;:&quot;&quot;,&quot;focal_length&quot;:&quot;65.81&quot;,&quot;iso&quot;:&quot;3200&quot;,&quot;shutter_speed&quot;:&quot;0.076923076923077&quot;,&quot;title&quot;:&quot;&quot;,&quot;orientation&quot;:&quot;1&quot;}\" data-image-title=\"Raphael Preuschl an der Bass-Ukulele, Foto: shine &amp;#8211; Kultur Konzepte \u00d6ffentlichkeitsarbeit Michael Scheiner\" data-image-description=\"\" data-image-caption=\"\" data-large-file=\"https:\/\/i0.wp.com\/www.jazzzeitung.de\/cms\/wp-content\/uploads\/2017\/05\/Preuschl-Raphael_12.jpg?fit=516%2C600&amp;ssl=1\" class=\"alignright size-thumbnail wp-image-12463\" src=\"https:\/\/i0.wp.com\/www.jazzzeitung.de\/cms\/wp-content\/uploads\/2017\/05\/Preuschl-Raphael_12.jpg?resize=150%2C150&#038;ssl=1\" alt=\"\" width=\"150\" height=\"150\" srcset=\"https:\/\/i0.wp.com\/www.jazzzeitung.de\/cms\/wp-content\/uploads\/2017\/05\/Preuschl-Raphael_12.jpg?resize=150%2C150&amp;ssl=1 150w, https:\/\/i0.wp.com\/www.jazzzeitung.de\/cms\/wp-content\/uploads\/2017\/05\/Preuschl-Raphael_12.jpg?resize=144%2C144&amp;ssl=1 144w, https:\/\/i0.wp.com\/www.jazzzeitung.de\/cms\/wp-content\/uploads\/2017\/05\/Preuschl-Raphael_12.jpg?resize=96%2C96&amp;ssl=1 96w, https:\/\/i0.wp.com\/www.jazzzeitung.de\/cms\/wp-content\/uploads\/2017\/05\/Preuschl-Raphael_12.jpg?resize=24%2C24&amp;ssl=1 24w, https:\/\/i0.wp.com\/www.jazzzeitung.de\/cms\/wp-content\/uploads\/2017\/05\/Preuschl-Raphael_12.jpg?resize=36%2C36&amp;ssl=1 36w, https:\/\/i0.wp.com\/www.jazzzeitung.de\/cms\/wp-content\/uploads\/2017\/05\/Preuschl-Raphael_12.jpg?resize=48%2C48&amp;ssl=1 48w, https:\/\/i0.wp.com\/www.jazzzeitung.de\/cms\/wp-content\/uploads\/2017\/05\/Preuschl-Raphael_12.jpg?resize=64%2C64&amp;ssl=1 64w, https:\/\/i0.wp.com\/www.jazzzeitung.de\/cms\/wp-content\/uploads\/2017\/05\/Preuschl-Raphael_12.jpg?resize=32%2C32&amp;ssl=1 32w, https:\/\/i0.wp.com\/www.jazzzeitung.de\/cms\/wp-content\/uploads\/2017\/05\/Preuschl-Raphael_12.jpg?resize=50%2C50&amp;ssl=1 50w, https:\/\/i0.wp.com\/www.jazzzeitung.de\/cms\/wp-content\/uploads\/2017\/05\/Preuschl-Raphael_12.jpg?resize=128%2C128&amp;ssl=1 128w, https:\/\/i0.wp.com\/www.jazzzeitung.de\/cms\/wp-content\/uploads\/2017\/05\/Preuschl-Raphael_12.jpg?zoom=2&amp;resize=150%2C150&amp;ssl=1 300w, https:\/\/i0.wp.com\/www.jazzzeitung.de\/cms\/wp-content\/uploads\/2017\/05\/Preuschl-Raphael_12.jpg?zoom=3&amp;resize=150%2C150&amp;ssl=1 450w\" sizes=\"auto, (max-width: 150px) 100vw, 150px\" \/>Auf dem Album besch\u00e4ftigt sich Helbock mit mystischen Elementen in mythologischen Erz\u00e4hlungen. \u201eThe Soul\u201c dreht sich um einen persischen Mythos. Dabei ist es Gott erst mit einem Trick gelungen, die Seele zu bewegen, in den von ihm geschaffenen K\u00f6rper aus Ton zu schl\u00fcpfen und ihn damit zu beleben. Gott hat die Figur mit Musik ausgestattet, woraufhin die Seele \u2013 nunmehr im K\u00f6rper \u2013 zu tanzen beginnt. Helbocks Komposition ist ein kontrastreiches St\u00fcck zwischen kraftvollen Muskelspielereien und beinahe romantischen Schw\u00e4rmereien, das um ein kleines mysteri\u00f6ses Motiv kreist. Auch im Publikum regte sich bei einigen dabei die Tanzlust, wie auch beim bluesig-treibenden \u201eA.M.\u201c, ein selbstironisches Akronym f\u00fcr Anonymous Monkoholics. Mitrei\u00dfend und packend war die von starken Kontrasten, virtuosen Soli und spannenden Themen lebende Musik des \u00d6sterreichers allemal, wenn auch nicht immer tanzbar. Nicht selten verschwand ein durchg\u00e4ngiger Groove, mit k\u00fchler Leidenschaft und feinem Gesp\u00fcr f\u00fcr Breaks und klangliche Akzente von Schm\u00f6lzer feinsinnig zelebriert, zwischen poetisch-feinen Klanggebilden und dichtem freien Powerplay ohne rhythmisches Zentrum.<\/p>\n<p><img data-recalc-dims=\"1\" loading=\"lazy\" decoding=\"async\" data-attachment-id=\"12464\" data-permalink=\"https:\/\/www.jazzzeitung.de\/cms\/2017\/05\/schoenberg-zyklus-als-skelettierter-blues\/schmolzer-reinhold_90\/\" data-orig-file=\"https:\/\/i0.wp.com\/www.jazzzeitung.de\/cms\/wp-content\/uploads\/2017\/05\/Schmo%C2%A8lzer-Reinhold_90.jpg?fit=1574%2C1800&amp;ssl=1\" data-orig-size=\"1574,1800\" data-comments-opened=\"1\" data-image-meta=\"{&quot;aperture&quot;:&quot;3.8&quot;,&quot;credit&quot;:&quot;&quot;,&quot;camera&quot;:&quot;DMC-FZ1000&quot;,&quot;caption&quot;:&quot;&quot;,&quot;created_timestamp&quot;:&quot;1494789403&quot;,&quot;copyright&quot;:&quot;&quot;,&quot;focal_length&quot;:&quot;35.95&quot;,&quot;iso&quot;:&quot;3200&quot;,&quot;shutter_speed&quot;:&quot;0.033333333333333&quot;,&quot;title&quot;:&quot;&quot;,&quot;orientation&quot;:&quot;1&quot;}\" data-image-title=\"Reinhold Schm\u00f6lzer am Schlagzeug, Foto: shine &amp;#8211; Kultur Konzepte \u00d6ffentlichkeitsarbeit Michael Scheiner\" data-image-description=\"\" data-image-caption=\"\" data-large-file=\"https:\/\/i0.wp.com\/www.jazzzeitung.de\/cms\/wp-content\/uploads\/2017\/05\/Schmo%C2%A8lzer-Reinhold_90.jpg?fit=525%2C600&amp;ssl=1\" class=\"alignleft size-thumbnail wp-image-12464\" src=\"https:\/\/i0.wp.com\/www.jazzzeitung.de\/cms\/wp-content\/uploads\/2017\/05\/Schmo%C2%A8lzer-Reinhold_90.jpg?resize=150%2C150&#038;ssl=1\" alt=\"\" width=\"150\" height=\"150\" srcset=\"https:\/\/i0.wp.com\/www.jazzzeitung.de\/cms\/wp-content\/uploads\/2017\/05\/Schmo%C2%A8lzer-Reinhold_90.jpg?resize=150%2C150&amp;ssl=1 150w, https:\/\/i0.wp.com\/www.jazzzeitung.de\/cms\/wp-content\/uploads\/2017\/05\/Schmo%C2%A8lzer-Reinhold_90.jpg?resize=144%2C144&amp;ssl=1 144w, https:\/\/i0.wp.com\/www.jazzzeitung.de\/cms\/wp-content\/uploads\/2017\/05\/Schmo%C2%A8lzer-Reinhold_90.jpg?resize=96%2C96&amp;ssl=1 96w, https:\/\/i0.wp.com\/www.jazzzeitung.de\/cms\/wp-content\/uploads\/2017\/05\/Schmo%C2%A8lzer-Reinhold_90.jpg?resize=24%2C24&amp;ssl=1 24w, https:\/\/i0.wp.com\/www.jazzzeitung.de\/cms\/wp-content\/uploads\/2017\/05\/Schmo%C2%A8lzer-Reinhold_90.jpg?resize=36%2C36&amp;ssl=1 36w, https:\/\/i0.wp.com\/www.jazzzeitung.de\/cms\/wp-content\/uploads\/2017\/05\/Schmo%C2%A8lzer-Reinhold_90.jpg?resize=48%2C48&amp;ssl=1 48w, https:\/\/i0.wp.com\/www.jazzzeitung.de\/cms\/wp-content\/uploads\/2017\/05\/Schmo%C2%A8lzer-Reinhold_90.jpg?resize=64%2C64&amp;ssl=1 64w, https:\/\/i0.wp.com\/www.jazzzeitung.de\/cms\/wp-content\/uploads\/2017\/05\/Schmo%C2%A8lzer-Reinhold_90.jpg?resize=32%2C32&amp;ssl=1 32w, https:\/\/i0.wp.com\/www.jazzzeitung.de\/cms\/wp-content\/uploads\/2017\/05\/Schmo%C2%A8lzer-Reinhold_90.jpg?resize=50%2C50&amp;ssl=1 50w, https:\/\/i0.wp.com\/www.jazzzeitung.de\/cms\/wp-content\/uploads\/2017\/05\/Schmo%C2%A8lzer-Reinhold_90.jpg?resize=128%2C128&amp;ssl=1 128w, https:\/\/i0.wp.com\/www.jazzzeitung.de\/cms\/wp-content\/uploads\/2017\/05\/Schmo%C2%A8lzer-Reinhold_90.jpg?zoom=2&amp;resize=150%2C150&amp;ssl=1 300w, https:\/\/i0.wp.com\/www.jazzzeitung.de\/cms\/wp-content\/uploads\/2017\/05\/Schmo%C2%A8lzer-Reinhold_90.jpg?zoom=3&amp;resize=150%2C150&amp;ssl=1 450w\" sizes=\"auto, (max-width: 150px) 100vw, 150px\" \/>Manchmal hatte man den Eindruck, dass die Musiker mit ihrem h\u00f6chst sensiblen, wie offensiv zupackendem Spiel einen Sturm erzeugen, um das musikalische Feuer anzufachen und gleichzeitig mit einem dampfenden Wasserstrahl hochschie\u00dfende Flammen l\u00f6schen. Durch das hochkomplexe und intensiv Spiel der drei entstand eine fast atemberaubende Spannung, die sich in lauten Beifallsbekundungen l\u00f6ste. Die Zugabe, sie h\u00f6rte sich an wie ein skelettierter Blues, war eine s\u00fcffisant-freche Bearbeitung von Arnold Sch\u00f6nbergs \u201eSechs kleine(n) Klavierst\u00fccke(n)\u201c. Ein hinrei\u00dfender Abschluss mit kurzen instrumentalen Dribblings, Spurts, Stops und Stolperern, ein \u00e4sthetischer Genuss.<\/p>\n<p>&nbsp;<\/p>\n<p>Text: Michael Scheiner<\/p>\n<p>Infos: <a href=\"http:\/\/www.davidhelbock.com\/biode\/\">www.davidhelbock.com\/biode\/<\/a><\/p>\n<p>Das Album \u201e<strong>Into the Mystic&#8220;<\/strong> ist 2016 bei ACT Music erschienen, einem der wichtigsten Labels f\u00fcr zeitgen\u00f6ssischen avancierten Jazz in Europa. Helbock war damit f\u00fcr den \u201eEcho Jazz 2017\u201c nominiert. 2011 hat er als Pianist und Komponist den \u00f6sterreichischen \u201eOutstandig Artist Award\u201c verliehen bekommen.<\/p>\n","protected":false},"excerpt":{"rendered":"<p>Mit dem Regensburger Deb\u00fct des David Helbock Trios setzte der Jazzclub Regensburg seine Reihe hochkar\u00e4tiger Konzerte im Jahresprogramm fort \u201eVoll und ganz\u201c habe das Konzert ihren Erwartungen entsprochen, strahlte eine Konzertbesucherin nach der letzten Zugabe des David Helbock Trios. \u201eEs hat sie sogar\u00a0 \u00fcbertroffen, w\u00fcrd` ich sagen\u201c, erg\u00e4nzt sie noch sichtlich eingenommen von dem mitrei\u00dfenden Auftritt. Die Vorschusslorbeeren, die dem \u00f6sterreichischen Trio des Voralbergers Pianisten nahezu \u00fcberall vorauseilen, haben bei den zahlreichen Zuh\u00f6rern im Leeren Beutel offensichtlich voll ins Schwarze getroffen. Selten, dass die eher kritisch-zur\u00fcckhaltenden Jazzfans mehr als eine Zugabe einfordern, sich gar zu \u201eStanding Ovations\u201c hinrei\u00dfen lassen. Beim Deb\u00fct des Trios beim Jazzclub Regensburg gab es keine Zur\u00fcckhaltung und wenn der hochgewachsene Musiker nicht unmissverst\u00e4ndlich auf dem letzten St\u00fcck bestanden h\u00e4tte, wer wei\u00df, wann das Jazzclub-Team dann das Licht ausknipsen und zusperren h\u00e4tte k\u00f6nnen. Mit den drei \u00f6sterreichischen Musikern, neben Helbock geh\u00f6ren Reinhold Schm\u00f6lzer und Raphael Preuschl dem Trio an, setzte der Jazzclub die Reihe hochklassiger Konzerte fort, die schon jetzt ein herausragendes Jazzjahr erwarten lassen. Der Wiener Preuschl spielte neben einer f\u00fcnfsaitigen Bassgitarre bei einigen St\u00fccken auch eine elektrisch verst\u00e4rkte Bass-Ukulele. Wegen &hellip;<\/p>\n","protected":false},"author":18,"featured_media":0,"comment_status":"open","ping_status":"closed","sticky":false,"template":"","format":"standard","meta":{"_jetpack_memberships_contains_paid_content":false,"footnotes":"","jetpack_publicize_message":"","jetpack_publicize_feature_enabled":true,"jetpack_social_post_already_shared":false,"jetpack_social_options":{"image_generator_settings":{"template":"highway","default_image_id":0,"font":"","enabled":false},"version":2}},"categories":[1053,1152],"tags":[29,965,34,83,980,157,169,271,737,322,323,387,1797,1176,1356],"coauthors":[695],"class_list":["post-12458","post","type-post","status-publish","format-standard","hentry","category-bericht","category-rezension","tag-act","tag-act-music","tag-album","tag-blues","tag-echo","tag-echo-jazz","tag-esbjoern-svensson","tag-jazzclub","tag-jazzclub-regensburg","tag-konzert-2","tag-konzerte","tag-michael-scheiner","tag-regensburg","tag-soli","tag-trio"],"yoast_head":"<!-- This site is optimized with the Yoast SEO plugin v27.5 - https:\/\/yoast.com\/product\/yoast-seo-wordpress\/ -->\n<title>Sch\u00f6nberg-Zyklus als skelettierter Blues - JazzZeitung<\/title>\n<meta name=\"robots\" content=\"index, follow, max-snippet:-1, max-image-preview:large, max-video-preview:-1\" \/>\n<link rel=\"canonical\" href=\"https:\/\/www.jazzzeitung.de\/cms\/2017\/05\/schoenberg-zyklus-als-skelettierter-blues\/\" \/>\n<meta property=\"og:locale\" content=\"de_DE\" \/>\n<meta property=\"og:type\" content=\"article\" \/>\n<meta property=\"og:title\" content=\"Sch\u00f6nberg-Zyklus als skelettierter Blues - JazzZeitung\" \/>\n<meta property=\"og:description\" content=\"Mit dem Regensburger Deb\u00fct des David Helbock Trios setzte der Jazzclub Regensburg seine Reihe hochkar\u00e4tiger Konzerte im Jahresprogramm fort \u201eVoll und ganz\u201c habe das Konzert ihren Erwartungen entsprochen, strahlte eine Konzertbesucherin nach der letzten Zugabe des David Helbock Trios. \u201eEs hat sie sogar\u00a0 \u00fcbertroffen, w\u00fcrd` ich sagen\u201c, erg\u00e4nzt sie noch sichtlich eingenommen von dem mitrei\u00dfenden Auftritt. Die Vorschusslorbeeren, die dem \u00f6sterreichischen Trio des Voralbergers Pianisten nahezu \u00fcberall vorauseilen, haben bei den zahlreichen Zuh\u00f6rern im Leeren Beutel offensichtlich voll ins Schwarze getroffen. Selten, dass die eher kritisch-zur\u00fcckhaltenden Jazzfans mehr als eine Zugabe einfordern, sich gar zu \u201eStanding Ovations\u201c hinrei\u00dfen lassen. Beim Deb\u00fct des Trios beim Jazzclub Regensburg gab es keine Zur\u00fcckhaltung und wenn der hochgewachsene Musiker nicht unmissverst\u00e4ndlich auf dem letzten St\u00fcck bestanden h\u00e4tte, wer wei\u00df, wann das Jazzclub-Team dann das Licht ausknipsen und zusperren h\u00e4tte k\u00f6nnen. Mit den drei \u00f6sterreichischen Musikern, neben Helbock geh\u00f6ren Reinhold Schm\u00f6lzer und Raphael Preuschl dem Trio an, setzte der Jazzclub die Reihe hochklassiger Konzerte fort, die schon jetzt ein herausragendes Jazzjahr erwarten lassen. Der Wiener Preuschl spielte neben einer f\u00fcnfsaitigen Bassgitarre bei einigen St\u00fccken auch eine elektrisch verst\u00e4rkte Bass-Ukulele. Wegen &hellip;\" \/>\n<meta property=\"og:url\" content=\"https:\/\/www.jazzzeitung.de\/cms\/2017\/05\/schoenberg-zyklus-als-skelettierter-blues\/\" \/>\n<meta property=\"og:site_name\" content=\"JazzZeitung\" \/>\n<meta property=\"article:publisher\" content=\"https:\/\/www.facebook.com\/JazzZeitung\/\" \/>\n<meta property=\"article:published_time\" content=\"2017-05-20T07:18:43+00:00\" \/>\n<meta property=\"og:image\" content=\"https:\/\/www.jazzzeitung.de\/cms\/wp-content\/uploads\/2017\/05\/Helbock-David_80-150x150.jpg\" \/>\n<meta name=\"author\" content=\"Redaktion JazzZeitung\" \/>\n<script type=\"application\/ld+json\" class=\"yoast-schema-graph\">{\"@context\":\"https:\\\/\\\/schema.org\",\"@graph\":[{\"@type\":\"Article\",\"@id\":\"https:\\\/\\\/www.jazzzeitung.de\\\/cms\\\/2017\\\/05\\\/schoenberg-zyklus-als-skelettierter-blues\\\/#article\",\"isPartOf\":{\"@id\":\"https:\\\/\\\/www.jazzzeitung.de\\\/cms\\\/2017\\\/05\\\/schoenberg-zyklus-als-skelettierter-blues\\\/\"},\"author\":{\"name\":\"Redaktion JazzZeitung\",\"@id\":\"https:\\\/\\\/www.jazzzeitung.de\\\/cms\\\/#\\\/schema\\\/person\\\/2245b36b9cd1d24cea10f01c031fb92b\"},\"headline\":\"Sch\u00f6nberg-Zyklus als skelettierter Blues\",\"datePublished\":\"2017-05-20T07:18:43+00:00\",\"mainEntityOfPage\":{\"@id\":\"https:\\\/\\\/www.jazzzeitung.de\\\/cms\\\/2017\\\/05\\\/schoenberg-zyklus-als-skelettierter-blues\\\/\"},\"wordCount\":723,\"commentCount\":1,\"publisher\":{\"@id\":\"https:\\\/\\\/www.jazzzeitung.de\\\/cms\\\/#organization\"},\"image\":{\"@id\":\"https:\\\/\\\/www.jazzzeitung.de\\\/cms\\\/2017\\\/05\\\/schoenberg-zyklus-als-skelettierter-blues\\\/#primaryimage\"},\"thumbnailUrl\":\"https:\\\/\\\/www.jazzzeitung.de\\\/cms\\\/wp-content\\\/uploads\\\/2017\\\/05\\\/Helbock-David_80-150x150.jpg\",\"keywords\":[\"act\",\"ACT Music\",\"Album\",\"Blues\",\"ECHO\",\"Echo Jazz\",\"Esbj\u00f6rn Svensson\",\"Jazzclub\",\"Jazzclub Regensburg\",\"Konzert\",\"Konzerte\",\"Michael Scheiner\",\"Regensburg\",\"Soli\",\"trio\"],\"articleSection\":[\"Bericht\",\"Rezension\"],\"inLanguage\":\"de\",\"potentialAction\":[{\"@type\":\"CommentAction\",\"name\":\"Comment\",\"target\":[\"https:\\\/\\\/www.jazzzeitung.de\\\/cms\\\/2017\\\/05\\\/schoenberg-zyklus-als-skelettierter-blues\\\/#respond\"]}]},{\"@type\":\"WebPage\",\"@id\":\"https:\\\/\\\/www.jazzzeitung.de\\\/cms\\\/2017\\\/05\\\/schoenberg-zyklus-als-skelettierter-blues\\\/\",\"url\":\"https:\\\/\\\/www.jazzzeitung.de\\\/cms\\\/2017\\\/05\\\/schoenberg-zyklus-als-skelettierter-blues\\\/\",\"name\":\"Sch\u00f6nberg-Zyklus als skelettierter Blues - JazzZeitung\",\"isPartOf\":{\"@id\":\"https:\\\/\\\/www.jazzzeitung.de\\\/cms\\\/#website\"},\"primaryImageOfPage\":{\"@id\":\"https:\\\/\\\/www.jazzzeitung.de\\\/cms\\\/2017\\\/05\\\/schoenberg-zyklus-als-skelettierter-blues\\\/#primaryimage\"},\"image\":{\"@id\":\"https:\\\/\\\/www.jazzzeitung.de\\\/cms\\\/2017\\\/05\\\/schoenberg-zyklus-als-skelettierter-blues\\\/#primaryimage\"},\"thumbnailUrl\":\"https:\\\/\\\/www.jazzzeitung.de\\\/cms\\\/wp-content\\\/uploads\\\/2017\\\/05\\\/Helbock-David_80-150x150.jpg\",\"datePublished\":\"2017-05-20T07:18:43+00:00\",\"breadcrumb\":{\"@id\":\"https:\\\/\\\/www.jazzzeitung.de\\\/cms\\\/2017\\\/05\\\/schoenberg-zyklus-als-skelettierter-blues\\\/#breadcrumb\"},\"inLanguage\":\"de\",\"potentialAction\":[{\"@type\":\"ReadAction\",\"target\":[\"https:\\\/\\\/www.jazzzeitung.de\\\/cms\\\/2017\\\/05\\\/schoenberg-zyklus-als-skelettierter-blues\\\/\"]}]},{\"@type\":\"ImageObject\",\"inLanguage\":\"de\",\"@id\":\"https:\\\/\\\/www.jazzzeitung.de\\\/cms\\\/2017\\\/05\\\/schoenberg-zyklus-als-skelettierter-blues\\\/#primaryimage\",\"url\":\"https:\\\/\\\/i0.wp.com\\\/www.jazzzeitung.de\\\/cms\\\/wp-content\\\/uploads\\\/2017\\\/05\\\/Helbock-David_80.jpg?fit=2070%2C1574&ssl=1\",\"contentUrl\":\"https:\\\/\\\/i0.wp.com\\\/www.jazzzeitung.de\\\/cms\\\/wp-content\\\/uploads\\\/2017\\\/05\\\/Helbock-David_80.jpg?fit=2070%2C1574&ssl=1\",\"width\":2070,\"height\":1574},{\"@type\":\"BreadcrumbList\",\"@id\":\"https:\\\/\\\/www.jazzzeitung.de\\\/cms\\\/2017\\\/05\\\/schoenberg-zyklus-als-skelettierter-blues\\\/#breadcrumb\",\"itemListElement\":[{\"@type\":\"ListItem\",\"position\":1,\"name\":\"Startseite\",\"item\":\"https:\\\/\\\/www.jazzzeitung.de\\\/cms\\\/\"},{\"@type\":\"ListItem\",\"position\":2,\"name\":\"Sch\u00f6nberg-Zyklus als skelettierter Blues\"}]},{\"@type\":\"WebSite\",\"@id\":\"https:\\\/\\\/www.jazzzeitung.de\\\/cms\\\/#website\",\"url\":\"https:\\\/\\\/www.jazzzeitung.de\\\/cms\\\/\",\"name\":\"JazzZeitung\",\"description\":\"Jazz-News und Jazz-Kontroverses\",\"publisher\":{\"@id\":\"https:\\\/\\\/www.jazzzeitung.de\\\/cms\\\/#organization\"},\"potentialAction\":[{\"@type\":\"SearchAction\",\"target\":{\"@type\":\"EntryPoint\",\"urlTemplate\":\"https:\\\/\\\/www.jazzzeitung.de\\\/cms\\\/?s={search_term_string}\"},\"query-input\":{\"@type\":\"PropertyValueSpecification\",\"valueRequired\":true,\"valueName\":\"search_term_string\"}}],\"inLanguage\":\"de\"},{\"@type\":\"Organization\",\"@id\":\"https:\\\/\\\/www.jazzzeitung.de\\\/cms\\\/#organization\",\"name\":\"JazzZeitung online\",\"url\":\"https:\\\/\\\/www.jazzzeitung.de\\\/cms\\\/\",\"logo\":{\"@type\":\"ImageObject\",\"inLanguage\":\"de\",\"@id\":\"https:\\\/\\\/www.jazzzeitung.de\\\/cms\\\/#\\\/schema\\\/logo\\\/image\\\/\",\"url\":\"https:\\\/\\\/i0.wp.com\\\/www.jazzzeitung.de\\\/cms\\\/wp-content\\\/uploads\\\/2015\\\/08\\\/JAZZZEITUNGDE_Logo_Neu.png?fit=499%2C200&ssl=1\",\"contentUrl\":\"https:\\\/\\\/i0.wp.com\\\/www.jazzzeitung.de\\\/cms\\\/wp-content\\\/uploads\\\/2015\\\/08\\\/JAZZZEITUNGDE_Logo_Neu.png?fit=499%2C200&ssl=1\",\"width\":499,\"height\":200,\"caption\":\"JazzZeitung online\"},\"image\":{\"@id\":\"https:\\\/\\\/www.jazzzeitung.de\\\/cms\\\/#\\\/schema\\\/logo\\\/image\\\/\"},\"sameAs\":[\"https:\\\/\\\/www.facebook.com\\\/JazzZeitung\\\/\"]},{\"@type\":\"Person\",\"@id\":\"https:\\\/\\\/www.jazzzeitung.de\\\/cms\\\/#\\\/schema\\\/person\\\/2245b36b9cd1d24cea10f01c031fb92b\",\"name\":\"Redaktion JazzZeitung\",\"image\":{\"@type\":\"ImageObject\",\"inLanguage\":\"de\",\"@id\":\"https:\\\/\\\/i0.wp.com\\\/www.jazzzeitung.de\\\/cms\\\/wp-content\\\/uploads\\\/2015\\\/08\\\/JAZZZEITUNGDE_Logo_Neu.png?resize=96%2C96&ssl=159975dcacb611b5700bd619b5daf0a7a\",\"url\":\"https:\\\/\\\/i0.wp.com\\\/www.jazzzeitung.de\\\/cms\\\/wp-content\\\/uploads\\\/2015\\\/08\\\/JAZZZEITUNGDE_Logo_Neu.png?resize=96%2C96&ssl=1\",\"contentUrl\":\"https:\\\/\\\/i0.wp.com\\\/www.jazzzeitung.de\\\/cms\\\/wp-content\\\/uploads\\\/2015\\\/08\\\/JAZZZEITUNGDE_Logo_Neu.png?resize=96%2C96&ssl=1\",\"caption\":\"Redaktion JazzZeitung\"},\"description\":\"Artikel der Redaktion der JazzZeitung.\",\"sameAs\":[\"http:\\\/\\\/www.jazzzeitung.de\\\/cms\\\/\"],\"url\":\"https:\\\/\\\/www.jazzzeitung.de\\\/cms\\\/author\\\/redaktion\\\/\"}]}<\/script>\n<!-- \/ Yoast SEO plugin. -->","yoast_head_json":{"title":"Sch\u00f6nberg-Zyklus als skelettierter Blues - JazzZeitung","robots":{"index":"index","follow":"follow","max-snippet":"max-snippet:-1","max-image-preview":"max-image-preview:large","max-video-preview":"max-video-preview:-1"},"canonical":"https:\/\/www.jazzzeitung.de\/cms\/2017\/05\/schoenberg-zyklus-als-skelettierter-blues\/","og_locale":"de_DE","og_type":"article","og_title":"Sch\u00f6nberg-Zyklus als skelettierter Blues - JazzZeitung","og_description":"Mit dem Regensburger Deb\u00fct des David Helbock Trios setzte der Jazzclub Regensburg seine Reihe hochkar\u00e4tiger Konzerte im Jahresprogramm fort \u201eVoll und ganz\u201c habe das Konzert ihren Erwartungen entsprochen, strahlte eine Konzertbesucherin nach der letzten Zugabe des David Helbock Trios. \u201eEs hat sie sogar\u00a0 \u00fcbertroffen, w\u00fcrd` ich sagen\u201c, erg\u00e4nzt sie noch sichtlich eingenommen von dem mitrei\u00dfenden Auftritt. Die Vorschusslorbeeren, die dem \u00f6sterreichischen Trio des Voralbergers Pianisten nahezu \u00fcberall vorauseilen, haben bei den zahlreichen Zuh\u00f6rern im Leeren Beutel offensichtlich voll ins Schwarze getroffen. Selten, dass die eher kritisch-zur\u00fcckhaltenden Jazzfans mehr als eine Zugabe einfordern, sich gar zu \u201eStanding Ovations\u201c hinrei\u00dfen lassen. Beim Deb\u00fct des Trios beim Jazzclub Regensburg gab es keine Zur\u00fcckhaltung und wenn der hochgewachsene Musiker nicht unmissverst\u00e4ndlich auf dem letzten St\u00fcck bestanden h\u00e4tte, wer wei\u00df, wann das Jazzclub-Team dann das Licht ausknipsen und zusperren h\u00e4tte k\u00f6nnen. Mit den drei \u00f6sterreichischen Musikern, neben Helbock geh\u00f6ren Reinhold Schm\u00f6lzer und Raphael Preuschl dem Trio an, setzte der Jazzclub die Reihe hochklassiger Konzerte fort, die schon jetzt ein herausragendes Jazzjahr erwarten lassen. Der Wiener Preuschl spielte neben einer f\u00fcnfsaitigen Bassgitarre bei einigen St\u00fccken auch eine elektrisch verst\u00e4rkte Bass-Ukulele. Wegen &hellip;","og_url":"https:\/\/www.jazzzeitung.de\/cms\/2017\/05\/schoenberg-zyklus-als-skelettierter-blues\/","og_site_name":"JazzZeitung","article_publisher":"https:\/\/www.facebook.com\/JazzZeitung\/","article_published_time":"2017-05-20T07:18:43+00:00","og_image":[{"url":"https:\/\/www.jazzzeitung.de\/cms\/wp-content\/uploads\/2017\/05\/Helbock-David_80-150x150.jpg","type":"","width":"","height":""}],"author":"Redaktion JazzZeitung","schema":{"@context":"https:\/\/schema.org","@graph":[{"@type":"Article","@id":"https:\/\/www.jazzzeitung.de\/cms\/2017\/05\/schoenberg-zyklus-als-skelettierter-blues\/#article","isPartOf":{"@id":"https:\/\/www.jazzzeitung.de\/cms\/2017\/05\/schoenberg-zyklus-als-skelettierter-blues\/"},"author":{"name":"Redaktion JazzZeitung","@id":"https:\/\/www.jazzzeitung.de\/cms\/#\/schema\/person\/2245b36b9cd1d24cea10f01c031fb92b"},"headline":"Sch\u00f6nberg-Zyklus als skelettierter Blues","datePublished":"2017-05-20T07:18:43+00:00","mainEntityOfPage":{"@id":"https:\/\/www.jazzzeitung.de\/cms\/2017\/05\/schoenberg-zyklus-als-skelettierter-blues\/"},"wordCount":723,"commentCount":1,"publisher":{"@id":"https:\/\/www.jazzzeitung.de\/cms\/#organization"},"image":{"@id":"https:\/\/www.jazzzeitung.de\/cms\/2017\/05\/schoenberg-zyklus-als-skelettierter-blues\/#primaryimage"},"thumbnailUrl":"https:\/\/www.jazzzeitung.de\/cms\/wp-content\/uploads\/2017\/05\/Helbock-David_80-150x150.jpg","keywords":["act","ACT Music","Album","Blues","ECHO","Echo Jazz","Esbj\u00f6rn Svensson","Jazzclub","Jazzclub Regensburg","Konzert","Konzerte","Michael Scheiner","Regensburg","Soli","trio"],"articleSection":["Bericht","Rezension"],"inLanguage":"de","potentialAction":[{"@type":"CommentAction","name":"Comment","target":["https:\/\/www.jazzzeitung.de\/cms\/2017\/05\/schoenberg-zyklus-als-skelettierter-blues\/#respond"]}]},{"@type":"WebPage","@id":"https:\/\/www.jazzzeitung.de\/cms\/2017\/05\/schoenberg-zyklus-als-skelettierter-blues\/","url":"https:\/\/www.jazzzeitung.de\/cms\/2017\/05\/schoenberg-zyklus-als-skelettierter-blues\/","name":"Sch\u00f6nberg-Zyklus als skelettierter Blues - JazzZeitung","isPartOf":{"@id":"https:\/\/www.jazzzeitung.de\/cms\/#website"},"primaryImageOfPage":{"@id":"https:\/\/www.jazzzeitung.de\/cms\/2017\/05\/schoenberg-zyklus-als-skelettierter-blues\/#primaryimage"},"image":{"@id":"https:\/\/www.jazzzeitung.de\/cms\/2017\/05\/schoenberg-zyklus-als-skelettierter-blues\/#primaryimage"},"thumbnailUrl":"https:\/\/www.jazzzeitung.de\/cms\/wp-content\/uploads\/2017\/05\/Helbock-David_80-150x150.jpg","datePublished":"2017-05-20T07:18:43+00:00","breadcrumb":{"@id":"https:\/\/www.jazzzeitung.de\/cms\/2017\/05\/schoenberg-zyklus-als-skelettierter-blues\/#breadcrumb"},"inLanguage":"de","potentialAction":[{"@type":"ReadAction","target":["https:\/\/www.jazzzeitung.de\/cms\/2017\/05\/schoenberg-zyklus-als-skelettierter-blues\/"]}]},{"@type":"ImageObject","inLanguage":"de","@id":"https:\/\/www.jazzzeitung.de\/cms\/2017\/05\/schoenberg-zyklus-als-skelettierter-blues\/#primaryimage","url":"https:\/\/i0.wp.com\/www.jazzzeitung.de\/cms\/wp-content\/uploads\/2017\/05\/Helbock-David_80.jpg?fit=2070%2C1574&ssl=1","contentUrl":"https:\/\/i0.wp.com\/www.jazzzeitung.de\/cms\/wp-content\/uploads\/2017\/05\/Helbock-David_80.jpg?fit=2070%2C1574&ssl=1","width":2070,"height":1574},{"@type":"BreadcrumbList","@id":"https:\/\/www.jazzzeitung.de\/cms\/2017\/05\/schoenberg-zyklus-als-skelettierter-blues\/#breadcrumb","itemListElement":[{"@type":"ListItem","position":1,"name":"Startseite","item":"https:\/\/www.jazzzeitung.de\/cms\/"},{"@type":"ListItem","position":2,"name":"Sch\u00f6nberg-Zyklus als skelettierter Blues"}]},{"@type":"WebSite","@id":"https:\/\/www.jazzzeitung.de\/cms\/#website","url":"https:\/\/www.jazzzeitung.de\/cms\/","name":"JazzZeitung","description":"Jazz-News und Jazz-Kontroverses","publisher":{"@id":"https:\/\/www.jazzzeitung.de\/cms\/#organization"},"potentialAction":[{"@type":"SearchAction","target":{"@type":"EntryPoint","urlTemplate":"https:\/\/www.jazzzeitung.de\/cms\/?s={search_term_string}"},"query-input":{"@type":"PropertyValueSpecification","valueRequired":true,"valueName":"search_term_string"}}],"inLanguage":"de"},{"@type":"Organization","@id":"https:\/\/www.jazzzeitung.de\/cms\/#organization","name":"JazzZeitung online","url":"https:\/\/www.jazzzeitung.de\/cms\/","logo":{"@type":"ImageObject","inLanguage":"de","@id":"https:\/\/www.jazzzeitung.de\/cms\/#\/schema\/logo\/image\/","url":"https:\/\/i0.wp.com\/www.jazzzeitung.de\/cms\/wp-content\/uploads\/2015\/08\/JAZZZEITUNGDE_Logo_Neu.png?fit=499%2C200&ssl=1","contentUrl":"https:\/\/i0.wp.com\/www.jazzzeitung.de\/cms\/wp-content\/uploads\/2015\/08\/JAZZZEITUNGDE_Logo_Neu.png?fit=499%2C200&ssl=1","width":499,"height":200,"caption":"JazzZeitung online"},"image":{"@id":"https:\/\/www.jazzzeitung.de\/cms\/#\/schema\/logo\/image\/"},"sameAs":["https:\/\/www.facebook.com\/JazzZeitung\/"]},{"@type":"Person","@id":"https:\/\/www.jazzzeitung.de\/cms\/#\/schema\/person\/2245b36b9cd1d24cea10f01c031fb92b","name":"Redaktion JazzZeitung","image":{"@type":"ImageObject","inLanguage":"de","@id":"https:\/\/i0.wp.com\/www.jazzzeitung.de\/cms\/wp-content\/uploads\/2015\/08\/JAZZZEITUNGDE_Logo_Neu.png?resize=96%2C96&ssl=159975dcacb611b5700bd619b5daf0a7a","url":"https:\/\/i0.wp.com\/www.jazzzeitung.de\/cms\/wp-content\/uploads\/2015\/08\/JAZZZEITUNGDE_Logo_Neu.png?resize=96%2C96&ssl=1","contentUrl":"https:\/\/i0.wp.com\/www.jazzzeitung.de\/cms\/wp-content\/uploads\/2015\/08\/JAZZZEITUNGDE_Logo_Neu.png?resize=96%2C96&ssl=1","caption":"Redaktion JazzZeitung"},"description":"Artikel der Redaktion der JazzZeitung.","sameAs":["http:\/\/www.jazzzeitung.de\/cms\/"],"url":"https:\/\/www.jazzzeitung.de\/cms\/author\/redaktion\/"}]}},"wp-worthy-pixel":{"ignored":false,"public":null,"server":null,"url":null},"wp-worthy-type":"normal","jetpack_publicize_connections":[],"cc_featured_image_caption":{"caption_text":false,"source_text":false,"source_url":false},"jetpack_featured_media_url":"","jetpack_shortlink":"https:\/\/wp.me\/p3KEcT-3eW","jetpack-related-posts":[{"id":10569,"url":"https:\/\/www.jazzzeitung.de\/cms\/2016\/10\/erstes-bayrisches-landesjazzfestival-feiert-heute-seine-premiere\/","url_meta":{"origin":12458,"position":0},"title":"Erstes Bayrisches Landesjazzfestival feiert heute seine Premiere","author":"Redaktion JazzZeitung","date":"21. Oktober 2016","format":false,"excerpt":"Es ist soweit! Das erste Bayrische Landesjazzfestival in Regensburg wird heute mit einem Konzert des Leo Betzl Trios und des Landesjazzensembles er\u00f6ffnet. Bis zum Sonntag freuen sich die Besucher \u00fcber Konzerte von Lisa Wahlandt mit Band, dem Ron Carter Trio, Jazzk\u00e4ppi, Organ Explosion, Johannes Enders und vielen weiteren K\u00fcnstlern in\u2026","rel":"","context":"In &quot;News&quot;","block_context":{"text":"News","link":"https:\/\/www.jazzzeitung.de\/cms\/thema\/nachrichten\/"},"img":{"alt_text":"lag-festival","src":"https:\/\/i0.wp.com\/www.jazzzeitung.de\/cms\/wp-content\/uploads\/2016\/10\/LAG-festival.jpg?resize=350%2C200","width":350,"height":200,"srcset":"https:\/\/i0.wp.com\/www.jazzzeitung.de\/cms\/wp-content\/uploads\/2016\/10\/LAG-festival.jpg?resize=350%2C200 1x, https:\/\/i0.wp.com\/www.jazzzeitung.de\/cms\/wp-content\/uploads\/2016\/10\/LAG-festival.jpg?resize=525%2C300 1.5x, https:\/\/i0.wp.com\/www.jazzzeitung.de\/cms\/wp-content\/uploads\/2016\/10\/LAG-festival.jpg?resize=700%2C400 2x"},"classes":[]},{"id":13670,"url":"https:\/\/www.jazzzeitung.de\/cms\/2017\/10\/save-the-date-der-jazzclub-regensburg-wird-30\/","url_meta":{"origin":12458,"position":1},"title":"Save the date: der Jazzclub Regensburg wird 30","author":"Redaktion JazzZeitung","date":"5. Oktober 2017","format":false,"excerpt":"Seit 30 Jahren steht der Jazzclub Regensburg f\u00fcr ein genauso hochkar\u00e4tiges, wie abwechslungsreiches Live-Programm. In diesem Herbst wird die bayerische Musikinstitution 30 Jahre alt \u2013 gefeiert wird im November. Seit 1987 hat der Jazz in Regensburg ein Zuhause \u2013im Jazzclub Regensburg, angesiedelt im historischen Gem\u00e4uer des Kulturzentrums \u201eLeerer Beutel\u201c (Bertoldstra\u00dfe\u2026","rel":"","context":"In &quot;News&quot;","block_context":{"text":"News","link":"https:\/\/www.jazzzeitung.de\/cms\/thema\/nachrichten\/"},"img":{"alt_text":"","src":"https:\/\/i0.wp.com\/www.jazzzeitung.de\/cms\/wp-content\/uploads\/2017\/10\/Pablo-Held-Trio-Wald-73423.jpg?fit=1200%2C800&ssl=1&resize=350%2C200","width":350,"height":200,"srcset":"https:\/\/i0.wp.com\/www.jazzzeitung.de\/cms\/wp-content\/uploads\/2017\/10\/Pablo-Held-Trio-Wald-73423.jpg?fit=1200%2C800&ssl=1&resize=350%2C200 1x, https:\/\/i0.wp.com\/www.jazzzeitung.de\/cms\/wp-content\/uploads\/2017\/10\/Pablo-Held-Trio-Wald-73423.jpg?fit=1200%2C800&ssl=1&resize=525%2C300 1.5x, https:\/\/i0.wp.com\/www.jazzzeitung.de\/cms\/wp-content\/uploads\/2017\/10\/Pablo-Held-Trio-Wald-73423.jpg?fit=1200%2C800&ssl=1&resize=700%2C400 2x, https:\/\/i0.wp.com\/www.jazzzeitung.de\/cms\/wp-content\/uploads\/2017\/10\/Pablo-Held-Trio-Wald-73423.jpg?fit=1200%2C800&ssl=1&resize=1050%2C600 3x"},"classes":[]},{"id":18156,"url":"https:\/\/www.jazzzeitung.de\/cms\/2018\/12\/magnetische-sternstunde-der-musik-das-lorenz-kellhuber-new-trio-im-stadttheater-regensburg\/","url_meta":{"origin":12458,"position":2},"title":"Magnetische Sternstunde der Musik: Das Lorenz Kellhuber New Trio im Stadttheater Regensburg","author":"Redaktion JazzZeitung","date":"21. Dezember 2018","format":false,"excerpt":"Regensburg. Verpufft, beiseite geschoben, weggewischt. Jeglicher Vorbehalt, ob ein reines Instrumentalkonzert bei den Zuh\u00f6rern auch ankommt, war schlussendlich atomisiert. Anf\u00e4nglich sorgte sich Pianist Lorenz Kellhuber im Theater Regensburg noch, dass Besucher sein Konzert mit dem New Trio vorzeitig verlassen k\u00f6nnten. Am Ende konnte die euphorisierte Menge kaum noch mit Zugaben\u2026","rel":"","context":"In &quot;Bericht&quot;","block_context":{"text":"Bericht","link":"https:\/\/www.jazzzeitung.de\/cms\/thema\/bericht\/"},"img":{"alt_text":"","src":"https:\/\/i0.wp.com\/www.jazzzeitung.de\/cms\/wp-content\/uploads\/2018\/12\/Trio-Kellhuber_37.jpeg?fit=567%2C370&ssl=1&resize=350%2C200","width":350,"height":200,"srcset":"https:\/\/i0.wp.com\/www.jazzzeitung.de\/cms\/wp-content\/uploads\/2018\/12\/Trio-Kellhuber_37.jpeg?fit=567%2C370&ssl=1&resize=350%2C200 1x, https:\/\/i0.wp.com\/www.jazzzeitung.de\/cms\/wp-content\/uploads\/2018\/12\/Trio-Kellhuber_37.jpeg?fit=567%2C370&ssl=1&resize=525%2C300 1.5x"},"classes":[]},{"id":22987,"url":"https:\/\/www.jazzzeitung.de\/cms\/2020\/07\/sandro-roy-begeistert-in-regensburg-mit-virtuosem-spiel\/","url_meta":{"origin":12458,"position":3},"title":"Sandro Roy begeistert in Regensburg mit virtuosem Spiel","author":"Redaktion JazzZeitung","date":"24. Juli 2020","format":false,"excerpt":"Von Michael Scheiner. \u201eIch kann's nicht glauben, wir sind wieder zur\u00fcck!\u201c Es war ein Sto\u00dfseufzer der Erleichterung, verkn\u00fcpft mit einem Gef\u00fchl wie es Wolfgang Ambros mit \u201eZwickt's Mi (i glab i tram)\u201c besungen hat, das sich bei Sandro Roy Bahn brach. Der junge Geiger aus Augsburg stand im Leeren Beutel\u2026","rel":"","context":"In &quot;Bericht&quot;","block_context":{"text":"Bericht","link":"https:\/\/www.jazzzeitung.de\/cms\/thema\/bericht\/"},"img":{"alt_text":"","src":"https:\/\/i0.wp.com\/www.jazzzeitung.de\/cms\/wp-content\/uploads\/2020\/07\/landsberger-Roy_07.jpg?fit=1200%2C795&ssl=1&resize=350%2C200","width":350,"height":200,"srcset":"https:\/\/i0.wp.com\/www.jazzzeitung.de\/cms\/wp-content\/uploads\/2020\/07\/landsberger-Roy_07.jpg?fit=1200%2C795&ssl=1&resize=350%2C200 1x, https:\/\/i0.wp.com\/www.jazzzeitung.de\/cms\/wp-content\/uploads\/2020\/07\/landsberger-Roy_07.jpg?fit=1200%2C795&ssl=1&resize=525%2C300 1.5x, https:\/\/i0.wp.com\/www.jazzzeitung.de\/cms\/wp-content\/uploads\/2020\/07\/landsberger-Roy_07.jpg?fit=1200%2C795&ssl=1&resize=700%2C400 2x, https:\/\/i0.wp.com\/www.jazzzeitung.de\/cms\/wp-content\/uploads\/2020\/07\/landsberger-Roy_07.jpg?fit=1200%2C795&ssl=1&resize=1050%2C600 3x"},"classes":[]},{"id":16342,"url":"https:\/\/www.jazzzeitung.de\/cms\/2018\/06\/standing-ovations-im-muenchner-prinzregentheater-fuer-das-michael-wollny-trio\/","url_meta":{"origin":12458,"position":4},"title":"Standing Ovations im M\u00fcnchner Prinzregentheater f\u00fcr das Michael Wollny Trio","author":"Redaktion JazzZeitung","date":"12. Juni 2018","format":false,"excerpt":"Michael Wollny ist aktuell unglaublich umtriebig und mischt die Szene richtig auf.\u00a0 Zeitgleich mit zwei neuen CDs am Start \u201eOslo\u201c und Wartburg\u201c, ist er begleitend dazu mit seinem Trio auf Tour. Nach Bonn, London, Berlin, dem Elbjazz-Festival, auf dem er als Artist in Residence mehrere Konzerte in unterschiedlichen Besetzungen spielte,\u2026","rel":"","context":"In &quot;Galerie&quot;","block_context":{"text":"Galerie","link":"https:\/\/www.jazzzeitung.de\/cms\/thema\/galerie\/"},"img":{"alt_text":"","src":"https:\/\/i0.wp.com\/www.jazzzeitung.de\/cms\/wp-content\/uploads\/2018\/06\/Das-Michael-Wollny-Trio-Foto-TJ-Krebs-jazzphotoagency%40web.de_.jpg?fit=1200%2C800&ssl=1&resize=350%2C200","width":350,"height":200,"srcset":"https:\/\/i0.wp.com\/www.jazzzeitung.de\/cms\/wp-content\/uploads\/2018\/06\/Das-Michael-Wollny-Trio-Foto-TJ-Krebs-jazzphotoagency%40web.de_.jpg?fit=1200%2C800&ssl=1&resize=350%2C200 1x, https:\/\/i0.wp.com\/www.jazzzeitung.de\/cms\/wp-content\/uploads\/2018\/06\/Das-Michael-Wollny-Trio-Foto-TJ-Krebs-jazzphotoagency%40web.de_.jpg?fit=1200%2C800&ssl=1&resize=525%2C300 1.5x, https:\/\/i0.wp.com\/www.jazzzeitung.de\/cms\/wp-content\/uploads\/2018\/06\/Das-Michael-Wollny-Trio-Foto-TJ-Krebs-jazzphotoagency%40web.de_.jpg?fit=1200%2C800&ssl=1&resize=700%2C400 2x, https:\/\/i0.wp.com\/www.jazzzeitung.de\/cms\/wp-content\/uploads\/2018\/06\/Das-Michael-Wollny-Trio-Foto-TJ-Krebs-jazzphotoagency%40web.de_.jpg?fit=1200%2C800&ssl=1&resize=1050%2C600 3x"},"classes":[]},{"id":29211,"url":"https:\/\/www.jazzzeitung.de\/cms\/2023\/03\/news-regensburg-huerth-ljjo-baden-wuerttemberg\/","url_meta":{"origin":12458,"position":5},"title":"News: +++ Regensburg +++ H\u00fcrth +++ LJJO Baden-W\u00fcrttemberg +++","author":"Redaktion JazzZeitung","date":"14. M\u00e4rz 2023","format":false,"excerpt":"+++ Highlight-April im Regensburger Jazzclub +++ Neben dem allmonatlichen Jazz-Brunch im Degginger (diesen Monat Yankee Meier Organ Trio, Sonntag 23. April 2023) und der Session im Leeren Beutel (Sessionleiter: Danube in Blue, 3. April 2023), veranstaltet der Regensburger Jazzclub wiederholt hochkar\u00e4tige Konzerte im Leeren Beutel und im Caf\u00e9 Degginger. Das\u2026","rel":"","context":"In &quot;News&quot;","block_context":{"text":"News","link":"https:\/\/www.jazzzeitung.de\/cms\/thema\/nachrichten\/"},"img":{"alt_text":"","src":"https:\/\/i0.wp.com\/www.jazzzeitung.de\/cms\/wp-content\/uploads\/2023\/03\/jc-20230404-Tobias-Meinhart-The-Painter%C2%A9-Mariana-Meraz_Jazzclub-Regensburg.jpg?fit=1200%2C801&ssl=1&resize=350%2C200","width":350,"height":200,"srcset":"https:\/\/i0.wp.com\/www.jazzzeitung.de\/cms\/wp-content\/uploads\/2023\/03\/jc-20230404-Tobias-Meinhart-The-Painter%C2%A9-Mariana-Meraz_Jazzclub-Regensburg.jpg?fit=1200%2C801&ssl=1&resize=350%2C200 1x, https:\/\/i0.wp.com\/www.jazzzeitung.de\/cms\/wp-content\/uploads\/2023\/03\/jc-20230404-Tobias-Meinhart-The-Painter%C2%A9-Mariana-Meraz_Jazzclub-Regensburg.jpg?fit=1200%2C801&ssl=1&resize=525%2C300 1.5x, https:\/\/i0.wp.com\/www.jazzzeitung.de\/cms\/wp-content\/uploads\/2023\/03\/jc-20230404-Tobias-Meinhart-The-Painter%C2%A9-Mariana-Meraz_Jazzclub-Regensburg.jpg?fit=1200%2C801&ssl=1&resize=700%2C400 2x, https:\/\/i0.wp.com\/www.jazzzeitung.de\/cms\/wp-content\/uploads\/2023\/03\/jc-20230404-Tobias-Meinhart-The-Painter%C2%A9-Mariana-Meraz_Jazzclub-Regensburg.jpg?fit=1200%2C801&ssl=1&resize=1050%2C600 3x"},"classes":[]}],"jetpack_sharing_enabled":true,"_links":{"self":[{"href":"https:\/\/www.jazzzeitung.de\/cms\/wp-json\/wp\/v2\/posts\/12458","targetHints":{"allow":["GET"]}}],"collection":[{"href":"https:\/\/www.jazzzeitung.de\/cms\/wp-json\/wp\/v2\/posts"}],"about":[{"href":"https:\/\/www.jazzzeitung.de\/cms\/wp-json\/wp\/v2\/types\/post"}],"author":[{"embeddable":true,"href":"https:\/\/www.jazzzeitung.de\/cms\/wp-json\/wp\/v2\/users\/18"}],"replies":[{"embeddable":true,"href":"https:\/\/www.jazzzeitung.de\/cms\/wp-json\/wp\/v2\/comments?post=12458"}],"version-history":[{"count":4,"href":"https:\/\/www.jazzzeitung.de\/cms\/wp-json\/wp\/v2\/posts\/12458\/revisions"}],"predecessor-version":[{"id":12466,"href":"https:\/\/www.jazzzeitung.de\/cms\/wp-json\/wp\/v2\/posts\/12458\/revisions\/12466"}],"wp:attachment":[{"href":"https:\/\/www.jazzzeitung.de\/cms\/wp-json\/wp\/v2\/media?parent=12458"}],"wp:term":[{"taxonomy":"category","embeddable":true,"href":"https:\/\/www.jazzzeitung.de\/cms\/wp-json\/wp\/v2\/categories?post=12458"},{"taxonomy":"post_tag","embeddable":true,"href":"https:\/\/www.jazzzeitung.de\/cms\/wp-json\/wp\/v2\/tags?post=12458"},{"taxonomy":"author","embeddable":true,"href":"https:\/\/www.jazzzeitung.de\/cms\/wp-json\/wp\/v2\/coauthors?post=12458"}],"curies":[{"name":"wp","href":"https:\/\/api.w.org\/{rel}","templated":true}]}}