{"id":12450,"date":"2017-05-18T12:29:41","date_gmt":"2017-05-18T10:29:41","guid":{"rendered":"https:\/\/www.jazzzeitung.de\/cms\/?p=12450"},"modified":"2017-05-31T12:21:49","modified_gmt":"2017-05-31T10:21:49","slug":"laesst-blues-mit-faeusten-ausspritzen","status":"publish","type":"post","link":"https:\/\/www.jazzzeitung.de\/cms\/2017\/05\/laesst-blues-mit-faeusten-ausspritzen\/","title":{"rendered":"K\u00f6lner Pianist Simon Nabatov begeistert in der Schwandorfer Kebbel-Villa"},"content":{"rendered":"<p><a href=\"https:\/\/i0.wp.com\/www.jazzzeitung.de\/cms\/wp-content\/uploads\/2017\/05\/Nabatov-Trio_45.jpg?ssl=1\"><img data-recalc-dims=\"1\" loading=\"lazy\" decoding=\"async\" data-attachment-id=\"12433\" data-permalink=\"https:\/\/www.jazzzeitung.de\/cms\/2017\/05\/news-maxwell-oliveira-trio-im-jazzkeller-huerth-gleuel-am-19-05-17\/nabatov-trio_45\/\" data-orig-file=\"https:\/\/i0.wp.com\/www.jazzzeitung.de\/cms\/wp-content\/uploads\/2017\/05\/Nabatov-Trio_45.jpg?fit=2322%2C1467&amp;ssl=1\" data-orig-size=\"2322,1467\" data-comments-opened=\"1\" data-image-meta=\"{&quot;aperture&quot;:&quot;7.1&quot;,&quot;credit&quot;:&quot;&quot;,&quot;camera&quot;:&quot;NIKON D7000&quot;,&quot;caption&quot;:&quot;&quot;,&quot;created_timestamp&quot;:&quot;1493323325&quot;,&quot;copyright&quot;:&quot;&quot;,&quot;focal_length&quot;:&quot;21&quot;,&quot;iso&quot;:&quot;2000&quot;,&quot;shutter_speed&quot;:&quot;0.0125&quot;,&quot;title&quot;:&quot;&quot;,&quot;orientation&quot;:&quot;1&quot;}\" data-image-title=\"Nabatov-Trio, Foto: shine &amp;#8211; Kultur Konzepte \u00d6ffentlichkeitsarbeit Michael Scheiner Altenthanner\" data-image-description=\"\" data-image-caption=\"\" data-large-file=\"https:\/\/i0.wp.com\/www.jazzzeitung.de\/cms\/wp-content\/uploads\/2017\/05\/Nabatov-Trio_45.jpg?fit=840%2C531&amp;ssl=1\" class=\"alignright size-thumbnail wp-image-12433\" src=\"https:\/\/i0.wp.com\/www.jazzzeitung.de\/cms\/wp-content\/uploads\/2017\/05\/Nabatov-Trio_45.jpg?resize=150%2C150&#038;ssl=1\" alt=\"\" width=\"150\" height=\"150\" srcset=\"https:\/\/i0.wp.com\/www.jazzzeitung.de\/cms\/wp-content\/uploads\/2017\/05\/Nabatov-Trio_45.jpg?resize=150%2C150&amp;ssl=1 150w, https:\/\/i0.wp.com\/www.jazzzeitung.de\/cms\/wp-content\/uploads\/2017\/05\/Nabatov-Trio_45.jpg?resize=144%2C144&amp;ssl=1 144w, https:\/\/i0.wp.com\/www.jazzzeitung.de\/cms\/wp-content\/uploads\/2017\/05\/Nabatov-Trio_45.jpg?resize=96%2C96&amp;ssl=1 96w, https:\/\/i0.wp.com\/www.jazzzeitung.de\/cms\/wp-content\/uploads\/2017\/05\/Nabatov-Trio_45.jpg?resize=24%2C24&amp;ssl=1 24w, https:\/\/i0.wp.com\/www.jazzzeitung.de\/cms\/wp-content\/uploads\/2017\/05\/Nabatov-Trio_45.jpg?resize=36%2C36&amp;ssl=1 36w, https:\/\/i0.wp.com\/www.jazzzeitung.de\/cms\/wp-content\/uploads\/2017\/05\/Nabatov-Trio_45.jpg?resize=48%2C48&amp;ssl=1 48w, https:\/\/i0.wp.com\/www.jazzzeitung.de\/cms\/wp-content\/uploads\/2017\/05\/Nabatov-Trio_45.jpg?resize=64%2C64&amp;ssl=1 64w, https:\/\/i0.wp.com\/www.jazzzeitung.de\/cms\/wp-content\/uploads\/2017\/05\/Nabatov-Trio_45.jpg?resize=32%2C32&amp;ssl=1 32w, https:\/\/i0.wp.com\/www.jazzzeitung.de\/cms\/wp-content\/uploads\/2017\/05\/Nabatov-Trio_45.jpg?resize=50%2C50&amp;ssl=1 50w, https:\/\/i0.wp.com\/www.jazzzeitung.de\/cms\/wp-content\/uploads\/2017\/05\/Nabatov-Trio_45.jpg?resize=128%2C128&amp;ssl=1 128w, https:\/\/i0.wp.com\/www.jazzzeitung.de\/cms\/wp-content\/uploads\/2017\/05\/Nabatov-Trio_45.jpg?zoom=2&amp;resize=150%2C150&amp;ssl=1 300w, https:\/\/i0.wp.com\/www.jazzzeitung.de\/cms\/wp-content\/uploads\/2017\/05\/Nabatov-Trio_45.jpg?zoom=3&amp;resize=150%2C150&amp;ssl=1 450w\" sizes=\"auto, (max-width: 150px) 100vw, 150px\" \/><\/a>Der Kontakt geht noch auf Norbert Vollath zur\u00fcck. Pianist Simon Nabatov geh\u00f6rte zu den favorisierten und bewunderten Pianisten des zu fr\u00fch verstorbenen Oberpf\u00e4lzer Musikers und Klangk\u00fcnstlers, der f\u00fcr die Kebbel-Villa in Schwandorf-Fronberg ein exquisites Jazzprogramm kuratierte. Nabatov gastierte vor drei Jahren als Solok\u00fcnstler erstmals in Schwandorf, das Konzert konnte Vollath noch erleben. Diesmal stellte sich der in Moskau geborene K\u00f6lner mit einem neuen jungen Trio vor \u2013 und begeisterte um keine Spur weniger. Trotz des geringeren Interesses, welches dem Auftritt unverdienterma\u00dfen entgegengebracht wurde, war der st\u00fcrmische Beifall am Schluss noch bis auf die Strasse deutlich vernehmbar.<\/p>\n<p><img data-recalc-dims=\"1\" loading=\"lazy\" decoding=\"async\" data-attachment-id=\"12434\" data-permalink=\"https:\/\/www.jazzzeitung.de\/cms\/2017\/05\/news-maxwell-oliveira-trio-im-jazzkeller-huerth-gleuel-am-19-05-17\/nabatov-simon_18\/\" data-orig-file=\"https:\/\/i0.wp.com\/www.jazzzeitung.de\/cms\/wp-content\/uploads\/2017\/05\/Nabatov-Simon_18.jpg?fit=1565%2C1698&amp;ssl=1\" data-orig-size=\"1565,1698\" data-comments-opened=\"1\" data-image-meta=\"{&quot;aperture&quot;:&quot;5.3&quot;,&quot;credit&quot;:&quot;&quot;,&quot;camera&quot;:&quot;NIKON D7000&quot;,&quot;caption&quot;:&quot;&quot;,&quot;created_timestamp&quot;:&quot;1493322260&quot;,&quot;copyright&quot;:&quot;&quot;,&quot;focal_length&quot;:&quot;70&quot;,&quot;iso&quot;:&quot;2000&quot;,&quot;shutter_speed&quot;:&quot;0.0125&quot;,&quot;title&quot;:&quot;&quot;,&quot;orientation&quot;:&quot;1&quot;}\" data-image-title=\"Simon Nabatov, Foto: shine &amp;#8211; Kultur Konzepte \u00d6ffentlichkeitsarbeit Michael Scheiner Altenthanner\" data-image-description=\"\" data-image-caption=\"\" data-large-file=\"https:\/\/i0.wp.com\/www.jazzzeitung.de\/cms\/wp-content\/uploads\/2017\/05\/Nabatov-Simon_18.jpg?fit=553%2C600&amp;ssl=1\" class=\"alignleft size-thumbnail wp-image-12434\" src=\"https:\/\/i0.wp.com\/www.jazzzeitung.de\/cms\/wp-content\/uploads\/2017\/05\/Nabatov-Simon_18.jpg?resize=150%2C150&#038;ssl=1\" alt=\"\" width=\"150\" height=\"150\" srcset=\"https:\/\/i0.wp.com\/www.jazzzeitung.de\/cms\/wp-content\/uploads\/2017\/05\/Nabatov-Simon_18.jpg?resize=150%2C150&amp;ssl=1 150w, https:\/\/i0.wp.com\/www.jazzzeitung.de\/cms\/wp-content\/uploads\/2017\/05\/Nabatov-Simon_18.jpg?resize=144%2C144&amp;ssl=1 144w, https:\/\/i0.wp.com\/www.jazzzeitung.de\/cms\/wp-content\/uploads\/2017\/05\/Nabatov-Simon_18.jpg?resize=96%2C96&amp;ssl=1 96w, https:\/\/i0.wp.com\/www.jazzzeitung.de\/cms\/wp-content\/uploads\/2017\/05\/Nabatov-Simon_18.jpg?resize=24%2C24&amp;ssl=1 24w, https:\/\/i0.wp.com\/www.jazzzeitung.de\/cms\/wp-content\/uploads\/2017\/05\/Nabatov-Simon_18.jpg?resize=36%2C36&amp;ssl=1 36w, https:\/\/i0.wp.com\/www.jazzzeitung.de\/cms\/wp-content\/uploads\/2017\/05\/Nabatov-Simon_18.jpg?resize=48%2C48&amp;ssl=1 48w, https:\/\/i0.wp.com\/www.jazzzeitung.de\/cms\/wp-content\/uploads\/2017\/05\/Nabatov-Simon_18.jpg?resize=64%2C64&amp;ssl=1 64w, https:\/\/i0.wp.com\/www.jazzzeitung.de\/cms\/wp-content\/uploads\/2017\/05\/Nabatov-Simon_18.jpg?resize=32%2C32&amp;ssl=1 32w, https:\/\/i0.wp.com\/www.jazzzeitung.de\/cms\/wp-content\/uploads\/2017\/05\/Nabatov-Simon_18.jpg?resize=50%2C50&amp;ssl=1 50w, https:\/\/i0.wp.com\/www.jazzzeitung.de\/cms\/wp-content\/uploads\/2017\/05\/Nabatov-Simon_18.jpg?resize=128%2C128&amp;ssl=1 128w, https:\/\/i0.wp.com\/www.jazzzeitung.de\/cms\/wp-content\/uploads\/2017\/05\/Nabatov-Simon_18.jpg?zoom=2&amp;resize=150%2C150&amp;ssl=1 300w, https:\/\/i0.wp.com\/www.jazzzeitung.de\/cms\/wp-content\/uploads\/2017\/05\/Nabatov-Simon_18.jpg?zoom=3&amp;resize=150%2C150&amp;ssl=1 450w\" sizes=\"auto, (max-width: 150px) 100vw, 150px\" \/>Nabatov ist ein Rasender, ein hochemotionaler K\u00fcnstler und virtuoser Pianist. Einer der Empfindungen und Eindr\u00fccke in eine dichte, komplexe Musik \u00fcberf\u00fchren kann, durchzogen von glimmenden Spuren schlichter Poesie. Er packt das in dynamisch spannende Kompositionen, die voller \u00dcberraschungen stecken und Raum lassen f\u00fcr spontane Einf\u00e4lle und Improvisationen. F\u00fcr das Trio mit dem Schweizer Schlagzeuger Dominik Mahnig und dem Konstanzer Bassisten Stefan Sch\u00f6negg hat der 58-J\u00e4hrige ein komplettes Programm neu geschrieben. Vergangenes Jahr ist es bei Leo Records des emigrierten Russen Leo Feigin als feines Album \u2013 Picking Order \u2013 erschienen. Das englische Label geh\u00f6rt zum kleinen Kreis unabh\u00e4ngiger Musikverlage, die noch das erschlaffte F\u00e4hnchen des Freejazz hochhalten. Allerdings w\u00e4re es zu einfach und falsch, die Musik Nabatovs nur unter dieses Etikett zu packen. F\u00fcr seine oft langen St\u00fccke nutzt er kompositorische Elemente der Klassik ebenso, wie Motive und Formen des Jazz. Einmal entschuldigt er sich galant, denn bei \u201eFills in the blanks\u201c sei er wohl \u201ebesonders von Vivaldi beeinflu\u00dft gewesen.\u201c Wie dieser habe er mehrfach \u201efalsche Kadenzen\u201c in der mehrteiligen Komposition verwendet. H\u00e4ufig setzt Nabatov anf\u00e4nglich ruhige Momente, l\u00e4sst einzelnen T\u00f6nen viel Raum. Die beiden Mitspieler setzen zarte Farbtupfer und grell aufblitzende Leuchtspuren, schaffen eine poetische, aber keineswegs immer heimelige Stimmung emotionaler Tiefe und Spannung. Nabatov will nicht unterhalten, an schon Bekanntem andocken und Vertrautes aufw\u00e4rmen. Er will \u00fcberraschen, von einer unerwarteten Seite her packen, mitrei\u00dfen und \u00fcberw\u00e4ltigen. Nach einem feinf\u00fchlig gestrichenem Bass-Solo und einsetzendem pianistischem Pathos l\u00e4sst er kratzb\u00fcrstiges Geschehen dann auch schon mal in die ausgefahrene Spur des Blues einbiegen. Wenn sich dann die H\u00f6rnerven entspannen und die Zuh\u00f6rer das vergn\u00fcgliche Treiben genie\u00dferisch einsaugen, l\u00e4sst der schwergewichtige Mann am Fl\u00fcgel pl\u00f6tzlich die F\u00e4uste fliegen und den Blues hoch aufspritzen \u2013 bis die Musik des Trios wieder in einem dunklen Klangsumpf zu versinken beginnt.<br \/>\nEs ist ein aufregendes Konzert, abenteuerlich in seiner klanglichen Vielfalt \u2013 wobei sich vor allem der unfassbar pr\u00e4zise Schlagzeuger hervortut \u2013 dramatisch und aufgeladen. In \u201eAria\u201c scheint eher der klassische Hintergrund durch, im \u00e4lteren \u201eThe Lake\u201c zeichnet Nabatov die widerstreitenden Empfindungen eines Kindes nach, das in Estland erstmals vor einem dunklen, unergr\u00fcndlichen See gestanden ist und nicht wu\u00dfte, ob es sich reintrauen soll. Ein gro\u00dfartiges Erlebnis, von dem man hoffen kann, dass es noch viele Fortsetzungen findet.<\/p>\n<p>Info: <a href=\"http:\/\/www.nabatov.com\/\">www.nabatov.com\/<\/a><br \/>\nAktuelles Album: picking order, Simon Nabatov Trio, Leo Records (NRW)<\/p>\n<p>Text: Michael Scheiner<\/p>\n<p><span style=\"border-radius: 2px; text-indent: 20px; width: auto; padding: 0px 4px 0px 0px; text-align: center; font: bold 11px\/20px 'Helvetica Neue',Helvetica,sans-serif; color: #ffffff; background: #bd081c  no-repeat scroll 3px 50% \/ 14px 14px; position: absolute; opacity: 1; z-index: 8675309; display: none; cursor: pointer; top: 36px; left: 560px;\">Merken<\/span><\/p>\n","protected":false},"excerpt":{"rendered":"<p>Der Kontakt geht noch auf Norbert Vollath zur\u00fcck. Pianist Simon Nabatov geh\u00f6rte zu den favorisierten und bewunderten Pianisten des zu fr\u00fch verstorbenen Oberpf\u00e4lzer Musikers und Klangk\u00fcnstlers, der f\u00fcr die Kebbel-Villa in Schwandorf-Fronberg ein exquisites Jazzprogramm kuratierte. Nabatov gastierte vor drei Jahren als Solok\u00fcnstler erstmals in Schwandorf, das Konzert konnte Vollath noch erleben. Diesmal stellte sich der in Moskau geborene K\u00f6lner mit einem neuen jungen Trio vor \u2013 und begeisterte um keine Spur weniger. Trotz des geringeren Interesses, welches dem Auftritt unverdienterma\u00dfen entgegengebracht wurde, war der st\u00fcrmische Beifall am Schluss noch bis auf die Strasse deutlich vernehmbar. Nabatov ist ein Rasender, ein hochemotionaler K\u00fcnstler und virtuoser Pianist. Einer der Empfindungen und Eindr\u00fccke in eine dichte, komplexe Musik \u00fcberf\u00fchren kann, durchzogen von glimmenden Spuren schlichter Poesie. Er packt das in dynamisch spannende Kompositionen, die voller \u00dcberraschungen stecken und Raum lassen f\u00fcr spontane Einf\u00e4lle und Improvisationen. F\u00fcr das Trio mit dem Schweizer Schlagzeuger Dominik Mahnig und dem Konstanzer Bassisten Stefan Sch\u00f6negg hat der 58-J\u00e4hrige ein komplettes Programm neu geschrieben. Vergangenes Jahr ist es bei Leo Records des emigrierten Russen Leo Feigin als feines Album \u2013 Picking Order \u2013 &hellip;<\/p>\n","protected":false},"author":18,"featured_media":0,"comment_status":"open","ping_status":"closed","sticky":false,"template":"","format":"standard","meta":{"_jetpack_memberships_contains_paid_content":false,"footnotes":"","jetpack_publicize_message":"","jetpack_publicize_feature_enabled":true,"jetpack_social_post_already_shared":false,"jetpack_social_options":{"image_generator_settings":{"template":"highway","default_image_id":0,"font":"","enabled":false},"version":2}},"categories":[1152],"tags":[34,83,316,322,339,387,1356],"coauthors":[695],"class_list":["post-12450","post","type-post","status-publish","format-standard","hentry","category-rezension","tag-album","tag-blues","tag-klassik","tag-konzert-2","tag-label","tag-michael-scheiner","tag-trio"],"yoast_head":"<!-- This site is optimized with the Yoast SEO plugin v27.5 - https:\/\/yoast.com\/product\/yoast-seo-wordpress\/ -->\n<title>K\u00f6lner Pianist Simon Nabatov begeistert in der Schwandorfer Kebbel-Villa - JazzZeitung<\/title>\n<meta name=\"robots\" content=\"index, follow, max-snippet:-1, max-image-preview:large, max-video-preview:-1\" \/>\n<link rel=\"canonical\" href=\"https:\/\/www.jazzzeitung.de\/cms\/2017\/05\/laesst-blues-mit-faeusten-ausspritzen\/\" \/>\n<meta property=\"og:locale\" content=\"de_DE\" \/>\n<meta property=\"og:type\" content=\"article\" \/>\n<meta property=\"og:title\" content=\"K\u00f6lner Pianist Simon Nabatov begeistert in der Schwandorfer Kebbel-Villa - JazzZeitung\" \/>\n<meta property=\"og:description\" content=\"Der Kontakt geht noch auf Norbert Vollath zur\u00fcck. Pianist Simon Nabatov geh\u00f6rte zu den favorisierten und bewunderten Pianisten des zu fr\u00fch verstorbenen Oberpf\u00e4lzer Musikers und Klangk\u00fcnstlers, der f\u00fcr die Kebbel-Villa in Schwandorf-Fronberg ein exquisites Jazzprogramm kuratierte. Nabatov gastierte vor drei Jahren als Solok\u00fcnstler erstmals in Schwandorf, das Konzert konnte Vollath noch erleben. Diesmal stellte sich der in Moskau geborene K\u00f6lner mit einem neuen jungen Trio vor \u2013 und begeisterte um keine Spur weniger. Trotz des geringeren Interesses, welches dem Auftritt unverdienterma\u00dfen entgegengebracht wurde, war der st\u00fcrmische Beifall am Schluss noch bis auf die Strasse deutlich vernehmbar. Nabatov ist ein Rasender, ein hochemotionaler K\u00fcnstler und virtuoser Pianist. Einer der Empfindungen und Eindr\u00fccke in eine dichte, komplexe Musik \u00fcberf\u00fchren kann, durchzogen von glimmenden Spuren schlichter Poesie. Er packt das in dynamisch spannende Kompositionen, die voller \u00dcberraschungen stecken und Raum lassen f\u00fcr spontane Einf\u00e4lle und Improvisationen. F\u00fcr das Trio mit dem Schweizer Schlagzeuger Dominik Mahnig und dem Konstanzer Bassisten Stefan Sch\u00f6negg hat der 58-J\u00e4hrige ein komplettes Programm neu geschrieben. Vergangenes Jahr ist es bei Leo Records des emigrierten Russen Leo Feigin als feines Album \u2013 Picking Order \u2013 &hellip;\" \/>\n<meta property=\"og:url\" content=\"https:\/\/www.jazzzeitung.de\/cms\/2017\/05\/laesst-blues-mit-faeusten-ausspritzen\/\" \/>\n<meta property=\"og:site_name\" content=\"JazzZeitung\" \/>\n<meta property=\"article:publisher\" content=\"https:\/\/www.facebook.com\/JazzZeitung\/\" \/>\n<meta property=\"article:published_time\" content=\"2017-05-18T10:29:41+00:00\" \/>\n<meta property=\"article:modified_time\" content=\"2017-05-31T10:21:49+00:00\" \/>\n<meta property=\"og:image\" content=\"https:\/\/www.jazzzeitung.de\/cms\/wp-content\/uploads\/2017\/05\/Nabatov-Trio_45-150x150.jpg\" \/>\n<meta name=\"author\" content=\"Redaktion JazzZeitung\" \/>\n<script type=\"application\/ld+json\" class=\"yoast-schema-graph\">{\"@context\":\"https:\\\/\\\/schema.org\",\"@graph\":[{\"@type\":\"Article\",\"@id\":\"https:\\\/\\\/www.jazzzeitung.de\\\/cms\\\/2017\\\/05\\\/laesst-blues-mit-faeusten-ausspritzen\\\/#article\",\"isPartOf\":{\"@id\":\"https:\\\/\\\/www.jazzzeitung.de\\\/cms\\\/2017\\\/05\\\/laesst-blues-mit-faeusten-ausspritzen\\\/\"},\"author\":{\"name\":\"Redaktion JazzZeitung\",\"@id\":\"https:\\\/\\\/www.jazzzeitung.de\\\/cms\\\/#\\\/schema\\\/person\\\/2245b36b9cd1d24cea10f01c031fb92b\"},\"headline\":\"K\u00f6lner Pianist Simon Nabatov begeistert in der Schwandorfer Kebbel-Villa\",\"datePublished\":\"2017-05-18T10:29:41+00:00\",\"dateModified\":\"2017-05-31T10:21:49+00:00\",\"mainEntityOfPage\":{\"@id\":\"https:\\\/\\\/www.jazzzeitung.de\\\/cms\\\/2017\\\/05\\\/laesst-blues-mit-faeusten-ausspritzen\\\/\"},\"wordCount\":537,\"commentCount\":0,\"publisher\":{\"@id\":\"https:\\\/\\\/www.jazzzeitung.de\\\/cms\\\/#organization\"},\"image\":{\"@id\":\"https:\\\/\\\/www.jazzzeitung.de\\\/cms\\\/2017\\\/05\\\/laesst-blues-mit-faeusten-ausspritzen\\\/#primaryimage\"},\"thumbnailUrl\":\"https:\\\/\\\/www.jazzzeitung.de\\\/cms\\\/wp-content\\\/uploads\\\/2017\\\/05\\\/Nabatov-Trio_45-150x150.jpg\",\"keywords\":[\"Album\",\"Blues\",\"Klassik\",\"Konzert\",\"Label\",\"Michael Scheiner\",\"trio\"],\"articleSection\":[\"Rezension\"],\"inLanguage\":\"de\",\"potentialAction\":[{\"@type\":\"CommentAction\",\"name\":\"Comment\",\"target\":[\"https:\\\/\\\/www.jazzzeitung.de\\\/cms\\\/2017\\\/05\\\/laesst-blues-mit-faeusten-ausspritzen\\\/#respond\"]}]},{\"@type\":\"WebPage\",\"@id\":\"https:\\\/\\\/www.jazzzeitung.de\\\/cms\\\/2017\\\/05\\\/laesst-blues-mit-faeusten-ausspritzen\\\/\",\"url\":\"https:\\\/\\\/www.jazzzeitung.de\\\/cms\\\/2017\\\/05\\\/laesst-blues-mit-faeusten-ausspritzen\\\/\",\"name\":\"K\u00f6lner Pianist Simon Nabatov begeistert in der Schwandorfer Kebbel-Villa - JazzZeitung\",\"isPartOf\":{\"@id\":\"https:\\\/\\\/www.jazzzeitung.de\\\/cms\\\/#website\"},\"primaryImageOfPage\":{\"@id\":\"https:\\\/\\\/www.jazzzeitung.de\\\/cms\\\/2017\\\/05\\\/laesst-blues-mit-faeusten-ausspritzen\\\/#primaryimage\"},\"image\":{\"@id\":\"https:\\\/\\\/www.jazzzeitung.de\\\/cms\\\/2017\\\/05\\\/laesst-blues-mit-faeusten-ausspritzen\\\/#primaryimage\"},\"thumbnailUrl\":\"https:\\\/\\\/www.jazzzeitung.de\\\/cms\\\/wp-content\\\/uploads\\\/2017\\\/05\\\/Nabatov-Trio_45-150x150.jpg\",\"datePublished\":\"2017-05-18T10:29:41+00:00\",\"dateModified\":\"2017-05-31T10:21:49+00:00\",\"breadcrumb\":{\"@id\":\"https:\\\/\\\/www.jazzzeitung.de\\\/cms\\\/2017\\\/05\\\/laesst-blues-mit-faeusten-ausspritzen\\\/#breadcrumb\"},\"inLanguage\":\"de\",\"potentialAction\":[{\"@type\":\"ReadAction\",\"target\":[\"https:\\\/\\\/www.jazzzeitung.de\\\/cms\\\/2017\\\/05\\\/laesst-blues-mit-faeusten-ausspritzen\\\/\"]}]},{\"@type\":\"ImageObject\",\"inLanguage\":\"de\",\"@id\":\"https:\\\/\\\/www.jazzzeitung.de\\\/cms\\\/2017\\\/05\\\/laesst-blues-mit-faeusten-ausspritzen\\\/#primaryimage\",\"url\":\"https:\\\/\\\/i0.wp.com\\\/www.jazzzeitung.de\\\/cms\\\/wp-content\\\/uploads\\\/2017\\\/05\\\/Nabatov-Trio_45.jpg?fit=2322%2C1467&ssl=1\",\"contentUrl\":\"https:\\\/\\\/i0.wp.com\\\/www.jazzzeitung.de\\\/cms\\\/wp-content\\\/uploads\\\/2017\\\/05\\\/Nabatov-Trio_45.jpg?fit=2322%2C1467&ssl=1\",\"width\":2322,\"height\":1467},{\"@type\":\"BreadcrumbList\",\"@id\":\"https:\\\/\\\/www.jazzzeitung.de\\\/cms\\\/2017\\\/05\\\/laesst-blues-mit-faeusten-ausspritzen\\\/#breadcrumb\",\"itemListElement\":[{\"@type\":\"ListItem\",\"position\":1,\"name\":\"Startseite\",\"item\":\"https:\\\/\\\/www.jazzzeitung.de\\\/cms\\\/\"},{\"@type\":\"ListItem\",\"position\":2,\"name\":\"K\u00f6lner Pianist Simon Nabatov begeistert in der Schwandorfer Kebbel-Villa\"}]},{\"@type\":\"WebSite\",\"@id\":\"https:\\\/\\\/www.jazzzeitung.de\\\/cms\\\/#website\",\"url\":\"https:\\\/\\\/www.jazzzeitung.de\\\/cms\\\/\",\"name\":\"JazzZeitung\",\"description\":\"Jazz-News und Jazz-Kontroverses\",\"publisher\":{\"@id\":\"https:\\\/\\\/www.jazzzeitung.de\\\/cms\\\/#organization\"},\"potentialAction\":[{\"@type\":\"SearchAction\",\"target\":{\"@type\":\"EntryPoint\",\"urlTemplate\":\"https:\\\/\\\/www.jazzzeitung.de\\\/cms\\\/?s={search_term_string}\"},\"query-input\":{\"@type\":\"PropertyValueSpecification\",\"valueRequired\":true,\"valueName\":\"search_term_string\"}}],\"inLanguage\":\"de\"},{\"@type\":\"Organization\",\"@id\":\"https:\\\/\\\/www.jazzzeitung.de\\\/cms\\\/#organization\",\"name\":\"JazzZeitung online\",\"url\":\"https:\\\/\\\/www.jazzzeitung.de\\\/cms\\\/\",\"logo\":{\"@type\":\"ImageObject\",\"inLanguage\":\"de\",\"@id\":\"https:\\\/\\\/www.jazzzeitung.de\\\/cms\\\/#\\\/schema\\\/logo\\\/image\\\/\",\"url\":\"https:\\\/\\\/i0.wp.com\\\/www.jazzzeitung.de\\\/cms\\\/wp-content\\\/uploads\\\/2015\\\/08\\\/JAZZZEITUNGDE_Logo_Neu.png?fit=499%2C200&ssl=1\",\"contentUrl\":\"https:\\\/\\\/i0.wp.com\\\/www.jazzzeitung.de\\\/cms\\\/wp-content\\\/uploads\\\/2015\\\/08\\\/JAZZZEITUNGDE_Logo_Neu.png?fit=499%2C200&ssl=1\",\"width\":499,\"height\":200,\"caption\":\"JazzZeitung online\"},\"image\":{\"@id\":\"https:\\\/\\\/www.jazzzeitung.de\\\/cms\\\/#\\\/schema\\\/logo\\\/image\\\/\"},\"sameAs\":[\"https:\\\/\\\/www.facebook.com\\\/JazzZeitung\\\/\"]},{\"@type\":\"Person\",\"@id\":\"https:\\\/\\\/www.jazzzeitung.de\\\/cms\\\/#\\\/schema\\\/person\\\/2245b36b9cd1d24cea10f01c031fb92b\",\"name\":\"Redaktion JazzZeitung\",\"image\":{\"@type\":\"ImageObject\",\"inLanguage\":\"de\",\"@id\":\"https:\\\/\\\/i0.wp.com\\\/www.jazzzeitung.de\\\/cms\\\/wp-content\\\/uploads\\\/2015\\\/08\\\/JAZZZEITUNGDE_Logo_Neu.png?resize=96%2C96&ssl=159975dcacb611b5700bd619b5daf0a7a\",\"url\":\"https:\\\/\\\/i0.wp.com\\\/www.jazzzeitung.de\\\/cms\\\/wp-content\\\/uploads\\\/2015\\\/08\\\/JAZZZEITUNGDE_Logo_Neu.png?resize=96%2C96&ssl=1\",\"contentUrl\":\"https:\\\/\\\/i0.wp.com\\\/www.jazzzeitung.de\\\/cms\\\/wp-content\\\/uploads\\\/2015\\\/08\\\/JAZZZEITUNGDE_Logo_Neu.png?resize=96%2C96&ssl=1\",\"caption\":\"Redaktion JazzZeitung\"},\"description\":\"Artikel der Redaktion der JazzZeitung.\",\"sameAs\":[\"http:\\\/\\\/www.jazzzeitung.de\\\/cms\\\/\"],\"url\":\"https:\\\/\\\/www.jazzzeitung.de\\\/cms\\\/author\\\/redaktion\\\/\"}]}<\/script>\n<!-- \/ Yoast SEO plugin. -->","yoast_head_json":{"title":"K\u00f6lner Pianist Simon Nabatov begeistert in der Schwandorfer Kebbel-Villa - JazzZeitung","robots":{"index":"index","follow":"follow","max-snippet":"max-snippet:-1","max-image-preview":"max-image-preview:large","max-video-preview":"max-video-preview:-1"},"canonical":"https:\/\/www.jazzzeitung.de\/cms\/2017\/05\/laesst-blues-mit-faeusten-ausspritzen\/","og_locale":"de_DE","og_type":"article","og_title":"K\u00f6lner Pianist Simon Nabatov begeistert in der Schwandorfer Kebbel-Villa - JazzZeitung","og_description":"Der Kontakt geht noch auf Norbert Vollath zur\u00fcck. Pianist Simon Nabatov geh\u00f6rte zu den favorisierten und bewunderten Pianisten des zu fr\u00fch verstorbenen Oberpf\u00e4lzer Musikers und Klangk\u00fcnstlers, der f\u00fcr die Kebbel-Villa in Schwandorf-Fronberg ein exquisites Jazzprogramm kuratierte. Nabatov gastierte vor drei Jahren als Solok\u00fcnstler erstmals in Schwandorf, das Konzert konnte Vollath noch erleben. Diesmal stellte sich der in Moskau geborene K\u00f6lner mit einem neuen jungen Trio vor \u2013 und begeisterte um keine Spur weniger. Trotz des geringeren Interesses, welches dem Auftritt unverdienterma\u00dfen entgegengebracht wurde, war der st\u00fcrmische Beifall am Schluss noch bis auf die Strasse deutlich vernehmbar. Nabatov ist ein Rasender, ein hochemotionaler K\u00fcnstler und virtuoser Pianist. Einer der Empfindungen und Eindr\u00fccke in eine dichte, komplexe Musik \u00fcberf\u00fchren kann, durchzogen von glimmenden Spuren schlichter Poesie. Er packt das in dynamisch spannende Kompositionen, die voller \u00dcberraschungen stecken und Raum lassen f\u00fcr spontane Einf\u00e4lle und Improvisationen. F\u00fcr das Trio mit dem Schweizer Schlagzeuger Dominik Mahnig und dem Konstanzer Bassisten Stefan Sch\u00f6negg hat der 58-J\u00e4hrige ein komplettes Programm neu geschrieben. Vergangenes Jahr ist es bei Leo Records des emigrierten Russen Leo Feigin als feines Album \u2013 Picking Order \u2013 &hellip;","og_url":"https:\/\/www.jazzzeitung.de\/cms\/2017\/05\/laesst-blues-mit-faeusten-ausspritzen\/","og_site_name":"JazzZeitung","article_publisher":"https:\/\/www.facebook.com\/JazzZeitung\/","article_published_time":"2017-05-18T10:29:41+00:00","article_modified_time":"2017-05-31T10:21:49+00:00","og_image":[{"url":"https:\/\/www.jazzzeitung.de\/cms\/wp-content\/uploads\/2017\/05\/Nabatov-Trio_45-150x150.jpg","type":"","width":"","height":""}],"author":"Redaktion JazzZeitung","schema":{"@context":"https:\/\/schema.org","@graph":[{"@type":"Article","@id":"https:\/\/www.jazzzeitung.de\/cms\/2017\/05\/laesst-blues-mit-faeusten-ausspritzen\/#article","isPartOf":{"@id":"https:\/\/www.jazzzeitung.de\/cms\/2017\/05\/laesst-blues-mit-faeusten-ausspritzen\/"},"author":{"name":"Redaktion JazzZeitung","@id":"https:\/\/www.jazzzeitung.de\/cms\/#\/schema\/person\/2245b36b9cd1d24cea10f01c031fb92b"},"headline":"K\u00f6lner Pianist Simon Nabatov begeistert in der Schwandorfer Kebbel-Villa","datePublished":"2017-05-18T10:29:41+00:00","dateModified":"2017-05-31T10:21:49+00:00","mainEntityOfPage":{"@id":"https:\/\/www.jazzzeitung.de\/cms\/2017\/05\/laesst-blues-mit-faeusten-ausspritzen\/"},"wordCount":537,"commentCount":0,"publisher":{"@id":"https:\/\/www.jazzzeitung.de\/cms\/#organization"},"image":{"@id":"https:\/\/www.jazzzeitung.de\/cms\/2017\/05\/laesst-blues-mit-faeusten-ausspritzen\/#primaryimage"},"thumbnailUrl":"https:\/\/www.jazzzeitung.de\/cms\/wp-content\/uploads\/2017\/05\/Nabatov-Trio_45-150x150.jpg","keywords":["Album","Blues","Klassik","Konzert","Label","Michael Scheiner","trio"],"articleSection":["Rezension"],"inLanguage":"de","potentialAction":[{"@type":"CommentAction","name":"Comment","target":["https:\/\/www.jazzzeitung.de\/cms\/2017\/05\/laesst-blues-mit-faeusten-ausspritzen\/#respond"]}]},{"@type":"WebPage","@id":"https:\/\/www.jazzzeitung.de\/cms\/2017\/05\/laesst-blues-mit-faeusten-ausspritzen\/","url":"https:\/\/www.jazzzeitung.de\/cms\/2017\/05\/laesst-blues-mit-faeusten-ausspritzen\/","name":"K\u00f6lner Pianist Simon Nabatov begeistert in der Schwandorfer Kebbel-Villa - JazzZeitung","isPartOf":{"@id":"https:\/\/www.jazzzeitung.de\/cms\/#website"},"primaryImageOfPage":{"@id":"https:\/\/www.jazzzeitung.de\/cms\/2017\/05\/laesst-blues-mit-faeusten-ausspritzen\/#primaryimage"},"image":{"@id":"https:\/\/www.jazzzeitung.de\/cms\/2017\/05\/laesst-blues-mit-faeusten-ausspritzen\/#primaryimage"},"thumbnailUrl":"https:\/\/www.jazzzeitung.de\/cms\/wp-content\/uploads\/2017\/05\/Nabatov-Trio_45-150x150.jpg","datePublished":"2017-05-18T10:29:41+00:00","dateModified":"2017-05-31T10:21:49+00:00","breadcrumb":{"@id":"https:\/\/www.jazzzeitung.de\/cms\/2017\/05\/laesst-blues-mit-faeusten-ausspritzen\/#breadcrumb"},"inLanguage":"de","potentialAction":[{"@type":"ReadAction","target":["https:\/\/www.jazzzeitung.de\/cms\/2017\/05\/laesst-blues-mit-faeusten-ausspritzen\/"]}]},{"@type":"ImageObject","inLanguage":"de","@id":"https:\/\/www.jazzzeitung.de\/cms\/2017\/05\/laesst-blues-mit-faeusten-ausspritzen\/#primaryimage","url":"https:\/\/i0.wp.com\/www.jazzzeitung.de\/cms\/wp-content\/uploads\/2017\/05\/Nabatov-Trio_45.jpg?fit=2322%2C1467&ssl=1","contentUrl":"https:\/\/i0.wp.com\/www.jazzzeitung.de\/cms\/wp-content\/uploads\/2017\/05\/Nabatov-Trio_45.jpg?fit=2322%2C1467&ssl=1","width":2322,"height":1467},{"@type":"BreadcrumbList","@id":"https:\/\/www.jazzzeitung.de\/cms\/2017\/05\/laesst-blues-mit-faeusten-ausspritzen\/#breadcrumb","itemListElement":[{"@type":"ListItem","position":1,"name":"Startseite","item":"https:\/\/www.jazzzeitung.de\/cms\/"},{"@type":"ListItem","position":2,"name":"K\u00f6lner Pianist Simon Nabatov begeistert in der Schwandorfer Kebbel-Villa"}]},{"@type":"WebSite","@id":"https:\/\/www.jazzzeitung.de\/cms\/#website","url":"https:\/\/www.jazzzeitung.de\/cms\/","name":"JazzZeitung","description":"Jazz-News und Jazz-Kontroverses","publisher":{"@id":"https:\/\/www.jazzzeitung.de\/cms\/#organization"},"potentialAction":[{"@type":"SearchAction","target":{"@type":"EntryPoint","urlTemplate":"https:\/\/www.jazzzeitung.de\/cms\/?s={search_term_string}"},"query-input":{"@type":"PropertyValueSpecification","valueRequired":true,"valueName":"search_term_string"}}],"inLanguage":"de"},{"@type":"Organization","@id":"https:\/\/www.jazzzeitung.de\/cms\/#organization","name":"JazzZeitung online","url":"https:\/\/www.jazzzeitung.de\/cms\/","logo":{"@type":"ImageObject","inLanguage":"de","@id":"https:\/\/www.jazzzeitung.de\/cms\/#\/schema\/logo\/image\/","url":"https:\/\/i0.wp.com\/www.jazzzeitung.de\/cms\/wp-content\/uploads\/2015\/08\/JAZZZEITUNGDE_Logo_Neu.png?fit=499%2C200&ssl=1","contentUrl":"https:\/\/i0.wp.com\/www.jazzzeitung.de\/cms\/wp-content\/uploads\/2015\/08\/JAZZZEITUNGDE_Logo_Neu.png?fit=499%2C200&ssl=1","width":499,"height":200,"caption":"JazzZeitung online"},"image":{"@id":"https:\/\/www.jazzzeitung.de\/cms\/#\/schema\/logo\/image\/"},"sameAs":["https:\/\/www.facebook.com\/JazzZeitung\/"]},{"@type":"Person","@id":"https:\/\/www.jazzzeitung.de\/cms\/#\/schema\/person\/2245b36b9cd1d24cea10f01c031fb92b","name":"Redaktion JazzZeitung","image":{"@type":"ImageObject","inLanguage":"de","@id":"https:\/\/i0.wp.com\/www.jazzzeitung.de\/cms\/wp-content\/uploads\/2015\/08\/JAZZZEITUNGDE_Logo_Neu.png?resize=96%2C96&ssl=159975dcacb611b5700bd619b5daf0a7a","url":"https:\/\/i0.wp.com\/www.jazzzeitung.de\/cms\/wp-content\/uploads\/2015\/08\/JAZZZEITUNGDE_Logo_Neu.png?resize=96%2C96&ssl=1","contentUrl":"https:\/\/i0.wp.com\/www.jazzzeitung.de\/cms\/wp-content\/uploads\/2015\/08\/JAZZZEITUNGDE_Logo_Neu.png?resize=96%2C96&ssl=1","caption":"Redaktion JazzZeitung"},"description":"Artikel der Redaktion der JazzZeitung.","sameAs":["http:\/\/www.jazzzeitung.de\/cms\/"],"url":"https:\/\/www.jazzzeitung.de\/cms\/author\/redaktion\/"}]}},"wp-worthy-pixel":{"ignored":false,"public":null,"server":null,"url":null},"wp-worthy-type":"normal","jetpack_publicize_connections":[],"cc_featured_image_caption":{"caption_text":false,"source_text":false,"source_url":false},"jetpack_featured_media_url":"","jetpack_shortlink":"https:\/\/wp.me\/p3KEcT-3eO","jetpack-related-posts":[{"id":24121,"url":"https:\/\/www.jazzzeitung.de\/cms\/2021\/01\/die-frische-der-spontanen-begegnung-beim-winterjazz-im-koelner-stadtgarten\/","url_meta":{"origin":12450,"position":0},"title":"Die Frische der spontanen Begegnung beim Winterjazz im K\u00f6lner Stadtgarten","author":"Redaktion JazzZeitung","date":"13. Januar 2021","format":false,"excerpt":"\u201eWenn man Festivals komponiert, dann ist es ganz wichtig, den jeweiligen Abend ganz zu \u00fcberdenken\u201c beschrieb der Schweizer Schlagzeuger Lucas Niggli das Qualit\u00e4tsmerkmal f\u00fcr ein gutes Live-Erlebnis. Als er vor einigen Jahren eingeladen worden war, etwas zusammen mit der \u201eunfassbar innovativen eigenst\u00e4ndigen K\u00f6lner Szene zu machen, hatte er sofort einen\u2026","rel":"","context":"In &quot;Bericht&quot;","block_context":{"text":"Bericht","link":"https:\/\/www.jazzzeitung.de\/cms\/thema\/bericht\/"},"img":{"alt_text":"","src":"https:\/\/i0.wp.com\/www.jazzzeitung.de\/cms\/wp-content\/uploads\/2021\/01\/Agelika-Niescier-Lucas-Leidinger-scaled.jpg?fit=1200%2C799&ssl=1&resize=350%2C200","width":350,"height":200,"srcset":"https:\/\/i0.wp.com\/www.jazzzeitung.de\/cms\/wp-content\/uploads\/2021\/01\/Agelika-Niescier-Lucas-Leidinger-scaled.jpg?fit=1200%2C799&ssl=1&resize=350%2C200 1x, https:\/\/i0.wp.com\/www.jazzzeitung.de\/cms\/wp-content\/uploads\/2021\/01\/Agelika-Niescier-Lucas-Leidinger-scaled.jpg?fit=1200%2C799&ssl=1&resize=525%2C300 1.5x, https:\/\/i0.wp.com\/www.jazzzeitung.de\/cms\/wp-content\/uploads\/2021\/01\/Agelika-Niescier-Lucas-Leidinger-scaled.jpg?fit=1200%2C799&ssl=1&resize=700%2C400 2x, https:\/\/i0.wp.com\/www.jazzzeitung.de\/cms\/wp-content\/uploads\/2021\/01\/Agelika-Niescier-Lucas-Leidinger-scaled.jpg?fit=1200%2C799&ssl=1&resize=1050%2C600 3x"},"classes":[]},{"id":17535,"url":"https:\/\/www.jazzzeitung.de\/cms\/2018\/10\/die-jazz-radiowoche-vom-29-10-bis-04-11-2018\/","url_meta":{"origin":12450,"position":1},"title":"Die Jazz-Radiowoche vom 29.10. bis 04.11.2018","author":"Martin Hufner","date":"28. Oktober 2018","format":false,"excerpt":"Ein kleiner Blick in die Jazzwoche 44 im Radio. Wieder voll, der Radioterminkalender. In dieser Woche sicher im Zentrum: Jazzfest Berlin 2018. Die \u00dcbersicht zum Download als PDF. Alle Angaben ohne Gew\u00e4hr. Jazz im Radio (Fernsehen) SR2 \u2013 JazzNow \u2013 Sonntags von 20.04 bis 22.30 Uhr BR-KLASSIK \u2013 Jazztime \u2013\u2026","rel":"","context":"In &quot;News&quot;","block_context":{"text":"News","link":"https:\/\/www.jazzzeitung.de\/cms\/thema\/nachrichten\/"},"img":{"alt_text":"radio-jazz. Montage: Hufner","src":"https:\/\/i0.wp.com\/www.jazzzeitung.de\/cms\/wp-content\/uploads\/2017\/10\/radio-jazz.jpg?fit=1200%2C900&ssl=1&resize=350%2C200","width":350,"height":200,"srcset":"https:\/\/i0.wp.com\/www.jazzzeitung.de\/cms\/wp-content\/uploads\/2017\/10\/radio-jazz.jpg?fit=1200%2C900&ssl=1&resize=350%2C200 1x, https:\/\/i0.wp.com\/www.jazzzeitung.de\/cms\/wp-content\/uploads\/2017\/10\/radio-jazz.jpg?fit=1200%2C900&ssl=1&resize=525%2C300 1.5x, https:\/\/i0.wp.com\/www.jazzzeitung.de\/cms\/wp-content\/uploads\/2017\/10\/radio-jazz.jpg?fit=1200%2C900&ssl=1&resize=700%2C400 2x, https:\/\/i0.wp.com\/www.jazzzeitung.de\/cms\/wp-content\/uploads\/2017\/10\/radio-jazz.jpg?fit=1200%2C900&ssl=1&resize=1050%2C600 3x"},"classes":[]},{"id":20235,"url":"https:\/\/www.jazzzeitung.de\/cms\/2019\/08\/die-jazz-radiowoche-vom-05-08-19-bis-11-08-2019\/","url_meta":{"origin":12450,"position":2},"title":"Die Jazz-Radiowoche vom 05.08.19 bis 11.08.2019","author":"Martin Hufner","date":"4. August 2019","format":false,"excerpt":"Ein kleiner Blick in die Jazzwoche 32 im Radio. Die \u00dcbersicht zum Download als PDF. Alle Angaben ohne Gew\u00e4hr. Jazz im Radio (Fernsehen) SR2 \u2013 JazzNow \u2013 Sonntags von 20.04 bis 22.30 Uhr BR-KLASSIK \u2013 Jazztime \u2013 Von Montag bis Freitag t\u00e4glich um 23.05 Uhr rbb-kultur \u2013 Late Night Jazz\u2026","rel":"","context":"In &quot;News&quot;","block_context":{"text":"News","link":"https:\/\/www.jazzzeitung.de\/cms\/thema\/nachrichten\/"},"img":{"alt_text":"Jazz im Radio. Foto: Hufner","src":"https:\/\/i0.wp.com\/www.jazzzeitung.de\/cms\/wp-content\/uploads\/2019\/03\/jazz_im_radio.jpg?fit=1200%2C773&ssl=1&resize=350%2C200","width":350,"height":200,"srcset":"https:\/\/i0.wp.com\/www.jazzzeitung.de\/cms\/wp-content\/uploads\/2019\/03\/jazz_im_radio.jpg?fit=1200%2C773&ssl=1&resize=350%2C200 1x, https:\/\/i0.wp.com\/www.jazzzeitung.de\/cms\/wp-content\/uploads\/2019\/03\/jazz_im_radio.jpg?fit=1200%2C773&ssl=1&resize=525%2C300 1.5x, https:\/\/i0.wp.com\/www.jazzzeitung.de\/cms\/wp-content\/uploads\/2019\/03\/jazz_im_radio.jpg?fit=1200%2C773&ssl=1&resize=700%2C400 2x, https:\/\/i0.wp.com\/www.jazzzeitung.de\/cms\/wp-content\/uploads\/2019\/03\/jazz_im_radio.jpg?fit=1200%2C773&ssl=1&resize=1050%2C600 3x"},"classes":[]},{"id":28434,"url":"https:\/\/www.jazzzeitung.de\/cms\/2022\/10\/ellington-trio-im-jazz-club-huerth-konzerte-und-streams-im-jazz-club-king-georg\/","url_meta":{"origin":12450,"position":3},"title":"+++ Ellington Trio im Jazz Club H\u00fcrth +++ Konzerte und Streams im Jazz Club King Georg +++","author":"Redaktion JazzZeitung","date":"6. Oktober 2022","format":false,"excerpt":"+++ Ellington Trio im Jazz Club H\u00fcrth +++ F\u00fcr kurzfristig entschlossene Jazzer gibt es noch die M\u00f6glichkeit, ein Konzert des Ellington Trios in H\u00fcrth wahrzunehmen. Am 7. Oktober 2022 sind S\u00e4ngerin Barbara Barth, Pianist Gero Koerner und Bassist Caspar van Meel zusammen mit einem besonderen Gast, dem Trompeter Frederik K\u00f6ster\u2026","rel":"","context":"In &quot;News&quot;","block_context":{"text":"News","link":"https:\/\/www.jazzzeitung.de\/cms\/thema\/nachrichten\/"},"img":{"alt_text":"","src":"https:\/\/i0.wp.com\/www.jazzzeitung.de\/cms\/wp-content\/uploads\/2022\/10\/IMG_6459.jpeg?fit=1200%2C800&ssl=1&resize=350%2C200","width":350,"height":200,"srcset":"https:\/\/i0.wp.com\/www.jazzzeitung.de\/cms\/wp-content\/uploads\/2022\/10\/IMG_6459.jpeg?fit=1200%2C800&ssl=1&resize=350%2C200 1x, https:\/\/i0.wp.com\/www.jazzzeitung.de\/cms\/wp-content\/uploads\/2022\/10\/IMG_6459.jpeg?fit=1200%2C800&ssl=1&resize=525%2C300 1.5x, https:\/\/i0.wp.com\/www.jazzzeitung.de\/cms\/wp-content\/uploads\/2022\/10\/IMG_6459.jpeg?fit=1200%2C800&ssl=1&resize=700%2C400 2x, https:\/\/i0.wp.com\/www.jazzzeitung.de\/cms\/wp-content\/uploads\/2022\/10\/IMG_6459.jpeg?fit=1200%2C800&ssl=1&resize=1050%2C600 3x"},"classes":[]},{"id":19439,"url":"https:\/\/www.jazzzeitung.de\/cms\/2019\/05\/swr-jazzpreis-2019-geht-an-liz-kosack\/","url_meta":{"origin":12450,"position":4},"title":"SWR Jazzpreis 2019 geht an Liz Kosack","author":"Redaktion JazzZeitung","date":"10. Mai 2019","format":false,"excerpt":"Mainz\/Baden-Baden. Liz Kosack erh\u00e4lt den mit 15.000 Euro dotierten SWR Jazzpreis 2019 des S\u00fcdwestrundfunks und des Landes Rheinland-Pfalz. Die Keyboarderin aus Maine (USA) lebt seit 2013 in Berlin. Zu den Markenzeichen der Musikerin geh\u00f6ren individuell gestaltete Masken, ohne die sie nie auf die B\u00fchne geht. Die Auszeichnung wird am 7.\u2026","rel":"","context":"In &quot;News&quot;","block_context":{"text":"News","link":"https:\/\/www.jazzzeitung.de\/cms\/thema\/nachrichten\/"},"img":{"alt_text":"","src":"https:\/\/i0.wp.com\/www.jazzzeitung.de\/cms\/wp-content\/uploads\/2019\/05\/190509_Bild_SWR_Jazzpreis_2019_Liz_Kosack_c_SWR_KH_Krauskopf.jpg?fit=1200%2C792&ssl=1&resize=350%2C200","width":350,"height":200,"srcset":"https:\/\/i0.wp.com\/www.jazzzeitung.de\/cms\/wp-content\/uploads\/2019\/05\/190509_Bild_SWR_Jazzpreis_2019_Liz_Kosack_c_SWR_KH_Krauskopf.jpg?fit=1200%2C792&ssl=1&resize=350%2C200 1x, https:\/\/i0.wp.com\/www.jazzzeitung.de\/cms\/wp-content\/uploads\/2019\/05\/190509_Bild_SWR_Jazzpreis_2019_Liz_Kosack_c_SWR_KH_Krauskopf.jpg?fit=1200%2C792&ssl=1&resize=525%2C300 1.5x, https:\/\/i0.wp.com\/www.jazzzeitung.de\/cms\/wp-content\/uploads\/2019\/05\/190509_Bild_SWR_Jazzpreis_2019_Liz_Kosack_c_SWR_KH_Krauskopf.jpg?fit=1200%2C792&ssl=1&resize=700%2C400 2x, https:\/\/i0.wp.com\/www.jazzzeitung.de\/cms\/wp-content\/uploads\/2019\/05\/190509_Bild_SWR_Jazzpreis_2019_Liz_Kosack_c_SWR_KH_Krauskopf.jpg?fit=1200%2C792&ssl=1&resize=1050%2C600 3x"},"classes":[]},{"id":7801,"url":"https:\/\/www.jazzzeitung.de\/cms\/2015\/11\/zweiter-jazz-piano-marathon-ottobrunn\/","url_meta":{"origin":12450,"position":5},"title":"Zweiter Jazz Piano Marathon in Ottobrunn","author":"Redaktion JazzZeitung","date":"23. November 2015","format":false,"excerpt":"Von Thomas J. Krebs - Unter dem Motto \u201ePr\u00e4gende Generation\u201d geht der Jazz Piano Marathon in Ottobrunn am 04. Dezember 2015, diesmal mit 12 H\u00e4nden an 88 Tasten, in die zweite Runde. Nach dem grandiosen Erfolg der ersten Veranstaltung letzten Jahres scheint sich diese Reihe zu etablieren (das w\u00e4re zumindest\u2026","rel":"","context":"In &quot;Redaktionelle Nachrichten&quot;","block_context":{"text":"Redaktionelle Nachrichten","link":"https:\/\/www.jazzzeitung.de\/cms\/thema\/redaktion\/"},"img":{"alt_text":"P1410182_Kreusch Foto TJ Krebs jazzphotoagency","src":"https:\/\/i0.wp.com\/www.jazzzeitung.de\/cms\/wp-content\/uploads\/2015\/11\/P1410182_Kreusch-Foto-TJ-Krebs-jazzphotoagency-150x150.jpg?resize=350%2C200","width":350,"height":200},"classes":[]}],"jetpack_sharing_enabled":true,"_links":{"self":[{"href":"https:\/\/www.jazzzeitung.de\/cms\/wp-json\/wp\/v2\/posts\/12450","targetHints":{"allow":["GET"]}}],"collection":[{"href":"https:\/\/www.jazzzeitung.de\/cms\/wp-json\/wp\/v2\/posts"}],"about":[{"href":"https:\/\/www.jazzzeitung.de\/cms\/wp-json\/wp\/v2\/types\/post"}],"author":[{"embeddable":true,"href":"https:\/\/www.jazzzeitung.de\/cms\/wp-json\/wp\/v2\/users\/18"}],"replies":[{"embeddable":true,"href":"https:\/\/www.jazzzeitung.de\/cms\/wp-json\/wp\/v2\/comments?post=12450"}],"version-history":[{"count":7,"href":"https:\/\/www.jazzzeitung.de\/cms\/wp-json\/wp\/v2\/posts\/12450\/revisions"}],"predecessor-version":[{"id":12568,"href":"https:\/\/www.jazzzeitung.de\/cms\/wp-json\/wp\/v2\/posts\/12450\/revisions\/12568"}],"wp:attachment":[{"href":"https:\/\/www.jazzzeitung.de\/cms\/wp-json\/wp\/v2\/media?parent=12450"}],"wp:term":[{"taxonomy":"category","embeddable":true,"href":"https:\/\/www.jazzzeitung.de\/cms\/wp-json\/wp\/v2\/categories?post=12450"},{"taxonomy":"post_tag","embeddable":true,"href":"https:\/\/www.jazzzeitung.de\/cms\/wp-json\/wp\/v2\/tags?post=12450"},{"taxonomy":"author","embeddable":true,"href":"https:\/\/www.jazzzeitung.de\/cms\/wp-json\/wp\/v2\/coauthors?post=12450"}],"curies":[{"name":"wp","href":"https:\/\/api.w.org\/{rel}","templated":true}]}}