{"id":12420,"date":"2017-05-17T16:59:53","date_gmt":"2017-05-17T14:59:53","guid":{"rendered":"https:\/\/www.jazzzeitung.de\/cms\/?p=12420"},"modified":"2017-05-17T12:29:36","modified_gmt":"2017-05-17T10:29:36","slug":"news-maxwell-oliveira-trio-im-jazzkeller-huerth-gleuel-am-19-05-17","status":"publish","type":"post","link":"https:\/\/www.jazzzeitung.de\/cms\/2017\/05\/news-maxwell-oliveira-trio-im-jazzkeller-huerth-gleuel-am-19-05-17\/","title":{"rendered":"+++ News +++ &#8222;Maxwell Oliveira Trio&#8220; im Jazzkeller H\u00fcrth-Gleuel am 19.05.17 +++ Star-Trompeter Till Br\u00f6nner sorgt in Kampen erneut f\u00fcr den guten Ton +++"},"content":{"rendered":"<h5>+++ &#8222;Maxwell Oliveira Trio&#8220; im Jazzkeller H\u00fcrth-Gleuel am 19.05.17 +++<\/h5>\n<p><img data-recalc-dims=\"1\" loading=\"lazy\" decoding=\"async\" data-attachment-id=\"12432\" data-permalink=\"https:\/\/www.jazzzeitung.de\/cms\/2017\/05\/news-maxwell-oliveira-trio-im-jazzkeller-huerth-gleuel-am-19-05-17\/max-olveira\/\" data-orig-file=\"https:\/\/i0.wp.com\/www.jazzzeitung.de\/cms\/wp-content\/uploads\/2017\/05\/Max-Olveira.jpg?fit=560%2C840&amp;ssl=1\" data-orig-size=\"560,840\" data-comments-opened=\"1\" data-image-meta=\"{&quot;aperture&quot;:&quot;0&quot;,&quot;credit&quot;:&quot;&quot;,&quot;camera&quot;:&quot;&quot;,&quot;caption&quot;:&quot;&quot;,&quot;created_timestamp&quot;:&quot;0&quot;,&quot;copyright&quot;:&quot;&quot;,&quot;focal_length&quot;:&quot;0&quot;,&quot;iso&quot;:&quot;0&quot;,&quot;shutter_speed&quot;:&quot;0&quot;,&quot;title&quot;:&quot;&quot;,&quot;orientation&quot;:&quot;0&quot;}\" data-image-title=\"Max Oliveira, Foto: Max Oliveira\" data-image-description=\"\" data-image-caption=\"\" data-large-file=\"https:\/\/i0.wp.com\/www.jazzzeitung.de\/cms\/wp-content\/uploads\/2017\/05\/Max-Olveira.jpg?fit=400%2C600&amp;ssl=1\" class=\"alignright size-thumbnail wp-image-12432\" src=\"https:\/\/i0.wp.com\/www.jazzzeitung.de\/cms\/wp-content\/uploads\/2017\/05\/Max-Olveira.jpg?resize=150%2C150&#038;ssl=1\" alt=\"\" width=\"150\" height=\"150\" srcset=\"https:\/\/i0.wp.com\/www.jazzzeitung.de\/cms\/wp-content\/uploads\/2017\/05\/Max-Olveira.jpg?resize=150%2C150&amp;ssl=1 150w, https:\/\/i0.wp.com\/www.jazzzeitung.de\/cms\/wp-content\/uploads\/2017\/05\/Max-Olveira.jpg?resize=144%2C144&amp;ssl=1 144w, https:\/\/i0.wp.com\/www.jazzzeitung.de\/cms\/wp-content\/uploads\/2017\/05\/Max-Olveira.jpg?resize=96%2C96&amp;ssl=1 96w, https:\/\/i0.wp.com\/www.jazzzeitung.de\/cms\/wp-content\/uploads\/2017\/05\/Max-Olveira.jpg?resize=24%2C24&amp;ssl=1 24w, https:\/\/i0.wp.com\/www.jazzzeitung.de\/cms\/wp-content\/uploads\/2017\/05\/Max-Olveira.jpg?resize=36%2C36&amp;ssl=1 36w, https:\/\/i0.wp.com\/www.jazzzeitung.de\/cms\/wp-content\/uploads\/2017\/05\/Max-Olveira.jpg?resize=48%2C48&amp;ssl=1 48w, https:\/\/i0.wp.com\/www.jazzzeitung.de\/cms\/wp-content\/uploads\/2017\/05\/Max-Olveira.jpg?resize=64%2C64&amp;ssl=1 64w, https:\/\/i0.wp.com\/www.jazzzeitung.de\/cms\/wp-content\/uploads\/2017\/05\/Max-Olveira.jpg?resize=32%2C32&amp;ssl=1 32w, https:\/\/i0.wp.com\/www.jazzzeitung.de\/cms\/wp-content\/uploads\/2017\/05\/Max-Olveira.jpg?resize=50%2C50&amp;ssl=1 50w, https:\/\/i0.wp.com\/www.jazzzeitung.de\/cms\/wp-content\/uploads\/2017\/05\/Max-Olveira.jpg?resize=128%2C128&amp;ssl=1 128w, https:\/\/i0.wp.com\/www.jazzzeitung.de\/cms\/wp-content\/uploads\/2017\/05\/Max-Olveira.jpg?zoom=2&amp;resize=150%2C150&amp;ssl=1 300w, https:\/\/i0.wp.com\/www.jazzzeitung.de\/cms\/wp-content\/uploads\/2017\/05\/Max-Olveira.jpg?zoom=3&amp;resize=150%2C150&amp;ssl=1 450w\" sizes=\"auto, (max-width: 150px) 100vw, 150px\" \/>Der brasilianische Gitarrist und S\u00e4nger aus Minas Gerais zeigt wof\u00fcr sein Herz schl\u00e4gt: f\u00fcr gute brasilianische Musik wie Samba, Bossa Nova, Bai\u00e3o, Choro, MPB und Folklore. Seine zwei Bachelor in Klassischer Gitarre hat Maxwell Oliveira in seiner Heimat Brasilien und den Master an der Musikhochschule in K\u00f6ln absolviert.<\/p>\n<p>Zusammen mit zwei weiteren einzigartigen Musikern, einem Perkussionisten und einem Bassisten, spielt und begeistert Maxwell Oliveira sein Publikum temperamentvoll mit tollen Songs, die er selbst transkribiert, arrangiert oder komponiert hat. Auf dem Programm stehen neben Maxwell Oliveiras eigenen Liedern \u201eLuiza\u201c, \u201eBai\u00e3o Sint\u00e9tico\u201c und \u201eNo Teatro do Amor\u201c weitere Werke von renommierten brasilianischen Musikern wie Tom Jobim, Ernesto Nazareth, Baden Powell, Djavan, Jo\u00e3o Bosco, Lenine und Seu Jorge. Mit den genannten unterschiedlichen Musikgenres nehmen die drei Musiker das Publikum mit auf eine unvergessliche Reise nach Brasilien.<\/p>\n<p><a href=\"http:\/\/www.maxwell-oliveira.com\">www.maxwell-oliveira.com<\/a><\/p>\n<p>Jazzclub H\u00fcrth-Gleuel, Herm\u00fclheimer Str. 12-14<\/p>\n<p>Einlass: 19 Uhr, Beginn 20 Uhr<\/p>\n<p>Eintritt: 10 \u20ac\u00a0 nur Abendkasse, keine nummerierten Pl\u00e4tze<\/p>\n<h5>+++ <strong>Star-Trompeter Till Br\u00f6nner sorgt in Kampen erneut f\u00fcr den guten Ton<\/strong> +++<\/h5>\n<p>Nach dem gelungenen Start von Kampen Jazz 2016 by Till Br\u00f6nner versprachen der Star-Trompeter und der Veranstalter Dariush Mizani dem begeisterten Publikum noch auf der B\u00fchne: \u201eWir kommen im n\u00e4chsten Jahr wieder.\u201c Der Musiker und der Macher haben ihr Wort gehalten. Am 6. und 7. Juli gibt es eine Wiederauflage des <a href=\"http:\/\/Open-Air-Festivals am Str\u00f6nwai in Kampen\">Open-Air-Festivals am Str\u00f6nwai in Kampen<\/a>, bei dem der f\u00fcnffache Echo-Preistr\u00e4ger Till Br\u00f6nner und weitere Top-Acts den Zuschauern zeigen wollen, wie vielseitig Jazz sein kann. Der Besuch dieses musikalischen Highlights auf Sylt ist dank der Sponsoren kostenlos.<\/p>\n<p><img data-recalc-dims=\"1\" loading=\"lazy\" decoding=\"async\" data-attachment-id=\"12426\" data-permalink=\"https:\/\/www.jazzzeitung.de\/cms\/2017\/05\/news-maxwell-oliveira-trio-im-jazzkeller-huerth-gleuel-am-19-05-17\/till-broenner-foto-kampen-jazz2\/\" data-orig-file=\"https:\/\/i0.wp.com\/www.jazzzeitung.de\/cms\/wp-content\/uploads\/2017\/05\/Till-Br%C3%B6nner-Foto-Kampen-Jazz2.jpg?fit=2770%2C2455&amp;ssl=1\" data-orig-size=\"2770,2455\" data-comments-opened=\"1\" data-image-meta=\"{&quot;aperture&quot;:&quot;2.8&quot;,&quot;credit&quot;:&quot;&quot;,&quot;camera&quot;:&quot;Canon EOS-1D X&quot;,&quot;caption&quot;:&quot;&quot;,&quot;created_timestamp&quot;:&quot;1470252938&quot;,&quot;copyright&quot;:&quot;&quot;,&quot;focal_length&quot;:&quot;200&quot;,&quot;iso&quot;:&quot;1250&quot;,&quot;shutter_speed&quot;:&quot;0.003125&quot;,&quot;title&quot;:&quot;&quot;,&quot;orientation&quot;:&quot;1&quot;}\" data-image-title=\"Till Br\u00f6nner, Foto Kampen Jazz\" data-image-description=\"\" data-image-caption=\"\" data-large-file=\"https:\/\/i0.wp.com\/www.jazzzeitung.de\/cms\/wp-content\/uploads\/2017\/05\/Till-Br%C3%B6nner-Foto-Kampen-Jazz2.jpg?fit=677%2C600&amp;ssl=1\" class=\"alignleft size-thumbnail wp-image-12426\" src=\"https:\/\/i0.wp.com\/www.jazzzeitung.de\/cms\/wp-content\/uploads\/2017\/05\/Till-Br%C3%B6nner-Foto-Kampen-Jazz2.jpg?resize=150%2C150&#038;ssl=1\" alt=\"\" width=\"150\" height=\"150\" srcset=\"https:\/\/i0.wp.com\/www.jazzzeitung.de\/cms\/wp-content\/uploads\/2017\/05\/Till-Br%C3%B6nner-Foto-Kampen-Jazz2.jpg?resize=150%2C150&amp;ssl=1 150w, https:\/\/i0.wp.com\/www.jazzzeitung.de\/cms\/wp-content\/uploads\/2017\/05\/Till-Br%C3%B6nner-Foto-Kampen-Jazz2.jpg?resize=144%2C144&amp;ssl=1 144w, https:\/\/i0.wp.com\/www.jazzzeitung.de\/cms\/wp-content\/uploads\/2017\/05\/Till-Br%C3%B6nner-Foto-Kampen-Jazz2.jpg?resize=96%2C96&amp;ssl=1 96w, https:\/\/i0.wp.com\/www.jazzzeitung.de\/cms\/wp-content\/uploads\/2017\/05\/Till-Br%C3%B6nner-Foto-Kampen-Jazz2.jpg?resize=24%2C24&amp;ssl=1 24w, https:\/\/i0.wp.com\/www.jazzzeitung.de\/cms\/wp-content\/uploads\/2017\/05\/Till-Br%C3%B6nner-Foto-Kampen-Jazz2.jpg?resize=36%2C36&amp;ssl=1 36w, https:\/\/i0.wp.com\/www.jazzzeitung.de\/cms\/wp-content\/uploads\/2017\/05\/Till-Br%C3%B6nner-Foto-Kampen-Jazz2.jpg?resize=48%2C48&amp;ssl=1 48w, https:\/\/i0.wp.com\/www.jazzzeitung.de\/cms\/wp-content\/uploads\/2017\/05\/Till-Br%C3%B6nner-Foto-Kampen-Jazz2.jpg?resize=64%2C64&amp;ssl=1 64w, https:\/\/i0.wp.com\/www.jazzzeitung.de\/cms\/wp-content\/uploads\/2017\/05\/Till-Br%C3%B6nner-Foto-Kampen-Jazz2.jpg?resize=32%2C32&amp;ssl=1 32w, https:\/\/i0.wp.com\/www.jazzzeitung.de\/cms\/wp-content\/uploads\/2017\/05\/Till-Br%C3%B6nner-Foto-Kampen-Jazz2.jpg?resize=50%2C50&amp;ssl=1 50w, https:\/\/i0.wp.com\/www.jazzzeitung.de\/cms\/wp-content\/uploads\/2017\/05\/Till-Br%C3%B6nner-Foto-Kampen-Jazz2.jpg?resize=128%2C128&amp;ssl=1 128w, https:\/\/i0.wp.com\/www.jazzzeitung.de\/cms\/wp-content\/uploads\/2017\/05\/Till-Br%C3%B6nner-Foto-Kampen-Jazz2.jpg?zoom=2&amp;resize=150%2C150&amp;ssl=1 300w, https:\/\/i0.wp.com\/www.jazzzeitung.de\/cms\/wp-content\/uploads\/2017\/05\/Till-Br%C3%B6nner-Foto-Kampen-Jazz2.jpg?zoom=3&amp;resize=150%2C150&amp;ssl=1 450w\" sizes=\"auto, (max-width: 150px) 100vw, 150px\" \/>Till Br\u00f6nner ist mit seiner Band am ersten Abend zu h\u00f6ren mit einer Reise durch die verschiedenen Epochen der Jazzmusik sowie Klassiker aus seiner aktuellen CD \u201eThe good Life\u201c pr\u00e4sentieren. Neben dem Trompeten-Virtuosen Br\u00f6nner sind die britische Band Shakatak, der Keyboarder Bob James mit Band sowie Vollblutmusiker Peter Fessler zu h\u00f6ren.<\/p>\n<p>Veranstalter Dariush Mizani freut sich auf die zweite Auflage der Veranstaltung: \u201eWir haben gro\u00dfartige Musiker am Start, das werden wieder zwei tolle Tage auf Sylt. Im letzten Jahr hatte ich das Gef\u00fchl, am Str\u00f6nwai tanzt ganz Kampen, so unglaublich war die Stimmung. Das soll im Juli auch wieder so werden\u201c, verspricht der Kampen Jazz Macher.<\/p>\n<p>Das Programm von Kampen Jazz 2017 by Till Br\u00f6nner beginnt am Donnerstag und Freitag um 16:30 Uhr. Die Main-Acts betreten jeweils um 20:15 Uhr die gro\u00dfe Veranstaltungsb\u00fchne. Den Auftakt am Donnerstag bestreiten Bob James sowie Till Br\u00f6nner mitsamt Band. Am Freitag folgen die Auftritte von Peter Fessler und Shakatak.<\/p>\n<p>&nbsp;<\/p>\n","protected":false},"excerpt":{"rendered":"<p>+++ &#8222;Maxwell Oliveira Trio&#8220; im Jazzkeller H\u00fcrth-Gleuel am 19.05.17 +++ Der brasilianische Gitarrist und S\u00e4nger aus Minas Gerais zeigt wof\u00fcr sein Herz schl\u00e4gt: f\u00fcr gute brasilianische Musik wie Samba, Bossa Nova, Bai\u00e3o, Choro, MPB und Folklore. Seine zwei Bachelor in Klassischer Gitarre hat Maxwell Oliveira in seiner Heimat Brasilien und den Master an der Musikhochschule in K\u00f6ln absolviert. Zusammen mit zwei weiteren einzigartigen Musikern, einem Perkussionisten und einem Bassisten, spielt und begeistert Maxwell Oliveira sein Publikum temperamentvoll mit tollen Songs, die er selbst transkribiert, arrangiert oder komponiert hat. Auf dem Programm stehen neben Maxwell Oliveiras eigenen Liedern \u201eLuiza\u201c, \u201eBai\u00e3o Sint\u00e9tico\u201c und \u201eNo Teatro do Amor\u201c weitere Werke von renommierten brasilianischen Musikern wie Tom Jobim, Ernesto Nazareth, Baden Powell, Djavan, Jo\u00e3o Bosco, Lenine und Seu Jorge. Mit den genannten unterschiedlichen Musikgenres nehmen die drei Musiker das Publikum mit auf eine unvergessliche Reise nach Brasilien. www.maxwell-oliveira.com Jazzclub H\u00fcrth-Gleuel, Herm\u00fclheimer Str. 12-14 Einlass: 19 Uhr, Beginn 20 Uhr Eintritt: 10 \u20ac\u00a0 nur Abendkasse, keine nummerierten Pl\u00e4tze +++ Star-Trompeter Till Br\u00f6nner sorgt in Kampen erneut f\u00fcr den guten Ton +++ Nach dem gelungenen Start von Kampen Jazz 2016 by &hellip;<\/p>\n","protected":false},"author":18,"featured_media":0,"comment_status":"open","ping_status":"closed","sticky":false,"template":"","format":"standard","meta":{"_jetpack_memberships_contains_paid_content":false,"footnotes":"","jetpack_publicize_message":"","jetpack_publicize_feature_enabled":true,"jetpack_social_post_already_shared":false,"jetpack_social_options":{"image_generator_settings":{"template":"highway","default_image_id":0,"font":"","enabled":false},"version":2}},"categories":[633],"tags":[34,83,109,980,682,271,852,322,339,387,775,1170,498,549,1356],"coauthors":[695],"class_list":["post-12420","post","type-post","status-publish","format-standard","hentry","category-nachrichten","tag-album","tag-blues","tag-cd","tag-echo","tag-festivals","tag-jazzclub","tag-koeln","tag-konzert-2","tag-label","tag-michael-scheiner","tag-open","tag-preistraeger","tag-seu-jorge","tag-till-broenner","tag-trio"],"yoast_head":"<!-- This site is optimized with the Yoast SEO plugin v27.5 - https:\/\/yoast.com\/product\/yoast-seo-wordpress\/ -->\n<title>+++ News +++ &quot;Maxwell Oliveira Trio&quot; im Jazzkeller H\u00fcrth-Gleuel am 19.05.17 +++ Star-Trompeter Till Br\u00f6nner sorgt in Kampen erneut f\u00fcr den guten Ton +++ - JazzZeitung<\/title>\n<meta name=\"robots\" content=\"index, follow, max-snippet:-1, max-image-preview:large, max-video-preview:-1\" \/>\n<link rel=\"canonical\" href=\"https:\/\/www.jazzzeitung.de\/cms\/2017\/05\/news-maxwell-oliveira-trio-im-jazzkeller-huerth-gleuel-am-19-05-17\/\" \/>\n<meta property=\"og:locale\" content=\"de_DE\" \/>\n<meta property=\"og:type\" content=\"article\" \/>\n<meta property=\"og:title\" content=\"+++ News +++ &quot;Maxwell Oliveira Trio&quot; im Jazzkeller H\u00fcrth-Gleuel am 19.05.17 +++ Star-Trompeter Till Br\u00f6nner sorgt in Kampen erneut f\u00fcr den guten Ton +++ - JazzZeitung\" \/>\n<meta property=\"og:description\" content=\"+++ &#8222;Maxwell Oliveira Trio&#8220; im Jazzkeller H\u00fcrth-Gleuel am 19.05.17 +++ Der brasilianische Gitarrist und S\u00e4nger aus Minas Gerais zeigt wof\u00fcr sein Herz schl\u00e4gt: f\u00fcr gute brasilianische Musik wie Samba, Bossa Nova, Bai\u00e3o, Choro, MPB und Folklore. Seine zwei Bachelor in Klassischer Gitarre hat Maxwell Oliveira in seiner Heimat Brasilien und den Master an der Musikhochschule in K\u00f6ln absolviert. Zusammen mit zwei weiteren einzigartigen Musikern, einem Perkussionisten und einem Bassisten, spielt und begeistert Maxwell Oliveira sein Publikum temperamentvoll mit tollen Songs, die er selbst transkribiert, arrangiert oder komponiert hat. Auf dem Programm stehen neben Maxwell Oliveiras eigenen Liedern \u201eLuiza\u201c, \u201eBai\u00e3o Sint\u00e9tico\u201c und \u201eNo Teatro do Amor\u201c weitere Werke von renommierten brasilianischen Musikern wie Tom Jobim, Ernesto Nazareth, Baden Powell, Djavan, Jo\u00e3o Bosco, Lenine und Seu Jorge. Mit den genannten unterschiedlichen Musikgenres nehmen die drei Musiker das Publikum mit auf eine unvergessliche Reise nach Brasilien. www.maxwell-oliveira.com Jazzclub H\u00fcrth-Gleuel, Herm\u00fclheimer Str. 12-14 Einlass: 19 Uhr, Beginn 20 Uhr Eintritt: 10 \u20ac\u00a0 nur Abendkasse, keine nummerierten Pl\u00e4tze +++ Star-Trompeter Till Br\u00f6nner sorgt in Kampen erneut f\u00fcr den guten Ton +++ Nach dem gelungenen Start von Kampen Jazz 2016 by &hellip;\" \/>\n<meta property=\"og:url\" content=\"https:\/\/www.jazzzeitung.de\/cms\/2017\/05\/news-maxwell-oliveira-trio-im-jazzkeller-huerth-gleuel-am-19-05-17\/\" \/>\n<meta property=\"og:site_name\" content=\"JazzZeitung\" \/>\n<meta property=\"article:publisher\" content=\"https:\/\/www.facebook.com\/JazzZeitung\/\" \/>\n<meta property=\"article:published_time\" content=\"2017-05-17T14:59:53+00:00\" \/>\n<meta property=\"og:image\" content=\"https:\/\/www.jazzzeitung.de\/cms\/wp-content\/uploads\/2017\/05\/Max-Olveira-150x150.jpg\" \/>\n<meta name=\"author\" content=\"Redaktion JazzZeitung\" \/>\n<script type=\"application\/ld+json\" class=\"yoast-schema-graph\">{\"@context\":\"https:\\\/\\\/schema.org\",\"@graph\":[{\"@type\":\"Article\",\"@id\":\"https:\\\/\\\/www.jazzzeitung.de\\\/cms\\\/2017\\\/05\\\/news-maxwell-oliveira-trio-im-jazzkeller-huerth-gleuel-am-19-05-17\\\/#article\",\"isPartOf\":{\"@id\":\"https:\\\/\\\/www.jazzzeitung.de\\\/cms\\\/2017\\\/05\\\/news-maxwell-oliveira-trio-im-jazzkeller-huerth-gleuel-am-19-05-17\\\/\"},\"author\":{\"name\":\"Redaktion JazzZeitung\",\"@id\":\"https:\\\/\\\/www.jazzzeitung.de\\\/cms\\\/#\\\/schema\\\/person\\\/2245b36b9cd1d24cea10f01c031fb92b\"},\"headline\":\"+++ News +++ &#8222;Maxwell Oliveira Trio&#8220; im Jazzkeller H\u00fcrth-Gleuel am 19.05.17 +++ Star-Trompeter Till Br\u00f6nner sorgt in Kampen erneut f\u00fcr den guten Ton +++\",\"datePublished\":\"2017-05-17T14:59:53+00:00\",\"mainEntityOfPage\":{\"@id\":\"https:\\\/\\\/www.jazzzeitung.de\\\/cms\\\/2017\\\/05\\\/news-maxwell-oliveira-trio-im-jazzkeller-huerth-gleuel-am-19-05-17\\\/\"},\"wordCount\":462,\"commentCount\":0,\"publisher\":{\"@id\":\"https:\\\/\\\/www.jazzzeitung.de\\\/cms\\\/#organization\"},\"image\":{\"@id\":\"https:\\\/\\\/www.jazzzeitung.de\\\/cms\\\/2017\\\/05\\\/news-maxwell-oliveira-trio-im-jazzkeller-huerth-gleuel-am-19-05-17\\\/#primaryimage\"},\"thumbnailUrl\":\"https:\\\/\\\/www.jazzzeitung.de\\\/cms\\\/wp-content\\\/uploads\\\/2017\\\/05\\\/Max-Olveira-150x150.jpg\",\"keywords\":[\"Album\",\"Blues\",\"CD\",\"ECHO\",\"Festivals\",\"Jazzclub\",\"K\u00f6ln\",\"Konzert\",\"Label\",\"Michael Scheiner\",\"open\",\"Preistr\u00e4ger\",\"Seu Jorge\",\"Till Br\u00f6nner\",\"trio\"],\"articleSection\":[\"News\"],\"inLanguage\":\"de\",\"potentialAction\":[{\"@type\":\"CommentAction\",\"name\":\"Comment\",\"target\":[\"https:\\\/\\\/www.jazzzeitung.de\\\/cms\\\/2017\\\/05\\\/news-maxwell-oliveira-trio-im-jazzkeller-huerth-gleuel-am-19-05-17\\\/#respond\"]}]},{\"@type\":\"WebPage\",\"@id\":\"https:\\\/\\\/www.jazzzeitung.de\\\/cms\\\/2017\\\/05\\\/news-maxwell-oliveira-trio-im-jazzkeller-huerth-gleuel-am-19-05-17\\\/\",\"url\":\"https:\\\/\\\/www.jazzzeitung.de\\\/cms\\\/2017\\\/05\\\/news-maxwell-oliveira-trio-im-jazzkeller-huerth-gleuel-am-19-05-17\\\/\",\"name\":\"+++ News +++ \\\"Maxwell Oliveira Trio\\\" im Jazzkeller H\u00fcrth-Gleuel am 19.05.17 +++ Star-Trompeter Till Br\u00f6nner sorgt in Kampen erneut f\u00fcr den guten Ton +++ - JazzZeitung\",\"isPartOf\":{\"@id\":\"https:\\\/\\\/www.jazzzeitung.de\\\/cms\\\/#website\"},\"primaryImageOfPage\":{\"@id\":\"https:\\\/\\\/www.jazzzeitung.de\\\/cms\\\/2017\\\/05\\\/news-maxwell-oliveira-trio-im-jazzkeller-huerth-gleuel-am-19-05-17\\\/#primaryimage\"},\"image\":{\"@id\":\"https:\\\/\\\/www.jazzzeitung.de\\\/cms\\\/2017\\\/05\\\/news-maxwell-oliveira-trio-im-jazzkeller-huerth-gleuel-am-19-05-17\\\/#primaryimage\"},\"thumbnailUrl\":\"https:\\\/\\\/www.jazzzeitung.de\\\/cms\\\/wp-content\\\/uploads\\\/2017\\\/05\\\/Max-Olveira-150x150.jpg\",\"datePublished\":\"2017-05-17T14:59:53+00:00\",\"breadcrumb\":{\"@id\":\"https:\\\/\\\/www.jazzzeitung.de\\\/cms\\\/2017\\\/05\\\/news-maxwell-oliveira-trio-im-jazzkeller-huerth-gleuel-am-19-05-17\\\/#breadcrumb\"},\"inLanguage\":\"de\",\"potentialAction\":[{\"@type\":\"ReadAction\",\"target\":[\"https:\\\/\\\/www.jazzzeitung.de\\\/cms\\\/2017\\\/05\\\/news-maxwell-oliveira-trio-im-jazzkeller-huerth-gleuel-am-19-05-17\\\/\"]}]},{\"@type\":\"ImageObject\",\"inLanguage\":\"de\",\"@id\":\"https:\\\/\\\/www.jazzzeitung.de\\\/cms\\\/2017\\\/05\\\/news-maxwell-oliveira-trio-im-jazzkeller-huerth-gleuel-am-19-05-17\\\/#primaryimage\",\"url\":\"https:\\\/\\\/i0.wp.com\\\/www.jazzzeitung.de\\\/cms\\\/wp-content\\\/uploads\\\/2017\\\/05\\\/Max-Olveira.jpg?fit=560%2C840&ssl=1\",\"contentUrl\":\"https:\\\/\\\/i0.wp.com\\\/www.jazzzeitung.de\\\/cms\\\/wp-content\\\/uploads\\\/2017\\\/05\\\/Max-Olveira.jpg?fit=560%2C840&ssl=1\",\"width\":560,\"height\":840},{\"@type\":\"BreadcrumbList\",\"@id\":\"https:\\\/\\\/www.jazzzeitung.de\\\/cms\\\/2017\\\/05\\\/news-maxwell-oliveira-trio-im-jazzkeller-huerth-gleuel-am-19-05-17\\\/#breadcrumb\",\"itemListElement\":[{\"@type\":\"ListItem\",\"position\":1,\"name\":\"Startseite\",\"item\":\"https:\\\/\\\/www.jazzzeitung.de\\\/cms\\\/\"},{\"@type\":\"ListItem\",\"position\":2,\"name\":\"+++ News +++ &#8222;Maxwell Oliveira Trio&#8220; im Jazzkeller H\u00fcrth-Gleuel am 19.05.17 +++ Star-Trompeter Till Br\u00f6nner sorgt in Kampen erneut f\u00fcr den guten Ton +++\"}]},{\"@type\":\"WebSite\",\"@id\":\"https:\\\/\\\/www.jazzzeitung.de\\\/cms\\\/#website\",\"url\":\"https:\\\/\\\/www.jazzzeitung.de\\\/cms\\\/\",\"name\":\"JazzZeitung\",\"description\":\"Jazz-News und Jazz-Kontroverses\",\"publisher\":{\"@id\":\"https:\\\/\\\/www.jazzzeitung.de\\\/cms\\\/#organization\"},\"potentialAction\":[{\"@type\":\"SearchAction\",\"target\":{\"@type\":\"EntryPoint\",\"urlTemplate\":\"https:\\\/\\\/www.jazzzeitung.de\\\/cms\\\/?s={search_term_string}\"},\"query-input\":{\"@type\":\"PropertyValueSpecification\",\"valueRequired\":true,\"valueName\":\"search_term_string\"}}],\"inLanguage\":\"de\"},{\"@type\":\"Organization\",\"@id\":\"https:\\\/\\\/www.jazzzeitung.de\\\/cms\\\/#organization\",\"name\":\"JazzZeitung online\",\"url\":\"https:\\\/\\\/www.jazzzeitung.de\\\/cms\\\/\",\"logo\":{\"@type\":\"ImageObject\",\"inLanguage\":\"de\",\"@id\":\"https:\\\/\\\/www.jazzzeitung.de\\\/cms\\\/#\\\/schema\\\/logo\\\/image\\\/\",\"url\":\"https:\\\/\\\/i0.wp.com\\\/www.jazzzeitung.de\\\/cms\\\/wp-content\\\/uploads\\\/2015\\\/08\\\/JAZZZEITUNGDE_Logo_Neu.png?fit=499%2C200&ssl=1\",\"contentUrl\":\"https:\\\/\\\/i0.wp.com\\\/www.jazzzeitung.de\\\/cms\\\/wp-content\\\/uploads\\\/2015\\\/08\\\/JAZZZEITUNGDE_Logo_Neu.png?fit=499%2C200&ssl=1\",\"width\":499,\"height\":200,\"caption\":\"JazzZeitung online\"},\"image\":{\"@id\":\"https:\\\/\\\/www.jazzzeitung.de\\\/cms\\\/#\\\/schema\\\/logo\\\/image\\\/\"},\"sameAs\":[\"https:\\\/\\\/www.facebook.com\\\/JazzZeitung\\\/\"]},{\"@type\":\"Person\",\"@id\":\"https:\\\/\\\/www.jazzzeitung.de\\\/cms\\\/#\\\/schema\\\/person\\\/2245b36b9cd1d24cea10f01c031fb92b\",\"name\":\"Redaktion JazzZeitung\",\"image\":{\"@type\":\"ImageObject\",\"inLanguage\":\"de\",\"@id\":\"https:\\\/\\\/i0.wp.com\\\/www.jazzzeitung.de\\\/cms\\\/wp-content\\\/uploads\\\/2015\\\/08\\\/JAZZZEITUNGDE_Logo_Neu.png?resize=96%2C96&ssl=159975dcacb611b5700bd619b5daf0a7a\",\"url\":\"https:\\\/\\\/i0.wp.com\\\/www.jazzzeitung.de\\\/cms\\\/wp-content\\\/uploads\\\/2015\\\/08\\\/JAZZZEITUNGDE_Logo_Neu.png?resize=96%2C96&ssl=1\",\"contentUrl\":\"https:\\\/\\\/i0.wp.com\\\/www.jazzzeitung.de\\\/cms\\\/wp-content\\\/uploads\\\/2015\\\/08\\\/JAZZZEITUNGDE_Logo_Neu.png?resize=96%2C96&ssl=1\",\"caption\":\"Redaktion JazzZeitung\"},\"description\":\"Artikel der Redaktion der JazzZeitung.\",\"sameAs\":[\"http:\\\/\\\/www.jazzzeitung.de\\\/cms\\\/\"],\"url\":\"https:\\\/\\\/www.jazzzeitung.de\\\/cms\\\/author\\\/redaktion\\\/\"}]}<\/script>\n<!-- \/ Yoast SEO plugin. -->","yoast_head_json":{"title":"+++ News +++ \"Maxwell Oliveira Trio\" im Jazzkeller H\u00fcrth-Gleuel am 19.05.17 +++ Star-Trompeter Till Br\u00f6nner sorgt in Kampen erneut f\u00fcr den guten Ton +++ - JazzZeitung","robots":{"index":"index","follow":"follow","max-snippet":"max-snippet:-1","max-image-preview":"max-image-preview:large","max-video-preview":"max-video-preview:-1"},"canonical":"https:\/\/www.jazzzeitung.de\/cms\/2017\/05\/news-maxwell-oliveira-trio-im-jazzkeller-huerth-gleuel-am-19-05-17\/","og_locale":"de_DE","og_type":"article","og_title":"+++ News +++ \"Maxwell Oliveira Trio\" im Jazzkeller H\u00fcrth-Gleuel am 19.05.17 +++ Star-Trompeter Till Br\u00f6nner sorgt in Kampen erneut f\u00fcr den guten Ton +++ - JazzZeitung","og_description":"+++ &#8222;Maxwell Oliveira Trio&#8220; im Jazzkeller H\u00fcrth-Gleuel am 19.05.17 +++ Der brasilianische Gitarrist und S\u00e4nger aus Minas Gerais zeigt wof\u00fcr sein Herz schl\u00e4gt: f\u00fcr gute brasilianische Musik wie Samba, Bossa Nova, Bai\u00e3o, Choro, MPB und Folklore. Seine zwei Bachelor in Klassischer Gitarre hat Maxwell Oliveira in seiner Heimat Brasilien und den Master an der Musikhochschule in K\u00f6ln absolviert. Zusammen mit zwei weiteren einzigartigen Musikern, einem Perkussionisten und einem Bassisten, spielt und begeistert Maxwell Oliveira sein Publikum temperamentvoll mit tollen Songs, die er selbst transkribiert, arrangiert oder komponiert hat. Auf dem Programm stehen neben Maxwell Oliveiras eigenen Liedern \u201eLuiza\u201c, \u201eBai\u00e3o Sint\u00e9tico\u201c und \u201eNo Teatro do Amor\u201c weitere Werke von renommierten brasilianischen Musikern wie Tom Jobim, Ernesto Nazareth, Baden Powell, Djavan, Jo\u00e3o Bosco, Lenine und Seu Jorge. Mit den genannten unterschiedlichen Musikgenres nehmen die drei Musiker das Publikum mit auf eine unvergessliche Reise nach Brasilien. www.maxwell-oliveira.com Jazzclub H\u00fcrth-Gleuel, Herm\u00fclheimer Str. 12-14 Einlass: 19 Uhr, Beginn 20 Uhr Eintritt: 10 \u20ac\u00a0 nur Abendkasse, keine nummerierten Pl\u00e4tze +++ Star-Trompeter Till Br\u00f6nner sorgt in Kampen erneut f\u00fcr den guten Ton +++ Nach dem gelungenen Start von Kampen Jazz 2016 by &hellip;","og_url":"https:\/\/www.jazzzeitung.de\/cms\/2017\/05\/news-maxwell-oliveira-trio-im-jazzkeller-huerth-gleuel-am-19-05-17\/","og_site_name":"JazzZeitung","article_publisher":"https:\/\/www.facebook.com\/JazzZeitung\/","article_published_time":"2017-05-17T14:59:53+00:00","og_image":[{"url":"https:\/\/www.jazzzeitung.de\/cms\/wp-content\/uploads\/2017\/05\/Max-Olveira-150x150.jpg","type":"","width":"","height":""}],"author":"Redaktion JazzZeitung","schema":{"@context":"https:\/\/schema.org","@graph":[{"@type":"Article","@id":"https:\/\/www.jazzzeitung.de\/cms\/2017\/05\/news-maxwell-oliveira-trio-im-jazzkeller-huerth-gleuel-am-19-05-17\/#article","isPartOf":{"@id":"https:\/\/www.jazzzeitung.de\/cms\/2017\/05\/news-maxwell-oliveira-trio-im-jazzkeller-huerth-gleuel-am-19-05-17\/"},"author":{"name":"Redaktion JazzZeitung","@id":"https:\/\/www.jazzzeitung.de\/cms\/#\/schema\/person\/2245b36b9cd1d24cea10f01c031fb92b"},"headline":"+++ News +++ &#8222;Maxwell Oliveira Trio&#8220; im Jazzkeller H\u00fcrth-Gleuel am 19.05.17 +++ Star-Trompeter Till Br\u00f6nner sorgt in Kampen erneut f\u00fcr den guten Ton +++","datePublished":"2017-05-17T14:59:53+00:00","mainEntityOfPage":{"@id":"https:\/\/www.jazzzeitung.de\/cms\/2017\/05\/news-maxwell-oliveira-trio-im-jazzkeller-huerth-gleuel-am-19-05-17\/"},"wordCount":462,"commentCount":0,"publisher":{"@id":"https:\/\/www.jazzzeitung.de\/cms\/#organization"},"image":{"@id":"https:\/\/www.jazzzeitung.de\/cms\/2017\/05\/news-maxwell-oliveira-trio-im-jazzkeller-huerth-gleuel-am-19-05-17\/#primaryimage"},"thumbnailUrl":"https:\/\/www.jazzzeitung.de\/cms\/wp-content\/uploads\/2017\/05\/Max-Olveira-150x150.jpg","keywords":["Album","Blues","CD","ECHO","Festivals","Jazzclub","K\u00f6ln","Konzert","Label","Michael Scheiner","open","Preistr\u00e4ger","Seu Jorge","Till Br\u00f6nner","trio"],"articleSection":["News"],"inLanguage":"de","potentialAction":[{"@type":"CommentAction","name":"Comment","target":["https:\/\/www.jazzzeitung.de\/cms\/2017\/05\/news-maxwell-oliveira-trio-im-jazzkeller-huerth-gleuel-am-19-05-17\/#respond"]}]},{"@type":"WebPage","@id":"https:\/\/www.jazzzeitung.de\/cms\/2017\/05\/news-maxwell-oliveira-trio-im-jazzkeller-huerth-gleuel-am-19-05-17\/","url":"https:\/\/www.jazzzeitung.de\/cms\/2017\/05\/news-maxwell-oliveira-trio-im-jazzkeller-huerth-gleuel-am-19-05-17\/","name":"+++ News +++ \"Maxwell Oliveira Trio\" im Jazzkeller H\u00fcrth-Gleuel am 19.05.17 +++ Star-Trompeter Till Br\u00f6nner sorgt in Kampen erneut f\u00fcr den guten Ton +++ - JazzZeitung","isPartOf":{"@id":"https:\/\/www.jazzzeitung.de\/cms\/#website"},"primaryImageOfPage":{"@id":"https:\/\/www.jazzzeitung.de\/cms\/2017\/05\/news-maxwell-oliveira-trio-im-jazzkeller-huerth-gleuel-am-19-05-17\/#primaryimage"},"image":{"@id":"https:\/\/www.jazzzeitung.de\/cms\/2017\/05\/news-maxwell-oliveira-trio-im-jazzkeller-huerth-gleuel-am-19-05-17\/#primaryimage"},"thumbnailUrl":"https:\/\/www.jazzzeitung.de\/cms\/wp-content\/uploads\/2017\/05\/Max-Olveira-150x150.jpg","datePublished":"2017-05-17T14:59:53+00:00","breadcrumb":{"@id":"https:\/\/www.jazzzeitung.de\/cms\/2017\/05\/news-maxwell-oliveira-trio-im-jazzkeller-huerth-gleuel-am-19-05-17\/#breadcrumb"},"inLanguage":"de","potentialAction":[{"@type":"ReadAction","target":["https:\/\/www.jazzzeitung.de\/cms\/2017\/05\/news-maxwell-oliveira-trio-im-jazzkeller-huerth-gleuel-am-19-05-17\/"]}]},{"@type":"ImageObject","inLanguage":"de","@id":"https:\/\/www.jazzzeitung.de\/cms\/2017\/05\/news-maxwell-oliveira-trio-im-jazzkeller-huerth-gleuel-am-19-05-17\/#primaryimage","url":"https:\/\/i0.wp.com\/www.jazzzeitung.de\/cms\/wp-content\/uploads\/2017\/05\/Max-Olveira.jpg?fit=560%2C840&ssl=1","contentUrl":"https:\/\/i0.wp.com\/www.jazzzeitung.de\/cms\/wp-content\/uploads\/2017\/05\/Max-Olveira.jpg?fit=560%2C840&ssl=1","width":560,"height":840},{"@type":"BreadcrumbList","@id":"https:\/\/www.jazzzeitung.de\/cms\/2017\/05\/news-maxwell-oliveira-trio-im-jazzkeller-huerth-gleuel-am-19-05-17\/#breadcrumb","itemListElement":[{"@type":"ListItem","position":1,"name":"Startseite","item":"https:\/\/www.jazzzeitung.de\/cms\/"},{"@type":"ListItem","position":2,"name":"+++ News +++ &#8222;Maxwell Oliveira Trio&#8220; im Jazzkeller H\u00fcrth-Gleuel am 19.05.17 +++ Star-Trompeter Till Br\u00f6nner sorgt in Kampen erneut f\u00fcr den guten Ton +++"}]},{"@type":"WebSite","@id":"https:\/\/www.jazzzeitung.de\/cms\/#website","url":"https:\/\/www.jazzzeitung.de\/cms\/","name":"JazzZeitung","description":"Jazz-News und Jazz-Kontroverses","publisher":{"@id":"https:\/\/www.jazzzeitung.de\/cms\/#organization"},"potentialAction":[{"@type":"SearchAction","target":{"@type":"EntryPoint","urlTemplate":"https:\/\/www.jazzzeitung.de\/cms\/?s={search_term_string}"},"query-input":{"@type":"PropertyValueSpecification","valueRequired":true,"valueName":"search_term_string"}}],"inLanguage":"de"},{"@type":"Organization","@id":"https:\/\/www.jazzzeitung.de\/cms\/#organization","name":"JazzZeitung online","url":"https:\/\/www.jazzzeitung.de\/cms\/","logo":{"@type":"ImageObject","inLanguage":"de","@id":"https:\/\/www.jazzzeitung.de\/cms\/#\/schema\/logo\/image\/","url":"https:\/\/i0.wp.com\/www.jazzzeitung.de\/cms\/wp-content\/uploads\/2015\/08\/JAZZZEITUNGDE_Logo_Neu.png?fit=499%2C200&ssl=1","contentUrl":"https:\/\/i0.wp.com\/www.jazzzeitung.de\/cms\/wp-content\/uploads\/2015\/08\/JAZZZEITUNGDE_Logo_Neu.png?fit=499%2C200&ssl=1","width":499,"height":200,"caption":"JazzZeitung online"},"image":{"@id":"https:\/\/www.jazzzeitung.de\/cms\/#\/schema\/logo\/image\/"},"sameAs":["https:\/\/www.facebook.com\/JazzZeitung\/"]},{"@type":"Person","@id":"https:\/\/www.jazzzeitung.de\/cms\/#\/schema\/person\/2245b36b9cd1d24cea10f01c031fb92b","name":"Redaktion JazzZeitung","image":{"@type":"ImageObject","inLanguage":"de","@id":"https:\/\/i0.wp.com\/www.jazzzeitung.de\/cms\/wp-content\/uploads\/2015\/08\/JAZZZEITUNGDE_Logo_Neu.png?resize=96%2C96&ssl=159975dcacb611b5700bd619b5daf0a7a","url":"https:\/\/i0.wp.com\/www.jazzzeitung.de\/cms\/wp-content\/uploads\/2015\/08\/JAZZZEITUNGDE_Logo_Neu.png?resize=96%2C96&ssl=1","contentUrl":"https:\/\/i0.wp.com\/www.jazzzeitung.de\/cms\/wp-content\/uploads\/2015\/08\/JAZZZEITUNGDE_Logo_Neu.png?resize=96%2C96&ssl=1","caption":"Redaktion JazzZeitung"},"description":"Artikel der Redaktion der JazzZeitung.","sameAs":["http:\/\/www.jazzzeitung.de\/cms\/"],"url":"https:\/\/www.jazzzeitung.de\/cms\/author\/redaktion\/"}]}},"wp-worthy-pixel":{"ignored":false,"public":null,"server":null,"url":null},"wp-worthy-type":"normal","jetpack_publicize_connections":[],"cc_featured_image_caption":{"caption_text":false,"source_text":false,"source_url":false},"jetpack_featured_media_url":"","jetpack_shortlink":"https:\/\/wp.me\/p3KEcT-3ek","jetpack-related-posts":[{"id":12436,"url":"https:\/\/www.jazzzeitung.de\/cms\/2017\/05\/energiegeladen-das-mike-field-quintet-spielte-im-huerther-jazzkeller-vor-begeistertem-publikum\/","url_meta":{"origin":12420,"position":0},"title":"Energiegeladen! Das \u00abMike Field Quintet\u00bb spielte im H\u00fcrther Jazzkeller vor begeistertem Publikum","author":"Redaktion JazzZeitung","date":"19. Mai 2017","format":false,"excerpt":"Es gibt diese Konzertabende, an denen der Funke \u00fcberspringt, die Energie im Raum greifbar wird und eine besondere Verbindung zwischen K\u00fcnstlern und Publikum sp\u00fcrbar ist. So ein Konzert konnten Jazzfreunde im gem\u00fctlichen Jazzkeller auf der Herm\u00fclheimer Stra\u00dfe erleben. Der H\u00fcrther Jazzclub hatte den aus Toronto (Kanada) stammenden Trompeter Mike Field\u2026","rel":"","context":"In &quot;Bericht&quot;","block_context":{"text":"Bericht","link":"https:\/\/www.jazzzeitung.de\/cms\/thema\/bericht\/"},"img":{"alt_text":"","src":"https:\/\/i0.wp.com\/www.jazzzeitung.de\/cms\/wp-content\/uploads\/2017\/05\/Mike-Field-300x287.jpg?resize=350%2C200&ssl=1","width":350,"height":200},"classes":[]},{"id":32816,"url":"https:\/\/www.jazzzeitung.de\/cms\/2025\/07\/news-jazzfest-berlin-open-air-am-jazzkeller-huerth\/","url_meta":{"origin":12420,"position":1},"title":"+++ news +++ Jazzfest Berlin +++ Open Air am Jazzkeller H\u00fcrth +++","author":"Redaktion JazzZeitung","date":"23. Juli 2025","format":false,"excerpt":"+++\u00a0Jazzfest Berlin 2025: Das Line-up ist ver\u00f6ffentlicht +++ In der 62. Festivaledition des\u00a0Jazzfest Berlin, die vom 30. Oktober bis 2. November 2025 stattfindet, werden \u00fcber 120 internationale Musikerinnen aus mehr als 20 L\u00e4ndern im Haus der Berliner Festspiele sowie in den nahe gelegenen Spielst\u00e4tten A-Trane, Quasimodo und Kaiser-Wilhelm-Ged\u00e4chtnis-Kirche aufeinandertreffen. In\u2026","rel":"","context":"In &quot;News&quot;","block_context":{"text":"News","link":"https:\/\/www.jazzzeitung.de\/cms\/thema\/nachrichten\/"},"img":{"alt_text":"","src":"https:\/\/i0.wp.com\/www.jazzzeitung.de\/cms\/wp-content\/uploads\/2025\/07\/2025.08.01-Tudo-azul-Bandfoto-1-Foto-Irving-Villegas-scaled.jpg?fit=1200%2C800&ssl=1&resize=350%2C200","width":350,"height":200,"srcset":"https:\/\/i0.wp.com\/www.jazzzeitung.de\/cms\/wp-content\/uploads\/2025\/07\/2025.08.01-Tudo-azul-Bandfoto-1-Foto-Irving-Villegas-scaled.jpg?fit=1200%2C800&ssl=1&resize=350%2C200 1x, https:\/\/i0.wp.com\/www.jazzzeitung.de\/cms\/wp-content\/uploads\/2025\/07\/2025.08.01-Tudo-azul-Bandfoto-1-Foto-Irving-Villegas-scaled.jpg?fit=1200%2C800&ssl=1&resize=525%2C300 1.5x, https:\/\/i0.wp.com\/www.jazzzeitung.de\/cms\/wp-content\/uploads\/2025\/07\/2025.08.01-Tudo-azul-Bandfoto-1-Foto-Irving-Villegas-scaled.jpg?fit=1200%2C800&ssl=1&resize=700%2C400 2x, https:\/\/i0.wp.com\/www.jazzzeitung.de\/cms\/wp-content\/uploads\/2025\/07\/2025.08.01-Tudo-azul-Bandfoto-1-Foto-Irving-Villegas-scaled.jpg?fit=1200%2C800&ssl=1&resize=1050%2C600 3x"},"classes":[]},{"id":16966,"url":"https:\/\/www.jazzzeitung.de\/cms\/2018\/08\/fette-hupe-hannover-spielt-aufnahme-live-ein\/","url_meta":{"origin":12420,"position":2},"title":"+++ News +++ Morgen: Tropical Turn Quartett +++ G\u00f6tz Alsmann auf der H\u00fcrther Jazznacht 2018 +++ Fette Hupe Hannover spielt Aufnahme live ein +++","author":"Redaktion JazzZeitung","date":"16. August 2018","format":false,"excerpt":"+++ Morgen: Tropical Turn Quartett +++ F\u00fcr Kurzentschlossene: Eine Bandbreite von Buena Vista Social Club bis Brazil Jazz bietet das Tropical Turn Quartett am 17. August 2018 im Jazzkeller in H\u00fcrth-Gleuel. Im Zentrum ihres abwechslungsreichen Sets stehen die Kompositionen von Gitarrist und Bandleader Burkhard \u201eBuck\u201c Wolters, die bereits internationales Geh\u00f6r\u2026","rel":"","context":"In &quot;News&quot;","block_context":{"text":"News","link":"https:\/\/www.jazzzeitung.de\/cms\/thema\/nachrichten\/"},"img":{"alt_text":"","src":"https:\/\/i0.wp.com\/www.jazzzeitung.de\/cms\/wp-content\/uploads\/2018\/08\/Pressefoto-Alsmann_in_rom-2-Foto-Fabio-Lovino-e1534414386552.jpg?fit=1200%2C897&ssl=1&resize=350%2C200","width":350,"height":200,"srcset":"https:\/\/i0.wp.com\/www.jazzzeitung.de\/cms\/wp-content\/uploads\/2018\/08\/Pressefoto-Alsmann_in_rom-2-Foto-Fabio-Lovino-e1534414386552.jpg?fit=1200%2C897&ssl=1&resize=350%2C200 1x, https:\/\/i0.wp.com\/www.jazzzeitung.de\/cms\/wp-content\/uploads\/2018\/08\/Pressefoto-Alsmann_in_rom-2-Foto-Fabio-Lovino-e1534414386552.jpg?fit=1200%2C897&ssl=1&resize=525%2C300 1.5x, https:\/\/i0.wp.com\/www.jazzzeitung.de\/cms\/wp-content\/uploads\/2018\/08\/Pressefoto-Alsmann_in_rom-2-Foto-Fabio-Lovino-e1534414386552.jpg?fit=1200%2C897&ssl=1&resize=700%2C400 2x, https:\/\/i0.wp.com\/www.jazzzeitung.de\/cms\/wp-content\/uploads\/2018\/08\/Pressefoto-Alsmann_in_rom-2-Foto-Fabio-Lovino-e1534414386552.jpg?fit=1200%2C897&ssl=1&resize=1050%2C600 3x"},"classes":[]},{"id":18296,"url":"https:\/\/www.jazzzeitung.de\/cms\/2019\/01\/news-opening-concert-des-bmw-welt-jazz-award-2019-in-muenchen-das-karsten-vorwerk-trio-im-huerther-jazzkeller-das-offizielle-showcase-programm-der-jazzahead-2019-steht-emili\/","url_meta":{"origin":12420,"position":3},"title":"+++ News: +++ Opening Concert des BMW Welt Jazz Award 2019 in M\u00fcnchen +++ Das \u201eKarsten Vorwerk Trio\u201c im H\u00fcrther Jazzkeller +++ Das offizielle Showcase-Programm der \u201ejazzahead!\u201c 2019 steht +++  Emilio Gordoa als \u201eimproviser in residence\u201c 2019 beim \u201em\u0153rs festival\u201c +++","author":"Redaktion JazzZeitung","date":"16. Januar 2019","format":false,"excerpt":"+++BMW Welt Jazz Award im Doppelkegel in M\u00fcnchen: Der 11. Jahrgang von Konzertreihe und Wettbewerb wird er\u00f6ffnet+++ Am 17. Januar 2019 l\u00e4dt die BMW Group Kulturengagement um 19 Uhr zum\u00a0Opening Concert des elften\u00a0\u201eBMW Welt Jazz Award\u201c 2019 mit dem Leitmotiv \u201eSaxophone Worlds\u201c in den Doppelkegel der BMW Welt in M\u00fcnchen\u2026","rel":"","context":"In &quot;News&quot;","block_context":{"text":"News","link":"https:\/\/www.jazzzeitung.de\/cms\/thema\/nachrichten\/"},"img":{"alt_text":"","src":"https:\/\/i0.wp.com\/www.jazzzeitung.de\/cms\/wp-content\/uploads\/2019\/01\/Pokal_90332903_highRes_bmw-welt-jazz-award-.jpg?fit=800%2C1200&ssl=1&resize=350%2C200","width":350,"height":200,"srcset":"https:\/\/i0.wp.com\/www.jazzzeitung.de\/cms\/wp-content\/uploads\/2019\/01\/Pokal_90332903_highRes_bmw-welt-jazz-award-.jpg?fit=800%2C1200&ssl=1&resize=350%2C200 1x, https:\/\/i0.wp.com\/www.jazzzeitung.de\/cms\/wp-content\/uploads\/2019\/01\/Pokal_90332903_highRes_bmw-welt-jazz-award-.jpg?fit=800%2C1200&ssl=1&resize=525%2C300 1.5x, https:\/\/i0.wp.com\/www.jazzzeitung.de\/cms\/wp-content\/uploads\/2019\/01\/Pokal_90332903_highRes_bmw-welt-jazz-award-.jpg?fit=800%2C1200&ssl=1&resize=700%2C400 2x"},"classes":[]},{"id":20084,"url":"https:\/\/www.jazzzeitung.de\/cms\/2019\/07\/veranstaltungstipp-triodolla-im-jazzkeller-huerth\/","url_meta":{"origin":12420,"position":4},"title":"Veranstaltungstipp: \u201eTRIODOLLA\u201c im Jazzkeller H\u00fcrth","author":"Redaktion JazzZeitung","date":"16. Juli 2019","format":false,"excerpt":"Am 19. Juli findet in H\u00fcrth ein ganz besonderes Konzert statt, auf das wir gerne hinweisen - das Treffen dreier Generationen: Drei Musikerpers\u00f6nlichkeiten vermengen sich zu einer neuen kreativen Emulsion mit Tendenz zur positiven Explosion. Drei pers\u00f6nliche Geschichten schichten neue Ebenen zu musikalischen Formen wie Tango, Jazz-Evergreens, Salonmusik, Spontanimprovisationen, Protestsongs\u2026","rel":"","context":"In &quot;News&quot;","block_context":{"text":"News","link":"https:\/\/www.jazzzeitung.de\/cms\/thema\/nachrichten\/"},"img":{"alt_text":"","src":"https:\/\/i0.wp.com\/www.jazzzeitung.de\/cms\/wp-content\/uploads\/2019\/07\/19.07.2019-Triadolla-Marius-Klaus-der-Geiger-Klaus-Mages.jpg?fit=1000%2C667&ssl=1&resize=350%2C200","width":350,"height":200,"srcset":"https:\/\/i0.wp.com\/www.jazzzeitung.de\/cms\/wp-content\/uploads\/2019\/07\/19.07.2019-Triadolla-Marius-Klaus-der-Geiger-Klaus-Mages.jpg?fit=1000%2C667&ssl=1&resize=350%2C200 1x, https:\/\/i0.wp.com\/www.jazzzeitung.de\/cms\/wp-content\/uploads\/2019\/07\/19.07.2019-Triadolla-Marius-Klaus-der-Geiger-Klaus-Mages.jpg?fit=1000%2C667&ssl=1&resize=525%2C300 1.5x, https:\/\/i0.wp.com\/www.jazzzeitung.de\/cms\/wp-content\/uploads\/2019\/07\/19.07.2019-Triadolla-Marius-Klaus-der-Geiger-Klaus-Mages.jpg?fit=1000%2C667&ssl=1&resize=700%2C400 2x"},"classes":[]},{"id":8721,"url":"https:\/\/www.jazzzeitung.de\/cms\/2016\/03\/karibische-note-das-amaka-trio-feat-terrence-ngassa-spielte-im-jazzkeller-huerth\/","url_meta":{"origin":12420,"position":5},"title":"Karibische Note: Das Amaka Trio feat. Terrence Ngassa spielte im Jazzkeller H\u00fcrth","author":"Redaktion JazzZeitung","date":"14. M\u00e4rz 2016","format":false,"excerpt":"Am Wochenende wartete der Jazzclub H\u00fcrth wieder einmal mit einem besonderen Leckerbissen f\u00fcr die Jazzfreunde der Region auf. Das Amaka Trio feat. Terrence Ngassa spielte im Jazzkeller in der Herm\u00fclheimer Stra\u00dfe. Dem H\u00fcrther Publikum ist die in Heidelberg geborene S\u00e4ngerin Amaka bestens von zahlreichen Auftritten bekannt. Entsprechend viele Jazzfans waren\u2026","rel":"","context":"In &quot;Bericht&quot;","block_context":{"text":"Bericht","link":"https:\/\/www.jazzzeitung.de\/cms\/thema\/bericht\/"},"img":{"alt_text":"Die S\u00e4ngerin Amaka und Terrence Ngassa. Foto: Harald Haen\u00dfgen","src":"https:\/\/i0.wp.com\/www.jazzzeitung.de\/cms\/wp-content\/uploads\/2016\/03\/IMG_3665-150x150.jpg?resize=350%2C200","width":350,"height":200},"classes":[]}],"jetpack_sharing_enabled":true,"_links":{"self":[{"href":"https:\/\/www.jazzzeitung.de\/cms\/wp-json\/wp\/v2\/posts\/12420","targetHints":{"allow":["GET"]}}],"collection":[{"href":"https:\/\/www.jazzzeitung.de\/cms\/wp-json\/wp\/v2\/posts"}],"about":[{"href":"https:\/\/www.jazzzeitung.de\/cms\/wp-json\/wp\/v2\/types\/post"}],"author":[{"embeddable":true,"href":"https:\/\/www.jazzzeitung.de\/cms\/wp-json\/wp\/v2\/users\/18"}],"replies":[{"embeddable":true,"href":"https:\/\/www.jazzzeitung.de\/cms\/wp-json\/wp\/v2\/comments?post=12420"}],"version-history":[{"count":6,"href":"https:\/\/www.jazzzeitung.de\/cms\/wp-json\/wp\/v2\/posts\/12420\/revisions"}],"predecessor-version":[{"id":12449,"href":"https:\/\/www.jazzzeitung.de\/cms\/wp-json\/wp\/v2\/posts\/12420\/revisions\/12449"}],"wp:attachment":[{"href":"https:\/\/www.jazzzeitung.de\/cms\/wp-json\/wp\/v2\/media?parent=12420"}],"wp:term":[{"taxonomy":"category","embeddable":true,"href":"https:\/\/www.jazzzeitung.de\/cms\/wp-json\/wp\/v2\/categories?post=12420"},{"taxonomy":"post_tag","embeddable":true,"href":"https:\/\/www.jazzzeitung.de\/cms\/wp-json\/wp\/v2\/tags?post=12420"},{"taxonomy":"author","embeddable":true,"href":"https:\/\/www.jazzzeitung.de\/cms\/wp-json\/wp\/v2\/coauthors?post=12420"}],"curies":[{"name":"wp","href":"https:\/\/api.w.org\/{rel}","templated":true}]}}