{"id":12415,"date":"2017-05-22T09:53:35","date_gmt":"2017-05-22T07:53:35","guid":{"rendered":"https:\/\/www.jazzzeitung.de\/cms\/?p=12415"},"modified":"2017-05-22T10:03:36","modified_gmt":"2017-05-22T08:03:36","slug":"offen-und-kreativ-eine-farbenreiche-weitere-cd-von-samo-salamon","status":"publish","type":"post","link":"https:\/\/www.jazzzeitung.de\/cms\/2017\/05\/offen-und-kreativ-eine-farbenreiche-weitere-cd-von-samo-salamon\/","title":{"rendered":"Offen und kreativ \u2013 eine \u00bbfarbenreiche\u00ab weitere CD von Samo Salamon"},"content":{"rendered":"<figure id=\"attachment_12416\" aria-describedby=\"caption-attachment-12416\" style=\"width: 230px\" class=\"wp-caption alignright\"><img data-recalc-dims=\"1\" loading=\"lazy\" decoding=\"async\" data-attachment-id=\"12416\" data-permalink=\"https:\/\/www.jazzzeitung.de\/cms\/2017\/05\/offen-und-kreativ-eine-farbenreiche-weitere-cd-von-samo-salamon\/salamon-sextet\/\" data-orig-file=\"https:\/\/i0.wp.com\/www.jazzzeitung.de\/cms\/wp-content\/uploads\/2017\/05\/Salamon-Sextet.jpg?fit=230%2C230&amp;ssl=1\" data-orig-size=\"230,230\" data-comments-opened=\"1\" data-image-meta=\"{&quot;aperture&quot;:&quot;0&quot;,&quot;credit&quot;:&quot;&quot;,&quot;camera&quot;:&quot;&quot;,&quot;caption&quot;:&quot;&quot;,&quot;created_timestamp&quot;:&quot;0&quot;,&quot;copyright&quot;:&quot;&quot;,&quot;focal_length&quot;:&quot;0&quot;,&quot;iso&quot;:&quot;0&quot;,&quot;shutter_speed&quot;:&quot;0&quot;,&quot;title&quot;:&quot;&quot;,&quot;orientation&quot;:&quot;1&quot;}\" data-image-title=\"\" data-image-description=\"\" data-image-caption=\"&lt;p&gt;Samo Salamon Sextet: \u00bbThe Colours Suite\u00ab, Clean Feed 414&lt;\/p&gt;\n\" data-large-file=\"https:\/\/i0.wp.com\/www.jazzzeitung.de\/cms\/wp-content\/uploads\/2017\/05\/Salamon-Sextet.jpg?fit=230%2C230&amp;ssl=1\" class=\"size-full wp-image-12416\" src=\"https:\/\/i0.wp.com\/www.jazzzeitung.de\/cms\/wp-content\/uploads\/2017\/05\/Salamon-Sextet.jpg?resize=230%2C230&#038;ssl=1\" alt=\"\" width=\"230\" height=\"230\" srcset=\"https:\/\/i0.wp.com\/www.jazzzeitung.de\/cms\/wp-content\/uploads\/2017\/05\/Salamon-Sextet.jpg?w=230&amp;ssl=1 230w, https:\/\/i0.wp.com\/www.jazzzeitung.de\/cms\/wp-content\/uploads\/2017\/05\/Salamon-Sextet.jpg?resize=150%2C150&amp;ssl=1 150w, https:\/\/i0.wp.com\/www.jazzzeitung.de\/cms\/wp-content\/uploads\/2017\/05\/Salamon-Sextet.jpg?resize=144%2C144&amp;ssl=1 144w, https:\/\/i0.wp.com\/www.jazzzeitung.de\/cms\/wp-content\/uploads\/2017\/05\/Salamon-Sextet.jpg?resize=96%2C96&amp;ssl=1 96w, https:\/\/i0.wp.com\/www.jazzzeitung.de\/cms\/wp-content\/uploads\/2017\/05\/Salamon-Sextet.jpg?resize=24%2C24&amp;ssl=1 24w, https:\/\/i0.wp.com\/www.jazzzeitung.de\/cms\/wp-content\/uploads\/2017\/05\/Salamon-Sextet.jpg?resize=36%2C36&amp;ssl=1 36w, https:\/\/i0.wp.com\/www.jazzzeitung.de\/cms\/wp-content\/uploads\/2017\/05\/Salamon-Sextet.jpg?resize=48%2C48&amp;ssl=1 48w, https:\/\/i0.wp.com\/www.jazzzeitung.de\/cms\/wp-content\/uploads\/2017\/05\/Salamon-Sextet.jpg?resize=64%2C64&amp;ssl=1 64w, https:\/\/i0.wp.com\/www.jazzzeitung.de\/cms\/wp-content\/uploads\/2017\/05\/Salamon-Sextet.jpg?resize=32%2C32&amp;ssl=1 32w, https:\/\/i0.wp.com\/www.jazzzeitung.de\/cms\/wp-content\/uploads\/2017\/05\/Salamon-Sextet.jpg?resize=50%2C50&amp;ssl=1 50w, https:\/\/i0.wp.com\/www.jazzzeitung.de\/cms\/wp-content\/uploads\/2017\/05\/Salamon-Sextet.jpg?resize=128%2C128&amp;ssl=1 128w\" sizes=\"auto, (max-width: 230px) 100vw, 230px\" \/><figcaption id=\"caption-attachment-12416\" class=\"wp-caption-text\">Samo Salamon Sextet: \u00bbThe Colours Suite\u00ab, Clean Feed 414<\/figcaption><\/figure>\n<p><strong>Der Output Samo Salamons ist erstaunlich \u2013 im doppelten Sinne. Einerseits: Innerhalb weniger Jahre \u00fcber zwanzig eigene, also auch selbst komponierte und mit diversen, extra zusammengestellten Bands eingespielte CDs \u2013 das machen nicht viele Musiker! Insbesondere nicht jene mit einer solch anspruchsvollen, nicht leicht verk\u00e4uflichen Musik. Andererseits: Dichte, Struktur und auch Spielfreude der Salamon\u2019schen Musik sind ebenso erstaunlich. Wer Samos Weg verfolgt, gewinnt den Eindruck, dass seine Musik immer markanter, dichter, aber zugleich auch immer konsequenter und \u00bbeinleuchtender\u00ab wird.<\/strong><\/p>\n<p>F\u00fcr die Umsetzung seiner hier nun vorliegenden Farben-Suite hat sich Salamon in den Kopf gesetzt, mit zwei Schlagzeugern zu spielen, mit Roberto Dani als langj\u00e4hrigem Vertrauten und Weggenossen und, neu, mit dem heute gerademal 33-j\u00e4hrigen Christian Lillinger, den Salamon zuvor von vielen CDs, jedoch noch nicht vom Live-Spielen kannte. \u00bbMir gef\u00e4llt seine Spielweise\u00ab, erz\u00e4hlt Salamon \u00fcber Lillinger, \u00bbdie ist sehr offen und kreativ\u00a0und unvorhersehbar, das finde ich super. Christian mischt gerne Improvisation und Komposition, was auch ich schon seit vielen Jahren mache, deswegen wollte ich unbedingt mit ihm spielen.\u00ab Noch im Sextet musizieren der Bassist Pascal Niggenkemper, Saxofonist Julian Arguelles und Bassklarinettist Achill Succi \u2013 allesamt Salamon-Vertraute.<\/p>\n<p>Und so, wie Samo \u00fcber Christian spricht, so klingt auch die gesamte Musik der \u00bbfarbenreichen\u00ab CD \u00bbColours Suite\u00ab: vielgestaltig, \u00fcberraschend, abenteuerlich, systematisch, rhythmisch zackig bis filigran ausgearbeitet, melodisch sensibel, \u00e4sthetisch kommunikativ. Kurz: Empfehlung!<\/p>\n<p>Mathias B\u00e4umel<\/p>\n<p><span style=\"border-radius: 2px; text-indent: 20px; width: auto; padding: 0px 4px 0px 0px; text-align: center; font: bold 11px\/20px 'Helvetica Neue',Helvetica,sans-serif; color: #ffffff; background: #bd081c  no-repeat scroll 3px 50% \/ 14px 14px; position: absolute; opacity: 1; z-index: 8675309; display: none; cursor: pointer; top: 28px; left: 1159px;\">Merken<\/span><\/p>\n","protected":false},"excerpt":{"rendered":"<p>Der Output Samo Salamons ist erstaunlich \u2013 im doppelten Sinne. Einerseits: Innerhalb weniger Jahre \u00fcber zwanzig eigene, also auch selbst komponierte und mit diversen, extra zusammengestellten Bands eingespielte CDs \u2013 das machen nicht viele Musiker! Insbesondere nicht jene mit einer solch anspruchsvollen, nicht leicht verk\u00e4uflichen Musik. Andererseits: Dichte, Struktur und auch Spielfreude der Salamon\u2019schen Musik sind ebenso erstaunlich. Wer Samos Weg verfolgt, gewinnt den Eindruck, dass seine Musik immer markanter, dichter, aber zugleich auch immer konsequenter und \u00bbeinleuchtender\u00ab wird. F\u00fcr die Umsetzung seiner hier nun vorliegenden Farben-Suite hat sich Salamon in den Kopf gesetzt, mit zwei Schlagzeugern zu spielen, mit Roberto Dani als langj\u00e4hrigem Vertrauten und Weggenossen und, neu, mit dem heute gerademal 33-j\u00e4hrigen Christian Lillinger, den Salamon zuvor von vielen CDs, jedoch noch nicht vom Live-Spielen kannte. \u00bbMir gef\u00e4llt seine Spielweise\u00ab, erz\u00e4hlt Salamon \u00fcber Lillinger, \u00bbdie ist sehr offen und kreativ\u00a0und unvorhersehbar, das finde ich super. Christian mischt gerne Improvisation und Komposition, was auch ich schon seit vielen Jahren mache, deswegen wollte ich unbedingt mit ihm spielen.\u00ab Noch im Sextet musizieren der Bassist Pascal Niggenkemper, Saxofonist Julian Arguelles und Bassklarinettist Achill Succi \u2013 allesamt &hellip;<\/p>\n","protected":false},"author":18,"featured_media":0,"comment_status":"open","ping_status":"closed","sticky":false,"template":"","format":"standard","meta":{"_jetpack_memberships_contains_paid_content":false,"footnotes":"","jetpack_publicize_message":"","jetpack_publicize_feature_enabled":true,"jetpack_social_post_already_shared":false,"jetpack_social_options":{"image_generator_settings":{"template":"highway","default_image_id":0,"font":"","enabled":false},"version":2}},"categories":[1152],"tags":[109,1050,1007,1156,1157],"coauthors":[695],"class_list":["post-12415","post","type-post","status-publish","format-standard","hentry","category-rezension","tag-cd","tag-christian-lillinger","tag-improvisation","tag-mathias-baeumel","tag-samo-salamon"],"yoast_head":"<!-- This site is optimized with the Yoast SEO plugin v27.5 - https:\/\/yoast.com\/product\/yoast-seo-wordpress\/ -->\n<title>Offen und kreativ \u2013 eine \u00bbfarbenreiche\u00ab weitere CD von Samo Salamon - JazzZeitung<\/title>\n<meta name=\"robots\" content=\"index, follow, max-snippet:-1, max-image-preview:large, max-video-preview:-1\" \/>\n<link rel=\"canonical\" href=\"https:\/\/www.jazzzeitung.de\/cms\/2017\/05\/offen-und-kreativ-eine-farbenreiche-weitere-cd-von-samo-salamon\/\" \/>\n<meta property=\"og:locale\" content=\"de_DE\" \/>\n<meta property=\"og:type\" content=\"article\" \/>\n<meta property=\"og:title\" content=\"Offen und kreativ \u2013 eine \u00bbfarbenreiche\u00ab weitere CD von Samo Salamon - JazzZeitung\" \/>\n<meta property=\"og:description\" content=\"Der Output Samo Salamons ist erstaunlich \u2013 im doppelten Sinne. Einerseits: Innerhalb weniger Jahre \u00fcber zwanzig eigene, also auch selbst komponierte und mit diversen, extra zusammengestellten Bands eingespielte CDs \u2013 das machen nicht viele Musiker! Insbesondere nicht jene mit einer solch anspruchsvollen, nicht leicht verk\u00e4uflichen Musik. Andererseits: Dichte, Struktur und auch Spielfreude der Salamon\u2019schen Musik sind ebenso erstaunlich. Wer Samos Weg verfolgt, gewinnt den Eindruck, dass seine Musik immer markanter, dichter, aber zugleich auch immer konsequenter und \u00bbeinleuchtender\u00ab wird. F\u00fcr die Umsetzung seiner hier nun vorliegenden Farben-Suite hat sich Salamon in den Kopf gesetzt, mit zwei Schlagzeugern zu spielen, mit Roberto Dani als langj\u00e4hrigem Vertrauten und Weggenossen und, neu, mit dem heute gerademal 33-j\u00e4hrigen Christian Lillinger, den Salamon zuvor von vielen CDs, jedoch noch nicht vom Live-Spielen kannte. \u00bbMir gef\u00e4llt seine Spielweise\u00ab, erz\u00e4hlt Salamon \u00fcber Lillinger, \u00bbdie ist sehr offen und kreativ\u00a0und unvorhersehbar, das finde ich super. Christian mischt gerne Improvisation und Komposition, was auch ich schon seit vielen Jahren mache, deswegen wollte ich unbedingt mit ihm spielen.\u00ab Noch im Sextet musizieren der Bassist Pascal Niggenkemper, Saxofonist Julian Arguelles und Bassklarinettist Achill Succi \u2013 allesamt &hellip;\" \/>\n<meta property=\"og:url\" content=\"https:\/\/www.jazzzeitung.de\/cms\/2017\/05\/offen-und-kreativ-eine-farbenreiche-weitere-cd-von-samo-salamon\/\" \/>\n<meta property=\"og:site_name\" content=\"JazzZeitung\" \/>\n<meta property=\"article:publisher\" content=\"https:\/\/www.facebook.com\/JazzZeitung\/\" \/>\n<meta property=\"article:published_time\" content=\"2017-05-22T07:53:35+00:00\" \/>\n<meta property=\"article:modified_time\" content=\"2017-05-22T08:03:36+00:00\" \/>\n<meta property=\"og:image\" content=\"https:\/\/www.jazzzeitung.de\/cms\/wp-content\/uploads\/2017\/05\/Salamon-Sextet.jpg\" \/>\n<meta name=\"author\" content=\"Redaktion JazzZeitung\" \/>\n<script type=\"application\/ld+json\" class=\"yoast-schema-graph\">{\"@context\":\"https:\\\/\\\/schema.org\",\"@graph\":[{\"@type\":\"Article\",\"@id\":\"https:\\\/\\\/www.jazzzeitung.de\\\/cms\\\/2017\\\/05\\\/offen-und-kreativ-eine-farbenreiche-weitere-cd-von-samo-salamon\\\/#article\",\"isPartOf\":{\"@id\":\"https:\\\/\\\/www.jazzzeitung.de\\\/cms\\\/2017\\\/05\\\/offen-und-kreativ-eine-farbenreiche-weitere-cd-von-samo-salamon\\\/\"},\"author\":{\"name\":\"Redaktion JazzZeitung\",\"@id\":\"https:\\\/\\\/www.jazzzeitung.de\\\/cms\\\/#\\\/schema\\\/person\\\/2245b36b9cd1d24cea10f01c031fb92b\"},\"headline\":\"Offen und kreativ \u2013 eine \u00bbfarbenreiche\u00ab weitere CD von Samo Salamon\",\"datePublished\":\"2017-05-22T07:53:35+00:00\",\"dateModified\":\"2017-05-22T08:03:36+00:00\",\"mainEntityOfPage\":{\"@id\":\"https:\\\/\\\/www.jazzzeitung.de\\\/cms\\\/2017\\\/05\\\/offen-und-kreativ-eine-farbenreiche-weitere-cd-von-samo-salamon\\\/\"},\"wordCount\":253,\"commentCount\":0,\"publisher\":{\"@id\":\"https:\\\/\\\/www.jazzzeitung.de\\\/cms\\\/#organization\"},\"image\":{\"@id\":\"https:\\\/\\\/www.jazzzeitung.de\\\/cms\\\/2017\\\/05\\\/offen-und-kreativ-eine-farbenreiche-weitere-cd-von-samo-salamon\\\/#primaryimage\"},\"thumbnailUrl\":\"https:\\\/\\\/www.jazzzeitung.de\\\/cms\\\/wp-content\\\/uploads\\\/2017\\\/05\\\/Salamon-Sextet.jpg\",\"keywords\":[\"CD\",\"Christian Lillinger\",\"Improvisation\",\"Mathias B\u00e4umel\",\"Samo Salamon\"],\"articleSection\":[\"Rezension\"],\"inLanguage\":\"de\",\"potentialAction\":[{\"@type\":\"CommentAction\",\"name\":\"Comment\",\"target\":[\"https:\\\/\\\/www.jazzzeitung.de\\\/cms\\\/2017\\\/05\\\/offen-und-kreativ-eine-farbenreiche-weitere-cd-von-samo-salamon\\\/#respond\"]}]},{\"@type\":\"WebPage\",\"@id\":\"https:\\\/\\\/www.jazzzeitung.de\\\/cms\\\/2017\\\/05\\\/offen-und-kreativ-eine-farbenreiche-weitere-cd-von-samo-salamon\\\/\",\"url\":\"https:\\\/\\\/www.jazzzeitung.de\\\/cms\\\/2017\\\/05\\\/offen-und-kreativ-eine-farbenreiche-weitere-cd-von-samo-salamon\\\/\",\"name\":\"Offen und kreativ \u2013 eine \u00bbfarbenreiche\u00ab weitere CD von Samo Salamon - JazzZeitung\",\"isPartOf\":{\"@id\":\"https:\\\/\\\/www.jazzzeitung.de\\\/cms\\\/#website\"},\"primaryImageOfPage\":{\"@id\":\"https:\\\/\\\/www.jazzzeitung.de\\\/cms\\\/2017\\\/05\\\/offen-und-kreativ-eine-farbenreiche-weitere-cd-von-samo-salamon\\\/#primaryimage\"},\"image\":{\"@id\":\"https:\\\/\\\/www.jazzzeitung.de\\\/cms\\\/2017\\\/05\\\/offen-und-kreativ-eine-farbenreiche-weitere-cd-von-samo-salamon\\\/#primaryimage\"},\"thumbnailUrl\":\"https:\\\/\\\/www.jazzzeitung.de\\\/cms\\\/wp-content\\\/uploads\\\/2017\\\/05\\\/Salamon-Sextet.jpg\",\"datePublished\":\"2017-05-22T07:53:35+00:00\",\"dateModified\":\"2017-05-22T08:03:36+00:00\",\"breadcrumb\":{\"@id\":\"https:\\\/\\\/www.jazzzeitung.de\\\/cms\\\/2017\\\/05\\\/offen-und-kreativ-eine-farbenreiche-weitere-cd-von-samo-salamon\\\/#breadcrumb\"},\"inLanguage\":\"de\",\"potentialAction\":[{\"@type\":\"ReadAction\",\"target\":[\"https:\\\/\\\/www.jazzzeitung.de\\\/cms\\\/2017\\\/05\\\/offen-und-kreativ-eine-farbenreiche-weitere-cd-von-samo-salamon\\\/\"]}]},{\"@type\":\"ImageObject\",\"inLanguage\":\"de\",\"@id\":\"https:\\\/\\\/www.jazzzeitung.de\\\/cms\\\/2017\\\/05\\\/offen-und-kreativ-eine-farbenreiche-weitere-cd-von-samo-salamon\\\/#primaryimage\",\"url\":\"https:\\\/\\\/i0.wp.com\\\/www.jazzzeitung.de\\\/cms\\\/wp-content\\\/uploads\\\/2017\\\/05\\\/Salamon-Sextet.jpg?fit=230%2C230&ssl=1\",\"contentUrl\":\"https:\\\/\\\/i0.wp.com\\\/www.jazzzeitung.de\\\/cms\\\/wp-content\\\/uploads\\\/2017\\\/05\\\/Salamon-Sextet.jpg?fit=230%2C230&ssl=1\",\"width\":230,\"height\":230,\"caption\":\"Samo Salamon Sextet: \u00bbThe Colours Suite\u00ab, Clean Feed 414\"},{\"@type\":\"BreadcrumbList\",\"@id\":\"https:\\\/\\\/www.jazzzeitung.de\\\/cms\\\/2017\\\/05\\\/offen-und-kreativ-eine-farbenreiche-weitere-cd-von-samo-salamon\\\/#breadcrumb\",\"itemListElement\":[{\"@type\":\"ListItem\",\"position\":1,\"name\":\"Startseite\",\"item\":\"https:\\\/\\\/www.jazzzeitung.de\\\/cms\\\/\"},{\"@type\":\"ListItem\",\"position\":2,\"name\":\"Offen und kreativ \u2013 eine \u00bbfarbenreiche\u00ab weitere CD von Samo Salamon\"}]},{\"@type\":\"WebSite\",\"@id\":\"https:\\\/\\\/www.jazzzeitung.de\\\/cms\\\/#website\",\"url\":\"https:\\\/\\\/www.jazzzeitung.de\\\/cms\\\/\",\"name\":\"JazzZeitung\",\"description\":\"Jazz-News und Jazz-Kontroverses\",\"publisher\":{\"@id\":\"https:\\\/\\\/www.jazzzeitung.de\\\/cms\\\/#organization\"},\"potentialAction\":[{\"@type\":\"SearchAction\",\"target\":{\"@type\":\"EntryPoint\",\"urlTemplate\":\"https:\\\/\\\/www.jazzzeitung.de\\\/cms\\\/?s={search_term_string}\"},\"query-input\":{\"@type\":\"PropertyValueSpecification\",\"valueRequired\":true,\"valueName\":\"search_term_string\"}}],\"inLanguage\":\"de\"},{\"@type\":\"Organization\",\"@id\":\"https:\\\/\\\/www.jazzzeitung.de\\\/cms\\\/#organization\",\"name\":\"JazzZeitung online\",\"url\":\"https:\\\/\\\/www.jazzzeitung.de\\\/cms\\\/\",\"logo\":{\"@type\":\"ImageObject\",\"inLanguage\":\"de\",\"@id\":\"https:\\\/\\\/www.jazzzeitung.de\\\/cms\\\/#\\\/schema\\\/logo\\\/image\\\/\",\"url\":\"https:\\\/\\\/i0.wp.com\\\/www.jazzzeitung.de\\\/cms\\\/wp-content\\\/uploads\\\/2015\\\/08\\\/JAZZZEITUNGDE_Logo_Neu.png?fit=499%2C200&ssl=1\",\"contentUrl\":\"https:\\\/\\\/i0.wp.com\\\/www.jazzzeitung.de\\\/cms\\\/wp-content\\\/uploads\\\/2015\\\/08\\\/JAZZZEITUNGDE_Logo_Neu.png?fit=499%2C200&ssl=1\",\"width\":499,\"height\":200,\"caption\":\"JazzZeitung online\"},\"image\":{\"@id\":\"https:\\\/\\\/www.jazzzeitung.de\\\/cms\\\/#\\\/schema\\\/logo\\\/image\\\/\"},\"sameAs\":[\"https:\\\/\\\/www.facebook.com\\\/JazzZeitung\\\/\"]},{\"@type\":\"Person\",\"@id\":\"https:\\\/\\\/www.jazzzeitung.de\\\/cms\\\/#\\\/schema\\\/person\\\/2245b36b9cd1d24cea10f01c031fb92b\",\"name\":\"Redaktion JazzZeitung\",\"image\":{\"@type\":\"ImageObject\",\"inLanguage\":\"de\",\"@id\":\"https:\\\/\\\/i0.wp.com\\\/www.jazzzeitung.de\\\/cms\\\/wp-content\\\/uploads\\\/2015\\\/08\\\/JAZZZEITUNGDE_Logo_Neu.png?resize=96%2C96&ssl=159975dcacb611b5700bd619b5daf0a7a\",\"url\":\"https:\\\/\\\/i0.wp.com\\\/www.jazzzeitung.de\\\/cms\\\/wp-content\\\/uploads\\\/2015\\\/08\\\/JAZZZEITUNGDE_Logo_Neu.png?resize=96%2C96&ssl=1\",\"contentUrl\":\"https:\\\/\\\/i0.wp.com\\\/www.jazzzeitung.de\\\/cms\\\/wp-content\\\/uploads\\\/2015\\\/08\\\/JAZZZEITUNGDE_Logo_Neu.png?resize=96%2C96&ssl=1\",\"caption\":\"Redaktion JazzZeitung\"},\"description\":\"Artikel der Redaktion der JazzZeitung.\",\"sameAs\":[\"http:\\\/\\\/www.jazzzeitung.de\\\/cms\\\/\"],\"url\":\"https:\\\/\\\/www.jazzzeitung.de\\\/cms\\\/author\\\/redaktion\\\/\"}]}<\/script>\n<!-- \/ Yoast SEO plugin. -->","yoast_head_json":{"title":"Offen und kreativ \u2013 eine \u00bbfarbenreiche\u00ab weitere CD von Samo Salamon - JazzZeitung","robots":{"index":"index","follow":"follow","max-snippet":"max-snippet:-1","max-image-preview":"max-image-preview:large","max-video-preview":"max-video-preview:-1"},"canonical":"https:\/\/www.jazzzeitung.de\/cms\/2017\/05\/offen-und-kreativ-eine-farbenreiche-weitere-cd-von-samo-salamon\/","og_locale":"de_DE","og_type":"article","og_title":"Offen und kreativ \u2013 eine \u00bbfarbenreiche\u00ab weitere CD von Samo Salamon - JazzZeitung","og_description":"Der Output Samo Salamons ist erstaunlich \u2013 im doppelten Sinne. Einerseits: Innerhalb weniger Jahre \u00fcber zwanzig eigene, also auch selbst komponierte und mit diversen, extra zusammengestellten Bands eingespielte CDs \u2013 das machen nicht viele Musiker! Insbesondere nicht jene mit einer solch anspruchsvollen, nicht leicht verk\u00e4uflichen Musik. Andererseits: Dichte, Struktur und auch Spielfreude der Salamon\u2019schen Musik sind ebenso erstaunlich. Wer Samos Weg verfolgt, gewinnt den Eindruck, dass seine Musik immer markanter, dichter, aber zugleich auch immer konsequenter und \u00bbeinleuchtender\u00ab wird. F\u00fcr die Umsetzung seiner hier nun vorliegenden Farben-Suite hat sich Salamon in den Kopf gesetzt, mit zwei Schlagzeugern zu spielen, mit Roberto Dani als langj\u00e4hrigem Vertrauten und Weggenossen und, neu, mit dem heute gerademal 33-j\u00e4hrigen Christian Lillinger, den Salamon zuvor von vielen CDs, jedoch noch nicht vom Live-Spielen kannte. \u00bbMir gef\u00e4llt seine Spielweise\u00ab, erz\u00e4hlt Salamon \u00fcber Lillinger, \u00bbdie ist sehr offen und kreativ\u00a0und unvorhersehbar, das finde ich super. Christian mischt gerne Improvisation und Komposition, was auch ich schon seit vielen Jahren mache, deswegen wollte ich unbedingt mit ihm spielen.\u00ab Noch im Sextet musizieren der Bassist Pascal Niggenkemper, Saxofonist Julian Arguelles und Bassklarinettist Achill Succi \u2013 allesamt &hellip;","og_url":"https:\/\/www.jazzzeitung.de\/cms\/2017\/05\/offen-und-kreativ-eine-farbenreiche-weitere-cd-von-samo-salamon\/","og_site_name":"JazzZeitung","article_publisher":"https:\/\/www.facebook.com\/JazzZeitung\/","article_published_time":"2017-05-22T07:53:35+00:00","article_modified_time":"2017-05-22T08:03:36+00:00","og_image":[{"url":"https:\/\/www.jazzzeitung.de\/cms\/wp-content\/uploads\/2017\/05\/Salamon-Sextet.jpg","type":"","width":"","height":""}],"author":"Redaktion JazzZeitung","schema":{"@context":"https:\/\/schema.org","@graph":[{"@type":"Article","@id":"https:\/\/www.jazzzeitung.de\/cms\/2017\/05\/offen-und-kreativ-eine-farbenreiche-weitere-cd-von-samo-salamon\/#article","isPartOf":{"@id":"https:\/\/www.jazzzeitung.de\/cms\/2017\/05\/offen-und-kreativ-eine-farbenreiche-weitere-cd-von-samo-salamon\/"},"author":{"name":"Redaktion JazzZeitung","@id":"https:\/\/www.jazzzeitung.de\/cms\/#\/schema\/person\/2245b36b9cd1d24cea10f01c031fb92b"},"headline":"Offen und kreativ \u2013 eine \u00bbfarbenreiche\u00ab weitere CD von Samo Salamon","datePublished":"2017-05-22T07:53:35+00:00","dateModified":"2017-05-22T08:03:36+00:00","mainEntityOfPage":{"@id":"https:\/\/www.jazzzeitung.de\/cms\/2017\/05\/offen-und-kreativ-eine-farbenreiche-weitere-cd-von-samo-salamon\/"},"wordCount":253,"commentCount":0,"publisher":{"@id":"https:\/\/www.jazzzeitung.de\/cms\/#organization"},"image":{"@id":"https:\/\/www.jazzzeitung.de\/cms\/2017\/05\/offen-und-kreativ-eine-farbenreiche-weitere-cd-von-samo-salamon\/#primaryimage"},"thumbnailUrl":"https:\/\/www.jazzzeitung.de\/cms\/wp-content\/uploads\/2017\/05\/Salamon-Sextet.jpg","keywords":["CD","Christian Lillinger","Improvisation","Mathias B\u00e4umel","Samo Salamon"],"articleSection":["Rezension"],"inLanguage":"de","potentialAction":[{"@type":"CommentAction","name":"Comment","target":["https:\/\/www.jazzzeitung.de\/cms\/2017\/05\/offen-und-kreativ-eine-farbenreiche-weitere-cd-von-samo-salamon\/#respond"]}]},{"@type":"WebPage","@id":"https:\/\/www.jazzzeitung.de\/cms\/2017\/05\/offen-und-kreativ-eine-farbenreiche-weitere-cd-von-samo-salamon\/","url":"https:\/\/www.jazzzeitung.de\/cms\/2017\/05\/offen-und-kreativ-eine-farbenreiche-weitere-cd-von-samo-salamon\/","name":"Offen und kreativ \u2013 eine \u00bbfarbenreiche\u00ab weitere CD von Samo Salamon - JazzZeitung","isPartOf":{"@id":"https:\/\/www.jazzzeitung.de\/cms\/#website"},"primaryImageOfPage":{"@id":"https:\/\/www.jazzzeitung.de\/cms\/2017\/05\/offen-und-kreativ-eine-farbenreiche-weitere-cd-von-samo-salamon\/#primaryimage"},"image":{"@id":"https:\/\/www.jazzzeitung.de\/cms\/2017\/05\/offen-und-kreativ-eine-farbenreiche-weitere-cd-von-samo-salamon\/#primaryimage"},"thumbnailUrl":"https:\/\/www.jazzzeitung.de\/cms\/wp-content\/uploads\/2017\/05\/Salamon-Sextet.jpg","datePublished":"2017-05-22T07:53:35+00:00","dateModified":"2017-05-22T08:03:36+00:00","breadcrumb":{"@id":"https:\/\/www.jazzzeitung.de\/cms\/2017\/05\/offen-und-kreativ-eine-farbenreiche-weitere-cd-von-samo-salamon\/#breadcrumb"},"inLanguage":"de","potentialAction":[{"@type":"ReadAction","target":["https:\/\/www.jazzzeitung.de\/cms\/2017\/05\/offen-und-kreativ-eine-farbenreiche-weitere-cd-von-samo-salamon\/"]}]},{"@type":"ImageObject","inLanguage":"de","@id":"https:\/\/www.jazzzeitung.de\/cms\/2017\/05\/offen-und-kreativ-eine-farbenreiche-weitere-cd-von-samo-salamon\/#primaryimage","url":"https:\/\/i0.wp.com\/www.jazzzeitung.de\/cms\/wp-content\/uploads\/2017\/05\/Salamon-Sextet.jpg?fit=230%2C230&ssl=1","contentUrl":"https:\/\/i0.wp.com\/www.jazzzeitung.de\/cms\/wp-content\/uploads\/2017\/05\/Salamon-Sextet.jpg?fit=230%2C230&ssl=1","width":230,"height":230,"caption":"Samo Salamon Sextet: \u00bbThe Colours Suite\u00ab, Clean Feed 414"},{"@type":"BreadcrumbList","@id":"https:\/\/www.jazzzeitung.de\/cms\/2017\/05\/offen-und-kreativ-eine-farbenreiche-weitere-cd-von-samo-salamon\/#breadcrumb","itemListElement":[{"@type":"ListItem","position":1,"name":"Startseite","item":"https:\/\/www.jazzzeitung.de\/cms\/"},{"@type":"ListItem","position":2,"name":"Offen und kreativ \u2013 eine \u00bbfarbenreiche\u00ab weitere CD von Samo Salamon"}]},{"@type":"WebSite","@id":"https:\/\/www.jazzzeitung.de\/cms\/#website","url":"https:\/\/www.jazzzeitung.de\/cms\/","name":"JazzZeitung","description":"Jazz-News und Jazz-Kontroverses","publisher":{"@id":"https:\/\/www.jazzzeitung.de\/cms\/#organization"},"potentialAction":[{"@type":"SearchAction","target":{"@type":"EntryPoint","urlTemplate":"https:\/\/www.jazzzeitung.de\/cms\/?s={search_term_string}"},"query-input":{"@type":"PropertyValueSpecification","valueRequired":true,"valueName":"search_term_string"}}],"inLanguage":"de"},{"@type":"Organization","@id":"https:\/\/www.jazzzeitung.de\/cms\/#organization","name":"JazzZeitung online","url":"https:\/\/www.jazzzeitung.de\/cms\/","logo":{"@type":"ImageObject","inLanguage":"de","@id":"https:\/\/www.jazzzeitung.de\/cms\/#\/schema\/logo\/image\/","url":"https:\/\/i0.wp.com\/www.jazzzeitung.de\/cms\/wp-content\/uploads\/2015\/08\/JAZZZEITUNGDE_Logo_Neu.png?fit=499%2C200&ssl=1","contentUrl":"https:\/\/i0.wp.com\/www.jazzzeitung.de\/cms\/wp-content\/uploads\/2015\/08\/JAZZZEITUNGDE_Logo_Neu.png?fit=499%2C200&ssl=1","width":499,"height":200,"caption":"JazzZeitung online"},"image":{"@id":"https:\/\/www.jazzzeitung.de\/cms\/#\/schema\/logo\/image\/"},"sameAs":["https:\/\/www.facebook.com\/JazzZeitung\/"]},{"@type":"Person","@id":"https:\/\/www.jazzzeitung.de\/cms\/#\/schema\/person\/2245b36b9cd1d24cea10f01c031fb92b","name":"Redaktion JazzZeitung","image":{"@type":"ImageObject","inLanguage":"de","@id":"https:\/\/i0.wp.com\/www.jazzzeitung.de\/cms\/wp-content\/uploads\/2015\/08\/JAZZZEITUNGDE_Logo_Neu.png?resize=96%2C96&ssl=159975dcacb611b5700bd619b5daf0a7a","url":"https:\/\/i0.wp.com\/www.jazzzeitung.de\/cms\/wp-content\/uploads\/2015\/08\/JAZZZEITUNGDE_Logo_Neu.png?resize=96%2C96&ssl=1","contentUrl":"https:\/\/i0.wp.com\/www.jazzzeitung.de\/cms\/wp-content\/uploads\/2015\/08\/JAZZZEITUNGDE_Logo_Neu.png?resize=96%2C96&ssl=1","caption":"Redaktion JazzZeitung"},"description":"Artikel der Redaktion der JazzZeitung.","sameAs":["http:\/\/www.jazzzeitung.de\/cms\/"],"url":"https:\/\/www.jazzzeitung.de\/cms\/author\/redaktion\/"}]}},"wp-worthy-pixel":{"ignored":false,"public":null,"server":null,"url":null},"wp-worthy-type":"normal","jetpack_publicize_connections":[],"cc_featured_image_caption":{"caption_text":false,"source_text":false,"source_url":false},"jetpack_featured_media_url":"","jetpack_shortlink":"https:\/\/wp.me\/p3KEcT-3ef","jetpack-related-posts":[{"id":21990,"url":"https:\/\/www.jazzzeitung.de\/cms\/2020\/02\/samo-salamon-trio-als-beduerfnis-weck-anstalt\/","url_meta":{"origin":12415,"position":0},"title":"Samo \u0160alamon Trio als \u201eBed\u00fcrfnis-Weck-Anstalt\u201c","author":"Redaktion JazzZeitung","date":"21. Februar 2020","format":false,"excerpt":"Von Mathias B\u00e4umel. Zwei neue CDs, darauf ein- und dieselben drei Musiker, dieselben elf Kompositionen, aber verschieden instrumentiert: das ist das aktuelle Opus des Gitarristen und Komponisten Samo \u0160alamon aus Maribor in Slowenien. Der hatte schon seit vielen Jahren die Freunde des zeitgen\u00f6ssischen Jazz mit immer neuen und stets spannenden\u2026","rel":"","context":"In &quot;Rezension&quot;","block_context":{"text":"Rezension","link":"https:\/\/www.jazzzeitung.de\/cms\/thema\/rezension\/"},"img":{"alt_text":"","src":"https:\/\/i0.wp.com\/www.jazzzeitung.de\/cms\/wp-content\/uploads\/2020\/02\/salomon-scaled.jpg?fit=1200%2C801&ssl=1&resize=350%2C200","width":350,"height":200,"srcset":"https:\/\/i0.wp.com\/www.jazzzeitung.de\/cms\/wp-content\/uploads\/2020\/02\/salomon-scaled.jpg?fit=1200%2C801&ssl=1&resize=350%2C200 1x, https:\/\/i0.wp.com\/www.jazzzeitung.de\/cms\/wp-content\/uploads\/2020\/02\/salomon-scaled.jpg?fit=1200%2C801&ssl=1&resize=525%2C300 1.5x, https:\/\/i0.wp.com\/www.jazzzeitung.de\/cms\/wp-content\/uploads\/2020\/02\/salomon-scaled.jpg?fit=1200%2C801&ssl=1&resize=700%2C400 2x, https:\/\/i0.wp.com\/www.jazzzeitung.de\/cms\/wp-content\/uploads\/2020\/02\/salomon-scaled.jpg?fit=1200%2C801&ssl=1&resize=1050%2C600 3x"},"classes":[]},{"id":5386,"url":"https:\/\/www.jazzzeitung.de\/cms\/2015\/02\/klingender-episodenfilm-der-gitarrist-samo-salamon\/","url_meta":{"origin":12415,"position":1},"title":"Klingender Episodenfilm: der Gitarrist Samo Salamon","author":"Redaktion JazzZeitung","date":"3. Februar 2015","format":false,"excerpt":"Kennern ist er ein Begriff, und nicht erst seit heute. Schon 2008 schrieb der \u00bbGuitar Player\u00ab in seinem Juni-Heft, der 1978 geborene Samo Salamon sei \u00bbone of the hottest 10 new guitarists in the world\u00ab. Und Salamons 2003 erschienene, l\u00e4ngst vergriffene Album \u00bbOrnethology\u00ab wurde vom Penguin Jazz Guide aus dem\u2026","rel":"","context":"In &quot;Portrait&quot;","block_context":{"text":"Portrait","link":"https:\/\/www.jazzzeitung.de\/cms\/thema\/portrait\/"},"img":{"alt_text":"SamoSalamon_Bild2","src":"https:\/\/i0.wp.com\/www.jazzzeitung.de\/cms\/wp-content\/uploads\/2015\/02\/SamoSalamon_Bild2-150x150.jpg?resize=350%2C200","width":350,"height":200},"classes":[]},{"id":29124,"url":"https:\/\/www.jazzzeitung.de\/cms\/2023\/02\/rainbow-bubbles-zum-staunen\/","url_meta":{"origin":12415,"position":2},"title":"\u201eRainbow Bubbles\u201c zum Staunen","author":"Redaktion JazzZeitung","date":"15. Februar 2023","format":false,"excerpt":"Von Mathias B\u00e4umel Immer mal wieder kann man in CD-Begleittexten lesen, dass die Musik vollst\u00e4ndig ohne Overdubs, also live ohne irgendwelche \u201ek\u00fcnstlichen\u201d Zus\u00e4tze, in einem Rutsch eingespielt worden sei. Solche Hinweise sind verr\u00e4terisch. Tendenziell unterstellen sie, dass eine Musik ohne nachtr\u00e4glich im Studio hinzugef\u00fcgter Klangelemente authentischer und somit k\u00fcnstlerisch wertiger\u2026","rel":"","context":"In &quot;Rezension&quot;","block_context":{"text":"Rezension","link":"https:\/\/www.jazzzeitung.de\/cms\/thema\/rezension\/"},"img":{"alt_text":"","src":"https:\/\/i0.wp.com\/www.jazzzeitung.de\/cms\/wp-content\/uploads\/2023\/02\/Samo_Sirkis.jpeg?fit=1200%2C1200&ssl=1&resize=350%2C200","width":350,"height":200,"srcset":"https:\/\/i0.wp.com\/www.jazzzeitung.de\/cms\/wp-content\/uploads\/2023\/02\/Samo_Sirkis.jpeg?fit=1200%2C1200&ssl=1&resize=350%2C200 1x, https:\/\/i0.wp.com\/www.jazzzeitung.de\/cms\/wp-content\/uploads\/2023\/02\/Samo_Sirkis.jpeg?fit=1200%2C1200&ssl=1&resize=525%2C300 1.5x, https:\/\/i0.wp.com\/www.jazzzeitung.de\/cms\/wp-content\/uploads\/2023\/02\/Samo_Sirkis.jpeg?fit=1200%2C1200&ssl=1&resize=700%2C400 2x, https:\/\/i0.wp.com\/www.jazzzeitung.de\/cms\/wp-content\/uploads\/2023\/02\/Samo_Sirkis.jpeg?fit=1200%2C1200&ssl=1&resize=1050%2C600 3x"},"classes":[]},{"id":32468,"url":"https:\/\/www.jazzzeitung.de\/cms\/2025\/04\/dream-suites-cd-von-samo-salomon\/","url_meta":{"origin":12415,"position":3},"title":"Dream Suites &#8211; CD von Samo Salomon","author":"Ursula Gaisa","date":"22. April 2025","format":false,"excerpt":"(Von Mathias B\u00e4umel) Grunds\u00e4tzlich ist es ein schwieriges Unterfangen, knapp 30 Freejazz-Musikanten zusammenzuf\u00fchren (wenngleich nicht immer alle zugleich), um ein Bigband-Konzept mit dem des Freejazz zu verbinden. Welche er-improvisierten Melodien gehen auf welche Ideen anderer Mitmusiker zur\u00fcck? Besonders herausfordernd ist das Perkussionsspiel von Bob Moses, der sich inzwischen als Ra\u2026","rel":"","context":"In &quot;Rezension&quot;","block_context":{"text":"Rezension","link":"https:\/\/www.jazzzeitung.de\/cms\/thema\/rezension\/"},"img":{"alt_text":"","src":"https:\/\/i0.wp.com\/www.jazzzeitung.de\/cms\/wp-content\/uploads\/2025\/04\/dream-suites_cover.jpg?fit=1200%2C1077&ssl=1&resize=350%2C200","width":350,"height":200,"srcset":"https:\/\/i0.wp.com\/www.jazzzeitung.de\/cms\/wp-content\/uploads\/2025\/04\/dream-suites_cover.jpg?fit=1200%2C1077&ssl=1&resize=350%2C200 1x, https:\/\/i0.wp.com\/www.jazzzeitung.de\/cms\/wp-content\/uploads\/2025\/04\/dream-suites_cover.jpg?fit=1200%2C1077&ssl=1&resize=525%2C300 1.5x, https:\/\/i0.wp.com\/www.jazzzeitung.de\/cms\/wp-content\/uploads\/2025\/04\/dream-suites_cover.jpg?fit=1200%2C1077&ssl=1&resize=700%2C400 2x, https:\/\/i0.wp.com\/www.jazzzeitung.de\/cms\/wp-content\/uploads\/2025\/04\/dream-suites_cover.jpg?fit=1200%2C1077&ssl=1&resize=1050%2C600 3x"},"classes":[]},{"id":23839,"url":"https:\/\/www.jazzzeitung.de\/cms\/2020\/11\/neue-cd-samo-salamon-friends-mit-almost-alone-vol-1\/","url_meta":{"origin":12415,"position":4},"title":"36 brillante Gitarristen aus 35 L\u00e4ndern: Samo \u0160alamon &#038; Friends","author":"Redaktion JazzZeitung","date":"17. November 2020","format":false,"excerpt":"Von Mathias B\u00e4umel. Bereits vor sechs Jahren trat der slowenische Ausnahmegitarrist Samo \u0160alamon mit einem reinen Gitarren-Ensemble an die \u00d6ffentlichkeit (CD \u201eIves\u201c mit den Gitarristen Manu Codjia und Mikkel Ploug), nun hat er w\u00e4hrend der Corona-Zeit den ersten Teil eines fantastischen neuen Gitarrenprojekts vorgelegt: \u201eAlmost Alone, vol. 1\u201c. Das Projekt,\u2026","rel":"","context":"In &quot;Rezension&quot;","block_context":{"text":"Rezension","link":"https:\/\/www.jazzzeitung.de\/cms\/thema\/rezension\/"},"img":{"alt_text":"","src":"https:\/\/i0.wp.com\/www.jazzzeitung.de\/cms\/wp-content\/uploads\/2020\/11\/Samo-kitarski_CD1-naslovka.jpg?fit=1200%2C1076&ssl=1&resize=350%2C200","width":350,"height":200,"srcset":"https:\/\/i0.wp.com\/www.jazzzeitung.de\/cms\/wp-content\/uploads\/2020\/11\/Samo-kitarski_CD1-naslovka.jpg?fit=1200%2C1076&ssl=1&resize=350%2C200 1x, https:\/\/i0.wp.com\/www.jazzzeitung.de\/cms\/wp-content\/uploads\/2020\/11\/Samo-kitarski_CD1-naslovka.jpg?fit=1200%2C1076&ssl=1&resize=525%2C300 1.5x, https:\/\/i0.wp.com\/www.jazzzeitung.de\/cms\/wp-content\/uploads\/2020\/11\/Samo-kitarski_CD1-naslovka.jpg?fit=1200%2C1076&ssl=1&resize=700%2C400 2x, https:\/\/i0.wp.com\/www.jazzzeitung.de\/cms\/wp-content\/uploads\/2020\/11\/Samo-kitarski_CD1-naslovka.jpg?fit=1200%2C1076&ssl=1&resize=1050%2C600 3x"},"classes":[]},{"id":24171,"url":"https:\/\/www.jazzzeitung.de\/cms\/2021\/01\/der-mit-den-voegeln-spielt\/","url_meta":{"origin":12415,"position":5},"title":"Der mit den V\u00f6geln spielt \u00a0\u00a0\u00a0\u00a0","author":"Michael Scheiner","date":"15. Januar 2021","format":false,"excerpt":"Die Nachtigall als Jazzstar? Frei improvisierender Klangk\u00fcnstler? Melodi\u00f6ser Interpret? Ganz so surreal abgehoben ist es nicht, wenn der amerikanische Jazzklarinettist und Philosoph David Rothenberg in seinem Buch von Berlin als \u201eStadt der Nachtigallen\u201c erz\u00e4hlt. Selbiges diente nun als Grundlage f\u00fcr eine H\u00f6r-CD gleichen Titels. Auf dieser sind \u2013 nat\u00fcrlich \u2013\u2026","rel":"","context":"In &quot;Rezension&quot;","block_context":{"text":"Rezension","link":"https:\/\/www.jazzzeitung.de\/cms\/thema\/rezension\/"},"img":{"alt_text":"","src":"https:\/\/i0.wp.com\/www.jazzzeitung.de\/cms\/wp-content\/uploads\/2021\/01\/rothenberg-nachtigall.jpeg?fit=1095%2C960&ssl=1&resize=350%2C200","width":350,"height":200,"srcset":"https:\/\/i0.wp.com\/www.jazzzeitung.de\/cms\/wp-content\/uploads\/2021\/01\/rothenberg-nachtigall.jpeg?fit=1095%2C960&ssl=1&resize=350%2C200 1x, https:\/\/i0.wp.com\/www.jazzzeitung.de\/cms\/wp-content\/uploads\/2021\/01\/rothenberg-nachtigall.jpeg?fit=1095%2C960&ssl=1&resize=525%2C300 1.5x, https:\/\/i0.wp.com\/www.jazzzeitung.de\/cms\/wp-content\/uploads\/2021\/01\/rothenberg-nachtigall.jpeg?fit=1095%2C960&ssl=1&resize=700%2C400 2x, https:\/\/i0.wp.com\/www.jazzzeitung.de\/cms\/wp-content\/uploads\/2021\/01\/rothenberg-nachtigall.jpeg?fit=1095%2C960&ssl=1&resize=1050%2C600 3x"},"classes":[]}],"jetpack_sharing_enabled":true,"_links":{"self":[{"href":"https:\/\/www.jazzzeitung.de\/cms\/wp-json\/wp\/v2\/posts\/12415","targetHints":{"allow":["GET"]}}],"collection":[{"href":"https:\/\/www.jazzzeitung.de\/cms\/wp-json\/wp\/v2\/posts"}],"about":[{"href":"https:\/\/www.jazzzeitung.de\/cms\/wp-json\/wp\/v2\/types\/post"}],"author":[{"embeddable":true,"href":"https:\/\/www.jazzzeitung.de\/cms\/wp-json\/wp\/v2\/users\/18"}],"replies":[{"embeddable":true,"href":"https:\/\/www.jazzzeitung.de\/cms\/wp-json\/wp\/v2\/comments?post=12415"}],"version-history":[{"count":5,"href":"https:\/\/www.jazzzeitung.de\/cms\/wp-json\/wp\/v2\/posts\/12415\/revisions"}],"predecessor-version":[{"id":12471,"href":"https:\/\/www.jazzzeitung.de\/cms\/wp-json\/wp\/v2\/posts\/12415\/revisions\/12471"}],"wp:attachment":[{"href":"https:\/\/www.jazzzeitung.de\/cms\/wp-json\/wp\/v2\/media?parent=12415"}],"wp:term":[{"taxonomy":"category","embeddable":true,"href":"https:\/\/www.jazzzeitung.de\/cms\/wp-json\/wp\/v2\/categories?post=12415"},{"taxonomy":"post_tag","embeddable":true,"href":"https:\/\/www.jazzzeitung.de\/cms\/wp-json\/wp\/v2\/tags?post=12415"},{"taxonomy":"author","embeddable":true,"href":"https:\/\/www.jazzzeitung.de\/cms\/wp-json\/wp\/v2\/coauthors?post=12415"}],"curies":[{"name":"wp","href":"https:\/\/api.w.org\/{rel}","templated":true}]}}