{"id":12348,"date":"2017-05-13T10:54:04","date_gmt":"2017-05-13T08:54:04","guid":{"rendered":"http:\/\/www.jazzzeitung.de\/cms\/?p=12348"},"modified":"2017-05-15T10:39:36","modified_gmt":"2017-05-15T08:39:36","slug":"wolfgang-schlueter-erhaelt-den-hamburger-jazzpreis-2017","status":"publish","type":"post","link":"https:\/\/www.jazzzeitung.de\/cms\/2017\/05\/wolfgang-schlueter-erhaelt-den-hamburger-jazzpreis-2017\/","title":{"rendered":"+++ Wolfgang Schl\u00fcter erh\u00e4lt den Hamburger Jazzpreis 2017 +++"},"content":{"rendered":"<p><strong>Seit 2007 werden alle zwei Jahre Musikerinnen und Musiker mit dem Hamburger Jazzpreis ausgezeichnet, die einen besonders qualifizierten k\u00fcnstlerischen Beitrag zur Jazzmusik leisten, die ihren Arbeits- und Lebensmittelpunkt in Hamburg haben und sich f\u00fcr die Belange des Jazz in der Stadt einsetzen. Der mit 10,000 Euro dotierte Preis wurde von der Dr. E.A. Langner Stiftung ins Leben gerufen. 2011 wurde die Tr\u00e4gerschaft an die ELBJAZZ GmbH \u00fcbertragen. Mit diesem Jahr hat das Jazzb\u00fcro Hamburg die Ausrichtung des Preises \u00fcbernommen, ELBJAZZ bleibt Gastgeber der Preisverleihung.<\/strong><\/p>\n<p>Eine Fachjury hat zun\u00e4chst Kandidaten nominiert und in einer Sitzung Ende April den Vibraphonisten Wolfgang Schl\u00fcter zum diesj\u00e4hrigen Preistr\u00e4ger ernannt. Der diesj\u00e4hrigen Jury geh\u00f6rten an: Gabriel Coburger (Musiker und Preistr\u00e4ger des Hamburger Jazzpreises), Nina Sauer (Elbjazz), Michael Langkamp (Musiker und Koordinator des Jazzstudiengangs an der HfMT), M\u00fccke Quinckhardt (Jazzb\u00fcro Hamburg), Stefan Gerdes (NDR Jazzredaktion), Dr. Reiner Br\u00fcggestrat (Vorstandssprecher der Hamburger Volksbank).<\/p>\n<p>Die Begr\u00fcndung der Jury:<\/p>\n<figure id=\"attachment_12353\" aria-describedby=\"caption-attachment-12353\" style=\"width: 300px\" class=\"wp-caption alignleft\"><img data-recalc-dims=\"1\" loading=\"lazy\" decoding=\"async\" data-attachment-id=\"12353\" data-permalink=\"https:\/\/www.jazzzeitung.de\/cms\/2017\/05\/wolfgang-schlueter-erhaelt-den-hamburger-jazzpreis-2017\/wolfgang_schlueter_bild_manfred_kratzatskip-records1\/\" data-orig-file=\"https:\/\/i0.wp.com\/www.jazzzeitung.de\/cms\/wp-content\/uploads\/2017\/05\/WOLFGANG_SCHL%C3%9CTER_BILD_MANFRED_KRATZAT%C2%A9skip-records1.jpg?fit=2864%2C2812&amp;ssl=1\" data-orig-size=\"2864,2812\" data-comments-opened=\"1\" data-image-meta=\"{&quot;aperture&quot;:&quot;5.6&quot;,&quot;credit&quot;:&quot;Picasa&quot;,&quot;camera&quot;:&quot;NIKON D90&quot;,&quot;caption&quot;:&quot;&quot;,&quot;created_timestamp&quot;:&quot;1489597783&quot;,&quot;copyright&quot;:&quot;&quot;,&quot;focal_length&quot;:&quot;125&quot;,&quot;iso&quot;:&quot;200&quot;,&quot;shutter_speed&quot;:&quot;0.004&quot;,&quot;title&quot;:&quot;&quot;,&quot;orientation&quot;:&quot;1&quot;}\" data-image-title=\"\" data-image-description=\"\" data-image-caption=\"&lt;p&gt;Wolfgang Schl\u00fcter, Foto: Manfred Kratzat&lt;\/p&gt;\n\" data-large-file=\"https:\/\/i0.wp.com\/www.jazzzeitung.de\/cms\/wp-content\/uploads\/2017\/05\/WOLFGANG_SCHL%C3%9CTER_BILD_MANFRED_KRATZAT%C2%A9skip-records1.jpg?fit=611%2C600&amp;ssl=1\" class=\"size-medium wp-image-12353\" src=\"https:\/\/i0.wp.com\/www.jazzzeitung.de\/cms\/wp-content\/uploads\/2017\/05\/WOLFGANG_SCHL%C3%9CTER_BILD_MANFRED_KRATZAT%C2%A9skip-records1-300x295.jpg?resize=300%2C295\" alt=\"\" width=\"300\" height=\"295\" srcset=\"https:\/\/i0.wp.com\/www.jazzzeitung.de\/cms\/wp-content\/uploads\/2017\/05\/WOLFGANG_SCHL%C3%9CTER_BILD_MANFRED_KRATZAT%C2%A9skip-records1.jpg?resize=300%2C295&amp;ssl=1 300w, https:\/\/i0.wp.com\/www.jazzzeitung.de\/cms\/wp-content\/uploads\/2017\/05\/WOLFGANG_SCHL%C3%9CTER_BILD_MANFRED_KRATZAT%C2%A9skip-records1.jpg?resize=768%2C754&amp;ssl=1 768w, https:\/\/i0.wp.com\/www.jazzzeitung.de\/cms\/wp-content\/uploads\/2017\/05\/WOLFGANG_SCHL%C3%9CTER_BILD_MANFRED_KRATZAT%C2%A9skip-records1.jpg?resize=611%2C600&amp;ssl=1 611w, https:\/\/i0.wp.com\/www.jazzzeitung.de\/cms\/wp-content\/uploads\/2017\/05\/WOLFGANG_SCHL%C3%9CTER_BILD_MANFRED_KRATZAT%C2%A9skip-records1.jpg?resize=24%2C24&amp;ssl=1 24w, https:\/\/i0.wp.com\/www.jazzzeitung.de\/cms\/wp-content\/uploads\/2017\/05\/WOLFGANG_SCHL%C3%9CTER_BILD_MANFRED_KRATZAT%C2%A9skip-records1.jpg?resize=36%2C36&amp;ssl=1 36w, https:\/\/i0.wp.com\/www.jazzzeitung.de\/cms\/wp-content\/uploads\/2017\/05\/WOLFGANG_SCHL%C3%9CTER_BILD_MANFRED_KRATZAT%C2%A9skip-records1.jpg?resize=48%2C48&amp;ssl=1 48w, https:\/\/i0.wp.com\/www.jazzzeitung.de\/cms\/wp-content\/uploads\/2017\/05\/WOLFGANG_SCHL%C3%9CTER_BILD_MANFRED_KRATZAT%C2%A9skip-records1.jpg?resize=64%2C64&amp;ssl=1 64w, https:\/\/i0.wp.com\/www.jazzzeitung.de\/cms\/wp-content\/uploads\/2017\/05\/WOLFGANG_SCHL%C3%9CTER_BILD_MANFRED_KRATZAT%C2%A9skip-records1.jpg?resize=32%2C32&amp;ssl=1 32w, https:\/\/i0.wp.com\/www.jazzzeitung.de\/cms\/wp-content\/uploads\/2017\/05\/WOLFGANG_SCHL%C3%9CTER_BILD_MANFRED_KRATZAT%C2%A9skip-records1.jpg?resize=50%2C50&amp;ssl=1 50w, https:\/\/i0.wp.com\/www.jazzzeitung.de\/cms\/wp-content\/uploads\/2017\/05\/WOLFGANG_SCHL%C3%9CTER_BILD_MANFRED_KRATZAT%C2%A9skip-records1.jpg?w=1680&amp;ssl=1 1680w, https:\/\/i0.wp.com\/www.jazzzeitung.de\/cms\/wp-content\/uploads\/2017\/05\/WOLFGANG_SCHL%C3%9CTER_BILD_MANFRED_KRATZAT%C2%A9skip-records1.jpg?w=2520&amp;ssl=1 2520w\" sizes=\"auto, (max-width: 300px) 100vw, 300px\" \/><figcaption id=\"caption-attachment-12353\" class=\"wp-caption-text\">Wolfgang Schl\u00fcter, Foto: Manfred Kratzat<\/figcaption><\/figure>\n<p><strong>Wolfgang Schl\u00fcter<\/strong> ist einer der bedeutendsten Jazzmusiker, die es je in Hamburg gegeben hat &#8211; ein grandioser Solist von internationalem Format.<\/p>\n<p>Er hat viele Jazzepochen miterlebt und sie mit seinem unverwechselbaren Spiel gepr\u00e4gt: vom Swing der Nachkriegszeit \u00fcber den Bebop und den &#8222;coolen&#8220; Jazz der 50er-Jahre bis zu freieren Experimenten. Dabei hat er in allen erdenklichen Besetzungen gespielt: vom Duo \u00fcber das Quartett bis zum Jazzorchester. 30 Jahre war Wolfgang Schl\u00fcter Mitglieder der NDR Bigband und hat ihren weltweiten Ruf als Solistenorchester mitbegr\u00fcndet. Daneben spielt er mit vielen Jazzgr\u00f6\u00dfen wie Kurt Edelhagen und Peter Herbolzheimer, vor allem aber fast ein halbes Jahrhundert lang mit dem Pianisten und sp\u00e4teren Redakteur Michael Naura.<\/p>\n<p>An der Hamburger Hochschule f\u00fcr Musik und Theater hat Wolfgang Schl\u00fcter am Aufbau der Jazzabteilung mitgewirkt, hat sein K\u00f6nnen und Wissen an Generationen von Studenten weitergegeben und junge Talente wie Kai Bussenius, Boris Netsvetaev und Philipp Steen gef\u00f6rdert, mit denen er seit vielen Jahren im Quartett spielt.<\/p>\n<p>Sein <strong>aktuelles Album &#8222;Breathing As One&#8220;<\/strong> im Duo mit dem Pianisten Boris Netsvetaev (skip records, 2016) zeigt, dass Wolfgang Schl\u00fcter auch in hohem Alter nichts von seinem K\u00f6nnen eingeb\u00fc\u00dft hat. Im Gegenteil: seine Kunst ist zeitlos, seine Improvisationen besitzen eine emotionale Tiefe, eine mitrei\u00dfende Virtuosit\u00e4t und einen authentischen, organischen Swing, den weltweit nur wenige Instrumentalisten beherrschen.<\/p>\n<p>Die Jury ist der Meinung, dass Wolfgang Schl\u00fcter von der Stadt Hamburg, in der er so lange gewirkt hat und in der er bis heute Akzente setzt, f\u00fcr seinen einzigartigen Beitrag zum Jazz ausgezeichnet werden soll.<\/p>\n<p>Die <strong>Verleihung des Hamburger Jazzpreises 2017<\/strong> findet im Rahmen des Elbjazz Festivals am <strong>Samstag, den 3. Juni 2017 von 16.30-18.00 Uhr in der Maschinenhalle 2 bei Blohm &amp; Voss<\/strong> statt. Besucher des Elbjazz Festivals sind herzlich willkommen.<\/p>\n<p><span style=\"border-radius: 2px; text-indent: 20px; width: auto; padding: 0px 4px 0px 0px; text-align: center; font: bold 11px\/20px 'Helvetica Neue',Helvetica,sans-serif; color: #ffffff; background: #bd081c  no-repeat scroll 3px 50% \/ 14px 14px; position: absolute; opacity: 1; z-index: 8675309; display: none; cursor: pointer; top: 276px; left: 555px;\">Merken<\/span><\/p>\n","protected":false},"excerpt":{"rendered":"<p>Seit 2007 werden alle zwei Jahre Musikerinnen und Musiker mit dem Hamburger Jazzpreis ausgezeichnet, die einen besonders qualifizierten k\u00fcnstlerischen Beitrag zur Jazzmusik leisten, die ihren Arbeits- und Lebensmittelpunkt in Hamburg haben und sich f\u00fcr die Belange des Jazz in der Stadt einsetzen. Der mit 10,000 Euro dotierte Preis wurde von der Dr. E.A. Langner Stiftung ins Leben gerufen. 2011 wurde die Tr\u00e4gerschaft an die ELBJAZZ GmbH \u00fcbertragen. Mit diesem Jahr hat das Jazzb\u00fcro Hamburg die Ausrichtung des Preises \u00fcbernommen, ELBJAZZ bleibt Gastgeber der Preisverleihung. Eine Fachjury hat zun\u00e4chst Kandidaten nominiert und in einer Sitzung Ende April den Vibraphonisten Wolfgang Schl\u00fcter zum diesj\u00e4hrigen Preistr\u00e4ger ernannt. Der diesj\u00e4hrigen Jury geh\u00f6rten an: Gabriel Coburger (Musiker und Preistr\u00e4ger des Hamburger Jazzpreises), Nina Sauer (Elbjazz), Michael Langkamp (Musiker und Koordinator des Jazzstudiengangs an der HfMT), M\u00fccke Quinckhardt (Jazzb\u00fcro Hamburg), Stefan Gerdes (NDR Jazzredaktion), Dr. Reiner Br\u00fcggestrat (Vorstandssprecher der Hamburger Volksbank). Die Begr\u00fcndung der Jury: Wolfgang Schl\u00fcter ist einer der bedeutendsten Jazzmusiker, die es je in Hamburg gegeben hat &#8211; ein grandioser Solist von internationalem Format. Er hat viele Jazzepochen miterlebt und sie mit seinem unverwechselbaren Spiel gepr\u00e4gt: vom Swing der &hellip;<\/p>\n","protected":false},"author":18,"featured_media":0,"comment_status":"open","ping_status":"closed","sticky":false,"template":"","format":"standard","meta":{"_jetpack_memberships_contains_paid_content":false,"footnotes":"","jetpack_publicize_message":"","jetpack_publicize_feature_enabled":true,"jetpack_social_post_already_shared":false,"jetpack_social_options":{"image_generator_settings":{"template":"highway","default_image_id":0,"font":"","enabled":false},"version":2}},"categories":[1053],"tags":[34,73,1406,682,215,226,267,281,282,1423,794,407,410,438,1502,1170,450,535],"coauthors":[695],"class_list":["post-12348","post","type-post","status-publish","format-standard","hentry","category-bericht","tag-album","tag-bigband","tag-duo","tag-festivals","tag-hamburg","tag-hochschule-fuer-musik-und-theater","tag-jazzabteilung","tag-jazzmusiker","tag-jazzorchester","tag-jazzpreis","tag-kurt-edelhagen","tag-nachkriegszeit","tag-ndr","tag-peter-herbolzheimer","tag-preis","tag-preistraeger","tag-preisverleihung","tag-swing"],"yoast_head":"<!-- This site is optimized with the Yoast SEO plugin v27.5 - https:\/\/yoast.com\/product\/yoast-seo-wordpress\/ -->\n<title>+++ Wolfgang Schl\u00fcter erh\u00e4lt den Hamburger Jazzpreis 2017 +++ - JazzZeitung<\/title>\n<meta name=\"robots\" content=\"index, follow, max-snippet:-1, max-image-preview:large, max-video-preview:-1\" \/>\n<link rel=\"canonical\" href=\"https:\/\/www.jazzzeitung.de\/cms\/2017\/05\/wolfgang-schlueter-erhaelt-den-hamburger-jazzpreis-2017\/\" \/>\n<meta property=\"og:locale\" content=\"de_DE\" \/>\n<meta property=\"og:type\" content=\"article\" \/>\n<meta property=\"og:title\" content=\"+++ Wolfgang Schl\u00fcter erh\u00e4lt den Hamburger Jazzpreis 2017 +++ - JazzZeitung\" \/>\n<meta property=\"og:description\" content=\"Seit 2007 werden alle zwei Jahre Musikerinnen und Musiker mit dem Hamburger Jazzpreis ausgezeichnet, die einen besonders qualifizierten k\u00fcnstlerischen Beitrag zur Jazzmusik leisten, die ihren Arbeits- und Lebensmittelpunkt in Hamburg haben und sich f\u00fcr die Belange des Jazz in der Stadt einsetzen. Der mit 10,000 Euro dotierte Preis wurde von der Dr. E.A. Langner Stiftung ins Leben gerufen. 2011 wurde die Tr\u00e4gerschaft an die ELBJAZZ GmbH \u00fcbertragen. Mit diesem Jahr hat das Jazzb\u00fcro Hamburg die Ausrichtung des Preises \u00fcbernommen, ELBJAZZ bleibt Gastgeber der Preisverleihung. Eine Fachjury hat zun\u00e4chst Kandidaten nominiert und in einer Sitzung Ende April den Vibraphonisten Wolfgang Schl\u00fcter zum diesj\u00e4hrigen Preistr\u00e4ger ernannt. Der diesj\u00e4hrigen Jury geh\u00f6rten an: Gabriel Coburger (Musiker und Preistr\u00e4ger des Hamburger Jazzpreises), Nina Sauer (Elbjazz), Michael Langkamp (Musiker und Koordinator des Jazzstudiengangs an der HfMT), M\u00fccke Quinckhardt (Jazzb\u00fcro Hamburg), Stefan Gerdes (NDR Jazzredaktion), Dr. Reiner Br\u00fcggestrat (Vorstandssprecher der Hamburger Volksbank). Die Begr\u00fcndung der Jury: Wolfgang Schl\u00fcter ist einer der bedeutendsten Jazzmusiker, die es je in Hamburg gegeben hat &#8211; ein grandioser Solist von internationalem Format. Er hat viele Jazzepochen miterlebt und sie mit seinem unverwechselbaren Spiel gepr\u00e4gt: vom Swing der &hellip;\" \/>\n<meta property=\"og:url\" content=\"https:\/\/www.jazzzeitung.de\/cms\/2017\/05\/wolfgang-schlueter-erhaelt-den-hamburger-jazzpreis-2017\/\" \/>\n<meta property=\"og:site_name\" content=\"JazzZeitung\" \/>\n<meta property=\"article:publisher\" content=\"https:\/\/www.facebook.com\/JazzZeitung\/\" \/>\n<meta property=\"article:published_time\" content=\"2017-05-13T08:54:04+00:00\" \/>\n<meta property=\"article:modified_time\" content=\"2017-05-15T08:39:36+00:00\" \/>\n<meta property=\"og:image\" content=\"https:\/\/i0.wp.com\/www.jazzzeitung.de\/cms\/wp-content\/uploads\/2012\/01\/ipad-logo-200.png?fit=200%2C200&ssl=1\" \/>\n\t<meta property=\"og:image:width\" content=\"200\" \/>\n\t<meta property=\"og:image:height\" content=\"200\" \/>\n\t<meta property=\"og:image:type\" content=\"image\/png\" \/>\n<meta name=\"author\" content=\"Redaktion JazzZeitung\" \/>\n<script type=\"application\/ld+json\" class=\"yoast-schema-graph\">{\"@context\":\"https:\\\/\\\/schema.org\",\"@graph\":[{\"@type\":\"Article\",\"@id\":\"https:\\\/\\\/www.jazzzeitung.de\\\/cms\\\/2017\\\/05\\\/wolfgang-schlueter-erhaelt-den-hamburger-jazzpreis-2017\\\/#article\",\"isPartOf\":{\"@id\":\"https:\\\/\\\/www.jazzzeitung.de\\\/cms\\\/2017\\\/05\\\/wolfgang-schlueter-erhaelt-den-hamburger-jazzpreis-2017\\\/\"},\"author\":{\"name\":\"Redaktion JazzZeitung\",\"@id\":\"https:\\\/\\\/www.jazzzeitung.de\\\/cms\\\/#\\\/schema\\\/person\\\/2245b36b9cd1d24cea10f01c031fb92b\"},\"headline\":\"+++ Wolfgang Schl\u00fcter erh\u00e4lt den Hamburger Jazzpreis 2017 +++\",\"datePublished\":\"2017-05-13T08:54:04+00:00\",\"dateModified\":\"2017-05-15T08:39:36+00:00\",\"mainEntityOfPage\":{\"@id\":\"https:\\\/\\\/www.jazzzeitung.de\\\/cms\\\/2017\\\/05\\\/wolfgang-schlueter-erhaelt-den-hamburger-jazzpreis-2017\\\/\"},\"wordCount\":482,\"commentCount\":0,\"publisher\":{\"@id\":\"https:\\\/\\\/www.jazzzeitung.de\\\/cms\\\/#organization\"},\"keywords\":[\"Album\",\"Bigband\",\"duo\",\"Festivals\",\"Hamburg\",\"Hochschule f\u00fcr Musik und Theater\",\"Jazzabteilung\",\"Jazzmusiker\",\"Jazzorchester\",\"Jazzpreis\",\"Kurt Edelhagen\",\"Nachkriegszeit\",\"NDR\",\"Peter Herbolzheimer\",\"Preis\",\"Preistr\u00e4ger\",\"Preisverleihung\",\"Swing\"],\"articleSection\":[\"Bericht\"],\"inLanguage\":\"de\",\"potentialAction\":[{\"@type\":\"CommentAction\",\"name\":\"Comment\",\"target\":[\"https:\\\/\\\/www.jazzzeitung.de\\\/cms\\\/2017\\\/05\\\/wolfgang-schlueter-erhaelt-den-hamburger-jazzpreis-2017\\\/#respond\"]}]},{\"@type\":\"WebPage\",\"@id\":\"https:\\\/\\\/www.jazzzeitung.de\\\/cms\\\/2017\\\/05\\\/wolfgang-schlueter-erhaelt-den-hamburger-jazzpreis-2017\\\/\",\"url\":\"https:\\\/\\\/www.jazzzeitung.de\\\/cms\\\/2017\\\/05\\\/wolfgang-schlueter-erhaelt-den-hamburger-jazzpreis-2017\\\/\",\"name\":\"+++ Wolfgang Schl\u00fcter erh\u00e4lt den Hamburger Jazzpreis 2017 +++ - JazzZeitung\",\"isPartOf\":{\"@id\":\"https:\\\/\\\/www.jazzzeitung.de\\\/cms\\\/#website\"},\"datePublished\":\"2017-05-13T08:54:04+00:00\",\"dateModified\":\"2017-05-15T08:39:36+00:00\",\"breadcrumb\":{\"@id\":\"https:\\\/\\\/www.jazzzeitung.de\\\/cms\\\/2017\\\/05\\\/wolfgang-schlueter-erhaelt-den-hamburger-jazzpreis-2017\\\/#breadcrumb\"},\"inLanguage\":\"de\",\"potentialAction\":[{\"@type\":\"ReadAction\",\"target\":[\"https:\\\/\\\/www.jazzzeitung.de\\\/cms\\\/2017\\\/05\\\/wolfgang-schlueter-erhaelt-den-hamburger-jazzpreis-2017\\\/\"]}]},{\"@type\":\"BreadcrumbList\",\"@id\":\"https:\\\/\\\/www.jazzzeitung.de\\\/cms\\\/2017\\\/05\\\/wolfgang-schlueter-erhaelt-den-hamburger-jazzpreis-2017\\\/#breadcrumb\",\"itemListElement\":[{\"@type\":\"ListItem\",\"position\":1,\"name\":\"Startseite\",\"item\":\"https:\\\/\\\/www.jazzzeitung.de\\\/cms\\\/\"},{\"@type\":\"ListItem\",\"position\":2,\"name\":\"+++ Wolfgang Schl\u00fcter erh\u00e4lt den Hamburger Jazzpreis 2017 +++\"}]},{\"@type\":\"WebSite\",\"@id\":\"https:\\\/\\\/www.jazzzeitung.de\\\/cms\\\/#website\",\"url\":\"https:\\\/\\\/www.jazzzeitung.de\\\/cms\\\/\",\"name\":\"JazzZeitung\",\"description\":\"Jazz-News und Jazz-Kontroverses\",\"publisher\":{\"@id\":\"https:\\\/\\\/www.jazzzeitung.de\\\/cms\\\/#organization\"},\"potentialAction\":[{\"@type\":\"SearchAction\",\"target\":{\"@type\":\"EntryPoint\",\"urlTemplate\":\"https:\\\/\\\/www.jazzzeitung.de\\\/cms\\\/?s={search_term_string}\"},\"query-input\":{\"@type\":\"PropertyValueSpecification\",\"valueRequired\":true,\"valueName\":\"search_term_string\"}}],\"inLanguage\":\"de\"},{\"@type\":\"Organization\",\"@id\":\"https:\\\/\\\/www.jazzzeitung.de\\\/cms\\\/#organization\",\"name\":\"JazzZeitung online\",\"url\":\"https:\\\/\\\/www.jazzzeitung.de\\\/cms\\\/\",\"logo\":{\"@type\":\"ImageObject\",\"inLanguage\":\"de\",\"@id\":\"https:\\\/\\\/www.jazzzeitung.de\\\/cms\\\/#\\\/schema\\\/logo\\\/image\\\/\",\"url\":\"https:\\\/\\\/i0.wp.com\\\/www.jazzzeitung.de\\\/cms\\\/wp-content\\\/uploads\\\/2015\\\/08\\\/JAZZZEITUNGDE_Logo_Neu.png?fit=499%2C200&ssl=1\",\"contentUrl\":\"https:\\\/\\\/i0.wp.com\\\/www.jazzzeitung.de\\\/cms\\\/wp-content\\\/uploads\\\/2015\\\/08\\\/JAZZZEITUNGDE_Logo_Neu.png?fit=499%2C200&ssl=1\",\"width\":499,\"height\":200,\"caption\":\"JazzZeitung online\"},\"image\":{\"@id\":\"https:\\\/\\\/www.jazzzeitung.de\\\/cms\\\/#\\\/schema\\\/logo\\\/image\\\/\"},\"sameAs\":[\"https:\\\/\\\/www.facebook.com\\\/JazzZeitung\\\/\"]},{\"@type\":\"Person\",\"@id\":\"https:\\\/\\\/www.jazzzeitung.de\\\/cms\\\/#\\\/schema\\\/person\\\/2245b36b9cd1d24cea10f01c031fb92b\",\"name\":\"Redaktion JazzZeitung\",\"image\":{\"@type\":\"ImageObject\",\"inLanguage\":\"de\",\"@id\":\"https:\\\/\\\/i0.wp.com\\\/www.jazzzeitung.de\\\/cms\\\/wp-content\\\/uploads\\\/2015\\\/08\\\/JAZZZEITUNGDE_Logo_Neu.png?resize=96%2C96&ssl=159975dcacb611b5700bd619b5daf0a7a\",\"url\":\"https:\\\/\\\/i0.wp.com\\\/www.jazzzeitung.de\\\/cms\\\/wp-content\\\/uploads\\\/2015\\\/08\\\/JAZZZEITUNGDE_Logo_Neu.png?resize=96%2C96&ssl=1\",\"contentUrl\":\"https:\\\/\\\/i0.wp.com\\\/www.jazzzeitung.de\\\/cms\\\/wp-content\\\/uploads\\\/2015\\\/08\\\/JAZZZEITUNGDE_Logo_Neu.png?resize=96%2C96&ssl=1\",\"caption\":\"Redaktion JazzZeitung\"},\"description\":\"Artikel der Redaktion der JazzZeitung.\",\"sameAs\":[\"http:\\\/\\\/www.jazzzeitung.de\\\/cms\\\/\"],\"url\":\"https:\\\/\\\/www.jazzzeitung.de\\\/cms\\\/author\\\/redaktion\\\/\"}]}<\/script>\n<!-- \/ Yoast SEO plugin. -->","yoast_head_json":{"title":"+++ Wolfgang Schl\u00fcter erh\u00e4lt den Hamburger Jazzpreis 2017 +++ - JazzZeitung","robots":{"index":"index","follow":"follow","max-snippet":"max-snippet:-1","max-image-preview":"max-image-preview:large","max-video-preview":"max-video-preview:-1"},"canonical":"https:\/\/www.jazzzeitung.de\/cms\/2017\/05\/wolfgang-schlueter-erhaelt-den-hamburger-jazzpreis-2017\/","og_locale":"de_DE","og_type":"article","og_title":"+++ Wolfgang Schl\u00fcter erh\u00e4lt den Hamburger Jazzpreis 2017 +++ - JazzZeitung","og_description":"Seit 2007 werden alle zwei Jahre Musikerinnen und Musiker mit dem Hamburger Jazzpreis ausgezeichnet, die einen besonders qualifizierten k\u00fcnstlerischen Beitrag zur Jazzmusik leisten, die ihren Arbeits- und Lebensmittelpunkt in Hamburg haben und sich f\u00fcr die Belange des Jazz in der Stadt einsetzen. Der mit 10,000 Euro dotierte Preis wurde von der Dr. E.A. Langner Stiftung ins Leben gerufen. 2011 wurde die Tr\u00e4gerschaft an die ELBJAZZ GmbH \u00fcbertragen. Mit diesem Jahr hat das Jazzb\u00fcro Hamburg die Ausrichtung des Preises \u00fcbernommen, ELBJAZZ bleibt Gastgeber der Preisverleihung. Eine Fachjury hat zun\u00e4chst Kandidaten nominiert und in einer Sitzung Ende April den Vibraphonisten Wolfgang Schl\u00fcter zum diesj\u00e4hrigen Preistr\u00e4ger ernannt. Der diesj\u00e4hrigen Jury geh\u00f6rten an: Gabriel Coburger (Musiker und Preistr\u00e4ger des Hamburger Jazzpreises), Nina Sauer (Elbjazz), Michael Langkamp (Musiker und Koordinator des Jazzstudiengangs an der HfMT), M\u00fccke Quinckhardt (Jazzb\u00fcro Hamburg), Stefan Gerdes (NDR Jazzredaktion), Dr. Reiner Br\u00fcggestrat (Vorstandssprecher der Hamburger Volksbank). Die Begr\u00fcndung der Jury: Wolfgang Schl\u00fcter ist einer der bedeutendsten Jazzmusiker, die es je in Hamburg gegeben hat &#8211; ein grandioser Solist von internationalem Format. Er hat viele Jazzepochen miterlebt und sie mit seinem unverwechselbaren Spiel gepr\u00e4gt: vom Swing der &hellip;","og_url":"https:\/\/www.jazzzeitung.de\/cms\/2017\/05\/wolfgang-schlueter-erhaelt-den-hamburger-jazzpreis-2017\/","og_site_name":"JazzZeitung","article_publisher":"https:\/\/www.facebook.com\/JazzZeitung\/","article_published_time":"2017-05-13T08:54:04+00:00","article_modified_time":"2017-05-15T08:39:36+00:00","og_image":[{"width":200,"height":200,"url":"https:\/\/i0.wp.com\/www.jazzzeitung.de\/cms\/wp-content\/uploads\/2012\/01\/ipad-logo-200.png?fit=200%2C200&ssl=1","type":"image\/png"}],"author":"Redaktion JazzZeitung","schema":{"@context":"https:\/\/schema.org","@graph":[{"@type":"Article","@id":"https:\/\/www.jazzzeitung.de\/cms\/2017\/05\/wolfgang-schlueter-erhaelt-den-hamburger-jazzpreis-2017\/#article","isPartOf":{"@id":"https:\/\/www.jazzzeitung.de\/cms\/2017\/05\/wolfgang-schlueter-erhaelt-den-hamburger-jazzpreis-2017\/"},"author":{"name":"Redaktion JazzZeitung","@id":"https:\/\/www.jazzzeitung.de\/cms\/#\/schema\/person\/2245b36b9cd1d24cea10f01c031fb92b"},"headline":"+++ Wolfgang Schl\u00fcter erh\u00e4lt den Hamburger Jazzpreis 2017 +++","datePublished":"2017-05-13T08:54:04+00:00","dateModified":"2017-05-15T08:39:36+00:00","mainEntityOfPage":{"@id":"https:\/\/www.jazzzeitung.de\/cms\/2017\/05\/wolfgang-schlueter-erhaelt-den-hamburger-jazzpreis-2017\/"},"wordCount":482,"commentCount":0,"publisher":{"@id":"https:\/\/www.jazzzeitung.de\/cms\/#organization"},"keywords":["Album","Bigband","duo","Festivals","Hamburg","Hochschule f\u00fcr Musik und Theater","Jazzabteilung","Jazzmusiker","Jazzorchester","Jazzpreis","Kurt Edelhagen","Nachkriegszeit","NDR","Peter Herbolzheimer","Preis","Preistr\u00e4ger","Preisverleihung","Swing"],"articleSection":["Bericht"],"inLanguage":"de","potentialAction":[{"@type":"CommentAction","name":"Comment","target":["https:\/\/www.jazzzeitung.de\/cms\/2017\/05\/wolfgang-schlueter-erhaelt-den-hamburger-jazzpreis-2017\/#respond"]}]},{"@type":"WebPage","@id":"https:\/\/www.jazzzeitung.de\/cms\/2017\/05\/wolfgang-schlueter-erhaelt-den-hamburger-jazzpreis-2017\/","url":"https:\/\/www.jazzzeitung.de\/cms\/2017\/05\/wolfgang-schlueter-erhaelt-den-hamburger-jazzpreis-2017\/","name":"+++ Wolfgang Schl\u00fcter erh\u00e4lt den Hamburger Jazzpreis 2017 +++ - JazzZeitung","isPartOf":{"@id":"https:\/\/www.jazzzeitung.de\/cms\/#website"},"datePublished":"2017-05-13T08:54:04+00:00","dateModified":"2017-05-15T08:39:36+00:00","breadcrumb":{"@id":"https:\/\/www.jazzzeitung.de\/cms\/2017\/05\/wolfgang-schlueter-erhaelt-den-hamburger-jazzpreis-2017\/#breadcrumb"},"inLanguage":"de","potentialAction":[{"@type":"ReadAction","target":["https:\/\/www.jazzzeitung.de\/cms\/2017\/05\/wolfgang-schlueter-erhaelt-den-hamburger-jazzpreis-2017\/"]}]},{"@type":"BreadcrumbList","@id":"https:\/\/www.jazzzeitung.de\/cms\/2017\/05\/wolfgang-schlueter-erhaelt-den-hamburger-jazzpreis-2017\/#breadcrumb","itemListElement":[{"@type":"ListItem","position":1,"name":"Startseite","item":"https:\/\/www.jazzzeitung.de\/cms\/"},{"@type":"ListItem","position":2,"name":"+++ Wolfgang Schl\u00fcter erh\u00e4lt den Hamburger Jazzpreis 2017 +++"}]},{"@type":"WebSite","@id":"https:\/\/www.jazzzeitung.de\/cms\/#website","url":"https:\/\/www.jazzzeitung.de\/cms\/","name":"JazzZeitung","description":"Jazz-News und Jazz-Kontroverses","publisher":{"@id":"https:\/\/www.jazzzeitung.de\/cms\/#organization"},"potentialAction":[{"@type":"SearchAction","target":{"@type":"EntryPoint","urlTemplate":"https:\/\/www.jazzzeitung.de\/cms\/?s={search_term_string}"},"query-input":{"@type":"PropertyValueSpecification","valueRequired":true,"valueName":"search_term_string"}}],"inLanguage":"de"},{"@type":"Organization","@id":"https:\/\/www.jazzzeitung.de\/cms\/#organization","name":"JazzZeitung online","url":"https:\/\/www.jazzzeitung.de\/cms\/","logo":{"@type":"ImageObject","inLanguage":"de","@id":"https:\/\/www.jazzzeitung.de\/cms\/#\/schema\/logo\/image\/","url":"https:\/\/i0.wp.com\/www.jazzzeitung.de\/cms\/wp-content\/uploads\/2015\/08\/JAZZZEITUNGDE_Logo_Neu.png?fit=499%2C200&ssl=1","contentUrl":"https:\/\/i0.wp.com\/www.jazzzeitung.de\/cms\/wp-content\/uploads\/2015\/08\/JAZZZEITUNGDE_Logo_Neu.png?fit=499%2C200&ssl=1","width":499,"height":200,"caption":"JazzZeitung online"},"image":{"@id":"https:\/\/www.jazzzeitung.de\/cms\/#\/schema\/logo\/image\/"},"sameAs":["https:\/\/www.facebook.com\/JazzZeitung\/"]},{"@type":"Person","@id":"https:\/\/www.jazzzeitung.de\/cms\/#\/schema\/person\/2245b36b9cd1d24cea10f01c031fb92b","name":"Redaktion JazzZeitung","image":{"@type":"ImageObject","inLanguage":"de","@id":"https:\/\/i0.wp.com\/www.jazzzeitung.de\/cms\/wp-content\/uploads\/2015\/08\/JAZZZEITUNGDE_Logo_Neu.png?resize=96%2C96&ssl=159975dcacb611b5700bd619b5daf0a7a","url":"https:\/\/i0.wp.com\/www.jazzzeitung.de\/cms\/wp-content\/uploads\/2015\/08\/JAZZZEITUNGDE_Logo_Neu.png?resize=96%2C96&ssl=1","contentUrl":"https:\/\/i0.wp.com\/www.jazzzeitung.de\/cms\/wp-content\/uploads\/2015\/08\/JAZZZEITUNGDE_Logo_Neu.png?resize=96%2C96&ssl=1","caption":"Redaktion JazzZeitung"},"description":"Artikel der Redaktion der JazzZeitung.","sameAs":["http:\/\/www.jazzzeitung.de\/cms\/"],"url":"https:\/\/www.jazzzeitung.de\/cms\/author\/redaktion\/"}]}},"wp-worthy-pixel":{"ignored":false,"public":null,"server":null,"url":null},"wp-worthy-type":"normal","jetpack_publicize_connections":[],"cc_featured_image_caption":{"caption_text":false,"source_text":false,"source_url":false},"jetpack_featured_media_url":"","jetpack_shortlink":"https:\/\/wp.me\/p3KEcT-3da","jetpack-related-posts":[{"id":19405,"url":"https:\/\/www.jazzzeitung.de\/cms\/2019\/05\/bassistin-lisa-wulff-erhaelt-hamburger-jazzpreis-2019\/","url_meta":{"origin":12348,"position":0},"title":"Bassistin Lisa Wulff erh\u00e4lt Hamburger Jazzpreis 2019","author":"Redaktion JazzZeitung","date":"8. Mai 2019","format":false,"excerpt":"Die Bassistin Lisa Wulff ist Preistr\u00e4gerin des renommierten Hamburger Jazzpreises, der 2019 zum siebten Mal vergeben wird. Der mit 10.000 Euro dotierte Peis zeichnet alle zwei Jahre Musikerinnen und Musiker aus, die einen besonders qualifizierten k\u00fcnstlerischen Beitrag zur Jazzmusik in Hamburg geleistet und sich f\u00fcr die Belange des Jazz in\u2026","rel":"","context":"In &quot;News&quot;","block_context":{"text":"News","link":"https:\/\/www.jazzzeitung.de\/cms\/thema\/nachrichten\/"},"img":{"alt_text":"","src":"https:\/\/i0.wp.com\/www.jazzzeitung.de\/cms\/wp-content\/uploads\/2019\/05\/Lisa_Wulff_-HELLWAGE-Fotoigrafie-e1557236344785.jpeg?fit=1200%2C729&ssl=1&resize=350%2C200","width":350,"height":200,"srcset":"https:\/\/i0.wp.com\/www.jazzzeitung.de\/cms\/wp-content\/uploads\/2019\/05\/Lisa_Wulff_-HELLWAGE-Fotoigrafie-e1557236344785.jpeg?fit=1200%2C729&ssl=1&resize=350%2C200 1x, https:\/\/i0.wp.com\/www.jazzzeitung.de\/cms\/wp-content\/uploads\/2019\/05\/Lisa_Wulff_-HELLWAGE-Fotoigrafie-e1557236344785.jpeg?fit=1200%2C729&ssl=1&resize=525%2C300 1.5x, https:\/\/i0.wp.com\/www.jazzzeitung.de\/cms\/wp-content\/uploads\/2019\/05\/Lisa_Wulff_-HELLWAGE-Fotoigrafie-e1557236344785.jpeg?fit=1200%2C729&ssl=1&resize=700%2C400 2x, https:\/\/i0.wp.com\/www.jazzzeitung.de\/cms\/wp-content\/uploads\/2019\/05\/Lisa_Wulff_-HELLWAGE-Fotoigrafie-e1557236344785.jpeg?fit=1200%2C729&ssl=1&resize=1050%2C600 3x"},"classes":[]},{"id":25246,"url":"https:\/\/www.jazzzeitung.de\/cms\/2021\/08\/news-silvan-strauss-erhaelt-hamburger-jazzpreis-2021\/","url_meta":{"origin":12348,"position":1},"title":"+++ news +++ Silvan Strau\u00df erh\u00e4lt Hamburger Jazzpreis 2021 +++","author":"Redaktion JazzZeitung","date":"4. August 2021","format":false,"excerpt":"(Pressenmitteilung) Der Schlagzeuger Silvan Strau\u00df ist Preistr\u00e4ger des renommierten Hamburger Jazzpreises, der 2021 zum achten Mal vergeben wird. Der mit 10.000 Euro dotierte Preis zeichnet alle zwei Jahre Musikerinnen und Musiker aus, die einen besonders qualifizierten k\u00fcnstlerischen Beitrag zur Jazzmusik in Hamburg geleistet und sich f\u00fcr die Belange des Jazz\u2026","rel":"","context":"In &quot;News&quot;","block_context":{"text":"News","link":"https:\/\/www.jazzzeitung.de\/cms\/thema\/nachrichten\/"},"img":{"alt_text":"","src":"https:\/\/i0.wp.com\/www.jazzzeitung.de\/cms\/wp-content\/uploads\/2021\/08\/silvan_strass_steven-Haberland.jpg?fit=800%2C534&ssl=1&resize=350%2C200","width":350,"height":200,"srcset":"https:\/\/i0.wp.com\/www.jazzzeitung.de\/cms\/wp-content\/uploads\/2021\/08\/silvan_strass_steven-Haberland.jpg?fit=800%2C534&ssl=1&resize=350%2C200 1x, https:\/\/i0.wp.com\/www.jazzzeitung.de\/cms\/wp-content\/uploads\/2021\/08\/silvan_strass_steven-Haberland.jpg?fit=800%2C534&ssl=1&resize=525%2C300 1.5x, https:\/\/i0.wp.com\/www.jazzzeitung.de\/cms\/wp-content\/uploads\/2021\/08\/silvan_strass_steven-Haberland.jpg?fit=800%2C534&ssl=1&resize=700%2C400 2x"},"classes":[]},{"id":24893,"url":"https:\/\/www.jazzzeitung.de\/cms\/2021\/05\/deutscher-jazzpreis-geht-an-den-hamburger-konzertveranstalter-karsten-jahnke\/","url_meta":{"origin":12348,"position":2},"title":"Deutscher Jazzpreis geht an den Hamburger Konzertveranstalter Karsten Jahnke","author":"Redaktion JazzZeitung","date":"31. Mai 2021","format":false,"excerpt":"Live\u00fcbertragung von Preisverleihung und diversen Musik-Acts aus Hamburg, Berlin, Mannheim und M\u00fcnchen am Donnerstag, 3. Juni 2021, ab 19:30 Uhr. Karsten Jahnke wird bei der Premiere des Deutschen Jazzpreises am 3. Juni f\u00fcr sein Lebenswerk ausgezeichnet. Mit dem Preis w\u00fcrdigt die Hauptjury das jahrzehntelange Wirken eines gro\u00dfen Musikliebhabers und -kenners\u2026","rel":"","context":"In &quot;News&quot;","block_context":{"text":"News","link":"https:\/\/www.jazzzeitung.de\/cms\/thema\/nachrichten\/"},"img":{"alt_text":"","src":"https:\/\/i0.wp.com\/www.jazzzeitung.de\/cms\/wp-content\/uploads\/2021\/05\/jahnke_karsten_2012_by_steven_haberland-e1622468689708.jpg?fit=850%2C635&ssl=1&resize=350%2C200","width":350,"height":200,"srcset":"https:\/\/i0.wp.com\/www.jazzzeitung.de\/cms\/wp-content\/uploads\/2021\/05\/jahnke_karsten_2012_by_steven_haberland-e1622468689708.jpg?fit=850%2C635&ssl=1&resize=350%2C200 1x, https:\/\/i0.wp.com\/www.jazzzeitung.de\/cms\/wp-content\/uploads\/2021\/05\/jahnke_karsten_2012_by_steven_haberland-e1622468689708.jpg?fit=850%2C635&ssl=1&resize=525%2C300 1.5x, https:\/\/i0.wp.com\/www.jazzzeitung.de\/cms\/wp-content\/uploads\/2021\/05\/jahnke_karsten_2012_by_steven_haberland-e1622468689708.jpg?fit=850%2C635&ssl=1&resize=700%2C400 2x"},"classes":[]},{"id":24943,"url":"https:\/\/www.jazzzeitung.de\/cms\/2021\/06\/ausgezeichnet-premiere-deutscher-jazzpreis-2021\/","url_meta":{"origin":12348,"position":3},"title":"Ausgezeichnet! Die Premiere des Deutschen Jazzpreises 2021","author":"Redaktion JazzZeitung","date":"4. Juni 2021","format":false,"excerpt":"Am Donnerstagabend fand die gro\u00dfe Premiere des Deutschen Jazzpreises statt. In insgesamt 31 Kategorien wurden herausragende Leistungen der nationalen und internationalen Jazzszene geehrt. Bis zur Verleihung blieben die Namen der Preistr\u00e4ger:innen geheim, sodass \u00dcberraschung und Emotionen w\u00e4hrend der live gestreamten Award-Show entsprechend gro\u00df waren. Kulturstaatsministerin Prof. Monika Gr\u00fctters: \u201eMit dieser\u2026","rel":"","context":"In &quot;News&quot;","block_context":{"text":"News","link":"https:\/\/www.jazzzeitung.de\/cms\/thema\/nachrichten\/"},"img":{"alt_text":"Ausgezeichnet! Premiere Deutscher Jazzpreis 2021","src":"https:\/\/i0.wp.com\/www.jazzzeitung.de\/cms\/wp-content\/uploads\/2021\/06\/Deutscher-Jazzpreis-Hamburg_Fynn-Freund_07.jpg?fit=1200%2C800&ssl=1&resize=350%2C200","width":350,"height":200,"srcset":"https:\/\/i0.wp.com\/www.jazzzeitung.de\/cms\/wp-content\/uploads\/2021\/06\/Deutscher-Jazzpreis-Hamburg_Fynn-Freund_07.jpg?fit=1200%2C800&ssl=1&resize=350%2C200 1x, https:\/\/i0.wp.com\/www.jazzzeitung.de\/cms\/wp-content\/uploads\/2021\/06\/Deutscher-Jazzpreis-Hamburg_Fynn-Freund_07.jpg?fit=1200%2C800&ssl=1&resize=525%2C300 1.5x, https:\/\/i0.wp.com\/www.jazzzeitung.de\/cms\/wp-content\/uploads\/2021\/06\/Deutscher-Jazzpreis-Hamburg_Fynn-Freund_07.jpg?fit=1200%2C800&ssl=1&resize=700%2C400 2x, https:\/\/i0.wp.com\/www.jazzzeitung.de\/cms\/wp-content\/uploads\/2021\/06\/Deutscher-Jazzpreis-Hamburg_Fynn-Freund_07.jpg?fit=1200%2C800&ssl=1&resize=1050%2C600 3x"},"classes":[]},{"id":26761,"url":"https:\/\/www.jazzzeitung.de\/cms\/2022\/02\/deutscher-jazzpreis-2022-preisverleihung-in-bremen-und-neue-jury\/","url_meta":{"origin":12348,"position":4},"title":"Deutscher Jazzpreis 2022: Preisverleihung in Bremen und neue Jury","author":"Redaktion JazzZeitung","date":"25. Februar 2022","format":false,"excerpt":"Zum zweiten Mal wird am 27. April 2022 der DEUTSCHE JAZZPREIS verliehen. In 31 Kategorien werden Preisgelder in H\u00f6he von insgesamt 300.000 Euro vergeben. Nach der Premiere 2021 in Hamburg, findet die Preisverleihung des gr\u00f6\u00dften Musikpreises der deutschen und internationalen Jazzszene dieses Jahr im Rahmen der jazzahead! Jazzmesse in Bremen\u2026","rel":"","context":"In &quot;Bericht&quot;","block_context":{"text":"Bericht","link":"https:\/\/www.jazzzeitung.de\/cms\/thema\/bericht\/"},"img":{"alt_text":"","src":"https:\/\/i0.wp.com\/www.jazzzeitung.de\/cms\/wp-content\/uploads\/2022\/02\/Pinar-Atalay-Fabia-Mantwill-%C2%A9-Deutscher-Jazzpreis-Fynn-Freund-scaled.jpg?fit=1200%2C800&ssl=1&resize=350%2C200","width":350,"height":200,"srcset":"https:\/\/i0.wp.com\/www.jazzzeitung.de\/cms\/wp-content\/uploads\/2022\/02\/Pinar-Atalay-Fabia-Mantwill-%C2%A9-Deutscher-Jazzpreis-Fynn-Freund-scaled.jpg?fit=1200%2C800&ssl=1&resize=350%2C200 1x, https:\/\/i0.wp.com\/www.jazzzeitung.de\/cms\/wp-content\/uploads\/2022\/02\/Pinar-Atalay-Fabia-Mantwill-%C2%A9-Deutscher-Jazzpreis-Fynn-Freund-scaled.jpg?fit=1200%2C800&ssl=1&resize=525%2C300 1.5x, https:\/\/i0.wp.com\/www.jazzzeitung.de\/cms\/wp-content\/uploads\/2022\/02\/Pinar-Atalay-Fabia-Mantwill-%C2%A9-Deutscher-Jazzpreis-Fynn-Freund-scaled.jpg?fit=1200%2C800&ssl=1&resize=700%2C400 2x, https:\/\/i0.wp.com\/www.jazzzeitung.de\/cms\/wp-content\/uploads\/2022\/02\/Pinar-Atalay-Fabia-Mantwill-%C2%A9-Deutscher-Jazzpreis-Fynn-Freund-scaled.jpg?fit=1200%2C800&ssl=1&resize=1050%2C600 3x"},"classes":[]},{"id":24797,"url":"https:\/\/www.jazzzeitung.de\/cms\/2021\/05\/news-deutscher-jazzpreis-2021-die-nominierungen\/","url_meta":{"origin":12348,"position":5},"title":"+++ news +++ Deutscher Jazzpreis 2021 +++ die Nominierungen +++","author":"Redaktion JazzZeitung","date":"6. Mai 2021","format":false,"excerpt":"+++ Pressemitteilung vom 5. Mai 2021. Eine unabh\u00e4ngige Fachjury hat jetzt 81 Nominierte in 5 Hauptkategorien bekanntgegeben. +++ Die digitale Verleihung findet am 3. Juni 2021 in 4 Locations als Livestream statt +++ In einem Monat ist es so weit: Der von Kulturstaatsministerin Monika Gr\u00fctters ins Leben gerufene Deutsche Jazzpreis\u2026","rel":"","context":"In &quot;News&quot;","block_context":{"text":"News","link":"https:\/\/www.jazzzeitung.de\/cms\/thema\/nachrichten\/"},"img":{"alt_text":"","src":"https:\/\/i0.wp.com\/www.jazzzeitung.de\/cms\/wp-content\/uploads\/2021\/05\/Deutscher-Jazzpreis-1280px_schwarz.jpg?fit=1200%2C823&ssl=1&resize=350%2C200","width":350,"height":200,"srcset":"https:\/\/i0.wp.com\/www.jazzzeitung.de\/cms\/wp-content\/uploads\/2021\/05\/Deutscher-Jazzpreis-1280px_schwarz.jpg?fit=1200%2C823&ssl=1&resize=350%2C200 1x, https:\/\/i0.wp.com\/www.jazzzeitung.de\/cms\/wp-content\/uploads\/2021\/05\/Deutscher-Jazzpreis-1280px_schwarz.jpg?fit=1200%2C823&ssl=1&resize=525%2C300 1.5x, https:\/\/i0.wp.com\/www.jazzzeitung.de\/cms\/wp-content\/uploads\/2021\/05\/Deutscher-Jazzpreis-1280px_schwarz.jpg?fit=1200%2C823&ssl=1&resize=700%2C400 2x, https:\/\/i0.wp.com\/www.jazzzeitung.de\/cms\/wp-content\/uploads\/2021\/05\/Deutscher-Jazzpreis-1280px_schwarz.jpg?fit=1200%2C823&ssl=1&resize=1050%2C600 3x"},"classes":[]}],"jetpack_sharing_enabled":true,"_links":{"self":[{"href":"https:\/\/www.jazzzeitung.de\/cms\/wp-json\/wp\/v2\/posts\/12348","targetHints":{"allow":["GET"]}}],"collection":[{"href":"https:\/\/www.jazzzeitung.de\/cms\/wp-json\/wp\/v2\/posts"}],"about":[{"href":"https:\/\/www.jazzzeitung.de\/cms\/wp-json\/wp\/v2\/types\/post"}],"author":[{"embeddable":true,"href":"https:\/\/www.jazzzeitung.de\/cms\/wp-json\/wp\/v2\/users\/18"}],"replies":[{"embeddable":true,"href":"https:\/\/www.jazzzeitung.de\/cms\/wp-json\/wp\/v2\/comments?post=12348"}],"version-history":[{"count":3,"href":"https:\/\/www.jazzzeitung.de\/cms\/wp-json\/wp\/v2\/posts\/12348\/revisions"}],"predecessor-version":[{"id":12412,"href":"https:\/\/www.jazzzeitung.de\/cms\/wp-json\/wp\/v2\/posts\/12348\/revisions\/12412"}],"wp:attachment":[{"href":"https:\/\/www.jazzzeitung.de\/cms\/wp-json\/wp\/v2\/media?parent=12348"}],"wp:term":[{"taxonomy":"category","embeddable":true,"href":"https:\/\/www.jazzzeitung.de\/cms\/wp-json\/wp\/v2\/categories?post=12348"},{"taxonomy":"post_tag","embeddable":true,"href":"https:\/\/www.jazzzeitung.de\/cms\/wp-json\/wp\/v2\/tags?post=12348"},{"taxonomy":"author","embeddable":true,"href":"https:\/\/www.jazzzeitung.de\/cms\/wp-json\/wp\/v2\/coauthors?post=12348"}],"curies":[{"name":"wp","href":"https:\/\/api.w.org\/{rel}","templated":true}]}}