{"id":12326,"date":"2017-05-12T09:59:21","date_gmt":"2017-05-12T07:59:21","guid":{"rendered":"http:\/\/www.jazzzeitung.de\/cms\/?p=12326"},"modified":"2017-05-10T11:22:23","modified_gmt":"2017-05-10T09:22:23","slug":"konzertreihe-das-maria-baptist-orchestra-in-berlin","status":"publish","type":"post","link":"https:\/\/www.jazzzeitung.de\/cms\/2017\/05\/konzertreihe-das-maria-baptist-orchestra-in-berlin\/","title":{"rendered":"Konzertreihe: das Maria Baptist Orchestra in Berlin"},"content":{"rendered":"<p><strong>\u00bbIch hab\u00b4 noch (k)einen Koffer in Berlin\u00ab oder Big Band Jazz vom Feinsten<\/strong><\/p>\n<figure id=\"attachment_12330\" aria-describedby=\"caption-attachment-12330\" style=\"width: 695px\" class=\"wp-caption aligncenter\"><img data-recalc-dims=\"1\" loading=\"lazy\" decoding=\"async\" data-attachment-id=\"12330\" data-permalink=\"https:\/\/www.jazzzeitung.de\/cms\/2017\/05\/konzertreihe-das-maria-baptist-orchestra-in-berlin\/maria-baptist-orchestra_a_copyright-anna-stark-photography-2\/\" data-orig-file=\"https:\/\/i0.wp.com\/www.jazzzeitung.de\/cms\/wp-content\/uploads\/2017\/05\/Maria-Baptist-Orchestra_a_Copyright-Anna-Stark-Photography-1.jpg?fit=1980%2C1320&amp;ssl=1\" data-orig-size=\"1980,1320\" data-comments-opened=\"1\" data-image-meta=\"{&quot;aperture&quot;:&quot;0&quot;,&quot;credit&quot;:&quot;&quot;,&quot;camera&quot;:&quot;&quot;,&quot;caption&quot;:&quot;&quot;,&quot;created_timestamp&quot;:&quot;0&quot;,&quot;copyright&quot;:&quot;&quot;,&quot;focal_length&quot;:&quot;0&quot;,&quot;iso&quot;:&quot;0&quot;,&quot;shutter_speed&quot;:&quot;0&quot;,&quot;title&quot;:&quot;&quot;,&quot;orientation&quot;:&quot;0&quot;}\" data-image-title=\"Maria-Baptist-Orchestra, Foto: Anna Stark Photography\" data-image-description=\"\" data-image-caption=\"\" data-large-file=\"https:\/\/i0.wp.com\/www.jazzzeitung.de\/cms\/wp-content\/uploads\/2017\/05\/Maria-Baptist-Orchestra_a_Copyright-Anna-Stark-Photography-1.jpg?fit=840%2C560&amp;ssl=1\" class=\"wp-image-12330 size-large\" src=\"https:\/\/i0.wp.com\/www.jazzzeitung.de\/cms\/wp-content\/uploads\/2017\/05\/Maria-Baptist-Orchestra_a_Copyright-Anna-Stark-Photography-1-900x600.jpg?resize=695%2C463\" alt=\"\" width=\"695\" height=\"463\" srcset=\"https:\/\/i0.wp.com\/www.jazzzeitung.de\/cms\/wp-content\/uploads\/2017\/05\/Maria-Baptist-Orchestra_a_Copyright-Anna-Stark-Photography-1.jpg?resize=900%2C600&amp;ssl=1 900w, https:\/\/i0.wp.com\/www.jazzzeitung.de\/cms\/wp-content\/uploads\/2017\/05\/Maria-Baptist-Orchestra_a_Copyright-Anna-Stark-Photography-1.jpg?resize=300%2C200&amp;ssl=1 300w, https:\/\/i0.wp.com\/www.jazzzeitung.de\/cms\/wp-content\/uploads\/2017\/05\/Maria-Baptist-Orchestra_a_Copyright-Anna-Stark-Photography-1.jpg?resize=768%2C512&amp;ssl=1 768w, https:\/\/i0.wp.com\/www.jazzzeitung.de\/cms\/wp-content\/uploads\/2017\/05\/Maria-Baptist-Orchestra_a_Copyright-Anna-Stark-Photography-1.jpg?w=1980&amp;ssl=1 1980w, https:\/\/i0.wp.com\/www.jazzzeitung.de\/cms\/wp-content\/uploads\/2017\/05\/Maria-Baptist-Orchestra_a_Copyright-Anna-Stark-Photography-1.jpg?w=1680&amp;ssl=1 1680w\" sizes=\"auto, (max-width: 695px) 100vw, 695px\" \/><figcaption id=\"caption-attachment-12330\" class=\"wp-caption-text\">Maria Baptist Orchestra, Foto: Anna Stark Photography<\/figcaption><\/figure>\n<p>Es gibt Gr\u00fcnde, diese Stadt zu besuchen. Ein Konzerterlebnis dieser Big Band ist ein guter Grund. F\u00fcllt diese Erlebnisse in Euren (Jazz-)Koffer. Wenn Ihr keinen habt, so legt Euch einen zu \u2013 vollgepackt mit T\u00f6nen, Kl\u00e4ngen und Sounds aus diesen Konzerten. All dies kommt in den prallen Erinnerungskoffer, aus dem gesch\u00f6pft wird. Wem dies zu altbacken ist, der speichert es einfach im Memory.<\/p>\n<p>In diesem Fr\u00fchling gibt es noch drei Gelegenheiten das <a href=\"http:\/\/www.mariabaptist.com\/jazz-orchestra\/\">Orchestra<\/a> live zu h\u00f6ren: In den Clubs Kunstfabrik Schlot, im b-falt sowie im Musikinstrumenten-Museum in Berlin. Auch im Herbst kann Maria Baptist mit ihrer Band wiederum im Schlot erlebt werden.<\/p>\n<p>Ach so, wer verhindert ist, der kann sich mit der aktuellen CD \u00bbHere and Now\u00ab (Maria Baptist Music) tr\u00f6sten. Wer sich live-haftig in diese Musik begibt, der wird mit einigen brandneuen Titeln be\u00adlohnt. Wie Maria Baptist bei Ihren letzten Konzert ausf\u00fchrte: \u00bbDie Tinte sei bei diesen St\u00fccken noch nicht trocken\u00ab.<\/p>\n<p>&nbsp;<\/p>\n<p><strong>Kurzer historische Exkurs<\/strong><br \/>\nIm zeitgen\u00f6ssischen Big Band Jazz \u2013 oder Jazz gr\u00f6\u00dferer Formationen \u2013 f\u00fchrt eine direkte Linie von der Pionierin Carla Bley \u00fcber Maria Schneiders Genialit\u00e4t zu der Musik von Maria Baptist. Die Gemeinsamkeit liegt weniger in den gleichen Vor- oder deutsch t\u00f6nenden Nachnamen der letzt\u00adgenannten, auch wenn dies am\u00fcsant anklingt. Eher zeigt sich hier, wie Frauen-Power im Jazz in bisherige M\u00e4nner-Dom\u00e4nen des Big Band Sounds eindringt und dieses Genre bis heute f\u00fchrend gestaltet. Dies nicht mit brachialem Ge\u00adt\u00f6se, sondern mit dem gesamten Spektrum an musikalischer Sensibilit\u00e4t, Kreativit\u00e4t, aber mit der Power von ungeheuer verdichteten Klangwelten. Was diese Ladies kompo\u00adnieren, arrangieren und bei Live-Auftritten dirigierend steuern, ist eine Demonstration weiblicher musikalischer Potenz.<\/p>\n<p><strong>Tradition und Avantgarde<\/strong><br \/>\nDie Musik von Maria Baptist zeichnet alles aus, was an Kl\u00e4ngen, Strukturen und Aus\u00addruck im Jazz oder in der improvisierten Musik aktuell zu h\u00f6ren ist. Tiefer gehende Klangwelten sind aktuell in Deutschland wohl nicht zu h\u00f6ren. Auch nicht in den Staaten, von den Orchestern einer Maria Schneider und einem Wynton Marsalis abgesehen. Dies soll an drei grundlegenden Aspekten der (Jazz-)Musik deutlich werden: Komposition, Arrangement und das, was Realisieren, Pr\u00e4sentieren oder einfach Spielen genannt wird.<\/p>\n<p>Es kann schwer behauptet werden, dass ihre Musik gar keinen Bezug zur Tradition hat. Am st\u00e4rksten ist diese Tradition noch an der klassischen Instrumentalisierung einer Big Band zu sp\u00fcren: mit 5 Saxophonen, jeweils 4 Musiker f\u00fcr Posaune und Trompete sowie der Rhythmusgruppe. Musikalisch klingt diese traditionelle Komponente nur sehr diskret, zieht sich in den Hintergrund zur\u00fcck, \u00fcberl\u00e4sst den Kompositionen und der Originalit\u00e4t des Sounds den Raum und die B\u00fchne. Zu h\u00f6ren ist unkonventionelle, h\u00f6chst lebendige zeitgen\u00f6ssische Musik, die unter die Haut geht.<\/p>\n<p>Text: Cosmo Scharmer<\/p>\n<p><strong>Fr\u00fchlingstermine:<br \/>\n<\/strong>18. Mai \u201917 &#8211; b-flat<br \/>\n02. Juni \u201917- Kunstfabrik Schlot<br \/>\n29. Jun\u00a0\u201917 \u2013 Musikinstrumenten-Museum<\/p>\n<p><strong>Herbsttermine im Schlot:<\/strong><br \/>\n22. September, 3. November, 8.Dezember 2017<\/p>\n","protected":false},"excerpt":{"rendered":"<p>\u00bbIch hab\u00b4 noch (k)einen Koffer in Berlin\u00ab oder Big Band Jazz vom Feinsten Es gibt Gr\u00fcnde, diese Stadt zu besuchen. Ein Konzerterlebnis dieser Big Band ist ein guter Grund. F\u00fcllt diese Erlebnisse in Euren (Jazz-)Koffer. Wenn Ihr keinen habt, so legt Euch einen zu \u2013 vollgepackt mit T\u00f6nen, Kl\u00e4ngen und Sounds aus diesen Konzerten. All dies kommt in den prallen Erinnerungskoffer, aus dem gesch\u00f6pft wird. Wem dies zu altbacken ist, der speichert es einfach im Memory. In diesem Fr\u00fchling gibt es noch drei Gelegenheiten das Orchestra live zu h\u00f6ren: In den Clubs Kunstfabrik Schlot, im b-falt sowie im Musikinstrumenten-Museum in Berlin. Auch im Herbst kann Maria Baptist mit ihrer Band wiederum im Schlot erlebt werden. Ach so, wer verhindert ist, der kann sich mit der aktuellen CD \u00bbHere and Now\u00ab (Maria Baptist Music) tr\u00f6sten. Wer sich live-haftig in diese Musik begibt, der wird mit einigen brandneuen Titeln be\u00adlohnt. Wie Maria Baptist bei Ihren letzten Konzert ausf\u00fchrte: \u00bbDie Tinte sei bei diesen St\u00fccken noch nicht trocken\u00ab. &nbsp; Kurzer historische Exkurs Im zeitgen\u00f6ssischen Big Band Jazz \u2013 oder Jazz gr\u00f6\u00dferer Formationen \u2013 f\u00fchrt eine direkte Linie von &hellip;<\/p>\n","protected":false},"author":18,"featured_media":0,"comment_status":"open","ping_status":"closed","sticky":false,"template":"","format":"standard","meta":{"_jetpack_memberships_contains_paid_content":false,"footnotes":"","jetpack_publicize_message":"","jetpack_publicize_feature_enabled":true,"jetpack_social_post_already_shared":false,"jetpack_social_options":{"image_generator_settings":{"template":"highway","default_image_id":0,"font":"","enabled":false},"version":2}},"categories":[1053],"tags":[66,71,109,1192,137,322,377,1225,605],"coauthors":[695],"class_list":["post-12326","post","type-post","status-publish","format-standard","hentry","category-bericht","tag-berlin","tag-big-band","tag-cd","tag-clubs","tag-deutschland","tag-konzert-2","tag-maria-baptist","tag-maria-schneider","tag-wynton-marsalis"],"yoast_head":"<!-- This site is optimized with the Yoast SEO plugin v27.5 - https:\/\/yoast.com\/product\/yoast-seo-wordpress\/ -->\n<title>Konzertreihe: das Maria Baptist Orchestra in Berlin - JazzZeitung<\/title>\n<meta name=\"robots\" content=\"index, follow, max-snippet:-1, max-image-preview:large, max-video-preview:-1\" \/>\n<link rel=\"canonical\" href=\"https:\/\/www.jazzzeitung.de\/cms\/2017\/05\/konzertreihe-das-maria-baptist-orchestra-in-berlin\/\" \/>\n<meta property=\"og:locale\" content=\"de_DE\" \/>\n<meta property=\"og:type\" content=\"article\" \/>\n<meta property=\"og:title\" content=\"Konzertreihe: das Maria Baptist Orchestra in Berlin - JazzZeitung\" \/>\n<meta property=\"og:description\" content=\"\u00bbIch hab\u00b4 noch (k)einen Koffer in Berlin\u00ab oder Big Band Jazz vom Feinsten Es gibt Gr\u00fcnde, diese Stadt zu besuchen. Ein Konzerterlebnis dieser Big Band ist ein guter Grund. F\u00fcllt diese Erlebnisse in Euren (Jazz-)Koffer. Wenn Ihr keinen habt, so legt Euch einen zu \u2013 vollgepackt mit T\u00f6nen, Kl\u00e4ngen und Sounds aus diesen Konzerten. All dies kommt in den prallen Erinnerungskoffer, aus dem gesch\u00f6pft wird. Wem dies zu altbacken ist, der speichert es einfach im Memory. In diesem Fr\u00fchling gibt es noch drei Gelegenheiten das Orchestra live zu h\u00f6ren: In den Clubs Kunstfabrik Schlot, im b-falt sowie im Musikinstrumenten-Museum in Berlin. Auch im Herbst kann Maria Baptist mit ihrer Band wiederum im Schlot erlebt werden. Ach so, wer verhindert ist, der kann sich mit der aktuellen CD \u00bbHere and Now\u00ab (Maria Baptist Music) tr\u00f6sten. Wer sich live-haftig in diese Musik begibt, der wird mit einigen brandneuen Titeln be\u00adlohnt. Wie Maria Baptist bei Ihren letzten Konzert ausf\u00fchrte: \u00bbDie Tinte sei bei diesen St\u00fccken noch nicht trocken\u00ab. &nbsp; Kurzer historische Exkurs Im zeitgen\u00f6ssischen Big Band Jazz \u2013 oder Jazz gr\u00f6\u00dferer Formationen \u2013 f\u00fchrt eine direkte Linie von &hellip;\" \/>\n<meta property=\"og:url\" content=\"https:\/\/www.jazzzeitung.de\/cms\/2017\/05\/konzertreihe-das-maria-baptist-orchestra-in-berlin\/\" \/>\n<meta property=\"og:site_name\" content=\"JazzZeitung\" \/>\n<meta property=\"article:publisher\" content=\"https:\/\/www.facebook.com\/JazzZeitung\/\" \/>\n<meta property=\"article:published_time\" content=\"2017-05-12T07:59:21+00:00\" \/>\n<meta property=\"og:image\" content=\"http:\/\/www.jazzzeitung.de\/cms\/wp-content\/uploads\/2017\/05\/Maria-Baptist-Orchestra_a_Copyright-Anna-Stark-Photography-1-900x600.jpg\" \/>\n<meta name=\"author\" content=\"Redaktion JazzZeitung\" \/>\n<script type=\"application\/ld+json\" class=\"yoast-schema-graph\">{\"@context\":\"https:\\\/\\\/schema.org\",\"@graph\":[{\"@type\":\"Article\",\"@id\":\"https:\\\/\\\/www.jazzzeitung.de\\\/cms\\\/2017\\\/05\\\/konzertreihe-das-maria-baptist-orchestra-in-berlin\\\/#article\",\"isPartOf\":{\"@id\":\"https:\\\/\\\/www.jazzzeitung.de\\\/cms\\\/2017\\\/05\\\/konzertreihe-das-maria-baptist-orchestra-in-berlin\\\/\"},\"author\":{\"name\":\"Redaktion JazzZeitung\",\"@id\":\"https:\\\/\\\/www.jazzzeitung.de\\\/cms\\\/#\\\/schema\\\/person\\\/2245b36b9cd1d24cea10f01c031fb92b\"},\"headline\":\"Konzertreihe: das Maria Baptist Orchestra in Berlin\",\"datePublished\":\"2017-05-12T07:59:21+00:00\",\"mainEntityOfPage\":{\"@id\":\"https:\\\/\\\/www.jazzzeitung.de\\\/cms\\\/2017\\\/05\\\/konzertreihe-das-maria-baptist-orchestra-in-berlin\\\/\"},\"wordCount\":518,\"commentCount\":0,\"publisher\":{\"@id\":\"https:\\\/\\\/www.jazzzeitung.de\\\/cms\\\/#organization\"},\"image\":{\"@id\":\"https:\\\/\\\/www.jazzzeitung.de\\\/cms\\\/2017\\\/05\\\/konzertreihe-das-maria-baptist-orchestra-in-berlin\\\/#primaryimage\"},\"thumbnailUrl\":\"http:\\\/\\\/www.jazzzeitung.de\\\/cms\\\/wp-content\\\/uploads\\\/2017\\\/05\\\/Maria-Baptist-Orchestra_a_Copyright-Anna-Stark-Photography-1-900x600.jpg\",\"keywords\":[\"Berlin\",\"Big Band\",\"CD\",\"Clubs\",\"Deutschland\",\"Konzert\",\"maria baptist\",\"Maria Schneider\",\"Wynton Marsalis\"],\"articleSection\":[\"Bericht\"],\"inLanguage\":\"de\",\"potentialAction\":[{\"@type\":\"CommentAction\",\"name\":\"Comment\",\"target\":[\"https:\\\/\\\/www.jazzzeitung.de\\\/cms\\\/2017\\\/05\\\/konzertreihe-das-maria-baptist-orchestra-in-berlin\\\/#respond\"]}]},{\"@type\":\"WebPage\",\"@id\":\"https:\\\/\\\/www.jazzzeitung.de\\\/cms\\\/2017\\\/05\\\/konzertreihe-das-maria-baptist-orchestra-in-berlin\\\/\",\"url\":\"https:\\\/\\\/www.jazzzeitung.de\\\/cms\\\/2017\\\/05\\\/konzertreihe-das-maria-baptist-orchestra-in-berlin\\\/\",\"name\":\"Konzertreihe: das Maria Baptist Orchestra in Berlin - JazzZeitung\",\"isPartOf\":{\"@id\":\"https:\\\/\\\/www.jazzzeitung.de\\\/cms\\\/#website\"},\"primaryImageOfPage\":{\"@id\":\"https:\\\/\\\/www.jazzzeitung.de\\\/cms\\\/2017\\\/05\\\/konzertreihe-das-maria-baptist-orchestra-in-berlin\\\/#primaryimage\"},\"image\":{\"@id\":\"https:\\\/\\\/www.jazzzeitung.de\\\/cms\\\/2017\\\/05\\\/konzertreihe-das-maria-baptist-orchestra-in-berlin\\\/#primaryimage\"},\"thumbnailUrl\":\"http:\\\/\\\/www.jazzzeitung.de\\\/cms\\\/wp-content\\\/uploads\\\/2017\\\/05\\\/Maria-Baptist-Orchestra_a_Copyright-Anna-Stark-Photography-1-900x600.jpg\",\"datePublished\":\"2017-05-12T07:59:21+00:00\",\"breadcrumb\":{\"@id\":\"https:\\\/\\\/www.jazzzeitung.de\\\/cms\\\/2017\\\/05\\\/konzertreihe-das-maria-baptist-orchestra-in-berlin\\\/#breadcrumb\"},\"inLanguage\":\"de\",\"potentialAction\":[{\"@type\":\"ReadAction\",\"target\":[\"https:\\\/\\\/www.jazzzeitung.de\\\/cms\\\/2017\\\/05\\\/konzertreihe-das-maria-baptist-orchestra-in-berlin\\\/\"]}]},{\"@type\":\"ImageObject\",\"inLanguage\":\"de\",\"@id\":\"https:\\\/\\\/www.jazzzeitung.de\\\/cms\\\/2017\\\/05\\\/konzertreihe-das-maria-baptist-orchestra-in-berlin\\\/#primaryimage\",\"url\":\"http:\\\/\\\/www.jazzzeitung.de\\\/cms\\\/wp-content\\\/uploads\\\/2017\\\/05\\\/Maria-Baptist-Orchestra_a_Copyright-Anna-Stark-Photography-1-900x600.jpg\",\"contentUrl\":\"http:\\\/\\\/www.jazzzeitung.de\\\/cms\\\/wp-content\\\/uploads\\\/2017\\\/05\\\/Maria-Baptist-Orchestra_a_Copyright-Anna-Stark-Photography-1-900x600.jpg\"},{\"@type\":\"BreadcrumbList\",\"@id\":\"https:\\\/\\\/www.jazzzeitung.de\\\/cms\\\/2017\\\/05\\\/konzertreihe-das-maria-baptist-orchestra-in-berlin\\\/#breadcrumb\",\"itemListElement\":[{\"@type\":\"ListItem\",\"position\":1,\"name\":\"Startseite\",\"item\":\"https:\\\/\\\/www.jazzzeitung.de\\\/cms\\\/\"},{\"@type\":\"ListItem\",\"position\":2,\"name\":\"Konzertreihe: das Maria Baptist Orchestra in Berlin\"}]},{\"@type\":\"WebSite\",\"@id\":\"https:\\\/\\\/www.jazzzeitung.de\\\/cms\\\/#website\",\"url\":\"https:\\\/\\\/www.jazzzeitung.de\\\/cms\\\/\",\"name\":\"JazzZeitung\",\"description\":\"Jazz-News und Jazz-Kontroverses\",\"publisher\":{\"@id\":\"https:\\\/\\\/www.jazzzeitung.de\\\/cms\\\/#organization\"},\"potentialAction\":[{\"@type\":\"SearchAction\",\"target\":{\"@type\":\"EntryPoint\",\"urlTemplate\":\"https:\\\/\\\/www.jazzzeitung.de\\\/cms\\\/?s={search_term_string}\"},\"query-input\":{\"@type\":\"PropertyValueSpecification\",\"valueRequired\":true,\"valueName\":\"search_term_string\"}}],\"inLanguage\":\"de\"},{\"@type\":\"Organization\",\"@id\":\"https:\\\/\\\/www.jazzzeitung.de\\\/cms\\\/#organization\",\"name\":\"JazzZeitung online\",\"url\":\"https:\\\/\\\/www.jazzzeitung.de\\\/cms\\\/\",\"logo\":{\"@type\":\"ImageObject\",\"inLanguage\":\"de\",\"@id\":\"https:\\\/\\\/www.jazzzeitung.de\\\/cms\\\/#\\\/schema\\\/logo\\\/image\\\/\",\"url\":\"https:\\\/\\\/i0.wp.com\\\/www.jazzzeitung.de\\\/cms\\\/wp-content\\\/uploads\\\/2015\\\/08\\\/JAZZZEITUNGDE_Logo_Neu.png?fit=499%2C200&ssl=1\",\"contentUrl\":\"https:\\\/\\\/i0.wp.com\\\/www.jazzzeitung.de\\\/cms\\\/wp-content\\\/uploads\\\/2015\\\/08\\\/JAZZZEITUNGDE_Logo_Neu.png?fit=499%2C200&ssl=1\",\"width\":499,\"height\":200,\"caption\":\"JazzZeitung online\"},\"image\":{\"@id\":\"https:\\\/\\\/www.jazzzeitung.de\\\/cms\\\/#\\\/schema\\\/logo\\\/image\\\/\"},\"sameAs\":[\"https:\\\/\\\/www.facebook.com\\\/JazzZeitung\\\/\"]},{\"@type\":\"Person\",\"@id\":\"https:\\\/\\\/www.jazzzeitung.de\\\/cms\\\/#\\\/schema\\\/person\\\/2245b36b9cd1d24cea10f01c031fb92b\",\"name\":\"Redaktion JazzZeitung\",\"image\":{\"@type\":\"ImageObject\",\"inLanguage\":\"de\",\"@id\":\"https:\\\/\\\/i0.wp.com\\\/www.jazzzeitung.de\\\/cms\\\/wp-content\\\/uploads\\\/2015\\\/08\\\/JAZZZEITUNGDE_Logo_Neu.png?resize=96%2C96&ssl=159975dcacb611b5700bd619b5daf0a7a\",\"url\":\"https:\\\/\\\/i0.wp.com\\\/www.jazzzeitung.de\\\/cms\\\/wp-content\\\/uploads\\\/2015\\\/08\\\/JAZZZEITUNGDE_Logo_Neu.png?resize=96%2C96&ssl=1\",\"contentUrl\":\"https:\\\/\\\/i0.wp.com\\\/www.jazzzeitung.de\\\/cms\\\/wp-content\\\/uploads\\\/2015\\\/08\\\/JAZZZEITUNGDE_Logo_Neu.png?resize=96%2C96&ssl=1\",\"caption\":\"Redaktion JazzZeitung\"},\"description\":\"Artikel der Redaktion der JazzZeitung.\",\"sameAs\":[\"http:\\\/\\\/www.jazzzeitung.de\\\/cms\\\/\"],\"url\":\"https:\\\/\\\/www.jazzzeitung.de\\\/cms\\\/author\\\/redaktion\\\/\"}]}<\/script>\n<!-- \/ Yoast SEO plugin. -->","yoast_head_json":{"title":"Konzertreihe: das Maria Baptist Orchestra in Berlin - JazzZeitung","robots":{"index":"index","follow":"follow","max-snippet":"max-snippet:-1","max-image-preview":"max-image-preview:large","max-video-preview":"max-video-preview:-1"},"canonical":"https:\/\/www.jazzzeitung.de\/cms\/2017\/05\/konzertreihe-das-maria-baptist-orchestra-in-berlin\/","og_locale":"de_DE","og_type":"article","og_title":"Konzertreihe: das Maria Baptist Orchestra in Berlin - JazzZeitung","og_description":"\u00bbIch hab\u00b4 noch (k)einen Koffer in Berlin\u00ab oder Big Band Jazz vom Feinsten Es gibt Gr\u00fcnde, diese Stadt zu besuchen. Ein Konzerterlebnis dieser Big Band ist ein guter Grund. F\u00fcllt diese Erlebnisse in Euren (Jazz-)Koffer. Wenn Ihr keinen habt, so legt Euch einen zu \u2013 vollgepackt mit T\u00f6nen, Kl\u00e4ngen und Sounds aus diesen Konzerten. All dies kommt in den prallen Erinnerungskoffer, aus dem gesch\u00f6pft wird. Wem dies zu altbacken ist, der speichert es einfach im Memory. In diesem Fr\u00fchling gibt es noch drei Gelegenheiten das Orchestra live zu h\u00f6ren: In den Clubs Kunstfabrik Schlot, im b-falt sowie im Musikinstrumenten-Museum in Berlin. Auch im Herbst kann Maria Baptist mit ihrer Band wiederum im Schlot erlebt werden. Ach so, wer verhindert ist, der kann sich mit der aktuellen CD \u00bbHere and Now\u00ab (Maria Baptist Music) tr\u00f6sten. Wer sich live-haftig in diese Musik begibt, der wird mit einigen brandneuen Titeln be\u00adlohnt. Wie Maria Baptist bei Ihren letzten Konzert ausf\u00fchrte: \u00bbDie Tinte sei bei diesen St\u00fccken noch nicht trocken\u00ab. &nbsp; Kurzer historische Exkurs Im zeitgen\u00f6ssischen Big Band Jazz \u2013 oder Jazz gr\u00f6\u00dferer Formationen \u2013 f\u00fchrt eine direkte Linie von &hellip;","og_url":"https:\/\/www.jazzzeitung.de\/cms\/2017\/05\/konzertreihe-das-maria-baptist-orchestra-in-berlin\/","og_site_name":"JazzZeitung","article_publisher":"https:\/\/www.facebook.com\/JazzZeitung\/","article_published_time":"2017-05-12T07:59:21+00:00","og_image":[{"url":"http:\/\/www.jazzzeitung.de\/cms\/wp-content\/uploads\/2017\/05\/Maria-Baptist-Orchestra_a_Copyright-Anna-Stark-Photography-1-900x600.jpg","type":"","width":"","height":""}],"author":"Redaktion JazzZeitung","schema":{"@context":"https:\/\/schema.org","@graph":[{"@type":"Article","@id":"https:\/\/www.jazzzeitung.de\/cms\/2017\/05\/konzertreihe-das-maria-baptist-orchestra-in-berlin\/#article","isPartOf":{"@id":"https:\/\/www.jazzzeitung.de\/cms\/2017\/05\/konzertreihe-das-maria-baptist-orchestra-in-berlin\/"},"author":{"name":"Redaktion JazzZeitung","@id":"https:\/\/www.jazzzeitung.de\/cms\/#\/schema\/person\/2245b36b9cd1d24cea10f01c031fb92b"},"headline":"Konzertreihe: das Maria Baptist Orchestra in Berlin","datePublished":"2017-05-12T07:59:21+00:00","mainEntityOfPage":{"@id":"https:\/\/www.jazzzeitung.de\/cms\/2017\/05\/konzertreihe-das-maria-baptist-orchestra-in-berlin\/"},"wordCount":518,"commentCount":0,"publisher":{"@id":"https:\/\/www.jazzzeitung.de\/cms\/#organization"},"image":{"@id":"https:\/\/www.jazzzeitung.de\/cms\/2017\/05\/konzertreihe-das-maria-baptist-orchestra-in-berlin\/#primaryimage"},"thumbnailUrl":"http:\/\/www.jazzzeitung.de\/cms\/wp-content\/uploads\/2017\/05\/Maria-Baptist-Orchestra_a_Copyright-Anna-Stark-Photography-1-900x600.jpg","keywords":["Berlin","Big Band","CD","Clubs","Deutschland","Konzert","maria baptist","Maria Schneider","Wynton Marsalis"],"articleSection":["Bericht"],"inLanguage":"de","potentialAction":[{"@type":"CommentAction","name":"Comment","target":["https:\/\/www.jazzzeitung.de\/cms\/2017\/05\/konzertreihe-das-maria-baptist-orchestra-in-berlin\/#respond"]}]},{"@type":"WebPage","@id":"https:\/\/www.jazzzeitung.de\/cms\/2017\/05\/konzertreihe-das-maria-baptist-orchestra-in-berlin\/","url":"https:\/\/www.jazzzeitung.de\/cms\/2017\/05\/konzertreihe-das-maria-baptist-orchestra-in-berlin\/","name":"Konzertreihe: das Maria Baptist Orchestra in Berlin - JazzZeitung","isPartOf":{"@id":"https:\/\/www.jazzzeitung.de\/cms\/#website"},"primaryImageOfPage":{"@id":"https:\/\/www.jazzzeitung.de\/cms\/2017\/05\/konzertreihe-das-maria-baptist-orchestra-in-berlin\/#primaryimage"},"image":{"@id":"https:\/\/www.jazzzeitung.de\/cms\/2017\/05\/konzertreihe-das-maria-baptist-orchestra-in-berlin\/#primaryimage"},"thumbnailUrl":"http:\/\/www.jazzzeitung.de\/cms\/wp-content\/uploads\/2017\/05\/Maria-Baptist-Orchestra_a_Copyright-Anna-Stark-Photography-1-900x600.jpg","datePublished":"2017-05-12T07:59:21+00:00","breadcrumb":{"@id":"https:\/\/www.jazzzeitung.de\/cms\/2017\/05\/konzertreihe-das-maria-baptist-orchestra-in-berlin\/#breadcrumb"},"inLanguage":"de","potentialAction":[{"@type":"ReadAction","target":["https:\/\/www.jazzzeitung.de\/cms\/2017\/05\/konzertreihe-das-maria-baptist-orchestra-in-berlin\/"]}]},{"@type":"ImageObject","inLanguage":"de","@id":"https:\/\/www.jazzzeitung.de\/cms\/2017\/05\/konzertreihe-das-maria-baptist-orchestra-in-berlin\/#primaryimage","url":"http:\/\/www.jazzzeitung.de\/cms\/wp-content\/uploads\/2017\/05\/Maria-Baptist-Orchestra_a_Copyright-Anna-Stark-Photography-1-900x600.jpg","contentUrl":"http:\/\/www.jazzzeitung.de\/cms\/wp-content\/uploads\/2017\/05\/Maria-Baptist-Orchestra_a_Copyright-Anna-Stark-Photography-1-900x600.jpg"},{"@type":"BreadcrumbList","@id":"https:\/\/www.jazzzeitung.de\/cms\/2017\/05\/konzertreihe-das-maria-baptist-orchestra-in-berlin\/#breadcrumb","itemListElement":[{"@type":"ListItem","position":1,"name":"Startseite","item":"https:\/\/www.jazzzeitung.de\/cms\/"},{"@type":"ListItem","position":2,"name":"Konzertreihe: das Maria Baptist Orchestra in Berlin"}]},{"@type":"WebSite","@id":"https:\/\/www.jazzzeitung.de\/cms\/#website","url":"https:\/\/www.jazzzeitung.de\/cms\/","name":"JazzZeitung","description":"Jazz-News und Jazz-Kontroverses","publisher":{"@id":"https:\/\/www.jazzzeitung.de\/cms\/#organization"},"potentialAction":[{"@type":"SearchAction","target":{"@type":"EntryPoint","urlTemplate":"https:\/\/www.jazzzeitung.de\/cms\/?s={search_term_string}"},"query-input":{"@type":"PropertyValueSpecification","valueRequired":true,"valueName":"search_term_string"}}],"inLanguage":"de"},{"@type":"Organization","@id":"https:\/\/www.jazzzeitung.de\/cms\/#organization","name":"JazzZeitung online","url":"https:\/\/www.jazzzeitung.de\/cms\/","logo":{"@type":"ImageObject","inLanguage":"de","@id":"https:\/\/www.jazzzeitung.de\/cms\/#\/schema\/logo\/image\/","url":"https:\/\/i0.wp.com\/www.jazzzeitung.de\/cms\/wp-content\/uploads\/2015\/08\/JAZZZEITUNGDE_Logo_Neu.png?fit=499%2C200&ssl=1","contentUrl":"https:\/\/i0.wp.com\/www.jazzzeitung.de\/cms\/wp-content\/uploads\/2015\/08\/JAZZZEITUNGDE_Logo_Neu.png?fit=499%2C200&ssl=1","width":499,"height":200,"caption":"JazzZeitung online"},"image":{"@id":"https:\/\/www.jazzzeitung.de\/cms\/#\/schema\/logo\/image\/"},"sameAs":["https:\/\/www.facebook.com\/JazzZeitung\/"]},{"@type":"Person","@id":"https:\/\/www.jazzzeitung.de\/cms\/#\/schema\/person\/2245b36b9cd1d24cea10f01c031fb92b","name":"Redaktion JazzZeitung","image":{"@type":"ImageObject","inLanguage":"de","@id":"https:\/\/i0.wp.com\/www.jazzzeitung.de\/cms\/wp-content\/uploads\/2015\/08\/JAZZZEITUNGDE_Logo_Neu.png?resize=96%2C96&ssl=159975dcacb611b5700bd619b5daf0a7a","url":"https:\/\/i0.wp.com\/www.jazzzeitung.de\/cms\/wp-content\/uploads\/2015\/08\/JAZZZEITUNGDE_Logo_Neu.png?resize=96%2C96&ssl=1","contentUrl":"https:\/\/i0.wp.com\/www.jazzzeitung.de\/cms\/wp-content\/uploads\/2015\/08\/JAZZZEITUNGDE_Logo_Neu.png?resize=96%2C96&ssl=1","caption":"Redaktion JazzZeitung"},"description":"Artikel der Redaktion der JazzZeitung.","sameAs":["http:\/\/www.jazzzeitung.de\/cms\/"],"url":"https:\/\/www.jazzzeitung.de\/cms\/author\/redaktion\/"}]}},"wp-worthy-pixel":{"ignored":false,"public":null,"server":null,"url":null},"wp-worthy-type":"normal","jetpack_publicize_connections":[],"cc_featured_image_caption":{"caption_text":false,"source_text":false,"source_url":false},"jetpack_featured_media_url":"","jetpack_shortlink":"https:\/\/wp.me\/p3KEcT-3cO","jetpack-related-posts":[{"id":13488,"url":"https:\/\/www.jazzzeitung.de\/cms\/2017\/09\/maria-baptist-stellt-ihr-neues-album-poems-without-words-im-kulturkaufhaus-dussmann-in-berlin\/","url_meta":{"origin":12326,"position":0},"title":"Maria Baptist stellt ihr neues Album \u201ePoems without Words\u201c im Kulturkaufhaus Dussmann in Berlin","author":"Redaktion JazzZeitung","date":"10. September 2017","format":false,"excerpt":"Maria Baptist \u201eTrio plus One\u201c modifiziert zum Trio minus One. Einfacher gesagt: die Pianistin spielte im Duo mit Jan von Klewitz und stellt ihr neues Album \u201ePoems without Words\u201c im Kulturkaufhaus Dussmann vor. Das Konzert wurde als Kurzkonzert angek\u00fcndigt. Gute 50 Minuten erstklassische Musik verrinnen wie im Flug. Ein nicht\u2026","rel":"","context":"In &quot;Bericht&quot;","block_context":{"text":"Bericht","link":"https:\/\/www.jazzzeitung.de\/cms\/thema\/bericht\/"},"img":{"alt_text":"","src":"https:\/\/i0.wp.com\/www.jazzzeitung.de\/cms\/wp-content\/uploads\/2017\/09\/BAPTIST_Maria_IMGP3411-e1504705031301-150x150.jpg?resize=350%2C200&ssl=1","width":350,"height":200},"classes":[]},{"id":12314,"url":"https:\/\/www.jazzzeitung.de\/cms\/2017\/05\/news-konzertreihe-das-maria-baptist-orchestra-in-berlin-bundesjazzorchester-auf-konzerttournee-in-ecuador\/","url_meta":{"origin":12326,"position":1},"title":"+++ News +++ Bundesjazzorchester auf Konzerttournee in Ecuador +++ Jasmin Tabatabai er\u00f6ffnet Jazzfest Bonn +++","author":"Redaktion JazzZeitung","date":"10. Mai 2017","format":false,"excerpt":"+++ Bundesjazzorchester auf Konzerttournee in Ecuador +++ Bundesjazzorchester zu Gast in Ecuador \u2013 Neun Konzerte unter der Leitung von Jiggs Whigham Das Bundesjazzorchester ist vom Deutschen Kulturverbund in Ecuador (\u201ekultura\u201c) zu einer Konzertreise nach Ecuador eingeladen. Im Zentrum der Reise stehen die beiden\u00a0 Jubil\u00e4en \u201e100 Jahre Colegio Alem\u00e1n Quito\u201c und\u2026","rel":"","context":"In &quot;News&quot;","block_context":{"text":"News","link":"https:\/\/www.jazzzeitung.de\/cms\/thema\/nachrichten\/"},"img":{"alt_text":"","src":"https:\/\/i0.wp.com\/www.jazzzeitung.de\/cms\/wp-content\/uploads\/2017\/05\/BuJazzO_Sommer_2016_%40DMR_Christian_Debus-1.jpg?fit=1200%2C800&ssl=1&resize=350%2C200","width":350,"height":200,"srcset":"https:\/\/i0.wp.com\/www.jazzzeitung.de\/cms\/wp-content\/uploads\/2017\/05\/BuJazzO_Sommer_2016_%40DMR_Christian_Debus-1.jpg?fit=1200%2C800&ssl=1&resize=350%2C200 1x, https:\/\/i0.wp.com\/www.jazzzeitung.de\/cms\/wp-content\/uploads\/2017\/05\/BuJazzO_Sommer_2016_%40DMR_Christian_Debus-1.jpg?fit=1200%2C800&ssl=1&resize=525%2C300 1.5x, https:\/\/i0.wp.com\/www.jazzzeitung.de\/cms\/wp-content\/uploads\/2017\/05\/BuJazzO_Sommer_2016_%40DMR_Christian_Debus-1.jpg?fit=1200%2C800&ssl=1&resize=700%2C400 2x, https:\/\/i0.wp.com\/www.jazzzeitung.de\/cms\/wp-content\/uploads\/2017\/05\/BuJazzO_Sommer_2016_%40DMR_Christian_Debus-1.jpg?fit=1200%2C800&ssl=1&resize=1050%2C600 3x"},"classes":[]},{"id":5103,"url":"https:\/\/www.jazzzeitung.de\/cms\/2014\/12\/jazz-im-musikinstrumenten-museum-berlin-die-konzertreihe-2015-steht-fest\/","url_meta":{"origin":12326,"position":2},"title":"Jazz im Musikinstrumenten-Museum Berlin \u2013 die Konzertreihe 2015 steht fest","author":"Redaktion JazzZeitung","date":"10. Dezember 2014","format":false,"excerpt":"Seit 2006 gibt es in Berlin in Kooperation mit dem Komponistenverband Berlin eine Konzertreihe f\u00fcr modernen Jazz im Musikinstrumenten-Museum, kurz JAZZ IM MIM. Jeden letzten Donnerstag eines Monats findet ein kostenloses Konzert statt. Die Programmgestaltung liegt in den H\u00e4nden Hannes Zerbe. JAZZ IM MIM m\u00f6chte dem steigenden Bedarf an Auftrittsm\u00f6glichkeiten\u2026","rel":"","context":"In &quot;News&quot;","block_context":{"text":"News","link":"https:\/\/www.jazzzeitung.de\/cms\/thema\/nachrichten\/"},"img":{"alt_text":"jazzfuerweb_small","src":"https:\/\/i0.wp.com\/www.jazzzeitung.de\/cms\/wp-content\/uploads\/2014\/12\/jazzfuerweb_small-150x150.jpg?resize=350%2C200","width":350,"height":200},"classes":[]},{"id":10853,"url":"https:\/\/www.jazzzeitung.de\/cms\/2016\/11\/jazzfest-berlin-2016-4-fegefeuer-turbine-und-dasder-rauschende\/","url_meta":{"origin":12326,"position":3},"title":"Jazzfest Berlin 2016 (4) \u2013 Fegefeuer, Turbine und das\/der Rauschende","author":"Huflaikhan","date":"7. November 2016","format":false,"excerpt":"Bisher war das Jazzfest Berlin 2016 eher \u201enaja\u201c. Der letzte Abend brachte die Wendung, es war Stimmung im Saal, es wurde auch mal gebuht. Irgendwer im Publikum durfte lautstark behaupten: \u201eDas ist doch kein Jazz\u201c. Emotionen! Die Antwort darauf kann nur lauten: Wenn man Jazz nur an den Namen, nicht\u2026","rel":"","context":"In &quot;Bericht&quot;","block_context":{"text":"Bericht","link":"https:\/\/www.jazzzeitung.de\/cms\/thema\/bericht\/"},"img":{"alt_text":"Eve Risser\u2019s White Desert Orchestra @ Jazzfest Berlin. Foto: Petra Basche","src":"https:\/\/i0.wp.com\/www.jazzzeitung.de\/cms\/wp-content\/uploads\/2016\/11\/2016_11_06_Eve_Risser_JazzFestBerlin_2016_Petra_Basche_HuPe-Kollektiv0025.jpg?fit=1200%2C801&ssl=1&resize=350%2C200","width":350,"height":200,"srcset":"https:\/\/i0.wp.com\/www.jazzzeitung.de\/cms\/wp-content\/uploads\/2016\/11\/2016_11_06_Eve_Risser_JazzFestBerlin_2016_Petra_Basche_HuPe-Kollektiv0025.jpg?fit=1200%2C801&ssl=1&resize=350%2C200 1x, https:\/\/i0.wp.com\/www.jazzzeitung.de\/cms\/wp-content\/uploads\/2016\/11\/2016_11_06_Eve_Risser_JazzFestBerlin_2016_Petra_Basche_HuPe-Kollektiv0025.jpg?fit=1200%2C801&ssl=1&resize=525%2C300 1.5x, https:\/\/i0.wp.com\/www.jazzzeitung.de\/cms\/wp-content\/uploads\/2016\/11\/2016_11_06_Eve_Risser_JazzFestBerlin_2016_Petra_Basche_HuPe-Kollektiv0025.jpg?fit=1200%2C801&ssl=1&resize=700%2C400 2x, https:\/\/i0.wp.com\/www.jazzzeitung.de\/cms\/wp-content\/uploads\/2016\/11\/2016_11_06_Eve_Risser_JazzFestBerlin_2016_Petra_Basche_HuPe-Kollektiv0025.jpg?fit=1200%2C801&ssl=1&resize=1050%2C600 3x"},"classes":[]},{"id":16561,"url":"https:\/\/www.jazzzeitung.de\/cms\/2018\/06\/haus-of-jazz-eroeffnet-das-jazzfest-berlin-2018\/","url_meta":{"origin":12326,"position":4},"title":"\u201eHaus of Jazz\u201c er\u00f6ffnet das Jazzfest Berlin 2018","author":"Martin Hufner","date":"30. Juni 2018","format":false,"excerpt":"Die\u00a0Berliner Festspiele\u00a0k\u00fcndigen die zentralen\u00a0Themen und\u00a0die ersten Namen von K\u00fcnstler*innen des Jazzfest Berlin\u00a02018 unter der neuen k\u00fcnstlerischen Leitung von Nadin Deventer an. Das Gesamtprogramm des Festivals\u00a0wird am 3.\u00a0September ver\u00f6ffentlicht. Der Kartenvorverkauf startet am 8. September. Die 55. Ausgabe des Jazzfest Berlin unter der neuen k\u00fcnstlerischen Leitung von Nadin Deventer findet vom\u2026","rel":"","context":"In &quot;News&quot;","block_context":{"text":"News","link":"https:\/\/www.jazzzeitung.de\/cms\/thema\/nachrichten\/"},"img":{"alt_text":"Jazzfest Berlin. Impression. Foto: Hufner","src":"https:\/\/i0.wp.com\/www.jazzzeitung.de\/cms\/wp-content\/uploads\/2013\/11\/jf13-02h-010068.jpg?fit=1200%2C900&ssl=1&resize=350%2C200","width":350,"height":200,"srcset":"https:\/\/i0.wp.com\/www.jazzzeitung.de\/cms\/wp-content\/uploads\/2013\/11\/jf13-02h-010068.jpg?fit=1200%2C900&ssl=1&resize=350%2C200 1x, https:\/\/i0.wp.com\/www.jazzzeitung.de\/cms\/wp-content\/uploads\/2013\/11\/jf13-02h-010068.jpg?fit=1200%2C900&ssl=1&resize=525%2C300 1.5x, https:\/\/i0.wp.com\/www.jazzzeitung.de\/cms\/wp-content\/uploads\/2013\/11\/jf13-02h-010068.jpg?fit=1200%2C900&ssl=1&resize=700%2C400 2x, https:\/\/i0.wp.com\/www.jazzzeitung.de\/cms\/wp-content\/uploads\/2013\/11\/jf13-02h-010068.jpg?fit=1200%2C900&ssl=1&resize=1050%2C600 3x"},"classes":[]},{"id":4387,"url":"https:\/\/www.jazzzeitung.de\/cms\/2014\/08\/22-huerther-jazznacht-mit-internationalen-gaesten-ticket-verlosung\/","url_meta":{"origin":12326,"position":5},"title":"22. H\u00fcrther Jazznacht mit internationalen G\u00e4sten, Ticket-Verlosung","author":"Redaktion JazzZeitung","date":"5. August 2014","format":false,"excerpt":"Der H\u00f6hepunkt im Programm des Jazzclubs H\u00fcrth e.V. bleibt die H\u00fcrther Jazznacht am 25. Oktober im B\u00fcrgerhaus. Musiker aus aller Welt haben sich um einen Auftritt beworben und reisen aus New York, Texas, Finnland, den Niederlanden, \u00d6sterreich, Berlin und Freiburg an. \u201eZum 22. Mal ist es gelungen, eine sehr ansprechende\u2026","rel":"","context":"In &quot;News&quot;","block_context":{"text":"News","link":"https:\/\/www.jazzzeitung.de\/cms\/thema\/nachrichten\/"},"img":{"alt_text":"Foto von Stefan Michalke","src":"https:\/\/i0.wp.com\/www.jazzzeitung.de\/cms\/wp-content\/uploads\/2014\/08\/Lines-for-Ladies-Sabine-K%C3%BChlich-und-Anne-Czichowsky-FOTO_Stefan_Michalke-150x150.jpg?resize=350%2C200","width":350,"height":200},"classes":[]}],"jetpack_sharing_enabled":true,"_links":{"self":[{"href":"https:\/\/www.jazzzeitung.de\/cms\/wp-json\/wp\/v2\/posts\/12326","targetHints":{"allow":["GET"]}}],"collection":[{"href":"https:\/\/www.jazzzeitung.de\/cms\/wp-json\/wp\/v2\/posts"}],"about":[{"href":"https:\/\/www.jazzzeitung.de\/cms\/wp-json\/wp\/v2\/types\/post"}],"author":[{"embeddable":true,"href":"https:\/\/www.jazzzeitung.de\/cms\/wp-json\/wp\/v2\/users\/18"}],"replies":[{"embeddable":true,"href":"https:\/\/www.jazzzeitung.de\/cms\/wp-json\/wp\/v2\/comments?post=12326"}],"version-history":[{"count":3,"href":"https:\/\/www.jazzzeitung.de\/cms\/wp-json\/wp\/v2\/posts\/12326\/revisions"}],"predecessor-version":[{"id":12331,"href":"https:\/\/www.jazzzeitung.de\/cms\/wp-json\/wp\/v2\/posts\/12326\/revisions\/12331"}],"wp:attachment":[{"href":"https:\/\/www.jazzzeitung.de\/cms\/wp-json\/wp\/v2\/media?parent=12326"}],"wp:term":[{"taxonomy":"category","embeddable":true,"href":"https:\/\/www.jazzzeitung.de\/cms\/wp-json\/wp\/v2\/categories?post=12326"},{"taxonomy":"post_tag","embeddable":true,"href":"https:\/\/www.jazzzeitung.de\/cms\/wp-json\/wp\/v2\/tags?post=12326"},{"taxonomy":"author","embeddable":true,"href":"https:\/\/www.jazzzeitung.de\/cms\/wp-json\/wp\/v2\/coauthors?post=12326"}],"curies":[{"name":"wp","href":"https:\/\/api.w.org\/{rel}","templated":true}]}}