{"id":12179,"date":"2017-04-28T12:45:37","date_gmt":"2017-04-28T10:45:37","guid":{"rendered":"http:\/\/www.jazzzeitung.de\/cms\/?p=12179"},"modified":"2017-04-29T07:56:24","modified_gmt":"2017-04-29T05:56:24","slug":"12179","status":"publish","type":"post","link":"https:\/\/www.jazzzeitung.de\/cms\/2017\/04\/12179\/","title":{"rendered":"Bremer jazzahead er\u00f6ffnet mit finnischer Nacht und Jazz f\u00fcr Kinder"},"content":{"rendered":"<div class=\"tiled-gallery type-rectangular tiled-gallery-unresized\" data-original-width=\"840\" data-carousel-extra='{&quot;blog_id&quot;:1,&quot;permalink&quot;:&quot;https:\\\/\\\/www.jazzzeitung.de\\\/cms\\\/2017\\\/04\\\/12179\\\/&quot;,&quot;likes_blog_id&quot;:55446655}' itemscope itemtype=\"http:\/\/schema.org\/ImageGallery\" > <div class=\"gallery-row\" style=\"width: 840px; height: 376px;\" data-original-width=\"840\" data-original-height=\"376\" > <div class=\"gallery-group images-1\" style=\"width: 561px; height: 376px;\" data-original-width=\"561\" data-original-height=\"376\" > <div class=\"tiled-gallery-item tiled-gallery-item-large\" itemprop=\"associatedMedia\" itemscope itemtype=\"http:\/\/schema.org\/ImageObject\"> <a href=\"https:\/\/www.jazzzeitung.de\/cms\/2017\/04\/12179\/jazzahead-bremen-2\/\" border=\"0\" itemprop=\"url\"> <meta itemprop=\"width\" content=\"557\"> <meta itemprop=\"height\" content=\"372\"> <img decoding=\"async\" class=\"\" data-attachment-id=\"12185\" data-orig-file=\"https:\/\/www.jazzzeitung.de\/cms\/wp-content\/uploads\/2017\/04\/001_Foto-van-Loon.jpg\" data-orig-size=\"6726,4489\" data-comments-opened=\"1\" data-image-meta=\"{&quot;aperture&quot;:&quot;7.1&quot;,&quot;credit&quot;:&quot;Fotografie van Loon&quot;,&quot;camera&quot;:&quot;NIKON D810&quot;,&quot;caption&quot;:&quot;&quot;,&quot;created_timestamp&quot;:&quot;1493327906&quot;,&quot;copyright&quot;:&quot;&quot;,&quot;focal_length&quot;:&quot;122&quot;,&quot;iso&quot;:&quot;8000&quot;,&quot;shutter_speed&quot;:&quot;0.005&quot;,&quot;title&quot;:&quot;Jazzahead Bremen&quot;,&quot;orientation&quot;:&quot;1&quot;}\" data-image-title=\"Jazzahead Bremen\" data-image-description=\"\" data-medium-file=\"https:\/\/i0.wp.com\/www.jazzzeitung.de\/cms\/wp-content\/uploads\/2017\/04\/001_Foto-van-Loon.jpg?fit=300%2C200&#038;ssl=1\" data-large-file=\"https:\/\/i0.wp.com\/www.jazzzeitung.de\/cms\/wp-content\/uploads\/2017\/04\/001_Foto-van-Loon.jpg?fit=840%2C560&#038;ssl=1\" src=\"https:\/\/i0.wp.com\/www.jazzzeitung.de\/cms\/wp-content\/uploads\/2017\/04\/001_Foto-van-Loon.jpg?w=557&#038;h=372&#038;ssl=1\" srcset=\"https:\/\/i0.wp.com\/www.jazzzeitung.de\/cms\/wp-content\/uploads\/2017\/04\/001_Foto-van-Loon.jpg?w=6726&amp;ssl=1 6726w, https:\/\/i0.wp.com\/www.jazzzeitung.de\/cms\/wp-content\/uploads\/2017\/04\/001_Foto-van-Loon.jpg?resize=300%2C200&amp;ssl=1 300w, https:\/\/i0.wp.com\/www.jazzzeitung.de\/cms\/wp-content\/uploads\/2017\/04\/001_Foto-van-Loon.jpg?resize=768%2C513&amp;ssl=1 768w, https:\/\/i0.wp.com\/www.jazzzeitung.de\/cms\/wp-content\/uploads\/2017\/04\/001_Foto-van-Loon.jpg?resize=900%2C600&amp;ssl=1 900w, https:\/\/i0.wp.com\/www.jazzzeitung.de\/cms\/wp-content\/uploads\/2017\/04\/001_Foto-van-Loon.jpg?w=1680&amp;ssl=1 1680w, https:\/\/i0.wp.com\/www.jazzzeitung.de\/cms\/wp-content\/uploads\/2017\/04\/001_Foto-van-Loon.jpg?w=2520&amp;ssl=1 2520w\" width=\"557\" height=\"372\" loading=\"lazy\" data-original-width=\"557\" data-original-height=\"372\" itemprop=\"http:\/\/schema.org\/image\" title=\"Jazzahead Bremen\" alt=\"Antti Hevosmaa. Foto: Susanne van Loon\" style=\"width: 557px; height: 372px;\" \/> <\/a> <div class=\"tiled-gallery-caption\" itemprop=\"caption description\"> Antti Hevosmaa. Foto: Susanne van Loon <\/div> <\/div> <\/div> <!-- close group --> <div class=\"gallery-group images-2\" style=\"width: 279px; height: 376px;\" data-original-width=\"279\" data-original-height=\"376\" > <div class=\"tiled-gallery-item tiled-gallery-item-large\" itemprop=\"associatedMedia\" itemscope itemtype=\"http:\/\/schema.org\/ImageObject\"> <a href=\"https:\/\/www.jazzzeitung.de\/cms\/2017\/04\/12179\/jazzahead-bremen-3\/\" border=\"0\" itemprop=\"url\"> <meta itemprop=\"width\" content=\"275\"> <meta itemprop=\"height\" content=\"184\"> <img decoding=\"async\" class=\"\" data-attachment-id=\"12186\" data-orig-file=\"https:\/\/www.jazzzeitung.de\/cms\/wp-content\/uploads\/2017\/04\/002_Foto-van-Loon.jpg\" data-orig-size=\"5513,3679\" data-comments-opened=\"1\" data-image-meta=\"{&quot;aperture&quot;:&quot;4&quot;,&quot;credit&quot;:&quot;Fotografie van Loon&quot;,&quot;camera&quot;:&quot;NIKON D810&quot;,&quot;caption&quot;:&quot;&quot;,&quot;created_timestamp&quot;:&quot;1493326782&quot;,&quot;copyright&quot;:&quot;&quot;,&quot;focal_length&quot;:&quot;200&quot;,&quot;iso&quot;:&quot;5000&quot;,&quot;shutter_speed&quot;:&quot;0.005&quot;,&quot;title&quot;:&quot;Jazzahead Bremen&quot;,&quot;orientation&quot;:&quot;1&quot;}\" data-image-title=\"Jazzahead Bremen\" data-image-description=\"\" data-medium-file=\"https:\/\/i0.wp.com\/www.jazzzeitung.de\/cms\/wp-content\/uploads\/2017\/04\/002_Foto-van-Loon.jpg?fit=300%2C200&#038;ssl=1\" data-large-file=\"https:\/\/i0.wp.com\/www.jazzzeitung.de\/cms\/wp-content\/uploads\/2017\/04\/002_Foto-van-Loon.jpg?fit=840%2C560&#038;ssl=1\" src=\"https:\/\/i0.wp.com\/www.jazzzeitung.de\/cms\/wp-content\/uploads\/2017\/04\/002_Foto-van-Loon.jpg?w=275&#038;h=184&#038;ssl=1\" srcset=\"https:\/\/i0.wp.com\/www.jazzzeitung.de\/cms\/wp-content\/uploads\/2017\/04\/002_Foto-van-Loon.jpg?w=5513&amp;ssl=1 5513w, https:\/\/i0.wp.com\/www.jazzzeitung.de\/cms\/wp-content\/uploads\/2017\/04\/002_Foto-van-Loon.jpg?resize=300%2C200&amp;ssl=1 300w, https:\/\/i0.wp.com\/www.jazzzeitung.de\/cms\/wp-content\/uploads\/2017\/04\/002_Foto-van-Loon.jpg?resize=768%2C513&amp;ssl=1 768w, https:\/\/i0.wp.com\/www.jazzzeitung.de\/cms\/wp-content\/uploads\/2017\/04\/002_Foto-van-Loon.jpg?resize=900%2C600&amp;ssl=1 900w, https:\/\/i0.wp.com\/www.jazzzeitung.de\/cms\/wp-content\/uploads\/2017\/04\/002_Foto-van-Loon.jpg?w=1680&amp;ssl=1 1680w, https:\/\/i0.wp.com\/www.jazzzeitung.de\/cms\/wp-content\/uploads\/2017\/04\/002_Foto-van-Loon.jpg?w=2520&amp;ssl=1 2520w\" width=\"275\" height=\"184\" loading=\"lazy\" data-original-width=\"275\" data-original-height=\"184\" itemprop=\"http:\/\/schema.org\/image\" title=\"Jazzahead Bremen\" alt=\"Antti Hevosmaa. Foto: Susanne van Loon\" style=\"width: 275px; height: 184px;\" \/> <\/a> <div class=\"tiled-gallery-caption\" itemprop=\"caption description\"> Antti Hevosmaa. Foto: Susanne van Loon <\/div> <\/div> <div class=\"tiled-gallery-item tiled-gallery-item-large\" itemprop=\"associatedMedia\" itemscope itemtype=\"http:\/\/schema.org\/ImageObject\"> <a href=\"https:\/\/www.jazzzeitung.de\/cms\/2017\/04\/12179\/jazzahead-bremen-4\/\" border=\"0\" itemprop=\"url\"> <meta itemprop=\"width\" content=\"275\"> <meta itemprop=\"height\" content=\"184\"> <img decoding=\"async\" class=\"\" data-attachment-id=\"12187\" data-orig-file=\"https:\/\/www.jazzzeitung.de\/cms\/wp-content\/uploads\/2017\/04\/003_Foto-van-Loon.jpg\" data-orig-size=\"6228,4157\" data-comments-opened=\"1\" data-image-meta=\"{&quot;aperture&quot;:&quot;3.2&quot;,&quot;credit&quot;:&quot;Fotografie van Loon&quot;,&quot;camera&quot;:&quot;NIKON D810&quot;,&quot;caption&quot;:&quot;&quot;,&quot;created_timestamp&quot;:&quot;1493327557&quot;,&quot;copyright&quot;:&quot;&quot;,&quot;focal_length&quot;:&quot;200&quot;,&quot;iso&quot;:&quot;8000&quot;,&quot;shutter_speed&quot;:&quot;0.005&quot;,&quot;title&quot;:&quot;Jazzahead Bremen&quot;,&quot;orientation&quot;:&quot;1&quot;}\" data-image-title=\"Jazzahead Bremen\" data-image-description=\"\" data-medium-file=\"https:\/\/i0.wp.com\/www.jazzzeitung.de\/cms\/wp-content\/uploads\/2017\/04\/003_Foto-van-Loon.jpg?fit=300%2C200&#038;ssl=1\" data-large-file=\"https:\/\/i0.wp.com\/www.jazzzeitung.de\/cms\/wp-content\/uploads\/2017\/04\/003_Foto-van-Loon.jpg?fit=840%2C560&#038;ssl=1\" src=\"https:\/\/i0.wp.com\/www.jazzzeitung.de\/cms\/wp-content\/uploads\/2017\/04\/003_Foto-van-Loon.jpg?w=275&#038;h=184&#038;ssl=1\" srcset=\"https:\/\/i0.wp.com\/www.jazzzeitung.de\/cms\/wp-content\/uploads\/2017\/04\/003_Foto-van-Loon.jpg?w=6228&amp;ssl=1 6228w, https:\/\/i0.wp.com\/www.jazzzeitung.de\/cms\/wp-content\/uploads\/2017\/04\/003_Foto-van-Loon.jpg?resize=300%2C200&amp;ssl=1 300w, https:\/\/i0.wp.com\/www.jazzzeitung.de\/cms\/wp-content\/uploads\/2017\/04\/003_Foto-van-Loon.jpg?resize=768%2C513&amp;ssl=1 768w, https:\/\/i0.wp.com\/www.jazzzeitung.de\/cms\/wp-content\/uploads\/2017\/04\/003_Foto-van-Loon.jpg?resize=900%2C600&amp;ssl=1 900w, https:\/\/i0.wp.com\/www.jazzzeitung.de\/cms\/wp-content\/uploads\/2017\/04\/003_Foto-van-Loon.jpg?w=1680&amp;ssl=1 1680w, https:\/\/i0.wp.com\/www.jazzzeitung.de\/cms\/wp-content\/uploads\/2017\/04\/003_Foto-van-Loon.jpg?w=2520&amp;ssl=1 2520w\" width=\"275\" height=\"184\" loading=\"lazy\" data-original-width=\"275\" data-original-height=\"184\" itemprop=\"http:\/\/schema.org\/image\" title=\"Jazzahead Bremen\" alt=\"Heikki Selamo. Foto: Susanne van Loon\" style=\"width: 275px; height: 184px;\" \/> <\/a> <div class=\"tiled-gallery-caption\" itemprop=\"caption description\"> Heikki Selamo. Foto: Susanne van Loon <\/div> <\/div> <\/div> <!-- close group --> <\/div> <!-- close row --> <div class=\"gallery-row\" style=\"width: 840px; height: 375px;\" data-original-width=\"840\" data-original-height=\"375\" > <div class=\"gallery-group images-2\" style=\"width: 279px; height: 375px;\" data-original-width=\"279\" data-original-height=\"375\" > <div class=\"tiled-gallery-item tiled-gallery-item-large\" itemprop=\"associatedMedia\" itemscope itemtype=\"http:\/\/schema.org\/ImageObject\"> <a href=\"https:\/\/www.jazzzeitung.de\/cms\/2017\/04\/12179\/jazzahead-bremen-6\/\" border=\"0\" itemprop=\"url\"> <meta itemprop=\"width\" content=\"275\"> <meta itemprop=\"height\" content=\"183\"> <img decoding=\"async\" class=\"\" data-attachment-id=\"12189\" data-orig-file=\"https:\/\/www.jazzzeitung.de\/cms\/wp-content\/uploads\/2017\/04\/005_Foto-van-Loon.jpg\" data-orig-size=\"6267,4182\" data-comments-opened=\"1\" data-image-meta=\"{&quot;aperture&quot;:&quot;5.6&quot;,&quot;credit&quot;:&quot;Fotografie van Loon&quot;,&quot;camera&quot;:&quot;NIKON D810&quot;,&quot;caption&quot;:&quot;&quot;,&quot;created_timestamp&quot;:&quot;1493331632&quot;,&quot;copyright&quot;:&quot;&quot;,&quot;focal_length&quot;:&quot;200&quot;,&quot;iso&quot;:&quot;8000&quot;,&quot;shutter_speed&quot;:&quot;0.005&quot;,&quot;title&quot;:&quot;Jazzahead Bremen&quot;,&quot;orientation&quot;:&quot;1&quot;}\" data-image-title=\"Jazzahead Bremen\" data-image-description=\"\" data-medium-file=\"https:\/\/i0.wp.com\/www.jazzzeitung.de\/cms\/wp-content\/uploads\/2017\/04\/005_Foto-van-Loon.jpg?fit=300%2C200&#038;ssl=1\" data-large-file=\"https:\/\/i0.wp.com\/www.jazzzeitung.de\/cms\/wp-content\/uploads\/2017\/04\/005_Foto-van-Loon.jpg?fit=840%2C560&#038;ssl=1\" src=\"https:\/\/i0.wp.com\/www.jazzzeitung.de\/cms\/wp-content\/uploads\/2017\/04\/005_Foto-van-Loon.jpg?w=275&#038;h=183&#038;ssl=1\" srcset=\"https:\/\/i0.wp.com\/www.jazzzeitung.de\/cms\/wp-content\/uploads\/2017\/04\/005_Foto-van-Loon.jpg?w=6267&amp;ssl=1 6267w, https:\/\/i0.wp.com\/www.jazzzeitung.de\/cms\/wp-content\/uploads\/2017\/04\/005_Foto-van-Loon.jpg?resize=300%2C200&amp;ssl=1 300w, https:\/\/i0.wp.com\/www.jazzzeitung.de\/cms\/wp-content\/uploads\/2017\/04\/005_Foto-van-Loon.jpg?resize=768%2C512&amp;ssl=1 768w, https:\/\/i0.wp.com\/www.jazzzeitung.de\/cms\/wp-content\/uploads\/2017\/04\/005_Foto-van-Loon.jpg?resize=900%2C600&amp;ssl=1 900w, https:\/\/i0.wp.com\/www.jazzzeitung.de\/cms\/wp-content\/uploads\/2017\/04\/005_Foto-van-Loon.jpg?w=1680&amp;ssl=1 1680w, https:\/\/i0.wp.com\/www.jazzzeitung.de\/cms\/wp-content\/uploads\/2017\/04\/005_Foto-van-Loon.jpg?w=2520&amp;ssl=1 2520w\" width=\"275\" height=\"183\" loading=\"lazy\" data-original-width=\"275\" data-original-height=\"183\" itemprop=\"http:\/\/schema.org\/image\" title=\"Jazzahead Bremen\" alt=\"Verneri Pohjola. Foto: Susanne van Loon\" style=\"width: 275px; height: 183px;\" \/> <\/a> <div class=\"tiled-gallery-caption\" itemprop=\"caption description\"> Verneri Pohjola. Foto: Susanne van Loon <\/div> <\/div> <div class=\"tiled-gallery-item tiled-gallery-item-large\" itemprop=\"associatedMedia\" itemscope itemtype=\"http:\/\/schema.org\/ImageObject\"> <a href=\"https:\/\/www.jazzzeitung.de\/cms\/2017\/04\/12179\/jazzahead-bremen-5\/\" border=\"0\" itemprop=\"url\"> <meta itemprop=\"width\" content=\"275\"> <meta itemprop=\"height\" content=\"184\"> <img decoding=\"async\" class=\"\" data-attachment-id=\"12188\" data-orig-file=\"https:\/\/www.jazzzeitung.de\/cms\/wp-content\/uploads\/2017\/04\/004_Foto-van-Loon.jpg\" data-orig-size=\"6685,4461\" data-comments-opened=\"1\" data-image-meta=\"{&quot;aperture&quot;:&quot;2.8&quot;,&quot;credit&quot;:&quot;Fotografie van Loon&quot;,&quot;camera&quot;:&quot;NIKON D810&quot;,&quot;caption&quot;:&quot;&quot;,&quot;created_timestamp&quot;:&quot;1493331512&quot;,&quot;copyright&quot;:&quot;&quot;,&quot;focal_length&quot;:&quot;200&quot;,&quot;iso&quot;:&quot;8000&quot;,&quot;shutter_speed&quot;:&quot;0.005&quot;,&quot;title&quot;:&quot;Jazzahead Bremen&quot;,&quot;orientation&quot;:&quot;1&quot;}\" data-image-title=\"Jazzahead Bremen\" data-image-description=\"\" data-medium-file=\"https:\/\/i0.wp.com\/www.jazzzeitung.de\/cms\/wp-content\/uploads\/2017\/04\/004_Foto-van-Loon.jpg?fit=300%2C200&#038;ssl=1\" data-large-file=\"https:\/\/i0.wp.com\/www.jazzzeitung.de\/cms\/wp-content\/uploads\/2017\/04\/004_Foto-van-Loon.jpg?fit=840%2C560&#038;ssl=1\" src=\"https:\/\/i0.wp.com\/www.jazzzeitung.de\/cms\/wp-content\/uploads\/2017\/04\/004_Foto-van-Loon.jpg?w=275&#038;h=184&#038;ssl=1\" srcset=\"https:\/\/i0.wp.com\/www.jazzzeitung.de\/cms\/wp-content\/uploads\/2017\/04\/004_Foto-van-Loon.jpg?w=6685&amp;ssl=1 6685w, https:\/\/i0.wp.com\/www.jazzzeitung.de\/cms\/wp-content\/uploads\/2017\/04\/004_Foto-van-Loon.jpg?resize=300%2C200&amp;ssl=1 300w, https:\/\/i0.wp.com\/www.jazzzeitung.de\/cms\/wp-content\/uploads\/2017\/04\/004_Foto-van-Loon.jpg?resize=768%2C512&amp;ssl=1 768w, https:\/\/i0.wp.com\/www.jazzzeitung.de\/cms\/wp-content\/uploads\/2017\/04\/004_Foto-van-Loon.jpg?resize=900%2C600&amp;ssl=1 900w, https:\/\/i0.wp.com\/www.jazzzeitung.de\/cms\/wp-content\/uploads\/2017\/04\/004_Foto-van-Loon.jpg?w=1680&amp;ssl=1 1680w, https:\/\/i0.wp.com\/www.jazzzeitung.de\/cms\/wp-content\/uploads\/2017\/04\/004_Foto-van-Loon.jpg?w=2520&amp;ssl=1 2520w\" width=\"275\" height=\"184\" loading=\"lazy\" data-original-width=\"275\" data-original-height=\"184\" itemprop=\"http:\/\/schema.org\/image\" title=\"Jazzahead Bremen\" alt=\"Teemu Viinikainen. Foto: Susanne van Loon\" style=\"width: 275px; height: 184px;\" \/> <\/a> <div class=\"tiled-gallery-caption\" itemprop=\"caption description\"> Teemu Viinikainen. Foto: Susanne van Loon <\/div> <\/div> <\/div> <!-- close group --> <div class=\"gallery-group images-1\" style=\"width: 561px; height: 375px;\" data-original-width=\"561\" data-original-height=\"375\" > <div class=\"tiled-gallery-item tiled-gallery-item-large\" itemprop=\"associatedMedia\" itemscope itemtype=\"http:\/\/schema.org\/ImageObject\"> <a href=\"https:\/\/www.jazzzeitung.de\/cms\/2017\/04\/12179\/jazzahead-bremen\/\" border=\"0\" itemprop=\"url\"> <meta itemprop=\"width\" content=\"557\"> <meta itemprop=\"height\" content=\"371\"> <img decoding=\"async\" class=\"\" data-attachment-id=\"12184\" data-orig-file=\"https:\/\/www.jazzzeitung.de\/cms\/wp-content\/uploads\/2017\/04\/008_Foto-van-Loon.jpg\" data-orig-size=\"7360,4912\" data-comments-opened=\"1\" data-image-meta=\"{&quot;aperture&quot;:&quot;6.3&quot;,&quot;credit&quot;:&quot;Fotografie van Loon&quot;,&quot;camera&quot;:&quot;NIKON D810&quot;,&quot;caption&quot;:&quot;&quot;,&quot;created_timestamp&quot;:&quot;1493332824&quot;,&quot;copyright&quot;:&quot;&quot;,&quot;focal_length&quot;:&quot;200&quot;,&quot;iso&quot;:&quot;8000&quot;,&quot;shutter_speed&quot;:&quot;0.005&quot;,&quot;title&quot;:&quot;Jazzahead Bremen&quot;,&quot;orientation&quot;:&quot;1&quot;}\" data-image-title=\"Jazzahead Bremen\" data-image-description=\"\" data-medium-file=\"https:\/\/i0.wp.com\/www.jazzzeitung.de\/cms\/wp-content\/uploads\/2017\/04\/008_Foto-van-Loon.jpg?fit=300%2C200&#038;ssl=1\" data-large-file=\"https:\/\/i0.wp.com\/www.jazzzeitung.de\/cms\/wp-content\/uploads\/2017\/04\/008_Foto-van-Loon.jpg?fit=840%2C560&#038;ssl=1\" src=\"https:\/\/i0.wp.com\/www.jazzzeitung.de\/cms\/wp-content\/uploads\/2017\/04\/008_Foto-van-Loon.jpg?w=557&#038;h=371&#038;ssl=1\" srcset=\"https:\/\/i0.wp.com\/www.jazzzeitung.de\/cms\/wp-content\/uploads\/2017\/04\/008_Foto-van-Loon.jpg?w=7360&amp;ssl=1 7360w, https:\/\/i0.wp.com\/www.jazzzeitung.de\/cms\/wp-content\/uploads\/2017\/04\/008_Foto-van-Loon.jpg?resize=300%2C200&amp;ssl=1 300w, https:\/\/i0.wp.com\/www.jazzzeitung.de\/cms\/wp-content\/uploads\/2017\/04\/008_Foto-van-Loon.jpg?resize=768%2C513&amp;ssl=1 768w, https:\/\/i0.wp.com\/www.jazzzeitung.de\/cms\/wp-content\/uploads\/2017\/04\/008_Foto-van-Loon.jpg?resize=900%2C600&amp;ssl=1 900w, https:\/\/i0.wp.com\/www.jazzzeitung.de\/cms\/wp-content\/uploads\/2017\/04\/008_Foto-van-Loon.jpg?w=1680&amp;ssl=1 1680w, https:\/\/i0.wp.com\/www.jazzzeitung.de\/cms\/wp-content\/uploads\/2017\/04\/008_Foto-van-Loon.jpg?w=2520&amp;ssl=1 2520w\" width=\"557\" height=\"371\" loading=\"lazy\" data-original-width=\"557\" data-original-height=\"371\" itemprop=\"http:\/\/schema.org\/image\" title=\"Jazzahead Bremen\" alt=\"Teemu Viinikainen. Foto: Susanne van Loon\" style=\"width: 557px; height: 371px;\" \/> <\/a> <div class=\"tiled-gallery-caption\" itemprop=\"caption description\"> Teemu Viinikainen. Foto: Susanne van Loon <\/div> <\/div> <\/div> <!-- close group --> <\/div> <!-- close row --> <div class=\"gallery-row\" style=\"width: 840px; height: 377px;\" data-original-width=\"840\" data-original-height=\"377\" > <div class=\"gallery-group images-1\" style=\"width: 563px; height: 377px;\" data-original-width=\"563\" data-original-height=\"377\" > <div class=\"tiled-gallery-item tiled-gallery-item-large\" itemprop=\"associatedMedia\" itemscope itemtype=\"http:\/\/schema.org\/ImageObject\"> <a href=\"https:\/\/www.jazzzeitung.de\/cms\/2017\/04\/12179\/jazzahead-bremen-8\/\" border=\"0\" itemprop=\"url\"> <meta itemprop=\"width\" content=\"559\"> <meta itemprop=\"height\" content=\"373\"> <img decoding=\"async\" class=\"\" data-attachment-id=\"12191\" data-orig-file=\"https:\/\/www.jazzzeitung.de\/cms\/wp-content\/uploads\/2017\/04\/007_Foto-van-Loon.jpg\" data-orig-size=\"7360,4912\" data-comments-opened=\"1\" data-image-meta=\"{&quot;aperture&quot;:&quot;13&quot;,&quot;credit&quot;:&quot;Fotografie van Loon&quot;,&quot;camera&quot;:&quot;NIKON D810&quot;,&quot;caption&quot;:&quot;&quot;,&quot;created_timestamp&quot;:&quot;1493332003&quot;,&quot;copyright&quot;:&quot;&quot;,&quot;focal_length&quot;:&quot;180&quot;,&quot;iso&quot;:&quot;8000&quot;,&quot;shutter_speed&quot;:&quot;0.005&quot;,&quot;title&quot;:&quot;Jazzahead Bremen&quot;,&quot;orientation&quot;:&quot;1&quot;}\" data-image-title=\"Jazzahead Bremen\" data-image-description=\"\" data-medium-file=\"https:\/\/i0.wp.com\/www.jazzzeitung.de\/cms\/wp-content\/uploads\/2017\/04\/007_Foto-van-Loon.jpg?fit=300%2C200&#038;ssl=1\" data-large-file=\"https:\/\/i0.wp.com\/www.jazzzeitung.de\/cms\/wp-content\/uploads\/2017\/04\/007_Foto-van-Loon.jpg?fit=840%2C560&#038;ssl=1\" src=\"https:\/\/i0.wp.com\/www.jazzzeitung.de\/cms\/wp-content\/uploads\/2017\/04\/007_Foto-van-Loon.jpg?w=559&#038;h=373&#038;ssl=1\" srcset=\"https:\/\/i0.wp.com\/www.jazzzeitung.de\/cms\/wp-content\/uploads\/2017\/04\/007_Foto-van-Loon.jpg?w=7360&amp;ssl=1 7360w, https:\/\/i0.wp.com\/www.jazzzeitung.de\/cms\/wp-content\/uploads\/2017\/04\/007_Foto-van-Loon.jpg?resize=300%2C200&amp;ssl=1 300w, https:\/\/i0.wp.com\/www.jazzzeitung.de\/cms\/wp-content\/uploads\/2017\/04\/007_Foto-van-Loon.jpg?resize=768%2C513&amp;ssl=1 768w, https:\/\/i0.wp.com\/www.jazzzeitung.de\/cms\/wp-content\/uploads\/2017\/04\/007_Foto-van-Loon.jpg?resize=900%2C600&amp;ssl=1 900w, https:\/\/i0.wp.com\/www.jazzzeitung.de\/cms\/wp-content\/uploads\/2017\/04\/007_Foto-van-Loon.jpg?w=1680&amp;ssl=1 1680w, https:\/\/i0.wp.com\/www.jazzzeitung.de\/cms\/wp-content\/uploads\/2017\/04\/007_Foto-van-Loon.jpg?w=2520&amp;ssl=1 2520w\" width=\"559\" height=\"373\" loading=\"lazy\" data-original-width=\"559\" data-original-height=\"373\" itemprop=\"http:\/\/schema.org\/image\" title=\"Jazzahead Bremen\" alt=\"Mika Kallio. Foto: Susanne van Loon\" style=\"width: 559px; height: 373px;\" \/> <\/a> <div class=\"tiled-gallery-caption\" itemprop=\"caption description\"> Mika Kallio. Foto: Susanne van Loon <\/div> <\/div> <\/div> <!-- close group --> <div class=\"gallery-group images-1\" style=\"width: 277px; height: 377px;\" data-original-width=\"277\" data-original-height=\"377\" > <div class=\"tiled-gallery-item tiled-gallery-item-large\" itemprop=\"associatedMedia\" itemscope itemtype=\"http:\/\/schema.org\/ImageObject\"> <a href=\"https:\/\/www.jazzzeitung.de\/cms\/2017\/04\/12179\/jazzahead-bremen-7\/\" border=\"0\" itemprop=\"url\"> <meta itemprop=\"width\" content=\"273\"> <meta itemprop=\"height\" content=\"373\"> <img decoding=\"async\" class=\"\" data-attachment-id=\"12190\" data-orig-file=\"https:\/\/www.jazzzeitung.de\/cms\/wp-content\/uploads\/2017\/04\/006_Foto-van-Loon.jpg\" data-orig-size=\"4442,6058\" data-comments-opened=\"1\" data-image-meta=\"{&quot;aperture&quot;:&quot;10&quot;,&quot;credit&quot;:&quot;Fotografie van Loon&quot;,&quot;camera&quot;:&quot;NIKON D810&quot;,&quot;caption&quot;:&quot;&quot;,&quot;created_timestamp&quot;:&quot;1493331937&quot;,&quot;copyright&quot;:&quot;&quot;,&quot;focal_length&quot;:&quot;200&quot;,&quot;iso&quot;:&quot;8000&quot;,&quot;shutter_speed&quot;:&quot;0.005&quot;,&quot;title&quot;:&quot;Jazzahead Bremen&quot;,&quot;orientation&quot;:&quot;1&quot;}\" data-image-title=\"Jazzahead Bremen\" data-image-description=\"\" data-medium-file=\"https:\/\/i0.wp.com\/www.jazzzeitung.de\/cms\/wp-content\/uploads\/2017\/04\/006_Foto-van-Loon.jpg?fit=220%2C300&#038;ssl=1\" data-large-file=\"https:\/\/i0.wp.com\/www.jazzzeitung.de\/cms\/wp-content\/uploads\/2017\/04\/006_Foto-van-Loon.jpg?fit=440%2C600&#038;ssl=1\" src=\"https:\/\/i0.wp.com\/www.jazzzeitung.de\/cms\/wp-content\/uploads\/2017\/04\/006_Foto-van-Loon.jpg?w=273&#038;h=373&#038;ssl=1\" srcset=\"https:\/\/i0.wp.com\/www.jazzzeitung.de\/cms\/wp-content\/uploads\/2017\/04\/006_Foto-van-Loon.jpg?w=4442&amp;ssl=1 4442w, https:\/\/i0.wp.com\/www.jazzzeitung.de\/cms\/wp-content\/uploads\/2017\/04\/006_Foto-van-Loon.jpg?resize=220%2C300&amp;ssl=1 220w, https:\/\/i0.wp.com\/www.jazzzeitung.de\/cms\/wp-content\/uploads\/2017\/04\/006_Foto-van-Loon.jpg?resize=768%2C1047&amp;ssl=1 768w, https:\/\/i0.wp.com\/www.jazzzeitung.de\/cms\/wp-content\/uploads\/2017\/04\/006_Foto-van-Loon.jpg?resize=440%2C600&amp;ssl=1 440w, https:\/\/i0.wp.com\/www.jazzzeitung.de\/cms\/wp-content\/uploads\/2017\/04\/006_Foto-van-Loon.jpg?w=1680&amp;ssl=1 1680w, https:\/\/i0.wp.com\/www.jazzzeitung.de\/cms\/wp-content\/uploads\/2017\/04\/006_Foto-van-Loon.jpg?w=2520&amp;ssl=1 2520w\" width=\"273\" height=\"373\" loading=\"lazy\" data-original-width=\"273\" data-original-height=\"373\" itemprop=\"http:\/\/schema.org\/image\" title=\"Jazzahead Bremen\" alt=\"Antti L\u00f6tj\u00f6nen. Foto: Susanne van Loon\" style=\"width: 273px; height: 373px;\" \/> <\/a> <div class=\"tiled-gallery-caption\" itemprop=\"caption description\"> Antti L\u00f6tj\u00f6nen. Foto: Susanne van Loon <\/div> <\/div> <\/div> <!-- close group --> <\/div> <!-- close row --> <\/div>\n<p>Die ersten Besucher der Bremer Fachmesse und des Showcase Festival jazzahead waren gestern fr\u00fch 400 Grundschulkinder, die begeistert bei dem Konzert von Mini Schulz (b), Obi Jenne (dr), Peter Lehel (sa) und Thilo Wagner (p) mitmachten. Mini Schulz ist zusammen mit den Machern der jazzahead und Markus L\u00fcdke vom Musikland Niedersachsen Initiator des Kongresses \u201eJazz und Improvisation f\u00fcr Kinder\u201c, der gestern die internationale Fachmesse f\u00fcr Jazzmusiker, Veranstalter, Booker, Agenten, F\u00f6rderer und Produzenten er\u00f6ffnete. Der Ansatz des Kongresses war so klar wie einleuchtend: Jazzmusiker mit ihrer Gabe zur Improvisation sind ideale Musikvermittler, die nicht an den Noten kleben, sondern leicht mit ihren jungen und erwachsenen Zuh\u00f6rern in Interaktion kommen. Das fanden auch die Vertreter gro\u00dfer H\u00e4user wie Elbphilharmonie oder Berliner Philharmoniker und sandten ihre Vermittlungsspezialisten nach Bremen, um das Potenzial des Jazz f\u00fcr die Musikvermittlung und music education auszuloten. Nicht ganz zuf\u00e4llig stellte sich dabei heraus: F\u00fcr die Jazzmusiker und Improvisatoren bietet sich hier ein neues, noch wenig erschlossenes Berufsfeld.<\/p>\n<p>Dann die wahre Er\u00f6ffnung der jazzahead: die Finnish Night. Gastland 2017 ist Finnland und so konnte im Wechselgang zwischen Halle 7 und dem atmosph\u00e4rischen Saal im Kulturzentrum Schlachthof ein informativer Blick auf die aktuelle finnische Szene geworfen werden. Finnland ist nicht nur Pisa-Land., sondern auch Jazzland. Von Kindesbeinen an wird dort Jazzmusik gelehrt und aktiv musiziert. Die Ergebnisse dieses Bildungssystems waren gestern zu h\u00f6ren und zu sehen.<\/p>\n<p>Unsere Bildergalerie zeigt zwei von insgesamt acht Ensembles: Die Band \u201eVirta\u201c um den den Trompeter Antti Hevosmaa \u00fcberraschte mit einer ekstatischen Ambient-Metal-Rockjazz-Fusion-Orgie. Melodi\u00f6s, klar und ans Herz gehend war dagegen der Auftritt des Trompeters Verneri Pohjola mit einer Hommage an die Musik seines Vaters, des Bassisten Pekka Pohjola.<\/p>\n<p>Wer weitere Finnen wie Kalle Kalima oder Raoul Bj\u00f6rkenheim sowie die K\u00fcnstler des heutigen European Jazz Meetings oder der German Jazz Epo am morgigen Tag h\u00f6ren und sehen will, dem sei der <a href=\"http:\/\/concert.arte.tv\/de\/jazzahead\">Arte Live Stream<\/a> von der jazzahead empfohlen.<\/p>\n<p>Andreas Kolb<\/p>\n<p>Fotos: Susanne van Loon<\/p>\n","protected":false},"excerpt":{"rendered":"<p>Die ersten Besucher der Bremer Fachmesse und des Showcase Festival jazzahead waren gestern fr\u00fch 400 Grundschulkinder, die begeistert bei dem Konzert von Mini Schulz (b), Obi Jenne (dr), Peter Lehel (sa) und Thilo Wagner (p) mitmachten. Mini Schulz ist zusammen mit den Machern der jazzahead und Markus L\u00fcdke vom Musikland Niedersachsen Initiator des Kongresses \u201eJazz und Improvisation f\u00fcr Kinder\u201c, der gestern die internationale Fachmesse f\u00fcr Jazzmusiker, Veranstalter, Booker, Agenten, F\u00f6rderer und Produzenten er\u00f6ffnete. Der Ansatz des Kongresses war so klar wie einleuchtend: Jazzmusiker mit ihrer Gabe zur Improvisation sind ideale Musikvermittler, die nicht an den Noten kleben, sondern leicht mit ihren jungen und erwachsenen Zuh\u00f6rern in Interaktion kommen. Das fanden auch die Vertreter gro\u00dfer H\u00e4user wie Elbphilharmonie oder Berliner Philharmoniker und sandten ihre Vermittlungsspezialisten nach Bremen, um das Potenzial des Jazz f\u00fcr die Musikvermittlung und music education auszuloten. Nicht ganz zuf\u00e4llig stellte sich dabei heraus: F\u00fcr die Jazzmusiker und Improvisatoren bietet sich hier ein neues, noch wenig erschlossenes Berufsfeld. Dann die wahre Er\u00f6ffnung der jazzahead: die Finnish Night. Gastland 2017 ist Finnland und so konnte im Wechselgang zwischen Halle 7 und dem atmosph\u00e4rischen Saal im &hellip;<\/p>\n","protected":false},"author":18,"featured_media":0,"comment_status":"open","ping_status":"closed","sticky":false,"template":"","format":"gallery","meta":{"_jetpack_memberships_contains_paid_content":false,"footnotes":"","jetpack_publicize_message":"","jetpack_publicize_feature_enabled":true,"jetpack_social_post_already_shared":false,"jetpack_social_options":{"image_generator_settings":{"template":"highway","default_image_id":0,"font":"","enabled":false},"version":2}},"categories":[1053],"tags":[621,48,95,1174,3,214,1007,268,918,281,314,322,524],"coauthors":[695],"class_list":["post-12179","post","type-post","status-publish","format-gallery","hentry","category-bericht","tag-andreas-kolb","tag-arte","tag-bremen","tag-download","tag-festival","tag-halle","tag-improvisation","tag-jazzahead","tag-jazzfestival","tag-jazzmusiker","tag-kinder","tag-konzert-2","tag-stream","post_format-post-format-gallery"],"yoast_head":"<!-- This site is optimized with the Yoast SEO plugin v27.5 - https:\/\/yoast.com\/product\/yoast-seo-wordpress\/ -->\n<title>Bremer jazzahead er\u00f6ffnet mit finnischer Nacht und Jazz f\u00fcr Kinder - JazzZeitung<\/title>\n<meta name=\"robots\" content=\"index, follow, max-snippet:-1, max-image-preview:large, max-video-preview:-1\" \/>\n<link rel=\"canonical\" href=\"https:\/\/www.jazzzeitung.de\/cms\/2017\/04\/12179\/\" \/>\n<meta property=\"og:locale\" content=\"de_DE\" \/>\n<meta property=\"og:type\" content=\"article\" \/>\n<meta property=\"og:title\" content=\"Bremer jazzahead er\u00f6ffnet mit finnischer Nacht und Jazz f\u00fcr Kinder - JazzZeitung\" \/>\n<meta property=\"og:description\" content=\"Die ersten Besucher der Bremer Fachmesse und des Showcase Festival jazzahead waren gestern fr\u00fch 400 Grundschulkinder, die begeistert bei dem Konzert von Mini Schulz (b), Obi Jenne (dr), Peter Lehel (sa) und Thilo Wagner (p) mitmachten. Mini Schulz ist zusammen mit den Machern der jazzahead und Markus L\u00fcdke vom Musikland Niedersachsen Initiator des Kongresses \u201eJazz und Improvisation f\u00fcr Kinder\u201c, der gestern die internationale Fachmesse f\u00fcr Jazzmusiker, Veranstalter, Booker, Agenten, F\u00f6rderer und Produzenten er\u00f6ffnete. Der Ansatz des Kongresses war so klar wie einleuchtend: Jazzmusiker mit ihrer Gabe zur Improvisation sind ideale Musikvermittler, die nicht an den Noten kleben, sondern leicht mit ihren jungen und erwachsenen Zuh\u00f6rern in Interaktion kommen. Das fanden auch die Vertreter gro\u00dfer H\u00e4user wie Elbphilharmonie oder Berliner Philharmoniker und sandten ihre Vermittlungsspezialisten nach Bremen, um das Potenzial des Jazz f\u00fcr die Musikvermittlung und music education auszuloten. Nicht ganz zuf\u00e4llig stellte sich dabei heraus: F\u00fcr die Jazzmusiker und Improvisatoren bietet sich hier ein neues, noch wenig erschlossenes Berufsfeld. Dann die wahre Er\u00f6ffnung der jazzahead: die Finnish Night. Gastland 2017 ist Finnland und so konnte im Wechselgang zwischen Halle 7 und dem atmosph\u00e4rischen Saal im &hellip;\" \/>\n<meta property=\"og:url\" content=\"https:\/\/www.jazzzeitung.de\/cms\/2017\/04\/12179\/\" \/>\n<meta property=\"og:site_name\" content=\"JazzZeitung\" \/>\n<meta property=\"article:publisher\" content=\"https:\/\/www.facebook.com\/JazzZeitung\/\" \/>\n<meta property=\"article:published_time\" content=\"2017-04-28T10:45:37+00:00\" \/>\n<meta property=\"article:modified_time\" content=\"2017-04-29T05:56:24+00:00\" \/>\n<meta property=\"og:image\" content=\"https:\/\/i0.wp.com\/www.jazzzeitung.de\/cms\/wp-content\/uploads\/2017\/04\/001_Foto-van-Loon.jpg?w=557&#038;h=372&#038;ssl=1\" \/>\n<meta name=\"author\" content=\"Redaktion JazzZeitung\" \/>\n<script type=\"application\/ld+json\" class=\"yoast-schema-graph\">{\"@context\":\"https:\\\/\\\/schema.org\",\"@graph\":[{\"@type\":\"Article\",\"@id\":\"https:\\\/\\\/www.jazzzeitung.de\\\/cms\\\/2017\\\/04\\\/12179\\\/#article\",\"isPartOf\":{\"@id\":\"https:\\\/\\\/www.jazzzeitung.de\\\/cms\\\/2017\\\/04\\\/12179\\\/\"},\"author\":{\"name\":\"Redaktion JazzZeitung\",\"@id\":\"https:\\\/\\\/www.jazzzeitung.de\\\/cms\\\/#\\\/schema\\\/person\\\/2245b36b9cd1d24cea10f01c031fb92b\"},\"headline\":\"Bremer jazzahead er\u00f6ffnet mit finnischer Nacht und Jazz f\u00fcr Kinder\",\"datePublished\":\"2017-04-28T10:45:37+00:00\",\"dateModified\":\"2017-04-29T05:56:24+00:00\",\"mainEntityOfPage\":{\"@id\":\"https:\\\/\\\/www.jazzzeitung.de\\\/cms\\\/2017\\\/04\\\/12179\\\/\"},\"wordCount\":351,\"commentCount\":0,\"publisher\":{\"@id\":\"https:\\\/\\\/www.jazzzeitung.de\\\/cms\\\/#organization\"},\"keywords\":[\"Andreas Kolb\",\"Arte\",\"Bremen\",\"Download\",\"Festival\",\"Halle\",\"Improvisation\",\"Jazzahead\",\"Jazzfestival\",\"Jazzmusiker\",\"Kinder\",\"Konzert\",\"Stream\"],\"articleSection\":[\"Bericht\"],\"inLanguage\":\"de\",\"potentialAction\":[{\"@type\":\"CommentAction\",\"name\":\"Comment\",\"target\":[\"https:\\\/\\\/www.jazzzeitung.de\\\/cms\\\/2017\\\/04\\\/12179\\\/#respond\"]}]},{\"@type\":\"WebPage\",\"@id\":\"https:\\\/\\\/www.jazzzeitung.de\\\/cms\\\/2017\\\/04\\\/12179\\\/\",\"url\":\"https:\\\/\\\/www.jazzzeitung.de\\\/cms\\\/2017\\\/04\\\/12179\\\/\",\"name\":\"Bremer jazzahead er\u00f6ffnet mit finnischer Nacht und Jazz f\u00fcr Kinder - JazzZeitung\",\"isPartOf\":{\"@id\":\"https:\\\/\\\/www.jazzzeitung.de\\\/cms\\\/#website\"},\"datePublished\":\"2017-04-28T10:45:37+00:00\",\"dateModified\":\"2017-04-29T05:56:24+00:00\",\"breadcrumb\":{\"@id\":\"https:\\\/\\\/www.jazzzeitung.de\\\/cms\\\/2017\\\/04\\\/12179\\\/#breadcrumb\"},\"inLanguage\":\"de\",\"potentialAction\":[{\"@type\":\"ReadAction\",\"target\":[\"https:\\\/\\\/www.jazzzeitung.de\\\/cms\\\/2017\\\/04\\\/12179\\\/\"]}]},{\"@type\":\"BreadcrumbList\",\"@id\":\"https:\\\/\\\/www.jazzzeitung.de\\\/cms\\\/2017\\\/04\\\/12179\\\/#breadcrumb\",\"itemListElement\":[{\"@type\":\"ListItem\",\"position\":1,\"name\":\"Startseite\",\"item\":\"https:\\\/\\\/www.jazzzeitung.de\\\/cms\\\/\"},{\"@type\":\"ListItem\",\"position\":2,\"name\":\"Bremer jazzahead er\u00f6ffnet mit finnischer Nacht und Jazz f\u00fcr Kinder\"}]},{\"@type\":\"WebSite\",\"@id\":\"https:\\\/\\\/www.jazzzeitung.de\\\/cms\\\/#website\",\"url\":\"https:\\\/\\\/www.jazzzeitung.de\\\/cms\\\/\",\"name\":\"JazzZeitung\",\"description\":\"Jazz-News und Jazz-Kontroverses\",\"publisher\":{\"@id\":\"https:\\\/\\\/www.jazzzeitung.de\\\/cms\\\/#organization\"},\"potentialAction\":[{\"@type\":\"SearchAction\",\"target\":{\"@type\":\"EntryPoint\",\"urlTemplate\":\"https:\\\/\\\/www.jazzzeitung.de\\\/cms\\\/?s={search_term_string}\"},\"query-input\":{\"@type\":\"PropertyValueSpecification\",\"valueRequired\":true,\"valueName\":\"search_term_string\"}}],\"inLanguage\":\"de\"},{\"@type\":\"Organization\",\"@id\":\"https:\\\/\\\/www.jazzzeitung.de\\\/cms\\\/#organization\",\"name\":\"JazzZeitung online\",\"url\":\"https:\\\/\\\/www.jazzzeitung.de\\\/cms\\\/\",\"logo\":{\"@type\":\"ImageObject\",\"inLanguage\":\"de\",\"@id\":\"https:\\\/\\\/www.jazzzeitung.de\\\/cms\\\/#\\\/schema\\\/logo\\\/image\\\/\",\"url\":\"https:\\\/\\\/i0.wp.com\\\/www.jazzzeitung.de\\\/cms\\\/wp-content\\\/uploads\\\/2015\\\/08\\\/JAZZZEITUNGDE_Logo_Neu.png?fit=499%2C200&ssl=1\",\"contentUrl\":\"https:\\\/\\\/i0.wp.com\\\/www.jazzzeitung.de\\\/cms\\\/wp-content\\\/uploads\\\/2015\\\/08\\\/JAZZZEITUNGDE_Logo_Neu.png?fit=499%2C200&ssl=1\",\"width\":499,\"height\":200,\"caption\":\"JazzZeitung online\"},\"image\":{\"@id\":\"https:\\\/\\\/www.jazzzeitung.de\\\/cms\\\/#\\\/schema\\\/logo\\\/image\\\/\"},\"sameAs\":[\"https:\\\/\\\/www.facebook.com\\\/JazzZeitung\\\/\"]},{\"@type\":\"Person\",\"@id\":\"https:\\\/\\\/www.jazzzeitung.de\\\/cms\\\/#\\\/schema\\\/person\\\/2245b36b9cd1d24cea10f01c031fb92b\",\"name\":\"Redaktion JazzZeitung\",\"image\":{\"@type\":\"ImageObject\",\"inLanguage\":\"de\",\"@id\":\"https:\\\/\\\/i0.wp.com\\\/www.jazzzeitung.de\\\/cms\\\/wp-content\\\/uploads\\\/2015\\\/08\\\/JAZZZEITUNGDE_Logo_Neu.png?resize=96%2C96&ssl=159975dcacb611b5700bd619b5daf0a7a\",\"url\":\"https:\\\/\\\/i0.wp.com\\\/www.jazzzeitung.de\\\/cms\\\/wp-content\\\/uploads\\\/2015\\\/08\\\/JAZZZEITUNGDE_Logo_Neu.png?resize=96%2C96&ssl=1\",\"contentUrl\":\"https:\\\/\\\/i0.wp.com\\\/www.jazzzeitung.de\\\/cms\\\/wp-content\\\/uploads\\\/2015\\\/08\\\/JAZZZEITUNGDE_Logo_Neu.png?resize=96%2C96&ssl=1\",\"caption\":\"Redaktion JazzZeitung\"},\"description\":\"Artikel der Redaktion der JazzZeitung.\",\"sameAs\":[\"http:\\\/\\\/www.jazzzeitung.de\\\/cms\\\/\"],\"url\":\"https:\\\/\\\/www.jazzzeitung.de\\\/cms\\\/author\\\/redaktion\\\/\"}]}<\/script>\n<!-- \/ Yoast SEO plugin. -->","yoast_head_json":{"title":"Bremer jazzahead er\u00f6ffnet mit finnischer Nacht und Jazz f\u00fcr Kinder - JazzZeitung","robots":{"index":"index","follow":"follow","max-snippet":"max-snippet:-1","max-image-preview":"max-image-preview:large","max-video-preview":"max-video-preview:-1"},"canonical":"https:\/\/www.jazzzeitung.de\/cms\/2017\/04\/12179\/","og_locale":"de_DE","og_type":"article","og_title":"Bremer jazzahead er\u00f6ffnet mit finnischer Nacht und Jazz f\u00fcr Kinder - JazzZeitung","og_description":"Die ersten Besucher der Bremer Fachmesse und des Showcase Festival jazzahead waren gestern fr\u00fch 400 Grundschulkinder, die begeistert bei dem Konzert von Mini Schulz (b), Obi Jenne (dr), Peter Lehel (sa) und Thilo Wagner (p) mitmachten. Mini Schulz ist zusammen mit den Machern der jazzahead und Markus L\u00fcdke vom Musikland Niedersachsen Initiator des Kongresses \u201eJazz und Improvisation f\u00fcr Kinder\u201c, der gestern die internationale Fachmesse f\u00fcr Jazzmusiker, Veranstalter, Booker, Agenten, F\u00f6rderer und Produzenten er\u00f6ffnete. Der Ansatz des Kongresses war so klar wie einleuchtend: Jazzmusiker mit ihrer Gabe zur Improvisation sind ideale Musikvermittler, die nicht an den Noten kleben, sondern leicht mit ihren jungen und erwachsenen Zuh\u00f6rern in Interaktion kommen. Das fanden auch die Vertreter gro\u00dfer H\u00e4user wie Elbphilharmonie oder Berliner Philharmoniker und sandten ihre Vermittlungsspezialisten nach Bremen, um das Potenzial des Jazz f\u00fcr die Musikvermittlung und music education auszuloten. Nicht ganz zuf\u00e4llig stellte sich dabei heraus: F\u00fcr die Jazzmusiker und Improvisatoren bietet sich hier ein neues, noch wenig erschlossenes Berufsfeld. Dann die wahre Er\u00f6ffnung der jazzahead: die Finnish Night. Gastland 2017 ist Finnland und so konnte im Wechselgang zwischen Halle 7 und dem atmosph\u00e4rischen Saal im &hellip;","og_url":"https:\/\/www.jazzzeitung.de\/cms\/2017\/04\/12179\/","og_site_name":"JazzZeitung","article_publisher":"https:\/\/www.facebook.com\/JazzZeitung\/","article_published_time":"2017-04-28T10:45:37+00:00","article_modified_time":"2017-04-29T05:56:24+00:00","og_image":[{"url":"https:\/\/i0.wp.com\/www.jazzzeitung.de\/cms\/wp-content\/uploads\/2017\/04\/001_Foto-van-Loon.jpg?w=557&#038;h=372&#038;ssl=1","type":"","width":"","height":""}],"author":"Redaktion JazzZeitung","schema":{"@context":"https:\/\/schema.org","@graph":[{"@type":"Article","@id":"https:\/\/www.jazzzeitung.de\/cms\/2017\/04\/12179\/#article","isPartOf":{"@id":"https:\/\/www.jazzzeitung.de\/cms\/2017\/04\/12179\/"},"author":{"name":"Redaktion JazzZeitung","@id":"https:\/\/www.jazzzeitung.de\/cms\/#\/schema\/person\/2245b36b9cd1d24cea10f01c031fb92b"},"headline":"Bremer jazzahead er\u00f6ffnet mit finnischer Nacht und Jazz f\u00fcr Kinder","datePublished":"2017-04-28T10:45:37+00:00","dateModified":"2017-04-29T05:56:24+00:00","mainEntityOfPage":{"@id":"https:\/\/www.jazzzeitung.de\/cms\/2017\/04\/12179\/"},"wordCount":351,"commentCount":0,"publisher":{"@id":"https:\/\/www.jazzzeitung.de\/cms\/#organization"},"keywords":["Andreas Kolb","Arte","Bremen","Download","Festival","Halle","Improvisation","Jazzahead","Jazzfestival","Jazzmusiker","Kinder","Konzert","Stream"],"articleSection":["Bericht"],"inLanguage":"de","potentialAction":[{"@type":"CommentAction","name":"Comment","target":["https:\/\/www.jazzzeitung.de\/cms\/2017\/04\/12179\/#respond"]}]},{"@type":"WebPage","@id":"https:\/\/www.jazzzeitung.de\/cms\/2017\/04\/12179\/","url":"https:\/\/www.jazzzeitung.de\/cms\/2017\/04\/12179\/","name":"Bremer jazzahead er\u00f6ffnet mit finnischer Nacht und Jazz f\u00fcr Kinder - JazzZeitung","isPartOf":{"@id":"https:\/\/www.jazzzeitung.de\/cms\/#website"},"datePublished":"2017-04-28T10:45:37+00:00","dateModified":"2017-04-29T05:56:24+00:00","breadcrumb":{"@id":"https:\/\/www.jazzzeitung.de\/cms\/2017\/04\/12179\/#breadcrumb"},"inLanguage":"de","potentialAction":[{"@type":"ReadAction","target":["https:\/\/www.jazzzeitung.de\/cms\/2017\/04\/12179\/"]}]},{"@type":"BreadcrumbList","@id":"https:\/\/www.jazzzeitung.de\/cms\/2017\/04\/12179\/#breadcrumb","itemListElement":[{"@type":"ListItem","position":1,"name":"Startseite","item":"https:\/\/www.jazzzeitung.de\/cms\/"},{"@type":"ListItem","position":2,"name":"Bremer jazzahead er\u00f6ffnet mit finnischer Nacht und Jazz f\u00fcr Kinder"}]},{"@type":"WebSite","@id":"https:\/\/www.jazzzeitung.de\/cms\/#website","url":"https:\/\/www.jazzzeitung.de\/cms\/","name":"JazzZeitung","description":"Jazz-News und Jazz-Kontroverses","publisher":{"@id":"https:\/\/www.jazzzeitung.de\/cms\/#organization"},"potentialAction":[{"@type":"SearchAction","target":{"@type":"EntryPoint","urlTemplate":"https:\/\/www.jazzzeitung.de\/cms\/?s={search_term_string}"},"query-input":{"@type":"PropertyValueSpecification","valueRequired":true,"valueName":"search_term_string"}}],"inLanguage":"de"},{"@type":"Organization","@id":"https:\/\/www.jazzzeitung.de\/cms\/#organization","name":"JazzZeitung online","url":"https:\/\/www.jazzzeitung.de\/cms\/","logo":{"@type":"ImageObject","inLanguage":"de","@id":"https:\/\/www.jazzzeitung.de\/cms\/#\/schema\/logo\/image\/","url":"https:\/\/i0.wp.com\/www.jazzzeitung.de\/cms\/wp-content\/uploads\/2015\/08\/JAZZZEITUNGDE_Logo_Neu.png?fit=499%2C200&ssl=1","contentUrl":"https:\/\/i0.wp.com\/www.jazzzeitung.de\/cms\/wp-content\/uploads\/2015\/08\/JAZZZEITUNGDE_Logo_Neu.png?fit=499%2C200&ssl=1","width":499,"height":200,"caption":"JazzZeitung online"},"image":{"@id":"https:\/\/www.jazzzeitung.de\/cms\/#\/schema\/logo\/image\/"},"sameAs":["https:\/\/www.facebook.com\/JazzZeitung\/"]},{"@type":"Person","@id":"https:\/\/www.jazzzeitung.de\/cms\/#\/schema\/person\/2245b36b9cd1d24cea10f01c031fb92b","name":"Redaktion JazzZeitung","image":{"@type":"ImageObject","inLanguage":"de","@id":"https:\/\/i0.wp.com\/www.jazzzeitung.de\/cms\/wp-content\/uploads\/2015\/08\/JAZZZEITUNGDE_Logo_Neu.png?resize=96%2C96&ssl=159975dcacb611b5700bd619b5daf0a7a","url":"https:\/\/i0.wp.com\/www.jazzzeitung.de\/cms\/wp-content\/uploads\/2015\/08\/JAZZZEITUNGDE_Logo_Neu.png?resize=96%2C96&ssl=1","contentUrl":"https:\/\/i0.wp.com\/www.jazzzeitung.de\/cms\/wp-content\/uploads\/2015\/08\/JAZZZEITUNGDE_Logo_Neu.png?resize=96%2C96&ssl=1","caption":"Redaktion JazzZeitung"},"description":"Artikel der Redaktion der JazzZeitung.","sameAs":["http:\/\/www.jazzzeitung.de\/cms\/"],"url":"https:\/\/www.jazzzeitung.de\/cms\/author\/redaktion\/"}]}},"wp-worthy-pixel":{"ignored":false,"public":null,"server":null,"url":null},"wp-worthy-type":"normal","jetpack_publicize_connections":[],"cc_featured_image_caption":{"caption_text":false,"source_text":false,"source_url":false},"jetpack_featured_media_url":"","jetpack_shortlink":"https:\/\/wp.me\/s3KEcT-12179","jetpack-related-posts":[{"id":11706,"url":"https:\/\/www.jazzzeitung.de\/cms\/2017\/02\/symposium-2017-zum-thema-improvisation-und-jazz-fuer-kinder-auf-der-bremer-messe-jazzahead\/","url_meta":{"origin":12179,"position":0},"title":"Symposium 2017 zum Thema Improvisation und Jazz f\u00fcr Kinder auf der Bremer Messe &#8222;jazzahead&#8220;","author":"Redaktion JazzZeitung","date":"18. Februar 2017","format":false,"excerpt":"Kinder sind\u00a0 nicht nur das Publikum der Zukunft, sondern auch das von heute: lebendig, ehrlich, begeisterungsf\u00e4hig und neugierig. Das passt zum Jazz, doch obwohl Jazz und Kinder so gut zusammen passen, gibt es wenig Jazzangebote f\u00fcr die Kleinsten, f\u00fcr Kinder im KiTa- und Grundschulalter. Warum ist das so? Und welche\u2026","rel":"","context":"In &quot;News&quot;","block_context":{"text":"News","link":"https:\/\/www.jazzzeitung.de\/cms\/thema\/nachrichten\/"},"img":{"alt_text":"","src":"https:\/\/i0.wp.com\/www.jazzzeitung.de\/cms\/wp-content\/uploads\/2017\/02\/Initiative-Improvisation-Plakat-13_Seite_2.jpg?resize=350%2C200","width":350,"height":200,"srcset":"https:\/\/i0.wp.com\/www.jazzzeitung.de\/cms\/wp-content\/uploads\/2017\/02\/Initiative-Improvisation-Plakat-13_Seite_2.jpg?resize=350%2C200 1x, https:\/\/i0.wp.com\/www.jazzzeitung.de\/cms\/wp-content\/uploads\/2017\/02\/Initiative-Improvisation-Plakat-13_Seite_2.jpg?resize=525%2C300 1.5x, https:\/\/i0.wp.com\/www.jazzzeitung.de\/cms\/wp-content\/uploads\/2017\/02\/Initiative-Improvisation-Plakat-13_Seite_2.jpg?resize=700%2C400 2x, https:\/\/i0.wp.com\/www.jazzzeitung.de\/cms\/wp-content\/uploads\/2017\/02\/Initiative-Improvisation-Plakat-13_Seite_2.jpg?resize=1050%2C600 3x, https:\/\/i0.wp.com\/www.jazzzeitung.de\/cms\/wp-content\/uploads\/2017\/02\/Initiative-Improvisation-Plakat-13_Seite_2.jpg?resize=1400%2C800 4x"},"classes":[]},{"id":12129,"url":"https:\/\/www.jazzzeitung.de\/cms\/2017\/04\/symposium-improvisation-und-jazz-fuer-kinder\/","url_meta":{"origin":12179,"position":1},"title":"Symposium Improvisation und Jazz f\u00fcr Kinder auf der Bremer Messe jazzahead!","author":"Redaktion JazzZeitung","date":"13. April 2017","format":false,"excerpt":"Das Symposium Improvisation & Jazz f\u00fcr Kinder ist eine eint\u00e4gige Fachveranstaltung am 27. April 2017 als Auftakt zur internationalen Fachmesse jazzahead! in Bremen. Es geht dabei um die Beleuchtung von Jazz und Improvisation f\u00fcr Kinder im KiTa- und Grundschulalter aus verschiedenen Perspektiven und deren Relevanz f\u00fcr die kulturelle Bildung von\u2026","rel":"","context":"In &quot;News&quot;","block_context":{"text":"News","link":"https:\/\/www.jazzzeitung.de\/cms\/thema\/nachrichten\/"},"img":{"alt_text":"","src":"https:\/\/i0.wp.com\/www.jazzzeitung.de\/cms\/wp-content\/uploads\/2017\/04\/jazz16_JazzForKids-150x150.jpg?resize=350%2C200","width":350,"height":200},"classes":[]},{"id":18804,"url":"https:\/\/www.jazzzeitung.de\/cms\/2019\/03\/die-jazzahead-fachmesse-2019-gestaltet-ihren-german-market-komplett-neu\/","url_meta":{"origin":12179,"position":2},"title":"Die jazzahead! Fachmesse 2019 gestaltet ihren German Market komplett neu","author":"Redaktion JazzZeitung","date":"1. M\u00e4rz 2019","format":false,"excerpt":"Die jazzahead! geht vom 25.-28. April in die 14. Runde. Im Zentrum steht dieses Jahr der Jazz in und aus Deutschland und die Bem\u00fchungen der Messe und ihrer Partner, insbesondere der Union Deutscher Jazzmusiker (UDJ), diesen zu mehr Sichtbarkeit im internationalen Kontext zu verhelfen. \u201eSeit dem Jahr 2012 b\u00fcndeln wir\u2026","rel":"","context":"In &quot;News&quot;","block_context":{"text":"News","link":"https:\/\/www.jazzzeitung.de\/cms\/thema\/nachrichten\/"},"img":{"alt_text":"","src":"https:\/\/i0.wp.com\/www.jazzzeitung.de\/cms\/wp-content\/uploads\/2019\/02\/jazzahead2018_cJanRathke_MesseBremen-1.jpg?fit=1200%2C600&ssl=1&resize=350%2C200","width":350,"height":200,"srcset":"https:\/\/i0.wp.com\/www.jazzzeitung.de\/cms\/wp-content\/uploads\/2019\/02\/jazzahead2018_cJanRathke_MesseBremen-1.jpg?fit=1200%2C600&ssl=1&resize=350%2C200 1x, https:\/\/i0.wp.com\/www.jazzzeitung.de\/cms\/wp-content\/uploads\/2019\/02\/jazzahead2018_cJanRathke_MesseBremen-1.jpg?fit=1200%2C600&ssl=1&resize=525%2C300 1.5x, https:\/\/i0.wp.com\/www.jazzzeitung.de\/cms\/wp-content\/uploads\/2019\/02\/jazzahead2018_cJanRathke_MesseBremen-1.jpg?fit=1200%2C600&ssl=1&resize=700%2C400 2x, https:\/\/i0.wp.com\/www.jazzzeitung.de\/cms\/wp-content\/uploads\/2019\/02\/jazzahead2018_cJanRathke_MesseBremen-1.jpg?fit=1200%2C600&ssl=1&resize=1050%2C600 3x"},"classes":[]},{"id":15100,"url":"https:\/\/www.jazzzeitung.de\/cms\/2018\/02\/wo-die-jazzwelt-zusammenkommt-fachmesse-jazzahead-vom-19-22-april-in-bremen\/","url_meta":{"origin":12179,"position":3},"title":"Wo die Jazzwelt zusammenkommt: Fachmesse jazzahead! Vom 19.-22. April in Bremen","author":"Redaktion JazzZeitung","date":"23. Februar 2018","format":false,"excerpt":"Vom 19.-22. April findet die jazzahead! zum 13. Mal in der Messe Bremen statt. Wie die Veranstalter mitteilen, zeichne sich eine st\u00e4rkere Teilnahme aus den L\u00e4ndern ab, die als Zielm\u00e4rkte definiert worden sind. Zu den bisher schon sehr gut vertretenen europ\u00e4ischen L\u00e4ndern, wie beispielsweise Deutschland, Frankreich, Niederlande, Gro\u00dfbritannien, Schweiz oder\u2026","rel":"","context":"In &quot;News&quot;","block_context":{"text":"News","link":"https:\/\/www.jazzzeitung.de\/cms\/thema\/nachrichten\/"},"img":{"alt_text":"","src":"https:\/\/i0.wp.com\/www.jazzzeitung.de\/cms\/wp-content\/uploads\/2018\/02\/jazzahead2of3YXzJanRathke_MesseBremen.jpg?fit=1200%2C604&ssl=1&resize=350%2C200","width":350,"height":200,"srcset":"https:\/\/i0.wp.com\/www.jazzzeitung.de\/cms\/wp-content\/uploads\/2018\/02\/jazzahead2of3YXzJanRathke_MesseBremen.jpg?fit=1200%2C604&ssl=1&resize=350%2C200 1x, https:\/\/i0.wp.com\/www.jazzzeitung.de\/cms\/wp-content\/uploads\/2018\/02\/jazzahead2of3YXzJanRathke_MesseBremen.jpg?fit=1200%2C604&ssl=1&resize=525%2C300 1.5x, https:\/\/i0.wp.com\/www.jazzzeitung.de\/cms\/wp-content\/uploads\/2018\/02\/jazzahead2of3YXzJanRathke_MesseBremen.jpg?fit=1200%2C604&ssl=1&resize=700%2C400 2x, https:\/\/i0.wp.com\/www.jazzzeitung.de\/cms\/wp-content\/uploads\/2018\/02\/jazzahead2of3YXzJanRathke_MesseBremen.jpg?fit=1200%2C604&ssl=1&resize=1050%2C600 3x"},"classes":[]},{"id":15562,"url":"https:\/\/www.jazzzeitung.de\/cms\/2018\/04\/newsjazzahead-2018-ganztaegige-fachtagung-improvisation-jazz-fuer-kinder\/","url_meta":{"origin":12179,"position":4},"title":"+++News+++jazzahead! 2018: Ganzt\u00e4gige Fachtagung \u201eImprovisation &#038; Jazz f\u00fcr Kinder&#8220;+++","author":"Redaktion JazzZeitung","date":"5. April 2018","format":false,"excerpt":"Im Rahmen der diesj\u00e4hrigen jazzahead! in Bremen findet am 19. April eine ganzt\u00e4ge Fachtagung zum Thema \u201eImprovisation & Jazz f\u00fcr Kinder\u201c statt. Hierzu kann man sich noch bis zum 12.04.2018 anmelden. Im Fokus stehen Improvisation und Jazz als an Kinder zu vermittelnde Praxis \u2013 ob im Schulensemble, im Musikunterricht, in\u2026","rel":"","context":"In &quot;News&quot;","block_context":{"text":"News","link":"https:\/\/www.jazzzeitung.de\/cms\/thema\/nachrichten\/"},"img":{"alt_text":"","src":"https:\/\/i0.wp.com\/www.jazzzeitung.de\/cms\/wp-content\/uploads\/2018\/04\/jazzahead2of3YXzJanRathke_MesseBremen.jpg?fit=1200%2C604&ssl=1&resize=350%2C200","width":350,"height":200,"srcset":"https:\/\/i0.wp.com\/www.jazzzeitung.de\/cms\/wp-content\/uploads\/2018\/04\/jazzahead2of3YXzJanRathke_MesseBremen.jpg?fit=1200%2C604&ssl=1&resize=350%2C200 1x, https:\/\/i0.wp.com\/www.jazzzeitung.de\/cms\/wp-content\/uploads\/2018\/04\/jazzahead2of3YXzJanRathke_MesseBremen.jpg?fit=1200%2C604&ssl=1&resize=525%2C300 1.5x, https:\/\/i0.wp.com\/www.jazzzeitung.de\/cms\/wp-content\/uploads\/2018\/04\/jazzahead2of3YXzJanRathke_MesseBremen.jpg?fit=1200%2C604&ssl=1&resize=700%2C400 2x, https:\/\/i0.wp.com\/www.jazzzeitung.de\/cms\/wp-content\/uploads\/2018\/04\/jazzahead2of3YXzJanRathke_MesseBremen.jpg?fit=1200%2C604&ssl=1&resize=1050%2C600 3x"},"classes":[]},{"id":18049,"url":"https:\/\/www.jazzzeitung.de\/cms\/2018\/12\/erstmals-auf-der-jazzahead-showcases-zu-improvisation-und-jazz-fuer-kinder\/","url_meta":{"origin":12179,"position":5},"title":"Erstmals auf der jazzahead: Showcases zu Improvisation und Jazz f\u00fcr Kinder","author":"Redaktion JazzZeitung","date":"10. Dezember 2018","format":false,"excerpt":"Trotz der diesmal deutlich verk\u00fcrzten Einreichungsfrist gingen 764 Bewerbungen f\u00fcr die 40 Showcase-Konzerte ein und damit 25 Prozent mehr als im Vorjahr. In diesem Jahr sind unter den f\u00fcnf am st\u00e4rksten vertretenen Herkunftsl\u00e4ndern jenseits von Deutschland und dem Partnerland Norwegen die USA und Brasilien, womit Bewerbungen aus \u00dcbersee signifikant zulegten.\u2026","rel":"","context":"In &quot;News&quot;","block_context":{"text":"News","link":"https:\/\/www.jazzzeitung.de\/cms\/thema\/nachrichten\/"},"img":{"alt_text":"Jazzbusiness auf der Bremer jazzahead!. Foto: Jan Rathke","src":"https:\/\/i0.wp.com\/www.jazzzeitung.de\/cms\/wp-content\/uploads\/2018\/12\/MESSE-BREMENJan-RathkeDSC_9355.jpg?fit=1200%2C857&ssl=1&resize=350%2C200","width":350,"height":200,"srcset":"https:\/\/i0.wp.com\/www.jazzzeitung.de\/cms\/wp-content\/uploads\/2018\/12\/MESSE-BREMENJan-RathkeDSC_9355.jpg?fit=1200%2C857&ssl=1&resize=350%2C200 1x, https:\/\/i0.wp.com\/www.jazzzeitung.de\/cms\/wp-content\/uploads\/2018\/12\/MESSE-BREMENJan-RathkeDSC_9355.jpg?fit=1200%2C857&ssl=1&resize=525%2C300 1.5x, https:\/\/i0.wp.com\/www.jazzzeitung.de\/cms\/wp-content\/uploads\/2018\/12\/MESSE-BREMENJan-RathkeDSC_9355.jpg?fit=1200%2C857&ssl=1&resize=700%2C400 2x, https:\/\/i0.wp.com\/www.jazzzeitung.de\/cms\/wp-content\/uploads\/2018\/12\/MESSE-BREMENJan-RathkeDSC_9355.jpg?fit=1200%2C857&ssl=1&resize=1050%2C600 3x"},"classes":[]}],"jetpack_sharing_enabled":true,"_links":{"self":[{"href":"https:\/\/www.jazzzeitung.de\/cms\/wp-json\/wp\/v2\/posts\/12179","targetHints":{"allow":["GET"]}}],"collection":[{"href":"https:\/\/www.jazzzeitung.de\/cms\/wp-json\/wp\/v2\/posts"}],"about":[{"href":"https:\/\/www.jazzzeitung.de\/cms\/wp-json\/wp\/v2\/types\/post"}],"author":[{"embeddable":true,"href":"https:\/\/www.jazzzeitung.de\/cms\/wp-json\/wp\/v2\/users\/18"}],"replies":[{"embeddable":true,"href":"https:\/\/www.jazzzeitung.de\/cms\/wp-json\/wp\/v2\/comments?post=12179"}],"version-history":[{"count":9,"href":"https:\/\/www.jazzzeitung.de\/cms\/wp-json\/wp\/v2\/posts\/12179\/revisions"}],"predecessor-version":[{"id":12197,"href":"https:\/\/www.jazzzeitung.de\/cms\/wp-json\/wp\/v2\/posts\/12179\/revisions\/12197"}],"wp:attachment":[{"href":"https:\/\/www.jazzzeitung.de\/cms\/wp-json\/wp\/v2\/media?parent=12179"}],"wp:term":[{"taxonomy":"category","embeddable":true,"href":"https:\/\/www.jazzzeitung.de\/cms\/wp-json\/wp\/v2\/categories?post=12179"},{"taxonomy":"post_tag","embeddable":true,"href":"https:\/\/www.jazzzeitung.de\/cms\/wp-json\/wp\/v2\/tags?post=12179"},{"taxonomy":"author","embeddable":true,"href":"https:\/\/www.jazzzeitung.de\/cms\/wp-json\/wp\/v2\/coauthors?post=12179"}],"curies":[{"name":"wp","href":"https:\/\/api.w.org\/{rel}","templated":true}]}}