{"id":12001,"date":"2017-03-21T09:01:31","date_gmt":"2017-03-21T08:01:31","guid":{"rendered":"http:\/\/www.jazzzeitung.de\/cms\/?p=12001"},"modified":"2017-03-21T09:01:31","modified_gmt":"2017-03-21T08:01:31","slug":"radio-tipp-jazz-unlimited-musik-ohne-mauern-am-31-maerz-auf-br-klassik","status":"publish","type":"post","link":"https:\/\/www.jazzzeitung.de\/cms\/2017\/03\/radio-tipp-jazz-unlimited-musik-ohne-mauern-am-31-maerz-auf-br-klassik\/","title":{"rendered":"Radio-Tipp: Jazz Unlimited &#8211; Musik ohne Mauern am 31. M\u00e4rz auf BR-Klassik"},"content":{"rendered":"<figure id=\"attachment_12002\" aria-describedby=\"caption-attachment-12002\" style=\"width: 150px\" class=\"wp-caption alignright\"><a href=\"https:\/\/i0.wp.com\/www.jazzzeitung.de\/cms\/wp-content\/uploads\/2017\/03\/christian-lillinger-104_h-558_v-img__16__9__xl_w-994_-e1d284d92729d9396a907e303225e0f2d9fa53b4.jpg\"><img data-recalc-dims=\"1\" loading=\"lazy\" decoding=\"async\" data-attachment-id=\"12002\" data-permalink=\"https:\/\/www.jazzzeitung.de\/cms\/2017\/03\/radio-tipp-jazz-unlimited-musik-ohne-mauern-am-31-maerz-auf-br-klassik\/christian-lillinger-104_h-558_v-img__16__9__xl_w-994_-e1d284d92729d9396a907e303225e0f2d9fa53b4\/\" data-orig-file=\"https:\/\/i0.wp.com\/www.jazzzeitung.de\/cms\/wp-content\/uploads\/2017\/03\/christian-lillinger-104_h-558_v-img__16__9__xl_w-994_-e1d284d92729d9396a907e303225e0f2d9fa53b4.jpg?fit=994%2C558&amp;ssl=1\" data-orig-size=\"994,558\" data-comments-opened=\"1\" data-image-meta=\"{&quot;aperture&quot;:&quot;0&quot;,&quot;credit&quot;:&quot;&quot;,&quot;camera&quot;:&quot;&quot;,&quot;caption&quot;:&quot;&quot;,&quot;created_timestamp&quot;:&quot;0&quot;,&quot;copyright&quot;:&quot;&quot;,&quot;focal_length&quot;:&quot;0&quot;,&quot;iso&quot;:&quot;0&quot;,&quot;shutter_speed&quot;:&quot;0&quot;,&quot;title&quot;:&quot;&quot;,&quot;orientation&quot;:&quot;0&quot;}\" data-image-title=\"christian-lillinger-104~_h-558_v-img__16__9__xl_w-994_-e1d284d92729d9396a907e303225e0f2d9fa53b4\" data-image-description=\"\" data-image-caption=\"&lt;p&gt;Christian Lillinger. Foto: Homepage&lt;\/p&gt;\n\" data-large-file=\"https:\/\/i0.wp.com\/www.jazzzeitung.de\/cms\/wp-content\/uploads\/2017\/03\/christian-lillinger-104_h-558_v-img__16__9__xl_w-994_-e1d284d92729d9396a907e303225e0f2d9fa53b4.jpg?fit=840%2C471&amp;ssl=1\" class=\"size-thumbnail wp-image-12002\" src=\"https:\/\/i0.wp.com\/www.jazzzeitung.de\/cms\/wp-content\/uploads\/2017\/03\/christian-lillinger-104_h-558_v-img__16__9__xl_w-994_-e1d284d92729d9396a907e303225e0f2d9fa53b4-150x150.jpg?resize=150%2C150\" alt=\"\" width=\"150\" height=\"150\" srcset=\"https:\/\/i0.wp.com\/www.jazzzeitung.de\/cms\/wp-content\/uploads\/2017\/03\/christian-lillinger-104_h-558_v-img__16__9__xl_w-994_-e1d284d92729d9396a907e303225e0f2d9fa53b4.jpg?resize=150%2C150&amp;ssl=1 150w, https:\/\/i0.wp.com\/www.jazzzeitung.de\/cms\/wp-content\/uploads\/2017\/03\/christian-lillinger-104_h-558_v-img__16__9__xl_w-994_-e1d284d92729d9396a907e303225e0f2d9fa53b4.jpg?resize=144%2C144&amp;ssl=1 144w, https:\/\/i0.wp.com\/www.jazzzeitung.de\/cms\/wp-content\/uploads\/2017\/03\/christian-lillinger-104_h-558_v-img__16__9__xl_w-994_-e1d284d92729d9396a907e303225e0f2d9fa53b4.jpg?resize=96%2C96&amp;ssl=1 96w, https:\/\/i0.wp.com\/www.jazzzeitung.de\/cms\/wp-content\/uploads\/2017\/03\/christian-lillinger-104_h-558_v-img__16__9__xl_w-994_-e1d284d92729d9396a907e303225e0f2d9fa53b4.jpg?resize=24%2C24&amp;ssl=1 24w, https:\/\/i0.wp.com\/www.jazzzeitung.de\/cms\/wp-content\/uploads\/2017\/03\/christian-lillinger-104_h-558_v-img__16__9__xl_w-994_-e1d284d92729d9396a907e303225e0f2d9fa53b4.jpg?resize=36%2C36&amp;ssl=1 36w, https:\/\/i0.wp.com\/www.jazzzeitung.de\/cms\/wp-content\/uploads\/2017\/03\/christian-lillinger-104_h-558_v-img__16__9__xl_w-994_-e1d284d92729d9396a907e303225e0f2d9fa53b4.jpg?resize=48%2C48&amp;ssl=1 48w, https:\/\/i0.wp.com\/www.jazzzeitung.de\/cms\/wp-content\/uploads\/2017\/03\/christian-lillinger-104_h-558_v-img__16__9__xl_w-994_-e1d284d92729d9396a907e303225e0f2d9fa53b4.jpg?resize=64%2C64&amp;ssl=1 64w, https:\/\/i0.wp.com\/www.jazzzeitung.de\/cms\/wp-content\/uploads\/2017\/03\/christian-lillinger-104_h-558_v-img__16__9__xl_w-994_-e1d284d92729d9396a907e303225e0f2d9fa53b4.jpg?resize=32%2C32&amp;ssl=1 32w, https:\/\/i0.wp.com\/www.jazzzeitung.de\/cms\/wp-content\/uploads\/2017\/03\/christian-lillinger-104_h-558_v-img__16__9__xl_w-994_-e1d284d92729d9396a907e303225e0f2d9fa53b4.jpg?resize=50%2C50&amp;ssl=1 50w, https:\/\/i0.wp.com\/www.jazzzeitung.de\/cms\/wp-content\/uploads\/2017\/03\/christian-lillinger-104_h-558_v-img__16__9__xl_w-994_-e1d284d92729d9396a907e303225e0f2d9fa53b4.jpg?resize=128%2C128&amp;ssl=1 128w, https:\/\/i0.wp.com\/www.jazzzeitung.de\/cms\/wp-content\/uploads\/2017\/03\/christian-lillinger-104_h-558_v-img__16__9__xl_w-994_-e1d284d92729d9396a907e303225e0f2d9fa53b4.jpg?zoom=2&amp;resize=150%2C150&amp;ssl=1 300w, https:\/\/i0.wp.com\/www.jazzzeitung.de\/cms\/wp-content\/uploads\/2017\/03\/christian-lillinger-104_h-558_v-img__16__9__xl_w-994_-e1d284d92729d9396a907e303225e0f2d9fa53b4.jpg?zoom=3&amp;resize=150%2C150&amp;ssl=1 450w\" sizes=\"auto, (max-width: 150px) 100vw, 150px\" \/><\/a><figcaption id=\"caption-attachment-12002\" class=\"wp-caption-text\">Christian Lillinger. Foto: Homepage<\/figcaption><\/figure>\n<p><strong>Musik ohne Mauern: Neuer Jazz und zeitgen\u00f6ssische komponierte Musik. Ber\u00fchrungspunkte, Unterschiede, Wahlverwandtschaften und \u00fcberraschende Ann\u00e4herungen. Kristin Amme, Redakteurin f\u00fcr Neue Musik, und Roland Spiegel, Redakteur mit Schwerpunkt Jazz, diskutieren \u00fcber aktuelle Beispiele \u2013 und stellen auch ausf\u00fchrlich Musik vor. Unter anderem St\u00fccke von Missy Mazzoli, Avishai Cohen, Pelle Gudmundsen-Holmgreen \/ Kronos Quartett und Christian Lillingers \u201eGrund\u201c &#8211; BR-Klassik, 31. <\/strong><strong>M\u00e4rz 2017: Jazz Unlimited, 23.05-00.00 Uhr<br \/>\n<\/strong><\/p>\n<p>Musik, die \u00fcberrascht und das Unbekannte sucht. Musik am Puls der Zeit. Darum geht es in dieser Sendung auf BR-Klassik mit dem Untertitel \u201eJazz Unlimited\u201c aus zwei Perspektiven: aus derjenigen des Jazz und aus derjenigen der Neuen Musik. Kristin Amme, Redakteurin f\u00fcr Neue Musik, und Roland Spiegel, Redakteur mit Schwerpunkt Jazz, tauschen sich aus \u00fcber aktuelle Aufnahmen und derzeitige Trends. In welcher Weise ist einerseits der Jazz und andererseits die zeitgen\u00f6ssische komponierte Musik am Puls der Zeit? Wie klingt aktueller Jazz und aktuelle Neue Musik \u00fcberhaupt? Gibt es Gemeinsamkeiten? Und wo liegen Unterschiede? Auch generelle \u00dcberlegungen werden in dieser Sendung angestellt dar\u00fcber, was wichtige Einfl\u00fcsse auf die derzeitige Entwicklung von Neuer Musik und Jazz sind. Inwieweit wirken sich die starke Kommerzialisierung der Musikwelt und die gro\u00dfe Orientierung an Klick- oder Verkaufszahlen auf die Musik aus? Wie kommen Musiker mit dem st\u00e4rkeren Rechtfertigungsdruck von Genres zurecht, die nicht dem Massengeschmack entsprechen und per se nicht darauf abzielen, gro\u00dfe Gewinne einzufahren? Hat dieser Druck auch positive Seiten? Zu guter Letzt: Wie publikumsorientiert sind die Neue Musik und der Jazz heute? Anhand konkreter Musikst\u00fccke von Avishai Cohen, Norah Jones, Missy Mazzoli, Hauschka, Christian Lillingers \u201eGrund\u201c und Pelle Gudmundsen-Holmgreen (interpretiert vom Kronos Quartet) sprechen Kristin Amme und Roland Spiegel \u00fcber diese Themen \u2013 und \u00fcberraschen sich jeweils gegenseitig mit den Musikst\u00fccken, die der jeweils andere zum Zeitpunkt des Gespr\u00e4chs zum ersten Mal anh\u00f6rt. Ziel: \u00fcber den Tellerrand hinaush\u00f6ren und Neues entdecken; Musik und Gedanken m\u00f6glichst f\u00fcr Fans unterschiedlicher Musikstile. Diese Sendung l\u00e4uft am 31. M\u00e4rz 2017 in der \u201eJazztime\u201c auf BR-Klassik und ist anschlie\u00dfend sieben Tage auf BR-Klassik-de online nachzuh\u00f6ren.<\/p>\n","protected":false},"excerpt":{"rendered":"<p>Musik ohne Mauern: Neuer Jazz und zeitgen\u00f6ssische komponierte Musik. Ber\u00fchrungspunkte, Unterschiede, Wahlverwandtschaften und \u00fcberraschende Ann\u00e4herungen. Kristin Amme, Redakteurin f\u00fcr Neue Musik, und Roland Spiegel, Redakteur mit Schwerpunkt Jazz, diskutieren \u00fcber aktuelle Beispiele \u2013 und stellen auch ausf\u00fchrlich Musik vor. Unter anderem St\u00fccke von Missy Mazzoli, Avishai Cohen, Pelle Gudmundsen-Holmgreen \/ Kronos Quartett und Christian Lillingers \u201eGrund\u201c &#8211; BR-Klassik, 31. M\u00e4rz 2017: Jazz Unlimited, 23.05-00.00 Uhr Musik, die \u00fcberrascht und das Unbekannte sucht. Musik am Puls der Zeit. Darum geht es in dieser Sendung auf BR-Klassik mit dem Untertitel \u201eJazz Unlimited\u201c aus zwei Perspektiven: aus derjenigen des Jazz und aus derjenigen der Neuen Musik. Kristin Amme, Redakteurin f\u00fcr Neue Musik, und Roland Spiegel, Redakteur mit Schwerpunkt Jazz, tauschen sich aus \u00fcber aktuelle Aufnahmen und derzeitige Trends. In welcher Weise ist einerseits der Jazz und andererseits die zeitgen\u00f6ssische komponierte Musik am Puls der Zeit? Wie klingt aktueller Jazz und aktuelle Neue Musik \u00fcberhaupt? Gibt es Gemeinsamkeiten? Und wo liegen Unterschiede? Auch generelle \u00dcberlegungen werden in dieser Sendung angestellt dar\u00fcber, was wichtige Einfl\u00fcsse auf die derzeitige Entwicklung von Neuer Musik und Jazz sind. Inwieweit wirken sich die starke &hellip;<\/p>\n","protected":false},"author":18,"featured_media":0,"comment_status":"open","ping_status":"closed","sticky":false,"template":"","format":"standard","meta":{"_jetpack_memberships_contains_paid_content":false,"footnotes":"","jetpack_publicize_message":"","jetpack_publicize_feature_enabled":true,"jetpack_social_post_already_shared":false,"jetpack_social_options":{"image_generator_settings":{"template":"highway","default_image_id":0,"font":"","enabled":false},"version":2}},"categories":[633],"tags":[94,1050,1364,1482,290,316,1193,473,496,510],"coauthors":[695],"class_list":["post-12001","post","type-post","status-publish","format-standard","hentry","category-nachrichten","tag-br-klassik","tag-christian-lillinger","tag-hauschka","tag-jazz-unlimited","tag-jazztime","tag-klassik","tag-radio","tag-roland-spiegel","tag-sendung","tag-spiegel"],"yoast_head":"<!-- This site is optimized with the Yoast SEO plugin v27.5 - https:\/\/yoast.com\/product\/yoast-seo-wordpress\/ -->\n<title>Radio-Tipp: Jazz Unlimited - Musik ohne Mauern am 31. M\u00e4rz auf BR-Klassik - JazzZeitung<\/title>\n<meta name=\"robots\" content=\"index, follow, max-snippet:-1, max-image-preview:large, max-video-preview:-1\" \/>\n<link rel=\"canonical\" href=\"https:\/\/www.jazzzeitung.de\/cms\/2017\/03\/radio-tipp-jazz-unlimited-musik-ohne-mauern-am-31-maerz-auf-br-klassik\/\" \/>\n<meta property=\"og:locale\" content=\"de_DE\" \/>\n<meta property=\"og:type\" content=\"article\" \/>\n<meta property=\"og:title\" content=\"Radio-Tipp: Jazz Unlimited - Musik ohne Mauern am 31. M\u00e4rz auf BR-Klassik - JazzZeitung\" \/>\n<meta property=\"og:description\" content=\"Musik ohne Mauern: Neuer Jazz und zeitgen\u00f6ssische komponierte Musik. Ber\u00fchrungspunkte, Unterschiede, Wahlverwandtschaften und \u00fcberraschende Ann\u00e4herungen. Kristin Amme, Redakteurin f\u00fcr Neue Musik, und Roland Spiegel, Redakteur mit Schwerpunkt Jazz, diskutieren \u00fcber aktuelle Beispiele \u2013 und stellen auch ausf\u00fchrlich Musik vor. Unter anderem St\u00fccke von Missy Mazzoli, Avishai Cohen, Pelle Gudmundsen-Holmgreen \/ Kronos Quartett und Christian Lillingers \u201eGrund\u201c &#8211; BR-Klassik, 31. M\u00e4rz 2017: Jazz Unlimited, 23.05-00.00 Uhr Musik, die \u00fcberrascht und das Unbekannte sucht. Musik am Puls der Zeit. Darum geht es in dieser Sendung auf BR-Klassik mit dem Untertitel \u201eJazz Unlimited\u201c aus zwei Perspektiven: aus derjenigen des Jazz und aus derjenigen der Neuen Musik. Kristin Amme, Redakteurin f\u00fcr Neue Musik, und Roland Spiegel, Redakteur mit Schwerpunkt Jazz, tauschen sich aus \u00fcber aktuelle Aufnahmen und derzeitige Trends. In welcher Weise ist einerseits der Jazz und andererseits die zeitgen\u00f6ssische komponierte Musik am Puls der Zeit? Wie klingt aktueller Jazz und aktuelle Neue Musik \u00fcberhaupt? Gibt es Gemeinsamkeiten? Und wo liegen Unterschiede? Auch generelle \u00dcberlegungen werden in dieser Sendung angestellt dar\u00fcber, was wichtige Einfl\u00fcsse auf die derzeitige Entwicklung von Neuer Musik und Jazz sind. Inwieweit wirken sich die starke &hellip;\" \/>\n<meta property=\"og:url\" content=\"https:\/\/www.jazzzeitung.de\/cms\/2017\/03\/radio-tipp-jazz-unlimited-musik-ohne-mauern-am-31-maerz-auf-br-klassik\/\" \/>\n<meta property=\"og:site_name\" content=\"JazzZeitung\" \/>\n<meta property=\"article:publisher\" content=\"https:\/\/www.facebook.com\/JazzZeitung\/\" \/>\n<meta property=\"article:published_time\" content=\"2017-03-21T08:01:31+00:00\" \/>\n<meta property=\"og:image\" content=\"http:\/\/www.jazzzeitung.de\/cms\/wp-content\/uploads\/2017\/03\/christian-lillinger-104_h-558_v-img__16__9__xl_w-994_-e1d284d92729d9396a907e303225e0f2d9fa53b4-150x150.jpg\" \/>\n<meta name=\"author\" content=\"Redaktion JazzZeitung\" \/>\n<script type=\"application\/ld+json\" class=\"yoast-schema-graph\">{\"@context\":\"https:\\\/\\\/schema.org\",\"@graph\":[{\"@type\":\"Article\",\"@id\":\"https:\\\/\\\/www.jazzzeitung.de\\\/cms\\\/2017\\\/03\\\/radio-tipp-jazz-unlimited-musik-ohne-mauern-am-31-maerz-auf-br-klassik\\\/#article\",\"isPartOf\":{\"@id\":\"https:\\\/\\\/www.jazzzeitung.de\\\/cms\\\/2017\\\/03\\\/radio-tipp-jazz-unlimited-musik-ohne-mauern-am-31-maerz-auf-br-klassik\\\/\"},\"author\":{\"name\":\"Redaktion JazzZeitung\",\"@id\":\"https:\\\/\\\/www.jazzzeitung.de\\\/cms\\\/#\\\/schema\\\/person\\\/2245b36b9cd1d24cea10f01c031fb92b\"},\"headline\":\"Radio-Tipp: Jazz Unlimited &#8211; Musik ohne Mauern am 31. M\u00e4rz auf BR-Klassik\",\"datePublished\":\"2017-03-21T08:01:31+00:00\",\"mainEntityOfPage\":{\"@id\":\"https:\\\/\\\/www.jazzzeitung.de\\\/cms\\\/2017\\\/03\\\/radio-tipp-jazz-unlimited-musik-ohne-mauern-am-31-maerz-auf-br-klassik\\\/\"},\"wordCount\":372,\"commentCount\":0,\"publisher\":{\"@id\":\"https:\\\/\\\/www.jazzzeitung.de\\\/cms\\\/#organization\"},\"image\":{\"@id\":\"https:\\\/\\\/www.jazzzeitung.de\\\/cms\\\/2017\\\/03\\\/radio-tipp-jazz-unlimited-musik-ohne-mauern-am-31-maerz-auf-br-klassik\\\/#primaryimage\"},\"thumbnailUrl\":\"http:\\\/\\\/www.jazzzeitung.de\\\/cms\\\/wp-content\\\/uploads\\\/2017\\\/03\\\/christian-lillinger-104_h-558_v-img__16__9__xl_w-994_-e1d284d92729d9396a907e303225e0f2d9fa53b4-150x150.jpg\",\"keywords\":[\"Br-Klassik\",\"Christian Lillinger\",\"Hauschka\",\"Jazz Unlimited\",\"jazztime\",\"Klassik\",\"Radio\",\"Roland Spiegel\",\"Sendung\",\"Spiegel\"],\"articleSection\":[\"News\"],\"inLanguage\":\"de\",\"potentialAction\":[{\"@type\":\"CommentAction\",\"name\":\"Comment\",\"target\":[\"https:\\\/\\\/www.jazzzeitung.de\\\/cms\\\/2017\\\/03\\\/radio-tipp-jazz-unlimited-musik-ohne-mauern-am-31-maerz-auf-br-klassik\\\/#respond\"]}]},{\"@type\":\"WebPage\",\"@id\":\"https:\\\/\\\/www.jazzzeitung.de\\\/cms\\\/2017\\\/03\\\/radio-tipp-jazz-unlimited-musik-ohne-mauern-am-31-maerz-auf-br-klassik\\\/\",\"url\":\"https:\\\/\\\/www.jazzzeitung.de\\\/cms\\\/2017\\\/03\\\/radio-tipp-jazz-unlimited-musik-ohne-mauern-am-31-maerz-auf-br-klassik\\\/\",\"name\":\"Radio-Tipp: Jazz Unlimited - Musik ohne Mauern am 31. M\u00e4rz auf BR-Klassik - JazzZeitung\",\"isPartOf\":{\"@id\":\"https:\\\/\\\/www.jazzzeitung.de\\\/cms\\\/#website\"},\"primaryImageOfPage\":{\"@id\":\"https:\\\/\\\/www.jazzzeitung.de\\\/cms\\\/2017\\\/03\\\/radio-tipp-jazz-unlimited-musik-ohne-mauern-am-31-maerz-auf-br-klassik\\\/#primaryimage\"},\"image\":{\"@id\":\"https:\\\/\\\/www.jazzzeitung.de\\\/cms\\\/2017\\\/03\\\/radio-tipp-jazz-unlimited-musik-ohne-mauern-am-31-maerz-auf-br-klassik\\\/#primaryimage\"},\"thumbnailUrl\":\"http:\\\/\\\/www.jazzzeitung.de\\\/cms\\\/wp-content\\\/uploads\\\/2017\\\/03\\\/christian-lillinger-104_h-558_v-img__16__9__xl_w-994_-e1d284d92729d9396a907e303225e0f2d9fa53b4-150x150.jpg\",\"datePublished\":\"2017-03-21T08:01:31+00:00\",\"breadcrumb\":{\"@id\":\"https:\\\/\\\/www.jazzzeitung.de\\\/cms\\\/2017\\\/03\\\/radio-tipp-jazz-unlimited-musik-ohne-mauern-am-31-maerz-auf-br-klassik\\\/#breadcrumb\"},\"inLanguage\":\"de\",\"potentialAction\":[{\"@type\":\"ReadAction\",\"target\":[\"https:\\\/\\\/www.jazzzeitung.de\\\/cms\\\/2017\\\/03\\\/radio-tipp-jazz-unlimited-musik-ohne-mauern-am-31-maerz-auf-br-klassik\\\/\"]}]},{\"@type\":\"ImageObject\",\"inLanguage\":\"de\",\"@id\":\"https:\\\/\\\/www.jazzzeitung.de\\\/cms\\\/2017\\\/03\\\/radio-tipp-jazz-unlimited-musik-ohne-mauern-am-31-maerz-auf-br-klassik\\\/#primaryimage\",\"url\":\"http:\\\/\\\/www.jazzzeitung.de\\\/cms\\\/wp-content\\\/uploads\\\/2017\\\/03\\\/christian-lillinger-104_h-558_v-img__16__9__xl_w-994_-e1d284d92729d9396a907e303225e0f2d9fa53b4-150x150.jpg\",\"contentUrl\":\"http:\\\/\\\/www.jazzzeitung.de\\\/cms\\\/wp-content\\\/uploads\\\/2017\\\/03\\\/christian-lillinger-104_h-558_v-img__16__9__xl_w-994_-e1d284d92729d9396a907e303225e0f2d9fa53b4-150x150.jpg\"},{\"@type\":\"BreadcrumbList\",\"@id\":\"https:\\\/\\\/www.jazzzeitung.de\\\/cms\\\/2017\\\/03\\\/radio-tipp-jazz-unlimited-musik-ohne-mauern-am-31-maerz-auf-br-klassik\\\/#breadcrumb\",\"itemListElement\":[{\"@type\":\"ListItem\",\"position\":1,\"name\":\"Startseite\",\"item\":\"https:\\\/\\\/www.jazzzeitung.de\\\/cms\\\/\"},{\"@type\":\"ListItem\",\"position\":2,\"name\":\"Radio-Tipp: Jazz Unlimited &#8211; Musik ohne Mauern am 31. M\u00e4rz auf BR-Klassik\"}]},{\"@type\":\"WebSite\",\"@id\":\"https:\\\/\\\/www.jazzzeitung.de\\\/cms\\\/#website\",\"url\":\"https:\\\/\\\/www.jazzzeitung.de\\\/cms\\\/\",\"name\":\"JazzZeitung\",\"description\":\"Jazz-News und Jazz-Kontroverses\",\"publisher\":{\"@id\":\"https:\\\/\\\/www.jazzzeitung.de\\\/cms\\\/#organization\"},\"potentialAction\":[{\"@type\":\"SearchAction\",\"target\":{\"@type\":\"EntryPoint\",\"urlTemplate\":\"https:\\\/\\\/www.jazzzeitung.de\\\/cms\\\/?s={search_term_string}\"},\"query-input\":{\"@type\":\"PropertyValueSpecification\",\"valueRequired\":true,\"valueName\":\"search_term_string\"}}],\"inLanguage\":\"de\"},{\"@type\":\"Organization\",\"@id\":\"https:\\\/\\\/www.jazzzeitung.de\\\/cms\\\/#organization\",\"name\":\"JazzZeitung online\",\"url\":\"https:\\\/\\\/www.jazzzeitung.de\\\/cms\\\/\",\"logo\":{\"@type\":\"ImageObject\",\"inLanguage\":\"de\",\"@id\":\"https:\\\/\\\/www.jazzzeitung.de\\\/cms\\\/#\\\/schema\\\/logo\\\/image\\\/\",\"url\":\"https:\\\/\\\/i0.wp.com\\\/www.jazzzeitung.de\\\/cms\\\/wp-content\\\/uploads\\\/2015\\\/08\\\/JAZZZEITUNGDE_Logo_Neu.png?fit=499%2C200&ssl=1\",\"contentUrl\":\"https:\\\/\\\/i0.wp.com\\\/www.jazzzeitung.de\\\/cms\\\/wp-content\\\/uploads\\\/2015\\\/08\\\/JAZZZEITUNGDE_Logo_Neu.png?fit=499%2C200&ssl=1\",\"width\":499,\"height\":200,\"caption\":\"JazzZeitung online\"},\"image\":{\"@id\":\"https:\\\/\\\/www.jazzzeitung.de\\\/cms\\\/#\\\/schema\\\/logo\\\/image\\\/\"},\"sameAs\":[\"https:\\\/\\\/www.facebook.com\\\/JazzZeitung\\\/\"]},{\"@type\":\"Person\",\"@id\":\"https:\\\/\\\/www.jazzzeitung.de\\\/cms\\\/#\\\/schema\\\/person\\\/2245b36b9cd1d24cea10f01c031fb92b\",\"name\":\"Redaktion JazzZeitung\",\"image\":{\"@type\":\"ImageObject\",\"inLanguage\":\"de\",\"@id\":\"https:\\\/\\\/i0.wp.com\\\/www.jazzzeitung.de\\\/cms\\\/wp-content\\\/uploads\\\/2015\\\/08\\\/JAZZZEITUNGDE_Logo_Neu.png?resize=96%2C96&ssl=159975dcacb611b5700bd619b5daf0a7a\",\"url\":\"https:\\\/\\\/i0.wp.com\\\/www.jazzzeitung.de\\\/cms\\\/wp-content\\\/uploads\\\/2015\\\/08\\\/JAZZZEITUNGDE_Logo_Neu.png?resize=96%2C96&ssl=1\",\"contentUrl\":\"https:\\\/\\\/i0.wp.com\\\/www.jazzzeitung.de\\\/cms\\\/wp-content\\\/uploads\\\/2015\\\/08\\\/JAZZZEITUNGDE_Logo_Neu.png?resize=96%2C96&ssl=1\",\"caption\":\"Redaktion JazzZeitung\"},\"description\":\"Artikel der Redaktion der JazzZeitung.\",\"sameAs\":[\"http:\\\/\\\/www.jazzzeitung.de\\\/cms\\\/\"],\"url\":\"https:\\\/\\\/www.jazzzeitung.de\\\/cms\\\/author\\\/redaktion\\\/\"}]}<\/script>\n<!-- \/ Yoast SEO plugin. -->","yoast_head_json":{"title":"Radio-Tipp: Jazz Unlimited - Musik ohne Mauern am 31. M\u00e4rz auf BR-Klassik - JazzZeitung","robots":{"index":"index","follow":"follow","max-snippet":"max-snippet:-1","max-image-preview":"max-image-preview:large","max-video-preview":"max-video-preview:-1"},"canonical":"https:\/\/www.jazzzeitung.de\/cms\/2017\/03\/radio-tipp-jazz-unlimited-musik-ohne-mauern-am-31-maerz-auf-br-klassik\/","og_locale":"de_DE","og_type":"article","og_title":"Radio-Tipp: Jazz Unlimited - Musik ohne Mauern am 31. M\u00e4rz auf BR-Klassik - JazzZeitung","og_description":"Musik ohne Mauern: Neuer Jazz und zeitgen\u00f6ssische komponierte Musik. Ber\u00fchrungspunkte, Unterschiede, Wahlverwandtschaften und \u00fcberraschende Ann\u00e4herungen. Kristin Amme, Redakteurin f\u00fcr Neue Musik, und Roland Spiegel, Redakteur mit Schwerpunkt Jazz, diskutieren \u00fcber aktuelle Beispiele \u2013 und stellen auch ausf\u00fchrlich Musik vor. Unter anderem St\u00fccke von Missy Mazzoli, Avishai Cohen, Pelle Gudmundsen-Holmgreen \/ Kronos Quartett und Christian Lillingers \u201eGrund\u201c &#8211; BR-Klassik, 31. M\u00e4rz 2017: Jazz Unlimited, 23.05-00.00 Uhr Musik, die \u00fcberrascht und das Unbekannte sucht. Musik am Puls der Zeit. Darum geht es in dieser Sendung auf BR-Klassik mit dem Untertitel \u201eJazz Unlimited\u201c aus zwei Perspektiven: aus derjenigen des Jazz und aus derjenigen der Neuen Musik. Kristin Amme, Redakteurin f\u00fcr Neue Musik, und Roland Spiegel, Redakteur mit Schwerpunkt Jazz, tauschen sich aus \u00fcber aktuelle Aufnahmen und derzeitige Trends. In welcher Weise ist einerseits der Jazz und andererseits die zeitgen\u00f6ssische komponierte Musik am Puls der Zeit? Wie klingt aktueller Jazz und aktuelle Neue Musik \u00fcberhaupt? Gibt es Gemeinsamkeiten? Und wo liegen Unterschiede? Auch generelle \u00dcberlegungen werden in dieser Sendung angestellt dar\u00fcber, was wichtige Einfl\u00fcsse auf die derzeitige Entwicklung von Neuer Musik und Jazz sind. Inwieweit wirken sich die starke &hellip;","og_url":"https:\/\/www.jazzzeitung.de\/cms\/2017\/03\/radio-tipp-jazz-unlimited-musik-ohne-mauern-am-31-maerz-auf-br-klassik\/","og_site_name":"JazzZeitung","article_publisher":"https:\/\/www.facebook.com\/JazzZeitung\/","article_published_time":"2017-03-21T08:01:31+00:00","og_image":[{"url":"http:\/\/www.jazzzeitung.de\/cms\/wp-content\/uploads\/2017\/03\/christian-lillinger-104_h-558_v-img__16__9__xl_w-994_-e1d284d92729d9396a907e303225e0f2d9fa53b4-150x150.jpg","type":"","width":"","height":""}],"author":"Redaktion JazzZeitung","schema":{"@context":"https:\/\/schema.org","@graph":[{"@type":"Article","@id":"https:\/\/www.jazzzeitung.de\/cms\/2017\/03\/radio-tipp-jazz-unlimited-musik-ohne-mauern-am-31-maerz-auf-br-klassik\/#article","isPartOf":{"@id":"https:\/\/www.jazzzeitung.de\/cms\/2017\/03\/radio-tipp-jazz-unlimited-musik-ohne-mauern-am-31-maerz-auf-br-klassik\/"},"author":{"name":"Redaktion JazzZeitung","@id":"https:\/\/www.jazzzeitung.de\/cms\/#\/schema\/person\/2245b36b9cd1d24cea10f01c031fb92b"},"headline":"Radio-Tipp: Jazz Unlimited &#8211; Musik ohne Mauern am 31. M\u00e4rz auf BR-Klassik","datePublished":"2017-03-21T08:01:31+00:00","mainEntityOfPage":{"@id":"https:\/\/www.jazzzeitung.de\/cms\/2017\/03\/radio-tipp-jazz-unlimited-musik-ohne-mauern-am-31-maerz-auf-br-klassik\/"},"wordCount":372,"commentCount":0,"publisher":{"@id":"https:\/\/www.jazzzeitung.de\/cms\/#organization"},"image":{"@id":"https:\/\/www.jazzzeitung.de\/cms\/2017\/03\/radio-tipp-jazz-unlimited-musik-ohne-mauern-am-31-maerz-auf-br-klassik\/#primaryimage"},"thumbnailUrl":"http:\/\/www.jazzzeitung.de\/cms\/wp-content\/uploads\/2017\/03\/christian-lillinger-104_h-558_v-img__16__9__xl_w-994_-e1d284d92729d9396a907e303225e0f2d9fa53b4-150x150.jpg","keywords":["Br-Klassik","Christian Lillinger","Hauschka","Jazz Unlimited","jazztime","Klassik","Radio","Roland Spiegel","Sendung","Spiegel"],"articleSection":["News"],"inLanguage":"de","potentialAction":[{"@type":"CommentAction","name":"Comment","target":["https:\/\/www.jazzzeitung.de\/cms\/2017\/03\/radio-tipp-jazz-unlimited-musik-ohne-mauern-am-31-maerz-auf-br-klassik\/#respond"]}]},{"@type":"WebPage","@id":"https:\/\/www.jazzzeitung.de\/cms\/2017\/03\/radio-tipp-jazz-unlimited-musik-ohne-mauern-am-31-maerz-auf-br-klassik\/","url":"https:\/\/www.jazzzeitung.de\/cms\/2017\/03\/radio-tipp-jazz-unlimited-musik-ohne-mauern-am-31-maerz-auf-br-klassik\/","name":"Radio-Tipp: Jazz Unlimited - Musik ohne Mauern am 31. M\u00e4rz auf BR-Klassik - JazzZeitung","isPartOf":{"@id":"https:\/\/www.jazzzeitung.de\/cms\/#website"},"primaryImageOfPage":{"@id":"https:\/\/www.jazzzeitung.de\/cms\/2017\/03\/radio-tipp-jazz-unlimited-musik-ohne-mauern-am-31-maerz-auf-br-klassik\/#primaryimage"},"image":{"@id":"https:\/\/www.jazzzeitung.de\/cms\/2017\/03\/radio-tipp-jazz-unlimited-musik-ohne-mauern-am-31-maerz-auf-br-klassik\/#primaryimage"},"thumbnailUrl":"http:\/\/www.jazzzeitung.de\/cms\/wp-content\/uploads\/2017\/03\/christian-lillinger-104_h-558_v-img__16__9__xl_w-994_-e1d284d92729d9396a907e303225e0f2d9fa53b4-150x150.jpg","datePublished":"2017-03-21T08:01:31+00:00","breadcrumb":{"@id":"https:\/\/www.jazzzeitung.de\/cms\/2017\/03\/radio-tipp-jazz-unlimited-musik-ohne-mauern-am-31-maerz-auf-br-klassik\/#breadcrumb"},"inLanguage":"de","potentialAction":[{"@type":"ReadAction","target":["https:\/\/www.jazzzeitung.de\/cms\/2017\/03\/radio-tipp-jazz-unlimited-musik-ohne-mauern-am-31-maerz-auf-br-klassik\/"]}]},{"@type":"ImageObject","inLanguage":"de","@id":"https:\/\/www.jazzzeitung.de\/cms\/2017\/03\/radio-tipp-jazz-unlimited-musik-ohne-mauern-am-31-maerz-auf-br-klassik\/#primaryimage","url":"http:\/\/www.jazzzeitung.de\/cms\/wp-content\/uploads\/2017\/03\/christian-lillinger-104_h-558_v-img__16__9__xl_w-994_-e1d284d92729d9396a907e303225e0f2d9fa53b4-150x150.jpg","contentUrl":"http:\/\/www.jazzzeitung.de\/cms\/wp-content\/uploads\/2017\/03\/christian-lillinger-104_h-558_v-img__16__9__xl_w-994_-e1d284d92729d9396a907e303225e0f2d9fa53b4-150x150.jpg"},{"@type":"BreadcrumbList","@id":"https:\/\/www.jazzzeitung.de\/cms\/2017\/03\/radio-tipp-jazz-unlimited-musik-ohne-mauern-am-31-maerz-auf-br-klassik\/#breadcrumb","itemListElement":[{"@type":"ListItem","position":1,"name":"Startseite","item":"https:\/\/www.jazzzeitung.de\/cms\/"},{"@type":"ListItem","position":2,"name":"Radio-Tipp: Jazz Unlimited &#8211; Musik ohne Mauern am 31. M\u00e4rz auf BR-Klassik"}]},{"@type":"WebSite","@id":"https:\/\/www.jazzzeitung.de\/cms\/#website","url":"https:\/\/www.jazzzeitung.de\/cms\/","name":"JazzZeitung","description":"Jazz-News und Jazz-Kontroverses","publisher":{"@id":"https:\/\/www.jazzzeitung.de\/cms\/#organization"},"potentialAction":[{"@type":"SearchAction","target":{"@type":"EntryPoint","urlTemplate":"https:\/\/www.jazzzeitung.de\/cms\/?s={search_term_string}"},"query-input":{"@type":"PropertyValueSpecification","valueRequired":true,"valueName":"search_term_string"}}],"inLanguage":"de"},{"@type":"Organization","@id":"https:\/\/www.jazzzeitung.de\/cms\/#organization","name":"JazzZeitung online","url":"https:\/\/www.jazzzeitung.de\/cms\/","logo":{"@type":"ImageObject","inLanguage":"de","@id":"https:\/\/www.jazzzeitung.de\/cms\/#\/schema\/logo\/image\/","url":"https:\/\/i0.wp.com\/www.jazzzeitung.de\/cms\/wp-content\/uploads\/2015\/08\/JAZZZEITUNGDE_Logo_Neu.png?fit=499%2C200&ssl=1","contentUrl":"https:\/\/i0.wp.com\/www.jazzzeitung.de\/cms\/wp-content\/uploads\/2015\/08\/JAZZZEITUNGDE_Logo_Neu.png?fit=499%2C200&ssl=1","width":499,"height":200,"caption":"JazzZeitung online"},"image":{"@id":"https:\/\/www.jazzzeitung.de\/cms\/#\/schema\/logo\/image\/"},"sameAs":["https:\/\/www.facebook.com\/JazzZeitung\/"]},{"@type":"Person","@id":"https:\/\/www.jazzzeitung.de\/cms\/#\/schema\/person\/2245b36b9cd1d24cea10f01c031fb92b","name":"Redaktion JazzZeitung","image":{"@type":"ImageObject","inLanguage":"de","@id":"https:\/\/i0.wp.com\/www.jazzzeitung.de\/cms\/wp-content\/uploads\/2015\/08\/JAZZZEITUNGDE_Logo_Neu.png?resize=96%2C96&ssl=159975dcacb611b5700bd619b5daf0a7a","url":"https:\/\/i0.wp.com\/www.jazzzeitung.de\/cms\/wp-content\/uploads\/2015\/08\/JAZZZEITUNGDE_Logo_Neu.png?resize=96%2C96&ssl=1","contentUrl":"https:\/\/i0.wp.com\/www.jazzzeitung.de\/cms\/wp-content\/uploads\/2015\/08\/JAZZZEITUNGDE_Logo_Neu.png?resize=96%2C96&ssl=1","caption":"Redaktion JazzZeitung"},"description":"Artikel der Redaktion der JazzZeitung.","sameAs":["http:\/\/www.jazzzeitung.de\/cms\/"],"url":"https:\/\/www.jazzzeitung.de\/cms\/author\/redaktion\/"}]}},"wp-worthy-pixel":{"ignored":false,"public":null,"server":null,"url":null},"wp-worthy-type":"normal","jetpack_publicize_connections":[],"cc_featured_image_caption":{"caption_text":false,"source_text":false,"source_url":false},"jetpack_featured_media_url":"","jetpack_shortlink":"https:\/\/wp.me\/p3KEcT-37z","jetpack-related-posts":[{"id":84,"url":"https:\/\/www.jazzzeitung.de\/cms\/2010\/05\/musikhoeren\/","url_meta":{"origin":12001,"position":0},"title":"Musikh\u00f6ren","author":"Ursula Gaisa","date":"11. Mai 2010","format":false,"excerpt":"Und jetzt? Alles vorbei: jazzahead!, Jazz ECHO, Musikmesse, und der JazzZeit-Blog verstummt. Damit dem nicht lange so ist, hier ein paar Gedanken und Statements, die w\u00e4hrend der letzten \"Scheiben-Jury\" im Regensburger Leeren Beutel, aufkamen. Zum Thema Jamie Cullum, den der Drummer Gerwin Eisenhauer mitgebracht hatte, meinte BR-Klassik-Redakteur Roland Spiegel, das\u2026","rel":"","context":"In &quot;Blog&quot;","block_context":{"text":"Blog","link":"https:\/\/www.jazzzeitung.de\/cms\/thema\/blog\/"},"img":{"alt_text":"","src":"","width":0,"height":0},"classes":[]},{"id":11518,"url":"https:\/\/www.jazzzeitung.de\/cms\/2017\/01\/start-des-bmw-welt-jazz-award-2017-bass-erstaunt\/","url_meta":{"origin":12001,"position":1},"title":"Start des BMW Welt Jazz Award 2017 &#8211; \u201eBass erstaunt\u201c","author":"Redaktion JazzZeitung","date":"16. Januar 2017","format":false,"excerpt":"Mit zwei skandinavischen G\u00e4sten startet der BMW Welt Jazz Award 2017 in seine neunte Saison. Chris Minh Doky & New Nordic Jazz werden am 22. Januar im BMW Welt Doppelkegel zeigen, warum im d\u00e4nischen Jazz Kontrabassisten die wahren Bandleader sind. Der Schwede Lars Danielsson wird am 5. Februar erstmalig mit\u2026","rel":"","context":"In &quot;News&quot;","block_context":{"text":"News","link":"https:\/\/www.jazzzeitung.de\/cms\/thema\/nachrichten\/"},"img":{"alt_text":"","src":"https:\/\/i0.wp.com\/www.jazzzeitung.de\/cms\/wp-content\/uploads\/2017\/01\/BMW-Welt_Jazz-Award-2017-c-BMW-AG-150x150.jpg?resize=350%2C200","width":350,"height":200},"classes":[]},{"id":454,"url":"https:\/\/www.jazzzeitung.de\/cms\/2010\/10\/jazz-im-rundfunk-episode-i-der-br\/","url_meta":{"origin":12001,"position":2},"title":"Jazz im Rundfunk \u2013 Episode I: Der BR","author":"J\u00f6rg Lichtinger","date":"10. Oktober 2010","format":false,"excerpt":"Der Jazz beim Bayerischen Rundfunk hat eine lange Geschichte und reicht bis zur Zeit zur\u00fcck, als man noch als Radio M\u00fcnchen unter der \u00c4gide der Amerikaner sendete \u2013 Mitternacht in M\u00fcnchen hie\u00df die ber\u00fchmteste Sendung mit Jazz in dieser Zeit. Als Redakteure in der Abteilung \"Leichte Musik\", zu der der\u2026","rel":"","context":"In &quot;Blog&quot;","block_context":{"text":"Blog","link":"https:\/\/www.jazzzeitung.de\/cms\/thema\/blog\/"},"img":{"alt_text":"Jazztime \u2013 Die Jazzsendung beim BR.","src":"https:\/\/i0.wp.com\/www.jazzzeitung.de\/cms\/wp-content\/uploads\/2010\/10\/screenshot_jazztime-300x292.jpg?resize=350%2C200","width":350,"height":200},"classes":[]},{"id":336,"url":"https:\/\/www.jazzzeitung.de\/cms\/2010\/07\/werner-goetze-der-jazzmann-mit-der-pfeife\/","url_meta":{"origin":12001,"position":3},"title":"Werner G\u00f6tze \u2013 Der Jazzmann mit der Pfeife","author":"J\u00f6rg Lichtinger","date":"27. Juli 2010","format":false,"excerpt":"Bereits im Juni 2010 ist in M\u00fcnchen der ehemalige Rundfunkmoderator und -redakteur des Bayerischen Rundfunks Werner G\u00f6tze verstorben. Etwas versp\u00e4tet wollen wir an den Mann mit der Pfeife erinnern, der mit Sendungen wie \"Mitternacht in M\u00fcnchen\" und\u00a0 \"Jazz auf Reisen\" das Jazzbild der Nachkriegsgeneration mitgepr\u00e4gt hat. Ein Nachruf von Roland\u2026","rel":"","context":"In &quot;Blog&quot;","block_context":{"text":"Blog","link":"https:\/\/www.jazzzeitung.de\/cms\/thema\/blog\/"},"img":{"alt_text":"Jazzaufnahme im BR. Foto: BR, Historisches Archiv","src":"https:\/\/i0.wp.com\/www.jazzzeitung.de\/cms\/wp-content\/uploads\/2010\/07\/jazz-150x150.jpg?resize=350%2C200","width":350,"height":200},"classes":[]},{"id":14373,"url":"https:\/\/www.jazzzeitung.de\/cms\/2017\/11\/die-jazz-radiowoche-vom-27-11-bis-03-12-2017\/","url_meta":{"origin":12001,"position":4},"title":"Die Jazz-Radiowoche vom 27.11. bis 03.12.2017","author":"Martin Hufner","date":"26. November 2017","format":false,"excerpt":"Ein subjektiver Blick in die Jazzwoche 48 im Radio. Unter anderem mit: Pedro Martins, Al Jarreau, Miles Davis\u2019 Capitol Orchestra, Neues aus den Niederlanden, Fred Frith, Gunter Hampel, SWR Jazzpreis 2017, Florian Ross Quintett, Lee Morgen Live at The Lighthouse, Yosuke Yamashita, Art Pepper, Jasper van\u00b4t Hof, Avishai Cohen, Chano\u2026","rel":"","context":"In &quot;News&quot;","block_context":{"text":"News","link":"https:\/\/www.jazzzeitung.de\/cms\/thema\/nachrichten\/"},"img":{"alt_text":"Jazz im Radio","src":"https:\/\/i0.wp.com\/www.jazzzeitung.de\/cms\/wp-content\/uploads\/2017\/10\/radio-jazz-neu.jpg?fit=1200%2C900&ssl=1&resize=350%2C200","width":350,"height":200,"srcset":"https:\/\/i0.wp.com\/www.jazzzeitung.de\/cms\/wp-content\/uploads\/2017\/10\/radio-jazz-neu.jpg?fit=1200%2C900&ssl=1&resize=350%2C200 1x, https:\/\/i0.wp.com\/www.jazzzeitung.de\/cms\/wp-content\/uploads\/2017\/10\/radio-jazz-neu.jpg?fit=1200%2C900&ssl=1&resize=525%2C300 1.5x, https:\/\/i0.wp.com\/www.jazzzeitung.de\/cms\/wp-content\/uploads\/2017\/10\/radio-jazz-neu.jpg?fit=1200%2C900&ssl=1&resize=700%2C400 2x, https:\/\/i0.wp.com\/www.jazzzeitung.de\/cms\/wp-content\/uploads\/2017\/10\/radio-jazz-neu.jpg?fit=1200%2C900&ssl=1&resize=1050%2C600 3x"},"classes":[]},{"id":23823,"url":"https:\/\/www.jazzzeitung.de\/cms\/2020\/11\/die-jazz-radiowoche-vom-16-11-20-bis-22-11-2020\/","url_meta":{"origin":12001,"position":5},"title":"Die Jazz-Radiowoche vom 16.11.20 bis 22.11.2020","author":"Martin Hufner","date":"15. November 2020","format":false,"excerpt":"Ein kleiner Blick in die Jazzwoche 47 im Radio. Alle Angaben ohne Gew\u00e4hr. Unter anderem: 10. Birdland Radio Jazzfestival.","rel":"","context":"In &quot;News&quot;","block_context":{"text":"News","link":"https:\/\/www.jazzzeitung.de\/cms\/thema\/nachrichten\/"},"img":{"alt_text":"Jazz im Radio. Foto: Hufner","src":"https:\/\/i0.wp.com\/www.jazzzeitung.de\/cms\/wp-content\/uploads\/2019\/03\/jazz_im_radio.jpg?fit=1200%2C773&ssl=1&resize=350%2C200","width":350,"height":200,"srcset":"https:\/\/i0.wp.com\/www.jazzzeitung.de\/cms\/wp-content\/uploads\/2019\/03\/jazz_im_radio.jpg?fit=1200%2C773&ssl=1&resize=350%2C200 1x, https:\/\/i0.wp.com\/www.jazzzeitung.de\/cms\/wp-content\/uploads\/2019\/03\/jazz_im_radio.jpg?fit=1200%2C773&ssl=1&resize=525%2C300 1.5x, https:\/\/i0.wp.com\/www.jazzzeitung.de\/cms\/wp-content\/uploads\/2019\/03\/jazz_im_radio.jpg?fit=1200%2C773&ssl=1&resize=700%2C400 2x, https:\/\/i0.wp.com\/www.jazzzeitung.de\/cms\/wp-content\/uploads\/2019\/03\/jazz_im_radio.jpg?fit=1200%2C773&ssl=1&resize=1050%2C600 3x"},"classes":[]}],"jetpack_sharing_enabled":true,"_links":{"self":[{"href":"https:\/\/www.jazzzeitung.de\/cms\/wp-json\/wp\/v2\/posts\/12001","targetHints":{"allow":["GET"]}}],"collection":[{"href":"https:\/\/www.jazzzeitung.de\/cms\/wp-json\/wp\/v2\/posts"}],"about":[{"href":"https:\/\/www.jazzzeitung.de\/cms\/wp-json\/wp\/v2\/types\/post"}],"author":[{"embeddable":true,"href":"https:\/\/www.jazzzeitung.de\/cms\/wp-json\/wp\/v2\/users\/18"}],"replies":[{"embeddable":true,"href":"https:\/\/www.jazzzeitung.de\/cms\/wp-json\/wp\/v2\/comments?post=12001"}],"version-history":[{"count":1,"href":"https:\/\/www.jazzzeitung.de\/cms\/wp-json\/wp\/v2\/posts\/12001\/revisions"}],"predecessor-version":[{"id":12003,"href":"https:\/\/www.jazzzeitung.de\/cms\/wp-json\/wp\/v2\/posts\/12001\/revisions\/12003"}],"wp:attachment":[{"href":"https:\/\/www.jazzzeitung.de\/cms\/wp-json\/wp\/v2\/media?parent=12001"}],"wp:term":[{"taxonomy":"category","embeddable":true,"href":"https:\/\/www.jazzzeitung.de\/cms\/wp-json\/wp\/v2\/categories?post=12001"},{"taxonomy":"post_tag","embeddable":true,"href":"https:\/\/www.jazzzeitung.de\/cms\/wp-json\/wp\/v2\/tags?post=12001"},{"taxonomy":"author","embeddable":true,"href":"https:\/\/www.jazzzeitung.de\/cms\/wp-json\/wp\/v2\/coauthors?post=12001"}],"curies":[{"name":"wp","href":"https:\/\/api.w.org\/{rel}","templated":true}]}}