{"id":12,"date":"2010-04-09T16:10:18","date_gmt":"2010-04-09T15:10:18","guid":{"rendered":"http:\/\/blogs.nmz.de\/jazz\/?p=12"},"modified":"2013-09-27T11:57:13","modified_gmt":"2013-09-27T09:57:13","slug":"klaus-doldinger-im-gespraech-mt-ursula-gaisa","status":"publish","type":"post","link":"https:\/\/www.jazzzeitung.de\/cms\/2010\/04\/klaus-doldinger-im-gespraech-mt-ursula-gaisa\/","title":{"rendered":"Klaus Doldinger im Gespr\u00e4ch mt Ursula Gaisa"},"content":{"rendered":"<p>Am 5. Mai erh\u00e4lt Klaus Doldinger den ECHO, der erstmals in der Kategorie Jazz verliehen wird. Aus diesem Anlass spricht der Komponist und Musiker auf der nmz-B\u00fchne mit Ursula Gaisa (Jazzzeitung) \u00fcber die Rolle des Jazz in Deutschland und seine Karriere als Filmkomponist.<\/p>\n<div style=\"width: 640px;\" class=\"wp-video\"><video class=\"wp-video-shortcode\" id=\"video-12-1\" width=\"640\" height=\"360\" preload=\"metadata\" controls=\"controls\"><source type=\"video\/x-flv\" src=\"http:\/\/www.nmz.de\/files\/videos\/Doldinger_nmzMedia720.flv?_=1\" \/><a href=\"http:\/\/www.nmz.de\/files\/videos\/Doldinger_nmzMedia720.flv\">http:\/\/www.nmz.de\/files\/videos\/Doldinger_nmzMedia720.flv<\/a><\/video><\/div>\n","protected":false},"excerpt":{"rendered":"<p>Am 5. Mai erh\u00e4lt Klaus Doldinger den ECHO, der erstmals in der Kategorie Jazz verliehen wird. Aus diesem Anlass spricht der Komponist und Musiker auf der nmz-B\u00fchne mit Ursula Gaisa (Jazzzeitung) \u00fcber die Rolle des Jazz in Deutschland und seine Karriere als Filmkomponist. http:\/\/www.nmz.de\/files\/videos\/Doldinger_nmzMedia720.flv<\/p>\n","protected":false},"author":18,"featured_media":0,"comment_status":"open","ping_status":"open","sticky":false,"template":"","format":"standard","meta":{"_jetpack_memberships_contains_paid_content":false,"footnotes":"","jetpack_publicize_message":"","jetpack_publicize_feature_enabled":true,"jetpack_social_post_already_shared":false,"jetpack_social_options":{"image_generator_settings":{"template":"highway","default_image_id":0,"font":"","enabled":false},"version":2}},"categories":[634],"tags":[137,176,294,317],"coauthors":[695],"class_list":["post-12","post","type-post","status-publish","format-standard","hentry","category-redaktion","tag-deutschland","tag-filmkomponist","tag-jazzzeitung","tag-klaus-doldinger"],"yoast_head":"<!-- This site is optimized with the Yoast SEO plugin v27.5 - https:\/\/yoast.com\/product\/yoast-seo-wordpress\/ -->\n<title>Klaus Doldinger im Gespr\u00e4ch mt Ursula Gaisa - JazzZeitung<\/title>\n<meta name=\"robots\" content=\"index, follow, max-snippet:-1, max-image-preview:large, max-video-preview:-1\" \/>\n<link rel=\"canonical\" href=\"https:\/\/www.jazzzeitung.de\/cms\/2010\/04\/klaus-doldinger-im-gespraech-mt-ursula-gaisa\/\" \/>\n<meta property=\"og:locale\" content=\"de_DE\" \/>\n<meta property=\"og:type\" content=\"article\" \/>\n<meta property=\"og:title\" content=\"Klaus Doldinger im Gespr\u00e4ch mt Ursula Gaisa - JazzZeitung\" \/>\n<meta property=\"og:description\" content=\"Am 5. Mai erh\u00e4lt Klaus Doldinger den ECHO, der erstmals in der Kategorie Jazz verliehen wird. Aus diesem Anlass spricht der Komponist und Musiker auf der nmz-B\u00fchne mit Ursula Gaisa (Jazzzeitung) \u00fcber die Rolle des Jazz in Deutschland und seine Karriere als Filmkomponist. http:\/\/www.nmz.de\/files\/videos\/Doldinger_nmzMedia720.flv\" \/>\n<meta property=\"og:url\" content=\"https:\/\/www.jazzzeitung.de\/cms\/2010\/04\/klaus-doldinger-im-gespraech-mt-ursula-gaisa\/\" \/>\n<meta property=\"og:site_name\" content=\"JazzZeitung\" \/>\n<meta property=\"article:publisher\" content=\"https:\/\/www.facebook.com\/JazzZeitung\/\" \/>\n<meta property=\"article:published_time\" content=\"2010-04-09T15:10:18+00:00\" \/>\n<meta property=\"article:modified_time\" content=\"2013-09-27T09:57:13+00:00\" \/>\n<meta property=\"og:image\" content=\"https:\/\/i0.wp.com\/www.jazzzeitung.de\/cms\/wp-content\/uploads\/2012\/01\/ipad-logo-200.png?fit=200%2C200&ssl=1\" \/>\n\t<meta property=\"og:image:width\" content=\"200\" \/>\n\t<meta property=\"og:image:height\" content=\"200\" \/>\n\t<meta property=\"og:image:type\" content=\"image\/png\" \/>\n<meta name=\"author\" content=\"Redaktion JazzZeitung\" \/>\n<script type=\"application\/ld+json\" class=\"yoast-schema-graph\">{\"@context\":\"https:\\\/\\\/schema.org\",\"@graph\":[{\"@type\":\"Article\",\"@id\":\"https:\\\/\\\/www.jazzzeitung.de\\\/cms\\\/2010\\\/04\\\/klaus-doldinger-im-gespraech-mt-ursula-gaisa\\\/#article\",\"isPartOf\":{\"@id\":\"https:\\\/\\\/www.jazzzeitung.de\\\/cms\\\/2010\\\/04\\\/klaus-doldinger-im-gespraech-mt-ursula-gaisa\\\/\"},\"author\":{\"name\":\"Redaktion JazzZeitung\",\"@id\":\"https:\\\/\\\/www.jazzzeitung.de\\\/cms\\\/#\\\/schema\\\/person\\\/2245b36b9cd1d24cea10f01c031fb92b\"},\"headline\":\"Klaus Doldinger im Gespr\u00e4ch mt Ursula Gaisa\",\"datePublished\":\"2010-04-09T15:10:18+00:00\",\"dateModified\":\"2013-09-27T09:57:13+00:00\",\"mainEntityOfPage\":{\"@id\":\"https:\\\/\\\/www.jazzzeitung.de\\\/cms\\\/2010\\\/04\\\/klaus-doldinger-im-gespraech-mt-ursula-gaisa\\\/\"},\"wordCount\":61,\"commentCount\":1,\"publisher\":{\"@id\":\"https:\\\/\\\/www.jazzzeitung.de\\\/cms\\\/#organization\"},\"keywords\":[\"Deutschland\",\"Filmkomponist\",\"Jazzzeitung\",\"Klaus Doldinger\"],\"articleSection\":[\"Redaktionelle Nachrichten\"],\"inLanguage\":\"de\",\"potentialAction\":[{\"@type\":\"CommentAction\",\"name\":\"Comment\",\"target\":[\"https:\\\/\\\/www.jazzzeitung.de\\\/cms\\\/2010\\\/04\\\/klaus-doldinger-im-gespraech-mt-ursula-gaisa\\\/#respond\"]}]},{\"@type\":\"WebPage\",\"@id\":\"https:\\\/\\\/www.jazzzeitung.de\\\/cms\\\/2010\\\/04\\\/klaus-doldinger-im-gespraech-mt-ursula-gaisa\\\/\",\"url\":\"https:\\\/\\\/www.jazzzeitung.de\\\/cms\\\/2010\\\/04\\\/klaus-doldinger-im-gespraech-mt-ursula-gaisa\\\/\",\"name\":\"Klaus Doldinger im Gespr\u00e4ch mt Ursula Gaisa - JazzZeitung\",\"isPartOf\":{\"@id\":\"https:\\\/\\\/www.jazzzeitung.de\\\/cms\\\/#website\"},\"datePublished\":\"2010-04-09T15:10:18+00:00\",\"dateModified\":\"2013-09-27T09:57:13+00:00\",\"breadcrumb\":{\"@id\":\"https:\\\/\\\/www.jazzzeitung.de\\\/cms\\\/2010\\\/04\\\/klaus-doldinger-im-gespraech-mt-ursula-gaisa\\\/#breadcrumb\"},\"inLanguage\":\"de\",\"potentialAction\":[{\"@type\":\"ReadAction\",\"target\":[\"https:\\\/\\\/www.jazzzeitung.de\\\/cms\\\/2010\\\/04\\\/klaus-doldinger-im-gespraech-mt-ursula-gaisa\\\/\"]}]},{\"@type\":\"BreadcrumbList\",\"@id\":\"https:\\\/\\\/www.jazzzeitung.de\\\/cms\\\/2010\\\/04\\\/klaus-doldinger-im-gespraech-mt-ursula-gaisa\\\/#breadcrumb\",\"itemListElement\":[{\"@type\":\"ListItem\",\"position\":1,\"name\":\"Startseite\",\"item\":\"https:\\\/\\\/www.jazzzeitung.de\\\/cms\\\/\"},{\"@type\":\"ListItem\",\"position\":2,\"name\":\"Klaus Doldinger im Gespr\u00e4ch mt Ursula Gaisa\"}]},{\"@type\":\"WebSite\",\"@id\":\"https:\\\/\\\/www.jazzzeitung.de\\\/cms\\\/#website\",\"url\":\"https:\\\/\\\/www.jazzzeitung.de\\\/cms\\\/\",\"name\":\"JazzZeitung\",\"description\":\"Jazz-News und Jazz-Kontroverses\",\"publisher\":{\"@id\":\"https:\\\/\\\/www.jazzzeitung.de\\\/cms\\\/#organization\"},\"potentialAction\":[{\"@type\":\"SearchAction\",\"target\":{\"@type\":\"EntryPoint\",\"urlTemplate\":\"https:\\\/\\\/www.jazzzeitung.de\\\/cms\\\/?s={search_term_string}\"},\"query-input\":{\"@type\":\"PropertyValueSpecification\",\"valueRequired\":true,\"valueName\":\"search_term_string\"}}],\"inLanguage\":\"de\"},{\"@type\":\"Organization\",\"@id\":\"https:\\\/\\\/www.jazzzeitung.de\\\/cms\\\/#organization\",\"name\":\"JazzZeitung online\",\"url\":\"https:\\\/\\\/www.jazzzeitung.de\\\/cms\\\/\",\"logo\":{\"@type\":\"ImageObject\",\"inLanguage\":\"de\",\"@id\":\"https:\\\/\\\/www.jazzzeitung.de\\\/cms\\\/#\\\/schema\\\/logo\\\/image\\\/\",\"url\":\"https:\\\/\\\/i0.wp.com\\\/www.jazzzeitung.de\\\/cms\\\/wp-content\\\/uploads\\\/2015\\\/08\\\/JAZZZEITUNGDE_Logo_Neu.png?fit=499%2C200&ssl=1\",\"contentUrl\":\"https:\\\/\\\/i0.wp.com\\\/www.jazzzeitung.de\\\/cms\\\/wp-content\\\/uploads\\\/2015\\\/08\\\/JAZZZEITUNGDE_Logo_Neu.png?fit=499%2C200&ssl=1\",\"width\":499,\"height\":200,\"caption\":\"JazzZeitung online\"},\"image\":{\"@id\":\"https:\\\/\\\/www.jazzzeitung.de\\\/cms\\\/#\\\/schema\\\/logo\\\/image\\\/\"},\"sameAs\":[\"https:\\\/\\\/www.facebook.com\\\/JazzZeitung\\\/\"]},{\"@type\":\"Person\",\"@id\":\"https:\\\/\\\/www.jazzzeitung.de\\\/cms\\\/#\\\/schema\\\/person\\\/2245b36b9cd1d24cea10f01c031fb92b\",\"name\":\"Redaktion JazzZeitung\",\"image\":{\"@type\":\"ImageObject\",\"inLanguage\":\"de\",\"@id\":\"https:\\\/\\\/i0.wp.com\\\/www.jazzzeitung.de\\\/cms\\\/wp-content\\\/uploads\\\/2015\\\/08\\\/JAZZZEITUNGDE_Logo_Neu.png?resize=96%2C96&ssl=159975dcacb611b5700bd619b5daf0a7a\",\"url\":\"https:\\\/\\\/i0.wp.com\\\/www.jazzzeitung.de\\\/cms\\\/wp-content\\\/uploads\\\/2015\\\/08\\\/JAZZZEITUNGDE_Logo_Neu.png?resize=96%2C96&ssl=1\",\"contentUrl\":\"https:\\\/\\\/i0.wp.com\\\/www.jazzzeitung.de\\\/cms\\\/wp-content\\\/uploads\\\/2015\\\/08\\\/JAZZZEITUNGDE_Logo_Neu.png?resize=96%2C96&ssl=1\",\"caption\":\"Redaktion JazzZeitung\"},\"description\":\"Artikel der Redaktion der JazzZeitung.\",\"sameAs\":[\"http:\\\/\\\/www.jazzzeitung.de\\\/cms\\\/\"],\"url\":\"https:\\\/\\\/www.jazzzeitung.de\\\/cms\\\/author\\\/redaktion\\\/\"}]}<\/script>\n<!-- \/ Yoast SEO plugin. -->","yoast_head_json":{"title":"Klaus Doldinger im Gespr\u00e4ch mt Ursula Gaisa - JazzZeitung","robots":{"index":"index","follow":"follow","max-snippet":"max-snippet:-1","max-image-preview":"max-image-preview:large","max-video-preview":"max-video-preview:-1"},"canonical":"https:\/\/www.jazzzeitung.de\/cms\/2010\/04\/klaus-doldinger-im-gespraech-mt-ursula-gaisa\/","og_locale":"de_DE","og_type":"article","og_title":"Klaus Doldinger im Gespr\u00e4ch mt Ursula Gaisa - JazzZeitung","og_description":"Am 5. Mai erh\u00e4lt Klaus Doldinger den ECHO, der erstmals in der Kategorie Jazz verliehen wird. Aus diesem Anlass spricht der Komponist und Musiker auf der nmz-B\u00fchne mit Ursula Gaisa (Jazzzeitung) \u00fcber die Rolle des Jazz in Deutschland und seine Karriere als Filmkomponist. http:\/\/www.nmz.de\/files\/videos\/Doldinger_nmzMedia720.flv","og_url":"https:\/\/www.jazzzeitung.de\/cms\/2010\/04\/klaus-doldinger-im-gespraech-mt-ursula-gaisa\/","og_site_name":"JazzZeitung","article_publisher":"https:\/\/www.facebook.com\/JazzZeitung\/","article_published_time":"2010-04-09T15:10:18+00:00","article_modified_time":"2013-09-27T09:57:13+00:00","og_image":[{"width":200,"height":200,"url":"https:\/\/i0.wp.com\/www.jazzzeitung.de\/cms\/wp-content\/uploads\/2012\/01\/ipad-logo-200.png?fit=200%2C200&ssl=1","type":"image\/png"}],"author":"Redaktion JazzZeitung","schema":{"@context":"https:\/\/schema.org","@graph":[{"@type":"Article","@id":"https:\/\/www.jazzzeitung.de\/cms\/2010\/04\/klaus-doldinger-im-gespraech-mt-ursula-gaisa\/#article","isPartOf":{"@id":"https:\/\/www.jazzzeitung.de\/cms\/2010\/04\/klaus-doldinger-im-gespraech-mt-ursula-gaisa\/"},"author":{"name":"Redaktion JazzZeitung","@id":"https:\/\/www.jazzzeitung.de\/cms\/#\/schema\/person\/2245b36b9cd1d24cea10f01c031fb92b"},"headline":"Klaus Doldinger im Gespr\u00e4ch mt Ursula Gaisa","datePublished":"2010-04-09T15:10:18+00:00","dateModified":"2013-09-27T09:57:13+00:00","mainEntityOfPage":{"@id":"https:\/\/www.jazzzeitung.de\/cms\/2010\/04\/klaus-doldinger-im-gespraech-mt-ursula-gaisa\/"},"wordCount":61,"commentCount":1,"publisher":{"@id":"https:\/\/www.jazzzeitung.de\/cms\/#organization"},"keywords":["Deutschland","Filmkomponist","Jazzzeitung","Klaus Doldinger"],"articleSection":["Redaktionelle Nachrichten"],"inLanguage":"de","potentialAction":[{"@type":"CommentAction","name":"Comment","target":["https:\/\/www.jazzzeitung.de\/cms\/2010\/04\/klaus-doldinger-im-gespraech-mt-ursula-gaisa\/#respond"]}]},{"@type":"WebPage","@id":"https:\/\/www.jazzzeitung.de\/cms\/2010\/04\/klaus-doldinger-im-gespraech-mt-ursula-gaisa\/","url":"https:\/\/www.jazzzeitung.de\/cms\/2010\/04\/klaus-doldinger-im-gespraech-mt-ursula-gaisa\/","name":"Klaus Doldinger im Gespr\u00e4ch mt Ursula Gaisa - JazzZeitung","isPartOf":{"@id":"https:\/\/www.jazzzeitung.de\/cms\/#website"},"datePublished":"2010-04-09T15:10:18+00:00","dateModified":"2013-09-27T09:57:13+00:00","breadcrumb":{"@id":"https:\/\/www.jazzzeitung.de\/cms\/2010\/04\/klaus-doldinger-im-gespraech-mt-ursula-gaisa\/#breadcrumb"},"inLanguage":"de","potentialAction":[{"@type":"ReadAction","target":["https:\/\/www.jazzzeitung.de\/cms\/2010\/04\/klaus-doldinger-im-gespraech-mt-ursula-gaisa\/"]}]},{"@type":"BreadcrumbList","@id":"https:\/\/www.jazzzeitung.de\/cms\/2010\/04\/klaus-doldinger-im-gespraech-mt-ursula-gaisa\/#breadcrumb","itemListElement":[{"@type":"ListItem","position":1,"name":"Startseite","item":"https:\/\/www.jazzzeitung.de\/cms\/"},{"@type":"ListItem","position":2,"name":"Klaus Doldinger im Gespr\u00e4ch mt Ursula Gaisa"}]},{"@type":"WebSite","@id":"https:\/\/www.jazzzeitung.de\/cms\/#website","url":"https:\/\/www.jazzzeitung.de\/cms\/","name":"JazzZeitung","description":"Jazz-News und Jazz-Kontroverses","publisher":{"@id":"https:\/\/www.jazzzeitung.de\/cms\/#organization"},"potentialAction":[{"@type":"SearchAction","target":{"@type":"EntryPoint","urlTemplate":"https:\/\/www.jazzzeitung.de\/cms\/?s={search_term_string}"},"query-input":{"@type":"PropertyValueSpecification","valueRequired":true,"valueName":"search_term_string"}}],"inLanguage":"de"},{"@type":"Organization","@id":"https:\/\/www.jazzzeitung.de\/cms\/#organization","name":"JazzZeitung online","url":"https:\/\/www.jazzzeitung.de\/cms\/","logo":{"@type":"ImageObject","inLanguage":"de","@id":"https:\/\/www.jazzzeitung.de\/cms\/#\/schema\/logo\/image\/","url":"https:\/\/i0.wp.com\/www.jazzzeitung.de\/cms\/wp-content\/uploads\/2015\/08\/JAZZZEITUNGDE_Logo_Neu.png?fit=499%2C200&ssl=1","contentUrl":"https:\/\/i0.wp.com\/www.jazzzeitung.de\/cms\/wp-content\/uploads\/2015\/08\/JAZZZEITUNGDE_Logo_Neu.png?fit=499%2C200&ssl=1","width":499,"height":200,"caption":"JazzZeitung online"},"image":{"@id":"https:\/\/www.jazzzeitung.de\/cms\/#\/schema\/logo\/image\/"},"sameAs":["https:\/\/www.facebook.com\/JazzZeitung\/"]},{"@type":"Person","@id":"https:\/\/www.jazzzeitung.de\/cms\/#\/schema\/person\/2245b36b9cd1d24cea10f01c031fb92b","name":"Redaktion JazzZeitung","image":{"@type":"ImageObject","inLanguage":"de","@id":"https:\/\/i0.wp.com\/www.jazzzeitung.de\/cms\/wp-content\/uploads\/2015\/08\/JAZZZEITUNGDE_Logo_Neu.png?resize=96%2C96&ssl=159975dcacb611b5700bd619b5daf0a7a","url":"https:\/\/i0.wp.com\/www.jazzzeitung.de\/cms\/wp-content\/uploads\/2015\/08\/JAZZZEITUNGDE_Logo_Neu.png?resize=96%2C96&ssl=1","contentUrl":"https:\/\/i0.wp.com\/www.jazzzeitung.de\/cms\/wp-content\/uploads\/2015\/08\/JAZZZEITUNGDE_Logo_Neu.png?resize=96%2C96&ssl=1","caption":"Redaktion JazzZeitung"},"description":"Artikel der Redaktion der JazzZeitung.","sameAs":["http:\/\/www.jazzzeitung.de\/cms\/"],"url":"https:\/\/www.jazzzeitung.de\/cms\/author\/redaktion\/"}]}},"wp-worthy-pixel":{"ignored":false,"public":null,"server":null,"url":null},"wp-worthy-type":"normal","jetpack_publicize_connections":[],"cc_featured_image_caption":{"caption_text":false,"source_text":false,"source_url":false},"jetpack_featured_media_url":"","jetpack_shortlink":"https:\/\/wp.me\/p3KEcT-c","jetpack-related-posts":[{"id":15177,"url":"https:\/\/www.jazzzeitung.de\/cms\/2018\/02\/gema-musikautorinnenpreis-klaus-doldinger-wird-fuer-sein-lebenswerk-ausgezeichnet\/","url_meta":{"origin":12,"position":0},"title":"GEMA-Musikautorinnenpreis: Klaus Doldinger wird f\u00fcr sein Lebenswerk ausgezeichnet","author":"Martin Hufner","date":"28. Februar 2018","format":false,"excerpt":"Pressemitteilung: Filmmusik-Komponist und Jazzlegende Klaus Doldinger wird bei der Jubil\u00e4umsgala des zehnten Deutschen Musikautorenpreises am 15. M\u00e4rz 2018 von der GEMA f\u00fcr sein Lebenswerk geehrt. Aus Doldingers Feder stammen unter anderem die ber\u00fchmte \u201eTatort\u201c- Titelmelodie sowie Musik zum legend\u00e4ren Film \u201eDas Boot\u201c. \u201eEr hat ein ph\u00e4nomenales Gesp\u00fcr f\u00fcr jene Motive\u2026","rel":"","context":"In &quot;News&quot;","block_context":{"text":"News","link":"https:\/\/www.jazzzeitung.de\/cms\/thema\/nachrichten\/"},"img":{"alt_text":"Klaus Doldinger. Foto: \u00a9 Peter Honnemann.","src":"https:\/\/i0.wp.com\/www.jazzzeitung.de\/cms\/wp-content\/uploads\/2018\/02\/DMAP2018_Klaus_Doldinger_c_Peter_Ho__nnemann.jpg?fit=1200%2C1105&ssl=1&resize=350%2C200","width":350,"height":200,"srcset":"https:\/\/i0.wp.com\/www.jazzzeitung.de\/cms\/wp-content\/uploads\/2018\/02\/DMAP2018_Klaus_Doldinger_c_Peter_Ho__nnemann.jpg?fit=1200%2C1105&ssl=1&resize=350%2C200 1x, https:\/\/i0.wp.com\/www.jazzzeitung.de\/cms\/wp-content\/uploads\/2018\/02\/DMAP2018_Klaus_Doldinger_c_Peter_Ho__nnemann.jpg?fit=1200%2C1105&ssl=1&resize=525%2C300 1.5x, https:\/\/i0.wp.com\/www.jazzzeitung.de\/cms\/wp-content\/uploads\/2018\/02\/DMAP2018_Klaus_Doldinger_c_Peter_Ho__nnemann.jpg?fit=1200%2C1105&ssl=1&resize=700%2C400 2x, https:\/\/i0.wp.com\/www.jazzzeitung.de\/cms\/wp-content\/uploads\/2018\/02\/DMAP2018_Klaus_Doldinger_c_Peter_Ho__nnemann.jpg?fit=1200%2C1105&ssl=1&resize=1050%2C600 3x"},"classes":[]},{"id":8255,"url":"https:\/\/www.jazzzeitung.de\/cms\/2016\/02\/german-jazz-trophy-2016-geht-klaus-doldinger\/","url_meta":{"origin":12,"position":1},"title":"German Jazz Trophy 2016 geht an Klaus Doldinger","author":"Redaktion JazzZeitung","date":"1. Februar 2016","format":false,"excerpt":"Der Saxophonist und Komponist Klaus Doldinger (12. Mai 1936 in Berlin) wird mit der German Jazz Trophy ausgezeichnet. Dies wurde heute auf der Pressekonferenz zurm Festival jazzopen in Stuttgart bekanntgegeben. Der Preis ist mit 15.000 Euro sowie mit einer Statue des Stuttgarter Bildhauers Otto Herbert Hajek dotiert und wird von\u2026","rel":"","context":"In &quot;Redaktionelle Nachrichten&quot;","block_context":{"text":"Redaktionelle Nachrichten","link":"https:\/\/www.jazzzeitung.de\/cms\/thema\/redaktion\/"},"img":{"alt_text":"Der Preistr\u00e4ger Klaus Doldinger. Foto: Warner music group","src":"https:\/\/i0.wp.com\/www.jazzzeitung.de\/cms\/wp-content\/uploads\/2016\/02\/DoldingerWarner-music-groupX_2939-e1454316881588-150x150.jpeg?resize=350%2C200","width":350,"height":200},"classes":[]},{"id":3216,"url":"https:\/\/www.jazzzeitung.de\/cms\/2013\/12\/fotostrecke-klaus-doldinger-ottobrunn\/","url_meta":{"origin":12,"position":2},"title":"Fotostrecke: Klaus Doldinger in Ottobrunn","author":"Redaktion JazzZeitung","date":"26. Dezember 2013","format":false,"excerpt":"Und wieder etwas zum Staunen und Wundern: der 77-j\u00e4hrige Klaus Doldinger mit seiner Band Passport jung wie eh und je am 19. Dezember in Ottobrunn, Fotos von Ralf Dombrowski.","rel":"","context":"In &quot;Galerie&quot;","block_context":{"text":"Galerie","link":"https:\/\/www.jazzzeitung.de\/cms\/thema\/galerie\/"},"img":{"alt_text":"","src":"https:\/\/i0.wp.com\/www.jazzzeitung.de\/cms\/wp-content\/uploads\/2013\/12\/Doldinger-h%C3%B6rt-zu-2-dombr.jpg?resize=350%2C200","width":350,"height":200,"srcset":"https:\/\/i0.wp.com\/www.jazzzeitung.de\/cms\/wp-content\/uploads\/2013\/12\/Doldinger-h%C3%B6rt-zu-2-dombr.jpg?resize=350%2C200 1x, https:\/\/i0.wp.com\/www.jazzzeitung.de\/cms\/wp-content\/uploads\/2013\/12\/Doldinger-h%C3%B6rt-zu-2-dombr.jpg?resize=525%2C300 1.5x, https:\/\/i0.wp.com\/www.jazzzeitung.de\/cms\/wp-content\/uploads\/2013\/12\/Doldinger-h%C3%B6rt-zu-2-dombr.jpg?resize=700%2C400 2x"},"classes":[]},{"id":12474,"url":"https:\/\/www.jazzzeitung.de\/cms\/2017\/05\/klaus-doldinger-erhaelt-den-echo-jazz-2017-fuer-sein-lebenswerk\/","url_meta":{"origin":12,"position":3},"title":"Klaus Doldinger erh\u00e4lt den ECHO JAZZ 2017 f\u00fcr sein Lebenswerk","author":"Redaktion JazzZeitung","date":"23. Mai 2017","format":false,"excerpt":"Berlin\/Hamburg, 23. Mai 2017 \u2013 Der Saxophonist und Bandleader Klaus Doldinger wird in diesem Jahr mit dem ECHO JAZZ f\u00fcr sein Lebenswerk ausgezeichnet. Vor 81 Jahren in Berlin geboren, spielte Doldinger ab 1953 in D\u00fcsseldorf in seiner ersten Band, den \u201eFeetwarmers\u201c, der auch der Kabarettist Dieter S\u00fcverkr\u00fcp sowie der sp\u00e4tere\u2026","rel":"","context":"In &quot;News&quot;","block_context":{"text":"News","link":"https:\/\/www.jazzzeitung.de\/cms\/thema\/nachrichten\/"},"img":{"alt_text":"","src":"https:\/\/i0.wp.com\/www.jazzzeitung.de\/cms\/wp-content\/uploads\/2017\/05\/DoldingerWarner-music-group_0161-150x150.jpeg?resize=350%2C200&ssl=1","width":350,"height":200},"classes":[]},{"id":11803,"url":"https:\/\/www.jazzzeitung.de\/cms\/2017\/02\/je-preiser-gekroent-jazzpreise-im-monat-februar\/","url_meta":{"origin":12,"position":4},"title":"Preistr\u00e4gerkonzerte: Klaus Doldinger spielte f\u00fcr Moritz Stahl","author":"Redaktion JazzZeitung","date":"28. Februar 2017","format":false,"excerpt":"Bereits im November 2016 war der Komponist und Saxophonist Klaus Doldinger mit dem Kulturellen Ehrenpreis der Landeshauptstadt M\u00fcnchen ausgezeichnet worden. Am Dienstag, den 14. Februar, wurde der Preis\u00a0 im Festsaal des Alten Rathauses durch Oberb\u00fcrgermeister Dieter Reiter verliehen.\u00a0Die Laudatio hielt G\u00fcnter Rohrbach, f\u00fcr die musikalische Umrahmung sorgten Roberto Di Gioia,\u2026","rel":"","context":"In &quot;Bericht&quot;","block_context":{"text":"Bericht","link":"https:\/\/www.jazzzeitung.de\/cms\/thema\/bericht\/"},"img":{"alt_text":"","src":"https:\/\/i0.wp.com\/www.jazzzeitung.de\/cms\/wp-content\/uploads\/2017\/02\/Doldinger-Sopran-dombr-150x150.jpg?resize=350%2C200","width":350,"height":200},"classes":[]},{"id":33225,"url":"https:\/\/www.jazzzeitung.de\/cms\/2025\/10\/klaus-doldinger-meister-der-melodie-ein-nachruf\/","url_meta":{"origin":12,"position":5},"title":"Klaus Doldinger &#8211; Meister der Melodie, ein Nachruf","author":"Redaktion JazzZeitung","date":"20. Oktober 2025","format":false,"excerpt":"(Von Oliver Hochkeppel)\u00a0Passport, Tatort und Das Boot \u2013 mit Klaus Doldinger ist eine pr\u00e4gende Gestalt der deutschen Nachkriegskultur gestorben. Ein richtiger B\u00fchnenabschied blieb Klaus Doldinger verwehrt. Die wohl letzte gro\u00dfe Tour zum 85. Geburtstag fiel Corona zum Opfer, den Nachholtermin im Prinzregententheater im Jahr darauf machte ein kleiner Sturz des\u2026","rel":"","context":"In &quot;Portrait&quot;","block_context":{"text":"Portrait","link":"https:\/\/www.jazzzeitung.de\/cms\/thema\/portrait\/"},"img":{"alt_text":"","src":"https:\/\/i0.wp.com\/www.jazzzeitung.de\/cms\/wp-content\/uploads\/2025\/10\/P1111405-sw-Doldinger-Unterfarht-Foto-TJ-Krebs-scaled.jpg?fit=1200%2C800&ssl=1&resize=350%2C200","width":350,"height":200,"srcset":"https:\/\/i0.wp.com\/www.jazzzeitung.de\/cms\/wp-content\/uploads\/2025\/10\/P1111405-sw-Doldinger-Unterfarht-Foto-TJ-Krebs-scaled.jpg?fit=1200%2C800&ssl=1&resize=350%2C200 1x, https:\/\/i0.wp.com\/www.jazzzeitung.de\/cms\/wp-content\/uploads\/2025\/10\/P1111405-sw-Doldinger-Unterfarht-Foto-TJ-Krebs-scaled.jpg?fit=1200%2C800&ssl=1&resize=525%2C300 1.5x, https:\/\/i0.wp.com\/www.jazzzeitung.de\/cms\/wp-content\/uploads\/2025\/10\/P1111405-sw-Doldinger-Unterfarht-Foto-TJ-Krebs-scaled.jpg?fit=1200%2C800&ssl=1&resize=700%2C400 2x, https:\/\/i0.wp.com\/www.jazzzeitung.de\/cms\/wp-content\/uploads\/2025\/10\/P1111405-sw-Doldinger-Unterfarht-Foto-TJ-Krebs-scaled.jpg?fit=1200%2C800&ssl=1&resize=1050%2C600 3x"},"classes":[]}],"jetpack_sharing_enabled":true,"_links":{"self":[{"href":"https:\/\/www.jazzzeitung.de\/cms\/wp-json\/wp\/v2\/posts\/12","targetHints":{"allow":["GET"]}}],"collection":[{"href":"https:\/\/www.jazzzeitung.de\/cms\/wp-json\/wp\/v2\/posts"}],"about":[{"href":"https:\/\/www.jazzzeitung.de\/cms\/wp-json\/wp\/v2\/types\/post"}],"author":[{"embeddable":true,"href":"https:\/\/www.jazzzeitung.de\/cms\/wp-json\/wp\/v2\/users\/18"}],"replies":[{"embeddable":true,"href":"https:\/\/www.jazzzeitung.de\/cms\/wp-json\/wp\/v2\/comments?post=12"}],"version-history":[{"count":2,"href":"https:\/\/www.jazzzeitung.de\/cms\/wp-json\/wp\/v2\/posts\/12\/revisions"}],"predecessor-version":[{"id":2365,"href":"https:\/\/www.jazzzeitung.de\/cms\/wp-json\/wp\/v2\/posts\/12\/revisions\/2365"}],"wp:attachment":[{"href":"https:\/\/www.jazzzeitung.de\/cms\/wp-json\/wp\/v2\/media?parent=12"}],"wp:term":[{"taxonomy":"category","embeddable":true,"href":"https:\/\/www.jazzzeitung.de\/cms\/wp-json\/wp\/v2\/categories?post=12"},{"taxonomy":"post_tag","embeddable":true,"href":"https:\/\/www.jazzzeitung.de\/cms\/wp-json\/wp\/v2\/tags?post=12"},{"taxonomy":"author","embeddable":true,"href":"https:\/\/www.jazzzeitung.de\/cms\/wp-json\/wp\/v2\/coauthors?post=12"}],"curies":[{"name":"wp","href":"https:\/\/api.w.org\/{rel}","templated":true}]}}