{"id":11968,"date":"2017-03-14T12:40:33","date_gmt":"2017-03-14T11:40:33","guid":{"rendered":"http:\/\/www.jazzzeitung.de\/cms\/?p=11968"},"modified":"2017-03-14T16:15:21","modified_gmt":"2017-03-14T15:15:21","slug":"konzert-nummer-5-des-bmw-welt-jazz-award-eva-kruse-mit-on-the-mo","status":"publish","type":"post","link":"https:\/\/www.jazzzeitung.de\/cms\/2017\/03\/konzert-nummer-5-des-bmw-welt-jazz-award-eva-kruse-mit-on-the-mo\/","title":{"rendered":"Konzert Nummer 6 des BMW Welt Jazz Award: Eva Kruse mit &#8222;On the Mo&#8220;"},"content":{"rendered":"<p>Wiedersehen macht Freude, dachte sich die gefeierte Bassistin und BMW Welt Jazz Award 2009 Gewinnerin Eva Kruse. Am 12. M\u00e4rz stellte sie im Quintett mit Eric Schaefer am Schlagzeug, Christian Jormin am Klavier, Uwe Steinmetz am Saxofon und Tjadina Wake-Walker an der Oboe ihr faszinierendes Programm \u201eOn The Mo\u201c vor. Das Konzert war auch der Abschluss der Matineen 2017. Man darf gespannt sein welcher Bassist am 6. Mai im Auditorium der <span class=\"caps\">BMW<\/span> Welt um das\u00a0 Preisgeld\u00a0 von\u00a0 10.000 Euro und den Pokal spielt. Zur Wahl stehen der\u00a0 Chris Minh Doky,\u00a0 Lars Danielsson\/ Gr\u00e9gory Privat, Henning Sieverts, Renaud Garcia-Fons, Linda Oh und eben Eva Kruse. Am 16. M\u00e4rz soll die Entscheidung bekannt gegeben\u00a0werden.<\/p>\n<p>Alle Fotos: Thomas J. Krebs<\/p>\n<div class=\"tiled-gallery type-rectangular tiled-gallery-unresized\" data-original-width=\"840\" data-carousel-extra='{&quot;blog_id&quot;:1,&quot;permalink&quot;:&quot;https:\\\/\\\/www.jazzzeitung.de\\\/cms\\\/2017\\\/03\\\/konzert-nummer-5-des-bmw-welt-jazz-award-eva-kruse-mit-on-the-mo\\\/&quot;,&quot;likes_blog_id&quot;:55446655}' itemscope itemtype=\"http:\/\/schema.org\/ImageGallery\" > <div class=\"gallery-row\" style=\"width: 840px; height: 728px;\" data-original-width=\"840\" data-original-height=\"728\" > <div class=\"gallery-group images-1\" style=\"width: 486px; height: 728px;\" data-original-width=\"486\" data-original-height=\"728\" > <div class=\"tiled-gallery-item tiled-gallery-item-large\" itemprop=\"associatedMedia\" itemscope itemtype=\"http:\/\/schema.org\/ImageObject\"> <a href=\"https:\/\/www.jazzzeitung.de\/cms\/2017\/03\/konzert-nummer-5-des-bmw-welt-jazz-award-eva-kruse-mit-on-the-mo\/kruse-p1250056-foto-tj-krebs\/\" border=\"0\" itemprop=\"url\"> <meta itemprop=\"width\" content=\"482\"> <meta itemprop=\"height\" content=\"724\"> <img decoding=\"async\" class=\"\" data-attachment-id=\"11978\" data-orig-file=\"https:\/\/www.jazzzeitung.de\/cms\/wp-content\/uploads\/2017\/03\/Kruse-P1250056-Foto-TJ-Krebs.jpg\" data-orig-size=\"800,1200\" data-comments-opened=\"1\" data-image-meta=\"{&quot;aperture&quot;:&quot;0&quot;,&quot;credit&quot;:&quot;&quot;,&quot;camera&quot;:&quot;&quot;,&quot;caption&quot;:&quot;&quot;,&quot;created_timestamp&quot;:&quot;0&quot;,&quot;copyright&quot;:&quot;&quot;,&quot;focal_length&quot;:&quot;0&quot;,&quot;iso&quot;:&quot;0&quot;,&quot;shutter_speed&quot;:&quot;0&quot;,&quot;title&quot;:&quot;&quot;,&quot;orientation&quot;:&quot;0&quot;}\" data-image-title=\"Kruse P1250056 Foto TJ Krebs\" data-image-description=\"\" data-medium-file=\"https:\/\/i0.wp.com\/www.jazzzeitung.de\/cms\/wp-content\/uploads\/2017\/03\/Kruse-P1250056-Foto-TJ-Krebs.jpg?fit=200%2C300&#038;ssl=1\" data-large-file=\"https:\/\/i0.wp.com\/www.jazzzeitung.de\/cms\/wp-content\/uploads\/2017\/03\/Kruse-P1250056-Foto-TJ-Krebs.jpg?fit=400%2C600&#038;ssl=1\" src=\"https:\/\/i0.wp.com\/www.jazzzeitung.de\/cms\/wp-content\/uploads\/2017\/03\/Kruse-P1250056-Foto-TJ-Krebs.jpg?w=482&#038;h=724&#038;ssl=1\" srcset=\"https:\/\/i0.wp.com\/www.jazzzeitung.de\/cms\/wp-content\/uploads\/2017\/03\/Kruse-P1250056-Foto-TJ-Krebs.jpg?w=800&amp;ssl=1 800w, https:\/\/i0.wp.com\/www.jazzzeitung.de\/cms\/wp-content\/uploads\/2017\/03\/Kruse-P1250056-Foto-TJ-Krebs.jpg?resize=200%2C300&amp;ssl=1 200w, https:\/\/i0.wp.com\/www.jazzzeitung.de\/cms\/wp-content\/uploads\/2017\/03\/Kruse-P1250056-Foto-TJ-Krebs.jpg?resize=768%2C1152&amp;ssl=1 768w, https:\/\/i0.wp.com\/www.jazzzeitung.de\/cms\/wp-content\/uploads\/2017\/03\/Kruse-P1250056-Foto-TJ-Krebs.jpg?resize=400%2C600&amp;ssl=1 400w\" width=\"482\" height=\"724\" loading=\"lazy\" data-original-width=\"482\" data-original-height=\"724\" itemprop=\"http:\/\/schema.org\/image\" title=\"Kruse P1250056 Foto TJ Krebs\" alt=\"Bandleaderin Eva Kruse mit &quot;On the Mo&quot;. Foto: Thomas J. Krebs\" style=\"width: 482px; height: 724px;\" \/> <\/a> <div class=\"tiled-gallery-caption\" itemprop=\"caption description\"> Bandleaderin Eva Kruse mit &#8222;On the Mo&#8220;. Foto: Thomas J. Krebs <\/div> <\/div> <\/div> <!-- close group --> <div class=\"gallery-group images-3\" style=\"width: 354px; height: 728px;\" data-original-width=\"354\" data-original-height=\"728\" > <div class=\"tiled-gallery-item tiled-gallery-item-large\" itemprop=\"associatedMedia\" itemscope itemtype=\"http:\/\/schema.org\/ImageObject\"> <a href=\"https:\/\/www.jazzzeitung.de\/cms\/2017\/03\/konzert-nummer-5-des-bmw-welt-jazz-award-eva-kruse-mit-on-the-mo\/bass-kruse-p1220384-foto-tj-krebs\/\" border=\"0\" itemprop=\"url\"> <meta itemprop=\"width\" content=\"350\"> <meta itemprop=\"height\" content=\"233\"> <img decoding=\"async\" class=\"\" data-attachment-id=\"11970\" data-orig-file=\"https:\/\/www.jazzzeitung.de\/cms\/wp-content\/uploads\/2017\/03\/Bass-Kruse-P1220384-Foto-TJ-Krebs.jpg\" data-orig-size=\"1600,1067\" data-comments-opened=\"1\" data-image-meta=\"{&quot;aperture&quot;:&quot;0&quot;,&quot;credit&quot;:&quot;&quot;,&quot;camera&quot;:&quot;&quot;,&quot;caption&quot;:&quot;&quot;,&quot;created_timestamp&quot;:&quot;0&quot;,&quot;copyright&quot;:&quot;&quot;,&quot;focal_length&quot;:&quot;0&quot;,&quot;iso&quot;:&quot;0&quot;,&quot;shutter_speed&quot;:&quot;0&quot;,&quot;title&quot;:&quot;&quot;,&quot;orientation&quot;:&quot;0&quot;}\" data-image-title=\"Bass Kruse P1220384 &amp;#8211; Foto TJ Krebs\" data-image-description=\"\" data-medium-file=\"https:\/\/i0.wp.com\/www.jazzzeitung.de\/cms\/wp-content\/uploads\/2017\/03\/Bass-Kruse-P1220384-Foto-TJ-Krebs.jpg?fit=300%2C200&#038;ssl=1\" data-large-file=\"https:\/\/i0.wp.com\/www.jazzzeitung.de\/cms\/wp-content\/uploads\/2017\/03\/Bass-Kruse-P1220384-Foto-TJ-Krebs.jpg?fit=840%2C560&#038;ssl=1\" src=\"https:\/\/i0.wp.com\/www.jazzzeitung.de\/cms\/wp-content\/uploads\/2017\/03\/Bass-Kruse-P1220384-Foto-TJ-Krebs.jpg?w=350&#038;h=233&#038;ssl=1\" srcset=\"https:\/\/i0.wp.com\/www.jazzzeitung.de\/cms\/wp-content\/uploads\/2017\/03\/Bass-Kruse-P1220384-Foto-TJ-Krebs.jpg?w=1600&amp;ssl=1 1600w, https:\/\/i0.wp.com\/www.jazzzeitung.de\/cms\/wp-content\/uploads\/2017\/03\/Bass-Kruse-P1220384-Foto-TJ-Krebs.jpg?resize=300%2C200&amp;ssl=1 300w, https:\/\/i0.wp.com\/www.jazzzeitung.de\/cms\/wp-content\/uploads\/2017\/03\/Bass-Kruse-P1220384-Foto-TJ-Krebs.jpg?resize=768%2C512&amp;ssl=1 768w, https:\/\/i0.wp.com\/www.jazzzeitung.de\/cms\/wp-content\/uploads\/2017\/03\/Bass-Kruse-P1220384-Foto-TJ-Krebs.jpg?resize=900%2C600&amp;ssl=1 900w\" width=\"350\" height=\"233\" loading=\"lazy\" data-original-width=\"350\" data-original-height=\"233\" itemprop=\"http:\/\/schema.org\/image\" title=\"Bass Kruse P1220384 - Foto TJ Krebs\" alt=\"Bass Kruse P1220384 - Foto TJ Krebs\" style=\"width: 350px; height: 233px;\" \/> <\/a> <\/div> <div class=\"tiled-gallery-item tiled-gallery-item-large\" itemprop=\"associatedMedia\" itemscope itemtype=\"http:\/\/schema.org\/ImageObject\"> <a href=\"https:\/\/www.jazzzeitung.de\/cms\/2017\/03\/konzert-nummer-5-des-bmw-welt-jazz-award-eva-kruse-mit-on-the-mo\/jormin-haende-p1250110-foto-tj-krebs\/\" border=\"0\" itemprop=\"url\"> <meta itemprop=\"width\" content=\"350\"> <meta itemprop=\"height\" content=\"243\"> <img decoding=\"async\" class=\"\" data-attachment-id=\"11971\" data-orig-file=\"https:\/\/www.jazzzeitung.de\/cms\/wp-content\/uploads\/2017\/03\/Jormin-H\u00e4nde-P1250110-Foto-TJ-Krebs.jpg\" data-orig-size=\"1600,1111\" data-comments-opened=\"1\" data-image-meta=\"{&quot;aperture&quot;:&quot;0&quot;,&quot;credit&quot;:&quot;&quot;,&quot;camera&quot;:&quot;&quot;,&quot;caption&quot;:&quot;&quot;,&quot;created_timestamp&quot;:&quot;0&quot;,&quot;copyright&quot;:&quot;&quot;,&quot;focal_length&quot;:&quot;0&quot;,&quot;iso&quot;:&quot;0&quot;,&quot;shutter_speed&quot;:&quot;0&quot;,&quot;title&quot;:&quot;&quot;,&quot;orientation&quot;:&quot;0&quot;}\" data-image-title=\"Jormin H\u00e4nde P1250110 &amp;#8211; Foto TJ Krebs\" data-image-description=\"\" data-medium-file=\"https:\/\/i0.wp.com\/www.jazzzeitung.de\/cms\/wp-content\/uploads\/2017\/03\/Jormin-H%C3%A4nde-P1250110-Foto-TJ-Krebs.jpg?fit=300%2C208&#038;ssl=1\" data-large-file=\"https:\/\/i0.wp.com\/www.jazzzeitung.de\/cms\/wp-content\/uploads\/2017\/03\/Jormin-H%C3%A4nde-P1250110-Foto-TJ-Krebs.jpg?fit=840%2C583&#038;ssl=1\" src=\"https:\/\/i0.wp.com\/www.jazzzeitung.de\/cms\/wp-content\/uploads\/2017\/03\/Jormin-H%C3%A4nde-P1250110-Foto-TJ-Krebs.jpg?w=350&#038;h=243&#038;ssl=1\" width=\"350\" height=\"243\" loading=\"lazy\" data-original-width=\"350\" data-original-height=\"243\" itemprop=\"http:\/\/schema.org\/image\" title=\"Jormin H\u00e4nde P1250110 - Foto TJ Krebs\" alt=\"Jormin H\u00e4nde P1250110 - Foto TJ Krebs\" style=\"width: 350px; height: 243px;\" \/> <\/a> <\/div> <div class=\"tiled-gallery-item tiled-gallery-item-large\" itemprop=\"associatedMedia\" itemscope itemtype=\"http:\/\/schema.org\/ImageObject\"> <a href=\"https:\/\/www.jazzzeitung.de\/cms\/2017\/03\/konzert-nummer-5-des-bmw-welt-jazz-award-eva-kruse-mit-on-the-mo\/jormin-p1250191-foto-tj-krebs\/\" border=\"0\" itemprop=\"url\"> <meta itemprop=\"width\" content=\"350\"> <meta itemprop=\"height\" content=\"240\"> <img decoding=\"async\" class=\"\" data-attachment-id=\"11973\" data-orig-file=\"https:\/\/www.jazzzeitung.de\/cms\/wp-content\/uploads\/2017\/03\/Jormin-P1250191-Foto-TJ-Krebs.jpg\" data-orig-size=\"1600,1096\" data-comments-opened=\"1\" data-image-meta=\"{&quot;aperture&quot;:&quot;0&quot;,&quot;credit&quot;:&quot;&quot;,&quot;camera&quot;:&quot;&quot;,&quot;caption&quot;:&quot;&quot;,&quot;created_timestamp&quot;:&quot;0&quot;,&quot;copyright&quot;:&quot;&quot;,&quot;focal_length&quot;:&quot;0&quot;,&quot;iso&quot;:&quot;0&quot;,&quot;shutter_speed&quot;:&quot;0&quot;,&quot;title&quot;:&quot;&quot;,&quot;orientation&quot;:&quot;0&quot;}\" data-image-title=\"Jormin P1250191 &amp;#8211; Foto TJ Krebs\" data-image-description=\"\" data-medium-file=\"https:\/\/i0.wp.com\/www.jazzzeitung.de\/cms\/wp-content\/uploads\/2017\/03\/Jormin-P1250191-Foto-TJ-Krebs.jpg?fit=300%2C206&#038;ssl=1\" data-large-file=\"https:\/\/i0.wp.com\/www.jazzzeitung.de\/cms\/wp-content\/uploads\/2017\/03\/Jormin-P1250191-Foto-TJ-Krebs.jpg?fit=840%2C575&#038;ssl=1\" src=\"https:\/\/i0.wp.com\/www.jazzzeitung.de\/cms\/wp-content\/uploads\/2017\/03\/Jormin-P1250191-Foto-TJ-Krebs.jpg?w=350&#038;h=240&#038;ssl=1\" srcset=\"https:\/\/i0.wp.com\/www.jazzzeitung.de\/cms\/wp-content\/uploads\/2017\/03\/Jormin-P1250191-Foto-TJ-Krebs.jpg?w=1600&amp;ssl=1 1600w, https:\/\/i0.wp.com\/www.jazzzeitung.de\/cms\/wp-content\/uploads\/2017\/03\/Jormin-P1250191-Foto-TJ-Krebs.jpg?resize=300%2C206&amp;ssl=1 300w, https:\/\/i0.wp.com\/www.jazzzeitung.de\/cms\/wp-content\/uploads\/2017\/03\/Jormin-P1250191-Foto-TJ-Krebs.jpg?resize=768%2C526&amp;ssl=1 768w, https:\/\/i0.wp.com\/www.jazzzeitung.de\/cms\/wp-content\/uploads\/2017\/03\/Jormin-P1250191-Foto-TJ-Krebs.jpg?resize=876%2C600&amp;ssl=1 876w\" width=\"350\" height=\"240\" loading=\"lazy\" data-original-width=\"350\" data-original-height=\"240\" itemprop=\"http:\/\/schema.org\/image\" title=\"Jormin P1250191 - Foto TJ Krebs\" alt=\"Jormin P1250191 - Foto TJ Krebs\" style=\"width: 350px; height: 240px;\" \/> <\/a> <\/div> <\/div> <!-- close group --> <\/div> <!-- close row --> <div class=\"gallery-row\" style=\"width: 840px; height: 720px;\" data-original-width=\"840\" data-original-height=\"720\" > <div class=\"gallery-group images-3\" style=\"width: 358px; height: 720px;\" data-original-width=\"358\" data-original-height=\"720\" > <div class=\"tiled-gallery-item tiled-gallery-item-large\" itemprop=\"associatedMedia\" itemscope itemtype=\"http:\/\/schema.org\/ImageObject\"> <a href=\"https:\/\/www.jazzzeitung.de\/cms\/2017\/03\/konzert-nummer-5-des-bmw-welt-jazz-award-eva-kruse-mit-on-the-mo\/kruse-band-p1250145-foto-tj-krebs\/\" border=\"0\" itemprop=\"url\"> <meta itemprop=\"width\" content=\"354\"> <meta itemprop=\"height\" content=\"236\"> <img decoding=\"async\" class=\"\" data-attachment-id=\"11974\" data-orig-file=\"https:\/\/www.jazzzeitung.de\/cms\/wp-content\/uploads\/2017\/03\/Kruse-Band-P1250145-Foto-TJ-Krebs.jpg\" data-orig-size=\"1600,1066\" data-comments-opened=\"1\" data-image-meta=\"{&quot;aperture&quot;:&quot;0&quot;,&quot;credit&quot;:&quot;&quot;,&quot;camera&quot;:&quot;&quot;,&quot;caption&quot;:&quot;&quot;,&quot;created_timestamp&quot;:&quot;0&quot;,&quot;copyright&quot;:&quot;&quot;,&quot;focal_length&quot;:&quot;0&quot;,&quot;iso&quot;:&quot;0&quot;,&quot;shutter_speed&quot;:&quot;0&quot;,&quot;title&quot;:&quot;&quot;,&quot;orientation&quot;:&quot;0&quot;}\" data-image-title=\"Kruse Band P1250145 &amp;#8211; Foto TJ Krebs\" data-image-description=\"\" data-medium-file=\"https:\/\/i0.wp.com\/www.jazzzeitung.de\/cms\/wp-content\/uploads\/2017\/03\/Kruse-Band-P1250145-Foto-TJ-Krebs.jpg?fit=300%2C200&#038;ssl=1\" data-large-file=\"https:\/\/i0.wp.com\/www.jazzzeitung.de\/cms\/wp-content\/uploads\/2017\/03\/Kruse-Band-P1250145-Foto-TJ-Krebs.jpg?fit=840%2C560&#038;ssl=1\" src=\"https:\/\/i0.wp.com\/www.jazzzeitung.de\/cms\/wp-content\/uploads\/2017\/03\/Kruse-Band-P1250145-Foto-TJ-Krebs.jpg?w=354&#038;h=236&#038;ssl=1\" srcset=\"https:\/\/i0.wp.com\/www.jazzzeitung.de\/cms\/wp-content\/uploads\/2017\/03\/Kruse-Band-P1250145-Foto-TJ-Krebs.jpg?w=1600&amp;ssl=1 1600w, https:\/\/i0.wp.com\/www.jazzzeitung.de\/cms\/wp-content\/uploads\/2017\/03\/Kruse-Band-P1250145-Foto-TJ-Krebs.jpg?resize=300%2C200&amp;ssl=1 300w, https:\/\/i0.wp.com\/www.jazzzeitung.de\/cms\/wp-content\/uploads\/2017\/03\/Kruse-Band-P1250145-Foto-TJ-Krebs.jpg?resize=768%2C512&amp;ssl=1 768w, https:\/\/i0.wp.com\/www.jazzzeitung.de\/cms\/wp-content\/uploads\/2017\/03\/Kruse-Band-P1250145-Foto-TJ-Krebs.jpg?resize=900%2C600&amp;ssl=1 900w\" width=\"354\" height=\"236\" loading=\"lazy\" data-original-width=\"354\" data-original-height=\"236\" itemprop=\"http:\/\/schema.org\/image\" title=\"Kruse Band P1250145 - Foto TJ Krebs\" alt=\"Kruse Band P1250145 - Foto TJ Krebs\" style=\"width: 354px; height: 236px;\" \/> <\/a> <\/div> <div class=\"tiled-gallery-item tiled-gallery-item-large\" itemprop=\"associatedMedia\" itemscope itemtype=\"http:\/\/schema.org\/ImageObject\"> <a href=\"https:\/\/www.jazzzeitung.de\/cms\/2017\/03\/konzert-nummer-5-des-bmw-welt-jazz-award-eva-kruse-mit-on-the-mo\/kruse-hand-p1220459-foto-tj-krebs\/\" border=\"0\" itemprop=\"url\"> <meta itemprop=\"width\" content=\"354\"> <meta itemprop=\"height\" content=\"236\"> <img decoding=\"async\" class=\"\" data-attachment-id=\"11975\" data-orig-file=\"https:\/\/www.jazzzeitung.de\/cms\/wp-content\/uploads\/2017\/03\/Kruse-Hand-P1220459-Foto-TJ-Krebs.jpg\" data-orig-size=\"1600,1067\" data-comments-opened=\"1\" data-image-meta=\"{&quot;aperture&quot;:&quot;0&quot;,&quot;credit&quot;:&quot;&quot;,&quot;camera&quot;:&quot;&quot;,&quot;caption&quot;:&quot;&quot;,&quot;created_timestamp&quot;:&quot;0&quot;,&quot;copyright&quot;:&quot;&quot;,&quot;focal_length&quot;:&quot;0&quot;,&quot;iso&quot;:&quot;0&quot;,&quot;shutter_speed&quot;:&quot;0&quot;,&quot;title&quot;:&quot;&quot;,&quot;orientation&quot;:&quot;0&quot;}\" data-image-title=\"Kruse Hand P1220459 &amp;#8211; Foto TJ Krebs\" data-image-description=\"\" data-medium-file=\"https:\/\/i0.wp.com\/www.jazzzeitung.de\/cms\/wp-content\/uploads\/2017\/03\/Kruse-Hand-P1220459-Foto-TJ-Krebs.jpg?fit=300%2C200&#038;ssl=1\" data-large-file=\"https:\/\/i0.wp.com\/www.jazzzeitung.de\/cms\/wp-content\/uploads\/2017\/03\/Kruse-Hand-P1220459-Foto-TJ-Krebs.jpg?fit=840%2C560&#038;ssl=1\" src=\"https:\/\/i0.wp.com\/www.jazzzeitung.de\/cms\/wp-content\/uploads\/2017\/03\/Kruse-Hand-P1220459-Foto-TJ-Krebs.jpg?w=354&#038;h=236&#038;ssl=1\" srcset=\"https:\/\/i0.wp.com\/www.jazzzeitung.de\/cms\/wp-content\/uploads\/2017\/03\/Kruse-Hand-P1220459-Foto-TJ-Krebs.jpg?w=1600&amp;ssl=1 1600w, https:\/\/i0.wp.com\/www.jazzzeitung.de\/cms\/wp-content\/uploads\/2017\/03\/Kruse-Hand-P1220459-Foto-TJ-Krebs.jpg?resize=300%2C200&amp;ssl=1 300w, https:\/\/i0.wp.com\/www.jazzzeitung.de\/cms\/wp-content\/uploads\/2017\/03\/Kruse-Hand-P1220459-Foto-TJ-Krebs.jpg?resize=768%2C512&amp;ssl=1 768w, https:\/\/i0.wp.com\/www.jazzzeitung.de\/cms\/wp-content\/uploads\/2017\/03\/Kruse-Hand-P1220459-Foto-TJ-Krebs.jpg?resize=900%2C600&amp;ssl=1 900w\" width=\"354\" height=\"236\" loading=\"lazy\" data-original-width=\"354\" data-original-height=\"236\" itemprop=\"http:\/\/schema.org\/image\" title=\"Kruse Hand P1220459 - Foto TJ Krebs\" alt=\"Kruse Hand P1220459 - Foto TJ Krebs\" style=\"width: 354px; height: 236px;\" \/> <\/a> <\/div> <div class=\"tiled-gallery-item tiled-gallery-item-large\" itemprop=\"associatedMedia\" itemscope itemtype=\"http:\/\/schema.org\/ImageObject\"> <a href=\"https:\/\/www.jazzzeitung.de\/cms\/2017\/03\/konzert-nummer-5-des-bmw-welt-jazz-award-eva-kruse-mit-on-the-mo\/kruse-on-the-mo-foto-tj-krebsp1250291\/\" border=\"0\" itemprop=\"url\"> <meta itemprop=\"width\" content=\"354\"> <meta itemprop=\"height\" content=\"236\"> <img decoding=\"async\" class=\"\" data-attachment-id=\"11976\" data-orig-file=\"https:\/\/www.jazzzeitung.de\/cms\/wp-content\/uploads\/2017\/03\/Kruse-On-the-Mo-Foto-TJ-KrebsP1250291.jpg\" data-orig-size=\"1600,1066\" data-comments-opened=\"1\" data-image-meta=\"{&quot;aperture&quot;:&quot;0&quot;,&quot;credit&quot;:&quot;&quot;,&quot;camera&quot;:&quot;&quot;,&quot;caption&quot;:&quot;&quot;,&quot;created_timestamp&quot;:&quot;0&quot;,&quot;copyright&quot;:&quot;&quot;,&quot;focal_length&quot;:&quot;0&quot;,&quot;iso&quot;:&quot;0&quot;,&quot;shutter_speed&quot;:&quot;0&quot;,&quot;title&quot;:&quot;&quot;,&quot;orientation&quot;:&quot;0&quot;}\" data-image-title=\"Kruse On the Mo &amp;#8211; Foto TJ KrebsP1250291\" data-image-description=\"\" data-medium-file=\"https:\/\/i0.wp.com\/www.jazzzeitung.de\/cms\/wp-content\/uploads\/2017\/03\/Kruse-On-the-Mo-Foto-TJ-KrebsP1250291.jpg?fit=300%2C200&#038;ssl=1\" data-large-file=\"https:\/\/i0.wp.com\/www.jazzzeitung.de\/cms\/wp-content\/uploads\/2017\/03\/Kruse-On-the-Mo-Foto-TJ-KrebsP1250291.jpg?fit=840%2C560&#038;ssl=1\" src=\"https:\/\/i0.wp.com\/www.jazzzeitung.de\/cms\/wp-content\/uploads\/2017\/03\/Kruse-On-the-Mo-Foto-TJ-KrebsP1250291.jpg?w=354&#038;h=236&#038;ssl=1\" srcset=\"https:\/\/i0.wp.com\/www.jazzzeitung.de\/cms\/wp-content\/uploads\/2017\/03\/Kruse-On-the-Mo-Foto-TJ-KrebsP1250291.jpg?w=1600&amp;ssl=1 1600w, https:\/\/i0.wp.com\/www.jazzzeitung.de\/cms\/wp-content\/uploads\/2017\/03\/Kruse-On-the-Mo-Foto-TJ-KrebsP1250291.jpg?resize=300%2C200&amp;ssl=1 300w, https:\/\/i0.wp.com\/www.jazzzeitung.de\/cms\/wp-content\/uploads\/2017\/03\/Kruse-On-the-Mo-Foto-TJ-KrebsP1250291.jpg?resize=768%2C512&amp;ssl=1 768w, https:\/\/i0.wp.com\/www.jazzzeitung.de\/cms\/wp-content\/uploads\/2017\/03\/Kruse-On-the-Mo-Foto-TJ-KrebsP1250291.jpg?resize=900%2C600&amp;ssl=1 900w\" width=\"354\" height=\"236\" loading=\"lazy\" data-original-width=\"354\" data-original-height=\"236\" itemprop=\"http:\/\/schema.org\/image\" title=\"Kruse On the Mo - Foto TJ KrebsP1250291\" alt=\"Kruse On the Mo - Foto TJ KrebsP1250291\" style=\"width: 354px; height: 236px;\" \/> <\/a> <\/div> <\/div> <!-- close group --> <div class=\"gallery-group images-1\" style=\"width: 482px; height: 720px;\" data-original-width=\"482\" data-original-height=\"720\" > <div class=\"tiled-gallery-item tiled-gallery-item-large\" itemprop=\"associatedMedia\" itemscope itemtype=\"http:\/\/schema.org\/ImageObject\"> <a href=\"https:\/\/www.jazzzeitung.de\/cms\/2017\/03\/konzert-nummer-5-des-bmw-welt-jazz-award-eva-kruse-mit-on-the-mo\/kruse-p1220374-foto-tj-krebs\/\" border=\"0\" itemprop=\"url\"> <meta itemprop=\"width\" content=\"478\"> <meta itemprop=\"height\" content=\"716\"> <img decoding=\"async\" class=\"\" data-attachment-id=\"11977\" data-orig-file=\"https:\/\/www.jazzzeitung.de\/cms\/wp-content\/uploads\/2017\/03\/Kruse-P1220374-Foto-TJ-Krebs.jpg\" data-orig-size=\"800,1200\" data-comments-opened=\"1\" data-image-meta=\"{&quot;aperture&quot;:&quot;0&quot;,&quot;credit&quot;:&quot;&quot;,&quot;camera&quot;:&quot;&quot;,&quot;caption&quot;:&quot;&quot;,&quot;created_timestamp&quot;:&quot;0&quot;,&quot;copyright&quot;:&quot;&quot;,&quot;focal_length&quot;:&quot;0&quot;,&quot;iso&quot;:&quot;0&quot;,&quot;shutter_speed&quot;:&quot;0&quot;,&quot;title&quot;:&quot;&quot;,&quot;orientation&quot;:&quot;0&quot;}\" data-image-title=\"Kruse P1220374 Foto TJ Krebs\" data-image-description=\"\" data-medium-file=\"https:\/\/i0.wp.com\/www.jazzzeitung.de\/cms\/wp-content\/uploads\/2017\/03\/Kruse-P1220374-Foto-TJ-Krebs.jpg?fit=200%2C300&#038;ssl=1\" data-large-file=\"https:\/\/i0.wp.com\/www.jazzzeitung.de\/cms\/wp-content\/uploads\/2017\/03\/Kruse-P1220374-Foto-TJ-Krebs.jpg?fit=400%2C600&#038;ssl=1\" src=\"https:\/\/i0.wp.com\/www.jazzzeitung.de\/cms\/wp-content\/uploads\/2017\/03\/Kruse-P1220374-Foto-TJ-Krebs.jpg?w=478&#038;h=716&#038;ssl=1\" srcset=\"https:\/\/i0.wp.com\/www.jazzzeitung.de\/cms\/wp-content\/uploads\/2017\/03\/Kruse-P1220374-Foto-TJ-Krebs.jpg?w=800&amp;ssl=1 800w, https:\/\/i0.wp.com\/www.jazzzeitung.de\/cms\/wp-content\/uploads\/2017\/03\/Kruse-P1220374-Foto-TJ-Krebs.jpg?resize=200%2C300&amp;ssl=1 200w, https:\/\/i0.wp.com\/www.jazzzeitung.de\/cms\/wp-content\/uploads\/2017\/03\/Kruse-P1220374-Foto-TJ-Krebs.jpg?resize=768%2C1152&amp;ssl=1 768w, https:\/\/i0.wp.com\/www.jazzzeitung.de\/cms\/wp-content\/uploads\/2017\/03\/Kruse-P1220374-Foto-TJ-Krebs.jpg?resize=400%2C600&amp;ssl=1 400w\" width=\"478\" height=\"716\" loading=\"lazy\" data-original-width=\"478\" data-original-height=\"716\" itemprop=\"http:\/\/schema.org\/image\" title=\"Kruse P1220374 Foto TJ Krebs\" alt=\"Kruse P1220374 Foto TJ Krebs\" style=\"width: 478px; height: 716px;\" \/> <\/a> <\/div> <\/div> <!-- close group --> <\/div> <!-- close row --> <div class=\"gallery-row\" style=\"width: 840px; height: 418px;\" data-original-width=\"840\" data-original-height=\"418\" > <div class=\"gallery-group images-1\" style=\"width: 280px; height: 418px;\" data-original-width=\"280\" data-original-height=\"418\" > <div class=\"tiled-gallery-item tiled-gallery-item-large\" itemprop=\"associatedMedia\" itemscope itemtype=\"http:\/\/schema.org\/ImageObject\"> <a href=\"https:\/\/www.jazzzeitung.de\/cms\/2017\/03\/konzert-nummer-5-des-bmw-welt-jazz-award-eva-kruse-mit-on-the-mo\/steinmetz-p1220362-foto-tj-krebs\/\" border=\"0\" itemprop=\"url\"> <meta itemprop=\"width\" content=\"276\"> <meta itemprop=\"height\" content=\"414\"> <img decoding=\"async\" class=\"\" data-attachment-id=\"11979\" data-orig-file=\"https:\/\/www.jazzzeitung.de\/cms\/wp-content\/uploads\/2017\/03\/Steinmetz-P1220362-Foto-TJ-Krebs.jpg\" data-orig-size=\"800,1200\" data-comments-opened=\"1\" data-image-meta=\"{&quot;aperture&quot;:&quot;0&quot;,&quot;credit&quot;:&quot;&quot;,&quot;camera&quot;:&quot;&quot;,&quot;caption&quot;:&quot;&quot;,&quot;created_timestamp&quot;:&quot;0&quot;,&quot;copyright&quot;:&quot;&quot;,&quot;focal_length&quot;:&quot;0&quot;,&quot;iso&quot;:&quot;0&quot;,&quot;shutter_speed&quot;:&quot;0&quot;,&quot;title&quot;:&quot;&quot;,&quot;orientation&quot;:&quot;0&quot;}\" data-image-title=\"Steinmetz P1220362 &amp;#8211; Foto TJ Krebs\" data-image-description=\"\" data-medium-file=\"https:\/\/i0.wp.com\/www.jazzzeitung.de\/cms\/wp-content\/uploads\/2017\/03\/Steinmetz-P1220362-Foto-TJ-Krebs.jpg?fit=200%2C300&#038;ssl=1\" data-large-file=\"https:\/\/i0.wp.com\/www.jazzzeitung.de\/cms\/wp-content\/uploads\/2017\/03\/Steinmetz-P1220362-Foto-TJ-Krebs.jpg?fit=400%2C600&#038;ssl=1\" src=\"https:\/\/i0.wp.com\/www.jazzzeitung.de\/cms\/wp-content\/uploads\/2017\/03\/Steinmetz-P1220362-Foto-TJ-Krebs.jpg?w=276&#038;h=414&#038;ssl=1\" srcset=\"https:\/\/i0.wp.com\/www.jazzzeitung.de\/cms\/wp-content\/uploads\/2017\/03\/Steinmetz-P1220362-Foto-TJ-Krebs.jpg?w=800&amp;ssl=1 800w, https:\/\/i0.wp.com\/www.jazzzeitung.de\/cms\/wp-content\/uploads\/2017\/03\/Steinmetz-P1220362-Foto-TJ-Krebs.jpg?resize=200%2C300&amp;ssl=1 200w, https:\/\/i0.wp.com\/www.jazzzeitung.de\/cms\/wp-content\/uploads\/2017\/03\/Steinmetz-P1220362-Foto-TJ-Krebs.jpg?resize=768%2C1152&amp;ssl=1 768w, https:\/\/i0.wp.com\/www.jazzzeitung.de\/cms\/wp-content\/uploads\/2017\/03\/Steinmetz-P1220362-Foto-TJ-Krebs.jpg?resize=400%2C600&amp;ssl=1 400w\" width=\"276\" height=\"414\" loading=\"lazy\" data-original-width=\"276\" data-original-height=\"414\" itemprop=\"http:\/\/schema.org\/image\" title=\"Steinmetz P1220362 - Foto TJ Krebs\" alt=\"Steinmetz P1220362 - Foto TJ Krebs\" style=\"width: 276px; height: 414px;\" \/> <\/a> <\/div> <\/div> <!-- close group --> <div class=\"gallery-group images-1\" style=\"width: 280px; height: 418px;\" data-original-width=\"280\" data-original-height=\"418\" > <div class=\"tiled-gallery-item tiled-gallery-item-large\" itemprop=\"associatedMedia\" itemscope itemtype=\"http:\/\/schema.org\/ImageObject\"> <a href=\"https:\/\/www.jazzzeitung.de\/cms\/2017\/03\/konzert-nummer-5-des-bmw-welt-jazz-award-eva-kruse-mit-on-the-mo\/wake-walker-foto-tj-krebs-p1250319\/\" border=\"0\" itemprop=\"url\"> <meta itemprop=\"width\" content=\"276\"> <meta itemprop=\"height\" content=\"414\"> <img decoding=\"async\" class=\"\" data-attachment-id=\"11982\" data-orig-file=\"https:\/\/www.jazzzeitung.de\/cms\/wp-content\/uploads\/2017\/03\/Wake-Walker-Foto-TJ-Krebs-P1250319.jpg\" data-orig-size=\"800,1200\" data-comments-opened=\"1\" data-image-meta=\"{&quot;aperture&quot;:&quot;0&quot;,&quot;credit&quot;:&quot;&quot;,&quot;camera&quot;:&quot;&quot;,&quot;caption&quot;:&quot;&quot;,&quot;created_timestamp&quot;:&quot;0&quot;,&quot;copyright&quot;:&quot;&quot;,&quot;focal_length&quot;:&quot;0&quot;,&quot;iso&quot;:&quot;0&quot;,&quot;shutter_speed&quot;:&quot;0&quot;,&quot;title&quot;:&quot;&quot;,&quot;orientation&quot;:&quot;0&quot;}\" data-image-title=\"Wake-Walker &amp;#8211; Foto TJ Krebs P1250319\" data-image-description=\"\" data-medium-file=\"https:\/\/i0.wp.com\/www.jazzzeitung.de\/cms\/wp-content\/uploads\/2017\/03\/Wake-Walker-Foto-TJ-Krebs-P1250319.jpg?fit=200%2C300&#038;ssl=1\" data-large-file=\"https:\/\/i0.wp.com\/www.jazzzeitung.de\/cms\/wp-content\/uploads\/2017\/03\/Wake-Walker-Foto-TJ-Krebs-P1250319.jpg?fit=400%2C600&#038;ssl=1\" src=\"https:\/\/i0.wp.com\/www.jazzzeitung.de\/cms\/wp-content\/uploads\/2017\/03\/Wake-Walker-Foto-TJ-Krebs-P1250319.jpg?w=276&#038;h=414&#038;ssl=1\" srcset=\"https:\/\/i0.wp.com\/www.jazzzeitung.de\/cms\/wp-content\/uploads\/2017\/03\/Wake-Walker-Foto-TJ-Krebs-P1250319.jpg?w=800&amp;ssl=1 800w, https:\/\/i0.wp.com\/www.jazzzeitung.de\/cms\/wp-content\/uploads\/2017\/03\/Wake-Walker-Foto-TJ-Krebs-P1250319.jpg?resize=200%2C300&amp;ssl=1 200w, https:\/\/i0.wp.com\/www.jazzzeitung.de\/cms\/wp-content\/uploads\/2017\/03\/Wake-Walker-Foto-TJ-Krebs-P1250319.jpg?resize=768%2C1152&amp;ssl=1 768w, https:\/\/i0.wp.com\/www.jazzzeitung.de\/cms\/wp-content\/uploads\/2017\/03\/Wake-Walker-Foto-TJ-Krebs-P1250319.jpg?resize=400%2C600&amp;ssl=1 400w\" width=\"276\" height=\"414\" loading=\"lazy\" data-original-width=\"276\" data-original-height=\"414\" itemprop=\"http:\/\/schema.org\/image\" title=\"Wake-Walker - Foto TJ Krebs P1250319\" alt=\"Wake-Walker - Foto TJ Krebs P1250319\" style=\"width: 276px; height: 414px;\" \/> <\/a> <\/div> <\/div> <!-- close group --> <div class=\"gallery-group images-1\" style=\"width: 280px; height: 418px;\" data-original-width=\"280\" data-original-height=\"418\" > <div class=\"tiled-gallery-item tiled-gallery-item-large\" itemprop=\"associatedMedia\" itemscope itemtype=\"http:\/\/schema.org\/ImageObject\"> <a href=\"https:\/\/www.jazzzeitung.de\/cms\/2017\/03\/konzert-nummer-5-des-bmw-welt-jazz-award-eva-kruse-mit-on-the-mo\/wake-walker-haende-foto-tj-krebs-p1220485\/\" border=\"0\" itemprop=\"url\"> <meta itemprop=\"width\" content=\"276\"> <meta itemprop=\"height\" content=\"414\"> <img decoding=\"async\" class=\"\" data-attachment-id=\"11983\" data-orig-file=\"https:\/\/www.jazzzeitung.de\/cms\/wp-content\/uploads\/2017\/03\/Wake-Walker-H\u00e4nde-Foto-TJ-Krebs-P1220485.jpg\" data-orig-size=\"800,1200\" data-comments-opened=\"1\" data-image-meta=\"{&quot;aperture&quot;:&quot;0&quot;,&quot;credit&quot;:&quot;&quot;,&quot;camera&quot;:&quot;&quot;,&quot;caption&quot;:&quot;&quot;,&quot;created_timestamp&quot;:&quot;0&quot;,&quot;copyright&quot;:&quot;&quot;,&quot;focal_length&quot;:&quot;0&quot;,&quot;iso&quot;:&quot;0&quot;,&quot;shutter_speed&quot;:&quot;0&quot;,&quot;title&quot;:&quot;&quot;,&quot;orientation&quot;:&quot;0&quot;}\" data-image-title=\"Wake-Walker H\u00e4nde &amp;#8211; Foto TJ Krebs P1220485\" data-image-description=\"\" data-medium-file=\"https:\/\/i0.wp.com\/www.jazzzeitung.de\/cms\/wp-content\/uploads\/2017\/03\/Wake-Walker-H%C3%A4nde-Foto-TJ-Krebs-P1220485.jpg?fit=200%2C300&#038;ssl=1\" data-large-file=\"https:\/\/i0.wp.com\/www.jazzzeitung.de\/cms\/wp-content\/uploads\/2017\/03\/Wake-Walker-H%C3%A4nde-Foto-TJ-Krebs-P1220485.jpg?fit=400%2C600&#038;ssl=1\" src=\"https:\/\/i0.wp.com\/www.jazzzeitung.de\/cms\/wp-content\/uploads\/2017\/03\/Wake-Walker-H%C3%A4nde-Foto-TJ-Krebs-P1220485.jpg?w=276&#038;h=414&#038;ssl=1\" width=\"276\" height=\"414\" loading=\"lazy\" data-original-width=\"276\" data-original-height=\"414\" itemprop=\"http:\/\/schema.org\/image\" title=\"Wake-Walker H\u00e4nde - Foto TJ Krebs P1220485\" alt=\"Wake-Walker H\u00e4nde - Foto TJ Krebs P1220485\" style=\"width: 276px; height: 414px;\" \/> <\/a> <\/div> <\/div> <!-- close group --> <\/div> <!-- close row --> <\/div>\n","protected":false},"excerpt":{"rendered":"<p>Wiedersehen macht Freude, dachte sich die gefeierte Bassistin und BMW Welt Jazz Award 2009 Gewinnerin Eva Kruse. Am 12. M\u00e4rz stellte sie im Quintett mit Eric Schaefer am Schlagzeug, Christian Jormin am Klavier, Uwe Steinmetz am Saxofon und Tjadina Wake-Walker an der Oboe ihr faszinierendes Programm \u201eOn The Mo\u201c vor. Das Konzert war auch der Abschluss der Matineen 2017. Man darf gespannt sein welcher Bassist am 6. Mai im Auditorium der BMW Welt um das\u00a0 Preisgeld\u00a0 von\u00a0 10.000 Euro und den Pokal spielt. Zur Wahl stehen der\u00a0 Chris Minh Doky,\u00a0 Lars Danielsson\/ Gr\u00e9gory Privat, Henning Sieverts, Renaud Garcia-Fons, Linda Oh und eben Eva Kruse. Am 16. M\u00e4rz soll die Entscheidung bekannt gegeben\u00a0werden. Alle Fotos: Thomas J. Krebs<\/p>\n","protected":false},"author":18,"featured_media":0,"comment_status":"open","ping_status":"closed","sticky":false,"template":"","format":"standard","meta":{"_jetpack_memberships_contains_paid_content":false,"footnotes":"","jetpack_publicize_message":"","jetpack_publicize_feature_enabled":true,"jetpack_social_post_already_shared":false,"jetpack_social_options":{"image_generator_settings":{"template":"highway","default_image_id":0,"font":"","enabled":false},"version":2}},"categories":[652],"tags":[85,86,166,170,1471,221,254,322,1418,326,344,1260],"coauthors":[695],"class_list":["post-11968","post","type-post","status-publish","format-standard","hentry","category-galerie","tag-bmw-welt","tag-bmw-welt-jazz-award","tag-eric-schaefer","tag-eva-kruse","tag-gregory-privat","tag-henning-sieverts","tag-jazz-award","tag-konzert-2","tag-krebs","tag-kruse","tag-lars-danielsson","tag-thomas-j-krebs"],"yoast_head":"<!-- This site is optimized with the Yoast SEO plugin v27.5 - https:\/\/yoast.com\/product\/yoast-seo-wordpress\/ -->\n<title>Konzert Nummer 6 des BMW Welt Jazz Award: Eva Kruse mit &quot;On the Mo&quot; - JazzZeitung<\/title>\n<meta name=\"robots\" content=\"index, follow, max-snippet:-1, max-image-preview:large, max-video-preview:-1\" \/>\n<link rel=\"canonical\" href=\"https:\/\/www.jazzzeitung.de\/cms\/2017\/03\/konzert-nummer-5-des-bmw-welt-jazz-award-eva-kruse-mit-on-the-mo\/\" \/>\n<meta property=\"og:locale\" content=\"de_DE\" \/>\n<meta property=\"og:type\" content=\"article\" \/>\n<meta property=\"og:title\" content=\"Konzert Nummer 6 des BMW Welt Jazz Award: Eva Kruse mit &quot;On the Mo&quot; - JazzZeitung\" \/>\n<meta property=\"og:description\" content=\"Wiedersehen macht Freude, dachte sich die gefeierte Bassistin und BMW Welt Jazz Award 2009 Gewinnerin Eva Kruse. Am 12. M\u00e4rz stellte sie im Quintett mit Eric Schaefer am Schlagzeug, Christian Jormin am Klavier, Uwe Steinmetz am Saxofon und Tjadina Wake-Walker an der Oboe ihr faszinierendes Programm \u201eOn The Mo\u201c vor. Das Konzert war auch der Abschluss der Matineen 2017. Man darf gespannt sein welcher Bassist am 6. Mai im Auditorium der BMW Welt um das\u00a0 Preisgeld\u00a0 von\u00a0 10.000 Euro und den Pokal spielt. Zur Wahl stehen der\u00a0 Chris Minh Doky,\u00a0 Lars Danielsson\/ Gr\u00e9gory Privat, Henning Sieverts, Renaud Garcia-Fons, Linda Oh und eben Eva Kruse. Am 16. M\u00e4rz soll die Entscheidung bekannt gegeben\u00a0werden. Alle Fotos: Thomas J. Krebs\" \/>\n<meta property=\"og:url\" content=\"https:\/\/www.jazzzeitung.de\/cms\/2017\/03\/konzert-nummer-5-des-bmw-welt-jazz-award-eva-kruse-mit-on-the-mo\/\" \/>\n<meta property=\"og:site_name\" content=\"JazzZeitung\" \/>\n<meta property=\"article:publisher\" content=\"https:\/\/www.facebook.com\/JazzZeitung\/\" \/>\n<meta property=\"article:published_time\" content=\"2017-03-14T11:40:33+00:00\" \/>\n<meta property=\"article:modified_time\" content=\"2017-03-14T15:15:21+00:00\" \/>\n<meta property=\"og:image\" content=\"https:\/\/i0.wp.com\/www.jazzzeitung.de\/cms\/wp-content\/uploads\/2017\/03\/Kruse-P1250056-Foto-TJ-Krebs.jpg?w=482&#038;h=724&#038;ssl=1\" \/>\n<meta name=\"author\" content=\"Redaktion JazzZeitung\" \/>\n<script type=\"application\/ld+json\" class=\"yoast-schema-graph\">{\"@context\":\"https:\\\/\\\/schema.org\",\"@graph\":[{\"@type\":\"Article\",\"@id\":\"https:\\\/\\\/www.jazzzeitung.de\\\/cms\\\/2017\\\/03\\\/konzert-nummer-5-des-bmw-welt-jazz-award-eva-kruse-mit-on-the-mo\\\/#article\",\"isPartOf\":{\"@id\":\"https:\\\/\\\/www.jazzzeitung.de\\\/cms\\\/2017\\\/03\\\/konzert-nummer-5-des-bmw-welt-jazz-award-eva-kruse-mit-on-the-mo\\\/\"},\"author\":{\"name\":\"Redaktion JazzZeitung\",\"@id\":\"https:\\\/\\\/www.jazzzeitung.de\\\/cms\\\/#\\\/schema\\\/person\\\/2245b36b9cd1d24cea10f01c031fb92b\"},\"headline\":\"Konzert Nummer 6 des BMW Welt Jazz Award: Eva Kruse mit &#8222;On the Mo&#8220;\",\"datePublished\":\"2017-03-14T11:40:33+00:00\",\"dateModified\":\"2017-03-14T15:15:21+00:00\",\"mainEntityOfPage\":{\"@id\":\"https:\\\/\\\/www.jazzzeitung.de\\\/cms\\\/2017\\\/03\\\/konzert-nummer-5-des-bmw-welt-jazz-award-eva-kruse-mit-on-the-mo\\\/\"},\"wordCount\":132,\"commentCount\":0,\"publisher\":{\"@id\":\"https:\\\/\\\/www.jazzzeitung.de\\\/cms\\\/#organization\"},\"keywords\":[\"bmw welt\",\"bmw welt jazz award\",\"Eric Schaefer\",\"Eva Kruse\",\"Gr\u00e9gory Privat\",\"Henning Sieverts\",\"Jazz Award\",\"Konzert\",\"krebs\",\"Kruse\",\"Lars Danielsson\",\"Thomas J. Krebs\"],\"articleSection\":[\"Galerie\"],\"inLanguage\":\"de\",\"potentialAction\":[{\"@type\":\"CommentAction\",\"name\":\"Comment\",\"target\":[\"https:\\\/\\\/www.jazzzeitung.de\\\/cms\\\/2017\\\/03\\\/konzert-nummer-5-des-bmw-welt-jazz-award-eva-kruse-mit-on-the-mo\\\/#respond\"]}]},{\"@type\":\"WebPage\",\"@id\":\"https:\\\/\\\/www.jazzzeitung.de\\\/cms\\\/2017\\\/03\\\/konzert-nummer-5-des-bmw-welt-jazz-award-eva-kruse-mit-on-the-mo\\\/\",\"url\":\"https:\\\/\\\/www.jazzzeitung.de\\\/cms\\\/2017\\\/03\\\/konzert-nummer-5-des-bmw-welt-jazz-award-eva-kruse-mit-on-the-mo\\\/\",\"name\":\"Konzert Nummer 6 des BMW Welt Jazz Award: Eva Kruse mit \\\"On the Mo\\\" - JazzZeitung\",\"isPartOf\":{\"@id\":\"https:\\\/\\\/www.jazzzeitung.de\\\/cms\\\/#website\"},\"datePublished\":\"2017-03-14T11:40:33+00:00\",\"dateModified\":\"2017-03-14T15:15:21+00:00\",\"breadcrumb\":{\"@id\":\"https:\\\/\\\/www.jazzzeitung.de\\\/cms\\\/2017\\\/03\\\/konzert-nummer-5-des-bmw-welt-jazz-award-eva-kruse-mit-on-the-mo\\\/#breadcrumb\"},\"inLanguage\":\"de\",\"potentialAction\":[{\"@type\":\"ReadAction\",\"target\":[\"https:\\\/\\\/www.jazzzeitung.de\\\/cms\\\/2017\\\/03\\\/konzert-nummer-5-des-bmw-welt-jazz-award-eva-kruse-mit-on-the-mo\\\/\"]}]},{\"@type\":\"BreadcrumbList\",\"@id\":\"https:\\\/\\\/www.jazzzeitung.de\\\/cms\\\/2017\\\/03\\\/konzert-nummer-5-des-bmw-welt-jazz-award-eva-kruse-mit-on-the-mo\\\/#breadcrumb\",\"itemListElement\":[{\"@type\":\"ListItem\",\"position\":1,\"name\":\"Startseite\",\"item\":\"https:\\\/\\\/www.jazzzeitung.de\\\/cms\\\/\"},{\"@type\":\"ListItem\",\"position\":2,\"name\":\"Konzert Nummer 6 des BMW Welt Jazz Award: Eva Kruse mit &#8222;On the Mo&#8220;\"}]},{\"@type\":\"WebSite\",\"@id\":\"https:\\\/\\\/www.jazzzeitung.de\\\/cms\\\/#website\",\"url\":\"https:\\\/\\\/www.jazzzeitung.de\\\/cms\\\/\",\"name\":\"JazzZeitung\",\"description\":\"Jazz-News und Jazz-Kontroverses\",\"publisher\":{\"@id\":\"https:\\\/\\\/www.jazzzeitung.de\\\/cms\\\/#organization\"},\"potentialAction\":[{\"@type\":\"SearchAction\",\"target\":{\"@type\":\"EntryPoint\",\"urlTemplate\":\"https:\\\/\\\/www.jazzzeitung.de\\\/cms\\\/?s={search_term_string}\"},\"query-input\":{\"@type\":\"PropertyValueSpecification\",\"valueRequired\":true,\"valueName\":\"search_term_string\"}}],\"inLanguage\":\"de\"},{\"@type\":\"Organization\",\"@id\":\"https:\\\/\\\/www.jazzzeitung.de\\\/cms\\\/#organization\",\"name\":\"JazzZeitung online\",\"url\":\"https:\\\/\\\/www.jazzzeitung.de\\\/cms\\\/\",\"logo\":{\"@type\":\"ImageObject\",\"inLanguage\":\"de\",\"@id\":\"https:\\\/\\\/www.jazzzeitung.de\\\/cms\\\/#\\\/schema\\\/logo\\\/image\\\/\",\"url\":\"https:\\\/\\\/i0.wp.com\\\/www.jazzzeitung.de\\\/cms\\\/wp-content\\\/uploads\\\/2015\\\/08\\\/JAZZZEITUNGDE_Logo_Neu.png?fit=499%2C200&ssl=1\",\"contentUrl\":\"https:\\\/\\\/i0.wp.com\\\/www.jazzzeitung.de\\\/cms\\\/wp-content\\\/uploads\\\/2015\\\/08\\\/JAZZZEITUNGDE_Logo_Neu.png?fit=499%2C200&ssl=1\",\"width\":499,\"height\":200,\"caption\":\"JazzZeitung online\"},\"image\":{\"@id\":\"https:\\\/\\\/www.jazzzeitung.de\\\/cms\\\/#\\\/schema\\\/logo\\\/image\\\/\"},\"sameAs\":[\"https:\\\/\\\/www.facebook.com\\\/JazzZeitung\\\/\"]},{\"@type\":\"Person\",\"@id\":\"https:\\\/\\\/www.jazzzeitung.de\\\/cms\\\/#\\\/schema\\\/person\\\/2245b36b9cd1d24cea10f01c031fb92b\",\"name\":\"Redaktion JazzZeitung\",\"image\":{\"@type\":\"ImageObject\",\"inLanguage\":\"de\",\"@id\":\"https:\\\/\\\/i0.wp.com\\\/www.jazzzeitung.de\\\/cms\\\/wp-content\\\/uploads\\\/2015\\\/08\\\/JAZZZEITUNGDE_Logo_Neu.png?resize=96%2C96&ssl=159975dcacb611b5700bd619b5daf0a7a\",\"url\":\"https:\\\/\\\/i0.wp.com\\\/www.jazzzeitung.de\\\/cms\\\/wp-content\\\/uploads\\\/2015\\\/08\\\/JAZZZEITUNGDE_Logo_Neu.png?resize=96%2C96&ssl=1\",\"contentUrl\":\"https:\\\/\\\/i0.wp.com\\\/www.jazzzeitung.de\\\/cms\\\/wp-content\\\/uploads\\\/2015\\\/08\\\/JAZZZEITUNGDE_Logo_Neu.png?resize=96%2C96&ssl=1\",\"caption\":\"Redaktion JazzZeitung\"},\"description\":\"Artikel der Redaktion der JazzZeitung.\",\"sameAs\":[\"http:\\\/\\\/www.jazzzeitung.de\\\/cms\\\/\"],\"url\":\"https:\\\/\\\/www.jazzzeitung.de\\\/cms\\\/author\\\/redaktion\\\/\"}]}<\/script>\n<!-- \/ Yoast SEO plugin. -->","yoast_head_json":{"title":"Konzert Nummer 6 des BMW Welt Jazz Award: Eva Kruse mit \"On the Mo\" - JazzZeitung","robots":{"index":"index","follow":"follow","max-snippet":"max-snippet:-1","max-image-preview":"max-image-preview:large","max-video-preview":"max-video-preview:-1"},"canonical":"https:\/\/www.jazzzeitung.de\/cms\/2017\/03\/konzert-nummer-5-des-bmw-welt-jazz-award-eva-kruse-mit-on-the-mo\/","og_locale":"de_DE","og_type":"article","og_title":"Konzert Nummer 6 des BMW Welt Jazz Award: Eva Kruse mit \"On the Mo\" - JazzZeitung","og_description":"Wiedersehen macht Freude, dachte sich die gefeierte Bassistin und BMW Welt Jazz Award 2009 Gewinnerin Eva Kruse. Am 12. M\u00e4rz stellte sie im Quintett mit Eric Schaefer am Schlagzeug, Christian Jormin am Klavier, Uwe Steinmetz am Saxofon und Tjadina Wake-Walker an der Oboe ihr faszinierendes Programm \u201eOn The Mo\u201c vor. Das Konzert war auch der Abschluss der Matineen 2017. Man darf gespannt sein welcher Bassist am 6. Mai im Auditorium der BMW Welt um das\u00a0 Preisgeld\u00a0 von\u00a0 10.000 Euro und den Pokal spielt. Zur Wahl stehen der\u00a0 Chris Minh Doky,\u00a0 Lars Danielsson\/ Gr\u00e9gory Privat, Henning Sieverts, Renaud Garcia-Fons, Linda Oh und eben Eva Kruse. Am 16. M\u00e4rz soll die Entscheidung bekannt gegeben\u00a0werden. Alle Fotos: Thomas J. Krebs","og_url":"https:\/\/www.jazzzeitung.de\/cms\/2017\/03\/konzert-nummer-5-des-bmw-welt-jazz-award-eva-kruse-mit-on-the-mo\/","og_site_name":"JazzZeitung","article_publisher":"https:\/\/www.facebook.com\/JazzZeitung\/","article_published_time":"2017-03-14T11:40:33+00:00","article_modified_time":"2017-03-14T15:15:21+00:00","og_image":[{"url":"https:\/\/i0.wp.com\/www.jazzzeitung.de\/cms\/wp-content\/uploads\/2017\/03\/Kruse-P1250056-Foto-TJ-Krebs.jpg?w=482&#038;h=724&#038;ssl=1","type":"","width":"","height":""}],"author":"Redaktion JazzZeitung","schema":{"@context":"https:\/\/schema.org","@graph":[{"@type":"Article","@id":"https:\/\/www.jazzzeitung.de\/cms\/2017\/03\/konzert-nummer-5-des-bmw-welt-jazz-award-eva-kruse-mit-on-the-mo\/#article","isPartOf":{"@id":"https:\/\/www.jazzzeitung.de\/cms\/2017\/03\/konzert-nummer-5-des-bmw-welt-jazz-award-eva-kruse-mit-on-the-mo\/"},"author":{"name":"Redaktion JazzZeitung","@id":"https:\/\/www.jazzzeitung.de\/cms\/#\/schema\/person\/2245b36b9cd1d24cea10f01c031fb92b"},"headline":"Konzert Nummer 6 des BMW Welt Jazz Award: Eva Kruse mit &#8222;On the Mo&#8220;","datePublished":"2017-03-14T11:40:33+00:00","dateModified":"2017-03-14T15:15:21+00:00","mainEntityOfPage":{"@id":"https:\/\/www.jazzzeitung.de\/cms\/2017\/03\/konzert-nummer-5-des-bmw-welt-jazz-award-eva-kruse-mit-on-the-mo\/"},"wordCount":132,"commentCount":0,"publisher":{"@id":"https:\/\/www.jazzzeitung.de\/cms\/#organization"},"keywords":["bmw welt","bmw welt jazz award","Eric Schaefer","Eva Kruse","Gr\u00e9gory Privat","Henning Sieverts","Jazz Award","Konzert","krebs","Kruse","Lars Danielsson","Thomas J. Krebs"],"articleSection":["Galerie"],"inLanguage":"de","potentialAction":[{"@type":"CommentAction","name":"Comment","target":["https:\/\/www.jazzzeitung.de\/cms\/2017\/03\/konzert-nummer-5-des-bmw-welt-jazz-award-eva-kruse-mit-on-the-mo\/#respond"]}]},{"@type":"WebPage","@id":"https:\/\/www.jazzzeitung.de\/cms\/2017\/03\/konzert-nummer-5-des-bmw-welt-jazz-award-eva-kruse-mit-on-the-mo\/","url":"https:\/\/www.jazzzeitung.de\/cms\/2017\/03\/konzert-nummer-5-des-bmw-welt-jazz-award-eva-kruse-mit-on-the-mo\/","name":"Konzert Nummer 6 des BMW Welt Jazz Award: Eva Kruse mit \"On the Mo\" - JazzZeitung","isPartOf":{"@id":"https:\/\/www.jazzzeitung.de\/cms\/#website"},"datePublished":"2017-03-14T11:40:33+00:00","dateModified":"2017-03-14T15:15:21+00:00","breadcrumb":{"@id":"https:\/\/www.jazzzeitung.de\/cms\/2017\/03\/konzert-nummer-5-des-bmw-welt-jazz-award-eva-kruse-mit-on-the-mo\/#breadcrumb"},"inLanguage":"de","potentialAction":[{"@type":"ReadAction","target":["https:\/\/www.jazzzeitung.de\/cms\/2017\/03\/konzert-nummer-5-des-bmw-welt-jazz-award-eva-kruse-mit-on-the-mo\/"]}]},{"@type":"BreadcrumbList","@id":"https:\/\/www.jazzzeitung.de\/cms\/2017\/03\/konzert-nummer-5-des-bmw-welt-jazz-award-eva-kruse-mit-on-the-mo\/#breadcrumb","itemListElement":[{"@type":"ListItem","position":1,"name":"Startseite","item":"https:\/\/www.jazzzeitung.de\/cms\/"},{"@type":"ListItem","position":2,"name":"Konzert Nummer 6 des BMW Welt Jazz Award: Eva Kruse mit &#8222;On the Mo&#8220;"}]},{"@type":"WebSite","@id":"https:\/\/www.jazzzeitung.de\/cms\/#website","url":"https:\/\/www.jazzzeitung.de\/cms\/","name":"JazzZeitung","description":"Jazz-News und Jazz-Kontroverses","publisher":{"@id":"https:\/\/www.jazzzeitung.de\/cms\/#organization"},"potentialAction":[{"@type":"SearchAction","target":{"@type":"EntryPoint","urlTemplate":"https:\/\/www.jazzzeitung.de\/cms\/?s={search_term_string}"},"query-input":{"@type":"PropertyValueSpecification","valueRequired":true,"valueName":"search_term_string"}}],"inLanguage":"de"},{"@type":"Organization","@id":"https:\/\/www.jazzzeitung.de\/cms\/#organization","name":"JazzZeitung online","url":"https:\/\/www.jazzzeitung.de\/cms\/","logo":{"@type":"ImageObject","inLanguage":"de","@id":"https:\/\/www.jazzzeitung.de\/cms\/#\/schema\/logo\/image\/","url":"https:\/\/i0.wp.com\/www.jazzzeitung.de\/cms\/wp-content\/uploads\/2015\/08\/JAZZZEITUNGDE_Logo_Neu.png?fit=499%2C200&ssl=1","contentUrl":"https:\/\/i0.wp.com\/www.jazzzeitung.de\/cms\/wp-content\/uploads\/2015\/08\/JAZZZEITUNGDE_Logo_Neu.png?fit=499%2C200&ssl=1","width":499,"height":200,"caption":"JazzZeitung online"},"image":{"@id":"https:\/\/www.jazzzeitung.de\/cms\/#\/schema\/logo\/image\/"},"sameAs":["https:\/\/www.facebook.com\/JazzZeitung\/"]},{"@type":"Person","@id":"https:\/\/www.jazzzeitung.de\/cms\/#\/schema\/person\/2245b36b9cd1d24cea10f01c031fb92b","name":"Redaktion JazzZeitung","image":{"@type":"ImageObject","inLanguage":"de","@id":"https:\/\/i0.wp.com\/www.jazzzeitung.de\/cms\/wp-content\/uploads\/2015\/08\/JAZZZEITUNGDE_Logo_Neu.png?resize=96%2C96&ssl=159975dcacb611b5700bd619b5daf0a7a","url":"https:\/\/i0.wp.com\/www.jazzzeitung.de\/cms\/wp-content\/uploads\/2015\/08\/JAZZZEITUNGDE_Logo_Neu.png?resize=96%2C96&ssl=1","contentUrl":"https:\/\/i0.wp.com\/www.jazzzeitung.de\/cms\/wp-content\/uploads\/2015\/08\/JAZZZEITUNGDE_Logo_Neu.png?resize=96%2C96&ssl=1","caption":"Redaktion JazzZeitung"},"description":"Artikel der Redaktion der JazzZeitung.","sameAs":["http:\/\/www.jazzzeitung.de\/cms\/"],"url":"https:\/\/www.jazzzeitung.de\/cms\/author\/redaktion\/"}]}},"wp-worthy-pixel":{"ignored":false,"public":null,"server":null,"url":null},"wp-worthy-type":"normal","jetpack_publicize_connections":[],"cc_featured_image_caption":{"caption_text":false,"source_text":false,"source_url":false},"jetpack_featured_media_url":"","jetpack_shortlink":"https:\/\/wp.me\/p3KEcT-372","jetpack-related-posts":[{"id":11720,"url":"https:\/\/www.jazzzeitung.de\/cms\/2017\/02\/bmw-welt-jazz-award-3-konzert-mit-henning-sieverts-symmethree\/","url_meta":{"origin":11968,"position":0},"title":"Konzert Nummer 3 des BMW Welt Jazz Award: Henning Sieverts mit Symmethree","author":"Redaktion JazzZeitung","date":"20. Februar 2017","format":false,"excerpt":"Der M\u00fcnchner Spitzenbassist und gefragte Sideman Henning Sievert kam mit seinem Trioprojekt \u201eSymmethree\u201c in die Kulisse des Doppelkegels der BMW Welt M\u00fcnchen. Mit dabei der Posaunist \u2013 und BMW Welt Jazz Award Gewinner 2011 \u2013 Nils Wogram sowie der Gitarrist Ronny Graupe.\u00a0 Thomas J. Krebs hielt das Event mit seiner\u2026","rel":"","context":"In &quot;Galerie&quot;","block_context":{"text":"Galerie","link":"https:\/\/www.jazzzeitung.de\/cms\/thema\/galerie\/"},"img":{"alt_text":"","src":"https:\/\/i0.wp.com\/www.jazzzeitung.de\/cms\/wp-content\/uploads\/2017\/02\/P1190896-Sieverts-Foto-TJ-Krebs.jpg?resize=350%2C200","width":350,"height":200,"srcset":"https:\/\/i0.wp.com\/www.jazzzeitung.de\/cms\/wp-content\/uploads\/2017\/02\/P1190896-Sieverts-Foto-TJ-Krebs.jpg?resize=350%2C200 1x, https:\/\/i0.wp.com\/www.jazzzeitung.de\/cms\/wp-content\/uploads\/2017\/02\/P1190896-Sieverts-Foto-TJ-Krebs.jpg?resize=525%2C300 1.5x"},"classes":[]},{"id":11628,"url":"https:\/\/www.jazzzeitung.de\/cms\/2017\/02\/bildergalerie-2-bmw-welt-jazz-award-konzert-mit-lars-danielsson-gregory-privat\/","url_meta":{"origin":11968,"position":1},"title":"Bildergalerie: 2. BMW Welt Jazz Award-Konzert mit Lars Danielsson &#038; Gr\u00e9gory Privat","author":"Redaktion JazzZeitung","date":"8. Februar 2017","format":false,"excerpt":"Das Duo Lars Danielsson & Gr\u00e9gory Privat bestritt Konzert Nummer 2 beim BMW Welt Jazz Award 2017. Wie auch schon beim Konzert Nummer 1 mit Chris Minh Doky und seinem Trio stand melodi\u00f6ser Jazz auf sanft groovender Grundlage im Zentrum. Der aus Martinique stammende Pianist Gr\u00e9gory Privat agierte dabei als\u2026","rel":"","context":"In &quot;Galerie&quot;","block_context":{"text":"Galerie","link":"https:\/\/www.jazzzeitung.de\/cms\/thema\/galerie\/"},"img":{"alt_text":"","src":"https:\/\/i0.wp.com\/www.jazzzeitung.de\/cms\/wp-content\/uploads\/2017\/02\/P1180881-Cello-Danielsson-Foto-TJ-Krebs.jpg?resize=350%2C200","width":350,"height":200,"srcset":"https:\/\/i0.wp.com\/www.jazzzeitung.de\/cms\/wp-content\/uploads\/2017\/02\/P1180881-Cello-Danielsson-Foto-TJ-Krebs.jpg?resize=350%2C200 1x, https:\/\/i0.wp.com\/www.jazzzeitung.de\/cms\/wp-content\/uploads\/2017\/02\/P1180881-Cello-Danielsson-Foto-TJ-Krebs.jpg?resize=525%2C300 1.5x, https:\/\/i0.wp.com\/www.jazzzeitung.de\/cms\/wp-content\/uploads\/2017\/02\/P1180881-Cello-Danielsson-Foto-TJ-Krebs.jpg?resize=700%2C400 2x"},"classes":[]},{"id":11518,"url":"https:\/\/www.jazzzeitung.de\/cms\/2017\/01\/start-des-bmw-welt-jazz-award-2017-bass-erstaunt\/","url_meta":{"origin":11968,"position":2},"title":"Start des BMW Welt Jazz Award 2017 &#8211; \u201eBass erstaunt\u201c","author":"Redaktion JazzZeitung","date":"16. Januar 2017","format":false,"excerpt":"Mit zwei skandinavischen G\u00e4sten startet der BMW Welt Jazz Award 2017 in seine neunte Saison. Chris Minh Doky & New Nordic Jazz werden am 22. Januar im BMW Welt Doppelkegel zeigen, warum im d\u00e4nischen Jazz Kontrabassisten die wahren Bandleader sind. Der Schwede Lars Danielsson wird am 5. Februar erstmalig mit\u2026","rel":"","context":"In &quot;News&quot;","block_context":{"text":"News","link":"https:\/\/www.jazzzeitung.de\/cms\/thema\/nachrichten\/"},"img":{"alt_text":"","src":"https:\/\/i0.wp.com\/www.jazzzeitung.de\/cms\/wp-content\/uploads\/2017\/01\/BMW-Welt_Jazz-Award-2017-c-BMW-AG-150x150.jpg?resize=350%2C200","width":350,"height":200},"classes":[]},{"id":11016,"url":"https:\/\/www.jazzzeitung.de\/cms\/2016\/11\/bmw-welt-jazz-award-2017\/","url_meta":{"origin":11968,"position":3},"title":"BMW Welt Jazz Award 2017","author":"Redaktion JazzZeitung","date":"16. November 2016","format":false,"excerpt":"Der BMW Welt Jazz Award geht im Jahr 2017 in seine neunte Saison. In insgesamt sechs kostenfreien Sonntagsmatineen von Januar bis M\u00e4rz pr\u00e4sentieren sich herausragende Ensembles im Doppelkegel der BMW Welt unter dem Motto \u201eBass erstaunt\u201c. Die Musiker stammen aus D\u00e4nemark, Schweden, der Schweiz, Frankreich, den USA und Deutschland. Das\u2026","rel":"","context":"In &quot;News&quot;","block_context":{"text":"News","link":"https:\/\/www.jazzzeitung.de\/cms\/thema\/nachrichten\/"},"img":{"alt_text":"Bass erstaunt: Der BMW Welt Jazz Award 2017 Bild: BMW AG","src":"https:\/\/i0.wp.com\/www.jazzzeitung.de\/cms\/wp-content\/uploads\/2016\/11\/BMW-Welt_Jazz-Award-2017-c-BMW-AG-150x150.jpg?resize=350%2C200","width":350,"height":200},"classes":[]},{"id":11839,"url":"https:\/\/www.jazzzeitung.de\/cms\/2017\/03\/konzert-nummer-5-des-bmw-welt-jazz-award-linda-oh-mit-sun-pictures\/","url_meta":{"origin":11968,"position":4},"title":"Konzert Nummer 5 des BMW Welt Jazz Award: Linda Oh mit Sun Pictures","author":"Redaktion JazzZeitung","date":"6. M\u00e4rz 2017","format":false,"excerpt":"Jetzt wird es ernst: Am kommenden Sonntag, den 12.03., geht es in den Endspurt mit der 6. und letzten Matinee des diesj\u00e4hrigen BMW Welt Jazz Award. Eva Kruse stellt\u00a0 im Quintett mit Eric Schaefer am Schlagzeug, Christian Jormin am Klavier, Uwe Steinmetz am Saxofon und Tjadina Wake-Walker an der Oboe\u2026","rel":"","context":"In &quot;Galerie&quot;","block_context":{"text":"Galerie","link":"https:\/\/www.jazzzeitung.de\/cms\/thema\/galerie\/"},"img":{"alt_text":"","src":"https:\/\/i0.wp.com\/www.jazzzeitung.de\/cms\/wp-content\/uploads\/2017\/03\/Oh-Bass-P1220557-Foto-TJ-Krebs.jpg?resize=350%2C200","width":350,"height":200,"srcset":"https:\/\/i0.wp.com\/www.jazzzeitung.de\/cms\/wp-content\/uploads\/2017\/03\/Oh-Bass-P1220557-Foto-TJ-Krebs.jpg?resize=350%2C200 1x, https:\/\/i0.wp.com\/www.jazzzeitung.de\/cms\/wp-content\/uploads\/2017\/03\/Oh-Bass-P1220557-Foto-TJ-Krebs.jpg?resize=525%2C300 1.5x"},"classes":[]},{"id":898,"url":"https:\/\/www.jazzzeitung.de\/cms\/2011\/03\/die-finalisten-des-bmw-welt-jazz-award-2011\/","url_meta":{"origin":11968,"position":5},"title":"Die Finalisten des BMW Welt Jazz Award 2011","author":"J\u00f6rg Lichtinger","date":"18. M\u00e4rz 2011","format":false,"excerpt":"Die Jury hat entschieden. Die Wahl f\u00fcr die Finalisten des BMW Welt Jazz Award 2011 ist auf Wanja Slavin Lotus Eaters und Nils Wogram's Root 70 gefallen. Sechs Bands haben zwischen Januar und M\u00e4rz 2011 mit jeweils einem Konzert im Doppelkegel der BMW Welt um den Finaleinzug gespielt. Dabei haben\u2026","rel":"","context":"In &quot;Blog&quot;","block_context":{"text":"Blog","link":"https:\/\/www.jazzzeitung.de\/cms\/thema\/blog\/"},"img":{"alt_text":"Finalist Wanja Slavin. Foto: BMW Welt","src":"https:\/\/i0.wp.com\/www.jazzzeitung.de\/cms\/wp-content\/uploads\/2011\/03\/Wanja_Slavin-300x300.jpg?resize=350%2C200","width":350,"height":200},"classes":[]}],"jetpack_sharing_enabled":true,"_links":{"self":[{"href":"https:\/\/www.jazzzeitung.de\/cms\/wp-json\/wp\/v2\/posts\/11968","targetHints":{"allow":["GET"]}}],"collection":[{"href":"https:\/\/www.jazzzeitung.de\/cms\/wp-json\/wp\/v2\/posts"}],"about":[{"href":"https:\/\/www.jazzzeitung.de\/cms\/wp-json\/wp\/v2\/types\/post"}],"author":[{"embeddable":true,"href":"https:\/\/www.jazzzeitung.de\/cms\/wp-json\/wp\/v2\/users\/18"}],"replies":[{"embeddable":true,"href":"https:\/\/www.jazzzeitung.de\/cms\/wp-json\/wp\/v2\/comments?post=11968"}],"version-history":[{"count":6,"href":"https:\/\/www.jazzzeitung.de\/cms\/wp-json\/wp\/v2\/posts\/11968\/revisions"}],"predecessor-version":[{"id":11988,"href":"https:\/\/www.jazzzeitung.de\/cms\/wp-json\/wp\/v2\/posts\/11968\/revisions\/11988"}],"wp:attachment":[{"href":"https:\/\/www.jazzzeitung.de\/cms\/wp-json\/wp\/v2\/media?parent=11968"}],"wp:term":[{"taxonomy":"category","embeddable":true,"href":"https:\/\/www.jazzzeitung.de\/cms\/wp-json\/wp\/v2\/categories?post=11968"},{"taxonomy":"post_tag","embeddable":true,"href":"https:\/\/www.jazzzeitung.de\/cms\/wp-json\/wp\/v2\/tags?post=11968"},{"taxonomy":"author","embeddable":true,"href":"https:\/\/www.jazzzeitung.de\/cms\/wp-json\/wp\/v2\/coauthors?post=11968"}],"curies":[{"name":"wp","href":"https:\/\/api.w.org\/{rel}","templated":true}]}}