{"id":11941,"date":"2017-03-15T12:58:19","date_gmt":"2017-03-15T11:58:19","guid":{"rendered":"http:\/\/www.jazzzeitung.de\/cms\/?p=11941"},"modified":"2017-03-13T17:03:10","modified_gmt":"2017-03-13T16:03:10","slug":"11941","status":"publish","type":"post","link":"https:\/\/www.jazzzeitung.de\/cms\/2017\/03\/11941\/","title":{"rendered":"Tim Isfort \u00e4u\u00dfert sich nach 100 Tagen im Amt zum neuen Moers Festival"},"content":{"rendered":"<figure id=\"attachment_11945\" aria-describedby=\"caption-attachment-11945\" style=\"width: 150px\" class=\"wp-caption alignright\"><a href=\"https:\/\/i0.wp.com\/www.jazzzeitung.de\/cms\/wp-content\/uploads\/2017\/03\/2.-Lineup-Battle-Trance-Foto-Ryan-Power-1.jpg\"><img data-recalc-dims=\"1\" loading=\"lazy\" decoding=\"async\" data-attachment-id=\"11945\" data-permalink=\"https:\/\/www.jazzzeitung.de\/cms\/2017\/03\/11941\/2-lineup-battle-trance-foto-ryan-power-2\/\" data-orig-file=\"https:\/\/i0.wp.com\/www.jazzzeitung.de\/cms\/wp-content\/uploads\/2017\/03\/2.-Lineup-Battle-Trance-Foto-Ryan-Power-1.jpg?fit=3062%2C2285&amp;ssl=1\" data-orig-size=\"3062,2285\" data-comments-opened=\"1\" data-image-meta=\"{&quot;aperture&quot;:&quot;5.6&quot;,&quot;credit&quot;:&quot;&quot;,&quot;camera&quot;:&quot;NIKON D40X&quot;,&quot;caption&quot;:&quot;&quot;,&quot;created_timestamp&quot;:&quot;1400251561&quot;,&quot;copyright&quot;:&quot;&quot;,&quot;focal_length&quot;:&quot;18&quot;,&quot;iso&quot;:&quot;100&quot;,&quot;shutter_speed&quot;:&quot;0.008&quot;,&quot;title&quot;:&quot;&quot;,&quot;orientation&quot;:&quot;1&quot;}\" data-image-title=\"2. Lineup Battle Trance &amp;#8211; Foto Ryan Power\" data-image-description=\"\" data-image-caption=\"&lt;p&gt;Lineup Battle Trance. Foto Ryan Power&lt;\/p&gt;\n\" data-large-file=\"https:\/\/i0.wp.com\/www.jazzzeitung.de\/cms\/wp-content\/uploads\/2017\/03\/2.-Lineup-Battle-Trance-Foto-Ryan-Power-1.jpg?fit=804%2C600&amp;ssl=1\" class=\"wp-image-11945 size-thumbnail\" src=\"https:\/\/i0.wp.com\/www.jazzzeitung.de\/cms\/wp-content\/uploads\/2017\/03\/2.-Lineup-Battle-Trance-Foto-Ryan-Power-1-150x150.jpg?resize=150%2C150\" alt=\"\" width=\"150\" height=\"150\" srcset=\"https:\/\/i0.wp.com\/www.jazzzeitung.de\/cms\/wp-content\/uploads\/2017\/03\/2.-Lineup-Battle-Trance-Foto-Ryan-Power-1.jpg?resize=150%2C150&amp;ssl=1 150w, https:\/\/i0.wp.com\/www.jazzzeitung.de\/cms\/wp-content\/uploads\/2017\/03\/2.-Lineup-Battle-Trance-Foto-Ryan-Power-1.jpg?resize=144%2C144&amp;ssl=1 144w, https:\/\/i0.wp.com\/www.jazzzeitung.de\/cms\/wp-content\/uploads\/2017\/03\/2.-Lineup-Battle-Trance-Foto-Ryan-Power-1.jpg?resize=96%2C96&amp;ssl=1 96w, https:\/\/i0.wp.com\/www.jazzzeitung.de\/cms\/wp-content\/uploads\/2017\/03\/2.-Lineup-Battle-Trance-Foto-Ryan-Power-1.jpg?resize=24%2C24&amp;ssl=1 24w, https:\/\/i0.wp.com\/www.jazzzeitung.de\/cms\/wp-content\/uploads\/2017\/03\/2.-Lineup-Battle-Trance-Foto-Ryan-Power-1.jpg?resize=36%2C36&amp;ssl=1 36w, https:\/\/i0.wp.com\/www.jazzzeitung.de\/cms\/wp-content\/uploads\/2017\/03\/2.-Lineup-Battle-Trance-Foto-Ryan-Power-1.jpg?resize=48%2C48&amp;ssl=1 48w, https:\/\/i0.wp.com\/www.jazzzeitung.de\/cms\/wp-content\/uploads\/2017\/03\/2.-Lineup-Battle-Trance-Foto-Ryan-Power-1.jpg?resize=64%2C64&amp;ssl=1 64w, https:\/\/i0.wp.com\/www.jazzzeitung.de\/cms\/wp-content\/uploads\/2017\/03\/2.-Lineup-Battle-Trance-Foto-Ryan-Power-1.jpg?resize=32%2C32&amp;ssl=1 32w, https:\/\/i0.wp.com\/www.jazzzeitung.de\/cms\/wp-content\/uploads\/2017\/03\/2.-Lineup-Battle-Trance-Foto-Ryan-Power-1.jpg?resize=50%2C50&amp;ssl=1 50w, https:\/\/i0.wp.com\/www.jazzzeitung.de\/cms\/wp-content\/uploads\/2017\/03\/2.-Lineup-Battle-Trance-Foto-Ryan-Power-1.jpg?resize=128%2C128&amp;ssl=1 128w, https:\/\/i0.wp.com\/www.jazzzeitung.de\/cms\/wp-content\/uploads\/2017\/03\/2.-Lineup-Battle-Trance-Foto-Ryan-Power-1.jpg?zoom=2&amp;resize=150%2C150&amp;ssl=1 300w, https:\/\/i0.wp.com\/www.jazzzeitung.de\/cms\/wp-content\/uploads\/2017\/03\/2.-Lineup-Battle-Trance-Foto-Ryan-Power-1.jpg?zoom=3&amp;resize=150%2C150&amp;ssl=1 450w\" sizes=\"auto, (max-width: 150px) 100vw, 150px\" \/><\/a><figcaption id=\"caption-attachment-11945\" class=\"wp-caption-text\">Battle Trance sind vier Tenorsaxophonisten aus Brooklyn\/New York. Foto Ryan Power<\/figcaption><\/figure>\n<p><strong>Musik und Unerh\u00f6rtes aus verschiedenen Kulturen<\/strong><\/p>\n<p><strong>Am 1. Dezember vergangenen Jahres nahm der neue k\u00fcnstlerische Leiter des Moers Festivals, Tim Isfort, zusammen mit seinem (fast) neuen Team, die Arbeit auf. Noch bis zum Wochenende ist er in Sachen Programmplanung f\u00fcr das diesj\u00e4hrige Festival im Kongo. Im (Fern)Gespr\u00e4ch mit dem Festivalb\u00fcro l\u00e4sst er seine ersten Arbeitswochen wie folgt Revue passieren:<\/strong><\/p>\n<p><em>Herr Isfort, heute (am Freitag, 10. M\u00e4rz) auf den Tag genau sind Sie exakt 100 Tage im Amt als k\u00fcnstlerischer Leiter des Moers Festivals. Bereuen Sie diesen Schritt gegangen zu sein?<\/em><\/p>\n<p>Keinesfalls! Es ist eine phantastische Aufgabe, anspruchsvoll, mit vielen \u00dcberraschungen und f\u00fchlt sich gerade erst nach h\u00f6chstens 50 Tagen an. Dass es kein gem\u00fctlicher Spaziergang durch den Moerser Stadtpark werden w\u00fcrde, war mir aber schon bewusst.<\/p>\n<p><em>Bis zur Verk\u00fcndung des Gesamtprogramms am 6. April beziehungsweise zum Beginn des Festivals am 2. Juni sind es keine vier Wochen mehr beziehungsweise ist es nur ein knappes Vierteljahr noch hin. Haben Sie trotzdem ein gutes Gef\u00fchl, dass alles klappt, was Sie sich f\u00fcr Ihre erste Festivalausgabe inhaltlich vorgenommen haben?<\/em><\/p>\n<p>Es klappt wohl nie alles so, wie man es sich vorstellt. Aber jetzt, auf etwa halber Strecke zwischen Amtsantritt im Dezember 2016 und unserem ersten Festival zeichnen sich sehr sch\u00f6ne Dinge ab, die wir hoffentlich am 6. April verk\u00fcnden k\u00f6nnen. Nat\u00fcrlich ist es schade, wenn so mancher herbeigesehnte K\u00fcnstler knapp vorbeirauscht &#8211; bei der n\u00e4chsten Umrundung werden wir aber auch mehr Zeit f\u00fcr das Andockman\u00f6ver haben.<\/p>\n<p><em>In Ihren ersten Statements war immer die Rede davon, dass Sie das Moers Festival wieder n\u00e4her an die Innenstadt heranholen wollen. Wie konkret sehen diese Pl\u00e4ne aus und sind Sie auf einem guten Weg dabei?<\/em><\/p>\n<p>Ich finde es ganz wichtig, dass auch die Moerser wieder mehr Festivalflair erleben k\u00f6nnen. Wir m\u00f6chten die kurze Strecke zwischen Festivalhalle und Innenstadt durch den Park durch vielf\u00e4ltige und intelligente Angebote beleben und laden zum Mitmachen ein. Es wird neue Spielorte in der Innenstadt geben &#8211; all das kostet viel Energie und ist mitunter richtige \u00dcberzeugungsarbeit. Manchmal habe ich das Gef\u00fchl, dass es leichter ist, das international beachtete Hauptprogramm zusammenzustellen, als offenbar verlorenes Vertrauen zur\u00fcckzugewinnen. Wir Moerser sind da scheinbar erst einmal reserviert\u2026 aber ich habe das Gef\u00fchl, dass es auch eine Chance f\u00fcr einen Neuanfang gibt. Na, jedenfalls bin ich sehr gespannt.<\/p>\n<p><em>Sie kommen jetzt am Wochenende aus dem Kongo zur\u00fcck und waren Ende Januar, Anfang Februar in Myanmar. Wird man sowohl aus Zentralafrika wie aus S\u00fcdostasien Musik von dort auf dem diesj\u00e4hrigen Festival h\u00f6ren?<\/em><\/p>\n<p>Mit Sicherheit werden wir K\u00fcnstler aus verschiedenen Kontinenten erleben, werden Musik und Unerh\u00f6rtes aus verschiedenen Kulturen h\u00f6ren. Klischees versuchen wir dabei zu vermeiden. F\u00fcr mich wird es dann interessant, wenn es zu neuen Konstellationen, zu unerwarteten Begegnungen zwischen den Genres, den Stilen kommt. Das ist f\u00fcr mich Moers.<\/p>\n<p><em>Die Namen der auftretenden Bands und K\u00fcnstler ver\u00f6ffentlichen Sie bisher immer scheibchenweise. K\u00f6nnen Sie heute weitere neue verk\u00fcnden?<\/em><\/p>\n<p>Auf keinen Fall! Schluss mit der Salamitaktik! Okay, na gut: wir haben ein hypnotisierendes Saxophonquartett eingeladen: \u201eBattle Trance\u201c. Doch wer nun glaubt, hier puren Jazz zu bekommen, liegt falsch. Wo wir schon bei \u201eTrance\u201c sind, k\u00f6nnen wir auch noch \u00fcber \u201eDub\u201c sprechen: das \u201eDub Trio\u201c changiert so schnell zwischen Stilen und Sounds, dass man am Ende doch wieder in Moers \u00fcber den Begriff \u201eJazz?&#8220; wird streiten m\u00fcssen\u2026<\/p>\n<p>&nbsp;<\/p>\n<p>Das Interview f\u00fchrte Olaf Reifegerste im Auftrag des Moers-Festival<\/p>\n","protected":false},"excerpt":{"rendered":"<p>Musik und Unerh\u00f6rtes aus verschiedenen Kulturen Am 1. Dezember vergangenen Jahres nahm der neue k\u00fcnstlerische Leiter des Moers Festivals, Tim Isfort, zusammen mit seinem (fast) neuen Team, die Arbeit auf. Noch bis zum Wochenende ist er in Sachen Programmplanung f\u00fcr das diesj\u00e4hrige Festival im Kongo. Im (Fern)Gespr\u00e4ch mit dem Festivalb\u00fcro l\u00e4sst er seine ersten Arbeitswochen wie folgt Revue passieren: Herr Isfort, heute (am Freitag, 10. M\u00e4rz) auf den Tag genau sind Sie exakt 100 Tage im Amt als k\u00fcnstlerischer Leiter des Moers Festivals. Bereuen Sie diesen Schritt gegangen zu sein? Keinesfalls! Es ist eine phantastische Aufgabe, anspruchsvoll, mit vielen \u00dcberraschungen und f\u00fchlt sich gerade erst nach h\u00f6chstens 50 Tagen an. Dass es kein gem\u00fctlicher Spaziergang durch den Moerser Stadtpark werden w\u00fcrde, war mir aber schon bewusst. Bis zur Verk\u00fcndung des Gesamtprogramms am 6. April beziehungsweise zum Beginn des Festivals am 2. Juni sind es keine vier Wochen mehr beziehungsweise ist es nur ein knappes Vierteljahr noch hin. Haben Sie trotzdem ein gutes Gef\u00fchl, dass alles klappt, was Sie sich f\u00fcr Ihre erste Festivalausgabe inhaltlich vorgenommen haben? Es klappt wohl nie alles so, wie man es &hellip;<\/p>\n","protected":false},"author":18,"featured_media":0,"comment_status":"open","ping_status":"closed","sticky":false,"template":"","format":"standard","meta":{"_jetpack_memberships_contains_paid_content":false,"footnotes":"","jetpack_publicize_message":"","jetpack_publicize_feature_enabled":true,"jetpack_social_post_already_shared":false,"jetpack_social_options":{"image_generator_settings":{"template":"highway","default_image_id":0,"font":"","enabled":false},"version":2}},"categories":[1053],"tags":[3,748,682,245,396,397,904,1356],"coauthors":[695],"class_list":["post-11941","post","type-post","status-publish","format-standard","hentry","category-bericht","tag-festival","tag-festivalhalle","tag-festivals","tag-interview-2","tag-moers","tag-moers-festival","tag-new-york","tag-trio"],"yoast_head":"<!-- This site is optimized with the Yoast SEO plugin v27.5 - https:\/\/yoast.com\/product\/yoast-seo-wordpress\/ -->\n<title>Tim Isfort \u00e4u\u00dfert sich nach 100 Tagen im Amt zum neuen Moers Festival - JazzZeitung<\/title>\n<meta name=\"robots\" content=\"index, follow, max-snippet:-1, max-image-preview:large, max-video-preview:-1\" \/>\n<link rel=\"canonical\" href=\"https:\/\/www.jazzzeitung.de\/cms\/2017\/03\/11941\/\" \/>\n<meta property=\"og:locale\" content=\"de_DE\" \/>\n<meta property=\"og:type\" content=\"article\" \/>\n<meta property=\"og:title\" content=\"Tim Isfort \u00e4u\u00dfert sich nach 100 Tagen im Amt zum neuen Moers Festival - JazzZeitung\" \/>\n<meta property=\"og:description\" content=\"Musik und Unerh\u00f6rtes aus verschiedenen Kulturen Am 1. Dezember vergangenen Jahres nahm der neue k\u00fcnstlerische Leiter des Moers Festivals, Tim Isfort, zusammen mit seinem (fast) neuen Team, die Arbeit auf. Noch bis zum Wochenende ist er in Sachen Programmplanung f\u00fcr das diesj\u00e4hrige Festival im Kongo. Im (Fern)Gespr\u00e4ch mit dem Festivalb\u00fcro l\u00e4sst er seine ersten Arbeitswochen wie folgt Revue passieren: Herr Isfort, heute (am Freitag, 10. M\u00e4rz) auf den Tag genau sind Sie exakt 100 Tage im Amt als k\u00fcnstlerischer Leiter des Moers Festivals. Bereuen Sie diesen Schritt gegangen zu sein? Keinesfalls! Es ist eine phantastische Aufgabe, anspruchsvoll, mit vielen \u00dcberraschungen und f\u00fchlt sich gerade erst nach h\u00f6chstens 50 Tagen an. Dass es kein gem\u00fctlicher Spaziergang durch den Moerser Stadtpark werden w\u00fcrde, war mir aber schon bewusst. Bis zur Verk\u00fcndung des Gesamtprogramms am 6. April beziehungsweise zum Beginn des Festivals am 2. Juni sind es keine vier Wochen mehr beziehungsweise ist es nur ein knappes Vierteljahr noch hin. Haben Sie trotzdem ein gutes Gef\u00fchl, dass alles klappt, was Sie sich f\u00fcr Ihre erste Festivalausgabe inhaltlich vorgenommen haben? Es klappt wohl nie alles so, wie man es &hellip;\" \/>\n<meta property=\"og:url\" content=\"https:\/\/www.jazzzeitung.de\/cms\/2017\/03\/11941\/\" \/>\n<meta property=\"og:site_name\" content=\"JazzZeitung\" \/>\n<meta property=\"article:publisher\" content=\"https:\/\/www.facebook.com\/JazzZeitung\/\" \/>\n<meta property=\"article:published_time\" content=\"2017-03-15T11:58:19+00:00\" \/>\n<meta property=\"og:image\" content=\"http:\/\/www.jazzzeitung.de\/cms\/wp-content\/uploads\/2017\/03\/2.-Lineup-Battle-Trance-Foto-Ryan-Power-1-150x150.jpg\" \/>\n<meta name=\"author\" content=\"Redaktion JazzZeitung\" \/>\n<script type=\"application\/ld+json\" class=\"yoast-schema-graph\">{\"@context\":\"https:\\\/\\\/schema.org\",\"@graph\":[{\"@type\":\"Article\",\"@id\":\"https:\\\/\\\/www.jazzzeitung.de\\\/cms\\\/2017\\\/03\\\/11941\\\/#article\",\"isPartOf\":{\"@id\":\"https:\\\/\\\/www.jazzzeitung.de\\\/cms\\\/2017\\\/03\\\/11941\\\/\"},\"author\":{\"name\":\"Redaktion JazzZeitung\",\"@id\":\"https:\\\/\\\/www.jazzzeitung.de\\\/cms\\\/#\\\/schema\\\/person\\\/2245b36b9cd1d24cea10f01c031fb92b\"},\"headline\":\"Tim Isfort \u00e4u\u00dfert sich nach 100 Tagen im Amt zum neuen Moers Festival\",\"datePublished\":\"2017-03-15T11:58:19+00:00\",\"mainEntityOfPage\":{\"@id\":\"https:\\\/\\\/www.jazzzeitung.de\\\/cms\\\/2017\\\/03\\\/11941\\\/\"},\"wordCount\":630,\"commentCount\":0,\"publisher\":{\"@id\":\"https:\\\/\\\/www.jazzzeitung.de\\\/cms\\\/#organization\"},\"image\":{\"@id\":\"https:\\\/\\\/www.jazzzeitung.de\\\/cms\\\/2017\\\/03\\\/11941\\\/#primaryimage\"},\"thumbnailUrl\":\"http:\\\/\\\/www.jazzzeitung.de\\\/cms\\\/wp-content\\\/uploads\\\/2017\\\/03\\\/2.-Lineup-Battle-Trance-Foto-Ryan-Power-1-150x150.jpg\",\"keywords\":[\"Festival\",\"Festivalhalle\",\"Festivals\",\"Interview\",\"Moers\",\"Moers Festival\",\"New York\",\"trio\"],\"articleSection\":[\"Bericht\"],\"inLanguage\":\"de\",\"potentialAction\":[{\"@type\":\"CommentAction\",\"name\":\"Comment\",\"target\":[\"https:\\\/\\\/www.jazzzeitung.de\\\/cms\\\/2017\\\/03\\\/11941\\\/#respond\"]}]},{\"@type\":\"WebPage\",\"@id\":\"https:\\\/\\\/www.jazzzeitung.de\\\/cms\\\/2017\\\/03\\\/11941\\\/\",\"url\":\"https:\\\/\\\/www.jazzzeitung.de\\\/cms\\\/2017\\\/03\\\/11941\\\/\",\"name\":\"Tim Isfort \u00e4u\u00dfert sich nach 100 Tagen im Amt zum neuen Moers Festival - JazzZeitung\",\"isPartOf\":{\"@id\":\"https:\\\/\\\/www.jazzzeitung.de\\\/cms\\\/#website\"},\"primaryImageOfPage\":{\"@id\":\"https:\\\/\\\/www.jazzzeitung.de\\\/cms\\\/2017\\\/03\\\/11941\\\/#primaryimage\"},\"image\":{\"@id\":\"https:\\\/\\\/www.jazzzeitung.de\\\/cms\\\/2017\\\/03\\\/11941\\\/#primaryimage\"},\"thumbnailUrl\":\"http:\\\/\\\/www.jazzzeitung.de\\\/cms\\\/wp-content\\\/uploads\\\/2017\\\/03\\\/2.-Lineup-Battle-Trance-Foto-Ryan-Power-1-150x150.jpg\",\"datePublished\":\"2017-03-15T11:58:19+00:00\",\"breadcrumb\":{\"@id\":\"https:\\\/\\\/www.jazzzeitung.de\\\/cms\\\/2017\\\/03\\\/11941\\\/#breadcrumb\"},\"inLanguage\":\"de\",\"potentialAction\":[{\"@type\":\"ReadAction\",\"target\":[\"https:\\\/\\\/www.jazzzeitung.de\\\/cms\\\/2017\\\/03\\\/11941\\\/\"]}]},{\"@type\":\"ImageObject\",\"inLanguage\":\"de\",\"@id\":\"https:\\\/\\\/www.jazzzeitung.de\\\/cms\\\/2017\\\/03\\\/11941\\\/#primaryimage\",\"url\":\"http:\\\/\\\/www.jazzzeitung.de\\\/cms\\\/wp-content\\\/uploads\\\/2017\\\/03\\\/2.-Lineup-Battle-Trance-Foto-Ryan-Power-1-150x150.jpg\",\"contentUrl\":\"http:\\\/\\\/www.jazzzeitung.de\\\/cms\\\/wp-content\\\/uploads\\\/2017\\\/03\\\/2.-Lineup-Battle-Trance-Foto-Ryan-Power-1-150x150.jpg\"},{\"@type\":\"BreadcrumbList\",\"@id\":\"https:\\\/\\\/www.jazzzeitung.de\\\/cms\\\/2017\\\/03\\\/11941\\\/#breadcrumb\",\"itemListElement\":[{\"@type\":\"ListItem\",\"position\":1,\"name\":\"Startseite\",\"item\":\"https:\\\/\\\/www.jazzzeitung.de\\\/cms\\\/\"},{\"@type\":\"ListItem\",\"position\":2,\"name\":\"Tim Isfort \u00e4u\u00dfert sich nach 100 Tagen im Amt zum neuen Moers Festival\"}]},{\"@type\":\"WebSite\",\"@id\":\"https:\\\/\\\/www.jazzzeitung.de\\\/cms\\\/#website\",\"url\":\"https:\\\/\\\/www.jazzzeitung.de\\\/cms\\\/\",\"name\":\"JazzZeitung\",\"description\":\"Jazz-News und Jazz-Kontroverses\",\"publisher\":{\"@id\":\"https:\\\/\\\/www.jazzzeitung.de\\\/cms\\\/#organization\"},\"potentialAction\":[{\"@type\":\"SearchAction\",\"target\":{\"@type\":\"EntryPoint\",\"urlTemplate\":\"https:\\\/\\\/www.jazzzeitung.de\\\/cms\\\/?s={search_term_string}\"},\"query-input\":{\"@type\":\"PropertyValueSpecification\",\"valueRequired\":true,\"valueName\":\"search_term_string\"}}],\"inLanguage\":\"de\"},{\"@type\":\"Organization\",\"@id\":\"https:\\\/\\\/www.jazzzeitung.de\\\/cms\\\/#organization\",\"name\":\"JazzZeitung online\",\"url\":\"https:\\\/\\\/www.jazzzeitung.de\\\/cms\\\/\",\"logo\":{\"@type\":\"ImageObject\",\"inLanguage\":\"de\",\"@id\":\"https:\\\/\\\/www.jazzzeitung.de\\\/cms\\\/#\\\/schema\\\/logo\\\/image\\\/\",\"url\":\"https:\\\/\\\/i0.wp.com\\\/www.jazzzeitung.de\\\/cms\\\/wp-content\\\/uploads\\\/2015\\\/08\\\/JAZZZEITUNGDE_Logo_Neu.png?fit=499%2C200&ssl=1\",\"contentUrl\":\"https:\\\/\\\/i0.wp.com\\\/www.jazzzeitung.de\\\/cms\\\/wp-content\\\/uploads\\\/2015\\\/08\\\/JAZZZEITUNGDE_Logo_Neu.png?fit=499%2C200&ssl=1\",\"width\":499,\"height\":200,\"caption\":\"JazzZeitung online\"},\"image\":{\"@id\":\"https:\\\/\\\/www.jazzzeitung.de\\\/cms\\\/#\\\/schema\\\/logo\\\/image\\\/\"},\"sameAs\":[\"https:\\\/\\\/www.facebook.com\\\/JazzZeitung\\\/\"]},{\"@type\":\"Person\",\"@id\":\"https:\\\/\\\/www.jazzzeitung.de\\\/cms\\\/#\\\/schema\\\/person\\\/2245b36b9cd1d24cea10f01c031fb92b\",\"name\":\"Redaktion JazzZeitung\",\"image\":{\"@type\":\"ImageObject\",\"inLanguage\":\"de\",\"@id\":\"https:\\\/\\\/i0.wp.com\\\/www.jazzzeitung.de\\\/cms\\\/wp-content\\\/uploads\\\/2015\\\/08\\\/JAZZZEITUNGDE_Logo_Neu.png?resize=96%2C96&ssl=159975dcacb611b5700bd619b5daf0a7a\",\"url\":\"https:\\\/\\\/i0.wp.com\\\/www.jazzzeitung.de\\\/cms\\\/wp-content\\\/uploads\\\/2015\\\/08\\\/JAZZZEITUNGDE_Logo_Neu.png?resize=96%2C96&ssl=1\",\"contentUrl\":\"https:\\\/\\\/i0.wp.com\\\/www.jazzzeitung.de\\\/cms\\\/wp-content\\\/uploads\\\/2015\\\/08\\\/JAZZZEITUNGDE_Logo_Neu.png?resize=96%2C96&ssl=1\",\"caption\":\"Redaktion JazzZeitung\"},\"description\":\"Artikel der Redaktion der JazzZeitung.\",\"sameAs\":[\"http:\\\/\\\/www.jazzzeitung.de\\\/cms\\\/\"],\"url\":\"https:\\\/\\\/www.jazzzeitung.de\\\/cms\\\/author\\\/redaktion\\\/\"}]}<\/script>\n<!-- \/ Yoast SEO plugin. -->","yoast_head_json":{"title":"Tim Isfort \u00e4u\u00dfert sich nach 100 Tagen im Amt zum neuen Moers Festival - JazzZeitung","robots":{"index":"index","follow":"follow","max-snippet":"max-snippet:-1","max-image-preview":"max-image-preview:large","max-video-preview":"max-video-preview:-1"},"canonical":"https:\/\/www.jazzzeitung.de\/cms\/2017\/03\/11941\/","og_locale":"de_DE","og_type":"article","og_title":"Tim Isfort \u00e4u\u00dfert sich nach 100 Tagen im Amt zum neuen Moers Festival - JazzZeitung","og_description":"Musik und Unerh\u00f6rtes aus verschiedenen Kulturen Am 1. Dezember vergangenen Jahres nahm der neue k\u00fcnstlerische Leiter des Moers Festivals, Tim Isfort, zusammen mit seinem (fast) neuen Team, die Arbeit auf. Noch bis zum Wochenende ist er in Sachen Programmplanung f\u00fcr das diesj\u00e4hrige Festival im Kongo. Im (Fern)Gespr\u00e4ch mit dem Festivalb\u00fcro l\u00e4sst er seine ersten Arbeitswochen wie folgt Revue passieren: Herr Isfort, heute (am Freitag, 10. M\u00e4rz) auf den Tag genau sind Sie exakt 100 Tage im Amt als k\u00fcnstlerischer Leiter des Moers Festivals. Bereuen Sie diesen Schritt gegangen zu sein? Keinesfalls! Es ist eine phantastische Aufgabe, anspruchsvoll, mit vielen \u00dcberraschungen und f\u00fchlt sich gerade erst nach h\u00f6chstens 50 Tagen an. Dass es kein gem\u00fctlicher Spaziergang durch den Moerser Stadtpark werden w\u00fcrde, war mir aber schon bewusst. Bis zur Verk\u00fcndung des Gesamtprogramms am 6. April beziehungsweise zum Beginn des Festivals am 2. Juni sind es keine vier Wochen mehr beziehungsweise ist es nur ein knappes Vierteljahr noch hin. Haben Sie trotzdem ein gutes Gef\u00fchl, dass alles klappt, was Sie sich f\u00fcr Ihre erste Festivalausgabe inhaltlich vorgenommen haben? Es klappt wohl nie alles so, wie man es &hellip;","og_url":"https:\/\/www.jazzzeitung.de\/cms\/2017\/03\/11941\/","og_site_name":"JazzZeitung","article_publisher":"https:\/\/www.facebook.com\/JazzZeitung\/","article_published_time":"2017-03-15T11:58:19+00:00","og_image":[{"url":"http:\/\/www.jazzzeitung.de\/cms\/wp-content\/uploads\/2017\/03\/2.-Lineup-Battle-Trance-Foto-Ryan-Power-1-150x150.jpg","type":"","width":"","height":""}],"author":"Redaktion JazzZeitung","schema":{"@context":"https:\/\/schema.org","@graph":[{"@type":"Article","@id":"https:\/\/www.jazzzeitung.de\/cms\/2017\/03\/11941\/#article","isPartOf":{"@id":"https:\/\/www.jazzzeitung.de\/cms\/2017\/03\/11941\/"},"author":{"name":"Redaktion JazzZeitung","@id":"https:\/\/www.jazzzeitung.de\/cms\/#\/schema\/person\/2245b36b9cd1d24cea10f01c031fb92b"},"headline":"Tim Isfort \u00e4u\u00dfert sich nach 100 Tagen im Amt zum neuen Moers Festival","datePublished":"2017-03-15T11:58:19+00:00","mainEntityOfPage":{"@id":"https:\/\/www.jazzzeitung.de\/cms\/2017\/03\/11941\/"},"wordCount":630,"commentCount":0,"publisher":{"@id":"https:\/\/www.jazzzeitung.de\/cms\/#organization"},"image":{"@id":"https:\/\/www.jazzzeitung.de\/cms\/2017\/03\/11941\/#primaryimage"},"thumbnailUrl":"http:\/\/www.jazzzeitung.de\/cms\/wp-content\/uploads\/2017\/03\/2.-Lineup-Battle-Trance-Foto-Ryan-Power-1-150x150.jpg","keywords":["Festival","Festivalhalle","Festivals","Interview","Moers","Moers Festival","New York","trio"],"articleSection":["Bericht"],"inLanguage":"de","potentialAction":[{"@type":"CommentAction","name":"Comment","target":["https:\/\/www.jazzzeitung.de\/cms\/2017\/03\/11941\/#respond"]}]},{"@type":"WebPage","@id":"https:\/\/www.jazzzeitung.de\/cms\/2017\/03\/11941\/","url":"https:\/\/www.jazzzeitung.de\/cms\/2017\/03\/11941\/","name":"Tim Isfort \u00e4u\u00dfert sich nach 100 Tagen im Amt zum neuen Moers Festival - JazzZeitung","isPartOf":{"@id":"https:\/\/www.jazzzeitung.de\/cms\/#website"},"primaryImageOfPage":{"@id":"https:\/\/www.jazzzeitung.de\/cms\/2017\/03\/11941\/#primaryimage"},"image":{"@id":"https:\/\/www.jazzzeitung.de\/cms\/2017\/03\/11941\/#primaryimage"},"thumbnailUrl":"http:\/\/www.jazzzeitung.de\/cms\/wp-content\/uploads\/2017\/03\/2.-Lineup-Battle-Trance-Foto-Ryan-Power-1-150x150.jpg","datePublished":"2017-03-15T11:58:19+00:00","breadcrumb":{"@id":"https:\/\/www.jazzzeitung.de\/cms\/2017\/03\/11941\/#breadcrumb"},"inLanguage":"de","potentialAction":[{"@type":"ReadAction","target":["https:\/\/www.jazzzeitung.de\/cms\/2017\/03\/11941\/"]}]},{"@type":"ImageObject","inLanguage":"de","@id":"https:\/\/www.jazzzeitung.de\/cms\/2017\/03\/11941\/#primaryimage","url":"http:\/\/www.jazzzeitung.de\/cms\/wp-content\/uploads\/2017\/03\/2.-Lineup-Battle-Trance-Foto-Ryan-Power-1-150x150.jpg","contentUrl":"http:\/\/www.jazzzeitung.de\/cms\/wp-content\/uploads\/2017\/03\/2.-Lineup-Battle-Trance-Foto-Ryan-Power-1-150x150.jpg"},{"@type":"BreadcrumbList","@id":"https:\/\/www.jazzzeitung.de\/cms\/2017\/03\/11941\/#breadcrumb","itemListElement":[{"@type":"ListItem","position":1,"name":"Startseite","item":"https:\/\/www.jazzzeitung.de\/cms\/"},{"@type":"ListItem","position":2,"name":"Tim Isfort \u00e4u\u00dfert sich nach 100 Tagen im Amt zum neuen Moers Festival"}]},{"@type":"WebSite","@id":"https:\/\/www.jazzzeitung.de\/cms\/#website","url":"https:\/\/www.jazzzeitung.de\/cms\/","name":"JazzZeitung","description":"Jazz-News und Jazz-Kontroverses","publisher":{"@id":"https:\/\/www.jazzzeitung.de\/cms\/#organization"},"potentialAction":[{"@type":"SearchAction","target":{"@type":"EntryPoint","urlTemplate":"https:\/\/www.jazzzeitung.de\/cms\/?s={search_term_string}"},"query-input":{"@type":"PropertyValueSpecification","valueRequired":true,"valueName":"search_term_string"}}],"inLanguage":"de"},{"@type":"Organization","@id":"https:\/\/www.jazzzeitung.de\/cms\/#organization","name":"JazzZeitung online","url":"https:\/\/www.jazzzeitung.de\/cms\/","logo":{"@type":"ImageObject","inLanguage":"de","@id":"https:\/\/www.jazzzeitung.de\/cms\/#\/schema\/logo\/image\/","url":"https:\/\/i0.wp.com\/www.jazzzeitung.de\/cms\/wp-content\/uploads\/2015\/08\/JAZZZEITUNGDE_Logo_Neu.png?fit=499%2C200&ssl=1","contentUrl":"https:\/\/i0.wp.com\/www.jazzzeitung.de\/cms\/wp-content\/uploads\/2015\/08\/JAZZZEITUNGDE_Logo_Neu.png?fit=499%2C200&ssl=1","width":499,"height":200,"caption":"JazzZeitung online"},"image":{"@id":"https:\/\/www.jazzzeitung.de\/cms\/#\/schema\/logo\/image\/"},"sameAs":["https:\/\/www.facebook.com\/JazzZeitung\/"]},{"@type":"Person","@id":"https:\/\/www.jazzzeitung.de\/cms\/#\/schema\/person\/2245b36b9cd1d24cea10f01c031fb92b","name":"Redaktion JazzZeitung","image":{"@type":"ImageObject","inLanguage":"de","@id":"https:\/\/i0.wp.com\/www.jazzzeitung.de\/cms\/wp-content\/uploads\/2015\/08\/JAZZZEITUNGDE_Logo_Neu.png?resize=96%2C96&ssl=159975dcacb611b5700bd619b5daf0a7a","url":"https:\/\/i0.wp.com\/www.jazzzeitung.de\/cms\/wp-content\/uploads\/2015\/08\/JAZZZEITUNGDE_Logo_Neu.png?resize=96%2C96&ssl=1","contentUrl":"https:\/\/i0.wp.com\/www.jazzzeitung.de\/cms\/wp-content\/uploads\/2015\/08\/JAZZZEITUNGDE_Logo_Neu.png?resize=96%2C96&ssl=1","caption":"Redaktion JazzZeitung"},"description":"Artikel der Redaktion der JazzZeitung.","sameAs":["http:\/\/www.jazzzeitung.de\/cms\/"],"url":"https:\/\/www.jazzzeitung.de\/cms\/author\/redaktion\/"}]}},"wp-worthy-pixel":{"ignored":false,"public":null,"server":null,"url":null},"wp-worthy-type":"normal","jetpack_publicize_connections":[],"cc_featured_image_caption":{"caption_text":false,"source_text":false,"source_url":false},"jetpack_featured_media_url":"","jetpack_shortlink":"https:\/\/wp.me\/s3KEcT-11941","jetpack-related-posts":[{"id":26095,"url":"https:\/\/www.jazzzeitung.de\/cms\/2021\/11\/baden-wuerttemberg-zeichnet-saengerin-lauren-newton-fuer-ihr-lebenswerk-austim-isfort-bleibt-beim-moers-festival\/","url_meta":{"origin":11941,"position":0},"title":"+++Baden-W\u00fcrttemberg zeichnet Lauren Newton f\u00fcr ihr Lebenswerk aus++++++Tim Isfort bleibt beim moers festival+++","author":"Redaktion JazzZeitung","date":"5. November 2021","format":false,"excerpt":"Sonderpreis des baden-w\u00fcrttembergischen Jazzpreises geht an S\u00e4ngerin Lauren Newton Die S\u00e4ngerin, Komponistin und Schauspielerin Lauren Newton wurde f\u00fcr den 'Sonderpreis Lebenswerk' des Landesjazzpreises nominiert. Baden-W\u00fcrttembergs Kunststaatssekret\u00e4rin Petra Olschowski sagte anl\u00e4sslich der Auszeichnung: \u201eMit dem Ehrenpreis w\u00fcrdigen wir eine ganz herausragende musikalische Lebensleistung. Lauren Newton ist eine \u00fcberragende Tonk\u00fcnstlerin mit einem\u2026","rel":"","context":"In &quot;News&quot;","block_context":{"text":"News","link":"https:\/\/www.jazzzeitung.de\/cms\/thema\/nachrichten\/"},"img":{"alt_text":"","src":"https:\/\/i0.wp.com\/www.jazzzeitung.de\/cms\/wp-content\/uploads\/2021\/11\/lauren-newton3.jpg?fit=1200%2C675&ssl=1&resize=350%2C200","width":350,"height":200,"srcset":"https:\/\/i0.wp.com\/www.jazzzeitung.de\/cms\/wp-content\/uploads\/2021\/11\/lauren-newton3.jpg?fit=1200%2C675&ssl=1&resize=350%2C200 1x, https:\/\/i0.wp.com\/www.jazzzeitung.de\/cms\/wp-content\/uploads\/2021\/11\/lauren-newton3.jpg?fit=1200%2C675&ssl=1&resize=525%2C300 1.5x, https:\/\/i0.wp.com\/www.jazzzeitung.de\/cms\/wp-content\/uploads\/2021\/11\/lauren-newton3.jpg?fit=1200%2C675&ssl=1&resize=700%2C400 2x, https:\/\/i0.wp.com\/www.jazzzeitung.de\/cms\/wp-content\/uploads\/2021\/11\/lauren-newton3.jpg?fit=1200%2C675&ssl=1&resize=1050%2C600 3x"},"classes":[]},{"id":27512,"url":"https:\/\/www.jazzzeitung.de\/cms\/2022\/06\/das-moers-festival-2022-wurde-seinem-wesenskern-treu-und-blickt-in-die-zukunft\/","url_meta":{"origin":11941,"position":1},"title":"Das Moers-Festival 2022 wurde seinem Wesenskern treu und blickt in die Zukunft","author":"Redaktion JazzZeitung","date":"14. Juni 2022","format":false,"excerpt":"(Text und Fotos von Stefan Pieper) Obwohl das neue Konzept noch die Unfertigkeit eines Neustarts verk\u00f6rpert, flie\u00dft der Strom beim Moers-Festival ungebremst weiter. In den letzten beiden Jahren habe viele neue, digitale Vorst\u00f6\u00dfe das k\u00fcnstlerische Schwergewicht beim Moers-Festival durch die Pandemie getragen. Bei der 51. Ausgabe zum 50. Geburtstag behauptete\u2026","rel":"","context":"In &quot;Bericht&quot;","block_context":{"text":"Bericht","link":"https:\/\/www.jazzzeitung.de\/cms\/thema\/bericht\/"},"img":{"alt_text":"","src":"https:\/\/i0.wp.com\/www.jazzzeitung.de\/cms\/wp-content\/uploads\/2022\/06\/The-Hidden-Tune-3-1-scaled.jpg?fit=1200%2C953&ssl=1&resize=350%2C200","width":350,"height":200,"srcset":"https:\/\/i0.wp.com\/www.jazzzeitung.de\/cms\/wp-content\/uploads\/2022\/06\/The-Hidden-Tune-3-1-scaled.jpg?fit=1200%2C953&ssl=1&resize=350%2C200 1x, https:\/\/i0.wp.com\/www.jazzzeitung.de\/cms\/wp-content\/uploads\/2022\/06\/The-Hidden-Tune-3-1-scaled.jpg?fit=1200%2C953&ssl=1&resize=525%2C300 1.5x, https:\/\/i0.wp.com\/www.jazzzeitung.de\/cms\/wp-content\/uploads\/2022\/06\/The-Hidden-Tune-3-1-scaled.jpg?fit=1200%2C953&ssl=1&resize=700%2C400 2x, https:\/\/i0.wp.com\/www.jazzzeitung.de\/cms\/wp-content\/uploads\/2022\/06\/The-Hidden-Tune-3-1-scaled.jpg?fit=1200%2C953&ssl=1&resize=1050%2C600 3x"},"classes":[]},{"id":19809,"url":"https:\/\/www.jazzzeitung.de\/cms\/2019\/06\/strengt-euch-an-das-moers-festival-2019-zeigte-sich-empfindsam-fuer-menschen-und-klaenge\/","url_meta":{"origin":11941,"position":2},"title":"\u201eStrengt euch an!\u201c \u2013 das Moers-Festival 2019 zeigte sich empfindsam f\u00fcr Menschen und Kl\u00e4nge","author":"Redaktion JazzZeitung","date":"14. Juni 2019","format":false,"excerpt":"Stell Dir vor, ein riesiger, h\u00f6lzerner Kampfpanzer \u201eziert\u201c die B\u00fchne auf einem friedlichen Musikfestival und keiner begehrt dagegen auf. Dabei hatte Tim Isfort bei der j\u00fcngsten Ausgabe des Moers-Festivals ausdr\u00fccklich angeregt, sich durch Bemalen oder Besteigen des martialischen Unget\u00fcms einzumischen. Denn das Motto f\u00fcrs Moers-Festival 2019 lautete: \u201eStrengt euch an!\u201c\u2026","rel":"","context":"In &quot;Bericht&quot;","block_context":{"text":"Bericht","link":"https:\/\/www.jazzzeitung.de\/cms\/thema\/bericht\/"},"img":{"alt_text":"","src":"https:\/\/i0.wp.com\/www.jazzzeitung.de\/cms\/wp-content\/uploads\/2019\/06\/DSC02719.jpg?fit=1200%2C800&ssl=1&resize=350%2C200","width":350,"height":200,"srcset":"https:\/\/i0.wp.com\/www.jazzzeitung.de\/cms\/wp-content\/uploads\/2019\/06\/DSC02719.jpg?fit=1200%2C800&ssl=1&resize=350%2C200 1x, https:\/\/i0.wp.com\/www.jazzzeitung.de\/cms\/wp-content\/uploads\/2019\/06\/DSC02719.jpg?fit=1200%2C800&ssl=1&resize=525%2C300 1.5x, https:\/\/i0.wp.com\/www.jazzzeitung.de\/cms\/wp-content\/uploads\/2019\/06\/DSC02719.jpg?fit=1200%2C800&ssl=1&resize=700%2C400 2x, https:\/\/i0.wp.com\/www.jazzzeitung.de\/cms\/wp-content\/uploads\/2019\/06\/DSC02719.jpg?fit=1200%2C800&ssl=1&resize=1050%2C600 3x"},"classes":[]},{"id":28973,"url":"https:\/\/www.jazzzeitung.de\/cms\/2023\/01\/klang-farben-von-tomeke-reid-und-recursion-kollektiv-in-der-stadtkirche-moers\/","url_meta":{"origin":11941,"position":3},"title":"Klang-Farben von Tomeka Reid und Recursion-Kollektiv in der Stadtkirche Moers","author":"Redaktion JazzZeitung","date":"26. Januar 2023","format":false,"excerpt":"(Von Stefan Pieper) Improvisor in Residence \u2013 dieses Arbeitsstipendium der Kulturstiftung NRW f\u00fcr eine Stadtmusikerin oder einen Stadtmusiker rund um das Moers-Festival ist seit seiner Einf\u00fchrung im Jahr 2008 zur Erfolgsstory geworden. Damit wechseln sich jedes Jahr aufs Neue die kreativen Farben ab, mit denen der Geist des Festivals immer\u2026","rel":"","context":"In &quot;Bericht&quot;","block_context":{"text":"Bericht","link":"https:\/\/www.jazzzeitung.de\/cms\/thema\/bericht\/"},"img":{"alt_text":"","src":"https:\/\/i0.wp.com\/www.jazzzeitung.de\/cms\/wp-content\/uploads\/2023\/01\/DSC00786-scaled.jpg?fit=1200%2C944&ssl=1&resize=350%2C200","width":350,"height":200,"srcset":"https:\/\/i0.wp.com\/www.jazzzeitung.de\/cms\/wp-content\/uploads\/2023\/01\/DSC00786-scaled.jpg?fit=1200%2C944&ssl=1&resize=350%2C200 1x, https:\/\/i0.wp.com\/www.jazzzeitung.de\/cms\/wp-content\/uploads\/2023\/01\/DSC00786-scaled.jpg?fit=1200%2C944&ssl=1&resize=525%2C300 1.5x, https:\/\/i0.wp.com\/www.jazzzeitung.de\/cms\/wp-content\/uploads\/2023\/01\/DSC00786-scaled.jpg?fit=1200%2C944&ssl=1&resize=700%2C400 2x, https:\/\/i0.wp.com\/www.jazzzeitung.de\/cms\/wp-content\/uploads\/2023\/01\/DSC00786-scaled.jpg?fit=1200%2C944&ssl=1&resize=1050%2C600 3x"},"classes":[]},{"id":28790,"url":"https:\/\/www.jazzzeitung.de\/cms\/2022\/12\/news-nils-wogram-mit-weimarer-hochschulbigband-letzter-blue-monday-in-hilden-moers-festival-bis-2028-in-festen-haenden\/","url_meta":{"origin":11941,"position":4},"title":"News: +++ Nils Wogram\u00a0 mit Weimarer Hochschulbigband +++ Letzter Blue Monday in \u00a0Hilden +++ Moers Festival bis 2028 in festen H\u00e4nden +++","author":"Redaktion JazzZeitung","date":"16. Dezember 2022","format":false,"excerpt":"+++ Featuring Nils Wogram: Jazzorchester der Hochschule f\u00fcr Musik Franz Liszt Weimar spielt mit preisgekr\u00f6ntem Posaunisten +++ Mit einem besonderen Gast begr\u00fc\u00dft das Jazzorchester der Hochschule f\u00fcr Musik Franz Liszt Weimar das neue Jahr. Beim Abschlusskonzert der Winterarbeitsphase des \u201eHfM Jazz Orchestra\u201c am Sonntag, 8. Januar 2023 um 19:00 Uhr\u2026","rel":"","context":"In &quot;News&quot;","block_context":{"text":"News","link":"https:\/\/www.jazzzeitung.de\/cms\/thema\/nachrichten\/"},"img":{"alt_text":"","src":"https:\/\/i0.wp.com\/www.jazzzeitung.de\/cms\/wp-content\/uploads\/2022\/12\/Wogram_Nils_Foto_Corinne_Haechler.jpg?fit=1200%2C797&ssl=1&resize=350%2C200","width":350,"height":200,"srcset":"https:\/\/i0.wp.com\/www.jazzzeitung.de\/cms\/wp-content\/uploads\/2022\/12\/Wogram_Nils_Foto_Corinne_Haechler.jpg?fit=1200%2C797&ssl=1&resize=350%2C200 1x, https:\/\/i0.wp.com\/www.jazzzeitung.de\/cms\/wp-content\/uploads\/2022\/12\/Wogram_Nils_Foto_Corinne_Haechler.jpg?fit=1200%2C797&ssl=1&resize=525%2C300 1.5x, https:\/\/i0.wp.com\/www.jazzzeitung.de\/cms\/wp-content\/uploads\/2022\/12\/Wogram_Nils_Foto_Corinne_Haechler.jpg?fit=1200%2C797&ssl=1&resize=700%2C400 2x, https:\/\/i0.wp.com\/www.jazzzeitung.de\/cms\/wp-content\/uploads\/2022\/12\/Wogram_Nils_Foto_Corinne_Haechler.jpg?fit=1200%2C797&ssl=1&resize=1050%2C600 3x"},"classes":[]},{"id":8066,"url":"https:\/\/www.jazzzeitung.de\/cms\/2016\/01\/neue-impulse-moers-carolin-pook-uebernimmt-im-jahr-2016-das-amt-des-improviser-residence\/","url_meta":{"origin":11941,"position":5},"title":"Neue Impulse in Moers: Carolin Pook \u00fcbernimmt im Jahr 2016 das Amt des \u201eImproviser in Residence\u201d","author":"Redaktion JazzZeitung","date":"14. Januar 2016","format":false,"excerpt":"Mit Carolin Pook tritt dieses Jahr eine in New York lebende, deutsche Musikerin den Posten des \u201eImproviser in Residence\u201c in Moers an. Die Komponistin und Geigerin l\u00f6st damit im Rahmen eines gemeinsamen Konzertes am 21. Januar den derzeitigen \u201eImproviser in Residence\u201c Hayden Chisholm ab. \u201eWir sind sehr froh, dass Carolin\u2026","rel":"","context":"In &quot;Redaktionelle Nachrichten&quot;","block_context":{"text":"Redaktionelle Nachrichten","link":"https:\/\/www.jazzzeitung.de\/cms\/thema\/redaktion\/"},"img":{"alt_text":"Die Geigerin und Komponistin Carolin Pook. Foto: Patrick Essex","src":"https:\/\/i0.wp.com\/www.jazzzeitung.de\/cms\/wp-content\/uploads\/2016\/01\/moers-festival_2016_carolin_pook_02-e1452787169465-150x150.jpg?resize=350%2C200","width":350,"height":200},"classes":[]}],"jetpack_sharing_enabled":true,"_links":{"self":[{"href":"https:\/\/www.jazzzeitung.de\/cms\/wp-json\/wp\/v2\/posts\/11941","targetHints":{"allow":["GET"]}}],"collection":[{"href":"https:\/\/www.jazzzeitung.de\/cms\/wp-json\/wp\/v2\/posts"}],"about":[{"href":"https:\/\/www.jazzzeitung.de\/cms\/wp-json\/wp\/v2\/types\/post"}],"author":[{"embeddable":true,"href":"https:\/\/www.jazzzeitung.de\/cms\/wp-json\/wp\/v2\/users\/18"}],"replies":[{"embeddable":true,"href":"https:\/\/www.jazzzeitung.de\/cms\/wp-json\/wp\/v2\/comments?post=11941"}],"version-history":[{"count":3,"href":"https:\/\/www.jazzzeitung.de\/cms\/wp-json\/wp\/v2\/posts\/11941\/revisions"}],"predecessor-version":[{"id":11943,"href":"https:\/\/www.jazzzeitung.de\/cms\/wp-json\/wp\/v2\/posts\/11941\/revisions\/11943"}],"wp:attachment":[{"href":"https:\/\/www.jazzzeitung.de\/cms\/wp-json\/wp\/v2\/media?parent=11941"}],"wp:term":[{"taxonomy":"category","embeddable":true,"href":"https:\/\/www.jazzzeitung.de\/cms\/wp-json\/wp\/v2\/categories?post=11941"},{"taxonomy":"post_tag","embeddable":true,"href":"https:\/\/www.jazzzeitung.de\/cms\/wp-json\/wp\/v2\/tags?post=11941"},{"taxonomy":"author","embeddable":true,"href":"https:\/\/www.jazzzeitung.de\/cms\/wp-json\/wp\/v2\/coauthors?post=11941"}],"curies":[{"name":"wp","href":"https:\/\/api.w.org\/{rel}","templated":true}]}}