{"id":11935,"date":"2017-03-17T14:45:17","date_gmt":"2017-03-17T13:45:17","guid":{"rendered":"http:\/\/www.jazzzeitung.de\/cms\/?p=11935"},"modified":"2017-03-13T17:17:30","modified_gmt":"2017-03-13T16:17:30","slug":"malerei-von-joachim-kuehn-in-der-fabrik-der-kuenste-in-hamburg","status":"publish","type":"post","link":"https:\/\/www.jazzzeitung.de\/cms\/2017\/03\/malerei-von-joachim-kuehn-in-der-fabrik-der-kuenste-in-hamburg\/","title":{"rendered":"Malerei von Joachim K\u00fchn in der Fabrik der K\u00fcnste in Hamburg"},"content":{"rendered":"<div class=\"tiled-gallery type-rectangular tiled-gallery-unresized\" data-original-width=\"840\" data-carousel-extra='{&quot;blog_id&quot;:1,&quot;permalink&quot;:&quot;https:\\\/\\\/www.jazzzeitung.de\\\/cms\\\/2017\\\/03\\\/malerei-von-joachim-kuehn-in-der-fabrik-der-kuenste-in-hamburg\\\/&quot;,&quot;likes_blog_id&quot;:55446655}' itemscope itemtype=\"http:\/\/schema.org\/ImageGallery\" > <div class=\"gallery-row\" style=\"width: 840px; height: 552px;\" data-original-width=\"840\" data-original-height=\"552\" > <div class=\"gallery-group images-1\" style=\"width: 438px; height: 552px;\" data-original-width=\"438\" data-original-height=\"552\" > <div class=\"tiled-gallery-item tiled-gallery-item-large\" itemprop=\"associatedMedia\" itemscope itemtype=\"http:\/\/schema.org\/ImageObject\"> <a href=\"https:\/\/www.jazzzeitung.de\/cms\/2017\/03\/malerei-von-joachim-kuehn-in-der-fabrik-der-kuenste-in-hamburg\/bild7\/\" border=\"0\" itemprop=\"url\"> <meta itemprop=\"width\" content=\"434\"> <meta itemprop=\"height\" content=\"548\"> <img decoding=\"async\" class=\"\" data-attachment-id=\"11936\" data-orig-file=\"https:\/\/www.jazzzeitung.de\/cms\/wp-content\/uploads\/2017\/03\/Bild7.jpg\" data-orig-size=\"1734,2192\" data-comments-opened=\"1\" data-image-meta=\"{&quot;aperture&quot;:&quot;2.8&quot;,&quot;credit&quot;:&quot;&quot;,&quot;camera&quot;:&quot;Canon PowerShot G15&quot;,&quot;caption&quot;:&quot;&quot;,&quot;created_timestamp&quot;:&quot;1465653850&quot;,&quot;copyright&quot;:&quot;&quot;,&quot;focal_length&quot;:&quot;19.123001230012&quot;,&quot;iso&quot;:&quot;80&quot;,&quot;shutter_speed&quot;:&quot;0.00625&quot;,&quot;title&quot;:&quot;&quot;,&quot;orientation&quot;:&quot;1&quot;}\" data-image-title=\"Bild7\" data-image-description=\"\" data-medium-file=\"https:\/\/i0.wp.com\/www.jazzzeitung.de\/cms\/wp-content\/uploads\/2017\/03\/Bild7.jpg?fit=237%2C300&#038;ssl=1\" data-large-file=\"https:\/\/i0.wp.com\/www.jazzzeitung.de\/cms\/wp-content\/uploads\/2017\/03\/Bild7.jpg?fit=475%2C600&#038;ssl=1\" src=\"https:\/\/i0.wp.com\/www.jazzzeitung.de\/cms\/wp-content\/uploads\/2017\/03\/Bild7.jpg?w=434&#038;h=548&#038;ssl=1\" srcset=\"https:\/\/i0.wp.com\/www.jazzzeitung.de\/cms\/wp-content\/uploads\/2017\/03\/Bild7.jpg?w=1734&amp;ssl=1 1734w, https:\/\/i0.wp.com\/www.jazzzeitung.de\/cms\/wp-content\/uploads\/2017\/03\/Bild7.jpg?resize=237%2C300&amp;ssl=1 237w, https:\/\/i0.wp.com\/www.jazzzeitung.de\/cms\/wp-content\/uploads\/2017\/03\/Bild7.jpg?resize=768%2C971&amp;ssl=1 768w, https:\/\/i0.wp.com\/www.jazzzeitung.de\/cms\/wp-content\/uploads\/2017\/03\/Bild7.jpg?resize=475%2C600&amp;ssl=1 475w, https:\/\/i0.wp.com\/www.jazzzeitung.de\/cms\/wp-content\/uploads\/2017\/03\/Bild7.jpg?w=1680&amp;ssl=1 1680w\" width=\"434\" height=\"548\" loading=\"lazy\" data-original-width=\"434\" data-original-height=\"548\" itemprop=\"http:\/\/schema.org\/image\" title=\"Bild7\" alt=\"Gem\u00e4lde von Joachim K\u00fchn\" style=\"width: 434px; height: 548px;\" \/> <\/a> <div class=\"tiled-gallery-caption\" itemprop=\"caption description\"> Gem\u00e4lde von Joachim K\u00fchn <\/div> <\/div> <\/div> <!-- close group --> <div class=\"gallery-group images-2\" style=\"width: 402px; height: 552px;\" data-original-width=\"402\" data-original-height=\"552\" > <div class=\"tiled-gallery-item tiled-gallery-item-large\" itemprop=\"associatedMedia\" itemscope itemtype=\"http:\/\/schema.org\/ImageObject\"> <a href=\"https:\/\/www.jazzzeitung.de\/cms\/2017\/03\/malerei-von-joachim-kuehn-in-der-fabrik-der-kuenste-in-hamburg\/joachim-kuehn1_jens-goethel\/\" border=\"0\" itemprop=\"url\"> <meta itemprop=\"width\" content=\"398\"> <meta itemprop=\"height\" content=\"275\"> <img decoding=\"async\" class=\"\" data-attachment-id=\"11937\" data-orig-file=\"https:\/\/www.jazzzeitung.de\/cms\/wp-content\/uploads\/2017\/03\/Joachim-K\u00fchn1_\u00a9Jens-Goethel.jpg\" data-orig-size=\"2026,1402\" data-comments-opened=\"1\" data-image-meta=\"{&quot;aperture&quot;:&quot;2.8&quot;,&quot;credit&quot;:&quot;&quot;,&quot;camera&quot;:&quot;Canon PowerShot G15&quot;,&quot;caption&quot;:&quot;&quot;,&quot;created_timestamp&quot;:&quot;1465654748&quot;,&quot;copyright&quot;:&quot;&quot;,&quot;focal_length&quot;:&quot;10.136&quot;,&quot;iso&quot;:&quot;100&quot;,&quot;shutter_speed&quot;:&quot;0.01&quot;,&quot;title&quot;:&quot;&quot;,&quot;orientation&quot;:&quot;1&quot;}\" data-image-title=\"Joachim K\u00fchn1_\u00a9Jens Goethel\" data-image-description=\"\" data-medium-file=\"https:\/\/i0.wp.com\/www.jazzzeitung.de\/cms\/wp-content\/uploads\/2017\/03\/Joachim-K%C3%BChn1_%C2%A9Jens-Goethel.jpg?fit=300%2C208&#038;ssl=1\" data-large-file=\"https:\/\/i0.wp.com\/www.jazzzeitung.de\/cms\/wp-content\/uploads\/2017\/03\/Joachim-K%C3%BChn1_%C2%A9Jens-Goethel.jpg?fit=840%2C581&#038;ssl=1\" src=\"https:\/\/i0.wp.com\/www.jazzzeitung.de\/cms\/wp-content\/uploads\/2017\/03\/Joachim-K%C3%BChn1_%C2%A9Jens-Goethel.jpg?w=398&#038;h=275&#038;ssl=1\" width=\"398\" height=\"275\" loading=\"lazy\" data-original-width=\"398\" data-original-height=\"275\" itemprop=\"http:\/\/schema.org\/image\" title=\"Joachim K\u00fchn1_\u00a9Jens Goethel\" alt=\"Joachim K\u00fchn. Foto: Jens G\u00f6thel\" style=\"width: 398px; height: 275px;\" \/> <\/a> <div class=\"tiled-gallery-caption\" itemprop=\"caption description\"> Joachim K\u00fchn. Foto: Jens G\u00f6thel <\/div> <\/div> <div class=\"tiled-gallery-item tiled-gallery-item-large\" itemprop=\"associatedMedia\" itemscope itemtype=\"http:\/\/schema.org\/ImageObject\"> <a href=\"https:\/\/www.jazzzeitung.de\/cms\/2017\/03\/malerei-von-joachim-kuehn-in-der-fabrik-der-kuenste-in-hamburg\/joachimkuehnbild1\/\" border=\"0\" itemprop=\"url\"> <meta itemprop=\"width\" content=\"398\"> <meta itemprop=\"height\" content=\"269\"> <img decoding=\"async\" class=\"\" data-attachment-id=\"11938\" data-orig-file=\"https:\/\/www.jazzzeitung.de\/cms\/wp-content\/uploads\/2017\/03\/JoachimK\u00fchnBild1.jpg\" data-orig-size=\"2237,1511\" data-comments-opened=\"1\" data-image-meta=\"{&quot;aperture&quot;:&quot;2.8&quot;,&quot;credit&quot;:&quot;&quot;,&quot;camera&quot;:&quot;Canon PowerShot G15&quot;,&quot;caption&quot;:&quot;&quot;,&quot;created_timestamp&quot;:&quot;1465651259&quot;,&quot;copyright&quot;:&quot;&quot;,&quot;focal_length&quot;:&quot;9.11&quot;,&quot;iso&quot;:&quot;80&quot;,&quot;shutter_speed&quot;:&quot;0.01&quot;,&quot;title&quot;:&quot;&quot;,&quot;orientation&quot;:&quot;1&quot;}\" data-image-title=\"JoachimK\u00fchnBild1\" data-image-description=\"\" data-medium-file=\"https:\/\/i0.wp.com\/www.jazzzeitung.de\/cms\/wp-content\/uploads\/2017\/03\/JoachimK%C3%BChnBild1.jpg?fit=300%2C203&#038;ssl=1\" data-large-file=\"https:\/\/i0.wp.com\/www.jazzzeitung.de\/cms\/wp-content\/uploads\/2017\/03\/JoachimK%C3%BChnBild1.jpg?fit=840%2C568&#038;ssl=1\" src=\"https:\/\/i0.wp.com\/www.jazzzeitung.de\/cms\/wp-content\/uploads\/2017\/03\/JoachimK%C3%BChnBild1.jpg?w=398&#038;h=269&#038;ssl=1\" width=\"398\" height=\"269\" loading=\"lazy\" data-original-width=\"398\" data-original-height=\"269\" itemprop=\"http:\/\/schema.org\/image\" title=\"JoachimK\u00fchnBild1\" alt=\"Gem\u00e4lde von Joachim K\u00fchn\" style=\"width: 398px; height: 269px;\" \/> <\/a> <div class=\"tiled-gallery-caption\" itemprop=\"caption description\"> Gem\u00e4lde von Joachim K\u00fchn <\/div> <\/div> <\/div> <!-- close group --> <\/div> <!-- close row --> <\/div>\n<p>&#8222;Noten oder ein Bild \u2013 beides sind Kunstwerke f\u00fcr mich. Ich male abstrakt, das ist mein Kunstgeschmack, aber ich bin eigentlich offen f\u00fcr alles&#8220;, sagt Joachim K\u00fchn. Die Malerei ist seine zweite Leidenschaft. So wohnt den abstrakten Sch\u00f6pfungen in Farbe, Komposition und Struktur viel Kraft und Poesie inne. Die Werke werden &#8222;Sch\u00f6nheit und Wahrheit&#8220; in einer gro\u00dfen Ausstellung erstmalig in Hamburg gezeigt \u2013 eine Pr\u00e4sentation der Galerie Jens Goethel pr\u00e4sentiert in Kooperation mit der Fabrik der K\u00fcnste, in deren Rahmen Joachim K\u00fchn sowohl im Talk als auch im Konzert als Musiker und Maler gew\u00fcrdigt wird. Er\u00f6ffnung ist am Mittwoch, den 10.05.2017 um 19 Uhr.\u00a0\u00a0 Die Ausstellung dauert vom 11. bis 21. Mai 2017. Am Donnerstag den 11.05.2017 um 20 Uhr gib\u00a0 Joachim K\u00fchn um 20 Uhr ein Solokonzert in der Fabrik der K\u00fcnste<strong><br \/>\n<\/strong><\/p>\n<p><em>&#8222;Noten bestimmen mein Leben. Ich konnte Noten lesen, bevor ich Worte lesen konnte. Bei meinem ersten Konzert war ich sechs Jahre alt, ich spiele seither Konzerte und habe noch nie ein Jahr ausgelassen. Platten mache ich seit 1963, also seit mehr als 50 Jahren. Mein Lebenstraum hat sich somit erf\u00fcllt&#8220;, <\/em>sagt Joachim K\u00fchn, einer der profiliertesten Jazzmusiker Europas.<\/p>\n<p>2011 wurden die Br\u00fcder Rolf und Joachim K\u00fchn mit einem <em>Echo Jazz <\/em>f\u00fcr ihr Lebenswerk ausgezeichnet, 2012 erhielten Joachim K\u00fchn und die hr-Bigband den <em>Echo Jazz <\/em>f\u00fcr das Bigband-Album des Jahres. 2014 folgte eine weitere <em>Echo Jazz<\/em>&#8211; Auszeichnung f\u00fcr Joachim K\u00fchn als &#8222;Instrumentalist des Jahres National \/ Piano&#8220;, 2017 ist er gleich zweimal f\u00fcr den <em>Echo Jazz <\/em>nominiert, wieder als &#8222;Pianist des Jahres national&#8220; und einmal mit seinem New Trio als &#8222;Ensemble des Jahres national&#8220;.<\/p>\n<p>Beziehungen zu unterschiedlichsten Musikern in vielen verschiedenen L\u00e4ndern der Welt und best\u00e4ndig neue musikalische Zusammenh\u00e4nge sind stetige Inspira- tionsquellen f\u00fcr den kompromisslosen Pianisten, der aus Leipzig stammt, in Hamburg, San Francisco, Los Angeles und Paris gelebt und vor 25 Jahren auf Ibiza ein Zuhause gefunden hat.<\/p>\n<p>Zur Malerei kam Joachim K\u00fchn durch den Jazz-Schlagzeuger Daniel Humair. Der nahm ihn Mitte der 1980er Jahre mit in die Museen und Galerien von Paris und brachte ihm unterschiedliche Kunst-Str\u00f6mungen nahe. Das Licht auf Ibiza war dann der letzte Ausl\u00f6ser f\u00fcr Joachim K\u00fchn, selbst zu Pinsel, Farbe und Leinwand zu greifen. Ein Licht, das sich in fast jedem seiner Bilder manifestiert. Bilder, die aus sich heraus strahlen und in denen sich immer wieder die Noten finden, die das Leben des 72-j\u00e4hrigen K\u00fcnstlers bestimmen. K\u00fchns Malerei ist entstanden, als er gerade mal nicht am Klavier sa\u00df \u2013 manchmal auch nachts auf seiner Terrasse.<\/p>\n","protected":false},"excerpt":{"rendered":"<p>&#8222;Noten oder ein Bild \u2013 beides sind Kunstwerke f\u00fcr mich. Ich male abstrakt, das ist mein Kunstgeschmack, aber ich bin eigentlich offen f\u00fcr alles&#8220;, sagt Joachim K\u00fchn. Die Malerei ist seine zweite Leidenschaft. So wohnt den abstrakten Sch\u00f6pfungen in Farbe, Komposition und Struktur viel Kraft und Poesie inne. Die Werke werden &#8222;Sch\u00f6nheit und Wahrheit&#8220; in einer gro\u00dfen Ausstellung erstmalig in Hamburg gezeigt \u2013 eine Pr\u00e4sentation der Galerie Jens Goethel pr\u00e4sentiert in Kooperation mit der Fabrik der K\u00fcnste, in deren Rahmen Joachim K\u00fchn sowohl im Talk als auch im Konzert als Musiker und Maler gew\u00fcrdigt wird. Er\u00f6ffnung ist am Mittwoch, den 10.05.2017 um 19 Uhr.\u00a0\u00a0 Die Ausstellung dauert vom 11. bis 21. Mai 2017. Am Donnerstag den 11.05.2017 um 20 Uhr gib\u00a0 Joachim K\u00fchn um 20 Uhr ein Solokonzert in der Fabrik der K\u00fcnste &#8222;Noten bestimmen mein Leben. Ich konnte Noten lesen, bevor ich Worte lesen konnte. Bei meinem ersten Konzert war ich sechs Jahre alt, ich spiele seither Konzerte und habe noch nie ein Jahr ausgelassen. Platten mache ich seit 1963, also seit mehr als 50 Jahren. Mein Lebenstraum hat sich somit erf\u00fcllt&#8220;, sagt Joachim &hellip;<\/p>\n","protected":false},"author":18,"featured_media":0,"comment_status":"open","ping_status":"closed","sticky":false,"template":"","format":"standard","meta":{"_jetpack_memberships_contains_paid_content":false,"footnotes":"","jetpack_publicize_message":"","jetpack_publicize_feature_enabled":true,"jetpack_social_post_already_shared":false,"jetpack_social_options":{"image_generator_settings":{"template":"highway","default_image_id":0,"font":"","enabled":false},"version":2}},"categories":[652,633],"tags":[34,73,980,157,215,1025,281,753,322,323,981,349,431,442,486,1356],"coauthors":[695],"class_list":["post-11935","post","type-post","status-publish","format-standard","hentry","category-galerie","category-nachrichten","tag-album","tag-bigband","tag-echo","tag-echo-jazz","tag-hamburg","tag-hr-bigband","tag-jazzmusiker","tag-joachim-kuehn","tag-konzert-2","tag-konzerte","tag-lebenswerk","tag-leipzig","tag-paris","tag-piano","tag-san-francisco","tag-trio"],"yoast_head":"<!-- This site is optimized with the Yoast SEO plugin v27.5 - https:\/\/yoast.com\/product\/yoast-seo-wordpress\/ -->\n<title>Malerei von Joachim K\u00fchn in der Fabrik der K\u00fcnste in Hamburg - JazzZeitung<\/title>\n<meta name=\"robots\" content=\"index, follow, max-snippet:-1, max-image-preview:large, max-video-preview:-1\" \/>\n<link rel=\"canonical\" href=\"https:\/\/www.jazzzeitung.de\/cms\/2017\/03\/malerei-von-joachim-kuehn-in-der-fabrik-der-kuenste-in-hamburg\/\" \/>\n<meta property=\"og:locale\" content=\"de_DE\" \/>\n<meta property=\"og:type\" content=\"article\" \/>\n<meta property=\"og:title\" content=\"Malerei von Joachim K\u00fchn in der Fabrik der K\u00fcnste in Hamburg - JazzZeitung\" \/>\n<meta property=\"og:description\" content=\"&#8222;Noten oder ein Bild \u2013 beides sind Kunstwerke f\u00fcr mich. Ich male abstrakt, das ist mein Kunstgeschmack, aber ich bin eigentlich offen f\u00fcr alles&#8220;, sagt Joachim K\u00fchn. Die Malerei ist seine zweite Leidenschaft. So wohnt den abstrakten Sch\u00f6pfungen in Farbe, Komposition und Struktur viel Kraft und Poesie inne. Die Werke werden &#8222;Sch\u00f6nheit und Wahrheit&#8220; in einer gro\u00dfen Ausstellung erstmalig in Hamburg gezeigt \u2013 eine Pr\u00e4sentation der Galerie Jens Goethel pr\u00e4sentiert in Kooperation mit der Fabrik der K\u00fcnste, in deren Rahmen Joachim K\u00fchn sowohl im Talk als auch im Konzert als Musiker und Maler gew\u00fcrdigt wird. Er\u00f6ffnung ist am Mittwoch, den 10.05.2017 um 19 Uhr.\u00a0\u00a0 Die Ausstellung dauert vom 11. bis 21. Mai 2017. Am Donnerstag den 11.05.2017 um 20 Uhr gib\u00a0 Joachim K\u00fchn um 20 Uhr ein Solokonzert in der Fabrik der K\u00fcnste &#8222;Noten bestimmen mein Leben. Ich konnte Noten lesen, bevor ich Worte lesen konnte. Bei meinem ersten Konzert war ich sechs Jahre alt, ich spiele seither Konzerte und habe noch nie ein Jahr ausgelassen. Platten mache ich seit 1963, also seit mehr als 50 Jahren. Mein Lebenstraum hat sich somit erf\u00fcllt&#8220;, sagt Joachim &hellip;\" \/>\n<meta property=\"og:url\" content=\"https:\/\/www.jazzzeitung.de\/cms\/2017\/03\/malerei-von-joachim-kuehn-in-der-fabrik-der-kuenste-in-hamburg\/\" \/>\n<meta property=\"og:site_name\" content=\"JazzZeitung\" \/>\n<meta property=\"article:publisher\" content=\"https:\/\/www.facebook.com\/JazzZeitung\/\" \/>\n<meta property=\"article:published_time\" content=\"2017-03-17T13:45:17+00:00\" \/>\n<meta property=\"og:image\" content=\"https:\/\/i0.wp.com\/www.jazzzeitung.de\/cms\/wp-content\/uploads\/2017\/03\/Bild7.jpg?w=434&#038;h=548&#038;ssl=1\" \/>\n<meta name=\"author\" content=\"Redaktion JazzZeitung\" \/>\n<script type=\"application\/ld+json\" class=\"yoast-schema-graph\">{\"@context\":\"https:\\\/\\\/schema.org\",\"@graph\":[{\"@type\":\"Article\",\"@id\":\"https:\\\/\\\/www.jazzzeitung.de\\\/cms\\\/2017\\\/03\\\/malerei-von-joachim-kuehn-in-der-fabrik-der-kuenste-in-hamburg\\\/#article\",\"isPartOf\":{\"@id\":\"https:\\\/\\\/www.jazzzeitung.de\\\/cms\\\/2017\\\/03\\\/malerei-von-joachim-kuehn-in-der-fabrik-der-kuenste-in-hamburg\\\/\"},\"author\":{\"name\":\"Redaktion JazzZeitung\",\"@id\":\"https:\\\/\\\/www.jazzzeitung.de\\\/cms\\\/#\\\/schema\\\/person\\\/2245b36b9cd1d24cea10f01c031fb92b\"},\"headline\":\"Malerei von Joachim K\u00fchn in der Fabrik der K\u00fcnste in Hamburg\",\"datePublished\":\"2017-03-17T13:45:17+00:00\",\"mainEntityOfPage\":{\"@id\":\"https:\\\/\\\/www.jazzzeitung.de\\\/cms\\\/2017\\\/03\\\/malerei-von-joachim-kuehn-in-der-fabrik-der-kuenste-in-hamburg\\\/\"},\"wordCount\":448,\"commentCount\":0,\"publisher\":{\"@id\":\"https:\\\/\\\/www.jazzzeitung.de\\\/cms\\\/#organization\"},\"keywords\":[\"Album\",\"Bigband\",\"ECHO\",\"Echo Jazz\",\"Hamburg\",\"hr-Bigband\",\"Jazzmusiker\",\"Joachim K\u00fchn\",\"Konzert\",\"Konzerte\",\"Lebenswerk\",\"Leipzig\",\"Paris\",\"Piano\",\"San Francisco\",\"trio\"],\"articleSection\":[\"Galerie\",\"News\"],\"inLanguage\":\"de\",\"potentialAction\":[{\"@type\":\"CommentAction\",\"name\":\"Comment\",\"target\":[\"https:\\\/\\\/www.jazzzeitung.de\\\/cms\\\/2017\\\/03\\\/malerei-von-joachim-kuehn-in-der-fabrik-der-kuenste-in-hamburg\\\/#respond\"]}]},{\"@type\":\"WebPage\",\"@id\":\"https:\\\/\\\/www.jazzzeitung.de\\\/cms\\\/2017\\\/03\\\/malerei-von-joachim-kuehn-in-der-fabrik-der-kuenste-in-hamburg\\\/\",\"url\":\"https:\\\/\\\/www.jazzzeitung.de\\\/cms\\\/2017\\\/03\\\/malerei-von-joachim-kuehn-in-der-fabrik-der-kuenste-in-hamburg\\\/\",\"name\":\"Malerei von Joachim K\u00fchn in der Fabrik der K\u00fcnste in Hamburg - JazzZeitung\",\"isPartOf\":{\"@id\":\"https:\\\/\\\/www.jazzzeitung.de\\\/cms\\\/#website\"},\"datePublished\":\"2017-03-17T13:45:17+00:00\",\"breadcrumb\":{\"@id\":\"https:\\\/\\\/www.jazzzeitung.de\\\/cms\\\/2017\\\/03\\\/malerei-von-joachim-kuehn-in-der-fabrik-der-kuenste-in-hamburg\\\/#breadcrumb\"},\"inLanguage\":\"de\",\"potentialAction\":[{\"@type\":\"ReadAction\",\"target\":[\"https:\\\/\\\/www.jazzzeitung.de\\\/cms\\\/2017\\\/03\\\/malerei-von-joachim-kuehn-in-der-fabrik-der-kuenste-in-hamburg\\\/\"]}]},{\"@type\":\"BreadcrumbList\",\"@id\":\"https:\\\/\\\/www.jazzzeitung.de\\\/cms\\\/2017\\\/03\\\/malerei-von-joachim-kuehn-in-der-fabrik-der-kuenste-in-hamburg\\\/#breadcrumb\",\"itemListElement\":[{\"@type\":\"ListItem\",\"position\":1,\"name\":\"Startseite\",\"item\":\"https:\\\/\\\/www.jazzzeitung.de\\\/cms\\\/\"},{\"@type\":\"ListItem\",\"position\":2,\"name\":\"Malerei von Joachim K\u00fchn in der Fabrik der K\u00fcnste in Hamburg\"}]},{\"@type\":\"WebSite\",\"@id\":\"https:\\\/\\\/www.jazzzeitung.de\\\/cms\\\/#website\",\"url\":\"https:\\\/\\\/www.jazzzeitung.de\\\/cms\\\/\",\"name\":\"JazzZeitung\",\"description\":\"Jazz-News und Jazz-Kontroverses\",\"publisher\":{\"@id\":\"https:\\\/\\\/www.jazzzeitung.de\\\/cms\\\/#organization\"},\"potentialAction\":[{\"@type\":\"SearchAction\",\"target\":{\"@type\":\"EntryPoint\",\"urlTemplate\":\"https:\\\/\\\/www.jazzzeitung.de\\\/cms\\\/?s={search_term_string}\"},\"query-input\":{\"@type\":\"PropertyValueSpecification\",\"valueRequired\":true,\"valueName\":\"search_term_string\"}}],\"inLanguage\":\"de\"},{\"@type\":\"Organization\",\"@id\":\"https:\\\/\\\/www.jazzzeitung.de\\\/cms\\\/#organization\",\"name\":\"JazzZeitung online\",\"url\":\"https:\\\/\\\/www.jazzzeitung.de\\\/cms\\\/\",\"logo\":{\"@type\":\"ImageObject\",\"inLanguage\":\"de\",\"@id\":\"https:\\\/\\\/www.jazzzeitung.de\\\/cms\\\/#\\\/schema\\\/logo\\\/image\\\/\",\"url\":\"https:\\\/\\\/i0.wp.com\\\/www.jazzzeitung.de\\\/cms\\\/wp-content\\\/uploads\\\/2015\\\/08\\\/JAZZZEITUNGDE_Logo_Neu.png?fit=499%2C200&ssl=1\",\"contentUrl\":\"https:\\\/\\\/i0.wp.com\\\/www.jazzzeitung.de\\\/cms\\\/wp-content\\\/uploads\\\/2015\\\/08\\\/JAZZZEITUNGDE_Logo_Neu.png?fit=499%2C200&ssl=1\",\"width\":499,\"height\":200,\"caption\":\"JazzZeitung online\"},\"image\":{\"@id\":\"https:\\\/\\\/www.jazzzeitung.de\\\/cms\\\/#\\\/schema\\\/logo\\\/image\\\/\"},\"sameAs\":[\"https:\\\/\\\/www.facebook.com\\\/JazzZeitung\\\/\"]},{\"@type\":\"Person\",\"@id\":\"https:\\\/\\\/www.jazzzeitung.de\\\/cms\\\/#\\\/schema\\\/person\\\/2245b36b9cd1d24cea10f01c031fb92b\",\"name\":\"Redaktion JazzZeitung\",\"image\":{\"@type\":\"ImageObject\",\"inLanguage\":\"de\",\"@id\":\"https:\\\/\\\/i0.wp.com\\\/www.jazzzeitung.de\\\/cms\\\/wp-content\\\/uploads\\\/2015\\\/08\\\/JAZZZEITUNGDE_Logo_Neu.png?resize=96%2C96&ssl=159975dcacb611b5700bd619b5daf0a7a\",\"url\":\"https:\\\/\\\/i0.wp.com\\\/www.jazzzeitung.de\\\/cms\\\/wp-content\\\/uploads\\\/2015\\\/08\\\/JAZZZEITUNGDE_Logo_Neu.png?resize=96%2C96&ssl=1\",\"contentUrl\":\"https:\\\/\\\/i0.wp.com\\\/www.jazzzeitung.de\\\/cms\\\/wp-content\\\/uploads\\\/2015\\\/08\\\/JAZZZEITUNGDE_Logo_Neu.png?resize=96%2C96&ssl=1\",\"caption\":\"Redaktion JazzZeitung\"},\"description\":\"Artikel der Redaktion der JazzZeitung.\",\"sameAs\":[\"http:\\\/\\\/www.jazzzeitung.de\\\/cms\\\/\"],\"url\":\"https:\\\/\\\/www.jazzzeitung.de\\\/cms\\\/author\\\/redaktion\\\/\"}]}<\/script>\n<!-- \/ Yoast SEO plugin. -->","yoast_head_json":{"title":"Malerei von Joachim K\u00fchn in der Fabrik der K\u00fcnste in Hamburg - JazzZeitung","robots":{"index":"index","follow":"follow","max-snippet":"max-snippet:-1","max-image-preview":"max-image-preview:large","max-video-preview":"max-video-preview:-1"},"canonical":"https:\/\/www.jazzzeitung.de\/cms\/2017\/03\/malerei-von-joachim-kuehn-in-der-fabrik-der-kuenste-in-hamburg\/","og_locale":"de_DE","og_type":"article","og_title":"Malerei von Joachim K\u00fchn in der Fabrik der K\u00fcnste in Hamburg - JazzZeitung","og_description":"&#8222;Noten oder ein Bild \u2013 beides sind Kunstwerke f\u00fcr mich. Ich male abstrakt, das ist mein Kunstgeschmack, aber ich bin eigentlich offen f\u00fcr alles&#8220;, sagt Joachim K\u00fchn. Die Malerei ist seine zweite Leidenschaft. So wohnt den abstrakten Sch\u00f6pfungen in Farbe, Komposition und Struktur viel Kraft und Poesie inne. Die Werke werden &#8222;Sch\u00f6nheit und Wahrheit&#8220; in einer gro\u00dfen Ausstellung erstmalig in Hamburg gezeigt \u2013 eine Pr\u00e4sentation der Galerie Jens Goethel pr\u00e4sentiert in Kooperation mit der Fabrik der K\u00fcnste, in deren Rahmen Joachim K\u00fchn sowohl im Talk als auch im Konzert als Musiker und Maler gew\u00fcrdigt wird. Er\u00f6ffnung ist am Mittwoch, den 10.05.2017 um 19 Uhr.\u00a0\u00a0 Die Ausstellung dauert vom 11. bis 21. Mai 2017. Am Donnerstag den 11.05.2017 um 20 Uhr gib\u00a0 Joachim K\u00fchn um 20 Uhr ein Solokonzert in der Fabrik der K\u00fcnste &#8222;Noten bestimmen mein Leben. Ich konnte Noten lesen, bevor ich Worte lesen konnte. Bei meinem ersten Konzert war ich sechs Jahre alt, ich spiele seither Konzerte und habe noch nie ein Jahr ausgelassen. Platten mache ich seit 1963, also seit mehr als 50 Jahren. Mein Lebenstraum hat sich somit erf\u00fcllt&#8220;, sagt Joachim &hellip;","og_url":"https:\/\/www.jazzzeitung.de\/cms\/2017\/03\/malerei-von-joachim-kuehn-in-der-fabrik-der-kuenste-in-hamburg\/","og_site_name":"JazzZeitung","article_publisher":"https:\/\/www.facebook.com\/JazzZeitung\/","article_published_time":"2017-03-17T13:45:17+00:00","og_image":[{"url":"https:\/\/i0.wp.com\/www.jazzzeitung.de\/cms\/wp-content\/uploads\/2017\/03\/Bild7.jpg?w=434&#038;h=548&#038;ssl=1","type":"","width":"","height":""}],"author":"Redaktion JazzZeitung","schema":{"@context":"https:\/\/schema.org","@graph":[{"@type":"Article","@id":"https:\/\/www.jazzzeitung.de\/cms\/2017\/03\/malerei-von-joachim-kuehn-in-der-fabrik-der-kuenste-in-hamburg\/#article","isPartOf":{"@id":"https:\/\/www.jazzzeitung.de\/cms\/2017\/03\/malerei-von-joachim-kuehn-in-der-fabrik-der-kuenste-in-hamburg\/"},"author":{"name":"Redaktion JazzZeitung","@id":"https:\/\/www.jazzzeitung.de\/cms\/#\/schema\/person\/2245b36b9cd1d24cea10f01c031fb92b"},"headline":"Malerei von Joachim K\u00fchn in der Fabrik der K\u00fcnste in Hamburg","datePublished":"2017-03-17T13:45:17+00:00","mainEntityOfPage":{"@id":"https:\/\/www.jazzzeitung.de\/cms\/2017\/03\/malerei-von-joachim-kuehn-in-der-fabrik-der-kuenste-in-hamburg\/"},"wordCount":448,"commentCount":0,"publisher":{"@id":"https:\/\/www.jazzzeitung.de\/cms\/#organization"},"keywords":["Album","Bigband","ECHO","Echo Jazz","Hamburg","hr-Bigband","Jazzmusiker","Joachim K\u00fchn","Konzert","Konzerte","Lebenswerk","Leipzig","Paris","Piano","San Francisco","trio"],"articleSection":["Galerie","News"],"inLanguage":"de","potentialAction":[{"@type":"CommentAction","name":"Comment","target":["https:\/\/www.jazzzeitung.de\/cms\/2017\/03\/malerei-von-joachim-kuehn-in-der-fabrik-der-kuenste-in-hamburg\/#respond"]}]},{"@type":"WebPage","@id":"https:\/\/www.jazzzeitung.de\/cms\/2017\/03\/malerei-von-joachim-kuehn-in-der-fabrik-der-kuenste-in-hamburg\/","url":"https:\/\/www.jazzzeitung.de\/cms\/2017\/03\/malerei-von-joachim-kuehn-in-der-fabrik-der-kuenste-in-hamburg\/","name":"Malerei von Joachim K\u00fchn in der Fabrik der K\u00fcnste in Hamburg - JazzZeitung","isPartOf":{"@id":"https:\/\/www.jazzzeitung.de\/cms\/#website"},"datePublished":"2017-03-17T13:45:17+00:00","breadcrumb":{"@id":"https:\/\/www.jazzzeitung.de\/cms\/2017\/03\/malerei-von-joachim-kuehn-in-der-fabrik-der-kuenste-in-hamburg\/#breadcrumb"},"inLanguage":"de","potentialAction":[{"@type":"ReadAction","target":["https:\/\/www.jazzzeitung.de\/cms\/2017\/03\/malerei-von-joachim-kuehn-in-der-fabrik-der-kuenste-in-hamburg\/"]}]},{"@type":"BreadcrumbList","@id":"https:\/\/www.jazzzeitung.de\/cms\/2017\/03\/malerei-von-joachim-kuehn-in-der-fabrik-der-kuenste-in-hamburg\/#breadcrumb","itemListElement":[{"@type":"ListItem","position":1,"name":"Startseite","item":"https:\/\/www.jazzzeitung.de\/cms\/"},{"@type":"ListItem","position":2,"name":"Malerei von Joachim K\u00fchn in der Fabrik der K\u00fcnste in Hamburg"}]},{"@type":"WebSite","@id":"https:\/\/www.jazzzeitung.de\/cms\/#website","url":"https:\/\/www.jazzzeitung.de\/cms\/","name":"JazzZeitung","description":"Jazz-News und Jazz-Kontroverses","publisher":{"@id":"https:\/\/www.jazzzeitung.de\/cms\/#organization"},"potentialAction":[{"@type":"SearchAction","target":{"@type":"EntryPoint","urlTemplate":"https:\/\/www.jazzzeitung.de\/cms\/?s={search_term_string}"},"query-input":{"@type":"PropertyValueSpecification","valueRequired":true,"valueName":"search_term_string"}}],"inLanguage":"de"},{"@type":"Organization","@id":"https:\/\/www.jazzzeitung.de\/cms\/#organization","name":"JazzZeitung online","url":"https:\/\/www.jazzzeitung.de\/cms\/","logo":{"@type":"ImageObject","inLanguage":"de","@id":"https:\/\/www.jazzzeitung.de\/cms\/#\/schema\/logo\/image\/","url":"https:\/\/i0.wp.com\/www.jazzzeitung.de\/cms\/wp-content\/uploads\/2015\/08\/JAZZZEITUNGDE_Logo_Neu.png?fit=499%2C200&ssl=1","contentUrl":"https:\/\/i0.wp.com\/www.jazzzeitung.de\/cms\/wp-content\/uploads\/2015\/08\/JAZZZEITUNGDE_Logo_Neu.png?fit=499%2C200&ssl=1","width":499,"height":200,"caption":"JazzZeitung online"},"image":{"@id":"https:\/\/www.jazzzeitung.de\/cms\/#\/schema\/logo\/image\/"},"sameAs":["https:\/\/www.facebook.com\/JazzZeitung\/"]},{"@type":"Person","@id":"https:\/\/www.jazzzeitung.de\/cms\/#\/schema\/person\/2245b36b9cd1d24cea10f01c031fb92b","name":"Redaktion JazzZeitung","image":{"@type":"ImageObject","inLanguage":"de","@id":"https:\/\/i0.wp.com\/www.jazzzeitung.de\/cms\/wp-content\/uploads\/2015\/08\/JAZZZEITUNGDE_Logo_Neu.png?resize=96%2C96&ssl=159975dcacb611b5700bd619b5daf0a7a","url":"https:\/\/i0.wp.com\/www.jazzzeitung.de\/cms\/wp-content\/uploads\/2015\/08\/JAZZZEITUNGDE_Logo_Neu.png?resize=96%2C96&ssl=1","contentUrl":"https:\/\/i0.wp.com\/www.jazzzeitung.de\/cms\/wp-content\/uploads\/2015\/08\/JAZZZEITUNGDE_Logo_Neu.png?resize=96%2C96&ssl=1","caption":"Redaktion JazzZeitung"},"description":"Artikel der Redaktion der JazzZeitung.","sameAs":["http:\/\/www.jazzzeitung.de\/cms\/"],"url":"https:\/\/www.jazzzeitung.de\/cms\/author\/redaktion\/"}]}},"wp-worthy-pixel":{"ignored":false,"public":null,"server":null,"url":null},"wp-worthy-type":"normal","jetpack_publicize_connections":[],"cc_featured_image_caption":{"caption_text":false,"source_text":false,"source_url":false},"jetpack_featured_media_url":"","jetpack_shortlink":"https:\/\/wp.me\/p3KEcT-36v","jetpack-related-posts":[{"id":12368,"url":"https:\/\/www.jazzzeitung.de\/cms\/2017\/05\/joachim-kuehns-ausstellung-schoenheit-und-wahrheit-in-hamburg\/","url_meta":{"origin":11935,"position":0},"title":"Joachim K\u00fchns Ausstellung &#8222;Sch\u00f6nheit und Wahrheit&#8220; in Hamburg","author":"Redaktion JazzZeitung","date":"12. Mai 2017","format":"gallery","excerpt":"\u201eSechzehntelnoten machen mich an\u201c Ein Energieb\u00fcndel am Klavier. Und ein Musiker, der auch malt. Joachim K\u00fchns Ausstellung \u201eSch\u00f6nheit und Wahrheit\u201c in Hamburg Sie hei\u00dfen \u201eAnsicht\u201c, \u201eZeichen\u201c oder \u201eNoten Landschaft\u201c, leuchten dem Betrachter in kr\u00e4ftigen Farben entgegen und haben sichtbar mit Musik zu tun: Gem\u00e4lde von dem Jazzpianisten Joachim K\u00fchn, zurzeit\u2026","rel":"","context":"In &quot;Bericht&quot;","block_context":{"text":"Bericht","link":"https:\/\/www.jazzzeitung.de\/cms\/thema\/bericht\/"},"img":{"alt_text":"","src":"https:\/\/i0.wp.com\/www.jazzzeitung.de\/cms\/wp-content\/uploads\/2017\/05\/Joachim-K%C3%BChn1.jpg?resize=350%2C200","width":350,"height":200,"srcset":"https:\/\/i0.wp.com\/www.jazzzeitung.de\/cms\/wp-content\/uploads\/2017\/05\/Joachim-K%C3%BChn1.jpg?resize=350%2C200 1x, https:\/\/i0.wp.com\/www.jazzzeitung.de\/cms\/wp-content\/uploads\/2017\/05\/Joachim-K%C3%BChn1.jpg?resize=525%2C300 1.5x, https:\/\/i0.wp.com\/www.jazzzeitung.de\/cms\/wp-content\/uploads\/2017\/05\/Joachim-K%C3%BChn1.jpg?resize=700%2C400 2x, https:\/\/i0.wp.com\/www.jazzzeitung.de\/cms\/wp-content\/uploads\/2017\/05\/Joachim-K%C3%BChn1.jpg?resize=1050%2C600 3x, https:\/\/i0.wp.com\/www.jazzzeitung.de\/cms\/wp-content\/uploads\/2017\/05\/Joachim-K%C3%BChn1.jpg?resize=1400%2C800 4x"},"classes":[]},{"id":9787,"url":"https:\/\/www.jazzzeitung.de\/cms\/2016\/08\/jazz-und-tanz-jazz-und-poesie-jazz-und-malerei-bei-den-leipziger-jazztagen\/","url_meta":{"origin":11935,"position":1},"title":"Jazz und Tanz \u2013 Jazz und Poesie \u2013 Jazz und Malerei bei den Leipziger Jazztagen","author":"Redaktion JazzZeitung","date":"8. August 2016","format":false,"excerpt":"Die 40. Ausgabe der Leipziger Jazztage steht im Zeichen der \u201eSch\u00f6nen K\u00fcnste\u201c und findet vom 29.9.16 bis zum 8.10.16 an verschiedenen Spielorten in Leipzig statt. Unter der Schirmherrschaft von Leipzigs Oberb\u00fcrgermeister Burkhard Jung pr\u00e4sentiert der Jazzclub Leipzig zahlreiche Eigenproduktionen und Auftragsarbeiten mit internationalen Stars, die verschiedene K\u00fcnste miteinander verbinden. \u00a0Neben\u2026","rel":"","context":"In &quot;News&quot;","block_context":{"text":"News","link":"https:\/\/www.jazzzeitung.de\/cms\/thema\/nachrichten\/"},"img":{"alt_text":"leipzig_logo_neu","src":"https:\/\/i0.wp.com\/www.jazzzeitung.de\/cms\/wp-content\/uploads\/2016\/08\/leipzig_logo_neu-150x150.jpg?resize=350%2C200","width":350,"height":200},"classes":[]},{"id":9625,"url":"https:\/\/www.jazzzeitung.de\/cms\/2016\/07\/schoene-kuenste-zum-40-jubilaeum-der-leipziger-jazztage\/","url_meta":{"origin":11935,"position":2},"title":"\u201eSch\u00f6ne K\u00fcnste\u201c zum 40. Jubil\u00e4um der Leipziger Jazztage","author":"Redaktion JazzZeitung","date":"5. Juli 2016","format":false,"excerpt":"Jazz und Tanz \u2013 Jazz und Poesie \u2013 Jazz und Malerei: Die Leipziger Jazztage stehen in ihrer 40. Ausgabe vom 29. September bis 8. Oktober 2016 im Zeichen der \u201eSch\u00f6nen K\u00fcnste\u201c. Unter der Schirmherrschaft von Leipzigs Oberb\u00fcrgermeister Burkhard Jung pr\u00e4sentiert der Jazzclub Leipzig zahlreiche Eigenproduktionen und Auftragsarbeiten mit internationalen Stars,\u2026","rel":"","context":"In &quot;News&quot;","block_context":{"text":"News","link":"https:\/\/www.jazzzeitung.de\/cms\/thema\/nachrichten\/"},"img":{"alt_text":"leipzig","src":"https:\/\/i0.wp.com\/www.jazzzeitung.de\/cms\/wp-content\/uploads\/2016\/07\/leipzig-150x150.jpg?resize=350%2C200","width":350,"height":200},"classes":[]},{"id":3758,"url":"https:\/\/www.jazzzeitung.de\/cms\/2014\/04\/joachim-kuehn-portraet-und-auftritt-im-leeren-beutel\/","url_meta":{"origin":11935,"position":3},"title":"Joachim K\u00fchn: Portr\u00e4t und Auftritt im Leeren Beutel","author":"Redaktion JazzZeitung","date":"17. April 2014","format":false,"excerpt":"Unten stehendes Portrait von Ssirus W. Pakazd erschien zuerst in der Printausgabe 2-14. Am 15. April gastierte Joachim K\u00fchn im Leeren Beutel in Regensburg. Juan Martin Koch fotografierte. In Trance: Joachim K\u00fchn feierte seinen 70. Geburtstag - von Ssirus W. Pakzad: Seinen 70. Geburtstag hat Joachim K\u00fchn in einem Berliner\u2026","rel":"","context":"In &quot;JazzZeitung (print)&quot;","block_context":{"text":"JazzZeitung (print)","link":"https:\/\/www.jazzzeitung.de\/cms\/thema\/archiv\/jazzzeitung-print\/"},"img":{"alt_text":"Joachim K\u00fchn 2014 web (c) Juan Martin Koch","src":"https:\/\/i0.wp.com\/www.jazzzeitung.de\/cms\/wp-content\/uploads\/2014\/04\/Joachim-K%C3%BChn-2014-web-c-Juan-Martin-Koch.jpg?fit=929%2C622&ssl=1&resize=350%2C200","width":350,"height":200,"srcset":"https:\/\/i0.wp.com\/www.jazzzeitung.de\/cms\/wp-content\/uploads\/2014\/04\/Joachim-K%C3%BChn-2014-web-c-Juan-Martin-Koch.jpg?fit=929%2C622&ssl=1&resize=350%2C200 1x, https:\/\/i0.wp.com\/www.jazzzeitung.de\/cms\/wp-content\/uploads\/2014\/04\/Joachim-K%C3%BChn-2014-web-c-Juan-Martin-Koch.jpg?fit=929%2C622&ssl=1&resize=525%2C300 1.5x, https:\/\/i0.wp.com\/www.jazzzeitung.de\/cms\/wp-content\/uploads\/2014\/04\/Joachim-K%C3%BChn-2014-web-c-Juan-Martin-Koch.jpg?fit=929%2C622&ssl=1&resize=700%2C400 2x"},"classes":[]},{"id":31073,"url":"https:\/\/www.jazzzeitung.de\/cms\/2024\/05\/der-nicht-gemuetliche-joachim-kuehns-80th-birthday-konzert-in-der-elbphilharmonie-hamburg\/","url_meta":{"origin":11935,"position":4},"title":"Der Nicht-Gem\u00fctliche:  Joachim K\u00fchns \u201e80th Birthday\u201c-Konzert in der Elbphilharmonie Hamburg","author":"Redaktion JazzZeitung","date":"17. Mai 2024","format":false,"excerpt":"Was f\u00fcr ein Applaus! Rauschender Jubel von einem Publikum, das in weiten Teilen stehend applaudiert. Und auf der B\u00fchne ein erfreut strahlender Lockenkopf, der nach allen Seiten zum Abschied winkt \u2013 und dann schwungvoll zum seitlichen B\u00fchnenausgang strebt. So erlebte man jetzt den Pianisten Joachim K\u00fchn \u2013 den vermutlich weltweit\u2026","rel":"","context":"In &quot;Bericht&quot;","block_context":{"text":"Bericht","link":"https:\/\/www.jazzzeitung.de\/cms\/thema\/bericht\/"},"img":{"alt_text":"","src":"https:\/\/i0.wp.com\/www.jazzzeitung.de\/cms\/wp-content\/uploads\/2024\/05\/240515_J-Kuehn_HH_02%40Walter_Schmitz-scaled.jpg?fit=1200%2C787&ssl=1&resize=350%2C200","width":350,"height":200,"srcset":"https:\/\/i0.wp.com\/www.jazzzeitung.de\/cms\/wp-content\/uploads\/2024\/05\/240515_J-Kuehn_HH_02%40Walter_Schmitz-scaled.jpg?fit=1200%2C787&ssl=1&resize=350%2C200 1x, https:\/\/i0.wp.com\/www.jazzzeitung.de\/cms\/wp-content\/uploads\/2024\/05\/240515_J-Kuehn_HH_02%40Walter_Schmitz-scaled.jpg?fit=1200%2C787&ssl=1&resize=525%2C300 1.5x, https:\/\/i0.wp.com\/www.jazzzeitung.de\/cms\/wp-content\/uploads\/2024\/05\/240515_J-Kuehn_HH_02%40Walter_Schmitz-scaled.jpg?fit=1200%2C787&ssl=1&resize=700%2C400 2x, https:\/\/i0.wp.com\/www.jazzzeitung.de\/cms\/wp-content\/uploads\/2024\/05\/240515_J-Kuehn_HH_02%40Walter_Schmitz-scaled.jpg?fit=1200%2C787&ssl=1&resize=1050%2C600 3x"},"classes":[]},{"id":19011,"url":"https:\/\/www.jazzzeitung.de\/cms\/2019\/03\/joachim-willst-du-mit-uns-spielen\/","url_meta":{"origin":11935,"position":5},"title":"\u201eJoachim, willst Du mit uns spielen?&#8220;","author":"Redaktion JazzZeitung","date":"26. M\u00e4rz 2019","format":false,"excerpt":"Der Pianist Joachim K\u00fchn traf im Dortmunder Jazzclub domicil auf die Ruhrgebiets-Kollektivband \u201eThe Dorf.\" Es braucht eigentlich kaum einer Erw\u00e4hung: Auch der Pianist Joachim K\u00fchn ist schon oft im Dortmunder Jazzclub domicil aufgetreten: \u201eEs d\u00fcrfte ungef\u00e4hr im Jahr 1970 gewesen sein \u2013 und ich fand den Keller damals auch sehr\u2026","rel":"","context":"In &quot;Bericht&quot;","block_context":{"text":"Bericht","link":"https:\/\/www.jazzzeitung.de\/cms\/thema\/bericht\/"},"img":{"alt_text":"","src":"https:\/\/i0.wp.com\/www.jazzzeitung.de\/cms\/wp-content\/uploads\/2019\/03\/DSC07111.jpg?fit=1200%2C900&ssl=1&resize=350%2C200","width":350,"height":200,"srcset":"https:\/\/i0.wp.com\/www.jazzzeitung.de\/cms\/wp-content\/uploads\/2019\/03\/DSC07111.jpg?fit=1200%2C900&ssl=1&resize=350%2C200 1x, https:\/\/i0.wp.com\/www.jazzzeitung.de\/cms\/wp-content\/uploads\/2019\/03\/DSC07111.jpg?fit=1200%2C900&ssl=1&resize=525%2C300 1.5x, https:\/\/i0.wp.com\/www.jazzzeitung.de\/cms\/wp-content\/uploads\/2019\/03\/DSC07111.jpg?fit=1200%2C900&ssl=1&resize=700%2C400 2x, https:\/\/i0.wp.com\/www.jazzzeitung.de\/cms\/wp-content\/uploads\/2019\/03\/DSC07111.jpg?fit=1200%2C900&ssl=1&resize=1050%2C600 3x"},"classes":[]}],"jetpack_sharing_enabled":true,"_links":{"self":[{"href":"https:\/\/www.jazzzeitung.de\/cms\/wp-json\/wp\/v2\/posts\/11935","targetHints":{"allow":["GET"]}}],"collection":[{"href":"https:\/\/www.jazzzeitung.de\/cms\/wp-json\/wp\/v2\/posts"}],"about":[{"href":"https:\/\/www.jazzzeitung.de\/cms\/wp-json\/wp\/v2\/types\/post"}],"author":[{"embeddable":true,"href":"https:\/\/www.jazzzeitung.de\/cms\/wp-json\/wp\/v2\/users\/18"}],"replies":[{"embeddable":true,"href":"https:\/\/www.jazzzeitung.de\/cms\/wp-json\/wp\/v2\/comments?post=11935"}],"version-history":[{"count":2,"href":"https:\/\/www.jazzzeitung.de\/cms\/wp-json\/wp\/v2\/posts\/11935\/revisions"}],"predecessor-version":[{"id":11940,"href":"https:\/\/www.jazzzeitung.de\/cms\/wp-json\/wp\/v2\/posts\/11935\/revisions\/11940"}],"wp:attachment":[{"href":"https:\/\/www.jazzzeitung.de\/cms\/wp-json\/wp\/v2\/media?parent=11935"}],"wp:term":[{"taxonomy":"category","embeddable":true,"href":"https:\/\/www.jazzzeitung.de\/cms\/wp-json\/wp\/v2\/categories?post=11935"},{"taxonomy":"post_tag","embeddable":true,"href":"https:\/\/www.jazzzeitung.de\/cms\/wp-json\/wp\/v2\/tags?post=11935"},{"taxonomy":"author","embeddable":true,"href":"https:\/\/www.jazzzeitung.de\/cms\/wp-json\/wp\/v2\/coauthors?post=11935"}],"curies":[{"name":"wp","href":"https:\/\/api.w.org\/{rel}","templated":true}]}}