{"id":11833,"date":"2017-03-05T09:15:44","date_gmt":"2017-03-05T08:15:44","guid":{"rendered":"http:\/\/www.jazzzeitung.de\/cms\/?p=11833"},"modified":"2017-03-02T16:23:44","modified_gmt":"2017-03-02T15:23:44","slug":"buehne-frei-im-studio-2-konzert-zum-internationalen-tag-des-jazz-2017-im-br-funkhaus","status":"publish","type":"post","link":"https:\/\/www.jazzzeitung.de\/cms\/2017\/03\/buehne-frei-im-studio-2-konzert-zum-internationalen-tag-des-jazz-2017-im-br-funkhaus\/","title":{"rendered":"B\u00fchne frei im Studio 2: Konzert zum &#8222;Internationalen Tag des Jazz 2017&#8220; im BR-Funkhaus"},"content":{"rendered":"<p><strong>Der 30. April ist der \u201eInternationale Tag des Jazz\u201c \u2013 ausgerufen wurde er im November 2011 von der 36. Generalkonferenz der UNESCO. Die Generalsekret\u00e4rin Irina Bokowa konstatierte damals, Jazz mache das Beste aus der Vielfalt in der Welt, Jazz \u00fcberwinde Grenzen, bringe Menschen zusammen und<\/strong> <strong>spreche eine Sprache der Freiheit, die in allen Kulturen von Bedeutung sei. Auch BR-KLASSIK veranstaltet am 30. April 2017 um 20 Uhr im BR-Funkhaus ein Extrakonzert mit Jazz-K\u00fcnstlern, die ihre Wurzeln in Albanien, Deutschland, Frankreich, Japan, Moldawien und den USA haben. Es wird live im Radio \u00fcbertragen und per Video-Livestream im Internet auf <a href=\"http:\/\/www.br-klassik.de\">www.br-klassik.de<\/a><\/strong><\/p>\n<p>UNESCO Botschafter f\u00fcr den interkulturellen Dialog und Schirmherr des \u201eInternational Jazz Day\u201c ist der amerikanische Pianist und Komponist Herbie Hancock. In den vergangenen Jahren hat er gemeinsam mit anderen Jazzgr\u00f6\u00dfen Konzerte in Istanbul, Tokio, Paris und im letzten Jahr im Wei\u00dfen Haus in Washington gefeiert. Musikerinnen und Musiker, Veranstalter, Universit\u00e4ten und Schulen in aller Welt taten es ihm in den vergangenen Jahren gleich. BR-KLASSIK schlie\u00dft sich dieser noch jungen Tradition an und holt f\u00fcr dieses Sonderkonzert der Reihe \u201eB\u00fchne frei im Studio 2\u201c verschiedene Jazz-Bands mit multinationalen Wurzeln auf die B\u00fchne.<\/p>\n<figure id=\"attachment_11834\" aria-describedby=\"caption-attachment-11834\" style=\"width: 150px\" class=\"wp-caption alignright\"><a href=\"https:\/\/i0.wp.com\/www.jazzzeitung.de\/cms\/wp-content\/uploads\/2017\/03\/TimCollins.jpg\"><img data-recalc-dims=\"1\" loading=\"lazy\" decoding=\"async\" data-attachment-id=\"11834\" data-permalink=\"https:\/\/www.jazzzeitung.de\/cms\/2017\/03\/buehne-frei-im-studio-2-konzert-zum-internationalen-tag-des-jazz-2017-im-br-funkhaus\/timcollins\/\" data-orig-file=\"https:\/\/i0.wp.com\/www.jazzzeitung.de\/cms\/wp-content\/uploads\/2017\/03\/TimCollins.jpg?fit=220%2C165&amp;ssl=1\" data-orig-size=\"220,165\" data-comments-opened=\"1\" data-image-meta=\"{&quot;aperture&quot;:&quot;0&quot;,&quot;credit&quot;:&quot;&quot;,&quot;camera&quot;:&quot;&quot;,&quot;caption&quot;:&quot;&quot;,&quot;created_timestamp&quot;:&quot;0&quot;,&quot;copyright&quot;:&quot;&quot;,&quot;focal_length&quot;:&quot;0&quot;,&quot;iso&quot;:&quot;0&quot;,&quot;shutter_speed&quot;:&quot;0&quot;,&quot;title&quot;:&quot;&quot;,&quot;orientation&quot;:&quot;0&quot;}\" data-image-title=\"TimCollins\" data-image-description=\"\" data-image-caption=\"\" data-large-file=\"https:\/\/i0.wp.com\/www.jazzzeitung.de\/cms\/wp-content\/uploads\/2017\/03\/TimCollins.jpg?fit=220%2C165&amp;ssl=1\" class=\"wp-image-11834 size-thumbnail\" src=\"https:\/\/i0.wp.com\/www.jazzzeitung.de\/cms\/wp-content\/uploads\/2017\/03\/TimCollins-150x150.jpg?resize=150%2C150\" width=\"150\" height=\"150\" srcset=\"https:\/\/i0.wp.com\/www.jazzzeitung.de\/cms\/wp-content\/uploads\/2017\/03\/TimCollins.jpg?resize=150%2C150&amp;ssl=1 150w, https:\/\/i0.wp.com\/www.jazzzeitung.de\/cms\/wp-content\/uploads\/2017\/03\/TimCollins.jpg?resize=144%2C144&amp;ssl=1 144w, https:\/\/i0.wp.com\/www.jazzzeitung.de\/cms\/wp-content\/uploads\/2017\/03\/TimCollins.jpg?resize=96%2C96&amp;ssl=1 96w, https:\/\/i0.wp.com\/www.jazzzeitung.de\/cms\/wp-content\/uploads\/2017\/03\/TimCollins.jpg?resize=24%2C24&amp;ssl=1 24w, https:\/\/i0.wp.com\/www.jazzzeitung.de\/cms\/wp-content\/uploads\/2017\/03\/TimCollins.jpg?resize=36%2C36&amp;ssl=1 36w, https:\/\/i0.wp.com\/www.jazzzeitung.de\/cms\/wp-content\/uploads\/2017\/03\/TimCollins.jpg?resize=48%2C48&amp;ssl=1 48w, https:\/\/i0.wp.com\/www.jazzzeitung.de\/cms\/wp-content\/uploads\/2017\/03\/TimCollins.jpg?resize=64%2C64&amp;ssl=1 64w, https:\/\/i0.wp.com\/www.jazzzeitung.de\/cms\/wp-content\/uploads\/2017\/03\/TimCollins.jpg?resize=32%2C32&amp;ssl=1 32w, https:\/\/i0.wp.com\/www.jazzzeitung.de\/cms\/wp-content\/uploads\/2017\/03\/TimCollins.jpg?resize=50%2C50&amp;ssl=1 50w, https:\/\/i0.wp.com\/www.jazzzeitung.de\/cms\/wp-content\/uploads\/2017\/03\/TimCollins.jpg?resize=128%2C128&amp;ssl=1 128w\" sizes=\"auto, (max-width: 150px) 100vw, 150px\" \/><\/a><figcaption id=\"caption-attachment-11834\" class=\"wp-caption-text\">Tim Collins: Vibraphonist, Komponist und Bandleader. Foto: BR-Klassik<\/figcaption><\/figure>\n<p>Der amerikanische Vibraphonist und Komponist Tim Collins (Foto) lebt seit 2010 in M\u00fcnchen. Er kommt mit enorm swingenden und melodiestarken Kompositionen und seinem mit deutschen Kollegen besetzten Quartett.<\/p>\n<p>Leonid Chizhik, der als klassisch ausgebildeter Pianist in den fr\u00fchen 1970er Jahren in der Sowjetunion auch eine erfolgreiche Karriere im Jazz starten konnte, ist seit 1994 Professor f\u00fcr Jazz-Klavier an der Hochschule f\u00fcr Musik Franz Liszt in Weimar und lehrt an der Musikhochschule M\u00fcnchen. Ebenso wie sein Duopartner, der Saxophonist Florian Tr\u00fcbsbach, der j\u00fcngste Professor in der Geschichte des Jazzinstituts. Reminiszenzen an Harlem Stride, Swing, Bebop, Barock und Romantik durchziehen ihre Interpretationen von Jazzklassikern.<\/p>\n<p>Aus Albanien ist die S\u00e4ngerin Fjoralba Turku nach M\u00fcnchen gekommen, aus den USA der Gitarrist und Komponist Geoff Goodman. \u201eKatie Cruel\u201c hei\u00dft ihr Duoprogramm nach einem \u00fcberlieferten, amerikanischen Folksong; sanft und eindringlich zugleich sind ihre Jazzsongs und Adaptionen von Traditionals.<\/p>\n<p>Liebe zur Freiheit und zur Melodie inspiriert den M\u00fcnchner Trompeter Matthias Lindermayr\u00a0 zu der Musik seines aktuellen Quartetts mit dem Pianisten Florian Weber, dem aus Frankreich stammenden Saxophonisten Matthieu Bordenave und dem japanischen Schlagzeuger Shinya Fukumori.<\/p>\n<p><strong>Mitwirkende:<\/strong><\/p>\n<p>Tim Collins Quartet<\/p>\n<p>Leonid Chizhik &amp; Florian Tr\u00fcbsbach<\/p>\n<p>Katie Cruel<\/p>\n<p>Bordenave\/Lindermayr\/Weber\/Fukumori<\/p>\n<p>&nbsp;<\/p>\n<p>Tim Collins \u00a0\u00a0\u00a0\u00a0\u00a0\u00a0\u00a0\u00a0\u00a0\u00a0\u00a0\u00a0\u00a0\u00a0\u00a0\u00a0 \u00a0\u00a0\u00a0\u00a0\u00a0\u00a0\u00a0\u00a0\u00a0\u00a0\u00a0 Vibraphon<\/p>\n<p>Matthias Bublath\u00a0\u00a0\u00a0\u00a0\u00a0\u00a0\u00a0\u00a0 \u00a0 \u00a0\u00a0\u00a0\u00a0\u00a0\u00a0\u00a0\u00a0\u00a0 Piano<\/p>\n<p>Andi Kurz \u00a0\u00a0\u00a0\u00a0\u00a0\u00a0\u00a0\u00a0\u00a0\u00a0\u00a0\u00a0\u00a0\u00a0\u00a0\u00a0\u00a0\u00a0 \u00a0\u00a0\u00a0\u00a0\u00a0\u00a0\u00a0\u00a0\u00a0\u00a0\u00a0 Bass<\/p>\n<p>Sebastian Wolfgruber \u00a0\u00a0\u00a0\u00a0\u00a0\u00a0\u00a0\u00a0\u00a0\u00a0 Schlagzeug<\/p>\n<p>Leonid Chizhik\u00a0\u00a0\u00a0\u00a0\u00a0\u00a0\u00a0\u00a0\u00a0\u00a0\u00a0 \u00a0\u00a0\u00a0\u00a0\u00a0\u00a0\u00a0\u00a0\u00a0\u00a0 Piano<\/p>\n<p>Florian Tr\u00fcbsbach\u00a0\u00a0\u00a0\u00a0\u00a0\u00a0\u00a0\u00a0\u00a0\u00a0\u00a0\u00a0\u00a0\u00a0\u00a0\u00a0\u00a0 Saxophone<\/p>\n<p>Fjoralba Turku \u00a0\u00a0\u00a0\u00a0\u00a0\u00a0\u00a0\u00a0\u00a0\u00a0 Gesang<\/p>\n<p>Geoff Goodman\u00a0\u00a0\u00a0\u00a0\u00a0\u00a0\u00a0\u00a0\u00a0 \u00a0\u00a0\u00a0\u00a0\u00a0\u00a0\u00a0\u00a0\u00a0\u00a0 Gitarre<\/p>\n<p>Matthieu Bordenave\u00a0\u00a0 \u00a0\u00a0\u00a0\u00a0\u00a0\u00a0\u00a0\u00a0\u00a0\u00a0 Saxophone<\/p>\n<p>Matthias Lindermayr \u00a0 \u00a0\u00a0\u00a0\u00a0\u00a0\u00a0\u00a0\u00a0\u00a0\u00a0\u00a0 Trompete<\/p>\n<p>Florian Weber \u00a0\u00a0\u00a0\u00a0\u00a0\u00a0\u00a0\u00a0\u00a0\u00a0\u00a0 \u00a0\u00a0\u00a0\u00a0\u00a0\u00a0\u00a0\u00a0\u00a0\u00a0\u00a0 Klavier<\/p>\n<p>Shinya Fukumori\u00a0 \u00a0\u00a0\u00a0\u00a0\u00a0\u00a0\u00a0\u00a0\u00a0\u00a0\u00a0\u00a0\u00a0\u00a0\u00a0\u00a0\u00a0 Schlagzeug<\/p>\n<p>&nbsp;<\/p>\n<p><strong>\u00a0Live-\u00dcbertragungen:\u00a0 <\/strong><\/p>\n<p>BR-KLASSIK\u00a0 \u00fcbertr\u00e4gt das Konzert von 20.03 bis 23.00 Uhr live im Radio.<\/p>\n<p>Im Internet ist das Konzert auf <a href=\"http:\/\/www.br-klassik.de\/\">www.br-klassik.de<\/a> im Video-Livestream zu sehen.<\/p>\n<p><strong>Karten-Vorverkauf<\/strong> (ab 24. M\u00e4rz 2017)<\/p>\n<p>Euro 20,-, Sch\u00fcler und Studenten Euro 10,-<\/p>\n<p>BRticket 0800 \/ 59 00 594 (geb\u00fchrenfrei), unter <a href=\"http:\/\/www.br-klassikticket.de\/\">br-klassikticket.de<\/a><\/p>\n<p>oder M\u00fcnchen Ticket 089 \/ 54 81 81 81<\/p>\n<p>&nbsp;<\/p>\n<p>Weitere Informationen unter <a href=\"http:\/\/www.br-klassik.de\/\">www.br-klassik.de<\/a><\/p>\n<p>&nbsp;<\/p>\n","protected":false},"excerpt":{"rendered":"<p>Der 30. April ist der \u201eInternationale Tag des Jazz\u201c \u2013 ausgerufen wurde er im November 2011 von der 36. Generalkonferenz der UNESCO. Die Generalsekret\u00e4rin Irina Bokowa konstatierte damals, Jazz mache das Beste aus der Vielfalt in der Welt, Jazz \u00fcberwinde Grenzen, bringe Menschen zusammen und spreche eine Sprache der Freiheit, die in allen Kulturen von Bedeutung sei. Auch BR-KLASSIK veranstaltet am 30. April 2017 um 20 Uhr im BR-Funkhaus ein Extrakonzert mit Jazz-K\u00fcnstlern, die ihre Wurzeln in Albanien, Deutschland, Frankreich, Japan, Moldawien und den USA haben. Es wird live im Radio \u00fcbertragen und per Video-Livestream im Internet auf www.br-klassik.de UNESCO Botschafter f\u00fcr den interkulturellen Dialog und Schirmherr des \u201eInternational Jazz Day\u201c ist der amerikanische Pianist und Komponist Herbie Hancock. In den vergangenen Jahren hat er gemeinsam mit anderen Jazzgr\u00f6\u00dfen Konzerte in Istanbul, Tokio, Paris und im letzten Jahr im Wei\u00dfen Haus in Washington gefeiert. Musikerinnen und Musiker, Veranstalter, Universit\u00e4ten und Schulen in aller Welt taten es ihm in den vergangenen Jahren gleich. BR-KLASSIK schlie\u00dft sich dieser noch jungen Tradition an und holt f\u00fcr dieses Sonderkonzert der Reihe \u201eB\u00fchne frei im Studio 2\u201c verschiedene Jazz-Bands mit &hellip;<\/p>\n","protected":false},"author":18,"featured_media":0,"comment_status":"open","ping_status":"closed","sticky":false,"template":"","format":"standard","meta":{"_jetpack_memberships_contains_paid_content":false,"footnotes":"","jetpack_publicize_message":"","jetpack_publicize_feature_enabled":true,"jetpack_social_post_already_shared":false,"jetpack_social_options":{"image_generator_settings":{"template":"highway","default_image_id":0,"font":"","enabled":false},"version":2}},"categories":[633],"tags":[94,98,137,1296,1337,1297,1422,198,216,218,222,251,1294,316,322,323,380,1184,401,431,442,1193,535,579],"coauthors":[695],"class_list":["post-11833","post","type-post","status-publish","format-standard","hentry","category-nachrichten","tag-br-klassik","tag-buehne-frei-im-studio-2","tag-deutschland","tag-fjoralba-turku","tag-florian-weber","tag-geoff-goodman","tag-gesang","tag-geschichte","tag-hancock","tag-harlem","tag-herbie-hancock","tag-japan","tag-katie-cruel","tag-klassik","tag-konzert-2","tag-konzerte","tag-matthias-bublath","tag-matthias-lindermayr","tag-muenchen","tag-paris","tag-piano","tag-radio","tag-swing","tag-video"],"yoast_head":"<!-- This site is optimized with the Yoast SEO plugin v27.5 - https:\/\/yoast.com\/product\/yoast-seo-wordpress\/ -->\n<title>B\u00fchne frei im Studio 2: Konzert zum &quot;Internationalen Tag des Jazz 2017&quot; im BR-Funkhaus - JazzZeitung<\/title>\n<meta name=\"robots\" content=\"index, follow, max-snippet:-1, max-image-preview:large, max-video-preview:-1\" \/>\n<link rel=\"canonical\" href=\"https:\/\/www.jazzzeitung.de\/cms\/2017\/03\/buehne-frei-im-studio-2-konzert-zum-internationalen-tag-des-jazz-2017-im-br-funkhaus\/\" \/>\n<meta property=\"og:locale\" content=\"de_DE\" \/>\n<meta property=\"og:type\" content=\"article\" \/>\n<meta property=\"og:title\" content=\"B\u00fchne frei im Studio 2: Konzert zum &quot;Internationalen Tag des Jazz 2017&quot; im BR-Funkhaus - JazzZeitung\" \/>\n<meta property=\"og:description\" content=\"Der 30. April ist der \u201eInternationale Tag des Jazz\u201c \u2013 ausgerufen wurde er im November 2011 von der 36. Generalkonferenz der UNESCO. Die Generalsekret\u00e4rin Irina Bokowa konstatierte damals, Jazz mache das Beste aus der Vielfalt in der Welt, Jazz \u00fcberwinde Grenzen, bringe Menschen zusammen und spreche eine Sprache der Freiheit, die in allen Kulturen von Bedeutung sei. Auch BR-KLASSIK veranstaltet am 30. April 2017 um 20 Uhr im BR-Funkhaus ein Extrakonzert mit Jazz-K\u00fcnstlern, die ihre Wurzeln in Albanien, Deutschland, Frankreich, Japan, Moldawien und den USA haben. Es wird live im Radio \u00fcbertragen und per Video-Livestream im Internet auf www.br-klassik.de UNESCO Botschafter f\u00fcr den interkulturellen Dialog und Schirmherr des \u201eInternational Jazz Day\u201c ist der amerikanische Pianist und Komponist Herbie Hancock. In den vergangenen Jahren hat er gemeinsam mit anderen Jazzgr\u00f6\u00dfen Konzerte in Istanbul, Tokio, Paris und im letzten Jahr im Wei\u00dfen Haus in Washington gefeiert. Musikerinnen und Musiker, Veranstalter, Universit\u00e4ten und Schulen in aller Welt taten es ihm in den vergangenen Jahren gleich. BR-KLASSIK schlie\u00dft sich dieser noch jungen Tradition an und holt f\u00fcr dieses Sonderkonzert der Reihe \u201eB\u00fchne frei im Studio 2\u201c verschiedene Jazz-Bands mit &hellip;\" \/>\n<meta property=\"og:url\" content=\"https:\/\/www.jazzzeitung.de\/cms\/2017\/03\/buehne-frei-im-studio-2-konzert-zum-internationalen-tag-des-jazz-2017-im-br-funkhaus\/\" \/>\n<meta property=\"og:site_name\" content=\"JazzZeitung\" \/>\n<meta property=\"article:publisher\" content=\"https:\/\/www.facebook.com\/JazzZeitung\/\" \/>\n<meta property=\"article:published_time\" content=\"2017-03-05T08:15:44+00:00\" \/>\n<meta property=\"og:image\" content=\"http:\/\/www.jazzzeitung.de\/cms\/wp-content\/uploads\/2017\/03\/TimCollins-150x150.jpg\" \/>\n<meta name=\"author\" content=\"Redaktion JazzZeitung\" \/>\n<script type=\"application\/ld+json\" class=\"yoast-schema-graph\">{\"@context\":\"https:\\\/\\\/schema.org\",\"@graph\":[{\"@type\":\"Article\",\"@id\":\"https:\\\/\\\/www.jazzzeitung.de\\\/cms\\\/2017\\\/03\\\/buehne-frei-im-studio-2-konzert-zum-internationalen-tag-des-jazz-2017-im-br-funkhaus\\\/#article\",\"isPartOf\":{\"@id\":\"https:\\\/\\\/www.jazzzeitung.de\\\/cms\\\/2017\\\/03\\\/buehne-frei-im-studio-2-konzert-zum-internationalen-tag-des-jazz-2017-im-br-funkhaus\\\/\"},\"author\":{\"name\":\"Redaktion JazzZeitung\",\"@id\":\"https:\\\/\\\/www.jazzzeitung.de\\\/cms\\\/#\\\/schema\\\/person\\\/2245b36b9cd1d24cea10f01c031fb92b\"},\"headline\":\"B\u00fchne frei im Studio 2: Konzert zum &#8222;Internationalen Tag des Jazz 2017&#8220; im BR-Funkhaus\",\"datePublished\":\"2017-03-05T08:15:44+00:00\",\"mainEntityOfPage\":{\"@id\":\"https:\\\/\\\/www.jazzzeitung.de\\\/cms\\\/2017\\\/03\\\/buehne-frei-im-studio-2-konzert-zum-internationalen-tag-des-jazz-2017-im-br-funkhaus\\\/\"},\"wordCount\":520,\"commentCount\":0,\"publisher\":{\"@id\":\"https:\\\/\\\/www.jazzzeitung.de\\\/cms\\\/#organization\"},\"image\":{\"@id\":\"https:\\\/\\\/www.jazzzeitung.de\\\/cms\\\/2017\\\/03\\\/buehne-frei-im-studio-2-konzert-zum-internationalen-tag-des-jazz-2017-im-br-funkhaus\\\/#primaryimage\"},\"thumbnailUrl\":\"http:\\\/\\\/www.jazzzeitung.de\\\/cms\\\/wp-content\\\/uploads\\\/2017\\\/03\\\/TimCollins-150x150.jpg\",\"keywords\":[\"Br-Klassik\",\"B\u00fchne frei im Studio 2\",\"Deutschland\",\"Fjoralba Turku\",\"Florian Weber\",\"Geoff Goodman\",\"Gesang\",\"Geschichte\",\"Hancock\",\"Harlem\",\"Herbie Hancock\",\"Japan\",\"Katie Cruel\",\"Klassik\",\"Konzert\",\"Konzerte\",\"Matthias Bublath\",\"Matthias Lindermayr\",\"M\u00fcnchen\",\"Paris\",\"Piano\",\"Radio\",\"Swing\",\"Video\"],\"articleSection\":[\"News\"],\"inLanguage\":\"de\",\"potentialAction\":[{\"@type\":\"CommentAction\",\"name\":\"Comment\",\"target\":[\"https:\\\/\\\/www.jazzzeitung.de\\\/cms\\\/2017\\\/03\\\/buehne-frei-im-studio-2-konzert-zum-internationalen-tag-des-jazz-2017-im-br-funkhaus\\\/#respond\"]}]},{\"@type\":\"WebPage\",\"@id\":\"https:\\\/\\\/www.jazzzeitung.de\\\/cms\\\/2017\\\/03\\\/buehne-frei-im-studio-2-konzert-zum-internationalen-tag-des-jazz-2017-im-br-funkhaus\\\/\",\"url\":\"https:\\\/\\\/www.jazzzeitung.de\\\/cms\\\/2017\\\/03\\\/buehne-frei-im-studio-2-konzert-zum-internationalen-tag-des-jazz-2017-im-br-funkhaus\\\/\",\"name\":\"B\u00fchne frei im Studio 2: Konzert zum \\\"Internationalen Tag des Jazz 2017\\\" im BR-Funkhaus - JazzZeitung\",\"isPartOf\":{\"@id\":\"https:\\\/\\\/www.jazzzeitung.de\\\/cms\\\/#website\"},\"primaryImageOfPage\":{\"@id\":\"https:\\\/\\\/www.jazzzeitung.de\\\/cms\\\/2017\\\/03\\\/buehne-frei-im-studio-2-konzert-zum-internationalen-tag-des-jazz-2017-im-br-funkhaus\\\/#primaryimage\"},\"image\":{\"@id\":\"https:\\\/\\\/www.jazzzeitung.de\\\/cms\\\/2017\\\/03\\\/buehne-frei-im-studio-2-konzert-zum-internationalen-tag-des-jazz-2017-im-br-funkhaus\\\/#primaryimage\"},\"thumbnailUrl\":\"http:\\\/\\\/www.jazzzeitung.de\\\/cms\\\/wp-content\\\/uploads\\\/2017\\\/03\\\/TimCollins-150x150.jpg\",\"datePublished\":\"2017-03-05T08:15:44+00:00\",\"breadcrumb\":{\"@id\":\"https:\\\/\\\/www.jazzzeitung.de\\\/cms\\\/2017\\\/03\\\/buehne-frei-im-studio-2-konzert-zum-internationalen-tag-des-jazz-2017-im-br-funkhaus\\\/#breadcrumb\"},\"inLanguage\":\"de\",\"potentialAction\":[{\"@type\":\"ReadAction\",\"target\":[\"https:\\\/\\\/www.jazzzeitung.de\\\/cms\\\/2017\\\/03\\\/buehne-frei-im-studio-2-konzert-zum-internationalen-tag-des-jazz-2017-im-br-funkhaus\\\/\"]}]},{\"@type\":\"ImageObject\",\"inLanguage\":\"de\",\"@id\":\"https:\\\/\\\/www.jazzzeitung.de\\\/cms\\\/2017\\\/03\\\/buehne-frei-im-studio-2-konzert-zum-internationalen-tag-des-jazz-2017-im-br-funkhaus\\\/#primaryimage\",\"url\":\"http:\\\/\\\/www.jazzzeitung.de\\\/cms\\\/wp-content\\\/uploads\\\/2017\\\/03\\\/TimCollins-150x150.jpg\",\"contentUrl\":\"http:\\\/\\\/www.jazzzeitung.de\\\/cms\\\/wp-content\\\/uploads\\\/2017\\\/03\\\/TimCollins-150x150.jpg\"},{\"@type\":\"BreadcrumbList\",\"@id\":\"https:\\\/\\\/www.jazzzeitung.de\\\/cms\\\/2017\\\/03\\\/buehne-frei-im-studio-2-konzert-zum-internationalen-tag-des-jazz-2017-im-br-funkhaus\\\/#breadcrumb\",\"itemListElement\":[{\"@type\":\"ListItem\",\"position\":1,\"name\":\"Startseite\",\"item\":\"https:\\\/\\\/www.jazzzeitung.de\\\/cms\\\/\"},{\"@type\":\"ListItem\",\"position\":2,\"name\":\"B\u00fchne frei im Studio 2: Konzert zum &#8222;Internationalen Tag des Jazz 2017&#8220; im BR-Funkhaus\"}]},{\"@type\":\"WebSite\",\"@id\":\"https:\\\/\\\/www.jazzzeitung.de\\\/cms\\\/#website\",\"url\":\"https:\\\/\\\/www.jazzzeitung.de\\\/cms\\\/\",\"name\":\"JazzZeitung\",\"description\":\"Jazz-News und Jazz-Kontroverses\",\"publisher\":{\"@id\":\"https:\\\/\\\/www.jazzzeitung.de\\\/cms\\\/#organization\"},\"potentialAction\":[{\"@type\":\"SearchAction\",\"target\":{\"@type\":\"EntryPoint\",\"urlTemplate\":\"https:\\\/\\\/www.jazzzeitung.de\\\/cms\\\/?s={search_term_string}\"},\"query-input\":{\"@type\":\"PropertyValueSpecification\",\"valueRequired\":true,\"valueName\":\"search_term_string\"}}],\"inLanguage\":\"de\"},{\"@type\":\"Organization\",\"@id\":\"https:\\\/\\\/www.jazzzeitung.de\\\/cms\\\/#organization\",\"name\":\"JazzZeitung online\",\"url\":\"https:\\\/\\\/www.jazzzeitung.de\\\/cms\\\/\",\"logo\":{\"@type\":\"ImageObject\",\"inLanguage\":\"de\",\"@id\":\"https:\\\/\\\/www.jazzzeitung.de\\\/cms\\\/#\\\/schema\\\/logo\\\/image\\\/\",\"url\":\"https:\\\/\\\/i0.wp.com\\\/www.jazzzeitung.de\\\/cms\\\/wp-content\\\/uploads\\\/2015\\\/08\\\/JAZZZEITUNGDE_Logo_Neu.png?fit=499%2C200&ssl=1\",\"contentUrl\":\"https:\\\/\\\/i0.wp.com\\\/www.jazzzeitung.de\\\/cms\\\/wp-content\\\/uploads\\\/2015\\\/08\\\/JAZZZEITUNGDE_Logo_Neu.png?fit=499%2C200&ssl=1\",\"width\":499,\"height\":200,\"caption\":\"JazzZeitung online\"},\"image\":{\"@id\":\"https:\\\/\\\/www.jazzzeitung.de\\\/cms\\\/#\\\/schema\\\/logo\\\/image\\\/\"},\"sameAs\":[\"https:\\\/\\\/www.facebook.com\\\/JazzZeitung\\\/\"]},{\"@type\":\"Person\",\"@id\":\"https:\\\/\\\/www.jazzzeitung.de\\\/cms\\\/#\\\/schema\\\/person\\\/2245b36b9cd1d24cea10f01c031fb92b\",\"name\":\"Redaktion JazzZeitung\",\"image\":{\"@type\":\"ImageObject\",\"inLanguage\":\"de\",\"@id\":\"https:\\\/\\\/i0.wp.com\\\/www.jazzzeitung.de\\\/cms\\\/wp-content\\\/uploads\\\/2015\\\/08\\\/JAZZZEITUNGDE_Logo_Neu.png?resize=96%2C96&ssl=159975dcacb611b5700bd619b5daf0a7a\",\"url\":\"https:\\\/\\\/i0.wp.com\\\/www.jazzzeitung.de\\\/cms\\\/wp-content\\\/uploads\\\/2015\\\/08\\\/JAZZZEITUNGDE_Logo_Neu.png?resize=96%2C96&ssl=1\",\"contentUrl\":\"https:\\\/\\\/i0.wp.com\\\/www.jazzzeitung.de\\\/cms\\\/wp-content\\\/uploads\\\/2015\\\/08\\\/JAZZZEITUNGDE_Logo_Neu.png?resize=96%2C96&ssl=1\",\"caption\":\"Redaktion JazzZeitung\"},\"description\":\"Artikel der Redaktion der JazzZeitung.\",\"sameAs\":[\"http:\\\/\\\/www.jazzzeitung.de\\\/cms\\\/\"],\"url\":\"https:\\\/\\\/www.jazzzeitung.de\\\/cms\\\/author\\\/redaktion\\\/\"}]}<\/script>\n<!-- \/ Yoast SEO plugin. -->","yoast_head_json":{"title":"B\u00fchne frei im Studio 2: Konzert zum \"Internationalen Tag des Jazz 2017\" im BR-Funkhaus - JazzZeitung","robots":{"index":"index","follow":"follow","max-snippet":"max-snippet:-1","max-image-preview":"max-image-preview:large","max-video-preview":"max-video-preview:-1"},"canonical":"https:\/\/www.jazzzeitung.de\/cms\/2017\/03\/buehne-frei-im-studio-2-konzert-zum-internationalen-tag-des-jazz-2017-im-br-funkhaus\/","og_locale":"de_DE","og_type":"article","og_title":"B\u00fchne frei im Studio 2: Konzert zum \"Internationalen Tag des Jazz 2017\" im BR-Funkhaus - JazzZeitung","og_description":"Der 30. April ist der \u201eInternationale Tag des Jazz\u201c \u2013 ausgerufen wurde er im November 2011 von der 36. Generalkonferenz der UNESCO. Die Generalsekret\u00e4rin Irina Bokowa konstatierte damals, Jazz mache das Beste aus der Vielfalt in der Welt, Jazz \u00fcberwinde Grenzen, bringe Menschen zusammen und spreche eine Sprache der Freiheit, die in allen Kulturen von Bedeutung sei. Auch BR-KLASSIK veranstaltet am 30. April 2017 um 20 Uhr im BR-Funkhaus ein Extrakonzert mit Jazz-K\u00fcnstlern, die ihre Wurzeln in Albanien, Deutschland, Frankreich, Japan, Moldawien und den USA haben. Es wird live im Radio \u00fcbertragen und per Video-Livestream im Internet auf www.br-klassik.de UNESCO Botschafter f\u00fcr den interkulturellen Dialog und Schirmherr des \u201eInternational Jazz Day\u201c ist der amerikanische Pianist und Komponist Herbie Hancock. In den vergangenen Jahren hat er gemeinsam mit anderen Jazzgr\u00f6\u00dfen Konzerte in Istanbul, Tokio, Paris und im letzten Jahr im Wei\u00dfen Haus in Washington gefeiert. Musikerinnen und Musiker, Veranstalter, Universit\u00e4ten und Schulen in aller Welt taten es ihm in den vergangenen Jahren gleich. BR-KLASSIK schlie\u00dft sich dieser noch jungen Tradition an und holt f\u00fcr dieses Sonderkonzert der Reihe \u201eB\u00fchne frei im Studio 2\u201c verschiedene Jazz-Bands mit &hellip;","og_url":"https:\/\/www.jazzzeitung.de\/cms\/2017\/03\/buehne-frei-im-studio-2-konzert-zum-internationalen-tag-des-jazz-2017-im-br-funkhaus\/","og_site_name":"JazzZeitung","article_publisher":"https:\/\/www.facebook.com\/JazzZeitung\/","article_published_time":"2017-03-05T08:15:44+00:00","og_image":[{"url":"http:\/\/www.jazzzeitung.de\/cms\/wp-content\/uploads\/2017\/03\/TimCollins-150x150.jpg","type":"","width":"","height":""}],"author":"Redaktion JazzZeitung","schema":{"@context":"https:\/\/schema.org","@graph":[{"@type":"Article","@id":"https:\/\/www.jazzzeitung.de\/cms\/2017\/03\/buehne-frei-im-studio-2-konzert-zum-internationalen-tag-des-jazz-2017-im-br-funkhaus\/#article","isPartOf":{"@id":"https:\/\/www.jazzzeitung.de\/cms\/2017\/03\/buehne-frei-im-studio-2-konzert-zum-internationalen-tag-des-jazz-2017-im-br-funkhaus\/"},"author":{"name":"Redaktion JazzZeitung","@id":"https:\/\/www.jazzzeitung.de\/cms\/#\/schema\/person\/2245b36b9cd1d24cea10f01c031fb92b"},"headline":"B\u00fchne frei im Studio 2: Konzert zum &#8222;Internationalen Tag des Jazz 2017&#8220; im BR-Funkhaus","datePublished":"2017-03-05T08:15:44+00:00","mainEntityOfPage":{"@id":"https:\/\/www.jazzzeitung.de\/cms\/2017\/03\/buehne-frei-im-studio-2-konzert-zum-internationalen-tag-des-jazz-2017-im-br-funkhaus\/"},"wordCount":520,"commentCount":0,"publisher":{"@id":"https:\/\/www.jazzzeitung.de\/cms\/#organization"},"image":{"@id":"https:\/\/www.jazzzeitung.de\/cms\/2017\/03\/buehne-frei-im-studio-2-konzert-zum-internationalen-tag-des-jazz-2017-im-br-funkhaus\/#primaryimage"},"thumbnailUrl":"http:\/\/www.jazzzeitung.de\/cms\/wp-content\/uploads\/2017\/03\/TimCollins-150x150.jpg","keywords":["Br-Klassik","B\u00fchne frei im Studio 2","Deutschland","Fjoralba Turku","Florian Weber","Geoff Goodman","Gesang","Geschichte","Hancock","Harlem","Herbie Hancock","Japan","Katie Cruel","Klassik","Konzert","Konzerte","Matthias Bublath","Matthias Lindermayr","M\u00fcnchen","Paris","Piano","Radio","Swing","Video"],"articleSection":["News"],"inLanguage":"de","potentialAction":[{"@type":"CommentAction","name":"Comment","target":["https:\/\/www.jazzzeitung.de\/cms\/2017\/03\/buehne-frei-im-studio-2-konzert-zum-internationalen-tag-des-jazz-2017-im-br-funkhaus\/#respond"]}]},{"@type":"WebPage","@id":"https:\/\/www.jazzzeitung.de\/cms\/2017\/03\/buehne-frei-im-studio-2-konzert-zum-internationalen-tag-des-jazz-2017-im-br-funkhaus\/","url":"https:\/\/www.jazzzeitung.de\/cms\/2017\/03\/buehne-frei-im-studio-2-konzert-zum-internationalen-tag-des-jazz-2017-im-br-funkhaus\/","name":"B\u00fchne frei im Studio 2: Konzert zum \"Internationalen Tag des Jazz 2017\" im BR-Funkhaus - JazzZeitung","isPartOf":{"@id":"https:\/\/www.jazzzeitung.de\/cms\/#website"},"primaryImageOfPage":{"@id":"https:\/\/www.jazzzeitung.de\/cms\/2017\/03\/buehne-frei-im-studio-2-konzert-zum-internationalen-tag-des-jazz-2017-im-br-funkhaus\/#primaryimage"},"image":{"@id":"https:\/\/www.jazzzeitung.de\/cms\/2017\/03\/buehne-frei-im-studio-2-konzert-zum-internationalen-tag-des-jazz-2017-im-br-funkhaus\/#primaryimage"},"thumbnailUrl":"http:\/\/www.jazzzeitung.de\/cms\/wp-content\/uploads\/2017\/03\/TimCollins-150x150.jpg","datePublished":"2017-03-05T08:15:44+00:00","breadcrumb":{"@id":"https:\/\/www.jazzzeitung.de\/cms\/2017\/03\/buehne-frei-im-studio-2-konzert-zum-internationalen-tag-des-jazz-2017-im-br-funkhaus\/#breadcrumb"},"inLanguage":"de","potentialAction":[{"@type":"ReadAction","target":["https:\/\/www.jazzzeitung.de\/cms\/2017\/03\/buehne-frei-im-studio-2-konzert-zum-internationalen-tag-des-jazz-2017-im-br-funkhaus\/"]}]},{"@type":"ImageObject","inLanguage":"de","@id":"https:\/\/www.jazzzeitung.de\/cms\/2017\/03\/buehne-frei-im-studio-2-konzert-zum-internationalen-tag-des-jazz-2017-im-br-funkhaus\/#primaryimage","url":"http:\/\/www.jazzzeitung.de\/cms\/wp-content\/uploads\/2017\/03\/TimCollins-150x150.jpg","contentUrl":"http:\/\/www.jazzzeitung.de\/cms\/wp-content\/uploads\/2017\/03\/TimCollins-150x150.jpg"},{"@type":"BreadcrumbList","@id":"https:\/\/www.jazzzeitung.de\/cms\/2017\/03\/buehne-frei-im-studio-2-konzert-zum-internationalen-tag-des-jazz-2017-im-br-funkhaus\/#breadcrumb","itemListElement":[{"@type":"ListItem","position":1,"name":"Startseite","item":"https:\/\/www.jazzzeitung.de\/cms\/"},{"@type":"ListItem","position":2,"name":"B\u00fchne frei im Studio 2: Konzert zum &#8222;Internationalen Tag des Jazz 2017&#8220; im BR-Funkhaus"}]},{"@type":"WebSite","@id":"https:\/\/www.jazzzeitung.de\/cms\/#website","url":"https:\/\/www.jazzzeitung.de\/cms\/","name":"JazzZeitung","description":"Jazz-News und Jazz-Kontroverses","publisher":{"@id":"https:\/\/www.jazzzeitung.de\/cms\/#organization"},"potentialAction":[{"@type":"SearchAction","target":{"@type":"EntryPoint","urlTemplate":"https:\/\/www.jazzzeitung.de\/cms\/?s={search_term_string}"},"query-input":{"@type":"PropertyValueSpecification","valueRequired":true,"valueName":"search_term_string"}}],"inLanguage":"de"},{"@type":"Organization","@id":"https:\/\/www.jazzzeitung.de\/cms\/#organization","name":"JazzZeitung online","url":"https:\/\/www.jazzzeitung.de\/cms\/","logo":{"@type":"ImageObject","inLanguage":"de","@id":"https:\/\/www.jazzzeitung.de\/cms\/#\/schema\/logo\/image\/","url":"https:\/\/i0.wp.com\/www.jazzzeitung.de\/cms\/wp-content\/uploads\/2015\/08\/JAZZZEITUNGDE_Logo_Neu.png?fit=499%2C200&ssl=1","contentUrl":"https:\/\/i0.wp.com\/www.jazzzeitung.de\/cms\/wp-content\/uploads\/2015\/08\/JAZZZEITUNGDE_Logo_Neu.png?fit=499%2C200&ssl=1","width":499,"height":200,"caption":"JazzZeitung online"},"image":{"@id":"https:\/\/www.jazzzeitung.de\/cms\/#\/schema\/logo\/image\/"},"sameAs":["https:\/\/www.facebook.com\/JazzZeitung\/"]},{"@type":"Person","@id":"https:\/\/www.jazzzeitung.de\/cms\/#\/schema\/person\/2245b36b9cd1d24cea10f01c031fb92b","name":"Redaktion JazzZeitung","image":{"@type":"ImageObject","inLanguage":"de","@id":"https:\/\/i0.wp.com\/www.jazzzeitung.de\/cms\/wp-content\/uploads\/2015\/08\/JAZZZEITUNGDE_Logo_Neu.png?resize=96%2C96&ssl=159975dcacb611b5700bd619b5daf0a7a","url":"https:\/\/i0.wp.com\/www.jazzzeitung.de\/cms\/wp-content\/uploads\/2015\/08\/JAZZZEITUNGDE_Logo_Neu.png?resize=96%2C96&ssl=1","contentUrl":"https:\/\/i0.wp.com\/www.jazzzeitung.de\/cms\/wp-content\/uploads\/2015\/08\/JAZZZEITUNGDE_Logo_Neu.png?resize=96%2C96&ssl=1","caption":"Redaktion JazzZeitung"},"description":"Artikel der Redaktion der JazzZeitung.","sameAs":["http:\/\/www.jazzzeitung.de\/cms\/"],"url":"https:\/\/www.jazzzeitung.de\/cms\/author\/redaktion\/"}]}},"wp-worthy-pixel":{"ignored":false,"public":null,"server":null,"url":null},"wp-worthy-type":"normal","jetpack_publicize_connections":[],"cc_featured_image_caption":{"caption_text":false,"source_text":false,"source_url":false},"jetpack_featured_media_url":"","jetpack_shortlink":"https:\/\/wp.me\/p3KEcT-34R","jetpack-related-posts":[{"id":956,"url":"https:\/\/www.jazzzeitung.de\/cms\/2011\/04\/jazztipp-auf-der-buehne-und-auf-sendung-im-br\/","url_meta":{"origin":11833,"position":0},"title":"Jazztipp: Auf der B\u00fchne und auf Sendung im Bayerischen Rundfunk","author":"J\u00f6rg Lichtinger","date":"13. April 2011","format":false,"excerpt":"Johannes Ochsenbauer bei U21 Die Jugendsendung von BR-Klassik \"U21 \u2013 Deine Szene.Deine Musik\" k\u00fcmmert sich neben Nachwuchsmusikern aus dem Klassik-Bereich ab und zu auch um Musik aus anderen Ecken. Welt- und Filmmusikalisches oder eben auch Jazziges. Heute Abend (13. April, 21.03 Uhr) ist der junge Bassist Johannes Ochsenbauer zu Gast\u2026","rel":"","context":"In &quot;Blog&quot;","block_context":{"text":"Blog","link":"https:\/\/www.jazzzeitung.de\/cms\/thema\/blog\/"},"img":{"alt_text":"u21","src":"https:\/\/i0.wp.com\/www.jazzzeitung.de\/cms\/wp-content\/uploads\/2011\/04\/u21-300x111.jpg?resize=350%2C200","width":350,"height":200},"classes":[]},{"id":454,"url":"https:\/\/www.jazzzeitung.de\/cms\/2010\/10\/jazz-im-rundfunk-episode-i-der-br\/","url_meta":{"origin":11833,"position":1},"title":"Jazz im Rundfunk \u2013 Episode I: Der BR","author":"J\u00f6rg Lichtinger","date":"10. Oktober 2010","format":false,"excerpt":"Der Jazz beim Bayerischen Rundfunk hat eine lange Geschichte und reicht bis zur Zeit zur\u00fcck, als man noch als Radio M\u00fcnchen unter der \u00c4gide der Amerikaner sendete \u2013 Mitternacht in M\u00fcnchen hie\u00df die ber\u00fchmteste Sendung mit Jazz in dieser Zeit. Als Redakteure in der Abteilung \"Leichte Musik\", zu der der\u2026","rel":"","context":"In &quot;Blog&quot;","block_context":{"text":"Blog","link":"https:\/\/www.jazzzeitung.de\/cms\/thema\/blog\/"},"img":{"alt_text":"Jazztime \u2013 Die Jazzsendung beim BR.","src":"https:\/\/i0.wp.com\/www.jazzzeitung.de\/cms\/wp-content\/uploads\/2010\/10\/screenshot_jazztime-300x292.jpg?resize=350%2C200","width":350,"height":200},"classes":[]},{"id":15533,"url":"https:\/\/www.jazzzeitung.de\/cms\/2018\/04\/newssonderkonzert-der-reihe-buehne-frei-im-studio-2-anlaesslich-des-international-jazz-day-2018nicole-johaenntgen-veroeffentlicht-im-oktober-2018-henry-ii-soul-jazz-mit-trioplus-und-gaest\/","url_meta":{"origin":11833,"position":2},"title":"+++News+++Sonderkonzert der Reihe \u201eB\u00fchne frei im Studio 2\u201c anl\u00e4sslich des International Jazz Day 2018++Nicole Joh\u00e4nntgen ver\u00f6ffentlicht im Oktober 2018 Henry II+++ Soul Jazz mit trioPLUS und G\u00e4sten im liveCV+++JazzBaltica 2018 \u201eAlles und Meer\u201c+++","author":"Redaktion JazzZeitung","date":"4. April 2018","format":false,"excerpt":"Sonderkonzert der Reihe \u201eB\u00fchne frei im Studio 2\u201c anl\u00e4sslich des International Jazz Day 2018 Wenn sich am 30. April der von der UNESCO ins Leben gerufene International Jazz Day zum siebten Mal j\u00e4hrt, veranstaltet der BR Klassik in M\u00fcnchen eigens ein Konzert, in dem Bands Ausz\u00fcge aus ihren aktuellen Programmen\u2026","rel":"","context":"In &quot;News&quot;","block_context":{"text":"News","link":"https:\/\/www.jazzzeitung.de\/cms\/thema\/nachrichten\/"},"img":{"alt_text":"","src":"https:\/\/i0.wp.com\/www.jazzzeitung.de\/cms\/wp-content\/uploads\/2018\/04\/International_Jazzday_2018.jpg?fit=994%2C558&ssl=1&resize=350%2C200","width":350,"height":200,"srcset":"https:\/\/i0.wp.com\/www.jazzzeitung.de\/cms\/wp-content\/uploads\/2018\/04\/International_Jazzday_2018.jpg?fit=994%2C558&ssl=1&resize=350%2C200 1x, https:\/\/i0.wp.com\/www.jazzzeitung.de\/cms\/wp-content\/uploads\/2018\/04\/International_Jazzday_2018.jpg?fit=994%2C558&ssl=1&resize=525%2C300 1.5x, https:\/\/i0.wp.com\/www.jazzzeitung.de\/cms\/wp-content\/uploads\/2018\/04\/International_Jazzday_2018.jpg?fit=994%2C558&ssl=1&resize=700%2C400 2x"},"classes":[]},{"id":24601,"url":"https:\/\/www.jazzzeitung.de\/cms\/2021\/04\/come-together-huelsmann-wogram-dell-live-im-br\/","url_meta":{"origin":11833,"position":3},"title":"Come together: H\u00fclsmann\u2013Wogram\u2013Dell live im BR","author":"Thomas J. Krebs","date":"1. April 2021","format":false,"excerpt":"Corona hin, Corona her - im Bayerischen Rundfunk finden zum Gl\u00fcck auch weiterhin Jazz-Live-Produktionen statt. So auch Ende M\u00e4rz mit dem Trio H\u00fclsmann-Wogram-Dell, die sich getreu dem Motto \u201eCome together\u201c mit den Kompositionen der Beatles auseinander gesetzt haben. Das Studio 2 des BR Die Jazzreihe \u201eB\u00fchne frei im Studio 2\u201c\u2026","rel":"","context":"In &quot;Bericht&quot;","block_context":{"text":"Bericht","link":"https:\/\/www.jazzzeitung.de\/cms\/thema\/bericht\/"},"img":{"alt_text":"","src":"https:\/\/i0.wp.com\/www.jazzzeitung.de\/cms\/wp-content\/uploads\/2021\/03\/P2139490-Dell-Wogram-Sampson-Huelsmann-Foto-TJ-Krebs.jpg?fit=1200%2C800&ssl=1&resize=350%2C200","width":350,"height":200,"srcset":"https:\/\/i0.wp.com\/www.jazzzeitung.de\/cms\/wp-content\/uploads\/2021\/03\/P2139490-Dell-Wogram-Sampson-Huelsmann-Foto-TJ-Krebs.jpg?fit=1200%2C800&ssl=1&resize=350%2C200 1x, https:\/\/i0.wp.com\/www.jazzzeitung.de\/cms\/wp-content\/uploads\/2021\/03\/P2139490-Dell-Wogram-Sampson-Huelsmann-Foto-TJ-Krebs.jpg?fit=1200%2C800&ssl=1&resize=525%2C300 1.5x, https:\/\/i0.wp.com\/www.jazzzeitung.de\/cms\/wp-content\/uploads\/2021\/03\/P2139490-Dell-Wogram-Sampson-Huelsmann-Foto-TJ-Krebs.jpg?fit=1200%2C800&ssl=1&resize=700%2C400 2x, https:\/\/i0.wp.com\/www.jazzzeitung.de\/cms\/wp-content\/uploads\/2021\/03\/P2139490-Dell-Wogram-Sampson-Huelsmann-Foto-TJ-Krebs.jpg?fit=1200%2C800&ssl=1&resize=1050%2C600 3x"},"classes":[]},{"id":22585,"url":"https:\/\/www.jazzzeitung.de\/cms\/2020\/05\/die-jazz-radiowoche-vom-01-06-20-bis-07-06-20\/","url_meta":{"origin":11833,"position":4},"title":"Die Jazz-Radiowoche vom 01.06.20 bis 07.06.20","author":"Martin Hufner","date":"31. Mai 2020","format":false,"excerpt":"Ein kleiner Blick in die Jazzwoche 23 im Radio. Alle Angaben ohne Gew\u00e4hr. Zum 100. Geburtstag des Bigbandleiters Kurt Edelhagen | B\u00fchne frei im Studio 2 f\u00fcr Janning Trumann 4.","rel":"","context":"In &quot;News&quot;","block_context":{"text":"News","link":"https:\/\/www.jazzzeitung.de\/cms\/thema\/nachrichten\/"},"img":{"alt_text":"Jazz im Radio. Foto: Hufner","src":"https:\/\/i0.wp.com\/www.jazzzeitung.de\/cms\/wp-content\/uploads\/2019\/03\/jazz_im_radio.jpg?fit=1200%2C773&ssl=1&resize=350%2C200","width":350,"height":200,"srcset":"https:\/\/i0.wp.com\/www.jazzzeitung.de\/cms\/wp-content\/uploads\/2019\/03\/jazz_im_radio.jpg?fit=1200%2C773&ssl=1&resize=350%2C200 1x, https:\/\/i0.wp.com\/www.jazzzeitung.de\/cms\/wp-content\/uploads\/2019\/03\/jazz_im_radio.jpg?fit=1200%2C773&ssl=1&resize=525%2C300 1.5x, https:\/\/i0.wp.com\/www.jazzzeitung.de\/cms\/wp-content\/uploads\/2019\/03\/jazz_im_radio.jpg?fit=1200%2C773&ssl=1&resize=700%2C400 2x, https:\/\/i0.wp.com\/www.jazzzeitung.de\/cms\/wp-content\/uploads\/2019\/03\/jazz_im_radio.jpg?fit=1200%2C773&ssl=1&resize=1050%2C600 3x"},"classes":[]},{"id":26660,"url":"https:\/\/www.jazzzeitung.de\/cms\/2022\/02\/die-jazz-radiowoche-vom-07-02-2213-02-2022\/","url_meta":{"origin":11833,"position":5},"title":"Die Jazz-Radiowoche vom 07.02.22\u201313.02.2022","author":"Martin Hufner","date":"6. Februar 2022","format":false,"excerpt":"Ein kleiner Blick in die Radiowoche 6. Die \u00dcbersicht zum Download als PDF. Alle Angaben ohne Gew\u00e4hr. Andere tolle Sendungen im Radio finden Sie in der Radiowoche im Bad Blog Of Musick. mo \u2013 07.02.2022 17:50 bis 18:00 | SWR 2 SWR2 Jazz vor sechs 19:30:00 | \u00d61 On stage:\u2026","rel":"","context":"In &quot;News&quot;","block_context":{"text":"News","link":"https:\/\/www.jazzzeitung.de\/cms\/thema\/nachrichten\/"},"img":{"alt_text":"Jazz im Radio. Foto\/Montage: Hufner","src":"https:\/\/i0.wp.com\/www.jazzzeitung.de\/cms\/wp-content\/uploads\/2018\/05\/radio-jazz_journalisten.jpg?fit=1200%2C900&ssl=1&resize=350%2C200","width":350,"height":200,"srcset":"https:\/\/i0.wp.com\/www.jazzzeitung.de\/cms\/wp-content\/uploads\/2018\/05\/radio-jazz_journalisten.jpg?fit=1200%2C900&ssl=1&resize=350%2C200 1x, https:\/\/i0.wp.com\/www.jazzzeitung.de\/cms\/wp-content\/uploads\/2018\/05\/radio-jazz_journalisten.jpg?fit=1200%2C900&ssl=1&resize=525%2C300 1.5x, https:\/\/i0.wp.com\/www.jazzzeitung.de\/cms\/wp-content\/uploads\/2018\/05\/radio-jazz_journalisten.jpg?fit=1200%2C900&ssl=1&resize=700%2C400 2x, https:\/\/i0.wp.com\/www.jazzzeitung.de\/cms\/wp-content\/uploads\/2018\/05\/radio-jazz_journalisten.jpg?fit=1200%2C900&ssl=1&resize=1050%2C600 3x"},"classes":[]}],"jetpack_sharing_enabled":true,"_links":{"self":[{"href":"https:\/\/www.jazzzeitung.de\/cms\/wp-json\/wp\/v2\/posts\/11833","targetHints":{"allow":["GET"]}}],"collection":[{"href":"https:\/\/www.jazzzeitung.de\/cms\/wp-json\/wp\/v2\/posts"}],"about":[{"href":"https:\/\/www.jazzzeitung.de\/cms\/wp-json\/wp\/v2\/types\/post"}],"author":[{"embeddable":true,"href":"https:\/\/www.jazzzeitung.de\/cms\/wp-json\/wp\/v2\/users\/18"}],"replies":[{"embeddable":true,"href":"https:\/\/www.jazzzeitung.de\/cms\/wp-json\/wp\/v2\/comments?post=11833"}],"version-history":[{"count":4,"href":"https:\/\/www.jazzzeitung.de\/cms\/wp-json\/wp\/v2\/posts\/11833\/revisions"}],"predecessor-version":[{"id":11838,"href":"https:\/\/www.jazzzeitung.de\/cms\/wp-json\/wp\/v2\/posts\/11833\/revisions\/11838"}],"wp:attachment":[{"href":"https:\/\/www.jazzzeitung.de\/cms\/wp-json\/wp\/v2\/media?parent=11833"}],"wp:term":[{"taxonomy":"category","embeddable":true,"href":"https:\/\/www.jazzzeitung.de\/cms\/wp-json\/wp\/v2\/categories?post=11833"},{"taxonomy":"post_tag","embeddable":true,"href":"https:\/\/www.jazzzeitung.de\/cms\/wp-json\/wp\/v2\/tags?post=11833"},{"taxonomy":"author","embeddable":true,"href":"https:\/\/www.jazzzeitung.de\/cms\/wp-json\/wp\/v2\/coauthors?post=11833"}],"curies":[{"name":"wp","href":"https:\/\/api.w.org\/{rel}","templated":true}]}}