{"id":11783,"date":"2017-02-24T09:24:26","date_gmt":"2017-02-24T08:24:26","guid":{"rendered":"http:\/\/www.jazzzeitung.de\/cms\/?p=11783"},"modified":"2017-02-24T09:24:26","modified_gmt":"2017-02-24T08:24:26","slug":"tourabstecher-fred-frith-begeisterte-in-regensburg","status":"publish","type":"post","link":"https:\/\/www.jazzzeitung.de\/cms\/2017\/02\/tourabstecher-fred-frith-begeisterte-in-regensburg\/","title":{"rendered":"Tourabstecher: Fred Frith begeisterte in Regensburg"},"content":{"rendered":"<p><strong><a href=\"https:\/\/i0.wp.com\/www.jazzzeitung.de\/cms\/wp-content\/uploads\/2017\/02\/Frith-fred_27.jpg\"><img data-recalc-dims=\"1\" loading=\"lazy\" decoding=\"async\" data-attachment-id=\"11784\" data-permalink=\"https:\/\/www.jazzzeitung.de\/cms\/2017\/02\/tourabstecher-fred-frith-begeisterte-in-regensburg\/frith-fred_27\/\" data-orig-file=\"https:\/\/i0.wp.com\/www.jazzzeitung.de\/cms\/wp-content\/uploads\/2017\/02\/Frith-fred_27.jpg?fit=2396%2C1565&amp;ssl=1\" data-orig-size=\"2396,1565\" data-comments-opened=\"1\" data-image-meta=\"{&quot;aperture&quot;:&quot;4.8&quot;,&quot;credit&quot;:&quot;&quot;,&quot;camera&quot;:&quot;NIKON D7000&quot;,&quot;caption&quot;:&quot;&quot;,&quot;created_timestamp&quot;:&quot;1487631379&quot;,&quot;copyright&quot;:&quot;&quot;,&quot;focal_length&quot;:&quot;48&quot;,&quot;iso&quot;:&quot;2000&quot;,&quot;shutter_speed&quot;:&quot;0.0125&quot;,&quot;title&quot;:&quot;&quot;,&quot;orientation&quot;:&quot;1&quot;}\" data-image-title=\"Frith-fred_27\" data-image-description=\"\" data-image-caption=\"\" data-large-file=\"https:\/\/i0.wp.com\/www.jazzzeitung.de\/cms\/wp-content\/uploads\/2017\/02\/Frith-fred_27.jpg?fit=840%2C549&amp;ssl=1\" class=\"alignright size-thumbnail wp-image-11784\" src=\"https:\/\/i0.wp.com\/www.jazzzeitung.de\/cms\/wp-content\/uploads\/2017\/02\/Frith-fred_27-150x150.jpg?resize=150%2C150\" alt=\"\" width=\"150\" height=\"150\" srcset=\"https:\/\/i0.wp.com\/www.jazzzeitung.de\/cms\/wp-content\/uploads\/2017\/02\/Frith-fred_27.jpg?resize=150%2C150&amp;ssl=1 150w, https:\/\/i0.wp.com\/www.jazzzeitung.de\/cms\/wp-content\/uploads\/2017\/02\/Frith-fred_27.jpg?resize=144%2C144&amp;ssl=1 144w, https:\/\/i0.wp.com\/www.jazzzeitung.de\/cms\/wp-content\/uploads\/2017\/02\/Frith-fred_27.jpg?resize=96%2C96&amp;ssl=1 96w, https:\/\/i0.wp.com\/www.jazzzeitung.de\/cms\/wp-content\/uploads\/2017\/02\/Frith-fred_27.jpg?resize=24%2C24&amp;ssl=1 24w, https:\/\/i0.wp.com\/www.jazzzeitung.de\/cms\/wp-content\/uploads\/2017\/02\/Frith-fred_27.jpg?resize=36%2C36&amp;ssl=1 36w, https:\/\/i0.wp.com\/www.jazzzeitung.de\/cms\/wp-content\/uploads\/2017\/02\/Frith-fred_27.jpg?resize=48%2C48&amp;ssl=1 48w, https:\/\/i0.wp.com\/www.jazzzeitung.de\/cms\/wp-content\/uploads\/2017\/02\/Frith-fred_27.jpg?resize=64%2C64&amp;ssl=1 64w, https:\/\/i0.wp.com\/www.jazzzeitung.de\/cms\/wp-content\/uploads\/2017\/02\/Frith-fred_27.jpg?resize=32%2C32&amp;ssl=1 32w, https:\/\/i0.wp.com\/www.jazzzeitung.de\/cms\/wp-content\/uploads\/2017\/02\/Frith-fred_27.jpg?resize=50%2C50&amp;ssl=1 50w, https:\/\/i0.wp.com\/www.jazzzeitung.de\/cms\/wp-content\/uploads\/2017\/02\/Frith-fred_27.jpg?resize=128%2C128&amp;ssl=1 128w, https:\/\/i0.wp.com\/www.jazzzeitung.de\/cms\/wp-content\/uploads\/2017\/02\/Frith-fred_27.jpg?zoom=2&amp;resize=150%2C150&amp;ssl=1 300w, https:\/\/i0.wp.com\/www.jazzzeitung.de\/cms\/wp-content\/uploads\/2017\/02\/Frith-fred_27.jpg?zoom=3&amp;resize=150%2C150&amp;ssl=1 450w\" sizes=\"auto, (max-width: 150px) 100vw, 150px\" \/><\/a>\u201eIch freu mich, wir freuen uns aaauf. Fred Frith!\u201c In seiner Aufregung \u00fcber den Tourschlenker, den der Musiker mit dem legend\u00e4ren Ruf f\u00fcr einen Auftritt beim Jazzclub Regensburg genutzt hat, vergisst Clubchef Winfried Freisleben ganz, dass da noch zwei andere Musiker mit auf der B\u00fchne stehen. Mit kurzem Nicken nimmt der Gitarrist den Platz neben dem Fl\u00fcgel ein und stellt mit einer gemurmelten Begr\u00fc\u00dfung \u201eMister Jason Hoopes on bass\u201c und \u201eon drums, Mister Jordan Glenn\u201c vor. Solide englische H\u00f6flichkeit, die dem in Kalifornien lebenden und lehrenden Musiker in den legereren USA unberufen nicht abhanden gekommen ist.<\/strong><\/p>\n<p>Hoopes und Glenn, beide Abg\u00e4nger des renommierten Mills College in Oakland, sind gut eine Generation j\u00fcnger als Frith. Zwei Tage zuvor feierte der seinen 68. Geburtstag. Bemerkbar macht sich das gelegentlich, wenn Frith in Soundt\u00fcfteleien und Gefrickel vertieft, sp\u00fcrbar abgekl\u00e4rter wirkt, w\u00e4hrend der schwarzgelockte Bassist wie unter Strom wuchtige rhythmische Breitseiten abfeuert, vertrackt kontrastiert, immer wieder aufs Tempo dr\u00fcckt. Dennoch ist die gemeinsame Haltung, aus dem Moment heraus eine von Stil- und Genregrenzen befreite, nach vielen Seiten offene Musik zu kreieren, auch bei musikalischen Sticheleien durchwegs sp\u00fcrbar. Transportiert werden ureigene Emotionen und Ideen, die etwas jenseits von professioneller Perfektion, gesellschaftlicher Routine und durch\u00f6konomisierter Verfasstheit aufblitzen lassen. Eine musikalische Utopie sozusagen, die ihre Referenz in den gemeinschaftlichen Lebens- und Arbeitsformen der der Post-68er Zeit, teilweise bis heute hat.<\/p>\n<div class=\"tiled-gallery type-rectangular tiled-gallery-unresized\" data-original-width=\"840\" data-carousel-extra='{&quot;blog_id&quot;:1,&quot;permalink&quot;:&quot;https:\\\/\\\/www.jazzzeitung.de\\\/cms\\\/2017\\\/02\\\/tourabstecher-fred-frith-begeisterte-in-regensburg\\\/&quot;,&quot;likes_blog_id&quot;:55446655}' itemscope itemtype=\"http:\/\/schema.org\/ImageGallery\" > <div class=\"gallery-row\" style=\"width: 840px; height: 632px;\" data-original-width=\"840\" data-original-height=\"632\" > <div class=\"gallery-group images-1\" style=\"width: 420px; height: 632px;\" data-original-width=\"420\" data-original-height=\"632\" > <div class=\"tiled-gallery-item tiled-gallery-item-large\" itemprop=\"associatedMedia\" itemscope itemtype=\"http:\/\/schema.org\/ImageObject\"> <a href=\"https:\/\/www.jazzzeitung.de\/cms\/2017\/02\/tourabstecher-fred-frith-begeisterte-in-regensburg\/glenn-jordan_73\/\" border=\"0\" itemprop=\"url\"> <meta itemprop=\"width\" content=\"416\"> <meta itemprop=\"height\" content=\"628\"> <img decoding=\"async\" class=\"\" data-attachment-id=\"11788\" data-orig-file=\"https:\/\/www.jazzzeitung.de\/cms\/wp-content\/uploads\/2017\/02\/Glenn-Jordan_73.jpg\" data-orig-size=\"1565,2362\" data-comments-opened=\"1\" data-image-meta=\"{&quot;aperture&quot;:&quot;5.3&quot;,&quot;credit&quot;:&quot;&quot;,&quot;camera&quot;:&quot;NIKON D7000&quot;,&quot;caption&quot;:&quot;&quot;,&quot;created_timestamp&quot;:&quot;1487633596&quot;,&quot;copyright&quot;:&quot;&quot;,&quot;focal_length&quot;:&quot;75&quot;,&quot;iso&quot;:&quot;3200&quot;,&quot;shutter_speed&quot;:&quot;0.025&quot;,&quot;title&quot;:&quot;&quot;,&quot;orientation&quot;:&quot;1&quot;}\" data-image-title=\"Glenn-Jordan_73\" data-image-description=\"\" data-medium-file=\"https:\/\/i0.wp.com\/www.jazzzeitung.de\/cms\/wp-content\/uploads\/2017\/02\/Glenn-Jordan_73.jpg?fit=199%2C300&#038;ssl=1\" data-large-file=\"https:\/\/i0.wp.com\/www.jazzzeitung.de\/cms\/wp-content\/uploads\/2017\/02\/Glenn-Jordan_73.jpg?fit=398%2C600&#038;ssl=1\" src=\"https:\/\/i0.wp.com\/www.jazzzeitung.de\/cms\/wp-content\/uploads\/2017\/02\/Glenn-Jordan_73.jpg?w=416&#038;h=628&#038;ssl=1\" srcset=\"https:\/\/i0.wp.com\/www.jazzzeitung.de\/cms\/wp-content\/uploads\/2017\/02\/Glenn-Jordan_73.jpg?w=1565&amp;ssl=1 1565w, https:\/\/i0.wp.com\/www.jazzzeitung.de\/cms\/wp-content\/uploads\/2017\/02\/Glenn-Jordan_73.jpg?resize=199%2C300&amp;ssl=1 199w, https:\/\/i0.wp.com\/www.jazzzeitung.de\/cms\/wp-content\/uploads\/2017\/02\/Glenn-Jordan_73.jpg?resize=768%2C1159&amp;ssl=1 768w, https:\/\/i0.wp.com\/www.jazzzeitung.de\/cms\/wp-content\/uploads\/2017\/02\/Glenn-Jordan_73.jpg?resize=398%2C600&amp;ssl=1 398w\" width=\"416\" height=\"628\" loading=\"lazy\" data-original-width=\"416\" data-original-height=\"628\" itemprop=\"http:\/\/schema.org\/image\" title=\"Glenn-Jordan_73\" alt=\"Glenn-Jordan_73\" style=\"width: 416px; height: 628px;\" \/> <\/a> <\/div> <\/div> <!-- close group --> <div class=\"gallery-group images-1\" style=\"width: 420px; height: 632px;\" data-original-width=\"420\" data-original-height=\"632\" > <div class=\"tiled-gallery-item tiled-gallery-item-large\" itemprop=\"associatedMedia\" itemscope itemtype=\"http:\/\/schema.org\/ImageObject\"> <a href=\"https:\/\/www.jazzzeitung.de\/cms\/2017\/02\/tourabstecher-fred-frith-begeisterte-in-regensburg\/hoopes-jason_64\/\" border=\"0\" itemprop=\"url\"> <meta itemprop=\"width\" content=\"416\"> <meta itemprop=\"height\" content=\"628\"> <img decoding=\"async\" class=\"\" data-attachment-id=\"11790\" data-orig-file=\"https:\/\/www.jazzzeitung.de\/cms\/wp-content\/uploads\/2017\/02\/Hoopes-Jason_64.jpg\" data-orig-size=\"1565,2362\" data-comments-opened=\"1\" data-image-meta=\"{&quot;aperture&quot;:&quot;5.3&quot;,&quot;credit&quot;:&quot;&quot;,&quot;camera&quot;:&quot;NIKON D7000&quot;,&quot;caption&quot;:&quot;&quot;,&quot;created_timestamp&quot;:&quot;1487633178&quot;,&quot;copyright&quot;:&quot;&quot;,&quot;focal_length&quot;:&quot;75&quot;,&quot;iso&quot;:&quot;3200&quot;,&quot;shutter_speed&quot;:&quot;0.025&quot;,&quot;title&quot;:&quot;&quot;,&quot;orientation&quot;:&quot;1&quot;}\" data-image-title=\"Hoopes-Jason_64\" data-image-description=\"\" data-medium-file=\"https:\/\/i0.wp.com\/www.jazzzeitung.de\/cms\/wp-content\/uploads\/2017\/02\/Hoopes-Jason_64.jpg?fit=199%2C300&#038;ssl=1\" data-large-file=\"https:\/\/i0.wp.com\/www.jazzzeitung.de\/cms\/wp-content\/uploads\/2017\/02\/Hoopes-Jason_64.jpg?fit=398%2C600&#038;ssl=1\" src=\"https:\/\/i0.wp.com\/www.jazzzeitung.de\/cms\/wp-content\/uploads\/2017\/02\/Hoopes-Jason_64.jpg?w=416&#038;h=628&#038;ssl=1\" srcset=\"https:\/\/i0.wp.com\/www.jazzzeitung.de\/cms\/wp-content\/uploads\/2017\/02\/Hoopes-Jason_64.jpg?w=1565&amp;ssl=1 1565w, https:\/\/i0.wp.com\/www.jazzzeitung.de\/cms\/wp-content\/uploads\/2017\/02\/Hoopes-Jason_64.jpg?resize=199%2C300&amp;ssl=1 199w, https:\/\/i0.wp.com\/www.jazzzeitung.de\/cms\/wp-content\/uploads\/2017\/02\/Hoopes-Jason_64.jpg?resize=768%2C1159&amp;ssl=1 768w, https:\/\/i0.wp.com\/www.jazzzeitung.de\/cms\/wp-content\/uploads\/2017\/02\/Hoopes-Jason_64.jpg?resize=398%2C600&amp;ssl=1 398w\" width=\"416\" height=\"628\" loading=\"lazy\" data-original-width=\"416\" data-original-height=\"628\" itemprop=\"http:\/\/schema.org\/image\" title=\"Hoopes-Jason_64\" alt=\"Hoopes-Jason_64\" style=\"width: 416px; height: 628px;\" \/> <\/a> <\/div> <\/div> <!-- close group --> <\/div> <!-- close row --> <div class=\"gallery-row\" style=\"width: 840px; height: 715px;\" data-original-width=\"840\" data-original-height=\"715\" > <div class=\"gallery-group images-3\" style=\"width: 365px; height: 715px;\" data-original-width=\"365\" data-original-height=\"715\" > <div class=\"tiled-gallery-item tiled-gallery-item-large\" itemprop=\"associatedMedia\" itemscope itemtype=\"http:\/\/schema.org\/ImageObject\"> <a href=\"https:\/\/www.jazzzeitung.de\/cms\/2017\/02\/tourabstecher-fred-frith-begeisterte-in-regensburg\/hoopes-jason_48\/\" border=\"0\" itemprop=\"url\"> <meta itemprop=\"width\" content=\"361\"> <meta itemprop=\"height\" content=\"239\"> <img decoding=\"async\" class=\"\" data-attachment-id=\"11789\" data-orig-file=\"https:\/\/www.jazzzeitung.de\/cms\/wp-content\/uploads\/2017\/02\/Hoopes-Jason_48.jpg\" data-orig-size=\"2362,1565\" data-comments-opened=\"1\" data-image-meta=\"{&quot;aperture&quot;:&quot;5&quot;,&quot;credit&quot;:&quot;&quot;,&quot;camera&quot;:&quot;NIKON D7000&quot;,&quot;caption&quot;:&quot;&quot;,&quot;created_timestamp&quot;:&quot;1487631685&quot;,&quot;copyright&quot;:&quot;&quot;,&quot;focal_length&quot;:&quot;52&quot;,&quot;iso&quot;:&quot;3200&quot;,&quot;shutter_speed&quot;:&quot;0.025&quot;,&quot;title&quot;:&quot;&quot;,&quot;orientation&quot;:&quot;1&quot;}\" data-image-title=\"Hoopes-Jason_48\" data-image-description=\"\" data-medium-file=\"https:\/\/i0.wp.com\/www.jazzzeitung.de\/cms\/wp-content\/uploads\/2017\/02\/Hoopes-Jason_48.jpg?fit=300%2C199&#038;ssl=1\" data-large-file=\"https:\/\/i0.wp.com\/www.jazzzeitung.de\/cms\/wp-content\/uploads\/2017\/02\/Hoopes-Jason_48.jpg?fit=840%2C556&#038;ssl=1\" src=\"https:\/\/i0.wp.com\/www.jazzzeitung.de\/cms\/wp-content\/uploads\/2017\/02\/Hoopes-Jason_48.jpg?w=361&#038;h=239&#038;ssl=1\" srcset=\"https:\/\/i0.wp.com\/www.jazzzeitung.de\/cms\/wp-content\/uploads\/2017\/02\/Hoopes-Jason_48.jpg?w=2362&amp;ssl=1 2362w, https:\/\/i0.wp.com\/www.jazzzeitung.de\/cms\/wp-content\/uploads\/2017\/02\/Hoopes-Jason_48.jpg?resize=300%2C199&amp;ssl=1 300w, https:\/\/i0.wp.com\/www.jazzzeitung.de\/cms\/wp-content\/uploads\/2017\/02\/Hoopes-Jason_48.jpg?resize=768%2C509&amp;ssl=1 768w, https:\/\/i0.wp.com\/www.jazzzeitung.de\/cms\/wp-content\/uploads\/2017\/02\/Hoopes-Jason_48.jpg?resize=900%2C596&amp;ssl=1 900w, https:\/\/i0.wp.com\/www.jazzzeitung.de\/cms\/wp-content\/uploads\/2017\/02\/Hoopes-Jason_48.jpg?w=1680&amp;ssl=1 1680w\" width=\"361\" height=\"239\" loading=\"lazy\" data-original-width=\"361\" data-original-height=\"239\" itemprop=\"http:\/\/schema.org\/image\" title=\"Hoopes-Jason_48\" alt=\"Hoopes-Jason_48\" style=\"width: 361px; height: 239px;\" \/> <\/a> <\/div> <div class=\"tiled-gallery-item tiled-gallery-item-large\" itemprop=\"associatedMedia\" itemscope itemtype=\"http:\/\/schema.org\/ImageObject\"> <a href=\"https:\/\/www.jazzzeitung.de\/cms\/2017\/02\/tourabstecher-fred-frith-begeisterte-in-regensburg\/glenn-jordan_34\/\" border=\"0\" itemprop=\"url\"> <meta itemprop=\"width\" content=\"361\"> <meta itemprop=\"height\" content=\"227\"> <img decoding=\"async\" class=\"\" data-attachment-id=\"11787\" data-orig-file=\"https:\/\/www.jazzzeitung.de\/cms\/wp-content\/uploads\/2017\/02\/Glenn-Jordan_34.jpg\" data-orig-size=\"2471,1559\" data-comments-opened=\"1\" data-image-meta=\"{&quot;aperture&quot;:&quot;5&quot;,&quot;credit&quot;:&quot;&quot;,&quot;camera&quot;:&quot;NIKON D7000&quot;,&quot;caption&quot;:&quot;&quot;,&quot;created_timestamp&quot;:&quot;1487631449&quot;,&quot;copyright&quot;:&quot;&quot;,&quot;focal_length&quot;:&quot;52&quot;,&quot;iso&quot;:&quot;2000&quot;,&quot;shutter_speed&quot;:&quot;0.0125&quot;,&quot;title&quot;:&quot;&quot;,&quot;orientation&quot;:&quot;1&quot;}\" data-image-title=\"Glenn-Jordan_34\" data-image-description=\"\" data-medium-file=\"https:\/\/i0.wp.com\/www.jazzzeitung.de\/cms\/wp-content\/uploads\/2017\/02\/Glenn-Jordan_34.jpg?fit=300%2C189&#038;ssl=1\" data-large-file=\"https:\/\/i0.wp.com\/www.jazzzeitung.de\/cms\/wp-content\/uploads\/2017\/02\/Glenn-Jordan_34.jpg?fit=840%2C530&#038;ssl=1\" src=\"https:\/\/i0.wp.com\/www.jazzzeitung.de\/cms\/wp-content\/uploads\/2017\/02\/Glenn-Jordan_34.jpg?w=361&#038;h=227&#038;ssl=1\" srcset=\"https:\/\/i0.wp.com\/www.jazzzeitung.de\/cms\/wp-content\/uploads\/2017\/02\/Glenn-Jordan_34.jpg?w=2471&amp;ssl=1 2471w, https:\/\/i0.wp.com\/www.jazzzeitung.de\/cms\/wp-content\/uploads\/2017\/02\/Glenn-Jordan_34.jpg?resize=300%2C189&amp;ssl=1 300w, https:\/\/i0.wp.com\/www.jazzzeitung.de\/cms\/wp-content\/uploads\/2017\/02\/Glenn-Jordan_34.jpg?resize=768%2C485&amp;ssl=1 768w, https:\/\/i0.wp.com\/www.jazzzeitung.de\/cms\/wp-content\/uploads\/2017\/02\/Glenn-Jordan_34.jpg?resize=900%2C568&amp;ssl=1 900w, https:\/\/i0.wp.com\/www.jazzzeitung.de\/cms\/wp-content\/uploads\/2017\/02\/Glenn-Jordan_34.jpg?resize=400%2C250&amp;ssl=1 400w, https:\/\/i0.wp.com\/www.jazzzeitung.de\/cms\/wp-content\/uploads\/2017\/02\/Glenn-Jordan_34.jpg?w=1680&amp;ssl=1 1680w\" width=\"361\" height=\"227\" loading=\"lazy\" data-original-width=\"361\" data-original-height=\"227\" itemprop=\"http:\/\/schema.org\/image\" title=\"Glenn-Jordan_34\" alt=\"Glenn-Jordan_34\" style=\"width: 361px; height: 227px;\" \/> <\/a> <\/div> <div class=\"tiled-gallery-item tiled-gallery-item-large\" itemprop=\"associatedMedia\" itemscope itemtype=\"http:\/\/schema.org\/ImageObject\"> <a href=\"https:\/\/www.jazzzeitung.de\/cms\/2017\/02\/tourabstecher-fred-frith-begeisterte-in-regensburg\/frith-trio_76\/\" border=\"0\" itemprop=\"url\"> <meta itemprop=\"width\" content=\"361\"> <meta itemprop=\"height\" content=\"237\"> <img decoding=\"async\" class=\"\" data-attachment-id=\"11786\" data-orig-file=\"https:\/\/www.jazzzeitung.de\/cms\/wp-content\/uploads\/2017\/02\/Frith-Trio_76.jpg\" data-orig-size=\"2362,1550\" data-comments-opened=\"1\" data-image-meta=\"{&quot;aperture&quot;:&quot;3.8&quot;,&quot;credit&quot;:&quot;&quot;,&quot;camera&quot;:&quot;NIKON D7000&quot;,&quot;caption&quot;:&quot;&quot;,&quot;created_timestamp&quot;:&quot;1487634805&quot;,&quot;copyright&quot;:&quot;&quot;,&quot;focal_length&quot;:&quot;24&quot;,&quot;iso&quot;:&quot;3200&quot;,&quot;shutter_speed&quot;:&quot;0.0125&quot;,&quot;title&quot;:&quot;&quot;,&quot;orientation&quot;:&quot;1&quot;}\" data-image-title=\"Frith-Trio_76\" data-image-description=\"\" data-medium-file=\"https:\/\/i0.wp.com\/www.jazzzeitung.de\/cms\/wp-content\/uploads\/2017\/02\/Frith-Trio_76.jpg?fit=300%2C197&#038;ssl=1\" data-large-file=\"https:\/\/i0.wp.com\/www.jazzzeitung.de\/cms\/wp-content\/uploads\/2017\/02\/Frith-Trio_76.jpg?fit=840%2C552&#038;ssl=1\" src=\"https:\/\/i0.wp.com\/www.jazzzeitung.de\/cms\/wp-content\/uploads\/2017\/02\/Frith-Trio_76.jpg?w=361&#038;h=237&#038;ssl=1\" srcset=\"https:\/\/i0.wp.com\/www.jazzzeitung.de\/cms\/wp-content\/uploads\/2017\/02\/Frith-Trio_76.jpg?w=2362&amp;ssl=1 2362w, https:\/\/i0.wp.com\/www.jazzzeitung.de\/cms\/wp-content\/uploads\/2017\/02\/Frith-Trio_76.jpg?resize=300%2C197&amp;ssl=1 300w, https:\/\/i0.wp.com\/www.jazzzeitung.de\/cms\/wp-content\/uploads\/2017\/02\/Frith-Trio_76.jpg?resize=768%2C504&amp;ssl=1 768w, https:\/\/i0.wp.com\/www.jazzzeitung.de\/cms\/wp-content\/uploads\/2017\/02\/Frith-Trio_76.jpg?resize=900%2C591&amp;ssl=1 900w, https:\/\/i0.wp.com\/www.jazzzeitung.de\/cms\/wp-content\/uploads\/2017\/02\/Frith-Trio_76.jpg?w=1680&amp;ssl=1 1680w\" width=\"361\" height=\"237\" loading=\"lazy\" data-original-width=\"361\" data-original-height=\"237\" itemprop=\"http:\/\/schema.org\/image\" title=\"Frith-Trio_76\" alt=\"Frith-Trio_76\" style=\"width: 361px; height: 237px;\" \/> <\/a> <\/div> <\/div> <!-- close group --> <div class=\"gallery-group images-1\" style=\"width: 475px; height: 715px;\" data-original-width=\"475\" data-original-height=\"715\" > <div class=\"tiled-gallery-item tiled-gallery-item-large\" itemprop=\"associatedMedia\" itemscope itemtype=\"http:\/\/schema.org\/ImageObject\"> <a href=\"https:\/\/www.jazzzeitung.de\/cms\/2017\/02\/tourabstecher-fred-frith-begeisterte-in-regensburg\/frith-fred_59\/\" border=\"0\" itemprop=\"url\"> <meta itemprop=\"width\" content=\"471\"> <meta itemprop=\"height\" content=\"711\"> <img decoding=\"async\" class=\"\" data-attachment-id=\"11785\" data-orig-file=\"https:\/\/www.jazzzeitung.de\/cms\/wp-content\/uploads\/2017\/02\/Frith-fred_59.jpg\" data-orig-size=\"1565,2362\" data-comments-opened=\"1\" data-image-meta=\"{&quot;aperture&quot;:&quot;5.3&quot;,&quot;credit&quot;:&quot;&quot;,&quot;camera&quot;:&quot;NIKON D7000&quot;,&quot;caption&quot;:&quot;&quot;,&quot;created_timestamp&quot;:&quot;1487632983&quot;,&quot;copyright&quot;:&quot;&quot;,&quot;focal_length&quot;:&quot;66&quot;,&quot;iso&quot;:&quot;3200&quot;,&quot;shutter_speed&quot;:&quot;0.025&quot;,&quot;title&quot;:&quot;&quot;,&quot;orientation&quot;:&quot;1&quot;}\" data-image-title=\"Frith-fred_59\" data-image-description=\"\" data-medium-file=\"https:\/\/i0.wp.com\/www.jazzzeitung.de\/cms\/wp-content\/uploads\/2017\/02\/Frith-fred_59.jpg?fit=199%2C300&#038;ssl=1\" data-large-file=\"https:\/\/i0.wp.com\/www.jazzzeitung.de\/cms\/wp-content\/uploads\/2017\/02\/Frith-fred_59.jpg?fit=398%2C600&#038;ssl=1\" src=\"https:\/\/i0.wp.com\/www.jazzzeitung.de\/cms\/wp-content\/uploads\/2017\/02\/Frith-fred_59.jpg?w=471&#038;h=711&#038;ssl=1\" srcset=\"https:\/\/i0.wp.com\/www.jazzzeitung.de\/cms\/wp-content\/uploads\/2017\/02\/Frith-fred_59.jpg?w=1565&amp;ssl=1 1565w, https:\/\/i0.wp.com\/www.jazzzeitung.de\/cms\/wp-content\/uploads\/2017\/02\/Frith-fred_59.jpg?resize=199%2C300&amp;ssl=1 199w, https:\/\/i0.wp.com\/www.jazzzeitung.de\/cms\/wp-content\/uploads\/2017\/02\/Frith-fred_59.jpg?resize=768%2C1159&amp;ssl=1 768w, https:\/\/i0.wp.com\/www.jazzzeitung.de\/cms\/wp-content\/uploads\/2017\/02\/Frith-fred_59.jpg?resize=398%2C600&amp;ssl=1 398w\" width=\"471\" height=\"711\" loading=\"lazy\" data-original-width=\"471\" data-original-height=\"711\" itemprop=\"http:\/\/schema.org\/image\" title=\"Frith-fred_59\" alt=\"Frith-fred_59\" style=\"width: 471px; height: 711px;\" \/> <\/a> <\/div> <\/div> <!-- close group --> <\/div> <!-- close row --> <\/div>\n<p>Damit, lie\u00dfe sich mit dem Verschwinden alternativer Lebensformen einwenden, ist auch die Musik \u00fcberholt, ein zeitgeschichtliches Relikt sozusagen. Betrachtet man nur die Produktionsmittel, elektrische Gitarren und traditionelles Schlagzeugset, mag da angesichts elektronischer Avantgarde etwas dran sein. H\u00f6rt man in die mal wuchtig sich t\u00fcrmende, in Fetzen melodi\u00f6se, mal poetische harsche Musik, muss man zu einem anderen Schluss kommen. Der brodelnde Geysir, den das Trio in Regensburg aus dem Stand aufbrechen lie\u00df, wirbelte das Publikum erst einmal ordentlich durch. Und er unterstrich die Lebendigkeit und Aktualit\u00e4t von Ideen wie Freiheit, Offenheit und Miteinander \u2013 auch und besonders in der Konfrontation, der offenen Auseinandersetzung. Dichtes freies Spiel, zeitweise dominiert vom intensiven vorw\u00e4rts dr\u00e4ngenden Bassmann Hoopes, setzte das Publikum regelrecht unter Strom und \u00f6ffnete ein weites Feld an Klangfarben, Stimmungen und hybrider Eindr\u00fccke. Nachvollziehbare melodische Figuren oder harmonische Formen tauchten als Fragmente wie kleine Leuchtdioden auf, um sogleich wieder ab- und aufgel\u00f6st zu werden. Wuchtige Rockenergie stie\u00df an verschliffene Klangmauern, ein rhythmischer Groove, der sich eigensinnig durchgesetzt hatte, wurde sofort wieder von einem freien Puls aufgesogen und transzendiert. Man k\u00f6nnte auch ganz einfach sagen \u2013 da ging richtig die Post ab!<\/p>\n<p>W\u00e4hrend das erste St\u00fcck \u00fcber weite Strecken frei improvisiert war, spielte das Trio danach auch Kompositionen aus dem aktuellen Album \u201eAnother Day in Fucking Paradise\u201c. Wobei das Improvisieren und Spielen mit Kl\u00e4ngen auch bei den geschriebenen Takes auf der B\u00fchne immer viel Raum einnimmt. Nahezu wortlos \u2013 einmal bedankt sich Frith artig mit \u201eDanke sch\u00f6n\u201c f\u00fcr begeisterten Applaus \u2013 und ohne sich anzuschauen zupften, zerrten und schrammelnden sich die Musiker durch einen spannenden Soundkosmos, den der \u00fcberragende Drummer h\u00f6chst sensibel zusammenhielt. Bei beiden Saitenartisten kam dabei eine ganze Phalanx an Effektger\u00e4ten und Soundgadgets zum Einsatz, die vom Unterwassergeblubber bis zum majest\u00e4tischen Hall eines Kathedralbaus vielf\u00e4ltige Raumassoziationen auszul\u00f6sen imstande war. Reichten die elektrischen Hilfsmittelchen, wie der m\u00e4chtige E-Bow nicht aus, den die Gitarristen einsetzten, griff Frith auch schon mal zur Blechdose, setzte sie auf die Saiten und r\u00fchrte darin mit einem Metallstift herum. Aus all den Zutaten resultierten auch fl\u00f6ten-, orgel- und streicher\u00e4hnliche Klangfarben, welche die st\u00f6rrische Heftigkeit der Musik in eine bet\u00f6rend raue Poesie betteten. Keine Sekunde Langeweile, eine Vielfalt an Stimmungen zwischen innerer Weite und lustvoller Eruption und ein gelegentlich aufblitzender untergr\u00fcndiger Witz. Dieses Konzert vergessen die nachdr\u00fccklich Zugaben einfordernden Zuh\u00f6rer vermutlich nicht so schnell. Zugabe: ein kurzes lapidares Ping-Pong. Ach ja: Wenn die Engl\u00e4nder im vergangenen Jahr statt auf Ukip mehr auf einen ihrer besten Musiker geh\u00f6rt h\u00e4tten, bei dem vom Country \u00fcber Blues, Jazz, Folk und ethnischen Formen bis hin zum Skurrilen die ganze Welt drinsteckt, w\u00e4re der Brexit kein Thema geworden. Frith Musik, um mit einer gro\u00dfen Zeitung Frankreichs zu sprechen, geh\u00f6rt \u201ezu den m\u00e4chtigsten und originellsten der Gegenwart\u201c.<\/p>\n<p><em>Text und Fotos: Michael Scheiner<br \/>\n<\/em><\/p>\n<p><em>Infos: <a href=\"http:\/\/www.fredfrith.com\/\">www.fredfrith.com<\/a> <\/em><\/p>\n<p>&nbsp;<\/p>\n","protected":false},"excerpt":{"rendered":"<p>\u201eIch freu mich, wir freuen uns aaauf. Fred Frith!\u201c In seiner Aufregung \u00fcber den Tourschlenker, den der Musiker mit dem legend\u00e4ren Ruf f\u00fcr einen Auftritt beim Jazzclub Regensburg genutzt hat, vergisst Clubchef Winfried Freisleben ganz, dass da noch zwei andere Musiker mit auf der B\u00fchne stehen. Mit kurzem Nicken nimmt der Gitarrist den Platz neben dem Fl\u00fcgel ein und stellt mit einer gemurmelten Begr\u00fc\u00dfung \u201eMister Jason Hoopes on bass\u201c und \u201eon drums, Mister Jordan Glenn\u201c vor. Solide englische H\u00f6flichkeit, die dem in Kalifornien lebenden und lehrenden Musiker in den legereren USA unberufen nicht abhanden gekommen ist. Hoopes und Glenn, beide Abg\u00e4nger des renommierten Mills College in Oakland, sind gut eine Generation j\u00fcnger als Frith. Zwei Tage zuvor feierte der seinen 68. Geburtstag. Bemerkbar macht sich das gelegentlich, wenn Frith in Soundt\u00fcfteleien und Gefrickel vertieft, sp\u00fcrbar abgekl\u00e4rter wirkt, w\u00e4hrend der schwarzgelockte Bassist wie unter Strom wuchtige rhythmische Breitseiten abfeuert, vertrackt kontrastiert, immer wieder aufs Tempo dr\u00fcckt. Dennoch ist die gemeinsame Haltung, aus dem Moment heraus eine von Stil- und Genregrenzen befreite, nach vielen Seiten offene Musik zu kreieren, auch bei musikalischen Sticheleien durchwegs sp\u00fcrbar. Transportiert werden &hellip;<\/p>\n","protected":false},"author":18,"featured_media":0,"comment_status":"open","ping_status":"closed","sticky":false,"template":"","format":"standard","meta":{"_jetpack_memberships_contains_paid_content":false,"footnotes":"","jetpack_publicize_message":"","jetpack_publicize_feature_enabled":true,"jetpack_social_post_already_shared":false,"jetpack_social_options":{"image_generator_settings":{"template":"highway","default_image_id":0,"font":"","enabled":false},"version":2}},"categories":[1053],"tags":[34,1315,83,790,271,737,322,387,1797,1356],"coauthors":[695],"class_list":["post-11783","post","type-post","status-publish","format-standard","hentry","category-bericht","tag-album","tag-applaus","tag-blues","tag-geburtstag","tag-jazzclub","tag-jazzclub-regensburg","tag-konzert-2","tag-michael-scheiner","tag-regensburg","tag-trio"],"yoast_head":"<!-- This site is optimized with the Yoast SEO plugin v27.5 - https:\/\/yoast.com\/product\/yoast-seo-wordpress\/ -->\n<title>Tourabstecher: Fred Frith begeisterte in Regensburg - JazzZeitung<\/title>\n<meta name=\"robots\" content=\"index, follow, max-snippet:-1, max-image-preview:large, max-video-preview:-1\" \/>\n<link rel=\"canonical\" href=\"https:\/\/www.jazzzeitung.de\/cms\/2017\/02\/tourabstecher-fred-frith-begeisterte-in-regensburg\/\" \/>\n<meta property=\"og:locale\" content=\"de_DE\" \/>\n<meta property=\"og:type\" content=\"article\" \/>\n<meta property=\"og:title\" content=\"Tourabstecher: Fred Frith begeisterte in Regensburg - JazzZeitung\" \/>\n<meta property=\"og:description\" content=\"\u201eIch freu mich, wir freuen uns aaauf. Fred Frith!\u201c In seiner Aufregung \u00fcber den Tourschlenker, den der Musiker mit dem legend\u00e4ren Ruf f\u00fcr einen Auftritt beim Jazzclub Regensburg genutzt hat, vergisst Clubchef Winfried Freisleben ganz, dass da noch zwei andere Musiker mit auf der B\u00fchne stehen. Mit kurzem Nicken nimmt der Gitarrist den Platz neben dem Fl\u00fcgel ein und stellt mit einer gemurmelten Begr\u00fc\u00dfung \u201eMister Jason Hoopes on bass\u201c und \u201eon drums, Mister Jordan Glenn\u201c vor. Solide englische H\u00f6flichkeit, die dem in Kalifornien lebenden und lehrenden Musiker in den legereren USA unberufen nicht abhanden gekommen ist. Hoopes und Glenn, beide Abg\u00e4nger des renommierten Mills College in Oakland, sind gut eine Generation j\u00fcnger als Frith. Zwei Tage zuvor feierte der seinen 68. Geburtstag. Bemerkbar macht sich das gelegentlich, wenn Frith in Soundt\u00fcfteleien und Gefrickel vertieft, sp\u00fcrbar abgekl\u00e4rter wirkt, w\u00e4hrend der schwarzgelockte Bassist wie unter Strom wuchtige rhythmische Breitseiten abfeuert, vertrackt kontrastiert, immer wieder aufs Tempo dr\u00fcckt. Dennoch ist die gemeinsame Haltung, aus dem Moment heraus eine von Stil- und Genregrenzen befreite, nach vielen Seiten offene Musik zu kreieren, auch bei musikalischen Sticheleien durchwegs sp\u00fcrbar. Transportiert werden &hellip;\" \/>\n<meta property=\"og:url\" content=\"https:\/\/www.jazzzeitung.de\/cms\/2017\/02\/tourabstecher-fred-frith-begeisterte-in-regensburg\/\" \/>\n<meta property=\"og:site_name\" content=\"JazzZeitung\" \/>\n<meta property=\"article:publisher\" content=\"https:\/\/www.facebook.com\/JazzZeitung\/\" \/>\n<meta property=\"article:published_time\" content=\"2017-02-24T08:24:26+00:00\" \/>\n<meta property=\"og:image\" content=\"https:\/\/i0.wp.com\/www.jazzzeitung.de\/cms\/wp-content\/uploads\/2017\/02\/Glenn-Jordan_73.jpg?w=416&#038;h=628&#038;ssl=1\" \/>\n<meta name=\"author\" content=\"Redaktion JazzZeitung\" \/>\n<script type=\"application\/ld+json\" class=\"yoast-schema-graph\">{\"@context\":\"https:\\\/\\\/schema.org\",\"@graph\":[{\"@type\":\"Article\",\"@id\":\"https:\\\/\\\/www.jazzzeitung.de\\\/cms\\\/2017\\\/02\\\/tourabstecher-fred-frith-begeisterte-in-regensburg\\\/#article\",\"isPartOf\":{\"@id\":\"https:\\\/\\\/www.jazzzeitung.de\\\/cms\\\/2017\\\/02\\\/tourabstecher-fred-frith-begeisterte-in-regensburg\\\/\"},\"author\":{\"name\":\"Redaktion JazzZeitung\",\"@id\":\"https:\\\/\\\/www.jazzzeitung.de\\\/cms\\\/#\\\/schema\\\/person\\\/2245b36b9cd1d24cea10f01c031fb92b\"},\"headline\":\"Tourabstecher: Fred Frith begeisterte in Regensburg\",\"datePublished\":\"2017-02-24T08:24:26+00:00\",\"mainEntityOfPage\":{\"@id\":\"https:\\\/\\\/www.jazzzeitung.de\\\/cms\\\/2017\\\/02\\\/tourabstecher-fred-frith-begeisterte-in-regensburg\\\/\"},\"wordCount\":742,\"commentCount\":0,\"publisher\":{\"@id\":\"https:\\\/\\\/www.jazzzeitung.de\\\/cms\\\/#organization\"},\"image\":{\"@id\":\"https:\\\/\\\/www.jazzzeitung.de\\\/cms\\\/2017\\\/02\\\/tourabstecher-fred-frith-begeisterte-in-regensburg\\\/#primaryimage\"},\"thumbnailUrl\":\"http:\\\/\\\/www.jazzzeitung.de\\\/cms\\\/wp-content\\\/uploads\\\/2017\\\/02\\\/Frith-fred_27-150x150.jpg\",\"keywords\":[\"Album\",\"APPLAUS\",\"Blues\",\"Geburtstag\",\"Jazzclub\",\"Jazzclub Regensburg\",\"Konzert\",\"Michael Scheiner\",\"Regensburg\",\"trio\"],\"articleSection\":[\"Bericht\"],\"inLanguage\":\"de\",\"potentialAction\":[{\"@type\":\"CommentAction\",\"name\":\"Comment\",\"target\":[\"https:\\\/\\\/www.jazzzeitung.de\\\/cms\\\/2017\\\/02\\\/tourabstecher-fred-frith-begeisterte-in-regensburg\\\/#respond\"]}]},{\"@type\":\"WebPage\",\"@id\":\"https:\\\/\\\/www.jazzzeitung.de\\\/cms\\\/2017\\\/02\\\/tourabstecher-fred-frith-begeisterte-in-regensburg\\\/\",\"url\":\"https:\\\/\\\/www.jazzzeitung.de\\\/cms\\\/2017\\\/02\\\/tourabstecher-fred-frith-begeisterte-in-regensburg\\\/\",\"name\":\"Tourabstecher: Fred Frith begeisterte in Regensburg - JazzZeitung\",\"isPartOf\":{\"@id\":\"https:\\\/\\\/www.jazzzeitung.de\\\/cms\\\/#website\"},\"primaryImageOfPage\":{\"@id\":\"https:\\\/\\\/www.jazzzeitung.de\\\/cms\\\/2017\\\/02\\\/tourabstecher-fred-frith-begeisterte-in-regensburg\\\/#primaryimage\"},\"image\":{\"@id\":\"https:\\\/\\\/www.jazzzeitung.de\\\/cms\\\/2017\\\/02\\\/tourabstecher-fred-frith-begeisterte-in-regensburg\\\/#primaryimage\"},\"thumbnailUrl\":\"http:\\\/\\\/www.jazzzeitung.de\\\/cms\\\/wp-content\\\/uploads\\\/2017\\\/02\\\/Frith-fred_27-150x150.jpg\",\"datePublished\":\"2017-02-24T08:24:26+00:00\",\"breadcrumb\":{\"@id\":\"https:\\\/\\\/www.jazzzeitung.de\\\/cms\\\/2017\\\/02\\\/tourabstecher-fred-frith-begeisterte-in-regensburg\\\/#breadcrumb\"},\"inLanguage\":\"de\",\"potentialAction\":[{\"@type\":\"ReadAction\",\"target\":[\"https:\\\/\\\/www.jazzzeitung.de\\\/cms\\\/2017\\\/02\\\/tourabstecher-fred-frith-begeisterte-in-regensburg\\\/\"]}]},{\"@type\":\"ImageObject\",\"inLanguage\":\"de\",\"@id\":\"https:\\\/\\\/www.jazzzeitung.de\\\/cms\\\/2017\\\/02\\\/tourabstecher-fred-frith-begeisterte-in-regensburg\\\/#primaryimage\",\"url\":\"http:\\\/\\\/www.jazzzeitung.de\\\/cms\\\/wp-content\\\/uploads\\\/2017\\\/02\\\/Frith-fred_27-150x150.jpg\",\"contentUrl\":\"http:\\\/\\\/www.jazzzeitung.de\\\/cms\\\/wp-content\\\/uploads\\\/2017\\\/02\\\/Frith-fred_27-150x150.jpg\"},{\"@type\":\"BreadcrumbList\",\"@id\":\"https:\\\/\\\/www.jazzzeitung.de\\\/cms\\\/2017\\\/02\\\/tourabstecher-fred-frith-begeisterte-in-regensburg\\\/#breadcrumb\",\"itemListElement\":[{\"@type\":\"ListItem\",\"position\":1,\"name\":\"Startseite\",\"item\":\"https:\\\/\\\/www.jazzzeitung.de\\\/cms\\\/\"},{\"@type\":\"ListItem\",\"position\":2,\"name\":\"Tourabstecher: Fred Frith begeisterte in Regensburg\"}]},{\"@type\":\"WebSite\",\"@id\":\"https:\\\/\\\/www.jazzzeitung.de\\\/cms\\\/#website\",\"url\":\"https:\\\/\\\/www.jazzzeitung.de\\\/cms\\\/\",\"name\":\"JazzZeitung\",\"description\":\"Jazz-News und Jazz-Kontroverses\",\"publisher\":{\"@id\":\"https:\\\/\\\/www.jazzzeitung.de\\\/cms\\\/#organization\"},\"potentialAction\":[{\"@type\":\"SearchAction\",\"target\":{\"@type\":\"EntryPoint\",\"urlTemplate\":\"https:\\\/\\\/www.jazzzeitung.de\\\/cms\\\/?s={search_term_string}\"},\"query-input\":{\"@type\":\"PropertyValueSpecification\",\"valueRequired\":true,\"valueName\":\"search_term_string\"}}],\"inLanguage\":\"de\"},{\"@type\":\"Organization\",\"@id\":\"https:\\\/\\\/www.jazzzeitung.de\\\/cms\\\/#organization\",\"name\":\"JazzZeitung online\",\"url\":\"https:\\\/\\\/www.jazzzeitung.de\\\/cms\\\/\",\"logo\":{\"@type\":\"ImageObject\",\"inLanguage\":\"de\",\"@id\":\"https:\\\/\\\/www.jazzzeitung.de\\\/cms\\\/#\\\/schema\\\/logo\\\/image\\\/\",\"url\":\"https:\\\/\\\/i0.wp.com\\\/www.jazzzeitung.de\\\/cms\\\/wp-content\\\/uploads\\\/2015\\\/08\\\/JAZZZEITUNGDE_Logo_Neu.png?fit=499%2C200&ssl=1\",\"contentUrl\":\"https:\\\/\\\/i0.wp.com\\\/www.jazzzeitung.de\\\/cms\\\/wp-content\\\/uploads\\\/2015\\\/08\\\/JAZZZEITUNGDE_Logo_Neu.png?fit=499%2C200&ssl=1\",\"width\":499,\"height\":200,\"caption\":\"JazzZeitung online\"},\"image\":{\"@id\":\"https:\\\/\\\/www.jazzzeitung.de\\\/cms\\\/#\\\/schema\\\/logo\\\/image\\\/\"},\"sameAs\":[\"https:\\\/\\\/www.facebook.com\\\/JazzZeitung\\\/\"]},{\"@type\":\"Person\",\"@id\":\"https:\\\/\\\/www.jazzzeitung.de\\\/cms\\\/#\\\/schema\\\/person\\\/2245b36b9cd1d24cea10f01c031fb92b\",\"name\":\"Redaktion JazzZeitung\",\"image\":{\"@type\":\"ImageObject\",\"inLanguage\":\"de\",\"@id\":\"https:\\\/\\\/i0.wp.com\\\/www.jazzzeitung.de\\\/cms\\\/wp-content\\\/uploads\\\/2015\\\/08\\\/JAZZZEITUNGDE_Logo_Neu.png?resize=96%2C96&ssl=159975dcacb611b5700bd619b5daf0a7a\",\"url\":\"https:\\\/\\\/i0.wp.com\\\/www.jazzzeitung.de\\\/cms\\\/wp-content\\\/uploads\\\/2015\\\/08\\\/JAZZZEITUNGDE_Logo_Neu.png?resize=96%2C96&ssl=1\",\"contentUrl\":\"https:\\\/\\\/i0.wp.com\\\/www.jazzzeitung.de\\\/cms\\\/wp-content\\\/uploads\\\/2015\\\/08\\\/JAZZZEITUNGDE_Logo_Neu.png?resize=96%2C96&ssl=1\",\"caption\":\"Redaktion JazzZeitung\"},\"description\":\"Artikel der Redaktion der JazzZeitung.\",\"sameAs\":[\"http:\\\/\\\/www.jazzzeitung.de\\\/cms\\\/\"],\"url\":\"https:\\\/\\\/www.jazzzeitung.de\\\/cms\\\/author\\\/redaktion\\\/\"}]}<\/script>\n<!-- \/ Yoast SEO plugin. -->","yoast_head_json":{"title":"Tourabstecher: Fred Frith begeisterte in Regensburg - JazzZeitung","robots":{"index":"index","follow":"follow","max-snippet":"max-snippet:-1","max-image-preview":"max-image-preview:large","max-video-preview":"max-video-preview:-1"},"canonical":"https:\/\/www.jazzzeitung.de\/cms\/2017\/02\/tourabstecher-fred-frith-begeisterte-in-regensburg\/","og_locale":"de_DE","og_type":"article","og_title":"Tourabstecher: Fred Frith begeisterte in Regensburg - JazzZeitung","og_description":"\u201eIch freu mich, wir freuen uns aaauf. Fred Frith!\u201c In seiner Aufregung \u00fcber den Tourschlenker, den der Musiker mit dem legend\u00e4ren Ruf f\u00fcr einen Auftritt beim Jazzclub Regensburg genutzt hat, vergisst Clubchef Winfried Freisleben ganz, dass da noch zwei andere Musiker mit auf der B\u00fchne stehen. Mit kurzem Nicken nimmt der Gitarrist den Platz neben dem Fl\u00fcgel ein und stellt mit einer gemurmelten Begr\u00fc\u00dfung \u201eMister Jason Hoopes on bass\u201c und \u201eon drums, Mister Jordan Glenn\u201c vor. Solide englische H\u00f6flichkeit, die dem in Kalifornien lebenden und lehrenden Musiker in den legereren USA unberufen nicht abhanden gekommen ist. Hoopes und Glenn, beide Abg\u00e4nger des renommierten Mills College in Oakland, sind gut eine Generation j\u00fcnger als Frith. Zwei Tage zuvor feierte der seinen 68. Geburtstag. Bemerkbar macht sich das gelegentlich, wenn Frith in Soundt\u00fcfteleien und Gefrickel vertieft, sp\u00fcrbar abgekl\u00e4rter wirkt, w\u00e4hrend der schwarzgelockte Bassist wie unter Strom wuchtige rhythmische Breitseiten abfeuert, vertrackt kontrastiert, immer wieder aufs Tempo dr\u00fcckt. Dennoch ist die gemeinsame Haltung, aus dem Moment heraus eine von Stil- und Genregrenzen befreite, nach vielen Seiten offene Musik zu kreieren, auch bei musikalischen Sticheleien durchwegs sp\u00fcrbar. Transportiert werden &hellip;","og_url":"https:\/\/www.jazzzeitung.de\/cms\/2017\/02\/tourabstecher-fred-frith-begeisterte-in-regensburg\/","og_site_name":"JazzZeitung","article_publisher":"https:\/\/www.facebook.com\/JazzZeitung\/","article_published_time":"2017-02-24T08:24:26+00:00","og_image":[{"url":"https:\/\/i0.wp.com\/www.jazzzeitung.de\/cms\/wp-content\/uploads\/2017\/02\/Glenn-Jordan_73.jpg?w=416&#038;h=628&#038;ssl=1","type":"","width":"","height":""}],"author":"Redaktion JazzZeitung","schema":{"@context":"https:\/\/schema.org","@graph":[{"@type":"Article","@id":"https:\/\/www.jazzzeitung.de\/cms\/2017\/02\/tourabstecher-fred-frith-begeisterte-in-regensburg\/#article","isPartOf":{"@id":"https:\/\/www.jazzzeitung.de\/cms\/2017\/02\/tourabstecher-fred-frith-begeisterte-in-regensburg\/"},"author":{"name":"Redaktion JazzZeitung","@id":"https:\/\/www.jazzzeitung.de\/cms\/#\/schema\/person\/2245b36b9cd1d24cea10f01c031fb92b"},"headline":"Tourabstecher: Fred Frith begeisterte in Regensburg","datePublished":"2017-02-24T08:24:26+00:00","mainEntityOfPage":{"@id":"https:\/\/www.jazzzeitung.de\/cms\/2017\/02\/tourabstecher-fred-frith-begeisterte-in-regensburg\/"},"wordCount":742,"commentCount":0,"publisher":{"@id":"https:\/\/www.jazzzeitung.de\/cms\/#organization"},"image":{"@id":"https:\/\/www.jazzzeitung.de\/cms\/2017\/02\/tourabstecher-fred-frith-begeisterte-in-regensburg\/#primaryimage"},"thumbnailUrl":"http:\/\/www.jazzzeitung.de\/cms\/wp-content\/uploads\/2017\/02\/Frith-fred_27-150x150.jpg","keywords":["Album","APPLAUS","Blues","Geburtstag","Jazzclub","Jazzclub Regensburg","Konzert","Michael Scheiner","Regensburg","trio"],"articleSection":["Bericht"],"inLanguage":"de","potentialAction":[{"@type":"CommentAction","name":"Comment","target":["https:\/\/www.jazzzeitung.de\/cms\/2017\/02\/tourabstecher-fred-frith-begeisterte-in-regensburg\/#respond"]}]},{"@type":"WebPage","@id":"https:\/\/www.jazzzeitung.de\/cms\/2017\/02\/tourabstecher-fred-frith-begeisterte-in-regensburg\/","url":"https:\/\/www.jazzzeitung.de\/cms\/2017\/02\/tourabstecher-fred-frith-begeisterte-in-regensburg\/","name":"Tourabstecher: Fred Frith begeisterte in Regensburg - JazzZeitung","isPartOf":{"@id":"https:\/\/www.jazzzeitung.de\/cms\/#website"},"primaryImageOfPage":{"@id":"https:\/\/www.jazzzeitung.de\/cms\/2017\/02\/tourabstecher-fred-frith-begeisterte-in-regensburg\/#primaryimage"},"image":{"@id":"https:\/\/www.jazzzeitung.de\/cms\/2017\/02\/tourabstecher-fred-frith-begeisterte-in-regensburg\/#primaryimage"},"thumbnailUrl":"http:\/\/www.jazzzeitung.de\/cms\/wp-content\/uploads\/2017\/02\/Frith-fred_27-150x150.jpg","datePublished":"2017-02-24T08:24:26+00:00","breadcrumb":{"@id":"https:\/\/www.jazzzeitung.de\/cms\/2017\/02\/tourabstecher-fred-frith-begeisterte-in-regensburg\/#breadcrumb"},"inLanguage":"de","potentialAction":[{"@type":"ReadAction","target":["https:\/\/www.jazzzeitung.de\/cms\/2017\/02\/tourabstecher-fred-frith-begeisterte-in-regensburg\/"]}]},{"@type":"ImageObject","inLanguage":"de","@id":"https:\/\/www.jazzzeitung.de\/cms\/2017\/02\/tourabstecher-fred-frith-begeisterte-in-regensburg\/#primaryimage","url":"http:\/\/www.jazzzeitung.de\/cms\/wp-content\/uploads\/2017\/02\/Frith-fred_27-150x150.jpg","contentUrl":"http:\/\/www.jazzzeitung.de\/cms\/wp-content\/uploads\/2017\/02\/Frith-fred_27-150x150.jpg"},{"@type":"BreadcrumbList","@id":"https:\/\/www.jazzzeitung.de\/cms\/2017\/02\/tourabstecher-fred-frith-begeisterte-in-regensburg\/#breadcrumb","itemListElement":[{"@type":"ListItem","position":1,"name":"Startseite","item":"https:\/\/www.jazzzeitung.de\/cms\/"},{"@type":"ListItem","position":2,"name":"Tourabstecher: Fred Frith begeisterte in Regensburg"}]},{"@type":"WebSite","@id":"https:\/\/www.jazzzeitung.de\/cms\/#website","url":"https:\/\/www.jazzzeitung.de\/cms\/","name":"JazzZeitung","description":"Jazz-News und Jazz-Kontroverses","publisher":{"@id":"https:\/\/www.jazzzeitung.de\/cms\/#organization"},"potentialAction":[{"@type":"SearchAction","target":{"@type":"EntryPoint","urlTemplate":"https:\/\/www.jazzzeitung.de\/cms\/?s={search_term_string}"},"query-input":{"@type":"PropertyValueSpecification","valueRequired":true,"valueName":"search_term_string"}}],"inLanguage":"de"},{"@type":"Organization","@id":"https:\/\/www.jazzzeitung.de\/cms\/#organization","name":"JazzZeitung online","url":"https:\/\/www.jazzzeitung.de\/cms\/","logo":{"@type":"ImageObject","inLanguage":"de","@id":"https:\/\/www.jazzzeitung.de\/cms\/#\/schema\/logo\/image\/","url":"https:\/\/i0.wp.com\/www.jazzzeitung.de\/cms\/wp-content\/uploads\/2015\/08\/JAZZZEITUNGDE_Logo_Neu.png?fit=499%2C200&ssl=1","contentUrl":"https:\/\/i0.wp.com\/www.jazzzeitung.de\/cms\/wp-content\/uploads\/2015\/08\/JAZZZEITUNGDE_Logo_Neu.png?fit=499%2C200&ssl=1","width":499,"height":200,"caption":"JazzZeitung online"},"image":{"@id":"https:\/\/www.jazzzeitung.de\/cms\/#\/schema\/logo\/image\/"},"sameAs":["https:\/\/www.facebook.com\/JazzZeitung\/"]},{"@type":"Person","@id":"https:\/\/www.jazzzeitung.de\/cms\/#\/schema\/person\/2245b36b9cd1d24cea10f01c031fb92b","name":"Redaktion JazzZeitung","image":{"@type":"ImageObject","inLanguage":"de","@id":"https:\/\/i0.wp.com\/www.jazzzeitung.de\/cms\/wp-content\/uploads\/2015\/08\/JAZZZEITUNGDE_Logo_Neu.png?resize=96%2C96&ssl=159975dcacb611b5700bd619b5daf0a7a","url":"https:\/\/i0.wp.com\/www.jazzzeitung.de\/cms\/wp-content\/uploads\/2015\/08\/JAZZZEITUNGDE_Logo_Neu.png?resize=96%2C96&ssl=1","contentUrl":"https:\/\/i0.wp.com\/www.jazzzeitung.de\/cms\/wp-content\/uploads\/2015\/08\/JAZZZEITUNGDE_Logo_Neu.png?resize=96%2C96&ssl=1","caption":"Redaktion JazzZeitung"},"description":"Artikel der Redaktion der JazzZeitung.","sameAs":["http:\/\/www.jazzzeitung.de\/cms\/"],"url":"https:\/\/www.jazzzeitung.de\/cms\/author\/redaktion\/"}]}},"wp-worthy-pixel":{"ignored":false,"public":null,"server":null,"url":null},"wp-worthy-type":"normal","jetpack_publicize_connections":[],"cc_featured_image_caption":{"caption_text":false,"source_text":false,"source_url":false},"jetpack_featured_media_url":"","jetpack_shortlink":"https:\/\/wp.me\/p3KEcT-343","jetpack-related-posts":[{"id":13670,"url":"https:\/\/www.jazzzeitung.de\/cms\/2017\/10\/save-the-date-der-jazzclub-regensburg-wird-30\/","url_meta":{"origin":11783,"position":0},"title":"Save the date: der Jazzclub Regensburg wird 30","author":"Redaktion JazzZeitung","date":"5. Oktober 2017","format":false,"excerpt":"Seit 30 Jahren steht der Jazzclub Regensburg f\u00fcr ein genauso hochkar\u00e4tiges, wie abwechslungsreiches Live-Programm. In diesem Herbst wird die bayerische Musikinstitution 30 Jahre alt \u2013 gefeiert wird im November. Seit 1987 hat der Jazz in Regensburg ein Zuhause \u2013im Jazzclub Regensburg, angesiedelt im historischen Gem\u00e4uer des Kulturzentrums \u201eLeerer Beutel\u201c (Bertoldstra\u00dfe\u2026","rel":"","context":"In &quot;News&quot;","block_context":{"text":"News","link":"https:\/\/www.jazzzeitung.de\/cms\/thema\/nachrichten\/"},"img":{"alt_text":"","src":"https:\/\/i0.wp.com\/www.jazzzeitung.de\/cms\/wp-content\/uploads\/2017\/10\/Pablo-Held-Trio-Wald-73423.jpg?fit=1200%2C800&ssl=1&resize=350%2C200","width":350,"height":200,"srcset":"https:\/\/i0.wp.com\/www.jazzzeitung.de\/cms\/wp-content\/uploads\/2017\/10\/Pablo-Held-Trio-Wald-73423.jpg?fit=1200%2C800&ssl=1&resize=350%2C200 1x, https:\/\/i0.wp.com\/www.jazzzeitung.de\/cms\/wp-content\/uploads\/2017\/10\/Pablo-Held-Trio-Wald-73423.jpg?fit=1200%2C800&ssl=1&resize=525%2C300 1.5x, https:\/\/i0.wp.com\/www.jazzzeitung.de\/cms\/wp-content\/uploads\/2017\/10\/Pablo-Held-Trio-Wald-73423.jpg?fit=1200%2C800&ssl=1&resize=700%2C400 2x, https:\/\/i0.wp.com\/www.jazzzeitung.de\/cms\/wp-content\/uploads\/2017\/10\/Pablo-Held-Trio-Wald-73423.jpg?fit=1200%2C800&ssl=1&resize=1050%2C600 3x"},"classes":[]},{"id":3016,"url":"https:\/\/www.jazzzeitung.de\/cms\/2013\/11\/jazzclub-des-monats-november-der-jazzclub-regensburg\/","url_meta":{"origin":11783,"position":1},"title":"Jazzclub des Monats November: Der Jazzclub Regensburg","author":"Redaktion JazzZeitung","date":"14. November 2013","format":false,"excerpt":"Der Jazzclub Regensburg wurde vom Staatsminister f\u00fcr Kultur und Medien mit dem Spielst\u00e4ttenprogrammpreis 2013 ausgezeichnet. Aus 320 Einsendungen w\u00e4hlte eine Fachjury 55 Preistr\u00e4ger in drei Kategorien aus. Damit z\u00e4hlt der Jazzclub Regensburg zu insgesamt noch 12 ausgezeichneten Clubs aus Bayern. Unsere Mitarbeiterin Caro Kirsch hat sich den Club n\u00e4her angeschaut.\u2026","rel":"","context":"In &quot;Jazzclub des Monats&quot;","block_context":{"text":"Jazzclub des Monats","link":"https:\/\/www.jazzzeitung.de\/cms\/thema\/clubs\/jazzclub-des-monats\/"},"img":{"alt_text":"Winnie Freisleben nimmt den Spielst\u00e4ttenprogrammpreis aus den H\u00e4nden von Bernd Neumann entgegen","src":"https:\/\/i0.wp.com\/www.jazzzeitung.de\/cms\/wp-content\/uploads\/2013\/11\/61InitiativeMusikgGmbH2013_y-kaufmann-150x150.jpg?resize=350%2C200","width":350,"height":200},"classes":[]},{"id":26185,"url":"https:\/\/www.jazzzeitung.de\/cms\/2021\/11\/26185\/","url_meta":{"origin":11783,"position":2},"title":"Bewerbungsphase f\u00fcrs Bayerische Jazzweekend Regensburg gestartet","author":"Redaktion JazzZeitung","date":"18. November 2021","format":false,"excerpt":"\u201eVom 14. bis 17. Juli 2022 ist Regensburg ganz Jazz. Von Dixieland \u00fcber Swing und Bebop bis hin zu Free Jazz: Das Bayerische Jazzweekend Regensburg sucht Musikerinnen und Musiker, Bands und Combos auf allen Richtungen und Sparten der Jazzmusik. Wir freuen uns auf Ihre Bewerbung! \u201c Das Zitat stammt von\u2026","rel":"","context":"In &quot;News&quot;","block_context":{"text":"News","link":"https:\/\/www.jazzzeitung.de\/cms\/thema\/nachrichten\/"},"img":{"alt_text":"","src":"https:\/\/i0.wp.com\/www.jazzzeitung.de\/cms\/wp-content\/uploads\/2021\/11\/weekend1-scaled-e1637159697323.jpg?fit=1200%2C836&ssl=1&resize=350%2C200","width":350,"height":200,"srcset":"https:\/\/i0.wp.com\/www.jazzzeitung.de\/cms\/wp-content\/uploads\/2021\/11\/weekend1-scaled-e1637159697323.jpg?fit=1200%2C836&ssl=1&resize=350%2C200 1x, https:\/\/i0.wp.com\/www.jazzzeitung.de\/cms\/wp-content\/uploads\/2021\/11\/weekend1-scaled-e1637159697323.jpg?fit=1200%2C836&ssl=1&resize=525%2C300 1.5x, https:\/\/i0.wp.com\/www.jazzzeitung.de\/cms\/wp-content\/uploads\/2021\/11\/weekend1-scaled-e1637159697323.jpg?fit=1200%2C836&ssl=1&resize=700%2C400 2x, https:\/\/i0.wp.com\/www.jazzzeitung.de\/cms\/wp-content\/uploads\/2021\/11\/weekend1-scaled-e1637159697323.jpg?fit=1200%2C836&ssl=1&resize=1050%2C600 3x"},"classes":[]},{"id":21828,"url":"https:\/\/www.jazzzeitung.de\/cms\/2020\/02\/klangreiche-sounds-voller-poesiedas-or-bareket-quartet-aus-new-york-beim-jazzclub-regensburg\/","url_meta":{"origin":11783,"position":3},"title":"Klangreiche Sounds voller Poesie:\u00a0das Or Bareket Quartet aus New York beim Jazzclub Regensburg","author":"Redaktion JazzZeitung","date":"4. Februar 2020","format":false,"excerpt":"Erstaunt erlebt ein unbekanntes israelisch-amerikanisches Jazzquartett wie es beim Deb\u00fct in Regensburg gefeiert wird. Es war ein seltenes Ph\u00e4nomen, welches bei Veranstaltern und Musikern gleicherma\u00dfen die Mundwinkel weit nach oben gehen lie\u00df und Freude ausl\u00f6ste. Das Konzert des wenig bekannten Or Bareket Quartet aus New York beim Jazzclub Regensburg im\u2026","rel":"","context":"In &quot;News&quot;","block_context":{"text":"News","link":"https:\/\/www.jazzzeitung.de\/cms\/thema\/nachrichten\/"},"img":{"alt_text":"","src":"https:\/\/i0.wp.com\/www.jazzzeitung.de\/cms\/wp-content\/uploads\/2020\/02\/bareket-altura_62.jpg?fit=1200%2C800&ssl=1&resize=350%2C200","width":350,"height":200,"srcset":"https:\/\/i0.wp.com\/www.jazzzeitung.de\/cms\/wp-content\/uploads\/2020\/02\/bareket-altura_62.jpg?fit=1200%2C800&ssl=1&resize=350%2C200 1x, https:\/\/i0.wp.com\/www.jazzzeitung.de\/cms\/wp-content\/uploads\/2020\/02\/bareket-altura_62.jpg?fit=1200%2C800&ssl=1&resize=525%2C300 1.5x, https:\/\/i0.wp.com\/www.jazzzeitung.de\/cms\/wp-content\/uploads\/2020\/02\/bareket-altura_62.jpg?fit=1200%2C800&ssl=1&resize=700%2C400 2x, https:\/\/i0.wp.com\/www.jazzzeitung.de\/cms\/wp-content\/uploads\/2020\/02\/bareket-altura_62.jpg?fit=1200%2C800&ssl=1&resize=1050%2C600 3x"},"classes":[]},{"id":18234,"url":"https:\/\/www.jazzzeitung.de\/cms\/2019\/01\/news-vokalensemble-iki-im-bix-jazzclub-lounge-in-stuttgart-p-jam-im-jazzclub-im-leeren-beutel-in-regensburg\/","url_meta":{"origin":11783,"position":4},"title":"+++ News: +++ Vokalensemble IKI im BIX Jazzclub &#038; Lounge in Stuttgart+++ P-JAM im Jazzclub im \u201eLeeren Beutel\u201c in Regensburg +++","author":"Redaktion JazzZeitung","date":"10. Januar 2019","format":false,"excerpt":"F\u00fcnf Nordlichter mit Souvenir\u00a0 im Gep\u00e4ck Skandinavischer Besuch im deutschen S\u00fcden: Das improvisierende Vokalensemble IKI setzt sich aus f\u00fcnf S\u00e4ngerinnen aus D\u00e4nemark, Norwegen und Finnland zusammen. Von Pop und Klassik \u00fcber Jazz bis hin zur Avantgarde steht ihr kontrastreiches Programm stets unter dem musikalischen Aspekt des Nordens. Auf ihrem aktuellen\u2026","rel":"","context":"In &quot;News&quot;","block_context":{"text":"News","link":"https:\/\/www.jazzzeitung.de\/cms\/thema\/nachrichten\/"},"img":{"alt_text":"","src":"https:\/\/i0.wp.com\/www.jazzzeitung.de\/cms\/wp-content\/uploads\/2019\/01\/2019_01_17-IKI-Oracle-IV.jpg?fit=1200%2C800&ssl=1&resize=350%2C200","width":350,"height":200,"srcset":"https:\/\/i0.wp.com\/www.jazzzeitung.de\/cms\/wp-content\/uploads\/2019\/01\/2019_01_17-IKI-Oracle-IV.jpg?fit=1200%2C800&ssl=1&resize=350%2C200 1x, https:\/\/i0.wp.com\/www.jazzzeitung.de\/cms\/wp-content\/uploads\/2019\/01\/2019_01_17-IKI-Oracle-IV.jpg?fit=1200%2C800&ssl=1&resize=525%2C300 1.5x, https:\/\/i0.wp.com\/www.jazzzeitung.de\/cms\/wp-content\/uploads\/2019\/01\/2019_01_17-IKI-Oracle-IV.jpg?fit=1200%2C800&ssl=1&resize=700%2C400 2x, https:\/\/i0.wp.com\/www.jazzzeitung.de\/cms\/wp-content\/uploads\/2019\/01\/2019_01_17-IKI-Oracle-IV.jpg?fit=1200%2C800&ssl=1&resize=1050%2C600 3x"},"classes":[]},{"id":4042,"url":"https:\/\/www.jazzzeitung.de\/cms\/2014\/06\/fulminanter-auftritt-des-sun-ra-arkestra-beim-jazzclub-regensburg\/","url_meta":{"origin":11783,"position":5},"title":"Fulminanter Auftritt des Sun Ra Arkestra beim Jazzclub Regensburg","author":"Andreas Kolb","date":"13. Juni 2014","format":false,"excerpt":"Das legend\u00e4re Sun Ra Arkestra gastierte 2014 im Rahmen einer weltweiten Jubilee-Tour anl\u00e4sslich des 100. Geburtstags seines Gr\u00fcnders Sun Ra neben Wien, Salzburg, Amsterdam, und Paris auch in Regensburg. Das Orchester begl\u00fcckte mit einem fulminanten Auftritt beim Jazzclub im Leeren Beutel alle Zuh\u00f6rer und brachte viele zum Tanzen. Michael Scheiner\u2026","rel":"","context":"In &quot;News&quot;","block_context":{"text":"News","link":"https:\/\/www.jazzzeitung.de\/cms\/thema\/nachrichten\/"},"img":{"alt_text":"Foto: Michael Scheiner","src":"https:\/\/i0.wp.com\/www.jazzzeitung.de\/cms\/wp-content\/uploads\/2014\/06\/Allen-Marshall_23.jpg?resize=350%2C200","width":350,"height":200,"srcset":"https:\/\/i0.wp.com\/www.jazzzeitung.de\/cms\/wp-content\/uploads\/2014\/06\/Allen-Marshall_23.jpg?resize=350%2C200 1x, https:\/\/i0.wp.com\/www.jazzzeitung.de\/cms\/wp-content\/uploads\/2014\/06\/Allen-Marshall_23.jpg?resize=525%2C300 1.5x, https:\/\/i0.wp.com\/www.jazzzeitung.de\/cms\/wp-content\/uploads\/2014\/06\/Allen-Marshall_23.jpg?resize=700%2C400 2x, https:\/\/i0.wp.com\/www.jazzzeitung.de\/cms\/wp-content\/uploads\/2014\/06\/Allen-Marshall_23.jpg?resize=1050%2C600 3x, https:\/\/i0.wp.com\/www.jazzzeitung.de\/cms\/wp-content\/uploads\/2014\/06\/Allen-Marshall_23.jpg?resize=1400%2C800 4x"},"classes":[]}],"jetpack_sharing_enabled":true,"_links":{"self":[{"href":"https:\/\/www.jazzzeitung.de\/cms\/wp-json\/wp\/v2\/posts\/11783","targetHints":{"allow":["GET"]}}],"collection":[{"href":"https:\/\/www.jazzzeitung.de\/cms\/wp-json\/wp\/v2\/posts"}],"about":[{"href":"https:\/\/www.jazzzeitung.de\/cms\/wp-json\/wp\/v2\/types\/post"}],"author":[{"embeddable":true,"href":"https:\/\/www.jazzzeitung.de\/cms\/wp-json\/wp\/v2\/users\/18"}],"replies":[{"embeddable":true,"href":"https:\/\/www.jazzzeitung.de\/cms\/wp-json\/wp\/v2\/comments?post=11783"}],"version-history":[{"count":1,"href":"https:\/\/www.jazzzeitung.de\/cms\/wp-json\/wp\/v2\/posts\/11783\/revisions"}],"predecessor-version":[{"id":11791,"href":"https:\/\/www.jazzzeitung.de\/cms\/wp-json\/wp\/v2\/posts\/11783\/revisions\/11791"}],"wp:attachment":[{"href":"https:\/\/www.jazzzeitung.de\/cms\/wp-json\/wp\/v2\/media?parent=11783"}],"wp:term":[{"taxonomy":"category","embeddable":true,"href":"https:\/\/www.jazzzeitung.de\/cms\/wp-json\/wp\/v2\/categories?post=11783"},{"taxonomy":"post_tag","embeddable":true,"href":"https:\/\/www.jazzzeitung.de\/cms\/wp-json\/wp\/v2\/tags?post=11783"},{"taxonomy":"author","embeddable":true,"href":"https:\/\/www.jazzzeitung.de\/cms\/wp-json\/wp\/v2\/coauthors?post=11783"}],"curies":[{"name":"wp","href":"https:\/\/api.w.org\/{rel}","templated":true}]}}