{"id":11774,"date":"2017-02-23T09:55:51","date_gmt":"2017-02-23T08:55:51","guid":{"rendered":"http:\/\/www.jazzzeitung.de\/cms\/?p=11774"},"modified":"2017-02-23T09:55:51","modified_gmt":"2017-02-23T08:55:51","slug":"manu-delago-handmade-hangnbass-im-koelner-stadtgarten","status":"publish","type":"post","link":"https:\/\/www.jazzzeitung.de\/cms\/2017\/02\/manu-delago-handmade-hangnbass-im-koelner-stadtgarten\/","title":{"rendered":"Manu Delago &#8211; Handmade: Hang\u2019nBass im K\u00f6lner Stadtgarten"},"content":{"rendered":"<p>Im Trio mit der Vokalistin\/Violinistin Isa Kurz und Chris Norz Percussion\/Electronics pr\u00e4sentierte der virtuose Hang- und Perkussion-Spieler Manu Delago seine neue CD \u201eMetromonk\u201c. Eine gelungene Mischung aus Kammerjazz &amp; Hang\u2019nBass. Das Hang an sich hat seinen eigenen Reiz und fasziniert durch seinen besonderen Klang. Delago ist seit \u00fcber 10 Jahren absoluter Hang-Experte, entlockt dem Instrument immer wieder neue Kl\u00e4nge wie Effekte und gestaltet damit sein Spiel spannend und abwechslungsreich. Seine musikalischen Mitstreiter geben dabei ma\u00dfgebliche Impulse, und so entwickelte sich das Konzert im K\u00f6lner Stadtgarten von anfangs ruhigen, fast kammermusikalischen St\u00fccken bis hin zu rhythmusgetriebenen, strukturierten Songs. Wie schon der Name der aktuellen CD \u201eMetroMonk\u201c vermuten l\u00e4sst ist auch die Musik durch Gegens\u00e4tze gepr\u00e4gt wie up&amp;down, mountains&amp;cities, Hektik&amp;Ruhe oder eben MetroMonk. Bei der ersten Zugabe beweisen Delago und Norz perkussiven Humor mit einem improvisierten St\u00fcck f\u00fcr zwei Zahnb\u00fcrsten, bevor das Trio ihr begeistertes Publikum schlie\u00dflich mit einer zweiten, fast meditativen Zugabe in die Nacht entl\u00e4sst. F\u00fcr alle Hang Fans und diejenigen, die Delago auf seiner Handmade Tour nicht live erleben konnten sei die CD \u201eMetromonk\u201c ans Herz gelegt, auf der bei einzelnen Songs \u00fcbrigens auch Eric Truffaz oder Douglas Dare mitwirken (Anspieltipp: \u201eA Step\u201c feat. Pete Josef).<\/p>\n<div class=\"tiled-gallery type-rectangular tiled-gallery-unresized\" data-original-width=\"840\" data-carousel-extra='{&quot;blog_id&quot;:1,&quot;permalink&quot;:&quot;https:\\\/\\\/www.jazzzeitung.de\\\/cms\\\/2017\\\/02\\\/manu-delago-handmade-hangnbass-im-koelner-stadtgarten\\\/&quot;,&quot;likes_blog_id&quot;:55446655}' itemscope itemtype=\"http:\/\/schema.org\/ImageGallery\" > <div class=\"gallery-row\" style=\"width: 840px; height: 594px;\" data-original-width=\"840\" data-original-height=\"594\" > <div class=\"gallery-group images-2\" style=\"width: 443px; height: 594px;\" data-original-width=\"443\" data-original-height=\"594\" > <div class=\"tiled-gallery-item tiled-gallery-item-large\" itemprop=\"associatedMedia\" itemscope itemtype=\"http:\/\/schema.org\/ImageObject\"> <a href=\"https:\/\/www.jazzzeitung.de\/cms\/2017\/02\/manu-delago-handmade-hangnbass-im-koelner-stadtgarten\/p1200701-delago-handmade-trio-foto-tj-krebs\/\" border=\"0\" itemprop=\"url\"> <meta itemprop=\"width\" content=\"439\"> <meta itemprop=\"height\" content=\"293\"> <img decoding=\"async\" class=\"\" data-attachment-id=\"11775\" data-orig-file=\"https:\/\/www.jazzzeitung.de\/cms\/wp-content\/uploads\/2017\/02\/P1200701-Delago-Handmade-Trio-Foto-TJ-Krebs.jpg\" data-orig-size=\"1600,1067\" data-comments-opened=\"1\" data-image-meta=\"{&quot;aperture&quot;:&quot;0&quot;,&quot;credit&quot;:&quot;&quot;,&quot;camera&quot;:&quot;&quot;,&quot;caption&quot;:&quot;&quot;,&quot;created_timestamp&quot;:&quot;0&quot;,&quot;copyright&quot;:&quot;&quot;,&quot;focal_length&quot;:&quot;0&quot;,&quot;iso&quot;:&quot;0&quot;,&quot;shutter_speed&quot;:&quot;0&quot;,&quot;title&quot;:&quot;&quot;,&quot;orientation&quot;:&quot;0&quot;}\" data-image-title=\"P1200701 Delago Handmade Trio &amp;#8211; Foto TJ Krebs\" data-image-description=\"\" data-medium-file=\"https:\/\/i0.wp.com\/www.jazzzeitung.de\/cms\/wp-content\/uploads\/2017\/02\/P1200701-Delago-Handmade-Trio-Foto-TJ-Krebs.jpg?fit=300%2C200&#038;ssl=1\" data-large-file=\"https:\/\/i0.wp.com\/www.jazzzeitung.de\/cms\/wp-content\/uploads\/2017\/02\/P1200701-Delago-Handmade-Trio-Foto-TJ-Krebs.jpg?fit=840%2C560&#038;ssl=1\" src=\"https:\/\/i0.wp.com\/www.jazzzeitung.de\/cms\/wp-content\/uploads\/2017\/02\/P1200701-Delago-Handmade-Trio-Foto-TJ-Krebs.jpg?w=439&#038;h=293&#038;ssl=1\" srcset=\"https:\/\/i0.wp.com\/www.jazzzeitung.de\/cms\/wp-content\/uploads\/2017\/02\/P1200701-Delago-Handmade-Trio-Foto-TJ-Krebs.jpg?w=1600&amp;ssl=1 1600w, https:\/\/i0.wp.com\/www.jazzzeitung.de\/cms\/wp-content\/uploads\/2017\/02\/P1200701-Delago-Handmade-Trio-Foto-TJ-Krebs.jpg?resize=300%2C200&amp;ssl=1 300w, https:\/\/i0.wp.com\/www.jazzzeitung.de\/cms\/wp-content\/uploads\/2017\/02\/P1200701-Delago-Handmade-Trio-Foto-TJ-Krebs.jpg?resize=768%2C512&amp;ssl=1 768w, https:\/\/i0.wp.com\/www.jazzzeitung.de\/cms\/wp-content\/uploads\/2017\/02\/P1200701-Delago-Handmade-Trio-Foto-TJ-Krebs.jpg?resize=900%2C600&amp;ssl=1 900w\" width=\"439\" height=\"293\" loading=\"lazy\" data-original-width=\"439\" data-original-height=\"293\" itemprop=\"http:\/\/schema.org\/image\" title=\"P1200701 Delago Handmade Trio - Foto TJ Krebs\" alt=\"P1200701 Delago Handmade Trio - Foto TJ Krebs\" style=\"width: 439px; height: 293px;\" \/> <\/a> <\/div> <div class=\"tiled-gallery-item tiled-gallery-item-large\" itemprop=\"associatedMedia\" itemscope itemtype=\"http:\/\/schema.org\/ImageObject\"> <a href=\"https:\/\/www.jazzzeitung.de\/cms\/2017\/02\/manu-delago-handmade-hangnbass-im-koelner-stadtgarten\/p1200766-isa-kurz-foto-tj-krebs\/\" border=\"0\" itemprop=\"url\"> <meta itemprop=\"width\" content=\"439\"> <meta itemprop=\"height\" content=\"293\"> <img decoding=\"async\" class=\"\" data-attachment-id=\"11776\" data-orig-file=\"https:\/\/www.jazzzeitung.de\/cms\/wp-content\/uploads\/2017\/02\/P1200766-Isa-Kurz-Foto-TJ-Krebs.jpg\" data-orig-size=\"1600,1067\" data-comments-opened=\"1\" data-image-meta=\"{&quot;aperture&quot;:&quot;0&quot;,&quot;credit&quot;:&quot;&quot;,&quot;camera&quot;:&quot;&quot;,&quot;caption&quot;:&quot;&quot;,&quot;created_timestamp&quot;:&quot;0&quot;,&quot;copyright&quot;:&quot;&quot;,&quot;focal_length&quot;:&quot;0&quot;,&quot;iso&quot;:&quot;0&quot;,&quot;shutter_speed&quot;:&quot;0&quot;,&quot;title&quot;:&quot;&quot;,&quot;orientation&quot;:&quot;0&quot;}\" data-image-title=\"P1200766 Isa Kurz &amp;#8211; Foto TJ Krebs\" data-image-description=\"\" data-medium-file=\"https:\/\/i0.wp.com\/www.jazzzeitung.de\/cms\/wp-content\/uploads\/2017\/02\/P1200766-Isa-Kurz-Foto-TJ-Krebs.jpg?fit=300%2C200&#038;ssl=1\" data-large-file=\"https:\/\/i0.wp.com\/www.jazzzeitung.de\/cms\/wp-content\/uploads\/2017\/02\/P1200766-Isa-Kurz-Foto-TJ-Krebs.jpg?fit=840%2C560&#038;ssl=1\" src=\"https:\/\/i0.wp.com\/www.jazzzeitung.de\/cms\/wp-content\/uploads\/2017\/02\/P1200766-Isa-Kurz-Foto-TJ-Krebs.jpg?w=439&#038;h=293&#038;ssl=1\" srcset=\"https:\/\/i0.wp.com\/www.jazzzeitung.de\/cms\/wp-content\/uploads\/2017\/02\/P1200766-Isa-Kurz-Foto-TJ-Krebs.jpg?w=1600&amp;ssl=1 1600w, https:\/\/i0.wp.com\/www.jazzzeitung.de\/cms\/wp-content\/uploads\/2017\/02\/P1200766-Isa-Kurz-Foto-TJ-Krebs.jpg?resize=300%2C200&amp;ssl=1 300w, https:\/\/i0.wp.com\/www.jazzzeitung.de\/cms\/wp-content\/uploads\/2017\/02\/P1200766-Isa-Kurz-Foto-TJ-Krebs.jpg?resize=768%2C512&amp;ssl=1 768w, https:\/\/i0.wp.com\/www.jazzzeitung.de\/cms\/wp-content\/uploads\/2017\/02\/P1200766-Isa-Kurz-Foto-TJ-Krebs.jpg?resize=900%2C600&amp;ssl=1 900w\" width=\"439\" height=\"293\" loading=\"lazy\" data-original-width=\"439\" data-original-height=\"293\" itemprop=\"http:\/\/schema.org\/image\" title=\"P1200766 Isa Kurz - Foto TJ Krebs\" alt=\"P1200766 Isa Kurz - Foto TJ Krebs\" style=\"width: 439px; height: 293px;\" \/> <\/a> <\/div> <\/div> <!-- close group --> <div class=\"gallery-group images-1\" style=\"width: 397px; height: 594px;\" data-original-width=\"397\" data-original-height=\"594\" > <div class=\"tiled-gallery-item tiled-gallery-item-large\" itemprop=\"associatedMedia\" itemscope itemtype=\"http:\/\/schema.org\/ImageObject\"> <a href=\"https:\/\/www.jazzzeitung.de\/cms\/2017\/02\/manu-delago-handmade-hangnbass-im-koelner-stadtgarten\/p1200771-chris-norz-foto-tj-krebs\/\" border=\"0\" itemprop=\"url\"> <meta itemprop=\"width\" content=\"393\"> <meta itemprop=\"height\" content=\"590\"> <img decoding=\"async\" class=\"\" data-attachment-id=\"11777\" data-orig-file=\"https:\/\/www.jazzzeitung.de\/cms\/wp-content\/uploads\/2017\/02\/P1200771-Chris-Norz-Foto-TJ-Krebs.jpg\" data-orig-size=\"800,1200\" data-comments-opened=\"1\" data-image-meta=\"{&quot;aperture&quot;:&quot;0&quot;,&quot;credit&quot;:&quot;&quot;,&quot;camera&quot;:&quot;&quot;,&quot;caption&quot;:&quot;&quot;,&quot;created_timestamp&quot;:&quot;0&quot;,&quot;copyright&quot;:&quot;&quot;,&quot;focal_length&quot;:&quot;0&quot;,&quot;iso&quot;:&quot;0&quot;,&quot;shutter_speed&quot;:&quot;0&quot;,&quot;title&quot;:&quot;&quot;,&quot;orientation&quot;:&quot;0&quot;}\" data-image-title=\"P1200771 Chris Norz &amp;#8211; Foto TJ Krebs\" data-image-description=\"\" data-medium-file=\"https:\/\/i0.wp.com\/www.jazzzeitung.de\/cms\/wp-content\/uploads\/2017\/02\/P1200771-Chris-Norz-Foto-TJ-Krebs.jpg?fit=200%2C300&#038;ssl=1\" data-large-file=\"https:\/\/i0.wp.com\/www.jazzzeitung.de\/cms\/wp-content\/uploads\/2017\/02\/P1200771-Chris-Norz-Foto-TJ-Krebs.jpg?fit=400%2C600&#038;ssl=1\" src=\"https:\/\/i0.wp.com\/www.jazzzeitung.de\/cms\/wp-content\/uploads\/2017\/02\/P1200771-Chris-Norz-Foto-TJ-Krebs.jpg?w=393&#038;h=590&#038;ssl=1\" srcset=\"https:\/\/i0.wp.com\/www.jazzzeitung.de\/cms\/wp-content\/uploads\/2017\/02\/P1200771-Chris-Norz-Foto-TJ-Krebs.jpg?w=800&amp;ssl=1 800w, https:\/\/i0.wp.com\/www.jazzzeitung.de\/cms\/wp-content\/uploads\/2017\/02\/P1200771-Chris-Norz-Foto-TJ-Krebs.jpg?resize=200%2C300&amp;ssl=1 200w, https:\/\/i0.wp.com\/www.jazzzeitung.de\/cms\/wp-content\/uploads\/2017\/02\/P1200771-Chris-Norz-Foto-TJ-Krebs.jpg?resize=768%2C1152&amp;ssl=1 768w, https:\/\/i0.wp.com\/www.jazzzeitung.de\/cms\/wp-content\/uploads\/2017\/02\/P1200771-Chris-Norz-Foto-TJ-Krebs.jpg?resize=400%2C600&amp;ssl=1 400w\" width=\"393\" height=\"590\" loading=\"lazy\" data-original-width=\"393\" data-original-height=\"590\" itemprop=\"http:\/\/schema.org\/image\" title=\"P1200771 Chris Norz - Foto TJ Krebs\" alt=\"P1200771 Chris Norz - Foto TJ Krebs\" style=\"width: 393px; height: 590px;\" \/> <\/a> <\/div> <\/div> <!-- close group --> <\/div> <!-- close row --> <div class=\"gallery-row\" style=\"width: 840px; height: 375px;\" data-original-width=\"840\" data-original-height=\"375\" > <div class=\"gallery-group images-1\" style=\"width: 561px; height: 375px;\" data-original-width=\"561\" data-original-height=\"375\" > <div class=\"tiled-gallery-item tiled-gallery-item-large\" itemprop=\"associatedMedia\" itemscope itemtype=\"http:\/\/schema.org\/ImageObject\"> <a href=\"https:\/\/www.jazzzeitung.de\/cms\/2017\/02\/manu-delago-handmade-hangnbass-im-koelner-stadtgarten\/p1200794-manu-delago-foto-tj-krebs\/\" border=\"0\" itemprop=\"url\"> <meta itemprop=\"width\" content=\"557\"> <meta itemprop=\"height\" content=\"371\"> <img decoding=\"async\" class=\"\" data-attachment-id=\"11778\" data-orig-file=\"https:\/\/www.jazzzeitung.de\/cms\/wp-content\/uploads\/2017\/02\/P1200794-Manu-Delago-Foto-TJ-Krebs.jpg\" data-orig-size=\"1600,1067\" data-comments-opened=\"1\" data-image-meta=\"{&quot;aperture&quot;:&quot;0&quot;,&quot;credit&quot;:&quot;&quot;,&quot;camera&quot;:&quot;&quot;,&quot;caption&quot;:&quot;&quot;,&quot;created_timestamp&quot;:&quot;0&quot;,&quot;copyright&quot;:&quot;&quot;,&quot;focal_length&quot;:&quot;0&quot;,&quot;iso&quot;:&quot;0&quot;,&quot;shutter_speed&quot;:&quot;0&quot;,&quot;title&quot;:&quot;&quot;,&quot;orientation&quot;:&quot;0&quot;}\" data-image-title=\"P1200794 Manu Delago &amp;#8211; Foto TJ Krebs\" data-image-description=\"\" data-medium-file=\"https:\/\/i0.wp.com\/www.jazzzeitung.de\/cms\/wp-content\/uploads\/2017\/02\/P1200794-Manu-Delago-Foto-TJ-Krebs.jpg?fit=300%2C200&#038;ssl=1\" data-large-file=\"https:\/\/i0.wp.com\/www.jazzzeitung.de\/cms\/wp-content\/uploads\/2017\/02\/P1200794-Manu-Delago-Foto-TJ-Krebs.jpg?fit=840%2C560&#038;ssl=1\" src=\"https:\/\/i0.wp.com\/www.jazzzeitung.de\/cms\/wp-content\/uploads\/2017\/02\/P1200794-Manu-Delago-Foto-TJ-Krebs.jpg?w=557&#038;h=371&#038;ssl=1\" srcset=\"https:\/\/i0.wp.com\/www.jazzzeitung.de\/cms\/wp-content\/uploads\/2017\/02\/P1200794-Manu-Delago-Foto-TJ-Krebs.jpg?w=1600&amp;ssl=1 1600w, https:\/\/i0.wp.com\/www.jazzzeitung.de\/cms\/wp-content\/uploads\/2017\/02\/P1200794-Manu-Delago-Foto-TJ-Krebs.jpg?resize=300%2C200&amp;ssl=1 300w, https:\/\/i0.wp.com\/www.jazzzeitung.de\/cms\/wp-content\/uploads\/2017\/02\/P1200794-Manu-Delago-Foto-TJ-Krebs.jpg?resize=768%2C512&amp;ssl=1 768w, https:\/\/i0.wp.com\/www.jazzzeitung.de\/cms\/wp-content\/uploads\/2017\/02\/P1200794-Manu-Delago-Foto-TJ-Krebs.jpg?resize=900%2C600&amp;ssl=1 900w\" width=\"557\" height=\"371\" loading=\"lazy\" data-original-width=\"557\" data-original-height=\"371\" itemprop=\"http:\/\/schema.org\/image\" title=\"P1200794 Manu Delago - Foto TJ Krebs\" alt=\"P1200794 Manu Delago - Foto TJ Krebs\" style=\"width: 557px; height: 371px;\" \/> <\/a> <\/div> <\/div> <!-- close group --> <div class=\"gallery-group images-2\" style=\"width: 279px; height: 375px;\" data-original-width=\"279\" data-original-height=\"375\" > <div class=\"tiled-gallery-item tiled-gallery-item-large\" itemprop=\"associatedMedia\" itemscope itemtype=\"http:\/\/schema.org\/ImageObject\"> <a href=\"https:\/\/www.jazzzeitung.de\/cms\/2017\/02\/manu-delago-handmade-hangnbass-im-koelner-stadtgarten\/p1200831-manu-delago-chris-norz-foto-tj-krebs\/\" border=\"0\" itemprop=\"url\"> <meta itemprop=\"width\" content=\"275\"> <meta itemprop=\"height\" content=\"184\"> <img decoding=\"async\" class=\"\" data-attachment-id=\"11779\" data-orig-file=\"https:\/\/www.jazzzeitung.de\/cms\/wp-content\/uploads\/2017\/02\/P1200831-Manu-Delago-Chris-Norz-Foto-TJ-Krebs.jpg\" data-orig-size=\"1600,1067\" data-comments-opened=\"1\" data-image-meta=\"{&quot;aperture&quot;:&quot;0&quot;,&quot;credit&quot;:&quot;&quot;,&quot;camera&quot;:&quot;&quot;,&quot;caption&quot;:&quot;&quot;,&quot;created_timestamp&quot;:&quot;0&quot;,&quot;copyright&quot;:&quot;&quot;,&quot;focal_length&quot;:&quot;0&quot;,&quot;iso&quot;:&quot;0&quot;,&quot;shutter_speed&quot;:&quot;0&quot;,&quot;title&quot;:&quot;&quot;,&quot;orientation&quot;:&quot;0&quot;}\" data-image-title=\"P1200831 Manu Delago &amp;#038; Chris Norz &amp;#8211; Foto TJ Krebs\" data-image-description=\"\" data-medium-file=\"https:\/\/i0.wp.com\/www.jazzzeitung.de\/cms\/wp-content\/uploads\/2017\/02\/P1200831-Manu-Delago-Chris-Norz-Foto-TJ-Krebs.jpg?fit=300%2C200&#038;ssl=1\" data-large-file=\"https:\/\/i0.wp.com\/www.jazzzeitung.de\/cms\/wp-content\/uploads\/2017\/02\/P1200831-Manu-Delago-Chris-Norz-Foto-TJ-Krebs.jpg?fit=840%2C560&#038;ssl=1\" src=\"https:\/\/i0.wp.com\/www.jazzzeitung.de\/cms\/wp-content\/uploads\/2017\/02\/P1200831-Manu-Delago-Chris-Norz-Foto-TJ-Krebs.jpg?w=275&#038;h=184&#038;ssl=1\" srcset=\"https:\/\/i0.wp.com\/www.jazzzeitung.de\/cms\/wp-content\/uploads\/2017\/02\/P1200831-Manu-Delago-Chris-Norz-Foto-TJ-Krebs.jpg?w=1600&amp;ssl=1 1600w, https:\/\/i0.wp.com\/www.jazzzeitung.de\/cms\/wp-content\/uploads\/2017\/02\/P1200831-Manu-Delago-Chris-Norz-Foto-TJ-Krebs.jpg?resize=300%2C200&amp;ssl=1 300w, https:\/\/i0.wp.com\/www.jazzzeitung.de\/cms\/wp-content\/uploads\/2017\/02\/P1200831-Manu-Delago-Chris-Norz-Foto-TJ-Krebs.jpg?resize=768%2C512&amp;ssl=1 768w, https:\/\/i0.wp.com\/www.jazzzeitung.de\/cms\/wp-content\/uploads\/2017\/02\/P1200831-Manu-Delago-Chris-Norz-Foto-TJ-Krebs.jpg?resize=900%2C600&amp;ssl=1 900w\" width=\"275\" height=\"184\" loading=\"lazy\" data-original-width=\"275\" data-original-height=\"184\" itemprop=\"http:\/\/schema.org\/image\" title=\"P1200831 Manu Delago &amp; Chris Norz - Foto TJ Krebs\" alt=\"P1200831 Manu Delago &amp; Chris Norz - Foto TJ Krebs\" style=\"width: 275px; height: 184px;\" \/> <\/a> <\/div> <div class=\"tiled-gallery-item tiled-gallery-item-large\" itemprop=\"associatedMedia\" itemscope itemtype=\"http:\/\/schema.org\/ImageObject\"> <a href=\"https:\/\/www.jazzzeitung.de\/cms\/2017\/02\/manu-delago-handmade-hangnbass-im-koelner-stadtgarten\/p1200857-manu-delago-foto-tj-krebs\/\" border=\"0\" itemprop=\"url\"> <meta itemprop=\"width\" content=\"275\"> <meta itemprop=\"height\" content=\"183\"> <img decoding=\"async\" class=\"\" data-attachment-id=\"11780\" data-orig-file=\"https:\/\/www.jazzzeitung.de\/cms\/wp-content\/uploads\/2017\/02\/P1200857-Manu-Delago-Foto-TJ-Krebs.jpg\" data-orig-size=\"1600,1067\" data-comments-opened=\"1\" data-image-meta=\"{&quot;aperture&quot;:&quot;0&quot;,&quot;credit&quot;:&quot;&quot;,&quot;camera&quot;:&quot;&quot;,&quot;caption&quot;:&quot;&quot;,&quot;created_timestamp&quot;:&quot;0&quot;,&quot;copyright&quot;:&quot;&quot;,&quot;focal_length&quot;:&quot;0&quot;,&quot;iso&quot;:&quot;0&quot;,&quot;shutter_speed&quot;:&quot;0&quot;,&quot;title&quot;:&quot;&quot;,&quot;orientation&quot;:&quot;0&quot;}\" data-image-title=\"P1200857 Manu Delago &amp;#8211; Foto TJ Krebs\" data-image-description=\"\" data-medium-file=\"https:\/\/i0.wp.com\/www.jazzzeitung.de\/cms\/wp-content\/uploads\/2017\/02\/P1200857-Manu-Delago-Foto-TJ-Krebs.jpg?fit=300%2C200&#038;ssl=1\" data-large-file=\"https:\/\/i0.wp.com\/www.jazzzeitung.de\/cms\/wp-content\/uploads\/2017\/02\/P1200857-Manu-Delago-Foto-TJ-Krebs.jpg?fit=840%2C560&#038;ssl=1\" src=\"https:\/\/i0.wp.com\/www.jazzzeitung.de\/cms\/wp-content\/uploads\/2017\/02\/P1200857-Manu-Delago-Foto-TJ-Krebs.jpg?w=275&#038;h=183&#038;ssl=1\" srcset=\"https:\/\/i0.wp.com\/www.jazzzeitung.de\/cms\/wp-content\/uploads\/2017\/02\/P1200857-Manu-Delago-Foto-TJ-Krebs.jpg?w=1600&amp;ssl=1 1600w, https:\/\/i0.wp.com\/www.jazzzeitung.de\/cms\/wp-content\/uploads\/2017\/02\/P1200857-Manu-Delago-Foto-TJ-Krebs.jpg?resize=300%2C200&amp;ssl=1 300w, https:\/\/i0.wp.com\/www.jazzzeitung.de\/cms\/wp-content\/uploads\/2017\/02\/P1200857-Manu-Delago-Foto-TJ-Krebs.jpg?resize=768%2C512&amp;ssl=1 768w, https:\/\/i0.wp.com\/www.jazzzeitung.de\/cms\/wp-content\/uploads\/2017\/02\/P1200857-Manu-Delago-Foto-TJ-Krebs.jpg?resize=900%2C600&amp;ssl=1 900w\" width=\"275\" height=\"183\" loading=\"lazy\" data-original-width=\"275\" data-original-height=\"183\" itemprop=\"http:\/\/schema.org\/image\" title=\"P1200857 Manu Delago - Foto TJ Krebs\" alt=\"P1200857 Manu Delago - Foto TJ Krebs\" style=\"width: 275px; height: 183px;\" \/> <\/a> <\/div> <\/div> <!-- close group --> <\/div> <!-- close row --> <div class=\"gallery-row\" style=\"width: 840px; height: 562px;\" data-original-width=\"840\" data-original-height=\"562\" > <div class=\"gallery-group images-1\" style=\"width: 840px; height: 562px;\" data-original-width=\"840\" data-original-height=\"562\" > <div class=\"tiled-gallery-item tiled-gallery-item-large\" itemprop=\"associatedMedia\" itemscope itemtype=\"http:\/\/schema.org\/ImageObject\"> <a href=\"https:\/\/www.jazzzeitung.de\/cms\/2017\/02\/manu-delago-handmade-hangnbass-im-koelner-stadtgarten\/p1200863-delago-handmade-trio-foto-tj-krebs\/\" border=\"0\" itemprop=\"url\"> <meta itemprop=\"width\" content=\"836\"> <meta itemprop=\"height\" content=\"558\"> <img decoding=\"async\" class=\"\" data-attachment-id=\"11781\" data-orig-file=\"https:\/\/www.jazzzeitung.de\/cms\/wp-content\/uploads\/2017\/02\/P1200863-Delago-Handmade-Trio-Foto-TJ-Krebs.jpg\" data-orig-size=\"1600,1067\" data-comments-opened=\"1\" data-image-meta=\"{&quot;aperture&quot;:&quot;0&quot;,&quot;credit&quot;:&quot;&quot;,&quot;camera&quot;:&quot;&quot;,&quot;caption&quot;:&quot;&quot;,&quot;created_timestamp&quot;:&quot;0&quot;,&quot;copyright&quot;:&quot;&quot;,&quot;focal_length&quot;:&quot;0&quot;,&quot;iso&quot;:&quot;0&quot;,&quot;shutter_speed&quot;:&quot;0&quot;,&quot;title&quot;:&quot;&quot;,&quot;orientation&quot;:&quot;0&quot;}\" data-image-title=\"P1200863 Delago Handmade Trio &amp;#8211; Foto TJ Krebs\" data-image-description=\"\" data-medium-file=\"https:\/\/i0.wp.com\/www.jazzzeitung.de\/cms\/wp-content\/uploads\/2017\/02\/P1200863-Delago-Handmade-Trio-Foto-TJ-Krebs.jpg?fit=300%2C200&#038;ssl=1\" data-large-file=\"https:\/\/i0.wp.com\/www.jazzzeitung.de\/cms\/wp-content\/uploads\/2017\/02\/P1200863-Delago-Handmade-Trio-Foto-TJ-Krebs.jpg?fit=840%2C560&#038;ssl=1\" src=\"https:\/\/i0.wp.com\/www.jazzzeitung.de\/cms\/wp-content\/uploads\/2017\/02\/P1200863-Delago-Handmade-Trio-Foto-TJ-Krebs.jpg?w=836&#038;h=558&#038;ssl=1\" srcset=\"https:\/\/i0.wp.com\/www.jazzzeitung.de\/cms\/wp-content\/uploads\/2017\/02\/P1200863-Delago-Handmade-Trio-Foto-TJ-Krebs.jpg?w=1600&amp;ssl=1 1600w, https:\/\/i0.wp.com\/www.jazzzeitung.de\/cms\/wp-content\/uploads\/2017\/02\/P1200863-Delago-Handmade-Trio-Foto-TJ-Krebs.jpg?resize=300%2C200&amp;ssl=1 300w, https:\/\/i0.wp.com\/www.jazzzeitung.de\/cms\/wp-content\/uploads\/2017\/02\/P1200863-Delago-Handmade-Trio-Foto-TJ-Krebs.jpg?resize=768%2C512&amp;ssl=1 768w, https:\/\/i0.wp.com\/www.jazzzeitung.de\/cms\/wp-content\/uploads\/2017\/02\/P1200863-Delago-Handmade-Trio-Foto-TJ-Krebs.jpg?resize=900%2C600&amp;ssl=1 900w\" width=\"836\" height=\"558\" loading=\"lazy\" data-original-width=\"836\" data-original-height=\"558\" itemprop=\"http:\/\/schema.org\/image\" title=\"P1200863 Delago Handmade Trio - Foto TJ Krebs\" alt=\"P1200863 Delago Handmade Trio - Foto TJ Krebs\" style=\"width: 836px; height: 558px;\" \/> <\/a> <\/div> <\/div> <!-- close group --> <\/div> <!-- close row --> <\/div>\n<p><a href=\"https:\/\/www.youtube.com\/watch?v=pz3ExnOqXYA\">https:\/\/www.youtube.com\/watch?v=pz3ExnOqXYA<\/a><\/p>\n<p>&nbsp;<\/p>\n<p>Text &amp; Fotos: Thomas J. Krebs<\/p>\n<p>&nbsp;<\/p>\n<p>&nbsp;<\/p>\n","protected":false},"excerpt":{"rendered":"<p>Im Trio mit der Vokalistin\/Violinistin Isa Kurz und Chris Norz Percussion\/Electronics pr\u00e4sentierte der virtuose Hang- und Perkussion-Spieler Manu Delago seine neue CD \u201eMetromonk\u201c. Eine gelungene Mischung aus Kammerjazz &amp; Hang\u2019nBass. Das Hang an sich hat seinen eigenen Reiz und fasziniert durch seinen besonderen Klang. Delago ist seit \u00fcber 10 Jahren absoluter Hang-Experte, entlockt dem Instrument immer wieder neue Kl\u00e4nge wie Effekte und gestaltet damit sein Spiel spannend und abwechslungsreich. Seine musikalischen Mitstreiter geben dabei ma\u00dfgebliche Impulse, und so entwickelte sich das Konzert im K\u00f6lner Stadtgarten von anfangs ruhigen, fast kammermusikalischen St\u00fccken bis hin zu rhythmusgetriebenen, strukturierten Songs. Wie schon der Name der aktuellen CD \u201eMetroMonk\u201c vermuten l\u00e4sst ist auch die Musik durch Gegens\u00e4tze gepr\u00e4gt wie up&amp;down, mountains&amp;cities, Hektik&amp;Ruhe oder eben MetroMonk. Bei der ersten Zugabe beweisen Delago und Norz perkussiven Humor mit einem improvisierten St\u00fcck f\u00fcr zwei Zahnb\u00fcrsten, bevor das Trio ihr begeistertes Publikum schlie\u00dflich mit einer zweiten, fast meditativen Zugabe in die Nacht entl\u00e4sst. F\u00fcr alle Hang Fans und diejenigen, die Delago auf seiner Handmade Tour nicht live erleben konnten sei die CD \u201eMetromonk\u201c ans Herz gelegt, auf der bei einzelnen Songs \u00fcbrigens auch &hellip;<\/p>\n","protected":false},"author":18,"featured_media":0,"comment_status":"open","ping_status":"closed","sticky":false,"template":"","format":"standard","meta":{"_jetpack_memberships_contains_paid_content":false,"footnotes":"","jetpack_publicize_message":"","jetpack_publicize_feature_enabled":true,"jetpack_social_post_already_shared":false,"jetpack_social_options":{"image_generator_settings":{"template":"highway","default_image_id":0,"font":"","enabled":false},"version":2}},"categories":[652],"tags":[109,1476,322,1418,1475,1263,1260,558,1356,608],"coauthors":[695],"class_list":["post-11774","post","type-post","status-publish","format-standard","hentry","category-galerie","tag-cd","tag-koelner-stadtgarten","tag-konzert-2","tag-krebs","tag-manu-delago","tag-stadtgarten","tag-thomas-j-krebs","tag-tour","tag-trio","tag-youtube"],"yoast_head":"<!-- This site is optimized with the Yoast SEO plugin v27.5 - https:\/\/yoast.com\/product\/yoast-seo-wordpress\/ -->\n<title>Manu Delago - Handmade: Hang\u2019nBass im K\u00f6lner Stadtgarten - JazzZeitung<\/title>\n<meta name=\"robots\" content=\"index, follow, max-snippet:-1, max-image-preview:large, max-video-preview:-1\" \/>\n<link rel=\"canonical\" href=\"https:\/\/www.jazzzeitung.de\/cms\/2017\/02\/manu-delago-handmade-hangnbass-im-koelner-stadtgarten\/\" \/>\n<meta property=\"og:locale\" content=\"de_DE\" \/>\n<meta property=\"og:type\" content=\"article\" \/>\n<meta property=\"og:title\" content=\"Manu Delago - Handmade: Hang\u2019nBass im K\u00f6lner Stadtgarten - JazzZeitung\" \/>\n<meta property=\"og:description\" content=\"Im Trio mit der Vokalistin\/Violinistin Isa Kurz und Chris Norz Percussion\/Electronics pr\u00e4sentierte der virtuose Hang- und Perkussion-Spieler Manu Delago seine neue CD \u201eMetromonk\u201c. Eine gelungene Mischung aus Kammerjazz &amp; Hang\u2019nBass. Das Hang an sich hat seinen eigenen Reiz und fasziniert durch seinen besonderen Klang. Delago ist seit \u00fcber 10 Jahren absoluter Hang-Experte, entlockt dem Instrument immer wieder neue Kl\u00e4nge wie Effekte und gestaltet damit sein Spiel spannend und abwechslungsreich. Seine musikalischen Mitstreiter geben dabei ma\u00dfgebliche Impulse, und so entwickelte sich das Konzert im K\u00f6lner Stadtgarten von anfangs ruhigen, fast kammermusikalischen St\u00fccken bis hin zu rhythmusgetriebenen, strukturierten Songs. Wie schon der Name der aktuellen CD \u201eMetroMonk\u201c vermuten l\u00e4sst ist auch die Musik durch Gegens\u00e4tze gepr\u00e4gt wie up&amp;down, mountains&amp;cities, Hektik&amp;Ruhe oder eben MetroMonk. Bei der ersten Zugabe beweisen Delago und Norz perkussiven Humor mit einem improvisierten St\u00fcck f\u00fcr zwei Zahnb\u00fcrsten, bevor das Trio ihr begeistertes Publikum schlie\u00dflich mit einer zweiten, fast meditativen Zugabe in die Nacht entl\u00e4sst. F\u00fcr alle Hang Fans und diejenigen, die Delago auf seiner Handmade Tour nicht live erleben konnten sei die CD \u201eMetromonk\u201c ans Herz gelegt, auf der bei einzelnen Songs \u00fcbrigens auch &hellip;\" \/>\n<meta property=\"og:url\" content=\"https:\/\/www.jazzzeitung.de\/cms\/2017\/02\/manu-delago-handmade-hangnbass-im-koelner-stadtgarten\/\" \/>\n<meta property=\"og:site_name\" content=\"JazzZeitung\" \/>\n<meta property=\"article:publisher\" content=\"https:\/\/www.facebook.com\/JazzZeitung\/\" \/>\n<meta property=\"article:published_time\" content=\"2017-02-23T08:55:51+00:00\" \/>\n<meta property=\"og:image\" content=\"https:\/\/i0.wp.com\/www.jazzzeitung.de\/cms\/wp-content\/uploads\/2017\/02\/P1200701-Delago-Handmade-Trio-Foto-TJ-Krebs.jpg?w=439&#038;h=293&#038;ssl=1\" \/>\n<meta name=\"author\" content=\"Redaktion JazzZeitung\" \/>\n<script type=\"application\/ld+json\" class=\"yoast-schema-graph\">{\"@context\":\"https:\\\/\\\/schema.org\",\"@graph\":[{\"@type\":\"Article\",\"@id\":\"https:\\\/\\\/www.jazzzeitung.de\\\/cms\\\/2017\\\/02\\\/manu-delago-handmade-hangnbass-im-koelner-stadtgarten\\\/#article\",\"isPartOf\":{\"@id\":\"https:\\\/\\\/www.jazzzeitung.de\\\/cms\\\/2017\\\/02\\\/manu-delago-handmade-hangnbass-im-koelner-stadtgarten\\\/\"},\"author\":{\"name\":\"Redaktion JazzZeitung\",\"@id\":\"https:\\\/\\\/www.jazzzeitung.de\\\/cms\\\/#\\\/schema\\\/person\\\/2245b36b9cd1d24cea10f01c031fb92b\"},\"headline\":\"Manu Delago &#8211; Handmade: Hang\u2019nBass im K\u00f6lner Stadtgarten\",\"datePublished\":\"2017-02-23T08:55:51+00:00\",\"mainEntityOfPage\":{\"@id\":\"https:\\\/\\\/www.jazzzeitung.de\\\/cms\\\/2017\\\/02\\\/manu-delago-handmade-hangnbass-im-koelner-stadtgarten\\\/\"},\"wordCount\":250,\"commentCount\":0,\"publisher\":{\"@id\":\"https:\\\/\\\/www.jazzzeitung.de\\\/cms\\\/#organization\"},\"keywords\":[\"CD\",\"K\u00f6lner Stadtgarten\",\"Konzert\",\"krebs\",\"Manu Delago\",\"Stadtgarten\",\"Thomas J. Krebs\",\"Tour\",\"trio\",\"Youtube\"],\"articleSection\":[\"Galerie\"],\"inLanguage\":\"de\",\"potentialAction\":[{\"@type\":\"CommentAction\",\"name\":\"Comment\",\"target\":[\"https:\\\/\\\/www.jazzzeitung.de\\\/cms\\\/2017\\\/02\\\/manu-delago-handmade-hangnbass-im-koelner-stadtgarten\\\/#respond\"]}]},{\"@type\":\"WebPage\",\"@id\":\"https:\\\/\\\/www.jazzzeitung.de\\\/cms\\\/2017\\\/02\\\/manu-delago-handmade-hangnbass-im-koelner-stadtgarten\\\/\",\"url\":\"https:\\\/\\\/www.jazzzeitung.de\\\/cms\\\/2017\\\/02\\\/manu-delago-handmade-hangnbass-im-koelner-stadtgarten\\\/\",\"name\":\"Manu Delago - Handmade: Hang\u2019nBass im K\u00f6lner Stadtgarten - JazzZeitung\",\"isPartOf\":{\"@id\":\"https:\\\/\\\/www.jazzzeitung.de\\\/cms\\\/#website\"},\"datePublished\":\"2017-02-23T08:55:51+00:00\",\"breadcrumb\":{\"@id\":\"https:\\\/\\\/www.jazzzeitung.de\\\/cms\\\/2017\\\/02\\\/manu-delago-handmade-hangnbass-im-koelner-stadtgarten\\\/#breadcrumb\"},\"inLanguage\":\"de\",\"potentialAction\":[{\"@type\":\"ReadAction\",\"target\":[\"https:\\\/\\\/www.jazzzeitung.de\\\/cms\\\/2017\\\/02\\\/manu-delago-handmade-hangnbass-im-koelner-stadtgarten\\\/\"]}]},{\"@type\":\"BreadcrumbList\",\"@id\":\"https:\\\/\\\/www.jazzzeitung.de\\\/cms\\\/2017\\\/02\\\/manu-delago-handmade-hangnbass-im-koelner-stadtgarten\\\/#breadcrumb\",\"itemListElement\":[{\"@type\":\"ListItem\",\"position\":1,\"name\":\"Startseite\",\"item\":\"https:\\\/\\\/www.jazzzeitung.de\\\/cms\\\/\"},{\"@type\":\"ListItem\",\"position\":2,\"name\":\"Manu Delago &#8211; Handmade: Hang\u2019nBass im K\u00f6lner Stadtgarten\"}]},{\"@type\":\"WebSite\",\"@id\":\"https:\\\/\\\/www.jazzzeitung.de\\\/cms\\\/#website\",\"url\":\"https:\\\/\\\/www.jazzzeitung.de\\\/cms\\\/\",\"name\":\"JazzZeitung\",\"description\":\"Jazz-News und Jazz-Kontroverses\",\"publisher\":{\"@id\":\"https:\\\/\\\/www.jazzzeitung.de\\\/cms\\\/#organization\"},\"potentialAction\":[{\"@type\":\"SearchAction\",\"target\":{\"@type\":\"EntryPoint\",\"urlTemplate\":\"https:\\\/\\\/www.jazzzeitung.de\\\/cms\\\/?s={search_term_string}\"},\"query-input\":{\"@type\":\"PropertyValueSpecification\",\"valueRequired\":true,\"valueName\":\"search_term_string\"}}],\"inLanguage\":\"de\"},{\"@type\":\"Organization\",\"@id\":\"https:\\\/\\\/www.jazzzeitung.de\\\/cms\\\/#organization\",\"name\":\"JazzZeitung online\",\"url\":\"https:\\\/\\\/www.jazzzeitung.de\\\/cms\\\/\",\"logo\":{\"@type\":\"ImageObject\",\"inLanguage\":\"de\",\"@id\":\"https:\\\/\\\/www.jazzzeitung.de\\\/cms\\\/#\\\/schema\\\/logo\\\/image\\\/\",\"url\":\"https:\\\/\\\/i0.wp.com\\\/www.jazzzeitung.de\\\/cms\\\/wp-content\\\/uploads\\\/2015\\\/08\\\/JAZZZEITUNGDE_Logo_Neu.png?fit=499%2C200&ssl=1\",\"contentUrl\":\"https:\\\/\\\/i0.wp.com\\\/www.jazzzeitung.de\\\/cms\\\/wp-content\\\/uploads\\\/2015\\\/08\\\/JAZZZEITUNGDE_Logo_Neu.png?fit=499%2C200&ssl=1\",\"width\":499,\"height\":200,\"caption\":\"JazzZeitung online\"},\"image\":{\"@id\":\"https:\\\/\\\/www.jazzzeitung.de\\\/cms\\\/#\\\/schema\\\/logo\\\/image\\\/\"},\"sameAs\":[\"https:\\\/\\\/www.facebook.com\\\/JazzZeitung\\\/\"]},{\"@type\":\"Person\",\"@id\":\"https:\\\/\\\/www.jazzzeitung.de\\\/cms\\\/#\\\/schema\\\/person\\\/2245b36b9cd1d24cea10f01c031fb92b\",\"name\":\"Redaktion JazzZeitung\",\"image\":{\"@type\":\"ImageObject\",\"inLanguage\":\"de\",\"@id\":\"https:\\\/\\\/i0.wp.com\\\/www.jazzzeitung.de\\\/cms\\\/wp-content\\\/uploads\\\/2015\\\/08\\\/JAZZZEITUNGDE_Logo_Neu.png?resize=96%2C96&ssl=159975dcacb611b5700bd619b5daf0a7a\",\"url\":\"https:\\\/\\\/i0.wp.com\\\/www.jazzzeitung.de\\\/cms\\\/wp-content\\\/uploads\\\/2015\\\/08\\\/JAZZZEITUNGDE_Logo_Neu.png?resize=96%2C96&ssl=1\",\"contentUrl\":\"https:\\\/\\\/i0.wp.com\\\/www.jazzzeitung.de\\\/cms\\\/wp-content\\\/uploads\\\/2015\\\/08\\\/JAZZZEITUNGDE_Logo_Neu.png?resize=96%2C96&ssl=1\",\"caption\":\"Redaktion JazzZeitung\"},\"description\":\"Artikel der Redaktion der JazzZeitung.\",\"sameAs\":[\"http:\\\/\\\/www.jazzzeitung.de\\\/cms\\\/\"],\"url\":\"https:\\\/\\\/www.jazzzeitung.de\\\/cms\\\/author\\\/redaktion\\\/\"}]}<\/script>\n<!-- \/ Yoast SEO plugin. -->","yoast_head_json":{"title":"Manu Delago - Handmade: Hang\u2019nBass im K\u00f6lner Stadtgarten - JazzZeitung","robots":{"index":"index","follow":"follow","max-snippet":"max-snippet:-1","max-image-preview":"max-image-preview:large","max-video-preview":"max-video-preview:-1"},"canonical":"https:\/\/www.jazzzeitung.de\/cms\/2017\/02\/manu-delago-handmade-hangnbass-im-koelner-stadtgarten\/","og_locale":"de_DE","og_type":"article","og_title":"Manu Delago - Handmade: Hang\u2019nBass im K\u00f6lner Stadtgarten - JazzZeitung","og_description":"Im Trio mit der Vokalistin\/Violinistin Isa Kurz und Chris Norz Percussion\/Electronics pr\u00e4sentierte der virtuose Hang- und Perkussion-Spieler Manu Delago seine neue CD \u201eMetromonk\u201c. Eine gelungene Mischung aus Kammerjazz &amp; Hang\u2019nBass. Das Hang an sich hat seinen eigenen Reiz und fasziniert durch seinen besonderen Klang. Delago ist seit \u00fcber 10 Jahren absoluter Hang-Experte, entlockt dem Instrument immer wieder neue Kl\u00e4nge wie Effekte und gestaltet damit sein Spiel spannend und abwechslungsreich. Seine musikalischen Mitstreiter geben dabei ma\u00dfgebliche Impulse, und so entwickelte sich das Konzert im K\u00f6lner Stadtgarten von anfangs ruhigen, fast kammermusikalischen St\u00fccken bis hin zu rhythmusgetriebenen, strukturierten Songs. Wie schon der Name der aktuellen CD \u201eMetroMonk\u201c vermuten l\u00e4sst ist auch die Musik durch Gegens\u00e4tze gepr\u00e4gt wie up&amp;down, mountains&amp;cities, Hektik&amp;Ruhe oder eben MetroMonk. Bei der ersten Zugabe beweisen Delago und Norz perkussiven Humor mit einem improvisierten St\u00fcck f\u00fcr zwei Zahnb\u00fcrsten, bevor das Trio ihr begeistertes Publikum schlie\u00dflich mit einer zweiten, fast meditativen Zugabe in die Nacht entl\u00e4sst. F\u00fcr alle Hang Fans und diejenigen, die Delago auf seiner Handmade Tour nicht live erleben konnten sei die CD \u201eMetromonk\u201c ans Herz gelegt, auf der bei einzelnen Songs \u00fcbrigens auch &hellip;","og_url":"https:\/\/www.jazzzeitung.de\/cms\/2017\/02\/manu-delago-handmade-hangnbass-im-koelner-stadtgarten\/","og_site_name":"JazzZeitung","article_publisher":"https:\/\/www.facebook.com\/JazzZeitung\/","article_published_time":"2017-02-23T08:55:51+00:00","og_image":[{"url":"https:\/\/i0.wp.com\/www.jazzzeitung.de\/cms\/wp-content\/uploads\/2017\/02\/P1200701-Delago-Handmade-Trio-Foto-TJ-Krebs.jpg?w=439&#038;h=293&#038;ssl=1","type":"","width":"","height":""}],"author":"Redaktion JazzZeitung","schema":{"@context":"https:\/\/schema.org","@graph":[{"@type":"Article","@id":"https:\/\/www.jazzzeitung.de\/cms\/2017\/02\/manu-delago-handmade-hangnbass-im-koelner-stadtgarten\/#article","isPartOf":{"@id":"https:\/\/www.jazzzeitung.de\/cms\/2017\/02\/manu-delago-handmade-hangnbass-im-koelner-stadtgarten\/"},"author":{"name":"Redaktion JazzZeitung","@id":"https:\/\/www.jazzzeitung.de\/cms\/#\/schema\/person\/2245b36b9cd1d24cea10f01c031fb92b"},"headline":"Manu Delago &#8211; Handmade: Hang\u2019nBass im K\u00f6lner Stadtgarten","datePublished":"2017-02-23T08:55:51+00:00","mainEntityOfPage":{"@id":"https:\/\/www.jazzzeitung.de\/cms\/2017\/02\/manu-delago-handmade-hangnbass-im-koelner-stadtgarten\/"},"wordCount":250,"commentCount":0,"publisher":{"@id":"https:\/\/www.jazzzeitung.de\/cms\/#organization"},"keywords":["CD","K\u00f6lner Stadtgarten","Konzert","krebs","Manu Delago","Stadtgarten","Thomas J. Krebs","Tour","trio","Youtube"],"articleSection":["Galerie"],"inLanguage":"de","potentialAction":[{"@type":"CommentAction","name":"Comment","target":["https:\/\/www.jazzzeitung.de\/cms\/2017\/02\/manu-delago-handmade-hangnbass-im-koelner-stadtgarten\/#respond"]}]},{"@type":"WebPage","@id":"https:\/\/www.jazzzeitung.de\/cms\/2017\/02\/manu-delago-handmade-hangnbass-im-koelner-stadtgarten\/","url":"https:\/\/www.jazzzeitung.de\/cms\/2017\/02\/manu-delago-handmade-hangnbass-im-koelner-stadtgarten\/","name":"Manu Delago - Handmade: Hang\u2019nBass im K\u00f6lner Stadtgarten - JazzZeitung","isPartOf":{"@id":"https:\/\/www.jazzzeitung.de\/cms\/#website"},"datePublished":"2017-02-23T08:55:51+00:00","breadcrumb":{"@id":"https:\/\/www.jazzzeitung.de\/cms\/2017\/02\/manu-delago-handmade-hangnbass-im-koelner-stadtgarten\/#breadcrumb"},"inLanguage":"de","potentialAction":[{"@type":"ReadAction","target":["https:\/\/www.jazzzeitung.de\/cms\/2017\/02\/manu-delago-handmade-hangnbass-im-koelner-stadtgarten\/"]}]},{"@type":"BreadcrumbList","@id":"https:\/\/www.jazzzeitung.de\/cms\/2017\/02\/manu-delago-handmade-hangnbass-im-koelner-stadtgarten\/#breadcrumb","itemListElement":[{"@type":"ListItem","position":1,"name":"Startseite","item":"https:\/\/www.jazzzeitung.de\/cms\/"},{"@type":"ListItem","position":2,"name":"Manu Delago &#8211; Handmade: Hang\u2019nBass im K\u00f6lner Stadtgarten"}]},{"@type":"WebSite","@id":"https:\/\/www.jazzzeitung.de\/cms\/#website","url":"https:\/\/www.jazzzeitung.de\/cms\/","name":"JazzZeitung","description":"Jazz-News und Jazz-Kontroverses","publisher":{"@id":"https:\/\/www.jazzzeitung.de\/cms\/#organization"},"potentialAction":[{"@type":"SearchAction","target":{"@type":"EntryPoint","urlTemplate":"https:\/\/www.jazzzeitung.de\/cms\/?s={search_term_string}"},"query-input":{"@type":"PropertyValueSpecification","valueRequired":true,"valueName":"search_term_string"}}],"inLanguage":"de"},{"@type":"Organization","@id":"https:\/\/www.jazzzeitung.de\/cms\/#organization","name":"JazzZeitung online","url":"https:\/\/www.jazzzeitung.de\/cms\/","logo":{"@type":"ImageObject","inLanguage":"de","@id":"https:\/\/www.jazzzeitung.de\/cms\/#\/schema\/logo\/image\/","url":"https:\/\/i0.wp.com\/www.jazzzeitung.de\/cms\/wp-content\/uploads\/2015\/08\/JAZZZEITUNGDE_Logo_Neu.png?fit=499%2C200&ssl=1","contentUrl":"https:\/\/i0.wp.com\/www.jazzzeitung.de\/cms\/wp-content\/uploads\/2015\/08\/JAZZZEITUNGDE_Logo_Neu.png?fit=499%2C200&ssl=1","width":499,"height":200,"caption":"JazzZeitung online"},"image":{"@id":"https:\/\/www.jazzzeitung.de\/cms\/#\/schema\/logo\/image\/"},"sameAs":["https:\/\/www.facebook.com\/JazzZeitung\/"]},{"@type":"Person","@id":"https:\/\/www.jazzzeitung.de\/cms\/#\/schema\/person\/2245b36b9cd1d24cea10f01c031fb92b","name":"Redaktion JazzZeitung","image":{"@type":"ImageObject","inLanguage":"de","@id":"https:\/\/i0.wp.com\/www.jazzzeitung.de\/cms\/wp-content\/uploads\/2015\/08\/JAZZZEITUNGDE_Logo_Neu.png?resize=96%2C96&ssl=159975dcacb611b5700bd619b5daf0a7a","url":"https:\/\/i0.wp.com\/www.jazzzeitung.de\/cms\/wp-content\/uploads\/2015\/08\/JAZZZEITUNGDE_Logo_Neu.png?resize=96%2C96&ssl=1","contentUrl":"https:\/\/i0.wp.com\/www.jazzzeitung.de\/cms\/wp-content\/uploads\/2015\/08\/JAZZZEITUNGDE_Logo_Neu.png?resize=96%2C96&ssl=1","caption":"Redaktion JazzZeitung"},"description":"Artikel der Redaktion der JazzZeitung.","sameAs":["http:\/\/www.jazzzeitung.de\/cms\/"],"url":"https:\/\/www.jazzzeitung.de\/cms\/author\/redaktion\/"}]}},"wp-worthy-pixel":{"ignored":false,"public":null,"server":null,"url":null},"wp-worthy-type":"normal","jetpack_publicize_connections":[],"cc_featured_image_caption":{"caption_text":false,"source_text":false,"source_url":false},"jetpack_featured_media_url":"","jetpack_shortlink":"https:\/\/wp.me\/p3KEcT-33U","jetpack-related-posts":[{"id":17867,"url":"https:\/\/www.jazzzeitung.de\/cms\/2018\/11\/florian-weber-live-mit-lucent-waters-im-koelner-stadtgarten\/","url_meta":{"origin":11774,"position":0},"title":"Florian Weber live mit \u201eLucent Waters\u201c im K\u00f6lner Stadtgarten","author":"Redaktion JazzZeitung","date":"15. November 2018","format":false,"excerpt":"\u201eLucent Waters\u201c, die gerade auf dem Label ECM erschienene CD des Pianisten Florian Weber, wurde vergangenem Montag live mit seinem Quartett im K\u00f6lner Stadtgarten vorgestellt. Mit dabei Ralph Alessi an der Trompete, die Ausnahmebassistin Linda May Han Oh und Dejan Terzic am Schlagzeug. Die Idee zum Titel des Albums stammt\u2026","rel":"","context":"In &quot;Bericht&quot;","block_context":{"text":"Bericht","link":"https:\/\/www.jazzzeitung.de\/cms\/thema\/bericht\/"},"img":{"alt_text":"","src":"https:\/\/i0.wp.com\/www.jazzzeitung.de\/cms\/wp-content\/uploads\/2018\/11\/P1076012-Weber-Quartett-Foto-TJ-Krebs-jazzphotoagency%40web.de_-1.jpg?fit=1200%2C800&ssl=1&resize=350%2C200","width":350,"height":200,"srcset":"https:\/\/i0.wp.com\/www.jazzzeitung.de\/cms\/wp-content\/uploads\/2018\/11\/P1076012-Weber-Quartett-Foto-TJ-Krebs-jazzphotoagency%40web.de_-1.jpg?fit=1200%2C800&ssl=1&resize=350%2C200 1x, https:\/\/i0.wp.com\/www.jazzzeitung.de\/cms\/wp-content\/uploads\/2018\/11\/P1076012-Weber-Quartett-Foto-TJ-Krebs-jazzphotoagency%40web.de_-1.jpg?fit=1200%2C800&ssl=1&resize=525%2C300 1.5x, https:\/\/i0.wp.com\/www.jazzzeitung.de\/cms\/wp-content\/uploads\/2018\/11\/P1076012-Weber-Quartett-Foto-TJ-Krebs-jazzphotoagency%40web.de_-1.jpg?fit=1200%2C800&ssl=1&resize=700%2C400 2x, https:\/\/i0.wp.com\/www.jazzzeitung.de\/cms\/wp-content\/uploads\/2018\/11\/P1076012-Weber-Quartett-Foto-TJ-Krebs-jazzphotoagency%40web.de_-1.jpg?fit=1200%2C800&ssl=1&resize=1050%2C600 3x"},"classes":[]},{"id":19644,"url":"https:\/\/www.jazzzeitung.de\/cms\/2019\/06\/news-internationale-stars-und-regionale-dixieland-formationen-beim-augsburger-jazzsommer-alpenspektakel-volksmusik-trifft-jazz\/","url_meta":{"origin":11774,"position":1},"title":"+++ news +++ Internationale Stars und regionale Dixieland-Formationen beim Augsburger Jazzsommer +++ Alpenspektakel \u2013 Volksmusik trifft Jazz +++","author":"Redaktion JazzZeitung","date":"4. Juni 2019","format":false,"excerpt":"Vom 10. Juli bis 11. August bietet der 27. Internationale Augsburger Jazzsommer auch dieses Jahr wieder nationale und internationale Stars der Jazzszene in tollen Kulissen. An sechs Abenden wird der Botanische Garten zum Schauplatz der Sommernachtskonzerte mit musikalischen Highlights wie dem P\u00e9rez Cohen Potter Quintet oder dem Kenny Barron Trio.\u2026","rel":"","context":"In &quot;News&quot;","block_context":{"text":"News","link":"https:\/\/www.jazzzeitung.de\/cms\/thema\/nachrichten\/"},"img":{"alt_text":"","src":"https:\/\/i0.wp.com\/www.jazzzeitung.de\/cms\/wp-content\/uploads\/2019\/06\/b5-MarkusStockhausenQuadrivium_FotoTJKrebs.jpg?fit=1200%2C800&ssl=1&resize=350%2C200","width":350,"height":200,"srcset":"https:\/\/i0.wp.com\/www.jazzzeitung.de\/cms\/wp-content\/uploads\/2019\/06\/b5-MarkusStockhausenQuadrivium_FotoTJKrebs.jpg?fit=1200%2C800&ssl=1&resize=350%2C200 1x, https:\/\/i0.wp.com\/www.jazzzeitung.de\/cms\/wp-content\/uploads\/2019\/06\/b5-MarkusStockhausenQuadrivium_FotoTJKrebs.jpg?fit=1200%2C800&ssl=1&resize=525%2C300 1.5x, https:\/\/i0.wp.com\/www.jazzzeitung.de\/cms\/wp-content\/uploads\/2019\/06\/b5-MarkusStockhausenQuadrivium_FotoTJKrebs.jpg?fit=1200%2C800&ssl=1&resize=700%2C400 2x, https:\/\/i0.wp.com\/www.jazzzeitung.de\/cms\/wp-content\/uploads\/2019\/06\/b5-MarkusStockhausenQuadrivium_FotoTJKrebs.jpg?fit=1200%2C800&ssl=1&resize=1050%2C600 3x"},"classes":[]},{"id":7810,"url":"https:\/\/www.jazzzeitung.de\/cms\/2015\/11\/klaeng-festival-2015\/","url_meta":{"origin":11774,"position":2},"title":"Klaeng Festival 2015","author":"Redaktion JazzZeitung","date":"25. November 2015","format":false,"excerpt":"Das Jahr 2015 l\u00e4uft gro\u00dfartig f\u00fcr das Jazzmusikerkollektiv KLAENG: Zwei Plattenver\u00f6ffentlichungen aus dem hauseigenen Label KLAENGrecords wurden f\u00fcr den ECHO Jazz nominiert, eine davon sogar im Mai mit dem ECHO Jazz ausgezeichnet. Im Juli fand zum dritten Mal (wieder unter gro\u00dfem Andrang) das Open-Air-Festival \u201eSummerKLAENG\u201c im K\u00f6lner Odonien statt, seit\u2026","rel":"","context":"In &quot;News&quot;","block_context":{"text":"News","link":"https:\/\/www.jazzzeitung.de\/cms\/thema\/nachrichten\/"},"img":{"alt_text":"klaeng","src":"https:\/\/i0.wp.com\/www.jazzzeitung.de\/cms\/wp-content\/uploads\/2015\/11\/klaeng-150x150.jpg?resize=350%2C200","width":350,"height":200},"classes":[]},{"id":24121,"url":"https:\/\/www.jazzzeitung.de\/cms\/2021\/01\/die-frische-der-spontanen-begegnung-beim-winterjazz-im-koelner-stadtgarten\/","url_meta":{"origin":11774,"position":3},"title":"Die Frische der spontanen Begegnung beim Winterjazz im K\u00f6lner Stadtgarten","author":"Redaktion JazzZeitung","date":"13. Januar 2021","format":false,"excerpt":"\u201eWenn man Festivals komponiert, dann ist es ganz wichtig, den jeweiligen Abend ganz zu \u00fcberdenken\u201c beschrieb der Schweizer Schlagzeuger Lucas Niggli das Qualit\u00e4tsmerkmal f\u00fcr ein gutes Live-Erlebnis. Als er vor einigen Jahren eingeladen worden war, etwas zusammen mit der \u201eunfassbar innovativen eigenst\u00e4ndigen K\u00f6lner Szene zu machen, hatte er sofort einen\u2026","rel":"","context":"In &quot;Bericht&quot;","block_context":{"text":"Bericht","link":"https:\/\/www.jazzzeitung.de\/cms\/thema\/bericht\/"},"img":{"alt_text":"","src":"https:\/\/i0.wp.com\/www.jazzzeitung.de\/cms\/wp-content\/uploads\/2021\/01\/Agelika-Niescier-Lucas-Leidinger-scaled.jpg?fit=1200%2C799&ssl=1&resize=350%2C200","width":350,"height":200,"srcset":"https:\/\/i0.wp.com\/www.jazzzeitung.de\/cms\/wp-content\/uploads\/2021\/01\/Agelika-Niescier-Lucas-Leidinger-scaled.jpg?fit=1200%2C799&ssl=1&resize=350%2C200 1x, https:\/\/i0.wp.com\/www.jazzzeitung.de\/cms\/wp-content\/uploads\/2021\/01\/Agelika-Niescier-Lucas-Leidinger-scaled.jpg?fit=1200%2C799&ssl=1&resize=525%2C300 1.5x, https:\/\/i0.wp.com\/www.jazzzeitung.de\/cms\/wp-content\/uploads\/2021\/01\/Agelika-Niescier-Lucas-Leidinger-scaled.jpg?fit=1200%2C799&ssl=1&resize=700%2C400 2x, https:\/\/i0.wp.com\/www.jazzzeitung.de\/cms\/wp-content\/uploads\/2021\/01\/Agelika-Niescier-Lucas-Leidinger-scaled.jpg?fit=1200%2C799&ssl=1&resize=1050%2C600 3x"},"classes":[]},{"id":26814,"url":"https:\/\/www.jazzzeitung.de\/cms\/2022\/03\/verschwinden-werden-unsere-feinde-wie-tau-in-der-sonne-tamara-lukasheva-veranstaltete-ein-solidaritaetskonzert-im-koelner-stadtgarten\/","url_meta":{"origin":11774,"position":4},"title":"Verschwinden werden unsere Feinde wie Tau in der Sonne: Tamara Lukasheva veranstaltete ein Solidarit\u00e4tskonzert im K\u00f6lner Stadtgarten","author":"Redaktion JazzZeitung","date":"3. M\u00e4rz 2022","format":false,"excerpt":"\u201eNoch sind der Ukraine Ruhm und Freiheit nicht gestorben, noch wird uns l\u00e4cheln, junge Ukrainer, das Schicksal. Verschwinden werden unsere Feinde wie Tau in der Sonne, und auch wir, Br\u00fcder, werden Herren im eigenen Land sein\", lautet die erste Strophe der ukrainischen Nationalhymne \u2013 und nein, sie ist nicht gerade\u2026","rel":"","context":"In &quot;Bericht&quot;","block_context":{"text":"Bericht","link":"https:\/\/www.jazzzeitung.de\/cms\/thema\/bericht\/"},"img":{"alt_text":"","src":"https:\/\/i0.wp.com\/www.jazzzeitung.de\/cms\/wp-content\/uploads\/2022\/03\/Jarry-Singla-Tamara-Lukasheva-Dominik-Mahnig-Mariana-Sadowska-Matthias-Schriefl-Janning-Trumann-scaled.jpg?fit=1200%2C598&ssl=1&resize=350%2C200","width":350,"height":200,"srcset":"https:\/\/i0.wp.com\/www.jazzzeitung.de\/cms\/wp-content\/uploads\/2022\/03\/Jarry-Singla-Tamara-Lukasheva-Dominik-Mahnig-Mariana-Sadowska-Matthias-Schriefl-Janning-Trumann-scaled.jpg?fit=1200%2C598&ssl=1&resize=350%2C200 1x, https:\/\/i0.wp.com\/www.jazzzeitung.de\/cms\/wp-content\/uploads\/2022\/03\/Jarry-Singla-Tamara-Lukasheva-Dominik-Mahnig-Mariana-Sadowska-Matthias-Schriefl-Janning-Trumann-scaled.jpg?fit=1200%2C598&ssl=1&resize=525%2C300 1.5x, https:\/\/i0.wp.com\/www.jazzzeitung.de\/cms\/wp-content\/uploads\/2022\/03\/Jarry-Singla-Tamara-Lukasheva-Dominik-Mahnig-Mariana-Sadowska-Matthias-Schriefl-Janning-Trumann-scaled.jpg?fit=1200%2C598&ssl=1&resize=700%2C400 2x, https:\/\/i0.wp.com\/www.jazzzeitung.de\/cms\/wp-content\/uploads\/2022\/03\/Jarry-Singla-Tamara-Lukasheva-Dominik-Mahnig-Mariana-Sadowska-Matthias-Schriefl-Janning-Trumann-scaled.jpg?fit=1200%2C598&ssl=1&resize=1050%2C600 3x"},"classes":[]},{"id":27796,"url":"https:\/\/www.jazzzeitung.de\/cms\/2022\/07\/neues-aus-dem-green-room-des-koelner-stadtgartens-laura-totenhagen-und-farida-amadou-rachel-therrien-und-ihre-kuenstlerinnen\/","url_meta":{"origin":11774,"position":5},"title":"+++ Neues aus dem Green Room des K\u00f6lner Stadtgartens: +++ Laura Totenhagen und Farida Amadou  +++ Rachel Therrien und ihre K\u00fcnstler:innen +++","author":"Redaktion JazzZeitung","date":"14. Juli 2022","format":false,"excerpt":"+++ Green is the coulour +++ Eigentlich scheuen K\u00fcnste wie Theater oder Jazz das Tageslicht. Doch in einem Sommer wie diesem \u2013 in Gluthitze und mit Coronavarianten \u2013 wird bundesweit open air gespielt, mal umsonst, mal gegen das Vertrauensgut Eintrittskarte. Zum Beispiel im Green Room des K\u00f6lner Stadtgartens: Dort laden\u2026","rel":"","context":"In &quot;News&quot;","block_context":{"text":"News","link":"https:\/\/www.jazzzeitung.de\/cms\/thema\/nachrichten\/"},"img":{"alt_text":"","src":"https:\/\/i0.wp.com\/www.jazzzeitung.de\/cms\/wp-content\/uploads\/2022\/07\/2022-07-18_Laura_Totenhagen_c_Niclas_Weber_Farida_Amadou_c_Artist.jpg?fit=1200%2C800&ssl=1&resize=350%2C200","width":350,"height":200,"srcset":"https:\/\/i0.wp.com\/www.jazzzeitung.de\/cms\/wp-content\/uploads\/2022\/07\/2022-07-18_Laura_Totenhagen_c_Niclas_Weber_Farida_Amadou_c_Artist.jpg?fit=1200%2C800&ssl=1&resize=350%2C200 1x, https:\/\/i0.wp.com\/www.jazzzeitung.de\/cms\/wp-content\/uploads\/2022\/07\/2022-07-18_Laura_Totenhagen_c_Niclas_Weber_Farida_Amadou_c_Artist.jpg?fit=1200%2C800&ssl=1&resize=525%2C300 1.5x, https:\/\/i0.wp.com\/www.jazzzeitung.de\/cms\/wp-content\/uploads\/2022\/07\/2022-07-18_Laura_Totenhagen_c_Niclas_Weber_Farida_Amadou_c_Artist.jpg?fit=1200%2C800&ssl=1&resize=700%2C400 2x, https:\/\/i0.wp.com\/www.jazzzeitung.de\/cms\/wp-content\/uploads\/2022\/07\/2022-07-18_Laura_Totenhagen_c_Niclas_Weber_Farida_Amadou_c_Artist.jpg?fit=1200%2C800&ssl=1&resize=1050%2C600 3x"},"classes":[]}],"jetpack_sharing_enabled":true,"_links":{"self":[{"href":"https:\/\/www.jazzzeitung.de\/cms\/wp-json\/wp\/v2\/posts\/11774","targetHints":{"allow":["GET"]}}],"collection":[{"href":"https:\/\/www.jazzzeitung.de\/cms\/wp-json\/wp\/v2\/posts"}],"about":[{"href":"https:\/\/www.jazzzeitung.de\/cms\/wp-json\/wp\/v2\/types\/post"}],"author":[{"embeddable":true,"href":"https:\/\/www.jazzzeitung.de\/cms\/wp-json\/wp\/v2\/users\/18"}],"replies":[{"embeddable":true,"href":"https:\/\/www.jazzzeitung.de\/cms\/wp-json\/wp\/v2\/comments?post=11774"}],"version-history":[{"count":1,"href":"https:\/\/www.jazzzeitung.de\/cms\/wp-json\/wp\/v2\/posts\/11774\/revisions"}],"predecessor-version":[{"id":11782,"href":"https:\/\/www.jazzzeitung.de\/cms\/wp-json\/wp\/v2\/posts\/11774\/revisions\/11782"}],"wp:attachment":[{"href":"https:\/\/www.jazzzeitung.de\/cms\/wp-json\/wp\/v2\/media?parent=11774"}],"wp:term":[{"taxonomy":"category","embeddable":true,"href":"https:\/\/www.jazzzeitung.de\/cms\/wp-json\/wp\/v2\/categories?post=11774"},{"taxonomy":"post_tag","embeddable":true,"href":"https:\/\/www.jazzzeitung.de\/cms\/wp-json\/wp\/v2\/tags?post=11774"},{"taxonomy":"author","embeddable":true,"href":"https:\/\/www.jazzzeitung.de\/cms\/wp-json\/wp\/v2\/coauthors?post=11774"}],"curies":[{"name":"wp","href":"https:\/\/api.w.org\/{rel}","templated":true}]}}