{"id":11688,"date":"2017-02-14T15:23:57","date_gmt":"2017-02-14T14:23:57","guid":{"rendered":"http:\/\/www.jazzzeitung.de\/cms\/?p=11688"},"modified":"2017-02-14T14:28:21","modified_gmt":"2017-02-14T13:28:21","slug":"traumbild-von-stille-und-feuer","status":"publish","type":"post","link":"https:\/\/www.jazzzeitung.de\/cms\/2017\/02\/traumbild-von-stille-und-feuer\/","title":{"rendered":"Traumbild von Stille und Feuer"},"content":{"rendered":"<p><a href=\"https:\/\/i0.wp.com\/www.jazzzeitung.de\/cms\/wp-content\/uploads\/2017\/02\/Huber-Evelyn-Inspire.jpeg\"><img data-recalc-dims=\"1\" loading=\"lazy\" decoding=\"async\" data-attachment-id=\"11690\" data-permalink=\"https:\/\/www.jazzzeitung.de\/cms\/2017\/02\/traumbild-von-stille-und-feuer\/huber-evelyn-inspire\/\" data-orig-file=\"https:\/\/i0.wp.com\/www.jazzzeitung.de\/cms\/wp-content\/uploads\/2017\/02\/Huber-Evelyn-Inspire.jpeg?fit=1650%2C1476&amp;ssl=1\" data-orig-size=\"1650,1476\" data-comments-opened=\"1\" data-image-meta=\"{&quot;aperture&quot;:&quot;0&quot;,&quot;credit&quot;:&quot;&quot;,&quot;camera&quot;:&quot;&quot;,&quot;caption&quot;:&quot;&quot;,&quot;created_timestamp&quot;:&quot;0&quot;,&quot;copyright&quot;:&quot;&quot;,&quot;focal_length&quot;:&quot;0&quot;,&quot;iso&quot;:&quot;0&quot;,&quot;shutter_speed&quot;:&quot;0&quot;,&quot;title&quot;:&quot;&quot;,&quot;orientation&quot;:&quot;1&quot;}\" data-image-title=\"Huber-Evelyn-Inspire\" data-image-description=\"\" data-image-caption=\"\" data-large-file=\"https:\/\/i0.wp.com\/www.jazzzeitung.de\/cms\/wp-content\/uploads\/2017\/02\/Huber-Evelyn-Inspire.jpeg?fit=671%2C600&amp;ssl=1\" class=\"aligncenter wp-image-11690 size-full\" src=\"https:\/\/i0.wp.com\/www.jazzzeitung.de\/cms\/wp-content\/uploads\/2017\/02\/Huber-Evelyn-Inspire.jpeg?resize=840%2C751\" width=\"840\" height=\"751\" srcset=\"https:\/\/i0.wp.com\/www.jazzzeitung.de\/cms\/wp-content\/uploads\/2017\/02\/Huber-Evelyn-Inspire.jpeg?w=1650&amp;ssl=1 1650w, https:\/\/i0.wp.com\/www.jazzzeitung.de\/cms\/wp-content\/uploads\/2017\/02\/Huber-Evelyn-Inspire.jpeg?resize=300%2C268&amp;ssl=1 300w, https:\/\/i0.wp.com\/www.jazzzeitung.de\/cms\/wp-content\/uploads\/2017\/02\/Huber-Evelyn-Inspire.jpeg?resize=768%2C687&amp;ssl=1 768w, https:\/\/i0.wp.com\/www.jazzzeitung.de\/cms\/wp-content\/uploads\/2017\/02\/Huber-Evelyn-Inspire.jpeg?resize=671%2C600&amp;ssl=1 671w\" sizes=\"auto, (max-width: 840px) 100vw, 840px\" \/><\/a><\/p>\n<p>Auch wenn die oberbayerische Harfenistin deutlich mehr zu bieten hat, bekannt wurde sie haupts\u00e4chlich mit dem Rosenheimer Quartett \u201eQuadro Nuevo\u201c um Mulo Francel, dem sie seit bald zehn Jahren angeh\u00f6rt. Mit Francel (saxes) hat Evelyn Huber schon vorher diverse Duo-Alben aufgenommen, ebenso wie vor allem am Anfang ihrer k\u00fcnstlerischen Laufbahn mit dem Hackbrettspieler Rudi Zapf. Auch als Solok\u00fcnstlerin ist sie auf einigen \u00e4lteren Scheiben zu h\u00f6ren. Was in ihrem Portfolio bisher fehlte, war ein Band-Album unter ihrem Namen. Das holt die M\u00fcnchnerin jetzt mit \u201eInspire\u201c nach. F\u00fcr diese technisch hervorragende Aufnahme hat sie sich den Pianisten Matthias Frey, Christopher Herrmann an Cello und gleich zwei Percussionisten, Wolfgang Lohmeier und den gro\u00dfartigen K\u00f6lner Ramesh Shotham, ins Studio geholt.<\/p>\n<p>Herausgekommen ist eine warme klangfarbenreiche Sammlung melodi\u00f6ser Songs, zum gr\u00f6\u00dferen Teil aus Hubers eigener Feder, erg\u00e4nzt um Kompositionen von Frey und Herrmann. Diese binden sich erstaunlich gut in den gef\u00fchlvoll-bewegenden\u00a0 Gesamteindruck des Albums ein. Sicher auch deshalb, weil die beiden Musiker und Mitkomponisten eine \u00e4hnliche stilistische Offenheit wie Huber zwischen Weltmusik, Jazz, Tango und impressionistischen Klang pflegen. Ihre eigenen Nummer \u00a0entstehen dabei oft aus der Ruhe und Konzentration, veranschaulicht die virtuose Harfenspielerin. Sie wirken oft leicht und ungeplant wie das klangverspielte \u201eLavendel\u201c oder das meditative \u201eAbendsonne\u201c, sehr intuitiv, angebunden an Gef\u00fchl und Leidenschaft, die beim H\u00f6ren wie eine sanfte Glut oder eine frische Brise eines fr\u00fchen Sommertages daherkommen. Deutlich kommt Evelyn Hubers ungebrochene Leidenschaft f\u00fcr die Grosse Harfe und den damit verbundenen Soundm\u00f6glichkeiten zum Ausdruck. Sie versteht sich selbst dabei als eine unkonventionelle Musikerin, die ihr Instrument in akustisch wenig bev\u00f6lkerte Welten schickt. Das macht sie mit unwiderstehlichem Charme, Spielfreude und einer technischen Perfektion, die sich aber nie in den Vordergrund dr\u00e4ngt. Hinter dem ruhigen, oft zarten und feingliedrig-einf\u00fchlsamen Sound bricht sich aber auch hie und da untergr\u00fcndiges Temperament in rhythmisch nach vorn schiebenden St\u00fccken wie \u201eNiebla\u201c oder dem kurzen \u201eInterlude\u201c Bahn. Ein unerwartet anr\u00fchrendes Album, poetisch und z\u00e4rtlich, aber auch dynamisch und f\u00fcr eine Harfe oft \u00fcberraschend kraftvoll.<\/p>\n<p>Die Weltmusikerin, die bereits Tr\u00e4gerin des Bayerischen Kulturpreises ist und mit \u00a0\u201eQuadro Nuevo\u201c zweimal mit dem Echo ausgezeichnet wurde, hat trotz ihrer vielf\u00e4ltigen Konzertt\u00e4tigkeit Zeit gefunden, neue Wege zu gehen. Und es ist ihr zu w\u00fcnschen, dass sie dabei die Begleitung vieler interessierter H\u00f6rer findet. \u201eIch k\u00f6nnte ihrer Musik endlos zuh\u00f6ren, sie klingt kraftvoll, feinsinnig und kreativ, wie ein Traumbild zwischen Stille und Feuer\u201c, schreibt ein Fan auf Amazon in einer Kundenrezension.<\/p>\n<p>Von Michael Scheiner<\/p>\n<p>Evelyn Huber,\u00a0 Inspire, FM 216-2 (GLM Music, 2016)<\/p>\n<p>&nbsp;<\/p>\n","protected":false},"excerpt":{"rendered":"<p>Auch wenn die oberbayerische Harfenistin deutlich mehr zu bieten hat, bekannt wurde sie haupts\u00e4chlich mit dem Rosenheimer Quartett \u201eQuadro Nuevo\u201c um Mulo Francel, dem sie seit bald zehn Jahren angeh\u00f6rt. Mit Francel (saxes) hat Evelyn Huber schon vorher diverse Duo-Alben aufgenommen, ebenso wie vor allem am Anfang ihrer k\u00fcnstlerischen Laufbahn mit dem Hackbrettspieler Rudi Zapf. Auch als Solok\u00fcnstlerin ist sie auf einigen \u00e4lteren Scheiben zu h\u00f6ren. Was in ihrem Portfolio bisher fehlte, war ein Band-Album unter ihrem Namen. Das holt die M\u00fcnchnerin jetzt mit \u201eInspire\u201c nach. F\u00fcr diese technisch hervorragende Aufnahme hat sie sich den Pianisten Matthias Frey, Christopher Herrmann an Cello und gleich zwei Percussionisten, Wolfgang Lohmeier und den gro\u00dfartigen K\u00f6lner Ramesh Shotham, ins Studio geholt. Herausgekommen ist eine warme klangfarbenreiche Sammlung melodi\u00f6ser Songs, zum gr\u00f6\u00dferen Teil aus Hubers eigener Feder, erg\u00e4nzt um Kompositionen von Frey und Herrmann. Diese binden sich erstaunlich gut in den gef\u00fchlvoll-bewegenden\u00a0 Gesamteindruck des Albums ein. Sicher auch deshalb, weil die beiden Musiker und Mitkomponisten eine \u00e4hnliche stilistische Offenheit wie Huber zwischen Weltmusik, Jazz, Tango und impressionistischen Klang pflegen. Ihre eigenen Nummer \u00a0entstehen dabei oft aus der Ruhe und Konzentration, &hellip;<\/p>\n","protected":false},"author":18,"featured_media":0,"comment_status":"open","ping_status":"closed","sticky":false,"template":"","format":"standard","meta":{"_jetpack_memberships_contains_paid_content":false,"footnotes":"","jetpack_publicize_message":"","jetpack_publicize_feature_enabled":true,"jetpack_social_post_already_shared":false,"jetpack_social_options":{"image_generator_settings":{"template":"highway","default_image_id":0,"font":"","enabled":false},"version":2}},"categories":[1152],"tags":[34,1406,980,842,933,387,841,451],"coauthors":[695],"class_list":["post-11688","post","type-post","status-publish","format-standard","hentry","category-rezension","tag-album","tag-duo","tag-echo","tag-glm","tag-glm-music","tag-michael-scheiner","tag-mulo-francel","tag-quadro-nuevo"],"yoast_head":"<!-- This site is optimized with the Yoast SEO plugin v27.5 - https:\/\/yoast.com\/product\/yoast-seo-wordpress\/ -->\n<title>Traumbild von Stille und Feuer - JazzZeitung<\/title>\n<meta name=\"robots\" content=\"index, follow, max-snippet:-1, max-image-preview:large, max-video-preview:-1\" \/>\n<link rel=\"canonical\" href=\"https:\/\/www.jazzzeitung.de\/cms\/2017\/02\/traumbild-von-stille-und-feuer\/\" \/>\n<meta property=\"og:locale\" content=\"de_DE\" \/>\n<meta property=\"og:type\" content=\"article\" \/>\n<meta property=\"og:title\" content=\"Traumbild von Stille und Feuer - JazzZeitung\" \/>\n<meta property=\"og:description\" content=\"Auch wenn die oberbayerische Harfenistin deutlich mehr zu bieten hat, bekannt wurde sie haupts\u00e4chlich mit dem Rosenheimer Quartett \u201eQuadro Nuevo\u201c um Mulo Francel, dem sie seit bald zehn Jahren angeh\u00f6rt. Mit Francel (saxes) hat Evelyn Huber schon vorher diverse Duo-Alben aufgenommen, ebenso wie vor allem am Anfang ihrer k\u00fcnstlerischen Laufbahn mit dem Hackbrettspieler Rudi Zapf. Auch als Solok\u00fcnstlerin ist sie auf einigen \u00e4lteren Scheiben zu h\u00f6ren. Was in ihrem Portfolio bisher fehlte, war ein Band-Album unter ihrem Namen. Das holt die M\u00fcnchnerin jetzt mit \u201eInspire\u201c nach. F\u00fcr diese technisch hervorragende Aufnahme hat sie sich den Pianisten Matthias Frey, Christopher Herrmann an Cello und gleich zwei Percussionisten, Wolfgang Lohmeier und den gro\u00dfartigen K\u00f6lner Ramesh Shotham, ins Studio geholt. Herausgekommen ist eine warme klangfarbenreiche Sammlung melodi\u00f6ser Songs, zum gr\u00f6\u00dferen Teil aus Hubers eigener Feder, erg\u00e4nzt um Kompositionen von Frey und Herrmann. Diese binden sich erstaunlich gut in den gef\u00fchlvoll-bewegenden\u00a0 Gesamteindruck des Albums ein. Sicher auch deshalb, weil die beiden Musiker und Mitkomponisten eine \u00e4hnliche stilistische Offenheit wie Huber zwischen Weltmusik, Jazz, Tango und impressionistischen Klang pflegen. Ihre eigenen Nummer \u00a0entstehen dabei oft aus der Ruhe und Konzentration, &hellip;\" \/>\n<meta property=\"og:url\" content=\"https:\/\/www.jazzzeitung.de\/cms\/2017\/02\/traumbild-von-stille-und-feuer\/\" \/>\n<meta property=\"og:site_name\" content=\"JazzZeitung\" \/>\n<meta property=\"article:publisher\" content=\"https:\/\/www.facebook.com\/JazzZeitung\/\" \/>\n<meta property=\"article:published_time\" content=\"2017-02-14T14:23:57+00:00\" \/>\n<meta property=\"og:image\" content=\"http:\/\/www.jazzzeitung.de\/cms\/wp-content\/uploads\/2017\/02\/Huber-Evelyn-Inspire.jpeg\" \/>\n<meta name=\"author\" content=\"Redaktion JazzZeitung\" \/>\n<script type=\"application\/ld+json\" class=\"yoast-schema-graph\">{\"@context\":\"https:\\\/\\\/schema.org\",\"@graph\":[{\"@type\":\"Article\",\"@id\":\"https:\\\/\\\/www.jazzzeitung.de\\\/cms\\\/2017\\\/02\\\/traumbild-von-stille-und-feuer\\\/#article\",\"isPartOf\":{\"@id\":\"https:\\\/\\\/www.jazzzeitung.de\\\/cms\\\/2017\\\/02\\\/traumbild-von-stille-und-feuer\\\/\"},\"author\":{\"name\":\"Redaktion JazzZeitung\",\"@id\":\"https:\\\/\\\/www.jazzzeitung.de\\\/cms\\\/#\\\/schema\\\/person\\\/2245b36b9cd1d24cea10f01c031fb92b\"},\"headline\":\"Traumbild von Stille und Feuer\",\"datePublished\":\"2017-02-14T14:23:57+00:00\",\"mainEntityOfPage\":{\"@id\":\"https:\\\/\\\/www.jazzzeitung.de\\\/cms\\\/2017\\\/02\\\/traumbild-von-stille-und-feuer\\\/\"},\"wordCount\":447,\"commentCount\":0,\"publisher\":{\"@id\":\"https:\\\/\\\/www.jazzzeitung.de\\\/cms\\\/#organization\"},\"image\":{\"@id\":\"https:\\\/\\\/www.jazzzeitung.de\\\/cms\\\/2017\\\/02\\\/traumbild-von-stille-und-feuer\\\/#primaryimage\"},\"thumbnailUrl\":\"http:\\\/\\\/www.jazzzeitung.de\\\/cms\\\/wp-content\\\/uploads\\\/2017\\\/02\\\/Huber-Evelyn-Inspire.jpeg\",\"keywords\":[\"Album\",\"duo\",\"ECHO\",\"GLM\",\"GLM Music\",\"Michael Scheiner\",\"Mulo Francel\",\"Quadro Nuevo\"],\"articleSection\":[\"Rezension\"],\"inLanguage\":\"de\",\"potentialAction\":[{\"@type\":\"CommentAction\",\"name\":\"Comment\",\"target\":[\"https:\\\/\\\/www.jazzzeitung.de\\\/cms\\\/2017\\\/02\\\/traumbild-von-stille-und-feuer\\\/#respond\"]}]},{\"@type\":\"WebPage\",\"@id\":\"https:\\\/\\\/www.jazzzeitung.de\\\/cms\\\/2017\\\/02\\\/traumbild-von-stille-und-feuer\\\/\",\"url\":\"https:\\\/\\\/www.jazzzeitung.de\\\/cms\\\/2017\\\/02\\\/traumbild-von-stille-und-feuer\\\/\",\"name\":\"Traumbild von Stille und Feuer - JazzZeitung\",\"isPartOf\":{\"@id\":\"https:\\\/\\\/www.jazzzeitung.de\\\/cms\\\/#website\"},\"primaryImageOfPage\":{\"@id\":\"https:\\\/\\\/www.jazzzeitung.de\\\/cms\\\/2017\\\/02\\\/traumbild-von-stille-und-feuer\\\/#primaryimage\"},\"image\":{\"@id\":\"https:\\\/\\\/www.jazzzeitung.de\\\/cms\\\/2017\\\/02\\\/traumbild-von-stille-und-feuer\\\/#primaryimage\"},\"thumbnailUrl\":\"http:\\\/\\\/www.jazzzeitung.de\\\/cms\\\/wp-content\\\/uploads\\\/2017\\\/02\\\/Huber-Evelyn-Inspire.jpeg\",\"datePublished\":\"2017-02-14T14:23:57+00:00\",\"breadcrumb\":{\"@id\":\"https:\\\/\\\/www.jazzzeitung.de\\\/cms\\\/2017\\\/02\\\/traumbild-von-stille-und-feuer\\\/#breadcrumb\"},\"inLanguage\":\"de\",\"potentialAction\":[{\"@type\":\"ReadAction\",\"target\":[\"https:\\\/\\\/www.jazzzeitung.de\\\/cms\\\/2017\\\/02\\\/traumbild-von-stille-und-feuer\\\/\"]}]},{\"@type\":\"ImageObject\",\"inLanguage\":\"de\",\"@id\":\"https:\\\/\\\/www.jazzzeitung.de\\\/cms\\\/2017\\\/02\\\/traumbild-von-stille-und-feuer\\\/#primaryimage\",\"url\":\"http:\\\/\\\/www.jazzzeitung.de\\\/cms\\\/wp-content\\\/uploads\\\/2017\\\/02\\\/Huber-Evelyn-Inspire.jpeg\",\"contentUrl\":\"http:\\\/\\\/www.jazzzeitung.de\\\/cms\\\/wp-content\\\/uploads\\\/2017\\\/02\\\/Huber-Evelyn-Inspire.jpeg\"},{\"@type\":\"BreadcrumbList\",\"@id\":\"https:\\\/\\\/www.jazzzeitung.de\\\/cms\\\/2017\\\/02\\\/traumbild-von-stille-und-feuer\\\/#breadcrumb\",\"itemListElement\":[{\"@type\":\"ListItem\",\"position\":1,\"name\":\"Startseite\",\"item\":\"https:\\\/\\\/www.jazzzeitung.de\\\/cms\\\/\"},{\"@type\":\"ListItem\",\"position\":2,\"name\":\"Traumbild von Stille und Feuer\"}]},{\"@type\":\"WebSite\",\"@id\":\"https:\\\/\\\/www.jazzzeitung.de\\\/cms\\\/#website\",\"url\":\"https:\\\/\\\/www.jazzzeitung.de\\\/cms\\\/\",\"name\":\"JazzZeitung\",\"description\":\"Jazz-News und Jazz-Kontroverses\",\"publisher\":{\"@id\":\"https:\\\/\\\/www.jazzzeitung.de\\\/cms\\\/#organization\"},\"potentialAction\":[{\"@type\":\"SearchAction\",\"target\":{\"@type\":\"EntryPoint\",\"urlTemplate\":\"https:\\\/\\\/www.jazzzeitung.de\\\/cms\\\/?s={search_term_string}\"},\"query-input\":{\"@type\":\"PropertyValueSpecification\",\"valueRequired\":true,\"valueName\":\"search_term_string\"}}],\"inLanguage\":\"de\"},{\"@type\":\"Organization\",\"@id\":\"https:\\\/\\\/www.jazzzeitung.de\\\/cms\\\/#organization\",\"name\":\"JazzZeitung online\",\"url\":\"https:\\\/\\\/www.jazzzeitung.de\\\/cms\\\/\",\"logo\":{\"@type\":\"ImageObject\",\"inLanguage\":\"de\",\"@id\":\"https:\\\/\\\/www.jazzzeitung.de\\\/cms\\\/#\\\/schema\\\/logo\\\/image\\\/\",\"url\":\"https:\\\/\\\/i0.wp.com\\\/www.jazzzeitung.de\\\/cms\\\/wp-content\\\/uploads\\\/2015\\\/08\\\/JAZZZEITUNGDE_Logo_Neu.png?fit=499%2C200&ssl=1\",\"contentUrl\":\"https:\\\/\\\/i0.wp.com\\\/www.jazzzeitung.de\\\/cms\\\/wp-content\\\/uploads\\\/2015\\\/08\\\/JAZZZEITUNGDE_Logo_Neu.png?fit=499%2C200&ssl=1\",\"width\":499,\"height\":200,\"caption\":\"JazzZeitung online\"},\"image\":{\"@id\":\"https:\\\/\\\/www.jazzzeitung.de\\\/cms\\\/#\\\/schema\\\/logo\\\/image\\\/\"},\"sameAs\":[\"https:\\\/\\\/www.facebook.com\\\/JazzZeitung\\\/\"]},{\"@type\":\"Person\",\"@id\":\"https:\\\/\\\/www.jazzzeitung.de\\\/cms\\\/#\\\/schema\\\/person\\\/2245b36b9cd1d24cea10f01c031fb92b\",\"name\":\"Redaktion JazzZeitung\",\"image\":{\"@type\":\"ImageObject\",\"inLanguage\":\"de\",\"@id\":\"https:\\\/\\\/i0.wp.com\\\/www.jazzzeitung.de\\\/cms\\\/wp-content\\\/uploads\\\/2015\\\/08\\\/JAZZZEITUNGDE_Logo_Neu.png?resize=96%2C96&ssl=159975dcacb611b5700bd619b5daf0a7a\",\"url\":\"https:\\\/\\\/i0.wp.com\\\/www.jazzzeitung.de\\\/cms\\\/wp-content\\\/uploads\\\/2015\\\/08\\\/JAZZZEITUNGDE_Logo_Neu.png?resize=96%2C96&ssl=1\",\"contentUrl\":\"https:\\\/\\\/i0.wp.com\\\/www.jazzzeitung.de\\\/cms\\\/wp-content\\\/uploads\\\/2015\\\/08\\\/JAZZZEITUNGDE_Logo_Neu.png?resize=96%2C96&ssl=1\",\"caption\":\"Redaktion JazzZeitung\"},\"description\":\"Artikel der Redaktion der JazzZeitung.\",\"sameAs\":[\"http:\\\/\\\/www.jazzzeitung.de\\\/cms\\\/\"],\"url\":\"https:\\\/\\\/www.jazzzeitung.de\\\/cms\\\/author\\\/redaktion\\\/\"}]}<\/script>\n<!-- \/ Yoast SEO plugin. -->","yoast_head_json":{"title":"Traumbild von Stille und Feuer - JazzZeitung","robots":{"index":"index","follow":"follow","max-snippet":"max-snippet:-1","max-image-preview":"max-image-preview:large","max-video-preview":"max-video-preview:-1"},"canonical":"https:\/\/www.jazzzeitung.de\/cms\/2017\/02\/traumbild-von-stille-und-feuer\/","og_locale":"de_DE","og_type":"article","og_title":"Traumbild von Stille und Feuer - JazzZeitung","og_description":"Auch wenn die oberbayerische Harfenistin deutlich mehr zu bieten hat, bekannt wurde sie haupts\u00e4chlich mit dem Rosenheimer Quartett \u201eQuadro Nuevo\u201c um Mulo Francel, dem sie seit bald zehn Jahren angeh\u00f6rt. Mit Francel (saxes) hat Evelyn Huber schon vorher diverse Duo-Alben aufgenommen, ebenso wie vor allem am Anfang ihrer k\u00fcnstlerischen Laufbahn mit dem Hackbrettspieler Rudi Zapf. Auch als Solok\u00fcnstlerin ist sie auf einigen \u00e4lteren Scheiben zu h\u00f6ren. Was in ihrem Portfolio bisher fehlte, war ein Band-Album unter ihrem Namen. Das holt die M\u00fcnchnerin jetzt mit \u201eInspire\u201c nach. F\u00fcr diese technisch hervorragende Aufnahme hat sie sich den Pianisten Matthias Frey, Christopher Herrmann an Cello und gleich zwei Percussionisten, Wolfgang Lohmeier und den gro\u00dfartigen K\u00f6lner Ramesh Shotham, ins Studio geholt. Herausgekommen ist eine warme klangfarbenreiche Sammlung melodi\u00f6ser Songs, zum gr\u00f6\u00dferen Teil aus Hubers eigener Feder, erg\u00e4nzt um Kompositionen von Frey und Herrmann. Diese binden sich erstaunlich gut in den gef\u00fchlvoll-bewegenden\u00a0 Gesamteindruck des Albums ein. Sicher auch deshalb, weil die beiden Musiker und Mitkomponisten eine \u00e4hnliche stilistische Offenheit wie Huber zwischen Weltmusik, Jazz, Tango und impressionistischen Klang pflegen. Ihre eigenen Nummer \u00a0entstehen dabei oft aus der Ruhe und Konzentration, &hellip;","og_url":"https:\/\/www.jazzzeitung.de\/cms\/2017\/02\/traumbild-von-stille-und-feuer\/","og_site_name":"JazzZeitung","article_publisher":"https:\/\/www.facebook.com\/JazzZeitung\/","article_published_time":"2017-02-14T14:23:57+00:00","og_image":[{"url":"http:\/\/www.jazzzeitung.de\/cms\/wp-content\/uploads\/2017\/02\/Huber-Evelyn-Inspire.jpeg","type":"","width":"","height":""}],"author":"Redaktion JazzZeitung","schema":{"@context":"https:\/\/schema.org","@graph":[{"@type":"Article","@id":"https:\/\/www.jazzzeitung.de\/cms\/2017\/02\/traumbild-von-stille-und-feuer\/#article","isPartOf":{"@id":"https:\/\/www.jazzzeitung.de\/cms\/2017\/02\/traumbild-von-stille-und-feuer\/"},"author":{"name":"Redaktion JazzZeitung","@id":"https:\/\/www.jazzzeitung.de\/cms\/#\/schema\/person\/2245b36b9cd1d24cea10f01c031fb92b"},"headline":"Traumbild von Stille und Feuer","datePublished":"2017-02-14T14:23:57+00:00","mainEntityOfPage":{"@id":"https:\/\/www.jazzzeitung.de\/cms\/2017\/02\/traumbild-von-stille-und-feuer\/"},"wordCount":447,"commentCount":0,"publisher":{"@id":"https:\/\/www.jazzzeitung.de\/cms\/#organization"},"image":{"@id":"https:\/\/www.jazzzeitung.de\/cms\/2017\/02\/traumbild-von-stille-und-feuer\/#primaryimage"},"thumbnailUrl":"http:\/\/www.jazzzeitung.de\/cms\/wp-content\/uploads\/2017\/02\/Huber-Evelyn-Inspire.jpeg","keywords":["Album","duo","ECHO","GLM","GLM Music","Michael Scheiner","Mulo Francel","Quadro Nuevo"],"articleSection":["Rezension"],"inLanguage":"de","potentialAction":[{"@type":"CommentAction","name":"Comment","target":["https:\/\/www.jazzzeitung.de\/cms\/2017\/02\/traumbild-von-stille-und-feuer\/#respond"]}]},{"@type":"WebPage","@id":"https:\/\/www.jazzzeitung.de\/cms\/2017\/02\/traumbild-von-stille-und-feuer\/","url":"https:\/\/www.jazzzeitung.de\/cms\/2017\/02\/traumbild-von-stille-und-feuer\/","name":"Traumbild von Stille und Feuer - JazzZeitung","isPartOf":{"@id":"https:\/\/www.jazzzeitung.de\/cms\/#website"},"primaryImageOfPage":{"@id":"https:\/\/www.jazzzeitung.de\/cms\/2017\/02\/traumbild-von-stille-und-feuer\/#primaryimage"},"image":{"@id":"https:\/\/www.jazzzeitung.de\/cms\/2017\/02\/traumbild-von-stille-und-feuer\/#primaryimage"},"thumbnailUrl":"http:\/\/www.jazzzeitung.de\/cms\/wp-content\/uploads\/2017\/02\/Huber-Evelyn-Inspire.jpeg","datePublished":"2017-02-14T14:23:57+00:00","breadcrumb":{"@id":"https:\/\/www.jazzzeitung.de\/cms\/2017\/02\/traumbild-von-stille-und-feuer\/#breadcrumb"},"inLanguage":"de","potentialAction":[{"@type":"ReadAction","target":["https:\/\/www.jazzzeitung.de\/cms\/2017\/02\/traumbild-von-stille-und-feuer\/"]}]},{"@type":"ImageObject","inLanguage":"de","@id":"https:\/\/www.jazzzeitung.de\/cms\/2017\/02\/traumbild-von-stille-und-feuer\/#primaryimage","url":"http:\/\/www.jazzzeitung.de\/cms\/wp-content\/uploads\/2017\/02\/Huber-Evelyn-Inspire.jpeg","contentUrl":"http:\/\/www.jazzzeitung.de\/cms\/wp-content\/uploads\/2017\/02\/Huber-Evelyn-Inspire.jpeg"},{"@type":"BreadcrumbList","@id":"https:\/\/www.jazzzeitung.de\/cms\/2017\/02\/traumbild-von-stille-und-feuer\/#breadcrumb","itemListElement":[{"@type":"ListItem","position":1,"name":"Startseite","item":"https:\/\/www.jazzzeitung.de\/cms\/"},{"@type":"ListItem","position":2,"name":"Traumbild von Stille und Feuer"}]},{"@type":"WebSite","@id":"https:\/\/www.jazzzeitung.de\/cms\/#website","url":"https:\/\/www.jazzzeitung.de\/cms\/","name":"JazzZeitung","description":"Jazz-News und Jazz-Kontroverses","publisher":{"@id":"https:\/\/www.jazzzeitung.de\/cms\/#organization"},"potentialAction":[{"@type":"SearchAction","target":{"@type":"EntryPoint","urlTemplate":"https:\/\/www.jazzzeitung.de\/cms\/?s={search_term_string}"},"query-input":{"@type":"PropertyValueSpecification","valueRequired":true,"valueName":"search_term_string"}}],"inLanguage":"de"},{"@type":"Organization","@id":"https:\/\/www.jazzzeitung.de\/cms\/#organization","name":"JazzZeitung online","url":"https:\/\/www.jazzzeitung.de\/cms\/","logo":{"@type":"ImageObject","inLanguage":"de","@id":"https:\/\/www.jazzzeitung.de\/cms\/#\/schema\/logo\/image\/","url":"https:\/\/i0.wp.com\/www.jazzzeitung.de\/cms\/wp-content\/uploads\/2015\/08\/JAZZZEITUNGDE_Logo_Neu.png?fit=499%2C200&ssl=1","contentUrl":"https:\/\/i0.wp.com\/www.jazzzeitung.de\/cms\/wp-content\/uploads\/2015\/08\/JAZZZEITUNGDE_Logo_Neu.png?fit=499%2C200&ssl=1","width":499,"height":200,"caption":"JazzZeitung online"},"image":{"@id":"https:\/\/www.jazzzeitung.de\/cms\/#\/schema\/logo\/image\/"},"sameAs":["https:\/\/www.facebook.com\/JazzZeitung\/"]},{"@type":"Person","@id":"https:\/\/www.jazzzeitung.de\/cms\/#\/schema\/person\/2245b36b9cd1d24cea10f01c031fb92b","name":"Redaktion JazzZeitung","image":{"@type":"ImageObject","inLanguage":"de","@id":"https:\/\/i0.wp.com\/www.jazzzeitung.de\/cms\/wp-content\/uploads\/2015\/08\/JAZZZEITUNGDE_Logo_Neu.png?resize=96%2C96&ssl=159975dcacb611b5700bd619b5daf0a7a","url":"https:\/\/i0.wp.com\/www.jazzzeitung.de\/cms\/wp-content\/uploads\/2015\/08\/JAZZZEITUNGDE_Logo_Neu.png?resize=96%2C96&ssl=1","contentUrl":"https:\/\/i0.wp.com\/www.jazzzeitung.de\/cms\/wp-content\/uploads\/2015\/08\/JAZZZEITUNGDE_Logo_Neu.png?resize=96%2C96&ssl=1","caption":"Redaktion JazzZeitung"},"description":"Artikel der Redaktion der JazzZeitung.","sameAs":["http:\/\/www.jazzzeitung.de\/cms\/"],"url":"https:\/\/www.jazzzeitung.de\/cms\/author\/redaktion\/"}]}},"wp-worthy-pixel":{"ignored":false,"public":null,"server":null,"url":null},"wp-worthy-type":"normal","jetpack_publicize_connections":[],"cc_featured_image_caption":{"caption_text":false,"source_text":false,"source_url":false},"jetpack_featured_media_url":"","jetpack_shortlink":"https:\/\/wp.me\/p3KEcT-32w","jetpack-related-posts":[{"id":3170,"url":"https:\/\/www.jazzzeitung.de\/cms\/2013\/12\/weihnachts-cds-folge-3-quadro-nuevo\/","url_meta":{"origin":11688,"position":0},"title":"Weihnachts-CDs Folge 3: Quadro Nuevo","author":"Redaktion JazzZeitung","date":"17. Dezember 2013","format":false,"excerpt":"Sie haben\u2019s schon wieder getan. Quadro Nuevo, das enorm erfolgreiche Quartett um Mulo Francel (sax, kl\u2026), Andreas Hinterseher (akk, bandoneon, vibr\u2026), D.D. Lowka (b, perc) und die Harfenistin Evelyn Huber legen dieses Jahr ihre zweite Weihnachts-CD unter dem schlichten Titel \u201eBethlehem\u201c vor (GLM, Fine Music FM 184-2). \u201eMusik, die nahe\u2026","rel":"","context":"In &quot;Blog&quot;","block_context":{"text":"Blog","link":"https:\/\/www.jazzzeitung.de\/cms\/thema\/blog\/"},"img":{"alt_text":"cover_quadro","src":"https:\/\/i0.wp.com\/www.jazzzeitung.de\/cms\/wp-content\/uploads\/2013\/12\/cover_quadro-150x150.jpg?resize=350%2C200","width":350,"height":200},"classes":[]},{"id":11284,"url":"https:\/\/www.jazzzeitung.de\/cms\/2016\/12\/weihnachtliches-mit-orientalischer-note\/","url_meta":{"origin":11688,"position":1},"title":"Weihnachtliches mit orientalischer Note von Quadro Nuevo","author":"Redaktion JazzZeitung","date":"12. Dezember 2016","format":false,"excerpt":"Alle Jahre wieder \u2013 breitet sich ein hochansteckendes Virus in der Musikszene aus und infiziert wahllos Musiker aller Couleur. Mehrfach angesteckt wurden bereits die Vier von Quadro Nuevo. \u201eMusic for Christmas nights\u201c ist nach \u201eWeihnacht\u201c und \u201eBethlehem\u201c, das vor drei Jahren erschienen ist, bereits ihr drittes Album mit Musik aus\u2026","rel":"","context":"In &quot;Rezension&quot;","block_context":{"text":"Rezension","link":"https:\/\/www.jazzzeitung.de\/cms\/thema\/rezension\/"},"img":{"alt_text":"quadro-fm-221-cover","src":"https:\/\/i0.wp.com\/www.jazzzeitung.de\/cms\/wp-content\/uploads\/2016\/12\/Quadro-FM-221-Cover-150x150.jpg?resize=350%2C200","width":350,"height":200},"classes":[]},{"id":27012,"url":"https:\/\/www.jazzzeitung.de\/cms\/2022\/04\/abhaengen-mit-der-queen-paulo-morello-sven-faller-und-mulo-francel-veroeffentlichen-neues-album\/","url_meta":{"origin":11688,"position":2},"title":"\u201eAbh\u00e4ngen mit der Queen!\u201c &#8211; Paulo Morello, Sven Faller und Mulo Francel ver\u00f6ffentlichen neues Album","author":"Redaktion JazzZeitung","date":"5. April 2022","format":false,"excerpt":"Fluch und Segen liegen bei dieser Ver\u00f6ffentlichung nahe bei einander, auch wenn das ein wenig pathetisch klingt. Richtig m\u00fcsste es allerdings hei\u00dfen, Segen und Fluch, denn das bayerische Trio ist durch die Einschr\u00e4nkungen der Pandemie \u00fcberhaupt erst zustande gekommen.\u00a0 Im vergangenen Herbst, als Lockerungen erstmals wieder B\u00fchnenauftritte in Clubs erm\u00f6glichten,\u2026","rel":"","context":"In &quot;Rezension&quot;","block_context":{"text":"Rezension","link":"https:\/\/www.jazzzeitung.de\/cms\/thema\/rezension\/"},"img":{"alt_text":"","src":"https:\/\/i0.wp.com\/www.jazzzeitung.de\/cms\/wp-content\/uploads\/2022\/03\/FM324_Trio2_Dombrowski-scaled-e1648715301506.jpg?fit=1200%2C903&ssl=1&resize=350%2C200","width":350,"height":200,"srcset":"https:\/\/i0.wp.com\/www.jazzzeitung.de\/cms\/wp-content\/uploads\/2022\/03\/FM324_Trio2_Dombrowski-scaled-e1648715301506.jpg?fit=1200%2C903&ssl=1&resize=350%2C200 1x, https:\/\/i0.wp.com\/www.jazzzeitung.de\/cms\/wp-content\/uploads\/2022\/03\/FM324_Trio2_Dombrowski-scaled-e1648715301506.jpg?fit=1200%2C903&ssl=1&resize=525%2C300 1.5x, https:\/\/i0.wp.com\/www.jazzzeitung.de\/cms\/wp-content\/uploads\/2022\/03\/FM324_Trio2_Dombrowski-scaled-e1648715301506.jpg?fit=1200%2C903&ssl=1&resize=700%2C400 2x, https:\/\/i0.wp.com\/www.jazzzeitung.de\/cms\/wp-content\/uploads\/2022\/03\/FM324_Trio2_Dombrowski-scaled-e1648715301506.jpg?fit=1200%2C903&ssl=1&resize=1050%2C600 3x"},"classes":[]},{"id":13536,"url":"https:\/\/www.jazzzeitung.de\/cms\/2017\/09\/mulo-franzel-in-der-unterfahrt\/","url_meta":{"origin":11688,"position":3},"title":"Quadro Nuevo, Cafe del Mundo und andere Kombinationen: Mulo Francel bespielt drei Mal in Folge die Unterfahrt","author":"Redaktion JazzZeitung","date":"15. September 2017","format":false,"excerpt":"Am 5., 6. und 7. September bespielte Mulo Francel\u00a0 mit seinen Freunden die B\u00fchne des M\u00fcnchner Jazzclubs Unterfahrt. Mit dabei Quadro Nuevo, Cafe del Mundo und andere Kombinationen. Fotograf Thomas J. Krebs war Gast beim Pre-Release Concert \u2018Mocca Swing\u2019 (Erscheinungsdatum: 27.10.2017). Seine Impressionen zeigt die JazzZeitung.de in dieser Galerie. Mulo\u2026","rel":"","context":"In &quot;Bericht&quot;","block_context":{"text":"Bericht","link":"https:\/\/www.jazzzeitung.de\/cms\/thema\/bericht\/"},"img":{"alt_text":"Mocca Band mit Mulo Francel (sax, cl), David Gazarov (p), Sven Faller (b), Robert Kainar (dr). Foto: Thomas J. Krebs","src":"https:\/\/i0.wp.com\/www.jazzzeitung.de\/cms\/wp-content\/uploads\/2017\/09\/P1540932-Mocca-Swing-Band-Foto-TJ-Krebs-jazzphotogency%40web.de_.jpg?fit=1200%2C800&ssl=1&resize=350%2C200","width":350,"height":200,"srcset":"https:\/\/i0.wp.com\/www.jazzzeitung.de\/cms\/wp-content\/uploads\/2017\/09\/P1540932-Mocca-Swing-Band-Foto-TJ-Krebs-jazzphotogency%40web.de_.jpg?fit=1200%2C800&ssl=1&resize=350%2C200 1x, https:\/\/i0.wp.com\/www.jazzzeitung.de\/cms\/wp-content\/uploads\/2017\/09\/P1540932-Mocca-Swing-Band-Foto-TJ-Krebs-jazzphotogency%40web.de_.jpg?fit=1200%2C800&ssl=1&resize=525%2C300 1.5x, https:\/\/i0.wp.com\/www.jazzzeitung.de\/cms\/wp-content\/uploads\/2017\/09\/P1540932-Mocca-Swing-Band-Foto-TJ-Krebs-jazzphotogency%40web.de_.jpg?fit=1200%2C800&ssl=1&resize=700%2C400 2x, https:\/\/i0.wp.com\/www.jazzzeitung.de\/cms\/wp-content\/uploads\/2017\/09\/P1540932-Mocca-Swing-Band-Foto-TJ-Krebs-jazzphotogency%40web.de_.jpg?fit=1200%2C800&ssl=1&resize=1050%2C600 3x"},"classes":[]},{"id":26276,"url":"https:\/\/www.jazzzeitung.de\/cms\/2021\/12\/weihnachtliches-im-quadro-nuevo-gewand-konzertabend-in-der-kulturwerkstatt-olching\/","url_meta":{"origin":11688,"position":4},"title":"Weihnachtliches im Quadro-Nuevo-Gewand: Konzertabend in der Kulturwerkstatt Olching","author":"Thomas J. Krebs","date":"3. Dezember 2021","format":false,"excerpt":"P\u00fcnktlich am Abend vor dem ersten Advent fand im Gretl-Bauer-Saal der Olchinger KOM Quadro Nuevos Weihnachtskonzert mit gleich zwei umjubelten Auftritten statt. Zusammen mit Mulo Francel, Andreas Hinterseher und D.D. Lowka war diesmal der Gitarrist Philipp Schiepek mit von der Partie. Die Kulturwerkstatt am Olchinger M\u00fchlbach (KOM) wurde 1877 errichtet,\u2026","rel":"","context":"In &quot;Bericht&quot;","block_context":{"text":"Bericht","link":"https:\/\/www.jazzzeitung.de\/cms\/thema\/bericht\/"},"img":{"alt_text":"","src":"https:\/\/i0.wp.com\/www.jazzzeitung.de\/cms\/wp-content\/uploads\/2021\/11\/P1465928-Quadro-Nuevo-Foto-TJ-Krebs-e1638268991477.jpg?fit=969%2C462&ssl=1&resize=350%2C200","width":350,"height":200,"srcset":"https:\/\/i0.wp.com\/www.jazzzeitung.de\/cms\/wp-content\/uploads\/2021\/11\/P1465928-Quadro-Nuevo-Foto-TJ-Krebs-e1638268991477.jpg?fit=969%2C462&ssl=1&resize=350%2C200 1x, https:\/\/i0.wp.com\/www.jazzzeitung.de\/cms\/wp-content\/uploads\/2021\/11\/P1465928-Quadro-Nuevo-Foto-TJ-Krebs-e1638268991477.jpg?fit=969%2C462&ssl=1&resize=525%2C300 1.5x, https:\/\/i0.wp.com\/www.jazzzeitung.de\/cms\/wp-content\/uploads\/2021\/11\/P1465928-Quadro-Nuevo-Foto-TJ-Krebs-e1638268991477.jpg?fit=969%2C462&ssl=1&resize=700%2C400 2x"},"classes":[]},{"id":24434,"url":"https:\/\/www.jazzzeitung.de\/cms\/2021\/02\/news-mulo-francel-nicole-heartseeker-im-stream-konzertwo-steht-ein-klavier-fuer-claus-raible\/","url_meta":{"origin":11688,"position":5},"title":"News: +++Mulo Francel &#038; Nicole Heartseeker im Stream-Konzert+++Wo steht ein Klavier f\u00fcr Claus Raible?+++","author":"Redaktion JazzZeitung","date":"26. Februar 2021","format":false,"excerpt":"+++Mulo Francel & Nicole Heartseeker im Stream-Konzert+++ Mulo Francel & Nicole Heartseeker streamen am 28.2. ein Konzert. Um 18:00 Uhr ist die Premiere. Einen ersten kurzen Ausschnitt aus den Video-Aufnahmen pr\u00e4senteirt die Jazzzeitung unter folgendem Link: https:\/\/www.youtube.com\/watch?v=KxqOtPc96P4 Mulo und Nicole spielen im Lokschuppen Rosenheim in der Corona-bedingt geschlossenen Ausstellung \"Saurier\u2026","rel":"","context":"In &quot;News&quot;","block_context":{"text":"News","link":"https:\/\/www.jazzzeitung.de\/cms\/thema\/nachrichten\/"},"img":{"alt_text":"","src":"https:\/\/i0.wp.com\/www.jazzzeitung.de\/cms\/wp-content\/uploads\/2021\/02\/franzl.jpg?fit=930%2C522&ssl=1&resize=350%2C200","width":350,"height":200,"srcset":"https:\/\/i0.wp.com\/www.jazzzeitung.de\/cms\/wp-content\/uploads\/2021\/02\/franzl.jpg?fit=930%2C522&ssl=1&resize=350%2C200 1x, https:\/\/i0.wp.com\/www.jazzzeitung.de\/cms\/wp-content\/uploads\/2021\/02\/franzl.jpg?fit=930%2C522&ssl=1&resize=525%2C300 1.5x, https:\/\/i0.wp.com\/www.jazzzeitung.de\/cms\/wp-content\/uploads\/2021\/02\/franzl.jpg?fit=930%2C522&ssl=1&resize=700%2C400 2x"},"classes":[]}],"jetpack_sharing_enabled":true,"_links":{"self":[{"href":"https:\/\/www.jazzzeitung.de\/cms\/wp-json\/wp\/v2\/posts\/11688","targetHints":{"allow":["GET"]}}],"collection":[{"href":"https:\/\/www.jazzzeitung.de\/cms\/wp-json\/wp\/v2\/posts"}],"about":[{"href":"https:\/\/www.jazzzeitung.de\/cms\/wp-json\/wp\/v2\/types\/post"}],"author":[{"embeddable":true,"href":"https:\/\/www.jazzzeitung.de\/cms\/wp-json\/wp\/v2\/users\/18"}],"replies":[{"embeddable":true,"href":"https:\/\/www.jazzzeitung.de\/cms\/wp-json\/wp\/v2\/comments?post=11688"}],"version-history":[{"count":4,"href":"https:\/\/www.jazzzeitung.de\/cms\/wp-json\/wp\/v2\/posts\/11688\/revisions"}],"predecessor-version":[{"id":11691,"href":"https:\/\/www.jazzzeitung.de\/cms\/wp-json\/wp\/v2\/posts\/11688\/revisions\/11691"}],"wp:attachment":[{"href":"https:\/\/www.jazzzeitung.de\/cms\/wp-json\/wp\/v2\/media?parent=11688"}],"wp:term":[{"taxonomy":"category","embeddable":true,"href":"https:\/\/www.jazzzeitung.de\/cms\/wp-json\/wp\/v2\/categories?post=11688"},{"taxonomy":"post_tag","embeddable":true,"href":"https:\/\/www.jazzzeitung.de\/cms\/wp-json\/wp\/v2\/tags?post=11688"},{"taxonomy":"author","embeddable":true,"href":"https:\/\/www.jazzzeitung.de\/cms\/wp-json\/wp\/v2\/coauthors?post=11688"}],"curies":[{"name":"wp","href":"https:\/\/api.w.org\/{rel}","templated":true}]}}