{"id":1163,"date":"2011-07-25T14:23:29","date_gmt":"2011-07-25T12:23:29","guid":{"rendered":"http:\/\/blogs.nmz.de\/jazz\/?p=1163"},"modified":"2011-07-25T14:23:29","modified_gmt":"2011-07-25T12:23:29","slug":"moers-festival-2011-video-online","status":"publish","type":"post","link":"https:\/\/www.jazzzeitung.de\/cms\/2011\/07\/moers-festival-2011-video-online\/","title":{"rendered":"Moers Festival 2011 \u2013 Video online"},"content":{"rendered":"<p style=\"text-align: justify\"><span style=\"font-size: 10.5pt;font-family: 'Century Gothic','sans-serif';color: black\">Die  Studierenden der Kunsthochschule f\u00fcr Medien K\u00f6ln haben auch in  diesem Jahr wieder einen Festival-Live-Stream in Moers produziert. <\/span><span style=\"font-size: 10.5pt;font-family: 'Century Gothic','sans-serif';color: black\">Aus  den\u00a0Live-Mitschnitten und<\/span><span style=\"font-size: 10.5pt;font-family: 'Century Gothic','sans-serif';color: black\"> beim Festival gefilmten Interviews hat das Team jetzt einen filmischen  R\u00fcckblick des Moers Festivals 2011 zusammengestellt.<\/span><\/p>\n<p style=\"text-align: center\"><a href=\"https:\/\/i0.wp.com\/www.jazzzeitung.de\/cms\/wp-content\/uploads\/2011\/07\/moers-festival_plakat.jpg\"><img data-recalc-dims=\"1\" loading=\"lazy\" decoding=\"async\" data-attachment-id=\"1165\" data-permalink=\"https:\/\/www.jazzzeitung.de\/cms\/2011\/07\/moers-festival-2011-video-online\/moers-festival_plakat-2\/\" data-orig-file=\"https:\/\/i0.wp.com\/www.jazzzeitung.de\/cms\/wp-content\/uploads\/2011\/07\/moers-festival_plakat.jpg?fit=1000%2C1414&amp;ssl=1\" data-orig-size=\"1000,1414\" data-comments-opened=\"1\" data-image-meta=\"{&quot;aperture&quot;:&quot;0&quot;,&quot;credit&quot;:&quot;&quot;,&quot;camera&quot;:&quot;&quot;,&quot;caption&quot;:&quot;&quot;,&quot;created_timestamp&quot;:&quot;0&quot;,&quot;copyright&quot;:&quot;&quot;,&quot;focal_length&quot;:&quot;0&quot;,&quot;iso&quot;:&quot;0&quot;,&quot;shutter_speed&quot;:&quot;0&quot;,&quot;title&quot;:&quot;&quot;}\" data-image-title=\"moers-festival_plakat\" data-image-description=\"\" data-image-caption=\"\" data-large-file=\"https:\/\/i0.wp.com\/www.jazzzeitung.de\/cms\/wp-content\/uploads\/2011\/07\/moers-festival_plakat.jpg?fit=424%2C600&amp;ssl=1\" class=\"aligncenter size-medium wp-image-1165\" title=\"moers-festival_plakat\" src=\"https:\/\/i0.wp.com\/www.jazzzeitung.de\/cms\/wp-content\/uploads\/2011\/07\/moers-festival_plakat-212x300.jpg?resize=212%2C300\" alt=\"moers-festival_plakat\" width=\"212\" height=\"300\" srcset=\"https:\/\/i0.wp.com\/www.jazzzeitung.de\/cms\/wp-content\/uploads\/2011\/07\/moers-festival_plakat.jpg?resize=212%2C300&amp;ssl=1 212w, https:\/\/i0.wp.com\/www.jazzzeitung.de\/cms\/wp-content\/uploads\/2011\/07\/moers-festival_plakat.jpg?resize=724%2C1024&amp;ssl=1 724w, https:\/\/i0.wp.com\/www.jazzzeitung.de\/cms\/wp-content\/uploads\/2011\/07\/moers-festival_plakat.jpg?w=1000&amp;ssl=1 1000w\" sizes=\"auto, (max-width: 212px) 100vw, 212px\" \/><\/a><\/p>\n<p><span style=\"font-size: 10.5pt;font-family: 'Century Gothic','sans-serif';color: black\">Im Multimedia-Bereich der Festival-Website ist die knapp 30-min\u00fctige <a href=\"http:\/\/www.moers-festival.de\/multimedia\/video.html\" target=\"_blank\">Video-Dokumentation<\/a> zu sehen.<\/span><\/p>\n<p><strong><span style=\"text-decoration: underline\"><em><span style=\"font-size: 10.5pt;font-family: 'Century Gothic','sans-serif';color: black\">Links:<\/span><\/em><\/span><\/strong><\/p>\n<p><span style=\"font-size: 10.5pt;font-family: 'Century Gothic','sans-serif';color: black\"><a href=\"http:\/\/www.moers-festival.de\/index.php\" target=\"_blank\">Moers Festival<\/a><br \/>\n<\/span><\/p>\n<p><span style=\"font-size: 10.5pt;font-family: 'Century Gothic','sans-serif';color: black\"><a href=\"http:\/\/www.khm.de\/\" target=\"_blank\">Kunsthochschule f\u00fcr Medien K\u00f6ln<\/a><br \/>\n<\/span><\/p>\n","protected":false},"excerpt":{"rendered":"<p>Die Studierenden der Kunsthochschule f\u00fcr Medien K\u00f6ln haben auch in diesem Jahr wieder einen Festival-Live-Stream in Moers produziert. Aus den\u00a0Live-Mitschnitten und beim Festival gefilmten Interviews hat das Team jetzt einen filmischen R\u00fcckblick des Moers Festivals 2011 zusammengestellt. Im Multimedia-Bereich der Festival-Website ist die knapp 30-min\u00fctige Video-Dokumentation zu sehen. Links: Moers Festival Kunsthochschule f\u00fcr Medien K\u00f6ln<\/p>\n","protected":false},"author":4,"featured_media":0,"comment_status":"open","ping_status":"open","sticky":false,"template":"","format":"standard","meta":{"_jetpack_memberships_contains_paid_content":false,"footnotes":"","jetpack_publicize_message":"","jetpack_publicize_feature_enabled":true,"jetpack_social_post_already_shared":false,"jetpack_social_options":{"image_generator_settings":{"template":"highway","default_image_id":0,"font":"","enabled":false},"version":2}},"categories":[82],"tags":[69,3,396,397,579],"coauthors":[],"class_list":["post-1163","post","type-post","status-publish","format-standard","hentry","category-blog","tag-best-of","tag-festival","tag-moers","tag-moers-festival","tag-video"],"yoast_head":"<!-- This site is optimized with the Yoast SEO plugin v27.5 - https:\/\/yoast.com\/product\/yoast-seo-wordpress\/ -->\n<title>Moers Festival 2011 \u2013 Video online - JazzZeitung<\/title>\n<meta name=\"robots\" content=\"index, follow, max-snippet:-1, max-image-preview:large, max-video-preview:-1\" \/>\n<link rel=\"canonical\" href=\"https:\/\/www.jazzzeitung.de\/cms\/2011\/07\/moers-festival-2011-video-online\/\" \/>\n<meta property=\"og:locale\" content=\"de_DE\" \/>\n<meta property=\"og:type\" content=\"article\" \/>\n<meta property=\"og:title\" content=\"Moers Festival 2011 \u2013 Video online - JazzZeitung\" \/>\n<meta property=\"og:description\" content=\"Die Studierenden der Kunsthochschule f\u00fcr Medien K\u00f6ln haben auch in diesem Jahr wieder einen Festival-Live-Stream in Moers produziert. Aus den\u00a0Live-Mitschnitten und beim Festival gefilmten Interviews hat das Team jetzt einen filmischen R\u00fcckblick des Moers Festivals 2011 zusammengestellt. Im Multimedia-Bereich der Festival-Website ist die knapp 30-min\u00fctige Video-Dokumentation zu sehen. Links: Moers Festival Kunsthochschule f\u00fcr Medien K\u00f6ln\" \/>\n<meta property=\"og:url\" content=\"https:\/\/www.jazzzeitung.de\/cms\/2011\/07\/moers-festival-2011-video-online\/\" \/>\n<meta property=\"og:site_name\" content=\"JazzZeitung\" \/>\n<meta property=\"article:publisher\" content=\"https:\/\/www.facebook.com\/JazzZeitung\/\" \/>\n<meta property=\"article:published_time\" content=\"2011-07-25T12:23:29+00:00\" \/>\n<meta property=\"og:image\" content=\"http:\/\/www.jazzzeitung.de\/cms\/wp-content\/uploads\/2011\/07\/moers-festival_plakat-212x300.jpg\" \/>\n<meta name=\"author\" content=\"J\u00f6rg Lichtinger\" \/>\n<script type=\"application\/ld+json\" class=\"yoast-schema-graph\">{\"@context\":\"https:\\\/\\\/schema.org\",\"@graph\":[{\"@type\":\"Article\",\"@id\":\"https:\\\/\\\/www.jazzzeitung.de\\\/cms\\\/2011\\\/07\\\/moers-festival-2011-video-online\\\/#article\",\"isPartOf\":{\"@id\":\"https:\\\/\\\/www.jazzzeitung.de\\\/cms\\\/2011\\\/07\\\/moers-festival-2011-video-online\\\/\"},\"author\":{\"name\":\"J\u00f6rg Lichtinger\",\"@id\":\"https:\\\/\\\/www.jazzzeitung.de\\\/cms\\\/#\\\/schema\\\/person\\\/4c5aaf486bdcd85db94b9a8b9e026bad\"},\"headline\":\"Moers Festival 2011 \u2013 Video online\",\"datePublished\":\"2011-07-25T12:23:29+00:00\",\"mainEntityOfPage\":{\"@id\":\"https:\\\/\\\/www.jazzzeitung.de\\\/cms\\\/2011\\\/07\\\/moers-festival-2011-video-online\\\/\"},\"wordCount\":65,\"commentCount\":0,\"publisher\":{\"@id\":\"https:\\\/\\\/www.jazzzeitung.de\\\/cms\\\/#organization\"},\"image\":{\"@id\":\"https:\\\/\\\/www.jazzzeitung.de\\\/cms\\\/2011\\\/07\\\/moers-festival-2011-video-online\\\/#primaryimage\"},\"thumbnailUrl\":\"http:\\\/\\\/www.jazzzeitung.de\\\/cms\\\/wp-content\\\/uploads\\\/2011\\\/07\\\/moers-festival_plakat-212x300.jpg\",\"keywords\":[\"Best of\",\"Festival\",\"Moers\",\"Moers Festival\",\"Video\"],\"articleSection\":[\"Blog\"],\"inLanguage\":\"de\",\"potentialAction\":[{\"@type\":\"CommentAction\",\"name\":\"Comment\",\"target\":[\"https:\\\/\\\/www.jazzzeitung.de\\\/cms\\\/2011\\\/07\\\/moers-festival-2011-video-online\\\/#respond\"]}]},{\"@type\":\"WebPage\",\"@id\":\"https:\\\/\\\/www.jazzzeitung.de\\\/cms\\\/2011\\\/07\\\/moers-festival-2011-video-online\\\/\",\"url\":\"https:\\\/\\\/www.jazzzeitung.de\\\/cms\\\/2011\\\/07\\\/moers-festival-2011-video-online\\\/\",\"name\":\"Moers Festival 2011 \u2013 Video online - JazzZeitung\",\"isPartOf\":{\"@id\":\"https:\\\/\\\/www.jazzzeitung.de\\\/cms\\\/#website\"},\"primaryImageOfPage\":{\"@id\":\"https:\\\/\\\/www.jazzzeitung.de\\\/cms\\\/2011\\\/07\\\/moers-festival-2011-video-online\\\/#primaryimage\"},\"image\":{\"@id\":\"https:\\\/\\\/www.jazzzeitung.de\\\/cms\\\/2011\\\/07\\\/moers-festival-2011-video-online\\\/#primaryimage\"},\"thumbnailUrl\":\"http:\\\/\\\/www.jazzzeitung.de\\\/cms\\\/wp-content\\\/uploads\\\/2011\\\/07\\\/moers-festival_plakat-212x300.jpg\",\"datePublished\":\"2011-07-25T12:23:29+00:00\",\"breadcrumb\":{\"@id\":\"https:\\\/\\\/www.jazzzeitung.de\\\/cms\\\/2011\\\/07\\\/moers-festival-2011-video-online\\\/#breadcrumb\"},\"inLanguage\":\"de\",\"potentialAction\":[{\"@type\":\"ReadAction\",\"target\":[\"https:\\\/\\\/www.jazzzeitung.de\\\/cms\\\/2011\\\/07\\\/moers-festival-2011-video-online\\\/\"]}]},{\"@type\":\"ImageObject\",\"inLanguage\":\"de\",\"@id\":\"https:\\\/\\\/www.jazzzeitung.de\\\/cms\\\/2011\\\/07\\\/moers-festival-2011-video-online\\\/#primaryimage\",\"url\":\"http:\\\/\\\/www.jazzzeitung.de\\\/cms\\\/wp-content\\\/uploads\\\/2011\\\/07\\\/moers-festival_plakat-212x300.jpg\",\"contentUrl\":\"http:\\\/\\\/www.jazzzeitung.de\\\/cms\\\/wp-content\\\/uploads\\\/2011\\\/07\\\/moers-festival_plakat-212x300.jpg\"},{\"@type\":\"BreadcrumbList\",\"@id\":\"https:\\\/\\\/www.jazzzeitung.de\\\/cms\\\/2011\\\/07\\\/moers-festival-2011-video-online\\\/#breadcrumb\",\"itemListElement\":[{\"@type\":\"ListItem\",\"position\":1,\"name\":\"Startseite\",\"item\":\"https:\\\/\\\/www.jazzzeitung.de\\\/cms\\\/\"},{\"@type\":\"ListItem\",\"position\":2,\"name\":\"Moers Festival 2011 \u2013 Video online\"}]},{\"@type\":\"WebSite\",\"@id\":\"https:\\\/\\\/www.jazzzeitung.de\\\/cms\\\/#website\",\"url\":\"https:\\\/\\\/www.jazzzeitung.de\\\/cms\\\/\",\"name\":\"JazzZeitung\",\"description\":\"Jazz-News und Jazz-Kontroverses\",\"publisher\":{\"@id\":\"https:\\\/\\\/www.jazzzeitung.de\\\/cms\\\/#organization\"},\"potentialAction\":[{\"@type\":\"SearchAction\",\"target\":{\"@type\":\"EntryPoint\",\"urlTemplate\":\"https:\\\/\\\/www.jazzzeitung.de\\\/cms\\\/?s={search_term_string}\"},\"query-input\":{\"@type\":\"PropertyValueSpecification\",\"valueRequired\":true,\"valueName\":\"search_term_string\"}}],\"inLanguage\":\"de\"},{\"@type\":\"Organization\",\"@id\":\"https:\\\/\\\/www.jazzzeitung.de\\\/cms\\\/#organization\",\"name\":\"JazzZeitung online\",\"url\":\"https:\\\/\\\/www.jazzzeitung.de\\\/cms\\\/\",\"logo\":{\"@type\":\"ImageObject\",\"inLanguage\":\"de\",\"@id\":\"https:\\\/\\\/www.jazzzeitung.de\\\/cms\\\/#\\\/schema\\\/logo\\\/image\\\/\",\"url\":\"https:\\\/\\\/i0.wp.com\\\/www.jazzzeitung.de\\\/cms\\\/wp-content\\\/uploads\\\/2015\\\/08\\\/JAZZZEITUNGDE_Logo_Neu.png?fit=499%2C200&ssl=1\",\"contentUrl\":\"https:\\\/\\\/i0.wp.com\\\/www.jazzzeitung.de\\\/cms\\\/wp-content\\\/uploads\\\/2015\\\/08\\\/JAZZZEITUNGDE_Logo_Neu.png?fit=499%2C200&ssl=1\",\"width\":499,\"height\":200,\"caption\":\"JazzZeitung online\"},\"image\":{\"@id\":\"https:\\\/\\\/www.jazzzeitung.de\\\/cms\\\/#\\\/schema\\\/logo\\\/image\\\/\"},\"sameAs\":[\"https:\\\/\\\/www.facebook.com\\\/JazzZeitung\\\/\"]},{\"@type\":\"Person\",\"@id\":\"https:\\\/\\\/www.jazzzeitung.de\\\/cms\\\/#\\\/schema\\\/person\\\/4c5aaf486bdcd85db94b9a8b9e026bad\",\"name\":\"J\u00f6rg Lichtinger\",\"image\":{\"@type\":\"ImageObject\",\"inLanguage\":\"de\",\"@id\":\"https:\\\/\\\/secure.gravatar.com\\\/avatar\\\/8d1d484eb77cf370a1620f9866681cdba540c9b8439ce96ea0c830dd3b59936c?s=96&d=wp_user_avatar&r=ge66dff7680db2349fb79ae0cb2d734e3\",\"url\":\"https:\\\/\\\/secure.gravatar.com\\\/avatar\\\/8d1d484eb77cf370a1620f9866681cdba540c9b8439ce96ea0c830dd3b59936c?s=96&d=wp_user_avatar&r=g\",\"contentUrl\":\"https:\\\/\\\/secure.gravatar.com\\\/avatar\\\/8d1d484eb77cf370a1620f9866681cdba540c9b8439ce96ea0c830dd3b59936c?s=96&d=wp_user_avatar&r=g\",\"caption\":\"J\u00f6rg Lichtinger\"},\"url\":\"https:\\\/\\\/www.jazzzeitung.de\\\/cms\\\/author\\\/lichtinger\\\/\"}]}<\/script>\n<!-- \/ Yoast SEO plugin. -->","yoast_head_json":{"title":"Moers Festival 2011 \u2013 Video online - JazzZeitung","robots":{"index":"index","follow":"follow","max-snippet":"max-snippet:-1","max-image-preview":"max-image-preview:large","max-video-preview":"max-video-preview:-1"},"canonical":"https:\/\/www.jazzzeitung.de\/cms\/2011\/07\/moers-festival-2011-video-online\/","og_locale":"de_DE","og_type":"article","og_title":"Moers Festival 2011 \u2013 Video online - JazzZeitung","og_description":"Die Studierenden der Kunsthochschule f\u00fcr Medien K\u00f6ln haben auch in diesem Jahr wieder einen Festival-Live-Stream in Moers produziert. Aus den\u00a0Live-Mitschnitten und beim Festival gefilmten Interviews hat das Team jetzt einen filmischen R\u00fcckblick des Moers Festivals 2011 zusammengestellt. Im Multimedia-Bereich der Festival-Website ist die knapp 30-min\u00fctige Video-Dokumentation zu sehen. Links: Moers Festival Kunsthochschule f\u00fcr Medien K\u00f6ln","og_url":"https:\/\/www.jazzzeitung.de\/cms\/2011\/07\/moers-festival-2011-video-online\/","og_site_name":"JazzZeitung","article_publisher":"https:\/\/www.facebook.com\/JazzZeitung\/","article_published_time":"2011-07-25T12:23:29+00:00","og_image":[{"url":"http:\/\/www.jazzzeitung.de\/cms\/wp-content\/uploads\/2011\/07\/moers-festival_plakat-212x300.jpg","type":"","width":"","height":""}],"author":"J\u00f6rg Lichtinger","schema":{"@context":"https:\/\/schema.org","@graph":[{"@type":"Article","@id":"https:\/\/www.jazzzeitung.de\/cms\/2011\/07\/moers-festival-2011-video-online\/#article","isPartOf":{"@id":"https:\/\/www.jazzzeitung.de\/cms\/2011\/07\/moers-festival-2011-video-online\/"},"author":{"name":"J\u00f6rg Lichtinger","@id":"https:\/\/www.jazzzeitung.de\/cms\/#\/schema\/person\/4c5aaf486bdcd85db94b9a8b9e026bad"},"headline":"Moers Festival 2011 \u2013 Video online","datePublished":"2011-07-25T12:23:29+00:00","mainEntityOfPage":{"@id":"https:\/\/www.jazzzeitung.de\/cms\/2011\/07\/moers-festival-2011-video-online\/"},"wordCount":65,"commentCount":0,"publisher":{"@id":"https:\/\/www.jazzzeitung.de\/cms\/#organization"},"image":{"@id":"https:\/\/www.jazzzeitung.de\/cms\/2011\/07\/moers-festival-2011-video-online\/#primaryimage"},"thumbnailUrl":"http:\/\/www.jazzzeitung.de\/cms\/wp-content\/uploads\/2011\/07\/moers-festival_plakat-212x300.jpg","keywords":["Best of","Festival","Moers","Moers Festival","Video"],"articleSection":["Blog"],"inLanguage":"de","potentialAction":[{"@type":"CommentAction","name":"Comment","target":["https:\/\/www.jazzzeitung.de\/cms\/2011\/07\/moers-festival-2011-video-online\/#respond"]}]},{"@type":"WebPage","@id":"https:\/\/www.jazzzeitung.de\/cms\/2011\/07\/moers-festival-2011-video-online\/","url":"https:\/\/www.jazzzeitung.de\/cms\/2011\/07\/moers-festival-2011-video-online\/","name":"Moers Festival 2011 \u2013 Video online - JazzZeitung","isPartOf":{"@id":"https:\/\/www.jazzzeitung.de\/cms\/#website"},"primaryImageOfPage":{"@id":"https:\/\/www.jazzzeitung.de\/cms\/2011\/07\/moers-festival-2011-video-online\/#primaryimage"},"image":{"@id":"https:\/\/www.jazzzeitung.de\/cms\/2011\/07\/moers-festival-2011-video-online\/#primaryimage"},"thumbnailUrl":"http:\/\/www.jazzzeitung.de\/cms\/wp-content\/uploads\/2011\/07\/moers-festival_plakat-212x300.jpg","datePublished":"2011-07-25T12:23:29+00:00","breadcrumb":{"@id":"https:\/\/www.jazzzeitung.de\/cms\/2011\/07\/moers-festival-2011-video-online\/#breadcrumb"},"inLanguage":"de","potentialAction":[{"@type":"ReadAction","target":["https:\/\/www.jazzzeitung.de\/cms\/2011\/07\/moers-festival-2011-video-online\/"]}]},{"@type":"ImageObject","inLanguage":"de","@id":"https:\/\/www.jazzzeitung.de\/cms\/2011\/07\/moers-festival-2011-video-online\/#primaryimage","url":"http:\/\/www.jazzzeitung.de\/cms\/wp-content\/uploads\/2011\/07\/moers-festival_plakat-212x300.jpg","contentUrl":"http:\/\/www.jazzzeitung.de\/cms\/wp-content\/uploads\/2011\/07\/moers-festival_plakat-212x300.jpg"},{"@type":"BreadcrumbList","@id":"https:\/\/www.jazzzeitung.de\/cms\/2011\/07\/moers-festival-2011-video-online\/#breadcrumb","itemListElement":[{"@type":"ListItem","position":1,"name":"Startseite","item":"https:\/\/www.jazzzeitung.de\/cms\/"},{"@type":"ListItem","position":2,"name":"Moers Festival 2011 \u2013 Video online"}]},{"@type":"WebSite","@id":"https:\/\/www.jazzzeitung.de\/cms\/#website","url":"https:\/\/www.jazzzeitung.de\/cms\/","name":"JazzZeitung","description":"Jazz-News und Jazz-Kontroverses","publisher":{"@id":"https:\/\/www.jazzzeitung.de\/cms\/#organization"},"potentialAction":[{"@type":"SearchAction","target":{"@type":"EntryPoint","urlTemplate":"https:\/\/www.jazzzeitung.de\/cms\/?s={search_term_string}"},"query-input":{"@type":"PropertyValueSpecification","valueRequired":true,"valueName":"search_term_string"}}],"inLanguage":"de"},{"@type":"Organization","@id":"https:\/\/www.jazzzeitung.de\/cms\/#organization","name":"JazzZeitung online","url":"https:\/\/www.jazzzeitung.de\/cms\/","logo":{"@type":"ImageObject","inLanguage":"de","@id":"https:\/\/www.jazzzeitung.de\/cms\/#\/schema\/logo\/image\/","url":"https:\/\/i0.wp.com\/www.jazzzeitung.de\/cms\/wp-content\/uploads\/2015\/08\/JAZZZEITUNGDE_Logo_Neu.png?fit=499%2C200&ssl=1","contentUrl":"https:\/\/i0.wp.com\/www.jazzzeitung.de\/cms\/wp-content\/uploads\/2015\/08\/JAZZZEITUNGDE_Logo_Neu.png?fit=499%2C200&ssl=1","width":499,"height":200,"caption":"JazzZeitung online"},"image":{"@id":"https:\/\/www.jazzzeitung.de\/cms\/#\/schema\/logo\/image\/"},"sameAs":["https:\/\/www.facebook.com\/JazzZeitung\/"]},{"@type":"Person","@id":"https:\/\/www.jazzzeitung.de\/cms\/#\/schema\/person\/4c5aaf486bdcd85db94b9a8b9e026bad","name":"J\u00f6rg Lichtinger","image":{"@type":"ImageObject","inLanguage":"de","@id":"https:\/\/secure.gravatar.com\/avatar\/8d1d484eb77cf370a1620f9866681cdba540c9b8439ce96ea0c830dd3b59936c?s=96&d=wp_user_avatar&r=ge66dff7680db2349fb79ae0cb2d734e3","url":"https:\/\/secure.gravatar.com\/avatar\/8d1d484eb77cf370a1620f9866681cdba540c9b8439ce96ea0c830dd3b59936c?s=96&d=wp_user_avatar&r=g","contentUrl":"https:\/\/secure.gravatar.com\/avatar\/8d1d484eb77cf370a1620f9866681cdba540c9b8439ce96ea0c830dd3b59936c?s=96&d=wp_user_avatar&r=g","caption":"J\u00f6rg Lichtinger"},"url":"https:\/\/www.jazzzeitung.de\/cms\/author\/lichtinger\/"}]}},"wp-worthy-pixel":{"ignored":false,"public":null,"server":null,"url":null},"wp-worthy-type":"normal","jetpack_publicize_connections":[],"cc_featured_image_caption":{"caption_text":false,"source_text":false,"source_url":false},"jetpack_featured_media_url":"","jetpack_shortlink":"https:\/\/wp.me\/p3KEcT-iL","jetpack-related-posts":[{"id":937,"url":"https:\/\/www.jazzzeitung.de\/cms\/2011\/04\/34-moers-festival-1-x-helge-gut-gespart\/","url_meta":{"origin":1163,"position":0},"title":"3\/4 Moers Festival + 1 x Helge = gut gespart!","author":"J\u00f6rg Lichtinger","date":"7. April 2011","format":false,"excerpt":"Was sich bereits beim letzten Festival 2010 angedeutet hat, wurde im letzten Sommer Gewissheit. Am Pfingstwochenende ist es dann soweit: Das Moers Festival wird bei seiner 40. Ausgabe um einen Tag gek\u00fcrzt und wird nur noch \u00fcber drei Tage ausgerichtet. Aus Sicht von Veranstaltern und Stadtverwaltung ein \u00fcberlebensnotwendiger Kompromiss, da\u2026","rel":"","context":"In &quot;Blog&quot;","block_context":{"text":"Blog","link":"https:\/\/www.jazzzeitung.de\/cms\/thema\/blog\/"},"img":{"alt_text":"Plakat f\u00fcr das moers-festival 2011","src":"https:\/\/i0.wp.com\/www.jazzzeitung.de\/cms\/wp-content\/uploads\/2011\/04\/moers-festival_plakat-212x300.jpg?resize=350%2C200","width":350,"height":200},"classes":[]},{"id":16147,"url":"https:\/\/www.jazzzeitung.de\/cms\/2018\/05\/fotogaleria-moers\/","url_meta":{"origin":1163,"position":1},"title":"Fotografische Eindr\u00fccke vom m\u0153rs festival 2018","author":"Redaktion JazzZeitung","date":"26. Mai 2018","format":false,"excerpt":"Das m\u0153rs festival ist eine echte Festival-Institution in Deutschlands. Jedes Jahr l\u00e4sst man drei Tage lang die improvisierte Musik und Kreativit\u00e4t hochleben. Das Festival, das jede Saison einen oder eine improviser in residence beheimatet, empfing 2017 35.000 Besucher. Am vergangenen Pfingstwochenende (18. bis 21. Mai 2018) ging es in eine\u2026","rel":"","context":"In &quot;Galerie&quot;","block_context":{"text":"Galerie","link":"https:\/\/www.jazzzeitung.de\/cms\/thema\/galerie\/"},"img":{"alt_text":"","src":"https:\/\/i0.wp.com\/www.jazzzeitung.de\/cms\/wp-content\/uploads\/2018\/05\/DSC03848.jpg?fit=1200%2C1009&ssl=1&resize=350%2C200","width":350,"height":200,"srcset":"https:\/\/i0.wp.com\/www.jazzzeitung.de\/cms\/wp-content\/uploads\/2018\/05\/DSC03848.jpg?fit=1200%2C1009&ssl=1&resize=350%2C200 1x, https:\/\/i0.wp.com\/www.jazzzeitung.de\/cms\/wp-content\/uploads\/2018\/05\/DSC03848.jpg?fit=1200%2C1009&ssl=1&resize=525%2C300 1.5x, https:\/\/i0.wp.com\/www.jazzzeitung.de\/cms\/wp-content\/uploads\/2018\/05\/DSC03848.jpg?fit=1200%2C1009&ssl=1&resize=700%2C400 2x, https:\/\/i0.wp.com\/www.jazzzeitung.de\/cms\/wp-content\/uploads\/2018\/05\/DSC03848.jpg?fit=1200%2C1009&ssl=1&resize=1050%2C600 3x"},"classes":[]},{"id":5972,"url":"https:\/\/www.jazzzeitung.de\/cms\/2015\/04\/der-ejn-award-2015-geht-das-moers-festival-deutschland\/","url_meta":{"origin":1163,"position":2},"title":"Der EJN Award 2015 geht an das moers festival in Deutschland","author":"Redaktion JazzZeitung","date":"22. April 2015","format":false,"excerpt":"Das Europe Jazz Network gab heute offiziell das moers festival in Deutschland als den Gewinner des EJN Award for Adventurous Programming 2015 bekannt. EJN, der europaweite Verbund aus Produzenten, Veranstaltern und unterst\u00fctzenden Organisationen im Bereich der kreativen Musik, des zeitgen\u00f6ssischen Jazz und der Improvisierten Musik, zeichnet jedes Jahr einen europ\u00e4ischen\u2026","rel":"","context":"In &quot;News&quot;","block_context":{"text":"News","link":"https:\/\/www.jazzzeitung.de\/cms\/thema\/nachrichten\/"},"img":{"alt_text":"","src":"https:\/\/i0.wp.com\/www.jazzzeitung.de\/cms\/wp-content\/uploads\/2015\/04\/moersfestival_2015_plakat.jpg?fit=848%2C1200&ssl=1&resize=350%2C200","width":350,"height":200,"srcset":"https:\/\/i0.wp.com\/www.jazzzeitung.de\/cms\/wp-content\/uploads\/2015\/04\/moersfestival_2015_plakat.jpg?fit=848%2C1200&ssl=1&resize=350%2C200 1x, https:\/\/i0.wp.com\/www.jazzzeitung.de\/cms\/wp-content\/uploads\/2015\/04\/moersfestival_2015_plakat.jpg?fit=848%2C1200&ssl=1&resize=525%2C300 1.5x, https:\/\/i0.wp.com\/www.jazzzeitung.de\/cms\/wp-content\/uploads\/2015\/04\/moersfestival_2015_plakat.jpg?fit=848%2C1200&ssl=1&resize=700%2C400 2x"},"classes":[]},{"id":2590,"url":"https:\/\/www.jazzzeitung.de\/cms\/2013\/10\/neues-aus-moers-2\/","url_meta":{"origin":1163,"position":3},"title":"Neues aus Moers","author":"Redaktion JazzZeitung","date":"31. Oktober 2013","format":false,"excerpt":"In Moers wird gebaut. Die Umbauten in der neue Festivalhalle haben begonnen. Aktuell wird noch nicht um- sondern nur zur\u00fcckgebaut was langj\u00e4hrige Nutzung als Theater und Tennishalle \u00fcbrig gelassen haben. Zum Umzug des Moers Festivals 2014 vom gewohnten Zelt in eine feste Halle haben wohl verschiedene Gr\u00fcnde gef\u00fchrt. \u00dcber die\u2026","rel":"","context":"In &quot;News&quot;","block_context":{"text":"News","link":"https:\/\/www.jazzzeitung.de\/cms\/thema\/nachrichten\/"},"img":{"alt_text":"Moers Festival","src":"https:\/\/i0.wp.com\/www.jazzzeitung.de\/cms\/wp-content\/uploads\/2013\/10\/Moers-Festival-150x150.jpg?resize=350%2C200","width":350,"height":200},"classes":[]},{"id":1056,"url":"https:\/\/www.jazzzeitung.de\/cms\/2011\/06\/helges-heimatabend-in-moers-abgesagt\/","url_meta":{"origin":1163,"position":4},"title":"&#8222;Helge&#8217;s Heimatabend&#8220; in Moers abgesagt","author":"Ursula Gaisa","date":"9. Juni 2011","format":false,"excerpt":"Folgende Pressemitteilung erreichte uns heute aus Moers HELGE'S HEIMATABEND ABGESAGT Sehr geehrte Vertreter der Redaktionen, liebe Journalisten, leider m\u00fcssen wir den f\u00fcr Pfingstmontag geplanten Heimatabend mit Helge Schneider absagen. Nachdem Helge Schneider gestern alle Konzerte bis Ende Juli wegen Ersch\u00f6pfung abgesagt hatte, sind Festivalchef Reiner Michalke und Helge Schneider heute\u2026","rel":"","context":"In &quot;Blog&quot;","block_context":{"text":"Blog","link":"https:\/\/www.jazzzeitung.de\/cms\/thema\/blog\/"},"img":{"alt_text":"","src":"","width":0,"height":0},"classes":[]},{"id":19226,"url":"https:\/\/www.jazzzeitung.de\/cms\/2019\/04\/48-moers-festival-mit-sao-paulo-und-tokyo-special\/","url_meta":{"origin":1163,"position":5},"title":"48. moers festival mit Sao Paulo- und Tokyo-Special","author":"Redaktion JazzZeitung","date":"22. April 2019","format":false,"excerpt":"Seit 1972 bricht das moers festival mit Normalit\u00e4tserwartungen an Musik und ist ein Versprechen an das Ungez\u00e4hmte jenseits des Mainstreams. F\u00fcr die 48. Festivalausgabe vom 07. bis 10. Juni 2019 fordert das moers festival: \u201eStrengt euch an!\u201c \u201eMit Experimenten, Schwerpunkten, Statements, Ausbrechern, Piraten und Gef\u00e4hrten behauptet moers das stete doch!\u2026","rel":"","context":"In &quot;News&quot;","block_context":{"text":"News","link":"https:\/\/www.jazzzeitung.de\/cms\/thema\/nachrichten\/"},"img":{"alt_text":"","src":"https:\/\/i0.wp.com\/www.jazzzeitung.de\/cms\/wp-content\/uploads\/2019\/04\/csm_gamut2017_simonzangger__E4A3224_60c8beb265.jpg?fit=1200%2C800&ssl=1&resize=350%2C200","width":350,"height":200,"srcset":"https:\/\/i0.wp.com\/www.jazzzeitung.de\/cms\/wp-content\/uploads\/2019\/04\/csm_gamut2017_simonzangger__E4A3224_60c8beb265.jpg?fit=1200%2C800&ssl=1&resize=350%2C200 1x, https:\/\/i0.wp.com\/www.jazzzeitung.de\/cms\/wp-content\/uploads\/2019\/04\/csm_gamut2017_simonzangger__E4A3224_60c8beb265.jpg?fit=1200%2C800&ssl=1&resize=525%2C300 1.5x, https:\/\/i0.wp.com\/www.jazzzeitung.de\/cms\/wp-content\/uploads\/2019\/04\/csm_gamut2017_simonzangger__E4A3224_60c8beb265.jpg?fit=1200%2C800&ssl=1&resize=700%2C400 2x, https:\/\/i0.wp.com\/www.jazzzeitung.de\/cms\/wp-content\/uploads\/2019\/04\/csm_gamut2017_simonzangger__E4A3224_60c8beb265.jpg?fit=1200%2C800&ssl=1&resize=1050%2C600 3x"},"classes":[]}],"jetpack_sharing_enabled":true,"_links":{"self":[{"href":"https:\/\/www.jazzzeitung.de\/cms\/wp-json\/wp\/v2\/posts\/1163","targetHints":{"allow":["GET"]}}],"collection":[{"href":"https:\/\/www.jazzzeitung.de\/cms\/wp-json\/wp\/v2\/posts"}],"about":[{"href":"https:\/\/www.jazzzeitung.de\/cms\/wp-json\/wp\/v2\/types\/post"}],"author":[{"embeddable":true,"href":"https:\/\/www.jazzzeitung.de\/cms\/wp-json\/wp\/v2\/users\/4"}],"replies":[{"embeddable":true,"href":"https:\/\/www.jazzzeitung.de\/cms\/wp-json\/wp\/v2\/comments?post=1163"}],"version-history":[{"count":0,"href":"https:\/\/www.jazzzeitung.de\/cms\/wp-json\/wp\/v2\/posts\/1163\/revisions"}],"wp:attachment":[{"href":"https:\/\/www.jazzzeitung.de\/cms\/wp-json\/wp\/v2\/media?parent=1163"}],"wp:term":[{"taxonomy":"category","embeddable":true,"href":"https:\/\/www.jazzzeitung.de\/cms\/wp-json\/wp\/v2\/categories?post=1163"},{"taxonomy":"post_tag","embeddable":true,"href":"https:\/\/www.jazzzeitung.de\/cms\/wp-json\/wp\/v2\/tags?post=1163"},{"taxonomy":"author","embeddable":true,"href":"https:\/\/www.jazzzeitung.de\/cms\/wp-json\/wp\/v2\/coauthors?post=1163"}],"curies":[{"name":"wp","href":"https:\/\/api.w.org\/{rel}","templated":true}]}}