{"id":11625,"date":"2017-02-07T09:24:02","date_gmt":"2017-02-07T08:24:02","guid":{"rendered":"http:\/\/www.jazzzeitung.de\/cms\/?p=11625"},"modified":"2017-02-07T09:24:02","modified_gmt":"2017-02-07T08:24:02","slug":"news-30-jazzfest-rottweil-2017-huerther-jazzkeller-im-maerz-junger-jazz-aus-israel-jazzworkshop-mit-wolfgang-lackerschmid","status":"publish","type":"post","link":"https:\/\/www.jazzzeitung.de\/cms\/2017\/02\/news-30-jazzfest-rottweil-2017-huerther-jazzkeller-im-maerz-junger-jazz-aus-israel-jazzworkshop-mit-wolfgang-lackerschmid\/","title":{"rendered":"News +++ 30. Jazzfest Rottweil 2017 +++ H\u00fcrther Jazzkeller im M\u00e4rz: junger Jazz aus Israel +++ Jazzworkshop mit Wolfgang Lackerschmid +++"},"content":{"rendered":"<h3><strong>+++ 30. Jazzfest Rottweil 2017 +++<\/strong><\/h3>\n<p><strong><a href=\"https:\/\/i0.wp.com\/www.jazzzeitung.de\/cms\/wp-content\/uploads\/2017\/02\/China_Moses1.jpg\"><img data-recalc-dims=\"1\" loading=\"lazy\" decoding=\"async\" data-attachment-id=\"11626\" data-permalink=\"https:\/\/www.jazzzeitung.de\/cms\/2017\/02\/news-30-jazzfest-rottweil-2017-huerther-jazzkeller-im-maerz-junger-jazz-aus-israel-jazzworkshop-mit-wolfgang-lackerschmid\/china_moses1\/\" data-orig-file=\"https:\/\/i0.wp.com\/www.jazzzeitung.de\/cms\/wp-content\/uploads\/2017\/02\/China_Moses1.jpg?fit=1200%2C828&amp;ssl=1\" data-orig-size=\"1200,828\" data-comments-opened=\"1\" data-image-meta=\"{&quot;aperture&quot;:&quot;0&quot;,&quot;credit&quot;:&quot;&quot;,&quot;camera&quot;:&quot;&quot;,&quot;caption&quot;:&quot;&quot;,&quot;created_timestamp&quot;:&quot;0&quot;,&quot;copyright&quot;:&quot;&quot;,&quot;focal_length&quot;:&quot;0&quot;,&quot;iso&quot;:&quot;0&quot;,&quot;shutter_speed&quot;:&quot;0&quot;,&quot;title&quot;:&quot;&quot;,&quot;orientation&quot;:&quot;0&quot;}\" data-image-title=\"China_Moses1\" data-image-description=\"\" data-image-caption=\"\" data-large-file=\"https:\/\/i0.wp.com\/www.jazzzeitung.de\/cms\/wp-content\/uploads\/2017\/02\/China_Moses1.jpg?fit=840%2C579&amp;ssl=1\" class=\"alignright size-thumbnail wp-image-11626\" src=\"https:\/\/i0.wp.com\/www.jazzzeitung.de\/cms\/wp-content\/uploads\/2017\/02\/China_Moses1-150x150.jpg?resize=150%2C150\" alt=\"\" width=\"150\" height=\"150\" srcset=\"https:\/\/i0.wp.com\/www.jazzzeitung.de\/cms\/wp-content\/uploads\/2017\/02\/China_Moses1.jpg?resize=150%2C150&amp;ssl=1 150w, https:\/\/i0.wp.com\/www.jazzzeitung.de\/cms\/wp-content\/uploads\/2017\/02\/China_Moses1.jpg?resize=144%2C144&amp;ssl=1 144w, https:\/\/i0.wp.com\/www.jazzzeitung.de\/cms\/wp-content\/uploads\/2017\/02\/China_Moses1.jpg?resize=96%2C96&amp;ssl=1 96w, https:\/\/i0.wp.com\/www.jazzzeitung.de\/cms\/wp-content\/uploads\/2017\/02\/China_Moses1.jpg?resize=24%2C24&amp;ssl=1 24w, https:\/\/i0.wp.com\/www.jazzzeitung.de\/cms\/wp-content\/uploads\/2017\/02\/China_Moses1.jpg?resize=36%2C36&amp;ssl=1 36w, https:\/\/i0.wp.com\/www.jazzzeitung.de\/cms\/wp-content\/uploads\/2017\/02\/China_Moses1.jpg?resize=48%2C48&amp;ssl=1 48w, https:\/\/i0.wp.com\/www.jazzzeitung.de\/cms\/wp-content\/uploads\/2017\/02\/China_Moses1.jpg?resize=64%2C64&amp;ssl=1 64w, https:\/\/i0.wp.com\/www.jazzzeitung.de\/cms\/wp-content\/uploads\/2017\/02\/China_Moses1.jpg?resize=32%2C32&amp;ssl=1 32w, https:\/\/i0.wp.com\/www.jazzzeitung.de\/cms\/wp-content\/uploads\/2017\/02\/China_Moses1.jpg?resize=50%2C50&amp;ssl=1 50w, https:\/\/i0.wp.com\/www.jazzzeitung.de\/cms\/wp-content\/uploads\/2017\/02\/China_Moses1.jpg?resize=128%2C128&amp;ssl=1 128w, https:\/\/i0.wp.com\/www.jazzzeitung.de\/cms\/wp-content\/uploads\/2017\/02\/China_Moses1.jpg?zoom=2&amp;resize=150%2C150&amp;ssl=1 300w, https:\/\/i0.wp.com\/www.jazzzeitung.de\/cms\/wp-content\/uploads\/2017\/02\/China_Moses1.jpg?zoom=3&amp;resize=150%2C150&amp;ssl=1 450w\" sizes=\"auto, (max-width: 150px) 100vw, 150px\" \/><\/a>Mit Axel Prahl, China Moses und Klaus Doldinger stehen drei weitere Programm-Highlights f\u00fcr das kommende Jazzfest Rottweil fest. Allein schon diese drei gro\u00dfen Namen stehen f\u00fcr die Qualit\u00e4t und Bandbreite des Rottweiler Musikfestivals, das in diesem Jahr zwischen dem 30. April und 20. Mai stattfinden wird. Zusammen mit den bereits feststehenden Acts Manu Katch\u00e9, Larry Carlton &amp; die SWR Big Band, Nina Attal, Electro Deluxe und Die CubaBoarischen sowie der Auftaktveranstaltung Jazz in Town ist das Programm des 30. Jazzfests somit ann\u00e4hernd vollst\u00e4ndig. In K\u00fcrze wird das komplette Programm 2017 pr\u00e4sentiert. <\/strong><\/p>\n<p>Axel Prahl kann Kommissar. Dass wissen alle, die den ARD-Tatort aus M\u00fcnster sch\u00e4tzen. F\u00fcr viele war so sein Deb\u00fctalbum &#8222;Blick aufs Mehr&#8220; (V\u00d6 2011) die \u00dcberraschung, f\u00fcr nicht wenige die neue Lieblings-CD. Jedoch alle, die zumeist in ausverkauften H\u00e4usern Axel Prahl und sein Inselorchester live erleben, stellen fest: das ist dann noch einen Zacken sch\u00e4rfer. Prahl singt Prahl bei seinem Rottweil-Deb\u00fct am 13. Mai 2017 &#8211; authentisch, bodenst\u00e4ndig, erdig, mit Witz und Lust am Musizieren. Sein ihm zur Seite stehendes Inselorchester ist ein kleines handverlesenes Ensemble von neun Musikern, die in der deutschen Rock-, Jazz &#8211; und Klassikszene einen klangvollen Namen und eine Menge Erfahrung einzubringen haben.<\/p>\n<p>China Moses verk\u00f6rpert Jazz und Soul wie kaum eine andere K\u00fcnstlerin. Als Tochter des Regisseurs Gilbert Moses und der ber\u00fchmten S\u00e4ngerin Dee Dee Bridgewater tauchte sie schon in fr\u00fchester Kindheit in die Welt der Musik ein. Die Mission bleibt stets unver\u00e4ndert: Den Jazz &#8217;souliger&#8216; und den Soul &#8218;jazziger&#8216; zu machen. Im Gep\u00e4ck mit dabei hat sie am 18. Mai das Repertoire des brandaktuellen Albums &#8222;Nightingtales&#8220; (V\u00d6 am 31.03.17 bei MPS Records \/ Edel:Kultur). Mit warmer, erstaunlich wandelbarer Altstimme l\u00e4sst die junge Soul-Diva Figuren und Orte im Kopf des Zuh\u00f6rers Gestalt annehmen, formt zauberhafte Bilder und Stimmungen. Ausdrucksstarke Songs, die vom Rausch der Liebe und ihrem bitteren Ende erz\u00e4hlen, von Lastern und Leidenschaften, von Aufbruch und Mut. Ein funkelndes Kaleidoskop, bei dem Soul, Gospel, R&amp;B, Jazz, Blues und Pop zu einem vielseitigen Ganzen verschmelzen.<\/p>\n<p>Seit \u00fcber 60 Jahren steht Klaus Doldinger auf der B\u00fchne und hat in dieser Zeit entscheidend dazu beigetragen, dass Jazz aus Deutschland auf dem internationalen Parkett mitspielt. Und nicht nur das: Er ist einer der erfolgreichsten Komponisten von Filmmusik und TV-Titelmelodien (Tatort, Das Boot, Die unendliche Geschichte u. v. m.). Vergangenes Jahr ist der gro\u00dfe Saxofonist, Produzent und Komponist 80 Jahre alt geworden. Er kann auf mehr als 5000 Live-Auftritte, Tourneen durch 50 L\u00e4nder und \u00fcber 2000 ver\u00f6ffentlichte Kompositionen zur\u00fcckblicken. Seine Kreativit\u00e4t hat bis heute ebenso wenig nachgelassen wie seine Bedeutung f\u00fcr die Musik &#8211; weit \u00fcber den Jazz hinaus. Beim Jazzfest pr\u00e4sentiert der Grand-Seigneur des Jazz am 19. Mai nicht nur ein aktuelles Repertoire seiner \u00fcber jahrzehntelang so erfolgreichen &#8218;Passport&#8216;-Formation, sondern auch einen Querschnitt seines gesamten k\u00fcnstlerischen Schaffens. Das Konzert stellt eine grandiose Zeitreise dar, die einen unverstellten Blick zur\u00fcck auf die Hochphase des Jazz-Rocks und der Doldinger-Filmmusik-Klassiker erlaubt, daneben aber auch das aktuelle kreative Schaffen dieses bedeutenden Ausnahmek\u00fcnstlers pr\u00e4sentiert.<\/p>\n<p>Weitere Veranstaltungen sind in Planung. Vorverkauf &amp; Infos allen bekannten Stellen sowie direkt unter <strong><a href=\"http:\/\/www.jazzfest-rottweil.de\/\">www.jazzfest-rottweil.de<\/a><\/strong> Karten &amp; Info-Hotline unter Tel: 0741\/494280.<\/p>\n<p>&nbsp;<\/p>\n<h3><strong>+++ H\u00fcrther Jazzkeller im M\u00e4rz: junger Jazz aus Israel +++<br \/>\n<\/strong><\/h3>\n<p>Im Rahmen seiner Release-Tour durch Europa stellt das israelische Klaviertrio \u201e<strong>Shalosh\u201c<\/strong> am <strong>17. M\u00e4rz<\/strong> <strong>2017<\/strong> sein neuestes Album \u201e<strong>Rules of Opression\u201c<\/strong> (Regeln der Unterdr\u00fcckung) im <strong>H\u00fcrther Jazzkeller<\/strong> vor. Ein halbes Jahr feilten die Musiker an der Aufnahme ihrer zweiten CD, die sensible, kammermusikalische Passagen auf hymnische Pop-Momente und grandiose Orchesterarrangements treffen l\u00e4sst. \u201eShalosh\u201c geben auch im Konzert stets alles, k\u00f6rperlich und emotional. Zu ihren ekstatischen Coverversionen und starken Eigenkompositionen lassen sie sich von der Poesie Federico Garc\u00eda Lorcas, Lana del Reys \u201eVideo Games\u201c oder dem Achtziger-Hit \u201eDon\u2019t you want me\u201c von Human League inspirieren. Mit ihrer unb\u00e4ndigen Energie und furiosen Ausbr\u00fcchen stellen die Musiker von Shalosh die Ernsthaftigkeit, die heute im Jazz herrscht, in Frage. Und wie der Titelsong beweist, setzen sie sich auch mit aktuellen Themen wie den allgegenw\u00e4rtigen Unterdr\u00fcckungstendenzen der heutigen Zeit auseinander.<\/p>\n<p>Das israelische Klaviertrio Shalosh (Hebr\u00e4isch = drei) eroberte 2014 mit seinem Deb\u00fctalbum \u201eThe Bell Garden\u201c die Herzen der Kritiker und begeistert mit seinen Konzerten ein internationales Publikum. <strong>Gadi Stern <\/strong>(Piano), <strong>David Michaeli<\/strong> (Double Bass) und <strong>Matan Assayag<\/strong> (Drums) spielen in klassischer Trio-Besetzung. Doch sie klingen alles andere als altbacken: Genre\u00fcbergreifend bedienen sich die Musiker, die in ihren Zwanzigern sind, bei so unterschiedlichen Einfl\u00fcssen wie der Grundge-Band Nirvana, Klassik \u00e0 la Johannes Brahms und Elektronischer Musik. Dar\u00fcber hinaus lassen sie sich von afrikanischen und nah\u00f6stlichen Traditionen beeinflussen. Dabei trifft die Lautst\u00e4rke des Rock und die Tanzbarkeit elektronischer Musik auf die Sensibilit\u00e4t und das K\u00f6nnen studierter Jazz-Musiker &#8211; Ein wahres Power-Trio, das sich seit Kindertagen kennt, wie in einer Band intensiv zusammenarbeitet und auch privat miteinander befreundet ist.<\/p>\n<p><strong><u>Termin: <\/u><\/strong>Freitag 17.03.2017 20:00 Uhr, Jazzkeller H\u00fcrth, Herm\u00fclheimer Str. 12-14,50354 H\u00fcrth,\u00a0 Eintritt: 10 \u20ac\u00a0 nur Abendkasse, keine nummerierten Pl\u00e4tze<\/p>\n<p>&nbsp;<\/p>\n<h3><strong>+++ <\/strong><strong>Jazzworkshop in den Bergen mit Wolfgang Lackerschmid +++<br \/>\n<\/strong><\/h3>\n<p>Vom 13. bis 17. August 2017 findet in der Propstei St. Gerold \/ Gro\u00dfes Walsertal (A) ein Jazzworkshop mit Wolfgang Lackerschmid (Assistenz: Stefanie Schlesinger) statt. Schwerpunkt des Workshops ist das gemeinsame Musizieren, wobei die Geheimnisse des Zusammenspiels gel\u00fcftet und Bandleader-Qualit\u00e4ten geschult werden.\u00a0Theoretische Kenntnisse werden aus der Praxiserfahrung heraus vermittelt und in unterschiedlichen Formationen spielerisch wieder in die\u00a0Praxis umgesetzt. Auf dem Programm stehen: Improvisation als &#8222;Erfinden neuer Melodien&#8220;, Phrasierung, Stilsicherheit, \u00dcberblick \u00fcber die Funktionen aller beteiligten Instrumente im\u00a0Zusammenspiel, Harmonielehre, Voicing, Repertoireerweiterung, Dynamik, rhythmische Sicherheit und Flexibilit\u00e4t, Jazzgeschichte und\u00a0Geschichten, B\u00fchnen\u00adpr\u00e4senz, usw.<\/p>\n<p><strong>Dieser Workshop richtet sich an MusikerInnen aller Instrumente und Stimmlagen, und\u00a0ist f\u00fcr Notisten ebenso geeignet wie f\u00fcr Geh\u00f6rmusiker.<\/strong><\/p>\n<p><a href=\"http:\/\/www.lackerschmid.de\/index.php\/workshop\">www.lackerschmid.de\/index.php\/workshop<\/a><\/p>\n<p><a href=\"http:\/\/www.propstei-stgerold.at\/\">www.propstei-stgerold.at<\/a><\/p>\n","protected":false},"excerpt":{"rendered":"<p>+++ 30. Jazzfest Rottweil 2017 +++ Mit Axel Prahl, China Moses und Klaus Doldinger stehen drei weitere Programm-Highlights f\u00fcr das kommende Jazzfest Rottweil fest. Allein schon diese drei gro\u00dfen Namen stehen f\u00fcr die Qualit\u00e4t und Bandbreite des Rottweiler Musikfestivals, das in diesem Jahr zwischen dem 30. April und 20. Mai stattfinden wird. Zusammen mit den bereits feststehenden Acts Manu Katch\u00e9, Larry Carlton &amp; die SWR Big Band, Nina Attal, Electro Deluxe und Die CubaBoarischen sowie der Auftaktveranstaltung Jazz in Town ist das Programm des 30. Jazzfests somit ann\u00e4hernd vollst\u00e4ndig. In K\u00fcrze wird das komplette Programm 2017 pr\u00e4sentiert. Axel Prahl kann Kommissar. Dass wissen alle, die den ARD-Tatort aus M\u00fcnster sch\u00e4tzen. F\u00fcr viele war so sein Deb\u00fctalbum &#8222;Blick aufs Mehr&#8220; (V\u00d6 2011) die \u00dcberraschung, f\u00fcr nicht wenige die neue Lieblings-CD. Jedoch alle, die zumeist in ausverkauften H\u00e4usern Axel Prahl und sein Inselorchester live erleben, stellen fest: das ist dann noch einen Zacken sch\u00e4rfer. Prahl singt Prahl bei seinem Rottweil-Deb\u00fct am 13. Mai 2017 &#8211; authentisch, bodenst\u00e4ndig, erdig, mit Witz und Lust am Musizieren. Sein ihm zur Seite stehendes Inselorchester ist ein kleines handverlesenes Ensemble von neun &hellip;<\/p>\n","protected":false},"author":18,"featured_media":0,"comment_status":"open","ping_status":"closed","sticky":false,"template":"","format":"standard","meta":{"_jetpack_memberships_contains_paid_content":false,"footnotes":"","jetpack_publicize_message":"","jetpack_publicize_feature_enabled":true,"jetpack_social_post_already_shared":false,"jetpack_social_options":{"image_generator_settings":{"template":"highway","default_image_id":0,"font":"","enabled":false},"version":2}},"categories":[633],"tags":[34,46,1468,71,83,109,1467,922,137,198,1466,1007,751,848,1058,710,316,317,322,327,859,442,447,1250,1398,539,558,1356,562,579,1469,20,1470],"coauthors":[695],"class_list":["post-11625","post","type-post","status-publish","format-standard","hentry","category-nachrichten","tag-album","tag-ard","tag-axel-prahl","tag-big-band","tag-blues","tag-cd","tag-china-moses","tag-dee-dee-bridgewater","tag-deutschland","tag-geschichte","tag-huerther-jazzkeller","tag-improvisation","tag-jazzfest","tag-jazzfest-rottweil","tag-jazzgeschichte","tag-jazzworkshop","tag-klassik","tag-klaus-doldinger","tag-konzert-2","tag-kultur","tag-passport","tag-piano","tag-pop","tag-rock","tag-swr","tag-tatort","tag-tour","tag-trio","tag-tv","tag-video","tag-wolfgang-lackerschmid","tag-workshop","tag-workshop-probstei-st-gerold"],"yoast_head":"<!-- This site is optimized with the Yoast SEO plugin v27.5 - https:\/\/yoast.com\/product\/yoast-seo-wordpress\/ -->\n<title>News +++ 30. Jazzfest Rottweil 2017 +++ H\u00fcrther Jazzkeller im M\u00e4rz: junger Jazz aus Israel +++ Jazzworkshop mit Wolfgang Lackerschmid +++ - JazzZeitung<\/title>\n<meta name=\"robots\" content=\"index, follow, max-snippet:-1, max-image-preview:large, max-video-preview:-1\" \/>\n<link rel=\"canonical\" href=\"https:\/\/www.jazzzeitung.de\/cms\/2017\/02\/news-30-jazzfest-rottweil-2017-huerther-jazzkeller-im-maerz-junger-jazz-aus-israel-jazzworkshop-mit-wolfgang-lackerschmid\/\" \/>\n<meta property=\"og:locale\" content=\"de_DE\" \/>\n<meta property=\"og:type\" content=\"article\" \/>\n<meta property=\"og:title\" content=\"News +++ 30. Jazzfest Rottweil 2017 +++ H\u00fcrther Jazzkeller im M\u00e4rz: junger Jazz aus Israel +++ Jazzworkshop mit Wolfgang Lackerschmid +++ - JazzZeitung\" \/>\n<meta property=\"og:description\" content=\"+++ 30. Jazzfest Rottweil 2017 +++ Mit Axel Prahl, China Moses und Klaus Doldinger stehen drei weitere Programm-Highlights f\u00fcr das kommende Jazzfest Rottweil fest. Allein schon diese drei gro\u00dfen Namen stehen f\u00fcr die Qualit\u00e4t und Bandbreite des Rottweiler Musikfestivals, das in diesem Jahr zwischen dem 30. April und 20. Mai stattfinden wird. Zusammen mit den bereits feststehenden Acts Manu Katch\u00e9, Larry Carlton &amp; die SWR Big Band, Nina Attal, Electro Deluxe und Die CubaBoarischen sowie der Auftaktveranstaltung Jazz in Town ist das Programm des 30. Jazzfests somit ann\u00e4hernd vollst\u00e4ndig. In K\u00fcrze wird das komplette Programm 2017 pr\u00e4sentiert. Axel Prahl kann Kommissar. Dass wissen alle, die den ARD-Tatort aus M\u00fcnster sch\u00e4tzen. F\u00fcr viele war so sein Deb\u00fctalbum &#8222;Blick aufs Mehr&#8220; (V\u00d6 2011) die \u00dcberraschung, f\u00fcr nicht wenige die neue Lieblings-CD. Jedoch alle, die zumeist in ausverkauften H\u00e4usern Axel Prahl und sein Inselorchester live erleben, stellen fest: das ist dann noch einen Zacken sch\u00e4rfer. Prahl singt Prahl bei seinem Rottweil-Deb\u00fct am 13. Mai 2017 &#8211; authentisch, bodenst\u00e4ndig, erdig, mit Witz und Lust am Musizieren. Sein ihm zur Seite stehendes Inselorchester ist ein kleines handverlesenes Ensemble von neun &hellip;\" \/>\n<meta property=\"og:url\" content=\"https:\/\/www.jazzzeitung.de\/cms\/2017\/02\/news-30-jazzfest-rottweil-2017-huerther-jazzkeller-im-maerz-junger-jazz-aus-israel-jazzworkshop-mit-wolfgang-lackerschmid\/\" \/>\n<meta property=\"og:site_name\" content=\"JazzZeitung\" \/>\n<meta property=\"article:publisher\" content=\"https:\/\/www.facebook.com\/JazzZeitung\/\" \/>\n<meta property=\"article:published_time\" content=\"2017-02-07T08:24:02+00:00\" \/>\n<meta property=\"og:image\" content=\"http:\/\/www.jazzzeitung.de\/cms\/wp-content\/uploads\/2017\/02\/China_Moses1-150x150.jpg\" \/>\n<meta name=\"author\" content=\"Redaktion JazzZeitung\" \/>\n<script type=\"application\/ld+json\" class=\"yoast-schema-graph\">{\"@context\":\"https:\\\/\\\/schema.org\",\"@graph\":[{\"@type\":\"Article\",\"@id\":\"https:\\\/\\\/www.jazzzeitung.de\\\/cms\\\/2017\\\/02\\\/news-30-jazzfest-rottweil-2017-huerther-jazzkeller-im-maerz-junger-jazz-aus-israel-jazzworkshop-mit-wolfgang-lackerschmid\\\/#article\",\"isPartOf\":{\"@id\":\"https:\\\/\\\/www.jazzzeitung.de\\\/cms\\\/2017\\\/02\\\/news-30-jazzfest-rottweil-2017-huerther-jazzkeller-im-maerz-junger-jazz-aus-israel-jazzworkshop-mit-wolfgang-lackerschmid\\\/\"},\"author\":{\"name\":\"Redaktion JazzZeitung\",\"@id\":\"https:\\\/\\\/www.jazzzeitung.de\\\/cms\\\/#\\\/schema\\\/person\\\/2245b36b9cd1d24cea10f01c031fb92b\"},\"headline\":\"News +++ 30. Jazzfest Rottweil 2017 +++ H\u00fcrther Jazzkeller im M\u00e4rz: junger Jazz aus Israel +++ Jazzworkshop mit Wolfgang Lackerschmid +++\",\"datePublished\":\"2017-02-07T08:24:02+00:00\",\"mainEntityOfPage\":{\"@id\":\"https:\\\/\\\/www.jazzzeitung.de\\\/cms\\\/2017\\\/02\\\/news-30-jazzfest-rottweil-2017-huerther-jazzkeller-im-maerz-junger-jazz-aus-israel-jazzworkshop-mit-wolfgang-lackerschmid\\\/\"},\"wordCount\":1001,\"commentCount\":0,\"publisher\":{\"@id\":\"https:\\\/\\\/www.jazzzeitung.de\\\/cms\\\/#organization\"},\"image\":{\"@id\":\"https:\\\/\\\/www.jazzzeitung.de\\\/cms\\\/2017\\\/02\\\/news-30-jazzfest-rottweil-2017-huerther-jazzkeller-im-maerz-junger-jazz-aus-israel-jazzworkshop-mit-wolfgang-lackerschmid\\\/#primaryimage\"},\"thumbnailUrl\":\"http:\\\/\\\/www.jazzzeitung.de\\\/cms\\\/wp-content\\\/uploads\\\/2017\\\/02\\\/China_Moses1-150x150.jpg\",\"keywords\":[\"Album\",\"ARD\",\"Axel Prahl\",\"Big Band\",\"Blues\",\"CD\",\"China Moses\",\"Dee Dee Bridgewater\",\"Deutschland\",\"Geschichte\",\"H\u00fcrther Jazzkeller\",\"Improvisation\",\"Jazzfest\",\"Jazzfest Rottweil\",\"Jazzgeschichte\",\"Jazzworkshop\",\"Klassik\",\"Klaus Doldinger\",\"Konzert\",\"Kultur\",\"Passport\",\"Piano\",\"Pop\",\"Rock\",\"SWR\",\"Tatort\",\"Tour\",\"trio\",\"TV\",\"Video\",\"Wolfgang Lackerschmid\",\"Workshop\",\"Workshop Probstei St. Gerold\"],\"articleSection\":[\"News\"],\"inLanguage\":\"de\",\"potentialAction\":[{\"@type\":\"CommentAction\",\"name\":\"Comment\",\"target\":[\"https:\\\/\\\/www.jazzzeitung.de\\\/cms\\\/2017\\\/02\\\/news-30-jazzfest-rottweil-2017-huerther-jazzkeller-im-maerz-junger-jazz-aus-israel-jazzworkshop-mit-wolfgang-lackerschmid\\\/#respond\"]}]},{\"@type\":\"WebPage\",\"@id\":\"https:\\\/\\\/www.jazzzeitung.de\\\/cms\\\/2017\\\/02\\\/news-30-jazzfest-rottweil-2017-huerther-jazzkeller-im-maerz-junger-jazz-aus-israel-jazzworkshop-mit-wolfgang-lackerschmid\\\/\",\"url\":\"https:\\\/\\\/www.jazzzeitung.de\\\/cms\\\/2017\\\/02\\\/news-30-jazzfest-rottweil-2017-huerther-jazzkeller-im-maerz-junger-jazz-aus-israel-jazzworkshop-mit-wolfgang-lackerschmid\\\/\",\"name\":\"News +++ 30. Jazzfest Rottweil 2017 +++ H\u00fcrther Jazzkeller im M\u00e4rz: junger Jazz aus Israel +++ Jazzworkshop mit Wolfgang Lackerschmid +++ - JazzZeitung\",\"isPartOf\":{\"@id\":\"https:\\\/\\\/www.jazzzeitung.de\\\/cms\\\/#website\"},\"primaryImageOfPage\":{\"@id\":\"https:\\\/\\\/www.jazzzeitung.de\\\/cms\\\/2017\\\/02\\\/news-30-jazzfest-rottweil-2017-huerther-jazzkeller-im-maerz-junger-jazz-aus-israel-jazzworkshop-mit-wolfgang-lackerschmid\\\/#primaryimage\"},\"image\":{\"@id\":\"https:\\\/\\\/www.jazzzeitung.de\\\/cms\\\/2017\\\/02\\\/news-30-jazzfest-rottweil-2017-huerther-jazzkeller-im-maerz-junger-jazz-aus-israel-jazzworkshop-mit-wolfgang-lackerschmid\\\/#primaryimage\"},\"thumbnailUrl\":\"http:\\\/\\\/www.jazzzeitung.de\\\/cms\\\/wp-content\\\/uploads\\\/2017\\\/02\\\/China_Moses1-150x150.jpg\",\"datePublished\":\"2017-02-07T08:24:02+00:00\",\"breadcrumb\":{\"@id\":\"https:\\\/\\\/www.jazzzeitung.de\\\/cms\\\/2017\\\/02\\\/news-30-jazzfest-rottweil-2017-huerther-jazzkeller-im-maerz-junger-jazz-aus-israel-jazzworkshop-mit-wolfgang-lackerschmid\\\/#breadcrumb\"},\"inLanguage\":\"de\",\"potentialAction\":[{\"@type\":\"ReadAction\",\"target\":[\"https:\\\/\\\/www.jazzzeitung.de\\\/cms\\\/2017\\\/02\\\/news-30-jazzfest-rottweil-2017-huerther-jazzkeller-im-maerz-junger-jazz-aus-israel-jazzworkshop-mit-wolfgang-lackerschmid\\\/\"]}]},{\"@type\":\"ImageObject\",\"inLanguage\":\"de\",\"@id\":\"https:\\\/\\\/www.jazzzeitung.de\\\/cms\\\/2017\\\/02\\\/news-30-jazzfest-rottweil-2017-huerther-jazzkeller-im-maerz-junger-jazz-aus-israel-jazzworkshop-mit-wolfgang-lackerschmid\\\/#primaryimage\",\"url\":\"http:\\\/\\\/www.jazzzeitung.de\\\/cms\\\/wp-content\\\/uploads\\\/2017\\\/02\\\/China_Moses1-150x150.jpg\",\"contentUrl\":\"http:\\\/\\\/www.jazzzeitung.de\\\/cms\\\/wp-content\\\/uploads\\\/2017\\\/02\\\/China_Moses1-150x150.jpg\"},{\"@type\":\"BreadcrumbList\",\"@id\":\"https:\\\/\\\/www.jazzzeitung.de\\\/cms\\\/2017\\\/02\\\/news-30-jazzfest-rottweil-2017-huerther-jazzkeller-im-maerz-junger-jazz-aus-israel-jazzworkshop-mit-wolfgang-lackerschmid\\\/#breadcrumb\",\"itemListElement\":[{\"@type\":\"ListItem\",\"position\":1,\"name\":\"Startseite\",\"item\":\"https:\\\/\\\/www.jazzzeitung.de\\\/cms\\\/\"},{\"@type\":\"ListItem\",\"position\":2,\"name\":\"News +++ 30. Jazzfest Rottweil 2017 +++ H\u00fcrther Jazzkeller im M\u00e4rz: junger Jazz aus Israel +++ Jazzworkshop mit Wolfgang Lackerschmid +++\"}]},{\"@type\":\"WebSite\",\"@id\":\"https:\\\/\\\/www.jazzzeitung.de\\\/cms\\\/#website\",\"url\":\"https:\\\/\\\/www.jazzzeitung.de\\\/cms\\\/\",\"name\":\"JazzZeitung\",\"description\":\"Jazz-News und Jazz-Kontroverses\",\"publisher\":{\"@id\":\"https:\\\/\\\/www.jazzzeitung.de\\\/cms\\\/#organization\"},\"potentialAction\":[{\"@type\":\"SearchAction\",\"target\":{\"@type\":\"EntryPoint\",\"urlTemplate\":\"https:\\\/\\\/www.jazzzeitung.de\\\/cms\\\/?s={search_term_string}\"},\"query-input\":{\"@type\":\"PropertyValueSpecification\",\"valueRequired\":true,\"valueName\":\"search_term_string\"}}],\"inLanguage\":\"de\"},{\"@type\":\"Organization\",\"@id\":\"https:\\\/\\\/www.jazzzeitung.de\\\/cms\\\/#organization\",\"name\":\"JazzZeitung online\",\"url\":\"https:\\\/\\\/www.jazzzeitung.de\\\/cms\\\/\",\"logo\":{\"@type\":\"ImageObject\",\"inLanguage\":\"de\",\"@id\":\"https:\\\/\\\/www.jazzzeitung.de\\\/cms\\\/#\\\/schema\\\/logo\\\/image\\\/\",\"url\":\"https:\\\/\\\/i0.wp.com\\\/www.jazzzeitung.de\\\/cms\\\/wp-content\\\/uploads\\\/2015\\\/08\\\/JAZZZEITUNGDE_Logo_Neu.png?fit=499%2C200&ssl=1\",\"contentUrl\":\"https:\\\/\\\/i0.wp.com\\\/www.jazzzeitung.de\\\/cms\\\/wp-content\\\/uploads\\\/2015\\\/08\\\/JAZZZEITUNGDE_Logo_Neu.png?fit=499%2C200&ssl=1\",\"width\":499,\"height\":200,\"caption\":\"JazzZeitung online\"},\"image\":{\"@id\":\"https:\\\/\\\/www.jazzzeitung.de\\\/cms\\\/#\\\/schema\\\/logo\\\/image\\\/\"},\"sameAs\":[\"https:\\\/\\\/www.facebook.com\\\/JazzZeitung\\\/\"]},{\"@type\":\"Person\",\"@id\":\"https:\\\/\\\/www.jazzzeitung.de\\\/cms\\\/#\\\/schema\\\/person\\\/2245b36b9cd1d24cea10f01c031fb92b\",\"name\":\"Redaktion JazzZeitung\",\"image\":{\"@type\":\"ImageObject\",\"inLanguage\":\"de\",\"@id\":\"https:\\\/\\\/i0.wp.com\\\/www.jazzzeitung.de\\\/cms\\\/wp-content\\\/uploads\\\/2015\\\/08\\\/JAZZZEITUNGDE_Logo_Neu.png?resize=96%2C96&ssl=159975dcacb611b5700bd619b5daf0a7a\",\"url\":\"https:\\\/\\\/i0.wp.com\\\/www.jazzzeitung.de\\\/cms\\\/wp-content\\\/uploads\\\/2015\\\/08\\\/JAZZZEITUNGDE_Logo_Neu.png?resize=96%2C96&ssl=1\",\"contentUrl\":\"https:\\\/\\\/i0.wp.com\\\/www.jazzzeitung.de\\\/cms\\\/wp-content\\\/uploads\\\/2015\\\/08\\\/JAZZZEITUNGDE_Logo_Neu.png?resize=96%2C96&ssl=1\",\"caption\":\"Redaktion JazzZeitung\"},\"description\":\"Artikel der Redaktion der JazzZeitung.\",\"sameAs\":[\"http:\\\/\\\/www.jazzzeitung.de\\\/cms\\\/\"],\"url\":\"https:\\\/\\\/www.jazzzeitung.de\\\/cms\\\/author\\\/redaktion\\\/\"}]}<\/script>\n<!-- \/ Yoast SEO plugin. -->","yoast_head_json":{"title":"News +++ 30. Jazzfest Rottweil 2017 +++ H\u00fcrther Jazzkeller im M\u00e4rz: junger Jazz aus Israel +++ Jazzworkshop mit Wolfgang Lackerschmid +++ - JazzZeitung","robots":{"index":"index","follow":"follow","max-snippet":"max-snippet:-1","max-image-preview":"max-image-preview:large","max-video-preview":"max-video-preview:-1"},"canonical":"https:\/\/www.jazzzeitung.de\/cms\/2017\/02\/news-30-jazzfest-rottweil-2017-huerther-jazzkeller-im-maerz-junger-jazz-aus-israel-jazzworkshop-mit-wolfgang-lackerschmid\/","og_locale":"de_DE","og_type":"article","og_title":"News +++ 30. Jazzfest Rottweil 2017 +++ H\u00fcrther Jazzkeller im M\u00e4rz: junger Jazz aus Israel +++ Jazzworkshop mit Wolfgang Lackerschmid +++ - JazzZeitung","og_description":"+++ 30. Jazzfest Rottweil 2017 +++ Mit Axel Prahl, China Moses und Klaus Doldinger stehen drei weitere Programm-Highlights f\u00fcr das kommende Jazzfest Rottweil fest. Allein schon diese drei gro\u00dfen Namen stehen f\u00fcr die Qualit\u00e4t und Bandbreite des Rottweiler Musikfestivals, das in diesem Jahr zwischen dem 30. April und 20. Mai stattfinden wird. Zusammen mit den bereits feststehenden Acts Manu Katch\u00e9, Larry Carlton &amp; die SWR Big Band, Nina Attal, Electro Deluxe und Die CubaBoarischen sowie der Auftaktveranstaltung Jazz in Town ist das Programm des 30. Jazzfests somit ann\u00e4hernd vollst\u00e4ndig. In K\u00fcrze wird das komplette Programm 2017 pr\u00e4sentiert. Axel Prahl kann Kommissar. Dass wissen alle, die den ARD-Tatort aus M\u00fcnster sch\u00e4tzen. F\u00fcr viele war so sein Deb\u00fctalbum &#8222;Blick aufs Mehr&#8220; (V\u00d6 2011) die \u00dcberraschung, f\u00fcr nicht wenige die neue Lieblings-CD. Jedoch alle, die zumeist in ausverkauften H\u00e4usern Axel Prahl und sein Inselorchester live erleben, stellen fest: das ist dann noch einen Zacken sch\u00e4rfer. Prahl singt Prahl bei seinem Rottweil-Deb\u00fct am 13. Mai 2017 &#8211; authentisch, bodenst\u00e4ndig, erdig, mit Witz und Lust am Musizieren. Sein ihm zur Seite stehendes Inselorchester ist ein kleines handverlesenes Ensemble von neun &hellip;","og_url":"https:\/\/www.jazzzeitung.de\/cms\/2017\/02\/news-30-jazzfest-rottweil-2017-huerther-jazzkeller-im-maerz-junger-jazz-aus-israel-jazzworkshop-mit-wolfgang-lackerschmid\/","og_site_name":"JazzZeitung","article_publisher":"https:\/\/www.facebook.com\/JazzZeitung\/","article_published_time":"2017-02-07T08:24:02+00:00","og_image":[{"url":"http:\/\/www.jazzzeitung.de\/cms\/wp-content\/uploads\/2017\/02\/China_Moses1-150x150.jpg","type":"","width":"","height":""}],"author":"Redaktion JazzZeitung","schema":{"@context":"https:\/\/schema.org","@graph":[{"@type":"Article","@id":"https:\/\/www.jazzzeitung.de\/cms\/2017\/02\/news-30-jazzfest-rottweil-2017-huerther-jazzkeller-im-maerz-junger-jazz-aus-israel-jazzworkshop-mit-wolfgang-lackerschmid\/#article","isPartOf":{"@id":"https:\/\/www.jazzzeitung.de\/cms\/2017\/02\/news-30-jazzfest-rottweil-2017-huerther-jazzkeller-im-maerz-junger-jazz-aus-israel-jazzworkshop-mit-wolfgang-lackerschmid\/"},"author":{"name":"Redaktion JazzZeitung","@id":"https:\/\/www.jazzzeitung.de\/cms\/#\/schema\/person\/2245b36b9cd1d24cea10f01c031fb92b"},"headline":"News +++ 30. Jazzfest Rottweil 2017 +++ H\u00fcrther Jazzkeller im M\u00e4rz: junger Jazz aus Israel +++ Jazzworkshop mit Wolfgang Lackerschmid +++","datePublished":"2017-02-07T08:24:02+00:00","mainEntityOfPage":{"@id":"https:\/\/www.jazzzeitung.de\/cms\/2017\/02\/news-30-jazzfest-rottweil-2017-huerther-jazzkeller-im-maerz-junger-jazz-aus-israel-jazzworkshop-mit-wolfgang-lackerschmid\/"},"wordCount":1001,"commentCount":0,"publisher":{"@id":"https:\/\/www.jazzzeitung.de\/cms\/#organization"},"image":{"@id":"https:\/\/www.jazzzeitung.de\/cms\/2017\/02\/news-30-jazzfest-rottweil-2017-huerther-jazzkeller-im-maerz-junger-jazz-aus-israel-jazzworkshop-mit-wolfgang-lackerschmid\/#primaryimage"},"thumbnailUrl":"http:\/\/www.jazzzeitung.de\/cms\/wp-content\/uploads\/2017\/02\/China_Moses1-150x150.jpg","keywords":["Album","ARD","Axel Prahl","Big Band","Blues","CD","China Moses","Dee Dee Bridgewater","Deutschland","Geschichte","H\u00fcrther Jazzkeller","Improvisation","Jazzfest","Jazzfest Rottweil","Jazzgeschichte","Jazzworkshop","Klassik","Klaus Doldinger","Konzert","Kultur","Passport","Piano","Pop","Rock","SWR","Tatort","Tour","trio","TV","Video","Wolfgang Lackerschmid","Workshop","Workshop Probstei St. Gerold"],"articleSection":["News"],"inLanguage":"de","potentialAction":[{"@type":"CommentAction","name":"Comment","target":["https:\/\/www.jazzzeitung.de\/cms\/2017\/02\/news-30-jazzfest-rottweil-2017-huerther-jazzkeller-im-maerz-junger-jazz-aus-israel-jazzworkshop-mit-wolfgang-lackerschmid\/#respond"]}]},{"@type":"WebPage","@id":"https:\/\/www.jazzzeitung.de\/cms\/2017\/02\/news-30-jazzfest-rottweil-2017-huerther-jazzkeller-im-maerz-junger-jazz-aus-israel-jazzworkshop-mit-wolfgang-lackerschmid\/","url":"https:\/\/www.jazzzeitung.de\/cms\/2017\/02\/news-30-jazzfest-rottweil-2017-huerther-jazzkeller-im-maerz-junger-jazz-aus-israel-jazzworkshop-mit-wolfgang-lackerschmid\/","name":"News +++ 30. Jazzfest Rottweil 2017 +++ H\u00fcrther Jazzkeller im M\u00e4rz: junger Jazz aus Israel +++ Jazzworkshop mit Wolfgang Lackerschmid +++ - JazzZeitung","isPartOf":{"@id":"https:\/\/www.jazzzeitung.de\/cms\/#website"},"primaryImageOfPage":{"@id":"https:\/\/www.jazzzeitung.de\/cms\/2017\/02\/news-30-jazzfest-rottweil-2017-huerther-jazzkeller-im-maerz-junger-jazz-aus-israel-jazzworkshop-mit-wolfgang-lackerschmid\/#primaryimage"},"image":{"@id":"https:\/\/www.jazzzeitung.de\/cms\/2017\/02\/news-30-jazzfest-rottweil-2017-huerther-jazzkeller-im-maerz-junger-jazz-aus-israel-jazzworkshop-mit-wolfgang-lackerschmid\/#primaryimage"},"thumbnailUrl":"http:\/\/www.jazzzeitung.de\/cms\/wp-content\/uploads\/2017\/02\/China_Moses1-150x150.jpg","datePublished":"2017-02-07T08:24:02+00:00","breadcrumb":{"@id":"https:\/\/www.jazzzeitung.de\/cms\/2017\/02\/news-30-jazzfest-rottweil-2017-huerther-jazzkeller-im-maerz-junger-jazz-aus-israel-jazzworkshop-mit-wolfgang-lackerschmid\/#breadcrumb"},"inLanguage":"de","potentialAction":[{"@type":"ReadAction","target":["https:\/\/www.jazzzeitung.de\/cms\/2017\/02\/news-30-jazzfest-rottweil-2017-huerther-jazzkeller-im-maerz-junger-jazz-aus-israel-jazzworkshop-mit-wolfgang-lackerschmid\/"]}]},{"@type":"ImageObject","inLanguage":"de","@id":"https:\/\/www.jazzzeitung.de\/cms\/2017\/02\/news-30-jazzfest-rottweil-2017-huerther-jazzkeller-im-maerz-junger-jazz-aus-israel-jazzworkshop-mit-wolfgang-lackerschmid\/#primaryimage","url":"http:\/\/www.jazzzeitung.de\/cms\/wp-content\/uploads\/2017\/02\/China_Moses1-150x150.jpg","contentUrl":"http:\/\/www.jazzzeitung.de\/cms\/wp-content\/uploads\/2017\/02\/China_Moses1-150x150.jpg"},{"@type":"BreadcrumbList","@id":"https:\/\/www.jazzzeitung.de\/cms\/2017\/02\/news-30-jazzfest-rottweil-2017-huerther-jazzkeller-im-maerz-junger-jazz-aus-israel-jazzworkshop-mit-wolfgang-lackerschmid\/#breadcrumb","itemListElement":[{"@type":"ListItem","position":1,"name":"Startseite","item":"https:\/\/www.jazzzeitung.de\/cms\/"},{"@type":"ListItem","position":2,"name":"News +++ 30. Jazzfest Rottweil 2017 +++ H\u00fcrther Jazzkeller im M\u00e4rz: junger Jazz aus Israel +++ Jazzworkshop mit Wolfgang Lackerschmid +++"}]},{"@type":"WebSite","@id":"https:\/\/www.jazzzeitung.de\/cms\/#website","url":"https:\/\/www.jazzzeitung.de\/cms\/","name":"JazzZeitung","description":"Jazz-News und Jazz-Kontroverses","publisher":{"@id":"https:\/\/www.jazzzeitung.de\/cms\/#organization"},"potentialAction":[{"@type":"SearchAction","target":{"@type":"EntryPoint","urlTemplate":"https:\/\/www.jazzzeitung.de\/cms\/?s={search_term_string}"},"query-input":{"@type":"PropertyValueSpecification","valueRequired":true,"valueName":"search_term_string"}}],"inLanguage":"de"},{"@type":"Organization","@id":"https:\/\/www.jazzzeitung.de\/cms\/#organization","name":"JazzZeitung online","url":"https:\/\/www.jazzzeitung.de\/cms\/","logo":{"@type":"ImageObject","inLanguage":"de","@id":"https:\/\/www.jazzzeitung.de\/cms\/#\/schema\/logo\/image\/","url":"https:\/\/i0.wp.com\/www.jazzzeitung.de\/cms\/wp-content\/uploads\/2015\/08\/JAZZZEITUNGDE_Logo_Neu.png?fit=499%2C200&ssl=1","contentUrl":"https:\/\/i0.wp.com\/www.jazzzeitung.de\/cms\/wp-content\/uploads\/2015\/08\/JAZZZEITUNGDE_Logo_Neu.png?fit=499%2C200&ssl=1","width":499,"height":200,"caption":"JazzZeitung online"},"image":{"@id":"https:\/\/www.jazzzeitung.de\/cms\/#\/schema\/logo\/image\/"},"sameAs":["https:\/\/www.facebook.com\/JazzZeitung\/"]},{"@type":"Person","@id":"https:\/\/www.jazzzeitung.de\/cms\/#\/schema\/person\/2245b36b9cd1d24cea10f01c031fb92b","name":"Redaktion JazzZeitung","image":{"@type":"ImageObject","inLanguage":"de","@id":"https:\/\/i0.wp.com\/www.jazzzeitung.de\/cms\/wp-content\/uploads\/2015\/08\/JAZZZEITUNGDE_Logo_Neu.png?resize=96%2C96&ssl=159975dcacb611b5700bd619b5daf0a7a","url":"https:\/\/i0.wp.com\/www.jazzzeitung.de\/cms\/wp-content\/uploads\/2015\/08\/JAZZZEITUNGDE_Logo_Neu.png?resize=96%2C96&ssl=1","contentUrl":"https:\/\/i0.wp.com\/www.jazzzeitung.de\/cms\/wp-content\/uploads\/2015\/08\/JAZZZEITUNGDE_Logo_Neu.png?resize=96%2C96&ssl=1","caption":"Redaktion JazzZeitung"},"description":"Artikel der Redaktion der JazzZeitung.","sameAs":["http:\/\/www.jazzzeitung.de\/cms\/"],"url":"https:\/\/www.jazzzeitung.de\/cms\/author\/redaktion\/"}]}},"wp-worthy-pixel":{"ignored":false,"public":null,"server":null,"url":null},"wp-worthy-type":"normal","jetpack_publicize_connections":[],"cc_featured_image_caption":{"caption_text":false,"source_text":false,"source_url":false},"jetpack_featured_media_url":"","jetpack_shortlink":"https:\/\/wp.me\/p3KEcT-31v","jetpack-related-posts":[{"id":29201,"url":"https:\/\/www.jazzzeitung.de\/cms\/2023\/03\/news-jazzfest-rottweil-neue-leitung-beim-jazzfestival-alto-adige-jona-in-abensberg\/","url_meta":{"origin":11625,"position":0},"title":"News: Jazzfest Rottweil +++ Neue Leitung beim Jazzfestival Alto Adige +++ JONA in Abensberg","author":"Redaktion JazzZeitung","date":"8. M\u00e4rz 2023","format":false,"excerpt":"+++ Internationale Musik beim 35. Jazzfest Rottweil +++ Der Mai steht in Rottweil wieder im Zeichen des Jazz. Auch bei der 35. Ausgabe des Festivals strebt das Festival nach einem hochkar\u00e4tigen Programm mit hoher Bandbreite aus. Den Auftakt bildet der 30. April mit mannigfaltiger Livemusik ab 16.00 Uhr in der\u2026","rel":"","context":"In &quot;News&quot;","block_context":{"text":"News","link":"https:\/\/www.jazzzeitung.de\/cms\/thema\/nachrichten\/"},"img":{"alt_text":"","src":"https:\/\/i0.wp.com\/www.jazzzeitung.de\/cms\/wp-content\/uploads\/2023\/03\/2017Klaus-Doldinger31.jpg?fit=1024%2C682&ssl=1&resize=350%2C200","width":350,"height":200,"srcset":"https:\/\/i0.wp.com\/www.jazzzeitung.de\/cms\/wp-content\/uploads\/2023\/03\/2017Klaus-Doldinger31.jpg?fit=1024%2C682&ssl=1&resize=350%2C200 1x, https:\/\/i0.wp.com\/www.jazzzeitung.de\/cms\/wp-content\/uploads\/2023\/03\/2017Klaus-Doldinger31.jpg?fit=1024%2C682&ssl=1&resize=525%2C300 1.5x, https:\/\/i0.wp.com\/www.jazzzeitung.de\/cms\/wp-content\/uploads\/2023\/03\/2017Klaus-Doldinger31.jpg?fit=1024%2C682&ssl=1&resize=700%2C400 2x"},"classes":[]},{"id":8606,"url":"https:\/\/www.jazzzeitung.de\/cms\/2016\/03\/programm-das-29-jazzfest-rottweil-2016-steht-fest\/","url_meta":{"origin":11625,"position":1},"title":"+++ News +++ Volker Engelberth erh\u00e4lt den Landesjazzpreis 2016 +++ Programm das 29. Jazzfest Rottweil 2016 steht fest +++ Finanzen und Musik beim moers festival 2016 +++","author":"Redaktion JazzZeitung","date":"5. M\u00e4rz 2016","format":false,"excerpt":"Volker Engelberth erh\u00e4lt den Landesjazzpreis 2016 Der Pianist Volker Engelberth aus Mannheim wird mit dem Landesjazzpreis Baden-W\u00fcrttemberg 2016 geehrt. \u201eEr besticht als Komponist und als Improvisator\u201c, teilte Kunststaatssekret\u00e4r J\u00fcrgen Walter (Gr\u00fcne) am Donnerstag mit. \u201eSeine Musik hat eine unglaubliche Tiefe und ist von einer Intensit\u00e4t, wie man sie selten bei\u2026","rel":"","context":"In &quot;News&quot;","block_context":{"text":"News","link":"https:\/\/www.jazzzeitung.de\/cms\/thema\/nachrichten\/"},"img":{"alt_text":"Volker Engelberth. Foto: Sven G\u00f6tz","src":"https:\/\/i0.wp.com\/www.jazzzeitung.de\/cms\/wp-content\/uploads\/2016\/03\/volker-engelberth-quintett-jigsaw-puzzles-foto-by-sven-go-tz--150x150.jpg?resize=350%2C200","width":350,"height":200},"classes":[]},{"id":26858,"url":"https:\/\/www.jazzzeitung.de\/cms\/2022\/03\/jazzstudie-2022-online-befragung-von-jazzmusikerinnen-ab-10-03-jazzfest-rottweil-neue-programmhighlights\/","url_meta":{"origin":11625,"position":2},"title":"+++ Jazzstudie 2022: Online-Befragung von Jazzmusiker*innen ab 10.03. +++ Jazzfest Rottweil: Neue Programmhighlights +++","author":"Redaktion JazzZeitung","date":"17. M\u00e4rz 2022","format":false,"excerpt":"Online-Befragung zur Jazzstudie 2022 der Deutschen Jazzunion Die Deutsche Jazzunionstellt die Lebens- und Arbeitssituation von Jazzmusikerinnen erneut auf den Pr\u00fcfstand. Dazu ist am 10.03.2022 die gro\u00dfangelegte Online-Befragung gestartet. SIe richtet sich an alle professionellen Jazzmusikerinnen und -p\u00e4dagog*innen, die schwerpunktm\u00e4\u00dfig in Deutschland t\u00e4tig sind. Es sollen Ver\u00e4nderungen der sozio\u00f6konimischen Lage seit\u2026","rel":"","context":"In &quot;News&quot;","block_context":{"text":"News","link":"https:\/\/www.jazzzeitung.de\/cms\/thema\/nachrichten\/"},"img":{"alt_text":"","src":"https:\/\/i0.wp.com\/www.jazzzeitung.de\/cms\/wp-content\/uploads\/2019\/10\/P1526924-Exotica-K%C3%A4nzig-shadow-Foto-TJ-Krebs.jpg?fit=800%2C1200&ssl=1&resize=350%2C200","width":350,"height":200,"srcset":"https:\/\/i0.wp.com\/www.jazzzeitung.de\/cms\/wp-content\/uploads\/2019\/10\/P1526924-Exotica-K%C3%A4nzig-shadow-Foto-TJ-Krebs.jpg?fit=800%2C1200&ssl=1&resize=350%2C200 1x, https:\/\/i0.wp.com\/www.jazzzeitung.de\/cms\/wp-content\/uploads\/2019\/10\/P1526924-Exotica-K%C3%A4nzig-shadow-Foto-TJ-Krebs.jpg?fit=800%2C1200&ssl=1&resize=525%2C300 1.5x, https:\/\/i0.wp.com\/www.jazzzeitung.de\/cms\/wp-content\/uploads\/2019\/10\/P1526924-Exotica-K%C3%A4nzig-shadow-Foto-TJ-Krebs.jpg?fit=800%2C1200&ssl=1&resize=700%2C400 2x"},"classes":[]},{"id":5027,"url":"https:\/\/www.jazzzeitung.de\/cms\/2014\/12\/breaking-news-early-bird-ticket-moers-jazzfest-bonn-2015-programm-jetzt-online-toscana-intensiv-workshop-jazzfest-rottweil-landeswettbewerb-jugend-jazzt-bayern-die-ergebnisse\/","url_meta":{"origin":11625,"position":3},"title":"Breaking News +++ Early-Bird-Ticket Moers +++ Jazzfest Bonn 2015: Programm jetzt online +++ Toscana Intensiv-Workshop +++ Jazzfest Rottweil +++ Landeswettbewerb Jugend jazzt Bayern: die Ergebnisse","author":"Redaktion JazzZeitung","date":"1. Dezember 2014","format":false,"excerpt":"Seit heute Nacht 00.00 Uhr ist das Early-Bird-Ticket f\u00fcr das moers festival 2015 erh\u00e4ltlich. Es gilt f\u00fcr alle vier Tage des Festivals (Pfingsten, 22. bis 25. Mai 2015) und kostet 98,- Euro inkl. Geb\u00fchren (sp\u00e4ter im Vorverkauf 108,- Euro zzgl. Geb\u00fchren und dann an der Tageskasse 120,- Euro). Das erm\u00e4\u00dfigte\u2026","rel":"","context":"In &quot;News&quot;","block_context":{"text":"News","link":"https:\/\/www.jazzzeitung.de\/cms\/thema\/nachrichten\/"},"img":{"alt_text":"GregoryPorterFotoM_byShawnPeters","src":"https:\/\/i0.wp.com\/www.jazzzeitung.de\/cms\/wp-content\/uploads\/2014\/12\/GregoryPorterFotoM_byShawnPeters-150x150.jpg?resize=350%2C200","width":350,"height":200},"classes":[]},{"id":3197,"url":"https:\/\/www.jazzzeitung.de\/cms\/2013\/12\/das-jazzfest-rottweil-startet-vorverkauf-fuer-2014\/","url_meta":{"origin":11625,"position":4},"title":"Das Jazzfest Rottweil startet Vorverkauf f\u00fcr 2014","author":"Redaktion JazzZeitung","date":"30. Dezember 2013","format":false,"excerpt":"Seit l\u00e4ngerem schon laufen die Planungen f\u00fcr das 27. Jazzfest Rottweil, das vom 30. April (Jazz in Town) bis zum 17. Mai 2014 stattfinden wird. Seit Donnerstag, 19. Dezember, gehen die Organisatoren mit den ersten zwei Veranstaltungen in den Vorverkauf:\u00a0 F\u00fcr den 2. Mai ist es gelungen, mit \"La Nuit\u2026","rel":"","context":"In &quot;News&quot;","block_context":{"text":"News","link":"https:\/\/www.jazzzeitung.de\/cms\/thema\/nachrichten\/"},"img":{"alt_text":"LNDLC2013_4klein","src":"https:\/\/i0.wp.com\/www.jazzzeitung.de\/cms\/wp-content\/uploads\/2013\/12\/LNDLC2013_4klein-150x150.jpg?resize=350%2C200","width":350,"height":200},"classes":[]},{"id":18436,"url":"https:\/\/www.jazzzeitung.de\/cms\/2019\/01\/news-saalfelden-leogang-feierte-3-tage-jazz-jazzfest-in-rottweil-programm-nahezu-komplett-das-suedtirol-jazzfestival-2019-bespielt-neue-locations\/","url_meta":{"origin":11625,"position":5},"title":"+++ News: +++ Saalfelden Leogang feierte \u201e3 Tage Jazz&#8220; +++ Jazzfest in Rottweil &#8211; Programm nahezu komplett! +++ Das S\u00fcdtirol Jazzfestival 2019 bespielt neue Locations +++","author":"Redaktion JazzZeitung","date":"28. Januar 2019","format":false,"excerpt":"Die ersten \"Drei Tage Jazz\" in der Saalfelden Leogang 2019 Vom 18.-20. Januar 2019 ging das vierte \u201e3 Tage Jazz\" Festival in der Region Saalfelden Leogang\u00a0 inmitten des Salzburger Innergebirgs \u00fcber die B\u00fchne. Das Appetith\u00e4ppchen aufs gro\u00dfe Saalfeldener Sommerfestival ist aber auch schonaus den Kinderschuhen raus und wurde zum neuen\u2026","rel":"","context":"In &quot;News&quot;","block_context":{"text":"News","link":"https:\/\/www.jazzzeitung.de\/cms\/thema\/nachrichten\/"},"img":{"alt_text":"","src":"https:\/\/i0.wp.com\/www.jazzzeitung.de\/cms\/wp-content\/uploads\/2019\/01\/Veranstalter-JazzfestivalcJohannesRadlwimmer.jpg?fit=1200%2C800&ssl=1&resize=350%2C200","width":350,"height":200,"srcset":"https:\/\/i0.wp.com\/www.jazzzeitung.de\/cms\/wp-content\/uploads\/2019\/01\/Veranstalter-JazzfestivalcJohannesRadlwimmer.jpg?fit=1200%2C800&ssl=1&resize=350%2C200 1x, https:\/\/i0.wp.com\/www.jazzzeitung.de\/cms\/wp-content\/uploads\/2019\/01\/Veranstalter-JazzfestivalcJohannesRadlwimmer.jpg?fit=1200%2C800&ssl=1&resize=525%2C300 1.5x, https:\/\/i0.wp.com\/www.jazzzeitung.de\/cms\/wp-content\/uploads\/2019\/01\/Veranstalter-JazzfestivalcJohannesRadlwimmer.jpg?fit=1200%2C800&ssl=1&resize=700%2C400 2x, https:\/\/i0.wp.com\/www.jazzzeitung.de\/cms\/wp-content\/uploads\/2019\/01\/Veranstalter-JazzfestivalcJohannesRadlwimmer.jpg?fit=1200%2C800&ssl=1&resize=1050%2C600 3x"},"classes":[]}],"jetpack_sharing_enabled":true,"_links":{"self":[{"href":"https:\/\/www.jazzzeitung.de\/cms\/wp-json\/wp\/v2\/posts\/11625","targetHints":{"allow":["GET"]}}],"collection":[{"href":"https:\/\/www.jazzzeitung.de\/cms\/wp-json\/wp\/v2\/posts"}],"about":[{"href":"https:\/\/www.jazzzeitung.de\/cms\/wp-json\/wp\/v2\/types\/post"}],"author":[{"embeddable":true,"href":"https:\/\/www.jazzzeitung.de\/cms\/wp-json\/wp\/v2\/users\/18"}],"replies":[{"embeddable":true,"href":"https:\/\/www.jazzzeitung.de\/cms\/wp-json\/wp\/v2\/comments?post=11625"}],"version-history":[{"count":1,"href":"https:\/\/www.jazzzeitung.de\/cms\/wp-json\/wp\/v2\/posts\/11625\/revisions"}],"predecessor-version":[{"id":11627,"href":"https:\/\/www.jazzzeitung.de\/cms\/wp-json\/wp\/v2\/posts\/11625\/revisions\/11627"}],"wp:attachment":[{"href":"https:\/\/www.jazzzeitung.de\/cms\/wp-json\/wp\/v2\/media?parent=11625"}],"wp:term":[{"taxonomy":"category","embeddable":true,"href":"https:\/\/www.jazzzeitung.de\/cms\/wp-json\/wp\/v2\/categories?post=11625"},{"taxonomy":"post_tag","embeddable":true,"href":"https:\/\/www.jazzzeitung.de\/cms\/wp-json\/wp\/v2\/tags?post=11625"},{"taxonomy":"author","embeddable":true,"href":"https:\/\/www.jazzzeitung.de\/cms\/wp-json\/wp\/v2\/coauthors?post=11625"}],"curies":[{"name":"wp","href":"https:\/\/api.w.org\/{rel}","templated":true}]}}