{"id":11592,"date":"2017-01-26T09:15:45","date_gmt":"2017-01-26T08:15:45","guid":{"rendered":"http:\/\/www.jazzzeitung.de\/cms\/?p=11592"},"modified":"2017-01-26T09:15:45","modified_gmt":"2017-01-26T08:15:45","slug":"rezension-chris-gall-bernhard-schimpelsberger-studio-konzert","status":"publish","type":"post","link":"https:\/\/www.jazzzeitung.de\/cms\/2017\/01\/rezension-chris-gall-bernhard-schimpelsberger-studio-konzert\/","title":{"rendered":"Rezension: Chris Gall &#038; Bernhard Schimpelsberger: Studio Konzert"},"content":{"rendered":"<p><strong><a href=\"https:\/\/i0.wp.com\/www.jazzzeitung.de\/cms\/wp-content\/uploads\/2017\/01\/Cover-STUDIO-KONZERT-NLP4157-1.jpg\"><img data-recalc-dims=\"1\" loading=\"lazy\" decoding=\"async\" data-attachment-id=\"11594\" data-permalink=\"https:\/\/www.jazzzeitung.de\/cms\/2017\/01\/rezension-chris-gall-bernhard-schimpelsberger-studio-konzert\/nlp4157_chrisgall_schlauchalbum_druck-2\/\" data-orig-file=\"https:\/\/i0.wp.com\/www.jazzzeitung.de\/cms\/wp-content\/uploads\/2017\/01\/Cover-STUDIO-KONZERT-NLP4157-1.jpg?fit=827%2C819&amp;ssl=1\" data-orig-size=\"827,819\" data-comments-opened=\"1\" data-image-meta=\"{&quot;aperture&quot;:&quot;0&quot;,&quot;credit&quot;:&quot;&quot;,&quot;camera&quot;:&quot;&quot;,&quot;caption&quot;:&quot;&quot;,&quot;created_timestamp&quot;:&quot;0&quot;,&quot;copyright&quot;:&quot;&quot;,&quot;focal_length&quot;:&quot;0&quot;,&quot;iso&quot;:&quot;0&quot;,&quot;shutter_speed&quot;:&quot;0&quot;,&quot;title&quot;:&quot;NLP4157_ChrisGall_Schlauchalbum_Druck&quot;,&quot;orientation&quot;:&quot;1&quot;}\" data-image-title=\"NLP4157_ChrisGall_Schlauchalbum_Druck\" data-image-description=\"\" data-image-caption=\"\" data-large-file=\"https:\/\/i0.wp.com\/www.jazzzeitung.de\/cms\/wp-content\/uploads\/2017\/01\/Cover-STUDIO-KONZERT-NLP4157-1.jpg?fit=606%2C600&amp;ssl=1\" class=\"alignright size-thumbnail wp-image-11594\" src=\"https:\/\/i0.wp.com\/www.jazzzeitung.de\/cms\/wp-content\/uploads\/2017\/01\/Cover-STUDIO-KONZERT-NLP4157-1-150x150.jpg?resize=150%2C150\" alt=\"\" width=\"150\" height=\"150\" srcset=\"https:\/\/i0.wp.com\/www.jazzzeitung.de\/cms\/wp-content\/uploads\/2017\/01\/Cover-STUDIO-KONZERT-NLP4157-1.jpg?resize=150%2C150&amp;ssl=1 150w, https:\/\/i0.wp.com\/www.jazzzeitung.de\/cms\/wp-content\/uploads\/2017\/01\/Cover-STUDIO-KONZERT-NLP4157-1.jpg?resize=300%2C297&amp;ssl=1 300w, https:\/\/i0.wp.com\/www.jazzzeitung.de\/cms\/wp-content\/uploads\/2017\/01\/Cover-STUDIO-KONZERT-NLP4157-1.jpg?resize=768%2C761&amp;ssl=1 768w, https:\/\/i0.wp.com\/www.jazzzeitung.de\/cms\/wp-content\/uploads\/2017\/01\/Cover-STUDIO-KONZERT-NLP4157-1.jpg?resize=606%2C600&amp;ssl=1 606w, https:\/\/i0.wp.com\/www.jazzzeitung.de\/cms\/wp-content\/uploads\/2017\/01\/Cover-STUDIO-KONZERT-NLP4157-1.jpg?resize=144%2C144&amp;ssl=1 144w, https:\/\/i0.wp.com\/www.jazzzeitung.de\/cms\/wp-content\/uploads\/2017\/01\/Cover-STUDIO-KONZERT-NLP4157-1.jpg?resize=96%2C96&amp;ssl=1 96w, https:\/\/i0.wp.com\/www.jazzzeitung.de\/cms\/wp-content\/uploads\/2017\/01\/Cover-STUDIO-KONZERT-NLP4157-1.jpg?resize=24%2C24&amp;ssl=1 24w, https:\/\/i0.wp.com\/www.jazzzeitung.de\/cms\/wp-content\/uploads\/2017\/01\/Cover-STUDIO-KONZERT-NLP4157-1.jpg?resize=36%2C36&amp;ssl=1 36w, https:\/\/i0.wp.com\/www.jazzzeitung.de\/cms\/wp-content\/uploads\/2017\/01\/Cover-STUDIO-KONZERT-NLP4157-1.jpg?resize=48%2C48&amp;ssl=1 48w, https:\/\/i0.wp.com\/www.jazzzeitung.de\/cms\/wp-content\/uploads\/2017\/01\/Cover-STUDIO-KONZERT-NLP4157-1.jpg?resize=64%2C64&amp;ssl=1 64w, https:\/\/i0.wp.com\/www.jazzzeitung.de\/cms\/wp-content\/uploads\/2017\/01\/Cover-STUDIO-KONZERT-NLP4157-1.jpg?resize=32%2C32&amp;ssl=1 32w, https:\/\/i0.wp.com\/www.jazzzeitung.de\/cms\/wp-content\/uploads\/2017\/01\/Cover-STUDIO-KONZERT-NLP4157-1.jpg?resize=50%2C50&amp;ssl=1 50w, https:\/\/i0.wp.com\/www.jazzzeitung.de\/cms\/wp-content\/uploads\/2017\/01\/Cover-STUDIO-KONZERT-NLP4157-1.jpg?resize=128%2C128&amp;ssl=1 128w, https:\/\/i0.wp.com\/www.jazzzeitung.de\/cms\/wp-content\/uploads\/2017\/01\/Cover-STUDIO-KONZERT-NLP4157-1.jpg?w=827&amp;ssl=1 827w\" sizes=\"auto, (max-width: 150px) 100vw, 150px\" \/><\/a>STUDIO KONZERT &#8211; das ist eine vollanaloge, audiophile Direct-to-2-track Konzertreihe, die seit 2013 in den Ludwigsburger Bauer Studios produziert wird und ausschlie\u00dflich als 180g Vinyl, handnummeriert, als Limited Edition in den Handel gelangt. Das 21. STUDIO KONZERT bestritten der Pianist Chris Gall und Bernhard Schimpelsberger am Schlagzeug und verschiedensten Perkussionsinstrumenten. Die Klangkombination Klavier\/Schlagzeug hat eine lange Tradition, beginnend mit Shelly Manne\u2019s legend\u00e4rem, in den f\u00fcnfziger Jahren aufgenommem, Album\u00a0 \u201eThe Three &amp; The Two\u201c (im Duo mit Russ Freemann), und sie hat, melodie- wie perkussionstechnisch gesehen einen eigenen, ganz besonderen musikalischen Reiz.<\/strong><\/p>\n<p>Vor einer Dekade spielten Gall und Schimpelsberger bereits gemeinsam in der Formation \u201eTaalism\u201c. Anl\u00e4sslich des STUDIO KONZERTS trafen die Musiker wieder aufeinander. Man merkt der Aufnahme an, dass in der Zwischenzeit \u00a0bei Beiden viel passiert ist. W\u00e4hrend Schimpelsberger zwischenzeitlich intensiv in die Welt indischer Rhythmik eintauchte und vor Ort mit Meistern wie Anoushka Shankar oder Akram Khan Erfahrungen sammelte, musizierte Gall vorwiegend mit seinem Klaviertrio, experimentierte als Solist in verschiedenen Genres, sowie als Gastmusiker bei der Formation \u201eQuadro Nuevo\u201c. Beide waren also gut besch\u00e4ftigt, aufgeschlossen f\u00fcr Herausforderungen und musikalisch wie klangtechnisch in neuen Sph\u00e4ren beheimatet, als sie letztes Jahr wieder aufeinandertrafen. So flexibel wie beide seit Beginn ihrer Musikerkarriere agieren, wechseln sie auch im vorliegenden STUDIO KONZERT spontan ihre Rollen. So \u00fcbernimmt Schimpelsberger, mit speziell angefertigten Perkussionsinstrumenten wie dem Garrapata, mal die Melodiefunktion, w\u00e4hrend Gall seinem Klavier groovende, perkussive Rhythmen entlockt und umgekehrt. Das Ganze funktioniert hervorragend und so verschmelzen Jazz, Minimal- und Weltmusik miteinander. Hier kommunizieren zwei alte Freunde in spannenden Dialogen und pr\u00e4sentieren mit ihrer Vision von \u201eEast meets West\u201c eine gelungene, musikalische Symbiose beider Welten. Unn\u00f6tig weiter auszuf\u00fchren, dass bei der Aufnahme des STUDIO KONZERTS echte K\u00f6nner mit viel Fingerspitzengef\u00fchl f\u00fcr Auswahl und Platzierung der Mikrophone am Werk waren und so die Musik, Stimmung und Vibes hautnah eingefangen haben.<\/p>\n<p>Ein rundherum gelungenes Studiokonzert, das Gall und Schimpelsberger da abliefern. Wie \u00fcblich bei dieser Reihe ist die Aufnahme ausschlie\u00dflich auf Vinyl erh\u00e4ltlich und nicht als CD oder\/mit Download(code).<\/p>\n<p><strong>Chris Gall &amp; Bernhard Schimpelsberger: Studio Konzert<\/strong><\/p>\n<p><strong>NLP4157<\/strong><\/p>\n<p>&nbsp;<\/p>\n<p>F\u00fcr alle Begeisterten und Interssierten zum Schluss noch ein Teaser zum Anh\u00f6ren und Anschauen vom gemeinsamen 2016er Auftritt im M\u00fcnchner Einstein Kultur Zentrum:<\/p>\n<p><a href=\"https:\/\/www.youtube.com\/watch?v=OyO0DvnZvE4\">https:\/\/www.youtube.com\/watch?v=OyO0DvnZvE4<\/a><\/p>\n<p>&nbsp;<\/p>\n<p>Thomas J. Krebs<\/p>\n","protected":false},"excerpt":{"rendered":"<p>STUDIO KONZERT &#8211; das ist eine vollanaloge, audiophile Direct-to-2-track Konzertreihe, die seit 2013 in den Ludwigsburger Bauer Studios produziert wird und ausschlie\u00dflich als 180g Vinyl, handnummeriert, als Limited Edition in den Handel gelangt. Das 21. STUDIO KONZERT bestritten der Pianist Chris Gall und Bernhard Schimpelsberger am Schlagzeug und verschiedensten Perkussionsinstrumenten. Die Klangkombination Klavier\/Schlagzeug hat eine lange Tradition, beginnend mit Shelly Manne\u2019s legend\u00e4rem, in den f\u00fcnfziger Jahren aufgenommem, Album\u00a0 \u201eThe Three &amp; The Two\u201c (im Duo mit Russ Freemann), und sie hat, melodie- wie perkussionstechnisch gesehen einen eigenen, ganz besonderen musikalischen Reiz. Vor einer Dekade spielten Gall und Schimpelsberger bereits gemeinsam in der Formation \u201eTaalism\u201c. Anl\u00e4sslich des STUDIO KONZERTS trafen die Musiker wieder aufeinander. Man merkt der Aufnahme an, dass in der Zwischenzeit \u00a0bei Beiden viel passiert ist. W\u00e4hrend Schimpelsberger zwischenzeitlich intensiv in die Welt indischer Rhythmik eintauchte und vor Ort mit Meistern wie Anoushka Shankar oder Akram Khan Erfahrungen sammelte, musizierte Gall vorwiegend mit seinem Klaviertrio, experimentierte als Solist in verschiedenen Genres, sowie als Gastmusiker bei der Formation \u201eQuadro Nuevo\u201c. Beide waren also gut besch\u00e4ftigt, aufgeschlossen f\u00fcr Herausforderungen und musikalisch wie klangtechnisch in neuen Sph\u00e4ren &hellip;<\/p>\n","protected":false},"author":18,"featured_media":0,"comment_status":"open","ping_status":"closed","sticky":false,"template":"","format":"standard","meta":{"_jetpack_memberships_contains_paid_content":false,"footnotes":"","jetpack_publicize_message":"","jetpack_publicize_feature_enabled":true,"jetpack_social_post_already_shared":false,"jetpack_social_options":{"image_generator_settings":{"template":"highway","default_image_id":0,"font":"","enabled":false},"version":2}},"categories":[1152],"tags":[34,1462,109,1461,1174,1406,322,1418,327,1460,451,1186,1463,1260,1015,608],"coauthors":[695],"class_list":["post-11592","post","type-post","status-publish","format-standard","hentry","category-rezension","tag-album","tag-bernhard-schimpelsberger","tag-cd","tag-chris-gall","tag-download","tag-duo","tag-konzert-2","tag-krebs","tag-kultur","tag-nlp4157","tag-quadro-nuevo","tag-rezension","tag-studio-konzert","tag-thomas-j-krebs","tag-vinyl","tag-youtube"],"yoast_head":"<!-- This site is optimized with the Yoast SEO plugin v27.5 - https:\/\/yoast.com\/product\/yoast-seo-wordpress\/ -->\n<title>Rezension: Chris Gall &amp; Bernhard Schimpelsberger: Studio Konzert - JazzZeitung<\/title>\n<meta name=\"robots\" content=\"index, follow, max-snippet:-1, max-image-preview:large, max-video-preview:-1\" \/>\n<link rel=\"canonical\" href=\"https:\/\/www.jazzzeitung.de\/cms\/2017\/01\/rezension-chris-gall-bernhard-schimpelsberger-studio-konzert\/\" \/>\n<meta property=\"og:locale\" content=\"de_DE\" \/>\n<meta property=\"og:type\" content=\"article\" \/>\n<meta property=\"og:title\" content=\"Rezension: Chris Gall &amp; Bernhard Schimpelsberger: Studio Konzert - JazzZeitung\" \/>\n<meta property=\"og:description\" content=\"STUDIO KONZERT &#8211; das ist eine vollanaloge, audiophile Direct-to-2-track Konzertreihe, die seit 2013 in den Ludwigsburger Bauer Studios produziert wird und ausschlie\u00dflich als 180g Vinyl, handnummeriert, als Limited Edition in den Handel gelangt. Das 21. STUDIO KONZERT bestritten der Pianist Chris Gall und Bernhard Schimpelsberger am Schlagzeug und verschiedensten Perkussionsinstrumenten. Die Klangkombination Klavier\/Schlagzeug hat eine lange Tradition, beginnend mit Shelly Manne\u2019s legend\u00e4rem, in den f\u00fcnfziger Jahren aufgenommem, Album\u00a0 \u201eThe Three &amp; The Two\u201c (im Duo mit Russ Freemann), und sie hat, melodie- wie perkussionstechnisch gesehen einen eigenen, ganz besonderen musikalischen Reiz. Vor einer Dekade spielten Gall und Schimpelsberger bereits gemeinsam in der Formation \u201eTaalism\u201c. Anl\u00e4sslich des STUDIO KONZERTS trafen die Musiker wieder aufeinander. Man merkt der Aufnahme an, dass in der Zwischenzeit \u00a0bei Beiden viel passiert ist. W\u00e4hrend Schimpelsberger zwischenzeitlich intensiv in die Welt indischer Rhythmik eintauchte und vor Ort mit Meistern wie Anoushka Shankar oder Akram Khan Erfahrungen sammelte, musizierte Gall vorwiegend mit seinem Klaviertrio, experimentierte als Solist in verschiedenen Genres, sowie als Gastmusiker bei der Formation \u201eQuadro Nuevo\u201c. Beide waren also gut besch\u00e4ftigt, aufgeschlossen f\u00fcr Herausforderungen und musikalisch wie klangtechnisch in neuen Sph\u00e4ren &hellip;\" \/>\n<meta property=\"og:url\" content=\"https:\/\/www.jazzzeitung.de\/cms\/2017\/01\/rezension-chris-gall-bernhard-schimpelsberger-studio-konzert\/\" \/>\n<meta property=\"og:site_name\" content=\"JazzZeitung\" \/>\n<meta property=\"article:publisher\" content=\"https:\/\/www.facebook.com\/JazzZeitung\/\" \/>\n<meta property=\"article:published_time\" content=\"2017-01-26T08:15:45+00:00\" \/>\n<meta property=\"og:image\" content=\"http:\/\/www.jazzzeitung.de\/cms\/wp-content\/uploads\/2017\/01\/Cover-STUDIO-KONZERT-NLP4157-1-150x150.jpg\" \/>\n<meta name=\"author\" content=\"Redaktion JazzZeitung\" \/>\n<script type=\"application\/ld+json\" class=\"yoast-schema-graph\">{\"@context\":\"https:\\\/\\\/schema.org\",\"@graph\":[{\"@type\":\"Article\",\"@id\":\"https:\\\/\\\/www.jazzzeitung.de\\\/cms\\\/2017\\\/01\\\/rezension-chris-gall-bernhard-schimpelsberger-studio-konzert\\\/#article\",\"isPartOf\":{\"@id\":\"https:\\\/\\\/www.jazzzeitung.de\\\/cms\\\/2017\\\/01\\\/rezension-chris-gall-bernhard-schimpelsberger-studio-konzert\\\/\"},\"author\":{\"name\":\"Redaktion JazzZeitung\",\"@id\":\"https:\\\/\\\/www.jazzzeitung.de\\\/cms\\\/#\\\/schema\\\/person\\\/2245b36b9cd1d24cea10f01c031fb92b\"},\"headline\":\"Rezension: Chris Gall &#038; Bernhard Schimpelsberger: Studio Konzert\",\"datePublished\":\"2017-01-26T08:15:45+00:00\",\"mainEntityOfPage\":{\"@id\":\"https:\\\/\\\/www.jazzzeitung.de\\\/cms\\\/2017\\\/01\\\/rezension-chris-gall-bernhard-schimpelsberger-studio-konzert\\\/\"},\"wordCount\":405,\"commentCount\":0,\"publisher\":{\"@id\":\"https:\\\/\\\/www.jazzzeitung.de\\\/cms\\\/#organization\"},\"image\":{\"@id\":\"https:\\\/\\\/www.jazzzeitung.de\\\/cms\\\/2017\\\/01\\\/rezension-chris-gall-bernhard-schimpelsberger-studio-konzert\\\/#primaryimage\"},\"thumbnailUrl\":\"http:\\\/\\\/www.jazzzeitung.de\\\/cms\\\/wp-content\\\/uploads\\\/2017\\\/01\\\/Cover-STUDIO-KONZERT-NLP4157-1-150x150.jpg\",\"keywords\":[\"Album\",\"Bernhard Schimpelsberger\",\"CD\",\"Chris Gall\",\"Download\",\"duo\",\"Konzert\",\"krebs\",\"Kultur\",\"NLP4157\",\"Quadro Nuevo\",\"Rezension\",\"Studio Konzert\",\"Thomas J. Krebs\",\"Vinyl\",\"Youtube\"],\"articleSection\":[\"Rezension\"],\"inLanguage\":\"de\",\"potentialAction\":[{\"@type\":\"CommentAction\",\"name\":\"Comment\",\"target\":[\"https:\\\/\\\/www.jazzzeitung.de\\\/cms\\\/2017\\\/01\\\/rezension-chris-gall-bernhard-schimpelsberger-studio-konzert\\\/#respond\"]}]},{\"@type\":\"WebPage\",\"@id\":\"https:\\\/\\\/www.jazzzeitung.de\\\/cms\\\/2017\\\/01\\\/rezension-chris-gall-bernhard-schimpelsberger-studio-konzert\\\/\",\"url\":\"https:\\\/\\\/www.jazzzeitung.de\\\/cms\\\/2017\\\/01\\\/rezension-chris-gall-bernhard-schimpelsberger-studio-konzert\\\/\",\"name\":\"Rezension: Chris Gall & Bernhard Schimpelsberger: Studio Konzert - JazzZeitung\",\"isPartOf\":{\"@id\":\"https:\\\/\\\/www.jazzzeitung.de\\\/cms\\\/#website\"},\"primaryImageOfPage\":{\"@id\":\"https:\\\/\\\/www.jazzzeitung.de\\\/cms\\\/2017\\\/01\\\/rezension-chris-gall-bernhard-schimpelsberger-studio-konzert\\\/#primaryimage\"},\"image\":{\"@id\":\"https:\\\/\\\/www.jazzzeitung.de\\\/cms\\\/2017\\\/01\\\/rezension-chris-gall-bernhard-schimpelsberger-studio-konzert\\\/#primaryimage\"},\"thumbnailUrl\":\"http:\\\/\\\/www.jazzzeitung.de\\\/cms\\\/wp-content\\\/uploads\\\/2017\\\/01\\\/Cover-STUDIO-KONZERT-NLP4157-1-150x150.jpg\",\"datePublished\":\"2017-01-26T08:15:45+00:00\",\"breadcrumb\":{\"@id\":\"https:\\\/\\\/www.jazzzeitung.de\\\/cms\\\/2017\\\/01\\\/rezension-chris-gall-bernhard-schimpelsberger-studio-konzert\\\/#breadcrumb\"},\"inLanguage\":\"de\",\"potentialAction\":[{\"@type\":\"ReadAction\",\"target\":[\"https:\\\/\\\/www.jazzzeitung.de\\\/cms\\\/2017\\\/01\\\/rezension-chris-gall-bernhard-schimpelsberger-studio-konzert\\\/\"]}]},{\"@type\":\"ImageObject\",\"inLanguage\":\"de\",\"@id\":\"https:\\\/\\\/www.jazzzeitung.de\\\/cms\\\/2017\\\/01\\\/rezension-chris-gall-bernhard-schimpelsberger-studio-konzert\\\/#primaryimage\",\"url\":\"http:\\\/\\\/www.jazzzeitung.de\\\/cms\\\/wp-content\\\/uploads\\\/2017\\\/01\\\/Cover-STUDIO-KONZERT-NLP4157-1-150x150.jpg\",\"contentUrl\":\"http:\\\/\\\/www.jazzzeitung.de\\\/cms\\\/wp-content\\\/uploads\\\/2017\\\/01\\\/Cover-STUDIO-KONZERT-NLP4157-1-150x150.jpg\"},{\"@type\":\"BreadcrumbList\",\"@id\":\"https:\\\/\\\/www.jazzzeitung.de\\\/cms\\\/2017\\\/01\\\/rezension-chris-gall-bernhard-schimpelsberger-studio-konzert\\\/#breadcrumb\",\"itemListElement\":[{\"@type\":\"ListItem\",\"position\":1,\"name\":\"Startseite\",\"item\":\"https:\\\/\\\/www.jazzzeitung.de\\\/cms\\\/\"},{\"@type\":\"ListItem\",\"position\":2,\"name\":\"Rezension: Chris Gall &#038; Bernhard Schimpelsberger: Studio Konzert\"}]},{\"@type\":\"WebSite\",\"@id\":\"https:\\\/\\\/www.jazzzeitung.de\\\/cms\\\/#website\",\"url\":\"https:\\\/\\\/www.jazzzeitung.de\\\/cms\\\/\",\"name\":\"JazzZeitung\",\"description\":\"Jazz-News und Jazz-Kontroverses\",\"publisher\":{\"@id\":\"https:\\\/\\\/www.jazzzeitung.de\\\/cms\\\/#organization\"},\"potentialAction\":[{\"@type\":\"SearchAction\",\"target\":{\"@type\":\"EntryPoint\",\"urlTemplate\":\"https:\\\/\\\/www.jazzzeitung.de\\\/cms\\\/?s={search_term_string}\"},\"query-input\":{\"@type\":\"PropertyValueSpecification\",\"valueRequired\":true,\"valueName\":\"search_term_string\"}}],\"inLanguage\":\"de\"},{\"@type\":\"Organization\",\"@id\":\"https:\\\/\\\/www.jazzzeitung.de\\\/cms\\\/#organization\",\"name\":\"JazzZeitung online\",\"url\":\"https:\\\/\\\/www.jazzzeitung.de\\\/cms\\\/\",\"logo\":{\"@type\":\"ImageObject\",\"inLanguage\":\"de\",\"@id\":\"https:\\\/\\\/www.jazzzeitung.de\\\/cms\\\/#\\\/schema\\\/logo\\\/image\\\/\",\"url\":\"https:\\\/\\\/i0.wp.com\\\/www.jazzzeitung.de\\\/cms\\\/wp-content\\\/uploads\\\/2015\\\/08\\\/JAZZZEITUNGDE_Logo_Neu.png?fit=499%2C200&ssl=1\",\"contentUrl\":\"https:\\\/\\\/i0.wp.com\\\/www.jazzzeitung.de\\\/cms\\\/wp-content\\\/uploads\\\/2015\\\/08\\\/JAZZZEITUNGDE_Logo_Neu.png?fit=499%2C200&ssl=1\",\"width\":499,\"height\":200,\"caption\":\"JazzZeitung online\"},\"image\":{\"@id\":\"https:\\\/\\\/www.jazzzeitung.de\\\/cms\\\/#\\\/schema\\\/logo\\\/image\\\/\"},\"sameAs\":[\"https:\\\/\\\/www.facebook.com\\\/JazzZeitung\\\/\"]},{\"@type\":\"Person\",\"@id\":\"https:\\\/\\\/www.jazzzeitung.de\\\/cms\\\/#\\\/schema\\\/person\\\/2245b36b9cd1d24cea10f01c031fb92b\",\"name\":\"Redaktion JazzZeitung\",\"image\":{\"@type\":\"ImageObject\",\"inLanguage\":\"de\",\"@id\":\"https:\\\/\\\/i0.wp.com\\\/www.jazzzeitung.de\\\/cms\\\/wp-content\\\/uploads\\\/2015\\\/08\\\/JAZZZEITUNGDE_Logo_Neu.png?resize=96%2C96&ssl=159975dcacb611b5700bd619b5daf0a7a\",\"url\":\"https:\\\/\\\/i0.wp.com\\\/www.jazzzeitung.de\\\/cms\\\/wp-content\\\/uploads\\\/2015\\\/08\\\/JAZZZEITUNGDE_Logo_Neu.png?resize=96%2C96&ssl=1\",\"contentUrl\":\"https:\\\/\\\/i0.wp.com\\\/www.jazzzeitung.de\\\/cms\\\/wp-content\\\/uploads\\\/2015\\\/08\\\/JAZZZEITUNGDE_Logo_Neu.png?resize=96%2C96&ssl=1\",\"caption\":\"Redaktion JazzZeitung\"},\"description\":\"Artikel der Redaktion der JazzZeitung.\",\"sameAs\":[\"http:\\\/\\\/www.jazzzeitung.de\\\/cms\\\/\"],\"url\":\"https:\\\/\\\/www.jazzzeitung.de\\\/cms\\\/author\\\/redaktion\\\/\"}]}<\/script>\n<!-- \/ Yoast SEO plugin. -->","yoast_head_json":{"title":"Rezension: Chris Gall & Bernhard Schimpelsberger: Studio Konzert - JazzZeitung","robots":{"index":"index","follow":"follow","max-snippet":"max-snippet:-1","max-image-preview":"max-image-preview:large","max-video-preview":"max-video-preview:-1"},"canonical":"https:\/\/www.jazzzeitung.de\/cms\/2017\/01\/rezension-chris-gall-bernhard-schimpelsberger-studio-konzert\/","og_locale":"de_DE","og_type":"article","og_title":"Rezension: Chris Gall & Bernhard Schimpelsberger: Studio Konzert - JazzZeitung","og_description":"STUDIO KONZERT &#8211; das ist eine vollanaloge, audiophile Direct-to-2-track Konzertreihe, die seit 2013 in den Ludwigsburger Bauer Studios produziert wird und ausschlie\u00dflich als 180g Vinyl, handnummeriert, als Limited Edition in den Handel gelangt. Das 21. STUDIO KONZERT bestritten der Pianist Chris Gall und Bernhard Schimpelsberger am Schlagzeug und verschiedensten Perkussionsinstrumenten. Die Klangkombination Klavier\/Schlagzeug hat eine lange Tradition, beginnend mit Shelly Manne\u2019s legend\u00e4rem, in den f\u00fcnfziger Jahren aufgenommem, Album\u00a0 \u201eThe Three &amp; The Two\u201c (im Duo mit Russ Freemann), und sie hat, melodie- wie perkussionstechnisch gesehen einen eigenen, ganz besonderen musikalischen Reiz. Vor einer Dekade spielten Gall und Schimpelsberger bereits gemeinsam in der Formation \u201eTaalism\u201c. Anl\u00e4sslich des STUDIO KONZERTS trafen die Musiker wieder aufeinander. Man merkt der Aufnahme an, dass in der Zwischenzeit \u00a0bei Beiden viel passiert ist. W\u00e4hrend Schimpelsberger zwischenzeitlich intensiv in die Welt indischer Rhythmik eintauchte und vor Ort mit Meistern wie Anoushka Shankar oder Akram Khan Erfahrungen sammelte, musizierte Gall vorwiegend mit seinem Klaviertrio, experimentierte als Solist in verschiedenen Genres, sowie als Gastmusiker bei der Formation \u201eQuadro Nuevo\u201c. Beide waren also gut besch\u00e4ftigt, aufgeschlossen f\u00fcr Herausforderungen und musikalisch wie klangtechnisch in neuen Sph\u00e4ren &hellip;","og_url":"https:\/\/www.jazzzeitung.de\/cms\/2017\/01\/rezension-chris-gall-bernhard-schimpelsberger-studio-konzert\/","og_site_name":"JazzZeitung","article_publisher":"https:\/\/www.facebook.com\/JazzZeitung\/","article_published_time":"2017-01-26T08:15:45+00:00","og_image":[{"url":"http:\/\/www.jazzzeitung.de\/cms\/wp-content\/uploads\/2017\/01\/Cover-STUDIO-KONZERT-NLP4157-1-150x150.jpg","type":"","width":"","height":""}],"author":"Redaktion JazzZeitung","schema":{"@context":"https:\/\/schema.org","@graph":[{"@type":"Article","@id":"https:\/\/www.jazzzeitung.de\/cms\/2017\/01\/rezension-chris-gall-bernhard-schimpelsberger-studio-konzert\/#article","isPartOf":{"@id":"https:\/\/www.jazzzeitung.de\/cms\/2017\/01\/rezension-chris-gall-bernhard-schimpelsberger-studio-konzert\/"},"author":{"name":"Redaktion JazzZeitung","@id":"https:\/\/www.jazzzeitung.de\/cms\/#\/schema\/person\/2245b36b9cd1d24cea10f01c031fb92b"},"headline":"Rezension: Chris Gall &#038; Bernhard Schimpelsberger: Studio Konzert","datePublished":"2017-01-26T08:15:45+00:00","mainEntityOfPage":{"@id":"https:\/\/www.jazzzeitung.de\/cms\/2017\/01\/rezension-chris-gall-bernhard-schimpelsberger-studio-konzert\/"},"wordCount":405,"commentCount":0,"publisher":{"@id":"https:\/\/www.jazzzeitung.de\/cms\/#organization"},"image":{"@id":"https:\/\/www.jazzzeitung.de\/cms\/2017\/01\/rezension-chris-gall-bernhard-schimpelsberger-studio-konzert\/#primaryimage"},"thumbnailUrl":"http:\/\/www.jazzzeitung.de\/cms\/wp-content\/uploads\/2017\/01\/Cover-STUDIO-KONZERT-NLP4157-1-150x150.jpg","keywords":["Album","Bernhard Schimpelsberger","CD","Chris Gall","Download","duo","Konzert","krebs","Kultur","NLP4157","Quadro Nuevo","Rezension","Studio Konzert","Thomas J. Krebs","Vinyl","Youtube"],"articleSection":["Rezension"],"inLanguage":"de","potentialAction":[{"@type":"CommentAction","name":"Comment","target":["https:\/\/www.jazzzeitung.de\/cms\/2017\/01\/rezension-chris-gall-bernhard-schimpelsberger-studio-konzert\/#respond"]}]},{"@type":"WebPage","@id":"https:\/\/www.jazzzeitung.de\/cms\/2017\/01\/rezension-chris-gall-bernhard-schimpelsberger-studio-konzert\/","url":"https:\/\/www.jazzzeitung.de\/cms\/2017\/01\/rezension-chris-gall-bernhard-schimpelsberger-studio-konzert\/","name":"Rezension: Chris Gall & Bernhard Schimpelsberger: Studio Konzert - JazzZeitung","isPartOf":{"@id":"https:\/\/www.jazzzeitung.de\/cms\/#website"},"primaryImageOfPage":{"@id":"https:\/\/www.jazzzeitung.de\/cms\/2017\/01\/rezension-chris-gall-bernhard-schimpelsberger-studio-konzert\/#primaryimage"},"image":{"@id":"https:\/\/www.jazzzeitung.de\/cms\/2017\/01\/rezension-chris-gall-bernhard-schimpelsberger-studio-konzert\/#primaryimage"},"thumbnailUrl":"http:\/\/www.jazzzeitung.de\/cms\/wp-content\/uploads\/2017\/01\/Cover-STUDIO-KONZERT-NLP4157-1-150x150.jpg","datePublished":"2017-01-26T08:15:45+00:00","breadcrumb":{"@id":"https:\/\/www.jazzzeitung.de\/cms\/2017\/01\/rezension-chris-gall-bernhard-schimpelsberger-studio-konzert\/#breadcrumb"},"inLanguage":"de","potentialAction":[{"@type":"ReadAction","target":["https:\/\/www.jazzzeitung.de\/cms\/2017\/01\/rezension-chris-gall-bernhard-schimpelsberger-studio-konzert\/"]}]},{"@type":"ImageObject","inLanguage":"de","@id":"https:\/\/www.jazzzeitung.de\/cms\/2017\/01\/rezension-chris-gall-bernhard-schimpelsberger-studio-konzert\/#primaryimage","url":"http:\/\/www.jazzzeitung.de\/cms\/wp-content\/uploads\/2017\/01\/Cover-STUDIO-KONZERT-NLP4157-1-150x150.jpg","contentUrl":"http:\/\/www.jazzzeitung.de\/cms\/wp-content\/uploads\/2017\/01\/Cover-STUDIO-KONZERT-NLP4157-1-150x150.jpg"},{"@type":"BreadcrumbList","@id":"https:\/\/www.jazzzeitung.de\/cms\/2017\/01\/rezension-chris-gall-bernhard-schimpelsberger-studio-konzert\/#breadcrumb","itemListElement":[{"@type":"ListItem","position":1,"name":"Startseite","item":"https:\/\/www.jazzzeitung.de\/cms\/"},{"@type":"ListItem","position":2,"name":"Rezension: Chris Gall &#038; Bernhard Schimpelsberger: Studio Konzert"}]},{"@type":"WebSite","@id":"https:\/\/www.jazzzeitung.de\/cms\/#website","url":"https:\/\/www.jazzzeitung.de\/cms\/","name":"JazzZeitung","description":"Jazz-News und Jazz-Kontroverses","publisher":{"@id":"https:\/\/www.jazzzeitung.de\/cms\/#organization"},"potentialAction":[{"@type":"SearchAction","target":{"@type":"EntryPoint","urlTemplate":"https:\/\/www.jazzzeitung.de\/cms\/?s={search_term_string}"},"query-input":{"@type":"PropertyValueSpecification","valueRequired":true,"valueName":"search_term_string"}}],"inLanguage":"de"},{"@type":"Organization","@id":"https:\/\/www.jazzzeitung.de\/cms\/#organization","name":"JazzZeitung online","url":"https:\/\/www.jazzzeitung.de\/cms\/","logo":{"@type":"ImageObject","inLanguage":"de","@id":"https:\/\/www.jazzzeitung.de\/cms\/#\/schema\/logo\/image\/","url":"https:\/\/i0.wp.com\/www.jazzzeitung.de\/cms\/wp-content\/uploads\/2015\/08\/JAZZZEITUNGDE_Logo_Neu.png?fit=499%2C200&ssl=1","contentUrl":"https:\/\/i0.wp.com\/www.jazzzeitung.de\/cms\/wp-content\/uploads\/2015\/08\/JAZZZEITUNGDE_Logo_Neu.png?fit=499%2C200&ssl=1","width":499,"height":200,"caption":"JazzZeitung online"},"image":{"@id":"https:\/\/www.jazzzeitung.de\/cms\/#\/schema\/logo\/image\/"},"sameAs":["https:\/\/www.facebook.com\/JazzZeitung\/"]},{"@type":"Person","@id":"https:\/\/www.jazzzeitung.de\/cms\/#\/schema\/person\/2245b36b9cd1d24cea10f01c031fb92b","name":"Redaktion JazzZeitung","image":{"@type":"ImageObject","inLanguage":"de","@id":"https:\/\/i0.wp.com\/www.jazzzeitung.de\/cms\/wp-content\/uploads\/2015\/08\/JAZZZEITUNGDE_Logo_Neu.png?resize=96%2C96&ssl=159975dcacb611b5700bd619b5daf0a7a","url":"https:\/\/i0.wp.com\/www.jazzzeitung.de\/cms\/wp-content\/uploads\/2015\/08\/JAZZZEITUNGDE_Logo_Neu.png?resize=96%2C96&ssl=1","contentUrl":"https:\/\/i0.wp.com\/www.jazzzeitung.de\/cms\/wp-content\/uploads\/2015\/08\/JAZZZEITUNGDE_Logo_Neu.png?resize=96%2C96&ssl=1","caption":"Redaktion JazzZeitung"},"description":"Artikel der Redaktion der JazzZeitung.","sameAs":["http:\/\/www.jazzzeitung.de\/cms\/"],"url":"https:\/\/www.jazzzeitung.de\/cms\/author\/redaktion\/"}]}},"wp-worthy-pixel":{"ignored":false,"public":null,"server":null,"url":null},"wp-worthy-type":"normal","jetpack_publicize_connections":[],"cc_featured_image_caption":{"caption_text":false,"source_text":false,"source_url":false},"jetpack_featured_media_url":"","jetpack_shortlink":"https:\/\/wp.me\/p3KEcT-30Y","jetpack-related-posts":[{"id":14958,"url":"https:\/\/www.jazzzeitung.de\/cms\/2018\/02\/cd-rezension-und-konzert-tipp-chris-gall-trio-cosmic-playground\/","url_meta":{"origin":11592,"position":0},"title":"CD-Rezension und Konzert-Tipp: Chris Gall Trio &#8211; Cosmic Playground","author":"Thomas J. Krebs","date":"2. Februar 2018","format":false,"excerpt":"\u201eCosmic Playgrund\u201d, die neue Trio CD des Pianisten Chris Gall, ist auf eine besondere Weise eine \u201efamily affair\u201d, begleitet am Schlagzeug von seinem j\u00fcngeren Bruder Peter Gall (der bereits an den ersten Vorg\u00e4ngeralben mitbeteiligt war) und dem M\u00fcnchner Ausnahmebassisten Henning Sieverts. Die drei kennen sich seit Jahren, musizieren und arbeiten\u2026","rel":"","context":"In &quot;News&quot;","block_context":{"text":"News","link":"https:\/\/www.jazzzeitung.de\/cms\/thema\/nachrichten\/"},"img":{"alt_text":"","src":"https:\/\/i0.wp.com\/www.jazzzeitung.de\/cms\/wp-content\/uploads\/2018\/01\/CD-Cover-Cosmic-playground.jpg?fit=1200%2C1200&ssl=1&resize=350%2C200","width":350,"height":200,"srcset":"https:\/\/i0.wp.com\/www.jazzzeitung.de\/cms\/wp-content\/uploads\/2018\/01\/CD-Cover-Cosmic-playground.jpg?fit=1200%2C1200&ssl=1&resize=350%2C200 1x, https:\/\/i0.wp.com\/www.jazzzeitung.de\/cms\/wp-content\/uploads\/2018\/01\/CD-Cover-Cosmic-playground.jpg?fit=1200%2C1200&ssl=1&resize=525%2C300 1.5x, https:\/\/i0.wp.com\/www.jazzzeitung.de\/cms\/wp-content\/uploads\/2018\/01\/CD-Cover-Cosmic-playground.jpg?fit=1200%2C1200&ssl=1&resize=700%2C400 2x, https:\/\/i0.wp.com\/www.jazzzeitung.de\/cms\/wp-content\/uploads\/2018\/01\/CD-Cover-Cosmic-playground.jpg?fit=1200%2C1200&ssl=1&resize=1050%2C600 3x"},"classes":[]},{"id":10255,"url":"https:\/\/www.jazzzeitung.de\/cms\/2016\/10\/quadrivium-konzert-im-stockwerk-groebenzell\/","url_meta":{"origin":11592,"position":1},"title":"Markus Stockhausen Quadrivium in Gr\u00f6benzell","author":"Redaktion JazzZeitung","date":"10. Oktober 2016","format":false,"excerpt":"Im Rahmen der Konzertreihe ALL THAT JAZZ @ GR\u00d6BENZELL trat Markus Stockhausen mit seiner Formation Quadrivium am vergangenen Samstag im Stockwerk auf. Gemeinsam mit Angelo Comisso Klavier, J\u00f6rg Brinkmann am Cello und dem Drummer Christian Thom\u00e9 auf der Suche nach Klangr\u00e4umen faszinierten sie und schlugen das Publikum in ihren Bann.\u2026","rel":"","context":"In &quot;Galerie&quot;","block_context":{"text":"Galerie","link":"https:\/\/www.jazzzeitung.de\/cms\/thema\/galerie\/"},"img":{"alt_text":"","src":"https:\/\/i0.wp.com\/www.jazzzeitung.de\/cms\/wp-content\/uploads\/2016\/10\/P1060133-Stockhausen-Foto-TJ-Krebs.jpg?fit=1200%2C800&ssl=1&resize=350%2C200","width":350,"height":200,"srcset":"https:\/\/i0.wp.com\/www.jazzzeitung.de\/cms\/wp-content\/uploads\/2016\/10\/P1060133-Stockhausen-Foto-TJ-Krebs.jpg?fit=1200%2C800&ssl=1&resize=350%2C200 1x, https:\/\/i0.wp.com\/www.jazzzeitung.de\/cms\/wp-content\/uploads\/2016\/10\/P1060133-Stockhausen-Foto-TJ-Krebs.jpg?fit=1200%2C800&ssl=1&resize=525%2C300 1.5x, https:\/\/i0.wp.com\/www.jazzzeitung.de\/cms\/wp-content\/uploads\/2016\/10\/P1060133-Stockhausen-Foto-TJ-Krebs.jpg?fit=1200%2C800&ssl=1&resize=700%2C400 2x, https:\/\/i0.wp.com\/www.jazzzeitung.de\/cms\/wp-content\/uploads\/2016\/10\/P1060133-Stockhausen-Foto-TJ-Krebs.jpg?fit=1200%2C800&ssl=1&resize=1050%2C600 3x"},"classes":[]},{"id":32237,"url":"https:\/\/www.jazzzeitung.de\/cms\/2025\/02\/masako-ohta-matthias-lindermayr-mit-neuen-duo-album-nozomi\/","url_meta":{"origin":11592,"position":2},"title":"Masako Ohta &#038; Matthias Lindermayr mit neuen Duo-Album: Nozomi","author":"Redaktion JazzZeitung","date":"18. Februar 2025","format":false,"excerpt":"(Von Thomas J. Krebs) Am Abend des 13. Februar fand im M\u00fcnchner Theater Schwere Reiter das Release Konzert des neuen Albums der Pianistin Masako Ohta und dem Trompeter Matthias Lindermayr statt. Ein ganz normaler Tag bis 10.30 Uhr, als sich in M\u00fcnchen, in mittelbarer N\u00e4he des Theaters, der Anschlag am\u2026","rel":"","context":"In &quot;Bericht&quot;","block_context":{"text":"Bericht","link":"https:\/\/www.jazzzeitung.de\/cms\/thema\/bericht\/"},"img":{"alt_text":"","src":"https:\/\/i0.wp.com\/www.jazzzeitung.de\/cms\/wp-content\/uploads\/2025\/02\/P1500135-Ohta-Lindermayr-Foto-TJ-Krebs.jpg?fit=1200%2C799&ssl=1&resize=350%2C200","width":350,"height":200,"srcset":"https:\/\/i0.wp.com\/www.jazzzeitung.de\/cms\/wp-content\/uploads\/2025\/02\/P1500135-Ohta-Lindermayr-Foto-TJ-Krebs.jpg?fit=1200%2C799&ssl=1&resize=350%2C200 1x, https:\/\/i0.wp.com\/www.jazzzeitung.de\/cms\/wp-content\/uploads\/2025\/02\/P1500135-Ohta-Lindermayr-Foto-TJ-Krebs.jpg?fit=1200%2C799&ssl=1&resize=525%2C300 1.5x, https:\/\/i0.wp.com\/www.jazzzeitung.de\/cms\/wp-content\/uploads\/2025\/02\/P1500135-Ohta-Lindermayr-Foto-TJ-Krebs.jpg?fit=1200%2C799&ssl=1&resize=700%2C400 2x, https:\/\/i0.wp.com\/www.jazzzeitung.de\/cms\/wp-content\/uploads\/2025\/02\/P1500135-Ohta-Lindermayr-Foto-TJ-Krebs.jpg?fit=1200%2C799&ssl=1&resize=1050%2C600 3x"},"classes":[]},{"id":3894,"url":"https:\/\/www.jazzzeitung.de\/cms\/2014\/05\/dombert-und-gall-mit-cd-release-konzert-regensburg\/","url_meta":{"origin":11592,"position":3},"title":"Dombert und Gall mit CD-Release-Konzert in Regensburg","author":"Andreas Kolb","date":"18. Mai 2014","format":false,"excerpt":"Am 22. Mai\u00a0 stellen\u00a0Andreas Dombert und Chris Gall\u00a0 ihre neue CD \"DUO\" im\u00a0\u00a0 Regensburger\u00a0Jazzclub Leerer Beutel\u00a0 vor. Andreas Dombert und Chris Gall sind ein \u00fcberaus frisch und locker klingendes Gespann, besonders wenn man bedenkt, dass die Kombination Archtop-Jazzgitarre und akustisches Klavier systembedingt problematisch ist, weil sich die beiden Instrumente gern\u2026","rel":"","context":"In &quot;Blog&quot;","block_context":{"text":"Blog","link":"https:\/\/www.jazzzeitung.de\/cms\/thema\/blog\/"},"img":{"alt_text":"Andreas Dombert und Chris Gall mit neuer CD","src":"https:\/\/i0.wp.com\/www.jazzzeitung.de\/cms\/wp-content\/uploads\/2014\/05\/1-Dombert_Gall1.jpg?fit=538%2C358&ssl=1&resize=350%2C200","width":350,"height":200,"srcset":"https:\/\/i0.wp.com\/www.jazzzeitung.de\/cms\/wp-content\/uploads\/2014\/05\/1-Dombert_Gall1.jpg?fit=538%2C358&ssl=1&resize=350%2C200 1x, https:\/\/i0.wp.com\/www.jazzzeitung.de\/cms\/wp-content\/uploads\/2014\/05\/1-Dombert_Gall1.jpg?fit=538%2C358&ssl=1&resize=525%2C300 1.5x"},"classes":[]},{"id":21965,"url":"https:\/\/www.jazzzeitung.de\/cms\/2020\/02\/bmw-welt-jazz-award-2020-das-quintett-von-schlagzeuger-peter-gall-bestreitet-das-vierte-dienstagskonzert\/","url_meta":{"origin":11592,"position":4},"title":"BMW Welt Jazz Award 2020: Das Quintett von Schlagzeuger Peter Gall bestreitet das vierte Dienstagskonzert","author":"Redaktion JazzZeitung","date":"20. Februar 2020","format":false,"excerpt":"Es begann eine Spur zu akademisch und endete in einem Jazzrausch der Spitzenklasse: Das Konzert des Peter Gall Quintetts mit Musik von dessen neue CD \"Paradox Dreambox\" - seiner ersten eigenen Produktion nach der Mitwirkung an \u00fcber 30 CD-Alben als Mitmusiker. Aus der musikalischen Traumbox stiegen f\u00fcnf herausragende und international\u2026","rel":"","context":"In &quot;Galerie&quot;","block_context":{"text":"Galerie","link":"https:\/\/www.jazzzeitung.de\/cms\/thema\/galerie\/"},"img":{"alt_text":"","src":"https:\/\/i0.wp.com\/www.jazzzeitung.de\/cms\/wp-content\/uploads\/2020\/02\/Peter-Gall-Quintett-Foto-TJ-Krebs.jpg?fit=1200%2C800&ssl=1&resize=350%2C200","width":350,"height":200,"srcset":"https:\/\/i0.wp.com\/www.jazzzeitung.de\/cms\/wp-content\/uploads\/2020\/02\/Peter-Gall-Quintett-Foto-TJ-Krebs.jpg?fit=1200%2C800&ssl=1&resize=350%2C200 1x, https:\/\/i0.wp.com\/www.jazzzeitung.de\/cms\/wp-content\/uploads\/2020\/02\/Peter-Gall-Quintett-Foto-TJ-Krebs.jpg?fit=1200%2C800&ssl=1&resize=525%2C300 1.5x, https:\/\/i0.wp.com\/www.jazzzeitung.de\/cms\/wp-content\/uploads\/2020\/02\/Peter-Gall-Quintett-Foto-TJ-Krebs.jpg?fit=1200%2C800&ssl=1&resize=700%2C400 2x, https:\/\/i0.wp.com\/www.jazzzeitung.de\/cms\/wp-content\/uploads\/2020\/02\/Peter-Gall-Quintett-Foto-TJ-Krebs.jpg?fit=1200%2C800&ssl=1&resize=1050%2C600 3x"},"classes":[]},{"id":22481,"url":"https:\/\/www.jazzzeitung.de\/cms\/2020\/05\/local-heroes-live-stream-konzertreihe-aus-dem-jazzclub-unterfahrt\/","url_meta":{"origin":11592,"position":5},"title":"\u201eLocal Heroes\u201c: Live-Stream Konzertreihe aus dem Jazzclub Unterfahrt","author":"Thomas J. Krebs","date":"6. Mai 2020","format":false,"excerpt":"Auf den ersten Blick scheint alles normal zu sein, die 31 Stufen hinunter in den Keller des M\u00fcnchner Kulturzentrum Einstein, den langgezogenen Gang entlang zum Jazzclub Unterfahrt, aber dann - kein Licht am Ende des Tunnels! Alles ist dunkel und auch am Eingang des Clubs leere Plakatrahmen. Beim Betreten der\u2026","rel":"","context":"In &quot;Bericht&quot;","block_context":{"text":"Bericht","link":"https:\/\/www.jazzzeitung.de\/cms\/thema\/bericht\/"},"img":{"alt_text":"","src":"https:\/\/i0.wp.com\/www.jazzzeitung.de\/cms\/wp-content\/uploads\/2020\/05\/Br%C3%A4ndle-Schwager-May-Foto-TJ-Krebs.jpg?fit=1200%2C675&ssl=1&resize=350%2C200","width":350,"height":200,"srcset":"https:\/\/i0.wp.com\/www.jazzzeitung.de\/cms\/wp-content\/uploads\/2020\/05\/Br%C3%A4ndle-Schwager-May-Foto-TJ-Krebs.jpg?fit=1200%2C675&ssl=1&resize=350%2C200 1x, https:\/\/i0.wp.com\/www.jazzzeitung.de\/cms\/wp-content\/uploads\/2020\/05\/Br%C3%A4ndle-Schwager-May-Foto-TJ-Krebs.jpg?fit=1200%2C675&ssl=1&resize=525%2C300 1.5x, https:\/\/i0.wp.com\/www.jazzzeitung.de\/cms\/wp-content\/uploads\/2020\/05\/Br%C3%A4ndle-Schwager-May-Foto-TJ-Krebs.jpg?fit=1200%2C675&ssl=1&resize=700%2C400 2x, https:\/\/i0.wp.com\/www.jazzzeitung.de\/cms\/wp-content\/uploads\/2020\/05\/Br%C3%A4ndle-Schwager-May-Foto-TJ-Krebs.jpg?fit=1200%2C675&ssl=1&resize=1050%2C600 3x"},"classes":[]}],"jetpack_sharing_enabled":true,"_links":{"self":[{"href":"https:\/\/www.jazzzeitung.de\/cms\/wp-json\/wp\/v2\/posts\/11592","targetHints":{"allow":["GET"]}}],"collection":[{"href":"https:\/\/www.jazzzeitung.de\/cms\/wp-json\/wp\/v2\/posts"}],"about":[{"href":"https:\/\/www.jazzzeitung.de\/cms\/wp-json\/wp\/v2\/types\/post"}],"author":[{"embeddable":true,"href":"https:\/\/www.jazzzeitung.de\/cms\/wp-json\/wp\/v2\/users\/18"}],"replies":[{"embeddable":true,"href":"https:\/\/www.jazzzeitung.de\/cms\/wp-json\/wp\/v2\/comments?post=11592"}],"version-history":[{"count":1,"href":"https:\/\/www.jazzzeitung.de\/cms\/wp-json\/wp\/v2\/posts\/11592\/revisions"}],"predecessor-version":[{"id":11595,"href":"https:\/\/www.jazzzeitung.de\/cms\/wp-json\/wp\/v2\/posts\/11592\/revisions\/11595"}],"wp:attachment":[{"href":"https:\/\/www.jazzzeitung.de\/cms\/wp-json\/wp\/v2\/media?parent=11592"}],"wp:term":[{"taxonomy":"category","embeddable":true,"href":"https:\/\/www.jazzzeitung.de\/cms\/wp-json\/wp\/v2\/categories?post=11592"},{"taxonomy":"post_tag","embeddable":true,"href":"https:\/\/www.jazzzeitung.de\/cms\/wp-json\/wp\/v2\/tags?post=11592"},{"taxonomy":"author","embeddable":true,"href":"https:\/\/www.jazzzeitung.de\/cms\/wp-json\/wp\/v2\/coauthors?post=11592"}],"curies":[{"name":"wp","href":"https:\/\/api.w.org\/{rel}","templated":true}]}}