{"id":1151,"date":"2011-07-20T00:10:24","date_gmt":"2011-07-19T22:10:24","guid":{"rendered":"http:\/\/blogs.nmz.de\/jazz\/?p=1151"},"modified":"2011-07-20T00:10:24","modified_gmt":"2011-07-19T22:10:24","slug":"klaviersommer-on-screen-tickets-zu-gewinnen","status":"publish","type":"post","link":"https:\/\/www.jazzzeitung.de\/cms\/2011\/07\/klaviersommer-on-screen-tickets-zu-gewinnen\/","title":{"rendered":"Klaviersommer on screen \u2013 Tickets zu gewinnen"},"content":{"rendered":"<p style=\"text-align: justify\">Die nmz und die jazzzeitung verlosen Tickets f\u00fcr die <strong>Cinema Lounge<\/strong> beim <em>Jazzsommer 2011<\/em> im Bayerischen Hof in M\u00fcnchen.<\/p>\n<p style=\"text-align: justify\">Die Cinema Lounge ist der t\u00e4gliche &#8222;Opener&#8220; zu den Festival-Konzerten im Night Club und zeigt Konzertaufnahmen aus den Zeiten des M\u00fcnchner Klaviersommers. Am Freitag wird zum Beispiel das legend\u00e4re Gasteig-Konzert von Miles Davis im Jahr 1988 gezeigt. Am Samstag gibt es dann &#8222;Keith Jarrett \u2013 Tokyo Solo&#8220; \u2013 nat\u00fcrlich nicht beim Klaviersommer aufgenommen \u2013 macht aber nix &#8230; Au\u00dferdem im Programm: Stan Getz \u201eThe Final Concert Recording\u201c, Lionel Hampton and His Golden Men of Jazz.<\/p>\n<p><em><strong><a href=\"http:\/\/www.nmz.de\/kiz\/nachrichten\/cinema-lounge-des-muenchner-jazz-sommers-taeglich-karten-zu-gewinnen\" target=\"_blank\">Hier geht&#8217;s zur Ticketverlosung.<\/a><\/strong><\/em><\/p>\n<figure id=\"attachment_1152\" aria-describedby=\"caption-attachment-1152\" style=\"width: 325px\" class=\"wp-caption alignnone\"><a href=\"https:\/\/i0.wp.com\/www.jazzzeitung.de\/cms\/wp-content\/uploads\/2011\/07\/tokyo-s.jpg\"><img data-recalc-dims=\"1\" loading=\"lazy\" decoding=\"async\" data-attachment-id=\"1152\" data-permalink=\"https:\/\/www.jazzzeitung.de\/cms\/2011\/07\/klaviersommer-on-screen-tickets-zu-gewinnen\/tokyo-s\/\" data-orig-file=\"https:\/\/i0.wp.com\/www.jazzzeitung.de\/cms\/wp-content\/uploads\/2011\/07\/tokyo-s.jpg?fit=325%2C243&amp;ssl=1\" data-orig-size=\"325,243\" data-comments-opened=\"1\" data-image-meta=\"{&quot;aperture&quot;:&quot;0&quot;,&quot;credit&quot;:&quot;&quot;,&quot;camera&quot;:&quot;&quot;,&quot;caption&quot;:&quot;&quot;,&quot;created_timestamp&quot;:&quot;0&quot;,&quot;copyright&quot;:&quot;&quot;,&quot;focal_length&quot;:&quot;0&quot;,&quot;iso&quot;:&quot;0&quot;,&quot;shutter_speed&quot;:&quot;0&quot;,&quot;title&quot;:&quot;&quot;}\" data-image-title=\"tokyo-s\" data-image-description=\"\" data-image-caption=\"\" data-large-file=\"https:\/\/i0.wp.com\/www.jazzzeitung.de\/cms\/wp-content\/uploads\/2011\/07\/tokyo-s.jpg?fit=325%2C243&amp;ssl=1\" class=\"size-full wp-image-1152\" title=\"tokyo-s\" src=\"https:\/\/i0.wp.com\/www.jazzzeitung.de\/cms\/wp-content\/uploads\/2011\/07\/tokyo-s.jpg?resize=325%2C243\" alt=\"tokyo-s\" width=\"325\" height=\"243\" srcset=\"https:\/\/i0.wp.com\/www.jazzzeitung.de\/cms\/wp-content\/uploads\/2011\/07\/tokyo-s.jpg?w=325&amp;ssl=1 325w, https:\/\/i0.wp.com\/www.jazzzeitung.de\/cms\/wp-content\/uploads\/2011\/07\/tokyo-s.jpg?resize=300%2C224&amp;ssl=1 300w\" sizes=\"auto, (max-width: 325px) 100vw, 325px\" \/><\/a><figcaption id=\"caption-attachment-1152\" class=\"wp-caption-text\">Keith Jarrett \u2013 Tokyo Solo am 23.07.2011 in der Cinema Lounge.<\/figcaption><\/figure>\n","protected":false},"excerpt":{"rendered":"<p>Die nmz und die jazzzeitung verlosen Tickets f\u00fcr die Cinema Lounge beim Jazzsommer 2011 im Bayerischen Hof in M\u00fcnchen. Die Cinema Lounge ist der t\u00e4gliche &#8222;Opener&#8220; zu den Festival-Konzerten im Night Club und zeigt Konzertaufnahmen aus den Zeiten des M\u00fcnchner Klaviersommers. Am Freitag wird zum Beispiel das legend\u00e4re Gasteig-Konzert von Miles Davis im Jahr 1988 gezeigt. Am Samstag gibt es dann &#8222;Keith Jarrett \u2013 Tokyo Solo&#8220; \u2013 nat\u00fcrlich nicht beim Klaviersommer aufgenommen \u2013 macht aber nix &#8230; Au\u00dferdem im Programm: Stan Getz \u201eThe Final Concert Recording\u201c, Lionel Hampton and His Golden Men of Jazz. Hier geht&#8217;s zur Ticketverlosung.<\/p>\n","protected":false},"author":4,"featured_media":0,"comment_status":"open","ping_status":"open","sticky":false,"template":"","format":"standard","meta":{"_jetpack_memberships_contains_paid_content":false,"footnotes":"","jetpack_publicize_message":"","jetpack_publicize_feature_enabled":true,"jetpack_social_post_already_shared":false,"jetpack_social_options":{"image_generator_settings":{"template":"highway","default_image_id":0,"font":"","enabled":false},"version":2}},"categories":[82],"tags":[55,115,120,177,206,285,294,311,318,390,401,416,421,518,548,554],"coauthors":[],"class_list":["post-1151","post","type-post","status-publish","format-standard","hentry","category-blog","tag-bayerischer-hof","tag-cinema-lounge","tag-club","tag-final-concert-recording","tag-golden-men-of-jazz","tag-jazzsommer","tag-jazzzeitung","tag-keith-jarrett","tag-klaviersommer","tag-miles-davis","tag-muenchen","tag-night-club","tag-nmz","tag-stan-getz","tag-tickets","tag-tokyo-solo"],"yoast_head":"<!-- This site is optimized with the Yoast SEO plugin v27.5 - https:\/\/yoast.com\/product\/yoast-seo-wordpress\/ -->\n<title>Klaviersommer on screen \u2013 Tickets zu gewinnen - JazzZeitung<\/title>\n<meta name=\"robots\" content=\"index, follow, max-snippet:-1, max-image-preview:large, max-video-preview:-1\" \/>\n<link rel=\"canonical\" href=\"https:\/\/www.jazzzeitung.de\/cms\/2011\/07\/klaviersommer-on-screen-tickets-zu-gewinnen\/\" \/>\n<meta property=\"og:locale\" content=\"de_DE\" \/>\n<meta property=\"og:type\" content=\"article\" \/>\n<meta property=\"og:title\" content=\"Klaviersommer on screen \u2013 Tickets zu gewinnen - JazzZeitung\" \/>\n<meta property=\"og:description\" content=\"Die nmz und die jazzzeitung verlosen Tickets f\u00fcr die Cinema Lounge beim Jazzsommer 2011 im Bayerischen Hof in M\u00fcnchen. Die Cinema Lounge ist der t\u00e4gliche &#8222;Opener&#8220; zu den Festival-Konzerten im Night Club und zeigt Konzertaufnahmen aus den Zeiten des M\u00fcnchner Klaviersommers. Am Freitag wird zum Beispiel das legend\u00e4re Gasteig-Konzert von Miles Davis im Jahr 1988 gezeigt. Am Samstag gibt es dann &#8222;Keith Jarrett \u2013 Tokyo Solo&#8220; \u2013 nat\u00fcrlich nicht beim Klaviersommer aufgenommen \u2013 macht aber nix &#8230; Au\u00dferdem im Programm: Stan Getz \u201eThe Final Concert Recording\u201c, Lionel Hampton and His Golden Men of Jazz. Hier geht&#8217;s zur Ticketverlosung.\" \/>\n<meta property=\"og:url\" content=\"https:\/\/www.jazzzeitung.de\/cms\/2011\/07\/klaviersommer-on-screen-tickets-zu-gewinnen\/\" \/>\n<meta property=\"og:site_name\" content=\"JazzZeitung\" \/>\n<meta property=\"article:publisher\" content=\"https:\/\/www.facebook.com\/JazzZeitung\/\" \/>\n<meta property=\"article:published_time\" content=\"2011-07-19T22:10:24+00:00\" \/>\n<meta property=\"og:image\" content=\"http:\/\/www.jazzzeitung.de\/cms\/wp-content\/uploads\/2011\/07\/tokyo-s.jpg\" \/>\n<meta name=\"author\" content=\"J\u00f6rg Lichtinger\" \/>\n<script type=\"application\/ld+json\" class=\"yoast-schema-graph\">{\"@context\":\"https:\\\/\\\/schema.org\",\"@graph\":[{\"@type\":\"Article\",\"@id\":\"https:\\\/\\\/www.jazzzeitung.de\\\/cms\\\/2011\\\/07\\\/klaviersommer-on-screen-tickets-zu-gewinnen\\\/#article\",\"isPartOf\":{\"@id\":\"https:\\\/\\\/www.jazzzeitung.de\\\/cms\\\/2011\\\/07\\\/klaviersommer-on-screen-tickets-zu-gewinnen\\\/\"},\"author\":{\"name\":\"J\u00f6rg Lichtinger\",\"@id\":\"https:\\\/\\\/www.jazzzeitung.de\\\/cms\\\/#\\\/schema\\\/person\\\/4c5aaf486bdcd85db94b9a8b9e026bad\"},\"headline\":\"Klaviersommer on screen \u2013 Tickets zu gewinnen\",\"datePublished\":\"2011-07-19T22:10:24+00:00\",\"mainEntityOfPage\":{\"@id\":\"https:\\\/\\\/www.jazzzeitung.de\\\/cms\\\/2011\\\/07\\\/klaviersommer-on-screen-tickets-zu-gewinnen\\\/\"},\"wordCount\":123,\"commentCount\":0,\"publisher\":{\"@id\":\"https:\\\/\\\/www.jazzzeitung.de\\\/cms\\\/#organization\"},\"image\":{\"@id\":\"https:\\\/\\\/www.jazzzeitung.de\\\/cms\\\/2011\\\/07\\\/klaviersommer-on-screen-tickets-zu-gewinnen\\\/#primaryimage\"},\"thumbnailUrl\":\"http:\\\/\\\/www.jazzzeitung.de\\\/cms\\\/wp-content\\\/uploads\\\/2011\\\/07\\\/tokyo-s.jpg\",\"keywords\":[\"Bayerischer Hof\",\"Cinema Lounge\",\"Club\",\"final concert recording\",\"Golden Men of Jazz\",\"Jazzsommer\",\"Jazzzeitung\",\"Keith Jarrett\",\"Klaviersommer\",\"Miles Davis\",\"M\u00fcnchen\",\"night club\",\"nmz\",\"Stan Getz\",\"Tickets\",\"Tokyo Solo\"],\"articleSection\":[\"Blog\"],\"inLanguage\":\"de\",\"potentialAction\":[{\"@type\":\"CommentAction\",\"name\":\"Comment\",\"target\":[\"https:\\\/\\\/www.jazzzeitung.de\\\/cms\\\/2011\\\/07\\\/klaviersommer-on-screen-tickets-zu-gewinnen\\\/#respond\"]}]},{\"@type\":\"WebPage\",\"@id\":\"https:\\\/\\\/www.jazzzeitung.de\\\/cms\\\/2011\\\/07\\\/klaviersommer-on-screen-tickets-zu-gewinnen\\\/\",\"url\":\"https:\\\/\\\/www.jazzzeitung.de\\\/cms\\\/2011\\\/07\\\/klaviersommer-on-screen-tickets-zu-gewinnen\\\/\",\"name\":\"Klaviersommer on screen \u2013 Tickets zu gewinnen - JazzZeitung\",\"isPartOf\":{\"@id\":\"https:\\\/\\\/www.jazzzeitung.de\\\/cms\\\/#website\"},\"primaryImageOfPage\":{\"@id\":\"https:\\\/\\\/www.jazzzeitung.de\\\/cms\\\/2011\\\/07\\\/klaviersommer-on-screen-tickets-zu-gewinnen\\\/#primaryimage\"},\"image\":{\"@id\":\"https:\\\/\\\/www.jazzzeitung.de\\\/cms\\\/2011\\\/07\\\/klaviersommer-on-screen-tickets-zu-gewinnen\\\/#primaryimage\"},\"thumbnailUrl\":\"http:\\\/\\\/www.jazzzeitung.de\\\/cms\\\/wp-content\\\/uploads\\\/2011\\\/07\\\/tokyo-s.jpg\",\"datePublished\":\"2011-07-19T22:10:24+00:00\",\"breadcrumb\":{\"@id\":\"https:\\\/\\\/www.jazzzeitung.de\\\/cms\\\/2011\\\/07\\\/klaviersommer-on-screen-tickets-zu-gewinnen\\\/#breadcrumb\"},\"inLanguage\":\"de\",\"potentialAction\":[{\"@type\":\"ReadAction\",\"target\":[\"https:\\\/\\\/www.jazzzeitung.de\\\/cms\\\/2011\\\/07\\\/klaviersommer-on-screen-tickets-zu-gewinnen\\\/\"]}]},{\"@type\":\"ImageObject\",\"inLanguage\":\"de\",\"@id\":\"https:\\\/\\\/www.jazzzeitung.de\\\/cms\\\/2011\\\/07\\\/klaviersommer-on-screen-tickets-zu-gewinnen\\\/#primaryimage\",\"url\":\"http:\\\/\\\/www.jazzzeitung.de\\\/cms\\\/wp-content\\\/uploads\\\/2011\\\/07\\\/tokyo-s.jpg\",\"contentUrl\":\"http:\\\/\\\/www.jazzzeitung.de\\\/cms\\\/wp-content\\\/uploads\\\/2011\\\/07\\\/tokyo-s.jpg\"},{\"@type\":\"BreadcrumbList\",\"@id\":\"https:\\\/\\\/www.jazzzeitung.de\\\/cms\\\/2011\\\/07\\\/klaviersommer-on-screen-tickets-zu-gewinnen\\\/#breadcrumb\",\"itemListElement\":[{\"@type\":\"ListItem\",\"position\":1,\"name\":\"Startseite\",\"item\":\"https:\\\/\\\/www.jazzzeitung.de\\\/cms\\\/\"},{\"@type\":\"ListItem\",\"position\":2,\"name\":\"Klaviersommer on screen \u2013 Tickets zu gewinnen\"}]},{\"@type\":\"WebSite\",\"@id\":\"https:\\\/\\\/www.jazzzeitung.de\\\/cms\\\/#website\",\"url\":\"https:\\\/\\\/www.jazzzeitung.de\\\/cms\\\/\",\"name\":\"JazzZeitung\",\"description\":\"Jazz-News und Jazz-Kontroverses\",\"publisher\":{\"@id\":\"https:\\\/\\\/www.jazzzeitung.de\\\/cms\\\/#organization\"},\"potentialAction\":[{\"@type\":\"SearchAction\",\"target\":{\"@type\":\"EntryPoint\",\"urlTemplate\":\"https:\\\/\\\/www.jazzzeitung.de\\\/cms\\\/?s={search_term_string}\"},\"query-input\":{\"@type\":\"PropertyValueSpecification\",\"valueRequired\":true,\"valueName\":\"search_term_string\"}}],\"inLanguage\":\"de\"},{\"@type\":\"Organization\",\"@id\":\"https:\\\/\\\/www.jazzzeitung.de\\\/cms\\\/#organization\",\"name\":\"JazzZeitung online\",\"url\":\"https:\\\/\\\/www.jazzzeitung.de\\\/cms\\\/\",\"logo\":{\"@type\":\"ImageObject\",\"inLanguage\":\"de\",\"@id\":\"https:\\\/\\\/www.jazzzeitung.de\\\/cms\\\/#\\\/schema\\\/logo\\\/image\\\/\",\"url\":\"https:\\\/\\\/i0.wp.com\\\/www.jazzzeitung.de\\\/cms\\\/wp-content\\\/uploads\\\/2015\\\/08\\\/JAZZZEITUNGDE_Logo_Neu.png?fit=499%2C200&ssl=1\",\"contentUrl\":\"https:\\\/\\\/i0.wp.com\\\/www.jazzzeitung.de\\\/cms\\\/wp-content\\\/uploads\\\/2015\\\/08\\\/JAZZZEITUNGDE_Logo_Neu.png?fit=499%2C200&ssl=1\",\"width\":499,\"height\":200,\"caption\":\"JazzZeitung online\"},\"image\":{\"@id\":\"https:\\\/\\\/www.jazzzeitung.de\\\/cms\\\/#\\\/schema\\\/logo\\\/image\\\/\"},\"sameAs\":[\"https:\\\/\\\/www.facebook.com\\\/JazzZeitung\\\/\"]},{\"@type\":\"Person\",\"@id\":\"https:\\\/\\\/www.jazzzeitung.de\\\/cms\\\/#\\\/schema\\\/person\\\/4c5aaf486bdcd85db94b9a8b9e026bad\",\"name\":\"J\u00f6rg Lichtinger\",\"image\":{\"@type\":\"ImageObject\",\"inLanguage\":\"de\",\"@id\":\"https:\\\/\\\/secure.gravatar.com\\\/avatar\\\/8d1d484eb77cf370a1620f9866681cdba540c9b8439ce96ea0c830dd3b59936c?s=96&d=wp_user_avatar&r=ge66dff7680db2349fb79ae0cb2d734e3\",\"url\":\"https:\\\/\\\/secure.gravatar.com\\\/avatar\\\/8d1d484eb77cf370a1620f9866681cdba540c9b8439ce96ea0c830dd3b59936c?s=96&d=wp_user_avatar&r=g\",\"contentUrl\":\"https:\\\/\\\/secure.gravatar.com\\\/avatar\\\/8d1d484eb77cf370a1620f9866681cdba540c9b8439ce96ea0c830dd3b59936c?s=96&d=wp_user_avatar&r=g\",\"caption\":\"J\u00f6rg Lichtinger\"},\"url\":\"https:\\\/\\\/www.jazzzeitung.de\\\/cms\\\/author\\\/lichtinger\\\/\"}]}<\/script>\n<!-- \/ Yoast SEO plugin. -->","yoast_head_json":{"title":"Klaviersommer on screen \u2013 Tickets zu gewinnen - JazzZeitung","robots":{"index":"index","follow":"follow","max-snippet":"max-snippet:-1","max-image-preview":"max-image-preview:large","max-video-preview":"max-video-preview:-1"},"canonical":"https:\/\/www.jazzzeitung.de\/cms\/2011\/07\/klaviersommer-on-screen-tickets-zu-gewinnen\/","og_locale":"de_DE","og_type":"article","og_title":"Klaviersommer on screen \u2013 Tickets zu gewinnen - JazzZeitung","og_description":"Die nmz und die jazzzeitung verlosen Tickets f\u00fcr die Cinema Lounge beim Jazzsommer 2011 im Bayerischen Hof in M\u00fcnchen. Die Cinema Lounge ist der t\u00e4gliche &#8222;Opener&#8220; zu den Festival-Konzerten im Night Club und zeigt Konzertaufnahmen aus den Zeiten des M\u00fcnchner Klaviersommers. Am Freitag wird zum Beispiel das legend\u00e4re Gasteig-Konzert von Miles Davis im Jahr 1988 gezeigt. Am Samstag gibt es dann &#8222;Keith Jarrett \u2013 Tokyo Solo&#8220; \u2013 nat\u00fcrlich nicht beim Klaviersommer aufgenommen \u2013 macht aber nix &#8230; Au\u00dferdem im Programm: Stan Getz \u201eThe Final Concert Recording\u201c, Lionel Hampton and His Golden Men of Jazz. Hier geht&#8217;s zur Ticketverlosung.","og_url":"https:\/\/www.jazzzeitung.de\/cms\/2011\/07\/klaviersommer-on-screen-tickets-zu-gewinnen\/","og_site_name":"JazzZeitung","article_publisher":"https:\/\/www.facebook.com\/JazzZeitung\/","article_published_time":"2011-07-19T22:10:24+00:00","og_image":[{"url":"http:\/\/www.jazzzeitung.de\/cms\/wp-content\/uploads\/2011\/07\/tokyo-s.jpg","type":"","width":"","height":""}],"author":"J\u00f6rg Lichtinger","schema":{"@context":"https:\/\/schema.org","@graph":[{"@type":"Article","@id":"https:\/\/www.jazzzeitung.de\/cms\/2011\/07\/klaviersommer-on-screen-tickets-zu-gewinnen\/#article","isPartOf":{"@id":"https:\/\/www.jazzzeitung.de\/cms\/2011\/07\/klaviersommer-on-screen-tickets-zu-gewinnen\/"},"author":{"name":"J\u00f6rg Lichtinger","@id":"https:\/\/www.jazzzeitung.de\/cms\/#\/schema\/person\/4c5aaf486bdcd85db94b9a8b9e026bad"},"headline":"Klaviersommer on screen \u2013 Tickets zu gewinnen","datePublished":"2011-07-19T22:10:24+00:00","mainEntityOfPage":{"@id":"https:\/\/www.jazzzeitung.de\/cms\/2011\/07\/klaviersommer-on-screen-tickets-zu-gewinnen\/"},"wordCount":123,"commentCount":0,"publisher":{"@id":"https:\/\/www.jazzzeitung.de\/cms\/#organization"},"image":{"@id":"https:\/\/www.jazzzeitung.de\/cms\/2011\/07\/klaviersommer-on-screen-tickets-zu-gewinnen\/#primaryimage"},"thumbnailUrl":"http:\/\/www.jazzzeitung.de\/cms\/wp-content\/uploads\/2011\/07\/tokyo-s.jpg","keywords":["Bayerischer Hof","Cinema Lounge","Club","final concert recording","Golden Men of Jazz","Jazzsommer","Jazzzeitung","Keith Jarrett","Klaviersommer","Miles Davis","M\u00fcnchen","night club","nmz","Stan Getz","Tickets","Tokyo Solo"],"articleSection":["Blog"],"inLanguage":"de","potentialAction":[{"@type":"CommentAction","name":"Comment","target":["https:\/\/www.jazzzeitung.de\/cms\/2011\/07\/klaviersommer-on-screen-tickets-zu-gewinnen\/#respond"]}]},{"@type":"WebPage","@id":"https:\/\/www.jazzzeitung.de\/cms\/2011\/07\/klaviersommer-on-screen-tickets-zu-gewinnen\/","url":"https:\/\/www.jazzzeitung.de\/cms\/2011\/07\/klaviersommer-on-screen-tickets-zu-gewinnen\/","name":"Klaviersommer on screen \u2013 Tickets zu gewinnen - JazzZeitung","isPartOf":{"@id":"https:\/\/www.jazzzeitung.de\/cms\/#website"},"primaryImageOfPage":{"@id":"https:\/\/www.jazzzeitung.de\/cms\/2011\/07\/klaviersommer-on-screen-tickets-zu-gewinnen\/#primaryimage"},"image":{"@id":"https:\/\/www.jazzzeitung.de\/cms\/2011\/07\/klaviersommer-on-screen-tickets-zu-gewinnen\/#primaryimage"},"thumbnailUrl":"http:\/\/www.jazzzeitung.de\/cms\/wp-content\/uploads\/2011\/07\/tokyo-s.jpg","datePublished":"2011-07-19T22:10:24+00:00","breadcrumb":{"@id":"https:\/\/www.jazzzeitung.de\/cms\/2011\/07\/klaviersommer-on-screen-tickets-zu-gewinnen\/#breadcrumb"},"inLanguage":"de","potentialAction":[{"@type":"ReadAction","target":["https:\/\/www.jazzzeitung.de\/cms\/2011\/07\/klaviersommer-on-screen-tickets-zu-gewinnen\/"]}]},{"@type":"ImageObject","inLanguage":"de","@id":"https:\/\/www.jazzzeitung.de\/cms\/2011\/07\/klaviersommer-on-screen-tickets-zu-gewinnen\/#primaryimage","url":"http:\/\/www.jazzzeitung.de\/cms\/wp-content\/uploads\/2011\/07\/tokyo-s.jpg","contentUrl":"http:\/\/www.jazzzeitung.de\/cms\/wp-content\/uploads\/2011\/07\/tokyo-s.jpg"},{"@type":"BreadcrumbList","@id":"https:\/\/www.jazzzeitung.de\/cms\/2011\/07\/klaviersommer-on-screen-tickets-zu-gewinnen\/#breadcrumb","itemListElement":[{"@type":"ListItem","position":1,"name":"Startseite","item":"https:\/\/www.jazzzeitung.de\/cms\/"},{"@type":"ListItem","position":2,"name":"Klaviersommer on screen \u2013 Tickets zu gewinnen"}]},{"@type":"WebSite","@id":"https:\/\/www.jazzzeitung.de\/cms\/#website","url":"https:\/\/www.jazzzeitung.de\/cms\/","name":"JazzZeitung","description":"Jazz-News und Jazz-Kontroverses","publisher":{"@id":"https:\/\/www.jazzzeitung.de\/cms\/#organization"},"potentialAction":[{"@type":"SearchAction","target":{"@type":"EntryPoint","urlTemplate":"https:\/\/www.jazzzeitung.de\/cms\/?s={search_term_string}"},"query-input":{"@type":"PropertyValueSpecification","valueRequired":true,"valueName":"search_term_string"}}],"inLanguage":"de"},{"@type":"Organization","@id":"https:\/\/www.jazzzeitung.de\/cms\/#organization","name":"JazzZeitung online","url":"https:\/\/www.jazzzeitung.de\/cms\/","logo":{"@type":"ImageObject","inLanguage":"de","@id":"https:\/\/www.jazzzeitung.de\/cms\/#\/schema\/logo\/image\/","url":"https:\/\/i0.wp.com\/www.jazzzeitung.de\/cms\/wp-content\/uploads\/2015\/08\/JAZZZEITUNGDE_Logo_Neu.png?fit=499%2C200&ssl=1","contentUrl":"https:\/\/i0.wp.com\/www.jazzzeitung.de\/cms\/wp-content\/uploads\/2015\/08\/JAZZZEITUNGDE_Logo_Neu.png?fit=499%2C200&ssl=1","width":499,"height":200,"caption":"JazzZeitung online"},"image":{"@id":"https:\/\/www.jazzzeitung.de\/cms\/#\/schema\/logo\/image\/"},"sameAs":["https:\/\/www.facebook.com\/JazzZeitung\/"]},{"@type":"Person","@id":"https:\/\/www.jazzzeitung.de\/cms\/#\/schema\/person\/4c5aaf486bdcd85db94b9a8b9e026bad","name":"J\u00f6rg Lichtinger","image":{"@type":"ImageObject","inLanguage":"de","@id":"https:\/\/secure.gravatar.com\/avatar\/8d1d484eb77cf370a1620f9866681cdba540c9b8439ce96ea0c830dd3b59936c?s=96&d=wp_user_avatar&r=ge66dff7680db2349fb79ae0cb2d734e3","url":"https:\/\/secure.gravatar.com\/avatar\/8d1d484eb77cf370a1620f9866681cdba540c9b8439ce96ea0c830dd3b59936c?s=96&d=wp_user_avatar&r=g","contentUrl":"https:\/\/secure.gravatar.com\/avatar\/8d1d484eb77cf370a1620f9866681cdba540c9b8439ce96ea0c830dd3b59936c?s=96&d=wp_user_avatar&r=g","caption":"J\u00f6rg Lichtinger"},"url":"https:\/\/www.jazzzeitung.de\/cms\/author\/lichtinger\/"}]}},"wp-worthy-pixel":{"ignored":false,"public":null,"server":null,"url":null},"wp-worthy-type":"normal","jetpack_publicize_connections":[],"cc_featured_image_caption":{"caption_text":false,"source_text":false,"source_url":false},"jetpack_featured_media_url":"","jetpack_shortlink":"https:\/\/wp.me\/p3KEcT-iz","jetpack-related-posts":[{"id":1146,"url":"https:\/\/www.jazzzeitung.de\/cms\/2011\/07\/20-jahre-jazzsommer-im-bayerischen-hof-muenchen\/","url_meta":{"origin":1151,"position":0},"title":"20 Jahre Jazzsommer im Bayerischen Hof M\u00fcnchen","author":"J\u00f6rg Lichtinger","date":"18. Juli 2011","format":false,"excerpt":"Mit dem Konzert von Al Jarreau startet heute der Jazzsommer im Bayerischen Hof in M\u00fcnchen. Als Nachfolger des 1981 gestarteten Vorg\u00e4ngermodells M\u00fcnchner Klaviersommer ist der Jazzsommer zwar erst 2007 an den Start gegangen. Aber bereits seit 1991 ist das Hotel am Promenadenplatz ein Spielort des Klaviersommers gewesen. Das weitere Programm\u2026","rel":"","context":"In &quot;Blog&quot;","block_context":{"text":"Blog","link":"https:\/\/www.jazzzeitung.de\/cms\/thema\/blog\/"},"img":{"alt_text":"Al_Jarreau","src":"https:\/\/i0.wp.com\/www.jazzzeitung.de\/cms\/wp-content\/uploads\/2011\/07\/Al_Jarreau-1023x678.jpg?resize=350%2C200","width":350,"height":200},"classes":[]},{"id":16301,"url":"https:\/\/www.jazzzeitung.de\/cms\/2018\/06\/jazz-sommer-im-bayerischen-hof-23-28-juli-2018\/","url_meta":{"origin":1151,"position":1},"title":"Gewinnen Sie Tickets! JAZZ SOMMER 2018 im Bayerischen Hof","author":"Redaktion JazzZeitung","date":"25. Juni 2018","format":false,"excerpt":"Als Medienpartner des Jazz Sommers im Bayerischen Hof verlosen wir 15 mal 2 Tickets. Versuchen Sie Ihr Gl\u00fcck \u2013 Postkarte oder E-Mail gen\u00fcgen! Das Festival \u201eJazz Sommer im Bayerischen Hof\u201c gilt als offizieller Nachfolger des M\u00fcnchner Klaviersommers, der bis Ende der 90er Jahre Weltstars wie Miles Davis, Sonny Rollins, Keith\u2026","rel":"","context":"In &quot;News&quot;","block_context":{"text":"News","link":"https:\/\/www.jazzzeitung.de\/cms\/thema\/nachrichten\/"},"img":{"alt_text":"","src":"https:\/\/i0.wp.com\/www.jazzzeitung.de\/cms\/wp-content\/uploads\/2018\/06\/manou-gallo-2011-800x500.jpg?fit=800%2C500&ssl=1&resize=350%2C200","width":350,"height":200,"srcset":"https:\/\/i0.wp.com\/www.jazzzeitung.de\/cms\/wp-content\/uploads\/2018\/06\/manou-gallo-2011-800x500.jpg?fit=800%2C500&ssl=1&resize=350%2C200 1x, https:\/\/i0.wp.com\/www.jazzzeitung.de\/cms\/wp-content\/uploads\/2018\/06\/manou-gallo-2011-800x500.jpg?fit=800%2C500&ssl=1&resize=525%2C300 1.5x, https:\/\/i0.wp.com\/www.jazzzeitung.de\/cms\/wp-content\/uploads\/2018\/06\/manou-gallo-2011-800x500.jpg?fit=800%2C500&ssl=1&resize=700%2C400 2x"},"classes":[]},{"id":19847,"url":"https:\/\/www.jazzzeitung.de\/cms\/2019\/06\/gewinnen-sie-tickets-jazz-sommer-2018-im-bayerischen-hof\/","url_meta":{"origin":1151,"position":2},"title":"Gewinnen Sie Tickets! JAZZ SOMMER 2019 im Bayerischen Hof","author":"Redaktion JazzZeitung","date":"20. Juni 2019","format":false,"excerpt":"Als Medienpartner des Jazz Sommers im Bayerischen Hof verlosen wir 15 mal 2 Tickets. Versuchen Sie Ihr Gl\u00fcck \u2013 Postkarte oder E-Mail gen\u00fcgen! Das Festival \u201eJazz Sommer im Bayerischen Hof\u201c gilt als offizieller Nachfolger des M\u00fcnchner Klaviersommers, der bis Ende der 90er Jahre Weltstars wie Miles Davis, Sonny Rollins, Keith\u2026","rel":"","context":"In &quot;News&quot;","block_context":{"text":"News","link":"https:\/\/www.jazzzeitung.de\/cms\/thema\/nachrichten\/"},"img":{"alt_text":"","src":"https:\/\/i0.wp.com\/www.jazzzeitung.de\/cms\/wp-content\/uploads\/2019\/06\/Moshulu_2.jpg?fit=1080%2C810&ssl=1&resize=350%2C200","width":350,"height":200,"srcset":"https:\/\/i0.wp.com\/www.jazzzeitung.de\/cms\/wp-content\/uploads\/2019\/06\/Moshulu_2.jpg?fit=1080%2C810&ssl=1&resize=350%2C200 1x, https:\/\/i0.wp.com\/www.jazzzeitung.de\/cms\/wp-content\/uploads\/2019\/06\/Moshulu_2.jpg?fit=1080%2C810&ssl=1&resize=525%2C300 1.5x, https:\/\/i0.wp.com\/www.jazzzeitung.de\/cms\/wp-content\/uploads\/2019\/06\/Moshulu_2.jpg?fit=1080%2C810&ssl=1&resize=700%2C400 2x, https:\/\/i0.wp.com\/www.jazzzeitung.de\/cms\/wp-content\/uploads\/2019\/06\/Moshulu_2.jpg?fit=1080%2C810&ssl=1&resize=1050%2C600 3x"},"classes":[]},{"id":12603,"url":"https:\/\/www.jazzzeitung.de\/cms\/2017\/06\/gewinnen-sie-tickets-jazz-sommer-im-bayerischen-hof\/","url_meta":{"origin":1151,"position":3},"title":"Gewinnen Sie Tickets: Jazz Sommer im Bayerischen Hof","author":"Redaktion JazzZeitung","date":"7. Juni 2017","format":"gallery","excerpt":"Vom 18. bis 22. Juli findet zum 26. Mal das renommierte Festival in M\u00fcnchen statt. Als Medienpartner des Jazz Sommers im Bayerischen Hof verlosen wir 10 mal 2 Tickets. Versuchen Sie Ihr Gl\u00fcck \u2013 Postkarte oder E-Mail gen\u00fcgen! Teilnahmebedingungen Schicken Sie uns bis zum 10. Juli 2017 eine Postkarte oder\u2026","rel":"","context":"In &quot;Galerie&quot;","block_context":{"text":"Galerie","link":"https:\/\/www.jazzzeitung.de\/cms\/thema\/galerie\/"},"img":{"alt_text":"","src":"https:\/\/i0.wp.com\/www.jazzzeitung.de\/cms\/wp-content\/uploads\/2017\/06\/GATO_PRETO_-_PRESSE_01_1__01.jpg?fit=960%2C1200&ssl=1&resize=350%2C200","width":350,"height":200,"srcset":"https:\/\/i0.wp.com\/www.jazzzeitung.de\/cms\/wp-content\/uploads\/2017\/06\/GATO_PRETO_-_PRESSE_01_1__01.jpg?fit=960%2C1200&ssl=1&resize=350%2C200 1x, https:\/\/i0.wp.com\/www.jazzzeitung.de\/cms\/wp-content\/uploads\/2017\/06\/GATO_PRETO_-_PRESSE_01_1__01.jpg?fit=960%2C1200&ssl=1&resize=525%2C300 1.5x, https:\/\/i0.wp.com\/www.jazzzeitung.de\/cms\/wp-content\/uploads\/2017\/06\/GATO_PRETO_-_PRESSE_01_1__01.jpg?fit=960%2C1200&ssl=1&resize=700%2C400 2x"},"classes":[]},{"id":9610,"url":"https:\/\/www.jazzzeitung.de\/cms\/2016\/07\/news-25-jahre-jazz-sommer-im-bayerischen-hof-loerrach-singt-konzerte-oldenburg\/","url_meta":{"origin":1151,"position":4},"title":"+++ News +++ 25 Jahre Jazz Sommer im Bayerischen Hof +++ L\u00f6rrach singt +++ Konzerte in Oldenburg +++","author":"Redaktion JazzZeitung","date":"5. Juli 2016","format":false,"excerpt":"+++ 25 Jahre Jazz Sommer im Bayerischen Hof in M\u00fcnchen +++ Vor 25 Jahren stieg das Hotel Bayerischer Hof als Mitveranstalter in das vom Pianisten Friedrich Gulda 1981 mitbegr\u00fcndete Traditionsfestival \u201eM\u00fcnchner Klaviersommer\u201c ein. Dies war das Startzeichen f\u00fcr den Jazz im F\u00fcnf-Sterne-Hotel, wobei das Hotel Bayerischer Hof am Anfang nur\u2026","rel":"","context":"In &quot;News&quot;","block_context":{"text":"News","link":"https:\/\/www.jazzzeitung.de\/cms\/thema\/nachrichten\/"},"img":{"alt_text":"miller2","src":"https:\/\/i0.wp.com\/www.jazzzeitung.de\/cms\/wp-content\/uploads\/2016\/07\/miller2-150x150.jpg?resize=350%2C200","width":350,"height":200},"classes":[]},{"id":9487,"url":"https:\/\/www.jazzzeitung.de\/cms\/2016\/06\/der-sommer-naht-im-bayerischen-hof-zum-diesjaehrigen-jazz-sommer\/","url_meta":{"origin":1151,"position":5},"title":"Live im Bayerischen Hof: Der Jazz Sommer 2016 naht mit sonnigem Funk und st\u00fcrmischen Soundgewittern","author":"Redaktion JazzZeitung","date":"12. Juni 2016","format":false,"excerpt":"Wann wird es endlich wieder Sommer? Definitiv ab dem 18.07. im M\u00fcnchner Hotel Bayerischer Hof! Dieses Jahr findet dort zum 25. (!) Mal der traditionelle \u201eJazz Sommer\u201c statt. Die Hintergrundgeschichte dazu ist schnell erz\u00e4hlt: Vor genau 25 Jahren stieg das Hotel Bayerischer Hof mit seiner Location in den 1981 von\u2026","rel":"","context":"In &quot;Bericht&quot;","block_context":{"text":"Bericht","link":"https:\/\/www.jazzzeitung.de\/cms\/thema\/bericht\/"},"img":{"alt_text":"","src":"https:\/\/i0.wp.com\/www.jazzzeitung.de\/cms\/wp-content\/uploads\/2016\/06\/Marcus-Miller-Foto-TJ-Krebs-150x150.jpg?resize=350%2C200","width":350,"height":200},"classes":[]}],"jetpack_sharing_enabled":true,"_links":{"self":[{"href":"https:\/\/www.jazzzeitung.de\/cms\/wp-json\/wp\/v2\/posts\/1151","targetHints":{"allow":["GET"]}}],"collection":[{"href":"https:\/\/www.jazzzeitung.de\/cms\/wp-json\/wp\/v2\/posts"}],"about":[{"href":"https:\/\/www.jazzzeitung.de\/cms\/wp-json\/wp\/v2\/types\/post"}],"author":[{"embeddable":true,"href":"https:\/\/www.jazzzeitung.de\/cms\/wp-json\/wp\/v2\/users\/4"}],"replies":[{"embeddable":true,"href":"https:\/\/www.jazzzeitung.de\/cms\/wp-json\/wp\/v2\/comments?post=1151"}],"version-history":[{"count":0,"href":"https:\/\/www.jazzzeitung.de\/cms\/wp-json\/wp\/v2\/posts\/1151\/revisions"}],"wp:attachment":[{"href":"https:\/\/www.jazzzeitung.de\/cms\/wp-json\/wp\/v2\/media?parent=1151"}],"wp:term":[{"taxonomy":"category","embeddable":true,"href":"https:\/\/www.jazzzeitung.de\/cms\/wp-json\/wp\/v2\/categories?post=1151"},{"taxonomy":"post_tag","embeddable":true,"href":"https:\/\/www.jazzzeitung.de\/cms\/wp-json\/wp\/v2\/tags?post=1151"},{"taxonomy":"author","embeddable":true,"href":"https:\/\/www.jazzzeitung.de\/cms\/wp-json\/wp\/v2\/coauthors?post=1151"}],"curies":[{"name":"wp","href":"https:\/\/api.w.org\/{rel}","templated":true}]}}