{"id":11341,"date":"2016-12-13T11:30:40","date_gmt":"2016-12-13T10:30:40","guid":{"rendered":"http:\/\/www.jazzzeitung.de\/cms\/?p=11341"},"modified":"2016-12-13T11:59:16","modified_gmt":"2016-12-13T10:59:16","slug":"initiative-musik-foerdert-34-projekte-von-pop-bis-jazz","status":"publish","type":"post","link":"https:\/\/www.jazzzeitung.de\/cms\/2016\/12\/initiative-musik-foerdert-34-projekte-von-pop-bis-jazz\/","title":{"rendered":"Initiative Musik f\u00f6rdert 34 Projekte von Pop bis Jazz"},"content":{"rendered":"<ul>\n<li>\n<figure id=\"attachment_11342\" aria-describedby=\"caption-attachment-11342\" style=\"width: 150px\" class=\"wp-caption alignright\"><a href=\"https:\/\/i0.wp.com\/www.jazzzeitung.de\/cms\/wp-content\/uploads\/2016\/12\/Jury_KS_Ausschnitt_web1200.jpg\"><img data-recalc-dims=\"1\" loading=\"lazy\" decoding=\"async\" data-attachment-id=\"11342\" data-permalink=\"https:\/\/www.jazzzeitung.de\/cms\/2016\/12\/initiative-musik-foerdert-34-projekte-von-pop-bis-jazz\/jury_ks_ausschnitt_web1200\/\" data-orig-file=\"https:\/\/i0.wp.com\/www.jazzzeitung.de\/cms\/wp-content\/uploads\/2016\/12\/Jury_KS_Ausschnitt_web1200.jpg?fit=1200%2C801&amp;ssl=1\" data-orig-size=\"1200,801\" data-comments-opened=\"1\" data-image-meta=\"{&quot;aperture&quot;:&quot;0&quot;,&quot;credit&quot;:&quot;&quot;,&quot;camera&quot;:&quot;&quot;,&quot;caption&quot;:&quot;&quot;,&quot;created_timestamp&quot;:&quot;0&quot;,&quot;copyright&quot;:&quot;&quot;,&quot;focal_length&quot;:&quot;0&quot;,&quot;iso&quot;:&quot;0&quot;,&quot;shutter_speed&quot;:&quot;0&quot;,&quot;title&quot;:&quot;&quot;,&quot;orientation&quot;:&quot;0&quot;}\" data-image-title=\"F\u00f6rderjury Initiative Musik -von links nach rechts: Elke Kuhlen, Florian Brauch, Joe Chialo, Frank Dostal, Ueli H\u00e4fliger, Mark Chung, Dr. Ralf Weigand, Silke Eberhard, Gudrun Gut, Stefanie Marcus, Michelle Leonard, Oliver von Felbert\" data-image-description=\"\" data-image-caption=\"&lt;p&gt;F\u00f6rderjury Initiative Musik -von links nach rechts: Elke Kuhlen, Florian Brauch, Joe Chialo, Frank Dostal, Ueli H\u00e4fliger, Mark Chung, Dr. Ralf Weigand, Silke Eberhard, Gudrun Gut, Stefanie Marcus, Michelle Leonard, Oliver von Felbert&lt;\/p&gt;\n\" data-large-file=\"https:\/\/i0.wp.com\/www.jazzzeitung.de\/cms\/wp-content\/uploads\/2016\/12\/Jury_KS_Ausschnitt_web1200.jpg?fit=840%2C560&amp;ssl=1\" class=\"size-thumbnail wp-image-11342\" src=\"https:\/\/i0.wp.com\/www.jazzzeitung.de\/cms\/wp-content\/uploads\/2016\/12\/Jury_KS_Ausschnitt_web1200-150x150.jpg?resize=150%2C150\" alt=\"\" width=\"150\" height=\"150\" srcset=\"https:\/\/i0.wp.com\/www.jazzzeitung.de\/cms\/wp-content\/uploads\/2016\/12\/Jury_KS_Ausschnitt_web1200.jpg?resize=150%2C150&amp;ssl=1 150w, https:\/\/i0.wp.com\/www.jazzzeitung.de\/cms\/wp-content\/uploads\/2016\/12\/Jury_KS_Ausschnitt_web1200.jpg?resize=144%2C144&amp;ssl=1 144w, https:\/\/i0.wp.com\/www.jazzzeitung.de\/cms\/wp-content\/uploads\/2016\/12\/Jury_KS_Ausschnitt_web1200.jpg?resize=96%2C96&amp;ssl=1 96w, https:\/\/i0.wp.com\/www.jazzzeitung.de\/cms\/wp-content\/uploads\/2016\/12\/Jury_KS_Ausschnitt_web1200.jpg?resize=24%2C24&amp;ssl=1 24w, https:\/\/i0.wp.com\/www.jazzzeitung.de\/cms\/wp-content\/uploads\/2016\/12\/Jury_KS_Ausschnitt_web1200.jpg?resize=36%2C36&amp;ssl=1 36w, https:\/\/i0.wp.com\/www.jazzzeitung.de\/cms\/wp-content\/uploads\/2016\/12\/Jury_KS_Ausschnitt_web1200.jpg?resize=48%2C48&amp;ssl=1 48w, https:\/\/i0.wp.com\/www.jazzzeitung.de\/cms\/wp-content\/uploads\/2016\/12\/Jury_KS_Ausschnitt_web1200.jpg?resize=64%2C64&amp;ssl=1 64w, https:\/\/i0.wp.com\/www.jazzzeitung.de\/cms\/wp-content\/uploads\/2016\/12\/Jury_KS_Ausschnitt_web1200.jpg?resize=32%2C32&amp;ssl=1 32w, https:\/\/i0.wp.com\/www.jazzzeitung.de\/cms\/wp-content\/uploads\/2016\/12\/Jury_KS_Ausschnitt_web1200.jpg?resize=50%2C50&amp;ssl=1 50w, https:\/\/i0.wp.com\/www.jazzzeitung.de\/cms\/wp-content\/uploads\/2016\/12\/Jury_KS_Ausschnitt_web1200.jpg?resize=128%2C128&amp;ssl=1 128w, https:\/\/i0.wp.com\/www.jazzzeitung.de\/cms\/wp-content\/uploads\/2016\/12\/Jury_KS_Ausschnitt_web1200.jpg?zoom=2&amp;resize=150%2C150&amp;ssl=1 300w, https:\/\/i0.wp.com\/www.jazzzeitung.de\/cms\/wp-content\/uploads\/2016\/12\/Jury_KS_Ausschnitt_web1200.jpg?zoom=3&amp;resize=150%2C150&amp;ssl=1 450w\" sizes=\"auto, (max-width: 150px) 100vw, 150px\" \/><\/a><figcaption id=\"caption-attachment-11342\" class=\"wp-caption-text\">Die F\u00f6rderjury der Initiative Musik.<\/figcaption><\/figure>\n<p>F\u00f6rderung f\u00fcr 32 K\u00fcnstler- und 2 Infrastrukturprojekte<\/li>\n<li>390.000 Euro F\u00f6rdergelder f\u00fcr Projekte aus 10 Bundesl\u00e4ndern<\/li>\n<li>Abgabeschluss 37. F\u00f6rderrunde: 17. Januar 2017<\/li>\n<\/ul>\n<p>Die Initiative Musik, F\u00f6rder- und Musikexportb\u00fcro der Bundesregierung und Musikwirtschaft, engagiert sich seit 2008 f\u00fcr eine lebendige Rock-, Pop- und Jazzmusikszene in Deutschland. In ihrer aktuellen Runde der K\u00fcnstler- und Infrastrukturf\u00f6rderung sagt sie Unterst\u00fctzung f\u00fcr 34 Projekte aus 10 Bundesl\u00e4ndern zu, einschlie\u00dflich der beiden Infrastrukturprojekte German Jazz Expo bei der jazzahead! 2017 sowie die Konferenz der Initiative Urheberrecht &#8222;Digitale Plattformen \u2013 Chance und Probleme.&#8220; Die F\u00f6rderprogramme der Initiative Musik bieten den aufstrebenden K\u00fcnstlern und ihren musikwirtschaftlichen Partnern finanzielle Freir\u00e4ume und somit \u201eHilfe zur Selbsthilfe&#8220;. Mit ihren F\u00f6rderprogrammen f\u00fcr K\u00fcnstler und Livemusikclubs hat die Initiative Musik in den letzten 8 Jahren bereits \u00fcber 1.900 Projekte von Rock bis Jazz unterst\u00fctzt \u2013 darunter zum Beispiel die mittlerweile etablierten Acts Balbina, Prinz Pi oder Boy. Die Projektmittel f\u00fcr die K\u00fcnstler- und Infrastrukturf\u00f6rderung stellt die Beauftragte der Bundesregierung f\u00fcr Kultur und Medien zur Verf\u00fcgung. Die Initiative Musik wird getragen von der Gesellschaft zur Verwertung von Leistungsschutzrechten (GVL) und dem Deutschen Musikrat sowie finanziell unterst\u00fctzt von GVL und GEMA. Allein f\u00fcr die K\u00fcnstler-, Infrastrukturf\u00f6rderung und Eigenprojekte stehen der Initiative Musik 2017 insgesamt 3 Millionen Euro zur Verf\u00fcgung.<\/p>\n<p>&nbsp;<\/p>\n<p><strong>36. F\u00f6rderrunde im \u00dcberblick<\/strong><\/p>\n<p><strong>K\u00fcnstlerf\u00f6rderung<\/strong><\/p>\n<ol>\n<li>Alex Stolze, Brandenburg<\/li>\n<li>and the golden choir, Berlin<\/li>\n<li>Contrast Trio, Hessen<\/li>\n<li>Ego Super, Niedersachsen<\/li>\n<li>Egolaut, Sachsen<\/li>\n<li>Emma6, Nordrhein-Westfalen<\/li>\n<li>Fortuna Ehrenfeld, Nordrhein-Westfalen<\/li>\n<li>Giant Rooks, Nordrhein-Westfalen<\/li>\n<li>Hans Maria Richter, Hamburg<\/li>\n<li>June Coc\u00f3, Sachsen<\/li>\n<li>Kianush, Nordrhein-Westfalen<\/li>\n<li>Lirr, Schleswig-Holstein<\/li>\n<li>LIZZY, Berlin<\/li>\n<li>Luca Vasta, Berlin<\/li>\n<li>Mad Hatters Daughter, Hamburg<\/li>\n<li>Marvin Brooks, Berlin<\/li>\n<li>Marvin Game, Berlin<\/li>\n<li>MEUTE, Hamburg<\/li>\n<li>Mister Me, Berlin<\/li>\n<li>Neufundland, Nordrhein-Westfalen<\/li>\n<li>Newmen, Hessen<\/li>\n<li>Rebecca Trescher Ensemble 11, Bayern<\/li>\n<li>Resist The Ocean, Bayern<\/li>\n<li>RHONDA, Hamburg<\/li>\n<li>Schneider Kacirek, Hamburg<\/li>\n<li>Stepfather Fred, Bayern<\/li>\n<li>Sven Helbig, Sachsen<\/li>\n<li>The Moonband,Bayern<\/li>\n<li>The Prosecution, Bayern<\/li>\n<li>Voodoo Chanel, Nordrhein-Westfalen<\/li>\n<li>WUCAN, Sachsen<\/li>\n<li>Xul Zolar, Nordrhein-Westfalen<\/li>\n<\/ol>\n<p><strong>Infrastrukturf\u00f6rderung<\/strong><\/p>\n<ol>\n<li>German Jazz Expo &#8211; jazzahead! 2017<\/li>\n<li>Konferenz &#8222;Digitale Plattformen \u2013 Chance und Probleme&#8220; &#8211; Initiative Urheberrecht<\/li>\n<\/ol>\n<p>&nbsp;<\/p>\n<p><span style=\"border-radius: 2px; text-indent: 20px; width: auto; padding: 0px 4px 0px 0px; text-align: center; font: bold 11px\/20px 'Helvetica Neue',Helvetica,sans-serif; color: #ffffff; background: #bd081c no-repeat scroll 3px 50% \/ 14px 14px; position: absolute; opacity: 1; z-index: 8675309; display: none; cursor: pointer;\">Merken<\/span><\/p>\n","protected":false},"excerpt":{"rendered":"<p>F\u00f6rderung f\u00fcr 32 K\u00fcnstler- und 2 Infrastrukturprojekte 390.000 Euro F\u00f6rdergelder f\u00fcr Projekte aus 10 Bundesl\u00e4ndern Abgabeschluss 37. F\u00f6rderrunde: 17. Januar 2017 Die Initiative Musik, F\u00f6rder- und Musikexportb\u00fcro der Bundesregierung und Musikwirtschaft, engagiert sich seit 2008 f\u00fcr eine lebendige Rock-, Pop- und Jazzmusikszene in Deutschland. In ihrer aktuellen Runde der K\u00fcnstler- und Infrastrukturf\u00f6rderung sagt sie Unterst\u00fctzung f\u00fcr 34 Projekte aus 10 Bundesl\u00e4ndern zu, einschlie\u00dflich der beiden Infrastrukturprojekte German Jazz Expo bei der jazzahead! 2017 sowie die Konferenz der Initiative Urheberrecht &#8222;Digitale Plattformen \u2013 Chance und Probleme.&#8220; Die F\u00f6rderprogramme der Initiative Musik bieten den aufstrebenden K\u00fcnstlern und ihren musikwirtschaftlichen Partnern finanzielle Freir\u00e4ume und somit \u201eHilfe zur Selbsthilfe&#8220;. Mit ihren F\u00f6rderprogrammen f\u00fcr K\u00fcnstler und Livemusikclubs hat die Initiative Musik in den letzten 8 Jahren bereits \u00fcber 1.900 Projekte von Rock bis Jazz unterst\u00fctzt \u2013 darunter zum Beispiel die mittlerweile etablierten Acts Balbina, Prinz Pi oder Boy. Die Projektmittel f\u00fcr die K\u00fcnstler- und Infrastrukturf\u00f6rderung stellt die Beauftragte der Bundesregierung f\u00fcr Kultur und Medien zur Verf\u00fcgung. Die Initiative Musik wird getragen von der Gesellschaft zur Verwertung von Leistungsschutzrechten (GVL) und dem Deutschen Musikrat sowie finanziell unterst\u00fctzt von GVL und GEMA. &hellip;<\/p>\n","protected":false},"author":18,"featured_media":0,"comment_status":"open","ping_status":"closed","sticky":false,"template":"","format":"standard","meta":{"_jetpack_memberships_contains_paid_content":false,"footnotes":"","jetpack_publicize_message":"","jetpack_publicize_feature_enabled":true,"jetpack_social_post_already_shared":false,"jetpack_social_options":{"image_generator_settings":{"template":"highway","default_image_id":0,"font":"","enabled":false},"version":2}},"categories":[633],"tags":[1798,66,103,137,194,692,200,215,241,268,1446,327,818,447,1250,482,490,1356,574],"coauthors":[695],"class_list":["post-11341","post","type-post","status-publish","format-standard","hentry","category-nachrichten","tag-bayern","tag-berlin","tag-bundesregierung","tag-deutschland","tag-gema","tag-german-jazz-expo","tag-gesellschaft","tag-hamburg","tag-initiative-musik","tag-jazzahead","tag-jazzahead-2017","tag-kultur","tag-nordrhein-westfalen","tag-pop","tag-rock","tag-sachsen","tag-schleswig-holstein","tag-trio","tag-urheberrecht"],"yoast_head":"<!-- This site is optimized with the Yoast SEO plugin v27.5 - https:\/\/yoast.com\/product\/yoast-seo-wordpress\/ -->\n<title>Initiative Musik f\u00f6rdert 34 Projekte von Pop bis Jazz - JazzZeitung<\/title>\n<meta name=\"robots\" content=\"index, follow, max-snippet:-1, max-image-preview:large, max-video-preview:-1\" \/>\n<link rel=\"canonical\" href=\"https:\/\/www.jazzzeitung.de\/cms\/2016\/12\/initiative-musik-foerdert-34-projekte-von-pop-bis-jazz\/\" \/>\n<meta property=\"og:locale\" content=\"de_DE\" \/>\n<meta property=\"og:type\" content=\"article\" \/>\n<meta property=\"og:title\" content=\"Initiative Musik f\u00f6rdert 34 Projekte von Pop bis Jazz - JazzZeitung\" \/>\n<meta property=\"og:description\" content=\"F\u00f6rderung f\u00fcr 32 K\u00fcnstler- und 2 Infrastrukturprojekte 390.000 Euro F\u00f6rdergelder f\u00fcr Projekte aus 10 Bundesl\u00e4ndern Abgabeschluss 37. F\u00f6rderrunde: 17. Januar 2017 Die Initiative Musik, F\u00f6rder- und Musikexportb\u00fcro der Bundesregierung und Musikwirtschaft, engagiert sich seit 2008 f\u00fcr eine lebendige Rock-, Pop- und Jazzmusikszene in Deutschland. In ihrer aktuellen Runde der K\u00fcnstler- und Infrastrukturf\u00f6rderung sagt sie Unterst\u00fctzung f\u00fcr 34 Projekte aus 10 Bundesl\u00e4ndern zu, einschlie\u00dflich der beiden Infrastrukturprojekte German Jazz Expo bei der jazzahead! 2017 sowie die Konferenz der Initiative Urheberrecht &#8222;Digitale Plattformen \u2013 Chance und Probleme.&#8220; Die F\u00f6rderprogramme der Initiative Musik bieten den aufstrebenden K\u00fcnstlern und ihren musikwirtschaftlichen Partnern finanzielle Freir\u00e4ume und somit \u201eHilfe zur Selbsthilfe&#8220;. Mit ihren F\u00f6rderprogrammen f\u00fcr K\u00fcnstler und Livemusikclubs hat die Initiative Musik in den letzten 8 Jahren bereits \u00fcber 1.900 Projekte von Rock bis Jazz unterst\u00fctzt \u2013 darunter zum Beispiel die mittlerweile etablierten Acts Balbina, Prinz Pi oder Boy. Die Projektmittel f\u00fcr die K\u00fcnstler- und Infrastrukturf\u00f6rderung stellt die Beauftragte der Bundesregierung f\u00fcr Kultur und Medien zur Verf\u00fcgung. Die Initiative Musik wird getragen von der Gesellschaft zur Verwertung von Leistungsschutzrechten (GVL) und dem Deutschen Musikrat sowie finanziell unterst\u00fctzt von GVL und GEMA. &hellip;\" \/>\n<meta property=\"og:url\" content=\"https:\/\/www.jazzzeitung.de\/cms\/2016\/12\/initiative-musik-foerdert-34-projekte-von-pop-bis-jazz\/\" \/>\n<meta property=\"og:site_name\" content=\"JazzZeitung\" \/>\n<meta property=\"article:publisher\" content=\"https:\/\/www.facebook.com\/JazzZeitung\/\" \/>\n<meta property=\"article:published_time\" content=\"2016-12-13T10:30:40+00:00\" \/>\n<meta property=\"article:modified_time\" content=\"2016-12-13T10:59:16+00:00\" \/>\n<meta property=\"og:image\" content=\"http:\/\/www.jazzzeitung.de\/cms\/wp-content\/uploads\/2016\/12\/Jury_KS_Ausschnitt_web1200-150x150.jpg\" \/>\n<meta name=\"author\" content=\"Redaktion JazzZeitung\" \/>\n<script type=\"application\/ld+json\" class=\"yoast-schema-graph\">{\"@context\":\"https:\\\/\\\/schema.org\",\"@graph\":[{\"@type\":\"Article\",\"@id\":\"https:\\\/\\\/www.jazzzeitung.de\\\/cms\\\/2016\\\/12\\\/initiative-musik-foerdert-34-projekte-von-pop-bis-jazz\\\/#article\",\"isPartOf\":{\"@id\":\"https:\\\/\\\/www.jazzzeitung.de\\\/cms\\\/2016\\\/12\\\/initiative-musik-foerdert-34-projekte-von-pop-bis-jazz\\\/\"},\"author\":{\"name\":\"Redaktion JazzZeitung\",\"@id\":\"https:\\\/\\\/www.jazzzeitung.de\\\/cms\\\/#\\\/schema\\\/person\\\/2245b36b9cd1d24cea10f01c031fb92b\"},\"headline\":\"Initiative Musik f\u00f6rdert 34 Projekte von Pop bis Jazz\",\"datePublished\":\"2016-12-13T10:30:40+00:00\",\"dateModified\":\"2016-12-13T10:59:16+00:00\",\"mainEntityOfPage\":{\"@id\":\"https:\\\/\\\/www.jazzzeitung.de\\\/cms\\\/2016\\\/12\\\/initiative-musik-foerdert-34-projekte-von-pop-bis-jazz\\\/\"},\"wordCount\":359,\"commentCount\":0,\"publisher\":{\"@id\":\"https:\\\/\\\/www.jazzzeitung.de\\\/cms\\\/#organization\"},\"image\":{\"@id\":\"https:\\\/\\\/www.jazzzeitung.de\\\/cms\\\/2016\\\/12\\\/initiative-musik-foerdert-34-projekte-von-pop-bis-jazz\\\/#primaryimage\"},\"thumbnailUrl\":\"http:\\\/\\\/www.jazzzeitung.de\\\/cms\\\/wp-content\\\/uploads\\\/2016\\\/12\\\/Jury_KS_Ausschnitt_web1200-150x150.jpg\",\"keywords\":[\"Bayern\",\"Berlin\",\"Bundesregierung\",\"Deutschland\",\"GEMA\",\"German Jazz Expo\",\"Gesellschaft\",\"Hamburg\",\"Initiative Musik\",\"Jazzahead\",\"jazzahead! 2017\",\"Kultur\",\"Nordrhein-Westfalen\",\"Pop\",\"Rock\",\"Sachsen\",\"Schleswig-Holstein\",\"trio\",\"Urheberrecht\"],\"articleSection\":[\"News\"],\"inLanguage\":\"de\",\"potentialAction\":[{\"@type\":\"CommentAction\",\"name\":\"Comment\",\"target\":[\"https:\\\/\\\/www.jazzzeitung.de\\\/cms\\\/2016\\\/12\\\/initiative-musik-foerdert-34-projekte-von-pop-bis-jazz\\\/#respond\"]}]},{\"@type\":\"WebPage\",\"@id\":\"https:\\\/\\\/www.jazzzeitung.de\\\/cms\\\/2016\\\/12\\\/initiative-musik-foerdert-34-projekte-von-pop-bis-jazz\\\/\",\"url\":\"https:\\\/\\\/www.jazzzeitung.de\\\/cms\\\/2016\\\/12\\\/initiative-musik-foerdert-34-projekte-von-pop-bis-jazz\\\/\",\"name\":\"Initiative Musik f\u00f6rdert 34 Projekte von Pop bis Jazz - JazzZeitung\",\"isPartOf\":{\"@id\":\"https:\\\/\\\/www.jazzzeitung.de\\\/cms\\\/#website\"},\"primaryImageOfPage\":{\"@id\":\"https:\\\/\\\/www.jazzzeitung.de\\\/cms\\\/2016\\\/12\\\/initiative-musik-foerdert-34-projekte-von-pop-bis-jazz\\\/#primaryimage\"},\"image\":{\"@id\":\"https:\\\/\\\/www.jazzzeitung.de\\\/cms\\\/2016\\\/12\\\/initiative-musik-foerdert-34-projekte-von-pop-bis-jazz\\\/#primaryimage\"},\"thumbnailUrl\":\"http:\\\/\\\/www.jazzzeitung.de\\\/cms\\\/wp-content\\\/uploads\\\/2016\\\/12\\\/Jury_KS_Ausschnitt_web1200-150x150.jpg\",\"datePublished\":\"2016-12-13T10:30:40+00:00\",\"dateModified\":\"2016-12-13T10:59:16+00:00\",\"breadcrumb\":{\"@id\":\"https:\\\/\\\/www.jazzzeitung.de\\\/cms\\\/2016\\\/12\\\/initiative-musik-foerdert-34-projekte-von-pop-bis-jazz\\\/#breadcrumb\"},\"inLanguage\":\"de\",\"potentialAction\":[{\"@type\":\"ReadAction\",\"target\":[\"https:\\\/\\\/www.jazzzeitung.de\\\/cms\\\/2016\\\/12\\\/initiative-musik-foerdert-34-projekte-von-pop-bis-jazz\\\/\"]}]},{\"@type\":\"ImageObject\",\"inLanguage\":\"de\",\"@id\":\"https:\\\/\\\/www.jazzzeitung.de\\\/cms\\\/2016\\\/12\\\/initiative-musik-foerdert-34-projekte-von-pop-bis-jazz\\\/#primaryimage\",\"url\":\"http:\\\/\\\/www.jazzzeitung.de\\\/cms\\\/wp-content\\\/uploads\\\/2016\\\/12\\\/Jury_KS_Ausschnitt_web1200-150x150.jpg\",\"contentUrl\":\"http:\\\/\\\/www.jazzzeitung.de\\\/cms\\\/wp-content\\\/uploads\\\/2016\\\/12\\\/Jury_KS_Ausschnitt_web1200-150x150.jpg\"},{\"@type\":\"BreadcrumbList\",\"@id\":\"https:\\\/\\\/www.jazzzeitung.de\\\/cms\\\/2016\\\/12\\\/initiative-musik-foerdert-34-projekte-von-pop-bis-jazz\\\/#breadcrumb\",\"itemListElement\":[{\"@type\":\"ListItem\",\"position\":1,\"name\":\"Startseite\",\"item\":\"https:\\\/\\\/www.jazzzeitung.de\\\/cms\\\/\"},{\"@type\":\"ListItem\",\"position\":2,\"name\":\"Initiative Musik f\u00f6rdert 34 Projekte von Pop bis Jazz\"}]},{\"@type\":\"WebSite\",\"@id\":\"https:\\\/\\\/www.jazzzeitung.de\\\/cms\\\/#website\",\"url\":\"https:\\\/\\\/www.jazzzeitung.de\\\/cms\\\/\",\"name\":\"JazzZeitung\",\"description\":\"Jazz-News und Jazz-Kontroverses\",\"publisher\":{\"@id\":\"https:\\\/\\\/www.jazzzeitung.de\\\/cms\\\/#organization\"},\"potentialAction\":[{\"@type\":\"SearchAction\",\"target\":{\"@type\":\"EntryPoint\",\"urlTemplate\":\"https:\\\/\\\/www.jazzzeitung.de\\\/cms\\\/?s={search_term_string}\"},\"query-input\":{\"@type\":\"PropertyValueSpecification\",\"valueRequired\":true,\"valueName\":\"search_term_string\"}}],\"inLanguage\":\"de\"},{\"@type\":\"Organization\",\"@id\":\"https:\\\/\\\/www.jazzzeitung.de\\\/cms\\\/#organization\",\"name\":\"JazzZeitung online\",\"url\":\"https:\\\/\\\/www.jazzzeitung.de\\\/cms\\\/\",\"logo\":{\"@type\":\"ImageObject\",\"inLanguage\":\"de\",\"@id\":\"https:\\\/\\\/www.jazzzeitung.de\\\/cms\\\/#\\\/schema\\\/logo\\\/image\\\/\",\"url\":\"https:\\\/\\\/i0.wp.com\\\/www.jazzzeitung.de\\\/cms\\\/wp-content\\\/uploads\\\/2015\\\/08\\\/JAZZZEITUNGDE_Logo_Neu.png?fit=499%2C200&ssl=1\",\"contentUrl\":\"https:\\\/\\\/i0.wp.com\\\/www.jazzzeitung.de\\\/cms\\\/wp-content\\\/uploads\\\/2015\\\/08\\\/JAZZZEITUNGDE_Logo_Neu.png?fit=499%2C200&ssl=1\",\"width\":499,\"height\":200,\"caption\":\"JazzZeitung online\"},\"image\":{\"@id\":\"https:\\\/\\\/www.jazzzeitung.de\\\/cms\\\/#\\\/schema\\\/logo\\\/image\\\/\"},\"sameAs\":[\"https:\\\/\\\/www.facebook.com\\\/JazzZeitung\\\/\"]},{\"@type\":\"Person\",\"@id\":\"https:\\\/\\\/www.jazzzeitung.de\\\/cms\\\/#\\\/schema\\\/person\\\/2245b36b9cd1d24cea10f01c031fb92b\",\"name\":\"Redaktion JazzZeitung\",\"image\":{\"@type\":\"ImageObject\",\"inLanguage\":\"de\",\"@id\":\"https:\\\/\\\/i0.wp.com\\\/www.jazzzeitung.de\\\/cms\\\/wp-content\\\/uploads\\\/2015\\\/08\\\/JAZZZEITUNGDE_Logo_Neu.png?resize=96%2C96&ssl=159975dcacb611b5700bd619b5daf0a7a\",\"url\":\"https:\\\/\\\/i0.wp.com\\\/www.jazzzeitung.de\\\/cms\\\/wp-content\\\/uploads\\\/2015\\\/08\\\/JAZZZEITUNGDE_Logo_Neu.png?resize=96%2C96&ssl=1\",\"contentUrl\":\"https:\\\/\\\/i0.wp.com\\\/www.jazzzeitung.de\\\/cms\\\/wp-content\\\/uploads\\\/2015\\\/08\\\/JAZZZEITUNGDE_Logo_Neu.png?resize=96%2C96&ssl=1\",\"caption\":\"Redaktion JazzZeitung\"},\"description\":\"Artikel der Redaktion der JazzZeitung.\",\"sameAs\":[\"http:\\\/\\\/www.jazzzeitung.de\\\/cms\\\/\"],\"url\":\"https:\\\/\\\/www.jazzzeitung.de\\\/cms\\\/author\\\/redaktion\\\/\"}]}<\/script>\n<!-- \/ Yoast SEO plugin. -->","yoast_head_json":{"title":"Initiative Musik f\u00f6rdert 34 Projekte von Pop bis Jazz - JazzZeitung","robots":{"index":"index","follow":"follow","max-snippet":"max-snippet:-1","max-image-preview":"max-image-preview:large","max-video-preview":"max-video-preview:-1"},"canonical":"https:\/\/www.jazzzeitung.de\/cms\/2016\/12\/initiative-musik-foerdert-34-projekte-von-pop-bis-jazz\/","og_locale":"de_DE","og_type":"article","og_title":"Initiative Musik f\u00f6rdert 34 Projekte von Pop bis Jazz - JazzZeitung","og_description":"F\u00f6rderung f\u00fcr 32 K\u00fcnstler- und 2 Infrastrukturprojekte 390.000 Euro F\u00f6rdergelder f\u00fcr Projekte aus 10 Bundesl\u00e4ndern Abgabeschluss 37. F\u00f6rderrunde: 17. Januar 2017 Die Initiative Musik, F\u00f6rder- und Musikexportb\u00fcro der Bundesregierung und Musikwirtschaft, engagiert sich seit 2008 f\u00fcr eine lebendige Rock-, Pop- und Jazzmusikszene in Deutschland. In ihrer aktuellen Runde der K\u00fcnstler- und Infrastrukturf\u00f6rderung sagt sie Unterst\u00fctzung f\u00fcr 34 Projekte aus 10 Bundesl\u00e4ndern zu, einschlie\u00dflich der beiden Infrastrukturprojekte German Jazz Expo bei der jazzahead! 2017 sowie die Konferenz der Initiative Urheberrecht &#8222;Digitale Plattformen \u2013 Chance und Probleme.&#8220; Die F\u00f6rderprogramme der Initiative Musik bieten den aufstrebenden K\u00fcnstlern und ihren musikwirtschaftlichen Partnern finanzielle Freir\u00e4ume und somit \u201eHilfe zur Selbsthilfe&#8220;. Mit ihren F\u00f6rderprogrammen f\u00fcr K\u00fcnstler und Livemusikclubs hat die Initiative Musik in den letzten 8 Jahren bereits \u00fcber 1.900 Projekte von Rock bis Jazz unterst\u00fctzt \u2013 darunter zum Beispiel die mittlerweile etablierten Acts Balbina, Prinz Pi oder Boy. Die Projektmittel f\u00fcr die K\u00fcnstler- und Infrastrukturf\u00f6rderung stellt die Beauftragte der Bundesregierung f\u00fcr Kultur und Medien zur Verf\u00fcgung. Die Initiative Musik wird getragen von der Gesellschaft zur Verwertung von Leistungsschutzrechten (GVL) und dem Deutschen Musikrat sowie finanziell unterst\u00fctzt von GVL und GEMA. &hellip;","og_url":"https:\/\/www.jazzzeitung.de\/cms\/2016\/12\/initiative-musik-foerdert-34-projekte-von-pop-bis-jazz\/","og_site_name":"JazzZeitung","article_publisher":"https:\/\/www.facebook.com\/JazzZeitung\/","article_published_time":"2016-12-13T10:30:40+00:00","article_modified_time":"2016-12-13T10:59:16+00:00","og_image":[{"url":"http:\/\/www.jazzzeitung.de\/cms\/wp-content\/uploads\/2016\/12\/Jury_KS_Ausschnitt_web1200-150x150.jpg","type":"","width":"","height":""}],"author":"Redaktion JazzZeitung","schema":{"@context":"https:\/\/schema.org","@graph":[{"@type":"Article","@id":"https:\/\/www.jazzzeitung.de\/cms\/2016\/12\/initiative-musik-foerdert-34-projekte-von-pop-bis-jazz\/#article","isPartOf":{"@id":"https:\/\/www.jazzzeitung.de\/cms\/2016\/12\/initiative-musik-foerdert-34-projekte-von-pop-bis-jazz\/"},"author":{"name":"Redaktion JazzZeitung","@id":"https:\/\/www.jazzzeitung.de\/cms\/#\/schema\/person\/2245b36b9cd1d24cea10f01c031fb92b"},"headline":"Initiative Musik f\u00f6rdert 34 Projekte von Pop bis Jazz","datePublished":"2016-12-13T10:30:40+00:00","dateModified":"2016-12-13T10:59:16+00:00","mainEntityOfPage":{"@id":"https:\/\/www.jazzzeitung.de\/cms\/2016\/12\/initiative-musik-foerdert-34-projekte-von-pop-bis-jazz\/"},"wordCount":359,"commentCount":0,"publisher":{"@id":"https:\/\/www.jazzzeitung.de\/cms\/#organization"},"image":{"@id":"https:\/\/www.jazzzeitung.de\/cms\/2016\/12\/initiative-musik-foerdert-34-projekte-von-pop-bis-jazz\/#primaryimage"},"thumbnailUrl":"http:\/\/www.jazzzeitung.de\/cms\/wp-content\/uploads\/2016\/12\/Jury_KS_Ausschnitt_web1200-150x150.jpg","keywords":["Bayern","Berlin","Bundesregierung","Deutschland","GEMA","German Jazz Expo","Gesellschaft","Hamburg","Initiative Musik","Jazzahead","jazzahead! 2017","Kultur","Nordrhein-Westfalen","Pop","Rock","Sachsen","Schleswig-Holstein","trio","Urheberrecht"],"articleSection":["News"],"inLanguage":"de","potentialAction":[{"@type":"CommentAction","name":"Comment","target":["https:\/\/www.jazzzeitung.de\/cms\/2016\/12\/initiative-musik-foerdert-34-projekte-von-pop-bis-jazz\/#respond"]}]},{"@type":"WebPage","@id":"https:\/\/www.jazzzeitung.de\/cms\/2016\/12\/initiative-musik-foerdert-34-projekte-von-pop-bis-jazz\/","url":"https:\/\/www.jazzzeitung.de\/cms\/2016\/12\/initiative-musik-foerdert-34-projekte-von-pop-bis-jazz\/","name":"Initiative Musik f\u00f6rdert 34 Projekte von Pop bis Jazz - JazzZeitung","isPartOf":{"@id":"https:\/\/www.jazzzeitung.de\/cms\/#website"},"primaryImageOfPage":{"@id":"https:\/\/www.jazzzeitung.de\/cms\/2016\/12\/initiative-musik-foerdert-34-projekte-von-pop-bis-jazz\/#primaryimage"},"image":{"@id":"https:\/\/www.jazzzeitung.de\/cms\/2016\/12\/initiative-musik-foerdert-34-projekte-von-pop-bis-jazz\/#primaryimage"},"thumbnailUrl":"http:\/\/www.jazzzeitung.de\/cms\/wp-content\/uploads\/2016\/12\/Jury_KS_Ausschnitt_web1200-150x150.jpg","datePublished":"2016-12-13T10:30:40+00:00","dateModified":"2016-12-13T10:59:16+00:00","breadcrumb":{"@id":"https:\/\/www.jazzzeitung.de\/cms\/2016\/12\/initiative-musik-foerdert-34-projekte-von-pop-bis-jazz\/#breadcrumb"},"inLanguage":"de","potentialAction":[{"@type":"ReadAction","target":["https:\/\/www.jazzzeitung.de\/cms\/2016\/12\/initiative-musik-foerdert-34-projekte-von-pop-bis-jazz\/"]}]},{"@type":"ImageObject","inLanguage":"de","@id":"https:\/\/www.jazzzeitung.de\/cms\/2016\/12\/initiative-musik-foerdert-34-projekte-von-pop-bis-jazz\/#primaryimage","url":"http:\/\/www.jazzzeitung.de\/cms\/wp-content\/uploads\/2016\/12\/Jury_KS_Ausschnitt_web1200-150x150.jpg","contentUrl":"http:\/\/www.jazzzeitung.de\/cms\/wp-content\/uploads\/2016\/12\/Jury_KS_Ausschnitt_web1200-150x150.jpg"},{"@type":"BreadcrumbList","@id":"https:\/\/www.jazzzeitung.de\/cms\/2016\/12\/initiative-musik-foerdert-34-projekte-von-pop-bis-jazz\/#breadcrumb","itemListElement":[{"@type":"ListItem","position":1,"name":"Startseite","item":"https:\/\/www.jazzzeitung.de\/cms\/"},{"@type":"ListItem","position":2,"name":"Initiative Musik f\u00f6rdert 34 Projekte von Pop bis Jazz"}]},{"@type":"WebSite","@id":"https:\/\/www.jazzzeitung.de\/cms\/#website","url":"https:\/\/www.jazzzeitung.de\/cms\/","name":"JazzZeitung","description":"Jazz-News und Jazz-Kontroverses","publisher":{"@id":"https:\/\/www.jazzzeitung.de\/cms\/#organization"},"potentialAction":[{"@type":"SearchAction","target":{"@type":"EntryPoint","urlTemplate":"https:\/\/www.jazzzeitung.de\/cms\/?s={search_term_string}"},"query-input":{"@type":"PropertyValueSpecification","valueRequired":true,"valueName":"search_term_string"}}],"inLanguage":"de"},{"@type":"Organization","@id":"https:\/\/www.jazzzeitung.de\/cms\/#organization","name":"JazzZeitung online","url":"https:\/\/www.jazzzeitung.de\/cms\/","logo":{"@type":"ImageObject","inLanguage":"de","@id":"https:\/\/www.jazzzeitung.de\/cms\/#\/schema\/logo\/image\/","url":"https:\/\/i0.wp.com\/www.jazzzeitung.de\/cms\/wp-content\/uploads\/2015\/08\/JAZZZEITUNGDE_Logo_Neu.png?fit=499%2C200&ssl=1","contentUrl":"https:\/\/i0.wp.com\/www.jazzzeitung.de\/cms\/wp-content\/uploads\/2015\/08\/JAZZZEITUNGDE_Logo_Neu.png?fit=499%2C200&ssl=1","width":499,"height":200,"caption":"JazzZeitung online"},"image":{"@id":"https:\/\/www.jazzzeitung.de\/cms\/#\/schema\/logo\/image\/"},"sameAs":["https:\/\/www.facebook.com\/JazzZeitung\/"]},{"@type":"Person","@id":"https:\/\/www.jazzzeitung.de\/cms\/#\/schema\/person\/2245b36b9cd1d24cea10f01c031fb92b","name":"Redaktion JazzZeitung","image":{"@type":"ImageObject","inLanguage":"de","@id":"https:\/\/i0.wp.com\/www.jazzzeitung.de\/cms\/wp-content\/uploads\/2015\/08\/JAZZZEITUNGDE_Logo_Neu.png?resize=96%2C96&ssl=159975dcacb611b5700bd619b5daf0a7a","url":"https:\/\/i0.wp.com\/www.jazzzeitung.de\/cms\/wp-content\/uploads\/2015\/08\/JAZZZEITUNGDE_Logo_Neu.png?resize=96%2C96&ssl=1","contentUrl":"https:\/\/i0.wp.com\/www.jazzzeitung.de\/cms\/wp-content\/uploads\/2015\/08\/JAZZZEITUNGDE_Logo_Neu.png?resize=96%2C96&ssl=1","caption":"Redaktion JazzZeitung"},"description":"Artikel der Redaktion der JazzZeitung.","sameAs":["http:\/\/www.jazzzeitung.de\/cms\/"],"url":"https:\/\/www.jazzzeitung.de\/cms\/author\/redaktion\/"}]}},"wp-worthy-pixel":{"ignored":false,"public":null,"server":null,"url":null},"wp-worthy-type":"normal","jetpack_publicize_connections":[],"cc_featured_image_caption":{"caption_text":false,"source_text":false,"source_url":false},"jetpack_featured_media_url":"","jetpack_shortlink":"https:\/\/wp.me\/p3KEcT-2WV","jetpack-related-posts":[{"id":18828,"url":"https:\/\/www.jazzzeitung.de\/cms\/2019\/03\/45-foerderrunde-der-initiative-musik-eine-million-euro-fuer-78-musikprojekte\/","url_meta":{"origin":11341,"position":0},"title":"45. F\u00f6rderrunde der Initiative Musik &#8211; eine Million Euro f\u00fcr 78 Musikprojekte","author":"Redaktion JazzZeitung","date":"6. M\u00e4rz 2019","format":false,"excerpt":"In der 45. Runde sagt die Initiative Musik F\u00f6rderung f\u00fcr 78 Projekte aus elf Bundesl\u00e4ndern zu. Finanzielle Unterst\u00fctzung erhalten 70 Musikerinnen und Musiker oder Bands und ihre Partnerunternehmen aus der Musikwirtschaft. Es werden acht Infrastrukturprojekte gef\u00f6rdert, darunter \u201edialog.pop\", die Fachkonferenz f\u00fcr Popmusikf\u00f6rdernde und Popmusikf\u00f6rdergebende am 29. und 30. April 2019\u2026","rel":"","context":"In &quot;News&quot;","block_context":{"text":"News","link":"https:\/\/www.jazzzeitung.de\/cms\/thema\/nachrichten\/"},"img":{"alt_text":"","src":"https:\/\/i0.wp.com\/www.jazzzeitung.de\/cms\/wp-content\/uploads\/2019\/03\/IM-Jury_IniMu.jpg?fit=1200%2C801&ssl=1&resize=350%2C200","width":350,"height":200,"srcset":"https:\/\/i0.wp.com\/www.jazzzeitung.de\/cms\/wp-content\/uploads\/2019\/03\/IM-Jury_IniMu.jpg?fit=1200%2C801&ssl=1&resize=350%2C200 1x, https:\/\/i0.wp.com\/www.jazzzeitung.de\/cms\/wp-content\/uploads\/2019\/03\/IM-Jury_IniMu.jpg?fit=1200%2C801&ssl=1&resize=525%2C300 1.5x, https:\/\/i0.wp.com\/www.jazzzeitung.de\/cms\/wp-content\/uploads\/2019\/03\/IM-Jury_IniMu.jpg?fit=1200%2C801&ssl=1&resize=700%2C400 2x, https:\/\/i0.wp.com\/www.jazzzeitung.de\/cms\/wp-content\/uploads\/2019\/03\/IM-Jury_IniMu.jpg?fit=1200%2C801&ssl=1&resize=1050%2C600 3x"},"classes":[]},{"id":13763,"url":"https:\/\/www.jazzzeitung.de\/cms\/2017\/10\/popmusikfoerderung-initiative-musik-bewilligt-51-projekte-von-pop-bis-jazz\/","url_meta":{"origin":11341,"position":1},"title":"\u201eInitiative Musik\u201c bewilligt F\u00f6rderung f\u00fcr 51 Projekte von Pop bis Jazz","author":"Huflaikhan","date":"12. Oktober 2017","format":false,"excerpt":"Da hat die Wahl zum deutschen Bundestag noch keinen Einfluss. Bestimmte F\u00f6rdereinrichtungen des Bundes laufen und laufen und laufen. Von der Initiative Musik wurden wieder F\u00f6rdergelder bereitgestellt \u2013 und das schon seit 2008. Nach einer ersten Sichtung allerdings gar nicht so sehr umfangreich f\u00fcr den Bereich des Jazz. Vielleicht kommt\u2026","rel":"","context":"In &quot;News&quot;","block_context":{"text":"News","link":"https:\/\/www.jazzzeitung.de\/cms\/thema\/nachrichten\/"},"img":{"alt_text":"Wird auch gef\u00f6rdert: Das Pulsar Trio.","src":"https:\/\/i0.wp.com\/www.jazzzeitung.de\/cms\/wp-content\/uploads\/2017\/10\/Pulsar_Trio_Bild1.jpg?fit=1200%2C653&ssl=1&resize=350%2C200","width":350,"height":200,"srcset":"https:\/\/i0.wp.com\/www.jazzzeitung.de\/cms\/wp-content\/uploads\/2017\/10\/Pulsar_Trio_Bild1.jpg?fit=1200%2C653&ssl=1&resize=350%2C200 1x, https:\/\/i0.wp.com\/www.jazzzeitung.de\/cms\/wp-content\/uploads\/2017\/10\/Pulsar_Trio_Bild1.jpg?fit=1200%2C653&ssl=1&resize=525%2C300 1.5x, https:\/\/i0.wp.com\/www.jazzzeitung.de\/cms\/wp-content\/uploads\/2017\/10\/Pulsar_Trio_Bild1.jpg?fit=1200%2C653&ssl=1&resize=700%2C400 2x, https:\/\/i0.wp.com\/www.jazzzeitung.de\/cms\/wp-content\/uploads\/2017\/10\/Pulsar_Trio_Bild1.jpg?fit=1200%2C653&ssl=1&resize=1050%2C600 3x"},"classes":[]},{"id":14492,"url":"https:\/\/www.jazzzeitung.de\/cms\/2017\/12\/initiative-musik-foerdert-44-projekte-von-pop-bis-jazz\/","url_meta":{"origin":11341,"position":2},"title":"Initiative Musik f\u00f6rdert 44 Projekte von Pop bis Jazz","author":"Redaktion JazzZeitung","date":"11. Dezember 2017","format":false,"excerpt":"In ihrer 40. F\u00f6rderrunde sagt die Initiative Musik Unterst\u00fctzung f\u00fcr 44 Projekte aus elf Bundesl\u00e4ndern zu. \u201eDie sensitive und zugleich ungest\u00fcme Kreativit\u00e4t eines Henrik Schwarz, die epischen Kl\u00e4nge eingebettet in die zart-fesselnde Stimme bei Bayuk oder die beeindruckende Energie von Adam Angst zeigen die spannende Bandbreite in der wir uns\u2026","rel":"","context":"In &quot;News&quot;","block_context":{"text":"News","link":"https:\/\/www.jazzzeitung.de\/cms\/thema\/nachrichten\/"},"img":{"alt_text":"Johannes Bigge Trio.","src":"https:\/\/i0.wp.com\/www.jazzzeitung.de\/cms\/wp-content\/uploads\/2017\/12\/JohannesBiggeTrio_1.jpg?fit=1200%2C800&ssl=1&resize=350%2C200","width":350,"height":200,"srcset":"https:\/\/i0.wp.com\/www.jazzzeitung.de\/cms\/wp-content\/uploads\/2017\/12\/JohannesBiggeTrio_1.jpg?fit=1200%2C800&ssl=1&resize=350%2C200 1x, https:\/\/i0.wp.com\/www.jazzzeitung.de\/cms\/wp-content\/uploads\/2017\/12\/JohannesBiggeTrio_1.jpg?fit=1200%2C800&ssl=1&resize=525%2C300 1.5x, https:\/\/i0.wp.com\/www.jazzzeitung.de\/cms\/wp-content\/uploads\/2017\/12\/JohannesBiggeTrio_1.jpg?fit=1200%2C800&ssl=1&resize=700%2C400 2x, https:\/\/i0.wp.com\/www.jazzzeitung.de\/cms\/wp-content\/uploads\/2017\/12\/JohannesBiggeTrio_1.jpg?fit=1200%2C800&ssl=1&resize=1050%2C600 3x"},"classes":[]},{"id":4575,"url":"https:\/\/www.jazzzeitung.de\/cms\/2014\/09\/spielstaettenprogrammpreis-2014-vergeben\/","url_meta":{"origin":11341,"position":3},"title":"Spielst\u00e4ttenprogrammpreis 2014 vergeben","author":"Redaktion JazzZeitung","date":"18. September 2014","format":false,"excerpt":"F\u00fcr ihre herausragenden Livemusikprogramme wurden gestern am 17. September 2014 in Hamburg 31 Clubs und 27 Veranstaltungsreihen aus Deutschland von Kulturstaatsministerin Monika Gr\u00fctters mit dem Spielst\u00e4ttenprogrammpreis Rock, Pop Jazz 2014 ausgezeichnet. Der bundesweite Preis wurde nach 2013 bereits zum zweiten Mal vergeben. In diesem Jahr gehen an die Spielst\u00e4tten sowie\u2026","rel":"","context":"In &quot;News&quot;","block_context":{"text":"News","link":"https:\/\/www.jazzzeitung.de\/cms\/thema\/nachrichten\/"},"img":{"alt_text":"logo_IM_viereck","src":"https:\/\/i0.wp.com\/www.jazzzeitung.de\/cms\/wp-content\/uploads\/2014\/09\/logo_IM_viereck-150x150.jpg?resize=350%2C200","width":350,"height":200},"classes":[]},{"id":1333,"url":"https:\/\/www.jazzzeitung.de\/cms\/2011\/10\/auszug-aus-der-antwort-der-bunderegierung-iv-jazz\/","url_meta":{"origin":11341,"position":4},"title":"Musikf\u00f6rderung \u2013 Jazz: Wen die Bundesregierung aktuell f\u00f6rdert","author":"J\u00f6rg Lichtinger","date":"10. Oktober 2011","format":false,"excerpt":"In ihrer Antwort auf die Gro\u00dfe Anfrage der SPD-Fraktion des Bundestages zur F\u00f6rderpolitik im Bereich Musik geht die Bundesregierung auch auf die verschiedenen Jazz-Projekte und -Institutionen ein, die aus dem F\u00f6rdertopf Gelder bekommen. Ein Auszug aus dem Papier der Bundesregierung; Zahlen beziehen sich auf das Jahr 2010: 20. Welche speziellen\u2026","rel":"","context":"In &quot;Blog&quot;","block_context":{"text":"Blog","link":"https:\/\/www.jazzzeitung.de\/cms\/thema\/blog\/"},"img":{"alt_text":"","src":"","width":0,"height":0},"classes":[]},{"id":15987,"url":"https:\/\/www.jazzzeitung.de\/cms\/2018\/05\/bewerbungsphase-fuer-applaus-musikpreis-startet\/","url_meta":{"origin":11341,"position":5},"title":"Bewerbungsphase f\u00fcr APPLAUS Musikpreis startet","author":"Redaktion JazzZeitung","date":"10. Mai 2018","format":false,"excerpt":"APPLAUS (Auszeichnung der Programmplanung unabh\u00e4ngiger Spielst\u00e4tten) w\u00fcrdigt zum sechsten Mal bundesweit kulturell herausragende Livemusikprogramme. Die Bewerbungsphase startet am 14. Mai und l\u00e4uft bis 22. Juni 2018. Mit dem Musikpreis\u00a0 werden Clubbetreiber und Veranstalter f\u00fcr ihre herausragenden Livemusikprogramme von Pop bis Jazz gew\u00fcrdigt. Der F\u00f6rderpreis soll mehr \u00f6ffentliche Aufmerksamkeit f\u00fcr Kulturorte\u2026","rel":"","context":"In &quot;News&quot;","block_context":{"text":"News","link":"https:\/\/www.jazzzeitung.de\/cms\/thema\/nachrichten\/"},"img":{"alt_text":"","src":"https:\/\/i0.wp.com\/www.jazzzeitung.de\/cms\/wp-content\/uploads\/2018\/05\/APPLAUS17_6_preview.jpeg?fit=1200%2C799&ssl=1&resize=350%2C200","width":350,"height":200,"srcset":"https:\/\/i0.wp.com\/www.jazzzeitung.de\/cms\/wp-content\/uploads\/2018\/05\/APPLAUS17_6_preview.jpeg?fit=1200%2C799&ssl=1&resize=350%2C200 1x, https:\/\/i0.wp.com\/www.jazzzeitung.de\/cms\/wp-content\/uploads\/2018\/05\/APPLAUS17_6_preview.jpeg?fit=1200%2C799&ssl=1&resize=525%2C300 1.5x, https:\/\/i0.wp.com\/www.jazzzeitung.de\/cms\/wp-content\/uploads\/2018\/05\/APPLAUS17_6_preview.jpeg?fit=1200%2C799&ssl=1&resize=700%2C400 2x, https:\/\/i0.wp.com\/www.jazzzeitung.de\/cms\/wp-content\/uploads\/2018\/05\/APPLAUS17_6_preview.jpeg?fit=1200%2C799&ssl=1&resize=1050%2C600 3x"},"classes":[]}],"jetpack_sharing_enabled":true,"_links":{"self":[{"href":"https:\/\/www.jazzzeitung.de\/cms\/wp-json\/wp\/v2\/posts\/11341","targetHints":{"allow":["GET"]}}],"collection":[{"href":"https:\/\/www.jazzzeitung.de\/cms\/wp-json\/wp\/v2\/posts"}],"about":[{"href":"https:\/\/www.jazzzeitung.de\/cms\/wp-json\/wp\/v2\/types\/post"}],"author":[{"embeddable":true,"href":"https:\/\/www.jazzzeitung.de\/cms\/wp-json\/wp\/v2\/users\/18"}],"replies":[{"embeddable":true,"href":"https:\/\/www.jazzzeitung.de\/cms\/wp-json\/wp\/v2\/comments?post=11341"}],"version-history":[{"count":9,"href":"https:\/\/www.jazzzeitung.de\/cms\/wp-json\/wp\/v2\/posts\/11341\/revisions"}],"predecessor-version":[{"id":11367,"href":"https:\/\/www.jazzzeitung.de\/cms\/wp-json\/wp\/v2\/posts\/11341\/revisions\/11367"}],"wp:attachment":[{"href":"https:\/\/www.jazzzeitung.de\/cms\/wp-json\/wp\/v2\/media?parent=11341"}],"wp:term":[{"taxonomy":"category","embeddable":true,"href":"https:\/\/www.jazzzeitung.de\/cms\/wp-json\/wp\/v2\/categories?post=11341"},{"taxonomy":"post_tag","embeddable":true,"href":"https:\/\/www.jazzzeitung.de\/cms\/wp-json\/wp\/v2\/tags?post=11341"},{"taxonomy":"author","embeddable":true,"href":"https:\/\/www.jazzzeitung.de\/cms\/wp-json\/wp\/v2\/coauthors?post=11341"}],"curies":[{"name":"wp","href":"https:\/\/api.w.org\/{rel}","templated":true}]}}