{"id":11297,"date":"2016-12-30T11:02:17","date_gmt":"2016-12-30T10:02:17","guid":{"rendered":"http:\/\/www.jazzzeitung.de\/cms\/?p=11297"},"modified":"2016-12-22T15:08:35","modified_gmt":"2016-12-22T14:08:35","slug":"jazzahead-2017-showcase-programm-komplett","status":"publish","type":"post","link":"https:\/\/www.jazzzeitung.de\/cms\/2016\/12\/jazzahead-2017-showcase-programm-komplett\/","title":{"rendered":"+++ jazzahead! 2017 &#8211; Showcase-Programm komplett +++"},"content":{"rendered":"<p><a href=\"https:\/\/i0.wp.com\/www.jazzzeitung.de\/cms\/wp-content\/uploads\/2016\/12\/klesse.jpg\"><img data-recalc-dims=\"1\" loading=\"lazy\" decoding=\"async\" data-attachment-id=\"11298\" data-permalink=\"https:\/\/www.jazzzeitung.de\/cms\/2016\/12\/jazzahead-2017-showcase-programm-komplett\/klesse-2\/\" data-orig-file=\"https:\/\/i0.wp.com\/www.jazzzeitung.de\/cms\/wp-content\/uploads\/2016\/12\/klesse.jpg?fit=2102%2C2102&amp;ssl=1\" data-orig-size=\"2102,2102\" data-comments-opened=\"1\" data-image-meta=\"{&quot;aperture&quot;:&quot;0&quot;,&quot;credit&quot;:&quot;&quot;,&quot;camera&quot;:&quot;&quot;,&quot;caption&quot;:&quot;&quot;,&quot;created_timestamp&quot;:&quot;0&quot;,&quot;copyright&quot;:&quot;&quot;,&quot;focal_length&quot;:&quot;0&quot;,&quot;iso&quot;:&quot;0&quot;,&quot;shutter_speed&quot;:&quot;0&quot;,&quot;title&quot;:&quot;&quot;,&quot;orientation&quot;:&quot;1&quot;}\" data-image-title=\"klesse\" data-image-description=\"\" data-image-caption=\"\" data-large-file=\"https:\/\/i0.wp.com\/www.jazzzeitung.de\/cms\/wp-content\/uploads\/2016\/12\/klesse.jpg?fit=600%2C600&amp;ssl=1\" class=\"alignright size-thumbnail wp-image-11298\" src=\"https:\/\/i0.wp.com\/www.jazzzeitung.de\/cms\/wp-content\/uploads\/2016\/12\/klesse-150x150.jpg?resize=150%2C150\" alt=\"klesse\" width=\"150\" height=\"150\" srcset=\"https:\/\/i0.wp.com\/www.jazzzeitung.de\/cms\/wp-content\/uploads\/2016\/12\/klesse.jpg?resize=150%2C150&amp;ssl=1 150w, https:\/\/i0.wp.com\/www.jazzzeitung.de\/cms\/wp-content\/uploads\/2016\/12\/klesse.jpg?resize=300%2C300&amp;ssl=1 300w, https:\/\/i0.wp.com\/www.jazzzeitung.de\/cms\/wp-content\/uploads\/2016\/12\/klesse.jpg?resize=768%2C768&amp;ssl=1 768w, https:\/\/i0.wp.com\/www.jazzzeitung.de\/cms\/wp-content\/uploads\/2016\/12\/klesse.jpg?resize=600%2C600&amp;ssl=1 600w, https:\/\/i0.wp.com\/www.jazzzeitung.de\/cms\/wp-content\/uploads\/2016\/12\/klesse.jpg?resize=144%2C144&amp;ssl=1 144w, https:\/\/i0.wp.com\/www.jazzzeitung.de\/cms\/wp-content\/uploads\/2016\/12\/klesse.jpg?resize=96%2C96&amp;ssl=1 96w, https:\/\/i0.wp.com\/www.jazzzeitung.de\/cms\/wp-content\/uploads\/2016\/12\/klesse.jpg?resize=24%2C24&amp;ssl=1 24w, https:\/\/i0.wp.com\/www.jazzzeitung.de\/cms\/wp-content\/uploads\/2016\/12\/klesse.jpg?resize=36%2C36&amp;ssl=1 36w, https:\/\/i0.wp.com\/www.jazzzeitung.de\/cms\/wp-content\/uploads\/2016\/12\/klesse.jpg?resize=48%2C48&amp;ssl=1 48w, https:\/\/i0.wp.com\/www.jazzzeitung.de\/cms\/wp-content\/uploads\/2016\/12\/klesse.jpg?resize=64%2C64&amp;ssl=1 64w, https:\/\/i0.wp.com\/www.jazzzeitung.de\/cms\/wp-content\/uploads\/2016\/12\/klesse.jpg?resize=32%2C32&amp;ssl=1 32w, https:\/\/i0.wp.com\/www.jazzzeitung.de\/cms\/wp-content\/uploads\/2016\/12\/klesse.jpg?resize=50%2C50&amp;ssl=1 50w, https:\/\/i0.wp.com\/www.jazzzeitung.de\/cms\/wp-content\/uploads\/2016\/12\/klesse.jpg?resize=128%2C128&amp;ssl=1 128w, https:\/\/i0.wp.com\/www.jazzzeitung.de\/cms\/wp-content\/uploads\/2016\/12\/klesse.jpg?w=1680&amp;ssl=1 1680w\" sizes=\"auto, (max-width: 150px) 100vw, 150px\" \/><\/a>Die vier international besetzten Jurys, die das Showcase-Programm der jazzahead! ausw\u00e4hlen, hatten einmal mehr die Qual der Wahl: F\u00fcr das Showcase-Festival reichten insgesamt 547 Bands aus 55 L\u00e4ndern ihre Bewerbungen ein. 40 Bands aus 19 L\u00e4ndern schafften es letztendlich in die offizielle Jury-Auswahl 2017. Die Bands pr\u00e4sentieren sich an drei Tagen und Abenden auf den B\u00fchnen der Fachmesse jazzahead!, die vom 27.-30. April 2017 in Bremen stattfindet. Am 27. April startet das Showcase-Programm traditionell mit der Nacht f\u00fcr das Partnerland der jazzahead! 2017: Finnland. In der Finnish Night zeigen acht Bands ein Kaleidoskop der Jazzszene aus dem hohen Norden. \u201eDie Bands bilden die Vielseitigkeit der finnischen Jazzszene, die aktuell in einer besonders spannenden und kraftvollen Phase ist, umfassend ab\u201c, sagt einer, der die Szene wie kaum ein anderer kennt, Mikkomatti Aro, K\u00fcnstlerischer Leiter des Pori Jazz Festival und Mitglied der diesj\u00e4hrigen Jury. \u201eEs sind bekannte Bands ebenso darunter wie vielversprechende Newcomer. Die Spanne reicht vom angesagten Pianotrio von Aki Rissanen bis zur ekstatischen Rockmusik des Gitarristen Raoul Bj\u00f6rkenheim. Mit dabei sind au\u00dferdem eine Reihe interessanter Trompeter.<\/p>\n<p>Stand in den letzten Jahren der Samstag der jazzahead! Showcases immer im Zeichen Europas, so sind diese Konzerte nun auf den Freitag vorgezogen. Am 28. April 2017 stehen am Nachmittag und Abend insgesamt 16 Bands aus 12 europ\u00e4ischen L\u00e4ndern auf den B\u00fchnen des European Jazz Meeting. \u201eDie musikalische Qualit\u00e4t der diesj\u00e4hrigen Auswahl ist umwerfend\u201c, kommentiert Uli Beckerhoff, K\u00fcnstlerischer Leiter der jazzahead! und Mitglied der Jury, und erg\u00e4nzt: \u201eDie stilistische Vielfalt der Gruppen sowie die Individualit\u00e4t einzelner Musikerpers\u00f6nlichkeiten zeigen, dass dieser Kontinent von \u00fcberbordender Spielfreude nur so strotzt.\u201c Im europ\u00e4ischen Programm sind u.a. \u201eA Novel of Anomaly\u201c zu sehen, ein fantastisches Ensemble mit herausragenden Musikern aus der Schweiz, Finnland und Italien, voller Humor und Virtuosit\u00e4t, sowie der ukrainische Pianist Vadim Neselovskyi mit seinen au\u00dfergew\u00f6hnlichen instrumentalen F\u00e4higkeiten, der in wenigen Jahren in Europa und den USA eine fantastische Karriere gemacht hat.<\/p>\n<p>Auf den Samstag ger\u00fcckt sind die Showcases der German Jazz Expo. Der Nachmittag des 29. April geh\u00f6rt somit der deutschen Szene, wenn acht Bands Jazz made in Germany pr\u00e4sentieren. In den eingegangenen Bewerbungen f\u00fcr die German Jazz Expo zeigte die deutsche Jazzszene erneut ihre hohe internationale Qualit\u00e4t. Neben drei unterschiedlich profilierten Pianotrios (um Julia H\u00fclsmann, Trio Elf und dem Lorenz Kellhuber Trio) werden so erfahrene und doch immer experimentierfreudige Musiker wie Saxophonist Niels Klein mit seinen Tubes &amp; Wires zu h\u00f6ren sein und zugleich so junge, hervorragend ausgebildete Bands wie das Quartett der Schlagzeugerin Eva Klesse.<\/p>\n<p>Auch die Overseas Night ist auf den Festival-Samstag verschoben worden. Am Abend des 29. April pr\u00e4sentieren Bands von au\u00dferhalb Europas ihren Blick auf den Jazz. Vier der acht Bands kommen aus den USA, ein Zeichen daf\u00fcr, dass ein Showcase bei der jazzahead! auch f\u00fcr amerikanische Bands zunehmend attraktiv wird. \u00dcber die H\u00e4lfte der Bewerbungen kam diesmal aus Nordamerika. \u201eAber auch die Zahlen der Bewerbungen aus Mittel- und S\u00fcdamerika und aus Afrika haben im Vergleich zu den Vorjahren zugenommen, was mich pers\u00f6nlich sehr gefreut hat\u201c, sagt Uli Beckerhoff. \u201eSo zeigt die Programmauswahl eine faszinierende Bandbreite des Jazz, versetzt mit kulturellen musikalischen Einfl\u00fcssen verschiedener Kontinente.\u201c<\/p>\n<p>Mit von der Partie die S\u00e4ngerin Dee Alexander aus den USA, sie vereinigt in ihrer Musik alles, was den Jazz in seiner Tradition ausmacht: Eine \u00fcberw\u00e4ltigende Stimme, ein tiefes Feeling f\u00fcr den Blues und eine packende B\u00fchnenpr\u00e4senz. Oder auch das Leo Genovese Trio aus Argentinien, welches durch wilde, \u00fcberraschende und \u00fcberbordende Improvisationskunst besticht.<\/p>\n<h4>Jury und Veranstalter sehen zunehmende Internationalisierung<\/h4>\n<p>Die jazzahead!-Macher sind erfreut \u00fcber die stets wachsende Zahl an L\u00e4ndern, aus denen die Showcase-Bewerbungen kommen. Erstmalig waren auch Einreichungen aus Argentinien, Chile, Syrien, den Cap Verden, Mozambik und Ghana dabei. Zwei dieser Neulinge haben es dann auch gleich in die Programmauswahl geschafft. Das Komplettprogramm kann auf der Webseite jazzahead.de nachgelesen werden.<\/p>\n<h4>jazzahead! Showcases: Highlight des jazzahead! Festival-Programm<\/h4>\n<p>Die 40 Showcase-Konzerte der jazzahead!, die Teil der Messe sind und zeitgleich zu dieser stattfinden, sind schon seit vielen Jahren das Highlight f\u00fcr viele Besucher des jazzahead! Festivals, das vom 15. bis 30. April 2017 in ganz Bremen stattfindet. W\u00e4hrend die Kunst und Kultur des diesj\u00e4hrigen Partnerlandes Finnland ab dem 15. April im Fokus steht, verdichtet sich das Programm vom 27. bis 30. April nochmals und beinhaltet neben Showcases auch zahlreiche andere Konzerte in Bremen: das Galakonzert im Konzerthaus Die Glocke mit Iiro Rantala und der Deutschen Kammerphilharmonie Bremen am Freitag, den 28. April sowie die am Samstag, 29. April 2017 stattfindende jazzahead! clubnight.<\/p>\n<h4>Neues Ticketsystem hat sich bew\u00e4hrt, verg\u00fcnstigte Rate f\u00fcr Fachteilnehmer bis 15.1.2017 verf\u00fcgbar<\/h4>\n<p>Tickets f\u00fcr die Showcases inkludieren nicht mehr den Besuch der Messe. Lediglich Fachteilnehmer, Aussteller oder Mitaussteller mit entsprechender Registrierung haben weiterhin Zutritt zur Messe in Halle 6.<\/p>\n<p>Fachteilnehmerregistrierungen sind bis 12. April 2017 online m\u00f6glich. Bis zum 13. Januar 2017 gibt es die Registrierung als Fachteilnehmer zum Aktionspreis von 160 \u20ac f\u00fcr alle Tage. Auf www.jazzahead.de sind alle Besucherinformationen zur Teilnahme an der jazzahead! 2017 zu finden.<\/p>\n<p>Besuchertickets f\u00fcr die Kurzkonzerte der Finnish Night, German Jazz Expo, Overseas Night und European Jazz Meeting sind im Vorverkauf jeweils einzeln, f\u00fcr ganze Tage oder f\u00fcr alle Tage erh\u00e4ltlich bei Nordwest Ticket \u00fcber den jazzahead! Webshop, in den Vorverkaufsstellen oder unter 0421 \/ 36 36 36.<\/p>\n<p>Au\u00dferdem sind die Tickets erh\u00e4ltlich beim Ticket-Service in der Glocke (0421 \/ 33 66 99), im WESER-KURIER Pressehaus, in allen regionalen Zeitungsh\u00e4usern oder online unter www.jazzahead.de und weser-kurier.de\/ticket.<\/p>\n","protected":false},"excerpt":{"rendered":"<p>Die vier international besetzten Jurys, die das Showcase-Programm der jazzahead! ausw\u00e4hlen, hatten einmal mehr die Qual der Wahl: F\u00fcr das Showcase-Festival reichten insgesamt 547 Bands aus 55 L\u00e4ndern ihre Bewerbungen ein. 40 Bands aus 19 L\u00e4ndern schafften es letztendlich in die offizielle Jury-Auswahl 2017. Die Bands pr\u00e4sentieren sich an drei Tagen und Abenden auf den B\u00fchnen der Fachmesse jazzahead!, die vom 27.-30. April 2017 in Bremen stattfindet. Am 27. April startet das Showcase-Programm traditionell mit der Nacht f\u00fcr das Partnerland der jazzahead! 2017: Finnland. In der Finnish Night zeigen acht Bands ein Kaleidoskop der Jazzszene aus dem hohen Norden. \u201eDie Bands bilden die Vielseitigkeit der finnischen Jazzszene, die aktuell in einer besonders spannenden und kraftvollen Phase ist, umfassend ab\u201c, sagt einer, der die Szene wie kaum ein anderer kennt, Mikkomatti Aro, K\u00fcnstlerischer Leiter des Pori Jazz Festival und Mitglied der diesj\u00e4hrigen Jury. \u201eEs sind bekannte Bands ebenso darunter wie vielversprechende Newcomer. Die Spanne reicht vom angesagten Pianotrio von Aki Rissanen bis zur ekstatischen Rockmusik des Gitarristen Raoul Bj\u00f6rkenheim. Mit dabei sind au\u00dferdem eine Reihe interessanter Trompeter. Stand in den letzten Jahren der Samstag der jazzahead! &hellip;<\/p>\n","protected":false},"author":18,"featured_media":0,"comment_status":"open","ping_status":"closed","sticky":false,"template":"","format":"standard","meta":{"_jetpack_memberships_contains_paid_content":false,"footnotes":"","jetpack_publicize_message":"","jetpack_publicize_feature_enabled":true,"jetpack_social_post_already_shared":false,"jetpack_social_options":{"image_generator_settings":{"template":"highway","default_image_id":0,"font":"","enabled":false},"version":2}},"categories":[633],"tags":[1400,47,83,95,693,1448,3,682,692,214,1046,268,1446,306,323,327,1036,732,1447,548,1356,559,1069],"coauthors":[695],"class_list":["post-11297","post","type-post","status-publish","format-standard","hentry","category-nachrichten","tag-afrika","tag-argentinien","tag-blues","tag-bremen","tag-european-jazz-meeting","tag-eva-klesse","tag-festival","tag-festivals","tag-german-jazz-expo","tag-halle","tag-iiro-rantala","tag-jazzahead","tag-jazzahead-2017","tag-julia-huelsmann","tag-konzerte","tag-kultur","tag-lorenz-kellhuber","tag-newcomer-2","tag-showcases","tag-tickets","tag-trio","tag-trio-elf","tag-vadim-neselovskyi"],"yoast_head":"<!-- This site is optimized with the Yoast SEO plugin v27.5 - https:\/\/yoast.com\/product\/yoast-seo-wordpress\/ -->\n<title>+++ jazzahead! 2017 - Showcase-Programm komplett +++ - JazzZeitung<\/title>\n<meta name=\"robots\" content=\"index, follow, max-snippet:-1, max-image-preview:large, max-video-preview:-1\" \/>\n<link rel=\"canonical\" href=\"https:\/\/www.jazzzeitung.de\/cms\/2016\/12\/jazzahead-2017-showcase-programm-komplett\/\" \/>\n<meta property=\"og:locale\" content=\"de_DE\" \/>\n<meta property=\"og:type\" content=\"article\" \/>\n<meta property=\"og:title\" content=\"+++ jazzahead! 2017 - Showcase-Programm komplett +++ - JazzZeitung\" \/>\n<meta property=\"og:description\" content=\"Die vier international besetzten Jurys, die das Showcase-Programm der jazzahead! ausw\u00e4hlen, hatten einmal mehr die Qual der Wahl: F\u00fcr das Showcase-Festival reichten insgesamt 547 Bands aus 55 L\u00e4ndern ihre Bewerbungen ein. 40 Bands aus 19 L\u00e4ndern schafften es letztendlich in die offizielle Jury-Auswahl 2017. Die Bands pr\u00e4sentieren sich an drei Tagen und Abenden auf den B\u00fchnen der Fachmesse jazzahead!, die vom 27.-30. April 2017 in Bremen stattfindet. Am 27. April startet das Showcase-Programm traditionell mit der Nacht f\u00fcr das Partnerland der jazzahead! 2017: Finnland. In der Finnish Night zeigen acht Bands ein Kaleidoskop der Jazzszene aus dem hohen Norden. \u201eDie Bands bilden die Vielseitigkeit der finnischen Jazzszene, die aktuell in einer besonders spannenden und kraftvollen Phase ist, umfassend ab\u201c, sagt einer, der die Szene wie kaum ein anderer kennt, Mikkomatti Aro, K\u00fcnstlerischer Leiter des Pori Jazz Festival und Mitglied der diesj\u00e4hrigen Jury. \u201eEs sind bekannte Bands ebenso darunter wie vielversprechende Newcomer. Die Spanne reicht vom angesagten Pianotrio von Aki Rissanen bis zur ekstatischen Rockmusik des Gitarristen Raoul Bj\u00f6rkenheim. Mit dabei sind au\u00dferdem eine Reihe interessanter Trompeter. Stand in den letzten Jahren der Samstag der jazzahead! &hellip;\" \/>\n<meta property=\"og:url\" content=\"https:\/\/www.jazzzeitung.de\/cms\/2016\/12\/jazzahead-2017-showcase-programm-komplett\/\" \/>\n<meta property=\"og:site_name\" content=\"JazzZeitung\" \/>\n<meta property=\"article:publisher\" content=\"https:\/\/www.facebook.com\/JazzZeitung\/\" \/>\n<meta property=\"article:published_time\" content=\"2016-12-30T10:02:17+00:00\" \/>\n<meta property=\"og:image\" content=\"http:\/\/www.jazzzeitung.de\/cms\/wp-content\/uploads\/2016\/12\/klesse-150x150.jpg\" \/>\n<meta name=\"author\" content=\"Redaktion JazzZeitung\" \/>\n<script type=\"application\/ld+json\" class=\"yoast-schema-graph\">{\"@context\":\"https:\\\/\\\/schema.org\",\"@graph\":[{\"@type\":\"Article\",\"@id\":\"https:\\\/\\\/www.jazzzeitung.de\\\/cms\\\/2016\\\/12\\\/jazzahead-2017-showcase-programm-komplett\\\/#article\",\"isPartOf\":{\"@id\":\"https:\\\/\\\/www.jazzzeitung.de\\\/cms\\\/2016\\\/12\\\/jazzahead-2017-showcase-programm-komplett\\\/\"},\"author\":{\"name\":\"Redaktion JazzZeitung\",\"@id\":\"https:\\\/\\\/www.jazzzeitung.de\\\/cms\\\/#\\\/schema\\\/person\\\/2245b36b9cd1d24cea10f01c031fb92b\"},\"headline\":\"+++ jazzahead! 2017 &#8211; Showcase-Programm komplett +++\",\"datePublished\":\"2016-12-30T10:02:17+00:00\",\"mainEntityOfPage\":{\"@id\":\"https:\\\/\\\/www.jazzzeitung.de\\\/cms\\\/2016\\\/12\\\/jazzahead-2017-showcase-programm-komplett\\\/\"},\"wordCount\":921,\"commentCount\":0,\"publisher\":{\"@id\":\"https:\\\/\\\/www.jazzzeitung.de\\\/cms\\\/#organization\"},\"image\":{\"@id\":\"https:\\\/\\\/www.jazzzeitung.de\\\/cms\\\/2016\\\/12\\\/jazzahead-2017-showcase-programm-komplett\\\/#primaryimage\"},\"thumbnailUrl\":\"http:\\\/\\\/www.jazzzeitung.de\\\/cms\\\/wp-content\\\/uploads\\\/2016\\\/12\\\/klesse-150x150.jpg\",\"keywords\":[\"Afrika\",\"Argentinien\",\"Blues\",\"Bremen\",\"European Jazz Meeting\",\"Eva Klesse\",\"Festival\",\"Festivals\",\"German Jazz Expo\",\"Halle\",\"Iiro Rantala\",\"Jazzahead\",\"jazzahead! 2017\",\"Julia H\u00fclsmann\",\"Konzerte\",\"Kultur\",\"Lorenz Kellhuber\",\"Newcomer\",\"Showcases\",\"Tickets\",\"trio\",\"Trio Elf\",\"Vadim Neselovskyi\"],\"articleSection\":[\"News\"],\"inLanguage\":\"de\",\"potentialAction\":[{\"@type\":\"CommentAction\",\"name\":\"Comment\",\"target\":[\"https:\\\/\\\/www.jazzzeitung.de\\\/cms\\\/2016\\\/12\\\/jazzahead-2017-showcase-programm-komplett\\\/#respond\"]}]},{\"@type\":\"WebPage\",\"@id\":\"https:\\\/\\\/www.jazzzeitung.de\\\/cms\\\/2016\\\/12\\\/jazzahead-2017-showcase-programm-komplett\\\/\",\"url\":\"https:\\\/\\\/www.jazzzeitung.de\\\/cms\\\/2016\\\/12\\\/jazzahead-2017-showcase-programm-komplett\\\/\",\"name\":\"+++ jazzahead! 2017 - Showcase-Programm komplett +++ - JazzZeitung\",\"isPartOf\":{\"@id\":\"https:\\\/\\\/www.jazzzeitung.de\\\/cms\\\/#website\"},\"primaryImageOfPage\":{\"@id\":\"https:\\\/\\\/www.jazzzeitung.de\\\/cms\\\/2016\\\/12\\\/jazzahead-2017-showcase-programm-komplett\\\/#primaryimage\"},\"image\":{\"@id\":\"https:\\\/\\\/www.jazzzeitung.de\\\/cms\\\/2016\\\/12\\\/jazzahead-2017-showcase-programm-komplett\\\/#primaryimage\"},\"thumbnailUrl\":\"http:\\\/\\\/www.jazzzeitung.de\\\/cms\\\/wp-content\\\/uploads\\\/2016\\\/12\\\/klesse-150x150.jpg\",\"datePublished\":\"2016-12-30T10:02:17+00:00\",\"breadcrumb\":{\"@id\":\"https:\\\/\\\/www.jazzzeitung.de\\\/cms\\\/2016\\\/12\\\/jazzahead-2017-showcase-programm-komplett\\\/#breadcrumb\"},\"inLanguage\":\"de\",\"potentialAction\":[{\"@type\":\"ReadAction\",\"target\":[\"https:\\\/\\\/www.jazzzeitung.de\\\/cms\\\/2016\\\/12\\\/jazzahead-2017-showcase-programm-komplett\\\/\"]}]},{\"@type\":\"ImageObject\",\"inLanguage\":\"de\",\"@id\":\"https:\\\/\\\/www.jazzzeitung.de\\\/cms\\\/2016\\\/12\\\/jazzahead-2017-showcase-programm-komplett\\\/#primaryimage\",\"url\":\"http:\\\/\\\/www.jazzzeitung.de\\\/cms\\\/wp-content\\\/uploads\\\/2016\\\/12\\\/klesse-150x150.jpg\",\"contentUrl\":\"http:\\\/\\\/www.jazzzeitung.de\\\/cms\\\/wp-content\\\/uploads\\\/2016\\\/12\\\/klesse-150x150.jpg\"},{\"@type\":\"BreadcrumbList\",\"@id\":\"https:\\\/\\\/www.jazzzeitung.de\\\/cms\\\/2016\\\/12\\\/jazzahead-2017-showcase-programm-komplett\\\/#breadcrumb\",\"itemListElement\":[{\"@type\":\"ListItem\",\"position\":1,\"name\":\"Startseite\",\"item\":\"https:\\\/\\\/www.jazzzeitung.de\\\/cms\\\/\"},{\"@type\":\"ListItem\",\"position\":2,\"name\":\"+++ jazzahead! 2017 &#8211; Showcase-Programm komplett +++\"}]},{\"@type\":\"WebSite\",\"@id\":\"https:\\\/\\\/www.jazzzeitung.de\\\/cms\\\/#website\",\"url\":\"https:\\\/\\\/www.jazzzeitung.de\\\/cms\\\/\",\"name\":\"JazzZeitung\",\"description\":\"Jazz-News und Jazz-Kontroverses\",\"publisher\":{\"@id\":\"https:\\\/\\\/www.jazzzeitung.de\\\/cms\\\/#organization\"},\"potentialAction\":[{\"@type\":\"SearchAction\",\"target\":{\"@type\":\"EntryPoint\",\"urlTemplate\":\"https:\\\/\\\/www.jazzzeitung.de\\\/cms\\\/?s={search_term_string}\"},\"query-input\":{\"@type\":\"PropertyValueSpecification\",\"valueRequired\":true,\"valueName\":\"search_term_string\"}}],\"inLanguage\":\"de\"},{\"@type\":\"Organization\",\"@id\":\"https:\\\/\\\/www.jazzzeitung.de\\\/cms\\\/#organization\",\"name\":\"JazzZeitung online\",\"url\":\"https:\\\/\\\/www.jazzzeitung.de\\\/cms\\\/\",\"logo\":{\"@type\":\"ImageObject\",\"inLanguage\":\"de\",\"@id\":\"https:\\\/\\\/www.jazzzeitung.de\\\/cms\\\/#\\\/schema\\\/logo\\\/image\\\/\",\"url\":\"https:\\\/\\\/i0.wp.com\\\/www.jazzzeitung.de\\\/cms\\\/wp-content\\\/uploads\\\/2015\\\/08\\\/JAZZZEITUNGDE_Logo_Neu.png?fit=499%2C200&ssl=1\",\"contentUrl\":\"https:\\\/\\\/i0.wp.com\\\/www.jazzzeitung.de\\\/cms\\\/wp-content\\\/uploads\\\/2015\\\/08\\\/JAZZZEITUNGDE_Logo_Neu.png?fit=499%2C200&ssl=1\",\"width\":499,\"height\":200,\"caption\":\"JazzZeitung online\"},\"image\":{\"@id\":\"https:\\\/\\\/www.jazzzeitung.de\\\/cms\\\/#\\\/schema\\\/logo\\\/image\\\/\"},\"sameAs\":[\"https:\\\/\\\/www.facebook.com\\\/JazzZeitung\\\/\"]},{\"@type\":\"Person\",\"@id\":\"https:\\\/\\\/www.jazzzeitung.de\\\/cms\\\/#\\\/schema\\\/person\\\/2245b36b9cd1d24cea10f01c031fb92b\",\"name\":\"Redaktion JazzZeitung\",\"image\":{\"@type\":\"ImageObject\",\"inLanguage\":\"de\",\"@id\":\"https:\\\/\\\/i0.wp.com\\\/www.jazzzeitung.de\\\/cms\\\/wp-content\\\/uploads\\\/2015\\\/08\\\/JAZZZEITUNGDE_Logo_Neu.png?resize=96%2C96&ssl=159975dcacb611b5700bd619b5daf0a7a\",\"url\":\"https:\\\/\\\/i0.wp.com\\\/www.jazzzeitung.de\\\/cms\\\/wp-content\\\/uploads\\\/2015\\\/08\\\/JAZZZEITUNGDE_Logo_Neu.png?resize=96%2C96&ssl=1\",\"contentUrl\":\"https:\\\/\\\/i0.wp.com\\\/www.jazzzeitung.de\\\/cms\\\/wp-content\\\/uploads\\\/2015\\\/08\\\/JAZZZEITUNGDE_Logo_Neu.png?resize=96%2C96&ssl=1\",\"caption\":\"Redaktion JazzZeitung\"},\"description\":\"Artikel der Redaktion der JazzZeitung.\",\"sameAs\":[\"http:\\\/\\\/www.jazzzeitung.de\\\/cms\\\/\"],\"url\":\"https:\\\/\\\/www.jazzzeitung.de\\\/cms\\\/author\\\/redaktion\\\/\"}]}<\/script>\n<!-- \/ Yoast SEO plugin. -->","yoast_head_json":{"title":"+++ jazzahead! 2017 - Showcase-Programm komplett +++ - JazzZeitung","robots":{"index":"index","follow":"follow","max-snippet":"max-snippet:-1","max-image-preview":"max-image-preview:large","max-video-preview":"max-video-preview:-1"},"canonical":"https:\/\/www.jazzzeitung.de\/cms\/2016\/12\/jazzahead-2017-showcase-programm-komplett\/","og_locale":"de_DE","og_type":"article","og_title":"+++ jazzahead! 2017 - Showcase-Programm komplett +++ - JazzZeitung","og_description":"Die vier international besetzten Jurys, die das Showcase-Programm der jazzahead! ausw\u00e4hlen, hatten einmal mehr die Qual der Wahl: F\u00fcr das Showcase-Festival reichten insgesamt 547 Bands aus 55 L\u00e4ndern ihre Bewerbungen ein. 40 Bands aus 19 L\u00e4ndern schafften es letztendlich in die offizielle Jury-Auswahl 2017. Die Bands pr\u00e4sentieren sich an drei Tagen und Abenden auf den B\u00fchnen der Fachmesse jazzahead!, die vom 27.-30. April 2017 in Bremen stattfindet. Am 27. April startet das Showcase-Programm traditionell mit der Nacht f\u00fcr das Partnerland der jazzahead! 2017: Finnland. In der Finnish Night zeigen acht Bands ein Kaleidoskop der Jazzszene aus dem hohen Norden. \u201eDie Bands bilden die Vielseitigkeit der finnischen Jazzszene, die aktuell in einer besonders spannenden und kraftvollen Phase ist, umfassend ab\u201c, sagt einer, der die Szene wie kaum ein anderer kennt, Mikkomatti Aro, K\u00fcnstlerischer Leiter des Pori Jazz Festival und Mitglied der diesj\u00e4hrigen Jury. \u201eEs sind bekannte Bands ebenso darunter wie vielversprechende Newcomer. Die Spanne reicht vom angesagten Pianotrio von Aki Rissanen bis zur ekstatischen Rockmusik des Gitarristen Raoul Bj\u00f6rkenheim. Mit dabei sind au\u00dferdem eine Reihe interessanter Trompeter. Stand in den letzten Jahren der Samstag der jazzahead! &hellip;","og_url":"https:\/\/www.jazzzeitung.de\/cms\/2016\/12\/jazzahead-2017-showcase-programm-komplett\/","og_site_name":"JazzZeitung","article_publisher":"https:\/\/www.facebook.com\/JazzZeitung\/","article_published_time":"2016-12-30T10:02:17+00:00","og_image":[{"url":"http:\/\/www.jazzzeitung.de\/cms\/wp-content\/uploads\/2016\/12\/klesse-150x150.jpg","type":"","width":"","height":""}],"author":"Redaktion JazzZeitung","schema":{"@context":"https:\/\/schema.org","@graph":[{"@type":"Article","@id":"https:\/\/www.jazzzeitung.de\/cms\/2016\/12\/jazzahead-2017-showcase-programm-komplett\/#article","isPartOf":{"@id":"https:\/\/www.jazzzeitung.de\/cms\/2016\/12\/jazzahead-2017-showcase-programm-komplett\/"},"author":{"name":"Redaktion JazzZeitung","@id":"https:\/\/www.jazzzeitung.de\/cms\/#\/schema\/person\/2245b36b9cd1d24cea10f01c031fb92b"},"headline":"+++ jazzahead! 2017 &#8211; Showcase-Programm komplett +++","datePublished":"2016-12-30T10:02:17+00:00","mainEntityOfPage":{"@id":"https:\/\/www.jazzzeitung.de\/cms\/2016\/12\/jazzahead-2017-showcase-programm-komplett\/"},"wordCount":921,"commentCount":0,"publisher":{"@id":"https:\/\/www.jazzzeitung.de\/cms\/#organization"},"image":{"@id":"https:\/\/www.jazzzeitung.de\/cms\/2016\/12\/jazzahead-2017-showcase-programm-komplett\/#primaryimage"},"thumbnailUrl":"http:\/\/www.jazzzeitung.de\/cms\/wp-content\/uploads\/2016\/12\/klesse-150x150.jpg","keywords":["Afrika","Argentinien","Blues","Bremen","European Jazz Meeting","Eva Klesse","Festival","Festivals","German Jazz Expo","Halle","Iiro Rantala","Jazzahead","jazzahead! 2017","Julia H\u00fclsmann","Konzerte","Kultur","Lorenz Kellhuber","Newcomer","Showcases","Tickets","trio","Trio Elf","Vadim Neselovskyi"],"articleSection":["News"],"inLanguage":"de","potentialAction":[{"@type":"CommentAction","name":"Comment","target":["https:\/\/www.jazzzeitung.de\/cms\/2016\/12\/jazzahead-2017-showcase-programm-komplett\/#respond"]}]},{"@type":"WebPage","@id":"https:\/\/www.jazzzeitung.de\/cms\/2016\/12\/jazzahead-2017-showcase-programm-komplett\/","url":"https:\/\/www.jazzzeitung.de\/cms\/2016\/12\/jazzahead-2017-showcase-programm-komplett\/","name":"+++ jazzahead! 2017 - Showcase-Programm komplett +++ - JazzZeitung","isPartOf":{"@id":"https:\/\/www.jazzzeitung.de\/cms\/#website"},"primaryImageOfPage":{"@id":"https:\/\/www.jazzzeitung.de\/cms\/2016\/12\/jazzahead-2017-showcase-programm-komplett\/#primaryimage"},"image":{"@id":"https:\/\/www.jazzzeitung.de\/cms\/2016\/12\/jazzahead-2017-showcase-programm-komplett\/#primaryimage"},"thumbnailUrl":"http:\/\/www.jazzzeitung.de\/cms\/wp-content\/uploads\/2016\/12\/klesse-150x150.jpg","datePublished":"2016-12-30T10:02:17+00:00","breadcrumb":{"@id":"https:\/\/www.jazzzeitung.de\/cms\/2016\/12\/jazzahead-2017-showcase-programm-komplett\/#breadcrumb"},"inLanguage":"de","potentialAction":[{"@type":"ReadAction","target":["https:\/\/www.jazzzeitung.de\/cms\/2016\/12\/jazzahead-2017-showcase-programm-komplett\/"]}]},{"@type":"ImageObject","inLanguage":"de","@id":"https:\/\/www.jazzzeitung.de\/cms\/2016\/12\/jazzahead-2017-showcase-programm-komplett\/#primaryimage","url":"http:\/\/www.jazzzeitung.de\/cms\/wp-content\/uploads\/2016\/12\/klesse-150x150.jpg","contentUrl":"http:\/\/www.jazzzeitung.de\/cms\/wp-content\/uploads\/2016\/12\/klesse-150x150.jpg"},{"@type":"BreadcrumbList","@id":"https:\/\/www.jazzzeitung.de\/cms\/2016\/12\/jazzahead-2017-showcase-programm-komplett\/#breadcrumb","itemListElement":[{"@type":"ListItem","position":1,"name":"Startseite","item":"https:\/\/www.jazzzeitung.de\/cms\/"},{"@type":"ListItem","position":2,"name":"+++ jazzahead! 2017 &#8211; Showcase-Programm komplett +++"}]},{"@type":"WebSite","@id":"https:\/\/www.jazzzeitung.de\/cms\/#website","url":"https:\/\/www.jazzzeitung.de\/cms\/","name":"JazzZeitung","description":"Jazz-News und Jazz-Kontroverses","publisher":{"@id":"https:\/\/www.jazzzeitung.de\/cms\/#organization"},"potentialAction":[{"@type":"SearchAction","target":{"@type":"EntryPoint","urlTemplate":"https:\/\/www.jazzzeitung.de\/cms\/?s={search_term_string}"},"query-input":{"@type":"PropertyValueSpecification","valueRequired":true,"valueName":"search_term_string"}}],"inLanguage":"de"},{"@type":"Organization","@id":"https:\/\/www.jazzzeitung.de\/cms\/#organization","name":"JazzZeitung online","url":"https:\/\/www.jazzzeitung.de\/cms\/","logo":{"@type":"ImageObject","inLanguage":"de","@id":"https:\/\/www.jazzzeitung.de\/cms\/#\/schema\/logo\/image\/","url":"https:\/\/i0.wp.com\/www.jazzzeitung.de\/cms\/wp-content\/uploads\/2015\/08\/JAZZZEITUNGDE_Logo_Neu.png?fit=499%2C200&ssl=1","contentUrl":"https:\/\/i0.wp.com\/www.jazzzeitung.de\/cms\/wp-content\/uploads\/2015\/08\/JAZZZEITUNGDE_Logo_Neu.png?fit=499%2C200&ssl=1","width":499,"height":200,"caption":"JazzZeitung online"},"image":{"@id":"https:\/\/www.jazzzeitung.de\/cms\/#\/schema\/logo\/image\/"},"sameAs":["https:\/\/www.facebook.com\/JazzZeitung\/"]},{"@type":"Person","@id":"https:\/\/www.jazzzeitung.de\/cms\/#\/schema\/person\/2245b36b9cd1d24cea10f01c031fb92b","name":"Redaktion JazzZeitung","image":{"@type":"ImageObject","inLanguage":"de","@id":"https:\/\/i0.wp.com\/www.jazzzeitung.de\/cms\/wp-content\/uploads\/2015\/08\/JAZZZEITUNGDE_Logo_Neu.png?resize=96%2C96&ssl=159975dcacb611b5700bd619b5daf0a7a","url":"https:\/\/i0.wp.com\/www.jazzzeitung.de\/cms\/wp-content\/uploads\/2015\/08\/JAZZZEITUNGDE_Logo_Neu.png?resize=96%2C96&ssl=1","contentUrl":"https:\/\/i0.wp.com\/www.jazzzeitung.de\/cms\/wp-content\/uploads\/2015\/08\/JAZZZEITUNGDE_Logo_Neu.png?resize=96%2C96&ssl=1","caption":"Redaktion JazzZeitung"},"description":"Artikel der Redaktion der JazzZeitung.","sameAs":["http:\/\/www.jazzzeitung.de\/cms\/"],"url":"https:\/\/www.jazzzeitung.de\/cms\/author\/redaktion\/"}]}},"wp-worthy-pixel":{"ignored":false,"public":null,"server":null,"url":null},"wp-worthy-type":"normal","jetpack_publicize_connections":[],"cc_featured_image_caption":{"caption_text":false,"source_text":false,"source_url":false},"jetpack_featured_media_url":"","jetpack_shortlink":"https:\/\/wp.me\/p3KEcT-2Wd","jetpack-related-posts":[{"id":7999,"url":"https:\/\/www.jazzzeitung.de\/cms\/2015\/12\/das-jazzahead-showcase-programm-2016-ist-vollstaendig\/","url_meta":{"origin":11297,"position":0},"title":"Das jazzahead!-Showcase-Programm 2016 ist vollst\u00e4ndig","author":"Redaktion JazzZeitung","date":"21. Dezember 2015","format":false,"excerpt":"40 Bands aus 16 L\u00e4ndern wurden f\u00fcr das Showcase-Festival der jazzahead! ausgew\u00e4hlt \u2013 Messe verzeichnet 587 Bewerbungen aus 43 L\u00e4ndern - Die vier Juryteams, die das Showcase-Programm der jazzahead! ausw\u00e4hlen, hatten auch in diesem Jahr allerhand zu tun: F\u00fcr das Showcase-Festival reichten insgesamt 587 Bands aus 43 L\u00e4ndern ihre Bewerbung\u2026","rel":"","context":"In &quot;Redaktionelle Nachrichten&quot;","block_context":{"text":"Redaktionelle Nachrichten","link":"https:\/\/www.jazzzeitung.de\/cms\/thema\/redaktion\/"},"img":{"alt_text":"NicoleJo_c_Hannes_Kirchhof","src":"https:\/\/i0.wp.com\/www.jazzzeitung.de\/cms\/wp-content\/uploads\/2015\/12\/NicoleJo_c_Hannes_Kirchhof-150x150.jpg?resize=350%2C200","width":350,"height":200},"classes":[]},{"id":14622,"url":"https:\/\/www.jazzzeitung.de\/cms\/2017\/12\/das-jazzahead-2018-showcase-programm-steht-fest\/","url_meta":{"origin":11297,"position":1},"title":"Das jazzahead! 2018 Showcase Programm steht fest","author":"Redaktion JazzZeitung","date":"27. Dezember 2017","format":false,"excerpt":"Aus insgesamt 609 Bewerbungen aus 49 L\u00e4ndern w\u00e4hlten die Jurys die 40 Acts, die vom 19.-22. April im Rahmen der internationalen Jazz-Fachmesse auf der B\u00fchne stehen werden. In den Modulen Polish Night, European Jazz Meeting, German Jazz Expo und Overseas Night pr\u00e4sentieren sich die Bands auf drei B\u00fchnen, zwei in\u2026","rel":"","context":"In &quot;News&quot;","block_context":{"text":"News","link":"https:\/\/www.jazzzeitung.de\/cms\/thema\/nachrichten\/"},"img":{"alt_text":"German Jazz Expo: Anna-Lena Schnabel Quartett. Foto: Sven Haberland","src":"https:\/\/i0.wp.com\/www.jazzzeitung.de\/cms\/wp-content\/uploads\/2017\/12\/jazz18_GJE_Anna-Lena_Schnabel_Quartett_c_Sven_Haberland.jpg?fit=1200%2C800&ssl=1&resize=350%2C200","width":350,"height":200,"srcset":"https:\/\/i0.wp.com\/www.jazzzeitung.de\/cms\/wp-content\/uploads\/2017\/12\/jazz18_GJE_Anna-Lena_Schnabel_Quartett_c_Sven_Haberland.jpg?fit=1200%2C800&ssl=1&resize=350%2C200 1x, https:\/\/i0.wp.com\/www.jazzzeitung.de\/cms\/wp-content\/uploads\/2017\/12\/jazz18_GJE_Anna-Lena_Schnabel_Quartett_c_Sven_Haberland.jpg?fit=1200%2C800&ssl=1&resize=525%2C300 1.5x, https:\/\/i0.wp.com\/www.jazzzeitung.de\/cms\/wp-content\/uploads\/2017\/12\/jazz18_GJE_Anna-Lena_Schnabel_Quartett_c_Sven_Haberland.jpg?fit=1200%2C800&ssl=1&resize=700%2C400 2x, https:\/\/i0.wp.com\/www.jazzzeitung.de\/cms\/wp-content\/uploads\/2017\/12\/jazz18_GJE_Anna-Lena_Schnabel_Quartett_c_Sven_Haberland.jpg?fit=1200%2C800&ssl=1&resize=1050%2C600 3x"},"classes":[]},{"id":2260,"url":"https:\/\/www.jazzzeitung.de\/cms\/2013\/09\/los-gehts-jazzahead-gibt-startschuss-fuer-bewerbungsverfahren-zum-showcase-festival-2014\/","url_meta":{"origin":11297,"position":2},"title":"Los geht\u2019s: jazzahead! gibt Startschuss f\u00fcr Bewerbungsverfahren zum Showcase-Festival 2014","author":"Redaktion JazzZeitung","date":"20. September 2013","format":false,"excerpt":"Das Bewerbungsverfahren f\u00fcr die jazzahead! 2014 (24.-27. April 2014) ist ab sofort er\u00f6ffnet. Bewerbungen sind f\u00fcr die German Jazz Expo (K\u00fcnstler aus Deutschland), Danish Night (Jazz aus dem Partnerland 2014: D\u00e4nemark), European Jazz Meeting (europ\u00e4ische Jazzformationen), Overseas Night (Jazz aus \u00dcbersee) m\u00f6glich. Die Bewerbungsfrist endet am 31.10.2013. Wie bereits in\u2026","rel":"","context":"In &quot;News&quot;","block_context":{"text":"News","link":"https:\/\/www.jazzzeitung.de\/cms\/thema\/nachrichten\/"},"img":{"alt_text":"","src":"","width":0,"height":0},"classes":[]},{"id":15100,"url":"https:\/\/www.jazzzeitung.de\/cms\/2018\/02\/wo-die-jazzwelt-zusammenkommt-fachmesse-jazzahead-vom-19-22-april-in-bremen\/","url_meta":{"origin":11297,"position":3},"title":"Wo die Jazzwelt zusammenkommt: Fachmesse jazzahead! Vom 19.-22. April in Bremen","author":"Redaktion JazzZeitung","date":"23. Februar 2018","format":false,"excerpt":"Vom 19.-22. April findet die jazzahead! zum 13. Mal in der Messe Bremen statt. Wie die Veranstalter mitteilen, zeichne sich eine st\u00e4rkere Teilnahme aus den L\u00e4ndern ab, die als Zielm\u00e4rkte definiert worden sind. Zu den bisher schon sehr gut vertretenen europ\u00e4ischen L\u00e4ndern, wie beispielsweise Deutschland, Frankreich, Niederlande, Gro\u00dfbritannien, Schweiz oder\u2026","rel":"","context":"In &quot;News&quot;","block_context":{"text":"News","link":"https:\/\/www.jazzzeitung.de\/cms\/thema\/nachrichten\/"},"img":{"alt_text":"","src":"https:\/\/i0.wp.com\/www.jazzzeitung.de\/cms\/wp-content\/uploads\/2018\/02\/jazzahead2of3YXzJanRathke_MesseBremen.jpg?fit=1200%2C604&ssl=1&resize=350%2C200","width":350,"height":200,"srcset":"https:\/\/i0.wp.com\/www.jazzzeitung.de\/cms\/wp-content\/uploads\/2018\/02\/jazzahead2of3YXzJanRathke_MesseBremen.jpg?fit=1200%2C604&ssl=1&resize=350%2C200 1x, https:\/\/i0.wp.com\/www.jazzzeitung.de\/cms\/wp-content\/uploads\/2018\/02\/jazzahead2of3YXzJanRathke_MesseBremen.jpg?fit=1200%2C604&ssl=1&resize=525%2C300 1.5x, https:\/\/i0.wp.com\/www.jazzzeitung.de\/cms\/wp-content\/uploads\/2018\/02\/jazzahead2of3YXzJanRathke_MesseBremen.jpg?fit=1200%2C604&ssl=1&resize=700%2C400 2x, https:\/\/i0.wp.com\/www.jazzzeitung.de\/cms\/wp-content\/uploads\/2018\/02\/jazzahead2of3YXzJanRathke_MesseBremen.jpg?fit=1200%2C604&ssl=1&resize=1050%2C600 3x"},"classes":[]},{"id":20648,"url":"https:\/\/www.jazzzeitung.de\/cms\/2019\/09\/news-jazz-im-audi-forum-ingolstadt-jazzahead-festival-2020\/","url_meta":{"origin":11297,"position":4},"title":"+++ News +++ Jazz im Audi Forum Ingolstadt +++ jazzahead!-Festival 2020 +++","author":"Redaktion JazzZeitung","date":"10. September 2019","format":false,"excerpt":"+++ Jazz im Audi Forum Ingolstadt +++ F\u00fcr Jazz-Fans hat das Warten ein Ende: Nach der Sommerpause pr\u00e4sentiert das Audi Forum Ingolstadt gemeinsam mit dem Birdland Jazz Club Neuburg als Veranstalter wieder Konzerte mit regionalen und internationalen Musikern. Die vier Konzertabende von September bis Dezember sind Teil der Reihe \"Jazz\u2026","rel":"","context":"In &quot;News&quot;","block_context":{"text":"News","link":"https:\/\/www.jazzzeitung.de\/cms\/thema\/nachrichten\/"},"img":{"alt_text":"","src":"https:\/\/i0.wp.com\/www.jazzzeitung.de\/cms\/wp-content\/uploads\/2019\/09\/Clubnight_TheaterBremen-c-Nikolai-Wolff.jpg?fit=1200%2C800&ssl=1&resize=350%2C200","width":350,"height":200,"srcset":"https:\/\/i0.wp.com\/www.jazzzeitung.de\/cms\/wp-content\/uploads\/2019\/09\/Clubnight_TheaterBremen-c-Nikolai-Wolff.jpg?fit=1200%2C800&ssl=1&resize=350%2C200 1x, https:\/\/i0.wp.com\/www.jazzzeitung.de\/cms\/wp-content\/uploads\/2019\/09\/Clubnight_TheaterBremen-c-Nikolai-Wolff.jpg?fit=1200%2C800&ssl=1&resize=525%2C300 1.5x, https:\/\/i0.wp.com\/www.jazzzeitung.de\/cms\/wp-content\/uploads\/2019\/09\/Clubnight_TheaterBremen-c-Nikolai-Wolff.jpg?fit=1200%2C800&ssl=1&resize=700%2C400 2x, https:\/\/i0.wp.com\/www.jazzzeitung.de\/cms\/wp-content\/uploads\/2019\/09\/Clubnight_TheaterBremen-c-Nikolai-Wolff.jpg?fit=1200%2C800&ssl=1&resize=1050%2C600 3x"},"classes":[]},{"id":24006,"url":"https:\/\/www.jazzzeitung.de\/cms\/2020\/12\/fachmesse-jazzahead-startet-2021-online-man-hofft-aber-auch-auf-konzerte-vor-publikum\/","url_meta":{"origin":11297,"position":5},"title":"Fachmesse jazzahead! startet 2021 online \u2013 man hofft aber auch auf Konzerte vor Publikum","author":"Redaktion JazzZeitung","date":"18. Dezember 2020","format":false,"excerpt":"Die 15. jazzahead!, die Jubil\u00e4umsausgabe der gr\u00f6\u00dften Jazz-Fachmesse der Welt, sollte urspr\u00fcnglich von Donnerstag bis Sonntag, 23. bis 26. April 2020, in den Hallen 6 und 7 der MESSE BREMEN stattfinden, das begleitende Festival von Freitag bis Sonntag, 17. bis 26. April 2020. Die gesamte Veranstaltung wurde wegen der Corona-Pandemie\u2026","rel":"","context":"In &quot;News&quot;","block_context":{"text":"News","link":"https:\/\/www.jazzzeitung.de\/cms\/thema\/nachrichten\/"},"img":{"alt_text":"","src":"https:\/\/i0.wp.com\/www.jazzzeitung.de\/cms\/wp-content\/uploads\/2020\/12\/Thomas-Koch.jpg?fit=800%2C1200&ssl=1&resize=350%2C200","width":350,"height":200,"srcset":"https:\/\/i0.wp.com\/www.jazzzeitung.de\/cms\/wp-content\/uploads\/2020\/12\/Thomas-Koch.jpg?fit=800%2C1200&ssl=1&resize=350%2C200 1x, https:\/\/i0.wp.com\/www.jazzzeitung.de\/cms\/wp-content\/uploads\/2020\/12\/Thomas-Koch.jpg?fit=800%2C1200&ssl=1&resize=525%2C300 1.5x, https:\/\/i0.wp.com\/www.jazzzeitung.de\/cms\/wp-content\/uploads\/2020\/12\/Thomas-Koch.jpg?fit=800%2C1200&ssl=1&resize=700%2C400 2x"},"classes":[]}],"jetpack_sharing_enabled":true,"_links":{"self":[{"href":"https:\/\/www.jazzzeitung.de\/cms\/wp-json\/wp\/v2\/posts\/11297","targetHints":{"allow":["GET"]}}],"collection":[{"href":"https:\/\/www.jazzzeitung.de\/cms\/wp-json\/wp\/v2\/posts"}],"about":[{"href":"https:\/\/www.jazzzeitung.de\/cms\/wp-json\/wp\/v2\/types\/post"}],"author":[{"embeddable":true,"href":"https:\/\/www.jazzzeitung.de\/cms\/wp-json\/wp\/v2\/users\/18"}],"replies":[{"embeddable":true,"href":"https:\/\/www.jazzzeitung.de\/cms\/wp-json\/wp\/v2\/comments?post=11297"}],"version-history":[{"count":3,"href":"https:\/\/www.jazzzeitung.de\/cms\/wp-json\/wp\/v2\/posts\/11297\/revisions"}],"predecessor-version":[{"id":11439,"href":"https:\/\/www.jazzzeitung.de\/cms\/wp-json\/wp\/v2\/posts\/11297\/revisions\/11439"}],"wp:attachment":[{"href":"https:\/\/www.jazzzeitung.de\/cms\/wp-json\/wp\/v2\/media?parent=11297"}],"wp:term":[{"taxonomy":"category","embeddable":true,"href":"https:\/\/www.jazzzeitung.de\/cms\/wp-json\/wp\/v2\/categories?post=11297"},{"taxonomy":"post_tag","embeddable":true,"href":"https:\/\/www.jazzzeitung.de\/cms\/wp-json\/wp\/v2\/tags?post=11297"},{"taxonomy":"author","embeddable":true,"href":"https:\/\/www.jazzzeitung.de\/cms\/wp-json\/wp\/v2\/coauthors?post=11297"}],"curies":[{"name":"wp","href":"https:\/\/api.w.org\/{rel}","templated":true}]}}