{"id":11284,"date":"2016-12-12T08:30:48","date_gmt":"2016-12-12T07:30:48","guid":{"rendered":"http:\/\/www.jazzzeitung.de\/cms\/?p=11284"},"modified":"2016-12-09T11:04:01","modified_gmt":"2016-12-09T10:04:01","slug":"weihnachtliches-mit-orientalischer-note","status":"publish","type":"post","link":"https:\/\/www.jazzzeitung.de\/cms\/2016\/12\/weihnachtliches-mit-orientalischer-note\/","title":{"rendered":"Weihnachtliches mit orientalischer Note von Quadro Nuevo"},"content":{"rendered":"<p><a href=\"https:\/\/i0.wp.com\/www.jazzzeitung.de\/cms\/wp-content\/uploads\/2016\/12\/Quadro-FM-221-Cover.jpg\"><img data-recalc-dims=\"1\" loading=\"lazy\" decoding=\"async\" data-attachment-id=\"11287\" data-permalink=\"https:\/\/www.jazzzeitung.de\/cms\/2016\/12\/weihnachtliches-mit-orientalischer-note\/quadro-fm-221-cover\/\" data-orig-file=\"https:\/\/i0.wp.com\/www.jazzzeitung.de\/cms\/wp-content\/uploads\/2016\/12\/Quadro-FM-221-Cover.jpg?fit=1650%2C1476&amp;ssl=1\" data-orig-size=\"1650,1476\" data-comments-opened=\"1\" data-image-meta=\"{&quot;aperture&quot;:&quot;0&quot;,&quot;credit&quot;:&quot;&quot;,&quot;camera&quot;:&quot;&quot;,&quot;caption&quot;:&quot;&quot;,&quot;created_timestamp&quot;:&quot;0&quot;,&quot;copyright&quot;:&quot;&quot;,&quot;focal_length&quot;:&quot;0&quot;,&quot;iso&quot;:&quot;0&quot;,&quot;shutter_speed&quot;:&quot;0&quot;,&quot;title&quot;:&quot;&quot;,&quot;orientation&quot;:&quot;0&quot;}\" data-image-title=\"quadro-fm-221-cover\" data-image-description=\"\" data-image-caption=\"\" data-large-file=\"https:\/\/i0.wp.com\/www.jazzzeitung.de\/cms\/wp-content\/uploads\/2016\/12\/Quadro-FM-221-Cover.jpg?fit=671%2C600&amp;ssl=1\" class=\"alignright size-thumbnail wp-image-11287\" src=\"https:\/\/i0.wp.com\/www.jazzzeitung.de\/cms\/wp-content\/uploads\/2016\/12\/Quadro-FM-221-Cover-150x150.jpg?resize=150%2C150\" alt=\"quadro-fm-221-cover\" width=\"150\" height=\"150\" srcset=\"https:\/\/i0.wp.com\/www.jazzzeitung.de\/cms\/wp-content\/uploads\/2016\/12\/Quadro-FM-221-Cover.jpg?resize=150%2C150&amp;ssl=1 150w, https:\/\/i0.wp.com\/www.jazzzeitung.de\/cms\/wp-content\/uploads\/2016\/12\/Quadro-FM-221-Cover.jpg?resize=144%2C144&amp;ssl=1 144w, https:\/\/i0.wp.com\/www.jazzzeitung.de\/cms\/wp-content\/uploads\/2016\/12\/Quadro-FM-221-Cover.jpg?resize=96%2C96&amp;ssl=1 96w, https:\/\/i0.wp.com\/www.jazzzeitung.de\/cms\/wp-content\/uploads\/2016\/12\/Quadro-FM-221-Cover.jpg?resize=24%2C24&amp;ssl=1 24w, https:\/\/i0.wp.com\/www.jazzzeitung.de\/cms\/wp-content\/uploads\/2016\/12\/Quadro-FM-221-Cover.jpg?resize=36%2C36&amp;ssl=1 36w, https:\/\/i0.wp.com\/www.jazzzeitung.de\/cms\/wp-content\/uploads\/2016\/12\/Quadro-FM-221-Cover.jpg?resize=48%2C48&amp;ssl=1 48w, https:\/\/i0.wp.com\/www.jazzzeitung.de\/cms\/wp-content\/uploads\/2016\/12\/Quadro-FM-221-Cover.jpg?resize=64%2C64&amp;ssl=1 64w, https:\/\/i0.wp.com\/www.jazzzeitung.de\/cms\/wp-content\/uploads\/2016\/12\/Quadro-FM-221-Cover.jpg?resize=32%2C32&amp;ssl=1 32w, https:\/\/i0.wp.com\/www.jazzzeitung.de\/cms\/wp-content\/uploads\/2016\/12\/Quadro-FM-221-Cover.jpg?resize=50%2C50&amp;ssl=1 50w, https:\/\/i0.wp.com\/www.jazzzeitung.de\/cms\/wp-content\/uploads\/2016\/12\/Quadro-FM-221-Cover.jpg?resize=128%2C128&amp;ssl=1 128w, https:\/\/i0.wp.com\/www.jazzzeitung.de\/cms\/wp-content\/uploads\/2016\/12\/Quadro-FM-221-Cover.jpg?zoom=2&amp;resize=150%2C150&amp;ssl=1 300w, https:\/\/i0.wp.com\/www.jazzzeitung.de\/cms\/wp-content\/uploads\/2016\/12\/Quadro-FM-221-Cover.jpg?zoom=3&amp;resize=150%2C150&amp;ssl=1 450w\" sizes=\"auto, (max-width: 150px) 100vw, 150px\" \/><\/a>Alle Jahre wieder \u2013 breitet sich ein hochansteckendes Virus in der Musikszene aus und infiziert wahllos Musiker aller Couleur. Mehrfach angesteckt wurden bereits die Vier von Quadro Nuevo. \u201eMusic for Christmas nights\u201c ist nach \u201eWeihnacht\u201c und \u201eBethlehem\u201c, das vor drei Jahren erschienen ist, bereits ihr drittes Album mit Musik aus und f\u00fcr die christliche Weihnachtszeit. Dass damit mehr als nur ein tiefer Herzenswunsch verbunden ist \u2013 und das sentimentale Gef\u00fchl vieler Menschen angesprochen und zum Kauf angeregt werden soll, ist sonnenklar. Ob dar\u00fcber hinaus mehr in einem solchen Album steckt, bringt nur ein genaues Hineinh\u00f6ren ans Licht \u2013 oder in diesem Fall besser, in die Weihnachtsnacht.<\/p>\n<p>Leuchtend, das sieht man auf den ersten Blick, ist auf jeden Fall das Cover mit einer stilisierten Kerzenflamme, die witzigerweise dem Schalltrichter eines altert\u00fcmlichen Schallplattenspielers entspringt. Von diesem effektvollen, aber einfallslosen Konzept abgesehen, weist das Album bei der Auswahl der Lieder nur einige wenige Besonderheiten auf. Was ihm aber tats\u00e4chlich einen eigenen Charakter verleiht, ist die Herangehensweise und \u2013 teilweise \u2013 die Umsetzung dieser einfachen, dabei oft starken Melodien. Zuallererst fehlt eine menschliche Stimme, die Lieder sind alle instrumental gehalten und arrangiert. Daf\u00fcr kommen Streicher und symphonische Bl\u00e4ser der M\u00fcnchner Symphoniker dazu, die manches weit und tiefer klingen lassen, gelegentlich aber auch knietief im kitschigen Sumpf waten. Aufhorchen l\u00e4sst der orientalische Touch, der sich durch die Aufnahmen zieht. Er taucht in Altvertrautem, wie \u201eLasst uns froh und munter sein\u201c, und eigenen Kompositionen, wie der rauschhaften \u201eAntiochia Suite\u201c mit einem sch\u00f6nen Akkordeon-Solo auf. Unumg\u00e4nglich bei Quadro Nuevo, der Tango. Auch er taucht in einigen Lieder auf und gibt ihnen damit eine eigenwillige F\u00e4rbung.<\/p>\n<p>Als Ansatz f\u00fcr das insgesamt durchaus liebe- und stimmungsvoll gestaltete Jahreszeit-Werk hatten die M\u00e4nner und Evelyn Huber (harp, salterio) um Holzbl\u00e4ser Mulo Francel den geografisch-r\u00e4umlichen Ursprung der Weihnachtsgeschichte im Blick. Genauer gesagt, den Vorderen Orient mit seinen verschiedenen Kulturen, die sich \u00fcber Jahrhunderte gegenseitig vielfach beeinflusst haben. Auf Tourneen und Konzerten in Jordanien, \u00c4gypten, Israel und in Antiochia besch\u00e4ftigten sich die vier Musiker immer wieder mit diesem Kulturraum und seinen Traditionen. \u00dcberwiegend eher behutsam und gef\u00fchlvoll arrangiert, findet die Begegnung zwischen klassischem Orchesterklang, improvisierenden Solisten und jazzig-weltmusikalischen Genrekl\u00e4ngen zu einem abgerundeten Eindruck. Einige \u00fcberraschende Wendungen und instrumentale Farbtupfer geben dem Album zudem etwas Zauberhaftes.<\/p>\n<p>&nbsp;<\/p>\n<p>\u00a9 Michael Scheiner<\/p>\n<p>&nbsp;<\/p>\n<h1><\/h1>\n<p><strong>Quadro Nuevo<\/strong><\/p>\n<p><strong>Music For Christmas Nights, <\/strong>GLM Music<\/p>\n<p><em>Infos \/ Bestellungen: <\/em><a href=\"http:\/\/www.glm.de\/\"><em>www.glm.de\/<\/em><\/a><em> oder Amazon <\/em><\/p>\n<p>&nbsp;<\/p>\n","protected":false},"excerpt":{"rendered":"<p>Alle Jahre wieder \u2013 breitet sich ein hochansteckendes Virus in der Musikszene aus und infiziert wahllos Musiker aller Couleur. Mehrfach angesteckt wurden bereits die Vier von Quadro Nuevo. \u201eMusic for Christmas nights\u201c ist nach \u201eWeihnacht\u201c und \u201eBethlehem\u201c, das vor drei Jahren erschienen ist, bereits ihr drittes Album mit Musik aus und f\u00fcr die christliche Weihnachtszeit. Dass damit mehr als nur ein tiefer Herzenswunsch verbunden ist \u2013 und das sentimentale Gef\u00fchl vieler Menschen angesprochen und zum Kauf angeregt werden soll, ist sonnenklar. Ob dar\u00fcber hinaus mehr in einem solchen Album steckt, bringt nur ein genaues Hineinh\u00f6ren ans Licht \u2013 oder in diesem Fall besser, in die Weihnachtsnacht. Leuchtend, das sieht man auf den ersten Blick, ist auf jeden Fall das Cover mit einer stilisierten Kerzenflamme, die witzigerweise dem Schalltrichter eines altert\u00fcmlichen Schallplattenspielers entspringt. Von diesem effektvollen, aber einfallslosen Konzept abgesehen, weist das Album bei der Auswahl der Lieder nur einige wenige Besonderheiten auf. Was ihm aber tats\u00e4chlich einen eigenen Charakter verleiht, ist die Herangehensweise und \u2013 teilweise \u2013 die Umsetzung dieser einfachen, dabei oft starken Melodien. Zuallererst fehlt eine menschliche Stimme, die Lieder sind alle instrumental &hellip;<\/p>\n","protected":false},"author":18,"featured_media":0,"comment_status":"open","ping_status":"closed","sticky":false,"template":"","format":"standard","meta":{"_jetpack_memberships_contains_paid_content":false,"footnotes":"","jetpack_publicize_message":"","jetpack_publicize_feature_enabled":true,"jetpack_social_post_already_shared":false,"jetpack_social_options":{"image_generator_settings":{"template":"highway","default_image_id":0,"font":"","enabled":false},"version":2}},"categories":[1152],"tags":[33,34,842,933,387,841,451],"coauthors":[695],"class_list":["post-11284","post","type-post","status-publish","format-standard","hentry","category-rezension","tag-akkordeon","tag-album","tag-glm","tag-glm-music","tag-michael-scheiner","tag-mulo-francel","tag-quadro-nuevo"],"yoast_head":"<!-- This site is optimized with the Yoast SEO plugin v27.5 - https:\/\/yoast.com\/product\/yoast-seo-wordpress\/ -->\n<title>Weihnachtliches mit orientalischer Note von Quadro Nuevo - JazzZeitung<\/title>\n<meta name=\"robots\" content=\"index, follow, max-snippet:-1, max-image-preview:large, max-video-preview:-1\" \/>\n<link rel=\"canonical\" href=\"https:\/\/www.jazzzeitung.de\/cms\/2016\/12\/weihnachtliches-mit-orientalischer-note\/\" \/>\n<meta property=\"og:locale\" content=\"de_DE\" \/>\n<meta property=\"og:type\" content=\"article\" \/>\n<meta property=\"og:title\" content=\"Weihnachtliches mit orientalischer Note von Quadro Nuevo - JazzZeitung\" \/>\n<meta property=\"og:description\" content=\"Alle Jahre wieder \u2013 breitet sich ein hochansteckendes Virus in der Musikszene aus und infiziert wahllos Musiker aller Couleur. Mehrfach angesteckt wurden bereits die Vier von Quadro Nuevo. \u201eMusic for Christmas nights\u201c ist nach \u201eWeihnacht\u201c und \u201eBethlehem\u201c, das vor drei Jahren erschienen ist, bereits ihr drittes Album mit Musik aus und f\u00fcr die christliche Weihnachtszeit. Dass damit mehr als nur ein tiefer Herzenswunsch verbunden ist \u2013 und das sentimentale Gef\u00fchl vieler Menschen angesprochen und zum Kauf angeregt werden soll, ist sonnenklar. Ob dar\u00fcber hinaus mehr in einem solchen Album steckt, bringt nur ein genaues Hineinh\u00f6ren ans Licht \u2013 oder in diesem Fall besser, in die Weihnachtsnacht. Leuchtend, das sieht man auf den ersten Blick, ist auf jeden Fall das Cover mit einer stilisierten Kerzenflamme, die witzigerweise dem Schalltrichter eines altert\u00fcmlichen Schallplattenspielers entspringt. Von diesem effektvollen, aber einfallslosen Konzept abgesehen, weist das Album bei der Auswahl der Lieder nur einige wenige Besonderheiten auf. Was ihm aber tats\u00e4chlich einen eigenen Charakter verleiht, ist die Herangehensweise und \u2013 teilweise \u2013 die Umsetzung dieser einfachen, dabei oft starken Melodien. Zuallererst fehlt eine menschliche Stimme, die Lieder sind alle instrumental &hellip;\" \/>\n<meta property=\"og:url\" content=\"https:\/\/www.jazzzeitung.de\/cms\/2016\/12\/weihnachtliches-mit-orientalischer-note\/\" \/>\n<meta property=\"og:site_name\" content=\"JazzZeitung\" \/>\n<meta property=\"article:publisher\" content=\"https:\/\/www.facebook.com\/JazzZeitung\/\" \/>\n<meta property=\"article:published_time\" content=\"2016-12-12T07:30:48+00:00\" \/>\n<meta property=\"og:image\" content=\"http:\/\/www.jazzzeitung.de\/cms\/wp-content\/uploads\/2016\/12\/Quadro-FM-221-Cover-150x150.jpg\" \/>\n<meta name=\"author\" content=\"Redaktion JazzZeitung\" \/>\n<script type=\"application\/ld+json\" class=\"yoast-schema-graph\">{\"@context\":\"https:\\\/\\\/schema.org\",\"@graph\":[{\"@type\":\"Article\",\"@id\":\"https:\\\/\\\/www.jazzzeitung.de\\\/cms\\\/2016\\\/12\\\/weihnachtliches-mit-orientalischer-note\\\/#article\",\"isPartOf\":{\"@id\":\"https:\\\/\\\/www.jazzzeitung.de\\\/cms\\\/2016\\\/12\\\/weihnachtliches-mit-orientalischer-note\\\/\"},\"author\":{\"name\":\"Redaktion JazzZeitung\",\"@id\":\"https:\\\/\\\/www.jazzzeitung.de\\\/cms\\\/#\\\/schema\\\/person\\\/2245b36b9cd1d24cea10f01c031fb92b\"},\"headline\":\"Weihnachtliches mit orientalischer Note von Quadro Nuevo\",\"datePublished\":\"2016-12-12T07:30:48+00:00\",\"mainEntityOfPage\":{\"@id\":\"https:\\\/\\\/www.jazzzeitung.de\\\/cms\\\/2016\\\/12\\\/weihnachtliches-mit-orientalischer-note\\\/\"},\"wordCount\":414,\"commentCount\":0,\"publisher\":{\"@id\":\"https:\\\/\\\/www.jazzzeitung.de\\\/cms\\\/#organization\"},\"image\":{\"@id\":\"https:\\\/\\\/www.jazzzeitung.de\\\/cms\\\/2016\\\/12\\\/weihnachtliches-mit-orientalischer-note\\\/#primaryimage\"},\"thumbnailUrl\":\"http:\\\/\\\/www.jazzzeitung.de\\\/cms\\\/wp-content\\\/uploads\\\/2016\\\/12\\\/Quadro-FM-221-Cover-150x150.jpg\",\"keywords\":[\"Akkordeon\",\"Album\",\"GLM\",\"GLM Music\",\"Michael Scheiner\",\"Mulo Francel\",\"Quadro Nuevo\"],\"articleSection\":[\"Rezension\"],\"inLanguage\":\"de\",\"potentialAction\":[{\"@type\":\"CommentAction\",\"name\":\"Comment\",\"target\":[\"https:\\\/\\\/www.jazzzeitung.de\\\/cms\\\/2016\\\/12\\\/weihnachtliches-mit-orientalischer-note\\\/#respond\"]}]},{\"@type\":\"WebPage\",\"@id\":\"https:\\\/\\\/www.jazzzeitung.de\\\/cms\\\/2016\\\/12\\\/weihnachtliches-mit-orientalischer-note\\\/\",\"url\":\"https:\\\/\\\/www.jazzzeitung.de\\\/cms\\\/2016\\\/12\\\/weihnachtliches-mit-orientalischer-note\\\/\",\"name\":\"Weihnachtliches mit orientalischer Note von Quadro Nuevo - JazzZeitung\",\"isPartOf\":{\"@id\":\"https:\\\/\\\/www.jazzzeitung.de\\\/cms\\\/#website\"},\"primaryImageOfPage\":{\"@id\":\"https:\\\/\\\/www.jazzzeitung.de\\\/cms\\\/2016\\\/12\\\/weihnachtliches-mit-orientalischer-note\\\/#primaryimage\"},\"image\":{\"@id\":\"https:\\\/\\\/www.jazzzeitung.de\\\/cms\\\/2016\\\/12\\\/weihnachtliches-mit-orientalischer-note\\\/#primaryimage\"},\"thumbnailUrl\":\"http:\\\/\\\/www.jazzzeitung.de\\\/cms\\\/wp-content\\\/uploads\\\/2016\\\/12\\\/Quadro-FM-221-Cover-150x150.jpg\",\"datePublished\":\"2016-12-12T07:30:48+00:00\",\"breadcrumb\":{\"@id\":\"https:\\\/\\\/www.jazzzeitung.de\\\/cms\\\/2016\\\/12\\\/weihnachtliches-mit-orientalischer-note\\\/#breadcrumb\"},\"inLanguage\":\"de\",\"potentialAction\":[{\"@type\":\"ReadAction\",\"target\":[\"https:\\\/\\\/www.jazzzeitung.de\\\/cms\\\/2016\\\/12\\\/weihnachtliches-mit-orientalischer-note\\\/\"]}]},{\"@type\":\"ImageObject\",\"inLanguage\":\"de\",\"@id\":\"https:\\\/\\\/www.jazzzeitung.de\\\/cms\\\/2016\\\/12\\\/weihnachtliches-mit-orientalischer-note\\\/#primaryimage\",\"url\":\"http:\\\/\\\/www.jazzzeitung.de\\\/cms\\\/wp-content\\\/uploads\\\/2016\\\/12\\\/Quadro-FM-221-Cover-150x150.jpg\",\"contentUrl\":\"http:\\\/\\\/www.jazzzeitung.de\\\/cms\\\/wp-content\\\/uploads\\\/2016\\\/12\\\/Quadro-FM-221-Cover-150x150.jpg\"},{\"@type\":\"BreadcrumbList\",\"@id\":\"https:\\\/\\\/www.jazzzeitung.de\\\/cms\\\/2016\\\/12\\\/weihnachtliches-mit-orientalischer-note\\\/#breadcrumb\",\"itemListElement\":[{\"@type\":\"ListItem\",\"position\":1,\"name\":\"Startseite\",\"item\":\"https:\\\/\\\/www.jazzzeitung.de\\\/cms\\\/\"},{\"@type\":\"ListItem\",\"position\":2,\"name\":\"Weihnachtliches mit orientalischer Note von Quadro Nuevo\"}]},{\"@type\":\"WebSite\",\"@id\":\"https:\\\/\\\/www.jazzzeitung.de\\\/cms\\\/#website\",\"url\":\"https:\\\/\\\/www.jazzzeitung.de\\\/cms\\\/\",\"name\":\"JazzZeitung\",\"description\":\"Jazz-News und Jazz-Kontroverses\",\"publisher\":{\"@id\":\"https:\\\/\\\/www.jazzzeitung.de\\\/cms\\\/#organization\"},\"potentialAction\":[{\"@type\":\"SearchAction\",\"target\":{\"@type\":\"EntryPoint\",\"urlTemplate\":\"https:\\\/\\\/www.jazzzeitung.de\\\/cms\\\/?s={search_term_string}\"},\"query-input\":{\"@type\":\"PropertyValueSpecification\",\"valueRequired\":true,\"valueName\":\"search_term_string\"}}],\"inLanguage\":\"de\"},{\"@type\":\"Organization\",\"@id\":\"https:\\\/\\\/www.jazzzeitung.de\\\/cms\\\/#organization\",\"name\":\"JazzZeitung online\",\"url\":\"https:\\\/\\\/www.jazzzeitung.de\\\/cms\\\/\",\"logo\":{\"@type\":\"ImageObject\",\"inLanguage\":\"de\",\"@id\":\"https:\\\/\\\/www.jazzzeitung.de\\\/cms\\\/#\\\/schema\\\/logo\\\/image\\\/\",\"url\":\"https:\\\/\\\/i0.wp.com\\\/www.jazzzeitung.de\\\/cms\\\/wp-content\\\/uploads\\\/2015\\\/08\\\/JAZZZEITUNGDE_Logo_Neu.png?fit=499%2C200&ssl=1\",\"contentUrl\":\"https:\\\/\\\/i0.wp.com\\\/www.jazzzeitung.de\\\/cms\\\/wp-content\\\/uploads\\\/2015\\\/08\\\/JAZZZEITUNGDE_Logo_Neu.png?fit=499%2C200&ssl=1\",\"width\":499,\"height\":200,\"caption\":\"JazzZeitung online\"},\"image\":{\"@id\":\"https:\\\/\\\/www.jazzzeitung.de\\\/cms\\\/#\\\/schema\\\/logo\\\/image\\\/\"},\"sameAs\":[\"https:\\\/\\\/www.facebook.com\\\/JazzZeitung\\\/\"]},{\"@type\":\"Person\",\"@id\":\"https:\\\/\\\/www.jazzzeitung.de\\\/cms\\\/#\\\/schema\\\/person\\\/2245b36b9cd1d24cea10f01c031fb92b\",\"name\":\"Redaktion JazzZeitung\",\"image\":{\"@type\":\"ImageObject\",\"inLanguage\":\"de\",\"@id\":\"https:\\\/\\\/i0.wp.com\\\/www.jazzzeitung.de\\\/cms\\\/wp-content\\\/uploads\\\/2015\\\/08\\\/JAZZZEITUNGDE_Logo_Neu.png?resize=96%2C96&ssl=159975dcacb611b5700bd619b5daf0a7a\",\"url\":\"https:\\\/\\\/i0.wp.com\\\/www.jazzzeitung.de\\\/cms\\\/wp-content\\\/uploads\\\/2015\\\/08\\\/JAZZZEITUNGDE_Logo_Neu.png?resize=96%2C96&ssl=1\",\"contentUrl\":\"https:\\\/\\\/i0.wp.com\\\/www.jazzzeitung.de\\\/cms\\\/wp-content\\\/uploads\\\/2015\\\/08\\\/JAZZZEITUNGDE_Logo_Neu.png?resize=96%2C96&ssl=1\",\"caption\":\"Redaktion JazzZeitung\"},\"description\":\"Artikel der Redaktion der JazzZeitung.\",\"sameAs\":[\"http:\\\/\\\/www.jazzzeitung.de\\\/cms\\\/\"],\"url\":\"https:\\\/\\\/www.jazzzeitung.de\\\/cms\\\/author\\\/redaktion\\\/\"}]}<\/script>\n<!-- \/ Yoast SEO plugin. -->","yoast_head_json":{"title":"Weihnachtliches mit orientalischer Note von Quadro Nuevo - JazzZeitung","robots":{"index":"index","follow":"follow","max-snippet":"max-snippet:-1","max-image-preview":"max-image-preview:large","max-video-preview":"max-video-preview:-1"},"canonical":"https:\/\/www.jazzzeitung.de\/cms\/2016\/12\/weihnachtliches-mit-orientalischer-note\/","og_locale":"de_DE","og_type":"article","og_title":"Weihnachtliches mit orientalischer Note von Quadro Nuevo - JazzZeitung","og_description":"Alle Jahre wieder \u2013 breitet sich ein hochansteckendes Virus in der Musikszene aus und infiziert wahllos Musiker aller Couleur. Mehrfach angesteckt wurden bereits die Vier von Quadro Nuevo. \u201eMusic for Christmas nights\u201c ist nach \u201eWeihnacht\u201c und \u201eBethlehem\u201c, das vor drei Jahren erschienen ist, bereits ihr drittes Album mit Musik aus und f\u00fcr die christliche Weihnachtszeit. Dass damit mehr als nur ein tiefer Herzenswunsch verbunden ist \u2013 und das sentimentale Gef\u00fchl vieler Menschen angesprochen und zum Kauf angeregt werden soll, ist sonnenklar. Ob dar\u00fcber hinaus mehr in einem solchen Album steckt, bringt nur ein genaues Hineinh\u00f6ren ans Licht \u2013 oder in diesem Fall besser, in die Weihnachtsnacht. Leuchtend, das sieht man auf den ersten Blick, ist auf jeden Fall das Cover mit einer stilisierten Kerzenflamme, die witzigerweise dem Schalltrichter eines altert\u00fcmlichen Schallplattenspielers entspringt. Von diesem effektvollen, aber einfallslosen Konzept abgesehen, weist das Album bei der Auswahl der Lieder nur einige wenige Besonderheiten auf. Was ihm aber tats\u00e4chlich einen eigenen Charakter verleiht, ist die Herangehensweise und \u2013 teilweise \u2013 die Umsetzung dieser einfachen, dabei oft starken Melodien. Zuallererst fehlt eine menschliche Stimme, die Lieder sind alle instrumental &hellip;","og_url":"https:\/\/www.jazzzeitung.de\/cms\/2016\/12\/weihnachtliches-mit-orientalischer-note\/","og_site_name":"JazzZeitung","article_publisher":"https:\/\/www.facebook.com\/JazzZeitung\/","article_published_time":"2016-12-12T07:30:48+00:00","og_image":[{"url":"http:\/\/www.jazzzeitung.de\/cms\/wp-content\/uploads\/2016\/12\/Quadro-FM-221-Cover-150x150.jpg","type":"","width":"","height":""}],"author":"Redaktion JazzZeitung","schema":{"@context":"https:\/\/schema.org","@graph":[{"@type":"Article","@id":"https:\/\/www.jazzzeitung.de\/cms\/2016\/12\/weihnachtliches-mit-orientalischer-note\/#article","isPartOf":{"@id":"https:\/\/www.jazzzeitung.de\/cms\/2016\/12\/weihnachtliches-mit-orientalischer-note\/"},"author":{"name":"Redaktion JazzZeitung","@id":"https:\/\/www.jazzzeitung.de\/cms\/#\/schema\/person\/2245b36b9cd1d24cea10f01c031fb92b"},"headline":"Weihnachtliches mit orientalischer Note von Quadro Nuevo","datePublished":"2016-12-12T07:30:48+00:00","mainEntityOfPage":{"@id":"https:\/\/www.jazzzeitung.de\/cms\/2016\/12\/weihnachtliches-mit-orientalischer-note\/"},"wordCount":414,"commentCount":0,"publisher":{"@id":"https:\/\/www.jazzzeitung.de\/cms\/#organization"},"image":{"@id":"https:\/\/www.jazzzeitung.de\/cms\/2016\/12\/weihnachtliches-mit-orientalischer-note\/#primaryimage"},"thumbnailUrl":"http:\/\/www.jazzzeitung.de\/cms\/wp-content\/uploads\/2016\/12\/Quadro-FM-221-Cover-150x150.jpg","keywords":["Akkordeon","Album","GLM","GLM Music","Michael Scheiner","Mulo Francel","Quadro Nuevo"],"articleSection":["Rezension"],"inLanguage":"de","potentialAction":[{"@type":"CommentAction","name":"Comment","target":["https:\/\/www.jazzzeitung.de\/cms\/2016\/12\/weihnachtliches-mit-orientalischer-note\/#respond"]}]},{"@type":"WebPage","@id":"https:\/\/www.jazzzeitung.de\/cms\/2016\/12\/weihnachtliches-mit-orientalischer-note\/","url":"https:\/\/www.jazzzeitung.de\/cms\/2016\/12\/weihnachtliches-mit-orientalischer-note\/","name":"Weihnachtliches mit orientalischer Note von Quadro Nuevo - JazzZeitung","isPartOf":{"@id":"https:\/\/www.jazzzeitung.de\/cms\/#website"},"primaryImageOfPage":{"@id":"https:\/\/www.jazzzeitung.de\/cms\/2016\/12\/weihnachtliches-mit-orientalischer-note\/#primaryimage"},"image":{"@id":"https:\/\/www.jazzzeitung.de\/cms\/2016\/12\/weihnachtliches-mit-orientalischer-note\/#primaryimage"},"thumbnailUrl":"http:\/\/www.jazzzeitung.de\/cms\/wp-content\/uploads\/2016\/12\/Quadro-FM-221-Cover-150x150.jpg","datePublished":"2016-12-12T07:30:48+00:00","breadcrumb":{"@id":"https:\/\/www.jazzzeitung.de\/cms\/2016\/12\/weihnachtliches-mit-orientalischer-note\/#breadcrumb"},"inLanguage":"de","potentialAction":[{"@type":"ReadAction","target":["https:\/\/www.jazzzeitung.de\/cms\/2016\/12\/weihnachtliches-mit-orientalischer-note\/"]}]},{"@type":"ImageObject","inLanguage":"de","@id":"https:\/\/www.jazzzeitung.de\/cms\/2016\/12\/weihnachtliches-mit-orientalischer-note\/#primaryimage","url":"http:\/\/www.jazzzeitung.de\/cms\/wp-content\/uploads\/2016\/12\/Quadro-FM-221-Cover-150x150.jpg","contentUrl":"http:\/\/www.jazzzeitung.de\/cms\/wp-content\/uploads\/2016\/12\/Quadro-FM-221-Cover-150x150.jpg"},{"@type":"BreadcrumbList","@id":"https:\/\/www.jazzzeitung.de\/cms\/2016\/12\/weihnachtliches-mit-orientalischer-note\/#breadcrumb","itemListElement":[{"@type":"ListItem","position":1,"name":"Startseite","item":"https:\/\/www.jazzzeitung.de\/cms\/"},{"@type":"ListItem","position":2,"name":"Weihnachtliches mit orientalischer Note von Quadro Nuevo"}]},{"@type":"WebSite","@id":"https:\/\/www.jazzzeitung.de\/cms\/#website","url":"https:\/\/www.jazzzeitung.de\/cms\/","name":"JazzZeitung","description":"Jazz-News und Jazz-Kontroverses","publisher":{"@id":"https:\/\/www.jazzzeitung.de\/cms\/#organization"},"potentialAction":[{"@type":"SearchAction","target":{"@type":"EntryPoint","urlTemplate":"https:\/\/www.jazzzeitung.de\/cms\/?s={search_term_string}"},"query-input":{"@type":"PropertyValueSpecification","valueRequired":true,"valueName":"search_term_string"}}],"inLanguage":"de"},{"@type":"Organization","@id":"https:\/\/www.jazzzeitung.de\/cms\/#organization","name":"JazzZeitung online","url":"https:\/\/www.jazzzeitung.de\/cms\/","logo":{"@type":"ImageObject","inLanguage":"de","@id":"https:\/\/www.jazzzeitung.de\/cms\/#\/schema\/logo\/image\/","url":"https:\/\/i0.wp.com\/www.jazzzeitung.de\/cms\/wp-content\/uploads\/2015\/08\/JAZZZEITUNGDE_Logo_Neu.png?fit=499%2C200&ssl=1","contentUrl":"https:\/\/i0.wp.com\/www.jazzzeitung.de\/cms\/wp-content\/uploads\/2015\/08\/JAZZZEITUNGDE_Logo_Neu.png?fit=499%2C200&ssl=1","width":499,"height":200,"caption":"JazzZeitung online"},"image":{"@id":"https:\/\/www.jazzzeitung.de\/cms\/#\/schema\/logo\/image\/"},"sameAs":["https:\/\/www.facebook.com\/JazzZeitung\/"]},{"@type":"Person","@id":"https:\/\/www.jazzzeitung.de\/cms\/#\/schema\/person\/2245b36b9cd1d24cea10f01c031fb92b","name":"Redaktion JazzZeitung","image":{"@type":"ImageObject","inLanguage":"de","@id":"https:\/\/i0.wp.com\/www.jazzzeitung.de\/cms\/wp-content\/uploads\/2015\/08\/JAZZZEITUNGDE_Logo_Neu.png?resize=96%2C96&ssl=159975dcacb611b5700bd619b5daf0a7a","url":"https:\/\/i0.wp.com\/www.jazzzeitung.de\/cms\/wp-content\/uploads\/2015\/08\/JAZZZEITUNGDE_Logo_Neu.png?resize=96%2C96&ssl=1","contentUrl":"https:\/\/i0.wp.com\/www.jazzzeitung.de\/cms\/wp-content\/uploads\/2015\/08\/JAZZZEITUNGDE_Logo_Neu.png?resize=96%2C96&ssl=1","caption":"Redaktion JazzZeitung"},"description":"Artikel der Redaktion der JazzZeitung.","sameAs":["http:\/\/www.jazzzeitung.de\/cms\/"],"url":"https:\/\/www.jazzzeitung.de\/cms\/author\/redaktion\/"}]}},"wp-worthy-pixel":{"ignored":false,"public":null,"server":null,"url":null},"wp-worthy-type":"normal","jetpack_publicize_connections":[],"cc_featured_image_caption":{"caption_text":false,"source_text":false,"source_url":false},"jetpack_featured_media_url":"","jetpack_shortlink":"https:\/\/wp.me\/p3KEcT-2W0","jetpack-related-posts":[{"id":11688,"url":"https:\/\/www.jazzzeitung.de\/cms\/2017\/02\/traumbild-von-stille-und-feuer\/","url_meta":{"origin":11284,"position":0},"title":"Traumbild von Stille und Feuer","author":"Redaktion JazzZeitung","date":"14. Februar 2017","format":false,"excerpt":"Auch wenn die oberbayerische Harfenistin deutlich mehr zu bieten hat, bekannt wurde sie haupts\u00e4chlich mit dem Rosenheimer Quartett \u201eQuadro Nuevo\u201c um Mulo Francel, dem sie seit bald zehn Jahren angeh\u00f6rt. Mit Francel (saxes) hat Evelyn Huber schon vorher diverse Duo-Alben aufgenommen, ebenso wie vor allem am Anfang ihrer k\u00fcnstlerischen Laufbahn\u2026","rel":"","context":"In &quot;Rezension&quot;","block_context":{"text":"Rezension","link":"https:\/\/www.jazzzeitung.de\/cms\/thema\/rezension\/"},"img":{"alt_text":"","src":"https:\/\/i0.wp.com\/www.jazzzeitung.de\/cms\/wp-content\/uploads\/2017\/02\/Huber-Evelyn-Inspire.jpeg?resize=350%2C200","width":350,"height":200,"srcset":"https:\/\/i0.wp.com\/www.jazzzeitung.de\/cms\/wp-content\/uploads\/2017\/02\/Huber-Evelyn-Inspire.jpeg?resize=350%2C200 1x, https:\/\/i0.wp.com\/www.jazzzeitung.de\/cms\/wp-content\/uploads\/2017\/02\/Huber-Evelyn-Inspire.jpeg?resize=525%2C300 1.5x, https:\/\/i0.wp.com\/www.jazzzeitung.de\/cms\/wp-content\/uploads\/2017\/02\/Huber-Evelyn-Inspire.jpeg?resize=700%2C400 2x, https:\/\/i0.wp.com\/www.jazzzeitung.de\/cms\/wp-content\/uploads\/2017\/02\/Huber-Evelyn-Inspire.jpeg?resize=1050%2C600 3x, https:\/\/i0.wp.com\/www.jazzzeitung.de\/cms\/wp-content\/uploads\/2017\/02\/Huber-Evelyn-Inspire.jpeg?resize=1400%2C800 4x"},"classes":[]},{"id":15759,"url":"https:\/\/www.jazzzeitung.de\/cms\/2018\/04\/news-udj-waehlt-saxofonistin-komponistin-christina-fuchs-in-den-vorstandjazz-award-in-gold-fuer-quadro-nuevo-cairo-stepsinternationales-jazz-weekend-unterfoehring\/","url_meta":{"origin":11284,"position":1},"title":"+++News+++ UDJ w\u00e4hlt Saxofonistin &#038; Komponistin Christina Fuchs in den Vorstand+++Jazz Award in Gold f\u00fcr Quadro Nuevo &#038; Cairo Steps+++Internationales Jazz Weekend Unterf\u00f6hring+++","author":"Redaktion JazzZeitung","date":"26. April 2018","format":false,"excerpt":"Union Deutscher Jazzmusiker w\u00e4hlt K\u00f6lner Saxofonistin und Komponistin Christina Fuchs in den Vorstand Bei einer Mitgliederversammlung im Rahmen der jazzahead! 2018 in Bremen wurde die Jazzmusikerin Christina Fuchs am 21. April als Nachfolgerin von Silke Eberhardt in den Vorstand der UDJ gew\u00e4hlt. \u201eWir sch\u00e4tzen uns gl\u00fccklich, mit Christina Fuchs eine\u2026","rel":"","context":"In &quot;News&quot;","block_context":{"text":"News","link":"https:\/\/www.jazzzeitung.de\/cms\/thema\/nachrichten\/"},"img":{"alt_text":"","src":"https:\/\/i0.wp.com\/www.jazzzeitung.de\/cms\/wp-content\/uploads\/2018\/04\/Christina-Fuchs2.jpeg?fit=1200%2C800&ssl=1&resize=350%2C200","width":350,"height":200,"srcset":"https:\/\/i0.wp.com\/www.jazzzeitung.de\/cms\/wp-content\/uploads\/2018\/04\/Christina-Fuchs2.jpeg?fit=1200%2C800&ssl=1&resize=350%2C200 1x, https:\/\/i0.wp.com\/www.jazzzeitung.de\/cms\/wp-content\/uploads\/2018\/04\/Christina-Fuchs2.jpeg?fit=1200%2C800&ssl=1&resize=525%2C300 1.5x, https:\/\/i0.wp.com\/www.jazzzeitung.de\/cms\/wp-content\/uploads\/2018\/04\/Christina-Fuchs2.jpeg?fit=1200%2C800&ssl=1&resize=700%2C400 2x, https:\/\/i0.wp.com\/www.jazzzeitung.de\/cms\/wp-content\/uploads\/2018\/04\/Christina-Fuchs2.jpeg?fit=1200%2C800&ssl=1&resize=1050%2C600 3x"},"classes":[]},{"id":3170,"url":"https:\/\/www.jazzzeitung.de\/cms\/2013\/12\/weihnachts-cds-folge-3-quadro-nuevo\/","url_meta":{"origin":11284,"position":2},"title":"Weihnachts-CDs Folge 3: Quadro Nuevo","author":"Redaktion JazzZeitung","date":"17. Dezember 2013","format":false,"excerpt":"Sie haben\u2019s schon wieder getan. Quadro Nuevo, das enorm erfolgreiche Quartett um Mulo Francel (sax, kl\u2026), Andreas Hinterseher (akk, bandoneon, vibr\u2026), D.D. Lowka (b, perc) und die Harfenistin Evelyn Huber legen dieses Jahr ihre zweite Weihnachts-CD unter dem schlichten Titel \u201eBethlehem\u201c vor (GLM, Fine Music FM 184-2). \u201eMusik, die nahe\u2026","rel":"","context":"In &quot;Blog&quot;","block_context":{"text":"Blog","link":"https:\/\/www.jazzzeitung.de\/cms\/thema\/blog\/"},"img":{"alt_text":"cover_quadro","src":"https:\/\/i0.wp.com\/www.jazzzeitung.de\/cms\/wp-content\/uploads\/2013\/12\/cover_quadro-150x150.jpg?resize=350%2C200","width":350,"height":200},"classes":[]},{"id":9602,"url":"https:\/\/www.jazzzeitung.de\/cms\/2016\/07\/der-fluegel-haelt-das-aus-gelungenes-auftaktkonzert-im-foyer-der-uni-bibliothek-regensburg\/","url_meta":{"origin":11284,"position":3},"title":"\u201eDer Fl\u00fcgel h\u00e4lt das aus\u201c \u2013 Gelungenes Auftaktkonzert im Foyer der Uni-Bibliothek Regensburg","author":"Redaktion JazzZeitung","date":"1. Juli 2016","format":false,"excerpt":"Der Ort war so ungew\u00f6hnlich, wie Zeit und Anlass. Ein Jazzkonzert mitten am Nachmittag im Foyer der Universit\u00e4tsbibliothek. Ein Novum und ein Versuchsballon, der \u2013 soviel schon vorweg \u2013 abgehoben hat. Chris Gall und Andreas Dombert spielen seit zwei Jahren zusammen und haben bisher ein gemeinsames Album ver\u00f6ffentlicht, schlicht \u201eDuo\u201c\u2026","rel":"","context":"In &quot;Bericht&quot;","block_context":{"text":"Bericht","link":"https:\/\/www.jazzzeitung.de\/cms\/thema\/bericht\/"},"img":{"alt_text":"","src":"https:\/\/i0.wp.com\/www.jazzzeitung.de\/cms\/wp-content\/uploads\/2016\/06\/Dombert-Gall_90-150x150.jpg?resize=350%2C200","width":350,"height":200},"classes":[]},{"id":1081,"url":"https:\/\/www.jazzzeitung.de\/cms\/2011\/06\/echo-jazz-2011-act-und-quadro-nuevo-gewinnen-online-voting\/","url_meta":{"origin":11284,"position":4},"title":"ECHO Jazz 2011: ACT und Quadro Nuevo gewinnen Online-Voting","author":"J\u00f6rg Lichtinger","date":"17. Juni 2011","format":false,"excerpt":"... schon wieder! Bereits bei der letztj\u00e4hrigen offenen Wahl in den Kategorien Label des Jahres und Live-Act des Jahres zur Premiere des ECHO Jazz konnten die bayerische Weltmusik-Fraktion Quadro Nuevo und das M\u00fcnchner Label ACT Music & Vision die meisten Stimmen f\u00fcr sich verbuchen. Die Gewinner der beiden Kategorien waren\u2026","rel":"","context":"In &quot;Blog&quot;","block_context":{"text":"Blog","link":"https:\/\/www.jazzzeitung.de\/cms\/thema\/blog\/"},"img":{"alt_text":"echo-jazz-2011","src":"https:\/\/i0.wp.com\/www.jazzzeitung.de\/cms\/wp-content\/uploads\/2011\/05\/echo-jazz-2011-150.png?resize=350%2C200","width":350,"height":200},"classes":[]},{"id":31831,"url":"https:\/\/www.jazzzeitung.de\/cms\/2024\/11\/sven-faller-und-august-zirner-und-ihr-mingus-album\/","url_meta":{"origin":11284,"position":5},"title":"Sven Faller und August Zirner und ihr Mingus-Album","author":"Redaktion JazzZeitung","date":"5. November 2024","format":false,"excerpt":"(Von Michael Scheiner) Eine Zigarre zwischen den Lippen, den Blick am Bass vorbei zur Seite geneigt: Charles Mingus war kein besonders angenehmer Zeitgenosse. Davon zeugen ausgeschlagene Z\u00e4hne bei einem Mitmusiker, Publikumsbeschimpfungen (noch vor Peter Handke), Clubbesitzer die sich weigerten ihn einzuladen und h\u00e4ufige Besetzungswechsel in seinen Bands. Duke Ellington legte\u2026","rel":"","context":"In &quot;Rezension&quot;","block_context":{"text":"Rezension","link":"https:\/\/www.jazzzeitung.de\/cms\/thema\/rezension\/"},"img":{"alt_text":"","src":"https:\/\/i0.wp.com\/www.jazzzeitung.de\/cms\/wp-content\/uploads\/2024\/11\/Mingus_hj.michel-scaled.jpeg?fit=1200%2C1083&ssl=1&resize=350%2C200","width":350,"height":200,"srcset":"https:\/\/i0.wp.com\/www.jazzzeitung.de\/cms\/wp-content\/uploads\/2024\/11\/Mingus_hj.michel-scaled.jpeg?fit=1200%2C1083&ssl=1&resize=350%2C200 1x, https:\/\/i0.wp.com\/www.jazzzeitung.de\/cms\/wp-content\/uploads\/2024\/11\/Mingus_hj.michel-scaled.jpeg?fit=1200%2C1083&ssl=1&resize=525%2C300 1.5x, https:\/\/i0.wp.com\/www.jazzzeitung.de\/cms\/wp-content\/uploads\/2024\/11\/Mingus_hj.michel-scaled.jpeg?fit=1200%2C1083&ssl=1&resize=700%2C400 2x, https:\/\/i0.wp.com\/www.jazzzeitung.de\/cms\/wp-content\/uploads\/2024\/11\/Mingus_hj.michel-scaled.jpeg?fit=1200%2C1083&ssl=1&resize=1050%2C600 3x"},"classes":[]}],"jetpack_sharing_enabled":true,"_links":{"self":[{"href":"https:\/\/www.jazzzeitung.de\/cms\/wp-json\/wp\/v2\/posts\/11284","targetHints":{"allow":["GET"]}}],"collection":[{"href":"https:\/\/www.jazzzeitung.de\/cms\/wp-json\/wp\/v2\/posts"}],"about":[{"href":"https:\/\/www.jazzzeitung.de\/cms\/wp-json\/wp\/v2\/types\/post"}],"author":[{"embeddable":true,"href":"https:\/\/www.jazzzeitung.de\/cms\/wp-json\/wp\/v2\/users\/18"}],"replies":[{"embeddable":true,"href":"https:\/\/www.jazzzeitung.de\/cms\/wp-json\/wp\/v2\/comments?post=11284"}],"version-history":[{"count":3,"href":"https:\/\/www.jazzzeitung.de\/cms\/wp-json\/wp\/v2\/posts\/11284\/revisions"}],"predecessor-version":[{"id":11289,"href":"https:\/\/www.jazzzeitung.de\/cms\/wp-json\/wp\/v2\/posts\/11284\/revisions\/11289"}],"wp:attachment":[{"href":"https:\/\/www.jazzzeitung.de\/cms\/wp-json\/wp\/v2\/media?parent=11284"}],"wp:term":[{"taxonomy":"category","embeddable":true,"href":"https:\/\/www.jazzzeitung.de\/cms\/wp-json\/wp\/v2\/categories?post=11284"},{"taxonomy":"post_tag","embeddable":true,"href":"https:\/\/www.jazzzeitung.de\/cms\/wp-json\/wp\/v2\/tags?post=11284"},{"taxonomy":"author","embeddable":true,"href":"https:\/\/www.jazzzeitung.de\/cms\/wp-json\/wp\/v2\/coauthors?post=11284"}],"curies":[{"name":"wp","href":"https:\/\/api.w.org\/{rel}","templated":true}]}}