{"id":11238,"date":"2016-12-06T18:00:59","date_gmt":"2016-12-06T17:00:59","guid":{"rendered":"http:\/\/www.jazzzeitung.de\/cms\/?p=11238"},"modified":"2016-12-06T17:47:12","modified_gmt":"2016-12-06T16:47:12","slug":"prager-gitarrist-radim-hladik-verstorben","status":"publish","type":"post","link":"https:\/\/www.jazzzeitung.de\/cms\/2016\/12\/prager-gitarrist-radim-hladik-verstorben\/","title":{"rendered":"Prager Gitarrist Radim Hlad\u00edk verstorben"},"content":{"rendered":"<figure id=\"attachment_11240\" aria-describedby=\"caption-attachment-11240\" style=\"width: 150px\" class=\"wp-caption alignright\"><a href=\"https:\/\/i0.wp.com\/www.jazzzeitung.de\/cms\/wp-content\/uploads\/2016\/12\/Hladik_Foto.jpg\"><img data-recalc-dims=\"1\" loading=\"lazy\" decoding=\"async\" data-attachment-id=\"11240\" data-permalink=\"https:\/\/www.jazzzeitung.de\/cms\/2016\/12\/prager-gitarrist-radim-hladik-verstorben\/hladik_foto\/\" data-orig-file=\"https:\/\/i0.wp.com\/www.jazzzeitung.de\/cms\/wp-content\/uploads\/2016\/12\/Hladik_Foto.jpg?fit=1728%2C2304&amp;ssl=1\" data-orig-size=\"1728,2304\" data-comments-opened=\"1\" data-image-meta=\"{&quot;aperture&quot;:&quot;3.7&quot;,&quot;credit&quot;:&quot;&quot;,&quot;camera&quot;:&quot;EX-Z110&quot;,&quot;caption&quot;:&quot;&quot;,&quot;created_timestamp&quot;:&quot;1171661981&quot;,&quot;copyright&quot;:&quot;&quot;,&quot;focal_length&quot;:&quot;8.82&quot;,&quot;iso&quot;:&quot;0&quot;,&quot;shutter_speed&quot;:&quot;0.066666666666667&quot;,&quot;title&quot;:&quot;&quot;,&quot;orientation&quot;:&quot;0&quot;}\" data-image-title=\"Radim Hlad\u00edk bei einem Konzert im Rockclub im b\u00f6hmischen P\u00edsek 2007. Foto: Chmee2\/Wikipedia\" data-image-description=\"\" data-image-caption=\"&lt;p&gt;Radim Hlad\u00edk bei einem Konzert im Rockclub im b\u00f6hmischen P\u00edsek 2007. Foto: Chmee2\/Wikipedia&lt;\/p&gt;\n\" data-large-file=\"https:\/\/i0.wp.com\/www.jazzzeitung.de\/cms\/wp-content\/uploads\/2016\/12\/Hladik_Foto.jpg?fit=450%2C600&amp;ssl=1\" class=\"size-thumbnail wp-image-11240\" src=\"https:\/\/i0.wp.com\/www.jazzzeitung.de\/cms\/wp-content\/uploads\/2016\/12\/Hladik_Foto-150x150.jpg?resize=150%2C150\" alt=\"Radim Hlad\u00edk bei einem Konzert im Rockclub im b\u00f6hmischen P\u00edsek 2007. Foto: Chmee2\/Wikipedia\" width=\"150\" height=\"150\" srcset=\"https:\/\/i0.wp.com\/www.jazzzeitung.de\/cms\/wp-content\/uploads\/2016\/12\/Hladik_Foto.jpg?resize=150%2C150&amp;ssl=1 150w, https:\/\/i0.wp.com\/www.jazzzeitung.de\/cms\/wp-content\/uploads\/2016\/12\/Hladik_Foto.jpg?resize=144%2C144&amp;ssl=1 144w, https:\/\/i0.wp.com\/www.jazzzeitung.de\/cms\/wp-content\/uploads\/2016\/12\/Hladik_Foto.jpg?resize=96%2C96&amp;ssl=1 96w, https:\/\/i0.wp.com\/www.jazzzeitung.de\/cms\/wp-content\/uploads\/2016\/12\/Hladik_Foto.jpg?resize=24%2C24&amp;ssl=1 24w, https:\/\/i0.wp.com\/www.jazzzeitung.de\/cms\/wp-content\/uploads\/2016\/12\/Hladik_Foto.jpg?resize=36%2C36&amp;ssl=1 36w, https:\/\/i0.wp.com\/www.jazzzeitung.de\/cms\/wp-content\/uploads\/2016\/12\/Hladik_Foto.jpg?resize=48%2C48&amp;ssl=1 48w, https:\/\/i0.wp.com\/www.jazzzeitung.de\/cms\/wp-content\/uploads\/2016\/12\/Hladik_Foto.jpg?resize=64%2C64&amp;ssl=1 64w, https:\/\/i0.wp.com\/www.jazzzeitung.de\/cms\/wp-content\/uploads\/2016\/12\/Hladik_Foto.jpg?resize=32%2C32&amp;ssl=1 32w, https:\/\/i0.wp.com\/www.jazzzeitung.de\/cms\/wp-content\/uploads\/2016\/12\/Hladik_Foto.jpg?resize=50%2C50&amp;ssl=1 50w, https:\/\/i0.wp.com\/www.jazzzeitung.de\/cms\/wp-content\/uploads\/2016\/12\/Hladik_Foto.jpg?resize=128%2C128&amp;ssl=1 128w, https:\/\/i0.wp.com\/www.jazzzeitung.de\/cms\/wp-content\/uploads\/2016\/12\/Hladik_Foto.jpg?zoom=2&amp;resize=150%2C150&amp;ssl=1 300w, https:\/\/i0.wp.com\/www.jazzzeitung.de\/cms\/wp-content\/uploads\/2016\/12\/Hladik_Foto.jpg?zoom=3&amp;resize=150%2C150&amp;ssl=1 450w\" sizes=\"auto, (max-width: 150px) 100vw, 150px\" \/><\/a><figcaption id=\"caption-attachment-11240\" class=\"wp-caption-text\">Radim Hlad\u00edk bei einem Konzert im Rockclub im b\u00f6hmischen P\u00edsek 2007. Foto: Chmee2\/Wikipedia<\/figcaption><\/figure>\n<p>Radim Hlad\u00edk lebt nicht mehr. Der Super-Jazzrock-Gitarrist aus Prag verstarb kurz vor seinem siebzigsten Geburtstag am vergangenen Sonntag an den Folgen einer Lungenfibrose.<\/p>\n<p><strong>Von Mathias B\u00e4umel<\/strong> \u2013 \u00c4lteren Rockfans in der DDR haben Hlad\u00edk erstmals schon in der zweiten H\u00e4lfte der 60er-Jahre wahrgenommen \u2013 als Gitarristen der Gruppe Matadors, deren Langspielplatte in der tschechischen Inland-Version 1968, in der Export-Version etwas sp\u00e4ter erschienen war. Die Gruppe begeisterte von 1966 bis 1968 nicht nur mit zahlreichen, hexenkesselartigen Live-Auftritten in der DDR und der CSSR, sondern auch mit den an Blues-Rock und Merseybeat erinnernden, fulminant klingenden Titeln dieser LP. R\u00fcckblickend erwies sich diese Band auch als \u00bbKinderstube\u00ab der wichtigsten tschechischen Jazz- und Prog-Rock-Gruppe \u00fcberhaupt \u2013 Blue Effect \u2013, die 1968 von Radim Hladik gegr\u00fcndet wurde. Und Blue Effect war sofort pr\u00e4sent. Auf dem Meisterwerk \u00bbConiunctio\u00ab (mit Jazz Q Prag) kam es zur Begegnung von Free Jazz und freiem Rock \u2013 eine Mischung, wie es sie in einer solchen Stilistik bis dahin noch nirgends auf der Welt gegeben hatte. Die Musiker griffen die von Ornette Colemans \u00bbFree Jazz\u00ab-Platte (1961) inspirierte Idee der doppelten Rhythmusgruppe auf und erg\u00e4nzten sie mit Gitarre (Radim Hlad\u00edk), Saxofon und Fl\u00f6te (Ji\u0159i Stiv\u00edn) sowie mit Klavier und Keyboards (Martin Kratochv\u00edl). Wie gro\u00df war damals unsere Gier nach dieser Mischung von freien Soundimprovisationen, harten Rock-Riffs, wilden Gitarren-Soli und expressiven Saxofon-Linien! Die Klang\u00e4sthetik wirkte verwegen und trotz gelegentlicher Bluesharmonien befreiend europ\u00e4isch. Hlad\u00edk spielte seine Gitarre mit stahligem, harten Sound und in irritierender Schnelligkeit \u2013 in einer Zeit, als John McLaughlin gerade mit seiner jazzig-weichen, swingigen LP \u00bbExtrapolation\u00ab erschien und das Mahavishnu Orchestra noch nicht gegr\u00fcndet war.<\/p>\n<p>Kurz darauf erschien mit der LP \u00bbNew Synthesis\u00ab (Blue Effect gemeinsam mit dem Jazzorchester des Tschechischen Rundfunks unter Kamil H\u00e1la) der n\u00e4chste Meilenstein. Noch heute setzen Motivik, Arrangements und Soli der LP Ma\u00dfst\u00e4be. Die Soli Radim Hlad\u00edks darauf sind atemberaubend, diese Begegnung von Bigband-Jazz und Rock ist damals in ihrer \u00e4sthetischen Form einmalig. Wer das moderne Rock-Orchesterkonzept der vielgefeierte Monika Roscher Bigband kennt, ahnt, wie innovativ damals schon Blue Effect mit \u00bbNew Synthesis\u00ab war.<\/p>\n<p>Bis in die Wendezeit 1990 hinein war Hlad\u00edk mit Blue Effect aktiv, die Band war gewisserma\u00dfen die \u00bb\u00dcbergruppe\u00ab in der CSSR. Danach arbeitete Hlad\u00edk einige Jahre lang als Produzent, war auch verantwortlich f\u00fcr den Erfolg einer ganzen Reihe j\u00fcngerer Gruppen, so der Band Chinaski.<\/p>\n<p>Sp\u00e4ter belebte Hlad\u00edk seine Band Blue Effect wieder, die bis vor wenigen Wochen das tschechische und slowakische Rockkonzertgeschehen pr\u00e4gte; die Gruppe spielte regelm\u00e4\u00dfig auf Festivals im Lande und in Klubs und Konzerth\u00e4usern. Sein letztes Konzert gab Radim Hlad\u00edk auf der Sch\u00fctzeninsel in Prag im September 2016. Zahllos Kompilationen und neue Aufnahmen mit verschiedenen K\u00fcnstlern dokumentieren Hlad\u00edks k\u00fcnstlerischen Lebensweg, seine Musik ist auf etwa zwanzig CDs und DVDs enthalten. Die neunteilige CD-Box \u00bbBlue Effect\u00ab fasst alles bis 1989 zusammen, Aufnahmen mit der wiederbelebten Gruppe Blue Effect oder mit anderen K\u00fcnstlern wie beispielsweise Pavol Hammel findet man problemlos in Prager, Aussiger oder Teplitzer CD-Gesch\u00e4ften.<\/p>\n<p>&nbsp;<\/p>\n","protected":false},"excerpt":{"rendered":"<p>Radim Hlad\u00edk lebt nicht mehr. Der Super-Jazzrock-Gitarrist aus Prag verstarb kurz vor seinem siebzigsten Geburtstag am vergangenen Sonntag an den Folgen einer Lungenfibrose. Von Mathias B\u00e4umel \u2013 \u00c4lteren Rockfans in der DDR haben Hlad\u00edk erstmals schon in der zweiten H\u00e4lfte der 60er-Jahre wahrgenommen \u2013 als Gitarristen der Gruppe Matadors, deren Langspielplatte in der tschechischen Inland-Version 1968, in der Export-Version etwas sp\u00e4ter erschienen war. Die Gruppe begeisterte von 1966 bis 1968 nicht nur mit zahlreichen, hexenkesselartigen Live-Auftritten in der DDR und der CSSR, sondern auch mit den an Blues-Rock und Merseybeat erinnernden, fulminant klingenden Titeln dieser LP. R\u00fcckblickend erwies sich diese Band auch als \u00bbKinderstube\u00ab der wichtigsten tschechischen Jazz- und Prog-Rock-Gruppe \u00fcberhaupt \u2013 Blue Effect \u2013, die 1968 von Radim Hladik gegr\u00fcndet wurde. Und Blue Effect war sofort pr\u00e4sent. Auf dem Meisterwerk \u00bbConiunctio\u00ab (mit Jazz Q Prag) kam es zur Begegnung von Free Jazz und freiem Rock \u2013 eine Mischung, wie es sie in einer solchen Stilistik bis dahin noch nirgends auf der Welt gegeben hatte. Die Musiker griffen die von Ornette Colemans \u00bbFree Jazz\u00ab-Platte (1961) inspirierte Idee der doppelten Rhythmusgruppe auf und erg\u00e4nzten sie mit &hellip;<\/p>\n","protected":false},"author":18,"featured_media":0,"comment_status":"open","ping_status":"closed","sticky":false,"template":"","format":"standard","meta":{"_jetpack_memberships_contains_paid_content":false,"footnotes":"","jetpack_publicize_message":"","jetpack_publicize_feature_enabled":true,"jetpack_social_post_already_shared":false,"jetpack_social_options":{"image_generator_settings":{"template":"highway","default_image_id":0,"font":"","enabled":false},"version":2}},"categories":[633],"tags":[73,83,109,129,682,754,790,282,304,322,908,1156,760,408,1438,1250,1176,1439],"coauthors":[695],"class_list":["post-11238","post","type-post","status-publish","format-standard","hentry","category-nachrichten","tag-bigband","tag-blues","tag-cd","tag-ddr","tag-festivals","tag-free-jazz","tag-geburtstag","tag-jazzorchester","tag-john-mclaughlin","tag-konzert-2","tag-lp","tag-mathias-baeumel","tag-monika-roscher","tag-nachruf","tag-radim-hladik","tag-rock","tag-soli","tag-tot"],"yoast_head":"<!-- This site is optimized with the Yoast SEO plugin v27.5 - https:\/\/yoast.com\/product\/yoast-seo-wordpress\/ -->\n<title>Prager Gitarrist Radim Hlad\u00edk verstorben - JazzZeitung<\/title>\n<meta name=\"robots\" content=\"index, follow, max-snippet:-1, max-image-preview:large, max-video-preview:-1\" \/>\n<link rel=\"canonical\" href=\"https:\/\/www.jazzzeitung.de\/cms\/2016\/12\/prager-gitarrist-radim-hladik-verstorben\/\" \/>\n<meta property=\"og:locale\" content=\"de_DE\" \/>\n<meta property=\"og:type\" content=\"article\" \/>\n<meta property=\"og:title\" content=\"Prager Gitarrist Radim Hlad\u00edk verstorben - JazzZeitung\" \/>\n<meta property=\"og:description\" content=\"Radim Hlad\u00edk lebt nicht mehr. Der Super-Jazzrock-Gitarrist aus Prag verstarb kurz vor seinem siebzigsten Geburtstag am vergangenen Sonntag an den Folgen einer Lungenfibrose. Von Mathias B\u00e4umel \u2013 \u00c4lteren Rockfans in der DDR haben Hlad\u00edk erstmals schon in der zweiten H\u00e4lfte der 60er-Jahre wahrgenommen \u2013 als Gitarristen der Gruppe Matadors, deren Langspielplatte in der tschechischen Inland-Version 1968, in der Export-Version etwas sp\u00e4ter erschienen war. Die Gruppe begeisterte von 1966 bis 1968 nicht nur mit zahlreichen, hexenkesselartigen Live-Auftritten in der DDR und der CSSR, sondern auch mit den an Blues-Rock und Merseybeat erinnernden, fulminant klingenden Titeln dieser LP. R\u00fcckblickend erwies sich diese Band auch als \u00bbKinderstube\u00ab der wichtigsten tschechischen Jazz- und Prog-Rock-Gruppe \u00fcberhaupt \u2013 Blue Effect \u2013, die 1968 von Radim Hladik gegr\u00fcndet wurde. Und Blue Effect war sofort pr\u00e4sent. Auf dem Meisterwerk \u00bbConiunctio\u00ab (mit Jazz Q Prag) kam es zur Begegnung von Free Jazz und freiem Rock \u2013 eine Mischung, wie es sie in einer solchen Stilistik bis dahin noch nirgends auf der Welt gegeben hatte. Die Musiker griffen die von Ornette Colemans \u00bbFree Jazz\u00ab-Platte (1961) inspirierte Idee der doppelten Rhythmusgruppe auf und erg\u00e4nzten sie mit &hellip;\" \/>\n<meta property=\"og:url\" content=\"https:\/\/www.jazzzeitung.de\/cms\/2016\/12\/prager-gitarrist-radim-hladik-verstorben\/\" \/>\n<meta property=\"og:site_name\" content=\"JazzZeitung\" \/>\n<meta property=\"article:publisher\" content=\"https:\/\/www.facebook.com\/JazzZeitung\/\" \/>\n<meta property=\"article:published_time\" content=\"2016-12-06T17:00:59+00:00\" \/>\n<meta property=\"og:image\" content=\"http:\/\/www.jazzzeitung.de\/cms\/wp-content\/uploads\/2016\/12\/Hladik_Foto-150x150.jpg\" \/>\n<meta name=\"author\" content=\"Redaktion JazzZeitung\" \/>\n<script type=\"application\/ld+json\" class=\"yoast-schema-graph\">{\"@context\":\"https:\\\/\\\/schema.org\",\"@graph\":[{\"@type\":\"Article\",\"@id\":\"https:\\\/\\\/www.jazzzeitung.de\\\/cms\\\/2016\\\/12\\\/prager-gitarrist-radim-hladik-verstorben\\\/#article\",\"isPartOf\":{\"@id\":\"https:\\\/\\\/www.jazzzeitung.de\\\/cms\\\/2016\\\/12\\\/prager-gitarrist-radim-hladik-verstorben\\\/\"},\"author\":{\"name\":\"Redaktion JazzZeitung\",\"@id\":\"https:\\\/\\\/www.jazzzeitung.de\\\/cms\\\/#\\\/schema\\\/person\\\/2245b36b9cd1d24cea10f01c031fb92b\"},\"headline\":\"Prager Gitarrist Radim Hlad\u00edk verstorben\",\"datePublished\":\"2016-12-06T17:00:59+00:00\",\"mainEntityOfPage\":{\"@id\":\"https:\\\/\\\/www.jazzzeitung.de\\\/cms\\\/2016\\\/12\\\/prager-gitarrist-radim-hladik-verstorben\\\/\"},\"wordCount\":541,\"commentCount\":0,\"publisher\":{\"@id\":\"https:\\\/\\\/www.jazzzeitung.de\\\/cms\\\/#organization\"},\"image\":{\"@id\":\"https:\\\/\\\/www.jazzzeitung.de\\\/cms\\\/2016\\\/12\\\/prager-gitarrist-radim-hladik-verstorben\\\/#primaryimage\"},\"thumbnailUrl\":\"http:\\\/\\\/www.jazzzeitung.de\\\/cms\\\/wp-content\\\/uploads\\\/2016\\\/12\\\/Hladik_Foto-150x150.jpg\",\"keywords\":[\"Bigband\",\"Blues\",\"CD\",\"ddr\",\"Festivals\",\"Free Jazz\",\"Geburtstag\",\"Jazzorchester\",\"John McLaughlin\",\"Konzert\",\"LP\",\"Mathias B\u00e4umel\",\"Monika Roscher\",\"Nachruf\",\"Radim Hlad\u00edk\",\"Rock\",\"Soli\",\"tot\"],\"articleSection\":[\"News\"],\"inLanguage\":\"de\",\"potentialAction\":[{\"@type\":\"CommentAction\",\"name\":\"Comment\",\"target\":[\"https:\\\/\\\/www.jazzzeitung.de\\\/cms\\\/2016\\\/12\\\/prager-gitarrist-radim-hladik-verstorben\\\/#respond\"]}]},{\"@type\":\"WebPage\",\"@id\":\"https:\\\/\\\/www.jazzzeitung.de\\\/cms\\\/2016\\\/12\\\/prager-gitarrist-radim-hladik-verstorben\\\/\",\"url\":\"https:\\\/\\\/www.jazzzeitung.de\\\/cms\\\/2016\\\/12\\\/prager-gitarrist-radim-hladik-verstorben\\\/\",\"name\":\"Prager Gitarrist Radim Hlad\u00edk verstorben - JazzZeitung\",\"isPartOf\":{\"@id\":\"https:\\\/\\\/www.jazzzeitung.de\\\/cms\\\/#website\"},\"primaryImageOfPage\":{\"@id\":\"https:\\\/\\\/www.jazzzeitung.de\\\/cms\\\/2016\\\/12\\\/prager-gitarrist-radim-hladik-verstorben\\\/#primaryimage\"},\"image\":{\"@id\":\"https:\\\/\\\/www.jazzzeitung.de\\\/cms\\\/2016\\\/12\\\/prager-gitarrist-radim-hladik-verstorben\\\/#primaryimage\"},\"thumbnailUrl\":\"http:\\\/\\\/www.jazzzeitung.de\\\/cms\\\/wp-content\\\/uploads\\\/2016\\\/12\\\/Hladik_Foto-150x150.jpg\",\"datePublished\":\"2016-12-06T17:00:59+00:00\",\"breadcrumb\":{\"@id\":\"https:\\\/\\\/www.jazzzeitung.de\\\/cms\\\/2016\\\/12\\\/prager-gitarrist-radim-hladik-verstorben\\\/#breadcrumb\"},\"inLanguage\":\"de\",\"potentialAction\":[{\"@type\":\"ReadAction\",\"target\":[\"https:\\\/\\\/www.jazzzeitung.de\\\/cms\\\/2016\\\/12\\\/prager-gitarrist-radim-hladik-verstorben\\\/\"]}]},{\"@type\":\"ImageObject\",\"inLanguage\":\"de\",\"@id\":\"https:\\\/\\\/www.jazzzeitung.de\\\/cms\\\/2016\\\/12\\\/prager-gitarrist-radim-hladik-verstorben\\\/#primaryimage\",\"url\":\"http:\\\/\\\/www.jazzzeitung.de\\\/cms\\\/wp-content\\\/uploads\\\/2016\\\/12\\\/Hladik_Foto-150x150.jpg\",\"contentUrl\":\"http:\\\/\\\/www.jazzzeitung.de\\\/cms\\\/wp-content\\\/uploads\\\/2016\\\/12\\\/Hladik_Foto-150x150.jpg\"},{\"@type\":\"BreadcrumbList\",\"@id\":\"https:\\\/\\\/www.jazzzeitung.de\\\/cms\\\/2016\\\/12\\\/prager-gitarrist-radim-hladik-verstorben\\\/#breadcrumb\",\"itemListElement\":[{\"@type\":\"ListItem\",\"position\":1,\"name\":\"Startseite\",\"item\":\"https:\\\/\\\/www.jazzzeitung.de\\\/cms\\\/\"},{\"@type\":\"ListItem\",\"position\":2,\"name\":\"Prager Gitarrist Radim Hlad\u00edk verstorben\"}]},{\"@type\":\"WebSite\",\"@id\":\"https:\\\/\\\/www.jazzzeitung.de\\\/cms\\\/#website\",\"url\":\"https:\\\/\\\/www.jazzzeitung.de\\\/cms\\\/\",\"name\":\"JazzZeitung\",\"description\":\"Jazz-News und Jazz-Kontroverses\",\"publisher\":{\"@id\":\"https:\\\/\\\/www.jazzzeitung.de\\\/cms\\\/#organization\"},\"potentialAction\":[{\"@type\":\"SearchAction\",\"target\":{\"@type\":\"EntryPoint\",\"urlTemplate\":\"https:\\\/\\\/www.jazzzeitung.de\\\/cms\\\/?s={search_term_string}\"},\"query-input\":{\"@type\":\"PropertyValueSpecification\",\"valueRequired\":true,\"valueName\":\"search_term_string\"}}],\"inLanguage\":\"de\"},{\"@type\":\"Organization\",\"@id\":\"https:\\\/\\\/www.jazzzeitung.de\\\/cms\\\/#organization\",\"name\":\"JazzZeitung online\",\"url\":\"https:\\\/\\\/www.jazzzeitung.de\\\/cms\\\/\",\"logo\":{\"@type\":\"ImageObject\",\"inLanguage\":\"de\",\"@id\":\"https:\\\/\\\/www.jazzzeitung.de\\\/cms\\\/#\\\/schema\\\/logo\\\/image\\\/\",\"url\":\"https:\\\/\\\/i0.wp.com\\\/www.jazzzeitung.de\\\/cms\\\/wp-content\\\/uploads\\\/2015\\\/08\\\/JAZZZEITUNGDE_Logo_Neu.png?fit=499%2C200&ssl=1\",\"contentUrl\":\"https:\\\/\\\/i0.wp.com\\\/www.jazzzeitung.de\\\/cms\\\/wp-content\\\/uploads\\\/2015\\\/08\\\/JAZZZEITUNGDE_Logo_Neu.png?fit=499%2C200&ssl=1\",\"width\":499,\"height\":200,\"caption\":\"JazzZeitung online\"},\"image\":{\"@id\":\"https:\\\/\\\/www.jazzzeitung.de\\\/cms\\\/#\\\/schema\\\/logo\\\/image\\\/\"},\"sameAs\":[\"https:\\\/\\\/www.facebook.com\\\/JazzZeitung\\\/\"]},{\"@type\":\"Person\",\"@id\":\"https:\\\/\\\/www.jazzzeitung.de\\\/cms\\\/#\\\/schema\\\/person\\\/2245b36b9cd1d24cea10f01c031fb92b\",\"name\":\"Redaktion JazzZeitung\",\"image\":{\"@type\":\"ImageObject\",\"inLanguage\":\"de\",\"@id\":\"https:\\\/\\\/i0.wp.com\\\/www.jazzzeitung.de\\\/cms\\\/wp-content\\\/uploads\\\/2015\\\/08\\\/JAZZZEITUNGDE_Logo_Neu.png?resize=96%2C96&ssl=159975dcacb611b5700bd619b5daf0a7a\",\"url\":\"https:\\\/\\\/i0.wp.com\\\/www.jazzzeitung.de\\\/cms\\\/wp-content\\\/uploads\\\/2015\\\/08\\\/JAZZZEITUNGDE_Logo_Neu.png?resize=96%2C96&ssl=1\",\"contentUrl\":\"https:\\\/\\\/i0.wp.com\\\/www.jazzzeitung.de\\\/cms\\\/wp-content\\\/uploads\\\/2015\\\/08\\\/JAZZZEITUNGDE_Logo_Neu.png?resize=96%2C96&ssl=1\",\"caption\":\"Redaktion JazzZeitung\"},\"description\":\"Artikel der Redaktion der JazzZeitung.\",\"sameAs\":[\"http:\\\/\\\/www.jazzzeitung.de\\\/cms\\\/\"],\"url\":\"https:\\\/\\\/www.jazzzeitung.de\\\/cms\\\/author\\\/redaktion\\\/\"}]}<\/script>\n<!-- \/ Yoast SEO plugin. -->","yoast_head_json":{"title":"Prager Gitarrist Radim Hlad\u00edk verstorben - JazzZeitung","robots":{"index":"index","follow":"follow","max-snippet":"max-snippet:-1","max-image-preview":"max-image-preview:large","max-video-preview":"max-video-preview:-1"},"canonical":"https:\/\/www.jazzzeitung.de\/cms\/2016\/12\/prager-gitarrist-radim-hladik-verstorben\/","og_locale":"de_DE","og_type":"article","og_title":"Prager Gitarrist Radim Hlad\u00edk verstorben - JazzZeitung","og_description":"Radim Hlad\u00edk lebt nicht mehr. Der Super-Jazzrock-Gitarrist aus Prag verstarb kurz vor seinem siebzigsten Geburtstag am vergangenen Sonntag an den Folgen einer Lungenfibrose. Von Mathias B\u00e4umel \u2013 \u00c4lteren Rockfans in der DDR haben Hlad\u00edk erstmals schon in der zweiten H\u00e4lfte der 60er-Jahre wahrgenommen \u2013 als Gitarristen der Gruppe Matadors, deren Langspielplatte in der tschechischen Inland-Version 1968, in der Export-Version etwas sp\u00e4ter erschienen war. Die Gruppe begeisterte von 1966 bis 1968 nicht nur mit zahlreichen, hexenkesselartigen Live-Auftritten in der DDR und der CSSR, sondern auch mit den an Blues-Rock und Merseybeat erinnernden, fulminant klingenden Titeln dieser LP. R\u00fcckblickend erwies sich diese Band auch als \u00bbKinderstube\u00ab der wichtigsten tschechischen Jazz- und Prog-Rock-Gruppe \u00fcberhaupt \u2013 Blue Effect \u2013, die 1968 von Radim Hladik gegr\u00fcndet wurde. Und Blue Effect war sofort pr\u00e4sent. Auf dem Meisterwerk \u00bbConiunctio\u00ab (mit Jazz Q Prag) kam es zur Begegnung von Free Jazz und freiem Rock \u2013 eine Mischung, wie es sie in einer solchen Stilistik bis dahin noch nirgends auf der Welt gegeben hatte. Die Musiker griffen die von Ornette Colemans \u00bbFree Jazz\u00ab-Platte (1961) inspirierte Idee der doppelten Rhythmusgruppe auf und erg\u00e4nzten sie mit &hellip;","og_url":"https:\/\/www.jazzzeitung.de\/cms\/2016\/12\/prager-gitarrist-radim-hladik-verstorben\/","og_site_name":"JazzZeitung","article_publisher":"https:\/\/www.facebook.com\/JazzZeitung\/","article_published_time":"2016-12-06T17:00:59+00:00","og_image":[{"url":"http:\/\/www.jazzzeitung.de\/cms\/wp-content\/uploads\/2016\/12\/Hladik_Foto-150x150.jpg","type":"","width":"","height":""}],"author":"Redaktion JazzZeitung","schema":{"@context":"https:\/\/schema.org","@graph":[{"@type":"Article","@id":"https:\/\/www.jazzzeitung.de\/cms\/2016\/12\/prager-gitarrist-radim-hladik-verstorben\/#article","isPartOf":{"@id":"https:\/\/www.jazzzeitung.de\/cms\/2016\/12\/prager-gitarrist-radim-hladik-verstorben\/"},"author":{"name":"Redaktion JazzZeitung","@id":"https:\/\/www.jazzzeitung.de\/cms\/#\/schema\/person\/2245b36b9cd1d24cea10f01c031fb92b"},"headline":"Prager Gitarrist Radim Hlad\u00edk verstorben","datePublished":"2016-12-06T17:00:59+00:00","mainEntityOfPage":{"@id":"https:\/\/www.jazzzeitung.de\/cms\/2016\/12\/prager-gitarrist-radim-hladik-verstorben\/"},"wordCount":541,"commentCount":0,"publisher":{"@id":"https:\/\/www.jazzzeitung.de\/cms\/#organization"},"image":{"@id":"https:\/\/www.jazzzeitung.de\/cms\/2016\/12\/prager-gitarrist-radim-hladik-verstorben\/#primaryimage"},"thumbnailUrl":"http:\/\/www.jazzzeitung.de\/cms\/wp-content\/uploads\/2016\/12\/Hladik_Foto-150x150.jpg","keywords":["Bigband","Blues","CD","ddr","Festivals","Free Jazz","Geburtstag","Jazzorchester","John McLaughlin","Konzert","LP","Mathias B\u00e4umel","Monika Roscher","Nachruf","Radim Hlad\u00edk","Rock","Soli","tot"],"articleSection":["News"],"inLanguage":"de","potentialAction":[{"@type":"CommentAction","name":"Comment","target":["https:\/\/www.jazzzeitung.de\/cms\/2016\/12\/prager-gitarrist-radim-hladik-verstorben\/#respond"]}]},{"@type":"WebPage","@id":"https:\/\/www.jazzzeitung.de\/cms\/2016\/12\/prager-gitarrist-radim-hladik-verstorben\/","url":"https:\/\/www.jazzzeitung.de\/cms\/2016\/12\/prager-gitarrist-radim-hladik-verstorben\/","name":"Prager Gitarrist Radim Hlad\u00edk verstorben - JazzZeitung","isPartOf":{"@id":"https:\/\/www.jazzzeitung.de\/cms\/#website"},"primaryImageOfPage":{"@id":"https:\/\/www.jazzzeitung.de\/cms\/2016\/12\/prager-gitarrist-radim-hladik-verstorben\/#primaryimage"},"image":{"@id":"https:\/\/www.jazzzeitung.de\/cms\/2016\/12\/prager-gitarrist-radim-hladik-verstorben\/#primaryimage"},"thumbnailUrl":"http:\/\/www.jazzzeitung.de\/cms\/wp-content\/uploads\/2016\/12\/Hladik_Foto-150x150.jpg","datePublished":"2016-12-06T17:00:59+00:00","breadcrumb":{"@id":"https:\/\/www.jazzzeitung.de\/cms\/2016\/12\/prager-gitarrist-radim-hladik-verstorben\/#breadcrumb"},"inLanguage":"de","potentialAction":[{"@type":"ReadAction","target":["https:\/\/www.jazzzeitung.de\/cms\/2016\/12\/prager-gitarrist-radim-hladik-verstorben\/"]}]},{"@type":"ImageObject","inLanguage":"de","@id":"https:\/\/www.jazzzeitung.de\/cms\/2016\/12\/prager-gitarrist-radim-hladik-verstorben\/#primaryimage","url":"http:\/\/www.jazzzeitung.de\/cms\/wp-content\/uploads\/2016\/12\/Hladik_Foto-150x150.jpg","contentUrl":"http:\/\/www.jazzzeitung.de\/cms\/wp-content\/uploads\/2016\/12\/Hladik_Foto-150x150.jpg"},{"@type":"BreadcrumbList","@id":"https:\/\/www.jazzzeitung.de\/cms\/2016\/12\/prager-gitarrist-radim-hladik-verstorben\/#breadcrumb","itemListElement":[{"@type":"ListItem","position":1,"name":"Startseite","item":"https:\/\/www.jazzzeitung.de\/cms\/"},{"@type":"ListItem","position":2,"name":"Prager Gitarrist Radim Hlad\u00edk verstorben"}]},{"@type":"WebSite","@id":"https:\/\/www.jazzzeitung.de\/cms\/#website","url":"https:\/\/www.jazzzeitung.de\/cms\/","name":"JazzZeitung","description":"Jazz-News und Jazz-Kontroverses","publisher":{"@id":"https:\/\/www.jazzzeitung.de\/cms\/#organization"},"potentialAction":[{"@type":"SearchAction","target":{"@type":"EntryPoint","urlTemplate":"https:\/\/www.jazzzeitung.de\/cms\/?s={search_term_string}"},"query-input":{"@type":"PropertyValueSpecification","valueRequired":true,"valueName":"search_term_string"}}],"inLanguage":"de"},{"@type":"Organization","@id":"https:\/\/www.jazzzeitung.de\/cms\/#organization","name":"JazzZeitung online","url":"https:\/\/www.jazzzeitung.de\/cms\/","logo":{"@type":"ImageObject","inLanguage":"de","@id":"https:\/\/www.jazzzeitung.de\/cms\/#\/schema\/logo\/image\/","url":"https:\/\/i0.wp.com\/www.jazzzeitung.de\/cms\/wp-content\/uploads\/2015\/08\/JAZZZEITUNGDE_Logo_Neu.png?fit=499%2C200&ssl=1","contentUrl":"https:\/\/i0.wp.com\/www.jazzzeitung.de\/cms\/wp-content\/uploads\/2015\/08\/JAZZZEITUNGDE_Logo_Neu.png?fit=499%2C200&ssl=1","width":499,"height":200,"caption":"JazzZeitung online"},"image":{"@id":"https:\/\/www.jazzzeitung.de\/cms\/#\/schema\/logo\/image\/"},"sameAs":["https:\/\/www.facebook.com\/JazzZeitung\/"]},{"@type":"Person","@id":"https:\/\/www.jazzzeitung.de\/cms\/#\/schema\/person\/2245b36b9cd1d24cea10f01c031fb92b","name":"Redaktion JazzZeitung","image":{"@type":"ImageObject","inLanguage":"de","@id":"https:\/\/i0.wp.com\/www.jazzzeitung.de\/cms\/wp-content\/uploads\/2015\/08\/JAZZZEITUNGDE_Logo_Neu.png?resize=96%2C96&ssl=159975dcacb611b5700bd619b5daf0a7a","url":"https:\/\/i0.wp.com\/www.jazzzeitung.de\/cms\/wp-content\/uploads\/2015\/08\/JAZZZEITUNGDE_Logo_Neu.png?resize=96%2C96&ssl=1","contentUrl":"https:\/\/i0.wp.com\/www.jazzzeitung.de\/cms\/wp-content\/uploads\/2015\/08\/JAZZZEITUNGDE_Logo_Neu.png?resize=96%2C96&ssl=1","caption":"Redaktion JazzZeitung"},"description":"Artikel der Redaktion der JazzZeitung.","sameAs":["http:\/\/www.jazzzeitung.de\/cms\/"],"url":"https:\/\/www.jazzzeitung.de\/cms\/author\/redaktion\/"}]}},"wp-worthy-pixel":{"ignored":false,"public":null,"server":null,"url":null},"wp-worthy-type":"normal","jetpack_publicize_connections":[],"cc_featured_image_caption":{"caption_text":false,"source_text":false,"source_url":false},"jetpack_featured_media_url":"","jetpack_shortlink":"https:\/\/wp.me\/p3KEcT-2Vg","jetpack-related-posts":[{"id":24512,"url":"https:\/\/www.jazzzeitung.de\/cms\/2021\/03\/happy-birthday-jazzclub-tonne-dresden\/","url_meta":{"origin":11238,"position":0},"title":"Happy birthday Jazzclub Tonne Dresden","author":"Redaktion JazzZeitung","date":"13. M\u00e4rz 2021","format":false,"excerpt":"Von Mathias B\u00e4umel. Das eigentliche Gr\u00fcndungsjubil\u00e4um des Jazzclubs Tonne \u2013 im M\u00e4rz 2017 h\u00e4tte der Dresdner Jazzclub seinen 40. Geburtstag feiern k\u00f6nnen \u2013 ging fast unbemerkt vorbei; die gesamte Dresdner Jazzszene stand wohl noch unter dem Eindruck der umjubelten Jazzparty anl\u00e4sslich des Wiedereinzugs des Clubs in die tonnenf\u00f6rmige Gew\u00f6lber\u00e4ume des\u2026","rel":"","context":"In &quot;Clubs&quot;","block_context":{"text":"Clubs","link":"https:\/\/www.jazzzeitung.de\/cms\/thema\/clubs\/"},"img":{"alt_text":"","src":"https:\/\/i0.wp.com\/www.jazzzeitung.de\/cms\/wp-content\/uploads\/2021\/03\/Bundesarchiv_Bild_183-Z1126-301_Dresden_Kurlaender_Palais_Kellergewoelbe_Buehne.jpg?fit=800%2C568&ssl=1&resize=350%2C200","width":350,"height":200,"srcset":"https:\/\/i0.wp.com\/www.jazzzeitung.de\/cms\/wp-content\/uploads\/2021\/03\/Bundesarchiv_Bild_183-Z1126-301_Dresden_Kurlaender_Palais_Kellergewoelbe_Buehne.jpg?fit=800%2C568&ssl=1&resize=350%2C200 1x, https:\/\/i0.wp.com\/www.jazzzeitung.de\/cms\/wp-content\/uploads\/2021\/03\/Bundesarchiv_Bild_183-Z1126-301_Dresden_Kurlaender_Palais_Kellergewoelbe_Buehne.jpg?fit=800%2C568&ssl=1&resize=525%2C300 1.5x, https:\/\/i0.wp.com\/www.jazzzeitung.de\/cms\/wp-content\/uploads\/2021\/03\/Bundesarchiv_Bild_183-Z1126-301_Dresden_Kurlaender_Palais_Kellergewoelbe_Buehne.jpg?fit=800%2C568&ssl=1&resize=700%2C400 2x"},"classes":[]},{"id":24238,"url":"https:\/\/www.jazzzeitung.de\/cms\/2021\/01\/joe-sachse-nationale-volksarmee-stoppte-1974-plaene-des-freejazz-oktetts-praxis-ii\/","url_meta":{"origin":11238,"position":1},"title":"Joe Sachse &#8211; Nationale Volksarmee stoppte 1974 Pl\u00e4ne des Freejazz-Oktetts Praxis II","author":"Redaktion JazzZeitung","date":"19. Januar 2021","format":false,"excerpt":"Von Mathias B\u00e4umel. Manchmal lohnt sich das Kramen in \u00e4lteren Musikbest\u00e4nden und man entdeckt, wie wunderbar auch fr\u00fchere Musik schon gewesen ist. Und so suchte (und fand) ich in meiner Sammlung die LP, von der ich mich erinnerte, dass sie eine Besonderheit darstellt: die vor etwa vierzig Jahren erschienene Amiga-Langspielplatte\u2026","rel":"","context":"In &quot;Rezension&quot;","block_context":{"text":"Rezension","link":"https:\/\/www.jazzzeitung.de\/cms\/thema\/rezension\/"},"img":{"alt_text":"","src":"https:\/\/i0.wp.com\/www.jazzzeitung.de\/cms\/wp-content\/uploads\/2021\/01\/cover_baeumel-scaled-e1610970342979.jpg?fit=1200%2C896&ssl=1&resize=350%2C200","width":350,"height":200,"srcset":"https:\/\/i0.wp.com\/www.jazzzeitung.de\/cms\/wp-content\/uploads\/2021\/01\/cover_baeumel-scaled-e1610970342979.jpg?fit=1200%2C896&ssl=1&resize=350%2C200 1x, https:\/\/i0.wp.com\/www.jazzzeitung.de\/cms\/wp-content\/uploads\/2021\/01\/cover_baeumel-scaled-e1610970342979.jpg?fit=1200%2C896&ssl=1&resize=525%2C300 1.5x, https:\/\/i0.wp.com\/www.jazzzeitung.de\/cms\/wp-content\/uploads\/2021\/01\/cover_baeumel-scaled-e1610970342979.jpg?fit=1200%2C896&ssl=1&resize=700%2C400 2x, https:\/\/i0.wp.com\/www.jazzzeitung.de\/cms\/wp-content\/uploads\/2021\/01\/cover_baeumel-scaled-e1610970342979.jpg?fit=1200%2C896&ssl=1&resize=1050%2C600 3x"},"classes":[]},{"id":26730,"url":"https:\/\/www.jazzzeitung.de\/cms\/2022\/02\/gyoergy-szabados-und-eva-kanalas-cd-bewahrt-denkwuerdiges-konzert-von-1997-vor-dem-vergessen\/","url_meta":{"origin":11238,"position":2},"title":"Gy\u00f6rgy Szabados und \u00c9va Kanalas: CD bewahrt denkw\u00fcrdiges Konzert von 1997 vor dem Vergessen","author":"Redaktion JazzZeitung","date":"12. Februar 2022","format":false,"excerpt":"Vor 25 Jahren, am 15. Februar 1997, fand im Budapester Fon\u00f3 Musikhaus ein denkw\u00fcrdiges Konzert statt. Die dabei entstandenen Aufnahmen wurden k\u00fcrzlich unter dem Titel \u201eTengri \u2013 Mindens\u00e9g\u201c (etwa: Weltall \u2013 Allheit) von \u00c9va Kanalas privat ver\u00f6ffentlicht. Dieses Duo-Konzert, Improvisationen \u00fcber Volkslieder, vereinte den ungarischen Freejazz-Pionier und Pianisten Gy\u00f6rgy Szabados\u2026","rel":"","context":"In &quot;Rezension&quot;","block_context":{"text":"Rezension","link":"https:\/\/www.jazzzeitung.de\/cms\/thema\/rezension\/"},"img":{"alt_text":"","src":"https:\/\/i0.wp.com\/www.jazzzeitung.de\/cms\/wp-content\/uploads\/2022\/02\/szabadoskanalas_Cover-e1644484507365.jpg?fit=709%2C698&ssl=1&resize=350%2C200","width":350,"height":200,"srcset":"https:\/\/i0.wp.com\/www.jazzzeitung.de\/cms\/wp-content\/uploads\/2022\/02\/szabadoskanalas_Cover-e1644484507365.jpg?fit=709%2C698&ssl=1&resize=350%2C200 1x, https:\/\/i0.wp.com\/www.jazzzeitung.de\/cms\/wp-content\/uploads\/2022\/02\/szabadoskanalas_Cover-e1644484507365.jpg?fit=709%2C698&ssl=1&resize=525%2C300 1.5x, https:\/\/i0.wp.com\/www.jazzzeitung.de\/cms\/wp-content\/uploads\/2022\/02\/szabadoskanalas_Cover-e1644484507365.jpg?fit=709%2C698&ssl=1&resize=700%2C400 2x"},"classes":[]},{"id":12229,"url":"https:\/\/www.jazzzeitung.de\/cms\/2017\/05\/cd-rezension-joerg-schippas-mit-kiosk\/","url_meta":{"origin":11238,"position":3},"title":"CD-Rezension J\u00f6rg Schippas mit &#8222;Kiosk&#8220;","author":"Redaktion JazzZeitung","date":"3. Mai 2017","format":false,"excerpt":"Nach seinen Bandprojekten UnbedingT und Rattle The Cage pr\u00e4sentiert der Gitarrist J\u00f6rg Schippa nun seinen \u201eKiosk\u201c. Das Trio mit Schippa, Christian Marien (Drums) und Horst Nonnenmacher (Bass), auch der \u201erhythmische Kern\u201c des Hannes Zerbe Jazz Orchesters, bietet hier transparente, stilistisch vielseitige, hartkantige Jazzrock-Musik bester G\u00fcte. Ideal f\u00fcr H\u00f6rer, die im\u2026","rel":"","context":"In &quot;Rezension&quot;","block_context":{"text":"Rezension","link":"https:\/\/www.jazzzeitung.de\/cms\/thema\/rezension\/"},"img":{"alt_text":"","src":"https:\/\/i0.wp.com\/www.jazzzeitung.de\/cms\/wp-content\/uploads\/2017\/05\/SchippasKiosk-150x150.jpg?resize=350%2C200","width":350,"height":200},"classes":[]},{"id":8897,"url":"https:\/\/www.jazzzeitung.de\/cms\/2016\/04\/paradiesischer-saxophonsound-von-frank-gratkowski\/","url_meta":{"origin":11238,"position":4},"title":"Paradiesischer Saxophonsound von Frank Gratkowski","author":"Redaktion JazzZeitung","date":"13. April 2016","format":false,"excerpt":"\u00bbZ-Country Paradise\u00ab, Z-Paradise Records\/nrw distribution Sie geh\u00f6ren zur Creme des zeitgen\u00f6ssischen Jazz, haben auch Erfahrungen in anderen Bereichen gesammelt \u2013 und klingen so wuchtig, verr\u00fcckt, erfrischend, provokativ wie Captain Beefheart, wie Broken Heart Collector, Zoogz Rift oder die Flying Luttenbachers. Klar \u2013 die Instrumentierung von Frank Gratkowskis \u00bbZ-Country Paradise\u00ab weicht\u2026","rel":"","context":"In &quot;Rezension&quot;","block_context":{"text":"Rezension","link":"https:\/\/www.jazzzeitung.de\/cms\/thema\/rezension\/"},"img":{"alt_text":"graTKOWSKI_","src":"https:\/\/i0.wp.com\/www.jazzzeitung.de\/cms\/wp-content\/uploads\/2016\/04\/graTKOWSKI_-150x150.jpg?resize=350%2C200","width":350,"height":200},"classes":[]},{"id":8031,"url":"https:\/\/www.jazzzeitung.de\/cms\/2016\/01\/neues-aus-dem-osten-veranstaltungstipp-tu-dresden-und-rock-buch\/","url_meta":{"origin":11238,"position":5},"title":"Neues aus dem Osten: Veranstaltungstipp TU Dresden und Rock-Buch","author":"Redaktion JazzZeitung","date":"7. Januar 2016","format":false,"excerpt":"+++ Musikwelten aus der \u00bbStadt der Winde\u00ab - (von Mathias B\u00e4umel) +++ Am 29. Januar 2016 findet ein Konzert des Triestiner Duos WindRose als Auftakt eines Kolloquiums des Italienzentrums der TU Dresden statt: Kaum jemand vereint die Essenz der Kulturregion rund um Triest und Friaul Julisch-Venetien mehr in sich als\u2026","rel":"","context":"In &quot;Redaktionelle Nachrichten&quot;","block_context":{"text":"Redaktionelle Nachrichten","link":"https:\/\/www.jazzzeitung.de\/cms\/thema\/redaktion\/"},"img":{"alt_text":"Foto: PR \u2013 Archiv Lacosegliaz","src":"https:\/\/i0.wp.com\/www.jazzzeitung.de\/cms\/wp-content\/uploads\/2016\/01\/tu_dresden-150x150.png?resize=350%2C200","width":350,"height":200},"classes":[]}],"jetpack_sharing_enabled":true,"_links":{"self":[{"href":"https:\/\/www.jazzzeitung.de\/cms\/wp-json\/wp\/v2\/posts\/11238","targetHints":{"allow":["GET"]}}],"collection":[{"href":"https:\/\/www.jazzzeitung.de\/cms\/wp-json\/wp\/v2\/posts"}],"about":[{"href":"https:\/\/www.jazzzeitung.de\/cms\/wp-json\/wp\/v2\/types\/post"}],"author":[{"embeddable":true,"href":"https:\/\/www.jazzzeitung.de\/cms\/wp-json\/wp\/v2\/users\/18"}],"replies":[{"embeddable":true,"href":"https:\/\/www.jazzzeitung.de\/cms\/wp-json\/wp\/v2\/comments?post=11238"}],"version-history":[{"count":7,"href":"https:\/\/www.jazzzeitung.de\/cms\/wp-json\/wp\/v2\/posts\/11238\/revisions"}],"predecessor-version":[{"id":11246,"href":"https:\/\/www.jazzzeitung.de\/cms\/wp-json\/wp\/v2\/posts\/11238\/revisions\/11246"}],"wp:attachment":[{"href":"https:\/\/www.jazzzeitung.de\/cms\/wp-json\/wp\/v2\/media?parent=11238"}],"wp:term":[{"taxonomy":"category","embeddable":true,"href":"https:\/\/www.jazzzeitung.de\/cms\/wp-json\/wp\/v2\/categories?post=11238"},{"taxonomy":"post_tag","embeddable":true,"href":"https:\/\/www.jazzzeitung.de\/cms\/wp-json\/wp\/v2\/tags?post=11238"},{"taxonomy":"author","embeddable":true,"href":"https:\/\/www.jazzzeitung.de\/cms\/wp-json\/wp\/v2\/coauthors?post=11238"}],"curies":[{"name":"wp","href":"https:\/\/api.w.org\/{rel}","templated":true}]}}